{"id":193880,"date":"2026-04-30T11:29:45","date_gmt":"2026-04-30T14:29:45","guid":{"rendered":"https:\/\/gysfm.com.ar\/inicio\/una-adopcion-dudosa-un-incendio-fatal-y-una-desaparicion-los-detalles-del-caso-minetti-que-sacude-a-italia-y-salpica-a-uruguay\/"},"modified":"2026-04-30T11:29:46","modified_gmt":"2026-04-30T14:29:46","slug":"una-adopcion-dudosa-un-incendio-fatal-y-una-desaparicion-los-detalles-del-caso-minetti-que-sacude-a-italia-y-salpica-a-uruguay","status":"publish","type":"post","link":"https:\/\/gysfm.com.ar\/inicio\/una-adopcion-dudosa-un-incendio-fatal-y-una-desaparicion-los-detalles-del-caso-minetti-que-sacude-a-italia-y-salpica-a-uruguay\/","title":{"rendered":"Una adopci\u00f3n dudosa, un incendio fatal y una desaparici\u00f3n: los detalles del caso Minetti que sacude a Italia y salpica a Uruguay"},"content":{"rendered":"<p> <br \/>\n<\/p>\n<div>\n<p class=\"com-paragraph  --capital --s\">MONTEVIDEO.\u2013 La <strong>concesi\u00f3n de un <\/strong><a href=\"https:\/\/www.lanacion.com.ar\/el-mundo\/escandalo-en-italia-indultan-a-nicole-minetti-la-mujer-que-organizaba-fiestas-de-berlusconi-y-esta-nid27042026\/\" target=\"_self\" title=\"https:\/\/www.lanacion.com.ar\/el-mundo\/escandalo-en-italia-indultan-a-nicole-minetti-la-mujer-que-organizaba-fiestas-de-berlusconi-y-esta-nid27042026\/\" class=\"com-link break-word\" data-mrf-recirculation=\"n_link_parrafo\"><strong>indulto presidencial a Nicole Minetti en Italia<\/strong><\/a>, lejos de cerrar un cap\u00edtulo judicial, <strong>abri\u00f3 una compleja trama internacional que ahora involucra directamente a Uruguay<\/strong>. Lo que comenz\u00f3 como una <strong>medida de gracia otorgada por motivos humanitarios<\/strong> \u2013el<strong> cuidado de un menor enfermo<\/strong>\u2013 deriv\u00f3 en una investigaci\u00f3n que pone bajo la lupa tanto el<strong> proceso de adopci\u00f3n del ni\u00f1o <\/strong>como la veracidad de los argumentos presentados para obtener el perd\u00f3n estatal.<\/p>\n<p class=\"com-paragraph   --s\">Minetti, exfigura televisiva y exconsejera regional en Lombard\u00eda, hab\u00eda sido <strong>condenada a casi cuatro a\u00f1os de prisi\u00f3n por su rol en los esc\u00e1ndalos vinculados al exprimer ministro Silvio Berlusconi<\/strong>, particularmente por<strong> inducci\u00f3n a la prostituci\u00f3n en el llamado \u201ccaso Ruby\u201d<\/strong> y por <strong>malversaci\u00f3n de fondos<\/strong>. Su <strong>indulto<\/strong>, firmado en febrero de 2026 y anunciado p\u00fablicamente el 11 de abril por el presidente italiano Sergio Mattarella, se <strong>justific\u00f3 en la necesidad de asistir a un menor gravemente enfermo a su cargo<\/strong>.<\/p>\n<p class=\"com-paragraph   --s\">Sin embargo, una investigaci\u00f3n period\u00edstica del diario <em>Il Fatto Quotidiano<\/em> puso en duda ese fundamento. Seg\u00fan el reporte, el ni\u00f1o en cuesti\u00f3n \u2013<strong>adoptado en Uruguay junto a su pareja, el empresario multimillonario Giuseppe Cipriani<\/strong>\u2013 <strong>no habr\u00eda sido abandonado al nacer<\/strong>, como se indic\u00f3 en la solicitud de clemencia, sino que<strong> ten\u00eda padres biol\u00f3gicos identificados<\/strong>. Este punto resulta clave: si se comprueba que hubo falsedad en los argumentos presentados, el <strong>indulto podr\u00eda haberse basado en informaci\u00f3n enga\u00f1osa<\/strong>.<\/p>\n<p class=\"com-paragraph   --s\">El caso adquiere una dimensi\u00f3n especialmente delicada en Uruguay, donde reside la pareja. De acuerdo con documentos judiciales de Maldonado, el <strong>ni\u00f1o ingres\u00f3 en 2018 al sistema del Instituto del Ni\u00f1o y Adolescente del Uruguay<\/strong> (INAU) como \u00faltimo recurso, debido a la <strong>situaci\u00f3n de vulnerabilidad de su madre<\/strong> \u2014en condici\u00f3n de <strong>indigencia<\/strong>\u2014 y al <strong>encarcelamiento de su padre<\/strong>.<\/p>\n<p class=\"com-paragraph   --s\">La Justicia uruguaya hab\u00eda ordenado inicialmente promover el v\u00ednculo entre madre e hijo, en l\u00ednea con el principio de reunificaci\u00f3n familiar. Sin embargo, Minetti y Cipriani avanzaron posteriormente con un <strong>proceso de adopci\u00f3n que incluy\u00f3 una demanda para la p\u00e9rdida de la patria potestad de los padres biol\u00f3gicos<\/strong>.<\/p>\n<p class=\"com-paragraph   --s\">Seg\u00fan nuevos documentos revelados en Italia, el proceso tuvo un recorrido formal que refuerza la complejidad del caso: la adopci\u00f3n fue certificada por un juzgado de Maldonado en febrero de 2023 y posteriormente reconocida en Italia por el Juzgado de Menores de Venecia el 19 de julio de 2024. En esa resoluci\u00f3n italiana se dio por v\u00e1lida la premisa de que el menor hab\u00eda sido <strong>\u201cabandonado desde su nacimiento\u201d <\/strong>y que exist\u00eda una \u201cseparaci\u00f3n permanente\u201d de sus padres biol\u00f3gicos, quienes habr\u00edan sido privados de la patria potestad.<\/p>\n<p class=\"com-paragraph   --s\">Ese contraste entre lo declarado en Italia y los documentos uruguayos es uno de los ejes centrales de la investigaci\u00f3n. A su vez, informes period\u00edsticos en Montevideo citan fuentes cercanas al INAU que califican la adopci\u00f3n como <strong>\u201caltamente irregular\u201d<\/strong>, al tiempo que se\u00f1alan<strong> posibles v\u00ednculos entre la pareja y la instituci\u00f3n<\/strong>, incluyendo donaciones y actividades con menores en Maldonado.<\/p>\n<p class=\"com-paragraph   --s\">Otro elemento que genera dudas es que, seg\u00fan la investigaci\u00f3n, el <strong>menor habr\u00eda sido trasladado a Estados Unidos en 2021 para una intervenci\u00f3n m\u00e9dica sin contar con la autorizaci\u00f3n legal <\/strong>correspondiente para salir del pa\u00eds.<\/p>\n<p class=\"com-paragraph   --s\">El caso se vuelve a\u00fan m\u00e1s complejo por una serie de episodios paralelos que refuerzan las sospechas y elevan el impacto p\u00fablico. <\/p>\n<p class=\"com-paragraph   --s\">Por un lado, la <strong>madre biol\u00f3gica del ni\u00f1o<\/strong>, Mar\u00eda de los \u00c1ngeles Gonz\u00e1lez Colinet, se encuentra <strong>desaparecida desde febrero<\/strong>. El Ministerio del Interior uruguayo emiti\u00f3 un pedido nacional de localizaci\u00f3n el 14 de abril, pocos d\u00edas despu\u00e9s de que estallara el esc\u00e1ndalo en la prensa italiana.<\/p>\n<div class=\"content-media\">\n<section role=\"button\" class=\"mod-media   \">\n<figure role=\"button\" tabindex=\"0\" class=\"mod-figure \"><figcaption class=\"mod-figcaption\"><span class=\"com-text --caption --twoxs\">La madre biol\u00f3gica del menor adoptado por Cipriani y Nicoletti desapareci\u00f3 en febrero<\/span><\/figcaption><\/figure>\n<\/section>\n<\/div>\n<p class=\"com-paragraph   --s\">Por otro, la <strong>abogada que representaba a la familia biol\u00f3gica<\/strong>, Mercedes Nieto, <strong>muri\u00f3 en junio de 2024 junto a su esposo<\/strong>, Mario Cabrera, en un <strong>incendio en su vivienda en Garz\u00f3n <\/strong>(Maldonado). Aunque una primera pericia atribuy\u00f3 el hecho a un accidente dom\u00e9stico, un informe privado detect\u00f3<strong> signos de violencia en los cuerpos<\/strong>. Una tercera pericia oficial volvi\u00f3 a inclinarse por la hip\u00f3tesis accidental, pero la Fiscal\u00eda de Homicidios de Maldonado, a cargo de Sebasti\u00e1n Robles, decidi\u00f3 mantener la causa abierta como un <strong>posible doble homicidio<\/strong>.<\/p>\n<div class=\"content-media\">\n<section role=\"button\" class=\"mod-media   \">\n<figure role=\"button\" tabindex=\"0\" class=\"mod-figure \"><figcaption class=\"mod-figcaption\"><span class=\"com-text --caption --twoxs\">Los abogados de la familia biol\u00f3gica del menor<\/span><\/figcaption><\/figure>\n<\/section>\n<\/div>\n<p class=\"com-paragraph   --s\">En paralelo, la <strong>Justicia italiana intenta determinar si existe alguna conexi\u00f3n entre estos hechos y el proceso de adopci\u00f3n<\/strong>, en un contexto donde tambi\u00e9n <strong>se investiga si la madre biol\u00f3gica hab\u00eda iniciado gestiones para recuperar la tenencia del ni\u00f1o<\/strong> <strong>antes de desaparecer<\/strong>.<\/p>\n<p class=\"com-paragraph   --s\">M\u00e1s all\u00e1 de las responsabilidades individuales, el caso plantea interrogantes de fondo para Uruguay. La <strong>solicitud de cooperaci\u00f3n internacional implica revisar en detalle los mecanismos de adopci\u00f3n y la trazabilidad de los expedientes<\/strong>, en un pa\u00eds que hist\u00f3ricamente ha defendido la solidez de su Estado de derecho.<\/p>\n<p class=\"com-paragraph   --s\">La posibilidad de que una adopci\u00f3n haya sido utilizada \u2014eventualmente\u2014 como instrumento para obtener beneficios judiciales en otro pa\u00eds genera preocupaci\u00f3n y debate p\u00fablico. En particular, por el<strong> riesgo de que se instale la percepci\u00f3n de que personas con alto poder econ\u00f3mico o influencia pueden sortear controles institucionales<\/strong>.<\/p>\n<p class=\"com-paragraph   --s\">\u201cNo es posible que los ricos y famosos puedan hacer lo que quieran aqu\u00ed, infringiendo todas las normas\u201d, protest\u00f3 un joven que trabajaba en la cafeter\u00eda del aeropuerto de Montevideo.<\/p>\n<p class=\"com-paragraph   --s\">Por su parte, un anciano de origen italiano respondi\u00f3 de inmediato con enojo: \u201cEs una historia terrible y necesitamos aclarar las cosas. <strong>No somos una rep\u00fablica bananera, somos un pa\u00eds serio<\/strong>\u201d.<\/p>\n<p class=\"com-paragraph   --s\">En Italia, la pol\u00e9mica escal\u00f3 r\u00e1pidamente al plano pol\u00edtico. El <strong>presidente Mattarella pidi\u00f3 explicaciones urgentes al ministro de Justicia<\/strong>, Carlo Nordio, ante la sospecha de que el indulto pudo haberse basado en informaci\u00f3n falsa. La oposici\u00f3n, encabezada por el Partido Dem\u00f3crata, exigi\u00f3 su renuncia.<\/p>\n<p class=\"com-paragraph   --s\"><strong>La Fiscal\u00eda de Mil\u00e1n ya inici\u00f3 una investigaci\u00f3n para determinar si hubo \u201cpresuntas falsedades\u201d en la solicitud de clemencia<\/strong>. El foco est\u00e1 puesto en establecer si el menor fue utilizado como argumento central para justificar el perd\u00f3n presidencial en base a una situaci\u00f3n que no reflejaba completamente la realidad.<\/p>\n<p class=\"com-paragraph   --s\">La primera ministra <strong>Giorgia Meloni defendi\u00f3 la actuaci\u00f3n de su gobierno<\/strong> y <strong>respald\u00f3 a Nordio<\/strong>, asegurando que el procedimiento seguido no difiri\u00f3 de otros casos de indulto.<\/p>\n<p class=\"com-paragraph   --s\"><strong>Minetti, por su parte, neg\u00f3 todas las acusaciones<\/strong>. A trav\u00e9s de sus abogados, sostuvo que el <strong>proceso de adopci\u00f3n se realiz\u00f3 \u201cen pleno cumplimiento de la ley\u201d<\/strong> y denunci\u00f3 la difusi\u00f3n de informaci\u00f3n falsa que, seg\u00fan afirma, vulnera la privacidad del menor.<\/p>\n<p class=\"com-paragraph   --s\"><strong>Agencia ANSA y diario <\/strong><em><strong>El Pa\u00eds Uruguay\/GDA<\/strong><\/em><\/p>\n<section class=\"container-center-100 mb-40 border border-bottom border-thin border-neutral-light-700\">\n<hr\/>\n<\/section>\n<\/div>\n<p><script id=\"facebookpixel\" defer=\"\" type=\"text\/javascript\">\n        !function(f,b,e,v,n,t,s)\n        {if(f.fbq)return;n=f.fbq=function(){n.callMethod?\n        n.callMethod.apply(n,arguments):n.queue.push(arguments)};\n        if(!f._fbq)f._fbq=n;n.push=n;n.loaded=!0;n.version='2.0';\n        n.queue=[];t=b.createElement(e);t.async=!0;\n        t.src=v;s=b.getElementsByTagName(e)[0];\n        s.parentNode.insertBefore(t,s)}(window, document,'script',\n        'https:\/\/connect.facebook.net\/en_US\/fbevents.js');\n        fbq('init', '492459597522335');\n        fbq('track', 'PageView');\n    <\/script><br \/>\n<br \/><\/p>\n","protected":false},"excerpt":{"rendered":"<p>MONTEVIDEO.\u2013 La concesi\u00f3n de un indulto presidencial a Nicole Minetti en Italia, lejos de cerrar un cap\u00edtulo judicial, abri\u00f3 una compleja trama internacional que ahora involucra directamente a Uruguay. Lo que comenz\u00f3 como una medida de gracia otorgada por motivos humanitarios \u2013el cuidado de un menor enfermo\u2013 deriv\u00f3 en una investigaci\u00f3n que pone bajo la [&hellip;]<\/p>\n","protected":false},"author":2,"featured_media":193881,"comment_status":"closed","ping_status":"closed","sticky":false,"template":"","format":"standard","meta":{"footnotes":""},"categories":[26],"tags":[],"class_list":["post-193880","post","type-post","status-publish","format-standard","has-post-thumbnail","hentry","category-internacionales"],"yoast_head":"<!-- This site is optimized with the Yoast SEO plugin v24.4 - https:\/\/yoast.com\/wordpress\/plugins\/seo\/ -->\n<title>Una adopci\u00f3n dudosa, un incendio fatal y una desaparici\u00f3n: los detalles del caso Minetti que sacude a Italia y salpica a Uruguay - GYS NOTICIAS |<\/title>\n<meta name=\"robots\" content=\"index, follow, max-snippet:-1, max-image-preview:large, max-video-preview:-1\" \/>\n<link rel=\"canonical\" href=\"https:\/\/gysfm.com.ar\/inicio\/una-adopcion-dudosa-un-incendio-fatal-y-una-desaparicion-los-detalles-del-caso-minetti-que-sacude-a-italia-y-salpica-a-uruguay\/\" \/>\n<meta property=\"og:locale\" content=\"es_ES\" \/>\n<meta property=\"og:type\" content=\"article\" \/>\n<meta property=\"og:title\" content=\"Una adopci\u00f3n dudosa, un incendio fatal y una desaparici\u00f3n: los detalles del caso Minetti que sacude a Italia y salpica a Uruguay - GYS NOTICIAS |\" \/>\n<meta property=\"og:description\" content=\"MONTEVIDEO.\u2013 La concesi\u00f3n de un indulto presidencial a Nicole Minetti en Italia, lejos de cerrar un cap\u00edtulo judicial, abri\u00f3 una compleja trama internacional que ahora involucra directamente a Uruguay. Lo que comenz\u00f3 como una medida de gracia otorgada por motivos humanitarios \u2013el cuidado de un menor enfermo\u2013 deriv\u00f3 en una investigaci\u00f3n que pone bajo la [&hellip;]\" \/>\n<meta property=\"og:url\" content=\"https:\/\/gysfm.com.ar\/inicio\/una-adopcion-dudosa-un-incendio-fatal-y-una-desaparicion-los-detalles-del-caso-minetti-que-sacude-a-italia-y-salpica-a-uruguay\/\" \/>\n<meta property=\"og:site_name\" content=\"GYS NOTICIAS |\" \/>\n<meta property=\"article:published_time\" content=\"2026-04-30T14:29:45+00:00\" \/>\n<meta property=\"article:modified_time\" content=\"2026-04-30T14:29:46+00:00\" \/>\n<meta property=\"og:image\" content=\"https:\/\/gysfm.com.ar\/inicio\/wp-content\/uploads\/2026\/04\/la-justicia-uruguaya-investiga-los-vinculos-de-la-X5V2UXT6RBAGJDPBDZLD5JTRTA.jpg\" \/>\n\t<meta property=\"og:image:width\" content=\"1200\" \/>\n\t<meta property=\"og:image:height\" content=\"800\" \/>\n\t<meta property=\"og:image:type\" content=\"image\/jpeg\" \/>\n<meta name=\"author\" content=\"Prensa G&amp;S FM\" \/>\n<meta name=\"twitter:card\" content=\"summary_large_image\" \/>\n<meta name=\"twitter:label1\" content=\"Escrito por\" \/>\n\t<meta name=\"twitter:data1\" content=\"Prensa G&amp;S FM\" \/>\n\t<meta name=\"twitter:label2\" content=\"Tiempo de lectura\" \/>\n\t<meta name=\"twitter:data2\" content=\"6 minutos\" \/>\n<script type=\"application\/ld+json\" class=\"yoast-schema-graph\">{\"@context\":\"https:\/\/schema.org\",\"@graph\":[{\"@type\":\"Article\",\"@id\":\"https:\/\/gysfm.com.ar\/inicio\/una-adopcion-dudosa-un-incendio-fatal-y-una-desaparicion-los-detalles-del-caso-minetti-que-sacude-a-italia-y-salpica-a-uruguay\/#article\",\"isPartOf\":{\"@id\":\"https:\/\/gysfm.com.ar\/inicio\/una-adopcion-dudosa-un-incendio-fatal-y-una-desaparicion-los-detalles-del-caso-minetti-que-sacude-a-italia-y-salpica-a-uruguay\/\"},\"author\":{\"name\":\"Prensa G&amp;S FM\",\"@id\":\"https:\/\/gysfm.com.ar\/inicio\/#\/schema\/person\/3abba7593ef2ad19e1be221d54383dc5\"},\"headline\":\"Una adopci\u00f3n dudosa, un incendio fatal y una desaparici\u00f3n: los detalles del caso Minetti que sacude a Italia y salpica a Uruguay\",\"datePublished\":\"2026-04-30T14:29:45+00:00\",\"dateModified\":\"2026-04-30T14:29:46+00:00\",\"mainEntityOfPage\":{\"@id\":\"https:\/\/gysfm.com.ar\/inicio\/una-adopcion-dudosa-un-incendio-fatal-y-una-desaparicion-los-detalles-del-caso-minetti-que-sacude-a-italia-y-salpica-a-uruguay\/\"},\"wordCount\":1195,\"publisher\":{\"@id\":\"https:\/\/gysfm.com.ar\/inicio\/#organization\"},\"image\":{\"@id\":\"https:\/\/gysfm.com.ar\/inicio\/una-adopcion-dudosa-un-incendio-fatal-y-una-desaparicion-los-detalles-del-caso-minetti-que-sacude-a-italia-y-salpica-a-uruguay\/#primaryimage\"},\"thumbnailUrl\":\"https:\/\/gysfm.com.ar\/inicio\/wp-content\/uploads\/2026\/04\/la-justicia-uruguaya-investiga-los-vinculos-de-la-X5V2UXT6RBAGJDPBDZLD5JTRTA.jpg\",\"articleSection\":[\"INTERNACIONALES\"],\"inLanguage\":\"es\"},{\"@type\":\"WebPage\",\"@id\":\"https:\/\/gysfm.com.ar\/inicio\/una-adopcion-dudosa-un-incendio-fatal-y-una-desaparicion-los-detalles-del-caso-minetti-que-sacude-a-italia-y-salpica-a-uruguay\/\",\"url\":\"https:\/\/gysfm.com.ar\/inicio\/una-adopcion-dudosa-un-incendio-fatal-y-una-desaparicion-los-detalles-del-caso-minetti-que-sacude-a-italia-y-salpica-a-uruguay\/\",\"name\":\"Una adopci\u00f3n dudosa, un incendio fatal y una desaparici\u00f3n: los detalles del caso Minetti que sacude a Italia y salpica a Uruguay - GYS NOTICIAS |\",\"isPartOf\":{\"@id\":\"https:\/\/gysfm.com.ar\/inicio\/#website\"},\"primaryImageOfPage\":{\"@id\":\"https:\/\/gysfm.com.ar\/inicio\/una-adopcion-dudosa-un-incendio-fatal-y-una-desaparicion-los-detalles-del-caso-minetti-que-sacude-a-italia-y-salpica-a-uruguay\/#primaryimage\"},\"image\":{\"@id\":\"https:\/\/gysfm.com.ar\/inicio\/una-adopcion-dudosa-un-incendio-fatal-y-una-desaparicion-los-detalles-del-caso-minetti-que-sacude-a-italia-y-salpica-a-uruguay\/#primaryimage\"},\"thumbnailUrl\":\"https:\/\/gysfm.com.ar\/inicio\/wp-content\/uploads\/2026\/04\/la-justicia-uruguaya-investiga-los-vinculos-de-la-X5V2UXT6RBAGJDPBDZLD5JTRTA.jpg\",\"datePublished\":\"2026-04-30T14:29:45+00:00\",\"dateModified\":\"2026-04-30T14:29:46+00:00\",\"breadcrumb\":{\"@id\":\"https:\/\/gysfm.com.ar\/inicio\/una-adopcion-dudosa-un-incendio-fatal-y-una-desaparicion-los-detalles-del-caso-minetti-que-sacude-a-italia-y-salpica-a-uruguay\/#breadcrumb\"},\"inLanguage\":\"es\",\"potentialAction\":[{\"@type\":\"ReadAction\",\"target\":[\"https:\/\/gysfm.com.ar\/inicio\/una-adopcion-dudosa-un-incendio-fatal-y-una-desaparicion-los-detalles-del-caso-minetti-que-sacude-a-italia-y-salpica-a-uruguay\/\"]}]},{\"@type\":\"ImageObject\",\"inLanguage\":\"es\",\"@id\":\"https:\/\/gysfm.com.ar\/inicio\/una-adopcion-dudosa-un-incendio-fatal-y-una-desaparicion-los-detalles-del-caso-minetti-que-sacude-a-italia-y-salpica-a-uruguay\/#primaryimage\",\"url\":\"https:\/\/gysfm.com.ar\/inicio\/wp-content\/uploads\/2026\/04\/la-justicia-uruguaya-investiga-los-vinculos-de-la-X5V2UXT6RBAGJDPBDZLD5JTRTA.jpg\",\"contentUrl\":\"https:\/\/gysfm.com.ar\/inicio\/wp-content\/uploads\/2026\/04\/la-justicia-uruguaya-investiga-los-vinculos-de-la-X5V2UXT6RBAGJDPBDZLD5JTRTA.jpg\",\"width\":1200,\"height\":800},{\"@type\":\"BreadcrumbList\",\"@id\":\"https:\/\/gysfm.com.ar\/inicio\/una-adopcion-dudosa-un-incendio-fatal-y-una-desaparicion-los-detalles-del-caso-minetti-que-sacude-a-italia-y-salpica-a-uruguay\/#breadcrumb\",\"itemListElement\":[{\"@type\":\"ListItem\",\"position\":1,\"name\":\"Portada\",\"item\":\"https:\/\/gysfm.com.ar\/inicio\/\"},{\"@type\":\"ListItem\",\"position\":2,\"name\":\"Una adopci\u00f3n dudosa, un incendio fatal y una desaparici\u00f3n: los detalles del caso Minetti que sacude a Italia y salpica a Uruguay\"}]},{\"@type\":\"WebSite\",\"@id\":\"https:\/\/gysfm.com.ar\/inicio\/#website\",\"url\":\"https:\/\/gysfm.com.ar\/inicio\/\",\"name\":\"GYS NOTICIAS |\",\"description\":\"DIARIO - RADIO ONLINE SAN JUAN ARGENTINA\",\"publisher\":{\"@id\":\"https:\/\/gysfm.com.ar\/inicio\/#organization\"},\"potentialAction\":[{\"@type\":\"SearchAction\",\"target\":{\"@type\":\"EntryPoint\",\"urlTemplate\":\"https:\/\/gysfm.com.ar\/inicio\/?s={search_term_string}\"},\"query-input\":{\"@type\":\"PropertyValueSpecification\",\"valueRequired\":true,\"valueName\":\"search_term_string\"}}],\"inLanguage\":\"es\"},{\"@type\":\"Organization\",\"@id\":\"https:\/\/gysfm.com.ar\/inicio\/#organization\",\"name\":\"GYS NOTICIAS |\",\"url\":\"https:\/\/gysfm.com.ar\/inicio\/\",\"logo\":{\"@type\":\"ImageObject\",\"inLanguage\":\"es\",\"@id\":\"https:\/\/gysfm.com.ar\/inicio\/#\/schema\/logo\/image\/\",\"url\":\"https:\/\/gysfm.com.ar\/inicio\/wp-content\/uploads\/2023\/07\/LOGOGYS-OK.png\",\"contentUrl\":\"https:\/\/gysfm.com.ar\/inicio\/wp-content\/uploads\/2023\/07\/LOGOGYS-OK.png\",\"width\":1170,\"height\":872,\"caption\":\"GYS NOTICIAS |\"},\"image\":{\"@id\":\"https:\/\/gysfm.com.ar\/inicio\/#\/schema\/logo\/image\/\"}},{\"@type\":\"Person\",\"@id\":\"https:\/\/gysfm.com.ar\/inicio\/#\/schema\/person\/3abba7593ef2ad19e1be221d54383dc5\",\"name\":\"Prensa G&amp;S FM\",\"image\":{\"@type\":\"ImageObject\",\"inLanguage\":\"es\",\"@id\":\"https:\/\/gysfm.com.ar\/inicio\/#\/schema\/person\/image\/\",\"url\":\"https:\/\/secure.gravatar.com\/avatar\/096ec78df02049ab018702bb4ccedf659377fa92a26540b5247612077a0dbd29?s=96&d=mm&r=g\",\"contentUrl\":\"https:\/\/secure.gravatar.com\/avatar\/096ec78df02049ab018702bb4ccedf659377fa92a26540b5247612077a0dbd29?s=96&d=mm&r=g\",\"caption\":\"Prensa G&amp;S FM\"},\"sameAs\":[\"https:\/\/gysfm.com.ar\/\"],\"url\":\"https:\/\/gysfm.com.ar\/inicio\/author\/lucasm\/\"}]}<\/script>\n<!-- \/ Yoast SEO plugin. -->","yoast_head_json":{"title":"Una adopci\u00f3n dudosa, un incendio fatal y una desaparici\u00f3n: los detalles del caso Minetti que sacude a Italia y salpica a Uruguay - GYS NOTICIAS |","robots":{"index":"index","follow":"follow","max-snippet":"max-snippet:-1","max-image-preview":"max-image-preview:large","max-video-preview":"max-video-preview:-1"},"canonical":"https:\/\/gysfm.com.ar\/inicio\/una-adopcion-dudosa-un-incendio-fatal-y-una-desaparicion-los-detalles-del-caso-minetti-que-sacude-a-italia-y-salpica-a-uruguay\/","og_locale":"es_ES","og_type":"article","og_title":"Una adopci\u00f3n dudosa, un incendio fatal y una desaparici\u00f3n: los detalles del caso Minetti que sacude a Italia y salpica a Uruguay - GYS NOTICIAS |","og_description":"MONTEVIDEO.\u2013 La concesi\u00f3n de un indulto presidencial a Nicole Minetti en Italia, lejos de cerrar un cap\u00edtulo judicial, abri\u00f3 una compleja trama internacional que ahora involucra directamente a Uruguay. Lo que comenz\u00f3 como una medida de gracia otorgada por motivos humanitarios \u2013el cuidado de un menor enfermo\u2013 deriv\u00f3 en una investigaci\u00f3n que pone bajo la [&hellip;]","og_url":"https:\/\/gysfm.com.ar\/inicio\/una-adopcion-dudosa-un-incendio-fatal-y-una-desaparicion-los-detalles-del-caso-minetti-que-sacude-a-italia-y-salpica-a-uruguay\/","og_site_name":"GYS NOTICIAS |","article_published_time":"2026-04-30T14:29:45+00:00","article_modified_time":"2026-04-30T14:29:46+00:00","og_image":[{"width":1200,"height":800,"url":"https:\/\/gysfm.com.ar\/inicio\/wp-content\/uploads\/2026\/04\/la-justicia-uruguaya-investiga-los-vinculos-de-la-X5V2UXT6RBAGJDPBDZLD5JTRTA.jpg","type":"image\/jpeg"}],"author":"Prensa G&amp;S FM","twitter_card":"summary_large_image","twitter_misc":{"Escrito por":"Prensa G&amp;S FM","Tiempo de lectura":"6 minutos"},"schema":{"@context":"https:\/\/schema.org","@graph":[{"@type":"Article","@id":"https:\/\/gysfm.com.ar\/inicio\/una-adopcion-dudosa-un-incendio-fatal-y-una-desaparicion-los-detalles-del-caso-minetti-que-sacude-a-italia-y-salpica-a-uruguay\/#article","isPartOf":{"@id":"https:\/\/gysfm.com.ar\/inicio\/una-adopcion-dudosa-un-incendio-fatal-y-una-desaparicion-los-detalles-del-caso-minetti-que-sacude-a-italia-y-salpica-a-uruguay\/"},"author":{"name":"Prensa G&amp;S FM","@id":"https:\/\/gysfm.com.ar\/inicio\/#\/schema\/person\/3abba7593ef2ad19e1be221d54383dc5"},"headline":"Una adopci\u00f3n dudosa, un incendio fatal y una desaparici\u00f3n: los detalles del caso Minetti que sacude a Italia y salpica a Uruguay","datePublished":"2026-04-30T14:29:45+00:00","dateModified":"2026-04-30T14:29:46+00:00","mainEntityOfPage":{"@id":"https:\/\/gysfm.com.ar\/inicio\/una-adopcion-dudosa-un-incendio-fatal-y-una-desaparicion-los-detalles-del-caso-minetti-que-sacude-a-italia-y-salpica-a-uruguay\/"},"wordCount":1195,"publisher":{"@id":"https:\/\/gysfm.com.ar\/inicio\/#organization"},"image":{"@id":"https:\/\/gysfm.com.ar\/inicio\/una-adopcion-dudosa-un-incendio-fatal-y-una-desaparicion-los-detalles-del-caso-minetti-que-sacude-a-italia-y-salpica-a-uruguay\/#primaryimage"},"thumbnailUrl":"https:\/\/gysfm.com.ar\/inicio\/wp-content\/uploads\/2026\/04\/la-justicia-uruguaya-investiga-los-vinculos-de-la-X5V2UXT6RBAGJDPBDZLD5JTRTA.jpg","articleSection":["INTERNACIONALES"],"inLanguage":"es"},{"@type":"WebPage","@id":"https:\/\/gysfm.com.ar\/inicio\/una-adopcion-dudosa-un-incendio-fatal-y-una-desaparicion-los-detalles-del-caso-minetti-que-sacude-a-italia-y-salpica-a-uruguay\/","url":"https:\/\/gysfm.com.ar\/inicio\/una-adopcion-dudosa-un-incendio-fatal-y-una-desaparicion-los-detalles-del-caso-minetti-que-sacude-a-italia-y-salpica-a-uruguay\/","name":"Una adopci\u00f3n dudosa, un incendio fatal y una desaparici\u00f3n: los detalles del caso Minetti que sacude a Italia y salpica a Uruguay - GYS NOTICIAS |","isPartOf":{"@id":"https:\/\/gysfm.com.ar\/inicio\/#website"},"primaryImageOfPage":{"@id":"https:\/\/gysfm.com.ar\/inicio\/una-adopcion-dudosa-un-incendio-fatal-y-una-desaparicion-los-detalles-del-caso-minetti-que-sacude-a-italia-y-salpica-a-uruguay\/#primaryimage"},"image":{"@id":"https:\/\/gysfm.com.ar\/inicio\/una-adopcion-dudosa-un-incendio-fatal-y-una-desaparicion-los-detalles-del-caso-minetti-que-sacude-a-italia-y-salpica-a-uruguay\/#primaryimage"},"thumbnailUrl":"https:\/\/gysfm.com.ar\/inicio\/wp-content\/uploads\/2026\/04\/la-justicia-uruguaya-investiga-los-vinculos-de-la-X5V2UXT6RBAGJDPBDZLD5JTRTA.jpg","datePublished":"2026-04-30T14:29:45+00:00","dateModified":"2026-04-30T14:29:46+00:00","breadcrumb":{"@id":"https:\/\/gysfm.com.ar\/inicio\/una-adopcion-dudosa-un-incendio-fatal-y-una-desaparicion-los-detalles-del-caso-minetti-que-sacude-a-italia-y-salpica-a-uruguay\/#breadcrumb"},"inLanguage":"es","potentialAction":[{"@type":"ReadAction","target":["https:\/\/gysfm.com.ar\/inicio\/una-adopcion-dudosa-un-incendio-fatal-y-una-desaparicion-los-detalles-del-caso-minetti-que-sacude-a-italia-y-salpica-a-uruguay\/"]}]},{"@type":"ImageObject","inLanguage":"es","@id":"https:\/\/gysfm.com.ar\/inicio\/una-adopcion-dudosa-un-incendio-fatal-y-una-desaparicion-los-detalles-del-caso-minetti-que-sacude-a-italia-y-salpica-a-uruguay\/#primaryimage","url":"https:\/\/gysfm.com.ar\/inicio\/wp-content\/uploads\/2026\/04\/la-justicia-uruguaya-investiga-los-vinculos-de-la-X5V2UXT6RBAGJDPBDZLD5JTRTA.jpg","contentUrl":"https:\/\/gysfm.com.ar\/inicio\/wp-content\/uploads\/2026\/04\/la-justicia-uruguaya-investiga-los-vinculos-de-la-X5V2UXT6RBAGJDPBDZLD5JTRTA.jpg","width":1200,"height":800},{"@type":"BreadcrumbList","@id":"https:\/\/gysfm.com.ar\/inicio\/una-adopcion-dudosa-un-incendio-fatal-y-una-desaparicion-los-detalles-del-caso-minetti-que-sacude-a-italia-y-salpica-a-uruguay\/#breadcrumb","itemListElement":[{"@type":"ListItem","position":1,"name":"Portada","item":"https:\/\/gysfm.com.ar\/inicio\/"},{"@type":"ListItem","position":2,"name":"Una adopci\u00f3n dudosa, un incendio fatal y una desaparici\u00f3n: los detalles del caso Minetti que sacude a Italia y salpica a Uruguay"}]},{"@type":"WebSite","@id":"https:\/\/gysfm.com.ar\/inicio\/#website","url":"https:\/\/gysfm.com.ar\/inicio\/","name":"GYS NOTICIAS |","description":"DIARIO - RADIO ONLINE SAN JUAN ARGENTINA","publisher":{"@id":"https:\/\/gysfm.com.ar\/inicio\/#organization"},"potentialAction":[{"@type":"SearchAction","target":{"@type":"EntryPoint","urlTemplate":"https:\/\/gysfm.com.ar\/inicio\/?s={search_term_string}"},"query-input":{"@type":"PropertyValueSpecification","valueRequired":true,"valueName":"search_term_string"}}],"inLanguage":"es"},{"@type":"Organization","@id":"https:\/\/gysfm.com.ar\/inicio\/#organization","name":"GYS NOTICIAS |","url":"https:\/\/gysfm.com.ar\/inicio\/","logo":{"@type":"ImageObject","inLanguage":"es","@id":"https:\/\/gysfm.com.ar\/inicio\/#\/schema\/logo\/image\/","url":"https:\/\/gysfm.com.ar\/inicio\/wp-content\/uploads\/2023\/07\/LOGOGYS-OK.png","contentUrl":"https:\/\/gysfm.com.ar\/inicio\/wp-content\/uploads\/2023\/07\/LOGOGYS-OK.png","width":1170,"height":872,"caption":"GYS NOTICIAS |"},"image":{"@id":"https:\/\/gysfm.com.ar\/inicio\/#\/schema\/logo\/image\/"}},{"@type":"Person","@id":"https:\/\/gysfm.com.ar\/inicio\/#\/schema\/person\/3abba7593ef2ad19e1be221d54383dc5","name":"Prensa G&amp;S FM","image":{"@type":"ImageObject","inLanguage":"es","@id":"https:\/\/gysfm.com.ar\/inicio\/#\/schema\/person\/image\/","url":"https:\/\/secure.gravatar.com\/avatar\/096ec78df02049ab018702bb4ccedf659377fa92a26540b5247612077a0dbd29?s=96&d=mm&r=g","contentUrl":"https:\/\/secure.gravatar.com\/avatar\/096ec78df02049ab018702bb4ccedf659377fa92a26540b5247612077a0dbd29?s=96&d=mm&r=g","caption":"Prensa G&amp;S FM"},"sameAs":["https:\/\/gysfm.com.ar\/"],"url":"https:\/\/gysfm.com.ar\/inicio\/author\/lucasm\/"}]}},"_links":{"self":[{"href":"https:\/\/gysfm.com.ar\/inicio\/wp-json\/wp\/v2\/posts\/193880","targetHints":{"allow":["GET"]}}],"collection":[{"href":"https:\/\/gysfm.com.ar\/inicio\/wp-json\/wp\/v2\/posts"}],"about":[{"href":"https:\/\/gysfm.com.ar\/inicio\/wp-json\/wp\/v2\/types\/post"}],"author":[{"embeddable":true,"href":"https:\/\/gysfm.com.ar\/inicio\/wp-json\/wp\/v2\/users\/2"}],"replies":[{"embeddable":true,"href":"https:\/\/gysfm.com.ar\/inicio\/wp-json\/wp\/v2\/comments?post=193880"}],"version-history":[{"count":1,"href":"https:\/\/gysfm.com.ar\/inicio\/wp-json\/wp\/v2\/posts\/193880\/revisions"}],"predecessor-version":[{"id":193882,"href":"https:\/\/gysfm.com.ar\/inicio\/wp-json\/wp\/v2\/posts\/193880\/revisions\/193882"}],"wp:featuredmedia":[{"embeddable":true,"href":"https:\/\/gysfm.com.ar\/inicio\/wp-json\/wp\/v2\/media\/193881"}],"wp:attachment":[{"href":"https:\/\/gysfm.com.ar\/inicio\/wp-json\/wp\/v2\/media?parent=193880"}],"wp:term":[{"taxonomy":"category","embeddable":true,"href":"https:\/\/gysfm.com.ar\/inicio\/wp-json\/wp\/v2\/categories?post=193880"},{"taxonomy":"post_tag","embeddable":true,"href":"https:\/\/gysfm.com.ar\/inicio\/wp-json\/wp\/v2\/tags?post=193880"}],"curies":[{"name":"wp","href":"https:\/\/api.w.org\/{rel}","templated":true}]}}