{"id":193874,"date":"2026-04-30T10:37:11","date_gmt":"2026-04-30T13:37:11","guid":{"rendered":"https:\/\/gysfm.com.ar\/inicio\/adorni-resistio-la-embestida-opositora-descarto-renunciar-y-prometio-erradicar-al-kirchnerismo\/"},"modified":"2026-04-30T10:37:11","modified_gmt":"2026-04-30T13:37:11","slug":"adorni-resistio-la-embestida-opositora-descarto-renunciar-y-prometio-erradicar-al-kirchnerismo","status":"publish","type":"post","link":"https:\/\/gysfm.com.ar\/inicio\/adorni-resistio-la-embestida-opositora-descarto-renunciar-y-prometio-erradicar-al-kirchnerismo\/","title":{"rendered":"Adorni resisti\u00f3 la embestida opositora, descart\u00f3 renunciar y prometi\u00f3 \u00aberradicar\u00bb al kirchnerismo"},"content":{"rendered":"<p><\/p>\n<div id=\"article-content\">\n<p>El<strong> jefe de Gabinete, Manuel Adorni<\/strong>, explic\u00f3 hoy que los pagos de <strong>todos los viajes que realiz\u00f3 con su familia los \u201cafront\u00f3\u201d \u00e9l mismo de su propio bolsillo<\/strong>, y aclar\u00f3 que no hubo ning\u00fan tipo de financiamiento \u201cde terceros\u201d ni \u201cobsequios de ning\u00fan tipo\u201d.<\/p>\n<p>\u201cQuiero dejar en claro que he afrontado yo mismo los pagos de todos los viajes que realic\u00e9 con mi familia y que \u00fanicamente se circunscribieron a vacaciones personales y de mi c\u00edrculo familiar. No se trataron de viajes financiados por terceros en el marco del Decreto 1179\/2016, ni de obsequios de ning\u00fan tipo\u201d, indic\u00f3 el ministro coordinador.<\/p>\n<p>As\u00ed se refiri\u00f3 durante el <strong>informe de gesti\u00f3n en la C\u00e1mara de Diputados<\/strong> a los numerosos viajes que realiz\u00f3 a Punta del Este y Aruba, entre otros destinos vacacionales, que se encuentran bajo la lupa de la Justicia ya que el elevado costo de los vuelos, estad\u00eda y gastos para toda la familia no se condice con su nivel de ingresos.<\/p>\n<div class=\"subscription\">\n<p>\n        Esto no les gusta a los autoritarios\n    <\/p>\n<div class=\"subscription__container\">\n<div class=\"subscription__text-wrapper\">\n<p>\n                El ejercicio del periodismo profesional y cr\u00edtico es un pilar fundamental de la democracia. Por eso molesta a quienes creen ser los due\u00f1os de la verdad.\n            <\/p>\n<\/p><\/div><\/div>\n<\/div>\n<p>\u201cLos miembros de esta C\u00e1mara quieren asemejar el gasto privado con el gasto p\u00fablico y a las actividades de mi vida privada con actos de gobierno. Ni constitucional ni penal ni civilmente son comparables\u201d, indic\u00f3.Y agreg\u00f3 que \u201cen todos los casos intervinieron, como corresponde, la Direcci\u00f3n Nacional de Migraciones, la Direcci\u00f3n General de Aduanas o la Polic\u00eda de Seguridad Aeroportuaria, y se llevaron a cabo todos los registros correspondientes\u201d.<\/p>\n<p class=\"destacadoNota\"><a target=\"_blank\" href=\"https:\/\/www.perfil.com\/noticias\/politica\/tranquilidad-en-la-libertad-avanza-los-libertarios-estan-conformes-con-la-performance-de-manuel-adorni.phtml\">Tranquilidad en La Libertad Avanza: los libertarios est\u00e1n conformes con la performance de Manuel Adorni<\/a><\/p>\n<p><strong>\u201cEl Estado Nacional no registra ning\u00fan pago de costos sobre mis viajes personales<\/strong> y es por eso que inform\u00e9 siempre el car\u00e1cter privado y propio de mis erogaciones\u201d, se\u00f1al\u00f3. Para Adorni, \u201clas manifestaciones que se realizaron p\u00fablicamente relativas al costeo por terceros de los viajes son tendenciosas y, adem\u00e1s, falsas\u201d, ya que \u201cpretenden dar por probada medi\u00e1ticamente una hip\u00f3tesis incorrecta\u201d.<\/p>\n<p>Por otra parte, <strong>justific\u00f3 la invitaci\u00f3n a su esposa Bettina Angeletti<\/strong> para que fuera parte de la comitiva oficial que lo acompa\u00f1\u00f3 a un viaje oficial a Miami y a Nueva York. \u201cFue aclarado en la Justicia que mi esposa viaj\u00f3 como invitada exclusivamente en el vuelo de salida del pa\u00eds y que regres\u00f3 en un vuelo comercial el 15 de marzo de 2026\u201d, detall\u00f3.<\/p>\n<p>Sobre las supuestas inconsistencias en sus declaraciones juradas, dijo que cumpli\u00f3 con todas sus obligaciones previstas en la Ley de \u00c9tica P\u00fablica. \u201cAcompa\u00f1\u00e9 todas las declaraciones juradas que requiere la normativa. Como saben, las declaraciones juradas tienen un componente p\u00fablico y un componente reservado. En el componente p\u00fablico se encuentran los detalles de todos los bienes que componen mi patrimonio, respecto de los cuales <strong>nunca existi\u00f3 ocultaci\u00f3n alguna<\/strong>\u201d, subray\u00f3.<\/p>\n<p>Al respecto, record\u00f3 que a\u00fan no venci\u00f3 el plazo para la presentaci\u00f3n de su \u00faltima declaraci\u00f3n jurada. \u201cSomos los primeros en respetar la divisi\u00f3n de poderes y bajo ninguna presi\u00f3n pol\u00edtica obstruiremos el avance de ninguna causa judicial. Por todo lo expuesto, debo hacerles una observaci\u00f3n necesaria: han sacado conclusiones equivocadas. Y quiero ser m\u00e1s claro todav\u00eda: no comet\u00ed ning\u00fan delito y voy a probarlo en la Justicia\u201d, finaliz\u00f3.<\/p>\n<p class=\"destacadoNota\"><a target=\"_blank\" href=\"https:\/\/www.perfil.com\/noticias\/politica\/puertas-adentro-el-gobierno-califico-de-solido-el-discurso-de-adorni-y-busca-daejar-atras-el-escandalo.phtml\">Puertas adentro el Gobierno calific\u00f3 de \u00abs\u00f3lido\u00bb el discurso de Adorni y busca dejar atr\u00e1s el esc\u00e1ndalo<\/a><\/p>\n<h2> <\/h2>\n<h2><strong>Adorni en el Congreso: as\u00ed fue el minuto a minuto de PERFIL:<\/strong><\/h2>\n<h2><strong>17:07  \u00abComo si hubieran entregado Suiza\u00bb: el brutal contraataque de Adorni al kirchnerismo y la denuncia por espionaje<\/strong><\/h2>\n<p>En su intervenci\u00f3n m\u00e1s combativa de la jornada, el jefe de Gabinete apunt\u00f3 todos sus dardos contra <strong>Uni\u00f3n por la Patria<\/strong>. Frente a las cr\u00edticas sobre su patrimonio, el funcionario<strong> retruc\u00f3 con dureza<\/strong> y les record\u00f3 a los diputados que su jefa pol\u00edtica<strong> est\u00e1 presa por el robo de 500 millones de d\u00f3lares <\/strong>en la obra p\u00fablica, remarcando el reciente decomiso de sus bienes. Bajo ese argumento, descalific\u00f3 la postura del bloque y sentenci\u00f3 que <strong>no tienen ning\u00fan derecho a exigirle respuestas judiciales<\/strong> a una persona que ni siquiera est\u00e1 imputada.<\/p>\n<p>El momento m\u00e1s \u00e1spero se dio en un cruce directo con <strong>Rodolfo Tailhade.<\/strong> Luego de que el legislador detallara la rutina de la esposa del vocero, Adorni<strong> lo acus\u00f3 de espiar a su familia<\/strong> y le advirti\u00f3 que no ceder\u00e1 ante los aprietes.<\/p>\n<p>Para coronar su descargo, contraatac\u00f3 los cuestionamientos econ\u00f3micos de la oposici\u00f3n al ironizar que reclaman <strong>\u00abcomo si hubieran entregado la econom\u00eda de Suiza\u00bb<\/strong>. Culp\u00f3 a la gesti\u00f3n anterior de destruir al pa\u00eds desde 2011 y pronostic\u00f3 que el triunfo final de la administraci\u00f3n libertaria significar\u00e1 <strong>erradicar al kirchnerismo del mapa pol\u00edtico para siempre.<\/strong><\/p>\n<p class=\"destacadoNota\"><a target=\"_blank\" href=\"https:\/\/www.perfil.com\/noticias\/politica\/adorni-sobre-la-visita-de-peter-thiel-los-billonarios-del-mundo-son-bienvenidos-a-la-argentina.phtml\">Adorni sobre la visita de Peter Thiel: \u00abLos billonarios del mundo son bienvenidos a la Argentina\u00bb<\/a><\/p>\n<h2><strong>16:48 \u00abDebi\u00f3 haber renunciado antes\u00bb: la letal embestida de Germ\u00e1n Mart\u00ednez contra Adorni<\/strong><\/h2>\n<p>El titular de la bancada de Uni\u00f3n por la Patria aprovech\u00f3 su intervenci\u00f3n para descalificar por completo la visita de Adorni a la C\u00e1mara baja. El diputado santafesino consider\u00f3 que la sesi\u00f3n informativa <strong>nunca debi\u00f3 llevarse a cabo<\/strong> por dos razones fundamentales: cuestion\u00f3 que el oficialismo intent\u00f3 montar un \u00ab<strong>show<\/strong>\u00bb alejado de la pr\u00e1ctica parlamentaria habitual y sentenci\u00f3 que el jefe de Gabinete <strong>tendr\u00eda que haber renunciado a su cargo mucho antes.<\/strong><\/p>\n<p>Para dimensionar la gravedad del contexto, Mart\u00ednez traz\u00f3 un duro paralelismo hist\u00f3rico. Le record\u00f3 a Adorni que es el funcionario n\u00famero 22 en ocupar ese rol desde la reforma constitucional de 1994 y remarc\u00f3 dos situaciones que catalog\u00f3 como in\u00e9ditas para la pol\u00edtica nacional. Por un lado, subray\u00f3 que<strong> nunca un presidente tuvo que salir a \u00abbancar\u00bb a su ministro coordinador <\/strong>frente a las cr\u00edticas, y por el otro, enfatiz\u00f3 que jam\u00e1s un jefe de Gabinete tuvo que utilizar su informe de gesti\u00f3n <strong>para defenderse de denuncias de corrupci\u00f3n<\/strong>.<\/p>\n<h2><strong>16:24 \u00abHoy s\u00ed que tiene cara de deslomado&#8230; Seis horitas le meit\u00f3\u00bb: el picante cruce de Zaracho a Adorni por su patrimonio y la crisis<\/strong><\/h2>\n<p>El bloque de Uni\u00f3n por la Patria subi\u00f3 el tono del debate de la mano de <strong>Natalia Zaracho.<\/strong> La legisladora arranc\u00f3 su intervenci\u00f3n con pura iron\u00eda y apunt\u00f3 directamente contra la figura de Adorni: confes\u00f3 que le costaba \u00abser pol\u00edticamente correcta\u00bb y brome\u00f3 con que, despu\u00e9s de seis horas en la C\u00e1mara, finalmente<strong> ten\u00eda \u00abcara de deslomado\u00bb. <\/strong>Adem\u00e1s, no dej\u00f3 pasar la oportunidad de chicanearlo por su patrimonio y le consult\u00f3, a modo de burla,<strong> \u00abqu\u00e9 se siente viajar en primera clase\u00bb<\/strong> o qu\u00e9 destino prefiere entre Mar del Plata y Punta del Este.<\/p>\n<p>Pero el discurso r\u00e1pidamente pas\u00f3 del sarcasmo a la confrontaci\u00f3n dura. Zaracho cuestion\u00f3 la enorme seguridad que rodea al Palacio Legislativo y acus\u00f3 al Gobierno de armar un \u00abshow\u00bb a puertas cerradas. <strong>\u00abHacerse el vivo ac\u00e1 adentro con cuatro cuadras valladas alrededor del Congreso es f\u00e1cil\u00bb,<\/strong> dispar\u00f3, y dud\u00f3 de que los funcionarios libertarios puedan caminar por la calle sin custodia.<\/p>\n<p>En materia social, la diputada destroz\u00f3 el programa oficial \u00abVolver al Trabajo\u00bb. Le reclam\u00f3 al vocero que ning\u00fan plan social fue convertido en empleo genuino y advirti\u00f3 que de nada sirven los cursos de capacitaci\u00f3n si \u00abtodos los d\u00edas cierran empresas\u00bb. Finalmente, tras reclamar por el vaciamiento del programa Remediar y el avance del narcotr\u00e1fico, cerr\u00f3 con una dura advertencia sobre su futuro pol\u00edtico: \u00ab<strong>Se va a quedar solo, Adorni. Los que las hacen, las pagan\u00bb.<\/strong><\/p>\n<p><iframe id=\"vrudo\" class=\"vrudo\" src=\"https:\/\/rudo.video\/vod\/bWslIj?volume=0\" width=\"100%\" height=\"100%\" allowscriptaccess=\"always\" allowfullscreen=\"true\" webkitallowfullscreen=\"true\" frameborder=\"0\" scrolling=\"no\" allow=\"autoplay; fullscreen\" loading=\"lazy\" title=\"Contenido embebido\"><\/iframe><\/p>\n<h2> <\/h2>\n<h2><strong>15:59 \u00abConvirtieron esto en un circo\u00bb: la dura chicana de Uni\u00f3n por la Patria referidos a posteos antiguos<\/strong><\/h2>\n<p>La legisladora de Uni\u00f3n por la Patria lament\u00f3 que el oficialismo haya transformado una obligaci\u00f3n institucional en una conferencia de prensa con p\u00fablico a favor en las gradas, y cuestion\u00f3 que el jefe de Gabinete se presente como el <strong>\u00abdue\u00f1o de la verdad\u00bb <\/strong>mientras enfrenta serias sospechas por hechos de corrupci\u00f3n.<\/p>\n<p>Para exponer las aparentes inconsistencias patrimoniales del funcionario, Selva recurri\u00f3 al propio archivo de Adorni. Mostr\u00f3 dos tweets impresos en los que el actual vocero aseguraba que, sin el peso de los impuestos y el populismo, tendr\u00eda el doble de casas, autos y viajes. Tras leer los mensajes en voz alta, la diputada coron\u00f3 su exposici\u00f3n con un dardo venenoso sobre su sorpresiva riqueza: \u00abNo lo veo autodestruido. <strong>Me pregunto si Milei de golpe se volvi\u00f3 populista o si \u00e9l no pag\u00f3 impuestos a lo largo de su vida\u00bb.<\/strong><\/p>\n<h2><strong>15:13 Adorni descart\u00f3 dar un paso al costado: \u00abNo voy a renunciar, estoy ac\u00e1 dando la cara\u00bb<\/strong><\/h2>\n<p>Ante la insistencia de los bloques opositores, el jefe de Gabinete fue tajante y <strong>bloque\u00f3 cualquier posibilidad de dejar su cargo<\/strong>. El funcionario remarc\u00f3 que asisti\u00f3 al recinto para \u00abdar la cara\u00bb y valor\u00f3 la confianza que le otorg\u00f3 el Presidente para coordinar las reformas que, seg\u00fan su visi\u00f3n, el pa\u00eds posterg\u00f3 durante d\u00e9cadas.<\/p>\n<p>Lejos de retroceder frente a las acusaciones por corrupci\u00f3n, redobl\u00f3 la apuesta:<strong> prometi\u00f3 seguir trabajando para consolidar el modelo oficialista<\/strong> y garantiz\u00f3 que continuar\u00e1 present\u00e1ndose ante la C\u00e1mara baja para detallar su gesti\u00f3n, tal como lo exige la Constituci\u00f3n Nacional.<\/p>\n<h2><strong>14:59 Tras regresar del cuarto intermedio, Adorni defendi\u00f3 las giras de Milei y desat\u00f3 la furia peronista al apuntar contra Cristina Kirchner<\/strong><\/h2>\n<p>Frente a los reiterados cuestionamientos por las constantes salidas del pa\u00eds del Presidente, el jefe de Gabinete asegur\u00f3 que cada gira internacional busca <strong>generar beneficios directos para la Argentina. <\/strong>Para respaldar su postura, argument\u00f3 que la reciente comitiva oficial que particip\u00f3 de la \u00abArgentina Week\u00bb en Nueva York logr\u00f3 asegurar compromisos de <strong>inversi\u00f3n por m\u00e1s de 16.150 millones de d\u00f3lares<\/strong>.<\/p>\n<p>El clima en el recinto volvi\u00f3 a tensarse cuando el funcionario abord\u00f3 el proyecto de <strong>Ficha Limpia <\/strong>y aprovech\u00f3 para lanzar un dardo directo hacia la oposici\u00f3n. Al explicar que la reforma electoral inhabilitar\u00e1 a quienes tengan condenas confirmadas en segunda instancia por delitos dolosos, puso como ejemplo expl\u00edcito a la ex presidenta <strong>Cristina Fern\u00e1ndez de Kirchner<\/strong>, lo que provoc\u00f3 la reacci\u00f3n inmediata de la bancada justicialista.<\/p>\n<p style=\"text-align:center\"><picture><source media=\"(max-width: 440px)\" srcset=\"https:\/\/fotos.perfil.com\/\/2026\/04\/29\/440\/0\/manuel-adorni-2230284.jpg?webp\"\/><source media=\"(max-width: 1019px)\" srcset=\"https:\/\/fotos.perfil.com\/\/2026\/04\/29\/712\/0\/manuel-adorni-2230284.jpg?webp\"\/><img decoding=\"async\" style=\"max-width: 100%; width: 100%;\" alt=\"Manuel Adorni\" src=\"https:\/\/fotos.perfil.com\/\/2026\/04\/29\/900\/0\/manuel-adorni-2230284.jpg?webp\" loading=\"lazy\"\/><\/picture><\/p>\n<h2> <\/h2>\n<h2><strong>14:02 \u00ab\u00bfQu\u00e9 est\u00e1 esperando para renunciar?\u00bb: el duro cruce de la oposici\u00f3n a Adorni en el Congreso<\/strong><\/h2>\n<p>La segunda ronda de preguntas estuvo marcada por fuertes reclamos sobre la deuda con prestadores de discapacidad, la crisis de las econom\u00edas regionales y el freno a la obra p\u00fablica. Los diputados<strong> Bernardo Biella, Alberto Arr\u00faa y Yamila Ruiz<\/strong> exigieron respuestas concretas por la falta de pagos arrastrada desde octubre, alertaron por la situaci\u00f3n cr\u00edtica de m\u00e1s de 12.500 familias productoras misioneras y reclamaron fechas exactas para reactivar la infraestructura paralizada en las provincias.<\/p>\n<p><strong>Pablo Juliano <\/strong>protagoniz\u00f3 \u00abel\u00bb momento de tensi\u00f3n al acusar al jefe de Gabinete por una \u00abnueva defraudaci\u00f3n\u00bb que repite los mismos argumentos de la casta. En un encendido discurso que deriv\u00f3 en varias interrupciones de la presidencia de la C\u00e1mara por el tono utilizado, el legislador apunt\u00f3 contra el patrimonio y los pol\u00e9micos viajes del funcionario, y remat\u00f3 su intervenci\u00f3n con una pregunta fulminante: \u00ab<strong>\u00bfQu\u00e9 est\u00e1 esperando para renunciar?\u00bb.<\/strong><\/p>\n<h2><strong>13:14 Myriam Bregman cruz\u00f3 a Adorni con iron\u00eda en Diputados: \u00abAloe Vera\u00bb<\/strong><\/h2>\n<p>La diputada nacional <strong>Myriam Bregman<\/strong> <strong>cuestion\u00f3 duramente al jefe de Gabinete,<\/strong> <strong>Manuel Adorni<\/strong>, durante la ronda de preguntas en la C\u00e1mara de Diputados, en el cierre del informe de gesti\u00f3n.<\/p>\n<p>\u201c<strong>\u00bfSabe c\u00f3mo le dice la gente? Aloe Vera, porque cada d\u00eda le descubren m\u00e1s propiedades<\/strong>\u201d, lanz\u00f3 la legisladora del <strong>Frente de Izquierda<\/strong> en tono ir\u00f3nico, al retomar una comparaci\u00f3n vinculada a viejas denuncias pol\u00edticas.<\/p>\n<p>Bregman tambi\u00e9n apunt\u00f3 contra el Gobierno por la situaci\u00f3n social y el costo de vida, al mencionar<strong> el valor de las pensiones por discapacidad, el transporte p\u00fablico en el AMBA y el acceso a servicios b\u00e1sicos<\/strong>, y cuestion\u00f3 al funcionario sobre la brecha entre la situaci\u00f3n econ\u00f3mica de la poblaci\u00f3n y los ingresos oficiales.<\/p>\n<h2><strong>13:07 Diputado reclam\u00f3 por los jubilados al PAMI<\/strong><\/h2>\n<p>El diputado de \u00abElijo Catamarca\u00bb, <strong>Sebasti\u00e1n N\u00f3blega<\/strong>, utiliz\u00f3 su intervenci\u00f3n en la C\u00e1mara de Diputados para plantear<strong> la situaci\u00f3n de los jubilados y del sistema de salud<\/strong>.<\/p>\n<p>El legislador sostuvo que \u201c<strong>existe una negaci\u00f3n por comprender lo que pasa la gente d\u00eda a d\u00eda<\/strong>\u201d y pidi\u00f3 explicaciones sobre la atenci\u00f3n del PAMI y la respuesta del Gobierno ante la situaci\u00f3n de los adultos mayores.<\/p>\n<h2><strong>13:04 Pitrola le dijo \u201ccad\u00e1ver pol\u00edtico\u201d a Manuel Adorni en Diputados<\/strong><\/h2>\n<p>El diputado del Frente de Izquierda <strong>N\u00e9stor Pitrola<\/strong> l<strong>anz\u00f3 fuertes cr\u00edticas contra el jefe de Gabinete, Manuel Adorni<\/strong>, durante la sesi\u00f3n informativa en la C\u00e1mara baja.<\/p>\n<p>Cuestion\u00f3 la presencia del Gabinete completo y del presidente Javier Milei en el recinto, y <strong>acus\u00f3 al oficialismo de encubrir \u201cuna pieza clave de la alta corrupci\u00f3n del Estado\u201d<\/strong>.<\/p>\n<p>En ese marco, afirm\u00f3: \u201c<strong>Usted jefe de Gabinete es un cad\u00e1ver pol\u00edtico<\/strong>\u201d, y lo vincul\u00f3 a cuestionamientos sobre su patrimonio y el de su esposa.<\/p>\n<p style=\"text-align:center\"><picture><source media=\"(max-width: 440px)\" srcset=\"https:\/\/fotos.perfil.com\/\/2026\/04\/29\/440\/0\/congreso-diputados-29042026-2230443.jpg?webp\"\/><source media=\"(max-width: 1019px)\" srcset=\"https:\/\/fotos.perfil.com\/\/2026\/04\/29\/712\/0\/congreso-diputados-29042026-2230443.jpg?webp\"\/><img decoding=\"async\" style=\"max-width: 100%; width: 100%;\" alt=\"Congreso Diputados 29042026\" src=\"https:\/\/fotos.perfil.com\/\/2026\/04\/29\/900\/0\/congreso-diputados-29042026-2230443.jpg?webp\" loading=\"lazy\"\/><\/picture><\/p>\n<h2><strong>12:50 Javier Milei cruz\u00f3 a periodistas en el Congreso<\/strong><\/h2>\n<p>El presidente <strong>Javier Milei mantuvo un fuerte cruce con periodistas acreditados en el Congreso<\/strong> al retirarse de la C\u00e1mara de Diputados tras el informe de Manuel Adorni.<\/p>\n<p>Tras responder sobre la exposici\u00f3n del jefe de Gabinete, el mandatario expres\u00f3 su conformidad con el discurso y<strong> luego se enfrent\u00f3 con la prensa en el pasillo del edificio legislativo<\/strong>.<\/p>\n<p>En ese contexto, lanz\u00f3 duras cr\u00edticas contra <strong>un periodista al que calific\u00f3 de \u201ccorrupto\u201d<\/strong> y, al continuar su salida, <strong>volvi\u00f3 a cuestionar al sector period\u00edstico con la frase<\/strong> <strong>\u201cchorros y corruptos<\/strong>\u201d.<\/p>\n<h2><strong>12:32 Manuel Adorni defendi\u00f3 su gesti\u00f3n y dio a entender que fue a \u00abdar la cara\u00bb<\/strong><\/h2>\n<p>El jefe de Gabinete, <strong>Manuel Adorni<\/strong>, cerr\u00f3 la primera parte de su informe de gesti\u00f3n en la C\u00e1mara de Diputados <strong>con un mensaje dirigido a la oposici\u00f3n<\/strong>.<\/p>\n<p>\u201cEn las \u00faltimas semanas, algunos de los integrantes de esta C\u00e1mara preguntaron d\u00f3nde estaba. <strong>Ac\u00e1 estoy, cumpliendo con la Constituci\u00f3n Nacional y mostrando el resultado de nuestro trabajo<\/strong>\u201d, afirm\u00f3 antes de pasar a un cuarto intermedio que dio inicio a la ronda de preguntas de los legisladores.<\/p>\n<h2><strong>12:28 Adorni neg\u00f3 conflictos de inter\u00e9s en el Congreso<\/strong><\/h2>\n<p>El jefe de Gabinete, <strong>Manuel Adorni, rechaz\u00f3 en la C\u00e1mara de Diputados la existencia de conflictos de inter\u00e9s vinculados a su gesti\u00f3n<\/strong> y a su entorno familiar.<\/p>\n<p>Asegur\u00f3 que \u201c<strong>no existe contrato celebrado entre la TV P\u00fablica y el periodista Marcelo Grand\u00edo<\/strong>, no he participado en ning\u00fan expediente administrativo que lo involucre\u201d, y tambi\u00e9n sostuvo: \u201c<strong>no existen contratos entre el Estado nacional y mi c\u00f3nyuge<\/strong>, ni directa ni indirectamente\u201d.<\/p>\n<h2><strong>12:25 Manuel Adorni: \u00abHe afrontado yo mismo el pago de todos los viajes que realic\u00e9\u00bb<\/strong><\/h2>\n<p>El jefe de Gabinete, Manuel Adorni, sali\u00f3 al cruce de <strong>las acusaciones sobre sus viajes personales junto a su familia<\/strong> y defendi\u00f3 la legalidad de su patrimonio y de sus declaraciones juradas en el Congreso.<\/p>\n<p>Durante su exposici\u00f3n en la C\u00e1mara de Diputados, sostuvo que se intenta equiparar el gasto privado con el gasto p\u00fablico y cuestion\u00f3 ese planteo al afirmar que <strong>no corresponde mezclar su vida personal con actos de gobierno<\/strong>.<\/p>\n<p>En ese sentido, remarc\u00f3: \u00abNo son comparables\u00bb, y detall\u00f3: \u00ab<strong>He afrontado yo mismo los pagos de todos los viajes que realic\u00e9 con mi familia<\/strong> y \u00fanicamente se circunscribieron a <strong>vacaciones personales y de mi circulo personal<\/strong>, no se trataron de viajes financiados por terceros<strong> ni de obsequios de ning\u00fan tipo<\/strong>. El Estado nacional no registra ning\u00fan costo de mis viajes personales\u00bb.<\/p>\n<p style=\"text-align:center\"><picture><source media=\"(max-width: 440px)\" srcset=\"https:\/\/fotos.perfil.com\/\/2026\/04\/29\/440\/0\/congreso-diputados-29042026-2230445.jpg?webp\"\/><source media=\"(max-width: 1019px)\" srcset=\"https:\/\/fotos.perfil.com\/\/2026\/04\/29\/712\/0\/congreso-diputados-29042026-2230445.jpg?webp\"\/><img decoding=\"async\" style=\"max-width: 100%; width: 100%;\" alt=\"Congreso Diputados 29042026\" src=\"https:\/\/fotos.perfil.com\/\/2026\/04\/29\/900\/0\/congreso-diputados-29042026-2230445.jpg?webp\" loading=\"lazy\"\/><\/picture><\/p>\n<h2> <\/h2>\n<h2><strong>12:21 Manuel Adorni defendi\u00f3 el viaje de su esposa en el avi\u00f3n presidencial: \u00abNo hubo delito\u00bb<\/strong><\/h2>\n<p>Tras las finalizaci\u00f3n de su informe de gesti\u00f3n ante la C\u00e1mara de Diputados, y un breve cuarto intermedio, <strong>Manuel Adorni comenz\u00f3 a responder las preguntas de los legisladores<\/strong>, que comenzaron enfocadas en las acusaciones vinculadas al viaje de su esposa a Estados Unidos en el avi\u00f3n presidencial.<\/p>\n<p>En ese marco, Adorni afirm\u00f3: \u00abEl Ministerio P\u00fablico Fiscal y el Poder Judicial ya se expidieron sobre el tema, <strong>afirmaron que no existi\u00f3 delito ni irregularidad <\/strong>en la invitaci\u00f3n de mi esposa en el viaje del 6 de marzo de 2026 con destino a Miami y Nueva York, cuya comitiva oficial fue aprobada conforme decreto\u00bb.<\/p>\n<p>Tambi\u00e9n sostuvo: \u00abFue aclarado en la Justicia que <strong>mi esposa viaj\u00f3 como invitada<\/strong> exclusivamente en el vuelo de salida del pa\u00eds y volvi\u00f3 con un vuelo comercial. La documentaci\u00f3n vinculada no representa ninguna irregularidad, la fiscal interviniente requiri\u00f3 <strong>archivar la causa<\/strong> d\u00e1ndonos la raz\u00f3n,<strong> no hubo delito<\/strong>\u00ab.<\/p>\n<p>Y agreg\u00f3: \u00abEsto prueba que cuando se le permite a la Justicia actuar, <strong>se caen las operaciones pol\u00edticas <\/strong>que se intentan instalar en esta c\u00e1mara. <strong>Ped\u00ed disculpas a los argentinos<\/strong>, entendiendo que mi conducta debe ser siempre clara y me puse a disposici\u00f3n de la Justicia frente a cada denuncia\u00bb.<\/p>\n<h2><strong>12:17 Santiago Caputo se fue antes del final del informe de Manuel Adorni<\/strong><\/h2>\n<p>El asesor presidencial <strong>Santiago Caputo dej\u00f3 su lugar en el palco<\/strong> de la C\u00e1mara de Diputados antes de que el jefe de Gabinete, Manuel Adorni, finalizara su <strong>informe de gesti\u00f3n<\/strong> ante el Congreso.<\/p>\n<p>Caputo hab\u00eda compartido el sector con la senadora <strong>Patricia Bullrich<\/strong> y los ministros <strong>Diego Santilli y Federico Sturzenegger,<\/strong> ubicados en el palco derecho del recinto, <strong>cercano al espacio ocupado por el presidente Javier Milei<\/strong> y la secretaria general de la Presidencia Karina Milei.<\/p>\n<p>Durante el desarrollo de la exposici\u00f3n, el asesor mantuvo un perfil bajo y <strong>pas\u00f3 buena parte del tiempo mirando su tel\u00e9fono celular<\/strong>.<\/p>\n<h2><strong>12:10 Manuel Adorni elogi\u00f3 a Javier Milei y hubo c\u00e1nticos en Diputados<\/strong><\/h2>\n<p>El jefe de Gabinete, <strong>Manuel Adorni<\/strong>, destac\u00f3 en la C\u00e1mara de Diputados la gesti\u00f3n del presidente Javier Milei al sostener que \u201c<strong>por primera vez en d\u00e9cadas, los argentinos tenemos un Presidente que cumple con su palabra<\/strong>\u201d, en un tramo de tono netamente pol\u00edtico de su exposici\u00f3n.<\/p>\n<p>Adorni repas\u00f3 compromisos de campa\u00f1a y afirm\u00f3 que el mandatario \u201c<strong>gan\u00f3 las elecciones prometiendo un ajuste y lo hizo<\/strong>; prometiendo bajar la inflaci\u00f3n y lo hizo; prometi\u00f3 poner orden en la calle y lo hizo\u201d, al tiempo que defendi\u00f3 el rumbo del Gobierno.<\/p>\n<p>Luego agreg\u00f3: \u00abHonramos nuestro contrato electoral y planeamos seguir haci\u00e9ndolo\u00bb, lo que fue seguido por<strong> c\u00e1nticos de \u201cPresidente, Presidente\u201d por parte de militantes libertarios<\/strong> presentes en el recinto.<\/p>\n<p>En los palcos, el canciller <strong>Pablo Quirno acompa\u00f1\u00f3 los festejos y alent\u00f3<\/strong> desde su ubicaci\u00f3n junto a los sectores afines al oficialismo.<\/p>\n<h2><strong>11:50 Javier Milei interrumpi\u00f3 a Adorni y se cruz\u00f3 con diputados de la izquierda: \u00abMataron a 150 millones de personas\u00bb<\/strong><\/h2>\n<p>Durante la exposici\u00f3n del jefe de Gabinete, Manuel Adorni en la C\u00e1mara de Diputados, el presidente <strong>Javier Milei protagoniz\u00f3 un cruce a los gritos con legisladores de la izquierda<\/strong>, en un clima que se tens\u00f3 con el avance de la sesi\u00f3n.<\/p>\n<p>La discusi\u00f3n se desat\u00f3 luego de <strong>la defensa que hizo el funcionario<\/strong> del alineamiento internacional del pa\u00eds, incluyendo <strong>la adhesi\u00f3n argentina al \u201cEscudo de las Am\u00e9ricas\u201d y el posicionamiento en favor de Israel<\/strong>.<\/p>\n<p><iframe id=\"vrudo\" class=\"vrudo\" src=\"https:\/\/rudo.video\/vod\/bWsgw2?volume=0\" width=\"100%\" height=\"100%\" allowscriptaccess=\"always\" allowfullscreen=\"true\" webkitallowfullscreen=\"true\" frameborder=\"0\" scrolling=\"no\" allow=\"autoplay; fullscreen\" loading=\"lazy\" title=\"Contenido embebido\"><\/iframe><\/p>\n<p>En ese contexto, Milei respondi\u00f3 con dureza a las cr\u00edticas del sector opositor m\u00e1s combativo y lanz\u00f3: \u00ab<strong>Los asesinos son ustedes. Sus ideas mataron a 150 millones de personas<\/strong>\u00ab, en referencia a los diputados del bloque de izquierda, que ven\u00edan cuestionando al oficialismo durante la exposici\u00f3n.<\/p>\n<h2> <\/h2>\n<h2><strong>11:45 Un diputado peronista quiso acercarse a Adorni, salieron a cruzarlo y Milei le tir\u00f3 besos<\/strong><\/h2>\n<p>El diputado peronista <strong>Aldo Leiva intent\u00f3 acercarse al estrado donde expon\u00eda el jefe de Gabinete, Manuel Adorni, con un cartel que dec\u00eda \u00abtodo muy claro, menos las explicaciones\u201d<\/strong>, pero fue interceptado en el recinto por legisladores del oficialismo.<\/p>\n<div style=\"text-align:center\">\n<figure class=\"image\" style=\"display:inline-block\"><picture><source media=\"(max-width: 440px)\" srcset=\"https:\/\/fotos.perfil.com\/\/2026\/04\/29\/440\/0\/diputados-congreso-29042026-2230220.jpg?webp\"\/><source media=\"(max-width: 1019px)\" srcset=\"https:\/\/fotos.perfil.com\/\/2026\/04\/29\/712\/0\/diputados-congreso-29042026-2230220.jpg?webp\"\/><img decoding=\"async\" style=\"max-width: 100%; width: 100%;\" alt=\"El diputado peronista Aldo Leiva intent\u00f3 acercarse a Manuel Adorni pero fue interceptado por legisladores de La Libertad Avanza\" src=\"https:\/\/fotos.perfil.com\/\/2026\/04\/29\/900\/0\/diputados-congreso-29042026-2230220.jpg?webp\" loading=\"lazy\"\/><\/picture><figcaption><em>El diputado Aldo Leiva intent\u00f3 acercarse a Manuel Adorni pero fue interceptado por legisladores de La Libertad Avanza<\/em><\/figcaption><\/figure>\n<\/p><\/div>\n<p>Ante la situaci\u00f3n, <strong>el legislador chaque\u00f1o retrocedi\u00f3 y mostr\u00f3 el cartel hacia el sector donde se encontraba el presidente Javier Milei<\/strong>, lo que deriv\u00f3 en un cruce inmediato desde su posici\u00f3n.<\/p>\n<p>En ese intercambio, <strong>Leiva realiz\u00f3 un gesto con los dedos marcando el n\u00famero 3<\/strong>, en alusi\u00f3n a la acusaci\u00f3n vinculada a presuntas coimas que involucra a la secretaria general de la Presidencia, Karina Milei, en el marco de contratos del ex ANDIS.<\/p>\n<p>Desde su lugar, <strong>Milei respondi\u00f3 con una referencia a la detenci\u00f3n de la expresidenta Cristina Fern\u00e1ndez de Kirchner<\/strong>, condenada por corrupci\u00f3n, en un ida y vuelta que elev\u00f3 la tensi\u00f3n en el recinto.<\/p>\n<h2><strong>11:39 Manuel Adorni dijo que en la Argentina \u201cno hay m\u00e1s piquetes\u201d y hubo aplausos de La Libertad Avanza<\/strong><\/h2>\n<p>El jefe de Gabinete, Manuel Adorni, asegur\u00f3 en la C\u00e1mara de Diputados que \u201c<strong>como ya no hay intermediaci\u00f3n de los gerentes de la pobreza, por primera vez en 30 a\u00f1os, no hay m\u00e1s piquetes<\/strong>\u201d, en uno de los tramos m\u00e1s celebrados por el bloque de <strong>La Libertad Avanza<\/strong> y los invitados oficialistas ubicados en los palcos.<\/p>\n<p><strong>La frase gener\u00f3 aplausos del oficialismo<\/strong>, mientras que desde la oposici\u00f3n se escucharon abucheos en el recinto.<\/p>\n<p>En su exposici\u00f3n, <strong>Adorni agreg\u00f3 que durante el \u00faltimo a\u00f1o de la gesti\u00f3n de Alberto Fern\u00e1ndez se registraron \u201c8239 cortes de calles\u201d<\/strong>, y sostuvo que actualmente \u201cmiles de argentinos est\u00e1n yendo a trabajar, a estudiar, a un turno m\u00e9dico, sin que ning\u00fan delincuente les interrumpa el paso\u201d.<\/p>\n<h2><strong>11:30 Diputados y ministros se aburren y pierden atenci\u00f3n en el informe de Adorni<\/strong><\/h2>\n<p>A poco m\u00e1s de 40 minutos de iniciado el informe de gesti\u00f3n del jefe de Gabinete, Manuel Adorni en la C\u00e1mara de Diputados, comenz\u00f3 a notarse <strong>una p\u00e9rdida de atenci\u00f3n tanto en legisladores como en miembros del Poder Ejecutivo<\/strong> presentes en el recinto.<\/p>\n<p>El funcionario avanzaba con la lectura de su exposici\u00f3n, incluyendo cr\u00edticas dirigidas al kirchnerismo, mientras <strong>parte del auditorio se dispersaba<\/strong> y dejaba de seguir el discurso con atenci\u00f3n plena.<\/p>\n<div style=\"text-align:center\">\n<figure class=\"image\" style=\"display:inline-block\"><picture><source media=\"(max-width: 440px)\" srcset=\"https:\/\/fotos.perfil.com\/\/2026\/04\/29\/440\/0\/congreso-javier-milei-diputados-29042026-2230092.jpg?webp\"\/><source media=\"(max-width: 1019px)\" srcset=\"https:\/\/fotos.perfil.com\/\/2026\/04\/29\/712\/0\/congreso-javier-milei-diputados-29042026-2230092.jpg?webp\"\/><img decoding=\"async\" style=\"max-width: 100%; width: 100%;\" alt=\"La C\u00e1mara de Diputados interpela este mi\u00e9rcoles al jefe de Gabinte, Manuel Adorni\" src=\"https:\/\/fotos.perfil.com\/\/2026\/04\/29\/900\/0\/congreso-javier-milei-diputados-29042026-2230092.jpg?webp\" loading=\"lazy\"\/><\/picture><figcaption><em>La C\u00e1mara de Diputados interpela este mi\u00e9rcoles al jefe de Gabinte, Manuel Adorni<\/em><\/figcaption><\/figure>\n<\/p><\/div>\n<p>Figuras como la exministra de Seguridad<strong> Patricia Bullrich<\/strong>, el funcionario <strong>Daniel Scioli<\/strong> y el asesor presidencial <strong>Santiago Caputo<\/strong> <strong>alternaron momentos de escucha con distracci\u00f3n<\/strong> durante el desarrollo del informe.<\/p>\n<p>Por su parte,<strong> legisladores de la oposici\u00f3n comenzaron a conversar entre s\u00ed<\/strong>, mientras que <strong>dentro del oficialismo tambi\u00e9n se observaron distracciones<\/strong> en diputadas como <strong>Bel\u00e9n Avico<\/strong> y <strong>Laura Rodr\u00edguez Machado<\/strong>.<\/p>\n<h2><strong>11:17 M\u00e1ximo Kirchner lleg\u00f3 tarde al informe de Manuel Adorni en Diputados<\/strong><\/h2>\n<p>El diputado <strong>M\u00e1ximo Kirchner<\/strong> ingres\u00f3 al recinto cuando el jefe de Gabinete, Manuel Adorni, <strong>ya hab\u00eda iniciado su exposici\u00f3n<\/strong> en la C\u00e1mara de Diputados.<\/p>\n<p>Al llegar, ocurri\u00f3 uno de los momentos m\u00e1s celebrados por el sector libertario, cuando Adorni hizo referencia a<strong> la detenci\u00f3n de la expresidenta Cristina Fern\u00e1ndez de Kirchner<\/strong>, lo que gener\u00f3 aplausos por parte del presidente Javier Milei y de la secretaria general de la Presidencia, Karina Milei.<\/p>\n<p>Tambi\u00e9n acompa\u00f1\u00f3 la menci\u00f3n la ministra de Seguridad <strong>Alejandra Monteoliva<\/strong>, mientras que no se observaron reacciones visibles en figuras como Santiago Caputo, Patricia Bullrich, Diego Santilli y Federico Sturzenegger.<\/p>\n<p>En el recinto, <strong>M\u00e1ximo Kirchner sigui\u00f3 la escena sin gestos ni reacciones<\/strong> ante la intervenci\u00f3n del jefe de Gabinete.<\/p>\n<h2><strong>11:12 Marcela Pagano, la diputada que denunci\u00f3 a Adorni, falt\u00f3 a la sesi\u00f3n informativa<\/strong><\/h2>\n<p>La diputada del bloque Coherencia, <strong>Marcela Pagano<\/strong>, quien impuls\u00f3 la denuncia por presunto enriquecimiento il\u00edcito contra el jefe de Gabinete, Manuel Adorni, <strong>no asisti\u00f3 a la sesi\u00f3n informativa<\/strong> en la que el funcionario expuso su informe de gesti\u00f3n en la C\u00e1mara baja.<\/p>\n<p>Pagano, que inicialmente integraba La Libertad Avanza, <strong>se distanci\u00f3 del oficialismo en medio de fuertes tensiones internas por el control de la Comisi\u00f3n de Juicio Pol\u00edtico, que finalmente qued\u00f3 en manos de la diputada Lilia Lemoine.<\/strong>.<\/p>\n<p>Tambi\u00e9n tuvo <strong>enfrentamientos con la secretaria general de la Presidencia, Karina Milei<\/strong>, y con el presidente de la C\u00e1mara de Diputados, Mart\u00edn Menem.<\/p>\n<h2><strong>11:10 Patricia Bullrich lleg\u00f3 al Congreso y se ubic\u00f3 junto al Presidente<\/strong><\/h2>\n<p>La senadora de La Libertad Avanza en la C\u00e1mara alta, <strong>Patricia Bullrich, lleg\u00f3 al recinto de Diputados para acompa\u00f1ar el Informe de Gesti\u00f3n del jefe de Gabinete, Manuel Adorni<\/strong>. Se instal\u00f3 en el mismo palco que el asesor presidencial Santiago Caputo.<\/p>\n<p>Su presencia se dio en un clima pol\u00edtico sensible, <strong>luego de haberse distanciado de Adorni<\/strong>, tras la difusi\u00f3n de causas judiciales relacionadas con viajes al exterior y propiedades atribuidas a su nombre.<\/p>\n<p>En ese mismo sector tambi\u00e9n se ubicaron los ministros <strong>Diego Santilli y Federico Sturzenegger<\/strong>, quienes siguen la actividad legislativa desde el palco oficial.<\/p>\n<div style=\"text-align:center\">\n<figure class=\"image\" style=\"display:inline-block\"><picture><source media=\"(max-width: 440px)\" srcset=\"https:\/\/fotos.perfil.com\/\/2026\/04\/29\/440\/0\/manuel-adorni-en-el-congreso-29042026-2230113.jpg?webp\"\/><source media=\"(max-width: 1019px)\" srcset=\"https:\/\/fotos.perfil.com\/\/2026\/04\/29\/712\/0\/manuel-adorni-en-el-congreso-29042026-2230113.jpg?webp\"\/><img decoding=\"async\" style=\"max-width: 100%; width: 100%;\" alt=\"Diego Santilli y Federico Sturzenegger acompa\u00f1an al jefe de Gabinete, Manuel Adorni, en su informe de gesti\u00f3n en el Congreso\" src=\"https:\/\/fotos.perfil.com\/\/2026\/04\/29\/900\/0\/manuel-adorni-en-el-congreso-29042026-2230113.jpg?webp\" loading=\"lazy\"\/><\/picture><figcaption><em>Diego Santilli y Federico Sturzenegger acompa\u00f1an a Manuel Adorni, en su informe de gesti\u00f3n en el Congreso<\/em><\/figcaption><\/figure>\n<\/p><\/div>\n<h2> <\/h2>\n<h2><strong>11:08 Manuel Adorni: \u00abLejos qued\u00f3 la Argentina del cepo y de los 20 tipos de cambio\u00bb<\/strong><\/h2>\n<p>En su exposici\u00f3n, Manuel Adorni afirm\u00f3 que la econom\u00eda argentina habr\u00eda dejado atr\u00e1s una etapa marcada por <strong>fuertes restricciones cambiarias y un sistema fragmentado de cotizaciones<\/strong>.<\/p>\n<div style=\"text-align:center\">\n<figure class=\"image\" style=\"display:inline-block\"><picture><source media=\"(max-width: 440px)\" srcset=\"https:\/\/fotos.perfil.com\/\/2026\/04\/29\/440\/0\/congreso-javier-milei-diputados-29042026-2230088.jpg?webp\"\/><source media=\"(max-width: 1019px)\" srcset=\"https:\/\/fotos.perfil.com\/\/2026\/04\/29\/712\/0\/congreso-javier-milei-diputados-29042026-2230088.jpg?webp\"\/><img decoding=\"async\" style=\"max-width: 100%; width: 100%;\" alt=\"Manuel Adorni durante su informe de gesti\u00f3n en el Congreso de la Naci\u00f3n\" src=\"https:\/\/fotos.perfil.com\/\/2026\/04\/29\/900\/0\/congreso-javier-milei-diputados-29042026-2230088.jpg?webp\" loading=\"lazy\"\/><\/picture><figcaption><em>Manuel Adorni durante su informe de gesti\u00f3n en el Congreso de la Naci\u00f3n<\/em><\/figcaption><\/figure>\n<\/p><\/div>\n<p>El funcionario sostuvo que <strong>el Banco Central contin\u00faa con la compra de reservas<\/strong> y que el tipo de cambio se mantiene estable <strong>sin la necesidad de recurrir a controles<\/strong> que, seg\u00fan su visi\u00f3n, perjudicaban a los ahorristas.<\/p>\n<p>En ese marco, remarc\u00f3 el cambio de escenario y subray\u00f3: \u00ab<strong>Lejos qued\u00f3 la Argentina del cepo<\/strong>, de la volatilidad cambiaria y de los 20 tipos de cambio\u00bb.<\/p>\n<h2><strong>11:05 Manuel Adorni admiti\u00f3 que la inflaci\u00f3n de marzo \u201cfue mala\u201d y apunt\u00f3 contra el kirchnerismo y el periodismo<\/strong><\/h2>\n<p>El jefe de Gabinete, Manuel Adorni, reconoci\u00f3 este mi\u00e9rcoles que \u201c<strong>el \u00faltimo dato de inflaci\u00f3n fue malo<\/strong>\u201d y que no les \u201cgust\u00f3\u201d, aunque <strong>atribuy\u00f3 ese resultado al kirchnerismo, a sectores del empresariado y a los medios de comunicaci\u00f3n<\/strong>.<\/p>\n<p>En ese marco, el funcionario afirm\u00f3: \u201c<strong>A pesar de esta turbulencia generada por el kirchnerismo, los empresarios prebendarios y algunos medios de comunicaci\u00f3n<\/strong>, el Banco Central sigue comprando reservas y el d\u00f3lar se mantiene estable sin necesidad de recurrir a una <strong>restricci\u00f3n en la compra de divisas<\/strong> que castiga a los ahorristas\u201d. Durante su exposici\u00f3n, sus palabras fueron acompa\u00f1adas por aplausos de diputados oficialistas y militantes de La Libertad Avanza.<\/p>\n<h2><strong>11:02 Manuel Adorni afirm\u00f3 en el Congreso que el Gobierno \u00absolo se debe a la gente com\u00fan\u00bb<\/strong><\/h2>\n<p>El jefe de Gabinete, Manuel Adorni, sostuvo en el Congreso: \u201c<strong>Este gobierno y este presidente solo se deben a la gente com\u00fan<\/strong>, a los argentinos de pie, a los que trabajan, estudian y se esfuerzan\u201d, y cuestion\u00f3 a las gestiones anteriores, que \u201cno fundaron las bases de un pa\u00eds, simplemente lo fundieron\u201d. Adem\u00e1s, se\u00f1al\u00f3 que \u201ctodav\u00eda queda much\u00edsimo camino por recorrer, <strong>este trabajo est\u00e1 lejos de estar terminado<\/strong>\u201d.<\/p>\n<h2><strong>10:56 Comenz\u00f3 el informe de gesti\u00f3n de Manuel Adorni: las reformas del Gobierno \u201cnos apartar\u00e1 para siempre del populismo tr\u00e1gico\u201d<\/strong><\/h2>\n<p>El jefe de Gabinete, Manuel Adorni, comenz\u00f3 su discurso en la C\u00e1mara de Diputados y <strong>puso en valor el paquete de reformas impulsado por el Gobierno<\/strong>. En ese contexto, se\u00f1al\u00f3: \u201cVoy a detallar el camino de las reformas que ha emprendido este Gobierno. Un camino de reformas que nos est\u00e1 llevando paso a paso a un destino de grandeza y que <strong>nos apartar\u00e1 para siempre del populismo tr\u00e1gico que nos sumergi\u00f3 en la decadencia<\/strong>\u201d.<\/p>\n<p>En la misma l\u00ednea, el funcionario agreg\u00f3: \u201cEl Presidente de la Naci\u00f3n asumi\u00f3 con un claro mandato:<strong> encausar el rumbo de un pa\u00eds descarriado<\/strong>. La irresponsabilidad fiscal condenaba a la Rep\u00fablica a su funci\u00f3n total y expon\u00eda a la gente al flagelo de la inflaci\u00f3n\u201d.<\/p>\n<h2><strong>10:50 Karina Milei y Luis Caputo acompa\u00f1an a Javier Milei en el palco central de la C\u00e1mara de Diputados<\/strong><\/h2>\n<p>La secretaria general de la Presidencia, <strong>Karina Milei<\/strong>, y el ministro de Econom\u00eda, <strong>Luis \u00abToto\u00bb Caputo<\/strong>, se ubicaron en el palco central del recinto de la C\u00e1mara de Diputados <strong>junto al presidente Javier Milei<\/strong>.<\/p>\n<p><strong>A la derecha del mandatario se posicion\u00f3 el asesor presidencial Santiago Caputo<\/strong>, acompa\u00f1ado por el ministro del Interior, <strong>Diego Santilli<\/strong>, y el titular de Desregulaci\u00f3n y Transformaci\u00f3n del Estado, <strong>Federico Sturzenegger<\/strong>.<\/p>\n<div style=\"text-align:center\">\n<figure class=\"image\" style=\"display:inline-block\"><picture><source media=\"(max-width: 440px)\" srcset=\"https:\/\/fotos.perfil.com\/\/2026\/04\/29\/440\/0\/manuel-adorni-en-el-congreso-29042026-2230115.jpg?webp\"\/><source media=\"(max-width: 1019px)\" srcset=\"https:\/\/fotos.perfil.com\/\/2026\/04\/29\/712\/0\/manuel-adorni-en-el-congreso-29042026-2230115.jpg?webp\"\/><img decoding=\"async\" style=\"max-width: 100%; width: 100%;\" alt=\"El presidente Javier Milei, su hermana Karina, y el ministro de conom\u00eda Luis Caputo en el palco central de la C\u00e1mara de Diputados\" src=\"https:\/\/fotos.perfil.com\/\/2026\/04\/29\/900\/0\/manuel-adorni-en-el-congreso-29042026-2230115.jpg?webp\" loading=\"lazy\"\/><\/picture><figcaption><em>Javier Milei, su hermana Karina, Luis Caputo y el cancillero Pablo Quirno en el palco central de la C\u00e1mara de Diputados<\/em><\/figcaption><\/figure>\n<\/p><\/div>\n<p>En el sector izquierdo se acomodaron el ministro de Defensa, <strong>Carlos Presti<\/strong>; el de Justicia, <strong>Juan Bautista Mahiques<\/strong>; el de Salud, <strong>Mario Lugones<\/strong>; y la titular de Seguridad, <strong>Alejandra Monteoliva<\/strong>. Tambi\u00e9n tom\u00f3 ubicaci\u00f3n el secretario de Deportes, <strong>Daniel Scioli<\/strong>.<\/p>\n<h2><strong>10:43 Julia Strada fue la primera diputada del peronismo en ingresar al recinto antes del informe de Manuel Adorni<\/strong><\/h2>\n<p>La diputada camporista <strong>Julia Strada fue la primera representante de Uni\u00f3n por la Patria (UxP) en bajar al recinto de la C\u00e1mara de Diputados<\/strong> para la sesi\u00f3n informativa del jefe de Gabinete, Manuel Adorni.<\/p>\n<p>M\u00e1s tarde se sumaron el entrerriano <strong>Gustavo Bordet<\/strong> y <strong>Eduardo Vald\u00e9s<\/strong>. Por su parte, <strong>M\u00e1ximo Kirchner a\u00fan no lleg\u00f3 al palacio lgislativo<\/strong>.<\/p>\n<h2><strong>10:35 Diputados: menos de 90 legisladores en el recinto a minutos del informe de Manuel Adorni<\/strong><\/h2>\n<p>A instantes del inicio de la sesi\u00f3n informativa del jefe de Gabinete, Manuel Adorni, el recinto de la C\u00e1mara de Diputados presentaba una ocupaci\u00f3n reducida, <strong>con menos de 90 legisladores presentes<\/strong>.<\/p>\n<p>En sus bancas ya se encontraban la mayor\u00eda de los integrantes de La Libertad Avanza, junto con aliados del PRO, la UCR e Innovaci\u00f3n Federal, a la espera del ingreso del ministro coordinador. Cabe se\u00f1alar que, <strong>al tratarse de una sesi\u00f3n informativa, no resulta necesario alcanzar el qu\u00f3rum de 129 diputados para dar inicio al encuentro<\/strong>.<\/p>\n<h2><strong>10:30 Javier Milei se sac\u00f3 una foto con todo su Gabinete en el despacho de Mart\u00edn Menem<\/strong><\/h2>\n<p>El presidente <strong>Javier Milei se reuni\u00f3 con la totalidad de su Gabinete en el despacho del titular de la C\u00e1mara de Diputados, Mart\u00edn Menem<\/strong>, en la previa del ingreso al recinto para acompa\u00f1ar al jefe de Gabinete, <strong>Manuel Adorni<\/strong>, durante la presentaci\u00f3n de su primer informe de gesti\u00f3n.<\/p>\n<p><iframe id=\"vrudo\" class=\"vrudo\" src=\"https:\/\/rudo.video\/vod\/bWsfoJ?volume=0\" width=\"100%\" height=\"100%\" allowscriptaccess=\"always\" allowfullscreen=\"true\" webkitallowfullscreen=\"true\" frameborder=\"0\" scrolling=\"no\" allow=\"autoplay; fullscreen\" loading=\"lazy\" title=\"Contenido embebido\"><\/iframe><\/p>\n<p> En ese marco, <strong>el mandatario pos\u00f3 junto a sus ministros en una imagen conjunta que se tom\u00f3 dentro de la oficina de Menem<\/strong>, en el Congreso de la Naci\u00f3n. La fotograf\u00eda reflej\u00f3 la presencia completa del equipo de Gobierno antes del inicio de la sesi\u00f3n informativa en Diputados.<\/p>\n<div style=\"text-align:center\">\n<figure class=\"image\" style=\"display:inline-block\"><picture><source media=\"(max-width: 440px)\" srcset=\"https:\/\/fotos.perfil.com\/\/2026\/04\/29\/440\/0\/el-presidente-javier-milei-29042026-2230057.jpg?webp\"\/><source media=\"(max-width: 1019px)\" srcset=\"https:\/\/fotos.perfil.com\/\/2026\/04\/29\/712\/0\/el-presidente-javier-milei-29042026-2230057.jpg?webp\"\/><img decoding=\"async\" style=\"max-width: 100%; width: 100%;\" alt=\"El presidente Javier Milei junto a su gabinete en el despacho de Mart\u00edn Menem\" src=\"https:\/\/fotos.perfil.com\/\/2026\/04\/29\/900\/0\/el-presidente-javier-milei-29042026-2230057.jpg?webp\" loading=\"lazy\"\/><\/picture><figcaption><em>Apoyo a Manuel Adorni: el presidente Javier Milei junto a su gabinete en el despacho de Mart\u00edn Menem<\/em><\/figcaption><\/figure>\n<\/p><\/div>\n<h2> <\/h2>\n<h2><strong>10:27 Mart\u00edn Menem lleg\u00f3 al Congreso y lo recibieron con aplausos antes del informe de Manuel Adorni<\/strong><\/h2>\n<p>El presidente de la C\u00e1mara de Diputados, <strong>Mart\u00edn Menem<\/strong>, ingres\u00f3 al recinto a las 10.20, es decir, diez minutos antes del inicio de la sesi\u00f3n informativa del jefe de Gabinete, Manuel Adorni.<\/p>\n<p><strong>El dirigente riojano fue recibido con aplausos por militantes de La Libertad Avanza<\/strong> ubicados en la segunda bandeja de los palcos. Mientras tanto, a\u00fan permanec\u00edan invitados intentando acceder al Congreso, en la previa de la activaci\u00f3n del operativo de seguridad por la llegada del presidente Javier Milei y la comitiva oficial.<\/p>\n<h2> <\/h2>\n<h2><strong>10:23 Pilar Ram\u00edrez presente en el Congreso<\/strong><\/h2>\n<p>La legisladora porte\u00f1a de La Libertad Avanza (LLA), <strong>Pilar Ram\u00edrez<\/strong>, se ubic\u00f3 en uno de los palcos de la C\u00e1mara de Diputados para seguir <strong>la sesi\u00f3n informativa del jefe de Gabinete, Manuel Adorni<\/strong>.<\/p>\n<p>Dentro del espacio oficialista, <strong>Ram\u00edrez integra el c\u00edrculo pol\u00edtico cercano a Karina Milei<\/strong>, secretaria general de la Presidencia, con influencia en la articulaci\u00f3n territorial y la organizaci\u00f3n partidaria en la Ciudad de Buenos Aires. Su rol se vincula con el armado y consolidaci\u00f3n de LLA en el distrito, donde responde a la conducci\u00f3n del n\u00facleo m\u00e1s estrecho del oficialismo.<\/p>\n<h2> <\/h2>\n<h2><strong>10:20 Francisco Adorni y un dirigente cercano a Elisa Carri\u00f3, entre los primeros en el recinto<\/strong><\/h2>\n<p><strong>Francisco Adorni<\/strong>, hermano del jefe de Gabinete, figur\u00f3 entre los primeros en ocupar los palcos de Diputados. En paralelo, el legislador <strong>Maximiliano Ferraro<\/strong> fue el primero en ingresar al recinto para la sesi\u00f3n informativa del jefe de Gabinete.<\/p>\n<p>Entre los referentes libertarios que acompa\u00f1an a Adorni se encuentran <strong>Agust\u00edn Monteverde, Mar\u00eda Emilia Orozco, Agust\u00edn Coto y Nadia M\u00e1rquez<\/strong>, quienes se ubicaron en los palcos de Diputados para seguir el desarrollo de la exposici\u00f3n.<\/p>\n<h2> <\/h2>\n<h2><strong>10:15 Javier Milei lleg\u00f3 al Congreso junto al Gabinete para respaldar a Manuel Adorni<\/strong><\/h2>\n<p>A pocos minutos del inicio del informe de gesti\u00f3n del jefe de Gabinete, programado para las 10.30, <strong>el presidente Javier Milei arrib\u00f3 al Congreso de la Naci\u00f3n<\/strong> acompa\u00f1ado por los integrantes de su equipo de ministros para manifestar <strong>su apoyo al funcionario coordinador<\/strong>.<\/p>\n<h2> <\/h2>\n<h2><strong>10:05 Javier Milei ya est\u00e1 en camino al Congreso para presenciar el Informe de Gesti\u00f3n de Manuel Adorni<\/strong><\/h2>\n<p>Poco despu\u00e9s de las 10 de la ma\u00f1ana, el presidente <strong>Javier Milei sali\u00f3 desde la Casa Rosada con destino al Congreso de la Naci\u00f3n<\/strong>, acompa\u00f1ado por su hermana y secretaria general de la Presidencia, Karina Milei.<\/p>\n<p>En el mismo desplazamiento hacia el Parlamento tambi\u00e9n <strong>se trasladan varios funcionarios que integran el Gabinete nacional<\/strong>.<\/p>\n<p>NG\/TC\/<\/p>\n<\/p><\/div>\n<p><script>\n                !function(f,b,e,v,n,t,s)\n                {if(f.fbq)return;n=f.fbq=function(){n.callMethod?\n                    n.callMethod.apply(n,arguments):n.queue.push(arguments)};\n                    if(!f._fbq)f._fbq=n;n.push=n;n.loaded=!0;n.version='2.0';\n                    n.queue=[];t=b.createElement(e);t.async=!0;\n                    t.src=v;s=b.getElementsByTagName(e)[0];\n                    s.parentNode.insertBefore(t,s)}(window, document,'script',\n                    'https:\/\/connect.facebook.net\/en_US\/fbevents.js');\n                window.paywallConfig.facebook_pixel=\"1000228364089342\"\n            <\/script><\/p>\n","protected":false},"excerpt":{"rendered":"<p>El jefe de Gabinete, Manuel Adorni, explic\u00f3 hoy que los pagos de todos los viajes que realiz\u00f3 con su familia los \u201cafront\u00f3\u201d \u00e9l mismo de su propio bolsillo, y aclar\u00f3 que no hubo ning\u00fan tipo de financiamiento \u201cde terceros\u201d ni \u201cobsequios de ning\u00fan tipo\u201d. \u201cQuiero dejar en claro que he afrontado yo mismo los pagos [&hellip;]<\/p>\n","protected":false},"author":2,"featured_media":193875,"comment_status":"closed","ping_status":"closed","sticky":false,"template":"","format":"standard","meta":{"footnotes":""},"categories":[25],"tags":[],"class_list":["post-193874","post","type-post","status-publish","format-standard","has-post-thumbnail","hentry","category-nacionales"],"yoast_head":"<!-- This site is optimized with the Yoast SEO plugin v24.4 - https:\/\/yoast.com\/wordpress\/plugins\/seo\/ -->\n<title>Adorni resisti\u00f3 la embestida opositora, descart\u00f3 renunciar y prometi\u00f3 &quot;erradicar&quot; al kirchnerismo - GYS NOTICIAS |<\/title>\n<meta name=\"robots\" content=\"index, follow, max-snippet:-1, max-image-preview:large, max-video-preview:-1\" \/>\n<link rel=\"canonical\" href=\"https:\/\/gysfm.com.ar\/inicio\/adorni-resistio-la-embestida-opositora-descarto-renunciar-y-prometio-erradicar-al-kirchnerismo\/\" \/>\n<meta property=\"og:locale\" content=\"es_ES\" \/>\n<meta property=\"og:type\" content=\"article\" \/>\n<meta property=\"og:title\" content=\"Adorni resisti\u00f3 la embestida opositora, descart\u00f3 renunciar y prometi\u00f3 &quot;erradicar&quot; al kirchnerismo - GYS NOTICIAS |\" \/>\n<meta property=\"og:description\" content=\"El jefe de Gabinete, Manuel Adorni, explic\u00f3 hoy que los pagos de todos los viajes que realiz\u00f3 con su familia los \u201cafront\u00f3\u201d \u00e9l mismo de su propio bolsillo, y aclar\u00f3 que no hubo ning\u00fan tipo de financiamiento \u201cde terceros\u201d ni \u201cobsequios de ning\u00fan tipo\u201d. \u201cQuiero dejar en claro que he afrontado yo mismo los pagos [&hellip;]\" \/>\n<meta property=\"og:url\" content=\"https:\/\/gysfm.com.ar\/inicio\/adorni-resistio-la-embestida-opositora-descarto-renunciar-y-prometio-erradicar-al-kirchnerismo\/\" \/>\n<meta property=\"og:site_name\" content=\"GYS NOTICIAS |\" \/>\n<meta property=\"article:published_time\" content=\"2026-04-30T13:37:11+00:00\" \/>\n<meta property=\"og:image\" content=\"https:\/\/fotos.perfil.com\/\/2026\/04\/29\/900\/0\/manuel-adorni-2230284.jpg?webp\" \/>\n<meta name=\"author\" content=\"Prensa G&amp;S FM\" \/>\n<meta name=\"twitter:card\" content=\"summary_large_image\" \/>\n<meta name=\"twitter:label1\" content=\"Escrito por\" \/>\n\t<meta name=\"twitter:data1\" content=\"Prensa G&amp;S FM\" \/>\n\t<meta name=\"twitter:label2\" content=\"Tiempo de lectura\" \/>\n\t<meta name=\"twitter:data2\" content=\"28 minutos\" \/>\n<script type=\"application\/ld+json\" class=\"yoast-schema-graph\">{\"@context\":\"https:\/\/schema.org\",\"@graph\":[{\"@type\":\"Article\",\"@id\":\"https:\/\/gysfm.com.ar\/inicio\/adorni-resistio-la-embestida-opositora-descarto-renunciar-y-prometio-erradicar-al-kirchnerismo\/#article\",\"isPartOf\":{\"@id\":\"https:\/\/gysfm.com.ar\/inicio\/adorni-resistio-la-embestida-opositora-descarto-renunciar-y-prometio-erradicar-al-kirchnerismo\/\"},\"author\":{\"name\":\"Prensa G&amp;S FM\",\"@id\":\"https:\/\/gysfm.com.ar\/inicio\/#\/schema\/person\/3abba7593ef2ad19e1be221d54383dc5\"},\"headline\":\"Adorni resisti\u00f3 la embestida opositora, descart\u00f3 renunciar y prometi\u00f3 \u00aberradicar\u00bb al kirchnerismo\",\"datePublished\":\"2026-04-30T13:37:11+00:00\",\"mainEntityOfPage\":{\"@id\":\"https:\/\/gysfm.com.ar\/inicio\/adorni-resistio-la-embestida-opositora-descarto-renunciar-y-prometio-erradicar-al-kirchnerismo\/\"},\"wordCount\":5671,\"publisher\":{\"@id\":\"https:\/\/gysfm.com.ar\/inicio\/#organization\"},\"image\":{\"@id\":\"https:\/\/gysfm.com.ar\/inicio\/adorni-resistio-la-embestida-opositora-descarto-renunciar-y-prometio-erradicar-al-kirchnerismo\/#primaryimage\"},\"thumbnailUrl\":\"https:\/\/gysfm.com.ar\/inicio\/wp-content\/uploads\/2026\/04\/congreso-diputados-29042026-2230440.jpg\",\"articleSection\":[\"NACIONALES\"],\"inLanguage\":\"es\"},{\"@type\":\"WebPage\",\"@id\":\"https:\/\/gysfm.com.ar\/inicio\/adorni-resistio-la-embestida-opositora-descarto-renunciar-y-prometio-erradicar-al-kirchnerismo\/\",\"url\":\"https:\/\/gysfm.com.ar\/inicio\/adorni-resistio-la-embestida-opositora-descarto-renunciar-y-prometio-erradicar-al-kirchnerismo\/\",\"name\":\"Adorni resisti\u00f3 la embestida opositora, descart\u00f3 renunciar y prometi\u00f3 \\\"erradicar\\\" al kirchnerismo - GYS NOTICIAS |\",\"isPartOf\":{\"@id\":\"https:\/\/gysfm.com.ar\/inicio\/#website\"},\"primaryImageOfPage\":{\"@id\":\"https:\/\/gysfm.com.ar\/inicio\/adorni-resistio-la-embestida-opositora-descarto-renunciar-y-prometio-erradicar-al-kirchnerismo\/#primaryimage\"},\"image\":{\"@id\":\"https:\/\/gysfm.com.ar\/inicio\/adorni-resistio-la-embestida-opositora-descarto-renunciar-y-prometio-erradicar-al-kirchnerismo\/#primaryimage\"},\"thumbnailUrl\":\"https:\/\/gysfm.com.ar\/inicio\/wp-content\/uploads\/2026\/04\/congreso-diputados-29042026-2230440.jpg\",\"datePublished\":\"2026-04-30T13:37:11+00:00\",\"breadcrumb\":{\"@id\":\"https:\/\/gysfm.com.ar\/inicio\/adorni-resistio-la-embestida-opositora-descarto-renunciar-y-prometio-erradicar-al-kirchnerismo\/#breadcrumb\"},\"inLanguage\":\"es\",\"potentialAction\":[{\"@type\":\"ReadAction\",\"target\":[\"https:\/\/gysfm.com.ar\/inicio\/adorni-resistio-la-embestida-opositora-descarto-renunciar-y-prometio-erradicar-al-kirchnerismo\/\"]}]},{\"@type\":\"ImageObject\",\"inLanguage\":\"es\",\"@id\":\"https:\/\/gysfm.com.ar\/inicio\/adorni-resistio-la-embestida-opositora-descarto-renunciar-y-prometio-erradicar-al-kirchnerismo\/#primaryimage\",\"url\":\"https:\/\/gysfm.com.ar\/inicio\/wp-content\/uploads\/2026\/04\/congreso-diputados-29042026-2230440.jpg\",\"contentUrl\":\"https:\/\/gysfm.com.ar\/inicio\/wp-content\/uploads\/2026\/04\/congreso-diputados-29042026-2230440.jpg\",\"width\":1140,\"height\":641},{\"@type\":\"BreadcrumbList\",\"@id\":\"https:\/\/gysfm.com.ar\/inicio\/adorni-resistio-la-embestida-opositora-descarto-renunciar-y-prometio-erradicar-al-kirchnerismo\/#breadcrumb\",\"itemListElement\":[{\"@type\":\"ListItem\",\"position\":1,\"name\":\"Portada\",\"item\":\"https:\/\/gysfm.com.ar\/inicio\/\"},{\"@type\":\"ListItem\",\"position\":2,\"name\":\"Adorni resisti\u00f3 la embestida opositora, descart\u00f3 renunciar y prometi\u00f3 \u00aberradicar\u00bb al kirchnerismo\"}]},{\"@type\":\"WebSite\",\"@id\":\"https:\/\/gysfm.com.ar\/inicio\/#website\",\"url\":\"https:\/\/gysfm.com.ar\/inicio\/\",\"name\":\"GYS NOTICIAS |\",\"description\":\"DIARIO - RADIO ONLINE SAN JUAN ARGENTINA\",\"publisher\":{\"@id\":\"https:\/\/gysfm.com.ar\/inicio\/#organization\"},\"potentialAction\":[{\"@type\":\"SearchAction\",\"target\":{\"@type\":\"EntryPoint\",\"urlTemplate\":\"https:\/\/gysfm.com.ar\/inicio\/?s={search_term_string}\"},\"query-input\":{\"@type\":\"PropertyValueSpecification\",\"valueRequired\":true,\"valueName\":\"search_term_string\"}}],\"inLanguage\":\"es\"},{\"@type\":\"Organization\",\"@id\":\"https:\/\/gysfm.com.ar\/inicio\/#organization\",\"name\":\"GYS NOTICIAS |\",\"url\":\"https:\/\/gysfm.com.ar\/inicio\/\",\"logo\":{\"@type\":\"ImageObject\",\"inLanguage\":\"es\",\"@id\":\"https:\/\/gysfm.com.ar\/inicio\/#\/schema\/logo\/image\/\",\"url\":\"https:\/\/gysfm.com.ar\/inicio\/wp-content\/uploads\/2023\/07\/LOGOGYS-OK.png\",\"contentUrl\":\"https:\/\/gysfm.com.ar\/inicio\/wp-content\/uploads\/2023\/07\/LOGOGYS-OK.png\",\"width\":1170,\"height\":872,\"caption\":\"GYS NOTICIAS |\"},\"image\":{\"@id\":\"https:\/\/gysfm.com.ar\/inicio\/#\/schema\/logo\/image\/\"}},{\"@type\":\"Person\",\"@id\":\"https:\/\/gysfm.com.ar\/inicio\/#\/schema\/person\/3abba7593ef2ad19e1be221d54383dc5\",\"name\":\"Prensa G&amp;S FM\",\"image\":{\"@type\":\"ImageObject\",\"inLanguage\":\"es\",\"@id\":\"https:\/\/gysfm.com.ar\/inicio\/#\/schema\/person\/image\/\",\"url\":\"https:\/\/secure.gravatar.com\/avatar\/096ec78df02049ab018702bb4ccedf659377fa92a26540b5247612077a0dbd29?s=96&d=mm&r=g\",\"contentUrl\":\"https:\/\/secure.gravatar.com\/avatar\/096ec78df02049ab018702bb4ccedf659377fa92a26540b5247612077a0dbd29?s=96&d=mm&r=g\",\"caption\":\"Prensa G&amp;S FM\"},\"sameAs\":[\"https:\/\/gysfm.com.ar\/\"],\"url\":\"https:\/\/gysfm.com.ar\/inicio\/author\/lucasm\/\"}]}<\/script>\n<!-- \/ Yoast SEO plugin. -->","yoast_head_json":{"title":"Adorni resisti\u00f3 la embestida opositora, descart\u00f3 renunciar y prometi\u00f3 \"erradicar\" al kirchnerismo - GYS NOTICIAS |","robots":{"index":"index","follow":"follow","max-snippet":"max-snippet:-1","max-image-preview":"max-image-preview:large","max-video-preview":"max-video-preview:-1"},"canonical":"https:\/\/gysfm.com.ar\/inicio\/adorni-resistio-la-embestida-opositora-descarto-renunciar-y-prometio-erradicar-al-kirchnerismo\/","og_locale":"es_ES","og_type":"article","og_title":"Adorni resisti\u00f3 la embestida opositora, descart\u00f3 renunciar y prometi\u00f3 \"erradicar\" al kirchnerismo - GYS NOTICIAS |","og_description":"El jefe de Gabinete, Manuel Adorni, explic\u00f3 hoy que los pagos de todos los viajes que realiz\u00f3 con su familia los \u201cafront\u00f3\u201d \u00e9l mismo de su propio bolsillo, y aclar\u00f3 que no hubo ning\u00fan tipo de financiamiento \u201cde terceros\u201d ni \u201cobsequios de ning\u00fan tipo\u201d. \u201cQuiero dejar en claro que he afrontado yo mismo los pagos [&hellip;]","og_url":"https:\/\/gysfm.com.ar\/inicio\/adorni-resistio-la-embestida-opositora-descarto-renunciar-y-prometio-erradicar-al-kirchnerismo\/","og_site_name":"GYS NOTICIAS |","article_published_time":"2026-04-30T13:37:11+00:00","og_image":[{"url":"https:\/\/fotos.perfil.com\/\/2026\/04\/29\/900\/0\/manuel-adorni-2230284.jpg?webp","type":"","width":"","height":""}],"author":"Prensa G&amp;S FM","twitter_card":"summary_large_image","twitter_misc":{"Escrito por":"Prensa G&amp;S FM","Tiempo de lectura":"28 minutos"},"schema":{"@context":"https:\/\/schema.org","@graph":[{"@type":"Article","@id":"https:\/\/gysfm.com.ar\/inicio\/adorni-resistio-la-embestida-opositora-descarto-renunciar-y-prometio-erradicar-al-kirchnerismo\/#article","isPartOf":{"@id":"https:\/\/gysfm.com.ar\/inicio\/adorni-resistio-la-embestida-opositora-descarto-renunciar-y-prometio-erradicar-al-kirchnerismo\/"},"author":{"name":"Prensa G&amp;S FM","@id":"https:\/\/gysfm.com.ar\/inicio\/#\/schema\/person\/3abba7593ef2ad19e1be221d54383dc5"},"headline":"Adorni resisti\u00f3 la embestida opositora, descart\u00f3 renunciar y prometi\u00f3 \u00aberradicar\u00bb al kirchnerismo","datePublished":"2026-04-30T13:37:11+00:00","mainEntityOfPage":{"@id":"https:\/\/gysfm.com.ar\/inicio\/adorni-resistio-la-embestida-opositora-descarto-renunciar-y-prometio-erradicar-al-kirchnerismo\/"},"wordCount":5671,"publisher":{"@id":"https:\/\/gysfm.com.ar\/inicio\/#organization"},"image":{"@id":"https:\/\/gysfm.com.ar\/inicio\/adorni-resistio-la-embestida-opositora-descarto-renunciar-y-prometio-erradicar-al-kirchnerismo\/#primaryimage"},"thumbnailUrl":"https:\/\/gysfm.com.ar\/inicio\/wp-content\/uploads\/2026\/04\/congreso-diputados-29042026-2230440.jpg","articleSection":["NACIONALES"],"inLanguage":"es"},{"@type":"WebPage","@id":"https:\/\/gysfm.com.ar\/inicio\/adorni-resistio-la-embestida-opositora-descarto-renunciar-y-prometio-erradicar-al-kirchnerismo\/","url":"https:\/\/gysfm.com.ar\/inicio\/adorni-resistio-la-embestida-opositora-descarto-renunciar-y-prometio-erradicar-al-kirchnerismo\/","name":"Adorni resisti\u00f3 la embestida opositora, descart\u00f3 renunciar y prometi\u00f3 \"erradicar\" al kirchnerismo - GYS NOTICIAS |","isPartOf":{"@id":"https:\/\/gysfm.com.ar\/inicio\/#website"},"primaryImageOfPage":{"@id":"https:\/\/gysfm.com.ar\/inicio\/adorni-resistio-la-embestida-opositora-descarto-renunciar-y-prometio-erradicar-al-kirchnerismo\/#primaryimage"},"image":{"@id":"https:\/\/gysfm.com.ar\/inicio\/adorni-resistio-la-embestida-opositora-descarto-renunciar-y-prometio-erradicar-al-kirchnerismo\/#primaryimage"},"thumbnailUrl":"https:\/\/gysfm.com.ar\/inicio\/wp-content\/uploads\/2026\/04\/congreso-diputados-29042026-2230440.jpg","datePublished":"2026-04-30T13:37:11+00:00","breadcrumb":{"@id":"https:\/\/gysfm.com.ar\/inicio\/adorni-resistio-la-embestida-opositora-descarto-renunciar-y-prometio-erradicar-al-kirchnerismo\/#breadcrumb"},"inLanguage":"es","potentialAction":[{"@type":"ReadAction","target":["https:\/\/gysfm.com.ar\/inicio\/adorni-resistio-la-embestida-opositora-descarto-renunciar-y-prometio-erradicar-al-kirchnerismo\/"]}]},{"@type":"ImageObject","inLanguage":"es","@id":"https:\/\/gysfm.com.ar\/inicio\/adorni-resistio-la-embestida-opositora-descarto-renunciar-y-prometio-erradicar-al-kirchnerismo\/#primaryimage","url":"https:\/\/gysfm.com.ar\/inicio\/wp-content\/uploads\/2026\/04\/congreso-diputados-29042026-2230440.jpg","contentUrl":"https:\/\/gysfm.com.ar\/inicio\/wp-content\/uploads\/2026\/04\/congreso-diputados-29042026-2230440.jpg","width":1140,"height":641},{"@type":"BreadcrumbList","@id":"https:\/\/gysfm.com.ar\/inicio\/adorni-resistio-la-embestida-opositora-descarto-renunciar-y-prometio-erradicar-al-kirchnerismo\/#breadcrumb","itemListElement":[{"@type":"ListItem","position":1,"name":"Portada","item":"https:\/\/gysfm.com.ar\/inicio\/"},{"@type":"ListItem","position":2,"name":"Adorni resisti\u00f3 la embestida opositora, descart\u00f3 renunciar y prometi\u00f3 \u00aberradicar\u00bb al kirchnerismo"}]},{"@type":"WebSite","@id":"https:\/\/gysfm.com.ar\/inicio\/#website","url":"https:\/\/gysfm.com.ar\/inicio\/","name":"GYS NOTICIAS |","description":"DIARIO - RADIO ONLINE SAN JUAN ARGENTINA","publisher":{"@id":"https:\/\/gysfm.com.ar\/inicio\/#organization"},"potentialAction":[{"@type":"SearchAction","target":{"@type":"EntryPoint","urlTemplate":"https:\/\/gysfm.com.ar\/inicio\/?s={search_term_string}"},"query-input":{"@type":"PropertyValueSpecification","valueRequired":true,"valueName":"search_term_string"}}],"inLanguage":"es"},{"@type":"Organization","@id":"https:\/\/gysfm.com.ar\/inicio\/#organization","name":"GYS NOTICIAS |","url":"https:\/\/gysfm.com.ar\/inicio\/","logo":{"@type":"ImageObject","inLanguage":"es","@id":"https:\/\/gysfm.com.ar\/inicio\/#\/schema\/logo\/image\/","url":"https:\/\/gysfm.com.ar\/inicio\/wp-content\/uploads\/2023\/07\/LOGOGYS-OK.png","contentUrl":"https:\/\/gysfm.com.ar\/inicio\/wp-content\/uploads\/2023\/07\/LOGOGYS-OK.png","width":1170,"height":872,"caption":"GYS NOTICIAS |"},"image":{"@id":"https:\/\/gysfm.com.ar\/inicio\/#\/schema\/logo\/image\/"}},{"@type":"Person","@id":"https:\/\/gysfm.com.ar\/inicio\/#\/schema\/person\/3abba7593ef2ad19e1be221d54383dc5","name":"Prensa G&amp;S FM","image":{"@type":"ImageObject","inLanguage":"es","@id":"https:\/\/gysfm.com.ar\/inicio\/#\/schema\/person\/image\/","url":"https:\/\/secure.gravatar.com\/avatar\/096ec78df02049ab018702bb4ccedf659377fa92a26540b5247612077a0dbd29?s=96&d=mm&r=g","contentUrl":"https:\/\/secure.gravatar.com\/avatar\/096ec78df02049ab018702bb4ccedf659377fa92a26540b5247612077a0dbd29?s=96&d=mm&r=g","caption":"Prensa G&amp;S FM"},"sameAs":["https:\/\/gysfm.com.ar\/"],"url":"https:\/\/gysfm.com.ar\/inicio\/author\/lucasm\/"}]}},"_links":{"self":[{"href":"https:\/\/gysfm.com.ar\/inicio\/wp-json\/wp\/v2\/posts\/193874","targetHints":{"allow":["GET"]}}],"collection":[{"href":"https:\/\/gysfm.com.ar\/inicio\/wp-json\/wp\/v2\/posts"}],"about":[{"href":"https:\/\/gysfm.com.ar\/inicio\/wp-json\/wp\/v2\/types\/post"}],"author":[{"embeddable":true,"href":"https:\/\/gysfm.com.ar\/inicio\/wp-json\/wp\/v2\/users\/2"}],"replies":[{"embeddable":true,"href":"https:\/\/gysfm.com.ar\/inicio\/wp-json\/wp\/v2\/comments?post=193874"}],"version-history":[{"count":0,"href":"https:\/\/gysfm.com.ar\/inicio\/wp-json\/wp\/v2\/posts\/193874\/revisions"}],"wp:featuredmedia":[{"embeddable":true,"href":"https:\/\/gysfm.com.ar\/inicio\/wp-json\/wp\/v2\/media\/193875"}],"wp:attachment":[{"href":"https:\/\/gysfm.com.ar\/inicio\/wp-json\/wp\/v2\/media?parent=193874"}],"wp:term":[{"taxonomy":"category","embeddable":true,"href":"https:\/\/gysfm.com.ar\/inicio\/wp-json\/wp\/v2\/categories?post=193874"},{"taxonomy":"post_tag","embeddable":true,"href":"https:\/\/gysfm.com.ar\/inicio\/wp-json\/wp\/v2\/tags?post=193874"}],"curies":[{"name":"wp","href":"https:\/\/api.w.org\/{rel}","templated":true}]}}