{"id":193867,"date":"2026-04-30T10:06:14","date_gmt":"2026-04-30T13:06:14","guid":{"rendered":"https:\/\/gysfm.com.ar\/inicio\/estados-unidos-y-una-aclaracion-nada-hibrida\/"},"modified":"2026-04-30T10:06:14","modified_gmt":"2026-04-30T13:06:14","slug":"estados-unidos-y-una-aclaracion-nada-hibrida","status":"publish","type":"post","link":"https:\/\/gysfm.com.ar\/inicio\/estados-unidos-y-una-aclaracion-nada-hibrida\/","title":{"rendered":"Estados Unidos y una aclaraci\u00f3n nada \u00abh\u00edbrida\u00bb"},"content":{"rendered":"<p><\/p>\n<div id=\"article-content\">\n<p>La descripci\u00f3n en detalle de las \u00ab<strong>guerras h\u00edbridas<\/strong>\u00ab, concepto que el Rafael Bielsa poeta y escritor (su faceta que importa) toma de distintos autores para elaborar, con lucidez e impronta propia, una nota publicada en este mismo portal el domingo 29 de marzo bajo el t\u00edtulo <a target=\"_blank\" href=\"https:\/\/www.perfil.com\/noticias\/internacional\/que-ves-cuando-ves-las-guerras-hibridas.phtml\"><em>\u00bfQu\u00e9 ves cuando ves las guerras h\u00edbridas?<\/em><\/a> es una descripci\u00f3n acertada para entender mejor el mundo actual. El inmundo mundo actual, encarnado en inmundicias como Trump. Netanyahu y Milei. <\/p>\n<p>Pero sin tantos alambiques, no del autor, sino de esta \u00e9poca berreta que se los provee, saturada de Adornis deslomados, chicas poco ilustradas como la Limoneso esos \u00abte\u00f3ricos\u00bb de la derecha y dem\u00e1s animalitos que pululan por las redes sociales como las heces por las cloacas, as\u00ed como en los medios pululan los que la van de periodistas y son m\u00e1s bien lacayos, caso el que por desgracia no se muri\u00f3 cuando el Covid-19 y estuvo internado, o uno pelado al que la falta de ideas y pelo hace que se le trabuquen las palabras, y todo el resto de serviles a los que, en conjunto, ahora, y es parte del laburo, la sociedad a la que defienden con tes\u00f3n y que los humilla sin pruritos los obliga a pasar publicidad \u2013s\u00ed, el capitalismo es un amor\u2013 y, \u00a1diablos!, lo bien que lo hacen, hasta parecen locutores de anta\u00f1o, lo que lleva a pensar si no le habr\u00e1n chingado a su verdadera vocaci\u00f3n, la de locutores, y la confundieron con el periodismo.<\/p>\n<p>Quiz\u00e1 hasta logren \u00abspot\u00bb propio, como ya lo lograron futbolistas de la Selecci\u00f3n y su t\u00e9cnico o el que siempre entra \u00faltimo en la F\u00f3rmula Uno, quienes promocionan productos del producto de lo que son producto, sin darse cuenta, como el mono que se ve ante el espejo y no comprende que es \u00e9l, no otro mono. <\/p>\n<div class=\"subscription\">\n<p>\n        Esto no les gusta a los autoritarios\n    <\/p>\n<div class=\"subscription__container\">\n<div class=\"subscription__text-wrapper\">\n<p>\n                El ejercicio del periodismo profesional y cr\u00edtico es un pilar fundamental de la democracia. Por eso molesta a quienes creen ser los due\u00f1os de la verdad.\n            <\/p>\n<\/p><\/div><\/div>\n<\/div>\n<p>\u00bfSer\u00e1 por eso, que sonr\u00eden? Est\u00e1 claro que una cosa fue Maradona y otra es esta cosa, Messi. Pero volvamos a la <strong>nota de Rafael Bielsa<\/strong>, que en ella est\u00e1bamos, a su descripci\u00f3n detallad\u00edsima de estas guerras de moda, las \u00abh\u00edbridas\u00bb, que calzan ideal en estos tiempos \u00eddem. H\u00edbridos como el rostro de Trump, o \u00abel rostro Trump\u00bb, que as\u00ed le llamar\u00eda un experto en <em>make-up <\/em>al darle el \u00faltimo retoque anaranjado a esa especie de torta rancia que es su cara, aunque menos rancia, m\u00e1s rubiota y de esconder picard\u00edas \u2013vaya a saber qu\u00e9 \u00abpicard\u00edas\u00bb, no las de bombardear un pa\u00eds o secuestrar a un presidente\u2013, en esas fotos de m\u00e1s joven, sonriente junto a Epstein (Jeffrey). No confundir con Einstein (Albert), por favor. <\/p>\n<p>Ese anaranjado que tampoco se parece al crep\u00fasculo de un atardecer o de un amanecer, sino m\u00e1s bien a una jalea en la que acaban de desovar las moscas, de no ser una coluria por trastornos hep\u00e1ticos o biliares o, visto el personaje, mentales, del tipo que lo llevan a combinar, en su vestuario, traje y corbata con un gorrito <em>MAGA<\/em> de visera\u2026 \u00bflos colores? <\/p>\n<blockquote>\n<p><a target=\"_blank\" href=\"https:\/\/www.perfil.com\/noticias\/canal-e\/en-qr-claudio-martinez-advirtio-la-guerra-fria-ya-no-es-militar-ahora-es-tecnologica.phtml\">H\u00edbridos como el <strong>rostro de Trump<\/strong>, o &#8216;el rostro Trump&#8217;, que as\u00ed le llamar\u00eda un experto en &#8216;<em>make-up&#8217; <\/em>al darle el \u00faltimo retoque anaranjado a esa especie de torta rancia que es su cara\u00bb<\/a><\/p>\n<\/blockquote>\n<p>En fin\u2026, a la manera en que una banana sentada en una silla o un auto untado en dulce de leche podr\u00edan pasar por arte conceptual en una galer\u00eda contempor\u00e1nea, como el tibur\u00f3n en formol de Damien Hirstlo fue en la <em>Royal Academy of Arts<\/em>, de Londres, en 1997, o antecedentes ilustres, con esc\u00e1ndalo, como <em>La Fuente<\/em>, de Duchamp, en la exposici\u00f3n de la Sociedad de Artistas Independientes de <strong>Nueva York <\/strong>en 1917 o, con v\u00f3mito incluido, La Jefa en el mingitorio de la casa ros\u00e1cea, en la Panor\u00e1mica Surrealista Saud\u00ed montada por el Colectivo de Artistas \u00c1rabes en la Embajada de Bruselas, con la c\u00e9lebre pintura de Akabar bin Veniyaii Lam\u00e9melas.<\/p>\n<p>\u00bfEn 1927 fue? \u00bfA la que asisti\u00f3 Breton? Se nos pierde la fecha, se nos perdi\u00f3 el cat\u00e1logo, se nos pierden pormenores entre los misiles que retumban.<\/p>\n<p class=\"destacadoNota\"><a target=\"_blank\" href=\"https:\/\/noticias.perfil.com\/noticias\/politica\/humor-ingles-el-rey-carlos-se-burlo-de-trump-en-la-casa-blanca.phtml?_gl=1*odqfre*_ga*NDUxMDYwNzQwLjE3NjM1ODUyNzQ.*_ga_ZVLDWW22SP*czE3Nzc1MDY2ODIkbzE0OSRnMCR0MTc3NzUwNjY4MiRqNjAkbDAkaDA.&amp;_ga=2.174172258.1103919861.1777388395-451060740.1763585274\">Humor ingl\u00e9s: el rey Carlos se burl\u00f3 de Trump en la Casa Blanca<\/a><\/p>\n<p>Hablando de toda esa hibridez, de esta mezcla, un observador medianamente atento la podr\u00eda encontrar tambi\u00e9n en ese globo aerost\u00e1tico que es el rostro de Milei, lleno de estr\u00edas y pozos, en los que se disimulan sus falacias, o en maquillajes como el mazacote de lo que tiene por cara Netanyahu, una de piedra inmune a \u00abcr\u00edmenes de guerra y lesa humanidad\u00bb, de atenernos al reporte de la Corte Penal Internacional de La Haya. <\/p>\n<p>Caras molde estadounidense, a lo John Wayne, Ronald Reagan, T\u00edo Sam, Ku Klux Klan y tanto filme de Hollywood, aunque pruebas ya se ven\u00edan acumulando, pero alcanzaron su punto relevante con firmas indelebles en 1945, las de Hiroshima y Nagasaki, al quedar formalizada la mayor organizaci\u00f3n terrorista que existe: los Estados Unidos de Am\u00e9rica. <\/p>\n<blockquote>\n<p><a target=\"_blank\" href=\"https:\/\/www.perfil.com\/noticias\/actualidad\/eeuu-del-chanel-con-sangre-hasta-entradas-a-us-4-las-juras-presidenciales-mas-insolitas.phtml\">Afables, tipo Lincoln o Kennedy, y no afables, tipo Truman o Nixon, y sus variedades intermedias de sonrientes, lascivas, racistas, sanguinarias, neutras, imb\u00e9ciles, etc\u00e9tera. Hoy, \u00e9sta anaranjada\u00bb<\/a><\/p>\n<\/blockquote>\n<p>Am\u00e9rica, en realidad, alude a la porci\u00f3n de ellos y un cacho m\u00e1s, Alaska, o sea, lo que les rapi\u00f1aron a los indios y lo que les compraron a los rusos, quienes no s\u00f3lo en 1991 se mostraron estrechos de visi\u00f3n, y es preciso aclarar todo esto dado el malentendido que circula por el mundo, porque \u00abamericanos\u00bb somos todos, incluidos los que son parte de esa parte del norte, no s\u00f3lo ellos, sino M\u00e9xico y Canad\u00e1. <\/p>\n<p>Desde <strong>1945,<\/strong> entonces, m\u00e1s que nunca, todo <strong>estadounidense<\/strong>, por el solo hecho de nacer, debe demostrar que es <strong>inocente<\/strong>. Aunque la vena asesina de esos gringos tampoco empez\u00f3 ah\u00ed, se gest\u00f3 de 1776 en adelante, o 1789, si se quiere. Ese apotegma espurio de que de un lado est\u00e1n \u00ablos buenos\u00bb, que son ellos, y del otro \u00ablos malos\u00bb, que somos nosotros. <\/p>\n<p>Cada presidente estadounidense encarna eso, que arranca, en rostros, con el rostro de Washington, la pasta base sobre la que se fueron calzando despu\u00e9s distintas m\u00e1scaras. Afables, tipo <strong>Lincoln <\/strong>o <strong>Kennedy<\/strong>, y no afables, tipo Truman o Nixon, y sus variedades intermedias de sonrientes, lascivas, racistas, sanguinarias, neutras, imb\u00e9ciles, etc\u00e9tera. Hoy, \u00e9sta anaranjada. <\/p>\n<p>El bestiario completo consta, a la fecha, de 45 presidentes. De entre los m\u00e1s recientes, Clinton, Bush Uno y Dos, Obama, Biden\u2026 De los previos, una parva. Ah\u00ed se tiene Internet para buscarlos. Las palabras clave son: \u00abcucurucho de pochoclos\u00bb + \u00abgorrito con visera\u00bb + \u00abinsidia\u00bb + \u00abinvasiones\u00bb + \u00abasesinatos\u00bb. V\u00edas de acceso indirectas: \u00abdemocracia\u00bb y \u00abmundo libre\u00bb. \u00abOccidente\u00bb puede demorar el rastreo en bifurcaciones como \u00abEuropa\u00bb. <\/p>\n<p>El predominio es blanco, segregacionista, supremacista. Hay excepciones, claro. Gente de otro color, incluso blanca, aunque preferentemente pieles rojas como Toro Sentado, Ger\u00f3nimo y Cochise, negros como Eldridge Cleaver y los Panteras Negras, verdes como Ray Bradbury, que lleg\u00f3 del espacio exterior, de Poes\u00eda, o azules como Woody Allen, a quien la cig\u00fce\u00f1a que lo llevaba a Suecia, al Bergmans Sjukhus, se equivoc\u00f3 de ruta y lo dej\u00f3 en el Mount Eden Hospital, del Bronx, en Nueva York, o esa chica, viol\u00e1cea, sensual, inteligente, Susan Sontag. <\/p>\n<p>Y pu\u00f1aditos m\u00e1s, s\u00ed, pu\u00f1aditos, porque la mayor\u00eda son unos <strong>\u00abhijos de trump\u00bb<\/strong>. De \u00abtrump\u00bb con \u00abu\u00bb, como se pronuncia en espa\u00f1olla \u00abu\u00bb, no con la \u00aba\u00bb de \u00abtramp\u00bb, aunque describa tan bien a ese pa\u00eds que es una \u00abtrampa\u00bb. El inconsciente es medio sabio, \u00bfno? <\/p>\n<p>No, no nos fuimos de la nota de Bielsa, ac\u00e1 volvimos, como en la insoportable sociedad de consuno, \u00abluego de una tanda\u00bb. Vamos a reconvenirle, empero, que, en esa hibridez de la que habla, se arma una mezcolanza que no permite discernir, pues, al margen de la modalidad de hacer las guerras, la dicotom\u00eda sigue siendo una sola, nunca estuvo tan di\u00e1fana.<\/p>\n<p>Como no hubo una fase \u00abbipolar\u00bb, por m\u00e1s que se la miente, la de la <strong>Guerra Fr\u00eda<\/strong>, sino un odio basal, de clase, tampoco hay esta fase \u00abmultipolar\u00bb, por evidente que sea, cara a las \u00abguerras h\u00edbridas, ni hubo ese interregno \u00abunipolar\u00bb del fantasioso Fukuyama con su \u00abfin de la historia\u00bb. Tampoco caben eufemismos como \u00absocialdemocracia\u00bb, \u00abprogresismo\u00bb, \u00abEstado de bienestar\u00bb, \u00abmovilidad social\u00bb y dem\u00e1s yerbas o medias tintas.<\/p>\n<p>Todo es m\u00e1s directo, contrastante, frontal. \u00bfCrom\u00e1tico? S\u00ed. \u00bfDalt\u00f3nico? No. Pero, como en el revelado de la foto anal\u00f3gica, se necesita una luz roja para que la imagen no se vele ni se confunda la realidad. Porque, en esencia, nada cambi\u00f3, todo sigue igual, por vueltas que se pretenda darle. Es blanco y negro. Anoten: capitalismo o comunismo.<\/p>\n<h4><em>* \u00abEl escritor en su torre de marfil\u201d; periodista y escritor, autor de \u201cTreinta poemas escritos en invierno\u201d, \u201cGu\u00eda del siglo XX para un turista del futuro\u201d, \u201cMaia\u201d, \u201cDom\u201d y  \u201cEl Equipo de  Jos\u00e9 nunca  nunca existi\u00f3\u201d, entre otras obras.<\/em><\/h4>\n<\/p><\/div>\n<p><script>\n                !function(f,b,e,v,n,t,s)\n                {if(f.fbq)return;n=f.fbq=function(){n.callMethod?\n                    n.callMethod.apply(n,arguments):n.queue.push(arguments)};\n                    if(!f._fbq)f._fbq=n;n.push=n;n.loaded=!0;n.version='2.0';\n                    n.queue=[];t=b.createElement(e);t.async=!0;\n                    t.src=v;s=b.getElementsByTagName(e)[0];\n                    s.parentNode.insertBefore(t,s)}(window, document,'script',\n                    'https:\/\/connect.facebook.net\/en_US\/fbevents.js');\n                window.paywallConfig.facebook_pixel=\"1000228364089342\"\n            <\/script><\/p>\n","protected":false},"excerpt":{"rendered":"<p>La descripci\u00f3n en detalle de las \u00abguerras h\u00edbridas\u00ab, concepto que el Rafael Bielsa poeta y escritor (su faceta que importa) toma de distintos autores para elaborar, con lucidez e impronta propia, una nota publicada en este mismo portal el domingo 29 de marzo bajo el t\u00edtulo \u00bfQu\u00e9 ves cuando ves las guerras h\u00edbridas? es una [&hellip;]<\/p>\n","protected":false},"author":2,"featured_media":193868,"comment_status":"closed","ping_status":"closed","sticky":false,"template":"","format":"standard","meta":{"footnotes":""},"categories":[25],"tags":[],"class_list":["post-193867","post","type-post","status-publish","format-standard","has-post-thumbnail","hentry","category-nacionales"],"yoast_head":"<!-- This site is optimized with the Yoast SEO plugin v24.4 - https:\/\/yoast.com\/wordpress\/plugins\/seo\/ -->\n<title>Estados Unidos y una aclaraci\u00f3n nada &quot;h\u00edbrida&quot; - GYS NOTICIAS |<\/title>\n<meta name=\"robots\" content=\"index, follow, max-snippet:-1, max-image-preview:large, max-video-preview:-1\" \/>\n<link rel=\"canonical\" href=\"https:\/\/gysfm.com.ar\/inicio\/estados-unidos-y-una-aclaracion-nada-hibrida\/\" \/>\n<meta property=\"og:locale\" content=\"es_ES\" \/>\n<meta property=\"og:type\" content=\"article\" \/>\n<meta property=\"og:title\" content=\"Estados Unidos y una aclaraci\u00f3n nada &quot;h\u00edbrida&quot; - GYS NOTICIAS |\" \/>\n<meta property=\"og:description\" content=\"La descripci\u00f3n en detalle de las \u00abguerras h\u00edbridas\u00ab, concepto que el Rafael Bielsa poeta y escritor (su faceta que importa) toma de distintos autores para elaborar, con lucidez e impronta propia, una nota publicada en este mismo portal el domingo 29 de marzo bajo el t\u00edtulo \u00bfQu\u00e9 ves cuando ves las guerras h\u00edbridas? es una [&hellip;]\" \/>\n<meta property=\"og:url\" content=\"https:\/\/gysfm.com.ar\/inicio\/estados-unidos-y-una-aclaracion-nada-hibrida\/\" \/>\n<meta property=\"og:site_name\" content=\"GYS NOTICIAS |\" \/>\n<meta property=\"article:published_time\" content=\"2026-04-30T13:06:14+00:00\" \/>\n<meta name=\"author\" content=\"Prensa G&amp;S FM\" \/>\n<meta name=\"twitter:card\" content=\"summary_large_image\" \/>\n<meta name=\"twitter:label1\" content=\"Escrito por\" \/>\n\t<meta name=\"twitter:data1\" content=\"Prensa G&amp;S FM\" \/>\n\t<meta name=\"twitter:label2\" content=\"Tiempo de lectura\" \/>\n\t<meta name=\"twitter:data2\" content=\"8 minutos\" \/>\n<script type=\"application\/ld+json\" class=\"yoast-schema-graph\">{\"@context\":\"https:\/\/schema.org\",\"@graph\":[{\"@type\":\"Article\",\"@id\":\"https:\/\/gysfm.com.ar\/inicio\/estados-unidos-y-una-aclaracion-nada-hibrida\/#article\",\"isPartOf\":{\"@id\":\"https:\/\/gysfm.com.ar\/inicio\/estados-unidos-y-una-aclaracion-nada-hibrida\/\"},\"author\":{\"name\":\"Prensa G&amp;S FM\",\"@id\":\"https:\/\/gysfm.com.ar\/inicio\/#\/schema\/person\/3abba7593ef2ad19e1be221d54383dc5\"},\"headline\":\"Estados Unidos y una aclaraci\u00f3n nada \u00abh\u00edbrida\u00bb\",\"datePublished\":\"2026-04-30T13:06:14+00:00\",\"mainEntityOfPage\":{\"@id\":\"https:\/\/gysfm.com.ar\/inicio\/estados-unidos-y-una-aclaracion-nada-hibrida\/\"},\"wordCount\":1576,\"publisher\":{\"@id\":\"https:\/\/gysfm.com.ar\/inicio\/#organization\"},\"image\":{\"@id\":\"https:\/\/gysfm.com.ar\/inicio\/estados-unidos-y-una-aclaracion-nada-hibrida\/#primaryimage\"},\"thumbnailUrl\":\"https:\/\/gysfm.com.ar\/inicio\/wp-content\/uploads\/2026\/04\/ejercito-de-estados-unidos-09042026-2217620.jpg\",\"articleSection\":[\"NACIONALES\"],\"inLanguage\":\"es\"},{\"@type\":\"WebPage\",\"@id\":\"https:\/\/gysfm.com.ar\/inicio\/estados-unidos-y-una-aclaracion-nada-hibrida\/\",\"url\":\"https:\/\/gysfm.com.ar\/inicio\/estados-unidos-y-una-aclaracion-nada-hibrida\/\",\"name\":\"Estados Unidos y una aclaraci\u00f3n nada \\\"h\u00edbrida\\\" - GYS NOTICIAS |\",\"isPartOf\":{\"@id\":\"https:\/\/gysfm.com.ar\/inicio\/#website\"},\"primaryImageOfPage\":{\"@id\":\"https:\/\/gysfm.com.ar\/inicio\/estados-unidos-y-una-aclaracion-nada-hibrida\/#primaryimage\"},\"image\":{\"@id\":\"https:\/\/gysfm.com.ar\/inicio\/estados-unidos-y-una-aclaracion-nada-hibrida\/#primaryimage\"},\"thumbnailUrl\":\"https:\/\/gysfm.com.ar\/inicio\/wp-content\/uploads\/2026\/04\/ejercito-de-estados-unidos-09042026-2217620.jpg\",\"datePublished\":\"2026-04-30T13:06:14+00:00\",\"breadcrumb\":{\"@id\":\"https:\/\/gysfm.com.ar\/inicio\/estados-unidos-y-una-aclaracion-nada-hibrida\/#breadcrumb\"},\"inLanguage\":\"es\",\"potentialAction\":[{\"@type\":\"ReadAction\",\"target\":[\"https:\/\/gysfm.com.ar\/inicio\/estados-unidos-y-una-aclaracion-nada-hibrida\/\"]}]},{\"@type\":\"ImageObject\",\"inLanguage\":\"es\",\"@id\":\"https:\/\/gysfm.com.ar\/inicio\/estados-unidos-y-una-aclaracion-nada-hibrida\/#primaryimage\",\"url\":\"https:\/\/gysfm.com.ar\/inicio\/wp-content\/uploads\/2026\/04\/ejercito-de-estados-unidos-09042026-2217620.jpg\",\"contentUrl\":\"https:\/\/gysfm.com.ar\/inicio\/wp-content\/uploads\/2026\/04\/ejercito-de-estados-unidos-09042026-2217620.jpg\",\"width\":1140,\"height\":641},{\"@type\":\"BreadcrumbList\",\"@id\":\"https:\/\/gysfm.com.ar\/inicio\/estados-unidos-y-una-aclaracion-nada-hibrida\/#breadcrumb\",\"itemListElement\":[{\"@type\":\"ListItem\",\"position\":1,\"name\":\"Portada\",\"item\":\"https:\/\/gysfm.com.ar\/inicio\/\"},{\"@type\":\"ListItem\",\"position\":2,\"name\":\"Estados Unidos y una aclaraci\u00f3n nada \u00abh\u00edbrida\u00bb\"}]},{\"@type\":\"WebSite\",\"@id\":\"https:\/\/gysfm.com.ar\/inicio\/#website\",\"url\":\"https:\/\/gysfm.com.ar\/inicio\/\",\"name\":\"GYS NOTICIAS |\",\"description\":\"DIARIO - RADIO ONLINE SAN JUAN ARGENTINA\",\"publisher\":{\"@id\":\"https:\/\/gysfm.com.ar\/inicio\/#organization\"},\"potentialAction\":[{\"@type\":\"SearchAction\",\"target\":{\"@type\":\"EntryPoint\",\"urlTemplate\":\"https:\/\/gysfm.com.ar\/inicio\/?s={search_term_string}\"},\"query-input\":{\"@type\":\"PropertyValueSpecification\",\"valueRequired\":true,\"valueName\":\"search_term_string\"}}],\"inLanguage\":\"es\"},{\"@type\":\"Organization\",\"@id\":\"https:\/\/gysfm.com.ar\/inicio\/#organization\",\"name\":\"GYS NOTICIAS |\",\"url\":\"https:\/\/gysfm.com.ar\/inicio\/\",\"logo\":{\"@type\":\"ImageObject\",\"inLanguage\":\"es\",\"@id\":\"https:\/\/gysfm.com.ar\/inicio\/#\/schema\/logo\/image\/\",\"url\":\"https:\/\/gysfm.com.ar\/inicio\/wp-content\/uploads\/2023\/07\/LOGOGYS-OK.png\",\"contentUrl\":\"https:\/\/gysfm.com.ar\/inicio\/wp-content\/uploads\/2023\/07\/LOGOGYS-OK.png\",\"width\":1170,\"height\":872,\"caption\":\"GYS NOTICIAS |\"},\"image\":{\"@id\":\"https:\/\/gysfm.com.ar\/inicio\/#\/schema\/logo\/image\/\"}},{\"@type\":\"Person\",\"@id\":\"https:\/\/gysfm.com.ar\/inicio\/#\/schema\/person\/3abba7593ef2ad19e1be221d54383dc5\",\"name\":\"Prensa G&amp;S FM\",\"image\":{\"@type\":\"ImageObject\",\"inLanguage\":\"es\",\"@id\":\"https:\/\/gysfm.com.ar\/inicio\/#\/schema\/person\/image\/\",\"url\":\"https:\/\/secure.gravatar.com\/avatar\/096ec78df02049ab018702bb4ccedf659377fa92a26540b5247612077a0dbd29?s=96&d=mm&r=g\",\"contentUrl\":\"https:\/\/secure.gravatar.com\/avatar\/096ec78df02049ab018702bb4ccedf659377fa92a26540b5247612077a0dbd29?s=96&d=mm&r=g\",\"caption\":\"Prensa G&amp;S FM\"},\"sameAs\":[\"https:\/\/gysfm.com.ar\/\"],\"url\":\"https:\/\/gysfm.com.ar\/inicio\/author\/lucasm\/\"}]}<\/script>\n<!-- \/ Yoast SEO plugin. -->","yoast_head_json":{"title":"Estados Unidos y una aclaraci\u00f3n nada \"h\u00edbrida\" - GYS NOTICIAS |","robots":{"index":"index","follow":"follow","max-snippet":"max-snippet:-1","max-image-preview":"max-image-preview:large","max-video-preview":"max-video-preview:-1"},"canonical":"https:\/\/gysfm.com.ar\/inicio\/estados-unidos-y-una-aclaracion-nada-hibrida\/","og_locale":"es_ES","og_type":"article","og_title":"Estados Unidos y una aclaraci\u00f3n nada \"h\u00edbrida\" - GYS NOTICIAS |","og_description":"La descripci\u00f3n en detalle de las \u00abguerras h\u00edbridas\u00ab, concepto que el Rafael Bielsa poeta y escritor (su faceta que importa) toma de distintos autores para elaborar, con lucidez e impronta propia, una nota publicada en este mismo portal el domingo 29 de marzo bajo el t\u00edtulo \u00bfQu\u00e9 ves cuando ves las guerras h\u00edbridas? es una [&hellip;]","og_url":"https:\/\/gysfm.com.ar\/inicio\/estados-unidos-y-una-aclaracion-nada-hibrida\/","og_site_name":"GYS NOTICIAS |","article_published_time":"2026-04-30T13:06:14+00:00","author":"Prensa G&amp;S FM","twitter_card":"summary_large_image","twitter_misc":{"Escrito por":"Prensa G&amp;S FM","Tiempo de lectura":"8 minutos"},"schema":{"@context":"https:\/\/schema.org","@graph":[{"@type":"Article","@id":"https:\/\/gysfm.com.ar\/inicio\/estados-unidos-y-una-aclaracion-nada-hibrida\/#article","isPartOf":{"@id":"https:\/\/gysfm.com.ar\/inicio\/estados-unidos-y-una-aclaracion-nada-hibrida\/"},"author":{"name":"Prensa G&amp;S FM","@id":"https:\/\/gysfm.com.ar\/inicio\/#\/schema\/person\/3abba7593ef2ad19e1be221d54383dc5"},"headline":"Estados Unidos y una aclaraci\u00f3n nada \u00abh\u00edbrida\u00bb","datePublished":"2026-04-30T13:06:14+00:00","mainEntityOfPage":{"@id":"https:\/\/gysfm.com.ar\/inicio\/estados-unidos-y-una-aclaracion-nada-hibrida\/"},"wordCount":1576,"publisher":{"@id":"https:\/\/gysfm.com.ar\/inicio\/#organization"},"image":{"@id":"https:\/\/gysfm.com.ar\/inicio\/estados-unidos-y-una-aclaracion-nada-hibrida\/#primaryimage"},"thumbnailUrl":"https:\/\/gysfm.com.ar\/inicio\/wp-content\/uploads\/2026\/04\/ejercito-de-estados-unidos-09042026-2217620.jpg","articleSection":["NACIONALES"],"inLanguage":"es"},{"@type":"WebPage","@id":"https:\/\/gysfm.com.ar\/inicio\/estados-unidos-y-una-aclaracion-nada-hibrida\/","url":"https:\/\/gysfm.com.ar\/inicio\/estados-unidos-y-una-aclaracion-nada-hibrida\/","name":"Estados Unidos y una aclaraci\u00f3n nada \"h\u00edbrida\" - GYS NOTICIAS |","isPartOf":{"@id":"https:\/\/gysfm.com.ar\/inicio\/#website"},"primaryImageOfPage":{"@id":"https:\/\/gysfm.com.ar\/inicio\/estados-unidos-y-una-aclaracion-nada-hibrida\/#primaryimage"},"image":{"@id":"https:\/\/gysfm.com.ar\/inicio\/estados-unidos-y-una-aclaracion-nada-hibrida\/#primaryimage"},"thumbnailUrl":"https:\/\/gysfm.com.ar\/inicio\/wp-content\/uploads\/2026\/04\/ejercito-de-estados-unidos-09042026-2217620.jpg","datePublished":"2026-04-30T13:06:14+00:00","breadcrumb":{"@id":"https:\/\/gysfm.com.ar\/inicio\/estados-unidos-y-una-aclaracion-nada-hibrida\/#breadcrumb"},"inLanguage":"es","potentialAction":[{"@type":"ReadAction","target":["https:\/\/gysfm.com.ar\/inicio\/estados-unidos-y-una-aclaracion-nada-hibrida\/"]}]},{"@type":"ImageObject","inLanguage":"es","@id":"https:\/\/gysfm.com.ar\/inicio\/estados-unidos-y-una-aclaracion-nada-hibrida\/#primaryimage","url":"https:\/\/gysfm.com.ar\/inicio\/wp-content\/uploads\/2026\/04\/ejercito-de-estados-unidos-09042026-2217620.jpg","contentUrl":"https:\/\/gysfm.com.ar\/inicio\/wp-content\/uploads\/2026\/04\/ejercito-de-estados-unidos-09042026-2217620.jpg","width":1140,"height":641},{"@type":"BreadcrumbList","@id":"https:\/\/gysfm.com.ar\/inicio\/estados-unidos-y-una-aclaracion-nada-hibrida\/#breadcrumb","itemListElement":[{"@type":"ListItem","position":1,"name":"Portada","item":"https:\/\/gysfm.com.ar\/inicio\/"},{"@type":"ListItem","position":2,"name":"Estados Unidos y una aclaraci\u00f3n nada \u00abh\u00edbrida\u00bb"}]},{"@type":"WebSite","@id":"https:\/\/gysfm.com.ar\/inicio\/#website","url":"https:\/\/gysfm.com.ar\/inicio\/","name":"GYS NOTICIAS |","description":"DIARIO - RADIO ONLINE SAN JUAN ARGENTINA","publisher":{"@id":"https:\/\/gysfm.com.ar\/inicio\/#organization"},"potentialAction":[{"@type":"SearchAction","target":{"@type":"EntryPoint","urlTemplate":"https:\/\/gysfm.com.ar\/inicio\/?s={search_term_string}"},"query-input":{"@type":"PropertyValueSpecification","valueRequired":true,"valueName":"search_term_string"}}],"inLanguage":"es"},{"@type":"Organization","@id":"https:\/\/gysfm.com.ar\/inicio\/#organization","name":"GYS NOTICIAS |","url":"https:\/\/gysfm.com.ar\/inicio\/","logo":{"@type":"ImageObject","inLanguage":"es","@id":"https:\/\/gysfm.com.ar\/inicio\/#\/schema\/logo\/image\/","url":"https:\/\/gysfm.com.ar\/inicio\/wp-content\/uploads\/2023\/07\/LOGOGYS-OK.png","contentUrl":"https:\/\/gysfm.com.ar\/inicio\/wp-content\/uploads\/2023\/07\/LOGOGYS-OK.png","width":1170,"height":872,"caption":"GYS NOTICIAS |"},"image":{"@id":"https:\/\/gysfm.com.ar\/inicio\/#\/schema\/logo\/image\/"}},{"@type":"Person","@id":"https:\/\/gysfm.com.ar\/inicio\/#\/schema\/person\/3abba7593ef2ad19e1be221d54383dc5","name":"Prensa G&amp;S FM","image":{"@type":"ImageObject","inLanguage":"es","@id":"https:\/\/gysfm.com.ar\/inicio\/#\/schema\/person\/image\/","url":"https:\/\/secure.gravatar.com\/avatar\/096ec78df02049ab018702bb4ccedf659377fa92a26540b5247612077a0dbd29?s=96&d=mm&r=g","contentUrl":"https:\/\/secure.gravatar.com\/avatar\/096ec78df02049ab018702bb4ccedf659377fa92a26540b5247612077a0dbd29?s=96&d=mm&r=g","caption":"Prensa G&amp;S FM"},"sameAs":["https:\/\/gysfm.com.ar\/"],"url":"https:\/\/gysfm.com.ar\/inicio\/author\/lucasm\/"}]}},"_links":{"self":[{"href":"https:\/\/gysfm.com.ar\/inicio\/wp-json\/wp\/v2\/posts\/193867","targetHints":{"allow":["GET"]}}],"collection":[{"href":"https:\/\/gysfm.com.ar\/inicio\/wp-json\/wp\/v2\/posts"}],"about":[{"href":"https:\/\/gysfm.com.ar\/inicio\/wp-json\/wp\/v2\/types\/post"}],"author":[{"embeddable":true,"href":"https:\/\/gysfm.com.ar\/inicio\/wp-json\/wp\/v2\/users\/2"}],"replies":[{"embeddable":true,"href":"https:\/\/gysfm.com.ar\/inicio\/wp-json\/wp\/v2\/comments?post=193867"}],"version-history":[{"count":0,"href":"https:\/\/gysfm.com.ar\/inicio\/wp-json\/wp\/v2\/posts\/193867\/revisions"}],"wp:featuredmedia":[{"embeddable":true,"href":"https:\/\/gysfm.com.ar\/inicio\/wp-json\/wp\/v2\/media\/193868"}],"wp:attachment":[{"href":"https:\/\/gysfm.com.ar\/inicio\/wp-json\/wp\/v2\/media?parent=193867"}],"wp:term":[{"taxonomy":"category","embeddable":true,"href":"https:\/\/gysfm.com.ar\/inicio\/wp-json\/wp\/v2\/categories?post=193867"},{"taxonomy":"post_tag","embeddable":true,"href":"https:\/\/gysfm.com.ar\/inicio\/wp-json\/wp\/v2\/tags?post=193867"}],"curies":[{"name":"wp","href":"https:\/\/api.w.org\/{rel}","templated":true}]}}