{"id":193858,"date":"2026-04-30T09:04:09","date_gmt":"2026-04-30T12:04:09","guid":{"rendered":"https:\/\/gysfm.com.ar\/inicio\/numeros-y-la-lenta-rebelion-del-sentido-del-mundo\/"},"modified":"2026-04-30T09:04:09","modified_gmt":"2026-04-30T12:04:09","slug":"numeros-y-la-lenta-rebelion-del-sentido-del-mundo","status":"publish","type":"post","link":"https:\/\/gysfm.com.ar\/inicio\/numeros-y-la-lenta-rebelion-del-sentido-del-mundo\/","title":{"rendered":"N\u00fameros y la lenta rebeli\u00f3n del sentido del mundo"},"content":{"rendered":"<p><\/p>\n<div id=\"article-content\">\n<p>Nos acostumbramos a que, en medio de una discusi\u00f3n, baste un n\u00famero para disipar dudas y cerrar la idea. Una tasa, un promedio, toda certeza que se perciba capaz de ordenar el caos del mundo. Sin embargo, los nuevos tiempos de la digitalidad han activado en la precisi\u00f3n implacable de los <strong>n\u00fameros <\/strong>la sospecha o convicci\u00f3n de que comprender no es lo mismo que medir. Que <a target=\"_blank\" href=\"https:\/\/www.perfil.com\/noticias\/opinion\/martin-salas-por-que-es-importante-que-los-alumnos-argentinos-aprendan-matematicas.phtml\">toda cifra, incluso la m\u00e1s exacta, necesita de alguien que la interprete.<\/a><\/p>\n<p>Durante d\u00e9cadas, lo cuantitativo rein\u00f3 mediante sus \u201cbarreras de entrada\u201d -acceso a datos, capacidad computacional-. Ese paisaje parece cambiar radicalmente. La inteligencia artificial puede producir an\u00e1lisis estad\u00edsticos e incluso papers acad\u00e9micos \u201cde decente calidad\u201d con una facilidad impensada hace apenas unos a\u00f1os. Es de considerarse que cuando todos pueden medir, la excepcionalidad de la medici\u00f3n se desmorona.<\/p>\n<p>Es importante aclarar que ser\u00eda absurdo e injusto manifestarse contra los n\u00fameros. Mejorar implica entender su nueva condici\u00f3n. Como advert\u00edan los viejos cursos de marketing, \u201csabemos mucho m\u00e1s\u2026 pero no los comprendemos mejor\u201d. La frase es una constataci\u00f3n de que el dato ilumina, pero no agota el fen\u00f3meno.<\/p>\n<div class=\"subscription\">\n<p>\n        Esto no les gusta a los autoritarios\n    <\/p>\n<div class=\"subscription__container\">\n<div class=\"subscription__text-wrapper\">\n<p>\n                El ejercicio del periodismo profesional y cr\u00edtico es un pilar fundamental de la democracia. Por eso molesta a quienes creen ser los due\u00f1os de la verdad.\n            <\/p>\n<\/p><\/div><\/div>\n<\/div>\n<p>Un ejemplo concreto es el de los resonantes <strong>sistemas educativos<\/strong> como los de Finlandia o Canad\u00e1, en que los rankings estandarizados conviven cada vez m\u00e1s con las evaluaciones narrativas. Las <strong>m\u00e9tricas <\/strong>siguen siendo esenciales para garantizar equidad, pero hay un evidente esfuerzo por reconocer sus l\u00edmites. <\/p>\n<p class=\"destacadoNota\"><a target=\"_blank\" href=\"https:\/\/www.perfil.com\/noticias\/opinion\/estudiar-matematicas-puede-conducir-al-exito.phtml\">Estudiar matem\u00e1ticas puede conducir al \u00e9xito<\/a><\/p>\n<p>Un puntaje que indica desempe\u00f1o es probable que no siempre revele la historia del aprendizaje. Que no releve el esfuerzo invisible o la creatividad (poca amiga de las grillas). <\/p>\n<p>Desde los a\u00f1os setenta, la evaluaci\u00f3n cualitativa comenz\u00f3 precisamente como respuesta a los \u201cerrores\u201d de una medici\u00f3n excesivamente r\u00edgida, e incorpor\u00f3 observaciones y procesos. Desde esa perspectiva, el estudiante deja de ser un n\u00famero y vuelve a ser un sujeto.<\/p>\n<p>Algo similar ocurre en el mundo empresarial. Prestigiosas firmas transnacionales combinan hoy grandes vol\u00famenes de datos con \u201cbancos conceptuales\u201d construidos a partir de percepciones, relatos y experiencias de usuarios. Porque una compra no siempre puede explicarse, m\u00e1s all\u00e1 de los esfuerzos del cl\u00e1sico motivacionismo y su postulado de que la <strong>raz\u00f3n <\/strong>solo sirve para justificar el impulso inconsciente, verdadero motor de las decisiones de consumo. <\/p>\n<blockquote>\n<p><a target=\"_blank\" href=\"https:\/\/www.perfil.com\/noticias\/opinion\/vanina-mendiondo-lengua-y-matematicas-como-la-tecnologia-ayuda-a-mejorar-estos-aprendizajes.phtml\">Lo <strong>cuantitativo<\/strong> y lo <strong>cualitativo<\/strong> son momentos de una misma unidad que no necesariamente se oponen\u00bb<\/a><\/p>\n<\/blockquote>\n<p>\u00bfPor qu\u00e9 alguien elige una marca? \u00bfQu\u00e9 emoci\u00f3n interviene, qu\u00e9 historia personal se activa? El dato se\u00f1ala el qu\u00e9; lo cualitativo se aproxima al por qu\u00e9.<\/p>\n<p>Desde la filosof\u00eda, este desplazamiento no es nuevo, aunque hoy adquiera otra urgencia. Ya en el siglo XIX, pensadores como Wilhelm Dilthey (gran pedagogo, tambi\u00e9n) distingu\u00edan entre explicar, propio de las ciencias naturales, y comprender, bandera de las ciencias humanas. <\/p>\n<p>M\u00e1s tarde, tradiciones como la de Berger y Luckmann o Giddens insistieron en que la realidad social no es solo un conjunto de hechos medibles, sino una construcci\u00f3n de significados compartidos, precisiones tan caras a los estudiantes de comunicaci\u00f3n. <\/p>\n<p class=\"destacadoNota\"><a target=\"_blank\" href=\"https:\/\/www.perfil.com\/noticias\/opinion\/porque-einstein-tenia-el-poder-de-atraer-multitudes-con-la-fisica-y-la-matematica.phtml\">Porqu\u00e9 logr\u00f3 Einstein atraer multitudes vali\u00e9ndose de la f\u00edsica y la matem\u00e1tica<\/a><\/p>\n<p>En t\u00e9rminos m\u00e1s radicales, lo<strong> cuantitativo<\/strong> y lo <strong>cualitativo <\/strong>son momentos de una misma unidad que no necesariamente se oponen. Son la realidad como medida y sentido a la vez.<\/p>\n<p>Umberto Eco, con su iron\u00eda habitual, advert\u00eda que \u201clos n\u00fameros pueden contar una historia, pero no saben si es verdadera\u201d. Se trata de la advertencia epistemol\u00f3gica de que la verdad no reside en la exactitud de igual modo que en la interpretaci\u00f3n.<\/p>\n<p>En este nuevo escenario, lo cualitativo emerge como el territorio de lo dif\u00edcilmente automatizable. Parece dispuesto a liberar una elegante lucha con las encuestas, enormes protagonistas del mundo que solo mide. <\/p>\n<blockquote>\n<p><a target=\"_blank\" href=\"https:\/\/https:\/\/www.perfil.com\/noticias\/opinion\/todos-somos-capaces-de-comprender-matematicas.phtml\">Los n\u00fameros pueden contar una historia, pero no saben si es verdadera&#8217; (Umberto Eco)\u201d<\/a><\/p>\n<\/blockquote>\n<p>Mientras los algoritmos ordenan millones de datos en segundos, sigue siendo profundamente humano construir confianza en una entrevista. Hasta captar un silencio significativo en una respuesta puede cambiar el sentido de lo que se ha recabado. No son tan importantes los temas como el tratamiento a que son sometidos \u2013vieja recomendaci\u00f3n para los tesistas-. <\/p>\n<p>Asimismo, el n\u00famero de observaciones es insustancial frente a la profundidad del denominado \u201ctrabajo de campo\u201d.<\/p>\n<p>Ser\u00eda un error, casi un retroceso, pensar este cambio como una sustituci\u00f3n. No estamos ante el ocaso de los n\u00fameros. Preferimos, m\u00e1s bien, pensar que estamos ante su maduraci\u00f3n. La educaci\u00f3n m\u00e1s sofisticada integra examen y proceso. La mejor investigaci\u00f3n interpreta datos. La filosof\u00eda m\u00e1s l\u00facida sit\u00faa la medici\u00f3n en el lugar de mayor provecho. Aprendemos a convivir con la idea de que el mundo no es completamente inteligible sin las cifras.<\/p>\n<p>En la tensi\u00f3n fecunda de n\u00fameros y significado de la realidad se juega el conocimiento del futuro. Habr\u00e1 que adquirir el h\u00e1bito de descartar, por improcedente, la tradicional elecci\u00f3n entre contar o comprender. Y aceptar que toda cifra, para decir algo verdadero, necesita convertirse, tarde o temprano, en sentido.<\/p>\n<\/p><\/div>\n<p><script>\n                !function(f,b,e,v,n,t,s)\n                {if(f.fbq)return;n=f.fbq=function(){n.callMethod?\n                    n.callMethod.apply(n,arguments):n.queue.push(arguments)};\n                    if(!f._fbq)f._fbq=n;n.push=n;n.loaded=!0;n.version='2.0';\n                    n.queue=[];t=b.createElement(e);t.async=!0;\n                    t.src=v;s=b.getElementsByTagName(e)[0];\n                    s.parentNode.insertBefore(t,s)}(window, document,'script',\n                    'https:\/\/connect.facebook.net\/en_US\/fbevents.js');\n                window.paywallConfig.facebook_pixel=\"1000228364089342\"\n            <\/script><\/p>\n","protected":false},"excerpt":{"rendered":"<p>Nos acostumbramos a que, en medio de una discusi\u00f3n, baste un n\u00famero para disipar dudas y cerrar la idea. Una tasa, un promedio, toda certeza que se perciba capaz de ordenar el caos del mundo. Sin embargo, los nuevos tiempos de la digitalidad han activado en la precisi\u00f3n implacable de los n\u00fameros la sospecha o [&hellip;]<\/p>\n","protected":false},"author":2,"featured_media":193859,"comment_status":"closed","ping_status":"closed","sticky":false,"template":"","format":"standard","meta":{"footnotes":""},"categories":[25],"tags":[],"class_list":["post-193858","post","type-post","status-publish","format-standard","has-post-thumbnail","hentry","category-nacionales"],"yoast_head":"<!-- This site is optimized with the Yoast SEO plugin v24.4 - https:\/\/yoast.com\/wordpress\/plugins\/seo\/ -->\n<title>N\u00fameros y la lenta rebeli\u00f3n del sentido del mundo - GYS NOTICIAS |<\/title>\n<meta name=\"robots\" content=\"index, follow, max-snippet:-1, max-image-preview:large, max-video-preview:-1\" \/>\n<link rel=\"canonical\" href=\"https:\/\/gysfm.com.ar\/inicio\/numeros-y-la-lenta-rebelion-del-sentido-del-mundo\/\" \/>\n<meta property=\"og:locale\" content=\"es_ES\" \/>\n<meta property=\"og:type\" content=\"article\" \/>\n<meta property=\"og:title\" content=\"N\u00fameros y la lenta rebeli\u00f3n del sentido del mundo - GYS NOTICIAS |\" \/>\n<meta property=\"og:description\" content=\"Nos acostumbramos a que, en medio de una discusi\u00f3n, baste un n\u00famero para disipar dudas y cerrar la idea. Una tasa, un promedio, toda certeza que se perciba capaz de ordenar el caos del mundo. Sin embargo, los nuevos tiempos de la digitalidad han activado en la precisi\u00f3n implacable de los n\u00fameros la sospecha o [&hellip;]\" \/>\n<meta property=\"og:url\" content=\"https:\/\/gysfm.com.ar\/inicio\/numeros-y-la-lenta-rebelion-del-sentido-del-mundo\/\" \/>\n<meta property=\"og:site_name\" content=\"GYS NOTICIAS |\" \/>\n<meta property=\"article:published_time\" content=\"2026-04-30T12:04:09+00:00\" \/>\n<meta name=\"author\" content=\"Prensa G&amp;S FM\" \/>\n<meta name=\"twitter:card\" content=\"summary_large_image\" \/>\n<meta name=\"twitter:label1\" content=\"Escrito por\" \/>\n\t<meta name=\"twitter:data1\" content=\"Prensa G&amp;S FM\" \/>\n\t<meta name=\"twitter:label2\" content=\"Tiempo de lectura\" \/>\n\t<meta name=\"twitter:data2\" content=\"5 minutos\" \/>\n<script type=\"application\/ld+json\" class=\"yoast-schema-graph\">{\"@context\":\"https:\/\/schema.org\",\"@graph\":[{\"@type\":\"Article\",\"@id\":\"https:\/\/gysfm.com.ar\/inicio\/numeros-y-la-lenta-rebelion-del-sentido-del-mundo\/#article\",\"isPartOf\":{\"@id\":\"https:\/\/gysfm.com.ar\/inicio\/numeros-y-la-lenta-rebelion-del-sentido-del-mundo\/\"},\"author\":{\"name\":\"Prensa G&amp;S FM\",\"@id\":\"https:\/\/gysfm.com.ar\/inicio\/#\/schema\/person\/3abba7593ef2ad19e1be221d54383dc5\"},\"headline\":\"N\u00fameros y la lenta rebeli\u00f3n del sentido del mundo\",\"datePublished\":\"2026-04-30T12:04:09+00:00\",\"mainEntityOfPage\":{\"@id\":\"https:\/\/gysfm.com.ar\/inicio\/numeros-y-la-lenta-rebelion-del-sentido-del-mundo\/\"},\"wordCount\":928,\"publisher\":{\"@id\":\"https:\/\/gysfm.com.ar\/inicio\/#organization\"},\"image\":{\"@id\":\"https:\/\/gysfm.com.ar\/inicio\/numeros-y-la-lenta-rebelion-del-sentido-del-mundo\/#primaryimage\"},\"thumbnailUrl\":\"https:\/\/gysfm.com.ar\/inicio\/wp-content\/uploads\/2026\/04\/mhoni-vidente-revela-los-numeros-de-la-suerte-2101762.jpg\",\"articleSection\":[\"NACIONALES\"],\"inLanguage\":\"es\"},{\"@type\":\"WebPage\",\"@id\":\"https:\/\/gysfm.com.ar\/inicio\/numeros-y-la-lenta-rebelion-del-sentido-del-mundo\/\",\"url\":\"https:\/\/gysfm.com.ar\/inicio\/numeros-y-la-lenta-rebelion-del-sentido-del-mundo\/\",\"name\":\"N\u00fameros y la lenta rebeli\u00f3n del sentido del mundo - GYS NOTICIAS |\",\"isPartOf\":{\"@id\":\"https:\/\/gysfm.com.ar\/inicio\/#website\"},\"primaryImageOfPage\":{\"@id\":\"https:\/\/gysfm.com.ar\/inicio\/numeros-y-la-lenta-rebelion-del-sentido-del-mundo\/#primaryimage\"},\"image\":{\"@id\":\"https:\/\/gysfm.com.ar\/inicio\/numeros-y-la-lenta-rebelion-del-sentido-del-mundo\/#primaryimage\"},\"thumbnailUrl\":\"https:\/\/gysfm.com.ar\/inicio\/wp-content\/uploads\/2026\/04\/mhoni-vidente-revela-los-numeros-de-la-suerte-2101762.jpg\",\"datePublished\":\"2026-04-30T12:04:09+00:00\",\"breadcrumb\":{\"@id\":\"https:\/\/gysfm.com.ar\/inicio\/numeros-y-la-lenta-rebelion-del-sentido-del-mundo\/#breadcrumb\"},\"inLanguage\":\"es\",\"potentialAction\":[{\"@type\":\"ReadAction\",\"target\":[\"https:\/\/gysfm.com.ar\/inicio\/numeros-y-la-lenta-rebelion-del-sentido-del-mundo\/\"]}]},{\"@type\":\"ImageObject\",\"inLanguage\":\"es\",\"@id\":\"https:\/\/gysfm.com.ar\/inicio\/numeros-y-la-lenta-rebelion-del-sentido-del-mundo\/#primaryimage\",\"url\":\"https:\/\/gysfm.com.ar\/inicio\/wp-content\/uploads\/2026\/04\/mhoni-vidente-revela-los-numeros-de-la-suerte-2101762.jpg\",\"contentUrl\":\"https:\/\/gysfm.com.ar\/inicio\/wp-content\/uploads\/2026\/04\/mhoni-vidente-revela-los-numeros-de-la-suerte-2101762.jpg\",\"width\":1140,\"height\":641},{\"@type\":\"BreadcrumbList\",\"@id\":\"https:\/\/gysfm.com.ar\/inicio\/numeros-y-la-lenta-rebelion-del-sentido-del-mundo\/#breadcrumb\",\"itemListElement\":[{\"@type\":\"ListItem\",\"position\":1,\"name\":\"Portada\",\"item\":\"https:\/\/gysfm.com.ar\/inicio\/\"},{\"@type\":\"ListItem\",\"position\":2,\"name\":\"N\u00fameros y la lenta rebeli\u00f3n del sentido del mundo\"}]},{\"@type\":\"WebSite\",\"@id\":\"https:\/\/gysfm.com.ar\/inicio\/#website\",\"url\":\"https:\/\/gysfm.com.ar\/inicio\/\",\"name\":\"GYS NOTICIAS |\",\"description\":\"DIARIO - RADIO ONLINE SAN JUAN ARGENTINA\",\"publisher\":{\"@id\":\"https:\/\/gysfm.com.ar\/inicio\/#organization\"},\"potentialAction\":[{\"@type\":\"SearchAction\",\"target\":{\"@type\":\"EntryPoint\",\"urlTemplate\":\"https:\/\/gysfm.com.ar\/inicio\/?s={search_term_string}\"},\"query-input\":{\"@type\":\"PropertyValueSpecification\",\"valueRequired\":true,\"valueName\":\"search_term_string\"}}],\"inLanguage\":\"es\"},{\"@type\":\"Organization\",\"@id\":\"https:\/\/gysfm.com.ar\/inicio\/#organization\",\"name\":\"GYS NOTICIAS |\",\"url\":\"https:\/\/gysfm.com.ar\/inicio\/\",\"logo\":{\"@type\":\"ImageObject\",\"inLanguage\":\"es\",\"@id\":\"https:\/\/gysfm.com.ar\/inicio\/#\/schema\/logo\/image\/\",\"url\":\"https:\/\/gysfm.com.ar\/inicio\/wp-content\/uploads\/2023\/07\/LOGOGYS-OK.png\",\"contentUrl\":\"https:\/\/gysfm.com.ar\/inicio\/wp-content\/uploads\/2023\/07\/LOGOGYS-OK.png\",\"width\":1170,\"height\":872,\"caption\":\"GYS NOTICIAS |\"},\"image\":{\"@id\":\"https:\/\/gysfm.com.ar\/inicio\/#\/schema\/logo\/image\/\"}},{\"@type\":\"Person\",\"@id\":\"https:\/\/gysfm.com.ar\/inicio\/#\/schema\/person\/3abba7593ef2ad19e1be221d54383dc5\",\"name\":\"Prensa G&amp;S FM\",\"image\":{\"@type\":\"ImageObject\",\"inLanguage\":\"es\",\"@id\":\"https:\/\/gysfm.com.ar\/inicio\/#\/schema\/person\/image\/\",\"url\":\"https:\/\/secure.gravatar.com\/avatar\/096ec78df02049ab018702bb4ccedf659377fa92a26540b5247612077a0dbd29?s=96&d=mm&r=g\",\"contentUrl\":\"https:\/\/secure.gravatar.com\/avatar\/096ec78df02049ab018702bb4ccedf659377fa92a26540b5247612077a0dbd29?s=96&d=mm&r=g\",\"caption\":\"Prensa G&amp;S FM\"},\"sameAs\":[\"https:\/\/gysfm.com.ar\/\"],\"url\":\"https:\/\/gysfm.com.ar\/inicio\/author\/lucasm\/\"}]}<\/script>\n<!-- \/ Yoast SEO plugin. -->","yoast_head_json":{"title":"N\u00fameros y la lenta rebeli\u00f3n del sentido del mundo - GYS NOTICIAS |","robots":{"index":"index","follow":"follow","max-snippet":"max-snippet:-1","max-image-preview":"max-image-preview:large","max-video-preview":"max-video-preview:-1"},"canonical":"https:\/\/gysfm.com.ar\/inicio\/numeros-y-la-lenta-rebelion-del-sentido-del-mundo\/","og_locale":"es_ES","og_type":"article","og_title":"N\u00fameros y la lenta rebeli\u00f3n del sentido del mundo - GYS NOTICIAS |","og_description":"Nos acostumbramos a que, en medio de una discusi\u00f3n, baste un n\u00famero para disipar dudas y cerrar la idea. Una tasa, un promedio, toda certeza que se perciba capaz de ordenar el caos del mundo. Sin embargo, los nuevos tiempos de la digitalidad han activado en la precisi\u00f3n implacable de los n\u00fameros la sospecha o [&hellip;]","og_url":"https:\/\/gysfm.com.ar\/inicio\/numeros-y-la-lenta-rebelion-del-sentido-del-mundo\/","og_site_name":"GYS NOTICIAS |","article_published_time":"2026-04-30T12:04:09+00:00","author":"Prensa G&amp;S FM","twitter_card":"summary_large_image","twitter_misc":{"Escrito por":"Prensa G&amp;S FM","Tiempo de lectura":"5 minutos"},"schema":{"@context":"https:\/\/schema.org","@graph":[{"@type":"Article","@id":"https:\/\/gysfm.com.ar\/inicio\/numeros-y-la-lenta-rebelion-del-sentido-del-mundo\/#article","isPartOf":{"@id":"https:\/\/gysfm.com.ar\/inicio\/numeros-y-la-lenta-rebelion-del-sentido-del-mundo\/"},"author":{"name":"Prensa G&amp;S FM","@id":"https:\/\/gysfm.com.ar\/inicio\/#\/schema\/person\/3abba7593ef2ad19e1be221d54383dc5"},"headline":"N\u00fameros y la lenta rebeli\u00f3n del sentido del mundo","datePublished":"2026-04-30T12:04:09+00:00","mainEntityOfPage":{"@id":"https:\/\/gysfm.com.ar\/inicio\/numeros-y-la-lenta-rebelion-del-sentido-del-mundo\/"},"wordCount":928,"publisher":{"@id":"https:\/\/gysfm.com.ar\/inicio\/#organization"},"image":{"@id":"https:\/\/gysfm.com.ar\/inicio\/numeros-y-la-lenta-rebelion-del-sentido-del-mundo\/#primaryimage"},"thumbnailUrl":"https:\/\/gysfm.com.ar\/inicio\/wp-content\/uploads\/2026\/04\/mhoni-vidente-revela-los-numeros-de-la-suerte-2101762.jpg","articleSection":["NACIONALES"],"inLanguage":"es"},{"@type":"WebPage","@id":"https:\/\/gysfm.com.ar\/inicio\/numeros-y-la-lenta-rebelion-del-sentido-del-mundo\/","url":"https:\/\/gysfm.com.ar\/inicio\/numeros-y-la-lenta-rebelion-del-sentido-del-mundo\/","name":"N\u00fameros y la lenta rebeli\u00f3n del sentido del mundo - GYS NOTICIAS |","isPartOf":{"@id":"https:\/\/gysfm.com.ar\/inicio\/#website"},"primaryImageOfPage":{"@id":"https:\/\/gysfm.com.ar\/inicio\/numeros-y-la-lenta-rebelion-del-sentido-del-mundo\/#primaryimage"},"image":{"@id":"https:\/\/gysfm.com.ar\/inicio\/numeros-y-la-lenta-rebelion-del-sentido-del-mundo\/#primaryimage"},"thumbnailUrl":"https:\/\/gysfm.com.ar\/inicio\/wp-content\/uploads\/2026\/04\/mhoni-vidente-revela-los-numeros-de-la-suerte-2101762.jpg","datePublished":"2026-04-30T12:04:09+00:00","breadcrumb":{"@id":"https:\/\/gysfm.com.ar\/inicio\/numeros-y-la-lenta-rebelion-del-sentido-del-mundo\/#breadcrumb"},"inLanguage":"es","potentialAction":[{"@type":"ReadAction","target":["https:\/\/gysfm.com.ar\/inicio\/numeros-y-la-lenta-rebelion-del-sentido-del-mundo\/"]}]},{"@type":"ImageObject","inLanguage":"es","@id":"https:\/\/gysfm.com.ar\/inicio\/numeros-y-la-lenta-rebelion-del-sentido-del-mundo\/#primaryimage","url":"https:\/\/gysfm.com.ar\/inicio\/wp-content\/uploads\/2026\/04\/mhoni-vidente-revela-los-numeros-de-la-suerte-2101762.jpg","contentUrl":"https:\/\/gysfm.com.ar\/inicio\/wp-content\/uploads\/2026\/04\/mhoni-vidente-revela-los-numeros-de-la-suerte-2101762.jpg","width":1140,"height":641},{"@type":"BreadcrumbList","@id":"https:\/\/gysfm.com.ar\/inicio\/numeros-y-la-lenta-rebelion-del-sentido-del-mundo\/#breadcrumb","itemListElement":[{"@type":"ListItem","position":1,"name":"Portada","item":"https:\/\/gysfm.com.ar\/inicio\/"},{"@type":"ListItem","position":2,"name":"N\u00fameros y la lenta rebeli\u00f3n del sentido del mundo"}]},{"@type":"WebSite","@id":"https:\/\/gysfm.com.ar\/inicio\/#website","url":"https:\/\/gysfm.com.ar\/inicio\/","name":"GYS NOTICIAS |","description":"DIARIO - RADIO ONLINE SAN JUAN ARGENTINA","publisher":{"@id":"https:\/\/gysfm.com.ar\/inicio\/#organization"},"potentialAction":[{"@type":"SearchAction","target":{"@type":"EntryPoint","urlTemplate":"https:\/\/gysfm.com.ar\/inicio\/?s={search_term_string}"},"query-input":{"@type":"PropertyValueSpecification","valueRequired":true,"valueName":"search_term_string"}}],"inLanguage":"es"},{"@type":"Organization","@id":"https:\/\/gysfm.com.ar\/inicio\/#organization","name":"GYS NOTICIAS |","url":"https:\/\/gysfm.com.ar\/inicio\/","logo":{"@type":"ImageObject","inLanguage":"es","@id":"https:\/\/gysfm.com.ar\/inicio\/#\/schema\/logo\/image\/","url":"https:\/\/gysfm.com.ar\/inicio\/wp-content\/uploads\/2023\/07\/LOGOGYS-OK.png","contentUrl":"https:\/\/gysfm.com.ar\/inicio\/wp-content\/uploads\/2023\/07\/LOGOGYS-OK.png","width":1170,"height":872,"caption":"GYS NOTICIAS |"},"image":{"@id":"https:\/\/gysfm.com.ar\/inicio\/#\/schema\/logo\/image\/"}},{"@type":"Person","@id":"https:\/\/gysfm.com.ar\/inicio\/#\/schema\/person\/3abba7593ef2ad19e1be221d54383dc5","name":"Prensa G&amp;S FM","image":{"@type":"ImageObject","inLanguage":"es","@id":"https:\/\/gysfm.com.ar\/inicio\/#\/schema\/person\/image\/","url":"https:\/\/secure.gravatar.com\/avatar\/096ec78df02049ab018702bb4ccedf659377fa92a26540b5247612077a0dbd29?s=96&d=mm&r=g","contentUrl":"https:\/\/secure.gravatar.com\/avatar\/096ec78df02049ab018702bb4ccedf659377fa92a26540b5247612077a0dbd29?s=96&d=mm&r=g","caption":"Prensa G&amp;S FM"},"sameAs":["https:\/\/gysfm.com.ar\/"],"url":"https:\/\/gysfm.com.ar\/inicio\/author\/lucasm\/"}]}},"_links":{"self":[{"href":"https:\/\/gysfm.com.ar\/inicio\/wp-json\/wp\/v2\/posts\/193858","targetHints":{"allow":["GET"]}}],"collection":[{"href":"https:\/\/gysfm.com.ar\/inicio\/wp-json\/wp\/v2\/posts"}],"about":[{"href":"https:\/\/gysfm.com.ar\/inicio\/wp-json\/wp\/v2\/types\/post"}],"author":[{"embeddable":true,"href":"https:\/\/gysfm.com.ar\/inicio\/wp-json\/wp\/v2\/users\/2"}],"replies":[{"embeddable":true,"href":"https:\/\/gysfm.com.ar\/inicio\/wp-json\/wp\/v2\/comments?post=193858"}],"version-history":[{"count":0,"href":"https:\/\/gysfm.com.ar\/inicio\/wp-json\/wp\/v2\/posts\/193858\/revisions"}],"wp:featuredmedia":[{"embeddable":true,"href":"https:\/\/gysfm.com.ar\/inicio\/wp-json\/wp\/v2\/media\/193859"}],"wp:attachment":[{"href":"https:\/\/gysfm.com.ar\/inicio\/wp-json\/wp\/v2\/media?parent=193858"}],"wp:term":[{"taxonomy":"category","embeddable":true,"href":"https:\/\/gysfm.com.ar\/inicio\/wp-json\/wp\/v2\/categories?post=193858"},{"taxonomy":"post_tag","embeddable":true,"href":"https:\/\/gysfm.com.ar\/inicio\/wp-json\/wp\/v2\/tags?post=193858"}],"curies":[{"name":"wp","href":"https:\/\/api.w.org\/{rel}","templated":true}]}}