{"id":193856,"date":"2026-04-30T08:33:08","date_gmt":"2026-04-30T11:33:08","guid":{"rendered":"https:\/\/gysfm.com.ar\/inicio\/envidiosa-el-encargado-y-todos-los-estrenos-que-podes-ver-este-fin-de-semana-largo\/"},"modified":"2026-04-30T08:33:08","modified_gmt":"2026-04-30T11:33:08","slug":"envidiosa-el-encargado-y-todos-los-estrenos-que-podes-ver-este-fin-de-semana-largo","status":"publish","type":"post","link":"https:\/\/gysfm.com.ar\/inicio\/envidiosa-el-encargado-y-todos-los-estrenos-que-podes-ver-este-fin-de-semana-largo\/","title":{"rendered":"\u00abEnvidiosa\u00bb, \u00abEl encargado\u00bb y todos los estrenos que pod\u00e9s ver este fin de semana largo"},"content":{"rendered":"<p><\/p>\n<div id=\"article-content\">\n<p>El<strong> fin de semana largo<\/strong> que va del viernes<strong> <a target=\"_blank\" href=\"https:\/\/www.perfil.com\/noticias\/sociedad\/feriado-1-de-mayo-2026-asi-funcionara-el-transporte-a35-y-los-servicios-publicos-este-viernes-en-el-amba.phtml\">1 de mayo<\/a><\/strong>, feriado por el <strong>D\u00eda Internacional de los Trabajadores<\/strong>, al domingo 3 de mayo se presenta como una oportunidad ideal para ponerse al d\u00eda con las plataformas de streaming. <a target=\"_blank\" href=\"https:\/\/www.perfil.com\/noticias\/espectaculos\/el-estreno-mas-esperado-netflix-se-prepara-para-el-regreso-de-el-eternauta-con-su-segunda-temporada.phtml\"><strong>Netflix<\/strong><\/a>, <strong>Prime Video<\/strong> y <strong>Disney+<\/strong> actualizan sus cat\u00e1logos con nuevas temporadas, series originales y pel\u00edculas que buscan captar la atenci\u00f3n durante tres d\u00edas de alto consumo audiovisual.<\/p>\n<p>Entre las novedades m\u00e1s fuertes aparecen regresos de ficciones muy populares en Argentina, como <em><strong>Envidiosa <\/strong><\/em>y <strong><em>El encargado<\/em><\/strong>, junto a apuestas internacionales y adaptaciones literarias de alto perfil. La variedad de g\u00e9neros marca el pulso del fin de semana.<\/p>\n<p>A continuaci\u00f3n, un repaso claro y organizado de todos los estrenos que llegan hasta el 3 de mayo a las principales plataformas, con fechas confirmadas y datos clave para elegir qu\u00e9 ver seg\u00fan el tiempo disponible y las ganas.<\/p>\n<div class=\"subscription\">\n<p>\n        Esto no les gusta a los autoritarios\n    <\/p>\n<div class=\"subscription__container\">\n<div class=\"subscription__text-wrapper\">\n<p>\n                El ejercicio del periodismo profesional y cr\u00edtico es un pilar fundamental de la democracia. Por eso molesta a quienes creen ser los due\u00f1os de la verdad.\n            <\/p>\n<\/p><\/div><\/div>\n<\/div>\n<p class=\"destacadoNota\"><a target=\"_blank\" href=\"https:\/\/www.perfil.com\/noticias\/espectaculos\/llega-a-netflix-la-cuarta-y-ultima-temporada-de-envidiosa-cuando-se-estrena-y-como-sigue-la-trama-a35.phtml\">Llega a Netflix la cuarta y \u00faltima temporada de \u00abEnvidiosa\u00bb: cu\u00e1ndo se estrena y c\u00f3mo sigue la trama<\/a><\/p>\n<h2>Qu\u00e9 ver el fin de semana largo en Netflix<\/h2>\n<p><strong>Netflix <\/strong>arranc\u00f3 la semana con movimientos fuertes en su cat\u00e1logo argentino. Desde el domingo 27 de abril ya est\u00e1n disponibles<strong> Supernova Strikers: Genesis<\/strong> y <em><strong>Te ir\u00e1s al infierno<\/strong><\/em>, dos producciones que inauguraron la tanda de estrenos y que ya pueden verse completas.<\/p>\n<p>Este martes<strong> 29 de abril <\/strong>se suman nuevos t\u00edtulos al cat\u00e1logo. Uno de los m\u00e1s destacados es <a target=\"_blank\" href=\"https:\/\/marieclaire.perfil.com\/noticias\/personajes\/griselda-siciliani-y-lorena-vega-de-envidiosa-netflix-hay-otra-manera-de-narrar-el-feminismo.phtml\"><em><strong>Envidiosa<\/strong><\/em><\/a>, que estrena su cuarta temporada. La serie protagonizada por Griselda Siciliani, y producida por Adri\u00e1n Suar, regresa con lo que se perfila como su entrega final. En esta etapa, Vicky sigue enfrentando contradicciones personales y mandatos sociales mientras persigue su ideal de felicidad familiar. El elenco se completa con Esteban Lamothe, Benjam\u00edn Vicu\u00f1a y Pilar Gamboa.<\/p>\n<p>Tambi\u00e9n llega<strong> <em>\u00bfDeber\u00eda casarme con un asesino?<\/em><\/strong>, una serie documental que se inscribe dentro del g\u00e9nero de cr\u00edmenes reales, y <em><strong>Me llamo Agneta<\/strong><\/em>, una comedia sueca centrada en una mujer de 50 a\u00f1os que deja su trabajo de oficina para convertirse en cuidadora en Francia. El giro de la historia aparece cuando descubre que su paciente es un anciano exc\u00e9ntrico con demencia que transforma su mirada sobre el amor y la vida.<\/p>\n<p>Ya el <strong>viernes 1 de mayo<\/strong>, Netflix suma t\u00edtulos que llegan directamente para el fin de semana largo, como <em><strong>Intercambiados <\/strong><\/em>y <em><strong>Mi querida se\u00f1orita<\/strong><\/em>, nueva versi\u00f3n del cl\u00e1sico de 1972. Esta \u00faltima sigue la historia de una joven criada en una familia tradicional que, tras descubrir su verdadera identidad biol\u00f3gica, inicia un proceso de autodescubrimiento y exploraci\u00f3n personal.<\/p>\n<h2>Prime Video, Disney+ y HBO Max: regresos argentinos y apuestas internacionales<\/h2>\n<p>Fuera de Netflix, el resto de las plataformas tambi\u00e9n actualiza su programaci\u00f3n con t\u00edtulos relevantes. En<strong> Prime Video<\/strong>, desde este mi\u00e9rcoles 29 de abril est\u00e1 disponible <a target=\"_blank\" href=\"https:\/\/exitoina.perfil.com\/noticias\/series\/prime-video-lanzo-el-primer-trailer-de-la-casa-de-los-espiritus-protagonizada-por-dolores-fonzi.phtml\"><em><strong>La casa de los esp\u00edritus<\/strong><\/em><\/a>, la esperada adaptaci\u00f3n de la novela de Isabel Allende. Protagonizada por <strong>Dolores Fonzi <\/strong>y la espa\u00f1ola <strong>Nicole Wallace<\/strong>, la serie recorre tres generaciones de la familia Trueba a lo largo de ocho episodios, combinando realismo m\u00e1gico, conflictos pol\u00edticos y tradiciones conservadoras.<\/p>\n<p class=\"destacadoNota\"><a target=\"_blank\" href=\"https:\/\/www.perfil.com\/noticias\/espectaculos\/llega-la-cuarta-temporada-de-el-encargado-a-disney-cuando-se-estrena-y-como-sigue-la-trama-a35.phtml\">Llega la cuarta temporada de \u00abEl Encargado\u00bb a Disney+: cu\u00e1ndo se estrena y c\u00f3mo sigue la trama<\/a><\/p>\n<p>En <strong>Disney+<\/strong>, uno de los estrenos m\u00e1s fuertes llega el viernes 1 de mayo con la cuarta temporada de <a target=\"_blank\" href=\"https:\/\/exitoina.perfil.com\/noticias\/series\/disney-anuncio-cuando-estrena-cuarta-temporada-el-encargado-que-pasara-personaje-guillermo-francella.phtml\"><em><strong>El encargado<\/strong><\/em><\/a>. La ficci\u00f3n protagonizada por <strong>Guillermo Francella<\/strong> regresa con nuevos conflictos en el edificio y un Eliseo cada vez m\u00e1s consolidado como figura central de poder, en una de las series argentinas m\u00e1s vistas del streaming.<\/p>\n<p>La plataforma tambi\u00e9n suma desde el 29 de abril la temporada 21 de<em><strong> Padre Made in USA<\/strong><\/em>, ampliando la oferta animada para adultos, y el 1 de mayo estrena<em><strong> Travis Japan Summer Vacation!! In the USA<\/strong><\/em>, una propuesta orientada al p\u00fablico fan del pop japon\u00e9s.<\/p>\n<p>Por su parte,<strong> HBO Max <\/strong>incorpora el 30 de abril t\u00edtulos como<em><strong> Y entonces, huyes<\/strong><\/em> y las pel\u00edculas <em><strong>Emmanuelle <\/strong><\/em>y<strong><em> En los 90<\/em><\/strong>, completando una semana marcada por la diversidad de g\u00e9neros y or\u00edgenes.<\/p>\n<\/p><\/div>\n<p><script>\n                !function(f,b,e,v,n,t,s)\n                {if(f.fbq)return;n=f.fbq=function(){n.callMethod?\n                    n.callMethod.apply(n,arguments):n.queue.push(arguments)};\n                    if(!f._fbq)f._fbq=n;n.push=n;n.loaded=!0;n.version='2.0';\n                    n.queue=[];t=b.createElement(e);t.async=!0;\n                    t.src=v;s=b.getElementsByTagName(e)[0];\n                    s.parentNode.insertBefore(t,s)}(window, document,'script',\n                    'https:\/\/connect.facebook.net\/en_US\/fbevents.js');\n                window.paywallConfig.facebook_pixel=\"1000228364089342\"\n            <\/script><\/p>\n","protected":false},"excerpt":{"rendered":"<p>El fin de semana largo que va del viernes 1 de mayo, feriado por el D\u00eda Internacional de los Trabajadores, al domingo 3 de mayo se presenta como una oportunidad ideal para ponerse al d\u00eda con las plataformas de streaming. Netflix, Prime Video y Disney+ actualizan sus cat\u00e1logos con nuevas temporadas, series originales y pel\u00edculas [&hellip;]<\/p>\n","protected":false},"author":2,"featured_media":193857,"comment_status":"closed","ping_status":"closed","sticky":false,"template":"","format":"standard","meta":{"footnotes":""},"categories":[25],"tags":[],"class_list":["post-193856","post","type-post","status-publish","format-standard","has-post-thumbnail","hentry","category-nacionales"],"yoast_head":"<!-- This site is optimized with the Yoast SEO plugin v24.4 - https:\/\/yoast.com\/wordpress\/plugins\/seo\/ -->\n<title>&quot;Envidiosa&quot;, &quot;El encargado&quot; y todos los estrenos que pod\u00e9s ver este fin de semana largo - GYS NOTICIAS |<\/title>\n<meta name=\"robots\" content=\"index, follow, max-snippet:-1, max-image-preview:large, max-video-preview:-1\" \/>\n<link rel=\"canonical\" href=\"https:\/\/gysfm.com.ar\/inicio\/envidiosa-el-encargado-y-todos-los-estrenos-que-podes-ver-este-fin-de-semana-largo\/\" \/>\n<meta property=\"og:locale\" content=\"es_ES\" \/>\n<meta property=\"og:type\" content=\"article\" \/>\n<meta property=\"og:title\" content=\"&quot;Envidiosa&quot;, &quot;El encargado&quot; y todos los estrenos que pod\u00e9s ver este fin de semana largo - GYS NOTICIAS |\" \/>\n<meta property=\"og:description\" content=\"El fin de semana largo que va del viernes 1 de mayo, feriado por el D\u00eda Internacional de los Trabajadores, al domingo 3 de mayo se presenta como una oportunidad ideal para ponerse al d\u00eda con las plataformas de streaming. Netflix, Prime Video y Disney+ actualizan sus cat\u00e1logos con nuevas temporadas, series originales y pel\u00edculas [&hellip;]\" \/>\n<meta property=\"og:url\" content=\"https:\/\/gysfm.com.ar\/inicio\/envidiosa-el-encargado-y-todos-los-estrenos-que-podes-ver-este-fin-de-semana-largo\/\" \/>\n<meta property=\"og:site_name\" content=\"GYS NOTICIAS |\" \/>\n<meta property=\"article:published_time\" content=\"2026-04-30T11:33:08+00:00\" \/>\n<meta name=\"author\" content=\"Prensa G&amp;S FM\" \/>\n<meta name=\"twitter:card\" content=\"summary_large_image\" \/>\n<meta name=\"twitter:label1\" content=\"Escrito por\" \/>\n\t<meta name=\"twitter:data1\" content=\"Prensa G&amp;S FM\" \/>\n\t<meta name=\"twitter:label2\" content=\"Tiempo de lectura\" \/>\n\t<meta name=\"twitter:data2\" content=\"4 minutos\" \/>\n<script type=\"application\/ld+json\" class=\"yoast-schema-graph\">{\"@context\":\"https:\/\/schema.org\",\"@graph\":[{\"@type\":\"Article\",\"@id\":\"https:\/\/gysfm.com.ar\/inicio\/envidiosa-el-encargado-y-todos-los-estrenos-que-podes-ver-este-fin-de-semana-largo\/#article\",\"isPartOf\":{\"@id\":\"https:\/\/gysfm.com.ar\/inicio\/envidiosa-el-encargado-y-todos-los-estrenos-que-podes-ver-este-fin-de-semana-largo\/\"},\"author\":{\"name\":\"Prensa G&amp;S FM\",\"@id\":\"https:\/\/gysfm.com.ar\/inicio\/#\/schema\/person\/3abba7593ef2ad19e1be221d54383dc5\"},\"headline\":\"\u00abEnvidiosa\u00bb, \u00abEl encargado\u00bb y todos los estrenos que pod\u00e9s ver este fin de semana largo\",\"datePublished\":\"2026-04-30T11:33:08+00:00\",\"mainEntityOfPage\":{\"@id\":\"https:\/\/gysfm.com.ar\/inicio\/envidiosa-el-encargado-y-todos-los-estrenos-que-podes-ver-este-fin-de-semana-largo\/\"},\"wordCount\":744,\"publisher\":{\"@id\":\"https:\/\/gysfm.com.ar\/inicio\/#organization\"},\"image\":{\"@id\":\"https:\/\/gysfm.com.ar\/inicio\/envidiosa-el-encargado-y-todos-los-estrenos-que-podes-ver-este-fin-de-semana-largo\/#primaryimage\"},\"thumbnailUrl\":\"https:\/\/gysfm.com.ar\/inicio\/wp-content\/uploads\/2026\/04\/que-ver-el-fin-de-semana-largo-2230276.jpg\",\"articleSection\":[\"NACIONALES\"],\"inLanguage\":\"es\"},{\"@type\":\"WebPage\",\"@id\":\"https:\/\/gysfm.com.ar\/inicio\/envidiosa-el-encargado-y-todos-los-estrenos-que-podes-ver-este-fin-de-semana-largo\/\",\"url\":\"https:\/\/gysfm.com.ar\/inicio\/envidiosa-el-encargado-y-todos-los-estrenos-que-podes-ver-este-fin-de-semana-largo\/\",\"name\":\"\\\"Envidiosa\\\", \\\"El encargado\\\" y todos los estrenos que pod\u00e9s ver este fin de semana largo - GYS NOTICIAS |\",\"isPartOf\":{\"@id\":\"https:\/\/gysfm.com.ar\/inicio\/#website\"},\"primaryImageOfPage\":{\"@id\":\"https:\/\/gysfm.com.ar\/inicio\/envidiosa-el-encargado-y-todos-los-estrenos-que-podes-ver-este-fin-de-semana-largo\/#primaryimage\"},\"image\":{\"@id\":\"https:\/\/gysfm.com.ar\/inicio\/envidiosa-el-encargado-y-todos-los-estrenos-que-podes-ver-este-fin-de-semana-largo\/#primaryimage\"},\"thumbnailUrl\":\"https:\/\/gysfm.com.ar\/inicio\/wp-content\/uploads\/2026\/04\/que-ver-el-fin-de-semana-largo-2230276.jpg\",\"datePublished\":\"2026-04-30T11:33:08+00:00\",\"breadcrumb\":{\"@id\":\"https:\/\/gysfm.com.ar\/inicio\/envidiosa-el-encargado-y-todos-los-estrenos-que-podes-ver-este-fin-de-semana-largo\/#breadcrumb\"},\"inLanguage\":\"es\",\"potentialAction\":[{\"@type\":\"ReadAction\",\"target\":[\"https:\/\/gysfm.com.ar\/inicio\/envidiosa-el-encargado-y-todos-los-estrenos-que-podes-ver-este-fin-de-semana-largo\/\"]}]},{\"@type\":\"ImageObject\",\"inLanguage\":\"es\",\"@id\":\"https:\/\/gysfm.com.ar\/inicio\/envidiosa-el-encargado-y-todos-los-estrenos-que-podes-ver-este-fin-de-semana-largo\/#primaryimage\",\"url\":\"https:\/\/gysfm.com.ar\/inicio\/wp-content\/uploads\/2026\/04\/que-ver-el-fin-de-semana-largo-2230276.jpg\",\"contentUrl\":\"https:\/\/gysfm.com.ar\/inicio\/wp-content\/uploads\/2026\/04\/que-ver-el-fin-de-semana-largo-2230276.jpg\",\"width\":1140,\"height\":641},{\"@type\":\"BreadcrumbList\",\"@id\":\"https:\/\/gysfm.com.ar\/inicio\/envidiosa-el-encargado-y-todos-los-estrenos-que-podes-ver-este-fin-de-semana-largo\/#breadcrumb\",\"itemListElement\":[{\"@type\":\"ListItem\",\"position\":1,\"name\":\"Portada\",\"item\":\"https:\/\/gysfm.com.ar\/inicio\/\"},{\"@type\":\"ListItem\",\"position\":2,\"name\":\"\u00abEnvidiosa\u00bb, \u00abEl encargado\u00bb y todos los estrenos que pod\u00e9s ver este fin de semana largo\"}]},{\"@type\":\"WebSite\",\"@id\":\"https:\/\/gysfm.com.ar\/inicio\/#website\",\"url\":\"https:\/\/gysfm.com.ar\/inicio\/\",\"name\":\"GYS NOTICIAS |\",\"description\":\"DIARIO - RADIO ONLINE SAN JUAN ARGENTINA\",\"publisher\":{\"@id\":\"https:\/\/gysfm.com.ar\/inicio\/#organization\"},\"potentialAction\":[{\"@type\":\"SearchAction\",\"target\":{\"@type\":\"EntryPoint\",\"urlTemplate\":\"https:\/\/gysfm.com.ar\/inicio\/?s={search_term_string}\"},\"query-input\":{\"@type\":\"PropertyValueSpecification\",\"valueRequired\":true,\"valueName\":\"search_term_string\"}}],\"inLanguage\":\"es\"},{\"@type\":\"Organization\",\"@id\":\"https:\/\/gysfm.com.ar\/inicio\/#organization\",\"name\":\"GYS NOTICIAS |\",\"url\":\"https:\/\/gysfm.com.ar\/inicio\/\",\"logo\":{\"@type\":\"ImageObject\",\"inLanguage\":\"es\",\"@id\":\"https:\/\/gysfm.com.ar\/inicio\/#\/schema\/logo\/image\/\",\"url\":\"https:\/\/gysfm.com.ar\/inicio\/wp-content\/uploads\/2023\/07\/LOGOGYS-OK.png\",\"contentUrl\":\"https:\/\/gysfm.com.ar\/inicio\/wp-content\/uploads\/2023\/07\/LOGOGYS-OK.png\",\"width\":1170,\"height\":872,\"caption\":\"GYS NOTICIAS |\"},\"image\":{\"@id\":\"https:\/\/gysfm.com.ar\/inicio\/#\/schema\/logo\/image\/\"}},{\"@type\":\"Person\",\"@id\":\"https:\/\/gysfm.com.ar\/inicio\/#\/schema\/person\/3abba7593ef2ad19e1be221d54383dc5\",\"name\":\"Prensa G&amp;S FM\",\"image\":{\"@type\":\"ImageObject\",\"inLanguage\":\"es\",\"@id\":\"https:\/\/gysfm.com.ar\/inicio\/#\/schema\/person\/image\/\",\"url\":\"https:\/\/secure.gravatar.com\/avatar\/096ec78df02049ab018702bb4ccedf659377fa92a26540b5247612077a0dbd29?s=96&d=mm&r=g\",\"contentUrl\":\"https:\/\/secure.gravatar.com\/avatar\/096ec78df02049ab018702bb4ccedf659377fa92a26540b5247612077a0dbd29?s=96&d=mm&r=g\",\"caption\":\"Prensa G&amp;S FM\"},\"sameAs\":[\"https:\/\/gysfm.com.ar\/\"],\"url\":\"https:\/\/gysfm.com.ar\/inicio\/author\/lucasm\/\"}]}<\/script>\n<!-- \/ Yoast SEO plugin. -->","yoast_head_json":{"title":"\"Envidiosa\", \"El encargado\" y todos los estrenos que pod\u00e9s ver este fin de semana largo - GYS NOTICIAS |","robots":{"index":"index","follow":"follow","max-snippet":"max-snippet:-1","max-image-preview":"max-image-preview:large","max-video-preview":"max-video-preview:-1"},"canonical":"https:\/\/gysfm.com.ar\/inicio\/envidiosa-el-encargado-y-todos-los-estrenos-que-podes-ver-este-fin-de-semana-largo\/","og_locale":"es_ES","og_type":"article","og_title":"\"Envidiosa\", \"El encargado\" y todos los estrenos que pod\u00e9s ver este fin de semana largo - GYS NOTICIAS |","og_description":"El fin de semana largo que va del viernes 1 de mayo, feriado por el D\u00eda Internacional de los Trabajadores, al domingo 3 de mayo se presenta como una oportunidad ideal para ponerse al d\u00eda con las plataformas de streaming. Netflix, Prime Video y Disney+ actualizan sus cat\u00e1logos con nuevas temporadas, series originales y pel\u00edculas [&hellip;]","og_url":"https:\/\/gysfm.com.ar\/inicio\/envidiosa-el-encargado-y-todos-los-estrenos-que-podes-ver-este-fin-de-semana-largo\/","og_site_name":"GYS NOTICIAS |","article_published_time":"2026-04-30T11:33:08+00:00","author":"Prensa G&amp;S FM","twitter_card":"summary_large_image","twitter_misc":{"Escrito por":"Prensa G&amp;S FM","Tiempo de lectura":"4 minutos"},"schema":{"@context":"https:\/\/schema.org","@graph":[{"@type":"Article","@id":"https:\/\/gysfm.com.ar\/inicio\/envidiosa-el-encargado-y-todos-los-estrenos-que-podes-ver-este-fin-de-semana-largo\/#article","isPartOf":{"@id":"https:\/\/gysfm.com.ar\/inicio\/envidiosa-el-encargado-y-todos-los-estrenos-que-podes-ver-este-fin-de-semana-largo\/"},"author":{"name":"Prensa G&amp;S FM","@id":"https:\/\/gysfm.com.ar\/inicio\/#\/schema\/person\/3abba7593ef2ad19e1be221d54383dc5"},"headline":"\u00abEnvidiosa\u00bb, \u00abEl encargado\u00bb y todos los estrenos que pod\u00e9s ver este fin de semana largo","datePublished":"2026-04-30T11:33:08+00:00","mainEntityOfPage":{"@id":"https:\/\/gysfm.com.ar\/inicio\/envidiosa-el-encargado-y-todos-los-estrenos-que-podes-ver-este-fin-de-semana-largo\/"},"wordCount":744,"publisher":{"@id":"https:\/\/gysfm.com.ar\/inicio\/#organization"},"image":{"@id":"https:\/\/gysfm.com.ar\/inicio\/envidiosa-el-encargado-y-todos-los-estrenos-que-podes-ver-este-fin-de-semana-largo\/#primaryimage"},"thumbnailUrl":"https:\/\/gysfm.com.ar\/inicio\/wp-content\/uploads\/2026\/04\/que-ver-el-fin-de-semana-largo-2230276.jpg","articleSection":["NACIONALES"],"inLanguage":"es"},{"@type":"WebPage","@id":"https:\/\/gysfm.com.ar\/inicio\/envidiosa-el-encargado-y-todos-los-estrenos-que-podes-ver-este-fin-de-semana-largo\/","url":"https:\/\/gysfm.com.ar\/inicio\/envidiosa-el-encargado-y-todos-los-estrenos-que-podes-ver-este-fin-de-semana-largo\/","name":"\"Envidiosa\", \"El encargado\" y todos los estrenos que pod\u00e9s ver este fin de semana largo - GYS NOTICIAS |","isPartOf":{"@id":"https:\/\/gysfm.com.ar\/inicio\/#website"},"primaryImageOfPage":{"@id":"https:\/\/gysfm.com.ar\/inicio\/envidiosa-el-encargado-y-todos-los-estrenos-que-podes-ver-este-fin-de-semana-largo\/#primaryimage"},"image":{"@id":"https:\/\/gysfm.com.ar\/inicio\/envidiosa-el-encargado-y-todos-los-estrenos-que-podes-ver-este-fin-de-semana-largo\/#primaryimage"},"thumbnailUrl":"https:\/\/gysfm.com.ar\/inicio\/wp-content\/uploads\/2026\/04\/que-ver-el-fin-de-semana-largo-2230276.jpg","datePublished":"2026-04-30T11:33:08+00:00","breadcrumb":{"@id":"https:\/\/gysfm.com.ar\/inicio\/envidiosa-el-encargado-y-todos-los-estrenos-que-podes-ver-este-fin-de-semana-largo\/#breadcrumb"},"inLanguage":"es","potentialAction":[{"@type":"ReadAction","target":["https:\/\/gysfm.com.ar\/inicio\/envidiosa-el-encargado-y-todos-los-estrenos-que-podes-ver-este-fin-de-semana-largo\/"]}]},{"@type":"ImageObject","inLanguage":"es","@id":"https:\/\/gysfm.com.ar\/inicio\/envidiosa-el-encargado-y-todos-los-estrenos-que-podes-ver-este-fin-de-semana-largo\/#primaryimage","url":"https:\/\/gysfm.com.ar\/inicio\/wp-content\/uploads\/2026\/04\/que-ver-el-fin-de-semana-largo-2230276.jpg","contentUrl":"https:\/\/gysfm.com.ar\/inicio\/wp-content\/uploads\/2026\/04\/que-ver-el-fin-de-semana-largo-2230276.jpg","width":1140,"height":641},{"@type":"BreadcrumbList","@id":"https:\/\/gysfm.com.ar\/inicio\/envidiosa-el-encargado-y-todos-los-estrenos-que-podes-ver-este-fin-de-semana-largo\/#breadcrumb","itemListElement":[{"@type":"ListItem","position":1,"name":"Portada","item":"https:\/\/gysfm.com.ar\/inicio\/"},{"@type":"ListItem","position":2,"name":"\u00abEnvidiosa\u00bb, \u00abEl encargado\u00bb y todos los estrenos que pod\u00e9s ver este fin de semana largo"}]},{"@type":"WebSite","@id":"https:\/\/gysfm.com.ar\/inicio\/#website","url":"https:\/\/gysfm.com.ar\/inicio\/","name":"GYS NOTICIAS |","description":"DIARIO - RADIO ONLINE SAN JUAN ARGENTINA","publisher":{"@id":"https:\/\/gysfm.com.ar\/inicio\/#organization"},"potentialAction":[{"@type":"SearchAction","target":{"@type":"EntryPoint","urlTemplate":"https:\/\/gysfm.com.ar\/inicio\/?s={search_term_string}"},"query-input":{"@type":"PropertyValueSpecification","valueRequired":true,"valueName":"search_term_string"}}],"inLanguage":"es"},{"@type":"Organization","@id":"https:\/\/gysfm.com.ar\/inicio\/#organization","name":"GYS NOTICIAS |","url":"https:\/\/gysfm.com.ar\/inicio\/","logo":{"@type":"ImageObject","inLanguage":"es","@id":"https:\/\/gysfm.com.ar\/inicio\/#\/schema\/logo\/image\/","url":"https:\/\/gysfm.com.ar\/inicio\/wp-content\/uploads\/2023\/07\/LOGOGYS-OK.png","contentUrl":"https:\/\/gysfm.com.ar\/inicio\/wp-content\/uploads\/2023\/07\/LOGOGYS-OK.png","width":1170,"height":872,"caption":"GYS NOTICIAS |"},"image":{"@id":"https:\/\/gysfm.com.ar\/inicio\/#\/schema\/logo\/image\/"}},{"@type":"Person","@id":"https:\/\/gysfm.com.ar\/inicio\/#\/schema\/person\/3abba7593ef2ad19e1be221d54383dc5","name":"Prensa G&amp;S FM","image":{"@type":"ImageObject","inLanguage":"es","@id":"https:\/\/gysfm.com.ar\/inicio\/#\/schema\/person\/image\/","url":"https:\/\/secure.gravatar.com\/avatar\/096ec78df02049ab018702bb4ccedf659377fa92a26540b5247612077a0dbd29?s=96&d=mm&r=g","contentUrl":"https:\/\/secure.gravatar.com\/avatar\/096ec78df02049ab018702bb4ccedf659377fa92a26540b5247612077a0dbd29?s=96&d=mm&r=g","caption":"Prensa G&amp;S FM"},"sameAs":["https:\/\/gysfm.com.ar\/"],"url":"https:\/\/gysfm.com.ar\/inicio\/author\/lucasm\/"}]}},"_links":{"self":[{"href":"https:\/\/gysfm.com.ar\/inicio\/wp-json\/wp\/v2\/posts\/193856","targetHints":{"allow":["GET"]}}],"collection":[{"href":"https:\/\/gysfm.com.ar\/inicio\/wp-json\/wp\/v2\/posts"}],"about":[{"href":"https:\/\/gysfm.com.ar\/inicio\/wp-json\/wp\/v2\/types\/post"}],"author":[{"embeddable":true,"href":"https:\/\/gysfm.com.ar\/inicio\/wp-json\/wp\/v2\/users\/2"}],"replies":[{"embeddable":true,"href":"https:\/\/gysfm.com.ar\/inicio\/wp-json\/wp\/v2\/comments?post=193856"}],"version-history":[{"count":0,"href":"https:\/\/gysfm.com.ar\/inicio\/wp-json\/wp\/v2\/posts\/193856\/revisions"}],"wp:featuredmedia":[{"embeddable":true,"href":"https:\/\/gysfm.com.ar\/inicio\/wp-json\/wp\/v2\/media\/193857"}],"wp:attachment":[{"href":"https:\/\/gysfm.com.ar\/inicio\/wp-json\/wp\/v2\/media?parent=193856"}],"wp:term":[{"taxonomy":"category","embeddable":true,"href":"https:\/\/gysfm.com.ar\/inicio\/wp-json\/wp\/v2\/categories?post=193856"},{"taxonomy":"post_tag","embeddable":true,"href":"https:\/\/gysfm.com.ar\/inicio\/wp-json\/wp\/v2\/tags?post=193856"}],"curies":[{"name":"wp","href":"https:\/\/api.w.org\/{rel}","templated":true}]}}