{"id":193853,"date":"2026-04-30T08:26:08","date_gmt":"2026-04-30T11:26:08","guid":{"rendered":"https:\/\/gysfm.com.ar\/inicio\/la-corte-suprema-limita-el-uso-de-la-raza-en-los-distritos-y-abre-un-nuevo-frente-politico-en-ee-uu\/"},"modified":"2026-04-30T08:26:09","modified_gmt":"2026-04-30T11:26:09","slug":"la-corte-suprema-limita-el-uso-de-la-raza-en-los-distritos-y-abre-un-nuevo-frente-politico-en-ee-uu","status":"publish","type":"post","link":"https:\/\/gysfm.com.ar\/inicio\/la-corte-suprema-limita-el-uso-de-la-raza-en-los-distritos-y-abre-un-nuevo-frente-politico-en-ee-uu\/","title":{"rendered":"La Corte Suprema limita el uso de la raza en los distritos y abre un nuevo frente pol\u00edtico en EE.UU."},"content":{"rendered":"<p> <br \/>\n<\/p>\n<div>\n<p class=\"com-paragraph  --capital --s\">WASHINGTON.- En una decisi\u00f3n que fue evaluada como una <strong>victoria para los republicanos<\/strong> de cara a los cruciales <strong>comicios de medio t\u00e9rmino<\/strong> de noviembre pr\u00f3ximo y futuros procesos, la <strong>Corte Suprema<\/strong> <strong>norteamericana<\/strong> debilit\u00f3 una disposici\u00f3n clave de la <strong>Ley de Derecho al Voto<\/strong> <strong>al limitar la consideraci\u00f3n de la raza en el trazado de los mapas electorales<\/strong>, en un fallo dividido sobre el estado de <strong>Luisiana<\/strong>.<\/p>\n<p class=\"com-paragraph   --s\">Los jueces, en una votaci\u00f3n de <strong>seis a tres <\/strong>impulsada por los miembros conservadores de la Corte, ratificaron la decisi\u00f3n de un tribunal inferior que <strong>bloqueaba un mapa electoral que habr\u00eda otorgado al estado un segundo distrito congresional de mayor\u00eda afroamericana<\/strong>, por considerar que se reg\u00eda <strong>en exceso por consideraciones raciales<\/strong> en violaci\u00f3n de normas constitucionales de igualdad de protecci\u00f3n ante la ley.<\/p>\n<p class=\"com-paragraph   --s\">La decisi\u00f3n, de alto impacto en Estados Unidos, se produce en medio de una <strong>pulseada a nivel nacional <\/strong>entre republicanos y dem\u00f3cratas sobre qu\u00e9 partido lograr\u00eda obtener la mayor <strong>ventaja pol\u00edtica<\/strong> en el Congreso mediante el redise\u00f1o de las l\u00edneas distritales de cara a <strong>futuras elecciones<\/strong>, no solo las pr\u00f3ximas de medio t\u00e9rmino.<\/p>\n<p class=\"com-paragraph   --s\">El fallo fue redactado por el juez <strong>Samuel Alito<\/strong> y cont\u00f3 con la adhesi\u00f3n de sus cinco pares conservadores, mientras que los tres jueces progresistas del m\u00e1ximo tribunal emitieron votos disidentes. <strong>Elena Kagan <\/strong>advirti\u00f3 en su escrito que<strong> \u201clas consecuencias probablemente ser\u00e1n amplias y graves\u201d<\/strong>.<\/p>\n<p class=\"com-paragraph   --s\">Seg\u00fan los especialistas, el fallo podr\u00eda abrir la puerta a que los estados gobernados por republicanos eliminen distritos electorales de poblaci\u00f3n afroamericana y latina \u2014que tienden a favorecer a los dem\u00f3cratas\u2014, lo que <strong>podr\u00eda afectar el equilibrio de poder en el Congreso<\/strong>. Un redise\u00f1o de distritos congresuales de mayor\u00eda minoritaria \u2014especialmente en estados del sur de Estados Unidos- podr\u00eda costarles sus esca\u00f1os a dem\u00f3cratas afroamericanos en un futuro, a\u00f1adieron.<\/p>\n<p class=\"com-paragraph   --s\">El presidente <strong>Donald Trump<\/strong> est\u00e1 embarcado en una batalla por la redistribuci\u00f3n de distritos con el fin de <strong>aumentar las posibilidades de los republicanos en los comicios de noviembre<\/strong>, en momentos en que los dem\u00f3cratas -seg\u00fan las encuestas- aumentaron sus chances de retomar el control del <strong>Senado<\/strong> y de la <strong>C\u00e1mara de Representantes<\/strong> ante el creciente descontento con la gesti\u00f3n del mandatario.<\/p>\n<div class=\"content-media\">\n<section role=\"button\" class=\"mod-media   \">\n<figure role=\"button\" tabindex=\"0\" class=\"mod-figure \"><figcaption class=\"mod-figcaption\"><span class=\"com-text --caption --twoxs\">El presidente de Estados Unidos, Donald Trump, durante una cena de Estado en el Sal\u00f3n Este de la Casa Blanca<\/span><span class=\"com-text --credit --twoxs\">HENRY NICHOLLS &#8211; AFP<\/span><\/figcaption><\/figure>\n<\/section>\n<\/div>\n<p class=\"com-paragraph   --s\">La administraci\u00f3n Trump celebr\u00f3 el fallo mediante un comunicado. <strong>\u201cEsta es una victoria completa y total para los votantes estadounidenses\u201d<\/strong>, escribi\u00f3 la vocera Abigail Jackson. \u201c<strong>El color de la piel de una persona no deber\u00eda dictar a qu\u00e9 distrito congresual pertenece<\/strong>. Elogiamos a la Corte por poner fin al abuso inconstitucional de la Ley de Derecho al Voto y por proteger los derechos civiles\u201d, a\u00f1adi\u00f3.<\/p>\n<p class=\"com-paragraph   --s\">M\u00e1s tarde, en un evento en la Casa Blanca, el mandatario fue consultado sobre si algunos estados deber\u00edan redise\u00f1ar sus mapas electorales bas\u00e1ndose en este fallo de la Corte.<strong> \u201cYo lo har\u00eda. Algunos estados no necesitan redise\u00f1arlos y otros, s\u00ed\u201d<\/strong>, respondi\u00f3 Trump.<\/p>\n<p class=\"com-paragraph   --s\">El caso del estado de Luisiana -gobernado por el republicano<strong> Jeff Landry<\/strong>&#8211; giraba en torno a un elemento central de la <strong>Ley de Derecho al Voto, que data de 1965<\/strong>. La Secci\u00f3n 2 de esa norma fue promulgada por el Congreso con el fin de prohibir los mapas electorales que tuvieran como resultado la diluci\u00f3n de la influencia de los votantes pertenecientes a minor\u00edas, incluso en ausencia de pruebas directas de intencionalidad racista.<\/p>\n<p class=\"com-paragraph   --s\">En su escrito, Alito se\u00f1al\u00f3 que el enfoque de la Secci\u00f3n 2 debe centrarse ahora en <strong>hacer cumplir la prohibici\u00f3n constitucional de la discriminaci\u00f3n racial intencional<\/strong>, establecida en la Decimoquinta Enmienda.<\/p>\n<div class=\"content-media\">\n<section role=\"button\" class=\"mod-media   \">\n<figure role=\"button\" tabindex=\"0\" class=\"mod-figure \"><figcaption class=\"mod-figcaption\"><span class=\"com-text --caption --twoxs\">El magistrado Samuel Alito, de la Corte Suprema de Estados Unidos.<\/span><span class=\"com-text --credit --twoxs\">J. Scott Applewhite &#8211; AP<\/span><\/figcaption><\/figure>\n<\/section>\n<\/div>\n<p class=\"com-paragraph   --s\">El magistrado tambi\u00e9n se\u00f1al\u00f3 que, de ahora en adelante, los demandantes tendr\u00edan que<strong> demostrar que un estado discrimin\u00f3 intencionadamente a un grupo minoritario al trazar un mapa de distritos<\/strong>, en lugar de limitarse a demostrar que el grupo minoritario no tuvo la oportunidad de elegir a un candidato de su preferencia cuando se daban ciertas circunstancias.<\/p>\n<p class=\"com-paragraph   --s\">Por su parte, Kagan -que ley\u00f3 su voto particular desde el estrado, con un profundo desacuerdo- indic\u00f3 que el fallo <strong>\u201cdeja a la Secci\u00f3n 2 pr\u00e1cticamente sin efecto\u201d. <\/strong>Adem\u00e1s, anticipo que se producir\u00e1 un <strong>declive precipitado<\/strong> en la representaci\u00f3n de las minor\u00edas en los cargos pol\u00edticos.<\/p>\n<div class=\"content-media\">\n<section role=\"button\" class=\"mod-media   \">\n<figure role=\"button\" tabindex=\"0\" class=\"mod-figure \"><figcaption class=\"mod-figcaption\"><span class=\"com-text --caption --twoxs\">Elena Kagan, jueza de la Corte Suprema de Estados Unidos.<\/span><span class=\"com-text --credit --twoxs\">EcuRed<\/span><\/figcaption><\/figure>\n<\/section>\n<\/div>\n<p class=\"com-paragraph   --s\">La decisi\u00f3n establece nuevas pautas sobre c\u00f3mo los tribunales analizar\u00e1n futuros casos en los que los estados dibujen nuevos mapas, imponiendo l\u00edmites adicionales sobre cu\u00e1nto se puede considerar la raza. <\/p>\n<p class=\"com-paragraph   --s\">Aunque entre los expertos a\u00fan no est\u00e1 claro c\u00f3mo esta decisi\u00f3n de la Corte impactar\u00e1 las elecciones de noviembre, en plena batalla por la redistribuci\u00f3n de distritos en m\u00faltiples estados, es probable que propicie la creaci\u00f3n de nuevos distritos republicanos en todo el sur del pa\u00eds para futuros comicios, incluidos los presidenciales de 2028.<\/p>\n<p class=\"com-paragraph   --s\">Seg\u00fan remarc\u00f3 <em>The Washington Post<\/em>, el fallo conlleva tambi\u00e9n un <strong>peso simb\u00f3lico significativo<\/strong>, al desmantelar en la pr\u00e1ctica el \u00faltimo gran pilar de una ley de 60 a\u00f1os de antig\u00fcedad, considerada desde hace mucho tiempo como uno de los logros m\u00e1s destacados de la <strong>era de los derechos civiles<\/strong>, que proh\u00edbe las pr\u00e1cticas discriminatorias en el voto y que contribuy\u00f3 en gran medida a aumentar la representaci\u00f3n de las minor\u00edas en los cargos estatales y federales.<\/p>\n<p class=\"com-paragraph   --s\">El representante dem\u00f3crata <strong>Troy Carter<\/strong> (Luisiana) calific\u00f3 la decisi\u00f3n como un<strong> \u201cgolpe devastador para la promesa de una representaci\u00f3n equitativa en nuestra democracia\u201d<\/strong>.<\/p>\n<p class=\"com-paragraph   --s\">\u201c<strong>Este fallo es mucho m\u00e1s que unas simples l\u00edneas en un mapa<\/strong>: se trata de determinar si los habitantes afroamericanos de Luisiana tendr\u00e1n una oportunidad real de hacer o\u00edr su voz\u201d, se\u00f1al\u00f3 Carter, cuyo distrito congresional, de mayor\u00eda afroamericana, abarca la ciudad de Nueva Orleans.<\/p>\n<p class=\"com-paragraph   --s\">En un comunicado, Carter se\u00f1al\u00f3 que<strong> las consecuencias de la decisi\u00f3n de la Corte ser\u00e1n \u201cinmediatas y severas\u201d<\/strong>, y advirti\u00f3 que los dos distritos congresionales de Luisiana con mayor\u00eda de poblaci\u00f3n afroamericana corren ahora el riesgo de ser desmantelados.<\/p>\n<p class=\"com-paragraph   --s\">Tambi\u00e9n se mostr\u00f3 cr\u00edtico el expresidente <strong>Barack Obama<\/strong>, que advirti\u00f3 que la decisi\u00f3n de la Corte <strong>\u201cdesmantela efectivamente un pilar clave\u201d<\/strong> de la Ley de Derechos Electorales, al liberar a las legislaturas estatales para \u201cmanipular los distritos legislativos con fines de <em>gerrymandering<\/em>, <strong>diluyendo y debilitando sistem\u00e1ticamente el poder de voto de las minor\u00edas raciales<\/strong>\u201d.<\/p>\n<p class=\"com-paragraph   --s\">En Estados Unidos, el t\u00e9rmino <em>gerrymandering<\/em> se usa para describir la habitual pr\u00e1ctica de modificaci\u00f3n de los distritos electorales por intereses partidistas.<\/p>\n<p class=\"com-paragraph   --s\">Por su parte, el congresista <strong>Richard Hudson<\/strong> (Carolina del Norte), que preside el brazo de campa\u00f1a republicano de la C\u00e1mara de Representantes, se\u00f1al\u00f3 que con el fallo la Corte \u201cdej\u00f3 claro que las elecciones deben ser decididas por los votantes, y<strong> no manipuladas mediante mandatos inconstitucionales<\/strong>\u201d.<\/p>\n<p class=\"com-paragraph   --s\">\u201cDurante demasiado tiempo,<strong> los activistas manipularon el proceso de redistribuci\u00f3n de distritos para lograr resultados pol\u00edticos<\/strong>, dividiendo a los estadounidenses en lugar de unirlos. Este fallo restablece la equidad, fortalece la confianza en nuestras elecciones y garantiza que cada votante sea tratado por igual ante la ley\u201d, dijo.<\/p>\n<p class=\"com-paragraph   --s\">M\u00e1s tarde, el presidente de la C\u00e1mara de Representantes, el republicano <strong>Mike Johnson<\/strong> (Luisiana), afirm\u00f3 que la Corte hab\u00eda llegado al \u201cresultado obvio\u201d en el caso.<\/p>\n<p class=\"com-paragraph   --s\">\u201c<strong>Veremos qu\u00e9 efecto tiene<\/strong>. Tenemos elecciones primarias en unas dos semanas, as\u00ed que veremos si la legislatura estatal considera apropiado intervenir y trazar nuevos mapas\u201d, dijo.<\/p>\n<p class=\"com-paragraph   --s\">En tanto, en <strong>Florida<\/strong>, solo una hora despu\u00e9s del fallo de la Corte los legisladores del estado aprobaron este mi\u00e9rcoles (con 83 votos a favor y 28 en contra) un <strong>nuevo mapa de distritos congresuales que otorgar\u00eda a los republicanos una ventaja en cuatro esca\u00f1os adicionales de la C\u00e1mara de Representantes<\/strong>, aumentando sus posibilidades de mantener su control en medio de la puja nacional por la redistribuci\u00f3n de distritos.<\/p>\n<p class=\"com-paragraph   --s\">Los republicanos, que controlan la C\u00e1mara estatal, adoptaron el plan dos d\u00edas despu\u00e9s de una presentaci\u00f3n del gobernador republicano <strong>Ron DeSantis<\/strong>.<\/p>\n<p class=\"com-paragraph   --s\">Se espera que el Senado estatal, controlado por el Partido Republicano, adopte el mapa m\u00e1s tarde este mi\u00e9rcoles y lo env\u00ede a DeSantis para su <strong>aprobaci\u00f3n final<\/strong>. Seg\u00fan los medios locales, se prev\u00e9 que haya impugnaciones judiciales.<\/p>\n<div class=\"content-media\">\n<section role=\"button\" class=\"mod-media   \">\n<figure role=\"button\" tabindex=\"0\" class=\"mod-figure \"><figcaption class=\"mod-figcaption\"><span class=\"com-text --caption --twoxs\">El gobernador republicano de Florida, Ron DeSantis.<\/span><span class=\"com-text --credit --twoxs\">flgovrondesantis<\/span><\/figcaption><\/figure>\n<\/section>\n<\/div>\n<p class=\"com-paragraph   --s\">La Corte ya hab\u00eda debilitado la <strong>Ley de Derecho al Voto <\/strong>en dos ocasiones mediante fallos de peso en 2013 y en 2021. En 2023, en una decisi\u00f3n inesperada que pareci\u00f3 reforzar la ley, hab\u00eda anulado distritos congresionales trazados por republicanos en Alabama.<\/p>\n<section class=\"container-center-100 mb-40 border border-bottom border-thin border-neutral-light-700\">\n<hr\/>\n<\/section>\n<\/div>\n<p><script id=\"facebookpixel\" defer=\"\" type=\"text\/javascript\">\n        !function(f,b,e,v,n,t,s)\n        {if(f.fbq)return;n=f.fbq=function(){n.callMethod?\n        n.callMethod.apply(n,arguments):n.queue.push(arguments)};\n        if(!f._fbq)f._fbq=n;n.push=n;n.loaded=!0;n.version='2.0';\n        n.queue=[];t=b.createElement(e);t.async=!0;\n        t.src=v;s=b.getElementsByTagName(e)[0];\n        s.parentNode.insertBefore(t,s)}(window, document,'script',\n        'https:\/\/connect.facebook.net\/en_US\/fbevents.js');\n        fbq('init', '492459597522335');\n        fbq('track', 'PageView');\n    <\/script><br \/>\n<br \/><\/p>\n","protected":false},"excerpt":{"rendered":"<p>WASHINGTON.- En una decisi\u00f3n que fue evaluada como una victoria para los republicanos de cara a los cruciales comicios de medio t\u00e9rmino de noviembre pr\u00f3ximo y futuros procesos, la Corte Suprema norteamericana debilit\u00f3 una disposici\u00f3n clave de la Ley de Derecho al Voto al limitar la consideraci\u00f3n de la raza en el trazado de los [&hellip;]<\/p>\n","protected":false},"author":2,"featured_media":193854,"comment_status":"closed","ping_status":"closed","sticky":false,"template":"","format":"standard","meta":{"footnotes":""},"categories":[26],"tags":[],"class_list":["post-193853","post","type-post","status-publish","format-standard","has-post-thumbnail","hentry","category-internacionales"],"yoast_head":"<!-- This site is optimized with the Yoast SEO plugin v24.4 - https:\/\/yoast.com\/wordpress\/plugins\/seo\/ -->\n<title>La Corte Suprema limita el uso de la raza en los distritos y abre un nuevo frente pol\u00edtico en EE.UU. - GYS NOTICIAS |<\/title>\n<meta name=\"robots\" content=\"index, follow, max-snippet:-1, max-image-preview:large, max-video-preview:-1\" \/>\n<link rel=\"canonical\" href=\"https:\/\/gysfm.com.ar\/inicio\/la-corte-suprema-limita-el-uso-de-la-raza-en-los-distritos-y-abre-un-nuevo-frente-politico-en-ee-uu\/\" \/>\n<meta property=\"og:locale\" content=\"es_ES\" \/>\n<meta property=\"og:type\" content=\"article\" \/>\n<meta property=\"og:title\" content=\"La Corte Suprema limita el uso de la raza en los distritos y abre un nuevo frente pol\u00edtico en EE.UU. - GYS NOTICIAS |\" \/>\n<meta property=\"og:description\" content=\"WASHINGTON.- En una decisi\u00f3n que fue evaluada como una victoria para los republicanos de cara a los cruciales comicios de medio t\u00e9rmino de noviembre pr\u00f3ximo y futuros procesos, la Corte Suprema norteamericana debilit\u00f3 una disposici\u00f3n clave de la Ley de Derecho al Voto al limitar la consideraci\u00f3n de la raza en el trazado de los [&hellip;]\" \/>\n<meta property=\"og:url\" content=\"https:\/\/gysfm.com.ar\/inicio\/la-corte-suprema-limita-el-uso-de-la-raza-en-los-distritos-y-abre-un-nuevo-frente-politico-en-ee-uu\/\" \/>\n<meta property=\"og:site_name\" content=\"GYS NOTICIAS |\" \/>\n<meta property=\"article:published_time\" content=\"2026-04-30T11:26:08+00:00\" \/>\n<meta property=\"article:modified_time\" content=\"2026-04-30T11:26:09+00:00\" \/>\n<meta property=\"og:image\" content=\"https:\/\/gysfm.com.ar\/inicio\/wp-content\/uploads\/2026\/04\/miembros-de-la-alianza-nacional-tps-se-26AKOKDX7NDFZBFQ2RLCKYSQXE.JPG\" \/>\n\t<meta property=\"og:image:width\" content=\"1200\" \/>\n\t<meta property=\"og:image:height\" content=\"800\" \/>\n\t<meta property=\"og:image:type\" content=\"image\/jpeg\" \/>\n<meta name=\"author\" content=\"Prensa G&amp;S FM\" \/>\n<meta name=\"twitter:card\" content=\"summary_large_image\" \/>\n<meta name=\"twitter:label1\" content=\"Escrito por\" \/>\n\t<meta name=\"twitter:data1\" content=\"Prensa G&amp;S FM\" \/>\n\t<meta name=\"twitter:label2\" content=\"Tiempo de lectura\" \/>\n\t<meta name=\"twitter:data2\" content=\"8 minutos\" \/>\n<script type=\"application\/ld+json\" class=\"yoast-schema-graph\">{\"@context\":\"https:\/\/schema.org\",\"@graph\":[{\"@type\":\"Article\",\"@id\":\"https:\/\/gysfm.com.ar\/inicio\/la-corte-suprema-limita-el-uso-de-la-raza-en-los-distritos-y-abre-un-nuevo-frente-politico-en-ee-uu\/#article\",\"isPartOf\":{\"@id\":\"https:\/\/gysfm.com.ar\/inicio\/la-corte-suprema-limita-el-uso-de-la-raza-en-los-distritos-y-abre-un-nuevo-frente-politico-en-ee-uu\/\"},\"author\":{\"name\":\"Prensa G&amp;S FM\",\"@id\":\"https:\/\/gysfm.com.ar\/inicio\/#\/schema\/person\/3abba7593ef2ad19e1be221d54383dc5\"},\"headline\":\"La Corte Suprema limita el uso de la raza en los distritos y abre un nuevo frente pol\u00edtico en EE.UU.\",\"datePublished\":\"2026-04-30T11:26:08+00:00\",\"dateModified\":\"2026-04-30T11:26:09+00:00\",\"mainEntityOfPage\":{\"@id\":\"https:\/\/gysfm.com.ar\/inicio\/la-corte-suprema-limita-el-uso-de-la-raza-en-los-distritos-y-abre-un-nuevo-frente-politico-en-ee-uu\/\"},\"wordCount\":1539,\"publisher\":{\"@id\":\"https:\/\/gysfm.com.ar\/inicio\/#organization\"},\"image\":{\"@id\":\"https:\/\/gysfm.com.ar\/inicio\/la-corte-suprema-limita-el-uso-de-la-raza-en-los-distritos-y-abre-un-nuevo-frente-politico-en-ee-uu\/#primaryimage\"},\"thumbnailUrl\":\"https:\/\/gysfm.com.ar\/inicio\/wp-content\/uploads\/2026\/04\/miembros-de-la-alianza-nacional-tps-se-26AKOKDX7NDFZBFQ2RLCKYSQXE.JPG\",\"articleSection\":[\"INTERNACIONALES\"],\"inLanguage\":\"es\"},{\"@type\":\"WebPage\",\"@id\":\"https:\/\/gysfm.com.ar\/inicio\/la-corte-suprema-limita-el-uso-de-la-raza-en-los-distritos-y-abre-un-nuevo-frente-politico-en-ee-uu\/\",\"url\":\"https:\/\/gysfm.com.ar\/inicio\/la-corte-suprema-limita-el-uso-de-la-raza-en-los-distritos-y-abre-un-nuevo-frente-politico-en-ee-uu\/\",\"name\":\"La Corte Suprema limita el uso de la raza en los distritos y abre un nuevo frente pol\u00edtico en EE.UU. - GYS NOTICIAS |\",\"isPartOf\":{\"@id\":\"https:\/\/gysfm.com.ar\/inicio\/#website\"},\"primaryImageOfPage\":{\"@id\":\"https:\/\/gysfm.com.ar\/inicio\/la-corte-suprema-limita-el-uso-de-la-raza-en-los-distritos-y-abre-un-nuevo-frente-politico-en-ee-uu\/#primaryimage\"},\"image\":{\"@id\":\"https:\/\/gysfm.com.ar\/inicio\/la-corte-suprema-limita-el-uso-de-la-raza-en-los-distritos-y-abre-un-nuevo-frente-politico-en-ee-uu\/#primaryimage\"},\"thumbnailUrl\":\"https:\/\/gysfm.com.ar\/inicio\/wp-content\/uploads\/2026\/04\/miembros-de-la-alianza-nacional-tps-se-26AKOKDX7NDFZBFQ2RLCKYSQXE.JPG\",\"datePublished\":\"2026-04-30T11:26:08+00:00\",\"dateModified\":\"2026-04-30T11:26:09+00:00\",\"breadcrumb\":{\"@id\":\"https:\/\/gysfm.com.ar\/inicio\/la-corte-suprema-limita-el-uso-de-la-raza-en-los-distritos-y-abre-un-nuevo-frente-politico-en-ee-uu\/#breadcrumb\"},\"inLanguage\":\"es\",\"potentialAction\":[{\"@type\":\"ReadAction\",\"target\":[\"https:\/\/gysfm.com.ar\/inicio\/la-corte-suprema-limita-el-uso-de-la-raza-en-los-distritos-y-abre-un-nuevo-frente-politico-en-ee-uu\/\"]}]},{\"@type\":\"ImageObject\",\"inLanguage\":\"es\",\"@id\":\"https:\/\/gysfm.com.ar\/inicio\/la-corte-suprema-limita-el-uso-de-la-raza-en-los-distritos-y-abre-un-nuevo-frente-politico-en-ee-uu\/#primaryimage\",\"url\":\"https:\/\/gysfm.com.ar\/inicio\/wp-content\/uploads\/2026\/04\/miembros-de-la-alianza-nacional-tps-se-26AKOKDX7NDFZBFQ2RLCKYSQXE.JPG\",\"contentUrl\":\"https:\/\/gysfm.com.ar\/inicio\/wp-content\/uploads\/2026\/04\/miembros-de-la-alianza-nacional-tps-se-26AKOKDX7NDFZBFQ2RLCKYSQXE.JPG\",\"width\":1200,\"height\":800},{\"@type\":\"BreadcrumbList\",\"@id\":\"https:\/\/gysfm.com.ar\/inicio\/la-corte-suprema-limita-el-uso-de-la-raza-en-los-distritos-y-abre-un-nuevo-frente-politico-en-ee-uu\/#breadcrumb\",\"itemListElement\":[{\"@type\":\"ListItem\",\"position\":1,\"name\":\"Portada\",\"item\":\"https:\/\/gysfm.com.ar\/inicio\/\"},{\"@type\":\"ListItem\",\"position\":2,\"name\":\"La Corte Suprema limita el uso de la raza en los distritos y abre un nuevo frente pol\u00edtico en EE.UU.\"}]},{\"@type\":\"WebSite\",\"@id\":\"https:\/\/gysfm.com.ar\/inicio\/#website\",\"url\":\"https:\/\/gysfm.com.ar\/inicio\/\",\"name\":\"GYS NOTICIAS |\",\"description\":\"DIARIO - RADIO ONLINE SAN JUAN ARGENTINA\",\"publisher\":{\"@id\":\"https:\/\/gysfm.com.ar\/inicio\/#organization\"},\"potentialAction\":[{\"@type\":\"SearchAction\",\"target\":{\"@type\":\"EntryPoint\",\"urlTemplate\":\"https:\/\/gysfm.com.ar\/inicio\/?s={search_term_string}\"},\"query-input\":{\"@type\":\"PropertyValueSpecification\",\"valueRequired\":true,\"valueName\":\"search_term_string\"}}],\"inLanguage\":\"es\"},{\"@type\":\"Organization\",\"@id\":\"https:\/\/gysfm.com.ar\/inicio\/#organization\",\"name\":\"GYS NOTICIAS |\",\"url\":\"https:\/\/gysfm.com.ar\/inicio\/\",\"logo\":{\"@type\":\"ImageObject\",\"inLanguage\":\"es\",\"@id\":\"https:\/\/gysfm.com.ar\/inicio\/#\/schema\/logo\/image\/\",\"url\":\"https:\/\/gysfm.com.ar\/inicio\/wp-content\/uploads\/2023\/07\/LOGOGYS-OK.png\",\"contentUrl\":\"https:\/\/gysfm.com.ar\/inicio\/wp-content\/uploads\/2023\/07\/LOGOGYS-OK.png\",\"width\":1170,\"height\":872,\"caption\":\"GYS NOTICIAS |\"},\"image\":{\"@id\":\"https:\/\/gysfm.com.ar\/inicio\/#\/schema\/logo\/image\/\"}},{\"@type\":\"Person\",\"@id\":\"https:\/\/gysfm.com.ar\/inicio\/#\/schema\/person\/3abba7593ef2ad19e1be221d54383dc5\",\"name\":\"Prensa G&amp;S FM\",\"image\":{\"@type\":\"ImageObject\",\"inLanguage\":\"es\",\"@id\":\"https:\/\/gysfm.com.ar\/inicio\/#\/schema\/person\/image\/\",\"url\":\"https:\/\/secure.gravatar.com\/avatar\/096ec78df02049ab018702bb4ccedf659377fa92a26540b5247612077a0dbd29?s=96&d=mm&r=g\",\"contentUrl\":\"https:\/\/secure.gravatar.com\/avatar\/096ec78df02049ab018702bb4ccedf659377fa92a26540b5247612077a0dbd29?s=96&d=mm&r=g\",\"caption\":\"Prensa G&amp;S FM\"},\"sameAs\":[\"https:\/\/gysfm.com.ar\/\"],\"url\":\"https:\/\/gysfm.com.ar\/inicio\/author\/lucasm\/\"}]}<\/script>\n<!-- \/ Yoast SEO plugin. -->","yoast_head_json":{"title":"La Corte Suprema limita el uso de la raza en los distritos y abre un nuevo frente pol\u00edtico en EE.UU. - GYS NOTICIAS |","robots":{"index":"index","follow":"follow","max-snippet":"max-snippet:-1","max-image-preview":"max-image-preview:large","max-video-preview":"max-video-preview:-1"},"canonical":"https:\/\/gysfm.com.ar\/inicio\/la-corte-suprema-limita-el-uso-de-la-raza-en-los-distritos-y-abre-un-nuevo-frente-politico-en-ee-uu\/","og_locale":"es_ES","og_type":"article","og_title":"La Corte Suprema limita el uso de la raza en los distritos y abre un nuevo frente pol\u00edtico en EE.UU. - GYS NOTICIAS |","og_description":"WASHINGTON.- En una decisi\u00f3n que fue evaluada como una victoria para los republicanos de cara a los cruciales comicios de medio t\u00e9rmino de noviembre pr\u00f3ximo y futuros procesos, la Corte Suprema norteamericana debilit\u00f3 una disposici\u00f3n clave de la Ley de Derecho al Voto al limitar la consideraci\u00f3n de la raza en el trazado de los [&hellip;]","og_url":"https:\/\/gysfm.com.ar\/inicio\/la-corte-suprema-limita-el-uso-de-la-raza-en-los-distritos-y-abre-un-nuevo-frente-politico-en-ee-uu\/","og_site_name":"GYS NOTICIAS |","article_published_time":"2026-04-30T11:26:08+00:00","article_modified_time":"2026-04-30T11:26:09+00:00","og_image":[{"width":1200,"height":800,"url":"https:\/\/gysfm.com.ar\/inicio\/wp-content\/uploads\/2026\/04\/miembros-de-la-alianza-nacional-tps-se-26AKOKDX7NDFZBFQ2RLCKYSQXE.JPG","type":"image\/jpeg"}],"author":"Prensa G&amp;S FM","twitter_card":"summary_large_image","twitter_misc":{"Escrito por":"Prensa G&amp;S FM","Tiempo de lectura":"8 minutos"},"schema":{"@context":"https:\/\/schema.org","@graph":[{"@type":"Article","@id":"https:\/\/gysfm.com.ar\/inicio\/la-corte-suprema-limita-el-uso-de-la-raza-en-los-distritos-y-abre-un-nuevo-frente-politico-en-ee-uu\/#article","isPartOf":{"@id":"https:\/\/gysfm.com.ar\/inicio\/la-corte-suprema-limita-el-uso-de-la-raza-en-los-distritos-y-abre-un-nuevo-frente-politico-en-ee-uu\/"},"author":{"name":"Prensa G&amp;S FM","@id":"https:\/\/gysfm.com.ar\/inicio\/#\/schema\/person\/3abba7593ef2ad19e1be221d54383dc5"},"headline":"La Corte Suprema limita el uso de la raza en los distritos y abre un nuevo frente pol\u00edtico en EE.UU.","datePublished":"2026-04-30T11:26:08+00:00","dateModified":"2026-04-30T11:26:09+00:00","mainEntityOfPage":{"@id":"https:\/\/gysfm.com.ar\/inicio\/la-corte-suprema-limita-el-uso-de-la-raza-en-los-distritos-y-abre-un-nuevo-frente-politico-en-ee-uu\/"},"wordCount":1539,"publisher":{"@id":"https:\/\/gysfm.com.ar\/inicio\/#organization"},"image":{"@id":"https:\/\/gysfm.com.ar\/inicio\/la-corte-suprema-limita-el-uso-de-la-raza-en-los-distritos-y-abre-un-nuevo-frente-politico-en-ee-uu\/#primaryimage"},"thumbnailUrl":"https:\/\/gysfm.com.ar\/inicio\/wp-content\/uploads\/2026\/04\/miembros-de-la-alianza-nacional-tps-se-26AKOKDX7NDFZBFQ2RLCKYSQXE.JPG","articleSection":["INTERNACIONALES"],"inLanguage":"es"},{"@type":"WebPage","@id":"https:\/\/gysfm.com.ar\/inicio\/la-corte-suprema-limita-el-uso-de-la-raza-en-los-distritos-y-abre-un-nuevo-frente-politico-en-ee-uu\/","url":"https:\/\/gysfm.com.ar\/inicio\/la-corte-suprema-limita-el-uso-de-la-raza-en-los-distritos-y-abre-un-nuevo-frente-politico-en-ee-uu\/","name":"La Corte Suprema limita el uso de la raza en los distritos y abre un nuevo frente pol\u00edtico en EE.UU. - GYS NOTICIAS |","isPartOf":{"@id":"https:\/\/gysfm.com.ar\/inicio\/#website"},"primaryImageOfPage":{"@id":"https:\/\/gysfm.com.ar\/inicio\/la-corte-suprema-limita-el-uso-de-la-raza-en-los-distritos-y-abre-un-nuevo-frente-politico-en-ee-uu\/#primaryimage"},"image":{"@id":"https:\/\/gysfm.com.ar\/inicio\/la-corte-suprema-limita-el-uso-de-la-raza-en-los-distritos-y-abre-un-nuevo-frente-politico-en-ee-uu\/#primaryimage"},"thumbnailUrl":"https:\/\/gysfm.com.ar\/inicio\/wp-content\/uploads\/2026\/04\/miembros-de-la-alianza-nacional-tps-se-26AKOKDX7NDFZBFQ2RLCKYSQXE.JPG","datePublished":"2026-04-30T11:26:08+00:00","dateModified":"2026-04-30T11:26:09+00:00","breadcrumb":{"@id":"https:\/\/gysfm.com.ar\/inicio\/la-corte-suprema-limita-el-uso-de-la-raza-en-los-distritos-y-abre-un-nuevo-frente-politico-en-ee-uu\/#breadcrumb"},"inLanguage":"es","potentialAction":[{"@type":"ReadAction","target":["https:\/\/gysfm.com.ar\/inicio\/la-corte-suprema-limita-el-uso-de-la-raza-en-los-distritos-y-abre-un-nuevo-frente-politico-en-ee-uu\/"]}]},{"@type":"ImageObject","inLanguage":"es","@id":"https:\/\/gysfm.com.ar\/inicio\/la-corte-suprema-limita-el-uso-de-la-raza-en-los-distritos-y-abre-un-nuevo-frente-politico-en-ee-uu\/#primaryimage","url":"https:\/\/gysfm.com.ar\/inicio\/wp-content\/uploads\/2026\/04\/miembros-de-la-alianza-nacional-tps-se-26AKOKDX7NDFZBFQ2RLCKYSQXE.JPG","contentUrl":"https:\/\/gysfm.com.ar\/inicio\/wp-content\/uploads\/2026\/04\/miembros-de-la-alianza-nacional-tps-se-26AKOKDX7NDFZBFQ2RLCKYSQXE.JPG","width":1200,"height":800},{"@type":"BreadcrumbList","@id":"https:\/\/gysfm.com.ar\/inicio\/la-corte-suprema-limita-el-uso-de-la-raza-en-los-distritos-y-abre-un-nuevo-frente-politico-en-ee-uu\/#breadcrumb","itemListElement":[{"@type":"ListItem","position":1,"name":"Portada","item":"https:\/\/gysfm.com.ar\/inicio\/"},{"@type":"ListItem","position":2,"name":"La Corte Suprema limita el uso de la raza en los distritos y abre un nuevo frente pol\u00edtico en EE.UU."}]},{"@type":"WebSite","@id":"https:\/\/gysfm.com.ar\/inicio\/#website","url":"https:\/\/gysfm.com.ar\/inicio\/","name":"GYS NOTICIAS |","description":"DIARIO - RADIO ONLINE SAN JUAN ARGENTINA","publisher":{"@id":"https:\/\/gysfm.com.ar\/inicio\/#organization"},"potentialAction":[{"@type":"SearchAction","target":{"@type":"EntryPoint","urlTemplate":"https:\/\/gysfm.com.ar\/inicio\/?s={search_term_string}"},"query-input":{"@type":"PropertyValueSpecification","valueRequired":true,"valueName":"search_term_string"}}],"inLanguage":"es"},{"@type":"Organization","@id":"https:\/\/gysfm.com.ar\/inicio\/#organization","name":"GYS NOTICIAS |","url":"https:\/\/gysfm.com.ar\/inicio\/","logo":{"@type":"ImageObject","inLanguage":"es","@id":"https:\/\/gysfm.com.ar\/inicio\/#\/schema\/logo\/image\/","url":"https:\/\/gysfm.com.ar\/inicio\/wp-content\/uploads\/2023\/07\/LOGOGYS-OK.png","contentUrl":"https:\/\/gysfm.com.ar\/inicio\/wp-content\/uploads\/2023\/07\/LOGOGYS-OK.png","width":1170,"height":872,"caption":"GYS NOTICIAS |"},"image":{"@id":"https:\/\/gysfm.com.ar\/inicio\/#\/schema\/logo\/image\/"}},{"@type":"Person","@id":"https:\/\/gysfm.com.ar\/inicio\/#\/schema\/person\/3abba7593ef2ad19e1be221d54383dc5","name":"Prensa G&amp;S FM","image":{"@type":"ImageObject","inLanguage":"es","@id":"https:\/\/gysfm.com.ar\/inicio\/#\/schema\/person\/image\/","url":"https:\/\/secure.gravatar.com\/avatar\/096ec78df02049ab018702bb4ccedf659377fa92a26540b5247612077a0dbd29?s=96&d=mm&r=g","contentUrl":"https:\/\/secure.gravatar.com\/avatar\/096ec78df02049ab018702bb4ccedf659377fa92a26540b5247612077a0dbd29?s=96&d=mm&r=g","caption":"Prensa G&amp;S FM"},"sameAs":["https:\/\/gysfm.com.ar\/"],"url":"https:\/\/gysfm.com.ar\/inicio\/author\/lucasm\/"}]}},"_links":{"self":[{"href":"https:\/\/gysfm.com.ar\/inicio\/wp-json\/wp\/v2\/posts\/193853","targetHints":{"allow":["GET"]}}],"collection":[{"href":"https:\/\/gysfm.com.ar\/inicio\/wp-json\/wp\/v2\/posts"}],"about":[{"href":"https:\/\/gysfm.com.ar\/inicio\/wp-json\/wp\/v2\/types\/post"}],"author":[{"embeddable":true,"href":"https:\/\/gysfm.com.ar\/inicio\/wp-json\/wp\/v2\/users\/2"}],"replies":[{"embeddable":true,"href":"https:\/\/gysfm.com.ar\/inicio\/wp-json\/wp\/v2\/comments?post=193853"}],"version-history":[{"count":1,"href":"https:\/\/gysfm.com.ar\/inicio\/wp-json\/wp\/v2\/posts\/193853\/revisions"}],"predecessor-version":[{"id":193855,"href":"https:\/\/gysfm.com.ar\/inicio\/wp-json\/wp\/v2\/posts\/193853\/revisions\/193855"}],"wp:featuredmedia":[{"embeddable":true,"href":"https:\/\/gysfm.com.ar\/inicio\/wp-json\/wp\/v2\/media\/193854"}],"wp:attachment":[{"href":"https:\/\/gysfm.com.ar\/inicio\/wp-json\/wp\/v2\/media?parent=193853"}],"wp:term":[{"taxonomy":"category","embeddable":true,"href":"https:\/\/gysfm.com.ar\/inicio\/wp-json\/wp\/v2\/categories?post=193853"},{"taxonomy":"post_tag","embeddable":true,"href":"https:\/\/gysfm.com.ar\/inicio\/wp-json\/wp\/v2\/tags?post=193853"}],"curies":[{"name":"wp","href":"https:\/\/api.w.org\/{rel}","templated":true}]}}