{"id":193850,"date":"2026-04-30T08:02:08","date_gmt":"2026-04-30T11:02:08","guid":{"rendered":"https:\/\/gysfm.com.ar\/inicio\/reforma-de-salud-mental-proponen-volver-a-las-internaciones-involuntarias\/"},"modified":"2026-04-30T08:02:08","modified_gmt":"2026-04-30T11:02:08","slug":"reforma-de-salud-mental-proponen-volver-a-las-internaciones-involuntarias","status":"publish","type":"post","link":"https:\/\/gysfm.com.ar\/inicio\/reforma-de-salud-mental-proponen-volver-a-las-internaciones-involuntarias\/","title":{"rendered":"Reforma de Salud Mental: proponen volver a las internaciones involuntarias"},"content":{"rendered":"<p><\/p>\n<div id=\"article-content\">\n<p>Este mi\u00e9rcoles 29 de abril el <strong>Senado <\/strong>dar\u00e1 inicio al debate por el <a target=\"_blank\" href=\"https:\/\/www.perfil.com\/noticias\/politica\/gobierno-senado-reformas-ley-discapacidad-salud-mental.phtml\">proyecto de <strong>reforma de la ley de Salud Mental<\/strong><\/a> impulsado por el gobierno de <strong>Javier Milei<\/strong>. Entre otras cuestiones, la iniciativa busca permitir las internaciones \u00abno voluntarias\u00bb e incorporar la adicci\u00f3n a las drogas a la lista de enfermedades de salud mental.<\/p>\n<p>El proyecto impulsado por el Ejecutivo ser\u00e1 discutido este mi\u00e9rcoles a partir de las 16:30hs en un plenario de las <strong>comisiones de Salud<\/strong>, que ser\u00e1 conformado y designado este mismo d\u00eda por la senadora <strong>Ivanna Marcela Arrascaeta<\/strong> de La Libertad Avanza (LLA), y de <strong>Legislaci\u00f3n General<\/strong>, presidido por <strong>Nadia M\u00e1rquez<\/strong>, tambi\u00e9n de LLA.<\/p>\n<p class=\"destacadoNota\"><a target=\"_blank\" href=\"https:\/\/www.perfil.com\/noticias\/sociedad\/representantes-de-18-provincias-rechazaron-la-reforma-de-salud-mental-que-impulsa-nacion.phtml\">Representantes de 18 provincias rechazaron la reforma de salud mental que impulsa Naci\u00f3n<\/a><\/p>\n<div class=\"subscription\">\n<p>\n        Esto no les gusta a los autoritarios\n    <\/p>\n<div class=\"subscription__container\">\n<div class=\"subscription__text-wrapper\">\n<p>\n                El ejercicio del periodismo profesional y cr\u00edtico es un pilar fundamental de la democracia. Por eso molesta a quienes creen ser los due\u00f1os de la verdad.\n            <\/p>\n<\/p><\/div><\/div>\n<\/div>\n<p>La sanci\u00f3n de la <a target=\"_blank\" href=\"https:\/\/www.perfil.com\/noticias\/politica\/como-sera-la-ley-de-salud-mental-que-el-gobierno-enviara-al-congreso.phtml\">reforma de la Ley de Salud Mental<\/a> es reclamada en gran parte por <strong>familiares de personas con adicciones<\/strong>, quienes han reclamado que la normativa actual no contempla una ayuda para ese tipo de pacientes, mientras que en la propuesta se indica que \u00abdeben ser abordadas como parte integrante de las pol\u00edticas de salud mental\u00bb.<\/p>\n<p>\u00abEl uso, abuso o adicci\u00f3n al consumo de sustancias o drogas -legales o ilegales- relacionado con afecciones o trastornos del comportamiento <strong>deben ser abordados teniendo en cuenta la singularidad de cada persona y el momento o la etapa del consumo<\/strong>\u00ab, se indic\u00f3 en el proyecto impulsado por el gobierno.<\/p>\n<p>En el texto que ser\u00e1 debatido en pocas horas tambi\u00e9n se estableci\u00f3 que, en los casos de pacientes con adicciones, \u00ab<strong>debe asegurarse el respeto de todos los derechos y garant\u00edas<\/strong> que se establecen en la presente ley en su relaci\u00f3n con los servicios de salud\u00bb y la autoridad de aplicaci\u00f3n definir\u00e1 dispositivos espec\u00edficos, ambulatorios o de internaci\u00f3n.<\/p>\n<div style=\"text-align:center\">\n<figure class=\"image\" style=\"display:inline-block\"><picture><source media=\"(max-width: 440px)\" srcset=\"https:\/\/fotos.perfil.com\/\/2026\/03\/29\/440\/0\/menor-presupuesto-a-salud-mental-el-ajuste-tambien-llega-al-bienestar-psicologico-2211515.jpg?webp\"\/><source media=\"(max-width: 1019px)\" srcset=\"https:\/\/fotos.perfil.com\/\/2026\/03\/29\/712\/0\/menor-presupuesto-a-salud-mental-el-ajuste-tambien-llega-al-bienestar-psicologico-2211515.jpg?webp\"\/><img decoding=\"async\" style=\"max-width: 100%; width: 100%;\" alt=\"Menor presupuesto a Salud Mental. El ajuste tambi\u00e9n llega al bienestar psicol\u00f3gico.\" src=\"https:\/\/fotos.perfil.com\/\/2026\/03\/29\/900\/0\/menor-presupuesto-a-salud-mental-el-ajuste-tambien-llega-al-bienestar-psicologico-2211515.jpg?webp\" loading=\"lazy\"\/><\/picture><figcaption>El proyecto de reforma de Salud Mental impulsado por el gobierno implica una flexibilizaci\u00f3n de los criterios de internaci\u00f3n.<\/figcaption><\/figure>\n<\/p><\/div>\n<p>Otro de los puntos clave a modificar en la normativa es la <strong>flexibilizaci\u00f3n de los criterios de internaci\u00f3n<\/strong>, dando paso a la <strong>internaci\u00f3n \u00abno voluntaria\u00bb<\/strong>, de modo que se pueda internar a una persona de forma obligatoria, sin el aval del paciente, lo que est\u00e1 prohibido por la ley aprobada en 2010.<\/p>\n<p>\u00abLa internaci\u00f3n es considerada como un recurso terap\u00e9utico excepcional y <strong>solo puede llevarse a cabo cuando aporte mayores beneficios terap\u00e9uticos que el resto de las intervenciones<\/strong> realizables en su entorno familiar, comunitario o social\u00bb, se aclar\u00f3 en el proyecto.<\/p>\n<p>En el texto tambi\u00e9n se indic\u00f3 que \u00abdebe <strong>promoverse el mantenimiento de v\u00ednculos, contactos y comunicaci\u00f3n de las personas internadas con sus familiares, allegados y con el entorno laboral y social<\/strong>, salvo en aquellas excepciones que por razones terap\u00e9uticas debidamente fundadas establezca el equipo de salud interviniente\u00bb.<\/p>\n<p class=\"destacadoNota\"><a target=\"_blank\" href=\"https:\/\/www.perfil.com\/noticias\/politica\/como-sera-la-ley-de-salud-mental-que-el-gobierno-enviara-al-congreso.phtml\">C\u00f3mo es la reforma en la Ley de Salud Mental que el gobierno envi\u00f3 al Congreso<\/a><\/p>\n<p>En la propuesta de la norma se determin\u00f3 que la <strong>\u00abinternaci\u00f3n involuntaria debidamente fundada\u00bb<\/strong> deber\u00e1 ser <strong>comunicada a un juez<\/strong> en un plazo de 24 horas, como as\u00ed tambi\u00e9n se deber\u00e1 enviar toda la documentaci\u00f3n requerida a las 48 horas.<\/p>\n<p>En este contexto, la internaci\u00f3n se mantiene como un <strong>recurso excepcional<\/strong>, aunque se permiten las internaciones no voluntarias en casos donde se produzca una \u00ab<strong>situaci\u00f3n de riesgo grave de da\u00f1o para la vida o la integridad f\u00edsica <\/strong>de la persona o de terceros\u00bb.<\/p>\n<p>En cuanto al <strong>rol m\u00e9dico<\/strong>, la iniciativa del Gobierno le da un papel principal a la <strong>mirada t\u00e9cnico-m\u00e9dica<\/strong> de los psiquiatras sobre el enfoque interdisciplinario actual, indicando que la atenci\u00f3n deber\u00e1 ser realizada por <strong>equipos interdisciplinarios <\/strong>con <strong>presencia obligatoria<\/strong> de un m\u00e9dico psiquiatra. En paralelo, tendr\u00e1 mayor peso la <strong>evaluaci\u00f3n m\u00e9dica<\/strong> para diagn\u00f3sticos, tratamientos e internaciones.<\/p>\n<p>AS\/ff<\/p>\n<\/p><\/div>\n<p><script>\n                !function(f,b,e,v,n,t,s)\n                {if(f.fbq)return;n=f.fbq=function(){n.callMethod?\n                    n.callMethod.apply(n,arguments):n.queue.push(arguments)};\n                    if(!f._fbq)f._fbq=n;n.push=n;n.loaded=!0;n.version='2.0';\n                    n.queue=[];t=b.createElement(e);t.async=!0;\n                    t.src=v;s=b.getElementsByTagName(e)[0];\n                    s.parentNode.insertBefore(t,s)}(window, document,'script',\n                    'https:\/\/connect.facebook.net\/en_US\/fbevents.js');\n                window.paywallConfig.facebook_pixel=\"1000228364089342\"\n            <\/script><\/p>\n","protected":false},"excerpt":{"rendered":"<p>Este mi\u00e9rcoles 29 de abril el Senado dar\u00e1 inicio al debate por el proyecto de reforma de la ley de Salud Mental impulsado por el gobierno de Javier Milei. Entre otras cuestiones, la iniciativa busca permitir las internaciones \u00abno voluntarias\u00bb e incorporar la adicci\u00f3n a las drogas a la lista de enfermedades de salud mental. [&hellip;]<\/p>\n","protected":false},"author":2,"featured_media":193851,"comment_status":"closed","ping_status":"closed","sticky":false,"template":"","format":"standard","meta":{"footnotes":""},"categories":[25],"tags":[],"class_list":["post-193850","post","type-post","status-publish","format-standard","has-post-thumbnail","hentry","category-nacionales"],"yoast_head":"<!-- This site is optimized with the Yoast SEO plugin v24.4 - https:\/\/yoast.com\/wordpress\/plugins\/seo\/ -->\n<title>Reforma de Salud Mental: proponen volver a las internaciones involuntarias - GYS NOTICIAS |<\/title>\n<meta name=\"robots\" content=\"index, follow, max-snippet:-1, max-image-preview:large, max-video-preview:-1\" \/>\n<link rel=\"canonical\" href=\"https:\/\/gysfm.com.ar\/inicio\/reforma-de-salud-mental-proponen-volver-a-las-internaciones-involuntarias\/\" \/>\n<meta property=\"og:locale\" content=\"es_ES\" \/>\n<meta property=\"og:type\" content=\"article\" \/>\n<meta property=\"og:title\" content=\"Reforma de Salud Mental: proponen volver a las internaciones involuntarias - GYS NOTICIAS |\" \/>\n<meta property=\"og:description\" content=\"Este mi\u00e9rcoles 29 de abril el Senado dar\u00e1 inicio al debate por el proyecto de reforma de la ley de Salud Mental impulsado por el gobierno de Javier Milei. Entre otras cuestiones, la iniciativa busca permitir las internaciones \u00abno voluntarias\u00bb e incorporar la adicci\u00f3n a las drogas a la lista de enfermedades de salud mental. [&hellip;]\" \/>\n<meta property=\"og:url\" content=\"https:\/\/gysfm.com.ar\/inicio\/reforma-de-salud-mental-proponen-volver-a-las-internaciones-involuntarias\/\" \/>\n<meta property=\"og:site_name\" content=\"GYS NOTICIAS |\" \/>\n<meta property=\"article:published_time\" content=\"2026-04-30T11:02:08+00:00\" \/>\n<meta property=\"og:image\" content=\"https:\/\/fotos.perfil.com\/\/2026\/03\/29\/900\/0\/menor-presupuesto-a-salud-mental-el-ajuste-tambien-llega-al-bienestar-psicologico-2211515.jpg?webp\" \/>\n<meta name=\"author\" content=\"Prensa G&amp;S FM\" \/>\n<meta name=\"twitter:card\" content=\"summary_large_image\" \/>\n<meta name=\"twitter:label1\" content=\"Escrito por\" \/>\n\t<meta name=\"twitter:data1\" content=\"Prensa G&amp;S FM\" \/>\n\t<meta name=\"twitter:label2\" content=\"Tiempo de lectura\" \/>\n\t<meta name=\"twitter:data2\" content=\"3 minutos\" \/>\n<script type=\"application\/ld+json\" class=\"yoast-schema-graph\">{\"@context\":\"https:\/\/schema.org\",\"@graph\":[{\"@type\":\"Article\",\"@id\":\"https:\/\/gysfm.com.ar\/inicio\/reforma-de-salud-mental-proponen-volver-a-las-internaciones-involuntarias\/#article\",\"isPartOf\":{\"@id\":\"https:\/\/gysfm.com.ar\/inicio\/reforma-de-salud-mental-proponen-volver-a-las-internaciones-involuntarias\/\"},\"author\":{\"name\":\"Prensa G&amp;S FM\",\"@id\":\"https:\/\/gysfm.com.ar\/inicio\/#\/schema\/person\/3abba7593ef2ad19e1be221d54383dc5\"},\"headline\":\"Reforma de Salud Mental: proponen volver a las internaciones involuntarias\",\"datePublished\":\"2026-04-30T11:02:08+00:00\",\"mainEntityOfPage\":{\"@id\":\"https:\/\/gysfm.com.ar\/inicio\/reforma-de-salud-mental-proponen-volver-a-las-internaciones-involuntarias\/\"},\"wordCount\":684,\"publisher\":{\"@id\":\"https:\/\/gysfm.com.ar\/inicio\/#organization\"},\"image\":{\"@id\":\"https:\/\/gysfm.com.ar\/inicio\/reforma-de-salud-mental-proponen-volver-a-las-internaciones-involuntarias\/#primaryimage\"},\"thumbnailUrl\":\"https:\/\/gysfm.com.ar\/inicio\/wp-content\/uploads\/2026\/04\/salud-mental-2071198.jpg\",\"articleSection\":[\"NACIONALES\"],\"inLanguage\":\"es\"},{\"@type\":\"WebPage\",\"@id\":\"https:\/\/gysfm.com.ar\/inicio\/reforma-de-salud-mental-proponen-volver-a-las-internaciones-involuntarias\/\",\"url\":\"https:\/\/gysfm.com.ar\/inicio\/reforma-de-salud-mental-proponen-volver-a-las-internaciones-involuntarias\/\",\"name\":\"Reforma de Salud Mental: proponen volver a las internaciones involuntarias - GYS NOTICIAS |\",\"isPartOf\":{\"@id\":\"https:\/\/gysfm.com.ar\/inicio\/#website\"},\"primaryImageOfPage\":{\"@id\":\"https:\/\/gysfm.com.ar\/inicio\/reforma-de-salud-mental-proponen-volver-a-las-internaciones-involuntarias\/#primaryimage\"},\"image\":{\"@id\":\"https:\/\/gysfm.com.ar\/inicio\/reforma-de-salud-mental-proponen-volver-a-las-internaciones-involuntarias\/#primaryimage\"},\"thumbnailUrl\":\"https:\/\/gysfm.com.ar\/inicio\/wp-content\/uploads\/2026\/04\/salud-mental-2071198.jpg\",\"datePublished\":\"2026-04-30T11:02:08+00:00\",\"breadcrumb\":{\"@id\":\"https:\/\/gysfm.com.ar\/inicio\/reforma-de-salud-mental-proponen-volver-a-las-internaciones-involuntarias\/#breadcrumb\"},\"inLanguage\":\"es\",\"potentialAction\":[{\"@type\":\"ReadAction\",\"target\":[\"https:\/\/gysfm.com.ar\/inicio\/reforma-de-salud-mental-proponen-volver-a-las-internaciones-involuntarias\/\"]}]},{\"@type\":\"ImageObject\",\"inLanguage\":\"es\",\"@id\":\"https:\/\/gysfm.com.ar\/inicio\/reforma-de-salud-mental-proponen-volver-a-las-internaciones-involuntarias\/#primaryimage\",\"url\":\"https:\/\/gysfm.com.ar\/inicio\/wp-content\/uploads\/2026\/04\/salud-mental-2071198.jpg\",\"contentUrl\":\"https:\/\/gysfm.com.ar\/inicio\/wp-content\/uploads\/2026\/04\/salud-mental-2071198.jpg\",\"width\":1140,\"height\":641},{\"@type\":\"BreadcrumbList\",\"@id\":\"https:\/\/gysfm.com.ar\/inicio\/reforma-de-salud-mental-proponen-volver-a-las-internaciones-involuntarias\/#breadcrumb\",\"itemListElement\":[{\"@type\":\"ListItem\",\"position\":1,\"name\":\"Portada\",\"item\":\"https:\/\/gysfm.com.ar\/inicio\/\"},{\"@type\":\"ListItem\",\"position\":2,\"name\":\"Reforma de Salud Mental: proponen volver a las internaciones involuntarias\"}]},{\"@type\":\"WebSite\",\"@id\":\"https:\/\/gysfm.com.ar\/inicio\/#website\",\"url\":\"https:\/\/gysfm.com.ar\/inicio\/\",\"name\":\"GYS NOTICIAS |\",\"description\":\"DIARIO - RADIO ONLINE SAN JUAN ARGENTINA\",\"publisher\":{\"@id\":\"https:\/\/gysfm.com.ar\/inicio\/#organization\"},\"potentialAction\":[{\"@type\":\"SearchAction\",\"target\":{\"@type\":\"EntryPoint\",\"urlTemplate\":\"https:\/\/gysfm.com.ar\/inicio\/?s={search_term_string}\"},\"query-input\":{\"@type\":\"PropertyValueSpecification\",\"valueRequired\":true,\"valueName\":\"search_term_string\"}}],\"inLanguage\":\"es\"},{\"@type\":\"Organization\",\"@id\":\"https:\/\/gysfm.com.ar\/inicio\/#organization\",\"name\":\"GYS NOTICIAS |\",\"url\":\"https:\/\/gysfm.com.ar\/inicio\/\",\"logo\":{\"@type\":\"ImageObject\",\"inLanguage\":\"es\",\"@id\":\"https:\/\/gysfm.com.ar\/inicio\/#\/schema\/logo\/image\/\",\"url\":\"https:\/\/gysfm.com.ar\/inicio\/wp-content\/uploads\/2023\/07\/LOGOGYS-OK.png\",\"contentUrl\":\"https:\/\/gysfm.com.ar\/inicio\/wp-content\/uploads\/2023\/07\/LOGOGYS-OK.png\",\"width\":1170,\"height\":872,\"caption\":\"GYS NOTICIAS |\"},\"image\":{\"@id\":\"https:\/\/gysfm.com.ar\/inicio\/#\/schema\/logo\/image\/\"}},{\"@type\":\"Person\",\"@id\":\"https:\/\/gysfm.com.ar\/inicio\/#\/schema\/person\/3abba7593ef2ad19e1be221d54383dc5\",\"name\":\"Prensa G&amp;S FM\",\"image\":{\"@type\":\"ImageObject\",\"inLanguage\":\"es\",\"@id\":\"https:\/\/gysfm.com.ar\/inicio\/#\/schema\/person\/image\/\",\"url\":\"https:\/\/secure.gravatar.com\/avatar\/096ec78df02049ab018702bb4ccedf659377fa92a26540b5247612077a0dbd29?s=96&d=mm&r=g\",\"contentUrl\":\"https:\/\/secure.gravatar.com\/avatar\/096ec78df02049ab018702bb4ccedf659377fa92a26540b5247612077a0dbd29?s=96&d=mm&r=g\",\"caption\":\"Prensa G&amp;S FM\"},\"sameAs\":[\"https:\/\/gysfm.com.ar\/\"],\"url\":\"https:\/\/gysfm.com.ar\/inicio\/author\/lucasm\/\"}]}<\/script>\n<!-- \/ Yoast SEO plugin. -->","yoast_head_json":{"title":"Reforma de Salud Mental: proponen volver a las internaciones involuntarias - GYS NOTICIAS |","robots":{"index":"index","follow":"follow","max-snippet":"max-snippet:-1","max-image-preview":"max-image-preview:large","max-video-preview":"max-video-preview:-1"},"canonical":"https:\/\/gysfm.com.ar\/inicio\/reforma-de-salud-mental-proponen-volver-a-las-internaciones-involuntarias\/","og_locale":"es_ES","og_type":"article","og_title":"Reforma de Salud Mental: proponen volver a las internaciones involuntarias - GYS NOTICIAS |","og_description":"Este mi\u00e9rcoles 29 de abril el Senado dar\u00e1 inicio al debate por el proyecto de reforma de la ley de Salud Mental impulsado por el gobierno de Javier Milei. Entre otras cuestiones, la iniciativa busca permitir las internaciones \u00abno voluntarias\u00bb e incorporar la adicci\u00f3n a las drogas a la lista de enfermedades de salud mental. [&hellip;]","og_url":"https:\/\/gysfm.com.ar\/inicio\/reforma-de-salud-mental-proponen-volver-a-las-internaciones-involuntarias\/","og_site_name":"GYS NOTICIAS |","article_published_time":"2026-04-30T11:02:08+00:00","og_image":[{"url":"https:\/\/fotos.perfil.com\/\/2026\/03\/29\/900\/0\/menor-presupuesto-a-salud-mental-el-ajuste-tambien-llega-al-bienestar-psicologico-2211515.jpg?webp","type":"","width":"","height":""}],"author":"Prensa G&amp;S FM","twitter_card":"summary_large_image","twitter_misc":{"Escrito por":"Prensa G&amp;S FM","Tiempo de lectura":"3 minutos"},"schema":{"@context":"https:\/\/schema.org","@graph":[{"@type":"Article","@id":"https:\/\/gysfm.com.ar\/inicio\/reforma-de-salud-mental-proponen-volver-a-las-internaciones-involuntarias\/#article","isPartOf":{"@id":"https:\/\/gysfm.com.ar\/inicio\/reforma-de-salud-mental-proponen-volver-a-las-internaciones-involuntarias\/"},"author":{"name":"Prensa G&amp;S FM","@id":"https:\/\/gysfm.com.ar\/inicio\/#\/schema\/person\/3abba7593ef2ad19e1be221d54383dc5"},"headline":"Reforma de Salud Mental: proponen volver a las internaciones involuntarias","datePublished":"2026-04-30T11:02:08+00:00","mainEntityOfPage":{"@id":"https:\/\/gysfm.com.ar\/inicio\/reforma-de-salud-mental-proponen-volver-a-las-internaciones-involuntarias\/"},"wordCount":684,"publisher":{"@id":"https:\/\/gysfm.com.ar\/inicio\/#organization"},"image":{"@id":"https:\/\/gysfm.com.ar\/inicio\/reforma-de-salud-mental-proponen-volver-a-las-internaciones-involuntarias\/#primaryimage"},"thumbnailUrl":"https:\/\/gysfm.com.ar\/inicio\/wp-content\/uploads\/2026\/04\/salud-mental-2071198.jpg","articleSection":["NACIONALES"],"inLanguage":"es"},{"@type":"WebPage","@id":"https:\/\/gysfm.com.ar\/inicio\/reforma-de-salud-mental-proponen-volver-a-las-internaciones-involuntarias\/","url":"https:\/\/gysfm.com.ar\/inicio\/reforma-de-salud-mental-proponen-volver-a-las-internaciones-involuntarias\/","name":"Reforma de Salud Mental: proponen volver a las internaciones involuntarias - GYS NOTICIAS |","isPartOf":{"@id":"https:\/\/gysfm.com.ar\/inicio\/#website"},"primaryImageOfPage":{"@id":"https:\/\/gysfm.com.ar\/inicio\/reforma-de-salud-mental-proponen-volver-a-las-internaciones-involuntarias\/#primaryimage"},"image":{"@id":"https:\/\/gysfm.com.ar\/inicio\/reforma-de-salud-mental-proponen-volver-a-las-internaciones-involuntarias\/#primaryimage"},"thumbnailUrl":"https:\/\/gysfm.com.ar\/inicio\/wp-content\/uploads\/2026\/04\/salud-mental-2071198.jpg","datePublished":"2026-04-30T11:02:08+00:00","breadcrumb":{"@id":"https:\/\/gysfm.com.ar\/inicio\/reforma-de-salud-mental-proponen-volver-a-las-internaciones-involuntarias\/#breadcrumb"},"inLanguage":"es","potentialAction":[{"@type":"ReadAction","target":["https:\/\/gysfm.com.ar\/inicio\/reforma-de-salud-mental-proponen-volver-a-las-internaciones-involuntarias\/"]}]},{"@type":"ImageObject","inLanguage":"es","@id":"https:\/\/gysfm.com.ar\/inicio\/reforma-de-salud-mental-proponen-volver-a-las-internaciones-involuntarias\/#primaryimage","url":"https:\/\/gysfm.com.ar\/inicio\/wp-content\/uploads\/2026\/04\/salud-mental-2071198.jpg","contentUrl":"https:\/\/gysfm.com.ar\/inicio\/wp-content\/uploads\/2026\/04\/salud-mental-2071198.jpg","width":1140,"height":641},{"@type":"BreadcrumbList","@id":"https:\/\/gysfm.com.ar\/inicio\/reforma-de-salud-mental-proponen-volver-a-las-internaciones-involuntarias\/#breadcrumb","itemListElement":[{"@type":"ListItem","position":1,"name":"Portada","item":"https:\/\/gysfm.com.ar\/inicio\/"},{"@type":"ListItem","position":2,"name":"Reforma de Salud Mental: proponen volver a las internaciones involuntarias"}]},{"@type":"WebSite","@id":"https:\/\/gysfm.com.ar\/inicio\/#website","url":"https:\/\/gysfm.com.ar\/inicio\/","name":"GYS NOTICIAS |","description":"DIARIO - RADIO ONLINE SAN JUAN ARGENTINA","publisher":{"@id":"https:\/\/gysfm.com.ar\/inicio\/#organization"},"potentialAction":[{"@type":"SearchAction","target":{"@type":"EntryPoint","urlTemplate":"https:\/\/gysfm.com.ar\/inicio\/?s={search_term_string}"},"query-input":{"@type":"PropertyValueSpecification","valueRequired":true,"valueName":"search_term_string"}}],"inLanguage":"es"},{"@type":"Organization","@id":"https:\/\/gysfm.com.ar\/inicio\/#organization","name":"GYS NOTICIAS |","url":"https:\/\/gysfm.com.ar\/inicio\/","logo":{"@type":"ImageObject","inLanguage":"es","@id":"https:\/\/gysfm.com.ar\/inicio\/#\/schema\/logo\/image\/","url":"https:\/\/gysfm.com.ar\/inicio\/wp-content\/uploads\/2023\/07\/LOGOGYS-OK.png","contentUrl":"https:\/\/gysfm.com.ar\/inicio\/wp-content\/uploads\/2023\/07\/LOGOGYS-OK.png","width":1170,"height":872,"caption":"GYS NOTICIAS |"},"image":{"@id":"https:\/\/gysfm.com.ar\/inicio\/#\/schema\/logo\/image\/"}},{"@type":"Person","@id":"https:\/\/gysfm.com.ar\/inicio\/#\/schema\/person\/3abba7593ef2ad19e1be221d54383dc5","name":"Prensa G&amp;S FM","image":{"@type":"ImageObject","inLanguage":"es","@id":"https:\/\/gysfm.com.ar\/inicio\/#\/schema\/person\/image\/","url":"https:\/\/secure.gravatar.com\/avatar\/096ec78df02049ab018702bb4ccedf659377fa92a26540b5247612077a0dbd29?s=96&d=mm&r=g","contentUrl":"https:\/\/secure.gravatar.com\/avatar\/096ec78df02049ab018702bb4ccedf659377fa92a26540b5247612077a0dbd29?s=96&d=mm&r=g","caption":"Prensa G&amp;S FM"},"sameAs":["https:\/\/gysfm.com.ar\/"],"url":"https:\/\/gysfm.com.ar\/inicio\/author\/lucasm\/"}]}},"_links":{"self":[{"href":"https:\/\/gysfm.com.ar\/inicio\/wp-json\/wp\/v2\/posts\/193850","targetHints":{"allow":["GET"]}}],"collection":[{"href":"https:\/\/gysfm.com.ar\/inicio\/wp-json\/wp\/v2\/posts"}],"about":[{"href":"https:\/\/gysfm.com.ar\/inicio\/wp-json\/wp\/v2\/types\/post"}],"author":[{"embeddable":true,"href":"https:\/\/gysfm.com.ar\/inicio\/wp-json\/wp\/v2\/users\/2"}],"replies":[{"embeddable":true,"href":"https:\/\/gysfm.com.ar\/inicio\/wp-json\/wp\/v2\/comments?post=193850"}],"version-history":[{"count":0,"href":"https:\/\/gysfm.com.ar\/inicio\/wp-json\/wp\/v2\/posts\/193850\/revisions"}],"wp:featuredmedia":[{"embeddable":true,"href":"https:\/\/gysfm.com.ar\/inicio\/wp-json\/wp\/v2\/media\/193851"}],"wp:attachment":[{"href":"https:\/\/gysfm.com.ar\/inicio\/wp-json\/wp\/v2\/media?parent=193850"}],"wp:term":[{"taxonomy":"category","embeddable":true,"href":"https:\/\/gysfm.com.ar\/inicio\/wp-json\/wp\/v2\/categories?post=193850"},{"taxonomy":"post_tag","embeddable":true,"href":"https:\/\/gysfm.com.ar\/inicio\/wp-json\/wp\/v2\/tags?post=193850"}],"curies":[{"name":"wp","href":"https:\/\/api.w.org\/{rel}","templated":true}]}}