{"id":193848,"date":"2026-04-30T07:31:04","date_gmt":"2026-04-30T10:31:04","guid":{"rendered":"https:\/\/gysfm.com.ar\/inicio\/causa-andis-miguel-angel-calvete-y-horacio-arnaudo-se-negaron-a-declarar\/"},"modified":"2026-04-30T07:31:04","modified_gmt":"2026-04-30T10:31:04","slug":"causa-andis-miguel-angel-calvete-y-horacio-arnaudo-se-negaron-a-declarar","status":"publish","type":"post","link":"https:\/\/gysfm.com.ar\/inicio\/causa-andis-miguel-angel-calvete-y-horacio-arnaudo-se-negaron-a-declarar\/","title":{"rendered":"Causa ANDIS: Miguel \u00c1ngel Calvete y Horacio Arnaudo se negaron a declarar"},"content":{"rendered":"<p><\/p>\n<div id=\"article-content\">\n<p><a target=\"_blank\" href=\"https:\/\/noticias.perfil.com\/noticias\/politica\/coimagate-quien-es-el-padre-preso-de-la-funcionaria-de-los-700-mil-dolares.phtml?_gl=1*1wwryso*_ga*NzkwNDk5MDczLjE3NDA0MjExMjk.*_ga_ZVLDWW22SP*czE3Nzc0NzkyODEkbzQwJGcxJHQxNzc3NDgwODQ4JGo2MCRsMCRoMA..&amp;_ga=2.116670272.793175938.1776681903-790499073.1740421129\"><strong>Miguel \u00c1ngel Calvete<\/strong><\/a> <strong>se neg\u00f3<\/strong> este mi\u00e9rcoles <strong>a declarar ante la Justicia<\/strong> en la causa que lo tiene imputado como uno de los presuntos jefes de una \u201casociaci\u00f3n il\u00edcita\u201d que coopt\u00f3 la <strong>Agencia Nacional de Discapacidad (ANDIS)<\/strong> para sus intereses. Para el <strong>fiscal Franco Picardi,<\/strong> Calvete y Pablo Atchabahian, vinculados a droguer\u00edas y que se desempe\u00f1aron como funcionarios en distintas gestiones pol\u00edticas, habr\u00edan <strong>logrado controlar la ANDIS desde afuera,<\/strong> en coordinaci\u00f3n con las autoridades oficiales.<\/p>\n<p>La Justicia afirma que, durante la gesti\u00f3n de <strong>Diego Spagnuolo<\/strong> al frente del organismo, entre diciembre de 2023 y agosto de 2025, hubo <strong>licitaciones digitadas y sobreprecios.<\/strong> El fiscal Franco Picardi les atribuye a Spagnuolo y su segundo, <strong>Daniel Garbellini,<\/strong> erogaciones en favor de droguer\u00edas y ortopedias \u201camigas\u201d \u2013con sobreprecios y promesas de retornos\u2013 por 75.000 millones de pesos.<\/p>\n<p class=\"destacadoNota\"><a target=\"_blank\" href=\"https:\/\/www.perfil.com\/noticias\/politica\/la-justicia-proceso-a-diego-spganuolo-por-fraude-asociacion-ilicita-y-sobornos.phtml\">La Justicia proces\u00f3 a Diego Spagnuolo por fraude, asociaci\u00f3n il\u00edcita y sobornos<\/a><\/p>\n<div class=\"subscription\">\n<p>\n        Esto no les gusta a los autoritarios\n    <\/p>\n<div class=\"subscription__container\">\n<div class=\"subscription__text-wrapper\">\n<p>\n                El ejercicio del periodismo profesional y cr\u00edtico es un pilar fundamental de la democracia. Por eso molesta a quienes creen ser los due\u00f1os de la verdad.\n            <\/p>\n<\/p><\/div><\/div>\n<\/div>\n<p>En la jornada, Calvete <strong>se neg\u00f3 tanto a declarar como a responder preguntas.<\/strong> Fuentes judiciales ligadas a la causa se\u00f1alaron a PERFIL que \u201cpuede presentar un descargo por escrito cuando quiera\u201d. El ex vocero de la Federaci\u00f3n de Supermercados y Asociaciones Chinas se present\u00f3 ante el fiscal Picardi por zoom porque <strong>est\u00e1 detenido por otra causa, condenado por facilitaci\u00f3n de la prostituci\u00f3n.<\/strong><\/p>\n<p>Sobre Calvete, Picardi dijo que \u201cser\u00eda otro de los jefes de esta organizaci\u00f3n, actuando en su calidad de persona ajena a la ANDIS y representando al sector privado empresarial que comercializaba medicamentos e insumos PACBI, siendo el que <strong>articular\u00eda las adjudicaciones y se beneficiar\u00eda de los retornos<\/strong> derivados de las contrataciones\u201d. \u201cCalvete habr\u00eda impartido \u00f3rdenes directas para orientar sus decisiones en lo que hac\u00eda a las contrataciones, pero tambi\u00e9n a la administraci\u00f3n de los recursos\u201d, asegur\u00f3 Picardi en el dictamen al que accedi\u00f3 PERFIL.<\/p>\n<p>Y precis\u00f3 que ex vocero de la Federaci\u00f3n de Supermercados y Asociaciones Chinas encontrar\u00eda vinculado -de manera formal e informal- con diversas firmas que comercializaron insumos con la ANDIS, de manera directa con Indecomm SRL, Bymax Medical SRL, Resposane Salud SA y Profarma SA e informalmente con ExpoTrauma SA, Artrobone Ortopedia SA, Cirug\u00eda Alemana Insumos M\u00e9dicos, Cirug\u00eda y Ortopedia Imnova SA, Farma Salud SRL, MED-EL Latinoam\u00e9rica SRL, Neurosalud SA, Sistema M\u00e9dicos Globales SRL, Meridius, entre otras.<\/p>\n<p class=\"destacadoNota\"><a target=\"_blank\" href=\"https:\/\/www.perfil.com\/noticias\/politica\/andis-secretos-del-caso-que-golpea-a-milei-y-controla-lijo.phtml\">Andis: secretos del caso que golpea a Milei y controla Lijo<\/a><\/p>\n<p>El segundo de los imputados citados para este mi\u00e9rcoles, <strong>Andr\u00e9s Horacio Arnaudo,<\/strong> se present\u00f3 en los tribunales de Comodoro Py con su abogado, Julio Golodny, e ingres\u00f3 a la fiscal\u00eda de Picardi poco despu\u00e9s de las 11. <strong>En di\u00e1logo con PERFIL, el abogado anticip\u00f3 que no iba a declarar <\/strong>en esta oportunidad.<\/p>\n<p>Sobre Arnaudo, Picardi afirm\u00f3 en el dictamen que \u201cse desempe\u00f1\u00f3 como Presidente de droguer\u00eda Genesis SA y a su vez es gerente de Vicmor S.R.L., junto a Diego Miras\u201d. Ambas firmas eran \u201cinvitadas a cotizar en el proceso de compulsa de precios de la ANDIS\u201d.<\/p>\n<p>\u201cAndr\u00e9s Horacio Arnaudo <strong>adem\u00e1s de que habr\u00eda defraudado al Estado Nacional <\/strong>en el marco de las compulsas de precios de medicamentos PACBI en las que participaba Genesis S.A., tambi\u00e9n habr\u00eda actuado con la misma finalidad, a trav\u00e9s de la firma Vicmor S.R.L. en el segmento de <strong>implantes auditivos y aud\u00edfonos <\/strong>de la categor\u00eda insumos, junto a Diego Miras. Vicmor S.R.L., fue adjudicataria de la suma de $1.282.600.000 en el periodo de noviembre de 2024 a agosto de 2025\u201d, dijo Picardi.<\/p>\n<h2>Ampliaci\u00f3n de indagatorias<\/h2>\n<p>Esta semana comenz\u00f3 una etapa de <strong>ampliaci\u00f3n de las declaraciones indagatorias,<\/strong> que pidi\u00f3 el fiscal Picardi. Este martes se presentaron en los tribunales de Comodoro Py <strong>Spagnuolo,<\/strong> que tambi\u00e9n se neg\u00f3 a declarar y a la salida no quiso hablar con la prensa y <strong>Daniel Garbellini,<\/strong> quien actu\u00f3 en el mismo sentido de quien fuera su jefe: no declar\u00f3 ni habl\u00f3 con los medios acreditados. <strong>Hasta el 26 de mayo est\u00e1n citados 35 testigos.<\/strong><\/p>\n<p class=\"destacadoNota\"><a target=\"_blank\" href=\"https:\/\/www.perfil.com\/noticias\/politica\/andis-declara-hoy-diego-spagnuolo-en-la-causa-por-corrupcion-que-investiga-millonarios-desvios-de-fondos.phtml\">ANDIS, Diego Spagnuolo se neg\u00f3 a declarar en la causa por corrupci\u00f3n<\/a><\/p>\n<h2><strong>Procesamientos<\/strong><\/h2>\n<p>A principios de febrero, el juez Sebasti\u00e1n Casanello, dict\u00f3 19 procesamientos en esta causa. Seg\u00fan el magistrado durante los primeros meses del gobierno de Milei se mont\u00f3 \u201cun <strong>entramado de corrupci\u00f3n institucional <\/strong>que tuvo su n\u00facleo en el funcionamiento irregular de la Agencia Nacional de Discapacidad, con operadores externos y funcionarios que ocupaban los cargos de m\u00e1xima autoridad actuando en forma mancomunada en contra del inter\u00e9s general y a favor de negocios privados il\u00edcitos\u201d.<\/p>\n<p class=\"destacadoNota\"><a target=\"_blank\" href=\"https:\/\/www.perfil.com\/noticias\/politica\/el-lado-b-del-caso-calvete-bailarinas-departamentos-y-explotacion-sexual.phtml\">El lado B del caso Calvete: bailarinas, departamentos y explotaci\u00f3n sexual<\/a><\/p>\n<p>El magistrado se refiri\u00f3 al \u201cestrecho v\u00ednculo (personal, comercial, laboral) entre los funcionarios y los distintos actores privados\u201d as\u00ed como a la \u201ccoordinaci\u00f3n, sostenida en el tiempo, determinada a la adjudicaci\u00f3n direccionada de adquisici\u00f3n de medicamentos e insumos (&#8230;) con sobreprecios\u201d. En esa sentencia, Casanello advirti\u00f3 que \u201cse sospecha que la magnitud\u201d de la operatoria \u201cha sido mayor\u201d y en ese sentido enfatiz\u00f3 que la investigaci\u00f3n se debe profundizar. Desde febrero el expediente est\u00e1 en el juzgado de<strong> Ariel Lijo,<\/strong> quien result\u00f3 sorteado para completar la subrogancia en el juzgado que est\u00e1 vacante desde la muerte de Claudio Bonad\u00edo.<\/p>\n<p>La causa tuvo su punto de partida en los <strong>audios <\/strong>que se conocieron en el mes de agosto pasado, en los que Spagnuolo aseguraba que un porcentaje de los retornos obtenidos por parte de las droguer\u00edas, el 3%, ser\u00eda para la <strong>secretaria general de la presidencia, Karina Milei. <\/strong>Y dec\u00eda que<strong> Javier Milei <\/strong>fue advertido por \u00e9l de lo que estaba pasando. Apuntaba como responsable de la maniobra al asesor del Presidente, <strong>Eduardo \u00abLule\u00bb Menem.<\/strong><\/p>\n<p>Dichos audios, cuyo origen y veracidad cuestionan las defensas de los imputados, no fueron usados como prueba por el fiscal del caso, Franco Picardi, ni por el juez Casanello. <\/p>\n<h2>En la C\u00e1mara<\/h2>\n<p>En tribunales afirman que los imputados no declarar\u00e1n hasta que la Sala II de la C\u00e1mara Federal convalide o rechace los 19 procesamientos dictados por Casanello. En dicha sentencia, el tribunal tambi\u00e9n podr\u00eda pronunciarse sobre el \u201corigen y la veracidad\u201d de los audios, aunque en otras dos oportunidades ya plante\u00f3 que se deber\u00eda ampliar la investigaci\u00f3n sobre este punto.<\/p>\n<p>BK\/fl<\/p>\n<\/p><\/div>\n<p><script>\n                !function(f,b,e,v,n,t,s)\n                {if(f.fbq)return;n=f.fbq=function(){n.callMethod?\n                    n.callMethod.apply(n,arguments):n.queue.push(arguments)};\n                    if(!f._fbq)f._fbq=n;n.push=n;n.loaded=!0;n.version='2.0';\n                    n.queue=[];t=b.createElement(e);t.async=!0;\n                    t.src=v;s=b.getElementsByTagName(e)[0];\n                    s.parentNode.insertBefore(t,s)}(window, document,'script',\n                    'https:\/\/connect.facebook.net\/en_US\/fbevents.js');\n                window.paywallConfig.facebook_pixel=\"1000228364089342\"\n            <\/script><\/p>\n","protected":false},"excerpt":{"rendered":"<p>Miguel \u00c1ngel Calvete se neg\u00f3 este mi\u00e9rcoles a declarar ante la Justicia en la causa que lo tiene imputado como uno de los presuntos jefes de una \u201casociaci\u00f3n il\u00edcita\u201d que coopt\u00f3 la Agencia Nacional de Discapacidad (ANDIS) para sus intereses. Para el fiscal Franco Picardi, Calvete y Pablo Atchabahian, vinculados a droguer\u00edas y que se [&hellip;]<\/p>\n","protected":false},"author":2,"featured_media":193849,"comment_status":"closed","ping_status":"closed","sticky":false,"template":"","format":"standard","meta":{"footnotes":""},"categories":[25],"tags":[],"class_list":["post-193848","post","type-post","status-publish","format-standard","has-post-thumbnail","hentry","category-nacionales"],"yoast_head":"<!-- This site is optimized with the Yoast SEO plugin v24.4 - https:\/\/yoast.com\/wordpress\/plugins\/seo\/ -->\n<title>Causa ANDIS: Miguel \u00c1ngel Calvete y Horacio Arnaudo se negaron a declarar - GYS NOTICIAS |<\/title>\n<meta name=\"robots\" content=\"index, follow, max-snippet:-1, max-image-preview:large, max-video-preview:-1\" \/>\n<link rel=\"canonical\" href=\"https:\/\/gysfm.com.ar\/inicio\/causa-andis-miguel-angel-calvete-y-horacio-arnaudo-se-negaron-a-declarar\/\" \/>\n<meta property=\"og:locale\" content=\"es_ES\" \/>\n<meta property=\"og:type\" content=\"article\" \/>\n<meta property=\"og:title\" content=\"Causa ANDIS: Miguel \u00c1ngel Calvete y Horacio Arnaudo se negaron a declarar - GYS NOTICIAS |\" \/>\n<meta property=\"og:description\" content=\"Miguel \u00c1ngel Calvete se neg\u00f3 este mi\u00e9rcoles a declarar ante la Justicia en la causa que lo tiene imputado como uno de los presuntos jefes de una \u201casociaci\u00f3n il\u00edcita\u201d que coopt\u00f3 la Agencia Nacional de Discapacidad (ANDIS) para sus intereses. Para el fiscal Franco Picardi, Calvete y Pablo Atchabahian, vinculados a droguer\u00edas y que se [&hellip;]\" \/>\n<meta property=\"og:url\" content=\"https:\/\/gysfm.com.ar\/inicio\/causa-andis-miguel-angel-calvete-y-horacio-arnaudo-se-negaron-a-declarar\/\" \/>\n<meta property=\"og:site_name\" content=\"GYS NOTICIAS |\" \/>\n<meta property=\"article:published_time\" content=\"2026-04-30T10:31:04+00:00\" \/>\n<meta name=\"author\" content=\"Prensa G&amp;S FM\" \/>\n<meta name=\"twitter:card\" content=\"summary_large_image\" \/>\n<meta name=\"twitter:label1\" content=\"Escrito por\" \/>\n\t<meta name=\"twitter:data1\" content=\"Prensa G&amp;S FM\" \/>\n\t<meta name=\"twitter:label2\" content=\"Tiempo de lectura\" \/>\n\t<meta name=\"twitter:data2\" content=\"6 minutos\" \/>\n<script type=\"application\/ld+json\" class=\"yoast-schema-graph\">{\"@context\":\"https:\/\/schema.org\",\"@graph\":[{\"@type\":\"Article\",\"@id\":\"https:\/\/gysfm.com.ar\/inicio\/causa-andis-miguel-angel-calvete-y-horacio-arnaudo-se-negaron-a-declarar\/#article\",\"isPartOf\":{\"@id\":\"https:\/\/gysfm.com.ar\/inicio\/causa-andis-miguel-angel-calvete-y-horacio-arnaudo-se-negaron-a-declarar\/\"},\"author\":{\"name\":\"Prensa G&amp;S FM\",\"@id\":\"https:\/\/gysfm.com.ar\/inicio\/#\/schema\/person\/3abba7593ef2ad19e1be221d54383dc5\"},\"headline\":\"Causa ANDIS: Miguel \u00c1ngel Calvete y Horacio Arnaudo se negaron a declarar\",\"datePublished\":\"2026-04-30T10:31:04+00:00\",\"mainEntityOfPage\":{\"@id\":\"https:\/\/gysfm.com.ar\/inicio\/causa-andis-miguel-angel-calvete-y-horacio-arnaudo-se-negaron-a-declarar\/\"},\"wordCount\":1113,\"publisher\":{\"@id\":\"https:\/\/gysfm.com.ar\/inicio\/#organization\"},\"image\":{\"@id\":\"https:\/\/gysfm.com.ar\/inicio\/causa-andis-miguel-angel-calvete-y-horacio-arnaudo-se-negaron-a-declarar\/#primaryimage\"},\"thumbnailUrl\":\"https:\/\/gysfm.com.ar\/inicio\/wp-content\/uploads\/2026\/04\/miguel-angel-calvete-29042026-2230163.jpg\",\"articleSection\":[\"NACIONALES\"],\"inLanguage\":\"es\"},{\"@type\":\"WebPage\",\"@id\":\"https:\/\/gysfm.com.ar\/inicio\/causa-andis-miguel-angel-calvete-y-horacio-arnaudo-se-negaron-a-declarar\/\",\"url\":\"https:\/\/gysfm.com.ar\/inicio\/causa-andis-miguel-angel-calvete-y-horacio-arnaudo-se-negaron-a-declarar\/\",\"name\":\"Causa ANDIS: Miguel \u00c1ngel Calvete y Horacio Arnaudo se negaron a declarar - GYS NOTICIAS |\",\"isPartOf\":{\"@id\":\"https:\/\/gysfm.com.ar\/inicio\/#website\"},\"primaryImageOfPage\":{\"@id\":\"https:\/\/gysfm.com.ar\/inicio\/causa-andis-miguel-angel-calvete-y-horacio-arnaudo-se-negaron-a-declarar\/#primaryimage\"},\"image\":{\"@id\":\"https:\/\/gysfm.com.ar\/inicio\/causa-andis-miguel-angel-calvete-y-horacio-arnaudo-se-negaron-a-declarar\/#primaryimage\"},\"thumbnailUrl\":\"https:\/\/gysfm.com.ar\/inicio\/wp-content\/uploads\/2026\/04\/miguel-angel-calvete-29042026-2230163.jpg\",\"datePublished\":\"2026-04-30T10:31:04+00:00\",\"breadcrumb\":{\"@id\":\"https:\/\/gysfm.com.ar\/inicio\/causa-andis-miguel-angel-calvete-y-horacio-arnaudo-se-negaron-a-declarar\/#breadcrumb\"},\"inLanguage\":\"es\",\"potentialAction\":[{\"@type\":\"ReadAction\",\"target\":[\"https:\/\/gysfm.com.ar\/inicio\/causa-andis-miguel-angel-calvete-y-horacio-arnaudo-se-negaron-a-declarar\/\"]}]},{\"@type\":\"ImageObject\",\"inLanguage\":\"es\",\"@id\":\"https:\/\/gysfm.com.ar\/inicio\/causa-andis-miguel-angel-calvete-y-horacio-arnaudo-se-negaron-a-declarar\/#primaryimage\",\"url\":\"https:\/\/gysfm.com.ar\/inicio\/wp-content\/uploads\/2026\/04\/miguel-angel-calvete-29042026-2230163.jpg\",\"contentUrl\":\"https:\/\/gysfm.com.ar\/inicio\/wp-content\/uploads\/2026\/04\/miguel-angel-calvete-29042026-2230163.jpg\",\"width\":1140,\"height\":641},{\"@type\":\"BreadcrumbList\",\"@id\":\"https:\/\/gysfm.com.ar\/inicio\/causa-andis-miguel-angel-calvete-y-horacio-arnaudo-se-negaron-a-declarar\/#breadcrumb\",\"itemListElement\":[{\"@type\":\"ListItem\",\"position\":1,\"name\":\"Portada\",\"item\":\"https:\/\/gysfm.com.ar\/inicio\/\"},{\"@type\":\"ListItem\",\"position\":2,\"name\":\"Causa ANDIS: Miguel \u00c1ngel Calvete y Horacio Arnaudo se negaron a declarar\"}]},{\"@type\":\"WebSite\",\"@id\":\"https:\/\/gysfm.com.ar\/inicio\/#website\",\"url\":\"https:\/\/gysfm.com.ar\/inicio\/\",\"name\":\"GYS NOTICIAS |\",\"description\":\"DIARIO - RADIO ONLINE SAN JUAN ARGENTINA\",\"publisher\":{\"@id\":\"https:\/\/gysfm.com.ar\/inicio\/#organization\"},\"potentialAction\":[{\"@type\":\"SearchAction\",\"target\":{\"@type\":\"EntryPoint\",\"urlTemplate\":\"https:\/\/gysfm.com.ar\/inicio\/?s={search_term_string}\"},\"query-input\":{\"@type\":\"PropertyValueSpecification\",\"valueRequired\":true,\"valueName\":\"search_term_string\"}}],\"inLanguage\":\"es\"},{\"@type\":\"Organization\",\"@id\":\"https:\/\/gysfm.com.ar\/inicio\/#organization\",\"name\":\"GYS NOTICIAS |\",\"url\":\"https:\/\/gysfm.com.ar\/inicio\/\",\"logo\":{\"@type\":\"ImageObject\",\"inLanguage\":\"es\",\"@id\":\"https:\/\/gysfm.com.ar\/inicio\/#\/schema\/logo\/image\/\",\"url\":\"https:\/\/gysfm.com.ar\/inicio\/wp-content\/uploads\/2023\/07\/LOGOGYS-OK.png\",\"contentUrl\":\"https:\/\/gysfm.com.ar\/inicio\/wp-content\/uploads\/2023\/07\/LOGOGYS-OK.png\",\"width\":1170,\"height\":872,\"caption\":\"GYS NOTICIAS |\"},\"image\":{\"@id\":\"https:\/\/gysfm.com.ar\/inicio\/#\/schema\/logo\/image\/\"}},{\"@type\":\"Person\",\"@id\":\"https:\/\/gysfm.com.ar\/inicio\/#\/schema\/person\/3abba7593ef2ad19e1be221d54383dc5\",\"name\":\"Prensa G&amp;S FM\",\"image\":{\"@type\":\"ImageObject\",\"inLanguage\":\"es\",\"@id\":\"https:\/\/gysfm.com.ar\/inicio\/#\/schema\/person\/image\/\",\"url\":\"https:\/\/secure.gravatar.com\/avatar\/096ec78df02049ab018702bb4ccedf659377fa92a26540b5247612077a0dbd29?s=96&d=mm&r=g\",\"contentUrl\":\"https:\/\/secure.gravatar.com\/avatar\/096ec78df02049ab018702bb4ccedf659377fa92a26540b5247612077a0dbd29?s=96&d=mm&r=g\",\"caption\":\"Prensa G&amp;S FM\"},\"sameAs\":[\"https:\/\/gysfm.com.ar\/\"],\"url\":\"https:\/\/gysfm.com.ar\/inicio\/author\/lucasm\/\"}]}<\/script>\n<!-- \/ Yoast SEO plugin. -->","yoast_head_json":{"title":"Causa ANDIS: Miguel \u00c1ngel Calvete y Horacio Arnaudo se negaron a declarar - GYS NOTICIAS |","robots":{"index":"index","follow":"follow","max-snippet":"max-snippet:-1","max-image-preview":"max-image-preview:large","max-video-preview":"max-video-preview:-1"},"canonical":"https:\/\/gysfm.com.ar\/inicio\/causa-andis-miguel-angel-calvete-y-horacio-arnaudo-se-negaron-a-declarar\/","og_locale":"es_ES","og_type":"article","og_title":"Causa ANDIS: Miguel \u00c1ngel Calvete y Horacio Arnaudo se negaron a declarar - GYS NOTICIAS |","og_description":"Miguel \u00c1ngel Calvete se neg\u00f3 este mi\u00e9rcoles a declarar ante la Justicia en la causa que lo tiene imputado como uno de los presuntos jefes de una \u201casociaci\u00f3n il\u00edcita\u201d que coopt\u00f3 la Agencia Nacional de Discapacidad (ANDIS) para sus intereses. Para el fiscal Franco Picardi, Calvete y Pablo Atchabahian, vinculados a droguer\u00edas y que se [&hellip;]","og_url":"https:\/\/gysfm.com.ar\/inicio\/causa-andis-miguel-angel-calvete-y-horacio-arnaudo-se-negaron-a-declarar\/","og_site_name":"GYS NOTICIAS |","article_published_time":"2026-04-30T10:31:04+00:00","author":"Prensa G&amp;S FM","twitter_card":"summary_large_image","twitter_misc":{"Escrito por":"Prensa G&amp;S FM","Tiempo de lectura":"6 minutos"},"schema":{"@context":"https:\/\/schema.org","@graph":[{"@type":"Article","@id":"https:\/\/gysfm.com.ar\/inicio\/causa-andis-miguel-angel-calvete-y-horacio-arnaudo-se-negaron-a-declarar\/#article","isPartOf":{"@id":"https:\/\/gysfm.com.ar\/inicio\/causa-andis-miguel-angel-calvete-y-horacio-arnaudo-se-negaron-a-declarar\/"},"author":{"name":"Prensa G&amp;S FM","@id":"https:\/\/gysfm.com.ar\/inicio\/#\/schema\/person\/3abba7593ef2ad19e1be221d54383dc5"},"headline":"Causa ANDIS: Miguel \u00c1ngel Calvete y Horacio Arnaudo se negaron a declarar","datePublished":"2026-04-30T10:31:04+00:00","mainEntityOfPage":{"@id":"https:\/\/gysfm.com.ar\/inicio\/causa-andis-miguel-angel-calvete-y-horacio-arnaudo-se-negaron-a-declarar\/"},"wordCount":1113,"publisher":{"@id":"https:\/\/gysfm.com.ar\/inicio\/#organization"},"image":{"@id":"https:\/\/gysfm.com.ar\/inicio\/causa-andis-miguel-angel-calvete-y-horacio-arnaudo-se-negaron-a-declarar\/#primaryimage"},"thumbnailUrl":"https:\/\/gysfm.com.ar\/inicio\/wp-content\/uploads\/2026\/04\/miguel-angel-calvete-29042026-2230163.jpg","articleSection":["NACIONALES"],"inLanguage":"es"},{"@type":"WebPage","@id":"https:\/\/gysfm.com.ar\/inicio\/causa-andis-miguel-angel-calvete-y-horacio-arnaudo-se-negaron-a-declarar\/","url":"https:\/\/gysfm.com.ar\/inicio\/causa-andis-miguel-angel-calvete-y-horacio-arnaudo-se-negaron-a-declarar\/","name":"Causa ANDIS: Miguel \u00c1ngel Calvete y Horacio Arnaudo se negaron a declarar - GYS NOTICIAS |","isPartOf":{"@id":"https:\/\/gysfm.com.ar\/inicio\/#website"},"primaryImageOfPage":{"@id":"https:\/\/gysfm.com.ar\/inicio\/causa-andis-miguel-angel-calvete-y-horacio-arnaudo-se-negaron-a-declarar\/#primaryimage"},"image":{"@id":"https:\/\/gysfm.com.ar\/inicio\/causa-andis-miguel-angel-calvete-y-horacio-arnaudo-se-negaron-a-declarar\/#primaryimage"},"thumbnailUrl":"https:\/\/gysfm.com.ar\/inicio\/wp-content\/uploads\/2026\/04\/miguel-angel-calvete-29042026-2230163.jpg","datePublished":"2026-04-30T10:31:04+00:00","breadcrumb":{"@id":"https:\/\/gysfm.com.ar\/inicio\/causa-andis-miguel-angel-calvete-y-horacio-arnaudo-se-negaron-a-declarar\/#breadcrumb"},"inLanguage":"es","potentialAction":[{"@type":"ReadAction","target":["https:\/\/gysfm.com.ar\/inicio\/causa-andis-miguel-angel-calvete-y-horacio-arnaudo-se-negaron-a-declarar\/"]}]},{"@type":"ImageObject","inLanguage":"es","@id":"https:\/\/gysfm.com.ar\/inicio\/causa-andis-miguel-angel-calvete-y-horacio-arnaudo-se-negaron-a-declarar\/#primaryimage","url":"https:\/\/gysfm.com.ar\/inicio\/wp-content\/uploads\/2026\/04\/miguel-angel-calvete-29042026-2230163.jpg","contentUrl":"https:\/\/gysfm.com.ar\/inicio\/wp-content\/uploads\/2026\/04\/miguel-angel-calvete-29042026-2230163.jpg","width":1140,"height":641},{"@type":"BreadcrumbList","@id":"https:\/\/gysfm.com.ar\/inicio\/causa-andis-miguel-angel-calvete-y-horacio-arnaudo-se-negaron-a-declarar\/#breadcrumb","itemListElement":[{"@type":"ListItem","position":1,"name":"Portada","item":"https:\/\/gysfm.com.ar\/inicio\/"},{"@type":"ListItem","position":2,"name":"Causa ANDIS: Miguel \u00c1ngel Calvete y Horacio Arnaudo se negaron a declarar"}]},{"@type":"WebSite","@id":"https:\/\/gysfm.com.ar\/inicio\/#website","url":"https:\/\/gysfm.com.ar\/inicio\/","name":"GYS NOTICIAS |","description":"DIARIO - RADIO ONLINE SAN JUAN ARGENTINA","publisher":{"@id":"https:\/\/gysfm.com.ar\/inicio\/#organization"},"potentialAction":[{"@type":"SearchAction","target":{"@type":"EntryPoint","urlTemplate":"https:\/\/gysfm.com.ar\/inicio\/?s={search_term_string}"},"query-input":{"@type":"PropertyValueSpecification","valueRequired":true,"valueName":"search_term_string"}}],"inLanguage":"es"},{"@type":"Organization","@id":"https:\/\/gysfm.com.ar\/inicio\/#organization","name":"GYS NOTICIAS |","url":"https:\/\/gysfm.com.ar\/inicio\/","logo":{"@type":"ImageObject","inLanguage":"es","@id":"https:\/\/gysfm.com.ar\/inicio\/#\/schema\/logo\/image\/","url":"https:\/\/gysfm.com.ar\/inicio\/wp-content\/uploads\/2023\/07\/LOGOGYS-OK.png","contentUrl":"https:\/\/gysfm.com.ar\/inicio\/wp-content\/uploads\/2023\/07\/LOGOGYS-OK.png","width":1170,"height":872,"caption":"GYS NOTICIAS |"},"image":{"@id":"https:\/\/gysfm.com.ar\/inicio\/#\/schema\/logo\/image\/"}},{"@type":"Person","@id":"https:\/\/gysfm.com.ar\/inicio\/#\/schema\/person\/3abba7593ef2ad19e1be221d54383dc5","name":"Prensa G&amp;S FM","image":{"@type":"ImageObject","inLanguage":"es","@id":"https:\/\/gysfm.com.ar\/inicio\/#\/schema\/person\/image\/","url":"https:\/\/secure.gravatar.com\/avatar\/096ec78df02049ab018702bb4ccedf659377fa92a26540b5247612077a0dbd29?s=96&d=mm&r=g","contentUrl":"https:\/\/secure.gravatar.com\/avatar\/096ec78df02049ab018702bb4ccedf659377fa92a26540b5247612077a0dbd29?s=96&d=mm&r=g","caption":"Prensa G&amp;S FM"},"sameAs":["https:\/\/gysfm.com.ar\/"],"url":"https:\/\/gysfm.com.ar\/inicio\/author\/lucasm\/"}]}},"_links":{"self":[{"href":"https:\/\/gysfm.com.ar\/inicio\/wp-json\/wp\/v2\/posts\/193848","targetHints":{"allow":["GET"]}}],"collection":[{"href":"https:\/\/gysfm.com.ar\/inicio\/wp-json\/wp\/v2\/posts"}],"about":[{"href":"https:\/\/gysfm.com.ar\/inicio\/wp-json\/wp\/v2\/types\/post"}],"author":[{"embeddable":true,"href":"https:\/\/gysfm.com.ar\/inicio\/wp-json\/wp\/v2\/users\/2"}],"replies":[{"embeddable":true,"href":"https:\/\/gysfm.com.ar\/inicio\/wp-json\/wp\/v2\/comments?post=193848"}],"version-history":[{"count":0,"href":"https:\/\/gysfm.com.ar\/inicio\/wp-json\/wp\/v2\/posts\/193848\/revisions"}],"wp:featuredmedia":[{"embeddable":true,"href":"https:\/\/gysfm.com.ar\/inicio\/wp-json\/wp\/v2\/media\/193849"}],"wp:attachment":[{"href":"https:\/\/gysfm.com.ar\/inicio\/wp-json\/wp\/v2\/media?parent=193848"}],"wp:term":[{"taxonomy":"category","embeddable":true,"href":"https:\/\/gysfm.com.ar\/inicio\/wp-json\/wp\/v2\/categories?post=193848"},{"taxonomy":"post_tag","embeddable":true,"href":"https:\/\/gysfm.com.ar\/inicio\/wp-json\/wp\/v2\/tags?post=193848"}],"curies":[{"name":"wp","href":"https:\/\/api.w.org\/{rel}","templated":true}]}}