{"id":193845,"date":"2026-04-30T07:25:27","date_gmt":"2026-04-30T10:25:27","guid":{"rendered":"https:\/\/gysfm.com.ar\/inicio\/el-portaaviones-mas-poderoso-de-ee-uu-deja-medio-oriente-tras-un-despliegue-record-y-un-incendio-misterioso\/"},"modified":"2026-04-30T07:25:28","modified_gmt":"2026-04-30T10:25:28","slug":"el-portaaviones-mas-poderoso-de-ee-uu-deja-medio-oriente-tras-un-despliegue-record-y-un-incendio-misterioso","status":"publish","type":"post","link":"https:\/\/gysfm.com.ar\/inicio\/el-portaaviones-mas-poderoso-de-ee-uu-deja-medio-oriente-tras-un-despliegue-record-y-un-incendio-misterioso\/","title":{"rendered":"El portaaviones m\u00e1s poderoso de EE.UU. deja Medio Oriente tras un despliegue r\u00e9cord y un incendio misterioso"},"content":{"rendered":"<p> <br \/>\n<\/p>\n<div>\n<p class=\"com-paragraph  --capital --s\">WASHINGTON.- <strong>El portaaviones nuclear USS Gerald R. Ford, el m\u00e1s grande y moderno de la Armada de Estados Unidos, se prepara para abandonar Medio Oriente<\/strong> y regresar a su base en Virginia tras m\u00e1s de diez meses de operaciones continuas, en lo que ya es<a href=\"https:\/\/www.lanacion.com.ar\/estados-unidos\/el-portaaviones-mas-grande-del-mundo-podria-quedar-fuera-de-combate-por-un-ano-tras-reportar-un-nid23032026\/\" target=\"_self\" title=\"https:\/\/www.lanacion.com.ar\/estados-unidos\/el-portaaviones-mas-grande-del-mundo-podria-quedar-fuera-de-combate-por-un-ano-tras-reportar-un-nid23032026\/\" class=\"com-link break-word\" data-mrf-recirculation=\"n_link_parrafo\"> uno de los despliegues m\u00e1s largos de la historia reciente de la marina norteamericana.<\/a><\/p>\n<p class=\"com-paragraph   --s\">Seg\u00fan inform\u00f3 <em>The Washinfton Post<\/em>, la salida del buque \u2014confirmada por funcionarios estadounidenses\u2014 representa un <strong>alivio para sus m\u00e1s de 4500 tripulantes<\/strong>, pero al mismo tiempo implica una <strong>reducci\u00f3n significativa del poder militar desplegado en la regi\u00f3n<\/strong> en un momento en que las negociaciones entre Washington y Teher\u00e1n permanecen estancadas.<\/p>\n<div class=\"content-media\">\n<section role=\"button\" class=\"mod-media   \">\n<figure role=\"button\" tabindex=\"0\" class=\"mod-figure \"><figcaption class=\"mod-figcaption\"><span class=\"com-text --caption --twoxs\">El USS Gerald R. Ford llega al puerto de Split, el 28 de marzo de 2026, en Croacia. (AP Foto\/Tom Dubravec)<\/span><span class=\"com-text --credit --twoxs\">Tom Dubravec &#8211; AP<\/span><\/figcaption><\/figure>\n<\/section>\n<\/div>\n<p class=\"com-paragraph   --s\">El Gerald R. Ford, que antes de Medio Oriente estuvo desplegado en el Caribe durante los operativos que llevaron a la captura de Nicol\u00e1s Maduro, es actualmente <strong>uno de los tres portaaviones estadounidenses en la zona<\/strong>. <\/p>\n<p class=\"com-paragraph   --s\">Mientras la nave operaba en el Mar Rojo, los otros dos \u2014el USS Abraham Lincoln y el USS George H.W. Bush\u2014 contin\u00faan en el Mar Ar\u00e1bigo, donde participan en el bloqueo naval destinado a frenar exportaciones de petr\u00f3leo y mercanc\u00edas desde puertos iran\u00edes.<\/p>\n<div class=\"content-media\">\n<section role=\"button\" class=\"mod-media   \">\n<figure role=\"button\" tabindex=\"0\" class=\"mod-figure \"><figcaption class=\"mod-figcaption\"><span class=\"com-text --caption --twoxs\">La cubierta del Gerald Ford<\/span><span class=\"com-text --credit --twoxs\">HANDOUT &#8211; DVIDS<\/span><\/figcaption><\/figure>\n<\/section>\n<\/div>\n<p class=\"com-paragraph   --s\">Se espera que el buque regrese a Estados Unidos hacia mediados de mayo. Para entonces,<strong> habr\u00e1 acumulado m\u00e1s de 300 d\u00edas <\/strong>en el mar, superando ampliamente los despliegues habituales, que suelen durar entre seis y siete meses para preservar los ciclos de mantenimiento.<\/p>\n<p class=\"com-paragraph   --s\">Ese ritmo operativo extremo pas\u00f3 factura. El portaaviones ya debi\u00f3 someterse a reparaciones durante su misi\u00f3n tras <a href=\"https:\/\/www.lanacion.com.ar\/el-mundo\/un-incendio-en-el-portaaviones-uss-gerald-r-ford-en-el-mar-rojo-dejo-dos-marinos-heridos-nid12032026\/\" target=\"_self\" title=\"https:\/\/www.lanacion.com.ar\/el-mundo\/un-incendio-en-el-portaaviones-uss-gerald-r-ford-en-el-mar-rojo-dejo-dos-marinos-heridos-nid12032026\/\" class=\"com-link break-word\" data-mrf-recirculation=\"n_link_parrafo\">sufrir un incendio en una lavander\u00eda<\/a> que afect\u00f3 \u00e1reas residenciales e hiri\u00f3 a varios marinos. A eso se suman fallas reiteradas en sistemas internos y un desgaste general producto de la intensidad de las operaciones.<\/p>\n<div class=\"content-media\">\n<section role=\"button\" class=\"mod-media   \">\n<figure role=\"button\" tabindex=\"0\" class=\"mod-figure \"><figcaption class=\"mod-figcaption\"><span class=\"com-text --caption --twoxs\">El portaaviones m\u00e1s grande del mundo, el USS Gerald R. Ford<\/span><span class=\"com-text --credit --twoxs\">COSTAS METAXAKIS &#8211; AFP<\/span><\/figcaption><\/figure>\n<\/section>\n<\/div>\n<p class=\"com-paragraph   --s\">Ahora, una vez de regreso, el buque <strong>deber\u00e1 afrontar un proceso de mantenimiento profundo y posiblemente prolongado<\/strong>, que podr\u00eda extenderse durante meses o incluso m\u00e1s de un a\u00f1o, seg\u00fan evaluaciones preliminares de fuentes de defensa.<\/p>\n<p class=\"com-paragraph   --s\">El deterioro del Ford no se explica solo por el incidente puntual, sino por una combinaci\u00f3n de factores. Durante su despliegue, la nave particip\u00f3 activamente en operaciones militares contra objetivos vinculados a Ir\u00e1n, con un volumen de actividad que incluy\u00f3 miles de misiones a\u00e9reas y un uso constante de sus sistemas m\u00e1s exigentes.<\/p>\n<p class=\"com-paragraph   --s\">Expertos advierten que<strong> el incendio fue apenas \u201cla gota que colm\u00f3 el vaso\u201d <\/strong>en un buque que ya arrastraba una creciente deuda de mantenimiento, producto de la decisi\u00f3n de prolongar su presencia en zonas cr\u00edticas sin interrupciones t\u00e9cnicas.<\/p>\n<div class=\"content-media\">\n<section role=\"button\" class=\"mod-media   \">\n<figure role=\"button\" tabindex=\"0\" class=\"mod-figure \"><figcaption class=\"mod-figcaption\"><span class=\"com-text --caption --twoxs\">ARCHIVO \u2013 El portaaviones USS Gerald R. Ford sale de la Estaci\u00f3n Naval Station de Norfolk, el 23 de junio de 2025, en Norfolk, Virginia. (AP Foto\/John Clark, Archivo)<\/span><span class=\"com-text --credit --twoxs\">John Clark &#8211; FR171764 AP<\/span><\/figcaption><\/figure>\n<\/section>\n<\/div>\n<p class=\"com-paragraph   --s\">El USS Gerald R. Ford representa un<strong> salto tecnol\u00f3gico dentro de la flota estadounidense.<\/strong> Con unas 100.000 toneladas de desplazamiento y capacidad para transportar m\u00e1s de 75 aeronaves, incorpora sistemas avanzados como el lanzamiento electromagn\u00e9tico de aviones (EMALS) y nuevos mecanismos de detenci\u00f3n.<\/p>\n<p class=\"com-paragraph   --s\">Sin embargo, esas innovaciones tambi\u00e9n implican mayor complejidad t\u00e9cnica y tiempos de reparaci\u00f3n m\u00e1s largos, lo que vuelve m\u00e1s sensible cualquier falla en escenarios de alta exigencia.<\/p>\n<p class=\"com-paragraph   --s\">Su retiro temporal plantea<strong> interrogantes sobre la disponibilidad global de portaaviones en un contexto de tensi\u00f3n creciente<\/strong>. La marina estadounidense depende de estas plataformas para proyectar poder a escala global, y la salida del Ford reduce de manera concreta la capacidad operativa inmediata en Medio Oriente.<\/p>\n<div class=\"content-media\">\n<section role=\"button\" class=\"mod-media   \">\n<figure role=\"button\" tabindex=\"0\" class=\"mod-figure \"><figcaption class=\"mod-figcaption\"><span class=\"com-text --caption --twoxs\">El portaaviones USS Gerald R. Ford est\u00e1 atracado en la base naval de Souda, cerca de Chania, en la isla de Creta<\/span><span class=\"com-text --credit --twoxs\">Giannis Angelakis &#8211; AP<\/span><\/figcaption><\/figure>\n<\/section>\n<\/div>\n<p class=\"com-paragraph   --s\">Esa misi\u00f3n marc\u00f3 el inicio de una cadena de<strong> despliegues sin pausa<\/strong>, que continu\u00f3 con su traslado a Medio Oriente para integrarse a las operaciones contra Ir\u00e1n.<\/p>\n<p class=\"com-paragraph   --s\">El largo despliegue del buque<strong> comenz\u00f3 el 24 de junio de 2025<\/strong>, cuando parti\u00f3 desde Norfolk hacia Europa. Poco despu\u00e9s, fue redirigido al Caribe como parte de la estrategia de presi\u00f3n sobre Venezuela, donde particip\u00f3 en operaciones de bloqueo y en el operativo que culmin\u00f3 con la captura de Maduro en enero de 2026.<\/p>\n<p class=\"com-paragraph   --s\"><strong>Diario <\/strong><em><strong>The Washington Post<\/strong><\/em><strong> y agencia Reuters<\/strong><\/p>\n<section class=\"container-center-100 mb-40 border border-bottom border-thin border-neutral-light-700\">\n<hr\/>\n<\/section>\n<\/div>\n<p><script id=\"facebookpixel\" defer=\"\" type=\"text\/javascript\">\n        !function(f,b,e,v,n,t,s)\n        {if(f.fbq)return;n=f.fbq=function(){n.callMethod?\n        n.callMethod.apply(n,arguments):n.queue.push(arguments)};\n        if(!f._fbq)f._fbq=n;n.push=n;n.loaded=!0;n.version='2.0';\n        n.queue=[];t=b.createElement(e);t.async=!0;\n        t.src=v;s=b.getElementsByTagName(e)[0];\n        s.parentNode.insertBefore(t,s)}(window, document,'script',\n        'https:\/\/connect.facebook.net\/en_US\/fbevents.js');\n        fbq('init', '492459597522335');\n        fbq('track', 'PageView');\n    <\/script><br \/>\n<br \/><\/p>\n","protected":false},"excerpt":{"rendered":"<p>WASHINGTON.- El portaaviones nuclear USS Gerald R. Ford, el m\u00e1s grande y moderno de la Armada de Estados Unidos, se prepara para abandonar Medio Oriente y regresar a su base en Virginia tras m\u00e1s de diez meses de operaciones continuas, en lo que ya es uno de los despliegues m\u00e1s largos de la historia reciente [&hellip;]<\/p>\n","protected":false},"author":2,"featured_media":193846,"comment_status":"closed","ping_status":"closed","sticky":false,"template":"","format":"standard","meta":{"footnotes":""},"categories":[26],"tags":[],"class_list":["post-193845","post","type-post","status-publish","format-standard","has-post-thumbnail","hentry","category-internacionales"],"yoast_head":"<!-- This site is optimized with the Yoast SEO plugin v24.4 - https:\/\/yoast.com\/wordpress\/plugins\/seo\/ -->\n<title>El portaaviones m\u00e1s poderoso de EE.UU. deja Medio Oriente tras un despliegue r\u00e9cord y un incendio misterioso - GYS NOTICIAS |<\/title>\n<meta name=\"robots\" content=\"index, follow, max-snippet:-1, max-image-preview:large, max-video-preview:-1\" \/>\n<link rel=\"canonical\" href=\"https:\/\/gysfm.com.ar\/inicio\/el-portaaviones-mas-poderoso-de-ee-uu-deja-medio-oriente-tras-un-despliegue-record-y-un-incendio-misterioso\/\" \/>\n<meta property=\"og:locale\" content=\"es_ES\" \/>\n<meta property=\"og:type\" content=\"article\" \/>\n<meta property=\"og:title\" content=\"El portaaviones m\u00e1s poderoso de EE.UU. deja Medio Oriente tras un despliegue r\u00e9cord y un incendio misterioso - GYS NOTICIAS |\" \/>\n<meta property=\"og:description\" content=\"WASHINGTON.- El portaaviones nuclear USS Gerald R. Ford, el m\u00e1s grande y moderno de la Armada de Estados Unidos, se prepara para abandonar Medio Oriente y regresar a su base en Virginia tras m\u00e1s de diez meses de operaciones continuas, en lo que ya es uno de los despliegues m\u00e1s largos de la historia reciente [&hellip;]\" \/>\n<meta property=\"og:url\" content=\"https:\/\/gysfm.com.ar\/inicio\/el-portaaviones-mas-poderoso-de-ee-uu-deja-medio-oriente-tras-un-despliegue-record-y-un-incendio-misterioso\/\" \/>\n<meta property=\"og:site_name\" content=\"GYS NOTICIAS |\" \/>\n<meta property=\"article:published_time\" content=\"2026-04-30T10:25:27+00:00\" \/>\n<meta property=\"article:modified_time\" content=\"2026-04-30T10:25:28+00:00\" \/>\n<meta property=\"og:image\" content=\"https:\/\/gysfm.com.ar\/inicio\/wp-content\/uploads\/2026\/04\/un-remolcador-escolta-al-portaaviones-mas-grande-NEZ5OYUOM5D2FI5IE7DZW2EBQI.JPG\" \/>\n\t<meta property=\"og:image:width\" content=\"1200\" \/>\n\t<meta property=\"og:image:height\" content=\"800\" \/>\n\t<meta property=\"og:image:type\" content=\"image\/jpeg\" \/>\n<meta name=\"author\" content=\"Prensa G&amp;S FM\" \/>\n<meta name=\"twitter:card\" content=\"summary_large_image\" \/>\n<meta name=\"twitter:label1\" content=\"Escrito por\" \/>\n\t<meta name=\"twitter:data1\" content=\"Prensa G&amp;S FM\" \/>\n\t<meta name=\"twitter:label2\" content=\"Tiempo de lectura\" \/>\n\t<meta name=\"twitter:data2\" content=\"4 minutos\" \/>\n<script type=\"application\/ld+json\" class=\"yoast-schema-graph\">{\"@context\":\"https:\/\/schema.org\",\"@graph\":[{\"@type\":\"Article\",\"@id\":\"https:\/\/gysfm.com.ar\/inicio\/el-portaaviones-mas-poderoso-de-ee-uu-deja-medio-oriente-tras-un-despliegue-record-y-un-incendio-misterioso\/#article\",\"isPartOf\":{\"@id\":\"https:\/\/gysfm.com.ar\/inicio\/el-portaaviones-mas-poderoso-de-ee-uu-deja-medio-oriente-tras-un-despliegue-record-y-un-incendio-misterioso\/\"},\"author\":{\"name\":\"Prensa G&amp;S FM\",\"@id\":\"https:\/\/gysfm.com.ar\/inicio\/#\/schema\/person\/3abba7593ef2ad19e1be221d54383dc5\"},\"headline\":\"El portaaviones m\u00e1s poderoso de EE.UU. deja Medio Oriente tras un despliegue r\u00e9cord y un incendio misterioso\",\"datePublished\":\"2026-04-30T10:25:27+00:00\",\"dateModified\":\"2026-04-30T10:25:28+00:00\",\"mainEntityOfPage\":{\"@id\":\"https:\/\/gysfm.com.ar\/inicio\/el-portaaviones-mas-poderoso-de-ee-uu-deja-medio-oriente-tras-un-despliegue-record-y-un-incendio-misterioso\/\"},\"wordCount\":780,\"publisher\":{\"@id\":\"https:\/\/gysfm.com.ar\/inicio\/#organization\"},\"image\":{\"@id\":\"https:\/\/gysfm.com.ar\/inicio\/el-portaaviones-mas-poderoso-de-ee-uu-deja-medio-oriente-tras-un-despliegue-record-y-un-incendio-misterioso\/#primaryimage\"},\"thumbnailUrl\":\"https:\/\/gysfm.com.ar\/inicio\/wp-content\/uploads\/2026\/04\/un-remolcador-escolta-al-portaaviones-mas-grande-NEZ5OYUOM5D2FI5IE7DZW2EBQI.JPG\",\"articleSection\":[\"INTERNACIONALES\"],\"inLanguage\":\"es\"},{\"@type\":\"WebPage\",\"@id\":\"https:\/\/gysfm.com.ar\/inicio\/el-portaaviones-mas-poderoso-de-ee-uu-deja-medio-oriente-tras-un-despliegue-record-y-un-incendio-misterioso\/\",\"url\":\"https:\/\/gysfm.com.ar\/inicio\/el-portaaviones-mas-poderoso-de-ee-uu-deja-medio-oriente-tras-un-despliegue-record-y-un-incendio-misterioso\/\",\"name\":\"El portaaviones m\u00e1s poderoso de EE.UU. deja Medio Oriente tras un despliegue r\u00e9cord y un incendio misterioso - GYS NOTICIAS |\",\"isPartOf\":{\"@id\":\"https:\/\/gysfm.com.ar\/inicio\/#website\"},\"primaryImageOfPage\":{\"@id\":\"https:\/\/gysfm.com.ar\/inicio\/el-portaaviones-mas-poderoso-de-ee-uu-deja-medio-oriente-tras-un-despliegue-record-y-un-incendio-misterioso\/#primaryimage\"},\"image\":{\"@id\":\"https:\/\/gysfm.com.ar\/inicio\/el-portaaviones-mas-poderoso-de-ee-uu-deja-medio-oriente-tras-un-despliegue-record-y-un-incendio-misterioso\/#primaryimage\"},\"thumbnailUrl\":\"https:\/\/gysfm.com.ar\/inicio\/wp-content\/uploads\/2026\/04\/un-remolcador-escolta-al-portaaviones-mas-grande-NEZ5OYUOM5D2FI5IE7DZW2EBQI.JPG\",\"datePublished\":\"2026-04-30T10:25:27+00:00\",\"dateModified\":\"2026-04-30T10:25:28+00:00\",\"breadcrumb\":{\"@id\":\"https:\/\/gysfm.com.ar\/inicio\/el-portaaviones-mas-poderoso-de-ee-uu-deja-medio-oriente-tras-un-despliegue-record-y-un-incendio-misterioso\/#breadcrumb\"},\"inLanguage\":\"es\",\"potentialAction\":[{\"@type\":\"ReadAction\",\"target\":[\"https:\/\/gysfm.com.ar\/inicio\/el-portaaviones-mas-poderoso-de-ee-uu-deja-medio-oriente-tras-un-despliegue-record-y-un-incendio-misterioso\/\"]}]},{\"@type\":\"ImageObject\",\"inLanguage\":\"es\",\"@id\":\"https:\/\/gysfm.com.ar\/inicio\/el-portaaviones-mas-poderoso-de-ee-uu-deja-medio-oriente-tras-un-despliegue-record-y-un-incendio-misterioso\/#primaryimage\",\"url\":\"https:\/\/gysfm.com.ar\/inicio\/wp-content\/uploads\/2026\/04\/un-remolcador-escolta-al-portaaviones-mas-grande-NEZ5OYUOM5D2FI5IE7DZW2EBQI.JPG\",\"contentUrl\":\"https:\/\/gysfm.com.ar\/inicio\/wp-content\/uploads\/2026\/04\/un-remolcador-escolta-al-portaaviones-mas-grande-NEZ5OYUOM5D2FI5IE7DZW2EBQI.JPG\",\"width\":1200,\"height\":800},{\"@type\":\"BreadcrumbList\",\"@id\":\"https:\/\/gysfm.com.ar\/inicio\/el-portaaviones-mas-poderoso-de-ee-uu-deja-medio-oriente-tras-un-despliegue-record-y-un-incendio-misterioso\/#breadcrumb\",\"itemListElement\":[{\"@type\":\"ListItem\",\"position\":1,\"name\":\"Portada\",\"item\":\"https:\/\/gysfm.com.ar\/inicio\/\"},{\"@type\":\"ListItem\",\"position\":2,\"name\":\"El portaaviones m\u00e1s poderoso de EE.UU. deja Medio Oriente tras un despliegue r\u00e9cord y un incendio misterioso\"}]},{\"@type\":\"WebSite\",\"@id\":\"https:\/\/gysfm.com.ar\/inicio\/#website\",\"url\":\"https:\/\/gysfm.com.ar\/inicio\/\",\"name\":\"GYS NOTICIAS |\",\"description\":\"DIARIO - RADIO ONLINE SAN JUAN ARGENTINA\",\"publisher\":{\"@id\":\"https:\/\/gysfm.com.ar\/inicio\/#organization\"},\"potentialAction\":[{\"@type\":\"SearchAction\",\"target\":{\"@type\":\"EntryPoint\",\"urlTemplate\":\"https:\/\/gysfm.com.ar\/inicio\/?s={search_term_string}\"},\"query-input\":{\"@type\":\"PropertyValueSpecification\",\"valueRequired\":true,\"valueName\":\"search_term_string\"}}],\"inLanguage\":\"es\"},{\"@type\":\"Organization\",\"@id\":\"https:\/\/gysfm.com.ar\/inicio\/#organization\",\"name\":\"GYS NOTICIAS |\",\"url\":\"https:\/\/gysfm.com.ar\/inicio\/\",\"logo\":{\"@type\":\"ImageObject\",\"inLanguage\":\"es\",\"@id\":\"https:\/\/gysfm.com.ar\/inicio\/#\/schema\/logo\/image\/\",\"url\":\"https:\/\/gysfm.com.ar\/inicio\/wp-content\/uploads\/2023\/07\/LOGOGYS-OK.png\",\"contentUrl\":\"https:\/\/gysfm.com.ar\/inicio\/wp-content\/uploads\/2023\/07\/LOGOGYS-OK.png\",\"width\":1170,\"height\":872,\"caption\":\"GYS NOTICIAS |\"},\"image\":{\"@id\":\"https:\/\/gysfm.com.ar\/inicio\/#\/schema\/logo\/image\/\"}},{\"@type\":\"Person\",\"@id\":\"https:\/\/gysfm.com.ar\/inicio\/#\/schema\/person\/3abba7593ef2ad19e1be221d54383dc5\",\"name\":\"Prensa G&amp;S FM\",\"image\":{\"@type\":\"ImageObject\",\"inLanguage\":\"es\",\"@id\":\"https:\/\/gysfm.com.ar\/inicio\/#\/schema\/person\/image\/\",\"url\":\"https:\/\/secure.gravatar.com\/avatar\/096ec78df02049ab018702bb4ccedf659377fa92a26540b5247612077a0dbd29?s=96&d=mm&r=g\",\"contentUrl\":\"https:\/\/secure.gravatar.com\/avatar\/096ec78df02049ab018702bb4ccedf659377fa92a26540b5247612077a0dbd29?s=96&d=mm&r=g\",\"caption\":\"Prensa G&amp;S FM\"},\"sameAs\":[\"https:\/\/gysfm.com.ar\/\"],\"url\":\"https:\/\/gysfm.com.ar\/inicio\/author\/lucasm\/\"}]}<\/script>\n<!-- \/ Yoast SEO plugin. -->","yoast_head_json":{"title":"El portaaviones m\u00e1s poderoso de EE.UU. deja Medio Oriente tras un despliegue r\u00e9cord y un incendio misterioso - GYS NOTICIAS |","robots":{"index":"index","follow":"follow","max-snippet":"max-snippet:-1","max-image-preview":"max-image-preview:large","max-video-preview":"max-video-preview:-1"},"canonical":"https:\/\/gysfm.com.ar\/inicio\/el-portaaviones-mas-poderoso-de-ee-uu-deja-medio-oriente-tras-un-despliegue-record-y-un-incendio-misterioso\/","og_locale":"es_ES","og_type":"article","og_title":"El portaaviones m\u00e1s poderoso de EE.UU. deja Medio Oriente tras un despliegue r\u00e9cord y un incendio misterioso - GYS NOTICIAS |","og_description":"WASHINGTON.- El portaaviones nuclear USS Gerald R. Ford, el m\u00e1s grande y moderno de la Armada de Estados Unidos, se prepara para abandonar Medio Oriente y regresar a su base en Virginia tras m\u00e1s de diez meses de operaciones continuas, en lo que ya es uno de los despliegues m\u00e1s largos de la historia reciente [&hellip;]","og_url":"https:\/\/gysfm.com.ar\/inicio\/el-portaaviones-mas-poderoso-de-ee-uu-deja-medio-oriente-tras-un-despliegue-record-y-un-incendio-misterioso\/","og_site_name":"GYS NOTICIAS |","article_published_time":"2026-04-30T10:25:27+00:00","article_modified_time":"2026-04-30T10:25:28+00:00","og_image":[{"width":1200,"height":800,"url":"https:\/\/gysfm.com.ar\/inicio\/wp-content\/uploads\/2026\/04\/un-remolcador-escolta-al-portaaviones-mas-grande-NEZ5OYUOM5D2FI5IE7DZW2EBQI.JPG","type":"image\/jpeg"}],"author":"Prensa G&amp;S FM","twitter_card":"summary_large_image","twitter_misc":{"Escrito por":"Prensa G&amp;S FM","Tiempo de lectura":"4 minutos"},"schema":{"@context":"https:\/\/schema.org","@graph":[{"@type":"Article","@id":"https:\/\/gysfm.com.ar\/inicio\/el-portaaviones-mas-poderoso-de-ee-uu-deja-medio-oriente-tras-un-despliegue-record-y-un-incendio-misterioso\/#article","isPartOf":{"@id":"https:\/\/gysfm.com.ar\/inicio\/el-portaaviones-mas-poderoso-de-ee-uu-deja-medio-oriente-tras-un-despliegue-record-y-un-incendio-misterioso\/"},"author":{"name":"Prensa G&amp;S FM","@id":"https:\/\/gysfm.com.ar\/inicio\/#\/schema\/person\/3abba7593ef2ad19e1be221d54383dc5"},"headline":"El portaaviones m\u00e1s poderoso de EE.UU. deja Medio Oriente tras un despliegue r\u00e9cord y un incendio misterioso","datePublished":"2026-04-30T10:25:27+00:00","dateModified":"2026-04-30T10:25:28+00:00","mainEntityOfPage":{"@id":"https:\/\/gysfm.com.ar\/inicio\/el-portaaviones-mas-poderoso-de-ee-uu-deja-medio-oriente-tras-un-despliegue-record-y-un-incendio-misterioso\/"},"wordCount":780,"publisher":{"@id":"https:\/\/gysfm.com.ar\/inicio\/#organization"},"image":{"@id":"https:\/\/gysfm.com.ar\/inicio\/el-portaaviones-mas-poderoso-de-ee-uu-deja-medio-oriente-tras-un-despliegue-record-y-un-incendio-misterioso\/#primaryimage"},"thumbnailUrl":"https:\/\/gysfm.com.ar\/inicio\/wp-content\/uploads\/2026\/04\/un-remolcador-escolta-al-portaaviones-mas-grande-NEZ5OYUOM5D2FI5IE7DZW2EBQI.JPG","articleSection":["INTERNACIONALES"],"inLanguage":"es"},{"@type":"WebPage","@id":"https:\/\/gysfm.com.ar\/inicio\/el-portaaviones-mas-poderoso-de-ee-uu-deja-medio-oriente-tras-un-despliegue-record-y-un-incendio-misterioso\/","url":"https:\/\/gysfm.com.ar\/inicio\/el-portaaviones-mas-poderoso-de-ee-uu-deja-medio-oriente-tras-un-despliegue-record-y-un-incendio-misterioso\/","name":"El portaaviones m\u00e1s poderoso de EE.UU. deja Medio Oriente tras un despliegue r\u00e9cord y un incendio misterioso - GYS NOTICIAS |","isPartOf":{"@id":"https:\/\/gysfm.com.ar\/inicio\/#website"},"primaryImageOfPage":{"@id":"https:\/\/gysfm.com.ar\/inicio\/el-portaaviones-mas-poderoso-de-ee-uu-deja-medio-oriente-tras-un-despliegue-record-y-un-incendio-misterioso\/#primaryimage"},"image":{"@id":"https:\/\/gysfm.com.ar\/inicio\/el-portaaviones-mas-poderoso-de-ee-uu-deja-medio-oriente-tras-un-despliegue-record-y-un-incendio-misterioso\/#primaryimage"},"thumbnailUrl":"https:\/\/gysfm.com.ar\/inicio\/wp-content\/uploads\/2026\/04\/un-remolcador-escolta-al-portaaviones-mas-grande-NEZ5OYUOM5D2FI5IE7DZW2EBQI.JPG","datePublished":"2026-04-30T10:25:27+00:00","dateModified":"2026-04-30T10:25:28+00:00","breadcrumb":{"@id":"https:\/\/gysfm.com.ar\/inicio\/el-portaaviones-mas-poderoso-de-ee-uu-deja-medio-oriente-tras-un-despliegue-record-y-un-incendio-misterioso\/#breadcrumb"},"inLanguage":"es","potentialAction":[{"@type":"ReadAction","target":["https:\/\/gysfm.com.ar\/inicio\/el-portaaviones-mas-poderoso-de-ee-uu-deja-medio-oriente-tras-un-despliegue-record-y-un-incendio-misterioso\/"]}]},{"@type":"ImageObject","inLanguage":"es","@id":"https:\/\/gysfm.com.ar\/inicio\/el-portaaviones-mas-poderoso-de-ee-uu-deja-medio-oriente-tras-un-despliegue-record-y-un-incendio-misterioso\/#primaryimage","url":"https:\/\/gysfm.com.ar\/inicio\/wp-content\/uploads\/2026\/04\/un-remolcador-escolta-al-portaaviones-mas-grande-NEZ5OYUOM5D2FI5IE7DZW2EBQI.JPG","contentUrl":"https:\/\/gysfm.com.ar\/inicio\/wp-content\/uploads\/2026\/04\/un-remolcador-escolta-al-portaaviones-mas-grande-NEZ5OYUOM5D2FI5IE7DZW2EBQI.JPG","width":1200,"height":800},{"@type":"BreadcrumbList","@id":"https:\/\/gysfm.com.ar\/inicio\/el-portaaviones-mas-poderoso-de-ee-uu-deja-medio-oriente-tras-un-despliegue-record-y-un-incendio-misterioso\/#breadcrumb","itemListElement":[{"@type":"ListItem","position":1,"name":"Portada","item":"https:\/\/gysfm.com.ar\/inicio\/"},{"@type":"ListItem","position":2,"name":"El portaaviones m\u00e1s poderoso de EE.UU. deja Medio Oriente tras un despliegue r\u00e9cord y un incendio misterioso"}]},{"@type":"WebSite","@id":"https:\/\/gysfm.com.ar\/inicio\/#website","url":"https:\/\/gysfm.com.ar\/inicio\/","name":"GYS NOTICIAS |","description":"DIARIO - RADIO ONLINE SAN JUAN ARGENTINA","publisher":{"@id":"https:\/\/gysfm.com.ar\/inicio\/#organization"},"potentialAction":[{"@type":"SearchAction","target":{"@type":"EntryPoint","urlTemplate":"https:\/\/gysfm.com.ar\/inicio\/?s={search_term_string}"},"query-input":{"@type":"PropertyValueSpecification","valueRequired":true,"valueName":"search_term_string"}}],"inLanguage":"es"},{"@type":"Organization","@id":"https:\/\/gysfm.com.ar\/inicio\/#organization","name":"GYS NOTICIAS |","url":"https:\/\/gysfm.com.ar\/inicio\/","logo":{"@type":"ImageObject","inLanguage":"es","@id":"https:\/\/gysfm.com.ar\/inicio\/#\/schema\/logo\/image\/","url":"https:\/\/gysfm.com.ar\/inicio\/wp-content\/uploads\/2023\/07\/LOGOGYS-OK.png","contentUrl":"https:\/\/gysfm.com.ar\/inicio\/wp-content\/uploads\/2023\/07\/LOGOGYS-OK.png","width":1170,"height":872,"caption":"GYS NOTICIAS |"},"image":{"@id":"https:\/\/gysfm.com.ar\/inicio\/#\/schema\/logo\/image\/"}},{"@type":"Person","@id":"https:\/\/gysfm.com.ar\/inicio\/#\/schema\/person\/3abba7593ef2ad19e1be221d54383dc5","name":"Prensa G&amp;S FM","image":{"@type":"ImageObject","inLanguage":"es","@id":"https:\/\/gysfm.com.ar\/inicio\/#\/schema\/person\/image\/","url":"https:\/\/secure.gravatar.com\/avatar\/096ec78df02049ab018702bb4ccedf659377fa92a26540b5247612077a0dbd29?s=96&d=mm&r=g","contentUrl":"https:\/\/secure.gravatar.com\/avatar\/096ec78df02049ab018702bb4ccedf659377fa92a26540b5247612077a0dbd29?s=96&d=mm&r=g","caption":"Prensa G&amp;S FM"},"sameAs":["https:\/\/gysfm.com.ar\/"],"url":"https:\/\/gysfm.com.ar\/inicio\/author\/lucasm\/"}]}},"_links":{"self":[{"href":"https:\/\/gysfm.com.ar\/inicio\/wp-json\/wp\/v2\/posts\/193845","targetHints":{"allow":["GET"]}}],"collection":[{"href":"https:\/\/gysfm.com.ar\/inicio\/wp-json\/wp\/v2\/posts"}],"about":[{"href":"https:\/\/gysfm.com.ar\/inicio\/wp-json\/wp\/v2\/types\/post"}],"author":[{"embeddable":true,"href":"https:\/\/gysfm.com.ar\/inicio\/wp-json\/wp\/v2\/users\/2"}],"replies":[{"embeddable":true,"href":"https:\/\/gysfm.com.ar\/inicio\/wp-json\/wp\/v2\/comments?post=193845"}],"version-history":[{"count":1,"href":"https:\/\/gysfm.com.ar\/inicio\/wp-json\/wp\/v2\/posts\/193845\/revisions"}],"predecessor-version":[{"id":193847,"href":"https:\/\/gysfm.com.ar\/inicio\/wp-json\/wp\/v2\/posts\/193845\/revisions\/193847"}],"wp:featuredmedia":[{"embeddable":true,"href":"https:\/\/gysfm.com.ar\/inicio\/wp-json\/wp\/v2\/media\/193846"}],"wp:attachment":[{"href":"https:\/\/gysfm.com.ar\/inicio\/wp-json\/wp\/v2\/media?parent=193845"}],"wp:term":[{"taxonomy":"category","embeddable":true,"href":"https:\/\/gysfm.com.ar\/inicio\/wp-json\/wp\/v2\/categories?post=193845"},{"taxonomy":"post_tag","embeddable":true,"href":"https:\/\/gysfm.com.ar\/inicio\/wp-json\/wp\/v2\/tags?post=193845"}],"curies":[{"name":"wp","href":"https:\/\/api.w.org\/{rel}","templated":true}]}}