{"id":193841,"date":"2026-04-30T07:00:11","date_gmt":"2026-04-30T10:00:11","guid":{"rendered":"https:\/\/gysfm.com.ar\/inicio\/capital-humano-suspendio-una-cooperativa-del-movimiento-de-grabois-la-respuesta\/"},"modified":"2026-04-30T07:00:11","modified_gmt":"2026-04-30T10:00:11","slug":"capital-humano-suspendio-una-cooperativa-del-movimiento-de-grabois-la-respuesta","status":"publish","type":"post","link":"https:\/\/gysfm.com.ar\/inicio\/capital-humano-suspendio-una-cooperativa-del-movimiento-de-grabois-la-respuesta\/","title":{"rendered":"Capital Humano suspendi\u00f3 una cooperativa del movimiento de Grabois: la respuesta"},"content":{"rendered":"<p><\/p>\n<div id=\"article-content\">\n<p>El <a target=\"_blank\" href=\"https:\/\/www.perfil.com\/noticias\/politica\/capital-humano-intimo-a-rectores-de-universidades-nacionales-por-los-paros-y-les-pidio-garantizar-las-clases.phtml\">Ministerio de <strong>Capital Humano<\/strong><\/a> dispuso este mi\u00e9rcoles la <strong>suspensi\u00f3n preventiva<\/strong> de la cooperativa <strong>La Azurduy<\/strong> por una serie de presuntas irregularidades detectadas en la organizaci\u00f3n que opera bajo el <strong>Movimiento de Trabajadores Excluidos (MTE)<\/strong>, fundada por el dirigente <strong>Juan Grabois<\/strong>. Desde la organizaci\u00f3n calificaron la suspensi\u00f3n como una <strong>\u00abburda cortina de humo\u00bb<\/strong>.<\/p>\n<p>\u00abEl Ministerio de Capital Humano, a trav\u00e9s del Instituto Nacional del Asociativismo y Econom\u00eda Social (INAES), dispuso como medida preventiva la <strong>suspensi\u00f3n de la operatoria y apertura de sumario<\/strong> a la Cooperativa de Trabajo La Azurduy Ltda\u00bb, anunci\u00f3 a trav\u00e9s de un comunicado la cartera dirigida por <strong>Sandra Pettovello<\/strong>.<\/p>\n<p>No obstante, el MTE comparti\u00f3 luego un comunicado con PERFIL en el que asever\u00f3: \u00abLa reciente acusaci\u00f3n contra la Cooperativa de Trabajo La Azurduy <strong>no es m\u00e1s que una burda cortina de humo<\/strong>\u00ab.<\/p>\n<div class=\"subscription\">\n<p>\n        Esto no les gusta a los autoritarios\n    <\/p>\n<div class=\"subscription__container\">\n<div class=\"subscription__text-wrapper\">\n<p>\n                El ejercicio del periodismo profesional y cr\u00edtico es un pilar fundamental de la democracia. Por eso molesta a quienes creen ser los due\u00f1os de la verdad.\n            <\/p>\n<\/p><\/div><\/div>\n<\/div>\n<p class=\"destacadoNota\"><a target=\"_blank\" href=\"https:\/\/www.perfil.com\/noticias\/politica\/capital-humano-intimo-a-rectores-de-universidades-nacionales-por-los-paros-y-les-pidio-garantizar-las-clases.phtml\">Capital Humano intim\u00f3 a rectores de universidades nacionales por los paros y les pidi\u00f3 garantizar las clases<\/a><\/p>\n<p>En la publicaci\u00f3n realizada desde <a target=\"_blank\" href=\"https:\/\/www.perfil.com\/noticias\/sociedad\/paro-total-en-la-uba-docentes-y-no-docentes-cruzan-a-capital-humano-y-llaman-a-una-nueva-marcha-federal.phtml\">Capital Humano<\/a> se indic\u00f3 que la investigaci\u00f3n revel\u00f3 \u00abuna <strong>desnaturalizaci\u00f3n de la figura cooperativa<\/strong> (art. 2\u00b0, Ley N\u00b020.337), al constatarse que la entidad es<strong> utilizada para el beneficio de una serie de personas<\/strong>, algunas de las cuales ni siquiera son asociados, y organizaciones externas\u00bb.<\/p>\n<p>\u00abTales pr\u00e1cticas <strong>se apartan de los principios de ayuda mutua y esfuerzo propio<\/strong>, vulnerando los derechos de los trabajadores y desvirtuando la naturaleza del trabajo asociado\u00bb, se reproch\u00f3, indicando que un selecto grupo de personas habr\u00eda estado aprovech\u00e1ndose de la cooperativa para obtener algunos beneficios de forma personal.<\/p>\n<p>En el comunicado tambi\u00e9n se advirti\u00f3: \u00abLas autoridades tampoco han brindado la documentaci\u00f3n respaldatoria de los pagos realizados por la <strong>adquisici\u00f3n de un terreno<\/strong>, lo que implica una obstrucci\u00f3n a la fiscalizaci\u00f3n, y cuya operaci\u00f3n se encuentra fuera de su objeto social\u00bb.<\/p>\n<div style=\"text-align:center\">\n<figure class=\"image\" style=\"display:inline-block\"><picture><source media=\"(max-width: 440px)\" srcset=\"https:\/\/fotos.perfil.com\/\/2026\/04\/29\/440\/0\/capital-humano-suspendio-a-la-cooperativa-la-azurduy-2230238.jpg?webp\"\/><source media=\"(max-width: 1019px)\" srcset=\"https:\/\/fotos.perfil.com\/\/2026\/04\/29\/712\/0\/capital-humano-suspendio-a-la-cooperativa-la-azurduy-2230238.jpg?webp\"\/><img decoding=\"async\" style=\"max-width: 100%; width: 100%;\" alt=\"Capital Humano suspendi\u00f3 a la cooperativa La Azurduy\" src=\"https:\/\/fotos.perfil.com\/\/2026\/04\/29\/900\/0\/capital-humano-suspendio-a-la-cooperativa-la-azurduy-2230238.jpg?webp\" loading=\"lazy\"\/><\/picture><figcaption>Comunicado oficial emitido por el Ministerio de Capital Humano<\/figcaption><\/figure>\n<\/p><\/div>\n<p>A la hora de mencionar las irregularidades detectadas en la cooperativa, entre los presuntos delitos y faltas se mencionaron <strong>\u00abconflictos de inter\u00e9s y v\u00ednculos familiares\u00bb<\/strong>. \u00abSe detect\u00f3 que funcionarios del FISU comparten domicilios fiscales con directivos de la cooperativa y sus familiares. Esta red de parentesco se repite en otras entidades vinculadas\u00bb, se detall\u00f3.<\/p>\n<p>\u00abLa cooperativa funciona bajo el control operativo de movimientos sociales y gremiales (MTE\/UTEP).<strong> Comparten sedes f\u00edsicas, autoridades y correos electr\u00f3nicos<\/strong>, lo que demuestra que la cooperativa no es aut\u00f3noma, sino que responde a dichas organizaciones\u00bb, se indic\u00f3 alegando una conexi\u00f3n con organizaciones pol\u00edticas.<\/p>\n<p>En t\u00e9rminos de <strong>facturaci\u00f3n,<\/strong> se indic\u00f3 que \u00abintegrantes de la comisi\u00f3n directiva facturan servicios a la propia cooperativa a trav\u00e9s de otras entidades que ellos mismos presiden\u00bb y que hay <strong>proveedores fantasma y tercerizaci\u00f3n irregular<\/strong> dado que \u00abpersonas ajenas a la cooperativa facturan materiales y fletes a trav\u00e9s de sociedades que no poseen locales comerciales, dep\u00f3sitos ni veh\u00edculos registrados\u00bb.<\/p>\n<p class=\"destacadoNota\"><a target=\"_blank\" href=\"https:\/\/www.perfil.com\/noticias\/politica\/cautelar-programa-volver-trabajo-capital-humano-gobierno-apela.phtml\">Una cautelar orden\u00f3 frenar la eliminaci\u00f3n del Programa Volver al Trabajo<\/a><\/p>\n<p>La expresidenta del Fideicomiso Fondo de Integraci\u00f3n Socio Urbana (FISU), <strong>Fernanda Mi\u00f1o<\/strong>, su c\u00f3nyuge, <strong>Juan Carlos Molina<\/strong>, y un grupo de <strong>cinco asociados<\/strong> de la cooperativa (de apellido Molina y el mismo domicilio) figuran entre los principales se\u00f1alados por la investigaci\u00f3n.<\/p>\n<p>El expresidente y actual s\u00edndico <strong>Sergio Oseira<\/strong> y el tesorero <strong>Jos\u00e9 Antonio Ru\u00edz D\u00edaz<\/strong>, ambos vinculados al <a target=\"_blank\" href=\"https:\/\/www.perfil.com\/noticias\/canal-e\/no-puede-quitarle-un-derecho-asi-porque-si-en-qr-cuestionaron-el-fin-del-programa-volver-al-trabajo.phtml\">MTE<\/a> y a la UTEP, tambi\u00e9n se vieron involucrados, as\u00ed como la exsecretaria <strong>Sandra Maestre<\/strong> y <strong>Pablo Nicol\u00e1s \u00c1valos<\/strong>, un ajeno a la cooperativa y Secretario Administrativo del Bloque Ciudadanos Unidos\/UCR de la Legislatura porte\u00f1a, quien con sus socios y familiares controlaba dos sociedades que le facturaban materiales a la cooperativa.<\/p>\n<p>A ra\u00edz de la investigaci\u00f3n, las autoridades de las cooperativas proveedoras <strong>Athenea Construcciones<\/strong> y <strong>San Jos\u00e9 Obrero de Zelaya <\/strong>tambi\u00e9n quedaron bajo sumario y suspensi\u00f3n preventiva por obstrucci\u00f3n a la fiscalizaci\u00f3n y desvirtuaci\u00f3n de la figura societaria, mientras que <strong>Maiza del Pilar SRL<\/strong>, proveedor de La Azurduy, fue incluido como presunto emisor de facturas ap\u00f3crifas.<\/p>\n<h2>El MTE respondi\u00f3 a la suspensi\u00f3n dispuesta por Capital Humano: \u00abOperaciones berretas\u00bb<\/h2>\n<p>Ante el comunicado lanzado por el Ministerio de Capital Humano, el MTE \u2014del que el diputado Juan Grabois no participa desde que se fund\u00f3 Patria Grande\u2014 sali\u00f3 a cruzar a la cartera dirigida por <a target=\"_blank\" href=\"https:\/\/www.perfil.com\/noticias\/politica\/sandra-pettovello-designo-a-mauro-esteban-brandi-como-nuevo-jefe-de-gabinete-tras-la-salida-de-massaccesi.phtml\">Pettovello<\/a> y aseguraron que \u00abla reciente acusaci\u00f3n contra la Cooperativa de Trabajo La Azurduy <strong>no es m\u00e1s que una burda cortina de humo<\/strong>\u00ab.<\/p>\n<p>\u00abNo es casualidad, <strong>aparece justo el mismo d\u00eda en que Adorni tiene que explicar sus esc\u00e1ndalos de corrupci\u00f3n<\/strong> en el Congreso y el Gobierno, por orden judicial, debe firmar el pago del programa &#8216;<strong>Volver al Trabajo<\/strong>&#8216;. <strong>Dejen de inventar fantasmas<\/strong> para tapar su propia inoperancia y crueldad y, por una vez en su vida, hagan su trabajo\u00bb, sostuvieron desde la organizaci\u00f3n social mediante un comunicado enviado a PERFIL.<\/p>\n<p>Desde el movimiento se\u00f1alaron que las irregularidades planteadas<strong> \u00abson tan rid\u00edculas que solo demuestran su total ignorancia <\/strong>sobre los barrios populares y su funcionamiento\u00bb y procedieron a responder a los diferentes puntos mencionados desde el Gobierno.<\/p>\n<div style=\"text-align:center\">\n<figure class=\"image\" style=\"display:inline-block\"><picture><source media=\"(max-width: 440px)\" srcset=\"https:\/\/fotos.perfil.com\/\/2024\/10\/09\/440\/0\/fernanda-mino-1888594.jpg?webp\"\/><source media=\"(max-width: 1019px)\" srcset=\"https:\/\/fotos.perfil.com\/\/2024\/10\/09\/712\/0\/fernanda-mino-1888594.jpg?webp\"\/><img decoding=\"async\" style=\"max-width: 100%; width: 100%;\" alt=\"Fernanda Mi\u00f1o\" src=\"https:\/\/fotos.perfil.com\/\/2024\/10\/09\/900\/0\/fernanda-mino-1888594.jpg?webp\" loading=\"lazy\"\/><\/picture><figcaption>Fernanda Mi\u00f1o<\/figcaption><\/figure>\n<\/p><\/div>\n<p>\u00abEl domicilio, compartido por Fernanda Mi\u00f1o y trabajadores de la cooperativa, no es un domicilio personal, <strong>es el domicilio de un comercio ubicado en el ingreso del barrio <\/strong>que vecinos de Villa La Cava utilizan para recibir su correspondencia, ya que se trata de un lugar accesible y visible. Para el Gobierno <strong>el problema es que una exfuncionaria p\u00fablica viva en una villa en vez de en un country<\/strong> como el que viven ellos. No sabe la se\u00f1ora Petovello que en los Barrios Populares las calles no tienen nombre ni altura y muchos son pasillos hasta donde no llega la correspondencia\u00bb, explicaron.<\/p>\n<p>En el comunicado tambi\u00e9n se indic\u00f3 que la cooperativa fue <strong>fundada y oficializada en 2019<\/strong> y ha funcionado de manera ininterrumpida desde aquel momento, por lo que \u00abresulta llamativo que ahora INAES considere &#8216;irregular&#8217; que los trabajadores de una cooperativa se organicen gremialmente en la Uni\u00f3n de Trabajadores de la Econom\u00eda Popular\u00bb<\/p>\n<p><strong>\u00abEn la Argentina de <a target=\"_blank\" href=\"https:\/\/www.perfil.com\/noticias\/politica\/milei-se-molesto-por-una-pregunta-sobre-la-inflacion-no-es-el-lugar-no-es-el-momento.phtml\">Milei<\/a>, parece que defender tus derechos es un delito\u00bb<\/strong>, aseveraron y amplizaron: \u00abLa Azurduy llev\u00f3 adelante, entre muchos trabajos, obras de integraci\u00f3n sociourbana en barrios populares que le mejoraron la vida a los vecinos y que adem\u00e1s fueron estrictamente controladas, auditadas, y finalmente certificadas.<strong> Si hoy las m\u00e1quinas est\u00e1n paradas y las obras est\u00e1n abandonadas, es pura y exclusivamente por la decisi\u00f3n pol\u00edtica del Gobierno<\/strong> nacional de destruir esta pol\u00edtica p\u00fablica\u00bb.<\/p>\n<p class=\"destacadoNota\"><a target=\"_blank\" href=\"https:\/\/www.perfil.com\/noticias\/canal-e\/adorni-prepara-su-show-en-diputados-mientras-le-sacan-el-pan-a-los-mas-pobres-advirtio-monica-frade-enqr.phtml\">\u201cAdorni prepara su show en Diputados mientras le sacan el pan a los m\u00e1s pobres\u201d, advirti\u00f3 M\u00f3nica Frade en \u201cQR!\u201d<\/a><\/p>\n<p>Desde la organizaci\u00f3n apuntaron contra el Ejecutivo y reprocharon que <strong>\u00abcondenan a millones de personas a seguir viviendo en condiciones indignas y destruyen el trabajo\u00bb<\/strong> y que \u00absi el objetivo del Gobierno fuera realmente la transparencia habr\u00edan puesto a sus funcionarios a ejecutar las obras con otros actores, pero no, eligieron desfinanciarlas, paralizarlas, y montar un circo medi\u00e1tico para justificarlo\u00bb.<\/p>\n<p>\u00abTienen un triple objetivo: <strong>robarse toda la guita que puedan<\/strong>, como bien muestra el esc\u00e1ndalo de corrupci\u00f3n de Adorni; <strong>transferirla a los que m\u00e1s tienen con las pol\u00edticas de endeudamiento feroz<\/strong> de Caputo y finalmente <strong>correr a las organizaciones de los barrios<\/strong> para que avancen sus amigos narcos, los de Puerto Madero, no los perejiles, como est\u00e1 pasando\u00bb, reclamaron.<\/p>\n<p>El MTE concluy\u00f3: \u00ab<strong>No nos van a amedrentar. <\/strong>Este ataque miserable no hace m\u00e1s que confirmar que estamos en la vereda correcta frente a un proyecto pol\u00edtico que <strong>planifica la miseria y criminaliza a los que intentamos sobrevivir<\/strong>. Vamos a seguir defendiendo a los trabajadores de la econom\u00eda popular y habitantes de los barrios populares\u00bb.  <\/p>\n<p>AS.<\/p>\n<p>LT.<\/p>\n<\/p><\/div>\n<p><script>\n                !function(f,b,e,v,n,t,s)\n                {if(f.fbq)return;n=f.fbq=function(){n.callMethod?\n                    n.callMethod.apply(n,arguments):n.queue.push(arguments)};\n                    if(!f._fbq)f._fbq=n;n.push=n;n.loaded=!0;n.version='2.0';\n                    n.queue=[];t=b.createElement(e);t.async=!0;\n                    t.src=v;s=b.getElementsByTagName(e)[0];\n                    s.parentNode.insertBefore(t,s)}(window, document,'script',\n                    'https:\/\/connect.facebook.net\/en_US\/fbevents.js');\n                window.paywallConfig.facebook_pixel=\"1000228364089342\"\n            <\/script><\/p>\n","protected":false},"excerpt":{"rendered":"<p>El Ministerio de Capital Humano dispuso este mi\u00e9rcoles la suspensi\u00f3n preventiva de la cooperativa La Azurduy por una serie de presuntas irregularidades detectadas en la organizaci\u00f3n que opera bajo el Movimiento de Trabajadores Excluidos (MTE), fundada por el dirigente Juan Grabois. Desde la organizaci\u00f3n calificaron la suspensi\u00f3n como una \u00abburda cortina de humo\u00bb. \u00abEl Ministerio [&hellip;]<\/p>\n","protected":false},"author":2,"featured_media":193842,"comment_status":"closed","ping_status":"closed","sticky":false,"template":"","format":"standard","meta":{"footnotes":""},"categories":[25],"tags":[],"class_list":["post-193841","post","type-post","status-publish","format-standard","has-post-thumbnail","hentry","category-nacionales"],"yoast_head":"<!-- This site is optimized with the Yoast SEO plugin v24.4 - https:\/\/yoast.com\/wordpress\/plugins\/seo\/ -->\n<title>Capital Humano suspendi\u00f3 una cooperativa del movimiento de Grabois: la respuesta - GYS NOTICIAS |<\/title>\n<meta name=\"robots\" content=\"index, follow, max-snippet:-1, max-image-preview:large, max-video-preview:-1\" \/>\n<link rel=\"canonical\" href=\"https:\/\/gysfm.com.ar\/inicio\/capital-humano-suspendio-una-cooperativa-del-movimiento-de-grabois-la-respuesta\/\" \/>\n<meta property=\"og:locale\" content=\"es_ES\" \/>\n<meta property=\"og:type\" content=\"article\" \/>\n<meta property=\"og:title\" content=\"Capital Humano suspendi\u00f3 una cooperativa del movimiento de Grabois: la respuesta - GYS NOTICIAS |\" \/>\n<meta property=\"og:description\" content=\"El Ministerio de Capital Humano dispuso este mi\u00e9rcoles la suspensi\u00f3n preventiva de la cooperativa La Azurduy por una serie de presuntas irregularidades detectadas en la organizaci\u00f3n que opera bajo el Movimiento de Trabajadores Excluidos (MTE), fundada por el dirigente Juan Grabois. Desde la organizaci\u00f3n calificaron la suspensi\u00f3n como una \u00abburda cortina de humo\u00bb. \u00abEl Ministerio [&hellip;]\" \/>\n<meta property=\"og:url\" content=\"https:\/\/gysfm.com.ar\/inicio\/capital-humano-suspendio-una-cooperativa-del-movimiento-de-grabois-la-respuesta\/\" \/>\n<meta property=\"og:site_name\" content=\"GYS NOTICIAS |\" \/>\n<meta property=\"article:published_time\" content=\"2026-04-30T10:00:11+00:00\" \/>\n<meta property=\"og:image\" content=\"https:\/\/fotos.perfil.com\/\/2026\/04\/29\/900\/0\/capital-humano-suspendio-a-la-cooperativa-la-azurduy-2230238.jpg?webp\" \/>\n<meta name=\"author\" content=\"Prensa G&amp;S FM\" \/>\n<meta name=\"twitter:card\" content=\"summary_large_image\" \/>\n<meta name=\"twitter:label1\" content=\"Escrito por\" \/>\n\t<meta name=\"twitter:data1\" content=\"Prensa G&amp;S FM\" \/>\n\t<meta name=\"twitter:label2\" content=\"Tiempo de lectura\" \/>\n\t<meta name=\"twitter:data2\" content=\"7 minutos\" \/>\n<script type=\"application\/ld+json\" class=\"yoast-schema-graph\">{\"@context\":\"https:\/\/schema.org\",\"@graph\":[{\"@type\":\"Article\",\"@id\":\"https:\/\/gysfm.com.ar\/inicio\/capital-humano-suspendio-una-cooperativa-del-movimiento-de-grabois-la-respuesta\/#article\",\"isPartOf\":{\"@id\":\"https:\/\/gysfm.com.ar\/inicio\/capital-humano-suspendio-una-cooperativa-del-movimiento-de-grabois-la-respuesta\/\"},\"author\":{\"name\":\"Prensa G&amp;S FM\",\"@id\":\"https:\/\/gysfm.com.ar\/inicio\/#\/schema\/person\/3abba7593ef2ad19e1be221d54383dc5\"},\"headline\":\"Capital Humano suspendi\u00f3 una cooperativa del movimiento de Grabois: la respuesta\",\"datePublished\":\"2026-04-30T10:00:11+00:00\",\"mainEntityOfPage\":{\"@id\":\"https:\/\/gysfm.com.ar\/inicio\/capital-humano-suspendio-una-cooperativa-del-movimiento-de-grabois-la-respuesta\/\"},\"wordCount\":1372,\"publisher\":{\"@id\":\"https:\/\/gysfm.com.ar\/inicio\/#organization\"},\"image\":{\"@id\":\"https:\/\/gysfm.com.ar\/inicio\/capital-humano-suspendio-una-cooperativa-del-movimiento-de-grabois-la-respuesta\/#primaryimage\"},\"thumbnailUrl\":\"https:\/\/gysfm.com.ar\/inicio\/wp-content\/uploads\/2026\/04\/coop-juana-azurduy-29042026-2230206.jpg\",\"articleSection\":[\"NACIONALES\"],\"inLanguage\":\"es\"},{\"@type\":\"WebPage\",\"@id\":\"https:\/\/gysfm.com.ar\/inicio\/capital-humano-suspendio-una-cooperativa-del-movimiento-de-grabois-la-respuesta\/\",\"url\":\"https:\/\/gysfm.com.ar\/inicio\/capital-humano-suspendio-una-cooperativa-del-movimiento-de-grabois-la-respuesta\/\",\"name\":\"Capital Humano suspendi\u00f3 una cooperativa del movimiento de Grabois: la respuesta - GYS NOTICIAS |\",\"isPartOf\":{\"@id\":\"https:\/\/gysfm.com.ar\/inicio\/#website\"},\"primaryImageOfPage\":{\"@id\":\"https:\/\/gysfm.com.ar\/inicio\/capital-humano-suspendio-una-cooperativa-del-movimiento-de-grabois-la-respuesta\/#primaryimage\"},\"image\":{\"@id\":\"https:\/\/gysfm.com.ar\/inicio\/capital-humano-suspendio-una-cooperativa-del-movimiento-de-grabois-la-respuesta\/#primaryimage\"},\"thumbnailUrl\":\"https:\/\/gysfm.com.ar\/inicio\/wp-content\/uploads\/2026\/04\/coop-juana-azurduy-29042026-2230206.jpg\",\"datePublished\":\"2026-04-30T10:00:11+00:00\",\"breadcrumb\":{\"@id\":\"https:\/\/gysfm.com.ar\/inicio\/capital-humano-suspendio-una-cooperativa-del-movimiento-de-grabois-la-respuesta\/#breadcrumb\"},\"inLanguage\":\"es\",\"potentialAction\":[{\"@type\":\"ReadAction\",\"target\":[\"https:\/\/gysfm.com.ar\/inicio\/capital-humano-suspendio-una-cooperativa-del-movimiento-de-grabois-la-respuesta\/\"]}]},{\"@type\":\"ImageObject\",\"inLanguage\":\"es\",\"@id\":\"https:\/\/gysfm.com.ar\/inicio\/capital-humano-suspendio-una-cooperativa-del-movimiento-de-grabois-la-respuesta\/#primaryimage\",\"url\":\"https:\/\/gysfm.com.ar\/inicio\/wp-content\/uploads\/2026\/04\/coop-juana-azurduy-29042026-2230206.jpg\",\"contentUrl\":\"https:\/\/gysfm.com.ar\/inicio\/wp-content\/uploads\/2026\/04\/coop-juana-azurduy-29042026-2230206.jpg\",\"width\":1140,\"height\":641},{\"@type\":\"BreadcrumbList\",\"@id\":\"https:\/\/gysfm.com.ar\/inicio\/capital-humano-suspendio-una-cooperativa-del-movimiento-de-grabois-la-respuesta\/#breadcrumb\",\"itemListElement\":[{\"@type\":\"ListItem\",\"position\":1,\"name\":\"Portada\",\"item\":\"https:\/\/gysfm.com.ar\/inicio\/\"},{\"@type\":\"ListItem\",\"position\":2,\"name\":\"Capital Humano suspendi\u00f3 una cooperativa del movimiento de Grabois: la respuesta\"}]},{\"@type\":\"WebSite\",\"@id\":\"https:\/\/gysfm.com.ar\/inicio\/#website\",\"url\":\"https:\/\/gysfm.com.ar\/inicio\/\",\"name\":\"GYS NOTICIAS |\",\"description\":\"DIARIO - RADIO ONLINE SAN JUAN ARGENTINA\",\"publisher\":{\"@id\":\"https:\/\/gysfm.com.ar\/inicio\/#organization\"},\"potentialAction\":[{\"@type\":\"SearchAction\",\"target\":{\"@type\":\"EntryPoint\",\"urlTemplate\":\"https:\/\/gysfm.com.ar\/inicio\/?s={search_term_string}\"},\"query-input\":{\"@type\":\"PropertyValueSpecification\",\"valueRequired\":true,\"valueName\":\"search_term_string\"}}],\"inLanguage\":\"es\"},{\"@type\":\"Organization\",\"@id\":\"https:\/\/gysfm.com.ar\/inicio\/#organization\",\"name\":\"GYS NOTICIAS |\",\"url\":\"https:\/\/gysfm.com.ar\/inicio\/\",\"logo\":{\"@type\":\"ImageObject\",\"inLanguage\":\"es\",\"@id\":\"https:\/\/gysfm.com.ar\/inicio\/#\/schema\/logo\/image\/\",\"url\":\"https:\/\/gysfm.com.ar\/inicio\/wp-content\/uploads\/2023\/07\/LOGOGYS-OK.png\",\"contentUrl\":\"https:\/\/gysfm.com.ar\/inicio\/wp-content\/uploads\/2023\/07\/LOGOGYS-OK.png\",\"width\":1170,\"height\":872,\"caption\":\"GYS NOTICIAS |\"},\"image\":{\"@id\":\"https:\/\/gysfm.com.ar\/inicio\/#\/schema\/logo\/image\/\"}},{\"@type\":\"Person\",\"@id\":\"https:\/\/gysfm.com.ar\/inicio\/#\/schema\/person\/3abba7593ef2ad19e1be221d54383dc5\",\"name\":\"Prensa G&amp;S FM\",\"image\":{\"@type\":\"ImageObject\",\"inLanguage\":\"es\",\"@id\":\"https:\/\/gysfm.com.ar\/inicio\/#\/schema\/person\/image\/\",\"url\":\"https:\/\/secure.gravatar.com\/avatar\/096ec78df02049ab018702bb4ccedf659377fa92a26540b5247612077a0dbd29?s=96&d=mm&r=g\",\"contentUrl\":\"https:\/\/secure.gravatar.com\/avatar\/096ec78df02049ab018702bb4ccedf659377fa92a26540b5247612077a0dbd29?s=96&d=mm&r=g\",\"caption\":\"Prensa G&amp;S FM\"},\"sameAs\":[\"https:\/\/gysfm.com.ar\/\"],\"url\":\"https:\/\/gysfm.com.ar\/inicio\/author\/lucasm\/\"}]}<\/script>\n<!-- \/ Yoast SEO plugin. -->","yoast_head_json":{"title":"Capital Humano suspendi\u00f3 una cooperativa del movimiento de Grabois: la respuesta - GYS NOTICIAS |","robots":{"index":"index","follow":"follow","max-snippet":"max-snippet:-1","max-image-preview":"max-image-preview:large","max-video-preview":"max-video-preview:-1"},"canonical":"https:\/\/gysfm.com.ar\/inicio\/capital-humano-suspendio-una-cooperativa-del-movimiento-de-grabois-la-respuesta\/","og_locale":"es_ES","og_type":"article","og_title":"Capital Humano suspendi\u00f3 una cooperativa del movimiento de Grabois: la respuesta - GYS NOTICIAS |","og_description":"El Ministerio de Capital Humano dispuso este mi\u00e9rcoles la suspensi\u00f3n preventiva de la cooperativa La Azurduy por una serie de presuntas irregularidades detectadas en la organizaci\u00f3n que opera bajo el Movimiento de Trabajadores Excluidos (MTE), fundada por el dirigente Juan Grabois. Desde la organizaci\u00f3n calificaron la suspensi\u00f3n como una \u00abburda cortina de humo\u00bb. \u00abEl Ministerio [&hellip;]","og_url":"https:\/\/gysfm.com.ar\/inicio\/capital-humano-suspendio-una-cooperativa-del-movimiento-de-grabois-la-respuesta\/","og_site_name":"GYS NOTICIAS |","article_published_time":"2026-04-30T10:00:11+00:00","og_image":[{"url":"https:\/\/fotos.perfil.com\/\/2026\/04\/29\/900\/0\/capital-humano-suspendio-a-la-cooperativa-la-azurduy-2230238.jpg?webp","type":"","width":"","height":""}],"author":"Prensa G&amp;S FM","twitter_card":"summary_large_image","twitter_misc":{"Escrito por":"Prensa G&amp;S FM","Tiempo de lectura":"7 minutos"},"schema":{"@context":"https:\/\/schema.org","@graph":[{"@type":"Article","@id":"https:\/\/gysfm.com.ar\/inicio\/capital-humano-suspendio-una-cooperativa-del-movimiento-de-grabois-la-respuesta\/#article","isPartOf":{"@id":"https:\/\/gysfm.com.ar\/inicio\/capital-humano-suspendio-una-cooperativa-del-movimiento-de-grabois-la-respuesta\/"},"author":{"name":"Prensa G&amp;S FM","@id":"https:\/\/gysfm.com.ar\/inicio\/#\/schema\/person\/3abba7593ef2ad19e1be221d54383dc5"},"headline":"Capital Humano suspendi\u00f3 una cooperativa del movimiento de Grabois: la respuesta","datePublished":"2026-04-30T10:00:11+00:00","mainEntityOfPage":{"@id":"https:\/\/gysfm.com.ar\/inicio\/capital-humano-suspendio-una-cooperativa-del-movimiento-de-grabois-la-respuesta\/"},"wordCount":1372,"publisher":{"@id":"https:\/\/gysfm.com.ar\/inicio\/#organization"},"image":{"@id":"https:\/\/gysfm.com.ar\/inicio\/capital-humano-suspendio-una-cooperativa-del-movimiento-de-grabois-la-respuesta\/#primaryimage"},"thumbnailUrl":"https:\/\/gysfm.com.ar\/inicio\/wp-content\/uploads\/2026\/04\/coop-juana-azurduy-29042026-2230206.jpg","articleSection":["NACIONALES"],"inLanguage":"es"},{"@type":"WebPage","@id":"https:\/\/gysfm.com.ar\/inicio\/capital-humano-suspendio-una-cooperativa-del-movimiento-de-grabois-la-respuesta\/","url":"https:\/\/gysfm.com.ar\/inicio\/capital-humano-suspendio-una-cooperativa-del-movimiento-de-grabois-la-respuesta\/","name":"Capital Humano suspendi\u00f3 una cooperativa del movimiento de Grabois: la respuesta - GYS NOTICIAS |","isPartOf":{"@id":"https:\/\/gysfm.com.ar\/inicio\/#website"},"primaryImageOfPage":{"@id":"https:\/\/gysfm.com.ar\/inicio\/capital-humano-suspendio-una-cooperativa-del-movimiento-de-grabois-la-respuesta\/#primaryimage"},"image":{"@id":"https:\/\/gysfm.com.ar\/inicio\/capital-humano-suspendio-una-cooperativa-del-movimiento-de-grabois-la-respuesta\/#primaryimage"},"thumbnailUrl":"https:\/\/gysfm.com.ar\/inicio\/wp-content\/uploads\/2026\/04\/coop-juana-azurduy-29042026-2230206.jpg","datePublished":"2026-04-30T10:00:11+00:00","breadcrumb":{"@id":"https:\/\/gysfm.com.ar\/inicio\/capital-humano-suspendio-una-cooperativa-del-movimiento-de-grabois-la-respuesta\/#breadcrumb"},"inLanguage":"es","potentialAction":[{"@type":"ReadAction","target":["https:\/\/gysfm.com.ar\/inicio\/capital-humano-suspendio-una-cooperativa-del-movimiento-de-grabois-la-respuesta\/"]}]},{"@type":"ImageObject","inLanguage":"es","@id":"https:\/\/gysfm.com.ar\/inicio\/capital-humano-suspendio-una-cooperativa-del-movimiento-de-grabois-la-respuesta\/#primaryimage","url":"https:\/\/gysfm.com.ar\/inicio\/wp-content\/uploads\/2026\/04\/coop-juana-azurduy-29042026-2230206.jpg","contentUrl":"https:\/\/gysfm.com.ar\/inicio\/wp-content\/uploads\/2026\/04\/coop-juana-azurduy-29042026-2230206.jpg","width":1140,"height":641},{"@type":"BreadcrumbList","@id":"https:\/\/gysfm.com.ar\/inicio\/capital-humano-suspendio-una-cooperativa-del-movimiento-de-grabois-la-respuesta\/#breadcrumb","itemListElement":[{"@type":"ListItem","position":1,"name":"Portada","item":"https:\/\/gysfm.com.ar\/inicio\/"},{"@type":"ListItem","position":2,"name":"Capital Humano suspendi\u00f3 una cooperativa del movimiento de Grabois: la respuesta"}]},{"@type":"WebSite","@id":"https:\/\/gysfm.com.ar\/inicio\/#website","url":"https:\/\/gysfm.com.ar\/inicio\/","name":"GYS NOTICIAS |","description":"DIARIO - RADIO ONLINE SAN JUAN ARGENTINA","publisher":{"@id":"https:\/\/gysfm.com.ar\/inicio\/#organization"},"potentialAction":[{"@type":"SearchAction","target":{"@type":"EntryPoint","urlTemplate":"https:\/\/gysfm.com.ar\/inicio\/?s={search_term_string}"},"query-input":{"@type":"PropertyValueSpecification","valueRequired":true,"valueName":"search_term_string"}}],"inLanguage":"es"},{"@type":"Organization","@id":"https:\/\/gysfm.com.ar\/inicio\/#organization","name":"GYS NOTICIAS |","url":"https:\/\/gysfm.com.ar\/inicio\/","logo":{"@type":"ImageObject","inLanguage":"es","@id":"https:\/\/gysfm.com.ar\/inicio\/#\/schema\/logo\/image\/","url":"https:\/\/gysfm.com.ar\/inicio\/wp-content\/uploads\/2023\/07\/LOGOGYS-OK.png","contentUrl":"https:\/\/gysfm.com.ar\/inicio\/wp-content\/uploads\/2023\/07\/LOGOGYS-OK.png","width":1170,"height":872,"caption":"GYS NOTICIAS |"},"image":{"@id":"https:\/\/gysfm.com.ar\/inicio\/#\/schema\/logo\/image\/"}},{"@type":"Person","@id":"https:\/\/gysfm.com.ar\/inicio\/#\/schema\/person\/3abba7593ef2ad19e1be221d54383dc5","name":"Prensa G&amp;S FM","image":{"@type":"ImageObject","inLanguage":"es","@id":"https:\/\/gysfm.com.ar\/inicio\/#\/schema\/person\/image\/","url":"https:\/\/secure.gravatar.com\/avatar\/096ec78df02049ab018702bb4ccedf659377fa92a26540b5247612077a0dbd29?s=96&d=mm&r=g","contentUrl":"https:\/\/secure.gravatar.com\/avatar\/096ec78df02049ab018702bb4ccedf659377fa92a26540b5247612077a0dbd29?s=96&d=mm&r=g","caption":"Prensa G&amp;S FM"},"sameAs":["https:\/\/gysfm.com.ar\/"],"url":"https:\/\/gysfm.com.ar\/inicio\/author\/lucasm\/"}]}},"_links":{"self":[{"href":"https:\/\/gysfm.com.ar\/inicio\/wp-json\/wp\/v2\/posts\/193841","targetHints":{"allow":["GET"]}}],"collection":[{"href":"https:\/\/gysfm.com.ar\/inicio\/wp-json\/wp\/v2\/posts"}],"about":[{"href":"https:\/\/gysfm.com.ar\/inicio\/wp-json\/wp\/v2\/types\/post"}],"author":[{"embeddable":true,"href":"https:\/\/gysfm.com.ar\/inicio\/wp-json\/wp\/v2\/users\/2"}],"replies":[{"embeddable":true,"href":"https:\/\/gysfm.com.ar\/inicio\/wp-json\/wp\/v2\/comments?post=193841"}],"version-history":[{"count":0,"href":"https:\/\/gysfm.com.ar\/inicio\/wp-json\/wp\/v2\/posts\/193841\/revisions"}],"wp:featuredmedia":[{"embeddable":true,"href":"https:\/\/gysfm.com.ar\/inicio\/wp-json\/wp\/v2\/media\/193842"}],"wp:attachment":[{"href":"https:\/\/gysfm.com.ar\/inicio\/wp-json\/wp\/v2\/media?parent=193841"}],"wp:term":[{"taxonomy":"category","embeddable":true,"href":"https:\/\/gysfm.com.ar\/inicio\/wp-json\/wp\/v2\/categories?post=193841"},{"taxonomy":"post_tag","embeddable":true,"href":"https:\/\/gysfm.com.ar\/inicio\/wp-json\/wp\/v2\/tags?post=193841"}],"curies":[{"name":"wp","href":"https:\/\/api.w.org\/{rel}","templated":true}]}}