{"id":193839,"date":"2026-04-30T06:28:23","date_gmt":"2026-04-30T09:28:23","guid":{"rendered":"https:\/\/gysfm.com.ar\/inicio\/javier-milei-y-su-gabinete-fueron-al-congreso-para-apoyar-a-manuel-adorni-video-con-la-cancion-de-rocky\/"},"modified":"2026-04-30T06:28:23","modified_gmt":"2026-04-30T09:28:23","slug":"javier-milei-y-su-gabinete-fueron-al-congreso-para-apoyar-a-manuel-adorni-video-con-la-cancion-de-rocky","status":"publish","type":"post","link":"https:\/\/gysfm.com.ar\/inicio\/javier-milei-y-su-gabinete-fueron-al-congreso-para-apoyar-a-manuel-adorni-video-con-la-cancion-de-rocky\/","title":{"rendered":"Javier Milei y su Gabinete fueron al Congreso para apoyar a Manuel Adorni: video con la canci\u00f3n de Rocky"},"content":{"rendered":"<p><\/p>\n<div id=\"article-content\">\n<p>Minutos antes de <a target=\"_blank\" href=\"https:\/\/www.perfil.com\/noticias\/politica\/segui-en-vivo-el-interrogatorio-a-manuel-adorni-el-congreso.phtml\">comparecer<\/a> ante el Congreso de la Naci\u00f3n para brindar su <a target=\"_blank\" href=\"https:\/\/www.perfil.com\/noticias\/politica\/que-dice-el-informe-de-gestion-que-manuel-adorni-envio-al-congreso-evasivas-y-referencias-al-secreto-de-sumario.phtml\">informe de gesti\u00f3n<\/a>, el jefe de Gabinete <strong>Manuel Adorni<\/strong> se tom\u00f3 un minuto para lucir <strong>su mejor sonrisa <\/strong>frente a las c\u00e1maras de los fot\u00f3grafos oficiales de Presidencia. No es para menos: el presidente <strong>Javier Milei <\/strong>en persona se acerc\u00f3 al Congreso para brindarle su respaldo de cuerpo presente, en un <strong>gesto in\u00e9dito, que jam\u00e1s se vio<\/strong> en los 30 a\u00f1os desde el primer informe del primer jefe de Gabinete de ministros, en 1995. <\/p>\n<p>Adem\u00e1s, para que el apoyo sea inequ\u00edvoco, <strong><a target=\"_blank\" href=\"https:\/\/www.perfil.com\/noticias\/politica\/milei-se-molesto-por-una-pregunta-sobre-la-inflacion-no-es-el-lugar-no-es-el-momento.phtml\">Milei <\/a>lleg\u00f3 al Parlamento acompa\u00f1ado de casi todo su gabinete<\/strong>.Los ministros de Econom\u00eda, <strong>Nicol\u00e1s Caputo;<\/strong> de Interior,<strong> Diego Santilli<\/strong>, de Salud,<strong> Mario Lugones, <\/strong>de<strong> Desregulaci\u00f3n, Federico Sturzenegger<\/strong>, de Defensa, <strong>Carlos Presti<\/strong>, y de Justicia,<strong> Juan Bautista Mahiques<\/strong>; las ministras de Capital Humano, <strong>Sandra Pettovello <\/strong>y de Seguridad, <strong>Alejandra Monteoliva<\/strong>; el secretario de Cultura, <strong>Leonardo Cifelli<\/strong>, la secretaria general de la Presidencia, <strong>Karina Milei<\/strong>, y la secretaria legal y t\u00e9cnica, <strong>Mar\u00eda Ibarz\u00e1bal<\/strong>, entre otros funcionarios, posaron ante la lente con sus mejores sonrisas.<\/p>\n<p>Se sum\u00f3 tambi\u00e9n el asesor presidencial <strong>Santiago Caputo<\/strong>, la jefa de la bancada de La Libertad Avanza en el Senado, <strong>Patricia Bullrich<\/strong>, y el presidente de la C\u00e1mara de Diputados, <strong>Mart\u00edn Menem<\/strong>. <\/p>\n<div class=\"subscription\">\n<p>\n        Esto no les gusta a los autoritarios\n    <\/p>\n<div class=\"subscription__container\">\n<div class=\"subscription__text-wrapper\">\n<p>\n                El ejercicio del periodismo profesional y cr\u00edtico es un pilar fundamental de la democracia. Por eso molesta a quienes creen ser los due\u00f1os de la verdad.\n            <\/p>\n<\/p><\/div><\/div>\n<\/div>\n<p class=\"destacadoNota\"><a target=\"_blank\" href=\"https:\/\/www.perfil.com\/noticias\/politica\/adornipalooza-las-8-pulseras-del-gobierno-para-controlar-el-acceso-a-la-sesion-informativa-en-el-congreso.phtml\">\u201cAdornipalooza\u201d: las 8 pulseras para controlar el acceso a la sesi\u00f3n informativa del jefe de Gabinete en el Congreso<\/a><\/p>\n<p>Falt\u00f3 en la foto el canciller <strong>Pablo Quirno<\/strong>, que lleg\u00f3 retrasado y se sum\u00f3 directamente al <strong>palco <\/strong>del presidente Javier Milei en el recito. Brill\u00f3 por su ausencia la vicepresidenta de la Naci\u00f3n, <strong>Victoria Villarruel<\/strong>, que mantiene un enfrentamiento pol\u00edtico con el presidente Milei.<\/p>\n<h2>Presidencia difundi\u00f3 un video del Gabinete con la canci\u00f3n de la pel\u00edcula <em>Rocky<\/em><\/h2>\n<p>La oficina de prensa de Presidencia de la Naci\u00f3n difundi\u00f3 tambi\u00e9n un video del momento en que se tom\u00f3 la foto, acompa\u00f1ado con unos segundos de <strong>la canci\u00f3n \u00abEye of the Tiger\u00bb, identificada con la c\u00e9lebre pel\u00edcula <\/strong><em><strong>Rocky<\/strong>. <\/em><\/p>\n<p><iframe id=\"vrudo\" class=\"vrudo\" src=\"https:\/\/rudo.video\/vod\/bWsfoJ?volume=0\" width=\"100%\" height=\"100%\" allowscriptaccess=\"always\" allowfullscreen=\"true\" webkitallowfullscreen=\"true\" frameborder=\"0\" scrolling=\"no\" allow=\"autoplay; fullscreen\" loading=\"lazy\" title=\"Contenido embebido\"><\/iframe><\/p>\n<p>El film cuenta la historia del boxeador <strong>Rocky Balboa<\/strong>, representado por Sylvester Stallone, que se volvi\u00f3 un s\u00edmbolo de la lucha contra las adversidades y la resiliencia. La m\u00fasica suena mientras el gabinete se dispersa despu\u00e9s de la foto y se dirige al recinto del Congreso, sugiriendo que se enfrentan con optimismo a una <strong>pelea <\/strong>dif\u00edcil.<\/p>\n<p>Antes de ir a presentar el informe en ese recinto que la canci\u00f3n compara simb\u00f3licamente con un ring, <strong>Manuel Adorni <\/strong>recibi\u00f3 <strong>el abrazo de la plana mayor del Gobierno<\/strong>, comenzando por el presidente <strong>Javier Milei<\/strong>. Estos gestos de apoyo quedaron registrados ante las c\u00e1maras de la prensa. <\/p>\n<div style=\"text-align:center\">\n<figure class=\"image\" style=\"display:inline-block\"><picture><source media=\"(max-width: 440px)\" srcset=\"https:\/\/fotos.perfil.com\/\/\/2026\/04\/29\/440\/0\/diputados-congreso-29042026-2230146.jpg?webp\"\/><source media=\"(max-width: 1019px)\" srcset=\"https:\/\/fotos.perfil.com\/\/\/2026\/04\/29\/712\/0\/diputados-congreso-29042026-2230146.jpg?webp\"\/><img decoding=\"async\" style=\"max-width: 100%; width: 100%;\" alt=\"El presidente Javier Milei abraza al jefe de Gabinete, Manuel Adorni, momentos antes de la lectura de su informe de gesti\u00f3n ante el Congreso.\" height=\"730\" src=\"https:\/\/fotos.perfil.com\/\/\/2026\/04\/29\/900\/0\/diputados-congreso-29042026-2230146.jpg?webp\" width=\"1300\" loading=\"lazy\"\/><\/picture><figcaption>El presidente Javier Milei abraza al jefe de Gabinete, Manuel Adorni, momentos antes de la lectura de su informe de gesti\u00f3n ante el Congreso.<\/figcaption><\/figure>\n<\/p><\/div>\n<div style=\"text-align:center\">\n<figure class=\"image\" style=\"display:inline-block\"><picture><source media=\"(max-width: 440px)\" srcset=\"https:\/\/fotos.perfil.com\/\/\/2026\/04\/29\/440\/0\/diputados-congreso-29042026-2230140.jpg?webp\"\/><source media=\"(max-width: 1019px)\" srcset=\"https:\/\/fotos.perfil.com\/\/\/2026\/04\/29\/712\/0\/diputados-congreso-29042026-2230140.jpg?webp\"\/><img decoding=\"async\" style=\"max-width: 100%; width: 100%;\" alt=\"La secretaria general de la Presidencia y principal referente pol\u00edtica de Manuel Adorni, Karina Milei, abraza al jefe de Gabinete antes de su presentaci\u00f3n ante el Congreso.\" height=\"730\" src=\"https:\/\/fotos.perfil.com\/\/\/2026\/04\/29\/900\/0\/diputados-congreso-29042026-2230140.jpg?webp\" width=\"1300\" loading=\"lazy\"\/><\/picture><figcaption>La secretaria general de la Presidencia y principal referente pol\u00edtica de Manuel Adorni, Karina Milei, abraza al jefe de Gabinete antes de su presentaci\u00f3n ante el Congreso.<\/figcaption><\/figure>\n<\/p><\/div>\n<div style=\"text-align:center\">\n<figure class=\"image\" style=\"display:inline-block\"><picture><source media=\"(max-width: 440px)\" srcset=\"https:\/\/fotos.perfil.com\/\/\/2026\/04\/29\/440\/0\/diputados-congreso-29042026-2230141.jpg?webp\"\/><source media=\"(max-width: 1019px)\" srcset=\"https:\/\/fotos.perfil.com\/\/\/2026\/04\/29\/712\/0\/diputados-congreso-29042026-2230141.jpg?webp\"\/><img decoding=\"async\" style=\"max-width: 100%; width: 100%;\" alt=\"La mnistra de Seguridad, Alejandra Monteoliva, abraza al jefe de Gabinete, Manuel Adorni, en la previa de la lectura de su informe ante el Congreso.\" height=\"730\" src=\"https:\/\/fotos.perfil.com\/\/\/2026\/04\/29\/900\/0\/diputados-congreso-29042026-2230141.jpg?webp\" width=\"1300\" loading=\"lazy\"\/><\/picture><figcaption>La mnistra de Seguridad, Alejandra Monteoliva, abraza al jefe de Gabinete, Manuel Adorni, en la previa de la lectura de su informe ante el Congreso.<\/figcaption><\/figure>\n<\/p><\/div>\n<div style=\"text-align:center\">\n<figure class=\"image\" style=\"display:inline-block\"><picture><source media=\"(max-width: 440px)\" srcset=\"https:\/\/fotos.perfil.com\/\/\/2026\/04\/29\/440\/0\/diputados-congreso-29042026-2230142.jpg?webp\"\/><source media=\"(max-width: 1019px)\" srcset=\"https:\/\/fotos.perfil.com\/\/\/2026\/04\/29\/712\/0\/diputados-congreso-29042026-2230142.jpg?webp\"\/><img decoding=\"async\" style=\"max-width: 100%; width: 100%;\" alt=\"El mniistro de Desregulaci\u00f3n, Federico Sturzenegger, expresa su apoyo al jefe de Gabinete, Manuel Adorni.\" height=\"730\" src=\"https:\/\/fotos.perfil.com\/\/\/2026\/04\/29\/900\/0\/diputados-congreso-29042026-2230142.jpg?webp\" width=\"1300\" loading=\"lazy\"\/><\/picture><figcaption>El mniistro de Desregulaci\u00f3n, Federico Sturzenegger, expresa su apoyo al jefe de Gabinete, Manuel Adorni.<\/figcaption><\/figure>\n<\/p><\/div>\n<div style=\"text-align:center\">\n<figure class=\"image\" style=\"display:inline-block\"><picture><source media=\"(max-width: 440px)\" srcset=\"https:\/\/fotos.perfil.com\/\/\/2026\/04\/29\/440\/0\/diputados-congreso-29042026-2230143.jpg?webp\"\/><source media=\"(max-width: 1019px)\" srcset=\"https:\/\/fotos.perfil.com\/\/\/2026\/04\/29\/712\/0\/diputados-congreso-29042026-2230143.jpg?webp\"\/><img decoding=\"async\" style=\"max-width: 100%; width: 100%;\" alt=\"La secretaria Legal y Tecnica de la Presidencia, Mar\u00eda Ibarz\u00e1bal, saluda afectuosamente al jefe de Gabinete, Manuel Adorni.\" height=\"730\" src=\"https:\/\/fotos.perfil.com\/\/\/2026\/04\/29\/900\/0\/diputados-congreso-29042026-2230143.jpg?webp\" width=\"1300\" loading=\"lazy\"\/><\/picture><figcaption>La secretaria Legal y Tecnica de la Presidencia, Mar\u00eda Ibarz\u00e1bal, saluda afectuosamente al jefe de Gabinete, Manuel Adorni. <\/figcaption><\/figure>\n<\/p><\/div>\n<div style=\"text-align:center\">\n<figure class=\"image\" style=\"display:inline-block\"><picture><source media=\"(max-width: 440px)\" srcset=\"https:\/\/fotos.perfil.com\/\/\/2026\/04\/29\/440\/0\/diputados-congreso-29042026-2230138.jpg?webp\"\/><source media=\"(max-width: 1019px)\" srcset=\"https:\/\/fotos.perfil.com\/\/\/2026\/04\/29\/712\/0\/diputados-congreso-29042026-2230138.jpg?webp\"\/><img decoding=\"async\" style=\"max-width: 100%; width: 100%;\" alt=\"El ministro de Econom\u00eda, Luis Caputo, saluda al jefe de Gabinete, Manuel Adorni, ante la sonrisa del asesor presidencial Santiago Caputo. \" height=\"730\" src=\"https:\/\/fotos.perfil.com\/\/\/2026\/04\/29\/900\/0\/diputados-congreso-29042026-2230138.jpg?webp\" width=\"1300\" loading=\"lazy\"\/><\/picture><figcaption>El ministro de Econom\u00eda, Luis Caputo, saluda al jefe de Gabinete, Manuel Adorni, ante la sonrisa del asesor presidencial Santiago Caputo. <\/figcaption><\/figure>\n<\/p><\/div>\n<div style=\"text-align:center\">\n<figure class=\"image\" style=\"display:inline-block\"><picture><source media=\"(max-width: 440px)\" srcset=\"https:\/\/fotos.perfil.com\/\/\/2026\/04\/29\/440\/0\/diputados-congreso-29042026-2230139.jpg?webp\"\/><source media=\"(max-width: 1019px)\" srcset=\"https:\/\/fotos.perfil.com\/\/\/2026\/04\/29\/712\/0\/diputados-congreso-29042026-2230139.jpg?webp\"\/><img decoding=\"async\" style=\"max-width: 100%; width: 100%;\" alt=\"El asesor Santiago Caputo, hist\u00f3ricamente enfrentdo con el ala del gobierno que manejan Karina Milei y Manuel Adorni, saluda cari\u00f1osamente al jefe de Gabinete.\" height=\"730\" src=\"https:\/\/fotos.perfil.com\/\/\/2026\/04\/29\/900\/0\/diputados-congreso-29042026-2230139.jpg?webp\" width=\"1300\" loading=\"lazy\"\/><\/picture><figcaption>El asesor Santiago Caputo, hist\u00f3ricamente enfrentdo con el ala del gobierno que manejan Karina Milei y Manuel Adorni, saluda cari\u00f1osamente al jefe de Gabinete.<\/figcaption><\/figure>\n<\/p><\/div>\n<div style=\"text-align:center\">\n<figure class=\"image\" style=\"display:inline-block\"><picture><source media=\"(max-width: 440px)\" srcset=\"https:\/\/fotos.perfil.com\/\/\/2026\/04\/29\/440\/0\/diputados-congreso-29042026-2230136.jpg?webp\"\/><source media=\"(max-width: 1019px)\" srcset=\"https:\/\/fotos.perfil.com\/\/\/2026\/04\/29\/712\/0\/diputados-congreso-29042026-2230136.jpg?webp\"\/><img decoding=\"async\" style=\"max-width: 100%; width: 100%;\" alt=\"El saludo del ministro del Interior, Diego Santilli, al jefe de Gabinete, Manuel Adorni.\" height=\"730\" src=\"https:\/\/fotos.perfil.com\/\/\/2026\/04\/29\/900\/0\/diputados-congreso-29042026-2230136.jpg?webp\" width=\"1300\" loading=\"lazy\"\/><\/picture><figcaption>El saludo del ministro del Interior, Diego Santilli, al jefe de Gabinete, Manuel Adorni.<\/figcaption><\/figure>\n<\/p><\/div><\/div>\n<p><script>\n                !function(f,b,e,v,n,t,s)\n                {if(f.fbq)return;n=f.fbq=function(){n.callMethod?\n                    n.callMethod.apply(n,arguments):n.queue.push(arguments)};\n                    if(!f._fbq)f._fbq=n;n.push=n;n.loaded=!0;n.version='2.0';\n                    n.queue=[];t=b.createElement(e);t.async=!0;\n                    t.src=v;s=b.getElementsByTagName(e)[0];\n                    s.parentNode.insertBefore(t,s)}(window, document,'script',\n                    'https:\/\/connect.facebook.net\/en_US\/fbevents.js');\n                window.paywallConfig.facebook_pixel=\"1000228364089342\"\n            <\/script><\/p>\n","protected":false},"excerpt":{"rendered":"<p>Minutos antes de comparecer ante el Congreso de la Naci\u00f3n para brindar su informe de gesti\u00f3n, el jefe de Gabinete Manuel Adorni se tom\u00f3 un minuto para lucir su mejor sonrisa frente a las c\u00e1maras de los fot\u00f3grafos oficiales de Presidencia. No es para menos: el presidente Javier Milei en persona se acerc\u00f3 al Congreso [&hellip;]<\/p>\n","protected":false},"author":2,"featured_media":193840,"comment_status":"closed","ping_status":"closed","sticky":false,"template":"","format":"standard","meta":{"footnotes":""},"categories":[25],"tags":[],"class_list":["post-193839","post","type-post","status-publish","format-standard","has-post-thumbnail","hentry","category-nacionales"],"yoast_head":"<!-- This site is optimized with the Yoast SEO plugin v24.4 - https:\/\/yoast.com\/wordpress\/plugins\/seo\/ -->\n<title>Javier Milei y su Gabinete fueron al Congreso para apoyar a Manuel Adorni: video con la canci\u00f3n de Rocky - GYS NOTICIAS |<\/title>\n<meta name=\"robots\" content=\"index, follow, max-snippet:-1, max-image-preview:large, max-video-preview:-1\" \/>\n<link rel=\"canonical\" href=\"https:\/\/gysfm.com.ar\/inicio\/javier-milei-y-su-gabinete-fueron-al-congreso-para-apoyar-a-manuel-adorni-video-con-la-cancion-de-rocky\/\" \/>\n<meta property=\"og:locale\" content=\"es_ES\" \/>\n<meta property=\"og:type\" content=\"article\" \/>\n<meta property=\"og:title\" content=\"Javier Milei y su Gabinete fueron al Congreso para apoyar a Manuel Adorni: video con la canci\u00f3n de Rocky - GYS NOTICIAS |\" \/>\n<meta property=\"og:description\" content=\"Minutos antes de comparecer ante el Congreso de la Naci\u00f3n para brindar su informe de gesti\u00f3n, el jefe de Gabinete Manuel Adorni se tom\u00f3 un minuto para lucir su mejor sonrisa frente a las c\u00e1maras de los fot\u00f3grafos oficiales de Presidencia. No es para menos: el presidente Javier Milei en persona se acerc\u00f3 al Congreso [&hellip;]\" \/>\n<meta property=\"og:url\" content=\"https:\/\/gysfm.com.ar\/inicio\/javier-milei-y-su-gabinete-fueron-al-congreso-para-apoyar-a-manuel-adorni-video-con-la-cancion-de-rocky\/\" \/>\n<meta property=\"og:site_name\" content=\"GYS NOTICIAS |\" \/>\n<meta property=\"article:published_time\" content=\"2026-04-30T09:28:23+00:00\" \/>\n<meta property=\"og:image\" content=\"https:\/\/fotos.perfil.com\/\/\/2026\/04\/29\/900\/0\/diputados-congreso-29042026-2230146.jpg?webp\" \/>\n<meta name=\"author\" content=\"Prensa G&amp;S FM\" \/>\n<meta name=\"twitter:card\" content=\"summary_large_image\" \/>\n<meta name=\"twitter:label1\" content=\"Escrito por\" \/>\n\t<meta name=\"twitter:data1\" content=\"Prensa G&amp;S FM\" \/>\n\t<meta name=\"twitter:label2\" content=\"Tiempo de lectura\" \/>\n\t<meta name=\"twitter:data2\" content=\"3 minutos\" \/>\n<script type=\"application\/ld+json\" class=\"yoast-schema-graph\">{\"@context\":\"https:\/\/schema.org\",\"@graph\":[{\"@type\":\"Article\",\"@id\":\"https:\/\/gysfm.com.ar\/inicio\/javier-milei-y-su-gabinete-fueron-al-congreso-para-apoyar-a-manuel-adorni-video-con-la-cancion-de-rocky\/#article\",\"isPartOf\":{\"@id\":\"https:\/\/gysfm.com.ar\/inicio\/javier-milei-y-su-gabinete-fueron-al-congreso-para-apoyar-a-manuel-adorni-video-con-la-cancion-de-rocky\/\"},\"author\":{\"name\":\"Prensa G&amp;S FM\",\"@id\":\"https:\/\/gysfm.com.ar\/inicio\/#\/schema\/person\/3abba7593ef2ad19e1be221d54383dc5\"},\"headline\":\"Javier Milei y su Gabinete fueron al Congreso para apoyar a Manuel Adorni: video con la canci\u00f3n de Rocky\",\"datePublished\":\"2026-04-30T09:28:23+00:00\",\"mainEntityOfPage\":{\"@id\":\"https:\/\/gysfm.com.ar\/inicio\/javier-milei-y-su-gabinete-fueron-al-congreso-para-apoyar-a-manuel-adorni-video-con-la-cancion-de-rocky\/\"},\"wordCount\":692,\"publisher\":{\"@id\":\"https:\/\/gysfm.com.ar\/inicio\/#organization\"},\"image\":{\"@id\":\"https:\/\/gysfm.com.ar\/inicio\/javier-milei-y-su-gabinete-fueron-al-congreso-para-apoyar-a-manuel-adorni-video-con-la-cancion-de-rocky\/#primaryimage\"},\"thumbnailUrl\":\"https:\/\/gysfm.com.ar\/inicio\/wp-content\/uploads\/2026\/04\/el-presidente-javier-milei-29042026-2230057.jpg\",\"articleSection\":[\"NACIONALES\"],\"inLanguage\":\"es\"},{\"@type\":\"WebPage\",\"@id\":\"https:\/\/gysfm.com.ar\/inicio\/javier-milei-y-su-gabinete-fueron-al-congreso-para-apoyar-a-manuel-adorni-video-con-la-cancion-de-rocky\/\",\"url\":\"https:\/\/gysfm.com.ar\/inicio\/javier-milei-y-su-gabinete-fueron-al-congreso-para-apoyar-a-manuel-adorni-video-con-la-cancion-de-rocky\/\",\"name\":\"Javier Milei y su Gabinete fueron al Congreso para apoyar a Manuel Adorni: video con la canci\u00f3n de Rocky - GYS NOTICIAS |\",\"isPartOf\":{\"@id\":\"https:\/\/gysfm.com.ar\/inicio\/#website\"},\"primaryImageOfPage\":{\"@id\":\"https:\/\/gysfm.com.ar\/inicio\/javier-milei-y-su-gabinete-fueron-al-congreso-para-apoyar-a-manuel-adorni-video-con-la-cancion-de-rocky\/#primaryimage\"},\"image\":{\"@id\":\"https:\/\/gysfm.com.ar\/inicio\/javier-milei-y-su-gabinete-fueron-al-congreso-para-apoyar-a-manuel-adorni-video-con-la-cancion-de-rocky\/#primaryimage\"},\"thumbnailUrl\":\"https:\/\/gysfm.com.ar\/inicio\/wp-content\/uploads\/2026\/04\/el-presidente-javier-milei-29042026-2230057.jpg\",\"datePublished\":\"2026-04-30T09:28:23+00:00\",\"breadcrumb\":{\"@id\":\"https:\/\/gysfm.com.ar\/inicio\/javier-milei-y-su-gabinete-fueron-al-congreso-para-apoyar-a-manuel-adorni-video-con-la-cancion-de-rocky\/#breadcrumb\"},\"inLanguage\":\"es\",\"potentialAction\":[{\"@type\":\"ReadAction\",\"target\":[\"https:\/\/gysfm.com.ar\/inicio\/javier-milei-y-su-gabinete-fueron-al-congreso-para-apoyar-a-manuel-adorni-video-con-la-cancion-de-rocky\/\"]}]},{\"@type\":\"ImageObject\",\"inLanguage\":\"es\",\"@id\":\"https:\/\/gysfm.com.ar\/inicio\/javier-milei-y-su-gabinete-fueron-al-congreso-para-apoyar-a-manuel-adorni-video-con-la-cancion-de-rocky\/#primaryimage\",\"url\":\"https:\/\/gysfm.com.ar\/inicio\/wp-content\/uploads\/2026\/04\/el-presidente-javier-milei-29042026-2230057.jpg\",\"contentUrl\":\"https:\/\/gysfm.com.ar\/inicio\/wp-content\/uploads\/2026\/04\/el-presidente-javier-milei-29042026-2230057.jpg\",\"width\":1140,\"height\":641},{\"@type\":\"BreadcrumbList\",\"@id\":\"https:\/\/gysfm.com.ar\/inicio\/javier-milei-y-su-gabinete-fueron-al-congreso-para-apoyar-a-manuel-adorni-video-con-la-cancion-de-rocky\/#breadcrumb\",\"itemListElement\":[{\"@type\":\"ListItem\",\"position\":1,\"name\":\"Portada\",\"item\":\"https:\/\/gysfm.com.ar\/inicio\/\"},{\"@type\":\"ListItem\",\"position\":2,\"name\":\"Javier Milei y su Gabinete fueron al Congreso para apoyar a Manuel Adorni: video con la canci\u00f3n de Rocky\"}]},{\"@type\":\"WebSite\",\"@id\":\"https:\/\/gysfm.com.ar\/inicio\/#website\",\"url\":\"https:\/\/gysfm.com.ar\/inicio\/\",\"name\":\"GYS NOTICIAS |\",\"description\":\"DIARIO - RADIO ONLINE SAN JUAN ARGENTINA\",\"publisher\":{\"@id\":\"https:\/\/gysfm.com.ar\/inicio\/#organization\"},\"potentialAction\":[{\"@type\":\"SearchAction\",\"target\":{\"@type\":\"EntryPoint\",\"urlTemplate\":\"https:\/\/gysfm.com.ar\/inicio\/?s={search_term_string}\"},\"query-input\":{\"@type\":\"PropertyValueSpecification\",\"valueRequired\":true,\"valueName\":\"search_term_string\"}}],\"inLanguage\":\"es\"},{\"@type\":\"Organization\",\"@id\":\"https:\/\/gysfm.com.ar\/inicio\/#organization\",\"name\":\"GYS NOTICIAS |\",\"url\":\"https:\/\/gysfm.com.ar\/inicio\/\",\"logo\":{\"@type\":\"ImageObject\",\"inLanguage\":\"es\",\"@id\":\"https:\/\/gysfm.com.ar\/inicio\/#\/schema\/logo\/image\/\",\"url\":\"https:\/\/gysfm.com.ar\/inicio\/wp-content\/uploads\/2023\/07\/LOGOGYS-OK.png\",\"contentUrl\":\"https:\/\/gysfm.com.ar\/inicio\/wp-content\/uploads\/2023\/07\/LOGOGYS-OK.png\",\"width\":1170,\"height\":872,\"caption\":\"GYS NOTICIAS |\"},\"image\":{\"@id\":\"https:\/\/gysfm.com.ar\/inicio\/#\/schema\/logo\/image\/\"}},{\"@type\":\"Person\",\"@id\":\"https:\/\/gysfm.com.ar\/inicio\/#\/schema\/person\/3abba7593ef2ad19e1be221d54383dc5\",\"name\":\"Prensa G&amp;S FM\",\"image\":{\"@type\":\"ImageObject\",\"inLanguage\":\"es\",\"@id\":\"https:\/\/gysfm.com.ar\/inicio\/#\/schema\/person\/image\/\",\"url\":\"https:\/\/secure.gravatar.com\/avatar\/096ec78df02049ab018702bb4ccedf659377fa92a26540b5247612077a0dbd29?s=96&d=mm&r=g\",\"contentUrl\":\"https:\/\/secure.gravatar.com\/avatar\/096ec78df02049ab018702bb4ccedf659377fa92a26540b5247612077a0dbd29?s=96&d=mm&r=g\",\"caption\":\"Prensa G&amp;S FM\"},\"sameAs\":[\"https:\/\/gysfm.com.ar\/\"],\"url\":\"https:\/\/gysfm.com.ar\/inicio\/author\/lucasm\/\"}]}<\/script>\n<!-- \/ Yoast SEO plugin. -->","yoast_head_json":{"title":"Javier Milei y su Gabinete fueron al Congreso para apoyar a Manuel Adorni: video con la canci\u00f3n de Rocky - GYS NOTICIAS |","robots":{"index":"index","follow":"follow","max-snippet":"max-snippet:-1","max-image-preview":"max-image-preview:large","max-video-preview":"max-video-preview:-1"},"canonical":"https:\/\/gysfm.com.ar\/inicio\/javier-milei-y-su-gabinete-fueron-al-congreso-para-apoyar-a-manuel-adorni-video-con-la-cancion-de-rocky\/","og_locale":"es_ES","og_type":"article","og_title":"Javier Milei y su Gabinete fueron al Congreso para apoyar a Manuel Adorni: video con la canci\u00f3n de Rocky - GYS NOTICIAS |","og_description":"Minutos antes de comparecer ante el Congreso de la Naci\u00f3n para brindar su informe de gesti\u00f3n, el jefe de Gabinete Manuel Adorni se tom\u00f3 un minuto para lucir su mejor sonrisa frente a las c\u00e1maras de los fot\u00f3grafos oficiales de Presidencia. No es para menos: el presidente Javier Milei en persona se acerc\u00f3 al Congreso [&hellip;]","og_url":"https:\/\/gysfm.com.ar\/inicio\/javier-milei-y-su-gabinete-fueron-al-congreso-para-apoyar-a-manuel-adorni-video-con-la-cancion-de-rocky\/","og_site_name":"GYS NOTICIAS |","article_published_time":"2026-04-30T09:28:23+00:00","og_image":[{"url":"https:\/\/fotos.perfil.com\/\/\/2026\/04\/29\/900\/0\/diputados-congreso-29042026-2230146.jpg?webp","type":"","width":"","height":""}],"author":"Prensa G&amp;S FM","twitter_card":"summary_large_image","twitter_misc":{"Escrito por":"Prensa G&amp;S FM","Tiempo de lectura":"3 minutos"},"schema":{"@context":"https:\/\/schema.org","@graph":[{"@type":"Article","@id":"https:\/\/gysfm.com.ar\/inicio\/javier-milei-y-su-gabinete-fueron-al-congreso-para-apoyar-a-manuel-adorni-video-con-la-cancion-de-rocky\/#article","isPartOf":{"@id":"https:\/\/gysfm.com.ar\/inicio\/javier-milei-y-su-gabinete-fueron-al-congreso-para-apoyar-a-manuel-adorni-video-con-la-cancion-de-rocky\/"},"author":{"name":"Prensa G&amp;S FM","@id":"https:\/\/gysfm.com.ar\/inicio\/#\/schema\/person\/3abba7593ef2ad19e1be221d54383dc5"},"headline":"Javier Milei y su Gabinete fueron al Congreso para apoyar a Manuel Adorni: video con la canci\u00f3n de Rocky","datePublished":"2026-04-30T09:28:23+00:00","mainEntityOfPage":{"@id":"https:\/\/gysfm.com.ar\/inicio\/javier-milei-y-su-gabinete-fueron-al-congreso-para-apoyar-a-manuel-adorni-video-con-la-cancion-de-rocky\/"},"wordCount":692,"publisher":{"@id":"https:\/\/gysfm.com.ar\/inicio\/#organization"},"image":{"@id":"https:\/\/gysfm.com.ar\/inicio\/javier-milei-y-su-gabinete-fueron-al-congreso-para-apoyar-a-manuel-adorni-video-con-la-cancion-de-rocky\/#primaryimage"},"thumbnailUrl":"https:\/\/gysfm.com.ar\/inicio\/wp-content\/uploads\/2026\/04\/el-presidente-javier-milei-29042026-2230057.jpg","articleSection":["NACIONALES"],"inLanguage":"es"},{"@type":"WebPage","@id":"https:\/\/gysfm.com.ar\/inicio\/javier-milei-y-su-gabinete-fueron-al-congreso-para-apoyar-a-manuel-adorni-video-con-la-cancion-de-rocky\/","url":"https:\/\/gysfm.com.ar\/inicio\/javier-milei-y-su-gabinete-fueron-al-congreso-para-apoyar-a-manuel-adorni-video-con-la-cancion-de-rocky\/","name":"Javier Milei y su Gabinete fueron al Congreso para apoyar a Manuel Adorni: video con la canci\u00f3n de Rocky - GYS NOTICIAS |","isPartOf":{"@id":"https:\/\/gysfm.com.ar\/inicio\/#website"},"primaryImageOfPage":{"@id":"https:\/\/gysfm.com.ar\/inicio\/javier-milei-y-su-gabinete-fueron-al-congreso-para-apoyar-a-manuel-adorni-video-con-la-cancion-de-rocky\/#primaryimage"},"image":{"@id":"https:\/\/gysfm.com.ar\/inicio\/javier-milei-y-su-gabinete-fueron-al-congreso-para-apoyar-a-manuel-adorni-video-con-la-cancion-de-rocky\/#primaryimage"},"thumbnailUrl":"https:\/\/gysfm.com.ar\/inicio\/wp-content\/uploads\/2026\/04\/el-presidente-javier-milei-29042026-2230057.jpg","datePublished":"2026-04-30T09:28:23+00:00","breadcrumb":{"@id":"https:\/\/gysfm.com.ar\/inicio\/javier-milei-y-su-gabinete-fueron-al-congreso-para-apoyar-a-manuel-adorni-video-con-la-cancion-de-rocky\/#breadcrumb"},"inLanguage":"es","potentialAction":[{"@type":"ReadAction","target":["https:\/\/gysfm.com.ar\/inicio\/javier-milei-y-su-gabinete-fueron-al-congreso-para-apoyar-a-manuel-adorni-video-con-la-cancion-de-rocky\/"]}]},{"@type":"ImageObject","inLanguage":"es","@id":"https:\/\/gysfm.com.ar\/inicio\/javier-milei-y-su-gabinete-fueron-al-congreso-para-apoyar-a-manuel-adorni-video-con-la-cancion-de-rocky\/#primaryimage","url":"https:\/\/gysfm.com.ar\/inicio\/wp-content\/uploads\/2026\/04\/el-presidente-javier-milei-29042026-2230057.jpg","contentUrl":"https:\/\/gysfm.com.ar\/inicio\/wp-content\/uploads\/2026\/04\/el-presidente-javier-milei-29042026-2230057.jpg","width":1140,"height":641},{"@type":"BreadcrumbList","@id":"https:\/\/gysfm.com.ar\/inicio\/javier-milei-y-su-gabinete-fueron-al-congreso-para-apoyar-a-manuel-adorni-video-con-la-cancion-de-rocky\/#breadcrumb","itemListElement":[{"@type":"ListItem","position":1,"name":"Portada","item":"https:\/\/gysfm.com.ar\/inicio\/"},{"@type":"ListItem","position":2,"name":"Javier Milei y su Gabinete fueron al Congreso para apoyar a Manuel Adorni: video con la canci\u00f3n de Rocky"}]},{"@type":"WebSite","@id":"https:\/\/gysfm.com.ar\/inicio\/#website","url":"https:\/\/gysfm.com.ar\/inicio\/","name":"GYS NOTICIAS |","description":"DIARIO - RADIO ONLINE SAN JUAN ARGENTINA","publisher":{"@id":"https:\/\/gysfm.com.ar\/inicio\/#organization"},"potentialAction":[{"@type":"SearchAction","target":{"@type":"EntryPoint","urlTemplate":"https:\/\/gysfm.com.ar\/inicio\/?s={search_term_string}"},"query-input":{"@type":"PropertyValueSpecification","valueRequired":true,"valueName":"search_term_string"}}],"inLanguage":"es"},{"@type":"Organization","@id":"https:\/\/gysfm.com.ar\/inicio\/#organization","name":"GYS NOTICIAS |","url":"https:\/\/gysfm.com.ar\/inicio\/","logo":{"@type":"ImageObject","inLanguage":"es","@id":"https:\/\/gysfm.com.ar\/inicio\/#\/schema\/logo\/image\/","url":"https:\/\/gysfm.com.ar\/inicio\/wp-content\/uploads\/2023\/07\/LOGOGYS-OK.png","contentUrl":"https:\/\/gysfm.com.ar\/inicio\/wp-content\/uploads\/2023\/07\/LOGOGYS-OK.png","width":1170,"height":872,"caption":"GYS NOTICIAS |"},"image":{"@id":"https:\/\/gysfm.com.ar\/inicio\/#\/schema\/logo\/image\/"}},{"@type":"Person","@id":"https:\/\/gysfm.com.ar\/inicio\/#\/schema\/person\/3abba7593ef2ad19e1be221d54383dc5","name":"Prensa G&amp;S FM","image":{"@type":"ImageObject","inLanguage":"es","@id":"https:\/\/gysfm.com.ar\/inicio\/#\/schema\/person\/image\/","url":"https:\/\/secure.gravatar.com\/avatar\/096ec78df02049ab018702bb4ccedf659377fa92a26540b5247612077a0dbd29?s=96&d=mm&r=g","contentUrl":"https:\/\/secure.gravatar.com\/avatar\/096ec78df02049ab018702bb4ccedf659377fa92a26540b5247612077a0dbd29?s=96&d=mm&r=g","caption":"Prensa G&amp;S FM"},"sameAs":["https:\/\/gysfm.com.ar\/"],"url":"https:\/\/gysfm.com.ar\/inicio\/author\/lucasm\/"}]}},"_links":{"self":[{"href":"https:\/\/gysfm.com.ar\/inicio\/wp-json\/wp\/v2\/posts\/193839","targetHints":{"allow":["GET"]}}],"collection":[{"href":"https:\/\/gysfm.com.ar\/inicio\/wp-json\/wp\/v2\/posts"}],"about":[{"href":"https:\/\/gysfm.com.ar\/inicio\/wp-json\/wp\/v2\/types\/post"}],"author":[{"embeddable":true,"href":"https:\/\/gysfm.com.ar\/inicio\/wp-json\/wp\/v2\/users\/2"}],"replies":[{"embeddable":true,"href":"https:\/\/gysfm.com.ar\/inicio\/wp-json\/wp\/v2\/comments?post=193839"}],"version-history":[{"count":0,"href":"https:\/\/gysfm.com.ar\/inicio\/wp-json\/wp\/v2\/posts\/193839\/revisions"}],"wp:featuredmedia":[{"embeddable":true,"href":"https:\/\/gysfm.com.ar\/inicio\/wp-json\/wp\/v2\/media\/193840"}],"wp:attachment":[{"href":"https:\/\/gysfm.com.ar\/inicio\/wp-json\/wp\/v2\/media?parent=193839"}],"wp:term":[{"taxonomy":"category","embeddable":true,"href":"https:\/\/gysfm.com.ar\/inicio\/wp-json\/wp\/v2\/categories?post=193839"},{"taxonomy":"post_tag","embeddable":true,"href":"https:\/\/gysfm.com.ar\/inicio\/wp-json\/wp\/v2\/tags?post=193839"}],"curies":[{"name":"wp","href":"https:\/\/api.w.org\/{rel}","templated":true}]}}