{"id":193835,"date":"2026-04-30T06:11:21","date_gmt":"2026-04-30T09:11:21","guid":{"rendered":"https:\/\/gysfm.com.ar\/inicio\/kevin-warsh-asume-ante-una-fed-abroquelada-en-torno-a-las-tasas\/"},"modified":"2026-04-30T06:11:21","modified_gmt":"2026-04-30T09:11:21","slug":"kevin-warsh-asume-ante-una-fed-abroquelada-en-torno-a-las-tasas","status":"publish","type":"post","link":"https:\/\/gysfm.com.ar\/inicio\/kevin-warsh-asume-ante-una-fed-abroquelada-en-torno-a-las-tasas\/","title":{"rendered":"Kevin Warsh asume ante una Fed abroquelada en torno a las tasas"},"content":{"rendered":"<p> <br \/>\n<\/p>\n<div id=\"\">\n<p id=\"p-1777507715492-5881\"> <strong>G.G.:<\/strong> Era lo que Powell ten\u00eda previsto, pero la investigaci\u00f3n penal que promovi\u00f3 el Ejecutivo, a trav\u00e9s del Departamento de Justicia, lo fuerza a permanecer en su sitial de gobernador para defenderse mejor.<\/p>\n<\/div>\n<div id=\"\">\n<p id=\"p-1777507715492-70840\"> <strong>G.G.: <\/strong>La fiscal tiene facultades discrecionales importantes. Podr\u00eda tranquilamente reabrir la causa m\u00e1s adelante. Su decisi\u00f3n no es definitiva, aunque se presente as\u00ed.<\/p>\n<p id=\"p-1777507715492-58242\"><strong>P.: Es una lectura pol\u00edtica la suya.<\/strong><\/p>\n<p id=\"p-1777507715492-49908\"><strong> G.G.: <\/strong>No cabe otra.<\/p>\n<p id=\"p-1777507715492-79212\"><strong>P.: La causa se cerr\u00f3 para conseguir que el senador republicano Thom Tillis votara a favor de la nominaci\u00f3n de Kevin Warsh, el sustituto elegido por Trump, en la comisi\u00f3n de bancos del Senado. \u00bfPiensa que se podr\u00eda retomar despu\u00e9s?<\/strong><\/p>\n<p id=\"p-1777507715492-87437\"><strong> G.G.:<\/strong> El voto de Tillis todav\u00eda es necesario para que el Senado confirme la designaci\u00f3n. Pero despu\u00e9s, qui\u00e9n sabe. Adem\u00e1s, la suerte de la gobernadora Lisa Cook tambi\u00e9n est\u00e1 en la picota a instancias de una denuncia de Trump. La Corte Suprema debe decidir. Y es l\u00f3gico que Powell quiera estar en funciones para lo que pudiera necesitarse.<\/p>\n<p id=\"p-1777507715492-11283\"><strong>P.: La Fed mantuvo las tasas de inter\u00e9s sin cambios en la despedida de Powell. Lo hizo con una cantidad notable de disidentes: cuatro. \u00bfCu\u00e1l es el mensaje? \u00bfQu\u00e9 cabe esperar en junio cuando, presumiblemente, Kevin Warsh est\u00e9 al mando?<\/strong><\/p>\n<p id=\"p-1777507715492-15203\"><strong> G.G.: <\/strong>La decisi\u00f3n final se tom\u00f3 8 a 4. En principio, es un mensaje para Trump. Es un recordatorio de que la Fed es un cuerpo colegiado. El chairman es importante. Contar con Warsh al tim\u00f3n va a ser una ventaja, pero no deja de ser un \u00fanico voto. Y la decisi\u00f3n de mantener las tasas se resolvi\u00f3 11 a 1. Hubo tres votos en discordia que adem\u00e1s de dejar las tasas estables, rechazaron la idea de dejar un sesgo hacia la baja en el comunicado.<\/p>\n<p id=\"p-1777507715492-28234\"><strong>P.: Trump dijo que es un buen momento para recortar las tasas de inter\u00e9s.<\/strong><\/p>\n<p id=\"p-1777507715492-63866\"><strong> G.G.: <\/strong>Cu\u00e1ndo no.<\/p>\n<p id=\"p-1777507715492-38390\"><strong>P.: Y la Fed est\u00e1 firmemente en contra.<\/strong><\/p>\n<p id=\"p-1777507715492-27342\"><strong> G.G.: <\/strong>No hay dudas. Con la \u00fanica excepci\u00f3n de Stephen Miran, el troyano que logr\u00f3 introducir Trump en la Fed, que volvi\u00f3 a recomendar una baja de tasas.<\/p>\n<p id=\"p-1777507715492-10855\"><strong>P.: Simb\u00f3lica, como siempre. Porque Miran nunca consigui\u00f3 que la Fed adoptase su criterio. \u00bfPodr\u00e1 cambiar con Kevin Warsh como chairman? \u00bfLa permanencia de Powell en la Junta de Gobernadores, y por ende, en el comit\u00e9 de mercado abierto, con voz y voto, y su gran predicamento, podr\u00e1 convertirse en un obst\u00e1culo que lo frene a Warsh?<\/strong><\/p>\n<p id=\"p-1777507715492-33148\"><strong> G.G.:<\/strong> Powell ya aclar\u00f3 que su intenci\u00f3n no es convertirse en un chairman paralelo o en las sombras.<\/p>\n<p id=\"p-1777507715492-86278\"><strong>P.: Dijo que tiene mucho respeto por la tarea propia del chairman de construir consensos para llegar a una decisi\u00f3n con respaldo. O sea, que no se propone torpedear su tarea.<\/strong><\/p>\n<p id=\"p-1777507715492-3384\"><strong> G.G.: <\/strong>\u00bfQu\u00e9 razones tendr\u00eda? Necesidad, ninguna. Ese es el discurso impl\u00edcito detr\u00e1s de las disidencias. Y viene pronunci\u00e1ndose desde hace mucho tiempo. No es solo en esta reuni\u00f3n. Hay un mensaje rotundo que proviene de los presidentes de las Fed distritales que lleva m\u00e1s de un a\u00f1o.<\/p>\n<p id=\"p-1777507715492-77460\"><strong>P.: Warsh no podr\u00e1 arrearlos con o sin Powell.<\/strong><\/p>\n<p id=\"p-1777507715492-39339\"><strong> G.G.: <\/strong>Porque tampoco Powell lo hizo el a\u00f1o pasado. Aunque podr\u00edamos pensar que, si hubiera querido realmente, no era un imposible.<\/p>\n<p id=\"p-1777507715492-23225\"><strong>P.: La Fed ha creado sus propios anticuerpos ante la infecci\u00f3n.<\/strong><\/p>\n<p id=\"p-1777507715492-11633\"><strong> G.G.: <\/strong>Seguro. En alg\u00fan momento, el secretario del Tesoro, Scott Bessent, dio a entender que se podr\u00eda remover a los presidentes de distrito si se lograba modificar convenientemente el elenco de los gobernadores.<\/p>\n<p id=\"p-1777507715492-37898\"><strong>P.: Que Powell contin\u00fae es una traba tambi\u00e9n de ese punto de vista.<\/strong><\/p>\n<p id=\"p-1777507715492-50775\"><strong> G.G.:<\/strong> El tema se resolvi\u00f3 ratificando a todos los presidentes de distrito, el a\u00f1o pasado, por un nuevo per\u00edodo. Y despu\u00e9s se vot\u00f3 tambi\u00e9n que Powell continuase como chairman hasta que el Senado confirmase a su reemplazante. El banco central se abroquel\u00f3 para preservar su independencia. No es nada personal contra Warsh. Y Warsh ya conoce c\u00f3mo funciona la instituci\u00f3n. No se va a sorprender.<\/p>\n<p id=\"p-1777507715492-20778\"><strong>P.: Le preguntaba por la reuni\u00f3n que viene. A mediados de junio. \u00bfLlega Warsh a tiempo para presidirla? \u00bfCabe esperar un desenlace diferente?<\/strong><\/p>\n<p id=\"p-1777507715492-54417\"><strong> G.G.:<\/strong> El mandato de Powell como chairman finaliza el 15 de mayo. Para esa fecha, Warsh deber\u00eda estar confirmado gracias al voto partidario. A lo sumo, con un sufragio dem\u00f3crata adicional. Eso le da tiempo a Warsh para trabajar durante todo un mes el perfil y los considerandos de la decisi\u00f3n, y si quiere mostrar un matiz distintivo, incorporarlo.<\/p>\n<p id=\"p-1777507715492-7946\"><strong>P.: \u00bfVe posible que la Fed de Warsh se estrene con una baja de tasas?<\/strong><\/p>\n<p id=\"p-1777507715492-25397\"><strong> G.G.: <\/strong>La decisi\u00f3n no est\u00e1 tomada. La Fed es data dependiente. Y la \u00faltima palabra la tendr\u00e1, en definitiva, la realidad imperante en cada reuni\u00f3n. Pero, hoy por hoy, es dif\u00edcil ver razones para innovar.<\/p>\n<p id=\"p-1777507715492-2485\"><strong>P.: Los futuros de Chicago vislumbran las tres pr\u00f3ximas reuniones sin cambios. Y atisban una leve probabilidad de un recorte reci\u00e9n en octubre. \u00bfLe parece razonable? \u00bfCree que Trump lo va a aceptar pac\u00edficamente? Movi\u00f3 cielo y tierra para sacarlo a Powell, lo coloca a Warsh al mando, y a\u00fan as\u00ed, se le niega la baja de tasas que pide Stephen Miran en cada mitin.<\/strong><\/p>\n<p id=\"p-1777507715492-82143\"><strong> G.G.:<\/strong> \u00bfCu\u00e1ndo empezar\u00e1 Trump a pensar que Warsh lo traicion\u00f3? El 17 de junio cuando vea que las tasas se mantienen. \u00bfCu\u00e1ndo empezar\u00e1 a vociferarlo? No lo s\u00e9. Depender\u00e1 mucho de la tarea de ablande del secretario del Tesoro, Scott Bessent. Pero no creo que le vaya a creer a Bessent cuando vea que se consumen dos o tres reuniones y las tasas no cambian, son las mismas que antes\u2026<\/p>\n<\/p><\/div>\n<p><script>\n!function(f,b,e,v,n,t,s)\n{if(f.fbq)return;n=f.fbq=function(){n.callMethod?\nn.callMethod.apply(n,arguments):n.queue.push(arguments)};\nif(!f._fbq)f._fbq=n;n.push=n;n.loaded=!0;n.version='2.0';\nn.queue=[];t=b.createElement(e);t.async=!0;\nt.src=v;s=b.getElementsByTagName(e)[0];\ns.parentNode.insertBefore(t,s)}(window,document,'script',\n'https:\/\/connect.facebook.net\/en_US\/fbevents.js');\nfbq('init', '2047048335588113');\nfbq('track', 'PageView');\n<\/script><br \/>\n<br \/><\/p>\n","protected":false},"excerpt":{"rendered":"<p>G.G.: Era lo que Powell ten\u00eda previsto, pero la investigaci\u00f3n penal que promovi\u00f3 el Ejecutivo, a trav\u00e9s del Departamento de Justicia, lo fuerza a permanecer en su sitial de gobernador para defenderse mejor. G.G.: La fiscal tiene facultades discrecionales importantes. Podr\u00eda tranquilamente reabrir la causa m\u00e1s adelante. Su decisi\u00f3n no es definitiva, aunque se presente [&hellip;]<\/p>\n","protected":false},"author":1,"featured_media":96926,"comment_status":"closed","ping_status":"closed","sticky":false,"template":"","format":"standard","meta":{"footnotes":""},"categories":[28],"tags":[],"class_list":["post-193835","post","type-post","status-publish","format-standard","has-post-thumbnail","hentry","category-economia"],"yoast_head":"<!-- This site is optimized with the Yoast SEO plugin v24.4 - https:\/\/yoast.com\/wordpress\/plugins\/seo\/ -->\n<title>Kevin Warsh asume ante una Fed abroquelada en torno a las tasas - GYS NOTICIAS |<\/title>\n<meta name=\"robots\" content=\"index, follow, max-snippet:-1, max-image-preview:large, max-video-preview:-1\" \/>\n<link rel=\"canonical\" href=\"https:\/\/gysfm.com.ar\/inicio\/kevin-warsh-asume-ante-una-fed-abroquelada-en-torno-a-las-tasas\/\" \/>\n<meta property=\"og:locale\" content=\"es_ES\" \/>\n<meta property=\"og:type\" content=\"article\" \/>\n<meta property=\"og:title\" content=\"Kevin Warsh asume ante una Fed abroquelada en torno a las tasas - GYS NOTICIAS |\" \/>\n<meta property=\"og:description\" content=\"G.G.: Era lo que Powell ten\u00eda previsto, pero la investigaci\u00f3n penal que promovi\u00f3 el Ejecutivo, a trav\u00e9s del Departamento de Justicia, lo fuerza a permanecer en su sitial de gobernador para defenderse mejor. G.G.: La fiscal tiene facultades discrecionales importantes. Podr\u00eda tranquilamente reabrir la causa m\u00e1s adelante. Su decisi\u00f3n no es definitiva, aunque se presente [&hellip;]\" \/>\n<meta property=\"og:url\" content=\"https:\/\/gysfm.com.ar\/inicio\/kevin-warsh-asume-ante-una-fed-abroquelada-en-torno-a-las-tasas\/\" \/>\n<meta property=\"og:site_name\" content=\"GYS NOTICIAS |\" \/>\n<meta property=\"article:published_time\" content=\"2026-04-30T09:11:21+00:00\" \/>\n<meta name=\"author\" content=\"admin\" \/>\n<meta name=\"twitter:card\" content=\"summary_large_image\" \/>\n<meta name=\"twitter:label1\" content=\"Escrito por\" \/>\n\t<meta name=\"twitter:data1\" content=\"admin\" \/>\n\t<meta name=\"twitter:label2\" content=\"Tiempo de lectura\" \/>\n\t<meta name=\"twitter:data2\" content=\"5 minutos\" \/>\n<script type=\"application\/ld+json\" class=\"yoast-schema-graph\">{\"@context\":\"https:\/\/schema.org\",\"@graph\":[{\"@type\":\"Article\",\"@id\":\"https:\/\/gysfm.com.ar\/inicio\/kevin-warsh-asume-ante-una-fed-abroquelada-en-torno-a-las-tasas\/#article\",\"isPartOf\":{\"@id\":\"https:\/\/gysfm.com.ar\/inicio\/kevin-warsh-asume-ante-una-fed-abroquelada-en-torno-a-las-tasas\/\"},\"author\":{\"name\":\"admin\",\"@id\":\"https:\/\/gysfm.com.ar\/inicio\/#\/schema\/person\/5bedd7ecd35cc35548d89effafa23696\"},\"headline\":\"Kevin Warsh asume ante una Fed abroquelada en torno a las tasas\",\"datePublished\":\"2026-04-30T09:11:21+00:00\",\"mainEntityOfPage\":{\"@id\":\"https:\/\/gysfm.com.ar\/inicio\/kevin-warsh-asume-ante-una-fed-abroquelada-en-torno-a-las-tasas\/\"},\"wordCount\":1003,\"publisher\":{\"@id\":\"https:\/\/gysfm.com.ar\/inicio\/#organization\"},\"image\":{\"@id\":\"https:\/\/gysfm.com.ar\/inicio\/kevin-warsh-asume-ante-una-fed-abroquelada-en-torno-a-las-tasas\/#primaryimage\"},\"thumbnailUrl\":\"https:\/\/gysfm.com.ar\/inicio\/wp-content\/uploads\/2025\/03\/gordon-gekko-dialogos.jpg\",\"articleSection\":[\"ECONOMIA\"],\"inLanguage\":\"es\"},{\"@type\":\"WebPage\",\"@id\":\"https:\/\/gysfm.com.ar\/inicio\/kevin-warsh-asume-ante-una-fed-abroquelada-en-torno-a-las-tasas\/\",\"url\":\"https:\/\/gysfm.com.ar\/inicio\/kevin-warsh-asume-ante-una-fed-abroquelada-en-torno-a-las-tasas\/\",\"name\":\"Kevin Warsh asume ante una Fed abroquelada en torno a las tasas - GYS NOTICIAS |\",\"isPartOf\":{\"@id\":\"https:\/\/gysfm.com.ar\/inicio\/#website\"},\"primaryImageOfPage\":{\"@id\":\"https:\/\/gysfm.com.ar\/inicio\/kevin-warsh-asume-ante-una-fed-abroquelada-en-torno-a-las-tasas\/#primaryimage\"},\"image\":{\"@id\":\"https:\/\/gysfm.com.ar\/inicio\/kevin-warsh-asume-ante-una-fed-abroquelada-en-torno-a-las-tasas\/#primaryimage\"},\"thumbnailUrl\":\"https:\/\/gysfm.com.ar\/inicio\/wp-content\/uploads\/2025\/03\/gordon-gekko-dialogos.jpg\",\"datePublished\":\"2026-04-30T09:11:21+00:00\",\"breadcrumb\":{\"@id\":\"https:\/\/gysfm.com.ar\/inicio\/kevin-warsh-asume-ante-una-fed-abroquelada-en-torno-a-las-tasas\/#breadcrumb\"},\"inLanguage\":\"es\",\"potentialAction\":[{\"@type\":\"ReadAction\",\"target\":[\"https:\/\/gysfm.com.ar\/inicio\/kevin-warsh-asume-ante-una-fed-abroquelada-en-torno-a-las-tasas\/\"]}]},{\"@type\":\"ImageObject\",\"inLanguage\":\"es\",\"@id\":\"https:\/\/gysfm.com.ar\/inicio\/kevin-warsh-asume-ante-una-fed-abroquelada-en-torno-a-las-tasas\/#primaryimage\",\"url\":\"https:\/\/gysfm.com.ar\/inicio\/wp-content\/uploads\/2025\/03\/gordon-gekko-dialogos.jpg\",\"contentUrl\":\"https:\/\/gysfm.com.ar\/inicio\/wp-content\/uploads\/2025\/03\/gordon-gekko-dialogos.jpg\",\"width\":1200,\"height\":675},{\"@type\":\"BreadcrumbList\",\"@id\":\"https:\/\/gysfm.com.ar\/inicio\/kevin-warsh-asume-ante-una-fed-abroquelada-en-torno-a-las-tasas\/#breadcrumb\",\"itemListElement\":[{\"@type\":\"ListItem\",\"position\":1,\"name\":\"Portada\",\"item\":\"https:\/\/gysfm.com.ar\/inicio\/\"},{\"@type\":\"ListItem\",\"position\":2,\"name\":\"Kevin Warsh asume ante una Fed abroquelada en torno a las tasas\"}]},{\"@type\":\"WebSite\",\"@id\":\"https:\/\/gysfm.com.ar\/inicio\/#website\",\"url\":\"https:\/\/gysfm.com.ar\/inicio\/\",\"name\":\"GYS NOTICIAS |\",\"description\":\"DIARIO - RADIO ONLINE SAN JUAN ARGENTINA\",\"publisher\":{\"@id\":\"https:\/\/gysfm.com.ar\/inicio\/#organization\"},\"potentialAction\":[{\"@type\":\"SearchAction\",\"target\":{\"@type\":\"EntryPoint\",\"urlTemplate\":\"https:\/\/gysfm.com.ar\/inicio\/?s={search_term_string}\"},\"query-input\":{\"@type\":\"PropertyValueSpecification\",\"valueRequired\":true,\"valueName\":\"search_term_string\"}}],\"inLanguage\":\"es\"},{\"@type\":\"Organization\",\"@id\":\"https:\/\/gysfm.com.ar\/inicio\/#organization\",\"name\":\"GYS NOTICIAS |\",\"url\":\"https:\/\/gysfm.com.ar\/inicio\/\",\"logo\":{\"@type\":\"ImageObject\",\"inLanguage\":\"es\",\"@id\":\"https:\/\/gysfm.com.ar\/inicio\/#\/schema\/logo\/image\/\",\"url\":\"https:\/\/gysfm.com.ar\/inicio\/wp-content\/uploads\/2023\/07\/LOGOGYS-OK.png\",\"contentUrl\":\"https:\/\/gysfm.com.ar\/inicio\/wp-content\/uploads\/2023\/07\/LOGOGYS-OK.png\",\"width\":1170,\"height\":872,\"caption\":\"GYS NOTICIAS |\"},\"image\":{\"@id\":\"https:\/\/gysfm.com.ar\/inicio\/#\/schema\/logo\/image\/\"}},{\"@type\":\"Person\",\"@id\":\"https:\/\/gysfm.com.ar\/inicio\/#\/schema\/person\/5bedd7ecd35cc35548d89effafa23696\",\"name\":\"admin\",\"image\":{\"@type\":\"ImageObject\",\"inLanguage\":\"es\",\"@id\":\"https:\/\/gysfm.com.ar\/inicio\/#\/schema\/person\/image\/\",\"url\":\"https:\/\/secure.gravatar.com\/avatar\/c331d312b5243fb64d5ba28108a447b27c925295129a363082c9ea52c28d32c2?s=96&d=mm&r=g\",\"contentUrl\":\"https:\/\/secure.gravatar.com\/avatar\/c331d312b5243fb64d5ba28108a447b27c925295129a363082c9ea52c28d32c2?s=96&d=mm&r=g\",\"caption\":\"admin\"},\"sameAs\":[\"https:\/\/gysfm.com.ar\/inicio\"],\"url\":\"https:\/\/gysfm.com.ar\/inicio\/author\/admin\/\"}]}<\/script>\n<!-- \/ Yoast SEO plugin. -->","yoast_head_json":{"title":"Kevin Warsh asume ante una Fed abroquelada en torno a las tasas - GYS NOTICIAS |","robots":{"index":"index","follow":"follow","max-snippet":"max-snippet:-1","max-image-preview":"max-image-preview:large","max-video-preview":"max-video-preview:-1"},"canonical":"https:\/\/gysfm.com.ar\/inicio\/kevin-warsh-asume-ante-una-fed-abroquelada-en-torno-a-las-tasas\/","og_locale":"es_ES","og_type":"article","og_title":"Kevin Warsh asume ante una Fed abroquelada en torno a las tasas - GYS NOTICIAS |","og_description":"G.G.: Era lo que Powell ten\u00eda previsto, pero la investigaci\u00f3n penal que promovi\u00f3 el Ejecutivo, a trav\u00e9s del Departamento de Justicia, lo fuerza a permanecer en su sitial de gobernador para defenderse mejor. G.G.: La fiscal tiene facultades discrecionales importantes. Podr\u00eda tranquilamente reabrir la causa m\u00e1s adelante. Su decisi\u00f3n no es definitiva, aunque se presente [&hellip;]","og_url":"https:\/\/gysfm.com.ar\/inicio\/kevin-warsh-asume-ante-una-fed-abroquelada-en-torno-a-las-tasas\/","og_site_name":"GYS NOTICIAS |","article_published_time":"2026-04-30T09:11:21+00:00","author":"admin","twitter_card":"summary_large_image","twitter_misc":{"Escrito por":"admin","Tiempo de lectura":"5 minutos"},"schema":{"@context":"https:\/\/schema.org","@graph":[{"@type":"Article","@id":"https:\/\/gysfm.com.ar\/inicio\/kevin-warsh-asume-ante-una-fed-abroquelada-en-torno-a-las-tasas\/#article","isPartOf":{"@id":"https:\/\/gysfm.com.ar\/inicio\/kevin-warsh-asume-ante-una-fed-abroquelada-en-torno-a-las-tasas\/"},"author":{"name":"admin","@id":"https:\/\/gysfm.com.ar\/inicio\/#\/schema\/person\/5bedd7ecd35cc35548d89effafa23696"},"headline":"Kevin Warsh asume ante una Fed abroquelada en torno a las tasas","datePublished":"2026-04-30T09:11:21+00:00","mainEntityOfPage":{"@id":"https:\/\/gysfm.com.ar\/inicio\/kevin-warsh-asume-ante-una-fed-abroquelada-en-torno-a-las-tasas\/"},"wordCount":1003,"publisher":{"@id":"https:\/\/gysfm.com.ar\/inicio\/#organization"},"image":{"@id":"https:\/\/gysfm.com.ar\/inicio\/kevin-warsh-asume-ante-una-fed-abroquelada-en-torno-a-las-tasas\/#primaryimage"},"thumbnailUrl":"https:\/\/gysfm.com.ar\/inicio\/wp-content\/uploads\/2025\/03\/gordon-gekko-dialogos.jpg","articleSection":["ECONOMIA"],"inLanguage":"es"},{"@type":"WebPage","@id":"https:\/\/gysfm.com.ar\/inicio\/kevin-warsh-asume-ante-una-fed-abroquelada-en-torno-a-las-tasas\/","url":"https:\/\/gysfm.com.ar\/inicio\/kevin-warsh-asume-ante-una-fed-abroquelada-en-torno-a-las-tasas\/","name":"Kevin Warsh asume ante una Fed abroquelada en torno a las tasas - GYS NOTICIAS |","isPartOf":{"@id":"https:\/\/gysfm.com.ar\/inicio\/#website"},"primaryImageOfPage":{"@id":"https:\/\/gysfm.com.ar\/inicio\/kevin-warsh-asume-ante-una-fed-abroquelada-en-torno-a-las-tasas\/#primaryimage"},"image":{"@id":"https:\/\/gysfm.com.ar\/inicio\/kevin-warsh-asume-ante-una-fed-abroquelada-en-torno-a-las-tasas\/#primaryimage"},"thumbnailUrl":"https:\/\/gysfm.com.ar\/inicio\/wp-content\/uploads\/2025\/03\/gordon-gekko-dialogos.jpg","datePublished":"2026-04-30T09:11:21+00:00","breadcrumb":{"@id":"https:\/\/gysfm.com.ar\/inicio\/kevin-warsh-asume-ante-una-fed-abroquelada-en-torno-a-las-tasas\/#breadcrumb"},"inLanguage":"es","potentialAction":[{"@type":"ReadAction","target":["https:\/\/gysfm.com.ar\/inicio\/kevin-warsh-asume-ante-una-fed-abroquelada-en-torno-a-las-tasas\/"]}]},{"@type":"ImageObject","inLanguage":"es","@id":"https:\/\/gysfm.com.ar\/inicio\/kevin-warsh-asume-ante-una-fed-abroquelada-en-torno-a-las-tasas\/#primaryimage","url":"https:\/\/gysfm.com.ar\/inicio\/wp-content\/uploads\/2025\/03\/gordon-gekko-dialogos.jpg","contentUrl":"https:\/\/gysfm.com.ar\/inicio\/wp-content\/uploads\/2025\/03\/gordon-gekko-dialogos.jpg","width":1200,"height":675},{"@type":"BreadcrumbList","@id":"https:\/\/gysfm.com.ar\/inicio\/kevin-warsh-asume-ante-una-fed-abroquelada-en-torno-a-las-tasas\/#breadcrumb","itemListElement":[{"@type":"ListItem","position":1,"name":"Portada","item":"https:\/\/gysfm.com.ar\/inicio\/"},{"@type":"ListItem","position":2,"name":"Kevin Warsh asume ante una Fed abroquelada en torno a las tasas"}]},{"@type":"WebSite","@id":"https:\/\/gysfm.com.ar\/inicio\/#website","url":"https:\/\/gysfm.com.ar\/inicio\/","name":"GYS NOTICIAS |","description":"DIARIO - RADIO ONLINE SAN JUAN ARGENTINA","publisher":{"@id":"https:\/\/gysfm.com.ar\/inicio\/#organization"},"potentialAction":[{"@type":"SearchAction","target":{"@type":"EntryPoint","urlTemplate":"https:\/\/gysfm.com.ar\/inicio\/?s={search_term_string}"},"query-input":{"@type":"PropertyValueSpecification","valueRequired":true,"valueName":"search_term_string"}}],"inLanguage":"es"},{"@type":"Organization","@id":"https:\/\/gysfm.com.ar\/inicio\/#organization","name":"GYS NOTICIAS |","url":"https:\/\/gysfm.com.ar\/inicio\/","logo":{"@type":"ImageObject","inLanguage":"es","@id":"https:\/\/gysfm.com.ar\/inicio\/#\/schema\/logo\/image\/","url":"https:\/\/gysfm.com.ar\/inicio\/wp-content\/uploads\/2023\/07\/LOGOGYS-OK.png","contentUrl":"https:\/\/gysfm.com.ar\/inicio\/wp-content\/uploads\/2023\/07\/LOGOGYS-OK.png","width":1170,"height":872,"caption":"GYS NOTICIAS |"},"image":{"@id":"https:\/\/gysfm.com.ar\/inicio\/#\/schema\/logo\/image\/"}},{"@type":"Person","@id":"https:\/\/gysfm.com.ar\/inicio\/#\/schema\/person\/5bedd7ecd35cc35548d89effafa23696","name":"admin","image":{"@type":"ImageObject","inLanguage":"es","@id":"https:\/\/gysfm.com.ar\/inicio\/#\/schema\/person\/image\/","url":"https:\/\/secure.gravatar.com\/avatar\/c331d312b5243fb64d5ba28108a447b27c925295129a363082c9ea52c28d32c2?s=96&d=mm&r=g","contentUrl":"https:\/\/secure.gravatar.com\/avatar\/c331d312b5243fb64d5ba28108a447b27c925295129a363082c9ea52c28d32c2?s=96&d=mm&r=g","caption":"admin"},"sameAs":["https:\/\/gysfm.com.ar\/inicio"],"url":"https:\/\/gysfm.com.ar\/inicio\/author\/admin\/"}]}},"_links":{"self":[{"href":"https:\/\/gysfm.com.ar\/inicio\/wp-json\/wp\/v2\/posts\/193835","targetHints":{"allow":["GET"]}}],"collection":[{"href":"https:\/\/gysfm.com.ar\/inicio\/wp-json\/wp\/v2\/posts"}],"about":[{"href":"https:\/\/gysfm.com.ar\/inicio\/wp-json\/wp\/v2\/types\/post"}],"author":[{"embeddable":true,"href":"https:\/\/gysfm.com.ar\/inicio\/wp-json\/wp\/v2\/users\/1"}],"replies":[{"embeddable":true,"href":"https:\/\/gysfm.com.ar\/inicio\/wp-json\/wp\/v2\/comments?post=193835"}],"version-history":[{"count":0,"href":"https:\/\/gysfm.com.ar\/inicio\/wp-json\/wp\/v2\/posts\/193835\/revisions"}],"wp:featuredmedia":[{"embeddable":true,"href":"https:\/\/gysfm.com.ar\/inicio\/wp-json\/wp\/v2\/media\/96926"}],"wp:attachment":[{"href":"https:\/\/gysfm.com.ar\/inicio\/wp-json\/wp\/v2\/media?parent=193835"}],"wp:term":[{"taxonomy":"category","embeddable":true,"href":"https:\/\/gysfm.com.ar\/inicio\/wp-json\/wp\/v2\/categories?post=193835"},{"taxonomy":"post_tag","embeddable":true,"href":"https:\/\/gysfm.com.ar\/inicio\/wp-json\/wp\/v2\/tags?post=193835"}],"curies":[{"name":"wp","href":"https:\/\/api.w.org\/{rel}","templated":true}]}}