{"id":193833,"date":"2026-04-30T05:57:07","date_gmt":"2026-04-30T08:57:07","guid":{"rendered":"https:\/\/gysfm.com.ar\/inicio\/los-abucheos-a-ariel-sbdar-en-un-evento-juvenil\/"},"modified":"2026-04-30T05:57:07","modified_gmt":"2026-04-30T08:57:07","slug":"los-abucheos-a-ariel-sbdar-en-un-evento-juvenil","status":"publish","type":"post","link":"https:\/\/gysfm.com.ar\/inicio\/los-abucheos-a-ariel-sbdar-en-un-evento-juvenil\/","title":{"rendered":"Los abucheos a Ariel Sbdar en un evento juvenil"},"content":{"rendered":"<p><\/p>\n<div id=\"article-content\">\n<p>El CEO y cofundador de<strong> Cocos Capital<\/strong>, <strong>Ariel Sbdar<\/strong>, fue abucheado el martes 28 durante su participaci\u00f3n en el <strong>Experiencia Endeavor Sub20<\/strong>, realizado en el <a target=\"_blank\" href=\"https:\/\/Los detalles de la denuncia de ARCA contra el Movistar Arena\"><strong>Movistar Arena<\/strong><\/a>, cuando intentaba brindar una charla sobre inteligencia artificial y finanzas personales ante aproximadamente<strong> 12.000<\/strong> estudiantes secundarios. La exposici\u00f3n fue interrumpida por silbidos, c\u00e1nticos y gritos en <strong>rechazo a su figura<\/strong>.<\/p>\n<p>El episodio ocurri\u00f3 al inicio de su presentaci\u00f3n, cuando una parte del p\u00fablico comenz\u00f3 a manifestarse en su contra, generando un clima hostil que se sostuvo durante varios minutos y oblig\u00f3 a suspender la actividad. El evento, organizado para fomentar el esp\u00edritu emprendedor en j\u00f3venes, reuni\u00f3 a alumnos de distintos colegios con el objetivo de acercarlos al mundo de los negocios y la innovaci\u00f3n.<\/p>\n<p><iframe id=\"vrudo\" class=\"vrudo\" src=\"https:\/\/rudo.video\/vod\/bWsgzm?volume=0\" width=\"100%\" height=\"100%\" allowscriptaccess=\"always\" allowfullscreen=\"true\" webkitallowfullscreen=\"true\" frameborder=\"0\" scrolling=\"no\" allow=\"autoplay; fullscreen\" loading=\"lazy\" title=\"Contenido embebido\"><\/iframe><\/p>\n<p>El detonante principal del rechazo fue la <strong>promoci\u00f3n del token <a target=\"_blank\" href=\"https:\/\/www.perfil.com\/noticias\/judiciales\/la-camara-federal-rechazo-el-pedido-de-novelli-de-ser-acusador-en-una-causa-vinculada-a-libra-que-investiga-su-celular.phtml\">$LIBRA<\/a> <\/strong>que Sbdar hab\u00eda difundido en sus redes sociales, un activo digital vinculado al presidente <a target=\"_blank\" href=\"https:\/\/La confianza en el Gobierno de Javier Milei se desplom\u00f3 12% y marc\u00f3 la quinta ca\u00edda consecutiva\">Javier Milei<\/a>, cuyo lanzamiento gener\u00f3 una fuerte pol\u00e9mica en el \u00e1mbito financiero debido a la volatilidad de su valor y a las <strong>p\u00e9rdidas registradas<\/strong> por algunos inversores, lo que deriv\u00f3 en una <strong>investigaci\u00f3n judicial en curso.<\/strong><\/p>\n<p class=\"destacadoNota\"><a target=\"_blank\" href=\"https:\/\/www.perfil.com\/noticias\/nea\/aguiar-a-milei-con-el-3-de-la-andis-y-la-criptomoneda-libra-ustedes-ya-cobraron-como-por-10-mandatos-juntos.phtml\">Aguiar a Milei: \u00abCon el 3% de la ANDIS y la criptomoneda $LIBRA ustedes ya cobraron como por 10 mandatos juntos\u00bb<\/a><\/p>\n<p>Sbdar hab\u00eda hecho referencia al activo al afirmar que <strong>\u201cya vale m\u00e1s que much\u00edsimas compa\u00f1\u00edas argentinas\u201d<\/strong>, una frase que fue interpretada por parte del p\u00fablico como una defensa del proyecto y que intensific\u00f3 la <strong>reacci\u00f3n negativa <\/strong>en el estadio.<\/p>\n<p>La situaci\u00f3n escal\u00f3 r\u00e1pidamente con c\u00e1nticos como <strong>\u201cvendepatria\u201d<\/strong>, reflejando un nivel de confrontaci\u00f3n poco habitual en un evento educativo; pese a que el empresario intent\u00f3 continuar con su exposici\u00f3n e incluso apel\u00f3 a la iron\u00eda para descomprimir el ambiente, la persistencia de los abucheos<strong> termin\u00f3 forzando su retiro anticipado del escenario<\/strong>.<\/p>\n<p>El caso tambi\u00e9n expone c\u00f3mo la discusi\u00f3n pol\u00edtica y econ\u00f3mica se traslad\u00f3 a espacios juveniles, donde la figura de Milei y las criptomonedas funcionan como ejes de debate, especialmente entre estudiantes que seg\u00fan distintos estudios, muestran un creciente inter\u00e9s por las inversiones digitales pero tambi\u00e9n una alta exposici\u00f3n a riesgos financieros por falta de formaci\u00f3n espec\u00edfica.<\/p>\n<p style=\"text-align:center\"><picture><source media=\"(max-width: 440px)\" srcset=\"https:\/\/fotos.perfil.com\/\/2026\/04\/29\/440\/0\/ariel-sbdar-ceo-29042026-2230066.jpg?webp\"\/><source media=\"(max-width: 1019px)\" srcset=\"https:\/\/fotos.perfil.com\/\/2026\/04\/29\/712\/0\/ariel-sbdar-ceo-29042026-2230066.jpg?webp\"\/><img decoding=\"async\" style=\"max-width: 100%; width: 100%;\" alt=\"Ariel Sbdar CEO 29042026\" src=\"https:\/\/fotos.perfil.com\/\/2026\/04\/29\/900\/0\/ariel-sbdar-ceo-29042026-2230066.jpg?webp\" loading=\"lazy\"\/><\/picture><\/p>\n<h2>Qui\u00e9n es el fundador de Cocos<\/h2>\n<p>Sbdar es<strong> licenciado en Econom\u00eda Empresarial<\/strong> por la Universidad Torcuato Di Tella y cuenta con un<strong> m\u00e1ster en Administraci\u00f3n<\/strong> por HEC Par\u00eds, donde se especializ\u00f3 en fusiones y adquisiciones (M&amp;A), un \u00e1rea clave para operaciones corporativas de compra, venta y reestructuraci\u00f3n de empresas.<\/p>\n<p>Previo a fundar su fintech en <strong>2020<\/strong>, desarroll\u00f3 su carrera en el sistema financiero argentino: trabaj\u00f3 en el<strong> Banco Macro<\/strong> como asociado en M&amp;A, fue jefe de estrategia en el <strong>BIND<\/strong> y se desempe\u00f1\u00f3 en la<strong> mesa de dinero de Allaria Ledesma<\/strong>, donde particip\u00f3 en operaciones de deuda y bonos soberanos, adquiriendo experiencia en mercados de capitales.<\/p>\n<p class=\"destacadoNota\"><a target=\"_blank\" href=\"https:\/\/www.perfil.com\/noticias\/politica\/milei-se-molesto-por-una-pregunta-sobre-la-inflacion-no-es-el-lugar-no-es-el-momento.phtml\">Milei se molest\u00f3 por una pregunta sobre la inflaci\u00f3n: \u00abNo es el lugar, no es el momento\u00bb<\/a><\/p>\n<p>Con la creaci\u00f3n de <strong>Cocos Capital<\/strong>, Sbdar se posicion\u00f3 como uno de los referentes del ecosistema fintech local, impulsando una plataforma orientada a facilitar el acceso a inversiones para usuarios minoristas, en un contexto donde las billeteras virtuales y aplicaciones financieras crecieron de forma sostenida en Argentina en los \u00faltimos a\u00f1os.<\/p>\n<p>Tras lo ocurrido, el empresario public\u00f3 un descargo en redes sociales en el que cuestion\u00f3 el impacto de la <strong>\u201cgrieta\u201d<\/strong> en \u00e1mbitos educativos y sostuvo que el episodio impidi\u00f3 que muchos j\u00f3venes pudieran aprovechar la instancia de aprendizaje; adem\u00e1s, indic\u00f3 que recibi\u00f3 mensajes de estudiantes que quer\u00edan participar activamente de la charla.<\/p>\n<p>En ese sentido, anunci\u00f3 que difundir\u00e1 el contenido de su<strong> presentaci\u00f3n en formato digital<\/strong>, con el objetivo de garantizar el acceso a la capacitaci\u00f3n y compensar la actividad que no pudo concretarse, en l\u00ednea con su enfoque de promover la<strong> educaci\u00f3n financiera como herramienta de desarrollo<\/strong>.<\/p>\n<p>CS\/LT<\/p>\n<\/p><\/div>\n<p><script>\n                !function(f,b,e,v,n,t,s)\n                {if(f.fbq)return;n=f.fbq=function(){n.callMethod?\n                    n.callMethod.apply(n,arguments):n.queue.push(arguments)};\n                    if(!f._fbq)f._fbq=n;n.push=n;n.loaded=!0;n.version='2.0';\n                    n.queue=[];t=b.createElement(e);t.async=!0;\n                    t.src=v;s=b.getElementsByTagName(e)[0];\n                    s.parentNode.insertBefore(t,s)}(window, document,'script',\n                    'https:\/\/connect.facebook.net\/en_US\/fbevents.js');\n                window.paywallConfig.facebook_pixel=\"1000228364089342\"\n            <\/script><\/p>\n","protected":false},"excerpt":{"rendered":"<p>El CEO y cofundador de Cocos Capital, Ariel Sbdar, fue abucheado el martes 28 durante su participaci\u00f3n en el Experiencia Endeavor Sub20, realizado en el Movistar Arena, cuando intentaba brindar una charla sobre inteligencia artificial y finanzas personales ante aproximadamente 12.000 estudiantes secundarios. La exposici\u00f3n fue interrumpida por silbidos, c\u00e1nticos y gritos en rechazo a [&hellip;]<\/p>\n","protected":false},"author":2,"featured_media":193834,"comment_status":"closed","ping_status":"closed","sticky":false,"template":"","format":"standard","meta":{"footnotes":""},"categories":[25],"tags":[],"class_list":["post-193833","post","type-post","status-publish","format-standard","has-post-thumbnail","hentry","category-nacionales"],"yoast_head":"<!-- This site is optimized with the Yoast SEO plugin v24.4 - https:\/\/yoast.com\/wordpress\/plugins\/seo\/ -->\n<title>Los abucheos a Ariel Sbdar en un evento juvenil - GYS NOTICIAS |<\/title>\n<meta name=\"robots\" content=\"index, follow, max-snippet:-1, max-image-preview:large, max-video-preview:-1\" \/>\n<link rel=\"canonical\" href=\"https:\/\/gysfm.com.ar\/inicio\/los-abucheos-a-ariel-sbdar-en-un-evento-juvenil\/\" \/>\n<meta property=\"og:locale\" content=\"es_ES\" \/>\n<meta property=\"og:type\" content=\"article\" \/>\n<meta property=\"og:title\" content=\"Los abucheos a Ariel Sbdar en un evento juvenil - GYS NOTICIAS |\" \/>\n<meta property=\"og:description\" content=\"El CEO y cofundador de Cocos Capital, Ariel Sbdar, fue abucheado el martes 28 durante su participaci\u00f3n en el Experiencia Endeavor Sub20, realizado en el Movistar Arena, cuando intentaba brindar una charla sobre inteligencia artificial y finanzas personales ante aproximadamente 12.000 estudiantes secundarios. La exposici\u00f3n fue interrumpida por silbidos, c\u00e1nticos y gritos en rechazo a [&hellip;]\" \/>\n<meta property=\"og:url\" content=\"https:\/\/gysfm.com.ar\/inicio\/los-abucheos-a-ariel-sbdar-en-un-evento-juvenil\/\" \/>\n<meta property=\"og:site_name\" content=\"GYS NOTICIAS |\" \/>\n<meta property=\"article:published_time\" content=\"2026-04-30T08:57:07+00:00\" \/>\n<meta property=\"og:image\" content=\"https:\/\/fotos.perfil.com\/\/2026\/04\/29\/900\/0\/ariel-sbdar-ceo-29042026-2230066.jpg?webp\" \/>\n<meta name=\"author\" content=\"Prensa G&amp;S FM\" \/>\n<meta name=\"twitter:card\" content=\"summary_large_image\" \/>\n<meta name=\"twitter:label1\" content=\"Escrito por\" \/>\n\t<meta name=\"twitter:data1\" content=\"Prensa G&amp;S FM\" \/>\n\t<meta name=\"twitter:label2\" content=\"Tiempo de lectura\" \/>\n\t<meta name=\"twitter:data2\" content=\"3 minutos\" \/>\n<script type=\"application\/ld+json\" class=\"yoast-schema-graph\">{\"@context\":\"https:\/\/schema.org\",\"@graph\":[{\"@type\":\"Article\",\"@id\":\"https:\/\/gysfm.com.ar\/inicio\/los-abucheos-a-ariel-sbdar-en-un-evento-juvenil\/#article\",\"isPartOf\":{\"@id\":\"https:\/\/gysfm.com.ar\/inicio\/los-abucheos-a-ariel-sbdar-en-un-evento-juvenil\/\"},\"author\":{\"name\":\"Prensa G&amp;S FM\",\"@id\":\"https:\/\/gysfm.com.ar\/inicio\/#\/schema\/person\/3abba7593ef2ad19e1be221d54383dc5\"},\"headline\":\"Los abucheos a Ariel Sbdar en un evento juvenil\",\"datePublished\":\"2026-04-30T08:57:07+00:00\",\"mainEntityOfPage\":{\"@id\":\"https:\/\/gysfm.com.ar\/inicio\/los-abucheos-a-ariel-sbdar-en-un-evento-juvenil\/\"},\"wordCount\":683,\"publisher\":{\"@id\":\"https:\/\/gysfm.com.ar\/inicio\/#organization\"},\"image\":{\"@id\":\"https:\/\/gysfm.com.ar\/inicio\/los-abucheos-a-ariel-sbdar-en-un-evento-juvenil\/#primaryimage\"},\"thumbnailUrl\":\"https:\/\/gysfm.com.ar\/inicio\/wp-content\/uploads\/2026\/04\/ariel-sbdar-ceo-29042026-2230068.jpg\",\"articleSection\":[\"NACIONALES\"],\"inLanguage\":\"es\"},{\"@type\":\"WebPage\",\"@id\":\"https:\/\/gysfm.com.ar\/inicio\/los-abucheos-a-ariel-sbdar-en-un-evento-juvenil\/\",\"url\":\"https:\/\/gysfm.com.ar\/inicio\/los-abucheos-a-ariel-sbdar-en-un-evento-juvenil\/\",\"name\":\"Los abucheos a Ariel Sbdar en un evento juvenil - GYS NOTICIAS |\",\"isPartOf\":{\"@id\":\"https:\/\/gysfm.com.ar\/inicio\/#website\"},\"primaryImageOfPage\":{\"@id\":\"https:\/\/gysfm.com.ar\/inicio\/los-abucheos-a-ariel-sbdar-en-un-evento-juvenil\/#primaryimage\"},\"image\":{\"@id\":\"https:\/\/gysfm.com.ar\/inicio\/los-abucheos-a-ariel-sbdar-en-un-evento-juvenil\/#primaryimage\"},\"thumbnailUrl\":\"https:\/\/gysfm.com.ar\/inicio\/wp-content\/uploads\/2026\/04\/ariel-sbdar-ceo-29042026-2230068.jpg\",\"datePublished\":\"2026-04-30T08:57:07+00:00\",\"breadcrumb\":{\"@id\":\"https:\/\/gysfm.com.ar\/inicio\/los-abucheos-a-ariel-sbdar-en-un-evento-juvenil\/#breadcrumb\"},\"inLanguage\":\"es\",\"potentialAction\":[{\"@type\":\"ReadAction\",\"target\":[\"https:\/\/gysfm.com.ar\/inicio\/los-abucheos-a-ariel-sbdar-en-un-evento-juvenil\/\"]}]},{\"@type\":\"ImageObject\",\"inLanguage\":\"es\",\"@id\":\"https:\/\/gysfm.com.ar\/inicio\/los-abucheos-a-ariel-sbdar-en-un-evento-juvenil\/#primaryimage\",\"url\":\"https:\/\/gysfm.com.ar\/inicio\/wp-content\/uploads\/2026\/04\/ariel-sbdar-ceo-29042026-2230068.jpg\",\"contentUrl\":\"https:\/\/gysfm.com.ar\/inicio\/wp-content\/uploads\/2026\/04\/ariel-sbdar-ceo-29042026-2230068.jpg\",\"width\":1140,\"height\":641},{\"@type\":\"BreadcrumbList\",\"@id\":\"https:\/\/gysfm.com.ar\/inicio\/los-abucheos-a-ariel-sbdar-en-un-evento-juvenil\/#breadcrumb\",\"itemListElement\":[{\"@type\":\"ListItem\",\"position\":1,\"name\":\"Portada\",\"item\":\"https:\/\/gysfm.com.ar\/inicio\/\"},{\"@type\":\"ListItem\",\"position\":2,\"name\":\"Los abucheos a Ariel Sbdar en un evento juvenil\"}]},{\"@type\":\"WebSite\",\"@id\":\"https:\/\/gysfm.com.ar\/inicio\/#website\",\"url\":\"https:\/\/gysfm.com.ar\/inicio\/\",\"name\":\"GYS NOTICIAS |\",\"description\":\"DIARIO - RADIO ONLINE SAN JUAN ARGENTINA\",\"publisher\":{\"@id\":\"https:\/\/gysfm.com.ar\/inicio\/#organization\"},\"potentialAction\":[{\"@type\":\"SearchAction\",\"target\":{\"@type\":\"EntryPoint\",\"urlTemplate\":\"https:\/\/gysfm.com.ar\/inicio\/?s={search_term_string}\"},\"query-input\":{\"@type\":\"PropertyValueSpecification\",\"valueRequired\":true,\"valueName\":\"search_term_string\"}}],\"inLanguage\":\"es\"},{\"@type\":\"Organization\",\"@id\":\"https:\/\/gysfm.com.ar\/inicio\/#organization\",\"name\":\"GYS NOTICIAS |\",\"url\":\"https:\/\/gysfm.com.ar\/inicio\/\",\"logo\":{\"@type\":\"ImageObject\",\"inLanguage\":\"es\",\"@id\":\"https:\/\/gysfm.com.ar\/inicio\/#\/schema\/logo\/image\/\",\"url\":\"https:\/\/gysfm.com.ar\/inicio\/wp-content\/uploads\/2023\/07\/LOGOGYS-OK.png\",\"contentUrl\":\"https:\/\/gysfm.com.ar\/inicio\/wp-content\/uploads\/2023\/07\/LOGOGYS-OK.png\",\"width\":1170,\"height\":872,\"caption\":\"GYS NOTICIAS |\"},\"image\":{\"@id\":\"https:\/\/gysfm.com.ar\/inicio\/#\/schema\/logo\/image\/\"}},{\"@type\":\"Person\",\"@id\":\"https:\/\/gysfm.com.ar\/inicio\/#\/schema\/person\/3abba7593ef2ad19e1be221d54383dc5\",\"name\":\"Prensa G&amp;S FM\",\"image\":{\"@type\":\"ImageObject\",\"inLanguage\":\"es\",\"@id\":\"https:\/\/gysfm.com.ar\/inicio\/#\/schema\/person\/image\/\",\"url\":\"https:\/\/secure.gravatar.com\/avatar\/096ec78df02049ab018702bb4ccedf659377fa92a26540b5247612077a0dbd29?s=96&d=mm&r=g\",\"contentUrl\":\"https:\/\/secure.gravatar.com\/avatar\/096ec78df02049ab018702bb4ccedf659377fa92a26540b5247612077a0dbd29?s=96&d=mm&r=g\",\"caption\":\"Prensa G&amp;S FM\"},\"sameAs\":[\"https:\/\/gysfm.com.ar\/\"],\"url\":\"https:\/\/gysfm.com.ar\/inicio\/author\/lucasm\/\"}]}<\/script>\n<!-- \/ Yoast SEO plugin. -->","yoast_head_json":{"title":"Los abucheos a Ariel Sbdar en un evento juvenil - GYS NOTICIAS |","robots":{"index":"index","follow":"follow","max-snippet":"max-snippet:-1","max-image-preview":"max-image-preview:large","max-video-preview":"max-video-preview:-1"},"canonical":"https:\/\/gysfm.com.ar\/inicio\/los-abucheos-a-ariel-sbdar-en-un-evento-juvenil\/","og_locale":"es_ES","og_type":"article","og_title":"Los abucheos a Ariel Sbdar en un evento juvenil - GYS NOTICIAS |","og_description":"El CEO y cofundador de Cocos Capital, Ariel Sbdar, fue abucheado el martes 28 durante su participaci\u00f3n en el Experiencia Endeavor Sub20, realizado en el Movistar Arena, cuando intentaba brindar una charla sobre inteligencia artificial y finanzas personales ante aproximadamente 12.000 estudiantes secundarios. La exposici\u00f3n fue interrumpida por silbidos, c\u00e1nticos y gritos en rechazo a [&hellip;]","og_url":"https:\/\/gysfm.com.ar\/inicio\/los-abucheos-a-ariel-sbdar-en-un-evento-juvenil\/","og_site_name":"GYS NOTICIAS |","article_published_time":"2026-04-30T08:57:07+00:00","og_image":[{"url":"https:\/\/fotos.perfil.com\/\/2026\/04\/29\/900\/0\/ariel-sbdar-ceo-29042026-2230066.jpg?webp","type":"","width":"","height":""}],"author":"Prensa G&amp;S FM","twitter_card":"summary_large_image","twitter_misc":{"Escrito por":"Prensa G&amp;S FM","Tiempo de lectura":"3 minutos"},"schema":{"@context":"https:\/\/schema.org","@graph":[{"@type":"Article","@id":"https:\/\/gysfm.com.ar\/inicio\/los-abucheos-a-ariel-sbdar-en-un-evento-juvenil\/#article","isPartOf":{"@id":"https:\/\/gysfm.com.ar\/inicio\/los-abucheos-a-ariel-sbdar-en-un-evento-juvenil\/"},"author":{"name":"Prensa G&amp;S FM","@id":"https:\/\/gysfm.com.ar\/inicio\/#\/schema\/person\/3abba7593ef2ad19e1be221d54383dc5"},"headline":"Los abucheos a Ariel Sbdar en un evento juvenil","datePublished":"2026-04-30T08:57:07+00:00","mainEntityOfPage":{"@id":"https:\/\/gysfm.com.ar\/inicio\/los-abucheos-a-ariel-sbdar-en-un-evento-juvenil\/"},"wordCount":683,"publisher":{"@id":"https:\/\/gysfm.com.ar\/inicio\/#organization"},"image":{"@id":"https:\/\/gysfm.com.ar\/inicio\/los-abucheos-a-ariel-sbdar-en-un-evento-juvenil\/#primaryimage"},"thumbnailUrl":"https:\/\/gysfm.com.ar\/inicio\/wp-content\/uploads\/2026\/04\/ariel-sbdar-ceo-29042026-2230068.jpg","articleSection":["NACIONALES"],"inLanguage":"es"},{"@type":"WebPage","@id":"https:\/\/gysfm.com.ar\/inicio\/los-abucheos-a-ariel-sbdar-en-un-evento-juvenil\/","url":"https:\/\/gysfm.com.ar\/inicio\/los-abucheos-a-ariel-sbdar-en-un-evento-juvenil\/","name":"Los abucheos a Ariel Sbdar en un evento juvenil - GYS NOTICIAS |","isPartOf":{"@id":"https:\/\/gysfm.com.ar\/inicio\/#website"},"primaryImageOfPage":{"@id":"https:\/\/gysfm.com.ar\/inicio\/los-abucheos-a-ariel-sbdar-en-un-evento-juvenil\/#primaryimage"},"image":{"@id":"https:\/\/gysfm.com.ar\/inicio\/los-abucheos-a-ariel-sbdar-en-un-evento-juvenil\/#primaryimage"},"thumbnailUrl":"https:\/\/gysfm.com.ar\/inicio\/wp-content\/uploads\/2026\/04\/ariel-sbdar-ceo-29042026-2230068.jpg","datePublished":"2026-04-30T08:57:07+00:00","breadcrumb":{"@id":"https:\/\/gysfm.com.ar\/inicio\/los-abucheos-a-ariel-sbdar-en-un-evento-juvenil\/#breadcrumb"},"inLanguage":"es","potentialAction":[{"@type":"ReadAction","target":["https:\/\/gysfm.com.ar\/inicio\/los-abucheos-a-ariel-sbdar-en-un-evento-juvenil\/"]}]},{"@type":"ImageObject","inLanguage":"es","@id":"https:\/\/gysfm.com.ar\/inicio\/los-abucheos-a-ariel-sbdar-en-un-evento-juvenil\/#primaryimage","url":"https:\/\/gysfm.com.ar\/inicio\/wp-content\/uploads\/2026\/04\/ariel-sbdar-ceo-29042026-2230068.jpg","contentUrl":"https:\/\/gysfm.com.ar\/inicio\/wp-content\/uploads\/2026\/04\/ariel-sbdar-ceo-29042026-2230068.jpg","width":1140,"height":641},{"@type":"BreadcrumbList","@id":"https:\/\/gysfm.com.ar\/inicio\/los-abucheos-a-ariel-sbdar-en-un-evento-juvenil\/#breadcrumb","itemListElement":[{"@type":"ListItem","position":1,"name":"Portada","item":"https:\/\/gysfm.com.ar\/inicio\/"},{"@type":"ListItem","position":2,"name":"Los abucheos a Ariel Sbdar en un evento juvenil"}]},{"@type":"WebSite","@id":"https:\/\/gysfm.com.ar\/inicio\/#website","url":"https:\/\/gysfm.com.ar\/inicio\/","name":"GYS NOTICIAS |","description":"DIARIO - RADIO ONLINE SAN JUAN ARGENTINA","publisher":{"@id":"https:\/\/gysfm.com.ar\/inicio\/#organization"},"potentialAction":[{"@type":"SearchAction","target":{"@type":"EntryPoint","urlTemplate":"https:\/\/gysfm.com.ar\/inicio\/?s={search_term_string}"},"query-input":{"@type":"PropertyValueSpecification","valueRequired":true,"valueName":"search_term_string"}}],"inLanguage":"es"},{"@type":"Organization","@id":"https:\/\/gysfm.com.ar\/inicio\/#organization","name":"GYS NOTICIAS |","url":"https:\/\/gysfm.com.ar\/inicio\/","logo":{"@type":"ImageObject","inLanguage":"es","@id":"https:\/\/gysfm.com.ar\/inicio\/#\/schema\/logo\/image\/","url":"https:\/\/gysfm.com.ar\/inicio\/wp-content\/uploads\/2023\/07\/LOGOGYS-OK.png","contentUrl":"https:\/\/gysfm.com.ar\/inicio\/wp-content\/uploads\/2023\/07\/LOGOGYS-OK.png","width":1170,"height":872,"caption":"GYS NOTICIAS |"},"image":{"@id":"https:\/\/gysfm.com.ar\/inicio\/#\/schema\/logo\/image\/"}},{"@type":"Person","@id":"https:\/\/gysfm.com.ar\/inicio\/#\/schema\/person\/3abba7593ef2ad19e1be221d54383dc5","name":"Prensa G&amp;S FM","image":{"@type":"ImageObject","inLanguage":"es","@id":"https:\/\/gysfm.com.ar\/inicio\/#\/schema\/person\/image\/","url":"https:\/\/secure.gravatar.com\/avatar\/096ec78df02049ab018702bb4ccedf659377fa92a26540b5247612077a0dbd29?s=96&d=mm&r=g","contentUrl":"https:\/\/secure.gravatar.com\/avatar\/096ec78df02049ab018702bb4ccedf659377fa92a26540b5247612077a0dbd29?s=96&d=mm&r=g","caption":"Prensa G&amp;S FM"},"sameAs":["https:\/\/gysfm.com.ar\/"],"url":"https:\/\/gysfm.com.ar\/inicio\/author\/lucasm\/"}]}},"_links":{"self":[{"href":"https:\/\/gysfm.com.ar\/inicio\/wp-json\/wp\/v2\/posts\/193833","targetHints":{"allow":["GET"]}}],"collection":[{"href":"https:\/\/gysfm.com.ar\/inicio\/wp-json\/wp\/v2\/posts"}],"about":[{"href":"https:\/\/gysfm.com.ar\/inicio\/wp-json\/wp\/v2\/types\/post"}],"author":[{"embeddable":true,"href":"https:\/\/gysfm.com.ar\/inicio\/wp-json\/wp\/v2\/users\/2"}],"replies":[{"embeddable":true,"href":"https:\/\/gysfm.com.ar\/inicio\/wp-json\/wp\/v2\/comments?post=193833"}],"version-history":[{"count":0,"href":"https:\/\/gysfm.com.ar\/inicio\/wp-json\/wp\/v2\/posts\/193833\/revisions"}],"wp:featuredmedia":[{"embeddable":true,"href":"https:\/\/gysfm.com.ar\/inicio\/wp-json\/wp\/v2\/media\/193834"}],"wp:attachment":[{"href":"https:\/\/gysfm.com.ar\/inicio\/wp-json\/wp\/v2\/media?parent=193833"}],"wp:term":[{"taxonomy":"category","embeddable":true,"href":"https:\/\/gysfm.com.ar\/inicio\/wp-json\/wp\/v2\/categories?post=193833"},{"taxonomy":"post_tag","embeddable":true,"href":"https:\/\/gysfm.com.ar\/inicio\/wp-json\/wp\/v2\/tags?post=193833"}],"curies":[{"name":"wp","href":"https:\/\/api.w.org\/{rel}","templated":true}]}}