{"id":193831,"date":"2026-04-30T05:26:19","date_gmt":"2026-04-30T08:26:19","guid":{"rendered":"https:\/\/gysfm.com.ar\/inicio\/revelaron-la-lista-completa-de-los-nominados-a-los-premios-gardel-2026\/"},"modified":"2026-04-30T05:26:19","modified_gmt":"2026-04-30T08:26:19","slug":"revelaron-la-lista-completa-de-los-nominados-a-los-premios-gardel-2026","status":"publish","type":"post","link":"https:\/\/gysfm.com.ar\/inicio\/revelaron-la-lista-completa-de-los-nominados-a-los-premios-gardel-2026\/","title":{"rendered":"Revelaron la lista completa de los nominados a los Premios Gardel 2026"},"content":{"rendered":"<p><\/p>\n<div id=\"article-content\">\n<p>Este mi\u00e9rcoles 29 de abril<a target=\"_blank\" href=\"https:\/\/exitoina.perfil.com\/noticias\/musica\/todos-ganadores-premios-gardel-2025-ca7riel-paco-amoroso-quedaron-con-oro.phtml\">,<\/a><strong><a target=\"_blank\" href=\"https:\/\/exitoina.perfil.com\/noticias\/musica\/todos-ganadores-premios-gardel-2025-ca7riel-paco-amoroso-quedaron-con-oro.phtml\"> los Premios Gardel<\/a> anunciaron la lista oficial de los nominados para la edici\u00f3n 2026<\/strong>. Entre los artistas ternados se encuentran\u00a0<strong><a target=\"_blank\" href=\"https:\/\/exitoina.perfil.com\/noticias\/destacada\/lali-esposito-revelo-sus-logros-en-este-2025-con-un-emotivo-posteo-gracias-a-los-que-me-dan-tanto-amor.phtml\">Lali Esp\u00f3sito<\/a>, Cazzu, <a target=\"_blank\" href=\"https:\/\/exitoina.perfil.com\/noticias\/escandalo\/andrea-rincon-acuso-milo-j-y-artistas-efectuar-rituales-satanicos-shows-esta-poseido.phtml\">Milo J <\/a><\/strong>y <strong>Miranda<\/strong>.<\/p>\n<h2>\u00bfQu\u00e9 se sabe de los Premios Gardel 2026?<\/h2>\n<p><strong>La nueva gala de premiaci\u00f3n,\u00a0organizada por CAPIF, se realizar\u00e1 el pr\u00f3ximo martes 26 de mayo y contar\u00e1 con 53 categor\u00edas,<\/strong>\u00a0que buscar\u00e1n destacar lo mejor de la m\u00fasica nacional de diferentes g\u00e9neros.<\/p>\n<p><iframe id=\"vrudo\" class=\"vrudo\" src=\"https:\/\/rudo.video\/vod\/bWsksM?volume=0\" width=\"100%\" height=\"100%\" allowscriptaccess=\"always\" allowfullscreen=\"true\" webkitallowfullscreen=\"true\" frameborder=\"0\" scrolling=\"no\" allow=\"autoplay; fullscreen\" loading=\"lazy\"><\/iframe><\/p>\n<p>Recordemos que<strong>\u00a0CA7RIEL &amp; Paco Amoroso se consagraron <a target=\"_blank\" href=\"https:\/\/exitoina.perfil.com\/noticias\/musica\/cambiaron-fecha-realizacion-premios-gardel-cuando-se-har%C3%A1n-y-quienes-son-nominados.phtml\">en 2025 <\/a>con la categor\u00eda\u00a0\u00c1lbum del a\u00f1o<\/strong>, y este a\u00f1o los nominados son<strong>\u00a0Cazzu, Milo J, Lali, Babas\u00f3nicos <\/strong>y <strong>Marilina Bertoldi<\/strong>.<\/p>\n<h2>La lista completa de los nominados a\u00a0los Premios Gardel 2026<\/h2>\n<p><strong>\u00c1lbum del a\u00f1o<\/strong><\/p>\n<ul>&#13;<\/p>\n<li><em>Latinaje<\/em>\u00a0&#8211; Cazzu<\/li>\n<p>&#13;<\/p>\n<li><em>No vayas a atender cuando el demonio llama\u00a0<\/em>&#8211; Lali<\/li>\n<p>&#13;<\/p>\n<li><em>La Vida Era M\u00e1s Corta<\/em>\u00a0&#8211; Milo J<\/li>\n<p>&#13;<\/p>\n<li><em>Cuerpos, vol.1<\/em>\u00a0-Babas\u00f3nicos<\/li>\n<p>&#13;<\/p>\n<li><em>Para qui\u00e9n trabajas vol. I<\/em>\u00a0&#8211; Marilina Bertoldi<\/li>\n<p>&#13;\n<\/ul>\n<p><strong>Canci\u00f3n del a\u00f1o<\/strong><\/p>\n<ul>&#13;<\/p>\n<li>\u201cAdvertencia\u201d &#8211; Babas\u00f3nicos<\/li>\n<p>&#13;<\/p>\n<li>\u201cNi\u00f1o\u201d &#8211; Milo J<\/li>\n<p>&#13;<\/p>\n<li>\u201cMejor que vos\u201d &#8211; Lali &amp; Miranda!<\/li>\n<p>&#13;<\/p>\n<li>\u201cCon Otra\u201d &#8211; Cazzu<\/li>\n<p>&#13;<\/p>\n<li>\u201cFavorita\u201d &#8211; Angela Torres<\/li>\n<p>&#13;<\/p>\n<li>\u201cEl gordo\u201d &#8211; Marilina Bertoldi<\/li>\n<p>&#13;<\/p>\n<li>\u201cQuerida Yo\u201d &#8211; Yami Safdie, Camilo<\/li>\n<p>&#13;<\/p>\n<li>\u201cFresh\u201d- Trueno<\/li>\n<p>&#13;<\/p>\n<li>\u201c#Tetas\u201d &#8211; Ca7riel &amp; Paco Amoroso<\/li>\n<p>&#13;\n<\/ul>\n<p><iframe loading=\"lazy\" title=\"Milo J - Ni\u00f1o (Official Video)\" width=\"1170\" height=\"878\" src=\"https:\/\/www.youtube.com\/embed\/Lg2UXs9SDx4?wmode=transparent&amp;rel=0&amp;feature=oembed\" frameborder=\"0\" allow=\"accelerometer; autoplay; clipboard-write; encrypted-media; gyroscope; picture-in-picture; web-share\" referrerpolicy=\"strict-origin-when-cross-origin\" allowfullscreen><\/iframe><\/p>\n<p><strong>Grabaci\u00f3n del a\u00f1o<\/strong><\/p>\n<ul>&#13;<\/p>\n<li>\u201cIn the City\u201d &#8211; Charly Garc\u00eda, Sting<\/li>\n<p>&#13;<\/p>\n<li>\u201cNi\u00f1o\u201d &#8211; Milo J<\/li>\n<p>&#13;<\/p>\n<li>\u201cMejor que vos\u201d &#8211; Lali &amp; Miranda!<\/li>\n<p>&#13;\n<\/ul>\n<p><strong>Mejor \u00e1lbum artista rock<\/strong><\/p>\n<ul>&#13;<\/p>\n<li><em>Para qui\u00e9n trabajas vol. I<\/em>\u00a0&#8211; Marilina Bertoldi<\/li>\n<p>&#13;<\/p>\n<li><em>El retorno &#8211;\u00a0<\/em>Santiago Motorizado<\/li>\n<p>&#13;<\/p>\n<li><em>El (in) Correcto Uso de la Met\u00e1fora<\/em>\u00a0&#8211; Richard Coleman<\/li>\n<p>&#13;<\/p>\n<li><em>Continhuar\u00e1 &#8211;\u00a0<\/em>Fernando Ruiz D\u00edaz<\/li>\n<p>&#13;<\/p>\n<li><em>Novela<\/em>\u00a0&#8211; Fito Paez<\/li>\n<p>&#13;\n<\/ul>\n<p><strong>Ingenier\u00eda de Grabaci\u00f3n<\/strong><\/p>\n<ul>&#13;<\/p>\n<li><em>Papota <\/em>&#8211; Ca7riel &amp; Paco Amoroso &#8211; Rafa Arcaute, Federico Vindver, LAMADRID, Josh Newell<\/li>\n<p>&#13;<\/p>\n<li><em>A tres d\u00edas de la tierra<\/em> &#8211; Eruca Sativa &#8211; Facundo Rodr\u00edguez<\/li>\n<p>&#13;<\/p>\n<li><em>La Vida Era M\u00e1s Corta<\/em> &#8211; Milo J &#8211;\u00a0Luciano Nicolas Gordillo<\/li>\n<p>&#13;\n<\/ul>\n<p><strong>Mejor \u00c1lbum Artista de Folklore<\/strong><\/p>\n<ul>&#13;<\/p>\n<li><em>Mirarse en otros ojos<\/em> &#8211;\u00a0La Ferni<\/li>\n<p>&#13;<\/p>\n<li><em>D\u00e9cimas<\/em> &#8211;\u00a0Maggie Cullen<\/li>\n<p>&#13;<\/p>\n<li><em>Fuera de lugar <\/em>&#8211; Liliana Herrero<\/li>\n<p>&#13;\n<\/ul>\n<p><strong>Mejor \u00c1lbum Artista de Tango<\/strong><\/p>\n<ul>&#13;<\/p>\n<li><em>Canciones de dos puertos<\/em> &#8211;\u00a0Alfredo Piro Rinaldi<\/li>\n<p>&#13;<\/p>\n<li><em>Pratanguero <\/em>&#8211;\u00a04\u00ba Esquina<\/li>\n<p>&#13;<\/p>\n<li><em>Final <\/em>-Ariel Prat<\/li>\n<p>&#13;<\/p>\n<li><em>Actos de gentileza &#8211;<\/em> Florian<\/li>\n<p>&#13;\n<\/ul>\n<p><strong>Mejor \u00c1lbum Artista Tropical \/ Cumbia<\/strong><\/p>\n<ul>&#13;<\/p>\n<li><em>Homenaje al chino de la Nueva Luna<\/em> &#8211;\u00a0Daniel Cardozo<\/li>\n<p>&#13;<\/p>\n<li><em>Malportada <\/em>&#8211;\u00a0Nathy Peluso<\/li>\n<p>&#13;<\/p>\n<li><em>La Casa De La Cumbia vol.1 &#8211;<\/em>\u00a0The La Planta<\/li>\n<p>&#13;<\/p>\n<li><em>Vol. 1 &#8211;<\/em>\u00a0El Negro Tecla<\/li>\n<p>&#13;\n<\/ul>\n<p><strong>Mejor \u00e1lbum artista pop<\/strong><\/p>\n<ul>&#13;<\/p>\n<li><em>Cuerpo<\/em>\u00a0&#8211; Olivia Wald<\/li>\n<p>&#13;<\/p>\n<li><em>Detalles<\/em>\u00a0&#8211; Zoe Gotusso<\/li>\n<p>&#13;<\/p>\n<li><em>Mi Norte &amp; Mi Sur &#8211;\u00a0<\/em>Diego Torres<\/li>\n<p>&#13;<\/p>\n<li><em>No vayas a atender cuando el demonio llama<\/em>\u00a0&#8211; Lali<\/li>\n<p>&#13;<\/p>\n<li><em>No me olvides<\/em>\u00a0&#8211; Angela Torres<\/li>\n<p>&#13;<\/p>\n<li><em>El Verdadero &#8211;\u00a0<\/em>Juan Ingaramo<\/li>\n<p>&#13;<\/p>\n<li><em>Perfectas &#8211;\u00a0<\/em>Emilia<\/li>\n<p>&#13;\n<\/ul>\n<p><strong>Mejor \u00e1lbum conceptual<\/strong><\/p>\n<ul>&#13;<\/p>\n<li><em>Tucumano Soy<\/em>\u00a0&#8211; Juan Fal\u00fa<\/li>\n<p>&#13;<\/p>\n<li><em>La Vida Era M\u00e1s Corta<\/em>\u00a0&#8211; Milo J<\/li>\n<p>&#13;<\/p>\n<li><em>Sandro As\u00ed<\/em>\u00a0&#8211; Ariel Ardit<\/li>\n<p>&#13;\n<\/ul>\n<p><strong>Mejor \u00c1lbum de Cuarteto<\/strong><\/p>\n<ul>&#13;<\/p>\n<li><em>Rompecabezas<\/em> &#8211; Ulises Bueno<\/li>\n<p>&#13;<\/p>\n<li><em>Mejores Amigos de La Muela<\/em> &#8211;\u00a0Eugenia Quevedo<\/li>\n<p>&#13;<\/p>\n<li><em>Que sed<\/em> &#8211; Luck Ra<\/li>\n<p>&#13;<\/p>\n<li><em>En Vivo Buenos Aires<\/em> &#8211; La K\u2019onga<\/li>\n<p>&#13;\n<\/ul>\n<p><strong>Mejor \u00e1lbum pop\/rock<\/strong><\/p>\n<ul>&#13;<\/p>\n<li><em>Polvo de estrellas<\/em>\u00a0&#8211; Turf<\/li>\n<p>&#13;<\/p>\n<li><em>El regreso<\/em>\u00a0&#8211; Tan Bi\u00f3nica<\/li>\n<p>&#13;<\/p>\n<li><em>Los lobos<\/em>\u00a0&#8211; Estelares<\/li>\n<p>&#13;<\/p>\n<li><em>Ya no estoy aqu\u00ed<\/em>\u00a0&#8211; Rayos L\u00e1ser<\/li>\n<p>&#13;<\/p>\n<li><em>Alter Ego<\/em>\u00a0&#8211; Silvestre y la Naranja<\/li>\n<p>&#13;\n<\/ul>\n<p><iframe loading=\"lazy\" title=\"Tan Bionica - Santa Mar\u00eda (Video Oficial)\" width=\"1170\" height=\"658\" src=\"https:\/\/www.youtube.com\/embed\/mQ6wDby3-5w?wmode=transparent&amp;rel=0&amp;feature=oembed\" frameborder=\"0\" allow=\"accelerometer; autoplay; clipboard-write; encrypted-media; gyroscope; picture-in-picture; web-share\" referrerpolicy=\"strict-origin-when-cross-origin\" allowfullscreen><\/iframe><\/p>\n<p><strong>Mejor \u00e1lbum en vivo<\/strong><\/p>\n<ul>&#13;<\/p>\n<li><em>Juegue Kuelge<\/em>\u00a0&#8211; El Kuelgue<\/li>\n<p>&#13;<\/p>\n<li><em>Hilda canta Charly 2 (En vivo)<\/em>\u00a0&#8211; Hilda Lizarazu<\/li>\n<p>&#13;<\/p>\n<li><em>Hecho en Jamaica &#8211; Vivo Movistar Arena<\/em>\u00a0&#8211; Nonpalidece<\/li>\n<p>&#13;<\/p>\n<li><em>Conociedo Rusia vuelve a casa (en vivo en Buenos Aires)<\/em>\u00a0&#8211; Conociendo Rusia<\/li>\n<p>&#13;<\/p>\n<li><em>Trueno &#8211; Red Bull Symphonic<\/em>&#8211; Trueno<\/li>\n<p>&#13;<\/p>\n<li><em>Signos 25 a\u00f1os Vivo<\/em>\u00a0&#8211; Los Nocheros<\/li>\n<p>&#13;<\/p>\n<li><em>En vivo Vol. I<\/em>\u00a0&#8211; Cindy Cats<\/li>\n<p>&#13;<\/p>\n<li><em>Escena en vivo<\/em>\u00a0&#8211; Cruzando el charco<\/li>\n<p>&#13;\n<\/ul>\n<p><strong>Mejor \u00e1lbum grupo rock<\/strong><\/p>\n<ul>&#13;<\/p>\n<li><em>Divididos<\/em>\u00a0&#8211; Divididos<\/li>\n<p>&#13;<\/p>\n<li><em>Artificios<\/em>\u00a0&#8211; Indios<\/li>\n<p>&#13;<\/p>\n<li><em>A tres d\u00edas de la Tierra<\/em>\u00a0&#8211; Eruca Sativa<\/li>\n<p>&#13;<\/p>\n<li><em>El club de la pelea I<\/em>\u00a0&#8211; Airbag<\/li>\n<p>&#13;<\/p>\n<li><em>Cuerpos, Vol. I<\/em>\u00a0&#8211; Babas\u00f3nicos<\/li>\n<p>&#13;<\/p>\n<li><em>\u00c9l mat\u00f3 a un polic\u00eda motorizado Sesi\u00f3n 20 aniversario<\/em>\u00a0&#8211; \u00c9l mat\u00f3 a un polic\u00eda motorizado<\/li>\n<p>&#13;\n<\/ul>\n<p><strong>Mejor \u00e1lbum grupo pop<\/strong><\/p>\n<ul>&#13;<\/p>\n<li><em>Nuevo Hotel Miranda!<\/em>\u00a0&#8211; Miranda!<\/li>\n<p>&#13;<\/p>\n<li><em>Vandalos<\/em>\u00a0&#8211; B\u00e1ndalos Chinos<\/li>\n<p>&#13;<\/p>\n<li><em>4EVER<\/em>\u00a0&#8211; K4OS<\/li>\n<p>&#13;\n<\/ul>\n<p><iframe loading=\"lazy\" title=\"K4OS - Crimen (Visualizer)\" width=\"1170\" height=\"658\" src=\"https:\/\/www.youtube.com\/embed\/JQv8_9ZWlKo?wmode=transparent&amp;rel=0&amp;feature=oembed\" frameborder=\"0\" allow=\"accelerometer; autoplay; clipboard-write; encrypted-media; gyroscope; picture-in-picture; web-share\" referrerpolicy=\"strict-origin-when-cross-origin\" allowfullscreen><\/iframe><\/p>\n<p><strong>Mejor \u00e1lbum pop alternativo<\/strong><\/p>\n<ul>&#13;<\/p>\n<li><em>Mi a\u00f1o g\u00f3tico<\/em>\u00a0&#8211; Emmanuel Horvilleur<\/li>\n<p>&#13;<\/p>\n<li><em>Hotcore<\/em>\u00a0&#8211; Taichu<\/li>\n<p>&#13;<\/p>\n<li><em>En el ciber<\/em>\u00a0&#8211; Benito Cerati<\/li>\n<p>&#13;<\/p>\n<li><em>Papota<\/em>\u00a0&#8211; CA7RIEL &amp; Paco Amoroso<\/li>\n<p>&#13;<\/p>\n<li><em>Tanya<\/em>\u00a0&#8211; Juana Rozas<\/li>\n<p>&#13;\n<\/ul>\n<p><strong>Mejor \u00e1lbum rock alternativo<\/strong><\/p>\n<ul>&#13;<\/p>\n<li><em>Exultante<\/em>\u00a0&#8211; Carca<\/li>\n<p>&#13;<\/p>\n<li><em>Ceremonia<\/em>\u00a0&#8211; 1915<\/li>\n<p>&#13;<\/p>\n<li><em>Instant\u00e1neo<\/em>\u00a0&#8211; Viva el\u00e1stico<\/li>\n<p>&#13;<\/p>\n<li><em>Quiero que lo yo te diga sea un arma en tu arsenal<\/em>\u00a0&#8211; Winona Riders<\/li>\n<p>&#13;\n<\/ul>\n<p><strong>Mejor \u00c1lbum Banda de Sonido de Cine\/Televisi\u00f3n\/Producci\u00f3n Audiovisual<\/strong><\/p>\n<ul>&#13;<\/p>\n<li><em>The Last of Us: Season 2 (Soundtrack from the HBO Original Series)<\/em> &#8211;\u00a0Gustavo Santaolalla &amp; David Fleming<\/li>\n<p>&#13;<\/p>\n<li><em>La mujer de la fila (Banda de Sonido Original)<\/em> &#8211;\u00a0Daniel Godfrid y Sebasti\u00e1n Esp\u00f3sito<\/li>\n<p>&#13;<\/p>\n<li><em>Los Mufas: Suerte para la desgracia<\/em> &#8211; Juan Blas Caballero<\/li>\n<p>&#13;\n<\/ul>\n<p><strong>Mejor \u00c1lbum Canci\u00f3n de Autor<\/strong><\/p>\n<ul>&#13;<\/p>\n<li><em>Gamurgatr\u00f3nica<\/em> &#8211; Ruben Rada<\/li>\n<p>&#13;<\/p>\n<li><em>Querida Yo<\/em> &#8211;\u00a0Yami Safdie<\/li>\n<p>&#13;<\/p>\n<li><em>Vivir As\u00ed<\/em> &#8211;\u00a0Barbarita Palacios<\/li>\n<p>&#13;<\/p>\n<li><em>Serenata en Mi Mayor para un amor y un atardecer<\/em> &#8211;\u00a0Coti<\/li>\n<p>&#13;<\/p>\n<li><em>Amor de mi herida<\/em> &#8211;\u00a0Camil\u00fa<\/li>\n<p>&#13;\n<\/ul>\n<p><strong>Mejor \u00e1lbum rock pesado<\/strong><\/p>\n<ul>&#13;<\/p>\n<li><em>Vive<\/em>\u00a0&#8211; Claudo Marciello<\/li>\n<p>&#13;<\/p>\n<li><em>Legado\u00a0<\/em>&#8211; A.N.I.M.A.L<\/li>\n<p>&#13;<\/p>\n<li><em>Alto viaje<\/em>\u00a0&#8211; Corvex<\/li>\n<p>&#13;\n<\/ul>\n<p><strong>Mejor \u00e1lbum urbano<\/strong><\/p>\n<ul>&#13;<\/p>\n<li><em>Gotti B<\/em>\u00a0&#8211; Tiago PZK<\/li>\n<p>&#13;<\/p>\n<li><em>Quimera<\/em>\u00a0&#8211; Mar\u00eda Becerra<\/li>\n<p>&#13;<\/p>\n<li><em>166 (Deluxe) retirada<\/em>\u00a0&#8211; Milo J<\/li>\n<p>&#13;<\/p>\n<li><em>Saturaci\u00f3n pop<\/em>\u00a0&#8211; YSY A<\/li>\n<p>&#13;<\/p>\n<li>Lamba &#8211; FMK<\/li>\n<p>&#13;\n<\/ul>\n<p><iframe loading=\"lazy\" title=\"Maria Becerra, Rei, XROSS - MI AMOR: | MARIA: Parte V\" width=\"1170\" height=\"658\" src=\"https:\/\/www.youtube.com\/embed\/wugHepbGEvQ?wmode=transparent&amp;rel=0&amp;feature=oembed\" frameborder=\"0\" allow=\"accelerometer; autoplay; clipboard-write; encrypted-media; gyroscope; picture-in-picture; web-share\" referrerpolicy=\"strict-origin-when-cross-origin\" allowfullscreen><\/iframe><\/p>\n<p><strong>Mejor canci\u00f3n de pop<\/strong><\/p>\n<ul>&#13;<\/p>\n<li>\u201cPerfecto final\u201d &#8211; Conociendo Rusia, Nathy Pelusa<\/li>\n<p>&#13;<\/p>\n<li>\u201cD\u00eda del amigo\u201d &#8211; CA7RIEL &amp; Paco Amoroso<\/li>\n<p>&#13;<\/p>\n<li>\u201cEl ritmo\u201d &#8211; Bandalos chinos<\/li>\n<p>&#13;<\/p>\n<li>\u201cFavorita\u201d &#8211; Angela Torres<\/li>\n<p>&#13;<\/p>\n<li>\u201cMe gusta\u201d &#8211; Miranda!, TINI<\/li>\n<p>&#13;<\/p>\n<li>\u201cMejor que vos\u201d &#8211; Miranda!, Lali<\/li>\n<p>&#13;\n<\/ul>\n<p><strong>Mejor \u00c1lbum de Jazz<\/strong><\/p>\n<ul>&#13;<\/p>\n<li>Apocalipsis &#8211; Pipi Piazzolla Trio<\/li>\n<p>&#13;<\/p>\n<li>Tom\u00e1s Sainz &#8211;\u00a0Tom\u00e1s Sainz<\/li>\n<p>&#13;<\/p>\n<li>New York Sessions Vol. 1 &#8211;\u00a0Leo Genovese &#8211; Mariano Otero<\/li>\n<p>&#13;<\/p>\n<li>Nomads &#8211;\u00a0Valentino Jazz Bazar &amp; Carrie Dianne Ward<\/li>\n<p>&#13;<\/p>\n<li>Todos los fuegos &#8211;\u00a0Roxana Amed<\/li>\n<p>&#13;\n<\/ul>\n<p><strong>Mejor canci\u00f3n de rock<\/strong><\/p>\n<ul>&#13;<\/p>\n<li>\u201cEl gordo\u201d &#8211; Marilina Bertoldi<\/li>\n<p>&#13;<\/p>\n<li>\u201cIn the City\u201d &#8211; Charly Garc\u00eda &amp; Sting<\/li>\n<p>&#13;<\/p>\n<li>\u201cVolarte\u201d &#8211; Eruca Sativa<\/li>\n<p>&#13;<\/p>\n<li>\u201cPensando en ella\u201d &#8211; Dante Spinetta<\/li>\n<p>&#13;<\/p>\n<li>\u201cAdvertencia\u201d &#8211; Babas\u00f3nicos<\/li>\n<p>&#13;<\/p>\n<li>\u201cAliados en un viaje\u201d &#8211; Divididos<\/li>\n<p>&#13;\n<\/ul>\n<p><strong>Mejor canci\u00f3n pop rock<\/strong><\/p>\n<ul>&#13;<\/p>\n<li><em>\u201c33\u2033 &#8211;<\/em> Lali, Dillom<\/li>\n<p>&#13;<\/p>\n<li><em>\u201c#Tetas\u201d <\/em>&#8211; CA7RIEL &amp; Paco Amoroso<\/li>\n<p>&#13;<\/p>\n<li><em>\u201cBarry Lindo\u201d<\/em> &#8211; El Kuelgue<\/li>\n<p>&#13;<\/p>\n<li><em>\u201cTus cosas (ft. Airbag)\u201d <\/em>&#8211; Tan Bionica<\/li>\n<p>&#13;<\/p>\n<li><em>\u201cDesastres fabulosos\u201d <\/em>&#8211; Conociendo Rusia, Jorge Drexler<\/li>\n<p>&#13;\n<\/ul>\n<p><strong>Mejor \u00c1lbum de Hip Hop \/ Rap<\/strong><\/p>\n<ul>&#13;<\/p>\n<li><em>Okupas<\/em> &#8211;\u00a0Little Boogie &amp; Stereo<\/li>\n<p>&#13;<\/p>\n<li><em>Bhavilonia <\/em>&#8211;\u00a0Bhavi<\/li>\n<p>&#13;<\/p>\n<li><em>Culto III <\/em>&#8211;\u00a0Neo Pistea<\/li>\n<p>&#13;<\/p>\n<li><em>Gauchos<\/em> &#8211;\u00a0Veeyam<\/li>\n<p>&#13;<\/p>\n<li><em>EUB Deluxe <\/em>&#8211;\u00a0Trueno<\/li>\n<p>&#13;<\/p>\n<li><em>Versus <\/em>&#8211;\u00a0Paulo Londra<\/li>\n<p>&#13;\n<\/ul>\n<p><strong>Mejor colaboraci\u00f3n<\/strong><\/p>\n<ul>&#13;<\/p>\n<li>\u201cLoco un poco\u201d &#8211; Turf, Lali<\/li>\n<p>&#13;<\/p>\n<li>\u201cTu misterioso alguien\u201d &#8211; Luck Ra, Miranda!<\/li>\n<p>&#13;<\/p>\n<li>\u201cCampera de cuero\u201d &#8211; Los Tabaleros, Las pastillas del abuelo<\/li>\n<p>&#13;<\/p>\n<li>\u201cJangadero\u201d &#8211; Milo J, Mercedes Sosa<\/li>\n<p>&#13;<\/p>\n<li>\u201cMi vida\u201d &#8211; Tan Bionica, Andr\u00e9s Calamaro<\/li>\n<p>&#13;<\/p>\n<li>\u201cIn the City\u201d &#8211; Charly Garc\u00eda, Sting<\/li>\n<p>&#13;<\/p>\n<li>\u201cMejor que vos\u201d &#8211; Miranda!, Lali<\/li>\n<p>&#13;<\/p>\n<li>\u201cDaddy Yankee: BZRP Music Sessions Vol. 0\/66 &#8211; Bizarrap, Daddy Yankee<\/li>\n<p>&#13;<\/p>\n<li>\u201cMe gusta\u201d &#8211; Miranda!, TINI<\/li>\n<p>&#13;<\/p>\n<li>\u201cMe cont\u00f3 un pajarito\u201d &#8211; Fede Vigevani, Luck Ra, Ian Lucas<\/li>\n<p>&#13;\n<\/ul>\n<p><iframe loading=\"lazy\" title=\"Charly Garc\u00eda, Sting - In the City (Official Video)\" width=\"1170\" height=\"658\" src=\"https:\/\/www.youtube.com\/embed\/UGm3t1KgIHw?wmode=transparent&amp;rel=0&amp;feature=oembed\" frameborder=\"0\" allow=\"accelerometer; autoplay; clipboard-write; encrypted-media; gyroscope; picture-in-picture; web-share\" referrerpolicy=\"strict-origin-when-cross-origin\" allowfullscreen><\/iframe><\/p>\n<p><strong>Mejor nuevo artista<\/strong><\/p>\n<ul>&#13;<\/p>\n<li>Mar\u00eda Wolff<\/li>\n<p>&#13;<\/p>\n<li>Blair<\/li>\n<p>&#13;<\/p>\n<li>Little Boogie &amp; Stereo<\/li>\n<p>&#13;<\/p>\n<li>Cindy Cats<\/li>\n<p>&#13;<\/p>\n<li>Tuli<\/li>\n<p>&#13;<\/p>\n<li>La Ferni<\/li>\n<p>&#13;<\/p>\n<li>Sof\u00eda de Ciervo<\/li>\n<p>&#13;<\/p>\n<li>M\u00eda Folino<\/li>\n<p>&#13;<\/p>\n<li>Las Tussi<\/li>\n<p>&#13;<\/p>\n<li>Chechi de Marcos<\/li>\n<p>&#13;<\/p>\n<li>143leti<\/li>\n<p>&#13;\n<\/ul>\n<p><strong>Mejor \u00c1lbum de M\u00fasica Cl\u00e1sica<\/strong><\/p>\n<ul>&#13;<\/p>\n<li>Compositores Argentinos &#8211;\u00a0Grupo Vocal de Difusi\u00f3n &amp; Mariano Moruja<\/li>\n<p>&#13;<\/p>\n<li>Sergio Parotti: Cuartetos de Cuerdas Vol. 1 &#8211;\u00a0Sergio Parotti, Cuarteto Siglo XXII<\/li>\n<p>&#13;<\/p>\n<li>Murmullo en las aguas &#8211;\u00a0Las Destrozzi<\/li>\n<p>&#13;<\/p>\n<li>El Terem\u00edn, la Serie y el Boxitracio &#8211;\u00a0Mart\u00edn Proscia y Pablo Borr\u00e1s<\/li>\n<p>&#13;\n<\/ul>\n<p><strong>Mejor \u00c1lbum de M\u00fasica Global<\/strong><\/p>\n<ul>&#13;<\/p>\n<li>Huaucke Habibi &#8211; Los arcanos del desierto<\/li>\n<p>&#13;<\/p>\n<li>Latinaje &#8211;\u00a0Cazzu<\/li>\n<p>&#13;<\/p>\n<li>Impulsa el C\u00edrculo &#8211;\u00a0Brenda Martin<\/li>\n<p>&#13;\n<\/ul>\n<p><strong>Mejor \u00c1lbum de M\u00fasica Rom\u00e1ntica Contempor\u00e1nea<\/strong><\/p>\n<ul>&#13;<\/p>\n<li>Gracias a la Vida &#8211;\u00a0Abel Pintos<\/li>\n<p>&#13;<\/p>\n<li>Alquimia &#8211; Patricia Sosa &amp; Mijares<\/li>\n<p>&#13;<\/p>\n<li>Su Amigo Dyango, Vol. 1 &#8211;\u00a0Dyango<\/li>\n<p>&#13;\n<\/ul>\n<p><strong>Mejor \u00c1lbum de Reggae\/Ska<\/strong><\/p>\n<ul>&#13;<\/p>\n<li>Alfonsina y el mal &#8211;\u00a0Se\u00f1or Flavio<\/li>\n<p>&#13;<\/p>\n<li>La Respuesta &#8211;\u00a0Leonchalon<\/li>\n<p>&#13;<\/p>\n<li>Ra\u00edces muy fuertes &#8211;\u00a0Fidel Nadal<\/li>\n<p>&#13;<\/p>\n<li>A Tempo &#8211; Dread Mar I<\/li>\n<p>&#13;\n<\/ul>\n<\/p><\/div>\n<p><script>\n\t(function(d, s, id) {\n\t\tvar js, fjs = d.getElementsByTagName(s)[0];\n\t\tif (d.getElementById(id)) return;\n\t\tjs = d.createElement(s);\n\t\tjs.id = id;\n\t\tjs.src=\"https:\/\/connect.facebook.net\/es_LA\/sdk.js#xfbml=1&version=v3.1\";\n\t\tfjs.parentNode.insertBefore(js, fjs);\n\t}(document, 'script', 'facebook-jssdk'));\n<\/script><\/p>\n","protected":false},"excerpt":{"rendered":"<p>Este mi\u00e9rcoles 29 de abril, los Premios Gardel anunciaron la lista oficial de los nominados para la edici\u00f3n 2026. Entre los artistas ternados se encuentran\u00a0Lali Esp\u00f3sito, Cazzu, Milo J y Miranda. \u00bfQu\u00e9 se sabe de los Premios Gardel 2026? La nueva gala de premiaci\u00f3n,\u00a0organizada por CAPIF, se realizar\u00e1 el pr\u00f3ximo martes 26 de mayo y [&hellip;]<\/p>\n","protected":false},"author":2,"featured_media":193832,"comment_status":"closed","ping_status":"closed","sticky":false,"template":"","format":"standard","meta":{"footnotes":""},"categories":[25],"tags":[],"class_list":["post-193831","post","type-post","status-publish","format-standard","has-post-thumbnail","hentry","category-nacionales"],"yoast_head":"<!-- This site is optimized with the Yoast SEO plugin v24.4 - https:\/\/yoast.com\/wordpress\/plugins\/seo\/ -->\n<title>Revelaron la lista completa de los nominados a los Premios Gardel 2026 - GYS NOTICIAS |<\/title>\n<meta name=\"robots\" content=\"index, follow, max-snippet:-1, max-image-preview:large, max-video-preview:-1\" \/>\n<link rel=\"canonical\" href=\"https:\/\/gysfm.com.ar\/inicio\/revelaron-la-lista-completa-de-los-nominados-a-los-premios-gardel-2026\/\" \/>\n<meta property=\"og:locale\" content=\"es_ES\" \/>\n<meta property=\"og:type\" content=\"article\" \/>\n<meta property=\"og:title\" content=\"Revelaron la lista completa de los nominados a los Premios Gardel 2026 - GYS NOTICIAS |\" \/>\n<meta property=\"og:description\" content=\"Este mi\u00e9rcoles 29 de abril, los Premios Gardel anunciaron la lista oficial de los nominados para la edici\u00f3n 2026. Entre los artistas ternados se encuentran\u00a0Lali Esp\u00f3sito, Cazzu, Milo J y Miranda. \u00bfQu\u00e9 se sabe de los Premios Gardel 2026? La nueva gala de premiaci\u00f3n,\u00a0organizada por CAPIF, se realizar\u00e1 el pr\u00f3ximo martes 26 de mayo y [&hellip;]\" \/>\n<meta property=\"og:url\" content=\"https:\/\/gysfm.com.ar\/inicio\/revelaron-la-lista-completa-de-los-nominados-a-los-premios-gardel-2026\/\" \/>\n<meta property=\"og:site_name\" content=\"GYS NOTICIAS |\" \/>\n<meta property=\"article:published_time\" content=\"2026-04-30T08:26:19+00:00\" \/>\n<meta name=\"author\" content=\"Prensa G&amp;S FM\" \/>\n<meta name=\"twitter:card\" content=\"summary_large_image\" \/>\n<meta name=\"twitter:label1\" content=\"Escrito por\" \/>\n\t<meta name=\"twitter:data1\" content=\"Prensa G&amp;S FM\" \/>\n\t<meta name=\"twitter:label2\" content=\"Tiempo de lectura\" \/>\n\t<meta name=\"twitter:data2\" content=\"7 minutos\" \/>\n<script type=\"application\/ld+json\" class=\"yoast-schema-graph\">{\"@context\":\"https:\/\/schema.org\",\"@graph\":[{\"@type\":\"Article\",\"@id\":\"https:\/\/gysfm.com.ar\/inicio\/revelaron-la-lista-completa-de-los-nominados-a-los-premios-gardel-2026\/#article\",\"isPartOf\":{\"@id\":\"https:\/\/gysfm.com.ar\/inicio\/revelaron-la-lista-completa-de-los-nominados-a-los-premios-gardel-2026\/\"},\"author\":{\"name\":\"Prensa G&amp;S FM\",\"@id\":\"https:\/\/gysfm.com.ar\/inicio\/#\/schema\/person\/3abba7593ef2ad19e1be221d54383dc5\"},\"headline\":\"Revelaron la lista completa de los nominados a los Premios Gardel 2026\",\"datePublished\":\"2026-04-30T08:26:19+00:00\",\"mainEntityOfPage\":{\"@id\":\"https:\/\/gysfm.com.ar\/inicio\/revelaron-la-lista-completa-de-los-nominados-a-los-premios-gardel-2026\/\"},\"wordCount\":1365,\"publisher\":{\"@id\":\"https:\/\/gysfm.com.ar\/inicio\/#organization\"},\"image\":{\"@id\":\"https:\/\/gysfm.com.ar\/inicio\/revelaron-la-lista-completa-de-los-nominados-a-los-premios-gardel-2026\/#primaryimage\"},\"thumbnailUrl\":\"https:\/\/gysfm.com.ar\/inicio\/wp-content\/uploads\/2026\/04\/premios-gardel-2026-2230480.jpg\",\"articleSection\":[\"NACIONALES\"],\"inLanguage\":\"es\"},{\"@type\":\"WebPage\",\"@id\":\"https:\/\/gysfm.com.ar\/inicio\/revelaron-la-lista-completa-de-los-nominados-a-los-premios-gardel-2026\/\",\"url\":\"https:\/\/gysfm.com.ar\/inicio\/revelaron-la-lista-completa-de-los-nominados-a-los-premios-gardel-2026\/\",\"name\":\"Revelaron la lista completa de los nominados a los Premios Gardel 2026 - GYS NOTICIAS |\",\"isPartOf\":{\"@id\":\"https:\/\/gysfm.com.ar\/inicio\/#website\"},\"primaryImageOfPage\":{\"@id\":\"https:\/\/gysfm.com.ar\/inicio\/revelaron-la-lista-completa-de-los-nominados-a-los-premios-gardel-2026\/#primaryimage\"},\"image\":{\"@id\":\"https:\/\/gysfm.com.ar\/inicio\/revelaron-la-lista-completa-de-los-nominados-a-los-premios-gardel-2026\/#primaryimage\"},\"thumbnailUrl\":\"https:\/\/gysfm.com.ar\/inicio\/wp-content\/uploads\/2026\/04\/premios-gardel-2026-2230480.jpg\",\"datePublished\":\"2026-04-30T08:26:19+00:00\",\"breadcrumb\":{\"@id\":\"https:\/\/gysfm.com.ar\/inicio\/revelaron-la-lista-completa-de-los-nominados-a-los-premios-gardel-2026\/#breadcrumb\"},\"inLanguage\":\"es\",\"potentialAction\":[{\"@type\":\"ReadAction\",\"target\":[\"https:\/\/gysfm.com.ar\/inicio\/revelaron-la-lista-completa-de-los-nominados-a-los-premios-gardel-2026\/\"]}]},{\"@type\":\"ImageObject\",\"inLanguage\":\"es\",\"@id\":\"https:\/\/gysfm.com.ar\/inicio\/revelaron-la-lista-completa-de-los-nominados-a-los-premios-gardel-2026\/#primaryimage\",\"url\":\"https:\/\/gysfm.com.ar\/inicio\/wp-content\/uploads\/2026\/04\/premios-gardel-2026-2230480.jpg\",\"contentUrl\":\"https:\/\/gysfm.com.ar\/inicio\/wp-content\/uploads\/2026\/04\/premios-gardel-2026-2230480.jpg\",\"width\":1140,\"height\":641},{\"@type\":\"BreadcrumbList\",\"@id\":\"https:\/\/gysfm.com.ar\/inicio\/revelaron-la-lista-completa-de-los-nominados-a-los-premios-gardel-2026\/#breadcrumb\",\"itemListElement\":[{\"@type\":\"ListItem\",\"position\":1,\"name\":\"Portada\",\"item\":\"https:\/\/gysfm.com.ar\/inicio\/\"},{\"@type\":\"ListItem\",\"position\":2,\"name\":\"Revelaron la lista completa de los nominados a los Premios Gardel 2026\"}]},{\"@type\":\"WebSite\",\"@id\":\"https:\/\/gysfm.com.ar\/inicio\/#website\",\"url\":\"https:\/\/gysfm.com.ar\/inicio\/\",\"name\":\"GYS NOTICIAS |\",\"description\":\"DIARIO - RADIO ONLINE SAN JUAN ARGENTINA\",\"publisher\":{\"@id\":\"https:\/\/gysfm.com.ar\/inicio\/#organization\"},\"potentialAction\":[{\"@type\":\"SearchAction\",\"target\":{\"@type\":\"EntryPoint\",\"urlTemplate\":\"https:\/\/gysfm.com.ar\/inicio\/?s={search_term_string}\"},\"query-input\":{\"@type\":\"PropertyValueSpecification\",\"valueRequired\":true,\"valueName\":\"search_term_string\"}}],\"inLanguage\":\"es\"},{\"@type\":\"Organization\",\"@id\":\"https:\/\/gysfm.com.ar\/inicio\/#organization\",\"name\":\"GYS NOTICIAS |\",\"url\":\"https:\/\/gysfm.com.ar\/inicio\/\",\"logo\":{\"@type\":\"ImageObject\",\"inLanguage\":\"es\",\"@id\":\"https:\/\/gysfm.com.ar\/inicio\/#\/schema\/logo\/image\/\",\"url\":\"https:\/\/gysfm.com.ar\/inicio\/wp-content\/uploads\/2023\/07\/LOGOGYS-OK.png\",\"contentUrl\":\"https:\/\/gysfm.com.ar\/inicio\/wp-content\/uploads\/2023\/07\/LOGOGYS-OK.png\",\"width\":1170,\"height\":872,\"caption\":\"GYS NOTICIAS |\"},\"image\":{\"@id\":\"https:\/\/gysfm.com.ar\/inicio\/#\/schema\/logo\/image\/\"}},{\"@type\":\"Person\",\"@id\":\"https:\/\/gysfm.com.ar\/inicio\/#\/schema\/person\/3abba7593ef2ad19e1be221d54383dc5\",\"name\":\"Prensa G&amp;S FM\",\"image\":{\"@type\":\"ImageObject\",\"inLanguage\":\"es\",\"@id\":\"https:\/\/gysfm.com.ar\/inicio\/#\/schema\/person\/image\/\",\"url\":\"https:\/\/secure.gravatar.com\/avatar\/096ec78df02049ab018702bb4ccedf659377fa92a26540b5247612077a0dbd29?s=96&d=mm&r=g\",\"contentUrl\":\"https:\/\/secure.gravatar.com\/avatar\/096ec78df02049ab018702bb4ccedf659377fa92a26540b5247612077a0dbd29?s=96&d=mm&r=g\",\"caption\":\"Prensa G&amp;S FM\"},\"sameAs\":[\"https:\/\/gysfm.com.ar\/\"],\"url\":\"https:\/\/gysfm.com.ar\/inicio\/author\/lucasm\/\"}]}<\/script>\n<!-- \/ Yoast SEO plugin. -->","yoast_head_json":{"title":"Revelaron la lista completa de los nominados a los Premios Gardel 2026 - GYS NOTICIAS |","robots":{"index":"index","follow":"follow","max-snippet":"max-snippet:-1","max-image-preview":"max-image-preview:large","max-video-preview":"max-video-preview:-1"},"canonical":"https:\/\/gysfm.com.ar\/inicio\/revelaron-la-lista-completa-de-los-nominados-a-los-premios-gardel-2026\/","og_locale":"es_ES","og_type":"article","og_title":"Revelaron la lista completa de los nominados a los Premios Gardel 2026 - GYS NOTICIAS |","og_description":"Este mi\u00e9rcoles 29 de abril, los Premios Gardel anunciaron la lista oficial de los nominados para la edici\u00f3n 2026. Entre los artistas ternados se encuentran\u00a0Lali Esp\u00f3sito, Cazzu, Milo J y Miranda. \u00bfQu\u00e9 se sabe de los Premios Gardel 2026? La nueva gala de premiaci\u00f3n,\u00a0organizada por CAPIF, se realizar\u00e1 el pr\u00f3ximo martes 26 de mayo y [&hellip;]","og_url":"https:\/\/gysfm.com.ar\/inicio\/revelaron-la-lista-completa-de-los-nominados-a-los-premios-gardel-2026\/","og_site_name":"GYS NOTICIAS |","article_published_time":"2026-04-30T08:26:19+00:00","author":"Prensa G&amp;S FM","twitter_card":"summary_large_image","twitter_misc":{"Escrito por":"Prensa G&amp;S FM","Tiempo de lectura":"7 minutos"},"schema":{"@context":"https:\/\/schema.org","@graph":[{"@type":"Article","@id":"https:\/\/gysfm.com.ar\/inicio\/revelaron-la-lista-completa-de-los-nominados-a-los-premios-gardel-2026\/#article","isPartOf":{"@id":"https:\/\/gysfm.com.ar\/inicio\/revelaron-la-lista-completa-de-los-nominados-a-los-premios-gardel-2026\/"},"author":{"name":"Prensa G&amp;S FM","@id":"https:\/\/gysfm.com.ar\/inicio\/#\/schema\/person\/3abba7593ef2ad19e1be221d54383dc5"},"headline":"Revelaron la lista completa de los nominados a los Premios Gardel 2026","datePublished":"2026-04-30T08:26:19+00:00","mainEntityOfPage":{"@id":"https:\/\/gysfm.com.ar\/inicio\/revelaron-la-lista-completa-de-los-nominados-a-los-premios-gardel-2026\/"},"wordCount":1365,"publisher":{"@id":"https:\/\/gysfm.com.ar\/inicio\/#organization"},"image":{"@id":"https:\/\/gysfm.com.ar\/inicio\/revelaron-la-lista-completa-de-los-nominados-a-los-premios-gardel-2026\/#primaryimage"},"thumbnailUrl":"https:\/\/gysfm.com.ar\/inicio\/wp-content\/uploads\/2026\/04\/premios-gardel-2026-2230480.jpg","articleSection":["NACIONALES"],"inLanguage":"es"},{"@type":"WebPage","@id":"https:\/\/gysfm.com.ar\/inicio\/revelaron-la-lista-completa-de-los-nominados-a-los-premios-gardel-2026\/","url":"https:\/\/gysfm.com.ar\/inicio\/revelaron-la-lista-completa-de-los-nominados-a-los-premios-gardel-2026\/","name":"Revelaron la lista completa de los nominados a los Premios Gardel 2026 - GYS NOTICIAS |","isPartOf":{"@id":"https:\/\/gysfm.com.ar\/inicio\/#website"},"primaryImageOfPage":{"@id":"https:\/\/gysfm.com.ar\/inicio\/revelaron-la-lista-completa-de-los-nominados-a-los-premios-gardel-2026\/#primaryimage"},"image":{"@id":"https:\/\/gysfm.com.ar\/inicio\/revelaron-la-lista-completa-de-los-nominados-a-los-premios-gardel-2026\/#primaryimage"},"thumbnailUrl":"https:\/\/gysfm.com.ar\/inicio\/wp-content\/uploads\/2026\/04\/premios-gardel-2026-2230480.jpg","datePublished":"2026-04-30T08:26:19+00:00","breadcrumb":{"@id":"https:\/\/gysfm.com.ar\/inicio\/revelaron-la-lista-completa-de-los-nominados-a-los-premios-gardel-2026\/#breadcrumb"},"inLanguage":"es","potentialAction":[{"@type":"ReadAction","target":["https:\/\/gysfm.com.ar\/inicio\/revelaron-la-lista-completa-de-los-nominados-a-los-premios-gardel-2026\/"]}]},{"@type":"ImageObject","inLanguage":"es","@id":"https:\/\/gysfm.com.ar\/inicio\/revelaron-la-lista-completa-de-los-nominados-a-los-premios-gardel-2026\/#primaryimage","url":"https:\/\/gysfm.com.ar\/inicio\/wp-content\/uploads\/2026\/04\/premios-gardel-2026-2230480.jpg","contentUrl":"https:\/\/gysfm.com.ar\/inicio\/wp-content\/uploads\/2026\/04\/premios-gardel-2026-2230480.jpg","width":1140,"height":641},{"@type":"BreadcrumbList","@id":"https:\/\/gysfm.com.ar\/inicio\/revelaron-la-lista-completa-de-los-nominados-a-los-premios-gardel-2026\/#breadcrumb","itemListElement":[{"@type":"ListItem","position":1,"name":"Portada","item":"https:\/\/gysfm.com.ar\/inicio\/"},{"@type":"ListItem","position":2,"name":"Revelaron la lista completa de los nominados a los Premios Gardel 2026"}]},{"@type":"WebSite","@id":"https:\/\/gysfm.com.ar\/inicio\/#website","url":"https:\/\/gysfm.com.ar\/inicio\/","name":"GYS NOTICIAS |","description":"DIARIO - RADIO ONLINE SAN JUAN ARGENTINA","publisher":{"@id":"https:\/\/gysfm.com.ar\/inicio\/#organization"},"potentialAction":[{"@type":"SearchAction","target":{"@type":"EntryPoint","urlTemplate":"https:\/\/gysfm.com.ar\/inicio\/?s={search_term_string}"},"query-input":{"@type":"PropertyValueSpecification","valueRequired":true,"valueName":"search_term_string"}}],"inLanguage":"es"},{"@type":"Organization","@id":"https:\/\/gysfm.com.ar\/inicio\/#organization","name":"GYS NOTICIAS |","url":"https:\/\/gysfm.com.ar\/inicio\/","logo":{"@type":"ImageObject","inLanguage":"es","@id":"https:\/\/gysfm.com.ar\/inicio\/#\/schema\/logo\/image\/","url":"https:\/\/gysfm.com.ar\/inicio\/wp-content\/uploads\/2023\/07\/LOGOGYS-OK.png","contentUrl":"https:\/\/gysfm.com.ar\/inicio\/wp-content\/uploads\/2023\/07\/LOGOGYS-OK.png","width":1170,"height":872,"caption":"GYS NOTICIAS |"},"image":{"@id":"https:\/\/gysfm.com.ar\/inicio\/#\/schema\/logo\/image\/"}},{"@type":"Person","@id":"https:\/\/gysfm.com.ar\/inicio\/#\/schema\/person\/3abba7593ef2ad19e1be221d54383dc5","name":"Prensa G&amp;S FM","image":{"@type":"ImageObject","inLanguage":"es","@id":"https:\/\/gysfm.com.ar\/inicio\/#\/schema\/person\/image\/","url":"https:\/\/secure.gravatar.com\/avatar\/096ec78df02049ab018702bb4ccedf659377fa92a26540b5247612077a0dbd29?s=96&d=mm&r=g","contentUrl":"https:\/\/secure.gravatar.com\/avatar\/096ec78df02049ab018702bb4ccedf659377fa92a26540b5247612077a0dbd29?s=96&d=mm&r=g","caption":"Prensa G&amp;S FM"},"sameAs":["https:\/\/gysfm.com.ar\/"],"url":"https:\/\/gysfm.com.ar\/inicio\/author\/lucasm\/"}]}},"_links":{"self":[{"href":"https:\/\/gysfm.com.ar\/inicio\/wp-json\/wp\/v2\/posts\/193831","targetHints":{"allow":["GET"]}}],"collection":[{"href":"https:\/\/gysfm.com.ar\/inicio\/wp-json\/wp\/v2\/posts"}],"about":[{"href":"https:\/\/gysfm.com.ar\/inicio\/wp-json\/wp\/v2\/types\/post"}],"author":[{"embeddable":true,"href":"https:\/\/gysfm.com.ar\/inicio\/wp-json\/wp\/v2\/users\/2"}],"replies":[{"embeddable":true,"href":"https:\/\/gysfm.com.ar\/inicio\/wp-json\/wp\/v2\/comments?post=193831"}],"version-history":[{"count":0,"href":"https:\/\/gysfm.com.ar\/inicio\/wp-json\/wp\/v2\/posts\/193831\/revisions"}],"wp:featuredmedia":[{"embeddable":true,"href":"https:\/\/gysfm.com.ar\/inicio\/wp-json\/wp\/v2\/media\/193832"}],"wp:attachment":[{"href":"https:\/\/gysfm.com.ar\/inicio\/wp-json\/wp\/v2\/media?parent=193831"}],"wp:term":[{"taxonomy":"category","embeddable":true,"href":"https:\/\/gysfm.com.ar\/inicio\/wp-json\/wp\/v2\/categories?post=193831"},{"taxonomy":"post_tag","embeddable":true,"href":"https:\/\/gysfm.com.ar\/inicio\/wp-json\/wp\/v2\/tags?post=193831"}],"curies":[{"name":"wp","href":"https:\/\/api.w.org\/{rel}","templated":true}]}}