{"id":193824,"date":"2026-04-30T04:12:17","date_gmt":"2026-04-30T07:12:17","guid":{"rendered":"https:\/\/gysfm.com.ar\/inicio\/consagrados-y-emergentes-si-me-voy-antes-que-vos-de-jaime-roos-se-edito-en-vinilo-y-salio-el-esperado-disco-de-trueno\/"},"modified":"2026-04-30T04:12:17","modified_gmt":"2026-04-30T07:12:17","slug":"consagrados-y-emergentes-si-me-voy-antes-que-vos-de-jaime-roos-se-edito-en-vinilo-y-salio-el-esperado-disco-de-trueno","status":"publish","type":"post","link":"https:\/\/gysfm.com.ar\/inicio\/consagrados-y-emergentes-si-me-voy-antes-que-vos-de-jaime-roos-se-edito-en-vinilo-y-salio-el-esperado-disco-de-trueno\/","title":{"rendered":"Consagrados y emergentes: \u201cSi me voy antes que vos\u201d de Jaime Roos se edit\u00f3 en vinilo y sali\u00f3 el esperado disco de Trueno"},"content":{"rendered":"<p><\/p>\n<div id=\"article-content\">\n<h2><strong>Jaime Roos: \u00abSi me voy antes que vos\u00bb por primera vez en vinilo<\/strong><\/h2>\n<p><strong>A 30 a\u00f1os de su lanzamiento original,<\/strong> <em><strong>Si me voy antes que vos<\/strong><\/em>, uno de los discos m\u00e1s emblem\u00e1ticos de <a target=\"_blank\" href=\"https:\/\/www.perfil.com\/noticias\/deportes\/un-cielo-pintado-de-violeta.phtml\"><strong>Jaime Roos<\/strong><\/a>, se publica por primera vez en formato vinilo, en una edici\u00f3n especial que recupera una obra clave de la m\u00fasica popular rioplatense. El \u00e1lbum marc\u00f3 un momento de consolidaci\u00f3n y expansi\u00f3n en la carrera de Roos, <strong>tanto en Uruguay como en Argentina<\/strong>, donde su reconocimiento ven\u00eda en constante crecimiento.<\/p>\n<p style=\"text-align:center\"><picture><source media=\"(max-width: 440px)\" srcset=\"https:\/\/fotos.perfil.com\/\/2026\/04\/29\/440\/0\/ultimos-lanzamientos-musicales-de-mayo-20260429-2230638.jpg?webp\"\/><source media=\"(max-width: 1019px)\" srcset=\"https:\/\/fotos.perfil.com\/\/2026\/04\/29\/712\/0\/ultimos-lanzamientos-musicales-de-mayo-20260429-2230638.jpg?webp\"\/><img decoding=\"async\" style=\"max-width: 100%; width: 100%;\" alt=\"\u00daltimos lanzamientos musicales de mayo 20260429\" src=\"https:\/\/fotos.perfil.com\/\/2026\/04\/29\/900\/0\/ultimos-lanzamientos-musicales-de-mayo-20260429-2230638.jpg?webp\" loading=\"lazy\"\/><\/picture><\/p>\n<p>El disco represent\u00f3 una nueva etapa art\u00edstica: <strong>con su banda La Doble<\/strong>, Roos profundiz\u00f3 una b\u00fasqueda sonora que incorpor\u00f3 elementos del rock y el pop sin abandonar sus ra\u00edces, logrando un equilibrio distintivo entre modernidad y tradici\u00f3n. Grabado en el Estudio El Pie junto al reconocido ingeniero<strong> Jorge \u201cPortugu\u00e9s\u201d Da Silva<\/strong>, el \u00e1lbum exhibe un cuidado trabajo de producci\u00f3n y una identidad sonora definida.<\/p>\n<div class=\"subscription\">\n<p>\n        Esto no les gusta a los autoritarios\n    <\/p>\n<div class=\"subscription__container\">\n<div class=\"subscription__text-wrapper\">\n<p>\n                El ejercicio del periodismo profesional y cr\u00edtico es un pilar fundamental de la democracia. Por eso molesta a quienes creen ser los due\u00f1os de la verdad.\n            <\/p>\n<\/p><\/div><\/div>\n<\/div>\n<p>Canciones como \u201cDon Carlos\u201d, en un cruce de murga y lunfardo, \u201cBienvenido\u201d, con su pulso de candombe beat, o \u201c<strong>Expreso Horizonte\u201d<\/strong>, con<strong> <a target=\"_blank\" href=\"https:\/\/www.perfil.com\/noticias\/cultura\/hilda-lizarazu-presenta-hilda-canta-charly-2-en-el-auditorio-de-belgrano.phtml\">Hilda Lizarazu<\/a><\/strong> como invitada, reflejan la capacidad de Jaime Roos para construir puentes entre g\u00e9neros y tradiciones. Tambi\u00e9n se destacan <strong>\u201cLos Murguistas\u201d, con la participaci\u00f3n de Adriana Varela, y \u201cGood Bye\u201d, <\/strong>que remite a su etapa europea.<\/p>\n<p>Uno de los puntos m\u00e1s altos del \u00e1lbum es la versi\u00f3n de \u201cSi me voy antes que vos\u201d, interpretada junto a <strong>Mercedes Sosa, <\/strong>en una colaboraci\u00f3n que potencia la carga emotiva de una de las composiciones m\u00e1s profundas del repertorio de Roos.<\/p>\n<p>Track List<br \/>1. Si me voy antes que vos (Primera versi\u00f3n)<br \/>2. Bienvenido<br \/>3. Don Carlos<br \/>4. Los murguistas<br \/>5. Si me voy antes que vos (junto a Mercedes Sosa)<br \/>6. Suena<br \/>7. Sin saber por qu\u00e9<br \/>8. Good bye<br \/>9. Expreso horizonte<\/p>\n<h2><strong>El Mundo Lim\u00f3n public\u00f3  \u201cPlano virtual\u201d<\/strong><\/h2>\n<p><strong>El Mundo Lim\u00f3n<\/strong> lanz\u00f3 su \u00e1lbum que traslada a los 80&#8217;s. Con pinceladas de new wave y funk, el disco explora la alienaci\u00f3n digital y el amor no convencional. <em>Plano Virtual <\/em>es una obra compuesta por<strong> ocho tracks de pulso rioplatense y narrativa futurista<\/strong>. A lo largo del disco, desfilan figuras clave de la escena argentina actual como <strong>Tomi Sainz (Wos\/Ca7riel), Javier Bur\u00edn (Ca7riel y Paco Amoroso) y Patricio Lema (Paulo Londra).<\/strong><\/p>\n<p style=\"text-align:center\"><picture><source media=\"(max-width: 440px)\" srcset=\"https:\/\/fotos.perfil.com\/\/2026\/04\/29\/440\/0\/ultimos-lanzamientos-musicales-de-mayo-20260429-2230637.jpg?webp\"\/><source media=\"(max-width: 1019px)\" srcset=\"https:\/\/fotos.perfil.com\/\/2026\/04\/29\/712\/0\/ultimos-lanzamientos-musicales-de-mayo-20260429-2230637.jpg?webp\"\/><img decoding=\"async\" style=\"max-width: 100%; width: 100%;\" alt=\"\u00daltimos lanzamientos musicales de mayo 20260429\" src=\"https:\/\/fotos.perfil.com\/\/2026\/04\/29\/900\/0\/ultimos-lanzamientos-musicales-de-mayo-20260429-2230637.jpg?webp\" loading=\"lazy\"\/><\/picture><\/p>\n<p>Creado en 2019, El Mundo Lim\u00f3n condensa la nostalgia disfrazada de alegr\u00eda que reinaba en los \u201980. Redoblantes reverberantes, guitarras filosas, y teclados y sintetizadores ochentosos mantienen vivo el gen del mejor rock nacional. El proyecto liderado por <strong>Franco Giaquinta (actual bajista de Marilina Bertoldi y Jaze; y co-compositor y productor en CrewRod)<\/strong> halla el impulso para cada desaf\u00edo en su incesante b\u00fasqueda por la innovaci\u00f3n. <\/p>\n<p style=\"text-align:center\"><picture><source media=\"(max-width: 440px)\" srcset=\"https:\/\/fotos.perfil.com\/\/2026\/04\/29\/440\/0\/ultimos-lanzamientos-musicales-de-mayo-20260429-2230642.jpg?webp\"\/><source media=\"(max-width: 1019px)\" srcset=\"https:\/\/fotos.perfil.com\/\/2026\/04\/29\/712\/0\/ultimos-lanzamientos-musicales-de-mayo-20260429-2230642.jpg?webp\"\/><img decoding=\"async\" style=\"max-width: 100%; width: 100%;\" alt=\"\u00daltimos lanzamientos musicales de mayo 20260429\" src=\"https:\/\/fotos.perfil.com\/\/2026\/04\/29\/900\/0\/ultimos-lanzamientos-musicales-de-mayo-20260429-2230642.jpg?webp\" loading=\"lazy\"\/><\/picture><\/p>\n<p>Formada por Clara Rodriguez (Benito Cerati, Natalie Perez, Marina Fages, AINDA), Valentina Jordan (Blair, Chechi de Marcos), Emanuel Corti\u00f1as (Emma Horvilleur, Moah), Nicolas Pons (Ekathe, CrewRod) y Mariano Vega (Delfin), la banda ha desarrollado un sonido s\u00f3lido, vers\u00e1til y virtuoso.<\/p>\n<h2><strong>Trueno present\u00f3 \u00abTurr4zo\u00bb<\/strong><\/h2>\n<h2> <\/h2>\n<p><strong>Trueno<\/strong> lanz\u00f3 su cuarto \u00e1lbum de estudio, <em><strong>Turr4azo<\/strong><\/em>, grabado junto a su productor habitual Tatool y El Guincho (Bj\u00f6rk, Rosal\u00eda, Charli XCX, BTS, FKA Twigs). El \u00e1lbum parte de una serie de samples que establecen un di\u00e1logo entre el pasado, el presente y el futuro, y se integran con la narrativa que el int\u00e9rprete desarrolla a lo largo del \u00e1lbum.<\/p>\n<p style=\"text-align:center\"><picture><source media=\"(max-width: 440px)\" srcset=\"https:\/\/fotos.perfil.com\/\/2026\/04\/29\/440\/0\/ultimos-lanzamientos-musicales-de-mayo-20260429-2230644.jpg?webp\"\/><source media=\"(max-width: 1019px)\" srcset=\"https:\/\/fotos.perfil.com\/\/2026\/04\/29\/712\/0\/ultimos-lanzamientos-musicales-de-mayo-20260429-2230644.jpg?webp\"\/><img decoding=\"async\" style=\"max-width: 100%; width: 100%;\" alt=\"\u00daltimos lanzamientos musicales de mayo 20260429\" src=\"https:\/\/fotos.perfil.com\/\/2026\/04\/29\/900\/0\/ultimos-lanzamientos-musicales-de-mayo-20260429-2230644.jpg?webp\" loading=\"lazy\"\/><\/picture><\/p>\n<p>Culturalmente, toda la producci\u00f3n est\u00e1 enraizada en los<strong> barrios argentinos<\/strong>, a trav\u00e9s de una l\u00edrica que <strong>habla del turro: el arquetipo del joven de clase trabajadora, cuya identidad, jerga<\/strong> y sentido de la moda se han abierto paso en la identidad visual, cultural y musical argentina desde la d\u00e9cada de los noventa.<\/p>\n<p class=\"destacadoNota\"><a target=\"_blank\" href=\"https:\/\/www.perfil.com\/noticias\/cultura\/aterciopelados-en-buenos-aires-la-paz-como-bandera-y-el-rock-como-trinchera-a42.phtml\">Aterciopelados en Buenos Aires: la paz como bandera y el rock como trinchera<\/a><\/p>\n<p>Trueno rinde un tributo a este grupo con el tema central que da nombre a la producci\u00f3n, \u201cTurrazo\u201d, construido en torno a \u201c<strong>T\u00edrate un Paso\u201d<\/strong> \u2014un himno en los barrios argentinos de la d\u00e9cada de 2010\u2014 de<strong> Los Wachiturros<\/strong>, banda que influy\u00f3 en la vida de Trueno, introdujo la cultura juvenil viral a toda una nueva generaci\u00f3n y llev\u00f3 la cumbia villera al \u00e9xito comercial.<\/p>\n<p>Leyendas como Pity \u00c1lvarez participan en la producci\u00f3n del tema que cierra el \u00e1lbum \u201cPity in the sky\u201d; Andr\u00e9s Calamaro en \u201c1000 horas\u201d; y Rub\u00e9n Rada en \u201cUruguay\u201d. La nueva generaci\u00f3n est\u00e1 representada por Milo J en \u201cPumas\u201d, Neo Pistea en \u201cGrillz\u201d y Mar\u00eda Becerra en \u201c90s\u201d.<\/p>\n<h2><strong>Maria Codino present\u00f3 un adelanto de su \u00e1lbum<\/strong><\/h2>\n<p><strong>Maria Codino<\/strong> inaugura una nueva etapa con <strong>\u201cClub de Nostalgia\u201d<\/strong>, el primer adelanto de su pr\u00f3ximo disco. Entre la angustia, la saturaci\u00f3n y cierta apat\u00eda, el tema retrata ese momento en el que uno pierde inter\u00e9s, se desorienta y queda flotando en una nostalgia que no mira tanto hacia atr\u00e1s como hacia un presente que se vuelve dif\u00edcil de habitar.<\/p>\n<p style=\"text-align:center\"><picture><source media=\"(max-width: 440px)\" srcset=\"https:\/\/fotos.perfil.com\/\/2026\/04\/29\/440\/0\/ultimos-lanzamientos-musicales-de-mayo-20260429-2230640.jpg?webp\"\/><source media=\"(max-width: 1019px)\" srcset=\"https:\/\/fotos.perfil.com\/\/2026\/04\/29\/712\/0\/ultimos-lanzamientos-musicales-de-mayo-20260429-2230640.jpg?webp\"\/><img decoding=\"async\" style=\"max-width: 100%; width: 100%;\" alt=\"\u00daltimos lanzamientos musicales de mayo 20260429\" src=\"https:\/\/fotos.perfil.com\/\/2026\/04\/29\/900\/0\/ultimos-lanzamientos-musicales-de-mayo-20260429-2230640.jpg?webp\" loading=\"lazy\"\/><\/picture><\/p>\n<p>Apoy\u00e1ndose en un pulso pop con reminiscencias a los 80, <strong>el tema combina una base r\u00edtmica upbeat y una instrumentaci\u00f3n bailable<\/strong> que contrasta con el trasfondo emocional.<\/p>\n<p style=\"text-align:center\"><picture><source media=\"(max-width: 440px)\" srcset=\"https:\/\/fotos.perfil.com\/\/2026\/04\/29\/440\/0\/ultimos-lanzamientos-musicales-de-mayo-20260429-2230639.jpg?webp\"\/><source media=\"(max-width: 1019px)\" srcset=\"https:\/\/fotos.perfil.com\/\/2026\/04\/29\/712\/0\/ultimos-lanzamientos-musicales-de-mayo-20260429-2230639.jpg?webp\"\/><img decoding=\"async\" style=\"max-width: 100%; width: 100%;\" alt=\"\u00daltimos lanzamientos musicales de mayo 20260429\" src=\"https:\/\/fotos.perfil.com\/\/2026\/04\/29\/900\/0\/ultimos-lanzamientos-musicales-de-mayo-20260429-2230639.jpg?webp\" loading=\"lazy\"\/><\/picture><\/p>\n<p>Maria Codino es compositora, guitarrista, productora y dise\u00f1adora audiovisual de Buenos Aires. Su propuesta articula intimidad y exploraci\u00f3n sonora, con un pulso que oscila entre lo melanc\u00f3lico y lo rockero.<\/p>\n<p>Inici\u00f3 su proyecto solista en 2020 con el EP Ese <em><strong>Fragmento Velado<\/strong><\/em>, que la posicion\u00f3 como una de las voces emergentes m\u00e1s s\u00f3lidas de la escena independiente argentina. En agosto de 2023 present\u00f3 su disco debut, <em>Tiene Que Haber Un Mapa.<\/em><\/p>\n<h2><strong>Catalina Ammaturo present\u00f3 \u201cLlena de amor\u201d<\/strong><\/h2>\n<p>\u201cLlena de amor\u201d es un segundo adelanto de lo que ser\u00e1 el pr\u00f3ximo disco de <strong>Catalina Ammaturo. <\/strong>Tras lanzar \u201cSale natural\u201d a finales del a\u00f1o pasado, ahora una nueva canci\u00f3n que ya est\u00e1 disponible en plataformas y se destaca por ser una pieza de <strong>pop alternativo y fresco.<\/strong><\/p>\n<p style=\"text-align:center\"><picture><source media=\"(max-width: 440px)\" srcset=\"https:\/\/fotos.perfil.com\/\/2026\/04\/29\/440\/0\/ultimos-lanzamientos-musicales-de-mayo-20260429-2230641.jpg?webp\"\/><source media=\"(max-width: 1019px)\" srcset=\"https:\/\/fotos.perfil.com\/\/2026\/04\/29\/712\/0\/ultimos-lanzamientos-musicales-de-mayo-20260429-2230641.jpg?webp\"\/><img decoding=\"async\" style=\"max-width: 100%; width: 100%;\" alt=\"\u00daltimos lanzamientos musicales de mayo 20260429\" src=\"https:\/\/fotos.perfil.com\/\/2026\/04\/29\/900\/0\/ultimos-lanzamientos-musicales-de-mayo-20260429-2230641.jpg?webp\" loading=\"lazy\"\/><\/picture><\/p>\n<p>Producido por Samuel Shea, grabado entre rincones de su <strong>Buenos Aires natal y Ultrasound Studios (Los \u00c1ngeles, USA)<\/strong>, este tema nace de las experiencias personales de Catalina Ammaturo, donde conecta con el perd\u00f3n, el reencuentro y se entrega a la felicidad.<\/p>\n<p>Su \u00e1lbum debut fue <strong><em>Chica Violeta<\/em><\/strong> (2023) y en 2024 estren\u00f3 su EP <em>La Pena<\/em>, donde recapitula escenas de amor y dolor. Su sonido combina matices de pop instrospectivo, sintetizadores envolventes y una voz c\u00e1lida que invita a la reflexi\u00f3n.<\/p>\n<\/p><\/div>\n<p><script>\n                !function(f,b,e,v,n,t,s)\n                {if(f.fbq)return;n=f.fbq=function(){n.callMethod?\n                    n.callMethod.apply(n,arguments):n.queue.push(arguments)};\n                    if(!f._fbq)f._fbq=n;n.push=n;n.loaded=!0;n.version='2.0';\n                    n.queue=[];t=b.createElement(e);t.async=!0;\n                    t.src=v;s=b.getElementsByTagName(e)[0];\n                    s.parentNode.insertBefore(t,s)}(window, document,'script',\n                    'https:\/\/connect.facebook.net\/en_US\/fbevents.js');\n                window.paywallConfig.facebook_pixel=\"1000228364089342\"\n            <\/script><\/p>\n","protected":false},"excerpt":{"rendered":"<p>Jaime Roos: \u00abSi me voy antes que vos\u00bb por primera vez en vinilo A 30 a\u00f1os de su lanzamiento original, Si me voy antes que vos, uno de los discos m\u00e1s emblem\u00e1ticos de Jaime Roos, se publica por primera vez en formato vinilo, en una edici\u00f3n especial que recupera una obra clave de la m\u00fasica [&hellip;]<\/p>\n","protected":false},"author":2,"featured_media":193825,"comment_status":"closed","ping_status":"closed","sticky":false,"template":"","format":"standard","meta":{"footnotes":""},"categories":[25],"tags":[],"class_list":["post-193824","post","type-post","status-publish","format-standard","has-post-thumbnail","hentry","category-nacionales"],"yoast_head":"<!-- This site is optimized with the Yoast SEO plugin v24.4 - https:\/\/yoast.com\/wordpress\/plugins\/seo\/ -->\n<title>Consagrados y emergentes: \u201cSi me voy antes que vos\u201d de Jaime Roos se edit\u00f3 en vinilo y sali\u00f3 el esperado disco de Trueno - GYS NOTICIAS |<\/title>\n<meta name=\"robots\" content=\"index, follow, max-snippet:-1, max-image-preview:large, max-video-preview:-1\" \/>\n<link rel=\"canonical\" href=\"https:\/\/gysfm.com.ar\/inicio\/consagrados-y-emergentes-si-me-voy-antes-que-vos-de-jaime-roos-se-edito-en-vinilo-y-salio-el-esperado-disco-de-trueno\/\" \/>\n<meta property=\"og:locale\" content=\"es_ES\" \/>\n<meta property=\"og:type\" content=\"article\" \/>\n<meta property=\"og:title\" content=\"Consagrados y emergentes: \u201cSi me voy antes que vos\u201d de Jaime Roos se edit\u00f3 en vinilo y sali\u00f3 el esperado disco de Trueno - GYS NOTICIAS |\" \/>\n<meta property=\"og:description\" content=\"Jaime Roos: \u00abSi me voy antes que vos\u00bb por primera vez en vinilo A 30 a\u00f1os de su lanzamiento original, Si me voy antes que vos, uno de los discos m\u00e1s emblem\u00e1ticos de Jaime Roos, se publica por primera vez en formato vinilo, en una edici\u00f3n especial que recupera una obra clave de la m\u00fasica [&hellip;]\" \/>\n<meta property=\"og:url\" content=\"https:\/\/gysfm.com.ar\/inicio\/consagrados-y-emergentes-si-me-voy-antes-que-vos-de-jaime-roos-se-edito-en-vinilo-y-salio-el-esperado-disco-de-trueno\/\" \/>\n<meta property=\"og:site_name\" content=\"GYS NOTICIAS |\" \/>\n<meta property=\"article:published_time\" content=\"2026-04-30T07:12:17+00:00\" \/>\n<meta property=\"og:image\" content=\"https:\/\/fotos.perfil.com\/\/2026\/04\/29\/900\/0\/ultimos-lanzamientos-musicales-de-mayo-20260429-2230638.jpg?webp\" \/>\n<meta name=\"author\" content=\"Prensa G&amp;S FM\" \/>\n<meta name=\"twitter:card\" content=\"summary_large_image\" \/>\n<meta name=\"twitter:label1\" content=\"Escrito por\" \/>\n\t<meta name=\"twitter:data1\" content=\"Prensa G&amp;S FM\" \/>\n\t<meta name=\"twitter:label2\" content=\"Tiempo de lectura\" \/>\n\t<meta name=\"twitter:data2\" content=\"6 minutos\" \/>\n<script type=\"application\/ld+json\" class=\"yoast-schema-graph\">{\"@context\":\"https:\/\/schema.org\",\"@graph\":[{\"@type\":\"Article\",\"@id\":\"https:\/\/gysfm.com.ar\/inicio\/consagrados-y-emergentes-si-me-voy-antes-que-vos-de-jaime-roos-se-edito-en-vinilo-y-salio-el-esperado-disco-de-trueno\/#article\",\"isPartOf\":{\"@id\":\"https:\/\/gysfm.com.ar\/inicio\/consagrados-y-emergentes-si-me-voy-antes-que-vos-de-jaime-roos-se-edito-en-vinilo-y-salio-el-esperado-disco-de-trueno\/\"},\"author\":{\"name\":\"Prensa G&amp;S FM\",\"@id\":\"https:\/\/gysfm.com.ar\/inicio\/#\/schema\/person\/3abba7593ef2ad19e1be221d54383dc5\"},\"headline\":\"Consagrados y emergentes: \u201cSi me voy antes que vos\u201d de Jaime Roos se edit\u00f3 en vinilo y sali\u00f3 el esperado disco de Trueno\",\"datePublished\":\"2026-04-30T07:12:17+00:00\",\"mainEntityOfPage\":{\"@id\":\"https:\/\/gysfm.com.ar\/inicio\/consagrados-y-emergentes-si-me-voy-antes-que-vos-de-jaime-roos-se-edito-en-vinilo-y-salio-el-esperado-disco-de-trueno\/\"},\"wordCount\":1132,\"publisher\":{\"@id\":\"https:\/\/gysfm.com.ar\/inicio\/#organization\"},\"image\":{\"@id\":\"https:\/\/gysfm.com.ar\/inicio\/consagrados-y-emergentes-si-me-voy-antes-que-vos-de-jaime-roos-se-edito-en-vinilo-y-salio-el-esperado-disco-de-trueno\/#primaryimage\"},\"thumbnailUrl\":\"https:\/\/gysfm.com.ar\/inicio\/wp-content\/uploads\/2026\/04\/ultimos-lanzamientos-musicales-de-mayo-20260429-2230643.jpg\",\"articleSection\":[\"NACIONALES\"],\"inLanguage\":\"es\"},{\"@type\":\"WebPage\",\"@id\":\"https:\/\/gysfm.com.ar\/inicio\/consagrados-y-emergentes-si-me-voy-antes-que-vos-de-jaime-roos-se-edito-en-vinilo-y-salio-el-esperado-disco-de-trueno\/\",\"url\":\"https:\/\/gysfm.com.ar\/inicio\/consagrados-y-emergentes-si-me-voy-antes-que-vos-de-jaime-roos-se-edito-en-vinilo-y-salio-el-esperado-disco-de-trueno\/\",\"name\":\"Consagrados y emergentes: \u201cSi me voy antes que vos\u201d de Jaime Roos se edit\u00f3 en vinilo y sali\u00f3 el esperado disco de Trueno - GYS NOTICIAS |\",\"isPartOf\":{\"@id\":\"https:\/\/gysfm.com.ar\/inicio\/#website\"},\"primaryImageOfPage\":{\"@id\":\"https:\/\/gysfm.com.ar\/inicio\/consagrados-y-emergentes-si-me-voy-antes-que-vos-de-jaime-roos-se-edito-en-vinilo-y-salio-el-esperado-disco-de-trueno\/#primaryimage\"},\"image\":{\"@id\":\"https:\/\/gysfm.com.ar\/inicio\/consagrados-y-emergentes-si-me-voy-antes-que-vos-de-jaime-roos-se-edito-en-vinilo-y-salio-el-esperado-disco-de-trueno\/#primaryimage\"},\"thumbnailUrl\":\"https:\/\/gysfm.com.ar\/inicio\/wp-content\/uploads\/2026\/04\/ultimos-lanzamientos-musicales-de-mayo-20260429-2230643.jpg\",\"datePublished\":\"2026-04-30T07:12:17+00:00\",\"breadcrumb\":{\"@id\":\"https:\/\/gysfm.com.ar\/inicio\/consagrados-y-emergentes-si-me-voy-antes-que-vos-de-jaime-roos-se-edito-en-vinilo-y-salio-el-esperado-disco-de-trueno\/#breadcrumb\"},\"inLanguage\":\"es\",\"potentialAction\":[{\"@type\":\"ReadAction\",\"target\":[\"https:\/\/gysfm.com.ar\/inicio\/consagrados-y-emergentes-si-me-voy-antes-que-vos-de-jaime-roos-se-edito-en-vinilo-y-salio-el-esperado-disco-de-trueno\/\"]}]},{\"@type\":\"ImageObject\",\"inLanguage\":\"es\",\"@id\":\"https:\/\/gysfm.com.ar\/inicio\/consagrados-y-emergentes-si-me-voy-antes-que-vos-de-jaime-roos-se-edito-en-vinilo-y-salio-el-esperado-disco-de-trueno\/#primaryimage\",\"url\":\"https:\/\/gysfm.com.ar\/inicio\/wp-content\/uploads\/2026\/04\/ultimos-lanzamientos-musicales-de-mayo-20260429-2230643.jpg\",\"contentUrl\":\"https:\/\/gysfm.com.ar\/inicio\/wp-content\/uploads\/2026\/04\/ultimos-lanzamientos-musicales-de-mayo-20260429-2230643.jpg\",\"width\":1140,\"height\":641},{\"@type\":\"BreadcrumbList\",\"@id\":\"https:\/\/gysfm.com.ar\/inicio\/consagrados-y-emergentes-si-me-voy-antes-que-vos-de-jaime-roos-se-edito-en-vinilo-y-salio-el-esperado-disco-de-trueno\/#breadcrumb\",\"itemListElement\":[{\"@type\":\"ListItem\",\"position\":1,\"name\":\"Portada\",\"item\":\"https:\/\/gysfm.com.ar\/inicio\/\"},{\"@type\":\"ListItem\",\"position\":2,\"name\":\"Consagrados y emergentes: \u201cSi me voy antes que vos\u201d de Jaime Roos se edit\u00f3 en vinilo y sali\u00f3 el esperado disco de Trueno\"}]},{\"@type\":\"WebSite\",\"@id\":\"https:\/\/gysfm.com.ar\/inicio\/#website\",\"url\":\"https:\/\/gysfm.com.ar\/inicio\/\",\"name\":\"GYS NOTICIAS |\",\"description\":\"DIARIO - RADIO ONLINE SAN JUAN ARGENTINA\",\"publisher\":{\"@id\":\"https:\/\/gysfm.com.ar\/inicio\/#organization\"},\"potentialAction\":[{\"@type\":\"SearchAction\",\"target\":{\"@type\":\"EntryPoint\",\"urlTemplate\":\"https:\/\/gysfm.com.ar\/inicio\/?s={search_term_string}\"},\"query-input\":{\"@type\":\"PropertyValueSpecification\",\"valueRequired\":true,\"valueName\":\"search_term_string\"}}],\"inLanguage\":\"es\"},{\"@type\":\"Organization\",\"@id\":\"https:\/\/gysfm.com.ar\/inicio\/#organization\",\"name\":\"GYS NOTICIAS |\",\"url\":\"https:\/\/gysfm.com.ar\/inicio\/\",\"logo\":{\"@type\":\"ImageObject\",\"inLanguage\":\"es\",\"@id\":\"https:\/\/gysfm.com.ar\/inicio\/#\/schema\/logo\/image\/\",\"url\":\"https:\/\/gysfm.com.ar\/inicio\/wp-content\/uploads\/2023\/07\/LOGOGYS-OK.png\",\"contentUrl\":\"https:\/\/gysfm.com.ar\/inicio\/wp-content\/uploads\/2023\/07\/LOGOGYS-OK.png\",\"width\":1170,\"height\":872,\"caption\":\"GYS NOTICIAS |\"},\"image\":{\"@id\":\"https:\/\/gysfm.com.ar\/inicio\/#\/schema\/logo\/image\/\"}},{\"@type\":\"Person\",\"@id\":\"https:\/\/gysfm.com.ar\/inicio\/#\/schema\/person\/3abba7593ef2ad19e1be221d54383dc5\",\"name\":\"Prensa G&amp;S FM\",\"image\":{\"@type\":\"ImageObject\",\"inLanguage\":\"es\",\"@id\":\"https:\/\/gysfm.com.ar\/inicio\/#\/schema\/person\/image\/\",\"url\":\"https:\/\/secure.gravatar.com\/avatar\/096ec78df02049ab018702bb4ccedf659377fa92a26540b5247612077a0dbd29?s=96&d=mm&r=g\",\"contentUrl\":\"https:\/\/secure.gravatar.com\/avatar\/096ec78df02049ab018702bb4ccedf659377fa92a26540b5247612077a0dbd29?s=96&d=mm&r=g\",\"caption\":\"Prensa G&amp;S FM\"},\"sameAs\":[\"https:\/\/gysfm.com.ar\/\"],\"url\":\"https:\/\/gysfm.com.ar\/inicio\/author\/lucasm\/\"}]}<\/script>\n<!-- \/ Yoast SEO plugin. -->","yoast_head_json":{"title":"Consagrados y emergentes: \u201cSi me voy antes que vos\u201d de Jaime Roos se edit\u00f3 en vinilo y sali\u00f3 el esperado disco de Trueno - GYS NOTICIAS |","robots":{"index":"index","follow":"follow","max-snippet":"max-snippet:-1","max-image-preview":"max-image-preview:large","max-video-preview":"max-video-preview:-1"},"canonical":"https:\/\/gysfm.com.ar\/inicio\/consagrados-y-emergentes-si-me-voy-antes-que-vos-de-jaime-roos-se-edito-en-vinilo-y-salio-el-esperado-disco-de-trueno\/","og_locale":"es_ES","og_type":"article","og_title":"Consagrados y emergentes: \u201cSi me voy antes que vos\u201d de Jaime Roos se edit\u00f3 en vinilo y sali\u00f3 el esperado disco de Trueno - GYS NOTICIAS |","og_description":"Jaime Roos: \u00abSi me voy antes que vos\u00bb por primera vez en vinilo A 30 a\u00f1os de su lanzamiento original, Si me voy antes que vos, uno de los discos m\u00e1s emblem\u00e1ticos de Jaime Roos, se publica por primera vez en formato vinilo, en una edici\u00f3n especial que recupera una obra clave de la m\u00fasica [&hellip;]","og_url":"https:\/\/gysfm.com.ar\/inicio\/consagrados-y-emergentes-si-me-voy-antes-que-vos-de-jaime-roos-se-edito-en-vinilo-y-salio-el-esperado-disco-de-trueno\/","og_site_name":"GYS NOTICIAS |","article_published_time":"2026-04-30T07:12:17+00:00","og_image":[{"url":"https:\/\/fotos.perfil.com\/\/2026\/04\/29\/900\/0\/ultimos-lanzamientos-musicales-de-mayo-20260429-2230638.jpg?webp","type":"","width":"","height":""}],"author":"Prensa G&amp;S FM","twitter_card":"summary_large_image","twitter_misc":{"Escrito por":"Prensa G&amp;S FM","Tiempo de lectura":"6 minutos"},"schema":{"@context":"https:\/\/schema.org","@graph":[{"@type":"Article","@id":"https:\/\/gysfm.com.ar\/inicio\/consagrados-y-emergentes-si-me-voy-antes-que-vos-de-jaime-roos-se-edito-en-vinilo-y-salio-el-esperado-disco-de-trueno\/#article","isPartOf":{"@id":"https:\/\/gysfm.com.ar\/inicio\/consagrados-y-emergentes-si-me-voy-antes-que-vos-de-jaime-roos-se-edito-en-vinilo-y-salio-el-esperado-disco-de-trueno\/"},"author":{"name":"Prensa G&amp;S FM","@id":"https:\/\/gysfm.com.ar\/inicio\/#\/schema\/person\/3abba7593ef2ad19e1be221d54383dc5"},"headline":"Consagrados y emergentes: \u201cSi me voy antes que vos\u201d de Jaime Roos se edit\u00f3 en vinilo y sali\u00f3 el esperado disco de Trueno","datePublished":"2026-04-30T07:12:17+00:00","mainEntityOfPage":{"@id":"https:\/\/gysfm.com.ar\/inicio\/consagrados-y-emergentes-si-me-voy-antes-que-vos-de-jaime-roos-se-edito-en-vinilo-y-salio-el-esperado-disco-de-trueno\/"},"wordCount":1132,"publisher":{"@id":"https:\/\/gysfm.com.ar\/inicio\/#organization"},"image":{"@id":"https:\/\/gysfm.com.ar\/inicio\/consagrados-y-emergentes-si-me-voy-antes-que-vos-de-jaime-roos-se-edito-en-vinilo-y-salio-el-esperado-disco-de-trueno\/#primaryimage"},"thumbnailUrl":"https:\/\/gysfm.com.ar\/inicio\/wp-content\/uploads\/2026\/04\/ultimos-lanzamientos-musicales-de-mayo-20260429-2230643.jpg","articleSection":["NACIONALES"],"inLanguage":"es"},{"@type":"WebPage","@id":"https:\/\/gysfm.com.ar\/inicio\/consagrados-y-emergentes-si-me-voy-antes-que-vos-de-jaime-roos-se-edito-en-vinilo-y-salio-el-esperado-disco-de-trueno\/","url":"https:\/\/gysfm.com.ar\/inicio\/consagrados-y-emergentes-si-me-voy-antes-que-vos-de-jaime-roos-se-edito-en-vinilo-y-salio-el-esperado-disco-de-trueno\/","name":"Consagrados y emergentes: \u201cSi me voy antes que vos\u201d de Jaime Roos se edit\u00f3 en vinilo y sali\u00f3 el esperado disco de Trueno - GYS NOTICIAS |","isPartOf":{"@id":"https:\/\/gysfm.com.ar\/inicio\/#website"},"primaryImageOfPage":{"@id":"https:\/\/gysfm.com.ar\/inicio\/consagrados-y-emergentes-si-me-voy-antes-que-vos-de-jaime-roos-se-edito-en-vinilo-y-salio-el-esperado-disco-de-trueno\/#primaryimage"},"image":{"@id":"https:\/\/gysfm.com.ar\/inicio\/consagrados-y-emergentes-si-me-voy-antes-que-vos-de-jaime-roos-se-edito-en-vinilo-y-salio-el-esperado-disco-de-trueno\/#primaryimage"},"thumbnailUrl":"https:\/\/gysfm.com.ar\/inicio\/wp-content\/uploads\/2026\/04\/ultimos-lanzamientos-musicales-de-mayo-20260429-2230643.jpg","datePublished":"2026-04-30T07:12:17+00:00","breadcrumb":{"@id":"https:\/\/gysfm.com.ar\/inicio\/consagrados-y-emergentes-si-me-voy-antes-que-vos-de-jaime-roos-se-edito-en-vinilo-y-salio-el-esperado-disco-de-trueno\/#breadcrumb"},"inLanguage":"es","potentialAction":[{"@type":"ReadAction","target":["https:\/\/gysfm.com.ar\/inicio\/consagrados-y-emergentes-si-me-voy-antes-que-vos-de-jaime-roos-se-edito-en-vinilo-y-salio-el-esperado-disco-de-trueno\/"]}]},{"@type":"ImageObject","inLanguage":"es","@id":"https:\/\/gysfm.com.ar\/inicio\/consagrados-y-emergentes-si-me-voy-antes-que-vos-de-jaime-roos-se-edito-en-vinilo-y-salio-el-esperado-disco-de-trueno\/#primaryimage","url":"https:\/\/gysfm.com.ar\/inicio\/wp-content\/uploads\/2026\/04\/ultimos-lanzamientos-musicales-de-mayo-20260429-2230643.jpg","contentUrl":"https:\/\/gysfm.com.ar\/inicio\/wp-content\/uploads\/2026\/04\/ultimos-lanzamientos-musicales-de-mayo-20260429-2230643.jpg","width":1140,"height":641},{"@type":"BreadcrumbList","@id":"https:\/\/gysfm.com.ar\/inicio\/consagrados-y-emergentes-si-me-voy-antes-que-vos-de-jaime-roos-se-edito-en-vinilo-y-salio-el-esperado-disco-de-trueno\/#breadcrumb","itemListElement":[{"@type":"ListItem","position":1,"name":"Portada","item":"https:\/\/gysfm.com.ar\/inicio\/"},{"@type":"ListItem","position":2,"name":"Consagrados y emergentes: \u201cSi me voy antes que vos\u201d de Jaime Roos se edit\u00f3 en vinilo y sali\u00f3 el esperado disco de Trueno"}]},{"@type":"WebSite","@id":"https:\/\/gysfm.com.ar\/inicio\/#website","url":"https:\/\/gysfm.com.ar\/inicio\/","name":"GYS NOTICIAS |","description":"DIARIO - RADIO ONLINE SAN JUAN ARGENTINA","publisher":{"@id":"https:\/\/gysfm.com.ar\/inicio\/#organization"},"potentialAction":[{"@type":"SearchAction","target":{"@type":"EntryPoint","urlTemplate":"https:\/\/gysfm.com.ar\/inicio\/?s={search_term_string}"},"query-input":{"@type":"PropertyValueSpecification","valueRequired":true,"valueName":"search_term_string"}}],"inLanguage":"es"},{"@type":"Organization","@id":"https:\/\/gysfm.com.ar\/inicio\/#organization","name":"GYS NOTICIAS |","url":"https:\/\/gysfm.com.ar\/inicio\/","logo":{"@type":"ImageObject","inLanguage":"es","@id":"https:\/\/gysfm.com.ar\/inicio\/#\/schema\/logo\/image\/","url":"https:\/\/gysfm.com.ar\/inicio\/wp-content\/uploads\/2023\/07\/LOGOGYS-OK.png","contentUrl":"https:\/\/gysfm.com.ar\/inicio\/wp-content\/uploads\/2023\/07\/LOGOGYS-OK.png","width":1170,"height":872,"caption":"GYS NOTICIAS |"},"image":{"@id":"https:\/\/gysfm.com.ar\/inicio\/#\/schema\/logo\/image\/"}},{"@type":"Person","@id":"https:\/\/gysfm.com.ar\/inicio\/#\/schema\/person\/3abba7593ef2ad19e1be221d54383dc5","name":"Prensa G&amp;S FM","image":{"@type":"ImageObject","inLanguage":"es","@id":"https:\/\/gysfm.com.ar\/inicio\/#\/schema\/person\/image\/","url":"https:\/\/secure.gravatar.com\/avatar\/096ec78df02049ab018702bb4ccedf659377fa92a26540b5247612077a0dbd29?s=96&d=mm&r=g","contentUrl":"https:\/\/secure.gravatar.com\/avatar\/096ec78df02049ab018702bb4ccedf659377fa92a26540b5247612077a0dbd29?s=96&d=mm&r=g","caption":"Prensa G&amp;S FM"},"sameAs":["https:\/\/gysfm.com.ar\/"],"url":"https:\/\/gysfm.com.ar\/inicio\/author\/lucasm\/"}]}},"_links":{"self":[{"href":"https:\/\/gysfm.com.ar\/inicio\/wp-json\/wp\/v2\/posts\/193824","targetHints":{"allow":["GET"]}}],"collection":[{"href":"https:\/\/gysfm.com.ar\/inicio\/wp-json\/wp\/v2\/posts"}],"about":[{"href":"https:\/\/gysfm.com.ar\/inicio\/wp-json\/wp\/v2\/types\/post"}],"author":[{"embeddable":true,"href":"https:\/\/gysfm.com.ar\/inicio\/wp-json\/wp\/v2\/users\/2"}],"replies":[{"embeddable":true,"href":"https:\/\/gysfm.com.ar\/inicio\/wp-json\/wp\/v2\/comments?post=193824"}],"version-history":[{"count":0,"href":"https:\/\/gysfm.com.ar\/inicio\/wp-json\/wp\/v2\/posts\/193824\/revisions"}],"wp:featuredmedia":[{"embeddable":true,"href":"https:\/\/gysfm.com.ar\/inicio\/wp-json\/wp\/v2\/media\/193825"}],"wp:attachment":[{"href":"https:\/\/gysfm.com.ar\/inicio\/wp-json\/wp\/v2\/media?parent=193824"}],"wp:term":[{"taxonomy":"category","embeddable":true,"href":"https:\/\/gysfm.com.ar\/inicio\/wp-json\/wp\/v2\/categories?post=193824"},{"taxonomy":"post_tag","embeddable":true,"href":"https:\/\/gysfm.com.ar\/inicio\/wp-json\/wp\/v2\/tags?post=193824"}],"curies":[{"name":"wp","href":"https:\/\/api.w.org\/{rel}","templated":true}]}}