{"id":193820,"date":"2026-04-30T03:40:13","date_gmt":"2026-04-30T06:40:13","guid":{"rendered":"https:\/\/gysfm.com.ar\/inicio\/la-camara-de-casacion-anulo-el-procesamiento-de-alberto-fernandez-en-la-causa-seguros\/"},"modified":"2026-04-30T03:40:13","modified_gmt":"2026-04-30T06:40:13","slug":"la-camara-de-casacion-anulo-el-procesamiento-de-alberto-fernandez-en-la-causa-seguros","status":"publish","type":"post","link":"https:\/\/gysfm.com.ar\/inicio\/la-camara-de-casacion-anulo-el-procesamiento-de-alberto-fernandez-en-la-causa-seguros\/","title":{"rendered":"La C\u00e1mara de Casaci\u00f3n anul\u00f3 el procesamiento de Alberto Fern\u00e1ndez en la causa Seguros"},"content":{"rendered":"<p><\/p>\n<div id=\"article-content\">\n<p>La C\u00e1mara Federal de Casaci\u00f3n Penal anul\u00f3 este mi\u00e9rcoles el procesamiento de <a target=\"_blank\" href=\"https:\/\/www.perfil.com\/noticias\/universidades\/alberto-fernadez-en-la-fiesta-de-olivos-debi-haber-dicho-paren-esto-de-inmediato.phtml\"><strong>Alberto Fern\u00e1ndez<\/strong><\/a> en la causa conocida como Seguros, donde se investigan presuntas irregularidades en contratos entre organismos p\u00fablicos y Naci\u00f3n Seguros durante su gesti\u00f3n presidencial.<\/p>\n<p>La decisi\u00f3n fue tomada por la Sala IV del m\u00e1ximo tribunal penal con los votos de los jueces <strong>Mariano Borinsky<\/strong> y <strong>Javier Carbajo<\/strong>, mientras que <strong>Gustavo Hornos<\/strong> vot\u00f3 en disidencia.<\/p>\n<p>De esta manera, se dej\u00f3 sin efecto la confirmaci\u00f3n del procesamiento por corrupci\u00f3n que hab\u00eda dictado la C\u00e1mara Federal y se orden\u00f3 que ese tribunal emita un nuevo fallo.<\/p>\n<div class=\"subscription\">\n<p>\n        Esto no les gusta a los autoritarios\n    <\/p>\n<div class=\"subscription__container\">\n<div class=\"subscription__text-wrapper\">\n<p>\n                El ejercicio del periodismo profesional y cr\u00edtico es un pilar fundamental de la democracia. Por eso molesta a quienes creen ser los due\u00f1os de la verdad.\n            <\/p>\n<\/p><\/div><\/div>\n<\/div>\n<h2>De qu\u00e9 se acusa al ex presidente Alberto Fern\u00e1ndez<\/h2>\n<p>Fern\u00e1ndez est\u00e1 imputado por el delito de <strong>negociaciones incompatibles con la funci\u00f3n p\u00fablica<\/strong>, dentro de una investigaci\u00f3n que analiza un presunto esquema de direccionamiento de contratos de seguros estatales.<\/p>\n<p>La causa apunta a un decreto firmado durante su mandato, la intervenci\u00f3n de brokers privados, comisiones millonarias y una presunta estructura que habr\u00eda beneficiado a determinados intermediarios vinculados al poder.<\/p>\n<p class=\"destacadoNota\"><a target=\"_blank\" href=\"https:\/\/www.perfil.com\/noticias\/cordoba\/alberto-fernandez-yo-creo-que-la-argentina-esta-muy-mal-y-tenemos-un-presidente-que-no-esta-psiquiatricamente-bien.phtml\">Alberto Fern\u00e1ndez: \u201cYo creo que la Argentina est\u00e1 muy mal y tenemos un presidente que no est\u00e1 psiqui\u00e1tricamente bien\u00bb<\/a><\/p>\n<p>Seg\u00fan consta en la acusaci\u00f3n judicial, el monto total de las comisiones pagadas a intermediarios en contratos entre organismos p\u00fablicos y Naci\u00f3n Seguros alcanz\u00f3 los <strong>3.364 millones de pesos<\/strong>. Uno de los principales se\u00f1alados es <strong>H\u00e9ctor Mart\u00ednez Sosa<\/strong>, broker y amigo personal del ex mandatario, quien habr\u00eda concentrado el <strong>59,6% de las comisiones<\/strong> pagadas.<\/p>\n<p>Adem\u00e1s, el expediente incluye 45 contratos, 25 intermediarios y el an\u00e1lisis de una cooperativa que habr\u00eda funcionado como financiera dentro del esquema investigado.<\/p>\n<h2>Por qu\u00e9 Casaci\u00f3n revis\u00f3 el procesamiento<\/h2>\n<p>La defensa de Alberto Fern\u00e1ndez hab\u00eda presentado un recurso para pedir la nulidad de las acusaciones, argumentando que se hab\u00eda vulnerado su derecho de defensa y el debido proceso. Entre los planteos, se\u00f1al\u00f3 que no se escuch\u00f3 a dos testigos propuestos por la defensa: la ex secretaria Legal y T\u00e9cnica <strong>Vilma Ibarra<\/strong> y el ex canciller <strong>Santiago Cafiero<\/strong>.<\/p>\n<p>El fiscal de C\u00e1mara, Jos\u00e9 Luis Aguero Iturbe, tambi\u00e9n hab\u00eda considerado que correspond\u00eda revisar esa situaci\u00f3n antes de confirmar el procesamiento.<\/p>\n<p>Para Borinsky y Carbajo, la C\u00e1mara Federal resolvi\u00f3 \u201cen exceso\u201d de lo pedido por la acusaci\u00f3n, ya que tanto la defensa como el Ministerio P\u00fablico Fiscal hab\u00edan solicitado revocar el procesamiento y dictar la falta de m\u00e9rito.<\/p>\n<p>Borinsky sostuvo que esa decisi\u00f3n afect\u00f3 \u201cel principio acusatorio, el contradictorio y el debido proceso\u201d, por lo que correspond\u00eda anular la resoluci\u00f3n anterior.<\/p>\n<h2>El voto en contra de Hornos<\/h2>\n<p>El juez <strong>Gustavo Hornos<\/strong> vot\u00f3 en disidencia y consider\u00f3 que el recurso de la defensa deb\u00eda ser rechazado. Seg\u00fan su criterio, el fallo cuestionado no era una sentencia definitiva ni equiparable, por lo que no correspond\u00eda su revisi\u00f3n en esta instancia.<\/p>\n<p>Tambi\u00e9n sostuvo que el procesamiento estaba suficientemente respaldado por las pruebas reunidas y defendi\u00f3 la continuidad de la investigaci\u00f3n.<\/p>\n<p class=\"destacadoNota\"><a target=\"_blank\" href=\"https:\/\/noticias.perfil.com\/noticias\/politica\/alberto-fernandez-se-subio-a-la-polemica-por-el-consumo-de-carne-de-burro.phtml\">Alberto Fern\u00e1ndez se subi\u00f3 a la pol\u00e9mica por el consumo de carne de burro<\/a><\/p>\n<p>En su voto, remarc\u00f3 que existen elementos que muestran un posible esquema de direccionamiento irregular en la contrataci\u00f3n de seguros estatales, favorecido por el Decreto 823\/2021.<\/p>\n<p>Ese sistema habr\u00eda permitido la incorporaci\u00f3n indebida de intermediarios privados, el pago de comisiones superiores a las habituales del mercado y un perjuicio econ\u00f3mico para el Estado.<\/p>\n<h2>Qu\u00e9 pasar\u00e1 ahora en la Causa Seguros<\/h2>\n<p>Con esta decisi\u00f3n, <strong>la situaci\u00f3n judicial de Alberto Fern\u00e1ndez vuelve a quedar abierta<\/strong>. La C\u00e1mara Federal deber\u00e1 revisar nuevamente el expediente y dictar un nuevo pronunciamiento sobre su procesamiento.<\/p>\n<p>Mientras tanto, la causa sigue avanzando sobre el presunto entramado de corrupci\u00f3n vinculado a contratos estatales con Naci\u00f3n Seguros y podr\u00eda convertirse en el primer juicio oral por corrupci\u00f3n contra el ex presidente.<\/p>\n<p>LB \/ ds<\/p>\n<\/p><\/div>\n<p><script>\n                !function(f,b,e,v,n,t,s)\n                {if(f.fbq)return;n=f.fbq=function(){n.callMethod?\n                    n.callMethod.apply(n,arguments):n.queue.push(arguments)};\n                    if(!f._fbq)f._fbq=n;n.push=n;n.loaded=!0;n.version='2.0';\n                    n.queue=[];t=b.createElement(e);t.async=!0;\n                    t.src=v;s=b.getElementsByTagName(e)[0];\n                    s.parentNode.insertBefore(t,s)}(window, document,'script',\n                    'https:\/\/connect.facebook.net\/en_US\/fbevents.js');\n                window.paywallConfig.facebook_pixel=\"1000228364089342\"\n            <\/script><\/p>\n","protected":false},"excerpt":{"rendered":"<p>La C\u00e1mara Federal de Casaci\u00f3n Penal anul\u00f3 este mi\u00e9rcoles el procesamiento de Alberto Fern\u00e1ndez en la causa conocida como Seguros, donde se investigan presuntas irregularidades en contratos entre organismos p\u00fablicos y Naci\u00f3n Seguros durante su gesti\u00f3n presidencial. La decisi\u00f3n fue tomada por la Sala IV del m\u00e1ximo tribunal penal con los votos de los jueces [&hellip;]<\/p>\n","protected":false},"author":2,"featured_media":164750,"comment_status":"closed","ping_status":"closed","sticky":false,"template":"","format":"standard","meta":{"footnotes":""},"categories":[25],"tags":[],"class_list":["post-193820","post","type-post","status-publish","format-standard","has-post-thumbnail","hentry","category-nacionales"],"yoast_head":"<!-- This site is optimized with the Yoast SEO plugin v24.4 - https:\/\/yoast.com\/wordpress\/plugins\/seo\/ -->\n<title>La C\u00e1mara de Casaci\u00f3n anul\u00f3 el procesamiento de Alberto Fern\u00e1ndez en la causa Seguros - GYS NOTICIAS |<\/title>\n<meta name=\"robots\" content=\"index, follow, max-snippet:-1, max-image-preview:large, max-video-preview:-1\" \/>\n<link rel=\"canonical\" href=\"https:\/\/gysfm.com.ar\/inicio\/la-camara-de-casacion-anulo-el-procesamiento-de-alberto-fernandez-en-la-causa-seguros\/\" \/>\n<meta property=\"og:locale\" content=\"es_ES\" \/>\n<meta property=\"og:type\" content=\"article\" \/>\n<meta property=\"og:title\" content=\"La C\u00e1mara de Casaci\u00f3n anul\u00f3 el procesamiento de Alberto Fern\u00e1ndez en la causa Seguros - GYS NOTICIAS |\" \/>\n<meta property=\"og:description\" content=\"La C\u00e1mara Federal de Casaci\u00f3n Penal anul\u00f3 este mi\u00e9rcoles el procesamiento de Alberto Fern\u00e1ndez en la causa conocida como Seguros, donde se investigan presuntas irregularidades en contratos entre organismos p\u00fablicos y Naci\u00f3n Seguros durante su gesti\u00f3n presidencial. La decisi\u00f3n fue tomada por la Sala IV del m\u00e1ximo tribunal penal con los votos de los jueces [&hellip;]\" \/>\n<meta property=\"og:url\" content=\"https:\/\/gysfm.com.ar\/inicio\/la-camara-de-casacion-anulo-el-procesamiento-de-alberto-fernandez-en-la-causa-seguros\/\" \/>\n<meta property=\"og:site_name\" content=\"GYS NOTICIAS |\" \/>\n<meta property=\"article:published_time\" content=\"2026-04-30T06:40:13+00:00\" \/>\n<meta name=\"author\" content=\"Prensa G&amp;S FM\" \/>\n<meta name=\"twitter:card\" content=\"summary_large_image\" \/>\n<meta name=\"twitter:label1\" content=\"Escrito por\" \/>\n\t<meta name=\"twitter:data1\" content=\"Prensa G&amp;S FM\" \/>\n\t<meta name=\"twitter:label2\" content=\"Tiempo de lectura\" \/>\n\t<meta name=\"twitter:data2\" content=\"4 minutos\" \/>\n<script type=\"application\/ld+json\" class=\"yoast-schema-graph\">{\"@context\":\"https:\/\/schema.org\",\"@graph\":[{\"@type\":\"Article\",\"@id\":\"https:\/\/gysfm.com.ar\/inicio\/la-camara-de-casacion-anulo-el-procesamiento-de-alberto-fernandez-en-la-causa-seguros\/#article\",\"isPartOf\":{\"@id\":\"https:\/\/gysfm.com.ar\/inicio\/la-camara-de-casacion-anulo-el-procesamiento-de-alberto-fernandez-en-la-causa-seguros\/\"},\"author\":{\"name\":\"Prensa G&amp;S FM\",\"@id\":\"https:\/\/gysfm.com.ar\/inicio\/#\/schema\/person\/3abba7593ef2ad19e1be221d54383dc5\"},\"headline\":\"La C\u00e1mara de Casaci\u00f3n anul\u00f3 el procesamiento de Alberto Fern\u00e1ndez en la causa Seguros\",\"datePublished\":\"2026-04-30T06:40:13+00:00\",\"mainEntityOfPage\":{\"@id\":\"https:\/\/gysfm.com.ar\/inicio\/la-camara-de-casacion-anulo-el-procesamiento-de-alberto-fernandez-en-la-causa-seguros\/\"},\"wordCount\":728,\"publisher\":{\"@id\":\"https:\/\/gysfm.com.ar\/inicio\/#organization\"},\"image\":{\"@id\":\"https:\/\/gysfm.com.ar\/inicio\/la-camara-de-casacion-anulo-el-procesamiento-de-alberto-fernandez-en-la-causa-seguros\/#primaryimage\"},\"thumbnailUrl\":\"https:\/\/gysfm.com.ar\/inicio\/wp-content\/uploads\/2025\/11\/procesaron-a-alberto-fernandez-en-la-causa-seguros-18112025-2139519.jpg\",\"articleSection\":[\"NACIONALES\"],\"inLanguage\":\"es\"},{\"@type\":\"WebPage\",\"@id\":\"https:\/\/gysfm.com.ar\/inicio\/la-camara-de-casacion-anulo-el-procesamiento-de-alberto-fernandez-en-la-causa-seguros\/\",\"url\":\"https:\/\/gysfm.com.ar\/inicio\/la-camara-de-casacion-anulo-el-procesamiento-de-alberto-fernandez-en-la-causa-seguros\/\",\"name\":\"La C\u00e1mara de Casaci\u00f3n anul\u00f3 el procesamiento de Alberto Fern\u00e1ndez en la causa Seguros - GYS NOTICIAS |\",\"isPartOf\":{\"@id\":\"https:\/\/gysfm.com.ar\/inicio\/#website\"},\"primaryImageOfPage\":{\"@id\":\"https:\/\/gysfm.com.ar\/inicio\/la-camara-de-casacion-anulo-el-procesamiento-de-alberto-fernandez-en-la-causa-seguros\/#primaryimage\"},\"image\":{\"@id\":\"https:\/\/gysfm.com.ar\/inicio\/la-camara-de-casacion-anulo-el-procesamiento-de-alberto-fernandez-en-la-causa-seguros\/#primaryimage\"},\"thumbnailUrl\":\"https:\/\/gysfm.com.ar\/inicio\/wp-content\/uploads\/2025\/11\/procesaron-a-alberto-fernandez-en-la-causa-seguros-18112025-2139519.jpg\",\"datePublished\":\"2026-04-30T06:40:13+00:00\",\"breadcrumb\":{\"@id\":\"https:\/\/gysfm.com.ar\/inicio\/la-camara-de-casacion-anulo-el-procesamiento-de-alberto-fernandez-en-la-causa-seguros\/#breadcrumb\"},\"inLanguage\":\"es\",\"potentialAction\":[{\"@type\":\"ReadAction\",\"target\":[\"https:\/\/gysfm.com.ar\/inicio\/la-camara-de-casacion-anulo-el-procesamiento-de-alberto-fernandez-en-la-causa-seguros\/\"]}]},{\"@type\":\"ImageObject\",\"inLanguage\":\"es\",\"@id\":\"https:\/\/gysfm.com.ar\/inicio\/la-camara-de-casacion-anulo-el-procesamiento-de-alberto-fernandez-en-la-causa-seguros\/#primaryimage\",\"url\":\"https:\/\/gysfm.com.ar\/inicio\/wp-content\/uploads\/2025\/11\/procesaron-a-alberto-fernandez-en-la-causa-seguros-18112025-2139519.jpg\",\"contentUrl\":\"https:\/\/gysfm.com.ar\/inicio\/wp-content\/uploads\/2025\/11\/procesaron-a-alberto-fernandez-en-la-causa-seguros-18112025-2139519.jpg\",\"width\":1140,\"height\":641},{\"@type\":\"BreadcrumbList\",\"@id\":\"https:\/\/gysfm.com.ar\/inicio\/la-camara-de-casacion-anulo-el-procesamiento-de-alberto-fernandez-en-la-causa-seguros\/#breadcrumb\",\"itemListElement\":[{\"@type\":\"ListItem\",\"position\":1,\"name\":\"Portada\",\"item\":\"https:\/\/gysfm.com.ar\/inicio\/\"},{\"@type\":\"ListItem\",\"position\":2,\"name\":\"La C\u00e1mara de Casaci\u00f3n anul\u00f3 el procesamiento de Alberto Fern\u00e1ndez en la causa Seguros\"}]},{\"@type\":\"WebSite\",\"@id\":\"https:\/\/gysfm.com.ar\/inicio\/#website\",\"url\":\"https:\/\/gysfm.com.ar\/inicio\/\",\"name\":\"GYS NOTICIAS |\",\"description\":\"DIARIO - RADIO ONLINE SAN JUAN ARGENTINA\",\"publisher\":{\"@id\":\"https:\/\/gysfm.com.ar\/inicio\/#organization\"},\"potentialAction\":[{\"@type\":\"SearchAction\",\"target\":{\"@type\":\"EntryPoint\",\"urlTemplate\":\"https:\/\/gysfm.com.ar\/inicio\/?s={search_term_string}\"},\"query-input\":{\"@type\":\"PropertyValueSpecification\",\"valueRequired\":true,\"valueName\":\"search_term_string\"}}],\"inLanguage\":\"es\"},{\"@type\":\"Organization\",\"@id\":\"https:\/\/gysfm.com.ar\/inicio\/#organization\",\"name\":\"GYS NOTICIAS |\",\"url\":\"https:\/\/gysfm.com.ar\/inicio\/\",\"logo\":{\"@type\":\"ImageObject\",\"inLanguage\":\"es\",\"@id\":\"https:\/\/gysfm.com.ar\/inicio\/#\/schema\/logo\/image\/\",\"url\":\"https:\/\/gysfm.com.ar\/inicio\/wp-content\/uploads\/2023\/07\/LOGOGYS-OK.png\",\"contentUrl\":\"https:\/\/gysfm.com.ar\/inicio\/wp-content\/uploads\/2023\/07\/LOGOGYS-OK.png\",\"width\":1170,\"height\":872,\"caption\":\"GYS NOTICIAS |\"},\"image\":{\"@id\":\"https:\/\/gysfm.com.ar\/inicio\/#\/schema\/logo\/image\/\"}},{\"@type\":\"Person\",\"@id\":\"https:\/\/gysfm.com.ar\/inicio\/#\/schema\/person\/3abba7593ef2ad19e1be221d54383dc5\",\"name\":\"Prensa G&amp;S FM\",\"image\":{\"@type\":\"ImageObject\",\"inLanguage\":\"es\",\"@id\":\"https:\/\/gysfm.com.ar\/inicio\/#\/schema\/person\/image\/\",\"url\":\"https:\/\/secure.gravatar.com\/avatar\/096ec78df02049ab018702bb4ccedf659377fa92a26540b5247612077a0dbd29?s=96&d=mm&r=g\",\"contentUrl\":\"https:\/\/secure.gravatar.com\/avatar\/096ec78df02049ab018702bb4ccedf659377fa92a26540b5247612077a0dbd29?s=96&d=mm&r=g\",\"caption\":\"Prensa G&amp;S FM\"},\"sameAs\":[\"https:\/\/gysfm.com.ar\/\"],\"url\":\"https:\/\/gysfm.com.ar\/inicio\/author\/lucasm\/\"}]}<\/script>\n<!-- \/ Yoast SEO plugin. -->","yoast_head_json":{"title":"La C\u00e1mara de Casaci\u00f3n anul\u00f3 el procesamiento de Alberto Fern\u00e1ndez en la causa Seguros - GYS NOTICIAS |","robots":{"index":"index","follow":"follow","max-snippet":"max-snippet:-1","max-image-preview":"max-image-preview:large","max-video-preview":"max-video-preview:-1"},"canonical":"https:\/\/gysfm.com.ar\/inicio\/la-camara-de-casacion-anulo-el-procesamiento-de-alberto-fernandez-en-la-causa-seguros\/","og_locale":"es_ES","og_type":"article","og_title":"La C\u00e1mara de Casaci\u00f3n anul\u00f3 el procesamiento de Alberto Fern\u00e1ndez en la causa Seguros - GYS NOTICIAS |","og_description":"La C\u00e1mara Federal de Casaci\u00f3n Penal anul\u00f3 este mi\u00e9rcoles el procesamiento de Alberto Fern\u00e1ndez en la causa conocida como Seguros, donde se investigan presuntas irregularidades en contratos entre organismos p\u00fablicos y Naci\u00f3n Seguros durante su gesti\u00f3n presidencial. La decisi\u00f3n fue tomada por la Sala IV del m\u00e1ximo tribunal penal con los votos de los jueces [&hellip;]","og_url":"https:\/\/gysfm.com.ar\/inicio\/la-camara-de-casacion-anulo-el-procesamiento-de-alberto-fernandez-en-la-causa-seguros\/","og_site_name":"GYS NOTICIAS |","article_published_time":"2026-04-30T06:40:13+00:00","author":"Prensa G&amp;S FM","twitter_card":"summary_large_image","twitter_misc":{"Escrito por":"Prensa G&amp;S FM","Tiempo de lectura":"4 minutos"},"schema":{"@context":"https:\/\/schema.org","@graph":[{"@type":"Article","@id":"https:\/\/gysfm.com.ar\/inicio\/la-camara-de-casacion-anulo-el-procesamiento-de-alberto-fernandez-en-la-causa-seguros\/#article","isPartOf":{"@id":"https:\/\/gysfm.com.ar\/inicio\/la-camara-de-casacion-anulo-el-procesamiento-de-alberto-fernandez-en-la-causa-seguros\/"},"author":{"name":"Prensa G&amp;S FM","@id":"https:\/\/gysfm.com.ar\/inicio\/#\/schema\/person\/3abba7593ef2ad19e1be221d54383dc5"},"headline":"La C\u00e1mara de Casaci\u00f3n anul\u00f3 el procesamiento de Alberto Fern\u00e1ndez en la causa Seguros","datePublished":"2026-04-30T06:40:13+00:00","mainEntityOfPage":{"@id":"https:\/\/gysfm.com.ar\/inicio\/la-camara-de-casacion-anulo-el-procesamiento-de-alberto-fernandez-en-la-causa-seguros\/"},"wordCount":728,"publisher":{"@id":"https:\/\/gysfm.com.ar\/inicio\/#organization"},"image":{"@id":"https:\/\/gysfm.com.ar\/inicio\/la-camara-de-casacion-anulo-el-procesamiento-de-alberto-fernandez-en-la-causa-seguros\/#primaryimage"},"thumbnailUrl":"https:\/\/gysfm.com.ar\/inicio\/wp-content\/uploads\/2025\/11\/procesaron-a-alberto-fernandez-en-la-causa-seguros-18112025-2139519.jpg","articleSection":["NACIONALES"],"inLanguage":"es"},{"@type":"WebPage","@id":"https:\/\/gysfm.com.ar\/inicio\/la-camara-de-casacion-anulo-el-procesamiento-de-alberto-fernandez-en-la-causa-seguros\/","url":"https:\/\/gysfm.com.ar\/inicio\/la-camara-de-casacion-anulo-el-procesamiento-de-alberto-fernandez-en-la-causa-seguros\/","name":"La C\u00e1mara de Casaci\u00f3n anul\u00f3 el procesamiento de Alberto Fern\u00e1ndez en la causa Seguros - GYS NOTICIAS |","isPartOf":{"@id":"https:\/\/gysfm.com.ar\/inicio\/#website"},"primaryImageOfPage":{"@id":"https:\/\/gysfm.com.ar\/inicio\/la-camara-de-casacion-anulo-el-procesamiento-de-alberto-fernandez-en-la-causa-seguros\/#primaryimage"},"image":{"@id":"https:\/\/gysfm.com.ar\/inicio\/la-camara-de-casacion-anulo-el-procesamiento-de-alberto-fernandez-en-la-causa-seguros\/#primaryimage"},"thumbnailUrl":"https:\/\/gysfm.com.ar\/inicio\/wp-content\/uploads\/2025\/11\/procesaron-a-alberto-fernandez-en-la-causa-seguros-18112025-2139519.jpg","datePublished":"2026-04-30T06:40:13+00:00","breadcrumb":{"@id":"https:\/\/gysfm.com.ar\/inicio\/la-camara-de-casacion-anulo-el-procesamiento-de-alberto-fernandez-en-la-causa-seguros\/#breadcrumb"},"inLanguage":"es","potentialAction":[{"@type":"ReadAction","target":["https:\/\/gysfm.com.ar\/inicio\/la-camara-de-casacion-anulo-el-procesamiento-de-alberto-fernandez-en-la-causa-seguros\/"]}]},{"@type":"ImageObject","inLanguage":"es","@id":"https:\/\/gysfm.com.ar\/inicio\/la-camara-de-casacion-anulo-el-procesamiento-de-alberto-fernandez-en-la-causa-seguros\/#primaryimage","url":"https:\/\/gysfm.com.ar\/inicio\/wp-content\/uploads\/2025\/11\/procesaron-a-alberto-fernandez-en-la-causa-seguros-18112025-2139519.jpg","contentUrl":"https:\/\/gysfm.com.ar\/inicio\/wp-content\/uploads\/2025\/11\/procesaron-a-alberto-fernandez-en-la-causa-seguros-18112025-2139519.jpg","width":1140,"height":641},{"@type":"BreadcrumbList","@id":"https:\/\/gysfm.com.ar\/inicio\/la-camara-de-casacion-anulo-el-procesamiento-de-alberto-fernandez-en-la-causa-seguros\/#breadcrumb","itemListElement":[{"@type":"ListItem","position":1,"name":"Portada","item":"https:\/\/gysfm.com.ar\/inicio\/"},{"@type":"ListItem","position":2,"name":"La C\u00e1mara de Casaci\u00f3n anul\u00f3 el procesamiento de Alberto Fern\u00e1ndez en la causa Seguros"}]},{"@type":"WebSite","@id":"https:\/\/gysfm.com.ar\/inicio\/#website","url":"https:\/\/gysfm.com.ar\/inicio\/","name":"GYS NOTICIAS |","description":"DIARIO - RADIO ONLINE SAN JUAN ARGENTINA","publisher":{"@id":"https:\/\/gysfm.com.ar\/inicio\/#organization"},"potentialAction":[{"@type":"SearchAction","target":{"@type":"EntryPoint","urlTemplate":"https:\/\/gysfm.com.ar\/inicio\/?s={search_term_string}"},"query-input":{"@type":"PropertyValueSpecification","valueRequired":true,"valueName":"search_term_string"}}],"inLanguage":"es"},{"@type":"Organization","@id":"https:\/\/gysfm.com.ar\/inicio\/#organization","name":"GYS NOTICIAS |","url":"https:\/\/gysfm.com.ar\/inicio\/","logo":{"@type":"ImageObject","inLanguage":"es","@id":"https:\/\/gysfm.com.ar\/inicio\/#\/schema\/logo\/image\/","url":"https:\/\/gysfm.com.ar\/inicio\/wp-content\/uploads\/2023\/07\/LOGOGYS-OK.png","contentUrl":"https:\/\/gysfm.com.ar\/inicio\/wp-content\/uploads\/2023\/07\/LOGOGYS-OK.png","width":1170,"height":872,"caption":"GYS NOTICIAS |"},"image":{"@id":"https:\/\/gysfm.com.ar\/inicio\/#\/schema\/logo\/image\/"}},{"@type":"Person","@id":"https:\/\/gysfm.com.ar\/inicio\/#\/schema\/person\/3abba7593ef2ad19e1be221d54383dc5","name":"Prensa G&amp;S FM","image":{"@type":"ImageObject","inLanguage":"es","@id":"https:\/\/gysfm.com.ar\/inicio\/#\/schema\/person\/image\/","url":"https:\/\/secure.gravatar.com\/avatar\/096ec78df02049ab018702bb4ccedf659377fa92a26540b5247612077a0dbd29?s=96&d=mm&r=g","contentUrl":"https:\/\/secure.gravatar.com\/avatar\/096ec78df02049ab018702bb4ccedf659377fa92a26540b5247612077a0dbd29?s=96&d=mm&r=g","caption":"Prensa G&amp;S FM"},"sameAs":["https:\/\/gysfm.com.ar\/"],"url":"https:\/\/gysfm.com.ar\/inicio\/author\/lucasm\/"}]}},"_links":{"self":[{"href":"https:\/\/gysfm.com.ar\/inicio\/wp-json\/wp\/v2\/posts\/193820","targetHints":{"allow":["GET"]}}],"collection":[{"href":"https:\/\/gysfm.com.ar\/inicio\/wp-json\/wp\/v2\/posts"}],"about":[{"href":"https:\/\/gysfm.com.ar\/inicio\/wp-json\/wp\/v2\/types\/post"}],"author":[{"embeddable":true,"href":"https:\/\/gysfm.com.ar\/inicio\/wp-json\/wp\/v2\/users\/2"}],"replies":[{"embeddable":true,"href":"https:\/\/gysfm.com.ar\/inicio\/wp-json\/wp\/v2\/comments?post=193820"}],"version-history":[{"count":0,"href":"https:\/\/gysfm.com.ar\/inicio\/wp-json\/wp\/v2\/posts\/193820\/revisions"}],"wp:featuredmedia":[{"embeddable":true,"href":"https:\/\/gysfm.com.ar\/inicio\/wp-json\/wp\/v2\/media\/164750"}],"wp:attachment":[{"href":"https:\/\/gysfm.com.ar\/inicio\/wp-json\/wp\/v2\/media?parent=193820"}],"wp:term":[{"taxonomy":"category","embeddable":true,"href":"https:\/\/gysfm.com.ar\/inicio\/wp-json\/wp\/v2\/categories?post=193820"},{"taxonomy":"post_tag","embeddable":true,"href":"https:\/\/gysfm.com.ar\/inicio\/wp-json\/wp\/v2\/tags?post=193820"}],"curies":[{"name":"wp","href":"https:\/\/api.w.org\/{rel}","templated":true}]}}