{"id":193818,"date":"2026-04-30T03:09:19","date_gmt":"2026-04-30T06:09:19","guid":{"rendered":"https:\/\/gysfm.com.ar\/inicio\/platense-vencio-2-1-a-independiente-santa-fe-segunda-victoria-consecutiva-y-punta-compartida-en-copa-libertadores\/"},"modified":"2026-04-30T03:09:19","modified_gmt":"2026-04-30T06:09:19","slug":"platense-vencio-2-1-a-independiente-santa-fe-segunda-victoria-consecutiva-y-punta-compartida-en-copa-libertadores","status":"publish","type":"post","link":"https:\/\/gysfm.com.ar\/inicio\/platense-vencio-2-1-a-independiente-santa-fe-segunda-victoria-consecutiva-y-punta-compartida-en-copa-libertadores\/","title":{"rendered":"Platense venci\u00f3 2-1 a Independiente Santa Fe: segunda victoria consecutiva y punta compartida en Copa Libertadores"},"content":{"rendered":"<p><\/p>\n<div>\n<p><a target=\"_blank\" href=\"https:\/\/442.perfil.com\/noticias\/futbol\/penarol-vs-platense-por-la-copa-libertadores.phtml\"><strong>Platense<\/strong><\/a> vive un sue\u00f1o continental que no parece tener techo. En una noche de mi\u00e9rcoles\u00a0vibrante en el Estadio Ciudad de Vicente L\u00f3pez, el <em>Marr\u00f3n<\/em><strong>\u00a0se impuso por<\/strong> <strong>2-1\u00a0ante Independiente Santa Fe<\/strong> de Colombia por la <strong><a target=\"_blank\" href=\"https:\/\/442.perfil.com\/noticias\/futbol\/la-drastica-decision-de-ostojich-tras-el-escandalo-en-cruzeiro-vs-boca-que-dice-el-informe.phtml\">Copa Libertadores<\/a>.<\/strong><\/p>\n<p>El <em>Calamar <\/em>logr\u00f3 un triunfo vital\u00a0que lo posiciona como uno de los protagonistas del Grupo E, <strong>punta que comparte con el Corinthians de Brasil con seis unidades cada uno.<\/strong><\/p>\n<p>Tras el hist\u00f3rico triunfo ante Pe\u00f1arol en la jornada anterior, el conjunto de Vicente L\u00f3pez salt\u00f3 al estadio con la premisa de hacerse fuerte en casa. Sin embargo, el partido reci\u00e9n se abri\u00f3 en el complemento.<\/p>\n<p class=\"destacadoNota\"><a target=\"_blank\" href=\"https:\/\/442.perfil.com\/noticias\/futbol\/penarol-vs-platense-por-la-copa-libertadores.phtml\">Platense venci\u00f3 2-1 a Pe\u00f1arol en Uruguay y logr\u00f3 el primer triunfo de su historia en Copa Libertadores<\/a><\/p>\n<p><iframe id=\"vrudo\" class=\"vrudo\" src=\"https:\/\/rudo.video\/vod\/bWsoCQ?volume=0\" width=\"100%\" height=\"100%\" allowscriptaccess=\"always\" allowfullscreen=\"true\" webkitallowfullscreen=\"true\" frameborder=\"0\" scrolling=\"no\" allow=\"autoplay; fullscreen\" loading=\"lazy\"><\/iframe><\/p>\n<p>A los 11 minutos del segundo tiempo, tras un centro preciso de <strong>Guido Mainero<\/strong>, <strong>Tom\u00e1s Nasif<\/strong> apareci\u00f3 solo por el segundo palo para conectar un cabezazo letal que dej\u00f3 sin opciones al arquero Andr\u00e9s Mosquera para el 1-0 parcial.<\/p>\n<p>Lejos de replegarse, el local sigui\u00f3 buscando y encontr\u00f3 la sentencia a los 17 minutos. Nuevamente a trav\u00e9s de la v\u00eda a\u00e9rea, <strong>Mateo Mend\u00eda<\/strong> gan\u00f3 en las alturas tras un c\u00f3rner ejecutado por Mainero y puso el 2-0.<\/p>\n<p><iframe id=\"vrudo\" class=\"vrudo\" src=\"https:\/\/rudo.video\/vod\/bWsoDK?volume=0\" width=\"100%\" height=\"100%\" allowscriptaccess=\"always\" allowfullscreen=\"true\" webkitallowfullscreen=\"true\" frameborder=\"0\" scrolling=\"no\" allow=\"autoplay; fullscreen\" loading=\"lazy\"><\/iframe><\/p>\n<p>Finalmente, y en minutos de descuento<strong>, los colombianos llegaron al gol del descuento a trav\u00e9s de Franco Fagundez, que puso el 2-1 definitivo<\/strong> para cerrar el encuentro en Argentina.<\/p>\n<p>Con este resultado, Platense alcanz\u00f3 las <strong>seis unidades<\/strong> en el Grupo E, la misma cantidad que ostenta el poderoso <strong>Corinthians<\/strong> de Brasil. Este presente marca un hito para la instituci\u00f3n, que tras derrotar consecutivamente a Pe\u00f1arol y a Santa Fe, se mete de lleno en la pelea por un lugar en los octavos de final del certamen m\u00e1s importante de Am\u00e9rica.<\/p>\n<p>\u00a0<\/p>\n<p>FMZ<\/p>\n<p>\u00a0<\/p>\n<p>\u00a0<\/p>\n<p>\t\t\t\t\t<!-- tags --><\/p><\/div>\n<p><script async defer crossorigin=\"anonymous\" src=\"https:\/\/connect.facebook.net\/es_LA\/sdk.js#xfbml=1&#038;version=v10.0&#038;appId=2243118389309392&#038;autoLogAppEvents=1\" nonce=\"9rD4vd6X\"><\/script><\/p>\n","protected":false},"excerpt":{"rendered":"<p>Platense vive un sue\u00f1o continental que no parece tener techo. En una noche de mi\u00e9rcoles\u00a0vibrante en el Estadio Ciudad de Vicente L\u00f3pez, el Marr\u00f3n\u00a0se impuso por 2-1\u00a0ante Independiente Santa Fe de Colombia por la Copa Libertadores. El Calamar logr\u00f3 un triunfo vital\u00a0que lo posiciona como uno de los protagonistas del Grupo E, punta que comparte [&hellip;]<\/p>\n","protected":false},"author":2,"featured_media":193819,"comment_status":"closed","ping_status":"closed","sticky":false,"template":"","format":"standard","meta":{"footnotes":""},"categories":[25],"tags":[],"class_list":["post-193818","post","type-post","status-publish","format-standard","has-post-thumbnail","hentry","category-nacionales"],"yoast_head":"<!-- This site is optimized with the Yoast SEO plugin v24.4 - https:\/\/yoast.com\/wordpress\/plugins\/seo\/ -->\n<title>Platense venci\u00f3 2-1 a Independiente Santa Fe: segunda victoria consecutiva y punta compartida en Copa Libertadores - GYS NOTICIAS |<\/title>\n<meta name=\"robots\" content=\"index, follow, max-snippet:-1, max-image-preview:large, max-video-preview:-1\" \/>\n<link rel=\"canonical\" href=\"https:\/\/gysfm.com.ar\/inicio\/platense-vencio-2-1-a-independiente-santa-fe-segunda-victoria-consecutiva-y-punta-compartida-en-copa-libertadores\/\" \/>\n<meta property=\"og:locale\" content=\"es_ES\" \/>\n<meta property=\"og:type\" content=\"article\" \/>\n<meta property=\"og:title\" content=\"Platense venci\u00f3 2-1 a Independiente Santa Fe: segunda victoria consecutiva y punta compartida en Copa Libertadores - GYS NOTICIAS |\" \/>\n<meta property=\"og:description\" content=\"Platense vive un sue\u00f1o continental que no parece tener techo. En una noche de mi\u00e9rcoles\u00a0vibrante en el Estadio Ciudad de Vicente L\u00f3pez, el Marr\u00f3n\u00a0se impuso por 2-1\u00a0ante Independiente Santa Fe de Colombia por la Copa Libertadores. El Calamar logr\u00f3 un triunfo vital\u00a0que lo posiciona como uno de los protagonistas del Grupo E, punta que comparte [&hellip;]\" \/>\n<meta property=\"og:url\" content=\"https:\/\/gysfm.com.ar\/inicio\/platense-vencio-2-1-a-independiente-santa-fe-segunda-victoria-consecutiva-y-punta-compartida-en-copa-libertadores\/\" \/>\n<meta property=\"og:site_name\" content=\"GYS NOTICIAS |\" \/>\n<meta property=\"article:published_time\" content=\"2026-04-30T06:09:19+00:00\" \/>\n<meta name=\"author\" content=\"Prensa G&amp;S FM\" \/>\n<meta name=\"twitter:card\" content=\"summary_large_image\" \/>\n<meta name=\"twitter:label1\" content=\"Escrito por\" \/>\n\t<meta name=\"twitter:data1\" content=\"Prensa G&amp;S FM\" \/>\n\t<meta name=\"twitter:label2\" content=\"Tiempo de lectura\" \/>\n\t<meta name=\"twitter:data2\" content=\"2 minutos\" \/>\n<script type=\"application\/ld+json\" class=\"yoast-schema-graph\">{\"@context\":\"https:\/\/schema.org\",\"@graph\":[{\"@type\":\"Article\",\"@id\":\"https:\/\/gysfm.com.ar\/inicio\/platense-vencio-2-1-a-independiente-santa-fe-segunda-victoria-consecutiva-y-punta-compartida-en-copa-libertadores\/#article\",\"isPartOf\":{\"@id\":\"https:\/\/gysfm.com.ar\/inicio\/platense-vencio-2-1-a-independiente-santa-fe-segunda-victoria-consecutiva-y-punta-compartida-en-copa-libertadores\/\"},\"author\":{\"name\":\"Prensa G&amp;S FM\",\"@id\":\"https:\/\/gysfm.com.ar\/inicio\/#\/schema\/person\/3abba7593ef2ad19e1be221d54383dc5\"},\"headline\":\"Platense venci\u00f3 2-1 a Independiente Santa Fe: segunda victoria consecutiva y punta compartida en Copa Libertadores\",\"datePublished\":\"2026-04-30T06:09:19+00:00\",\"mainEntityOfPage\":{\"@id\":\"https:\/\/gysfm.com.ar\/inicio\/platense-vencio-2-1-a-independiente-santa-fe-segunda-victoria-consecutiva-y-punta-compartida-en-copa-libertadores\/\"},\"wordCount\":326,\"publisher\":{\"@id\":\"https:\/\/gysfm.com.ar\/inicio\/#organization\"},\"image\":{\"@id\":\"https:\/\/gysfm.com.ar\/inicio\/platense-vencio-2-1-a-independiente-santa-fe-segunda-victoria-consecutiva-y-punta-compartida-en-copa-libertadores\/#primaryimage\"},\"thumbnailUrl\":\"https:\/\/gysfm.com.ar\/inicio\/wp-content\/uploads\/2026\/04\/platense-vs-independiente-santa-fe-2230727.jpg\",\"articleSection\":[\"NACIONALES\"],\"inLanguage\":\"es\"},{\"@type\":\"WebPage\",\"@id\":\"https:\/\/gysfm.com.ar\/inicio\/platense-vencio-2-1-a-independiente-santa-fe-segunda-victoria-consecutiva-y-punta-compartida-en-copa-libertadores\/\",\"url\":\"https:\/\/gysfm.com.ar\/inicio\/platense-vencio-2-1-a-independiente-santa-fe-segunda-victoria-consecutiva-y-punta-compartida-en-copa-libertadores\/\",\"name\":\"Platense venci\u00f3 2-1 a Independiente Santa Fe: segunda victoria consecutiva y punta compartida en Copa Libertadores - GYS NOTICIAS |\",\"isPartOf\":{\"@id\":\"https:\/\/gysfm.com.ar\/inicio\/#website\"},\"primaryImageOfPage\":{\"@id\":\"https:\/\/gysfm.com.ar\/inicio\/platense-vencio-2-1-a-independiente-santa-fe-segunda-victoria-consecutiva-y-punta-compartida-en-copa-libertadores\/#primaryimage\"},\"image\":{\"@id\":\"https:\/\/gysfm.com.ar\/inicio\/platense-vencio-2-1-a-independiente-santa-fe-segunda-victoria-consecutiva-y-punta-compartida-en-copa-libertadores\/#primaryimage\"},\"thumbnailUrl\":\"https:\/\/gysfm.com.ar\/inicio\/wp-content\/uploads\/2026\/04\/platense-vs-independiente-santa-fe-2230727.jpg\",\"datePublished\":\"2026-04-30T06:09:19+00:00\",\"breadcrumb\":{\"@id\":\"https:\/\/gysfm.com.ar\/inicio\/platense-vencio-2-1-a-independiente-santa-fe-segunda-victoria-consecutiva-y-punta-compartida-en-copa-libertadores\/#breadcrumb\"},\"inLanguage\":\"es\",\"potentialAction\":[{\"@type\":\"ReadAction\",\"target\":[\"https:\/\/gysfm.com.ar\/inicio\/platense-vencio-2-1-a-independiente-santa-fe-segunda-victoria-consecutiva-y-punta-compartida-en-copa-libertadores\/\"]}]},{\"@type\":\"ImageObject\",\"inLanguage\":\"es\",\"@id\":\"https:\/\/gysfm.com.ar\/inicio\/platense-vencio-2-1-a-independiente-santa-fe-segunda-victoria-consecutiva-y-punta-compartida-en-copa-libertadores\/#primaryimage\",\"url\":\"https:\/\/gysfm.com.ar\/inicio\/wp-content\/uploads\/2026\/04\/platense-vs-independiente-santa-fe-2230727.jpg\",\"contentUrl\":\"https:\/\/gysfm.com.ar\/inicio\/wp-content\/uploads\/2026\/04\/platense-vs-independiente-santa-fe-2230727.jpg\",\"width\":1140,\"height\":641},{\"@type\":\"BreadcrumbList\",\"@id\":\"https:\/\/gysfm.com.ar\/inicio\/platense-vencio-2-1-a-independiente-santa-fe-segunda-victoria-consecutiva-y-punta-compartida-en-copa-libertadores\/#breadcrumb\",\"itemListElement\":[{\"@type\":\"ListItem\",\"position\":1,\"name\":\"Portada\",\"item\":\"https:\/\/gysfm.com.ar\/inicio\/\"},{\"@type\":\"ListItem\",\"position\":2,\"name\":\"Platense venci\u00f3 2-1 a Independiente Santa Fe: segunda victoria consecutiva y punta compartida en Copa Libertadores\"}]},{\"@type\":\"WebSite\",\"@id\":\"https:\/\/gysfm.com.ar\/inicio\/#website\",\"url\":\"https:\/\/gysfm.com.ar\/inicio\/\",\"name\":\"GYS NOTICIAS |\",\"description\":\"DIARIO - RADIO ONLINE SAN JUAN ARGENTINA\",\"publisher\":{\"@id\":\"https:\/\/gysfm.com.ar\/inicio\/#organization\"},\"potentialAction\":[{\"@type\":\"SearchAction\",\"target\":{\"@type\":\"EntryPoint\",\"urlTemplate\":\"https:\/\/gysfm.com.ar\/inicio\/?s={search_term_string}\"},\"query-input\":{\"@type\":\"PropertyValueSpecification\",\"valueRequired\":true,\"valueName\":\"search_term_string\"}}],\"inLanguage\":\"es\"},{\"@type\":\"Organization\",\"@id\":\"https:\/\/gysfm.com.ar\/inicio\/#organization\",\"name\":\"GYS NOTICIAS |\",\"url\":\"https:\/\/gysfm.com.ar\/inicio\/\",\"logo\":{\"@type\":\"ImageObject\",\"inLanguage\":\"es\",\"@id\":\"https:\/\/gysfm.com.ar\/inicio\/#\/schema\/logo\/image\/\",\"url\":\"https:\/\/gysfm.com.ar\/inicio\/wp-content\/uploads\/2023\/07\/LOGOGYS-OK.png\",\"contentUrl\":\"https:\/\/gysfm.com.ar\/inicio\/wp-content\/uploads\/2023\/07\/LOGOGYS-OK.png\",\"width\":1170,\"height\":872,\"caption\":\"GYS NOTICIAS |\"},\"image\":{\"@id\":\"https:\/\/gysfm.com.ar\/inicio\/#\/schema\/logo\/image\/\"}},{\"@type\":\"Person\",\"@id\":\"https:\/\/gysfm.com.ar\/inicio\/#\/schema\/person\/3abba7593ef2ad19e1be221d54383dc5\",\"name\":\"Prensa G&amp;S FM\",\"image\":{\"@type\":\"ImageObject\",\"inLanguage\":\"es\",\"@id\":\"https:\/\/gysfm.com.ar\/inicio\/#\/schema\/person\/image\/\",\"url\":\"https:\/\/secure.gravatar.com\/avatar\/096ec78df02049ab018702bb4ccedf659377fa92a26540b5247612077a0dbd29?s=96&d=mm&r=g\",\"contentUrl\":\"https:\/\/secure.gravatar.com\/avatar\/096ec78df02049ab018702bb4ccedf659377fa92a26540b5247612077a0dbd29?s=96&d=mm&r=g\",\"caption\":\"Prensa G&amp;S FM\"},\"sameAs\":[\"https:\/\/gysfm.com.ar\/\"],\"url\":\"https:\/\/gysfm.com.ar\/inicio\/author\/lucasm\/\"}]}<\/script>\n<!-- \/ Yoast SEO plugin. -->","yoast_head_json":{"title":"Platense venci\u00f3 2-1 a Independiente Santa Fe: segunda victoria consecutiva y punta compartida en Copa Libertadores - GYS NOTICIAS |","robots":{"index":"index","follow":"follow","max-snippet":"max-snippet:-1","max-image-preview":"max-image-preview:large","max-video-preview":"max-video-preview:-1"},"canonical":"https:\/\/gysfm.com.ar\/inicio\/platense-vencio-2-1-a-independiente-santa-fe-segunda-victoria-consecutiva-y-punta-compartida-en-copa-libertadores\/","og_locale":"es_ES","og_type":"article","og_title":"Platense venci\u00f3 2-1 a Independiente Santa Fe: segunda victoria consecutiva y punta compartida en Copa Libertadores - GYS NOTICIAS |","og_description":"Platense vive un sue\u00f1o continental que no parece tener techo. En una noche de mi\u00e9rcoles\u00a0vibrante en el Estadio Ciudad de Vicente L\u00f3pez, el Marr\u00f3n\u00a0se impuso por 2-1\u00a0ante Independiente Santa Fe de Colombia por la Copa Libertadores. El Calamar logr\u00f3 un triunfo vital\u00a0que lo posiciona como uno de los protagonistas del Grupo E, punta que comparte [&hellip;]","og_url":"https:\/\/gysfm.com.ar\/inicio\/platense-vencio-2-1-a-independiente-santa-fe-segunda-victoria-consecutiva-y-punta-compartida-en-copa-libertadores\/","og_site_name":"GYS NOTICIAS |","article_published_time":"2026-04-30T06:09:19+00:00","author":"Prensa G&amp;S FM","twitter_card":"summary_large_image","twitter_misc":{"Escrito por":"Prensa G&amp;S FM","Tiempo de lectura":"2 minutos"},"schema":{"@context":"https:\/\/schema.org","@graph":[{"@type":"Article","@id":"https:\/\/gysfm.com.ar\/inicio\/platense-vencio-2-1-a-independiente-santa-fe-segunda-victoria-consecutiva-y-punta-compartida-en-copa-libertadores\/#article","isPartOf":{"@id":"https:\/\/gysfm.com.ar\/inicio\/platense-vencio-2-1-a-independiente-santa-fe-segunda-victoria-consecutiva-y-punta-compartida-en-copa-libertadores\/"},"author":{"name":"Prensa G&amp;S FM","@id":"https:\/\/gysfm.com.ar\/inicio\/#\/schema\/person\/3abba7593ef2ad19e1be221d54383dc5"},"headline":"Platense venci\u00f3 2-1 a Independiente Santa Fe: segunda victoria consecutiva y punta compartida en Copa Libertadores","datePublished":"2026-04-30T06:09:19+00:00","mainEntityOfPage":{"@id":"https:\/\/gysfm.com.ar\/inicio\/platense-vencio-2-1-a-independiente-santa-fe-segunda-victoria-consecutiva-y-punta-compartida-en-copa-libertadores\/"},"wordCount":326,"publisher":{"@id":"https:\/\/gysfm.com.ar\/inicio\/#organization"},"image":{"@id":"https:\/\/gysfm.com.ar\/inicio\/platense-vencio-2-1-a-independiente-santa-fe-segunda-victoria-consecutiva-y-punta-compartida-en-copa-libertadores\/#primaryimage"},"thumbnailUrl":"https:\/\/gysfm.com.ar\/inicio\/wp-content\/uploads\/2026\/04\/platense-vs-independiente-santa-fe-2230727.jpg","articleSection":["NACIONALES"],"inLanguage":"es"},{"@type":"WebPage","@id":"https:\/\/gysfm.com.ar\/inicio\/platense-vencio-2-1-a-independiente-santa-fe-segunda-victoria-consecutiva-y-punta-compartida-en-copa-libertadores\/","url":"https:\/\/gysfm.com.ar\/inicio\/platense-vencio-2-1-a-independiente-santa-fe-segunda-victoria-consecutiva-y-punta-compartida-en-copa-libertadores\/","name":"Platense venci\u00f3 2-1 a Independiente Santa Fe: segunda victoria consecutiva y punta compartida en Copa Libertadores - GYS NOTICIAS |","isPartOf":{"@id":"https:\/\/gysfm.com.ar\/inicio\/#website"},"primaryImageOfPage":{"@id":"https:\/\/gysfm.com.ar\/inicio\/platense-vencio-2-1-a-independiente-santa-fe-segunda-victoria-consecutiva-y-punta-compartida-en-copa-libertadores\/#primaryimage"},"image":{"@id":"https:\/\/gysfm.com.ar\/inicio\/platense-vencio-2-1-a-independiente-santa-fe-segunda-victoria-consecutiva-y-punta-compartida-en-copa-libertadores\/#primaryimage"},"thumbnailUrl":"https:\/\/gysfm.com.ar\/inicio\/wp-content\/uploads\/2026\/04\/platense-vs-independiente-santa-fe-2230727.jpg","datePublished":"2026-04-30T06:09:19+00:00","breadcrumb":{"@id":"https:\/\/gysfm.com.ar\/inicio\/platense-vencio-2-1-a-independiente-santa-fe-segunda-victoria-consecutiva-y-punta-compartida-en-copa-libertadores\/#breadcrumb"},"inLanguage":"es","potentialAction":[{"@type":"ReadAction","target":["https:\/\/gysfm.com.ar\/inicio\/platense-vencio-2-1-a-independiente-santa-fe-segunda-victoria-consecutiva-y-punta-compartida-en-copa-libertadores\/"]}]},{"@type":"ImageObject","inLanguage":"es","@id":"https:\/\/gysfm.com.ar\/inicio\/platense-vencio-2-1-a-independiente-santa-fe-segunda-victoria-consecutiva-y-punta-compartida-en-copa-libertadores\/#primaryimage","url":"https:\/\/gysfm.com.ar\/inicio\/wp-content\/uploads\/2026\/04\/platense-vs-independiente-santa-fe-2230727.jpg","contentUrl":"https:\/\/gysfm.com.ar\/inicio\/wp-content\/uploads\/2026\/04\/platense-vs-independiente-santa-fe-2230727.jpg","width":1140,"height":641},{"@type":"BreadcrumbList","@id":"https:\/\/gysfm.com.ar\/inicio\/platense-vencio-2-1-a-independiente-santa-fe-segunda-victoria-consecutiva-y-punta-compartida-en-copa-libertadores\/#breadcrumb","itemListElement":[{"@type":"ListItem","position":1,"name":"Portada","item":"https:\/\/gysfm.com.ar\/inicio\/"},{"@type":"ListItem","position":2,"name":"Platense venci\u00f3 2-1 a Independiente Santa Fe: segunda victoria consecutiva y punta compartida en Copa Libertadores"}]},{"@type":"WebSite","@id":"https:\/\/gysfm.com.ar\/inicio\/#website","url":"https:\/\/gysfm.com.ar\/inicio\/","name":"GYS NOTICIAS |","description":"DIARIO - RADIO ONLINE SAN JUAN ARGENTINA","publisher":{"@id":"https:\/\/gysfm.com.ar\/inicio\/#organization"},"potentialAction":[{"@type":"SearchAction","target":{"@type":"EntryPoint","urlTemplate":"https:\/\/gysfm.com.ar\/inicio\/?s={search_term_string}"},"query-input":{"@type":"PropertyValueSpecification","valueRequired":true,"valueName":"search_term_string"}}],"inLanguage":"es"},{"@type":"Organization","@id":"https:\/\/gysfm.com.ar\/inicio\/#organization","name":"GYS NOTICIAS |","url":"https:\/\/gysfm.com.ar\/inicio\/","logo":{"@type":"ImageObject","inLanguage":"es","@id":"https:\/\/gysfm.com.ar\/inicio\/#\/schema\/logo\/image\/","url":"https:\/\/gysfm.com.ar\/inicio\/wp-content\/uploads\/2023\/07\/LOGOGYS-OK.png","contentUrl":"https:\/\/gysfm.com.ar\/inicio\/wp-content\/uploads\/2023\/07\/LOGOGYS-OK.png","width":1170,"height":872,"caption":"GYS NOTICIAS |"},"image":{"@id":"https:\/\/gysfm.com.ar\/inicio\/#\/schema\/logo\/image\/"}},{"@type":"Person","@id":"https:\/\/gysfm.com.ar\/inicio\/#\/schema\/person\/3abba7593ef2ad19e1be221d54383dc5","name":"Prensa G&amp;S FM","image":{"@type":"ImageObject","inLanguage":"es","@id":"https:\/\/gysfm.com.ar\/inicio\/#\/schema\/person\/image\/","url":"https:\/\/secure.gravatar.com\/avatar\/096ec78df02049ab018702bb4ccedf659377fa92a26540b5247612077a0dbd29?s=96&d=mm&r=g","contentUrl":"https:\/\/secure.gravatar.com\/avatar\/096ec78df02049ab018702bb4ccedf659377fa92a26540b5247612077a0dbd29?s=96&d=mm&r=g","caption":"Prensa G&amp;S FM"},"sameAs":["https:\/\/gysfm.com.ar\/"],"url":"https:\/\/gysfm.com.ar\/inicio\/author\/lucasm\/"}]}},"_links":{"self":[{"href":"https:\/\/gysfm.com.ar\/inicio\/wp-json\/wp\/v2\/posts\/193818","targetHints":{"allow":["GET"]}}],"collection":[{"href":"https:\/\/gysfm.com.ar\/inicio\/wp-json\/wp\/v2\/posts"}],"about":[{"href":"https:\/\/gysfm.com.ar\/inicio\/wp-json\/wp\/v2\/types\/post"}],"author":[{"embeddable":true,"href":"https:\/\/gysfm.com.ar\/inicio\/wp-json\/wp\/v2\/users\/2"}],"replies":[{"embeddable":true,"href":"https:\/\/gysfm.com.ar\/inicio\/wp-json\/wp\/v2\/comments?post=193818"}],"version-history":[{"count":0,"href":"https:\/\/gysfm.com.ar\/inicio\/wp-json\/wp\/v2\/posts\/193818\/revisions"}],"wp:featuredmedia":[{"embeddable":true,"href":"https:\/\/gysfm.com.ar\/inicio\/wp-json\/wp\/v2\/media\/193819"}],"wp:attachment":[{"href":"https:\/\/gysfm.com.ar\/inicio\/wp-json\/wp\/v2\/media?parent=193818"}],"wp:term":[{"taxonomy":"category","embeddable":true,"href":"https:\/\/gysfm.com.ar\/inicio\/wp-json\/wp\/v2\/categories?post=193818"},{"taxonomy":"post_tag","embeddable":true,"href":"https:\/\/gysfm.com.ar\/inicio\/wp-json\/wp\/v2\/tags?post=193818"}],"curies":[{"name":"wp","href":"https:\/\/api.w.org\/{rel}","templated":true}]}}