{"id":193813,"date":"2026-04-30T02:38:11","date_gmt":"2026-04-30T05:38:11","guid":{"rendered":"https:\/\/gysfm.com.ar\/inicio\/estudiantes-igualo-1-1-con-flamengo-en-la-plata-y-sigue-prendido-en-la-pelea-por-el-grupo-a-de-la-copa-libertadores\/"},"modified":"2026-04-30T02:38:11","modified_gmt":"2026-04-30T05:38:11","slug":"estudiantes-igualo-1-1-con-flamengo-en-la-plata-y-sigue-prendido-en-la-pelea-por-el-grupo-a-de-la-copa-libertadores","status":"publish","type":"post","link":"https:\/\/gysfm.com.ar\/inicio\/estudiantes-igualo-1-1-con-flamengo-en-la-plata-y-sigue-prendido-en-la-pelea-por-el-grupo-a-de-la-copa-libertadores\/","title":{"rendered":"Estudiantes igual\u00f3 1-1 con Flamengo en La Plata y sigue prendido en la pelea por el Grupo A de la Copa Libertadores"},"content":{"rendered":"<p><\/p>\n<div>\n<p><iframe src=\"https:\/\/perfil.datafactory.la\/html\/v3\/minapp\/modules\/futbol\/itemMaM\/itemMaM.html?channel=deportes.futbol.libertadores.793789.mam&amp;lang=es_LA\" class=\"\" width=\"100%\" height=\"100%\" style=\"border:0\" allowfullscreen=\"\" loading=\"lazy\"><\/iframe><\/p>\n<p><strong><a target=\"_blank\" href=\"https:\/\/442.perfil.com\/noticias\/futbol\/grave-denuncia-en-estudiantes-de-la-plata-una-joven-acusa-de-abuso-sexual-a-un-profesor-de-boxeo.phtml\">Estudiantes <\/a>empat\u00f3 1-1 ante <a target=\"_blank\" href=\"https:\/\/442.perfil.com\/noticias\/futbol\/lanus-vs-flamengo-por-la-recopa-sudamericana.phtml\">Flamengo <\/a>en el Estadio Jorge Luis Hirschi por la tercera fecha del Grupo A de la <a target=\"_blank\" href=\"https:\/\/442.perfil.com\/noticias\/futbol\/platense-vencio-2-1-a-independiente-santa-fe-segunda-victoria-consecutiva-y-punta-compartida-en-copa-libertadores.phtml\">Copa Libertadores<\/a> 2026.<\/strong> El <em>Pincha <\/em>dio la talla ante el \u00faltimo campe\u00f3n del certamen y cerr\u00f3 la primera ronda de la fase en el segundo puesto, manteni\u00e9ndose en zona de clasificaci\u00f3n directa.<\/p>\n<p>Con este empate<strong>, los oriundos de La Plata llegaron a las cinco unidades<\/strong>, siendo escoltas del propio equipo brasilero, que ostenta de siete puntos.<\/p>\n<h2>Flamengo golpe\u00f3 en el mejor momento y se fue al descanso con\u00a0ventaja<\/h2>\n<p>En un primer tiempo de alta intensidad en La Plata, <strong>Flamengo<\/strong> demostr\u00f3 por qu\u00e9 es el l\u00edder del grupo al adelantarse a los 32 minutos. Tras una asistencia precisa de <strong>Bruno Henrique<\/strong>, <strong>Luiz Ara\u00fajo<\/strong> apareci\u00f3 para concretar la jugada y poner el 1-0 parcial.<\/p>\n<p><iframe id=\"vrudo\" class=\"vrudo\" src=\"https:\/\/rudo.video\/vod\/bWsqdl?volume=0\" width=\"100%\" height=\"100%\" allowscriptaccess=\"always\" allowfullscreen=\"true\" webkitallowfullscreen=\"true\" frameborder=\"0\" scrolling=\"no\" allow=\"autoplay; fullscreen\" loading=\"lazy\"><\/iframe><\/p>\n<p><strong>Estudiantes<\/strong> no se qued\u00f3 atr\u00e1s y busc\u00f3 el empate con insistencia, principalmente a trav\u00e9s de la movilidad de <strong>Facundo Far\u00edas<\/strong>. El delantero tuvo las chances m\u00e1s claras con remates de media distancia, pero se top\u00f3 con la seguridad de <strong>Agust\u00edn Rossi<\/strong> y la solidez defensiva de Emerson Royal.<\/p>\n<p>El cierre de los primeros 45 minutos mostr\u00f3 un duelo de mucha fricci\u00f3n y pierna fuerte, con constantes faltas en ambos lados que cortaron el ritmo del juego.<\/p>\n<h2>El VAR le dio el empate al <em>Pincha<\/em>: Carrillo y un cabezazo con \u00absuspenso\u00bb<\/h2>\n<p>La m\u00edstica de <strong>Estudiantes<\/strong> en las noches de Copa apareci\u00f3 en su m\u00e1xima expresi\u00f3n al inicio del complemento. A los 9 minutos del segundo tiempo, tras un centro preciso, <strong>Guido Carrillo<\/strong> se impuso con un cabezazo potente y certero que dej\u00f3 sin respuestas a la defensa brasile\u00f1a.<\/p>\n<p><iframe id=\"vrudo\" class=\"vrudo\" src=\"https:\/\/rudo.video\/vod\/bWsqDW?volume=0\" width=\"100%\" height=\"100%\" allowscriptaccess=\"always\" allowfullscreen=\"true\" webkitallowfullscreen=\"true\" frameborder=\"0\" scrolling=\"no\" allow=\"autoplay; fullscreen\" loading=\"lazy\"><\/iframe><\/p>\n<p>El impacto fue tan violento que, pese al esfuerzo de <strong>Agust\u00edn Rossi<\/strong>, el arquero termin\u00f3 meti\u00e9ndose dentro de su propio arco con pelota y todo, desatando el primer grito de desahogo en las tribunas del Estadio\u00a0UNO.<\/p>\n<p>\u00a0El \u00e1rbitro Piero Maza fue llamado por el <strong>VAR<\/strong> para revisar la jugada, lo que mantuvo el aliento contenido en todo el estadio. Tras una revisi\u00f3n de casi dos minutos, el juez chileno confirm\u00f3 que la pelota entr\u00f3 y Estudiantes lleg\u00f3 al empate.<\/p>\n<h2>Estad\u00edsticas y Minuto a Minuto<\/h2>\n<p><iframe class=\"df-iframe\" src=\"https:\/\/perfil.datafactory.la\/html\/v3\/minapp\/modules\/futbol\/liveHome\/liveHome.html?channel=deportes.futbol.libertadores.793789&amp;amp&amp;lang=es_LA\" width=\"100%\" height=\"2000\" scrolling=\"auto\" style=\"width: 1px&amp; min-width: 100%&amp; *width: 100%\" loading=\"lazy\"><\/iframe><\/p>\n<p><iframe class=\"df-iframe\" src=\"https:\/\/perfil.datafactory.la\/html\/v3\/minapp\/modules\/futbol\/gamecast\/gamecast.html?channel=deportes.futbol.libertadores.793789&amp;amp&amp;lang=es_LA\" width=\"100%\" height=\"1000\" scrolling=\"auto\" style=\"width: 1px&amp; min-width: 100%&amp; *width: 100%\" loading=\"lazy\"><\/iframe><\/p>\n<p>\u00a0<\/p>\n<p>FMZ<\/p>\n<p><iframe src=\"https:\/\/perfil.datafactory.la\/html\/v3\/minapp\/modules\/futbol\/itemMaM\/itemMaM.html?channel=deportes.futbol.libertadores.793789.mam&amp;lang=es_LA\" class=\"\" width=\"100%\" height=\"100%\" style=\"border:0\" allowfullscreen=\"\" loading=\"lazy\"><\/iframe><\/p>\n<p>\t\t\t\t\t<!-- tags --><\/p><\/div>\n<p><script async defer crossorigin=\"anonymous\" src=\"https:\/\/connect.facebook.net\/es_LA\/sdk.js#xfbml=1&#038;version=v10.0&#038;appId=2243118389309392&#038;autoLogAppEvents=1\" nonce=\"9rD4vd6X\"><\/script><\/p>\n","protected":false},"excerpt":{"rendered":"<p>Estudiantes empat\u00f3 1-1 ante Flamengo en el Estadio Jorge Luis Hirschi por la tercera fecha del Grupo A de la Copa Libertadores 2026. El Pincha dio la talla ante el \u00faltimo campe\u00f3n del certamen y cerr\u00f3 la primera ronda de la fase en el segundo puesto, manteni\u00e9ndose en zona de clasificaci\u00f3n directa. Con este empate, [&hellip;]<\/p>\n","protected":false},"author":2,"featured_media":193814,"comment_status":"closed","ping_status":"closed","sticky":false,"template":"","format":"standard","meta":{"footnotes":""},"categories":[25],"tags":[],"class_list":["post-193813","post","type-post","status-publish","format-standard","has-post-thumbnail","hentry","category-nacionales"],"yoast_head":"<!-- This site is optimized with the Yoast SEO plugin v24.4 - https:\/\/yoast.com\/wordpress\/plugins\/seo\/ -->\n<title>Estudiantes igual\u00f3 1-1 con Flamengo en La Plata y sigue prendido en la pelea por el Grupo A de la Copa Libertadores - GYS NOTICIAS |<\/title>\n<meta name=\"robots\" content=\"index, follow, max-snippet:-1, max-image-preview:large, max-video-preview:-1\" \/>\n<link rel=\"canonical\" href=\"https:\/\/gysfm.com.ar\/inicio\/estudiantes-igualo-1-1-con-flamengo-en-la-plata-y-sigue-prendido-en-la-pelea-por-el-grupo-a-de-la-copa-libertadores\/\" \/>\n<meta property=\"og:locale\" content=\"es_ES\" \/>\n<meta property=\"og:type\" content=\"article\" \/>\n<meta property=\"og:title\" content=\"Estudiantes igual\u00f3 1-1 con Flamengo en La Plata y sigue prendido en la pelea por el Grupo A de la Copa Libertadores - GYS NOTICIAS |\" \/>\n<meta property=\"og:description\" content=\"Estudiantes empat\u00f3 1-1 ante Flamengo en el Estadio Jorge Luis Hirschi por la tercera fecha del Grupo A de la Copa Libertadores 2026. El Pincha dio la talla ante el \u00faltimo campe\u00f3n del certamen y cerr\u00f3 la primera ronda de la fase en el segundo puesto, manteni\u00e9ndose en zona de clasificaci\u00f3n directa. Con este empate, [&hellip;]\" \/>\n<meta property=\"og:url\" content=\"https:\/\/gysfm.com.ar\/inicio\/estudiantes-igualo-1-1-con-flamengo-en-la-plata-y-sigue-prendido-en-la-pelea-por-el-grupo-a-de-la-copa-libertadores\/\" \/>\n<meta property=\"og:site_name\" content=\"GYS NOTICIAS |\" \/>\n<meta property=\"article:published_time\" content=\"2026-04-30T05:38:11+00:00\" \/>\n<meta name=\"author\" content=\"Prensa G&amp;S FM\" \/>\n<meta name=\"twitter:card\" content=\"summary_large_image\" \/>\n<meta name=\"twitter:label1\" content=\"Escrito por\" \/>\n\t<meta name=\"twitter:data1\" content=\"Prensa G&amp;S FM\" \/>\n\t<meta name=\"twitter:label2\" content=\"Tiempo de lectura\" \/>\n\t<meta name=\"twitter:data2\" content=\"2 minutos\" \/>\n<script type=\"application\/ld+json\" class=\"yoast-schema-graph\">{\"@context\":\"https:\/\/schema.org\",\"@graph\":[{\"@type\":\"Article\",\"@id\":\"https:\/\/gysfm.com.ar\/inicio\/estudiantes-igualo-1-1-con-flamengo-en-la-plata-y-sigue-prendido-en-la-pelea-por-el-grupo-a-de-la-copa-libertadores\/#article\",\"isPartOf\":{\"@id\":\"https:\/\/gysfm.com.ar\/inicio\/estudiantes-igualo-1-1-con-flamengo-en-la-plata-y-sigue-prendido-en-la-pelea-por-el-grupo-a-de-la-copa-libertadores\/\"},\"author\":{\"name\":\"Prensa G&amp;S FM\",\"@id\":\"https:\/\/gysfm.com.ar\/inicio\/#\/schema\/person\/3abba7593ef2ad19e1be221d54383dc5\"},\"headline\":\"Estudiantes igual\u00f3 1-1 con Flamengo en La Plata y sigue prendido en la pelea por el Grupo A de la Copa Libertadores\",\"datePublished\":\"2026-04-30T05:38:11+00:00\",\"mainEntityOfPage\":{\"@id\":\"https:\/\/gysfm.com.ar\/inicio\/estudiantes-igualo-1-1-con-flamengo-en-la-plata-y-sigue-prendido-en-la-pelea-por-el-grupo-a-de-la-copa-libertadores\/\"},\"wordCount\":393,\"publisher\":{\"@id\":\"https:\/\/gysfm.com.ar\/inicio\/#organization\"},\"image\":{\"@id\":\"https:\/\/gysfm.com.ar\/inicio\/estudiantes-igualo-1-1-con-flamengo-en-la-plata-y-sigue-prendido-en-la-pelea-por-el-grupo-a-de-la-copa-libertadores\/#primaryimage\"},\"thumbnailUrl\":\"https:\/\/gysfm.com.ar\/inicio\/wp-content\/uploads\/2026\/04\/estudiantes-vs-flamengo-2230805.jpg\",\"articleSection\":[\"NACIONALES\"],\"inLanguage\":\"es\"},{\"@type\":\"WebPage\",\"@id\":\"https:\/\/gysfm.com.ar\/inicio\/estudiantes-igualo-1-1-con-flamengo-en-la-plata-y-sigue-prendido-en-la-pelea-por-el-grupo-a-de-la-copa-libertadores\/\",\"url\":\"https:\/\/gysfm.com.ar\/inicio\/estudiantes-igualo-1-1-con-flamengo-en-la-plata-y-sigue-prendido-en-la-pelea-por-el-grupo-a-de-la-copa-libertadores\/\",\"name\":\"Estudiantes igual\u00f3 1-1 con Flamengo en La Plata y sigue prendido en la pelea por el Grupo A de la Copa Libertadores - GYS NOTICIAS |\",\"isPartOf\":{\"@id\":\"https:\/\/gysfm.com.ar\/inicio\/#website\"},\"primaryImageOfPage\":{\"@id\":\"https:\/\/gysfm.com.ar\/inicio\/estudiantes-igualo-1-1-con-flamengo-en-la-plata-y-sigue-prendido-en-la-pelea-por-el-grupo-a-de-la-copa-libertadores\/#primaryimage\"},\"image\":{\"@id\":\"https:\/\/gysfm.com.ar\/inicio\/estudiantes-igualo-1-1-con-flamengo-en-la-plata-y-sigue-prendido-en-la-pelea-por-el-grupo-a-de-la-copa-libertadores\/#primaryimage\"},\"thumbnailUrl\":\"https:\/\/gysfm.com.ar\/inicio\/wp-content\/uploads\/2026\/04\/estudiantes-vs-flamengo-2230805.jpg\",\"datePublished\":\"2026-04-30T05:38:11+00:00\",\"breadcrumb\":{\"@id\":\"https:\/\/gysfm.com.ar\/inicio\/estudiantes-igualo-1-1-con-flamengo-en-la-plata-y-sigue-prendido-en-la-pelea-por-el-grupo-a-de-la-copa-libertadores\/#breadcrumb\"},\"inLanguage\":\"es\",\"potentialAction\":[{\"@type\":\"ReadAction\",\"target\":[\"https:\/\/gysfm.com.ar\/inicio\/estudiantes-igualo-1-1-con-flamengo-en-la-plata-y-sigue-prendido-en-la-pelea-por-el-grupo-a-de-la-copa-libertadores\/\"]}]},{\"@type\":\"ImageObject\",\"inLanguage\":\"es\",\"@id\":\"https:\/\/gysfm.com.ar\/inicio\/estudiantes-igualo-1-1-con-flamengo-en-la-plata-y-sigue-prendido-en-la-pelea-por-el-grupo-a-de-la-copa-libertadores\/#primaryimage\",\"url\":\"https:\/\/gysfm.com.ar\/inicio\/wp-content\/uploads\/2026\/04\/estudiantes-vs-flamengo-2230805.jpg\",\"contentUrl\":\"https:\/\/gysfm.com.ar\/inicio\/wp-content\/uploads\/2026\/04\/estudiantes-vs-flamengo-2230805.jpg\",\"width\":1140,\"height\":641},{\"@type\":\"BreadcrumbList\",\"@id\":\"https:\/\/gysfm.com.ar\/inicio\/estudiantes-igualo-1-1-con-flamengo-en-la-plata-y-sigue-prendido-en-la-pelea-por-el-grupo-a-de-la-copa-libertadores\/#breadcrumb\",\"itemListElement\":[{\"@type\":\"ListItem\",\"position\":1,\"name\":\"Portada\",\"item\":\"https:\/\/gysfm.com.ar\/inicio\/\"},{\"@type\":\"ListItem\",\"position\":2,\"name\":\"Estudiantes igual\u00f3 1-1 con Flamengo en La Plata y sigue prendido en la pelea por el Grupo A de la Copa Libertadores\"}]},{\"@type\":\"WebSite\",\"@id\":\"https:\/\/gysfm.com.ar\/inicio\/#website\",\"url\":\"https:\/\/gysfm.com.ar\/inicio\/\",\"name\":\"GYS NOTICIAS |\",\"description\":\"DIARIO - RADIO ONLINE SAN JUAN ARGENTINA\",\"publisher\":{\"@id\":\"https:\/\/gysfm.com.ar\/inicio\/#organization\"},\"potentialAction\":[{\"@type\":\"SearchAction\",\"target\":{\"@type\":\"EntryPoint\",\"urlTemplate\":\"https:\/\/gysfm.com.ar\/inicio\/?s={search_term_string}\"},\"query-input\":{\"@type\":\"PropertyValueSpecification\",\"valueRequired\":true,\"valueName\":\"search_term_string\"}}],\"inLanguage\":\"es\"},{\"@type\":\"Organization\",\"@id\":\"https:\/\/gysfm.com.ar\/inicio\/#organization\",\"name\":\"GYS NOTICIAS |\",\"url\":\"https:\/\/gysfm.com.ar\/inicio\/\",\"logo\":{\"@type\":\"ImageObject\",\"inLanguage\":\"es\",\"@id\":\"https:\/\/gysfm.com.ar\/inicio\/#\/schema\/logo\/image\/\",\"url\":\"https:\/\/gysfm.com.ar\/inicio\/wp-content\/uploads\/2023\/07\/LOGOGYS-OK.png\",\"contentUrl\":\"https:\/\/gysfm.com.ar\/inicio\/wp-content\/uploads\/2023\/07\/LOGOGYS-OK.png\",\"width\":1170,\"height\":872,\"caption\":\"GYS NOTICIAS |\"},\"image\":{\"@id\":\"https:\/\/gysfm.com.ar\/inicio\/#\/schema\/logo\/image\/\"}},{\"@type\":\"Person\",\"@id\":\"https:\/\/gysfm.com.ar\/inicio\/#\/schema\/person\/3abba7593ef2ad19e1be221d54383dc5\",\"name\":\"Prensa G&amp;S FM\",\"image\":{\"@type\":\"ImageObject\",\"inLanguage\":\"es\",\"@id\":\"https:\/\/gysfm.com.ar\/inicio\/#\/schema\/person\/image\/\",\"url\":\"https:\/\/secure.gravatar.com\/avatar\/096ec78df02049ab018702bb4ccedf659377fa92a26540b5247612077a0dbd29?s=96&d=mm&r=g\",\"contentUrl\":\"https:\/\/secure.gravatar.com\/avatar\/096ec78df02049ab018702bb4ccedf659377fa92a26540b5247612077a0dbd29?s=96&d=mm&r=g\",\"caption\":\"Prensa G&amp;S FM\"},\"sameAs\":[\"https:\/\/gysfm.com.ar\/\"],\"url\":\"https:\/\/gysfm.com.ar\/inicio\/author\/lucasm\/\"}]}<\/script>\n<!-- \/ Yoast SEO plugin. -->","yoast_head_json":{"title":"Estudiantes igual\u00f3 1-1 con Flamengo en La Plata y sigue prendido en la pelea por el Grupo A de la Copa Libertadores - GYS NOTICIAS |","robots":{"index":"index","follow":"follow","max-snippet":"max-snippet:-1","max-image-preview":"max-image-preview:large","max-video-preview":"max-video-preview:-1"},"canonical":"https:\/\/gysfm.com.ar\/inicio\/estudiantes-igualo-1-1-con-flamengo-en-la-plata-y-sigue-prendido-en-la-pelea-por-el-grupo-a-de-la-copa-libertadores\/","og_locale":"es_ES","og_type":"article","og_title":"Estudiantes igual\u00f3 1-1 con Flamengo en La Plata y sigue prendido en la pelea por el Grupo A de la Copa Libertadores - GYS NOTICIAS |","og_description":"Estudiantes empat\u00f3 1-1 ante Flamengo en el Estadio Jorge Luis Hirschi por la tercera fecha del Grupo A de la Copa Libertadores 2026. El Pincha dio la talla ante el \u00faltimo campe\u00f3n del certamen y cerr\u00f3 la primera ronda de la fase en el segundo puesto, manteni\u00e9ndose en zona de clasificaci\u00f3n directa. Con este empate, [&hellip;]","og_url":"https:\/\/gysfm.com.ar\/inicio\/estudiantes-igualo-1-1-con-flamengo-en-la-plata-y-sigue-prendido-en-la-pelea-por-el-grupo-a-de-la-copa-libertadores\/","og_site_name":"GYS NOTICIAS |","article_published_time":"2026-04-30T05:38:11+00:00","author":"Prensa G&amp;S FM","twitter_card":"summary_large_image","twitter_misc":{"Escrito por":"Prensa G&amp;S FM","Tiempo de lectura":"2 minutos"},"schema":{"@context":"https:\/\/schema.org","@graph":[{"@type":"Article","@id":"https:\/\/gysfm.com.ar\/inicio\/estudiantes-igualo-1-1-con-flamengo-en-la-plata-y-sigue-prendido-en-la-pelea-por-el-grupo-a-de-la-copa-libertadores\/#article","isPartOf":{"@id":"https:\/\/gysfm.com.ar\/inicio\/estudiantes-igualo-1-1-con-flamengo-en-la-plata-y-sigue-prendido-en-la-pelea-por-el-grupo-a-de-la-copa-libertadores\/"},"author":{"name":"Prensa G&amp;S FM","@id":"https:\/\/gysfm.com.ar\/inicio\/#\/schema\/person\/3abba7593ef2ad19e1be221d54383dc5"},"headline":"Estudiantes igual\u00f3 1-1 con Flamengo en La Plata y sigue prendido en la pelea por el Grupo A de la Copa Libertadores","datePublished":"2026-04-30T05:38:11+00:00","mainEntityOfPage":{"@id":"https:\/\/gysfm.com.ar\/inicio\/estudiantes-igualo-1-1-con-flamengo-en-la-plata-y-sigue-prendido-en-la-pelea-por-el-grupo-a-de-la-copa-libertadores\/"},"wordCount":393,"publisher":{"@id":"https:\/\/gysfm.com.ar\/inicio\/#organization"},"image":{"@id":"https:\/\/gysfm.com.ar\/inicio\/estudiantes-igualo-1-1-con-flamengo-en-la-plata-y-sigue-prendido-en-la-pelea-por-el-grupo-a-de-la-copa-libertadores\/#primaryimage"},"thumbnailUrl":"https:\/\/gysfm.com.ar\/inicio\/wp-content\/uploads\/2026\/04\/estudiantes-vs-flamengo-2230805.jpg","articleSection":["NACIONALES"],"inLanguage":"es"},{"@type":"WebPage","@id":"https:\/\/gysfm.com.ar\/inicio\/estudiantes-igualo-1-1-con-flamengo-en-la-plata-y-sigue-prendido-en-la-pelea-por-el-grupo-a-de-la-copa-libertadores\/","url":"https:\/\/gysfm.com.ar\/inicio\/estudiantes-igualo-1-1-con-flamengo-en-la-plata-y-sigue-prendido-en-la-pelea-por-el-grupo-a-de-la-copa-libertadores\/","name":"Estudiantes igual\u00f3 1-1 con Flamengo en La Plata y sigue prendido en la pelea por el Grupo A de la Copa Libertadores - GYS NOTICIAS |","isPartOf":{"@id":"https:\/\/gysfm.com.ar\/inicio\/#website"},"primaryImageOfPage":{"@id":"https:\/\/gysfm.com.ar\/inicio\/estudiantes-igualo-1-1-con-flamengo-en-la-plata-y-sigue-prendido-en-la-pelea-por-el-grupo-a-de-la-copa-libertadores\/#primaryimage"},"image":{"@id":"https:\/\/gysfm.com.ar\/inicio\/estudiantes-igualo-1-1-con-flamengo-en-la-plata-y-sigue-prendido-en-la-pelea-por-el-grupo-a-de-la-copa-libertadores\/#primaryimage"},"thumbnailUrl":"https:\/\/gysfm.com.ar\/inicio\/wp-content\/uploads\/2026\/04\/estudiantes-vs-flamengo-2230805.jpg","datePublished":"2026-04-30T05:38:11+00:00","breadcrumb":{"@id":"https:\/\/gysfm.com.ar\/inicio\/estudiantes-igualo-1-1-con-flamengo-en-la-plata-y-sigue-prendido-en-la-pelea-por-el-grupo-a-de-la-copa-libertadores\/#breadcrumb"},"inLanguage":"es","potentialAction":[{"@type":"ReadAction","target":["https:\/\/gysfm.com.ar\/inicio\/estudiantes-igualo-1-1-con-flamengo-en-la-plata-y-sigue-prendido-en-la-pelea-por-el-grupo-a-de-la-copa-libertadores\/"]}]},{"@type":"ImageObject","inLanguage":"es","@id":"https:\/\/gysfm.com.ar\/inicio\/estudiantes-igualo-1-1-con-flamengo-en-la-plata-y-sigue-prendido-en-la-pelea-por-el-grupo-a-de-la-copa-libertadores\/#primaryimage","url":"https:\/\/gysfm.com.ar\/inicio\/wp-content\/uploads\/2026\/04\/estudiantes-vs-flamengo-2230805.jpg","contentUrl":"https:\/\/gysfm.com.ar\/inicio\/wp-content\/uploads\/2026\/04\/estudiantes-vs-flamengo-2230805.jpg","width":1140,"height":641},{"@type":"BreadcrumbList","@id":"https:\/\/gysfm.com.ar\/inicio\/estudiantes-igualo-1-1-con-flamengo-en-la-plata-y-sigue-prendido-en-la-pelea-por-el-grupo-a-de-la-copa-libertadores\/#breadcrumb","itemListElement":[{"@type":"ListItem","position":1,"name":"Portada","item":"https:\/\/gysfm.com.ar\/inicio\/"},{"@type":"ListItem","position":2,"name":"Estudiantes igual\u00f3 1-1 con Flamengo en La Plata y sigue prendido en la pelea por el Grupo A de la Copa Libertadores"}]},{"@type":"WebSite","@id":"https:\/\/gysfm.com.ar\/inicio\/#website","url":"https:\/\/gysfm.com.ar\/inicio\/","name":"GYS NOTICIAS |","description":"DIARIO - RADIO ONLINE SAN JUAN ARGENTINA","publisher":{"@id":"https:\/\/gysfm.com.ar\/inicio\/#organization"},"potentialAction":[{"@type":"SearchAction","target":{"@type":"EntryPoint","urlTemplate":"https:\/\/gysfm.com.ar\/inicio\/?s={search_term_string}"},"query-input":{"@type":"PropertyValueSpecification","valueRequired":true,"valueName":"search_term_string"}}],"inLanguage":"es"},{"@type":"Organization","@id":"https:\/\/gysfm.com.ar\/inicio\/#organization","name":"GYS NOTICIAS |","url":"https:\/\/gysfm.com.ar\/inicio\/","logo":{"@type":"ImageObject","inLanguage":"es","@id":"https:\/\/gysfm.com.ar\/inicio\/#\/schema\/logo\/image\/","url":"https:\/\/gysfm.com.ar\/inicio\/wp-content\/uploads\/2023\/07\/LOGOGYS-OK.png","contentUrl":"https:\/\/gysfm.com.ar\/inicio\/wp-content\/uploads\/2023\/07\/LOGOGYS-OK.png","width":1170,"height":872,"caption":"GYS NOTICIAS |"},"image":{"@id":"https:\/\/gysfm.com.ar\/inicio\/#\/schema\/logo\/image\/"}},{"@type":"Person","@id":"https:\/\/gysfm.com.ar\/inicio\/#\/schema\/person\/3abba7593ef2ad19e1be221d54383dc5","name":"Prensa G&amp;S FM","image":{"@type":"ImageObject","inLanguage":"es","@id":"https:\/\/gysfm.com.ar\/inicio\/#\/schema\/person\/image\/","url":"https:\/\/secure.gravatar.com\/avatar\/096ec78df02049ab018702bb4ccedf659377fa92a26540b5247612077a0dbd29?s=96&d=mm&r=g","contentUrl":"https:\/\/secure.gravatar.com\/avatar\/096ec78df02049ab018702bb4ccedf659377fa92a26540b5247612077a0dbd29?s=96&d=mm&r=g","caption":"Prensa G&amp;S FM"},"sameAs":["https:\/\/gysfm.com.ar\/"],"url":"https:\/\/gysfm.com.ar\/inicio\/author\/lucasm\/"}]}},"_links":{"self":[{"href":"https:\/\/gysfm.com.ar\/inicio\/wp-json\/wp\/v2\/posts\/193813","targetHints":{"allow":["GET"]}}],"collection":[{"href":"https:\/\/gysfm.com.ar\/inicio\/wp-json\/wp\/v2\/posts"}],"about":[{"href":"https:\/\/gysfm.com.ar\/inicio\/wp-json\/wp\/v2\/types\/post"}],"author":[{"embeddable":true,"href":"https:\/\/gysfm.com.ar\/inicio\/wp-json\/wp\/v2\/users\/2"}],"replies":[{"embeddable":true,"href":"https:\/\/gysfm.com.ar\/inicio\/wp-json\/wp\/v2\/comments?post=193813"}],"version-history":[{"count":0,"href":"https:\/\/gysfm.com.ar\/inicio\/wp-json\/wp\/v2\/posts\/193813\/revisions"}],"wp:featuredmedia":[{"embeddable":true,"href":"https:\/\/gysfm.com.ar\/inicio\/wp-json\/wp\/v2\/media\/193814"}],"wp:attachment":[{"href":"https:\/\/gysfm.com.ar\/inicio\/wp-json\/wp\/v2\/media?parent=193813"}],"wp:term":[{"taxonomy":"category","embeddable":true,"href":"https:\/\/gysfm.com.ar\/inicio\/wp-json\/wp\/v2\/categories?post=193813"},{"taxonomy":"post_tag","embeddable":true,"href":"https:\/\/gysfm.com.ar\/inicio\/wp-json\/wp\/v2\/tags?post=193813"}],"curies":[{"name":"wp","href":"https:\/\/api.w.org\/{rel}","templated":true}]}}