{"id":193807,"date":"2026-04-30T01:35:59","date_gmt":"2026-04-30T04:35:59","guid":{"rendered":"https:\/\/gysfm.com.ar\/inicio\/reforma-de-salud-mental-que-cambia-con-el-nuevo-proyecto\/"},"modified":"2026-04-30T01:35:59","modified_gmt":"2026-04-30T04:35:59","slug":"reforma-de-salud-mental-que-cambia-con-el-nuevo-proyecto","status":"publish","type":"post","link":"https:\/\/gysfm.com.ar\/inicio\/reforma-de-salud-mental-que-cambia-con-el-nuevo-proyecto\/","title":{"rendered":"Reforma de salud mental: qu\u00e9 cambia con el nuevo proyecto"},"content":{"rendered":"<p><\/p>\n<div id=\"article-content\">\n<p>El <strong><a target=\"_blank\" href=\"https:\/\/www.perfil.com\/noticias\/nea\/la-ucr-se-divide-por-las-paso-vischi-y-abad-exponen-diferencias-clave-en-el-senado.phtml\">Senado<\/a> <\/strong>inicia este mi\u00e9rcoles el debate de una <a target=\"_blank\" href=\"https:\/\/www.perfil.com\/noticias\/canal-e\/congreso-en-tension-salud-mental-discapacidad-y-deuda.phtml\"><strong>reforma de la ley de salud mental<\/strong><\/a> que introduce cambios clave en el abordaje de pacientes y adicciones en Argentina.<\/p>\n<p>Seg\u00fan el proyecto impulsado por el Gobierno, se habilitar\u00eda la posibilidad de <strong>internaciones sin consentimiento<\/strong> y se incorporar\u00eda el consumo problem\u00e1tico de drogas como parte de las pol\u00edticas de salud mental.<\/p>\n<h2><strong>Cu\u00e1ndo y c\u00f3mo arranca el debate en el Senado<\/strong><\/h2>\n<p>La discusi\u00f3n comienza a las <strong>16.30<\/strong> en un plenario de las comisiones de Salud y Legislaci\u00f3n General del Senado.<\/p>\n<p>La comisi\u00f3n de Salud ser\u00e1 presidida por la senadora Ivanna Marcela Arrascaeta, mientras que Legislaci\u00f3n General est\u00e1 a cargo de Nadia M\u00e1rquez.<\/p>\n<h2><strong>Adicciones como enfermedad mental: qu\u00e9 cambia<\/strong><\/h2>\n<p>El proyecto establece que las <strong>adicciones deben ser abordadas como parte de la salud mental<\/strong>, lo que implica aplicar protocolos similares a otros trastornos psiqui\u00e1tricos.<\/p>\n<p>La norma contempla el tratamiento del consumo de sustancias considerando la situaci\u00f3n particular de cada persona y garantizando sus derechos en el sistema de salud.<\/p>\n<p>Adem\u00e1s, habilita la creaci\u00f3n de dispositivos espec\u00edficos, tanto ambulatorios como de internaci\u00f3n, para estos casos.<\/p>\n<h2><strong>Internaciones sin consentimiento: el punto m\u00e1s discutido<\/strong><\/h2>\n<p>Uno de los cambios centrales es la flexibilizaci\u00f3n de los criterios para <strong>internaciones involuntarias<\/strong>.<\/p>\n<p>El proyecto reemplaza el concepto de \u201criesgo cierto e inminente\u201d por el de <strong>\u201criesgo grave de da\u00f1o para la vida o la integridad\u201d<\/strong>, lo que ampl\u00eda el margen de intervenci\u00f3n m\u00e9dica.<\/p>\n<p>La internaci\u00f3n seguir\u00e1 siendo considerada un recurso excepcional y solo podr\u00e1 aplicarse cuando resulte m\u00e1s beneficiosa que otras alternativas.<\/p>\n<h2><strong>Control judicial y requisitos de las internaciones<\/strong><\/h2>\n<p>El texto fija plazos obligatorios para la intervenci\u00f3n judicial en cada caso de internaci\u00f3n sin consentimiento.<\/p>\n<ul>&#13;<\/p>\n<li>Notificaci\u00f3n al juez dentro de las 24 horas<\/li>\n<p>&#13;<\/p>\n<li>Env\u00edo de documentaci\u00f3n m\u00e9dica completa en 48 horas<\/li>\n<p>&#13;\n<\/ul>\n<p>El objetivo es garantizar control sobre las decisiones cl\u00ednicas y evitar abusos en la aplicaci\u00f3n de la medida.<\/p>\n<h2><strong>Mayor peso de los psiquiatras en las decisiones<\/strong><\/h2>\n<p>La reforma mantiene el enfoque interdisciplinario, pero exige la presencia obligatoria de un <strong>m\u00e9dico psiquiatra<\/strong> en los equipos tratantes.<\/p>\n<p>Esto le otorga mayor incidencia en decisiones como diagn\u00f3sticos, tratamientos e internaciones, en comparaci\u00f3n con el esquema vigente.<\/p>\n<h2><strong>Posturas enfrentadas sobre la reforma<\/strong><\/h2>\n<p>El proyecto genera posiciones contrapuestas en el \u00e1mbito pol\u00edtico y social.<\/p>\n<ul>&#13;<\/p>\n<li>Familiares de personas con adicciones apoyan la reforma<\/li>\n<p>&#13;<\/p>\n<li>El kirchnerismo y organizaciones de derechos humanos la rechazan<\/li>\n<p>&#13;\n<\/ul>\n<p>Los primeros sostienen que la ley actual limita las herramientas de intervenci\u00f3n, mientras que los cr\u00edticos advierten sobre posibles vulneraciones de derechos.<\/p>\n<\/p><\/div>\n<p><script>\n                !function(f,b,e,v,n,t,s)\n                {if(f.fbq)return;n=f.fbq=function(){n.callMethod?\n                    n.callMethod.apply(n,arguments):n.queue.push(arguments)};\n                    if(!f._fbq)f._fbq=n;n.push=n;n.loaded=!0;n.version='2.0';\n                    n.queue=[];t=b.createElement(e);t.async=!0;\n                    t.src=v;s=b.getElementsByTagName(e)[0];\n                    s.parentNode.insertBefore(t,s)}(window, document,'script',\n                    'https:\/\/connect.facebook.net\/en_US\/fbevents.js');\n                window.paywallConfig.facebook_pixel=\"1000228364089342\"\n            <\/script><\/p>\n","protected":false},"excerpt":{"rendered":"<p>El Senado inicia este mi\u00e9rcoles el debate de una reforma de la ley de salud mental que introduce cambios clave en el abordaje de pacientes y adicciones en Argentina. Seg\u00fan el proyecto impulsado por el Gobierno, se habilitar\u00eda la posibilidad de internaciones sin consentimiento y se incorporar\u00eda el consumo problem\u00e1tico de drogas como parte de [&hellip;]<\/p>\n","protected":false},"author":2,"featured_media":150697,"comment_status":"closed","ping_status":"closed","sticky":false,"template":"","format":"standard","meta":{"footnotes":""},"categories":[25],"tags":[],"class_list":["post-193807","post","type-post","status-publish","format-standard","has-post-thumbnail","hentry","category-nacionales"],"yoast_head":"<!-- This site is optimized with the Yoast SEO plugin v24.4 - https:\/\/yoast.com\/wordpress\/plugins\/seo\/ -->\n<title>Reforma de salud mental: qu\u00e9 cambia con el nuevo proyecto - GYS NOTICIAS |<\/title>\n<meta name=\"robots\" content=\"index, follow, max-snippet:-1, max-image-preview:large, max-video-preview:-1\" \/>\n<link rel=\"canonical\" href=\"https:\/\/gysfm.com.ar\/inicio\/reforma-de-salud-mental-que-cambia-con-el-nuevo-proyecto\/\" \/>\n<meta property=\"og:locale\" content=\"es_ES\" \/>\n<meta property=\"og:type\" content=\"article\" \/>\n<meta property=\"og:title\" content=\"Reforma de salud mental: qu\u00e9 cambia con el nuevo proyecto - GYS NOTICIAS |\" \/>\n<meta property=\"og:description\" content=\"El Senado inicia este mi\u00e9rcoles el debate de una reforma de la ley de salud mental que introduce cambios clave en el abordaje de pacientes y adicciones en Argentina. Seg\u00fan el proyecto impulsado por el Gobierno, se habilitar\u00eda la posibilidad de internaciones sin consentimiento y se incorporar\u00eda el consumo problem\u00e1tico de drogas como parte de [&hellip;]\" \/>\n<meta property=\"og:url\" content=\"https:\/\/gysfm.com.ar\/inicio\/reforma-de-salud-mental-que-cambia-con-el-nuevo-proyecto\/\" \/>\n<meta property=\"og:site_name\" content=\"GYS NOTICIAS |\" \/>\n<meta property=\"article:published_time\" content=\"2026-04-30T04:35:59+00:00\" \/>\n<meta name=\"author\" content=\"Prensa G&amp;S FM\" \/>\n<meta name=\"twitter:card\" content=\"summary_large_image\" \/>\n<meta name=\"twitter:label1\" content=\"Escrito por\" \/>\n\t<meta name=\"twitter:data1\" content=\"Prensa G&amp;S FM\" \/>\n\t<meta name=\"twitter:label2\" content=\"Tiempo de lectura\" \/>\n\t<meta name=\"twitter:data2\" content=\"2 minutos\" \/>\n<script type=\"application\/ld+json\" class=\"yoast-schema-graph\">{\"@context\":\"https:\/\/schema.org\",\"@graph\":[{\"@type\":\"Article\",\"@id\":\"https:\/\/gysfm.com.ar\/inicio\/reforma-de-salud-mental-que-cambia-con-el-nuevo-proyecto\/#article\",\"isPartOf\":{\"@id\":\"https:\/\/gysfm.com.ar\/inicio\/reforma-de-salud-mental-que-cambia-con-el-nuevo-proyecto\/\"},\"author\":{\"name\":\"Prensa G&amp;S FM\",\"@id\":\"https:\/\/gysfm.com.ar\/inicio\/#\/schema\/person\/3abba7593ef2ad19e1be221d54383dc5\"},\"headline\":\"Reforma de salud mental: qu\u00e9 cambia con el nuevo proyecto\",\"datePublished\":\"2026-04-30T04:35:59+00:00\",\"mainEntityOfPage\":{\"@id\":\"https:\/\/gysfm.com.ar\/inicio\/reforma-de-salud-mental-que-cambia-con-el-nuevo-proyecto\/\"},\"wordCount\":457,\"publisher\":{\"@id\":\"https:\/\/gysfm.com.ar\/inicio\/#organization\"},\"image\":{\"@id\":\"https:\/\/gysfm.com.ar\/inicio\/reforma-de-salud-mental-que-cambia-con-el-nuevo-proyecto\/#primaryimage\"},\"thumbnailUrl\":\"https:\/\/gysfm.com.ar\/inicio\/wp-content\/uploads\/2025\/09\/eduardo-awad-la-ley-de-salud-mental-es-muy-deficiente-2097615.jpg\",\"articleSection\":[\"NACIONALES\"],\"inLanguage\":\"es\"},{\"@type\":\"WebPage\",\"@id\":\"https:\/\/gysfm.com.ar\/inicio\/reforma-de-salud-mental-que-cambia-con-el-nuevo-proyecto\/\",\"url\":\"https:\/\/gysfm.com.ar\/inicio\/reforma-de-salud-mental-que-cambia-con-el-nuevo-proyecto\/\",\"name\":\"Reforma de salud mental: qu\u00e9 cambia con el nuevo proyecto - GYS NOTICIAS |\",\"isPartOf\":{\"@id\":\"https:\/\/gysfm.com.ar\/inicio\/#website\"},\"primaryImageOfPage\":{\"@id\":\"https:\/\/gysfm.com.ar\/inicio\/reforma-de-salud-mental-que-cambia-con-el-nuevo-proyecto\/#primaryimage\"},\"image\":{\"@id\":\"https:\/\/gysfm.com.ar\/inicio\/reforma-de-salud-mental-que-cambia-con-el-nuevo-proyecto\/#primaryimage\"},\"thumbnailUrl\":\"https:\/\/gysfm.com.ar\/inicio\/wp-content\/uploads\/2025\/09\/eduardo-awad-la-ley-de-salud-mental-es-muy-deficiente-2097615.jpg\",\"datePublished\":\"2026-04-30T04:35:59+00:00\",\"breadcrumb\":{\"@id\":\"https:\/\/gysfm.com.ar\/inicio\/reforma-de-salud-mental-que-cambia-con-el-nuevo-proyecto\/#breadcrumb\"},\"inLanguage\":\"es\",\"potentialAction\":[{\"@type\":\"ReadAction\",\"target\":[\"https:\/\/gysfm.com.ar\/inicio\/reforma-de-salud-mental-que-cambia-con-el-nuevo-proyecto\/\"]}]},{\"@type\":\"ImageObject\",\"inLanguage\":\"es\",\"@id\":\"https:\/\/gysfm.com.ar\/inicio\/reforma-de-salud-mental-que-cambia-con-el-nuevo-proyecto\/#primaryimage\",\"url\":\"https:\/\/gysfm.com.ar\/inicio\/wp-content\/uploads\/2025\/09\/eduardo-awad-la-ley-de-salud-mental-es-muy-deficiente-2097615.jpg\",\"contentUrl\":\"https:\/\/gysfm.com.ar\/inicio\/wp-content\/uploads\/2025\/09\/eduardo-awad-la-ley-de-salud-mental-es-muy-deficiente-2097615.jpg\",\"width\":1140,\"height\":641},{\"@type\":\"BreadcrumbList\",\"@id\":\"https:\/\/gysfm.com.ar\/inicio\/reforma-de-salud-mental-que-cambia-con-el-nuevo-proyecto\/#breadcrumb\",\"itemListElement\":[{\"@type\":\"ListItem\",\"position\":1,\"name\":\"Portada\",\"item\":\"https:\/\/gysfm.com.ar\/inicio\/\"},{\"@type\":\"ListItem\",\"position\":2,\"name\":\"Reforma de salud mental: qu\u00e9 cambia con el nuevo proyecto\"}]},{\"@type\":\"WebSite\",\"@id\":\"https:\/\/gysfm.com.ar\/inicio\/#website\",\"url\":\"https:\/\/gysfm.com.ar\/inicio\/\",\"name\":\"GYS NOTICIAS |\",\"description\":\"DIARIO - RADIO ONLINE SAN JUAN ARGENTINA\",\"publisher\":{\"@id\":\"https:\/\/gysfm.com.ar\/inicio\/#organization\"},\"potentialAction\":[{\"@type\":\"SearchAction\",\"target\":{\"@type\":\"EntryPoint\",\"urlTemplate\":\"https:\/\/gysfm.com.ar\/inicio\/?s={search_term_string}\"},\"query-input\":{\"@type\":\"PropertyValueSpecification\",\"valueRequired\":true,\"valueName\":\"search_term_string\"}}],\"inLanguage\":\"es\"},{\"@type\":\"Organization\",\"@id\":\"https:\/\/gysfm.com.ar\/inicio\/#organization\",\"name\":\"GYS NOTICIAS |\",\"url\":\"https:\/\/gysfm.com.ar\/inicio\/\",\"logo\":{\"@type\":\"ImageObject\",\"inLanguage\":\"es\",\"@id\":\"https:\/\/gysfm.com.ar\/inicio\/#\/schema\/logo\/image\/\",\"url\":\"https:\/\/gysfm.com.ar\/inicio\/wp-content\/uploads\/2023\/07\/LOGOGYS-OK.png\",\"contentUrl\":\"https:\/\/gysfm.com.ar\/inicio\/wp-content\/uploads\/2023\/07\/LOGOGYS-OK.png\",\"width\":1170,\"height\":872,\"caption\":\"GYS NOTICIAS |\"},\"image\":{\"@id\":\"https:\/\/gysfm.com.ar\/inicio\/#\/schema\/logo\/image\/\"}},{\"@type\":\"Person\",\"@id\":\"https:\/\/gysfm.com.ar\/inicio\/#\/schema\/person\/3abba7593ef2ad19e1be221d54383dc5\",\"name\":\"Prensa G&amp;S FM\",\"image\":{\"@type\":\"ImageObject\",\"inLanguage\":\"es\",\"@id\":\"https:\/\/gysfm.com.ar\/inicio\/#\/schema\/person\/image\/\",\"url\":\"https:\/\/secure.gravatar.com\/avatar\/096ec78df02049ab018702bb4ccedf659377fa92a26540b5247612077a0dbd29?s=96&d=mm&r=g\",\"contentUrl\":\"https:\/\/secure.gravatar.com\/avatar\/096ec78df02049ab018702bb4ccedf659377fa92a26540b5247612077a0dbd29?s=96&d=mm&r=g\",\"caption\":\"Prensa G&amp;S FM\"},\"sameAs\":[\"https:\/\/gysfm.com.ar\/\"],\"url\":\"https:\/\/gysfm.com.ar\/inicio\/author\/lucasm\/\"}]}<\/script>\n<!-- \/ Yoast SEO plugin. -->","yoast_head_json":{"title":"Reforma de salud mental: qu\u00e9 cambia con el nuevo proyecto - GYS NOTICIAS |","robots":{"index":"index","follow":"follow","max-snippet":"max-snippet:-1","max-image-preview":"max-image-preview:large","max-video-preview":"max-video-preview:-1"},"canonical":"https:\/\/gysfm.com.ar\/inicio\/reforma-de-salud-mental-que-cambia-con-el-nuevo-proyecto\/","og_locale":"es_ES","og_type":"article","og_title":"Reforma de salud mental: qu\u00e9 cambia con el nuevo proyecto - GYS NOTICIAS |","og_description":"El Senado inicia este mi\u00e9rcoles el debate de una reforma de la ley de salud mental que introduce cambios clave en el abordaje de pacientes y adicciones en Argentina. Seg\u00fan el proyecto impulsado por el Gobierno, se habilitar\u00eda la posibilidad de internaciones sin consentimiento y se incorporar\u00eda el consumo problem\u00e1tico de drogas como parte de [&hellip;]","og_url":"https:\/\/gysfm.com.ar\/inicio\/reforma-de-salud-mental-que-cambia-con-el-nuevo-proyecto\/","og_site_name":"GYS NOTICIAS |","article_published_time":"2026-04-30T04:35:59+00:00","author":"Prensa G&amp;S FM","twitter_card":"summary_large_image","twitter_misc":{"Escrito por":"Prensa G&amp;S FM","Tiempo de lectura":"2 minutos"},"schema":{"@context":"https:\/\/schema.org","@graph":[{"@type":"Article","@id":"https:\/\/gysfm.com.ar\/inicio\/reforma-de-salud-mental-que-cambia-con-el-nuevo-proyecto\/#article","isPartOf":{"@id":"https:\/\/gysfm.com.ar\/inicio\/reforma-de-salud-mental-que-cambia-con-el-nuevo-proyecto\/"},"author":{"name":"Prensa G&amp;S FM","@id":"https:\/\/gysfm.com.ar\/inicio\/#\/schema\/person\/3abba7593ef2ad19e1be221d54383dc5"},"headline":"Reforma de salud mental: qu\u00e9 cambia con el nuevo proyecto","datePublished":"2026-04-30T04:35:59+00:00","mainEntityOfPage":{"@id":"https:\/\/gysfm.com.ar\/inicio\/reforma-de-salud-mental-que-cambia-con-el-nuevo-proyecto\/"},"wordCount":457,"publisher":{"@id":"https:\/\/gysfm.com.ar\/inicio\/#organization"},"image":{"@id":"https:\/\/gysfm.com.ar\/inicio\/reforma-de-salud-mental-que-cambia-con-el-nuevo-proyecto\/#primaryimage"},"thumbnailUrl":"https:\/\/gysfm.com.ar\/inicio\/wp-content\/uploads\/2025\/09\/eduardo-awad-la-ley-de-salud-mental-es-muy-deficiente-2097615.jpg","articleSection":["NACIONALES"],"inLanguage":"es"},{"@type":"WebPage","@id":"https:\/\/gysfm.com.ar\/inicio\/reforma-de-salud-mental-que-cambia-con-el-nuevo-proyecto\/","url":"https:\/\/gysfm.com.ar\/inicio\/reforma-de-salud-mental-que-cambia-con-el-nuevo-proyecto\/","name":"Reforma de salud mental: qu\u00e9 cambia con el nuevo proyecto - GYS NOTICIAS |","isPartOf":{"@id":"https:\/\/gysfm.com.ar\/inicio\/#website"},"primaryImageOfPage":{"@id":"https:\/\/gysfm.com.ar\/inicio\/reforma-de-salud-mental-que-cambia-con-el-nuevo-proyecto\/#primaryimage"},"image":{"@id":"https:\/\/gysfm.com.ar\/inicio\/reforma-de-salud-mental-que-cambia-con-el-nuevo-proyecto\/#primaryimage"},"thumbnailUrl":"https:\/\/gysfm.com.ar\/inicio\/wp-content\/uploads\/2025\/09\/eduardo-awad-la-ley-de-salud-mental-es-muy-deficiente-2097615.jpg","datePublished":"2026-04-30T04:35:59+00:00","breadcrumb":{"@id":"https:\/\/gysfm.com.ar\/inicio\/reforma-de-salud-mental-que-cambia-con-el-nuevo-proyecto\/#breadcrumb"},"inLanguage":"es","potentialAction":[{"@type":"ReadAction","target":["https:\/\/gysfm.com.ar\/inicio\/reforma-de-salud-mental-que-cambia-con-el-nuevo-proyecto\/"]}]},{"@type":"ImageObject","inLanguage":"es","@id":"https:\/\/gysfm.com.ar\/inicio\/reforma-de-salud-mental-que-cambia-con-el-nuevo-proyecto\/#primaryimage","url":"https:\/\/gysfm.com.ar\/inicio\/wp-content\/uploads\/2025\/09\/eduardo-awad-la-ley-de-salud-mental-es-muy-deficiente-2097615.jpg","contentUrl":"https:\/\/gysfm.com.ar\/inicio\/wp-content\/uploads\/2025\/09\/eduardo-awad-la-ley-de-salud-mental-es-muy-deficiente-2097615.jpg","width":1140,"height":641},{"@type":"BreadcrumbList","@id":"https:\/\/gysfm.com.ar\/inicio\/reforma-de-salud-mental-que-cambia-con-el-nuevo-proyecto\/#breadcrumb","itemListElement":[{"@type":"ListItem","position":1,"name":"Portada","item":"https:\/\/gysfm.com.ar\/inicio\/"},{"@type":"ListItem","position":2,"name":"Reforma de salud mental: qu\u00e9 cambia con el nuevo proyecto"}]},{"@type":"WebSite","@id":"https:\/\/gysfm.com.ar\/inicio\/#website","url":"https:\/\/gysfm.com.ar\/inicio\/","name":"GYS NOTICIAS |","description":"DIARIO - RADIO ONLINE SAN JUAN ARGENTINA","publisher":{"@id":"https:\/\/gysfm.com.ar\/inicio\/#organization"},"potentialAction":[{"@type":"SearchAction","target":{"@type":"EntryPoint","urlTemplate":"https:\/\/gysfm.com.ar\/inicio\/?s={search_term_string}"},"query-input":{"@type":"PropertyValueSpecification","valueRequired":true,"valueName":"search_term_string"}}],"inLanguage":"es"},{"@type":"Organization","@id":"https:\/\/gysfm.com.ar\/inicio\/#organization","name":"GYS NOTICIAS |","url":"https:\/\/gysfm.com.ar\/inicio\/","logo":{"@type":"ImageObject","inLanguage":"es","@id":"https:\/\/gysfm.com.ar\/inicio\/#\/schema\/logo\/image\/","url":"https:\/\/gysfm.com.ar\/inicio\/wp-content\/uploads\/2023\/07\/LOGOGYS-OK.png","contentUrl":"https:\/\/gysfm.com.ar\/inicio\/wp-content\/uploads\/2023\/07\/LOGOGYS-OK.png","width":1170,"height":872,"caption":"GYS NOTICIAS |"},"image":{"@id":"https:\/\/gysfm.com.ar\/inicio\/#\/schema\/logo\/image\/"}},{"@type":"Person","@id":"https:\/\/gysfm.com.ar\/inicio\/#\/schema\/person\/3abba7593ef2ad19e1be221d54383dc5","name":"Prensa G&amp;S FM","image":{"@type":"ImageObject","inLanguage":"es","@id":"https:\/\/gysfm.com.ar\/inicio\/#\/schema\/person\/image\/","url":"https:\/\/secure.gravatar.com\/avatar\/096ec78df02049ab018702bb4ccedf659377fa92a26540b5247612077a0dbd29?s=96&d=mm&r=g","contentUrl":"https:\/\/secure.gravatar.com\/avatar\/096ec78df02049ab018702bb4ccedf659377fa92a26540b5247612077a0dbd29?s=96&d=mm&r=g","caption":"Prensa G&amp;S FM"},"sameAs":["https:\/\/gysfm.com.ar\/"],"url":"https:\/\/gysfm.com.ar\/inicio\/author\/lucasm\/"}]}},"_links":{"self":[{"href":"https:\/\/gysfm.com.ar\/inicio\/wp-json\/wp\/v2\/posts\/193807","targetHints":{"allow":["GET"]}}],"collection":[{"href":"https:\/\/gysfm.com.ar\/inicio\/wp-json\/wp\/v2\/posts"}],"about":[{"href":"https:\/\/gysfm.com.ar\/inicio\/wp-json\/wp\/v2\/types\/post"}],"author":[{"embeddable":true,"href":"https:\/\/gysfm.com.ar\/inicio\/wp-json\/wp\/v2\/users\/2"}],"replies":[{"embeddable":true,"href":"https:\/\/gysfm.com.ar\/inicio\/wp-json\/wp\/v2\/comments?post=193807"}],"version-history":[{"count":0,"href":"https:\/\/gysfm.com.ar\/inicio\/wp-json\/wp\/v2\/posts\/193807\/revisions"}],"wp:featuredmedia":[{"embeddable":true,"href":"https:\/\/gysfm.com.ar\/inicio\/wp-json\/wp\/v2\/media\/150697"}],"wp:attachment":[{"href":"https:\/\/gysfm.com.ar\/inicio\/wp-json\/wp\/v2\/media?parent=193807"}],"wp:term":[{"taxonomy":"category","embeddable":true,"href":"https:\/\/gysfm.com.ar\/inicio\/wp-json\/wp\/v2\/categories?post=193807"},{"taxonomy":"post_tag","embeddable":true,"href":"https:\/\/gysfm.com.ar\/inicio\/wp-json\/wp\/v2\/tags?post=193807"}],"curies":[{"name":"wp","href":"https:\/\/api.w.org\/{rel}","templated":true}]}}