{"id":193805,"date":"2026-04-30T00:58:15","date_gmt":"2026-04-30T03:58:15","guid":{"rendered":"https:\/\/gysfm.com.ar\/inicio\/ningning-del-grupo-de-k-pop-aespa-es-nombrada-embajadora-global-de-gucci\/"},"modified":"2026-04-30T00:58:15","modified_gmt":"2026-04-30T03:58:15","slug":"ningning-del-grupo-de-k-pop-aespa-es-nombrada-embajadora-global-de-gucci","status":"publish","type":"post","link":"https:\/\/gysfm.com.ar\/inicio\/ningning-del-grupo-de-k-pop-aespa-es-nombrada-embajadora-global-de-gucci\/","title":{"rendered":"Ningning, del grupo de K-Pop aespa, es nombrada embajadora global de Gucci"},"content":{"rendered":"<p><\/p>\n<div id=\"article-content\">\n<p>La cantante china<strong> <a target=\"_blank\" href=\"https:\/\/exitoina.perfil.com\/noticias\/destacada\/ningning-de-aespa-prendio-fuego-la-red-con-sensuales-fotos-para-una-revista.phtml\">Ningning<\/a><\/strong>, miembro del grupo de K-Pop <strong>aespa<\/strong>, ha sido seleccionada como embajadora global de la marca <strong>Gucci<\/strong>, consolidando a\u00fan m\u00e1s su presencia en el mundo de la moda.<\/p>\n<div style=\"text-align:center\">\n<figure class=\"image\" style=\"display:inline-block\"><img decoding=\"async\" style=\"max-width: 100%; width: 100%;\" alt=\"Ningning nueva embajadora global de Gucci\" src=\"https:\/\/fotos.perfil.com\/\/2026\/04\/29\/900\/0\/ningning-nueva-embajadora-global-de-gucci-2230227.jpg\" loading=\"lazy\"\/>&#13;<figcaption>Ningning nueva embajadora global de Gucci. Cr\u00e9dito: Gucci<\/figcaption>&#13;<br \/>\n<\/figure>\n<\/div>\n<p>Como embajadora global de Gucci, Ningning desempe\u00f1ar\u00e1 un papel clave en la promoci\u00f3n del legado y la visi\u00f3n de la marca, al tiempo que ampliar\u00e1 su conexi\u00f3n con los fans de todo el mundo.<\/p>\n<p><iframe id=\"vrudo\" class=\"vrudo\" src=\"https:\/\/rudo.video\/vod\/bWsgQg?volume=0\" width=\"100%\" height=\"100%\" allowscriptaccess=\"always\" allowfullscreen=\"true\" webkitallowfullscreen=\"true\" frameborder=\"0\" scrolling=\"no\" allow=\"autoplay; fullscreen\" loading=\"lazy\"><\/iframe><\/p>\n<p>En un comunicado, <strong>Ningning <\/strong>se refiri\u00f3 directamente al nombramiento. \u00abEs un verdadero honor y una gran emoci\u00f3n ser nombrada embajadora global de la marca Gucci, una casa con m\u00e1s de 100 a\u00f1os de historia\u00bb, declar\u00f3. \u00ab<strong>Gucci me ha atra\u00eddo desde peque\u00f1a<\/strong>, y la idea de poder ayudar a llevar el estilo de la casa a una nueva generaci\u00f3n y a personas con gustos muy diversos todav\u00eda me parece incre\u00edble. Lo que m\u00e1s espero con ansias es poder compartir personalmente el estilo de Gucci con fans de todo el mundo en mi rol como embajadora\u00bb.<\/p>\n<div style=\"text-align:center\">\n<figure class=\"image\" style=\"display:inline-block\"><img decoding=\"async\" style=\"max-width: 100%; width: 100%;\" alt=\"Ningning nueva embajadora global de Gucci\" src=\"https:\/\/fotos.perfil.com\/\/2026\/04\/29\/900\/0\/ningning-nueva-embajadora-global-de-gucci-2230235.jpg\" loading=\"lazy\"\/>&#13;<figcaption>Ningning nueva embajadora global de Gucci. Cr\u00e9dito: Gucci<\/figcaption>&#13;<br \/>\n<\/figure>\n<\/div>\n<p>Este nombramiento formaliza una relaci\u00f3n que se ha ido consolidando a trav\u00e9s de sus recientes apariciones y eventos de moda vinculados a la firma.\u00a0Ningning ha lucido prendas de Gucci en alfombras rojas y sesiones fotogr\u00e1ficas. Tambi\u00e9n asisti\u00f3 al desfile de Gucci en Mil\u00e1n en febrero.<\/p>\n<div style=\"text-align:center\">\n<figure class=\"image\" style=\"display:inline-block\"><img decoding=\"async\" style=\"max-width: 100%; width: 100%;\" alt=\"Ningning nueva embajadora global de Gucci\" src=\"https:\/\/fotos.perfil.com\/\/2026\/04\/29\/900\/0\/ningning-nueva-embajadora-global-de-gucci-2230230.jpg\" loading=\"lazy\"\/>&#13;<figcaption>Ningning nueva embajadora global de Gucci. Cr\u00e9dito: Gucci<\/figcaption>&#13;<br \/>\n<\/figure>\n<\/div>\n<p>Mientras tanto, <strong><a target=\"_blank\" href=\"https:\/\/exitoina.perfil.com\/noticias\/musica\/becky-g-video-junto-grupo-k-pop-aespa-causa-revuelo-red.phtml\">aespa<\/a> <\/strong>regresa como grupo\u00a0el 29 de mayo con su segundo \u00e1lbum de larga duraci\u00f3n, \u00ab<strong>LEMONADE<\/strong>\u00ab.<\/p>\n<div style=\"text-align:center\">\n<figure class=\"image\" style=\"display:inline-block\"><img decoding=\"async\" style=\"max-width: 100%; width: 100%;\" alt=\"Ningning nueva embajadora global de Gucci\" src=\"https:\/\/fotos.perfil.com\/\/2026\/04\/29\/900\/0\/ningning-nueva-embajadora-global-de-gucci-2230234.jpg\" loading=\"lazy\"\/>&#13;<figcaption>Ningning nueva embajadora global de Gucci. Cr\u00e9dito: Gucci<\/figcaption>&#13;<br \/>\n<\/figure>\n<\/div>\n<div style=\"text-align:center\">\n<figure class=\"image\" style=\"display:inline-block\"><img decoding=\"async\" style=\"max-width: 100%; width: 100%;\" alt=\"Ningning nueva embajadora global de Gucci\" src=\"https:\/\/fotos.perfil.com\/\/2026\/04\/29\/900\/0\/ningning-nueva-embajadora-global-de-gucci-2230233.jpg\" loading=\"lazy\"\/>&#13;<figcaption>Ningning nueva embajadora global de Gucci. Cr\u00e9dito: Gucci<\/figcaption>&#13;<br \/>\n<\/figure>\n<\/div>\n<div style=\"text-align:center\">\n<figure class=\"image\" style=\"display:inline-block\"><img decoding=\"async\" style=\"max-width: 100%; width: 100%;\" alt=\"Ningning nueva embajadora global de Gucci\" src=\"https:\/\/fotos.perfil.com\/\/2026\/04\/29\/900\/0\/ningning-nueva-embajadora-global-de-gucci-2230232.jpg\" loading=\"lazy\"\/>&#13;<figcaption>Ningning nueva embajadora global de Gucci. Cr\u00e9dito: Gucci<\/figcaption>&#13;<br \/>\n<\/figure>\n<\/div>\n<div style=\"text-align:center\">\n<figure class=\"image\" style=\"display:inline-block\"><img decoding=\"async\" style=\"max-width: 100%; width: 100%;\" alt=\"Ningning nueva embajadora global de Gucci\" src=\"https:\/\/fotos.perfil.com\/\/2026\/04\/29\/900\/0\/ningning-nueva-embajadora-global-de-gucci-2230231.jpg\" loading=\"lazy\"\/>&#13;<figcaption>Ningning nueva embajadora global de Gucci. Cr\u00e9dito: Gucci<\/figcaption>&#13;<br \/>\n<\/figure>\n<\/div>\n<div style=\"text-align:center\">\n<figure class=\"image\" style=\"display:inline-block\"><img decoding=\"async\" style=\"max-width: 100%; width: 100%;\" alt=\"Ningning nueva embajadora global de Gucci\" src=\"https:\/\/fotos.perfil.com\/\/2026\/04\/29\/900\/0\/ningning-nueva-embajadora-global-de-gucci-2230228.jpg\" loading=\"lazy\"\/>&#13;<figcaption>Ningning nueva embajadora global de Gucci. Cr\u00e9dito: Gucci<\/figcaption>&#13;<br \/>\n<\/figure>\n<\/div>\n<div style=\"text-align:center\">\n<figure class=\"image\" style=\"display:inline-block\"><img decoding=\"async\" style=\"max-width: 100%; width: 100%;\" alt=\"Ningning nueva embajadora global de Gucci\" src=\"https:\/\/fotos.perfil.com\/\/2026\/04\/29\/900\/0\/ningning-nueva-embajadora-global-de-gucci-2230229.jpg\" loading=\"lazy\"\/>&#13;<figcaption>Ningning nueva embajadora global de Gucci. Cr\u00e9dito: Gucci<\/figcaption>&#13;<br \/>\n<\/figure>\n<\/div>\n<p>\u00a0<\/p>\n<\/p><\/div>\n<p><script>\n\t(function(d, s, id) {\n\t\tvar js, fjs = d.getElementsByTagName(s)[0];\n\t\tif (d.getElementById(id)) return;\n\t\tjs = d.createElement(s);\n\t\tjs.id = id;\n\t\tjs.src=\"https:\/\/connect.facebook.net\/es_LA\/sdk.js#xfbml=1&version=v3.1\";\n\t\tfjs.parentNode.insertBefore(js, fjs);\n\t}(document, 'script', 'facebook-jssdk'));\n<\/script><\/p>\n","protected":false},"excerpt":{"rendered":"<p>La cantante china Ningning, miembro del grupo de K-Pop aespa, ha sido seleccionada como embajadora global de la marca Gucci, consolidando a\u00fan m\u00e1s su presencia en el mundo de la moda. &#13;Ningning nueva embajadora global de Gucci. Cr\u00e9dito: Gucci&#13; Como embajadora global de Gucci, Ningning desempe\u00f1ar\u00e1 un papel clave en la promoci\u00f3n del legado y [&hellip;]<\/p>\n","protected":false},"author":2,"featured_media":193806,"comment_status":"closed","ping_status":"closed","sticky":false,"template":"","format":"standard","meta":{"footnotes":""},"categories":[25],"tags":[],"class_list":["post-193805","post","type-post","status-publish","format-standard","has-post-thumbnail","hentry","category-nacionales"],"yoast_head":"<!-- This site is optimized with the Yoast SEO plugin v24.4 - https:\/\/yoast.com\/wordpress\/plugins\/seo\/ -->\n<title>Ningning, del grupo de K-Pop aespa, es nombrada embajadora global de Gucci - GYS NOTICIAS |<\/title>\n<meta name=\"robots\" content=\"index, follow, max-snippet:-1, max-image-preview:large, max-video-preview:-1\" \/>\n<link rel=\"canonical\" href=\"https:\/\/gysfm.com.ar\/inicio\/ningning-del-grupo-de-k-pop-aespa-es-nombrada-embajadora-global-de-gucci\/\" \/>\n<meta property=\"og:locale\" content=\"es_ES\" \/>\n<meta property=\"og:type\" content=\"article\" \/>\n<meta property=\"og:title\" content=\"Ningning, del grupo de K-Pop aespa, es nombrada embajadora global de Gucci - GYS NOTICIAS |\" \/>\n<meta property=\"og:description\" content=\"La cantante china Ningning, miembro del grupo de K-Pop aespa, ha sido seleccionada como embajadora global de la marca Gucci, consolidando a\u00fan m\u00e1s su presencia en el mundo de la moda. &#013;Ningning nueva embajadora global de Gucci. Cr\u00e9dito: Gucci&#013; Como embajadora global de Gucci, Ningning desempe\u00f1ar\u00e1 un papel clave en la promoci\u00f3n del legado y [&hellip;]\" \/>\n<meta property=\"og:url\" content=\"https:\/\/gysfm.com.ar\/inicio\/ningning-del-grupo-de-k-pop-aespa-es-nombrada-embajadora-global-de-gucci\/\" \/>\n<meta property=\"og:site_name\" content=\"GYS NOTICIAS |\" \/>\n<meta property=\"article:published_time\" content=\"2026-04-30T03:58:15+00:00\" \/>\n<meta property=\"og:image\" content=\"https:\/\/fotos.perfil.com\/\/2026\/04\/29\/900\/0\/ningning-nueva-embajadora-global-de-gucci-2230227.jpg\" \/>\n<meta name=\"author\" content=\"Prensa G&amp;S FM\" \/>\n<meta name=\"twitter:card\" content=\"summary_large_image\" \/>\n<meta name=\"twitter:label1\" content=\"Escrito por\" \/>\n\t<meta name=\"twitter:data1\" content=\"Prensa G&amp;S FM\" \/>\n\t<meta name=\"twitter:label2\" content=\"Tiempo de lectura\" \/>\n\t<meta name=\"twitter:data2\" content=\"2 minutos\" \/>\n<script type=\"application\/ld+json\" class=\"yoast-schema-graph\">{\"@context\":\"https:\/\/schema.org\",\"@graph\":[{\"@type\":\"Article\",\"@id\":\"https:\/\/gysfm.com.ar\/inicio\/ningning-del-grupo-de-k-pop-aespa-es-nombrada-embajadora-global-de-gucci\/#article\",\"isPartOf\":{\"@id\":\"https:\/\/gysfm.com.ar\/inicio\/ningning-del-grupo-de-k-pop-aespa-es-nombrada-embajadora-global-de-gucci\/\"},\"author\":{\"name\":\"Prensa G&amp;S FM\",\"@id\":\"https:\/\/gysfm.com.ar\/inicio\/#\/schema\/person\/3abba7593ef2ad19e1be221d54383dc5\"},\"headline\":\"Ningning, del grupo de K-Pop aespa, es nombrada embajadora global de Gucci\",\"datePublished\":\"2026-04-30T03:58:15+00:00\",\"mainEntityOfPage\":{\"@id\":\"https:\/\/gysfm.com.ar\/inicio\/ningning-del-grupo-de-k-pop-aespa-es-nombrada-embajadora-global-de-gucci\/\"},\"wordCount\":335,\"publisher\":{\"@id\":\"https:\/\/gysfm.com.ar\/inicio\/#organization\"},\"image\":{\"@id\":\"https:\/\/gysfm.com.ar\/inicio\/ningning-del-grupo-de-k-pop-aespa-es-nombrada-embajadora-global-de-gucci\/#primaryimage\"},\"thumbnailUrl\":\"https:\/\/gysfm.com.ar\/inicio\/wp-content\/uploads\/2026\/04\/ningning-2230184.jpg\",\"articleSection\":[\"NACIONALES\"],\"inLanguage\":\"es\"},{\"@type\":\"WebPage\",\"@id\":\"https:\/\/gysfm.com.ar\/inicio\/ningning-del-grupo-de-k-pop-aespa-es-nombrada-embajadora-global-de-gucci\/\",\"url\":\"https:\/\/gysfm.com.ar\/inicio\/ningning-del-grupo-de-k-pop-aespa-es-nombrada-embajadora-global-de-gucci\/\",\"name\":\"Ningning, del grupo de K-Pop aespa, es nombrada embajadora global de Gucci - GYS NOTICIAS |\",\"isPartOf\":{\"@id\":\"https:\/\/gysfm.com.ar\/inicio\/#website\"},\"primaryImageOfPage\":{\"@id\":\"https:\/\/gysfm.com.ar\/inicio\/ningning-del-grupo-de-k-pop-aespa-es-nombrada-embajadora-global-de-gucci\/#primaryimage\"},\"image\":{\"@id\":\"https:\/\/gysfm.com.ar\/inicio\/ningning-del-grupo-de-k-pop-aespa-es-nombrada-embajadora-global-de-gucci\/#primaryimage\"},\"thumbnailUrl\":\"https:\/\/gysfm.com.ar\/inicio\/wp-content\/uploads\/2026\/04\/ningning-2230184.jpg\",\"datePublished\":\"2026-04-30T03:58:15+00:00\",\"breadcrumb\":{\"@id\":\"https:\/\/gysfm.com.ar\/inicio\/ningning-del-grupo-de-k-pop-aespa-es-nombrada-embajadora-global-de-gucci\/#breadcrumb\"},\"inLanguage\":\"es\",\"potentialAction\":[{\"@type\":\"ReadAction\",\"target\":[\"https:\/\/gysfm.com.ar\/inicio\/ningning-del-grupo-de-k-pop-aespa-es-nombrada-embajadora-global-de-gucci\/\"]}]},{\"@type\":\"ImageObject\",\"inLanguage\":\"es\",\"@id\":\"https:\/\/gysfm.com.ar\/inicio\/ningning-del-grupo-de-k-pop-aespa-es-nombrada-embajadora-global-de-gucci\/#primaryimage\",\"url\":\"https:\/\/gysfm.com.ar\/inicio\/wp-content\/uploads\/2026\/04\/ningning-2230184.jpg\",\"contentUrl\":\"https:\/\/gysfm.com.ar\/inicio\/wp-content\/uploads\/2026\/04\/ningning-2230184.jpg\",\"width\":1140,\"height\":641},{\"@type\":\"BreadcrumbList\",\"@id\":\"https:\/\/gysfm.com.ar\/inicio\/ningning-del-grupo-de-k-pop-aespa-es-nombrada-embajadora-global-de-gucci\/#breadcrumb\",\"itemListElement\":[{\"@type\":\"ListItem\",\"position\":1,\"name\":\"Portada\",\"item\":\"https:\/\/gysfm.com.ar\/inicio\/\"},{\"@type\":\"ListItem\",\"position\":2,\"name\":\"Ningning, del grupo de K-Pop aespa, es nombrada embajadora global de Gucci\"}]},{\"@type\":\"WebSite\",\"@id\":\"https:\/\/gysfm.com.ar\/inicio\/#website\",\"url\":\"https:\/\/gysfm.com.ar\/inicio\/\",\"name\":\"GYS NOTICIAS |\",\"description\":\"DIARIO - RADIO ONLINE SAN JUAN ARGENTINA\",\"publisher\":{\"@id\":\"https:\/\/gysfm.com.ar\/inicio\/#organization\"},\"potentialAction\":[{\"@type\":\"SearchAction\",\"target\":{\"@type\":\"EntryPoint\",\"urlTemplate\":\"https:\/\/gysfm.com.ar\/inicio\/?s={search_term_string}\"},\"query-input\":{\"@type\":\"PropertyValueSpecification\",\"valueRequired\":true,\"valueName\":\"search_term_string\"}}],\"inLanguage\":\"es\"},{\"@type\":\"Organization\",\"@id\":\"https:\/\/gysfm.com.ar\/inicio\/#organization\",\"name\":\"GYS NOTICIAS |\",\"url\":\"https:\/\/gysfm.com.ar\/inicio\/\",\"logo\":{\"@type\":\"ImageObject\",\"inLanguage\":\"es\",\"@id\":\"https:\/\/gysfm.com.ar\/inicio\/#\/schema\/logo\/image\/\",\"url\":\"https:\/\/gysfm.com.ar\/inicio\/wp-content\/uploads\/2023\/07\/LOGOGYS-OK.png\",\"contentUrl\":\"https:\/\/gysfm.com.ar\/inicio\/wp-content\/uploads\/2023\/07\/LOGOGYS-OK.png\",\"width\":1170,\"height\":872,\"caption\":\"GYS NOTICIAS |\"},\"image\":{\"@id\":\"https:\/\/gysfm.com.ar\/inicio\/#\/schema\/logo\/image\/\"}},{\"@type\":\"Person\",\"@id\":\"https:\/\/gysfm.com.ar\/inicio\/#\/schema\/person\/3abba7593ef2ad19e1be221d54383dc5\",\"name\":\"Prensa G&amp;S FM\",\"image\":{\"@type\":\"ImageObject\",\"inLanguage\":\"es\",\"@id\":\"https:\/\/gysfm.com.ar\/inicio\/#\/schema\/person\/image\/\",\"url\":\"https:\/\/secure.gravatar.com\/avatar\/096ec78df02049ab018702bb4ccedf659377fa92a26540b5247612077a0dbd29?s=96&d=mm&r=g\",\"contentUrl\":\"https:\/\/secure.gravatar.com\/avatar\/096ec78df02049ab018702bb4ccedf659377fa92a26540b5247612077a0dbd29?s=96&d=mm&r=g\",\"caption\":\"Prensa G&amp;S FM\"},\"sameAs\":[\"https:\/\/gysfm.com.ar\/\"],\"url\":\"https:\/\/gysfm.com.ar\/inicio\/author\/lucasm\/\"}]}<\/script>\n<!-- \/ Yoast SEO plugin. -->","yoast_head_json":{"title":"Ningning, del grupo de K-Pop aespa, es nombrada embajadora global de Gucci - GYS NOTICIAS |","robots":{"index":"index","follow":"follow","max-snippet":"max-snippet:-1","max-image-preview":"max-image-preview:large","max-video-preview":"max-video-preview:-1"},"canonical":"https:\/\/gysfm.com.ar\/inicio\/ningning-del-grupo-de-k-pop-aespa-es-nombrada-embajadora-global-de-gucci\/","og_locale":"es_ES","og_type":"article","og_title":"Ningning, del grupo de K-Pop aespa, es nombrada embajadora global de Gucci - GYS NOTICIAS |","og_description":"La cantante china Ningning, miembro del grupo de K-Pop aespa, ha sido seleccionada como embajadora global de la marca Gucci, consolidando a\u00fan m\u00e1s su presencia en el mundo de la moda. &#13;Ningning nueva embajadora global de Gucci. Cr\u00e9dito: Gucci&#13; Como embajadora global de Gucci, Ningning desempe\u00f1ar\u00e1 un papel clave en la promoci\u00f3n del legado y [&hellip;]","og_url":"https:\/\/gysfm.com.ar\/inicio\/ningning-del-grupo-de-k-pop-aespa-es-nombrada-embajadora-global-de-gucci\/","og_site_name":"GYS NOTICIAS |","article_published_time":"2026-04-30T03:58:15+00:00","og_image":[{"url":"https:\/\/fotos.perfil.com\/\/2026\/04\/29\/900\/0\/ningning-nueva-embajadora-global-de-gucci-2230227.jpg","type":"","width":"","height":""}],"author":"Prensa G&amp;S FM","twitter_card":"summary_large_image","twitter_misc":{"Escrito por":"Prensa G&amp;S FM","Tiempo de lectura":"2 minutos"},"schema":{"@context":"https:\/\/schema.org","@graph":[{"@type":"Article","@id":"https:\/\/gysfm.com.ar\/inicio\/ningning-del-grupo-de-k-pop-aespa-es-nombrada-embajadora-global-de-gucci\/#article","isPartOf":{"@id":"https:\/\/gysfm.com.ar\/inicio\/ningning-del-grupo-de-k-pop-aespa-es-nombrada-embajadora-global-de-gucci\/"},"author":{"name":"Prensa G&amp;S FM","@id":"https:\/\/gysfm.com.ar\/inicio\/#\/schema\/person\/3abba7593ef2ad19e1be221d54383dc5"},"headline":"Ningning, del grupo de K-Pop aespa, es nombrada embajadora global de Gucci","datePublished":"2026-04-30T03:58:15+00:00","mainEntityOfPage":{"@id":"https:\/\/gysfm.com.ar\/inicio\/ningning-del-grupo-de-k-pop-aespa-es-nombrada-embajadora-global-de-gucci\/"},"wordCount":335,"publisher":{"@id":"https:\/\/gysfm.com.ar\/inicio\/#organization"},"image":{"@id":"https:\/\/gysfm.com.ar\/inicio\/ningning-del-grupo-de-k-pop-aespa-es-nombrada-embajadora-global-de-gucci\/#primaryimage"},"thumbnailUrl":"https:\/\/gysfm.com.ar\/inicio\/wp-content\/uploads\/2026\/04\/ningning-2230184.jpg","articleSection":["NACIONALES"],"inLanguage":"es"},{"@type":"WebPage","@id":"https:\/\/gysfm.com.ar\/inicio\/ningning-del-grupo-de-k-pop-aespa-es-nombrada-embajadora-global-de-gucci\/","url":"https:\/\/gysfm.com.ar\/inicio\/ningning-del-grupo-de-k-pop-aespa-es-nombrada-embajadora-global-de-gucci\/","name":"Ningning, del grupo de K-Pop aespa, es nombrada embajadora global de Gucci - GYS NOTICIAS |","isPartOf":{"@id":"https:\/\/gysfm.com.ar\/inicio\/#website"},"primaryImageOfPage":{"@id":"https:\/\/gysfm.com.ar\/inicio\/ningning-del-grupo-de-k-pop-aespa-es-nombrada-embajadora-global-de-gucci\/#primaryimage"},"image":{"@id":"https:\/\/gysfm.com.ar\/inicio\/ningning-del-grupo-de-k-pop-aespa-es-nombrada-embajadora-global-de-gucci\/#primaryimage"},"thumbnailUrl":"https:\/\/gysfm.com.ar\/inicio\/wp-content\/uploads\/2026\/04\/ningning-2230184.jpg","datePublished":"2026-04-30T03:58:15+00:00","breadcrumb":{"@id":"https:\/\/gysfm.com.ar\/inicio\/ningning-del-grupo-de-k-pop-aespa-es-nombrada-embajadora-global-de-gucci\/#breadcrumb"},"inLanguage":"es","potentialAction":[{"@type":"ReadAction","target":["https:\/\/gysfm.com.ar\/inicio\/ningning-del-grupo-de-k-pop-aespa-es-nombrada-embajadora-global-de-gucci\/"]}]},{"@type":"ImageObject","inLanguage":"es","@id":"https:\/\/gysfm.com.ar\/inicio\/ningning-del-grupo-de-k-pop-aespa-es-nombrada-embajadora-global-de-gucci\/#primaryimage","url":"https:\/\/gysfm.com.ar\/inicio\/wp-content\/uploads\/2026\/04\/ningning-2230184.jpg","contentUrl":"https:\/\/gysfm.com.ar\/inicio\/wp-content\/uploads\/2026\/04\/ningning-2230184.jpg","width":1140,"height":641},{"@type":"BreadcrumbList","@id":"https:\/\/gysfm.com.ar\/inicio\/ningning-del-grupo-de-k-pop-aespa-es-nombrada-embajadora-global-de-gucci\/#breadcrumb","itemListElement":[{"@type":"ListItem","position":1,"name":"Portada","item":"https:\/\/gysfm.com.ar\/inicio\/"},{"@type":"ListItem","position":2,"name":"Ningning, del grupo de K-Pop aespa, es nombrada embajadora global de Gucci"}]},{"@type":"WebSite","@id":"https:\/\/gysfm.com.ar\/inicio\/#website","url":"https:\/\/gysfm.com.ar\/inicio\/","name":"GYS NOTICIAS |","description":"DIARIO - RADIO ONLINE SAN JUAN ARGENTINA","publisher":{"@id":"https:\/\/gysfm.com.ar\/inicio\/#organization"},"potentialAction":[{"@type":"SearchAction","target":{"@type":"EntryPoint","urlTemplate":"https:\/\/gysfm.com.ar\/inicio\/?s={search_term_string}"},"query-input":{"@type":"PropertyValueSpecification","valueRequired":true,"valueName":"search_term_string"}}],"inLanguage":"es"},{"@type":"Organization","@id":"https:\/\/gysfm.com.ar\/inicio\/#organization","name":"GYS NOTICIAS |","url":"https:\/\/gysfm.com.ar\/inicio\/","logo":{"@type":"ImageObject","inLanguage":"es","@id":"https:\/\/gysfm.com.ar\/inicio\/#\/schema\/logo\/image\/","url":"https:\/\/gysfm.com.ar\/inicio\/wp-content\/uploads\/2023\/07\/LOGOGYS-OK.png","contentUrl":"https:\/\/gysfm.com.ar\/inicio\/wp-content\/uploads\/2023\/07\/LOGOGYS-OK.png","width":1170,"height":872,"caption":"GYS NOTICIAS |"},"image":{"@id":"https:\/\/gysfm.com.ar\/inicio\/#\/schema\/logo\/image\/"}},{"@type":"Person","@id":"https:\/\/gysfm.com.ar\/inicio\/#\/schema\/person\/3abba7593ef2ad19e1be221d54383dc5","name":"Prensa G&amp;S FM","image":{"@type":"ImageObject","inLanguage":"es","@id":"https:\/\/gysfm.com.ar\/inicio\/#\/schema\/person\/image\/","url":"https:\/\/secure.gravatar.com\/avatar\/096ec78df02049ab018702bb4ccedf659377fa92a26540b5247612077a0dbd29?s=96&d=mm&r=g","contentUrl":"https:\/\/secure.gravatar.com\/avatar\/096ec78df02049ab018702bb4ccedf659377fa92a26540b5247612077a0dbd29?s=96&d=mm&r=g","caption":"Prensa G&amp;S FM"},"sameAs":["https:\/\/gysfm.com.ar\/"],"url":"https:\/\/gysfm.com.ar\/inicio\/author\/lucasm\/"}]}},"_links":{"self":[{"href":"https:\/\/gysfm.com.ar\/inicio\/wp-json\/wp\/v2\/posts\/193805","targetHints":{"allow":["GET"]}}],"collection":[{"href":"https:\/\/gysfm.com.ar\/inicio\/wp-json\/wp\/v2\/posts"}],"about":[{"href":"https:\/\/gysfm.com.ar\/inicio\/wp-json\/wp\/v2\/types\/post"}],"author":[{"embeddable":true,"href":"https:\/\/gysfm.com.ar\/inicio\/wp-json\/wp\/v2\/users\/2"}],"replies":[{"embeddable":true,"href":"https:\/\/gysfm.com.ar\/inicio\/wp-json\/wp\/v2\/comments?post=193805"}],"version-history":[{"count":0,"href":"https:\/\/gysfm.com.ar\/inicio\/wp-json\/wp\/v2\/posts\/193805\/revisions"}],"wp:featuredmedia":[{"embeddable":true,"href":"https:\/\/gysfm.com.ar\/inicio\/wp-json\/wp\/v2\/media\/193806"}],"wp:attachment":[{"href":"https:\/\/gysfm.com.ar\/inicio\/wp-json\/wp\/v2\/media?parent=193805"}],"wp:term":[{"taxonomy":"category","embeddable":true,"href":"https:\/\/gysfm.com.ar\/inicio\/wp-json\/wp\/v2\/categories?post=193805"},{"taxonomy":"post_tag","embeddable":true,"href":"https:\/\/gysfm.com.ar\/inicio\/wp-json\/wp\/v2\/tags?post=193805"}],"curies":[{"name":"wp","href":"https:\/\/api.w.org\/{rel}","templated":true}]}}