{"id":193799,"date":"2026-04-30T00:04:40","date_gmt":"2026-04-30T03:04:40","guid":{"rendered":"https:\/\/gysfm.com.ar\/inicio\/una-comision-del-senado-aprobo-la-nominacion-de-kevin-warsh-y-despeja-el-camino-a-su-confirmacion\/"},"modified":"2026-04-30T00:04:40","modified_gmt":"2026-04-30T03:04:40","slug":"una-comision-del-senado-aprobo-la-nominacion-de-kevin-warsh-y-despeja-el-camino-a-su-confirmacion","status":"publish","type":"post","link":"https:\/\/gysfm.com.ar\/inicio\/una-comision-del-senado-aprobo-la-nominacion-de-kevin-warsh-y-despeja-el-camino-a-su-confirmacion\/","title":{"rendered":"una comisi\u00f3n del Senado aprob\u00f3 la nominaci\u00f3n de Kevin Warsh y despeja el camino a su confirmaci\u00f3n"},"content":{"rendered":"<p> <br \/>\n<\/p>\n<div id=\"\">\n<p id=\"p-1777476259985-46274\">Horas antes de conocerse la decisi\u00f3n de la Reserva Federal (Fed) sobre la tasa, la comisi\u00f3n bancaria del <strong>Senado<\/strong> estadounidense dio luz verde este mi\u00e9rcoles a la nominaci\u00f3n de <strong>Kevin Warsh <\/strong>para presidir la autoridad monetaria. El pleno del Senado deber\u00e1 ratificar el nombramiento en una sesi\u00f3n posterior, antes de que expire el mandato de<strong> Jerome Powell <\/strong>el 15 de mayo.<\/p>\n<\/div>\n<div id=\"\">\n<p id=\"p-1777476364203-2042\">La votaci\u00f3n se resolvi\u00f3 en l\u00ednea con las divisiones partidarias: los 13 senadores republicanos respaldaron la designaci\u00f3n impulsada por <strong>Donald Trump<\/strong>, mientras que los 11 dem\u00f3cratas votaron en contra. La principal voz opositora dentro de la comisi\u00f3n fue la senadora dem\u00f3crata<strong> Elizabeth Warren<\/strong>, quien advirti\u00f3 que el avance de la candidatura acerca a Trump a lo que calific\u00f3 como un \u00abintento de tomar el control de la Reserva Federal\u00bb.<\/p>\n<\/div>\n<div id=\"\">\n<p id=\"p-1777476391104-40192\"><strong>Warren<\/strong> tambi\u00e9n se\u00f1al\u00f3 que <strong>la administraci\u00f3n intent\u00f3 destituir a la gobernadora de la Fed Lisa Cook <\/strong>mediante acusaciones de fraude hipotecario, y que<strong> impuls\u00f3 una investigaci\u00f3n sobre Powell<\/strong> vinculada a supuestos sobrecostos en las obras de renovaci\u00f3n de la sede del organismo. \u00abTrump no ha sido sutil acerca de su toma de poder\u00bb, a\u00f1adi\u00f3.<\/p>\n<\/div>\n<div id=\"\">\n<p id=\"p-1777476259985-71275\">La aprobaci\u00f3n en comisi\u00f3n estuvo condicionada hasta \u00faltimo momento por la postura del senador republicano <strong>Thom Tillis<\/strong>, quien hab\u00eda advertido que bloquear\u00eda la nominaci\u00f3n de<strong> Warsh<\/strong> si la investigaci\u00f3n contra Powell no llegaba a una conclusi\u00f3n. El viernes pasado, el<strong> Departamento de Justicia anunci\u00f3 el cierre del expediente<\/strong>, lo que despej\u00f3 las dudas de Tillis y habilit\u00f3 su voto favorable este mi\u00e9rcoles.<\/p>\n<\/div>\n<div id=\"\">\n<h2 id=\"p-1777476466907-66333\"> El camino de Warsh a la Fed<\/h2>\n<p id=\"p-1777476513944-90941\">Desde <strong>Balanz<\/strong> explicaron que \u00ab<strong>el pr\u00f3ximo paso es que el Senado, de mayor\u00eda Republicana, apruebe su nominaci\u00f3n<\/strong>\u00ab, aunque remarcaron que, \u00abde momento, <strong>no est\u00e1 pautado el d\u00eda para dicha votaci\u00f3n<\/strong>\u00ab. En este sentido, comentaron que \u00abdespu\u00e9s de la reuni\u00f3n de la Fed de hoy, la pr\u00f3xima ser\u00e1 el 19 de junio donde, en caso de ser confirmado por el Senado, <strong>Warsh podr\u00eda estar liderando su primera reuni\u00f3n del comit\u00e9 de pol\u00edtica monetaria<\/strong>\u00ab.<\/p>\n<p id=\"p-1777476613421-77889\">Por su parte, en <strong>Portfolio Personal Inversores (PPI) <\/strong>agregaron que \u00absi el cronograma se cumple, <strong>Powell quedar\u00eda al frente de la Fed solo de manera transitoria hasta que Warsh jure efectivamente<\/strong>\u00ab. De todas maneras, los analistas de PPI aclararon que \u00abm\u00e1s all\u00e1 del cambio en la presidencia, <strong>Powell todav\u00eda no confirm\u00f3 si se queda como gobernador en el &#8216;Board&#8217;<\/strong>, donde tiene asiento hasta enero de 2028, o si renuncia y se retira completamente del organismo\u00bb.<\/p>\n<p id=\"p-1777476649347-98489\">En su audiencia ante el Senado la semana pasada, <strong>Warsh plante\u00f3 tres ejes de su agenda<\/strong>. \u00abPrimero, <strong>una vuelta al mandato dual b\u00e1sico de la Fed <\/strong>con menos involucramiento en discusiones de pol\u00edtica clim\u00e1tica o regulatorias. Segundo, <strong>un enfoque m\u00e1s estricto y reactivo para el control de la inflaci\u00f3n<\/strong>, criticando los errores de pol\u00edtica monetaria entre 2021 y 2022. Y tercero, <strong>una reducci\u00f3n significativa del balance de la Fed<\/strong>, argumentando que un balance m\u00e1s chico permitir\u00eda tasas m\u00e1s bajas, mejor inflaci\u00f3n y un crecimiento m\u00e1s s\u00f3lido\u00bb, explic\u00f3<strong> PPI<\/strong> en un informe a sus clientes.<\/p>\n<\/p><\/div>\n<p><script>\n!function(f,b,e,v,n,t,s)\n{if(f.fbq)return;n=f.fbq=function(){n.callMethod?\nn.callMethod.apply(n,arguments):n.queue.push(arguments)};\nif(!f._fbq)f._fbq=n;n.push=n;n.loaded=!0;n.version='2.0';\nn.queue=[];t=b.createElement(e);t.async=!0;\nt.src=v;s=b.getElementsByTagName(e)[0];\ns.parentNode.insertBefore(t,s)}(window,document,'script',\n'https:\/\/connect.facebook.net\/en_US\/fbevents.js');\nfbq('init', '2047048335588113');\nfbq('track', 'PageView');\n<\/script><br \/>\n<br \/><\/p>\n","protected":false},"excerpt":{"rendered":"<p>Horas antes de conocerse la decisi\u00f3n de la Reserva Federal (Fed) sobre la tasa, la comisi\u00f3n bancaria del Senado estadounidense dio luz verde este mi\u00e9rcoles a la nominaci\u00f3n de Kevin Warsh para presidir la autoridad monetaria. El pleno del Senado deber\u00e1 ratificar el nombramiento en una sesi\u00f3n posterior, antes de que expire el mandato de [&hellip;]<\/p>\n","protected":false},"author":1,"featured_media":179064,"comment_status":"closed","ping_status":"closed","sticky":false,"template":"","format":"standard","meta":{"footnotes":""},"categories":[28],"tags":[],"class_list":["post-193799","post","type-post","status-publish","format-standard","has-post-thumbnail","hentry","category-economia"],"yoast_head":"<!-- This site is optimized with the Yoast SEO plugin v24.4 - https:\/\/yoast.com\/wordpress\/plugins\/seo\/ -->\n<title>una comisi\u00f3n del Senado aprob\u00f3 la nominaci\u00f3n de Kevin Warsh y despeja el camino a su confirmaci\u00f3n - GYS NOTICIAS |<\/title>\n<meta name=\"robots\" content=\"index, follow, max-snippet:-1, max-image-preview:large, max-video-preview:-1\" \/>\n<link rel=\"canonical\" href=\"https:\/\/gysfm.com.ar\/inicio\/una-comision-del-senado-aprobo-la-nominacion-de-kevin-warsh-y-despeja-el-camino-a-su-confirmacion\/\" \/>\n<meta property=\"og:locale\" content=\"es_ES\" \/>\n<meta property=\"og:type\" content=\"article\" \/>\n<meta property=\"og:title\" content=\"una comisi\u00f3n del Senado aprob\u00f3 la nominaci\u00f3n de Kevin Warsh y despeja el camino a su confirmaci\u00f3n - GYS NOTICIAS |\" \/>\n<meta property=\"og:description\" content=\"Horas antes de conocerse la decisi\u00f3n de la Reserva Federal (Fed) sobre la tasa, la comisi\u00f3n bancaria del Senado estadounidense dio luz verde este mi\u00e9rcoles a la nominaci\u00f3n de Kevin Warsh para presidir la autoridad monetaria. El pleno del Senado deber\u00e1 ratificar el nombramiento en una sesi\u00f3n posterior, antes de que expire el mandato de [&hellip;]\" \/>\n<meta property=\"og:url\" content=\"https:\/\/gysfm.com.ar\/inicio\/una-comision-del-senado-aprobo-la-nominacion-de-kevin-warsh-y-despeja-el-camino-a-su-confirmacion\/\" \/>\n<meta property=\"og:site_name\" content=\"GYS NOTICIAS |\" \/>\n<meta property=\"article:published_time\" content=\"2026-04-30T03:04:40+00:00\" \/>\n<meta name=\"author\" content=\"admin\" \/>\n<meta name=\"twitter:card\" content=\"summary_large_image\" \/>\n<meta name=\"twitter:label1\" content=\"Escrito por\" \/>\n\t<meta name=\"twitter:data1\" content=\"admin\" \/>\n\t<meta name=\"twitter:label2\" content=\"Tiempo de lectura\" \/>\n\t<meta name=\"twitter:data2\" content=\"3 minutos\" \/>\n<script type=\"application\/ld+json\" class=\"yoast-schema-graph\">{\"@context\":\"https:\/\/schema.org\",\"@graph\":[{\"@type\":\"Article\",\"@id\":\"https:\/\/gysfm.com.ar\/inicio\/una-comision-del-senado-aprobo-la-nominacion-de-kevin-warsh-y-despeja-el-camino-a-su-confirmacion\/#article\",\"isPartOf\":{\"@id\":\"https:\/\/gysfm.com.ar\/inicio\/una-comision-del-senado-aprobo-la-nominacion-de-kevin-warsh-y-despeja-el-camino-a-su-confirmacion\/\"},\"author\":{\"name\":\"admin\",\"@id\":\"https:\/\/gysfm.com.ar\/inicio\/#\/schema\/person\/5bedd7ecd35cc35548d89effafa23696\"},\"headline\":\"una comisi\u00f3n del Senado aprob\u00f3 la nominaci\u00f3n de Kevin Warsh y despeja el camino a su confirmaci\u00f3n\",\"datePublished\":\"2026-04-30T03:04:40+00:00\",\"mainEntityOfPage\":{\"@id\":\"https:\/\/gysfm.com.ar\/inicio\/una-comision-del-senado-aprobo-la-nominacion-de-kevin-warsh-y-despeja-el-camino-a-su-confirmacion\/\"},\"wordCount\":561,\"publisher\":{\"@id\":\"https:\/\/gysfm.com.ar\/inicio\/#organization\"},\"image\":{\"@id\":\"https:\/\/gysfm.com.ar\/inicio\/una-comision-del-senado-aprobo-la-nominacion-de-kevin-warsh-y-despeja-el-camino-a-su-confirmacion\/#primaryimage\"},\"thumbnailUrl\":\"https:\/\/gysfm.com.ar\/inicio\/wp-content\/uploads\/2026\/01\/1769797397_kevin-warsh.jpg\",\"articleSection\":[\"ECONOMIA\"],\"inLanguage\":\"es\"},{\"@type\":\"WebPage\",\"@id\":\"https:\/\/gysfm.com.ar\/inicio\/una-comision-del-senado-aprobo-la-nominacion-de-kevin-warsh-y-despeja-el-camino-a-su-confirmacion\/\",\"url\":\"https:\/\/gysfm.com.ar\/inicio\/una-comision-del-senado-aprobo-la-nominacion-de-kevin-warsh-y-despeja-el-camino-a-su-confirmacion\/\",\"name\":\"una comisi\u00f3n del Senado aprob\u00f3 la nominaci\u00f3n de Kevin Warsh y despeja el camino a su confirmaci\u00f3n - GYS NOTICIAS |\",\"isPartOf\":{\"@id\":\"https:\/\/gysfm.com.ar\/inicio\/#website\"},\"primaryImageOfPage\":{\"@id\":\"https:\/\/gysfm.com.ar\/inicio\/una-comision-del-senado-aprobo-la-nominacion-de-kevin-warsh-y-despeja-el-camino-a-su-confirmacion\/#primaryimage\"},\"image\":{\"@id\":\"https:\/\/gysfm.com.ar\/inicio\/una-comision-del-senado-aprobo-la-nominacion-de-kevin-warsh-y-despeja-el-camino-a-su-confirmacion\/#primaryimage\"},\"thumbnailUrl\":\"https:\/\/gysfm.com.ar\/inicio\/wp-content\/uploads\/2026\/01\/1769797397_kevin-warsh.jpg\",\"datePublished\":\"2026-04-30T03:04:40+00:00\",\"breadcrumb\":{\"@id\":\"https:\/\/gysfm.com.ar\/inicio\/una-comision-del-senado-aprobo-la-nominacion-de-kevin-warsh-y-despeja-el-camino-a-su-confirmacion\/#breadcrumb\"},\"inLanguage\":\"es\",\"potentialAction\":[{\"@type\":\"ReadAction\",\"target\":[\"https:\/\/gysfm.com.ar\/inicio\/una-comision-del-senado-aprobo-la-nominacion-de-kevin-warsh-y-despeja-el-camino-a-su-confirmacion\/\"]}]},{\"@type\":\"ImageObject\",\"inLanguage\":\"es\",\"@id\":\"https:\/\/gysfm.com.ar\/inicio\/una-comision-del-senado-aprobo-la-nominacion-de-kevin-warsh-y-despeja-el-camino-a-su-confirmacion\/#primaryimage\",\"url\":\"https:\/\/gysfm.com.ar\/inicio\/wp-content\/uploads\/2026\/01\/1769797397_kevin-warsh.jpg\",\"contentUrl\":\"https:\/\/gysfm.com.ar\/inicio\/wp-content\/uploads\/2026\/01\/1769797397_kevin-warsh.jpg\",\"width\":1200,\"height\":675},{\"@type\":\"BreadcrumbList\",\"@id\":\"https:\/\/gysfm.com.ar\/inicio\/una-comision-del-senado-aprobo-la-nominacion-de-kevin-warsh-y-despeja-el-camino-a-su-confirmacion\/#breadcrumb\",\"itemListElement\":[{\"@type\":\"ListItem\",\"position\":1,\"name\":\"Portada\",\"item\":\"https:\/\/gysfm.com.ar\/inicio\/\"},{\"@type\":\"ListItem\",\"position\":2,\"name\":\"una comisi\u00f3n del Senado aprob\u00f3 la nominaci\u00f3n de Kevin Warsh y despeja el camino a su confirmaci\u00f3n\"}]},{\"@type\":\"WebSite\",\"@id\":\"https:\/\/gysfm.com.ar\/inicio\/#website\",\"url\":\"https:\/\/gysfm.com.ar\/inicio\/\",\"name\":\"GYS NOTICIAS |\",\"description\":\"DIARIO - RADIO ONLINE SAN JUAN ARGENTINA\",\"publisher\":{\"@id\":\"https:\/\/gysfm.com.ar\/inicio\/#organization\"},\"potentialAction\":[{\"@type\":\"SearchAction\",\"target\":{\"@type\":\"EntryPoint\",\"urlTemplate\":\"https:\/\/gysfm.com.ar\/inicio\/?s={search_term_string}\"},\"query-input\":{\"@type\":\"PropertyValueSpecification\",\"valueRequired\":true,\"valueName\":\"search_term_string\"}}],\"inLanguage\":\"es\"},{\"@type\":\"Organization\",\"@id\":\"https:\/\/gysfm.com.ar\/inicio\/#organization\",\"name\":\"GYS NOTICIAS |\",\"url\":\"https:\/\/gysfm.com.ar\/inicio\/\",\"logo\":{\"@type\":\"ImageObject\",\"inLanguage\":\"es\",\"@id\":\"https:\/\/gysfm.com.ar\/inicio\/#\/schema\/logo\/image\/\",\"url\":\"https:\/\/gysfm.com.ar\/inicio\/wp-content\/uploads\/2023\/07\/LOGOGYS-OK.png\",\"contentUrl\":\"https:\/\/gysfm.com.ar\/inicio\/wp-content\/uploads\/2023\/07\/LOGOGYS-OK.png\",\"width\":1170,\"height\":872,\"caption\":\"GYS NOTICIAS |\"},\"image\":{\"@id\":\"https:\/\/gysfm.com.ar\/inicio\/#\/schema\/logo\/image\/\"}},{\"@type\":\"Person\",\"@id\":\"https:\/\/gysfm.com.ar\/inicio\/#\/schema\/person\/5bedd7ecd35cc35548d89effafa23696\",\"name\":\"admin\",\"image\":{\"@type\":\"ImageObject\",\"inLanguage\":\"es\",\"@id\":\"https:\/\/gysfm.com.ar\/inicio\/#\/schema\/person\/image\/\",\"url\":\"https:\/\/secure.gravatar.com\/avatar\/c331d312b5243fb64d5ba28108a447b27c925295129a363082c9ea52c28d32c2?s=96&d=mm&r=g\",\"contentUrl\":\"https:\/\/secure.gravatar.com\/avatar\/c331d312b5243fb64d5ba28108a447b27c925295129a363082c9ea52c28d32c2?s=96&d=mm&r=g\",\"caption\":\"admin\"},\"sameAs\":[\"https:\/\/gysfm.com.ar\/inicio\"],\"url\":\"https:\/\/gysfm.com.ar\/inicio\/author\/admin\/\"}]}<\/script>\n<!-- \/ Yoast SEO plugin. -->","yoast_head_json":{"title":"una comisi\u00f3n del Senado aprob\u00f3 la nominaci\u00f3n de Kevin Warsh y despeja el camino a su confirmaci\u00f3n - GYS NOTICIAS |","robots":{"index":"index","follow":"follow","max-snippet":"max-snippet:-1","max-image-preview":"max-image-preview:large","max-video-preview":"max-video-preview:-1"},"canonical":"https:\/\/gysfm.com.ar\/inicio\/una-comision-del-senado-aprobo-la-nominacion-de-kevin-warsh-y-despeja-el-camino-a-su-confirmacion\/","og_locale":"es_ES","og_type":"article","og_title":"una comisi\u00f3n del Senado aprob\u00f3 la nominaci\u00f3n de Kevin Warsh y despeja el camino a su confirmaci\u00f3n - GYS NOTICIAS |","og_description":"Horas antes de conocerse la decisi\u00f3n de la Reserva Federal (Fed) sobre la tasa, la comisi\u00f3n bancaria del Senado estadounidense dio luz verde este mi\u00e9rcoles a la nominaci\u00f3n de Kevin Warsh para presidir la autoridad monetaria. El pleno del Senado deber\u00e1 ratificar el nombramiento en una sesi\u00f3n posterior, antes de que expire el mandato de [&hellip;]","og_url":"https:\/\/gysfm.com.ar\/inicio\/una-comision-del-senado-aprobo-la-nominacion-de-kevin-warsh-y-despeja-el-camino-a-su-confirmacion\/","og_site_name":"GYS NOTICIAS |","article_published_time":"2026-04-30T03:04:40+00:00","author":"admin","twitter_card":"summary_large_image","twitter_misc":{"Escrito por":"admin","Tiempo de lectura":"3 minutos"},"schema":{"@context":"https:\/\/schema.org","@graph":[{"@type":"Article","@id":"https:\/\/gysfm.com.ar\/inicio\/una-comision-del-senado-aprobo-la-nominacion-de-kevin-warsh-y-despeja-el-camino-a-su-confirmacion\/#article","isPartOf":{"@id":"https:\/\/gysfm.com.ar\/inicio\/una-comision-del-senado-aprobo-la-nominacion-de-kevin-warsh-y-despeja-el-camino-a-su-confirmacion\/"},"author":{"name":"admin","@id":"https:\/\/gysfm.com.ar\/inicio\/#\/schema\/person\/5bedd7ecd35cc35548d89effafa23696"},"headline":"una comisi\u00f3n del Senado aprob\u00f3 la nominaci\u00f3n de Kevin Warsh y despeja el camino a su confirmaci\u00f3n","datePublished":"2026-04-30T03:04:40+00:00","mainEntityOfPage":{"@id":"https:\/\/gysfm.com.ar\/inicio\/una-comision-del-senado-aprobo-la-nominacion-de-kevin-warsh-y-despeja-el-camino-a-su-confirmacion\/"},"wordCount":561,"publisher":{"@id":"https:\/\/gysfm.com.ar\/inicio\/#organization"},"image":{"@id":"https:\/\/gysfm.com.ar\/inicio\/una-comision-del-senado-aprobo-la-nominacion-de-kevin-warsh-y-despeja-el-camino-a-su-confirmacion\/#primaryimage"},"thumbnailUrl":"https:\/\/gysfm.com.ar\/inicio\/wp-content\/uploads\/2026\/01\/1769797397_kevin-warsh.jpg","articleSection":["ECONOMIA"],"inLanguage":"es"},{"@type":"WebPage","@id":"https:\/\/gysfm.com.ar\/inicio\/una-comision-del-senado-aprobo-la-nominacion-de-kevin-warsh-y-despeja-el-camino-a-su-confirmacion\/","url":"https:\/\/gysfm.com.ar\/inicio\/una-comision-del-senado-aprobo-la-nominacion-de-kevin-warsh-y-despeja-el-camino-a-su-confirmacion\/","name":"una comisi\u00f3n del Senado aprob\u00f3 la nominaci\u00f3n de Kevin Warsh y despeja el camino a su confirmaci\u00f3n - GYS NOTICIAS |","isPartOf":{"@id":"https:\/\/gysfm.com.ar\/inicio\/#website"},"primaryImageOfPage":{"@id":"https:\/\/gysfm.com.ar\/inicio\/una-comision-del-senado-aprobo-la-nominacion-de-kevin-warsh-y-despeja-el-camino-a-su-confirmacion\/#primaryimage"},"image":{"@id":"https:\/\/gysfm.com.ar\/inicio\/una-comision-del-senado-aprobo-la-nominacion-de-kevin-warsh-y-despeja-el-camino-a-su-confirmacion\/#primaryimage"},"thumbnailUrl":"https:\/\/gysfm.com.ar\/inicio\/wp-content\/uploads\/2026\/01\/1769797397_kevin-warsh.jpg","datePublished":"2026-04-30T03:04:40+00:00","breadcrumb":{"@id":"https:\/\/gysfm.com.ar\/inicio\/una-comision-del-senado-aprobo-la-nominacion-de-kevin-warsh-y-despeja-el-camino-a-su-confirmacion\/#breadcrumb"},"inLanguage":"es","potentialAction":[{"@type":"ReadAction","target":["https:\/\/gysfm.com.ar\/inicio\/una-comision-del-senado-aprobo-la-nominacion-de-kevin-warsh-y-despeja-el-camino-a-su-confirmacion\/"]}]},{"@type":"ImageObject","inLanguage":"es","@id":"https:\/\/gysfm.com.ar\/inicio\/una-comision-del-senado-aprobo-la-nominacion-de-kevin-warsh-y-despeja-el-camino-a-su-confirmacion\/#primaryimage","url":"https:\/\/gysfm.com.ar\/inicio\/wp-content\/uploads\/2026\/01\/1769797397_kevin-warsh.jpg","contentUrl":"https:\/\/gysfm.com.ar\/inicio\/wp-content\/uploads\/2026\/01\/1769797397_kevin-warsh.jpg","width":1200,"height":675},{"@type":"BreadcrumbList","@id":"https:\/\/gysfm.com.ar\/inicio\/una-comision-del-senado-aprobo-la-nominacion-de-kevin-warsh-y-despeja-el-camino-a-su-confirmacion\/#breadcrumb","itemListElement":[{"@type":"ListItem","position":1,"name":"Portada","item":"https:\/\/gysfm.com.ar\/inicio\/"},{"@type":"ListItem","position":2,"name":"una comisi\u00f3n del Senado aprob\u00f3 la nominaci\u00f3n de Kevin Warsh y despeja el camino a su confirmaci\u00f3n"}]},{"@type":"WebSite","@id":"https:\/\/gysfm.com.ar\/inicio\/#website","url":"https:\/\/gysfm.com.ar\/inicio\/","name":"GYS NOTICIAS |","description":"DIARIO - RADIO ONLINE SAN JUAN ARGENTINA","publisher":{"@id":"https:\/\/gysfm.com.ar\/inicio\/#organization"},"potentialAction":[{"@type":"SearchAction","target":{"@type":"EntryPoint","urlTemplate":"https:\/\/gysfm.com.ar\/inicio\/?s={search_term_string}"},"query-input":{"@type":"PropertyValueSpecification","valueRequired":true,"valueName":"search_term_string"}}],"inLanguage":"es"},{"@type":"Organization","@id":"https:\/\/gysfm.com.ar\/inicio\/#organization","name":"GYS NOTICIAS |","url":"https:\/\/gysfm.com.ar\/inicio\/","logo":{"@type":"ImageObject","inLanguage":"es","@id":"https:\/\/gysfm.com.ar\/inicio\/#\/schema\/logo\/image\/","url":"https:\/\/gysfm.com.ar\/inicio\/wp-content\/uploads\/2023\/07\/LOGOGYS-OK.png","contentUrl":"https:\/\/gysfm.com.ar\/inicio\/wp-content\/uploads\/2023\/07\/LOGOGYS-OK.png","width":1170,"height":872,"caption":"GYS NOTICIAS |"},"image":{"@id":"https:\/\/gysfm.com.ar\/inicio\/#\/schema\/logo\/image\/"}},{"@type":"Person","@id":"https:\/\/gysfm.com.ar\/inicio\/#\/schema\/person\/5bedd7ecd35cc35548d89effafa23696","name":"admin","image":{"@type":"ImageObject","inLanguage":"es","@id":"https:\/\/gysfm.com.ar\/inicio\/#\/schema\/person\/image\/","url":"https:\/\/secure.gravatar.com\/avatar\/c331d312b5243fb64d5ba28108a447b27c925295129a363082c9ea52c28d32c2?s=96&d=mm&r=g","contentUrl":"https:\/\/secure.gravatar.com\/avatar\/c331d312b5243fb64d5ba28108a447b27c925295129a363082c9ea52c28d32c2?s=96&d=mm&r=g","caption":"admin"},"sameAs":["https:\/\/gysfm.com.ar\/inicio"],"url":"https:\/\/gysfm.com.ar\/inicio\/author\/admin\/"}]}},"_links":{"self":[{"href":"https:\/\/gysfm.com.ar\/inicio\/wp-json\/wp\/v2\/posts\/193799","targetHints":{"allow":["GET"]}}],"collection":[{"href":"https:\/\/gysfm.com.ar\/inicio\/wp-json\/wp\/v2\/posts"}],"about":[{"href":"https:\/\/gysfm.com.ar\/inicio\/wp-json\/wp\/v2\/types\/post"}],"author":[{"embeddable":true,"href":"https:\/\/gysfm.com.ar\/inicio\/wp-json\/wp\/v2\/users\/1"}],"replies":[{"embeddable":true,"href":"https:\/\/gysfm.com.ar\/inicio\/wp-json\/wp\/v2\/comments?post=193799"}],"version-history":[{"count":0,"href":"https:\/\/gysfm.com.ar\/inicio\/wp-json\/wp\/v2\/posts\/193799\/revisions"}],"wp:featuredmedia":[{"embeddable":true,"href":"https:\/\/gysfm.com.ar\/inicio\/wp-json\/wp\/v2\/media\/179064"}],"wp:attachment":[{"href":"https:\/\/gysfm.com.ar\/inicio\/wp-json\/wp\/v2\/media?parent=193799"}],"wp:term":[{"taxonomy":"category","embeddable":true,"href":"https:\/\/gysfm.com.ar\/inicio\/wp-json\/wp\/v2\/categories?post=193799"},{"taxonomy":"post_tag","embeddable":true,"href":"https:\/\/gysfm.com.ar\/inicio\/wp-json\/wp\/v2\/tags?post=193799"}],"curies":[{"name":"wp","href":"https:\/\/api.w.org\/{rel}","templated":true}]}}