{"id":193794,"date":"2026-04-29T23:41:36","date_gmt":"2026-04-30T02:41:36","guid":{"rendered":"https:\/\/gysfm.com.ar\/inicio\/por-que-ee-uu-no-quiere-aceptar-la-oferta-de-iran-para-terminar-con-la-guerra-segun-un-experto-internacional\/"},"modified":"2026-04-29T23:41:38","modified_gmt":"2026-04-30T02:41:38","slug":"por-que-ee-uu-no-quiere-aceptar-la-oferta-de-iran-para-terminar-con-la-guerra-segun-un-experto-internacional","status":"publish","type":"post","link":"https:\/\/gysfm.com.ar\/inicio\/por-que-ee-uu-no-quiere-aceptar-la-oferta-de-iran-para-terminar-con-la-guerra-segun-un-experto-internacional\/","title":{"rendered":"Por qu\u00e9 EE.UU. no quiere aceptar la oferta de Ir\u00e1n para terminar con la guerra, seg\u00fan un experto internacional"},"content":{"rendered":"<p> <br \/>\n<\/p>\n<div>\n<p class=\"com-paragraph  --capital --s\">A dos meses de que haya comenzado el conflicto en Medio Oriente, <a href=\"https:\/\/www.lanacion.com.ar\/el-mundo\/trump-lanzo-una-amenaza-a-iran-y-compartio-una-imagen-suya-con-un-fusil-creada-con-ia-nid29042026\/\" target=\"_self\" title=\"https:\/\/www.lanacion.com.ar\/el-mundo\/trump-lanzo-una-amenaza-a-iran-y-compartio-una-imagen-suya-con-un-fusil-creada-con-ia-nid29042026\/\" class=\"com-link break-word\" data-mrf-recirculation=\"n_link_parrafo\"><strong>Donald Trump public\u00f3 en su cuenta oficial de Truth Social una amenaza directa<\/strong><\/a>, con el fin de \u201cespabilar\u201d al r\u00e9gimen iran\u00ed, para llegar a alguna negociaci\u00f3n. En este contexto, el analista internacional Andr\u00e9s Repetto explic\u00f3 en <em>LN+<\/em>, las declaraciones del mandatario. <\/p>\n<div class=\"content-media\">\n<section role=\"button\" class=\"mod-media   \">\n<figure role=\"button\" tabindex=\"0\" class=\"mod-figure \"><figcaption class=\"mod-figcaption\"><span class=\"com-text --caption --twoxs\">Fuerte mensaje de Trump a Ir\u00e1n a dos meses de la guerra<\/span><\/figcaption><\/figure>\n<\/section>\n<\/div>\n<p class=\"com-paragraph   --s\"><strong>\u201cEsta visi\u00f3n de como si no estuviese pasando nada, cu\u00e1nto tiempo se puede fingir demencia, cu\u00e1nto tiempo se puede vivir en este limbo, cuando estamos ya en dos meses y un d\u00eda de esta guerra\u201d<\/strong>. subray\u00f3 Repetto.<\/p>\n<p class=\"com-paragraph   --s\">\u201cAyer un militar iran\u00ed les cuento dec\u00eda que la guerra no termin\u00f3, que se est\u00e1n preparando y viendo todos los objetivos. El tema es que a nivel militar, evidentemente <strong>a ninguna de las dos partes les conviene seguir combatiendo y est\u00e1n viendo de qu\u00e9 forma seguir el conflicto<\/strong>\u201d, sum\u00f3.<\/p>\n<p class=\"com-paragraph   --s\">Asimismo, enfatiz\u00f3: \u201cEs esta realidad paralela dentro de lo que es lo dram\u00e1tico de un conflicto\u201d. <\/p>\n<div class=\"content-media cursor-pointer container-center-100\">\n<section class=\"media-container relative ratio-16-9 mod-media pb-32\">\n<figure class=\"mod-video\">\n<div class=\"video-player bg-black ratio-16-9\" data-has-jwplayer=\"true\" data-video-id-jw=\"BsTc02aZ\" data-config=\"{&quot;title&quot;:&quot;Andres Repetto en LN+&quot;,&quot;mediaId&quot;:&quot;BsTc02aZ&quot;,&quot;playerId&quot;:&quot;ih0086X3&quot;,&quot;playlist&quot;:[{&quot;mediaid&quot;:&quot;BsTc02aZ&quot;,&quot;sources&quot;:[{&quot;file&quot;:&quot;https:\/\/cdn.jwplayer.com\/manifests\/BsTc02aZ.m3u8&quot;,&quot;type&quot;:&quot;application\/vnd.apple.mpegurl&quot;},{&quot;bitrate&quot;:323523,&quot;file&quot;:&quot;https:\/\/cdn.jwplayer.com\/videos\/BsTc02aZ-kTExGaWf.mp4&quot;,&quot;filesize&quot;:17793798,&quot;framerate&quot;:25,&quot;height&quot;:180,&quot;label&quot;:&quot;180p&quot;,&quot;type&quot;:&quot;video\/mp4&quot;,&quot;width&quot;:320},{&quot;bitrate&quot;:489285,&quot;file&quot;:&quot;https:\/\/cdn.jwplayer.com\/videos\/BsTc02aZ-K8B0kybS.mp4&quot;,&quot;filesize&quot;:26910726,&quot;framerate&quot;:25,&quot;height&quot;:270,&quot;label&quot;:&quot;270p&quot;,&quot;type&quot;:&quot;video\/mp4&quot;,&quot;width&quot;:480},{&quot;bitrate&quot;:1214506,&quot;file&quot;:&quot;https:\/\/cdn.jwplayer.com\/videos\/BsTc02aZ-46NIuRKO.mp4&quot;,&quot;filesize&quot;:66797848,&quot;framerate&quot;:25,&quot;height&quot;:720,&quot;label&quot;:&quot;720p&quot;,&quot;type&quot;:&quot;video\/mp4&quot;,&quot;width&quot;:1280},{&quot;bitrate&quot;:113586,&quot;file&quot;:&quot;https:\/\/cdn.jwplayer.com\/videos\/BsTc02aZ-hz5z2Tv4.m4a&quot;,&quot;filesize&quot;:6247252,&quot;label&quot;:&quot;AAC Audio&quot;,&quot;type&quot;:&quot;audio\/mp4&quot;},{&quot;bitrate&quot;:2423779,&quot;file&quot;:&quot;https:\/\/cdn.jwplayer.com\/videos\/BsTc02aZ-SomplJdm.mp4&quot;,&quot;filesize&quot;:133307870,&quot;framerate&quot;:25,&quot;height&quot;:1080,&quot;label&quot;:&quot;1080p&quot;,&quot;type&quot;:&quot;video\/mp4&quot;,&quot;width&quot;:1920},{&quot;bitrate&quot;:533041,&quot;file&quot;:&quot;https:\/\/cdn.jwplayer.com\/videos\/BsTc02aZ-FnZGUVnC.mp4&quot;,&quot;filesize&quot;:29317265,&quot;framerate&quot;:25,&quot;height&quot;:360,&quot;label&quot;:&quot;360p&quot;,&quot;type&quot;:&quot;video\/mp4&quot;,&quot;width&quot;:640},{&quot;bitrate&quot;:803503,&quot;file&quot;:&quot;https:\/\/cdn.jwplayer.com\/videos\/BsTc02aZ-0G6Pwvlw.mp4&quot;,&quot;filesize&quot;:44192676,&quot;framerate&quot;:25,&quot;height&quot;:540,&quot;label&quot;:&quot;540p&quot;,&quot;type&quot;:&quot;video\/mp4&quot;,&quot;width&quot;:960}]}],&quot;hasAutoplay&quot;:false,&quot;autostart&quot;:true,&quot;tagsUrl&quot;:&quot;https:\/\/pubads.g.doubleclick.net\/gampad\/ads?slotname=\/133919216\/la_nacion_video\/nota\/preroll&amp;sz=640x480|400x300&amp;ciu_szs=300x250&amp;unviewed_position_start=1&amp;output=vast&amp;impl=s&amp;env=vp&amp;gdfp_req=1&amp;ad_rule=0&amp;vad_type=linear&amp;vpos=preroll&amp;cust_params=tags_nuevos%3Dte_guerra_en_medio_oriente%2Cte_iran%2Cte_estados_unidos%2Cte_donald_trump%2Cte_ln_%2Cte_audiencia%2Cca_ln_%2Cca_el_mundo%2C%2CSHKS5PENGVDODLOZIGSUKCANSM&amp;pod=3&amp;ppos=1&amp;lip=true&amp;min_ad_duration=0&amp;max_ad_duration=30000&amp;vrid=6256&amp;url=https%3A%2F%2Fwww.lanacion.com.ar%2Flnmas%2Fpor-que-eeuu-no-quiere-aceptar-la-oferta-de-iran-sobre-el-estrecho-de-ormuz-para-terminar-con-la-nid29042026%2F%3Fvariant%3DA&amp;description_url=https%3A%2F%2Fwww.lanacion.com.ar%2Flnmas%2Fpor-que-eeuu-no-quiere-aceptar-la-oferta-de-iran-sobre-el-estrecho-de-ormuz-para-terminar-con-la-nid29042026%2F%3Fvariant%3DA&amp;video_doc_id=short_onecue&amp;cmsid=496&amp;kfa=0&amp;tfcd=0&amp;correlator=1777516678056&quot;,&quot;arcSite&quot;:&quot;la-nacion-ar&quot;,&quot;duration&quot;:&quot;440000&quot;}\">\n<div id=\"facade-BsTc02aZ\" class=\"content-facade-jw relative bg-black ratio-16-9\"><picture><source media=\"(max-width: 767px)\" srcset=\"https:\/\/resizer.glanacion.com\/resizer\/v2\/https%3A%2F%2Fcdn.jwplayer.com%2Fv2%2Fmedia%2FBsTc02aZ%2Fposter.jpg%3Fwidth%3D720?auth=f9344690c595da41c8bcd65f24725ae9a1d3dcb7b03a580ac3749e0ec7e0359b&amp;width=480&amp;quality=70&amp;smart=false\"\/><\/picture><\/div>\n<\/div><figcaption class=\"border border-1 border-bottom border-light-300 relative px-16 py-8 min-h-36 w-100_md px-0_l mb-8 bg-white\"><span class=\"text ln-text text-16 block\">Andres Repetto en LN+<\/span><\/figcaption><\/figure>\n<\/section>\n<\/div>\n<p class=\"com-paragraph   --s\">En cuanto al contexto en el cual se enmarcan estas amenazas, el analista internacional remarc\u00f3: \u201cAyer el presidente en medio de la gala con el rey de Gran Breta\u00f1a, con el discurso del Congreso, que pone de manifiesto los valores de la amistad entre Gran Breta\u00f1a y los Estados Unidos, con un discurso, justamente donde un rey marca la importancia de la democracia y los frenos y contrapesos\u201d<\/p>\n<p class=\"com-paragraph   --s\">Tras las idas y vueltas de Donald Trump en medio del conflicto en Medio Oriente, las negociaciones y los comunicaciones con el r\u00e9gimen iran\u00ed, se fueron modificando, con el correr de los d\u00edas.<\/p>\n<p class=\"com-paragraph   --s\">Ante la consulta de una posible acuerdo, Repetto sostuvo: \u201c<strong>El entorno del presidente est\u00e1 diciendo que no est\u00e1n dispuestos a firmar el acuerdo con los iran\u00edes, pero tampoco parecen estar dispuestos a dar otro paso\u00bb. <\/strong><\/p>\n<p class=\"com-paragraph   --s\">\u201cMientras tanto la realidad es que el bloqueo de <strong>los Estados Unidos contin\u00faa, el bloqueo de los iran\u00edes contin\u00faa<\/strong>, el precio de la nafta en los Estados Unidos est\u00e1 como nunca antes en su nivel m\u00e1s alto\u201d, agreg\u00f3<\/p>\n<p class=\"com-paragraph   --s\">Asimismo, el analista se pregunt\u00f3 si el mandatario estadounidense pordr\u00e1 <strong>\u201cestirar esta situaci\u00f3n\u201d<\/strong> hasta las <strong>elecciones en noviembre<\/strong>, debido a que su imagen se vio modificada tras sus declaraciones en sus redes sociales.<\/p>\n<p class=\"com-paragraph   --s\">\u201c<strong>Parece que es la pol\u00edtica que est\u00e1 intentando mantener el presidente de los Estados Unidos, mientras los iran\u00edes est\u00e1n buscando d\u00f3nde guardar ese petr\u00f3leo para que no da\u00f1e<\/strong>, la fuente de su riqueza y la fuente de lo que le da el mantenimiento a nivel militar\u201d, remarc\u00f3 el analista.<\/p>\n<section class=\"container-center-100 mb-40 border border-bottom border-thin border-neutral-light-700\">\n<hr\/>\n<\/section>\n<\/div>\n<p><script id=\"facebookpixel\" defer=\"\" type=\"text\/javascript\">\n        !function(f,b,e,v,n,t,s)\n        {if(f.fbq)return;n=f.fbq=function(){n.callMethod?\n        n.callMethod.apply(n,arguments):n.queue.push(arguments)};\n        if(!f._fbq)f._fbq=n;n.push=n;n.loaded=!0;n.version='2.0';\n        n.queue=[];t=b.createElement(e);t.async=!0;\n        t.src=v;s=b.getElementsByTagName(e)[0];\n        s.parentNode.insertBefore(t,s)}(window, document,'script',\n        'https:\/\/connect.facebook.net\/en_US\/fbevents.js');\n        fbq('init', '492459597522335');\n        fbq('track', 'PageView');\n    <\/script><br \/>\n<br \/><\/p>\n","protected":false},"excerpt":{"rendered":"<p>A dos meses de que haya comenzado el conflicto en Medio Oriente, Donald Trump public\u00f3 en su cuenta oficial de Truth Social una amenaza directa, con el fin de \u201cespabilar\u201d al r\u00e9gimen iran\u00ed, para llegar a alguna negociaci\u00f3n. En este contexto, el analista internacional Andr\u00e9s Repetto explic\u00f3 en LN+, las declaraciones del mandatario. Fuerte mensaje [&hellip;]<\/p>\n","protected":false},"author":2,"featured_media":193795,"comment_status":"closed","ping_status":"closed","sticky":false,"template":"","format":"standard","meta":{"footnotes":""},"categories":[26],"tags":[],"class_list":["post-193794","post","type-post","status-publish","format-standard","has-post-thumbnail","hentry","category-internacionales"],"yoast_head":"<!-- This site is optimized with the Yoast SEO plugin v24.4 - https:\/\/yoast.com\/wordpress\/plugins\/seo\/ -->\n<title>Por qu\u00e9 EE.UU. no quiere aceptar la oferta de Ir\u00e1n para terminar con la guerra, seg\u00fan un experto internacional - GYS NOTICIAS |<\/title>\n<meta name=\"robots\" content=\"index, follow, max-snippet:-1, max-image-preview:large, max-video-preview:-1\" \/>\n<link rel=\"canonical\" href=\"https:\/\/gysfm.com.ar\/inicio\/por-que-ee-uu-no-quiere-aceptar-la-oferta-de-iran-para-terminar-con-la-guerra-segun-un-experto-internacional\/\" \/>\n<meta property=\"og:locale\" content=\"es_ES\" \/>\n<meta property=\"og:type\" content=\"article\" \/>\n<meta property=\"og:title\" content=\"Por qu\u00e9 EE.UU. no quiere aceptar la oferta de Ir\u00e1n para terminar con la guerra, seg\u00fan un experto internacional - GYS NOTICIAS |\" \/>\n<meta property=\"og:description\" content=\"A dos meses de que haya comenzado el conflicto en Medio Oriente, Donald Trump public\u00f3 en su cuenta oficial de Truth Social una amenaza directa, con el fin de \u201cespabilar\u201d al r\u00e9gimen iran\u00ed, para llegar a alguna negociaci\u00f3n. En este contexto, el analista internacional Andr\u00e9s Repetto explic\u00f3 en LN+, las declaraciones del mandatario. Fuerte mensaje [&hellip;]\" \/>\n<meta property=\"og:url\" content=\"https:\/\/gysfm.com.ar\/inicio\/por-que-ee-uu-no-quiere-aceptar-la-oferta-de-iran-para-terminar-con-la-guerra-segun-un-experto-internacional\/\" \/>\n<meta property=\"og:site_name\" content=\"GYS NOTICIAS |\" \/>\n<meta property=\"article:published_time\" content=\"2026-04-30T02:41:36+00:00\" \/>\n<meta property=\"article:modified_time\" content=\"2026-04-30T02:41:38+00:00\" \/>\n<meta property=\"og:image\" content=\"https:\/\/gysfm.com.ar\/inicio\/wp-content\/uploads\/2026\/04\/donald-TEVB4KPOHJCLBHIUNTWXLVFGTE.jpg\" \/>\n\t<meta property=\"og:image:width\" content=\"1200\" \/>\n\t<meta property=\"og:image:height\" content=\"800\" \/>\n\t<meta property=\"og:image:type\" content=\"image\/jpeg\" \/>\n<meta name=\"author\" content=\"Prensa G&amp;S FM\" \/>\n<meta name=\"twitter:card\" content=\"summary_large_image\" \/>\n<meta name=\"twitter:label1\" content=\"Escrito por\" \/>\n\t<meta name=\"twitter:data1\" content=\"Prensa G&amp;S FM\" \/>\n\t<meta name=\"twitter:label2\" content=\"Tiempo de lectura\" \/>\n\t<meta name=\"twitter:data2\" content=\"2 minutos\" \/>\n<script type=\"application\/ld+json\" class=\"yoast-schema-graph\">{\"@context\":\"https:\/\/schema.org\",\"@graph\":[{\"@type\":\"Article\",\"@id\":\"https:\/\/gysfm.com.ar\/inicio\/por-que-ee-uu-no-quiere-aceptar-la-oferta-de-iran-para-terminar-con-la-guerra-segun-un-experto-internacional\/#article\",\"isPartOf\":{\"@id\":\"https:\/\/gysfm.com.ar\/inicio\/por-que-ee-uu-no-quiere-aceptar-la-oferta-de-iran-para-terminar-con-la-guerra-segun-un-experto-internacional\/\"},\"author\":{\"name\":\"Prensa G&amp;S FM\",\"@id\":\"https:\/\/gysfm.com.ar\/inicio\/#\/schema\/person\/3abba7593ef2ad19e1be221d54383dc5\"},\"headline\":\"Por qu\u00e9 EE.UU. no quiere aceptar la oferta de Ir\u00e1n para terminar con la guerra, seg\u00fan un experto internacional\",\"datePublished\":\"2026-04-30T02:41:36+00:00\",\"dateModified\":\"2026-04-30T02:41:38+00:00\",\"mainEntityOfPage\":{\"@id\":\"https:\/\/gysfm.com.ar\/inicio\/por-que-ee-uu-no-quiere-aceptar-la-oferta-de-iran-para-terminar-con-la-guerra-segun-un-experto-internacional\/\"},\"wordCount\":480,\"publisher\":{\"@id\":\"https:\/\/gysfm.com.ar\/inicio\/#organization\"},\"image\":{\"@id\":\"https:\/\/gysfm.com.ar\/inicio\/por-que-ee-uu-no-quiere-aceptar-la-oferta-de-iran-para-terminar-con-la-guerra-segun-un-experto-internacional\/#primaryimage\"},\"thumbnailUrl\":\"https:\/\/gysfm.com.ar\/inicio\/wp-content\/uploads\/2026\/04\/donald-TEVB4KPOHJCLBHIUNTWXLVFGTE.jpg\",\"articleSection\":[\"INTERNACIONALES\"],\"inLanguage\":\"es\"},{\"@type\":\"WebPage\",\"@id\":\"https:\/\/gysfm.com.ar\/inicio\/por-que-ee-uu-no-quiere-aceptar-la-oferta-de-iran-para-terminar-con-la-guerra-segun-un-experto-internacional\/\",\"url\":\"https:\/\/gysfm.com.ar\/inicio\/por-que-ee-uu-no-quiere-aceptar-la-oferta-de-iran-para-terminar-con-la-guerra-segun-un-experto-internacional\/\",\"name\":\"Por qu\u00e9 EE.UU. no quiere aceptar la oferta de Ir\u00e1n para terminar con la guerra, seg\u00fan un experto internacional - GYS NOTICIAS |\",\"isPartOf\":{\"@id\":\"https:\/\/gysfm.com.ar\/inicio\/#website\"},\"primaryImageOfPage\":{\"@id\":\"https:\/\/gysfm.com.ar\/inicio\/por-que-ee-uu-no-quiere-aceptar-la-oferta-de-iran-para-terminar-con-la-guerra-segun-un-experto-internacional\/#primaryimage\"},\"image\":{\"@id\":\"https:\/\/gysfm.com.ar\/inicio\/por-que-ee-uu-no-quiere-aceptar-la-oferta-de-iran-para-terminar-con-la-guerra-segun-un-experto-internacional\/#primaryimage\"},\"thumbnailUrl\":\"https:\/\/gysfm.com.ar\/inicio\/wp-content\/uploads\/2026\/04\/donald-TEVB4KPOHJCLBHIUNTWXLVFGTE.jpg\",\"datePublished\":\"2026-04-30T02:41:36+00:00\",\"dateModified\":\"2026-04-30T02:41:38+00:00\",\"breadcrumb\":{\"@id\":\"https:\/\/gysfm.com.ar\/inicio\/por-que-ee-uu-no-quiere-aceptar-la-oferta-de-iran-para-terminar-con-la-guerra-segun-un-experto-internacional\/#breadcrumb\"},\"inLanguage\":\"es\",\"potentialAction\":[{\"@type\":\"ReadAction\",\"target\":[\"https:\/\/gysfm.com.ar\/inicio\/por-que-ee-uu-no-quiere-aceptar-la-oferta-de-iran-para-terminar-con-la-guerra-segun-un-experto-internacional\/\"]}]},{\"@type\":\"ImageObject\",\"inLanguage\":\"es\",\"@id\":\"https:\/\/gysfm.com.ar\/inicio\/por-que-ee-uu-no-quiere-aceptar-la-oferta-de-iran-para-terminar-con-la-guerra-segun-un-experto-internacional\/#primaryimage\",\"url\":\"https:\/\/gysfm.com.ar\/inicio\/wp-content\/uploads\/2026\/04\/donald-TEVB4KPOHJCLBHIUNTWXLVFGTE.jpg\",\"contentUrl\":\"https:\/\/gysfm.com.ar\/inicio\/wp-content\/uploads\/2026\/04\/donald-TEVB4KPOHJCLBHIUNTWXLVFGTE.jpg\",\"width\":1200,\"height\":800},{\"@type\":\"BreadcrumbList\",\"@id\":\"https:\/\/gysfm.com.ar\/inicio\/por-que-ee-uu-no-quiere-aceptar-la-oferta-de-iran-para-terminar-con-la-guerra-segun-un-experto-internacional\/#breadcrumb\",\"itemListElement\":[{\"@type\":\"ListItem\",\"position\":1,\"name\":\"Portada\",\"item\":\"https:\/\/gysfm.com.ar\/inicio\/\"},{\"@type\":\"ListItem\",\"position\":2,\"name\":\"Por qu\u00e9 EE.UU. no quiere aceptar la oferta de Ir\u00e1n para terminar con la guerra, seg\u00fan un experto internacional\"}]},{\"@type\":\"WebSite\",\"@id\":\"https:\/\/gysfm.com.ar\/inicio\/#website\",\"url\":\"https:\/\/gysfm.com.ar\/inicio\/\",\"name\":\"GYS NOTICIAS |\",\"description\":\"DIARIO - RADIO ONLINE SAN JUAN ARGENTINA\",\"publisher\":{\"@id\":\"https:\/\/gysfm.com.ar\/inicio\/#organization\"},\"potentialAction\":[{\"@type\":\"SearchAction\",\"target\":{\"@type\":\"EntryPoint\",\"urlTemplate\":\"https:\/\/gysfm.com.ar\/inicio\/?s={search_term_string}\"},\"query-input\":{\"@type\":\"PropertyValueSpecification\",\"valueRequired\":true,\"valueName\":\"search_term_string\"}}],\"inLanguage\":\"es\"},{\"@type\":\"Organization\",\"@id\":\"https:\/\/gysfm.com.ar\/inicio\/#organization\",\"name\":\"GYS NOTICIAS |\",\"url\":\"https:\/\/gysfm.com.ar\/inicio\/\",\"logo\":{\"@type\":\"ImageObject\",\"inLanguage\":\"es\",\"@id\":\"https:\/\/gysfm.com.ar\/inicio\/#\/schema\/logo\/image\/\",\"url\":\"https:\/\/gysfm.com.ar\/inicio\/wp-content\/uploads\/2023\/07\/LOGOGYS-OK.png\",\"contentUrl\":\"https:\/\/gysfm.com.ar\/inicio\/wp-content\/uploads\/2023\/07\/LOGOGYS-OK.png\",\"width\":1170,\"height\":872,\"caption\":\"GYS NOTICIAS |\"},\"image\":{\"@id\":\"https:\/\/gysfm.com.ar\/inicio\/#\/schema\/logo\/image\/\"}},{\"@type\":\"Person\",\"@id\":\"https:\/\/gysfm.com.ar\/inicio\/#\/schema\/person\/3abba7593ef2ad19e1be221d54383dc5\",\"name\":\"Prensa G&amp;S FM\",\"image\":{\"@type\":\"ImageObject\",\"inLanguage\":\"es\",\"@id\":\"https:\/\/gysfm.com.ar\/inicio\/#\/schema\/person\/image\/\",\"url\":\"https:\/\/secure.gravatar.com\/avatar\/096ec78df02049ab018702bb4ccedf659377fa92a26540b5247612077a0dbd29?s=96&d=mm&r=g\",\"contentUrl\":\"https:\/\/secure.gravatar.com\/avatar\/096ec78df02049ab018702bb4ccedf659377fa92a26540b5247612077a0dbd29?s=96&d=mm&r=g\",\"caption\":\"Prensa G&amp;S FM\"},\"sameAs\":[\"https:\/\/gysfm.com.ar\/\"],\"url\":\"https:\/\/gysfm.com.ar\/inicio\/author\/lucasm\/\"}]}<\/script>\n<!-- \/ Yoast SEO plugin. -->","yoast_head_json":{"title":"Por qu\u00e9 EE.UU. no quiere aceptar la oferta de Ir\u00e1n para terminar con la guerra, seg\u00fan un experto internacional - GYS NOTICIAS |","robots":{"index":"index","follow":"follow","max-snippet":"max-snippet:-1","max-image-preview":"max-image-preview:large","max-video-preview":"max-video-preview:-1"},"canonical":"https:\/\/gysfm.com.ar\/inicio\/por-que-ee-uu-no-quiere-aceptar-la-oferta-de-iran-para-terminar-con-la-guerra-segun-un-experto-internacional\/","og_locale":"es_ES","og_type":"article","og_title":"Por qu\u00e9 EE.UU. no quiere aceptar la oferta de Ir\u00e1n para terminar con la guerra, seg\u00fan un experto internacional - GYS NOTICIAS |","og_description":"A dos meses de que haya comenzado el conflicto en Medio Oriente, Donald Trump public\u00f3 en su cuenta oficial de Truth Social una amenaza directa, con el fin de \u201cespabilar\u201d al r\u00e9gimen iran\u00ed, para llegar a alguna negociaci\u00f3n. En este contexto, el analista internacional Andr\u00e9s Repetto explic\u00f3 en LN+, las declaraciones del mandatario. Fuerte mensaje [&hellip;]","og_url":"https:\/\/gysfm.com.ar\/inicio\/por-que-ee-uu-no-quiere-aceptar-la-oferta-de-iran-para-terminar-con-la-guerra-segun-un-experto-internacional\/","og_site_name":"GYS NOTICIAS |","article_published_time":"2026-04-30T02:41:36+00:00","article_modified_time":"2026-04-30T02:41:38+00:00","og_image":[{"width":1200,"height":800,"url":"https:\/\/gysfm.com.ar\/inicio\/wp-content\/uploads\/2026\/04\/donald-TEVB4KPOHJCLBHIUNTWXLVFGTE.jpg","type":"image\/jpeg"}],"author":"Prensa G&amp;S FM","twitter_card":"summary_large_image","twitter_misc":{"Escrito por":"Prensa G&amp;S FM","Tiempo de lectura":"2 minutos"},"schema":{"@context":"https:\/\/schema.org","@graph":[{"@type":"Article","@id":"https:\/\/gysfm.com.ar\/inicio\/por-que-ee-uu-no-quiere-aceptar-la-oferta-de-iran-para-terminar-con-la-guerra-segun-un-experto-internacional\/#article","isPartOf":{"@id":"https:\/\/gysfm.com.ar\/inicio\/por-que-ee-uu-no-quiere-aceptar-la-oferta-de-iran-para-terminar-con-la-guerra-segun-un-experto-internacional\/"},"author":{"name":"Prensa G&amp;S FM","@id":"https:\/\/gysfm.com.ar\/inicio\/#\/schema\/person\/3abba7593ef2ad19e1be221d54383dc5"},"headline":"Por qu\u00e9 EE.UU. no quiere aceptar la oferta de Ir\u00e1n para terminar con la guerra, seg\u00fan un experto internacional","datePublished":"2026-04-30T02:41:36+00:00","dateModified":"2026-04-30T02:41:38+00:00","mainEntityOfPage":{"@id":"https:\/\/gysfm.com.ar\/inicio\/por-que-ee-uu-no-quiere-aceptar-la-oferta-de-iran-para-terminar-con-la-guerra-segun-un-experto-internacional\/"},"wordCount":480,"publisher":{"@id":"https:\/\/gysfm.com.ar\/inicio\/#organization"},"image":{"@id":"https:\/\/gysfm.com.ar\/inicio\/por-que-ee-uu-no-quiere-aceptar-la-oferta-de-iran-para-terminar-con-la-guerra-segun-un-experto-internacional\/#primaryimage"},"thumbnailUrl":"https:\/\/gysfm.com.ar\/inicio\/wp-content\/uploads\/2026\/04\/donald-TEVB4KPOHJCLBHIUNTWXLVFGTE.jpg","articleSection":["INTERNACIONALES"],"inLanguage":"es"},{"@type":"WebPage","@id":"https:\/\/gysfm.com.ar\/inicio\/por-que-ee-uu-no-quiere-aceptar-la-oferta-de-iran-para-terminar-con-la-guerra-segun-un-experto-internacional\/","url":"https:\/\/gysfm.com.ar\/inicio\/por-que-ee-uu-no-quiere-aceptar-la-oferta-de-iran-para-terminar-con-la-guerra-segun-un-experto-internacional\/","name":"Por qu\u00e9 EE.UU. no quiere aceptar la oferta de Ir\u00e1n para terminar con la guerra, seg\u00fan un experto internacional - GYS NOTICIAS |","isPartOf":{"@id":"https:\/\/gysfm.com.ar\/inicio\/#website"},"primaryImageOfPage":{"@id":"https:\/\/gysfm.com.ar\/inicio\/por-que-ee-uu-no-quiere-aceptar-la-oferta-de-iran-para-terminar-con-la-guerra-segun-un-experto-internacional\/#primaryimage"},"image":{"@id":"https:\/\/gysfm.com.ar\/inicio\/por-que-ee-uu-no-quiere-aceptar-la-oferta-de-iran-para-terminar-con-la-guerra-segun-un-experto-internacional\/#primaryimage"},"thumbnailUrl":"https:\/\/gysfm.com.ar\/inicio\/wp-content\/uploads\/2026\/04\/donald-TEVB4KPOHJCLBHIUNTWXLVFGTE.jpg","datePublished":"2026-04-30T02:41:36+00:00","dateModified":"2026-04-30T02:41:38+00:00","breadcrumb":{"@id":"https:\/\/gysfm.com.ar\/inicio\/por-que-ee-uu-no-quiere-aceptar-la-oferta-de-iran-para-terminar-con-la-guerra-segun-un-experto-internacional\/#breadcrumb"},"inLanguage":"es","potentialAction":[{"@type":"ReadAction","target":["https:\/\/gysfm.com.ar\/inicio\/por-que-ee-uu-no-quiere-aceptar-la-oferta-de-iran-para-terminar-con-la-guerra-segun-un-experto-internacional\/"]}]},{"@type":"ImageObject","inLanguage":"es","@id":"https:\/\/gysfm.com.ar\/inicio\/por-que-ee-uu-no-quiere-aceptar-la-oferta-de-iran-para-terminar-con-la-guerra-segun-un-experto-internacional\/#primaryimage","url":"https:\/\/gysfm.com.ar\/inicio\/wp-content\/uploads\/2026\/04\/donald-TEVB4KPOHJCLBHIUNTWXLVFGTE.jpg","contentUrl":"https:\/\/gysfm.com.ar\/inicio\/wp-content\/uploads\/2026\/04\/donald-TEVB4KPOHJCLBHIUNTWXLVFGTE.jpg","width":1200,"height":800},{"@type":"BreadcrumbList","@id":"https:\/\/gysfm.com.ar\/inicio\/por-que-ee-uu-no-quiere-aceptar-la-oferta-de-iran-para-terminar-con-la-guerra-segun-un-experto-internacional\/#breadcrumb","itemListElement":[{"@type":"ListItem","position":1,"name":"Portada","item":"https:\/\/gysfm.com.ar\/inicio\/"},{"@type":"ListItem","position":2,"name":"Por qu\u00e9 EE.UU. no quiere aceptar la oferta de Ir\u00e1n para terminar con la guerra, seg\u00fan un experto internacional"}]},{"@type":"WebSite","@id":"https:\/\/gysfm.com.ar\/inicio\/#website","url":"https:\/\/gysfm.com.ar\/inicio\/","name":"GYS NOTICIAS |","description":"DIARIO - RADIO ONLINE SAN JUAN ARGENTINA","publisher":{"@id":"https:\/\/gysfm.com.ar\/inicio\/#organization"},"potentialAction":[{"@type":"SearchAction","target":{"@type":"EntryPoint","urlTemplate":"https:\/\/gysfm.com.ar\/inicio\/?s={search_term_string}"},"query-input":{"@type":"PropertyValueSpecification","valueRequired":true,"valueName":"search_term_string"}}],"inLanguage":"es"},{"@type":"Organization","@id":"https:\/\/gysfm.com.ar\/inicio\/#organization","name":"GYS NOTICIAS |","url":"https:\/\/gysfm.com.ar\/inicio\/","logo":{"@type":"ImageObject","inLanguage":"es","@id":"https:\/\/gysfm.com.ar\/inicio\/#\/schema\/logo\/image\/","url":"https:\/\/gysfm.com.ar\/inicio\/wp-content\/uploads\/2023\/07\/LOGOGYS-OK.png","contentUrl":"https:\/\/gysfm.com.ar\/inicio\/wp-content\/uploads\/2023\/07\/LOGOGYS-OK.png","width":1170,"height":872,"caption":"GYS NOTICIAS |"},"image":{"@id":"https:\/\/gysfm.com.ar\/inicio\/#\/schema\/logo\/image\/"}},{"@type":"Person","@id":"https:\/\/gysfm.com.ar\/inicio\/#\/schema\/person\/3abba7593ef2ad19e1be221d54383dc5","name":"Prensa G&amp;S FM","image":{"@type":"ImageObject","inLanguage":"es","@id":"https:\/\/gysfm.com.ar\/inicio\/#\/schema\/person\/image\/","url":"https:\/\/secure.gravatar.com\/avatar\/096ec78df02049ab018702bb4ccedf659377fa92a26540b5247612077a0dbd29?s=96&d=mm&r=g","contentUrl":"https:\/\/secure.gravatar.com\/avatar\/096ec78df02049ab018702bb4ccedf659377fa92a26540b5247612077a0dbd29?s=96&d=mm&r=g","caption":"Prensa G&amp;S FM"},"sameAs":["https:\/\/gysfm.com.ar\/"],"url":"https:\/\/gysfm.com.ar\/inicio\/author\/lucasm\/"}]}},"_links":{"self":[{"href":"https:\/\/gysfm.com.ar\/inicio\/wp-json\/wp\/v2\/posts\/193794","targetHints":{"allow":["GET"]}}],"collection":[{"href":"https:\/\/gysfm.com.ar\/inicio\/wp-json\/wp\/v2\/posts"}],"about":[{"href":"https:\/\/gysfm.com.ar\/inicio\/wp-json\/wp\/v2\/types\/post"}],"author":[{"embeddable":true,"href":"https:\/\/gysfm.com.ar\/inicio\/wp-json\/wp\/v2\/users\/2"}],"replies":[{"embeddable":true,"href":"https:\/\/gysfm.com.ar\/inicio\/wp-json\/wp\/v2\/comments?post=193794"}],"version-history":[{"count":1,"href":"https:\/\/gysfm.com.ar\/inicio\/wp-json\/wp\/v2\/posts\/193794\/revisions"}],"predecessor-version":[{"id":193796,"href":"https:\/\/gysfm.com.ar\/inicio\/wp-json\/wp\/v2\/posts\/193794\/revisions\/193796"}],"wp:featuredmedia":[{"embeddable":true,"href":"https:\/\/gysfm.com.ar\/inicio\/wp-json\/wp\/v2\/media\/193795"}],"wp:attachment":[{"href":"https:\/\/gysfm.com.ar\/inicio\/wp-json\/wp\/v2\/media?parent=193794"}],"wp:term":[{"taxonomy":"category","embeddable":true,"href":"https:\/\/gysfm.com.ar\/inicio\/wp-json\/wp\/v2\/categories?post=193794"},{"taxonomy":"post_tag","embeddable":true,"href":"https:\/\/gysfm.com.ar\/inicio\/wp-json\/wp\/v2\/tags?post=193794"}],"curies":[{"name":"wp","href":"https:\/\/api.w.org\/{rel}","templated":true}]}}