{"id":193792,"date":"2026-04-29T23:22:11","date_gmt":"2026-04-30T02:22:11","guid":{"rendered":"https:\/\/gysfm.com.ar\/inicio\/por-ola-de-frio-restringen-la-venta-de-gnc-en-el-amba\/"},"modified":"2026-04-29T23:22:11","modified_gmt":"2026-04-30T02:22:11","slug":"por-ola-de-frio-restringen-la-venta-de-gnc-en-el-amba","status":"publish","type":"post","link":"https:\/\/gysfm.com.ar\/inicio\/por-ola-de-frio-restringen-la-venta-de-gnc-en-el-amba\/","title":{"rendered":"Por ola de fr\u00edo restringen la venta de GNC en el AMBA"},"content":{"rendered":"<p><\/p>\n<div id=\"article-content\">\n<p>La<strong> intensa ola de fr\u00edo<\/strong> que afecta a gran parte del pa\u00eds oblig\u00f3 a tomar <a target=\"_blank\" href=\"https:\/\/www.perfil.com\/noticias\/reperfilar\/los-empleados-dejaron-de-buscar-un-ascenso.phtml\"><strong>medidas excepcionales en el \u00c1rea Metropolitana de Buenos Aires (AMBA),<\/strong> donde se dispuso la<strong> restricci\u00f3n en la venta de Gas Natural Comprimido (GNC) <\/strong><\/a>para garantizar el <strong>abastecimiento en hogares, hospitales y servicios esenciales.<\/strong><\/p>\n<p>La decisi\u00f3n fue adoptada por las autoridades energ\u00e9ticas en coordinaci\u00f3n con distribuidoras y transportistas de gas, ante el fuerte incremento en la demanda provocado por las bajas temperaturas. Seg\u00fan explicaron fuentes oficiales, el sistema opera al l\u00edmite de su capacidad en los d\u00edas de mayor consumo, por lo que se prioriza el suministro residencial.<\/p>\n<p>La restricci\u00f3n afecta principalmente a estaciones de servicio con contratos interrumpibles, que son las primeras en sufrir cortes cuando<strong> la demanda alcanza niveles cr\u00edticos<\/strong>. En algunos casos, la suspensi\u00f3n es total durante determinadas franjas horarias, mientras que en otros se limita el despacho para evitar un colapso del sistema.<\/p>\n<div class=\"subscription\">\n<p>\n        Esto no les gusta a los autoritarios\n    <\/p>\n<div class=\"subscription__container\">\n<div class=\"subscription__text-wrapper\">\n<p>\n                El ejercicio del periodismo profesional y cr\u00edtico es un pilar fundamental de la democracia. Por eso molesta a quienes creen ser los due\u00f1os de la verdad.\n            <\/p>\n<\/p><\/div><\/div>\n<\/div>\n<p><iframe id=\"vrudo\" class=\"vrudo\" src=\"https:\/\/rudo.video\/vod\/yiQ2xMlFvPG?volume=0\" width=\"100%\" height=\"100%\" allowscriptaccess=\"always\" allowfullscreen=\"true\" webkitallowfullscreen=\"true\" frameborder=\"0\" scrolling=\"no\" allow=\"autoplay; fullscreen\" loading=\"lazy\" title=\"Contenido embebido\"><\/iframe><\/p>\n<p>Desde el <strong>sector de expendedores de combustibles<\/strong> advirtieron que la medida impacta de lleno en trabajadores que dependen del GNC, como taxistas y remiseros, quienes ya comenzaron a reportar complicaciones para cargar combustible y desarrollar sus actividades con normalidad.<\/p>\n<p>En paralelo, el Gobierno <strong>no descarta extender o profundizar las restricciones si las condiciones clim\u00e1ticas se mantienen en los pr\u00f3ximos d\u00edas<\/strong>. El pron\u00f3stico anticipa temperaturas bajas persistentes, lo que mantendr\u00eda elevada la demanda de gas en todo el pa\u00eds.<\/p>\n<p>Especialistas del sector energ\u00e9tico se\u00f1alaron que estas<strong> situaciones suelen repetirse durante los picos de invierno<\/strong>, especialmente cuando coinciden con olas de fr\u00edo intensas. Tambi\u00e9n remarcaron la necesidad de avanzar en obras de infraestructura para ampliar la capacidad de transporte y almacenamiento, con el objetivo de reducir la vulnerabilidad del sistema.<\/p>\n<p>Mientras tanto, las autoridades recomendaron un uso responsable del gas en los hogares, con el fin de contribuir a sostener el abastecimiento en un contexto de alta exigencia.<\/p>\n<\/p><\/div>\n<p><script>\n                !function(f,b,e,v,n,t,s)\n                {if(f.fbq)return;n=f.fbq=function(){n.callMethod?\n                    n.callMethod.apply(n,arguments):n.queue.push(arguments)};\n                    if(!f._fbq)f._fbq=n;n.push=n;n.loaded=!0;n.version='2.0';\n                    n.queue=[];t=b.createElement(e);t.async=!0;\n                    t.src=v;s=b.getElementsByTagName(e)[0];\n                    s.parentNode.insertBefore(t,s)}(window, document,'script',\n                    'https:\/\/connect.facebook.net\/en_US\/fbevents.js');\n                window.paywallConfig.facebook_pixel=\"1000228364089342\"\n            <\/script><\/p>\n","protected":false},"excerpt":{"rendered":"<p>La intensa ola de fr\u00edo que afecta a gran parte del pa\u00eds oblig\u00f3 a tomar medidas excepcionales en el \u00c1rea Metropolitana de Buenos Aires (AMBA), donde se dispuso la restricci\u00f3n en la venta de Gas Natural Comprimido (GNC) para garantizar el abastecimiento en hogares, hospitales y servicios esenciales. La decisi\u00f3n fue adoptada por las autoridades [&hellip;]<\/p>\n","protected":false},"author":2,"featured_media":193793,"comment_status":"closed","ping_status":"closed","sticky":false,"template":"","format":"standard","meta":{"footnotes":""},"categories":[25],"tags":[],"class_list":["post-193792","post","type-post","status-publish","format-standard","has-post-thumbnail","hentry","category-nacionales"],"yoast_head":"<!-- This site is optimized with the Yoast SEO plugin v24.4 - https:\/\/yoast.com\/wordpress\/plugins\/seo\/ -->\n<title>Por ola de fr\u00edo restringen la venta de GNC en el AMBA - GYS NOTICIAS |<\/title>\n<meta name=\"robots\" content=\"index, follow, max-snippet:-1, max-image-preview:large, max-video-preview:-1\" \/>\n<link rel=\"canonical\" href=\"https:\/\/gysfm.com.ar\/inicio\/por-ola-de-frio-restringen-la-venta-de-gnc-en-el-amba\/\" \/>\n<meta property=\"og:locale\" content=\"es_ES\" \/>\n<meta property=\"og:type\" content=\"article\" \/>\n<meta property=\"og:title\" content=\"Por ola de fr\u00edo restringen la venta de GNC en el AMBA - GYS NOTICIAS |\" \/>\n<meta property=\"og:description\" content=\"La intensa ola de fr\u00edo que afecta a gran parte del pa\u00eds oblig\u00f3 a tomar medidas excepcionales en el \u00c1rea Metropolitana de Buenos Aires (AMBA), donde se dispuso la restricci\u00f3n en la venta de Gas Natural Comprimido (GNC) para garantizar el abastecimiento en hogares, hospitales y servicios esenciales. La decisi\u00f3n fue adoptada por las autoridades [&hellip;]\" \/>\n<meta property=\"og:url\" content=\"https:\/\/gysfm.com.ar\/inicio\/por-ola-de-frio-restringen-la-venta-de-gnc-en-el-amba\/\" \/>\n<meta property=\"og:site_name\" content=\"GYS NOTICIAS |\" \/>\n<meta property=\"article:published_time\" content=\"2026-04-30T02:22:11+00:00\" \/>\n<meta name=\"author\" content=\"Prensa G&amp;S FM\" \/>\n<meta name=\"twitter:card\" content=\"summary_large_image\" \/>\n<meta name=\"twitter:label1\" content=\"Escrito por\" \/>\n\t<meta name=\"twitter:data1\" content=\"Prensa G&amp;S FM\" \/>\n\t<meta name=\"twitter:label2\" content=\"Tiempo de lectura\" \/>\n\t<meta name=\"twitter:data2\" content=\"2 minutos\" \/>\n<script type=\"application\/ld+json\" class=\"yoast-schema-graph\">{\"@context\":\"https:\/\/schema.org\",\"@graph\":[{\"@type\":\"Article\",\"@id\":\"https:\/\/gysfm.com.ar\/inicio\/por-ola-de-frio-restringen-la-venta-de-gnc-en-el-amba\/#article\",\"isPartOf\":{\"@id\":\"https:\/\/gysfm.com.ar\/inicio\/por-ola-de-frio-restringen-la-venta-de-gnc-en-el-amba\/\"},\"author\":{\"name\":\"Prensa G&amp;S FM\",\"@id\":\"https:\/\/gysfm.com.ar\/inicio\/#\/schema\/person\/3abba7593ef2ad19e1be221d54383dc5\"},\"headline\":\"Por ola de fr\u00edo restringen la venta de GNC en el AMBA\",\"datePublished\":\"2026-04-30T02:22:11+00:00\",\"mainEntityOfPage\":{\"@id\":\"https:\/\/gysfm.com.ar\/inicio\/por-ola-de-frio-restringen-la-venta-de-gnc-en-el-amba\/\"},\"wordCount\":377,\"publisher\":{\"@id\":\"https:\/\/gysfm.com.ar\/inicio\/#organization\"},\"image\":{\"@id\":\"https:\/\/gysfm.com.ar\/inicio\/por-ola-de-frio-restringen-la-venta-de-gnc-en-el-amba\/#primaryimage\"},\"thumbnailUrl\":\"https:\/\/gysfm.com.ar\/inicio\/wp-content\/uploads\/2026\/04\/la-suba-de-la-nafta-y-el-gasoil-impulsa-un-cambio-masivo-al-gnc-en-cordoba-2221307.jpg\",\"articleSection\":[\"NACIONALES\"],\"inLanguage\":\"es\"},{\"@type\":\"WebPage\",\"@id\":\"https:\/\/gysfm.com.ar\/inicio\/por-ola-de-frio-restringen-la-venta-de-gnc-en-el-amba\/\",\"url\":\"https:\/\/gysfm.com.ar\/inicio\/por-ola-de-frio-restringen-la-venta-de-gnc-en-el-amba\/\",\"name\":\"Por ola de fr\u00edo restringen la venta de GNC en el AMBA - GYS NOTICIAS |\",\"isPartOf\":{\"@id\":\"https:\/\/gysfm.com.ar\/inicio\/#website\"},\"primaryImageOfPage\":{\"@id\":\"https:\/\/gysfm.com.ar\/inicio\/por-ola-de-frio-restringen-la-venta-de-gnc-en-el-amba\/#primaryimage\"},\"image\":{\"@id\":\"https:\/\/gysfm.com.ar\/inicio\/por-ola-de-frio-restringen-la-venta-de-gnc-en-el-amba\/#primaryimage\"},\"thumbnailUrl\":\"https:\/\/gysfm.com.ar\/inicio\/wp-content\/uploads\/2026\/04\/la-suba-de-la-nafta-y-el-gasoil-impulsa-un-cambio-masivo-al-gnc-en-cordoba-2221307.jpg\",\"datePublished\":\"2026-04-30T02:22:11+00:00\",\"breadcrumb\":{\"@id\":\"https:\/\/gysfm.com.ar\/inicio\/por-ola-de-frio-restringen-la-venta-de-gnc-en-el-amba\/#breadcrumb\"},\"inLanguage\":\"es\",\"potentialAction\":[{\"@type\":\"ReadAction\",\"target\":[\"https:\/\/gysfm.com.ar\/inicio\/por-ola-de-frio-restringen-la-venta-de-gnc-en-el-amba\/\"]}]},{\"@type\":\"ImageObject\",\"inLanguage\":\"es\",\"@id\":\"https:\/\/gysfm.com.ar\/inicio\/por-ola-de-frio-restringen-la-venta-de-gnc-en-el-amba\/#primaryimage\",\"url\":\"https:\/\/gysfm.com.ar\/inicio\/wp-content\/uploads\/2026\/04\/la-suba-de-la-nafta-y-el-gasoil-impulsa-un-cambio-masivo-al-gnc-en-cordoba-2221307.jpg\",\"contentUrl\":\"https:\/\/gysfm.com.ar\/inicio\/wp-content\/uploads\/2026\/04\/la-suba-de-la-nafta-y-el-gasoil-impulsa-un-cambio-masivo-al-gnc-en-cordoba-2221307.jpg\",\"width\":1140,\"height\":641},{\"@type\":\"BreadcrumbList\",\"@id\":\"https:\/\/gysfm.com.ar\/inicio\/por-ola-de-frio-restringen-la-venta-de-gnc-en-el-amba\/#breadcrumb\",\"itemListElement\":[{\"@type\":\"ListItem\",\"position\":1,\"name\":\"Portada\",\"item\":\"https:\/\/gysfm.com.ar\/inicio\/\"},{\"@type\":\"ListItem\",\"position\":2,\"name\":\"Por ola de fr\u00edo restringen la venta de GNC en el AMBA\"}]},{\"@type\":\"WebSite\",\"@id\":\"https:\/\/gysfm.com.ar\/inicio\/#website\",\"url\":\"https:\/\/gysfm.com.ar\/inicio\/\",\"name\":\"GYS NOTICIAS |\",\"description\":\"DIARIO - RADIO ONLINE SAN JUAN ARGENTINA\",\"publisher\":{\"@id\":\"https:\/\/gysfm.com.ar\/inicio\/#organization\"},\"potentialAction\":[{\"@type\":\"SearchAction\",\"target\":{\"@type\":\"EntryPoint\",\"urlTemplate\":\"https:\/\/gysfm.com.ar\/inicio\/?s={search_term_string}\"},\"query-input\":{\"@type\":\"PropertyValueSpecification\",\"valueRequired\":true,\"valueName\":\"search_term_string\"}}],\"inLanguage\":\"es\"},{\"@type\":\"Organization\",\"@id\":\"https:\/\/gysfm.com.ar\/inicio\/#organization\",\"name\":\"GYS NOTICIAS |\",\"url\":\"https:\/\/gysfm.com.ar\/inicio\/\",\"logo\":{\"@type\":\"ImageObject\",\"inLanguage\":\"es\",\"@id\":\"https:\/\/gysfm.com.ar\/inicio\/#\/schema\/logo\/image\/\",\"url\":\"https:\/\/gysfm.com.ar\/inicio\/wp-content\/uploads\/2023\/07\/LOGOGYS-OK.png\",\"contentUrl\":\"https:\/\/gysfm.com.ar\/inicio\/wp-content\/uploads\/2023\/07\/LOGOGYS-OK.png\",\"width\":1170,\"height\":872,\"caption\":\"GYS NOTICIAS |\"},\"image\":{\"@id\":\"https:\/\/gysfm.com.ar\/inicio\/#\/schema\/logo\/image\/\"}},{\"@type\":\"Person\",\"@id\":\"https:\/\/gysfm.com.ar\/inicio\/#\/schema\/person\/3abba7593ef2ad19e1be221d54383dc5\",\"name\":\"Prensa G&amp;S FM\",\"image\":{\"@type\":\"ImageObject\",\"inLanguage\":\"es\",\"@id\":\"https:\/\/gysfm.com.ar\/inicio\/#\/schema\/person\/image\/\",\"url\":\"https:\/\/secure.gravatar.com\/avatar\/096ec78df02049ab018702bb4ccedf659377fa92a26540b5247612077a0dbd29?s=96&d=mm&r=g\",\"contentUrl\":\"https:\/\/secure.gravatar.com\/avatar\/096ec78df02049ab018702bb4ccedf659377fa92a26540b5247612077a0dbd29?s=96&d=mm&r=g\",\"caption\":\"Prensa G&amp;S FM\"},\"sameAs\":[\"https:\/\/gysfm.com.ar\/\"],\"url\":\"https:\/\/gysfm.com.ar\/inicio\/author\/lucasm\/\"}]}<\/script>\n<!-- \/ Yoast SEO plugin. -->","yoast_head_json":{"title":"Por ola de fr\u00edo restringen la venta de GNC en el AMBA - GYS NOTICIAS |","robots":{"index":"index","follow":"follow","max-snippet":"max-snippet:-1","max-image-preview":"max-image-preview:large","max-video-preview":"max-video-preview:-1"},"canonical":"https:\/\/gysfm.com.ar\/inicio\/por-ola-de-frio-restringen-la-venta-de-gnc-en-el-amba\/","og_locale":"es_ES","og_type":"article","og_title":"Por ola de fr\u00edo restringen la venta de GNC en el AMBA - GYS NOTICIAS |","og_description":"La intensa ola de fr\u00edo que afecta a gran parte del pa\u00eds oblig\u00f3 a tomar medidas excepcionales en el \u00c1rea Metropolitana de Buenos Aires (AMBA), donde se dispuso la restricci\u00f3n en la venta de Gas Natural Comprimido (GNC) para garantizar el abastecimiento en hogares, hospitales y servicios esenciales. La decisi\u00f3n fue adoptada por las autoridades [&hellip;]","og_url":"https:\/\/gysfm.com.ar\/inicio\/por-ola-de-frio-restringen-la-venta-de-gnc-en-el-amba\/","og_site_name":"GYS NOTICIAS |","article_published_time":"2026-04-30T02:22:11+00:00","author":"Prensa G&amp;S FM","twitter_card":"summary_large_image","twitter_misc":{"Escrito por":"Prensa G&amp;S FM","Tiempo de lectura":"2 minutos"},"schema":{"@context":"https:\/\/schema.org","@graph":[{"@type":"Article","@id":"https:\/\/gysfm.com.ar\/inicio\/por-ola-de-frio-restringen-la-venta-de-gnc-en-el-amba\/#article","isPartOf":{"@id":"https:\/\/gysfm.com.ar\/inicio\/por-ola-de-frio-restringen-la-venta-de-gnc-en-el-amba\/"},"author":{"name":"Prensa G&amp;S FM","@id":"https:\/\/gysfm.com.ar\/inicio\/#\/schema\/person\/3abba7593ef2ad19e1be221d54383dc5"},"headline":"Por ola de fr\u00edo restringen la venta de GNC en el AMBA","datePublished":"2026-04-30T02:22:11+00:00","mainEntityOfPage":{"@id":"https:\/\/gysfm.com.ar\/inicio\/por-ola-de-frio-restringen-la-venta-de-gnc-en-el-amba\/"},"wordCount":377,"publisher":{"@id":"https:\/\/gysfm.com.ar\/inicio\/#organization"},"image":{"@id":"https:\/\/gysfm.com.ar\/inicio\/por-ola-de-frio-restringen-la-venta-de-gnc-en-el-amba\/#primaryimage"},"thumbnailUrl":"https:\/\/gysfm.com.ar\/inicio\/wp-content\/uploads\/2026\/04\/la-suba-de-la-nafta-y-el-gasoil-impulsa-un-cambio-masivo-al-gnc-en-cordoba-2221307.jpg","articleSection":["NACIONALES"],"inLanguage":"es"},{"@type":"WebPage","@id":"https:\/\/gysfm.com.ar\/inicio\/por-ola-de-frio-restringen-la-venta-de-gnc-en-el-amba\/","url":"https:\/\/gysfm.com.ar\/inicio\/por-ola-de-frio-restringen-la-venta-de-gnc-en-el-amba\/","name":"Por ola de fr\u00edo restringen la venta de GNC en el AMBA - GYS NOTICIAS |","isPartOf":{"@id":"https:\/\/gysfm.com.ar\/inicio\/#website"},"primaryImageOfPage":{"@id":"https:\/\/gysfm.com.ar\/inicio\/por-ola-de-frio-restringen-la-venta-de-gnc-en-el-amba\/#primaryimage"},"image":{"@id":"https:\/\/gysfm.com.ar\/inicio\/por-ola-de-frio-restringen-la-venta-de-gnc-en-el-amba\/#primaryimage"},"thumbnailUrl":"https:\/\/gysfm.com.ar\/inicio\/wp-content\/uploads\/2026\/04\/la-suba-de-la-nafta-y-el-gasoil-impulsa-un-cambio-masivo-al-gnc-en-cordoba-2221307.jpg","datePublished":"2026-04-30T02:22:11+00:00","breadcrumb":{"@id":"https:\/\/gysfm.com.ar\/inicio\/por-ola-de-frio-restringen-la-venta-de-gnc-en-el-amba\/#breadcrumb"},"inLanguage":"es","potentialAction":[{"@type":"ReadAction","target":["https:\/\/gysfm.com.ar\/inicio\/por-ola-de-frio-restringen-la-venta-de-gnc-en-el-amba\/"]}]},{"@type":"ImageObject","inLanguage":"es","@id":"https:\/\/gysfm.com.ar\/inicio\/por-ola-de-frio-restringen-la-venta-de-gnc-en-el-amba\/#primaryimage","url":"https:\/\/gysfm.com.ar\/inicio\/wp-content\/uploads\/2026\/04\/la-suba-de-la-nafta-y-el-gasoil-impulsa-un-cambio-masivo-al-gnc-en-cordoba-2221307.jpg","contentUrl":"https:\/\/gysfm.com.ar\/inicio\/wp-content\/uploads\/2026\/04\/la-suba-de-la-nafta-y-el-gasoil-impulsa-un-cambio-masivo-al-gnc-en-cordoba-2221307.jpg","width":1140,"height":641},{"@type":"BreadcrumbList","@id":"https:\/\/gysfm.com.ar\/inicio\/por-ola-de-frio-restringen-la-venta-de-gnc-en-el-amba\/#breadcrumb","itemListElement":[{"@type":"ListItem","position":1,"name":"Portada","item":"https:\/\/gysfm.com.ar\/inicio\/"},{"@type":"ListItem","position":2,"name":"Por ola de fr\u00edo restringen la venta de GNC en el AMBA"}]},{"@type":"WebSite","@id":"https:\/\/gysfm.com.ar\/inicio\/#website","url":"https:\/\/gysfm.com.ar\/inicio\/","name":"GYS NOTICIAS |","description":"DIARIO - RADIO ONLINE SAN JUAN ARGENTINA","publisher":{"@id":"https:\/\/gysfm.com.ar\/inicio\/#organization"},"potentialAction":[{"@type":"SearchAction","target":{"@type":"EntryPoint","urlTemplate":"https:\/\/gysfm.com.ar\/inicio\/?s={search_term_string}"},"query-input":{"@type":"PropertyValueSpecification","valueRequired":true,"valueName":"search_term_string"}}],"inLanguage":"es"},{"@type":"Organization","@id":"https:\/\/gysfm.com.ar\/inicio\/#organization","name":"GYS NOTICIAS |","url":"https:\/\/gysfm.com.ar\/inicio\/","logo":{"@type":"ImageObject","inLanguage":"es","@id":"https:\/\/gysfm.com.ar\/inicio\/#\/schema\/logo\/image\/","url":"https:\/\/gysfm.com.ar\/inicio\/wp-content\/uploads\/2023\/07\/LOGOGYS-OK.png","contentUrl":"https:\/\/gysfm.com.ar\/inicio\/wp-content\/uploads\/2023\/07\/LOGOGYS-OK.png","width":1170,"height":872,"caption":"GYS NOTICIAS |"},"image":{"@id":"https:\/\/gysfm.com.ar\/inicio\/#\/schema\/logo\/image\/"}},{"@type":"Person","@id":"https:\/\/gysfm.com.ar\/inicio\/#\/schema\/person\/3abba7593ef2ad19e1be221d54383dc5","name":"Prensa G&amp;S FM","image":{"@type":"ImageObject","inLanguage":"es","@id":"https:\/\/gysfm.com.ar\/inicio\/#\/schema\/person\/image\/","url":"https:\/\/secure.gravatar.com\/avatar\/096ec78df02049ab018702bb4ccedf659377fa92a26540b5247612077a0dbd29?s=96&d=mm&r=g","contentUrl":"https:\/\/secure.gravatar.com\/avatar\/096ec78df02049ab018702bb4ccedf659377fa92a26540b5247612077a0dbd29?s=96&d=mm&r=g","caption":"Prensa G&amp;S FM"},"sameAs":["https:\/\/gysfm.com.ar\/"],"url":"https:\/\/gysfm.com.ar\/inicio\/author\/lucasm\/"}]}},"_links":{"self":[{"href":"https:\/\/gysfm.com.ar\/inicio\/wp-json\/wp\/v2\/posts\/193792","targetHints":{"allow":["GET"]}}],"collection":[{"href":"https:\/\/gysfm.com.ar\/inicio\/wp-json\/wp\/v2\/posts"}],"about":[{"href":"https:\/\/gysfm.com.ar\/inicio\/wp-json\/wp\/v2\/types\/post"}],"author":[{"embeddable":true,"href":"https:\/\/gysfm.com.ar\/inicio\/wp-json\/wp\/v2\/users\/2"}],"replies":[{"embeddable":true,"href":"https:\/\/gysfm.com.ar\/inicio\/wp-json\/wp\/v2\/comments?post=193792"}],"version-history":[{"count":0,"href":"https:\/\/gysfm.com.ar\/inicio\/wp-json\/wp\/v2\/posts\/193792\/revisions"}],"wp:featuredmedia":[{"embeddable":true,"href":"https:\/\/gysfm.com.ar\/inicio\/wp-json\/wp\/v2\/media\/193793"}],"wp:attachment":[{"href":"https:\/\/gysfm.com.ar\/inicio\/wp-json\/wp\/v2\/media?parent=193792"}],"wp:term":[{"taxonomy":"category","embeddable":true,"href":"https:\/\/gysfm.com.ar\/inicio\/wp-json\/wp\/v2\/categories?post=193792"},{"taxonomy":"post_tag","embeddable":true,"href":"https:\/\/gysfm.com.ar\/inicio\/wp-json\/wp\/v2\/tags?post=193792"}],"curies":[{"name":"wp","href":"https:\/\/api.w.org\/{rel}","templated":true}]}}