{"id":193790,"date":"2026-04-29T22:51:07","date_gmt":"2026-04-30T01:51:07","guid":{"rendered":"https:\/\/gysfm.com.ar\/inicio\/crecen-los-despidos-en-empresas-tecnologicas\/"},"modified":"2026-04-29T22:51:07","modified_gmt":"2026-04-30T01:51:07","slug":"crecen-los-despidos-en-empresas-tecnologicas","status":"publish","type":"post","link":"https:\/\/gysfm.com.ar\/inicio\/crecen-los-despidos-en-empresas-tecnologicas\/","title":{"rendered":"Crecen los despidos en empresas tecnol\u00f3gicas"},"content":{"rendered":"<p><\/p>\n<div id=\"article-content\">\n<p>El<strong> <a target=\"_blank\" href=\"https:\/\/www.perfil.com\/noticias\/reperfilar\/los-empleados-dejaron-de-buscar-un-ascenso.phtml\">sector tecnol\u00f3gico global atraviesa un nuevo ciclo de ajuste <\/a><\/strong>que comienza a reflejarse con fuerza en distintos mercados, incluida la Argentina. En los \u00faltimos meses, <strong>empresas del rubro han intensificado los recortes de personal <\/strong>en medio de un escenario marcado por la desaceleraci\u00f3n econ\u00f3mica, la reconfiguraci\u00f3n de negocios y el avance de la automatizaci\u00f3n.<\/p>\n<p>Gigantes internacionales como Google, Amazon y Meta encabezaron nuevas rondas de despidos, que se suman a los ajustes iniciados en a\u00f1os anteriores. <strong>Las compa\u00f1\u00edas argumentan la necesidad de optimizar estructuras, reducir costos y enfocarse en \u00e1reas estrat\u00e9gicas como la inteligencia artificial.<\/strong><\/p>\n<p>El fen\u00f3meno no se limita a las grandes corporaciones. Startups y firmas medianas tambi\u00e9n comenzaron a achicar sus equipos, afectadas por la ca\u00edda en las inversiones de capital de riesgo y la dificultad para sostener modelos de crecimiento acelerado. En muchos casos,<strong> los recortes impactan tanto en \u00e1reas t\u00e9cnicas como administrativas.<\/strong><\/p>\n<div class=\"subscription\">\n<p>\n        Esto no les gusta a los autoritarios\n    <\/p>\n<div class=\"subscription__container\">\n<div class=\"subscription__text-wrapper\">\n<p>\n                El ejercicio del periodismo profesional y cr\u00edtico es un pilar fundamental de la democracia. Por eso molesta a quienes creen ser los due\u00f1os de la verdad.\n            <\/p>\n<\/p><\/div><\/div>\n<\/div>\n<p><iframe id=\"vrudo\" class=\"vrudo\" src=\"https:\/\/rudo.video\/vod\/yiQ6DR3esdK?volume=0\" width=\"100%\" height=\"100%\" allowscriptaccess=\"always\" allowfullscreen=\"true\" webkitallowfullscreen=\"true\" frameborder=\"0\" scrolling=\"no\" allow=\"autoplay; fullscreen\" loading=\"lazy\" title=\"Contenido embebido\"><\/iframe><\/p>\n<p>En la Argentina, el panorama muestra se\u00f1ales similares. Si bien el ecosistema local contin\u00faa activo, varias empresas tecnol\u00f3gicas adoptaron medidas de reestructuraci\u00f3n, congelaron contrataciones o directamente avanzaron con despidos. La incertidumbre econ\u00f3mica y la volatilidad cambiaria aparecen entre los factores que condicionan la actividad.<\/p>\n<p>Analistas del sector sostienen que el ajuste responde, en parte, a un per\u00edodo de sobreexpansi\u00f3n durante la pandemia, cuando la demanda de servicios digitales creci\u00f3 de manera exponencial. Con el regreso a una din\u00e1mica m\u00e1s estable, las empresas buscan corregir ese crecimiento y mejorar su rentabilidad.<\/p>\n<p>Al mismo tiempo, el<strong> avance de tecnolog\u00edas basadas en inteligencia artificial genera un cambio en los perfiles laborales requeridos.<\/strong> Mientras algunos puestos se reducen, aumenta la demanda de especialistas en datos, automatizaci\u00f3n y desarrollo de sistemas avanzados, lo que reconfigura el mapa del empleo en la industria.<\/p>\n<p>A pesar del contexto, expertos coinciden en que el<strong> sector tecnol\u00f3gico seguir\u00e1 siendo clave en la econom\u00eda global, aunque con una estructura m\u00e1s eficiente y enfocada en la innovaci\u00f3n. <\/strong>Entretanto, los trabajadores enfrentan un escenario de mayor competencia y la necesidad de reconvertirse para adaptarse a las nuevas demandas del mercado.<\/p>\n<\/p><\/div>\n<p><script>\n                !function(f,b,e,v,n,t,s)\n                {if(f.fbq)return;n=f.fbq=function(){n.callMethod?\n                    n.callMethod.apply(n,arguments):n.queue.push(arguments)};\n                    if(!f._fbq)f._fbq=n;n.push=n;n.loaded=!0;n.version='2.0';\n                    n.queue=[];t=b.createElement(e);t.async=!0;\n                    t.src=v;s=b.getElementsByTagName(e)[0];\n                    s.parentNode.insertBefore(t,s)}(window, document,'script',\n                    'https:\/\/connect.facebook.net\/en_US\/fbevents.js');\n                window.paywallConfig.facebook_pixel=\"1000228364089342\"\n            <\/script><\/p>\n","protected":false},"excerpt":{"rendered":"<p>El sector tecnol\u00f3gico global atraviesa un nuevo ciclo de ajuste que comienza a reflejarse con fuerza en distintos mercados, incluida la Argentina. En los \u00faltimos meses, empresas del rubro han intensificado los recortes de personal en medio de un escenario marcado por la desaceleraci\u00f3n econ\u00f3mica, la reconfiguraci\u00f3n de negocios y el avance de la automatizaci\u00f3n. [&hellip;]<\/p>\n","protected":false},"author":2,"featured_media":193791,"comment_status":"closed","ping_status":"closed","sticky":false,"template":"","format":"standard","meta":{"footnotes":""},"categories":[25],"tags":[],"class_list":["post-193790","post","type-post","status-publish","format-standard","has-post-thumbnail","hentry","category-nacionales"],"yoast_head":"<!-- This site is optimized with the Yoast SEO plugin v24.4 - https:\/\/yoast.com\/wordpress\/plugins\/seo\/ -->\n<title>Crecen los despidos en empresas tecnol\u00f3gicas - GYS NOTICIAS |<\/title>\n<meta name=\"robots\" content=\"index, follow, max-snippet:-1, max-image-preview:large, max-video-preview:-1\" \/>\n<link rel=\"canonical\" href=\"https:\/\/gysfm.com.ar\/inicio\/crecen-los-despidos-en-empresas-tecnologicas\/\" \/>\n<meta property=\"og:locale\" content=\"es_ES\" \/>\n<meta property=\"og:type\" content=\"article\" \/>\n<meta property=\"og:title\" content=\"Crecen los despidos en empresas tecnol\u00f3gicas - GYS NOTICIAS |\" \/>\n<meta property=\"og:description\" content=\"El sector tecnol\u00f3gico global atraviesa un nuevo ciclo de ajuste que comienza a reflejarse con fuerza en distintos mercados, incluida la Argentina. En los \u00faltimos meses, empresas del rubro han intensificado los recortes de personal en medio de un escenario marcado por la desaceleraci\u00f3n econ\u00f3mica, la reconfiguraci\u00f3n de negocios y el avance de la automatizaci\u00f3n. [&hellip;]\" \/>\n<meta property=\"og:url\" content=\"https:\/\/gysfm.com.ar\/inicio\/crecen-los-despidos-en-empresas-tecnologicas\/\" \/>\n<meta property=\"og:site_name\" content=\"GYS NOTICIAS |\" \/>\n<meta property=\"article:published_time\" content=\"2026-04-30T01:51:07+00:00\" \/>\n<meta name=\"author\" content=\"Prensa G&amp;S FM\" \/>\n<meta name=\"twitter:card\" content=\"summary_large_image\" \/>\n<meta name=\"twitter:label1\" content=\"Escrito por\" \/>\n\t<meta name=\"twitter:data1\" content=\"Prensa G&amp;S FM\" \/>\n\t<meta name=\"twitter:label2\" content=\"Tiempo de lectura\" \/>\n\t<meta name=\"twitter:data2\" content=\"2 minutos\" \/>\n<script type=\"application\/ld+json\" class=\"yoast-schema-graph\">{\"@context\":\"https:\/\/schema.org\",\"@graph\":[{\"@type\":\"Article\",\"@id\":\"https:\/\/gysfm.com.ar\/inicio\/crecen-los-despidos-en-empresas-tecnologicas\/#article\",\"isPartOf\":{\"@id\":\"https:\/\/gysfm.com.ar\/inicio\/crecen-los-despidos-en-empresas-tecnologicas\/\"},\"author\":{\"name\":\"Prensa G&amp;S FM\",\"@id\":\"https:\/\/gysfm.com.ar\/inicio\/#\/schema\/person\/3abba7593ef2ad19e1be221d54383dc5\"},\"headline\":\"Crecen los despidos en empresas tecnol\u00f3gicas\",\"datePublished\":\"2026-04-30T01:51:07+00:00\",\"mainEntityOfPage\":{\"@id\":\"https:\/\/gysfm.com.ar\/inicio\/crecen-los-despidos-en-empresas-tecnologicas\/\"},\"wordCount\":404,\"publisher\":{\"@id\":\"https:\/\/gysfm.com.ar\/inicio\/#organization\"},\"image\":{\"@id\":\"https:\/\/gysfm.com.ar\/inicio\/crecen-los-despidos-en-empresas-tecnologicas\/#primaryimage\"},\"thumbnailUrl\":\"https:\/\/gysfm.com.ar\/inicio\/wp-content\/uploads\/2026\/04\/crecen-los-despidos-en-empresas-tecnologicas-2229970.jpg\",\"articleSection\":[\"NACIONALES\"],\"inLanguage\":\"es\"},{\"@type\":\"WebPage\",\"@id\":\"https:\/\/gysfm.com.ar\/inicio\/crecen-los-despidos-en-empresas-tecnologicas\/\",\"url\":\"https:\/\/gysfm.com.ar\/inicio\/crecen-los-despidos-en-empresas-tecnologicas\/\",\"name\":\"Crecen los despidos en empresas tecnol\u00f3gicas - GYS NOTICIAS |\",\"isPartOf\":{\"@id\":\"https:\/\/gysfm.com.ar\/inicio\/#website\"},\"primaryImageOfPage\":{\"@id\":\"https:\/\/gysfm.com.ar\/inicio\/crecen-los-despidos-en-empresas-tecnologicas\/#primaryimage\"},\"image\":{\"@id\":\"https:\/\/gysfm.com.ar\/inicio\/crecen-los-despidos-en-empresas-tecnologicas\/#primaryimage\"},\"thumbnailUrl\":\"https:\/\/gysfm.com.ar\/inicio\/wp-content\/uploads\/2026\/04\/crecen-los-despidos-en-empresas-tecnologicas-2229970.jpg\",\"datePublished\":\"2026-04-30T01:51:07+00:00\",\"breadcrumb\":{\"@id\":\"https:\/\/gysfm.com.ar\/inicio\/crecen-los-despidos-en-empresas-tecnologicas\/#breadcrumb\"},\"inLanguage\":\"es\",\"potentialAction\":[{\"@type\":\"ReadAction\",\"target\":[\"https:\/\/gysfm.com.ar\/inicio\/crecen-los-despidos-en-empresas-tecnologicas\/\"]}]},{\"@type\":\"ImageObject\",\"inLanguage\":\"es\",\"@id\":\"https:\/\/gysfm.com.ar\/inicio\/crecen-los-despidos-en-empresas-tecnologicas\/#primaryimage\",\"url\":\"https:\/\/gysfm.com.ar\/inicio\/wp-content\/uploads\/2026\/04\/crecen-los-despidos-en-empresas-tecnologicas-2229970.jpg\",\"contentUrl\":\"https:\/\/gysfm.com.ar\/inicio\/wp-content\/uploads\/2026\/04\/crecen-los-despidos-en-empresas-tecnologicas-2229970.jpg\",\"width\":1140,\"height\":641},{\"@type\":\"BreadcrumbList\",\"@id\":\"https:\/\/gysfm.com.ar\/inicio\/crecen-los-despidos-en-empresas-tecnologicas\/#breadcrumb\",\"itemListElement\":[{\"@type\":\"ListItem\",\"position\":1,\"name\":\"Portada\",\"item\":\"https:\/\/gysfm.com.ar\/inicio\/\"},{\"@type\":\"ListItem\",\"position\":2,\"name\":\"Crecen los despidos en empresas tecnol\u00f3gicas\"}]},{\"@type\":\"WebSite\",\"@id\":\"https:\/\/gysfm.com.ar\/inicio\/#website\",\"url\":\"https:\/\/gysfm.com.ar\/inicio\/\",\"name\":\"GYS NOTICIAS |\",\"description\":\"DIARIO - RADIO ONLINE SAN JUAN ARGENTINA\",\"publisher\":{\"@id\":\"https:\/\/gysfm.com.ar\/inicio\/#organization\"},\"potentialAction\":[{\"@type\":\"SearchAction\",\"target\":{\"@type\":\"EntryPoint\",\"urlTemplate\":\"https:\/\/gysfm.com.ar\/inicio\/?s={search_term_string}\"},\"query-input\":{\"@type\":\"PropertyValueSpecification\",\"valueRequired\":true,\"valueName\":\"search_term_string\"}}],\"inLanguage\":\"es\"},{\"@type\":\"Organization\",\"@id\":\"https:\/\/gysfm.com.ar\/inicio\/#organization\",\"name\":\"GYS NOTICIAS |\",\"url\":\"https:\/\/gysfm.com.ar\/inicio\/\",\"logo\":{\"@type\":\"ImageObject\",\"inLanguage\":\"es\",\"@id\":\"https:\/\/gysfm.com.ar\/inicio\/#\/schema\/logo\/image\/\",\"url\":\"https:\/\/gysfm.com.ar\/inicio\/wp-content\/uploads\/2023\/07\/LOGOGYS-OK.png\",\"contentUrl\":\"https:\/\/gysfm.com.ar\/inicio\/wp-content\/uploads\/2023\/07\/LOGOGYS-OK.png\",\"width\":1170,\"height\":872,\"caption\":\"GYS NOTICIAS |\"},\"image\":{\"@id\":\"https:\/\/gysfm.com.ar\/inicio\/#\/schema\/logo\/image\/\"}},{\"@type\":\"Person\",\"@id\":\"https:\/\/gysfm.com.ar\/inicio\/#\/schema\/person\/3abba7593ef2ad19e1be221d54383dc5\",\"name\":\"Prensa G&amp;S FM\",\"image\":{\"@type\":\"ImageObject\",\"inLanguage\":\"es\",\"@id\":\"https:\/\/gysfm.com.ar\/inicio\/#\/schema\/person\/image\/\",\"url\":\"https:\/\/secure.gravatar.com\/avatar\/096ec78df02049ab018702bb4ccedf659377fa92a26540b5247612077a0dbd29?s=96&d=mm&r=g\",\"contentUrl\":\"https:\/\/secure.gravatar.com\/avatar\/096ec78df02049ab018702bb4ccedf659377fa92a26540b5247612077a0dbd29?s=96&d=mm&r=g\",\"caption\":\"Prensa G&amp;S FM\"},\"sameAs\":[\"https:\/\/gysfm.com.ar\/\"],\"url\":\"https:\/\/gysfm.com.ar\/inicio\/author\/lucasm\/\"}]}<\/script>\n<!-- \/ Yoast SEO plugin. -->","yoast_head_json":{"title":"Crecen los despidos en empresas tecnol\u00f3gicas - GYS NOTICIAS |","robots":{"index":"index","follow":"follow","max-snippet":"max-snippet:-1","max-image-preview":"max-image-preview:large","max-video-preview":"max-video-preview:-1"},"canonical":"https:\/\/gysfm.com.ar\/inicio\/crecen-los-despidos-en-empresas-tecnologicas\/","og_locale":"es_ES","og_type":"article","og_title":"Crecen los despidos en empresas tecnol\u00f3gicas - GYS NOTICIAS |","og_description":"El sector tecnol\u00f3gico global atraviesa un nuevo ciclo de ajuste que comienza a reflejarse con fuerza en distintos mercados, incluida la Argentina. En los \u00faltimos meses, empresas del rubro han intensificado los recortes de personal en medio de un escenario marcado por la desaceleraci\u00f3n econ\u00f3mica, la reconfiguraci\u00f3n de negocios y el avance de la automatizaci\u00f3n. [&hellip;]","og_url":"https:\/\/gysfm.com.ar\/inicio\/crecen-los-despidos-en-empresas-tecnologicas\/","og_site_name":"GYS NOTICIAS |","article_published_time":"2026-04-30T01:51:07+00:00","author":"Prensa G&amp;S FM","twitter_card":"summary_large_image","twitter_misc":{"Escrito por":"Prensa G&amp;S FM","Tiempo de lectura":"2 minutos"},"schema":{"@context":"https:\/\/schema.org","@graph":[{"@type":"Article","@id":"https:\/\/gysfm.com.ar\/inicio\/crecen-los-despidos-en-empresas-tecnologicas\/#article","isPartOf":{"@id":"https:\/\/gysfm.com.ar\/inicio\/crecen-los-despidos-en-empresas-tecnologicas\/"},"author":{"name":"Prensa G&amp;S FM","@id":"https:\/\/gysfm.com.ar\/inicio\/#\/schema\/person\/3abba7593ef2ad19e1be221d54383dc5"},"headline":"Crecen los despidos en empresas tecnol\u00f3gicas","datePublished":"2026-04-30T01:51:07+00:00","mainEntityOfPage":{"@id":"https:\/\/gysfm.com.ar\/inicio\/crecen-los-despidos-en-empresas-tecnologicas\/"},"wordCount":404,"publisher":{"@id":"https:\/\/gysfm.com.ar\/inicio\/#organization"},"image":{"@id":"https:\/\/gysfm.com.ar\/inicio\/crecen-los-despidos-en-empresas-tecnologicas\/#primaryimage"},"thumbnailUrl":"https:\/\/gysfm.com.ar\/inicio\/wp-content\/uploads\/2026\/04\/crecen-los-despidos-en-empresas-tecnologicas-2229970.jpg","articleSection":["NACIONALES"],"inLanguage":"es"},{"@type":"WebPage","@id":"https:\/\/gysfm.com.ar\/inicio\/crecen-los-despidos-en-empresas-tecnologicas\/","url":"https:\/\/gysfm.com.ar\/inicio\/crecen-los-despidos-en-empresas-tecnologicas\/","name":"Crecen los despidos en empresas tecnol\u00f3gicas - GYS NOTICIAS |","isPartOf":{"@id":"https:\/\/gysfm.com.ar\/inicio\/#website"},"primaryImageOfPage":{"@id":"https:\/\/gysfm.com.ar\/inicio\/crecen-los-despidos-en-empresas-tecnologicas\/#primaryimage"},"image":{"@id":"https:\/\/gysfm.com.ar\/inicio\/crecen-los-despidos-en-empresas-tecnologicas\/#primaryimage"},"thumbnailUrl":"https:\/\/gysfm.com.ar\/inicio\/wp-content\/uploads\/2026\/04\/crecen-los-despidos-en-empresas-tecnologicas-2229970.jpg","datePublished":"2026-04-30T01:51:07+00:00","breadcrumb":{"@id":"https:\/\/gysfm.com.ar\/inicio\/crecen-los-despidos-en-empresas-tecnologicas\/#breadcrumb"},"inLanguage":"es","potentialAction":[{"@type":"ReadAction","target":["https:\/\/gysfm.com.ar\/inicio\/crecen-los-despidos-en-empresas-tecnologicas\/"]}]},{"@type":"ImageObject","inLanguage":"es","@id":"https:\/\/gysfm.com.ar\/inicio\/crecen-los-despidos-en-empresas-tecnologicas\/#primaryimage","url":"https:\/\/gysfm.com.ar\/inicio\/wp-content\/uploads\/2026\/04\/crecen-los-despidos-en-empresas-tecnologicas-2229970.jpg","contentUrl":"https:\/\/gysfm.com.ar\/inicio\/wp-content\/uploads\/2026\/04\/crecen-los-despidos-en-empresas-tecnologicas-2229970.jpg","width":1140,"height":641},{"@type":"BreadcrumbList","@id":"https:\/\/gysfm.com.ar\/inicio\/crecen-los-despidos-en-empresas-tecnologicas\/#breadcrumb","itemListElement":[{"@type":"ListItem","position":1,"name":"Portada","item":"https:\/\/gysfm.com.ar\/inicio\/"},{"@type":"ListItem","position":2,"name":"Crecen los despidos en empresas tecnol\u00f3gicas"}]},{"@type":"WebSite","@id":"https:\/\/gysfm.com.ar\/inicio\/#website","url":"https:\/\/gysfm.com.ar\/inicio\/","name":"GYS NOTICIAS |","description":"DIARIO - RADIO ONLINE SAN JUAN ARGENTINA","publisher":{"@id":"https:\/\/gysfm.com.ar\/inicio\/#organization"},"potentialAction":[{"@type":"SearchAction","target":{"@type":"EntryPoint","urlTemplate":"https:\/\/gysfm.com.ar\/inicio\/?s={search_term_string}"},"query-input":{"@type":"PropertyValueSpecification","valueRequired":true,"valueName":"search_term_string"}}],"inLanguage":"es"},{"@type":"Organization","@id":"https:\/\/gysfm.com.ar\/inicio\/#organization","name":"GYS NOTICIAS |","url":"https:\/\/gysfm.com.ar\/inicio\/","logo":{"@type":"ImageObject","inLanguage":"es","@id":"https:\/\/gysfm.com.ar\/inicio\/#\/schema\/logo\/image\/","url":"https:\/\/gysfm.com.ar\/inicio\/wp-content\/uploads\/2023\/07\/LOGOGYS-OK.png","contentUrl":"https:\/\/gysfm.com.ar\/inicio\/wp-content\/uploads\/2023\/07\/LOGOGYS-OK.png","width":1170,"height":872,"caption":"GYS NOTICIAS |"},"image":{"@id":"https:\/\/gysfm.com.ar\/inicio\/#\/schema\/logo\/image\/"}},{"@type":"Person","@id":"https:\/\/gysfm.com.ar\/inicio\/#\/schema\/person\/3abba7593ef2ad19e1be221d54383dc5","name":"Prensa G&amp;S FM","image":{"@type":"ImageObject","inLanguage":"es","@id":"https:\/\/gysfm.com.ar\/inicio\/#\/schema\/person\/image\/","url":"https:\/\/secure.gravatar.com\/avatar\/096ec78df02049ab018702bb4ccedf659377fa92a26540b5247612077a0dbd29?s=96&d=mm&r=g","contentUrl":"https:\/\/secure.gravatar.com\/avatar\/096ec78df02049ab018702bb4ccedf659377fa92a26540b5247612077a0dbd29?s=96&d=mm&r=g","caption":"Prensa G&amp;S FM"},"sameAs":["https:\/\/gysfm.com.ar\/"],"url":"https:\/\/gysfm.com.ar\/inicio\/author\/lucasm\/"}]}},"_links":{"self":[{"href":"https:\/\/gysfm.com.ar\/inicio\/wp-json\/wp\/v2\/posts\/193790","targetHints":{"allow":["GET"]}}],"collection":[{"href":"https:\/\/gysfm.com.ar\/inicio\/wp-json\/wp\/v2\/posts"}],"about":[{"href":"https:\/\/gysfm.com.ar\/inicio\/wp-json\/wp\/v2\/types\/post"}],"author":[{"embeddable":true,"href":"https:\/\/gysfm.com.ar\/inicio\/wp-json\/wp\/v2\/users\/2"}],"replies":[{"embeddable":true,"href":"https:\/\/gysfm.com.ar\/inicio\/wp-json\/wp\/v2\/comments?post=193790"}],"version-history":[{"count":0,"href":"https:\/\/gysfm.com.ar\/inicio\/wp-json\/wp\/v2\/posts\/193790\/revisions"}],"wp:featuredmedia":[{"embeddable":true,"href":"https:\/\/gysfm.com.ar\/inicio\/wp-json\/wp\/v2\/media\/193791"}],"wp:attachment":[{"href":"https:\/\/gysfm.com.ar\/inicio\/wp-json\/wp\/v2\/media?parent=193790"}],"wp:term":[{"taxonomy":"category","embeddable":true,"href":"https:\/\/gysfm.com.ar\/inicio\/wp-json\/wp\/v2\/categories?post=193790"},{"taxonomy":"post_tag","embeddable":true,"href":"https:\/\/gysfm.com.ar\/inicio\/wp-json\/wp\/v2\/tags?post=193790"}],"curies":[{"name":"wp","href":"https:\/\/api.w.org\/{rel}","templated":true}]}}