{"id":193785,"date":"2026-04-29T22:20:05","date_gmt":"2026-04-30T01:20:05","guid":{"rendered":"https:\/\/gysfm.com.ar\/inicio\/realizan-pruebas-de-taxis-aereos-electricos-en-nueva-york\/"},"modified":"2026-04-29T22:20:05","modified_gmt":"2026-04-30T01:20:05","slug":"realizan-pruebas-de-taxis-aereos-electricos-en-nueva-york","status":"publish","type":"post","link":"https:\/\/gysfm.com.ar\/inicio\/realizan-pruebas-de-taxis-aereos-electricos-en-nueva-york\/","title":{"rendered":"Realizan pruebas de taxis a\u00e9reos el\u00e9ctricos en Nueva York"},"content":{"rendered":"<p><\/p>\n<div id=\"article-content\">\n<p>La <strong>ciudad de Nueva York <\/strong>avanza en la<a target=\"_blank\" href=\"https:\/\/www.perfil.com\/noticias\/reperfilar\/securion-acelera-su-salto-tecnologico-con-ia-robotica-y-un-ecosistema-autonomo-y-conectado.phtml\"><strong> incorporaci\u00f3n de nuevas tecnolog\u00edas de movilidad <\/strong>con la<strong> realizaci\u00f3n de pruebas de taxis a\u00e9reos el\u00e9ctricos<\/strong><\/a>, un sistema que promete transformar el transporte urbano en los pr\u00f3ximos a\u00f1os.<\/p>\n<p><strong>Se trata de aeronaves conocidas como eVTOL <\/strong>(despegue y aterrizaje vertical el\u00e9ctrico), dise\u00f1adas para trasladar pasajeros en trayectos cortos dentro de las ciudades, reduciendo tiempos de viaje y evitando la congesti\u00f3n del tr\u00e1nsito. Estas unidades funcionan con motores el\u00e9ctricos, lo que disminuye significativamente las emisiones contaminantes y el nivel de ruido en comparaci\u00f3n con los helic\u00f3pteros tradicionales.<\/p>\n<p>Empresas del <strong>sector como Joby Aviation y Archer Aviation lideran los ensayos en coordinaci\u00f3n con autoridades locales y organismos reguladores.<\/strong> Las pruebas incluyen vuelos controlados, evaluaciones de seguridad y simulaciones de operaciones comerciales.<\/p>\n<div class=\"subscription\">\n<p>\n        Esto no les gusta a los autoritarios\n    <\/p>\n<div class=\"subscription__container\">\n<div class=\"subscription__text-wrapper\">\n<p>\n                El ejercicio del periodismo profesional y cr\u00edtico es un pilar fundamental de la democracia. Por eso molesta a quienes creen ser los due\u00f1os de la verdad.\n            <\/p>\n<\/p><\/div><\/div>\n<\/div>\n<p><iframe id=\"vrudo\" class=\"vrudo\" src=\"https:\/\/rudo.video\/vod\/yiQzqrLUC2q?volume=0\" width=\"100%\" height=\"100%\" allowscriptaccess=\"always\" allowfullscreen=\"true\" webkitallowfullscreen=\"true\" frameborder=\"0\" scrolling=\"no\" allow=\"autoplay; fullscreen\" loading=\"lazy\" title=\"Contenido embebido\"><\/iframe><\/p>\n<p>El proyecto tambi\u00e9n cuenta con la<strong> supervisi\u00f3n de la Administraci\u00f3n Federal de Aviaci\u00f3n<\/strong> (FAA), que deber\u00e1 autorizar el uso comercial de estas aeronaves una vez que cumplan con los est\u00e1ndares de seguridad establecidos. Seg\u00fan estimaciones del sector, los primeros servicios podr\u00edan comenzar a operar de manera limitada en los pr\u00f3ximos a\u00f1os.<\/p>\n<p>Desde el gobierno local destacaron que esta iniciativa<strong> busca posicionar a la ciudad como referente en innovaci\u00f3n tecnol\u00f3gica y transporte sustentable. Sin embargo, tambi\u00e9n reconocen que a\u00fan existen desaf\u00edos importantes, como la infraestructura necesaria \u2014incluyendo plataformas de despegue\u2014, la regulaci\u00f3n del espacio a\u00e9reo y la aceptaci\u00f3n p\u00fablica.<\/strong><\/p>\n<p>Especialistas se\u00f1alan que, si bien la <strong>tecnolog\u00eda est\u00e1 avanzando r\u00e1pidamente, su adopci\u00f3n masiva depender\u00e1 de factores econ\u00f3micos y regulatorios. El costo de los viajes, la capacidad de las aeronaves y la integraci\u00f3n con otros medios de transporte ser\u00e1n claves para su \u00e9xito.<\/strong><\/p>\n<p>Mientras contin\u00faan las pruebas, los taxis a\u00e9reos el\u00e9ctricos ya generan expectativas como una posible soluci\u00f3n para mejorar la movilidad en grandes ciudades, en un contexto donde la innovaci\u00f3n y la sostenibilidad se vuelven ejes centrales del desarrollo urbano.<\/p>\n<\/p><\/div>\n<p><script>\n                !function(f,b,e,v,n,t,s)\n                {if(f.fbq)return;n=f.fbq=function(){n.callMethod?\n                    n.callMethod.apply(n,arguments):n.queue.push(arguments)};\n                    if(!f._fbq)f._fbq=n;n.push=n;n.loaded=!0;n.version='2.0';\n                    n.queue=[];t=b.createElement(e);t.async=!0;\n                    t.src=v;s=b.getElementsByTagName(e)[0];\n                    s.parentNode.insertBefore(t,s)}(window, document,'script',\n                    'https:\/\/connect.facebook.net\/en_US\/fbevents.js');\n                window.paywallConfig.facebook_pixel=\"1000228364089342\"\n            <\/script><\/p>\n","protected":false},"excerpt":{"rendered":"<p>La ciudad de Nueva York avanza en la incorporaci\u00f3n de nuevas tecnolog\u00edas de movilidad con la realizaci\u00f3n de pruebas de taxis a\u00e9reos el\u00e9ctricos, un sistema que promete transformar el transporte urbano en los pr\u00f3ximos a\u00f1os. Se trata de aeronaves conocidas como eVTOL (despegue y aterrizaje vertical el\u00e9ctrico), dise\u00f1adas para trasladar pasajeros en trayectos cortos dentro [&hellip;]<\/p>\n","protected":false},"author":2,"featured_media":193786,"comment_status":"closed","ping_status":"closed","sticky":false,"template":"","format":"standard","meta":{"footnotes":""},"categories":[25],"tags":[],"class_list":["post-193785","post","type-post","status-publish","format-standard","has-post-thumbnail","hentry","category-nacionales"],"yoast_head":"<!-- This site is optimized with the Yoast SEO plugin v24.4 - https:\/\/yoast.com\/wordpress\/plugins\/seo\/ -->\n<title>Realizan pruebas de taxis a\u00e9reos el\u00e9ctricos en Nueva York - GYS NOTICIAS |<\/title>\n<meta name=\"robots\" content=\"index, follow, max-snippet:-1, max-image-preview:large, max-video-preview:-1\" \/>\n<link rel=\"canonical\" href=\"https:\/\/gysfm.com.ar\/inicio\/realizan-pruebas-de-taxis-aereos-electricos-en-nueva-york\/\" \/>\n<meta property=\"og:locale\" content=\"es_ES\" \/>\n<meta property=\"og:type\" content=\"article\" \/>\n<meta property=\"og:title\" content=\"Realizan pruebas de taxis a\u00e9reos el\u00e9ctricos en Nueva York - GYS NOTICIAS |\" \/>\n<meta property=\"og:description\" content=\"La ciudad de Nueva York avanza en la incorporaci\u00f3n de nuevas tecnolog\u00edas de movilidad con la realizaci\u00f3n de pruebas de taxis a\u00e9reos el\u00e9ctricos, un sistema que promete transformar el transporte urbano en los pr\u00f3ximos a\u00f1os. Se trata de aeronaves conocidas como eVTOL (despegue y aterrizaje vertical el\u00e9ctrico), dise\u00f1adas para trasladar pasajeros en trayectos cortos dentro [&hellip;]\" \/>\n<meta property=\"og:url\" content=\"https:\/\/gysfm.com.ar\/inicio\/realizan-pruebas-de-taxis-aereos-electricos-en-nueva-york\/\" \/>\n<meta property=\"og:site_name\" content=\"GYS NOTICIAS |\" \/>\n<meta property=\"article:published_time\" content=\"2026-04-30T01:20:05+00:00\" \/>\n<meta name=\"author\" content=\"Prensa G&amp;S FM\" \/>\n<meta name=\"twitter:card\" content=\"summary_large_image\" \/>\n<meta name=\"twitter:label1\" content=\"Escrito por\" \/>\n\t<meta name=\"twitter:data1\" content=\"Prensa G&amp;S FM\" \/>\n\t<meta name=\"twitter:label2\" content=\"Tiempo de lectura\" \/>\n\t<meta name=\"twitter:data2\" content=\"2 minutos\" \/>\n<script type=\"application\/ld+json\" class=\"yoast-schema-graph\">{\"@context\":\"https:\/\/schema.org\",\"@graph\":[{\"@type\":\"Article\",\"@id\":\"https:\/\/gysfm.com.ar\/inicio\/realizan-pruebas-de-taxis-aereos-electricos-en-nueva-york\/#article\",\"isPartOf\":{\"@id\":\"https:\/\/gysfm.com.ar\/inicio\/realizan-pruebas-de-taxis-aereos-electricos-en-nueva-york\/\"},\"author\":{\"name\":\"Prensa G&amp;S FM\",\"@id\":\"https:\/\/gysfm.com.ar\/inicio\/#\/schema\/person\/3abba7593ef2ad19e1be221d54383dc5\"},\"headline\":\"Realizan pruebas de taxis a\u00e9reos el\u00e9ctricos en Nueva York\",\"datePublished\":\"2026-04-30T01:20:05+00:00\",\"mainEntityOfPage\":{\"@id\":\"https:\/\/gysfm.com.ar\/inicio\/realizan-pruebas-de-taxis-aereos-electricos-en-nueva-york\/\"},\"wordCount\":394,\"publisher\":{\"@id\":\"https:\/\/gysfm.com.ar\/inicio\/#organization\"},\"image\":{\"@id\":\"https:\/\/gysfm.com.ar\/inicio\/realizan-pruebas-de-taxis-aereos-electricos-en-nueva-york\/#primaryimage\"},\"thumbnailUrl\":\"https:\/\/gysfm.com.ar\/inicio\/wp-content\/uploads\/2026\/04\/nueva-york-prueba-taxis-aereos-electricos-2229999.jpeg\",\"articleSection\":[\"NACIONALES\"],\"inLanguage\":\"es\"},{\"@type\":\"WebPage\",\"@id\":\"https:\/\/gysfm.com.ar\/inicio\/realizan-pruebas-de-taxis-aereos-electricos-en-nueva-york\/\",\"url\":\"https:\/\/gysfm.com.ar\/inicio\/realizan-pruebas-de-taxis-aereos-electricos-en-nueva-york\/\",\"name\":\"Realizan pruebas de taxis a\u00e9reos el\u00e9ctricos en Nueva York - GYS NOTICIAS |\",\"isPartOf\":{\"@id\":\"https:\/\/gysfm.com.ar\/inicio\/#website\"},\"primaryImageOfPage\":{\"@id\":\"https:\/\/gysfm.com.ar\/inicio\/realizan-pruebas-de-taxis-aereos-electricos-en-nueva-york\/#primaryimage\"},\"image\":{\"@id\":\"https:\/\/gysfm.com.ar\/inicio\/realizan-pruebas-de-taxis-aereos-electricos-en-nueva-york\/#primaryimage\"},\"thumbnailUrl\":\"https:\/\/gysfm.com.ar\/inicio\/wp-content\/uploads\/2026\/04\/nueva-york-prueba-taxis-aereos-electricos-2229999.jpeg\",\"datePublished\":\"2026-04-30T01:20:05+00:00\",\"breadcrumb\":{\"@id\":\"https:\/\/gysfm.com.ar\/inicio\/realizan-pruebas-de-taxis-aereos-electricos-en-nueva-york\/#breadcrumb\"},\"inLanguage\":\"es\",\"potentialAction\":[{\"@type\":\"ReadAction\",\"target\":[\"https:\/\/gysfm.com.ar\/inicio\/realizan-pruebas-de-taxis-aereos-electricos-en-nueva-york\/\"]}]},{\"@type\":\"ImageObject\",\"inLanguage\":\"es\",\"@id\":\"https:\/\/gysfm.com.ar\/inicio\/realizan-pruebas-de-taxis-aereos-electricos-en-nueva-york\/#primaryimage\",\"url\":\"https:\/\/gysfm.com.ar\/inicio\/wp-content\/uploads\/2026\/04\/nueva-york-prueba-taxis-aereos-electricos-2229999.jpeg\",\"contentUrl\":\"https:\/\/gysfm.com.ar\/inicio\/wp-content\/uploads\/2026\/04\/nueva-york-prueba-taxis-aereos-electricos-2229999.jpeg\",\"width\":1140,\"height\":641},{\"@type\":\"BreadcrumbList\",\"@id\":\"https:\/\/gysfm.com.ar\/inicio\/realizan-pruebas-de-taxis-aereos-electricos-en-nueva-york\/#breadcrumb\",\"itemListElement\":[{\"@type\":\"ListItem\",\"position\":1,\"name\":\"Portada\",\"item\":\"https:\/\/gysfm.com.ar\/inicio\/\"},{\"@type\":\"ListItem\",\"position\":2,\"name\":\"Realizan pruebas de taxis a\u00e9reos el\u00e9ctricos en Nueva York\"}]},{\"@type\":\"WebSite\",\"@id\":\"https:\/\/gysfm.com.ar\/inicio\/#website\",\"url\":\"https:\/\/gysfm.com.ar\/inicio\/\",\"name\":\"GYS NOTICIAS |\",\"description\":\"DIARIO - RADIO ONLINE SAN JUAN ARGENTINA\",\"publisher\":{\"@id\":\"https:\/\/gysfm.com.ar\/inicio\/#organization\"},\"potentialAction\":[{\"@type\":\"SearchAction\",\"target\":{\"@type\":\"EntryPoint\",\"urlTemplate\":\"https:\/\/gysfm.com.ar\/inicio\/?s={search_term_string}\"},\"query-input\":{\"@type\":\"PropertyValueSpecification\",\"valueRequired\":true,\"valueName\":\"search_term_string\"}}],\"inLanguage\":\"es\"},{\"@type\":\"Organization\",\"@id\":\"https:\/\/gysfm.com.ar\/inicio\/#organization\",\"name\":\"GYS NOTICIAS |\",\"url\":\"https:\/\/gysfm.com.ar\/inicio\/\",\"logo\":{\"@type\":\"ImageObject\",\"inLanguage\":\"es\",\"@id\":\"https:\/\/gysfm.com.ar\/inicio\/#\/schema\/logo\/image\/\",\"url\":\"https:\/\/gysfm.com.ar\/inicio\/wp-content\/uploads\/2023\/07\/LOGOGYS-OK.png\",\"contentUrl\":\"https:\/\/gysfm.com.ar\/inicio\/wp-content\/uploads\/2023\/07\/LOGOGYS-OK.png\",\"width\":1170,\"height\":872,\"caption\":\"GYS NOTICIAS |\"},\"image\":{\"@id\":\"https:\/\/gysfm.com.ar\/inicio\/#\/schema\/logo\/image\/\"}},{\"@type\":\"Person\",\"@id\":\"https:\/\/gysfm.com.ar\/inicio\/#\/schema\/person\/3abba7593ef2ad19e1be221d54383dc5\",\"name\":\"Prensa G&amp;S FM\",\"image\":{\"@type\":\"ImageObject\",\"inLanguage\":\"es\",\"@id\":\"https:\/\/gysfm.com.ar\/inicio\/#\/schema\/person\/image\/\",\"url\":\"https:\/\/secure.gravatar.com\/avatar\/096ec78df02049ab018702bb4ccedf659377fa92a26540b5247612077a0dbd29?s=96&d=mm&r=g\",\"contentUrl\":\"https:\/\/secure.gravatar.com\/avatar\/096ec78df02049ab018702bb4ccedf659377fa92a26540b5247612077a0dbd29?s=96&d=mm&r=g\",\"caption\":\"Prensa G&amp;S FM\"},\"sameAs\":[\"https:\/\/gysfm.com.ar\/\"],\"url\":\"https:\/\/gysfm.com.ar\/inicio\/author\/lucasm\/\"}]}<\/script>\n<!-- \/ Yoast SEO plugin. -->","yoast_head_json":{"title":"Realizan pruebas de taxis a\u00e9reos el\u00e9ctricos en Nueva York - GYS NOTICIAS |","robots":{"index":"index","follow":"follow","max-snippet":"max-snippet:-1","max-image-preview":"max-image-preview:large","max-video-preview":"max-video-preview:-1"},"canonical":"https:\/\/gysfm.com.ar\/inicio\/realizan-pruebas-de-taxis-aereos-electricos-en-nueva-york\/","og_locale":"es_ES","og_type":"article","og_title":"Realizan pruebas de taxis a\u00e9reos el\u00e9ctricos en Nueva York - GYS NOTICIAS |","og_description":"La ciudad de Nueva York avanza en la incorporaci\u00f3n de nuevas tecnolog\u00edas de movilidad con la realizaci\u00f3n de pruebas de taxis a\u00e9reos el\u00e9ctricos, un sistema que promete transformar el transporte urbano en los pr\u00f3ximos a\u00f1os. Se trata de aeronaves conocidas como eVTOL (despegue y aterrizaje vertical el\u00e9ctrico), dise\u00f1adas para trasladar pasajeros en trayectos cortos dentro [&hellip;]","og_url":"https:\/\/gysfm.com.ar\/inicio\/realizan-pruebas-de-taxis-aereos-electricos-en-nueva-york\/","og_site_name":"GYS NOTICIAS |","article_published_time":"2026-04-30T01:20:05+00:00","author":"Prensa G&amp;S FM","twitter_card":"summary_large_image","twitter_misc":{"Escrito por":"Prensa G&amp;S FM","Tiempo de lectura":"2 minutos"},"schema":{"@context":"https:\/\/schema.org","@graph":[{"@type":"Article","@id":"https:\/\/gysfm.com.ar\/inicio\/realizan-pruebas-de-taxis-aereos-electricos-en-nueva-york\/#article","isPartOf":{"@id":"https:\/\/gysfm.com.ar\/inicio\/realizan-pruebas-de-taxis-aereos-electricos-en-nueva-york\/"},"author":{"name":"Prensa G&amp;S FM","@id":"https:\/\/gysfm.com.ar\/inicio\/#\/schema\/person\/3abba7593ef2ad19e1be221d54383dc5"},"headline":"Realizan pruebas de taxis a\u00e9reos el\u00e9ctricos en Nueva York","datePublished":"2026-04-30T01:20:05+00:00","mainEntityOfPage":{"@id":"https:\/\/gysfm.com.ar\/inicio\/realizan-pruebas-de-taxis-aereos-electricos-en-nueva-york\/"},"wordCount":394,"publisher":{"@id":"https:\/\/gysfm.com.ar\/inicio\/#organization"},"image":{"@id":"https:\/\/gysfm.com.ar\/inicio\/realizan-pruebas-de-taxis-aereos-electricos-en-nueva-york\/#primaryimage"},"thumbnailUrl":"https:\/\/gysfm.com.ar\/inicio\/wp-content\/uploads\/2026\/04\/nueva-york-prueba-taxis-aereos-electricos-2229999.jpeg","articleSection":["NACIONALES"],"inLanguage":"es"},{"@type":"WebPage","@id":"https:\/\/gysfm.com.ar\/inicio\/realizan-pruebas-de-taxis-aereos-electricos-en-nueva-york\/","url":"https:\/\/gysfm.com.ar\/inicio\/realizan-pruebas-de-taxis-aereos-electricos-en-nueva-york\/","name":"Realizan pruebas de taxis a\u00e9reos el\u00e9ctricos en Nueva York - GYS NOTICIAS |","isPartOf":{"@id":"https:\/\/gysfm.com.ar\/inicio\/#website"},"primaryImageOfPage":{"@id":"https:\/\/gysfm.com.ar\/inicio\/realizan-pruebas-de-taxis-aereos-electricos-en-nueva-york\/#primaryimage"},"image":{"@id":"https:\/\/gysfm.com.ar\/inicio\/realizan-pruebas-de-taxis-aereos-electricos-en-nueva-york\/#primaryimage"},"thumbnailUrl":"https:\/\/gysfm.com.ar\/inicio\/wp-content\/uploads\/2026\/04\/nueva-york-prueba-taxis-aereos-electricos-2229999.jpeg","datePublished":"2026-04-30T01:20:05+00:00","breadcrumb":{"@id":"https:\/\/gysfm.com.ar\/inicio\/realizan-pruebas-de-taxis-aereos-electricos-en-nueva-york\/#breadcrumb"},"inLanguage":"es","potentialAction":[{"@type":"ReadAction","target":["https:\/\/gysfm.com.ar\/inicio\/realizan-pruebas-de-taxis-aereos-electricos-en-nueva-york\/"]}]},{"@type":"ImageObject","inLanguage":"es","@id":"https:\/\/gysfm.com.ar\/inicio\/realizan-pruebas-de-taxis-aereos-electricos-en-nueva-york\/#primaryimage","url":"https:\/\/gysfm.com.ar\/inicio\/wp-content\/uploads\/2026\/04\/nueva-york-prueba-taxis-aereos-electricos-2229999.jpeg","contentUrl":"https:\/\/gysfm.com.ar\/inicio\/wp-content\/uploads\/2026\/04\/nueva-york-prueba-taxis-aereos-electricos-2229999.jpeg","width":1140,"height":641},{"@type":"BreadcrumbList","@id":"https:\/\/gysfm.com.ar\/inicio\/realizan-pruebas-de-taxis-aereos-electricos-en-nueva-york\/#breadcrumb","itemListElement":[{"@type":"ListItem","position":1,"name":"Portada","item":"https:\/\/gysfm.com.ar\/inicio\/"},{"@type":"ListItem","position":2,"name":"Realizan pruebas de taxis a\u00e9reos el\u00e9ctricos en Nueva York"}]},{"@type":"WebSite","@id":"https:\/\/gysfm.com.ar\/inicio\/#website","url":"https:\/\/gysfm.com.ar\/inicio\/","name":"GYS NOTICIAS |","description":"DIARIO - RADIO ONLINE SAN JUAN ARGENTINA","publisher":{"@id":"https:\/\/gysfm.com.ar\/inicio\/#organization"},"potentialAction":[{"@type":"SearchAction","target":{"@type":"EntryPoint","urlTemplate":"https:\/\/gysfm.com.ar\/inicio\/?s={search_term_string}"},"query-input":{"@type":"PropertyValueSpecification","valueRequired":true,"valueName":"search_term_string"}}],"inLanguage":"es"},{"@type":"Organization","@id":"https:\/\/gysfm.com.ar\/inicio\/#organization","name":"GYS NOTICIAS |","url":"https:\/\/gysfm.com.ar\/inicio\/","logo":{"@type":"ImageObject","inLanguage":"es","@id":"https:\/\/gysfm.com.ar\/inicio\/#\/schema\/logo\/image\/","url":"https:\/\/gysfm.com.ar\/inicio\/wp-content\/uploads\/2023\/07\/LOGOGYS-OK.png","contentUrl":"https:\/\/gysfm.com.ar\/inicio\/wp-content\/uploads\/2023\/07\/LOGOGYS-OK.png","width":1170,"height":872,"caption":"GYS NOTICIAS |"},"image":{"@id":"https:\/\/gysfm.com.ar\/inicio\/#\/schema\/logo\/image\/"}},{"@type":"Person","@id":"https:\/\/gysfm.com.ar\/inicio\/#\/schema\/person\/3abba7593ef2ad19e1be221d54383dc5","name":"Prensa G&amp;S FM","image":{"@type":"ImageObject","inLanguage":"es","@id":"https:\/\/gysfm.com.ar\/inicio\/#\/schema\/person\/image\/","url":"https:\/\/secure.gravatar.com\/avatar\/096ec78df02049ab018702bb4ccedf659377fa92a26540b5247612077a0dbd29?s=96&d=mm&r=g","contentUrl":"https:\/\/secure.gravatar.com\/avatar\/096ec78df02049ab018702bb4ccedf659377fa92a26540b5247612077a0dbd29?s=96&d=mm&r=g","caption":"Prensa G&amp;S FM"},"sameAs":["https:\/\/gysfm.com.ar\/"],"url":"https:\/\/gysfm.com.ar\/inicio\/author\/lucasm\/"}]}},"_links":{"self":[{"href":"https:\/\/gysfm.com.ar\/inicio\/wp-json\/wp\/v2\/posts\/193785","targetHints":{"allow":["GET"]}}],"collection":[{"href":"https:\/\/gysfm.com.ar\/inicio\/wp-json\/wp\/v2\/posts"}],"about":[{"href":"https:\/\/gysfm.com.ar\/inicio\/wp-json\/wp\/v2\/types\/post"}],"author":[{"embeddable":true,"href":"https:\/\/gysfm.com.ar\/inicio\/wp-json\/wp\/v2\/users\/2"}],"replies":[{"embeddable":true,"href":"https:\/\/gysfm.com.ar\/inicio\/wp-json\/wp\/v2\/comments?post=193785"}],"version-history":[{"count":0,"href":"https:\/\/gysfm.com.ar\/inicio\/wp-json\/wp\/v2\/posts\/193785\/revisions"}],"wp:featuredmedia":[{"embeddable":true,"href":"https:\/\/gysfm.com.ar\/inicio\/wp-json\/wp\/v2\/media\/193786"}],"wp:attachment":[{"href":"https:\/\/gysfm.com.ar\/inicio\/wp-json\/wp\/v2\/media?parent=193785"}],"wp:term":[{"taxonomy":"category","embeddable":true,"href":"https:\/\/gysfm.com.ar\/inicio\/wp-json\/wp\/v2\/categories?post=193785"},{"taxonomy":"post_tag","embeddable":true,"href":"https:\/\/gysfm.com.ar\/inicio\/wp-json\/wp\/v2\/tags?post=193785"}],"curies":[{"name":"wp","href":"https:\/\/api.w.org\/{rel}","templated":true}]}}