{"id":193777,"date":"2026-04-29T21:40:18","date_gmt":"2026-04-30T00:40:18","guid":{"rendered":"https:\/\/gysfm.com.ar\/inicio\/guerrilleros-disidentes-asumen-la-autoria-del-atentado-con-21-muertos-en-colombia\/"},"modified":"2026-04-29T21:40:19","modified_gmt":"2026-04-30T00:40:19","slug":"guerrilleros-disidentes-asumen-la-autoria-del-atentado-con-21-muertos-en-colombia","status":"publish","type":"post","link":"https:\/\/gysfm.com.ar\/inicio\/guerrilleros-disidentes-asumen-la-autoria-del-atentado-con-21-muertos-en-colombia\/","title":{"rendered":"Guerrilleros disidentes asumen la autor\u00eda del atentado con 21 muertos en Colombia"},"content":{"rendered":"<p> <br \/>\n<\/p>\n<div>\n<p class=\"com-paragraph  --capital --s\">BOGOT\u00c1.\u2013 Guerrilleros disidentes de las extintas FARC asumieron la autor\u00eda de un atentado que caus\u00f3 <strong>21 civiles muertos <\/strong>en Colombia el fin de semana pasado, y que definieron como un \u201cerror t\u00e1ctico\u201d.<\/p>\n<p class=\"com-paragraph   --s\">El Estado Mayor Central (EMC), el principal grupo de exmiembros de las FARC, se\u00f1al\u00f3 en un comunicado que el episodio ocurri\u00f3 en medio de una <strong>\u201cacci\u00f3n propagand\u00edstica sobre la v\u00eda Panamericana\u201d.<\/strong><\/p>\n<p class=\"com-paragraph   --s\">Esa acci\u00f3n deriv\u00f3 en enfrentamientos con efectivos del Ej\u00e9rcito, que estaban a unos metros del lugar en el que <strong>los guerrilleros activaron una carga explosiva<\/strong> que mat\u00f3 a los civiles que pasaban por la zona. La organizaci\u00f3n ilegal indic\u00f3 que en ese contexto se present\u00f3 un <strong>\u201clamentable incidente\u201d <\/strong>que afect\u00f3 a civiles que, reconocieron, <a href=\"https:\/\/www.lanacion.com.ar\/estados-unidos\/la-advertencia-de-eeuu-a-los-turistas-que-visiten-colombia-no-viaje-a-estas-areas-por-ningun-motivo-nid29042026\/\" target=\"_self\" title=\"https:\/\/www.lanacion.com.ar\/estados-unidos\/la-advertencia-de-eeuu-a-los-turistas-que-visiten-colombia-no-viaje-a-estas-areas-por-ningun-motivo-nid29042026\/\" class=\"com-link break-word\" data-mrf-recirculation=\"n_link_parrafo\">no ten\u00edan ninguna relaci\u00f3n con el conflicto armado.<\/a><\/p>\n<p class=\"com-paragraph   --s\">El EMC dijo que fue consecuencia de <strong>\u201cerrores en la maniobra militar en medio de los combates\u201d,<\/strong> y afirm\u00f3 que los hechos <strong>\u201cno son premeditados\u201d.<\/strong> No obstante, agreg\u00f3 que asum\u00eda la responsabilidad pol\u00edtica y calific\u00f3 el episodio como un <strong>\u201cerror t\u00e1ctico, que no tiene justificaci\u00f3n alguna\u201d.<\/strong><\/p>\n<div class=\"content-media\">\n<section role=\"button\" class=\"mod-media   \">\n<figure role=\"button\" tabindex=\"0\" class=\"mod-figure \"><figcaption class=\"mod-figcaption\"><span class=\"com-text --caption --twoxs\">La escena del atentado que dej\u00f3 21 muertos en el sur de Colombia   <\/span><span class=\"com-text --credit --twoxs\">Santiago Saldarriaga &#8211; AP<\/span><\/figcaption><\/figure>\n<\/section>\n<\/div>\n<p class=\"com-paragraph   --s\">Todas las v\u00edctimas eran civiles y la mitad viv\u00eda en la localidad de La Pedregosa, en el departamento del Cauca, una zona donde <strong>la comunidad se siente orgullosa de haberla declarado como un territorio de paz,<\/strong> sacando adelante iniciativas comunitarias en torno a cultivos como el caf\u00e9. <\/p>\n<p class=\"com-paragraph   --s\">\u201cYo perd\u00ed a mi madre y a mi hermana. Ellas eran Mar\u00eda Etelvina Valencia y Liliana Mar\u00eda Valenzuela\u201d, dijo un campesino de la zona, <strong>Elvis Valenzuela Valencia,<\/strong> que describi\u00f3 a su madre como una emprendedora.<\/p>\n<p class=\"com-paragraph   --s\">\u201cElla manten\u00eda aqu\u00ed, ten\u00eda ah\u00ed su parcelita de caf\u00e9, su parcelita de ca\u00f1a. <strong>Ella misma cog\u00eda su caf\u00e9, mol\u00eda su ca\u00f1a y sacaba la panela a vender al pueblo.<\/strong> Ella hac\u00eda tortas. Manten\u00eda ah\u00ed con su panader\u00eda. Ten\u00eda pollitos\u00bb, cont\u00f3.<\/p>\n<p class=\"com-paragraph   --s\">Una fuente del Ej\u00e9rcito dijo que los guerrilleros hab\u00edan instalado <strong>un puesto de control en la carretera<\/strong> para tender una emboscada a militares. Los explosivos activados por los rebeldes en una carretera del departamento del Cauca (suroeste) <strong>tambi\u00e9n causaron 56 heridos. <\/strong><\/p>\n<p class=\"com-paragraph   --s\">El ministro de Defensa, <strong>Pedro S\u00e1nchez,<\/strong> afirm\u00f3 por su parte que se trat\u00f3 de una represalia tras la presi\u00f3n militar, luego de las fallidas negociaciones de paz entre el presidente<strong> Gustavo Petro y<\/strong> el l\u00edder del EMC,<a href=\"https:\/\/www.lanacion.com.ar\/el-mundo\/quien-es-ivan-mordisco-el-terrorista-mas-buscado-de-colombia-que-esta-detras-de-la-ultima-ola-de-nid11062025\/\" target=\"_self\" title=\"https:\/\/www.lanacion.com.ar\/el-mundo\/quien-es-ivan-mordisco-el-terrorista-mas-buscado-de-colombia-que-esta-detras-de-la-ultima-ola-de-nid11062025\/\" class=\"com-link break-word\" data-mrf-recirculation=\"n_link_parrafo\"> alias Iv\u00e1n Mordisco, <\/a> el guerrillero m\u00e1s buscado del pa\u00eds.<\/p>\n<div class=\"content-media\">\n<section role=\"button\" class=\"mod-media   \">\n<figure role=\"button\" tabindex=\"0\" class=\"mod-figure \"><figcaption class=\"mod-figcaption\"><span class=\"com-text --caption --twoxs\">El guerrillero Iv\u00e1n Mordisco, el l\u00edder criminal m\u00e1s buscado de Colombia en la actualidad<\/span><span class=\"com-text --credit --twoxs\">Archivo<\/span><\/figcaption><\/figure>\n<\/section>\n<\/div>\n<p class=\"com-paragraph   --s\">La reciente escalada violenta en el suroccidente de Colombia deja, seg\u00fan reportes oficiales, <strong>m\u00e1s de 34 episodios registrados<\/strong> entre acciones armadas, hostigamientos, ataques con explosivos y alteraciones del orden p\u00fablico. <\/p>\n<p class=\"com-paragraph   --s\">Frente a ese panorama, <strong>la Fuerza P\u00fablica activ\u00f3 un despliegue operacional <\/strong>con refuerzo de tropas del Ej\u00e9rcito, unidades policiales y capacidades de inteligencia. El objetivo, de acuerdo con fuentes oficiales, es contener nuevos ataques, asegurar ejes viales y recuperar control en zonas donde se han concentrado los hechos recientes.<\/p>\n<p class=\"com-paragraph   --s\">En medio de esa respuesta estatal, la polic\u00eda report\u00f3 <strong>la captura del presunto responsable del atentado, un se\u00f1alado cabecilla de la estructura Dagoberto Ramos,<\/strong> organizaci\u00f3n vinculada a acciones armadas en el Cauca y otras zonas del suroccidente. Las autoridades sostienen que este hombre tendr\u00eda relaci\u00f3n no solo con el incidente del s\u00e1bado sino con los \u00faltimos episodios de violencia en la regi\u00f3n.<\/p>\n<div class=\"content-media\">\n<section role=\"button\" class=\"mod-media   \">\n<figure role=\"button\" tabindex=\"0\" class=\"mod-figure \"><figcaption class=\"mod-figcaption\"><span class=\"com-text --caption --twoxs\">El presidente colombiano Gustavo Petro tras votar en las elecciones legislativas (Archivo)  <\/span><span class=\"com-text --credit --twoxs\">Fernando Vergara &#8211; AP<\/span><\/figcaption><\/figure>\n<\/section>\n<\/div>\n<p class=\"com-paragraph   --s\">El detenido fue identificado como alias <strong>Mi Pez.<\/strong> Los organismos de seguridad analizan informaci\u00f3n incautada durante el procedimiento para <strong>establecer posibles conexiones operativas<\/strong> y nuevas l\u00edneas de investigaci\u00f3n.<\/p>\n<p class=\"com-paragraph   --s\">La oficina en Colombia del alto comisionado de la ONU para los derechos humanos llam\u00f3 al gobierno a <strong>\u201cproteger a la poblaci\u00f3n civil y prevenir nuevos ataques\u201d,<\/strong> y tambi\u00e9n a los grupos armados a <strong>\u201ccesar cualquier ataque\u201d<\/strong> contra las poblaciones.<\/p>\n<p class=\"com-paragraph   --s\">Petro asegur\u00f3 que el ataque buscaba <strong>\u201csabotear las elecciones\u201d<\/strong> en las que la izquierda apuesta por conservar el poder tras llegar a la presidencia por primera vez en 2022.<\/p>\n<p class=\"com-paragraph   --s\"><strong>Iv\u00e1n Cepeda,<\/strong> candidato del partido de Petro, <strong>es favorito en las encuestas para los comicios,<\/strong> en los que enfrenta al abogado derechista <strong>Abelardo de la Espriella<\/strong> y a la opositora <strong>Paloma Valencia,<\/strong> tambi\u00e9n de derecha.<\/p>\n<p class=\"com-paragraph   --s\">La senadora propuso recientemente como su ministro de Defensa al expresidente <strong>\u00c1lvaro Uribe (2002-2010),<\/strong> que durante su gobierno diezm\u00f3 a las guerrillas con una fuerte arremetida de la mano de Estados Unidos.<\/p>\n<p class=\"com-paragraph   --s\"><strong>Agencia AFP y El Tiempo\/GDA <\/strong><\/p>\n<section class=\"container-center-100 mb-40 border border-bottom border-thin border-neutral-light-700\">\n<hr\/>\n<\/section>\n<\/div>\n<p><script id=\"facebookpixel\" defer=\"\" type=\"text\/javascript\">\n        !function(f,b,e,v,n,t,s)\n        {if(f.fbq)return;n=f.fbq=function(){n.callMethod?\n        n.callMethod.apply(n,arguments):n.queue.push(arguments)};\n        if(!f._fbq)f._fbq=n;n.push=n;n.loaded=!0;n.version='2.0';\n        n.queue=[];t=b.createElement(e);t.async=!0;\n        t.src=v;s=b.getElementsByTagName(e)[0];\n        s.parentNode.insertBefore(t,s)}(window, document,'script',\n        'https:\/\/connect.facebook.net\/en_US\/fbevents.js');\n        fbq('init', '492459597522335');\n        fbq('track', 'PageView');\n    <\/script><br \/>\n<br \/><\/p>\n","protected":false},"excerpt":{"rendered":"<p>BOGOT\u00c1.\u2013 Guerrilleros disidentes de las extintas FARC asumieron la autor\u00eda de un atentado que caus\u00f3 21 civiles muertos en Colombia el fin de semana pasado, y que definieron como un \u201cerror t\u00e1ctico\u201d. El Estado Mayor Central (EMC), el principal grupo de exmiembros de las FARC, se\u00f1al\u00f3 en un comunicado que el episodio ocurri\u00f3 en medio [&hellip;]<\/p>\n","protected":false},"author":2,"featured_media":193778,"comment_status":"closed","ping_status":"closed","sticky":false,"template":"","format":"standard","meta":{"footnotes":""},"categories":[26],"tags":[],"class_list":["post-193777","post","type-post","status-publish","format-standard","has-post-thumbnail","hentry","category-internacionales"],"yoast_head":"<!-- This site is optimized with the Yoast SEO plugin v24.4 - https:\/\/yoast.com\/wordpress\/plugins\/seo\/ -->\n<title>Guerrilleros disidentes asumen la autor\u00eda del atentado con 21 muertos en Colombia - GYS NOTICIAS |<\/title>\n<meta name=\"robots\" content=\"index, follow, max-snippet:-1, max-image-preview:large, max-video-preview:-1\" \/>\n<link rel=\"canonical\" href=\"https:\/\/gysfm.com.ar\/inicio\/guerrilleros-disidentes-asumen-la-autoria-del-atentado-con-21-muertos-en-colombia\/\" \/>\n<meta property=\"og:locale\" content=\"es_ES\" \/>\n<meta property=\"og:type\" content=\"article\" \/>\n<meta property=\"og:title\" content=\"Guerrilleros disidentes asumen la autor\u00eda del atentado con 21 muertos en Colombia - GYS NOTICIAS |\" \/>\n<meta property=\"og:description\" content=\"BOGOT\u00c1.\u2013 Guerrilleros disidentes de las extintas FARC asumieron la autor\u00eda de un atentado que caus\u00f3 21 civiles muertos en Colombia el fin de semana pasado, y que definieron como un \u201cerror t\u00e1ctico\u201d. El Estado Mayor Central (EMC), el principal grupo de exmiembros de las FARC, se\u00f1al\u00f3 en un comunicado que el episodio ocurri\u00f3 en medio [&hellip;]\" \/>\n<meta property=\"og:url\" content=\"https:\/\/gysfm.com.ar\/inicio\/guerrilleros-disidentes-asumen-la-autoria-del-atentado-con-21-muertos-en-colombia\/\" \/>\n<meta property=\"og:site_name\" content=\"GYS NOTICIAS |\" \/>\n<meta property=\"article:published_time\" content=\"2026-04-30T00:40:18+00:00\" \/>\n<meta property=\"article:modified_time\" content=\"2026-04-30T00:40:19+00:00\" \/>\n<meta property=\"og:image\" content=\"https:\/\/gysfm.com.ar\/inicio\/wp-content\/uploads\/2026\/04\/el-lugar-de-la-explosion-en-la-carretera-popayan-5YAHR4QOBFAQBPS37TSRGB3IKI.JPG\" \/>\n\t<meta property=\"og:image:width\" content=\"1200\" \/>\n\t<meta property=\"og:image:height\" content=\"800\" \/>\n\t<meta property=\"og:image:type\" content=\"image\/jpeg\" \/>\n<meta name=\"author\" content=\"Prensa G&amp;S FM\" \/>\n<meta name=\"twitter:card\" content=\"summary_large_image\" \/>\n<meta name=\"twitter:label1\" content=\"Escrito por\" \/>\n\t<meta name=\"twitter:data1\" content=\"Prensa G&amp;S FM\" \/>\n\t<meta name=\"twitter:label2\" content=\"Tiempo de lectura\" \/>\n\t<meta name=\"twitter:data2\" content=\"4 minutos\" \/>\n<script type=\"application\/ld+json\" class=\"yoast-schema-graph\">{\"@context\":\"https:\/\/schema.org\",\"@graph\":[{\"@type\":\"Article\",\"@id\":\"https:\/\/gysfm.com.ar\/inicio\/guerrilleros-disidentes-asumen-la-autoria-del-atentado-con-21-muertos-en-colombia\/#article\",\"isPartOf\":{\"@id\":\"https:\/\/gysfm.com.ar\/inicio\/guerrilleros-disidentes-asumen-la-autoria-del-atentado-con-21-muertos-en-colombia\/\"},\"author\":{\"name\":\"Prensa G&amp;S FM\",\"@id\":\"https:\/\/gysfm.com.ar\/inicio\/#\/schema\/person\/3abba7593ef2ad19e1be221d54383dc5\"},\"headline\":\"Guerrilleros disidentes asumen la autor\u00eda del atentado con 21 muertos en Colombia\",\"datePublished\":\"2026-04-30T00:40:18+00:00\",\"dateModified\":\"2026-04-30T00:40:19+00:00\",\"mainEntityOfPage\":{\"@id\":\"https:\/\/gysfm.com.ar\/inicio\/guerrilleros-disidentes-asumen-la-autoria-del-atentado-con-21-muertos-en-colombia\/\"},\"wordCount\":808,\"publisher\":{\"@id\":\"https:\/\/gysfm.com.ar\/inicio\/#organization\"},\"image\":{\"@id\":\"https:\/\/gysfm.com.ar\/inicio\/guerrilleros-disidentes-asumen-la-autoria-del-atentado-con-21-muertos-en-colombia\/#primaryimage\"},\"thumbnailUrl\":\"https:\/\/gysfm.com.ar\/inicio\/wp-content\/uploads\/2026\/04\/el-lugar-de-la-explosion-en-la-carretera-popayan-5YAHR4QOBFAQBPS37TSRGB3IKI.JPG\",\"articleSection\":[\"INTERNACIONALES\"],\"inLanguage\":\"es\"},{\"@type\":\"WebPage\",\"@id\":\"https:\/\/gysfm.com.ar\/inicio\/guerrilleros-disidentes-asumen-la-autoria-del-atentado-con-21-muertos-en-colombia\/\",\"url\":\"https:\/\/gysfm.com.ar\/inicio\/guerrilleros-disidentes-asumen-la-autoria-del-atentado-con-21-muertos-en-colombia\/\",\"name\":\"Guerrilleros disidentes asumen la autor\u00eda del atentado con 21 muertos en Colombia - GYS NOTICIAS |\",\"isPartOf\":{\"@id\":\"https:\/\/gysfm.com.ar\/inicio\/#website\"},\"primaryImageOfPage\":{\"@id\":\"https:\/\/gysfm.com.ar\/inicio\/guerrilleros-disidentes-asumen-la-autoria-del-atentado-con-21-muertos-en-colombia\/#primaryimage\"},\"image\":{\"@id\":\"https:\/\/gysfm.com.ar\/inicio\/guerrilleros-disidentes-asumen-la-autoria-del-atentado-con-21-muertos-en-colombia\/#primaryimage\"},\"thumbnailUrl\":\"https:\/\/gysfm.com.ar\/inicio\/wp-content\/uploads\/2026\/04\/el-lugar-de-la-explosion-en-la-carretera-popayan-5YAHR4QOBFAQBPS37TSRGB3IKI.JPG\",\"datePublished\":\"2026-04-30T00:40:18+00:00\",\"dateModified\":\"2026-04-30T00:40:19+00:00\",\"breadcrumb\":{\"@id\":\"https:\/\/gysfm.com.ar\/inicio\/guerrilleros-disidentes-asumen-la-autoria-del-atentado-con-21-muertos-en-colombia\/#breadcrumb\"},\"inLanguage\":\"es\",\"potentialAction\":[{\"@type\":\"ReadAction\",\"target\":[\"https:\/\/gysfm.com.ar\/inicio\/guerrilleros-disidentes-asumen-la-autoria-del-atentado-con-21-muertos-en-colombia\/\"]}]},{\"@type\":\"ImageObject\",\"inLanguage\":\"es\",\"@id\":\"https:\/\/gysfm.com.ar\/inicio\/guerrilleros-disidentes-asumen-la-autoria-del-atentado-con-21-muertos-en-colombia\/#primaryimage\",\"url\":\"https:\/\/gysfm.com.ar\/inicio\/wp-content\/uploads\/2026\/04\/el-lugar-de-la-explosion-en-la-carretera-popayan-5YAHR4QOBFAQBPS37TSRGB3IKI.JPG\",\"contentUrl\":\"https:\/\/gysfm.com.ar\/inicio\/wp-content\/uploads\/2026\/04\/el-lugar-de-la-explosion-en-la-carretera-popayan-5YAHR4QOBFAQBPS37TSRGB3IKI.JPG\",\"width\":1200,\"height\":800},{\"@type\":\"BreadcrumbList\",\"@id\":\"https:\/\/gysfm.com.ar\/inicio\/guerrilleros-disidentes-asumen-la-autoria-del-atentado-con-21-muertos-en-colombia\/#breadcrumb\",\"itemListElement\":[{\"@type\":\"ListItem\",\"position\":1,\"name\":\"Portada\",\"item\":\"https:\/\/gysfm.com.ar\/inicio\/\"},{\"@type\":\"ListItem\",\"position\":2,\"name\":\"Guerrilleros disidentes asumen la autor\u00eda del atentado con 21 muertos en Colombia\"}]},{\"@type\":\"WebSite\",\"@id\":\"https:\/\/gysfm.com.ar\/inicio\/#website\",\"url\":\"https:\/\/gysfm.com.ar\/inicio\/\",\"name\":\"GYS NOTICIAS |\",\"description\":\"DIARIO - RADIO ONLINE SAN JUAN ARGENTINA\",\"publisher\":{\"@id\":\"https:\/\/gysfm.com.ar\/inicio\/#organization\"},\"potentialAction\":[{\"@type\":\"SearchAction\",\"target\":{\"@type\":\"EntryPoint\",\"urlTemplate\":\"https:\/\/gysfm.com.ar\/inicio\/?s={search_term_string}\"},\"query-input\":{\"@type\":\"PropertyValueSpecification\",\"valueRequired\":true,\"valueName\":\"search_term_string\"}}],\"inLanguage\":\"es\"},{\"@type\":\"Organization\",\"@id\":\"https:\/\/gysfm.com.ar\/inicio\/#organization\",\"name\":\"GYS NOTICIAS |\",\"url\":\"https:\/\/gysfm.com.ar\/inicio\/\",\"logo\":{\"@type\":\"ImageObject\",\"inLanguage\":\"es\",\"@id\":\"https:\/\/gysfm.com.ar\/inicio\/#\/schema\/logo\/image\/\",\"url\":\"https:\/\/gysfm.com.ar\/inicio\/wp-content\/uploads\/2023\/07\/LOGOGYS-OK.png\",\"contentUrl\":\"https:\/\/gysfm.com.ar\/inicio\/wp-content\/uploads\/2023\/07\/LOGOGYS-OK.png\",\"width\":1170,\"height\":872,\"caption\":\"GYS NOTICIAS |\"},\"image\":{\"@id\":\"https:\/\/gysfm.com.ar\/inicio\/#\/schema\/logo\/image\/\"}},{\"@type\":\"Person\",\"@id\":\"https:\/\/gysfm.com.ar\/inicio\/#\/schema\/person\/3abba7593ef2ad19e1be221d54383dc5\",\"name\":\"Prensa G&amp;S FM\",\"image\":{\"@type\":\"ImageObject\",\"inLanguage\":\"es\",\"@id\":\"https:\/\/gysfm.com.ar\/inicio\/#\/schema\/person\/image\/\",\"url\":\"https:\/\/secure.gravatar.com\/avatar\/096ec78df02049ab018702bb4ccedf659377fa92a26540b5247612077a0dbd29?s=96&d=mm&r=g\",\"contentUrl\":\"https:\/\/secure.gravatar.com\/avatar\/096ec78df02049ab018702bb4ccedf659377fa92a26540b5247612077a0dbd29?s=96&d=mm&r=g\",\"caption\":\"Prensa G&amp;S FM\"},\"sameAs\":[\"https:\/\/gysfm.com.ar\/\"],\"url\":\"https:\/\/gysfm.com.ar\/inicio\/author\/lucasm\/\"}]}<\/script>\n<!-- \/ Yoast SEO plugin. -->","yoast_head_json":{"title":"Guerrilleros disidentes asumen la autor\u00eda del atentado con 21 muertos en Colombia - GYS NOTICIAS |","robots":{"index":"index","follow":"follow","max-snippet":"max-snippet:-1","max-image-preview":"max-image-preview:large","max-video-preview":"max-video-preview:-1"},"canonical":"https:\/\/gysfm.com.ar\/inicio\/guerrilleros-disidentes-asumen-la-autoria-del-atentado-con-21-muertos-en-colombia\/","og_locale":"es_ES","og_type":"article","og_title":"Guerrilleros disidentes asumen la autor\u00eda del atentado con 21 muertos en Colombia - GYS NOTICIAS |","og_description":"BOGOT\u00c1.\u2013 Guerrilleros disidentes de las extintas FARC asumieron la autor\u00eda de un atentado que caus\u00f3 21 civiles muertos en Colombia el fin de semana pasado, y que definieron como un \u201cerror t\u00e1ctico\u201d. El Estado Mayor Central (EMC), el principal grupo de exmiembros de las FARC, se\u00f1al\u00f3 en un comunicado que el episodio ocurri\u00f3 en medio [&hellip;]","og_url":"https:\/\/gysfm.com.ar\/inicio\/guerrilleros-disidentes-asumen-la-autoria-del-atentado-con-21-muertos-en-colombia\/","og_site_name":"GYS NOTICIAS |","article_published_time":"2026-04-30T00:40:18+00:00","article_modified_time":"2026-04-30T00:40:19+00:00","og_image":[{"width":1200,"height":800,"url":"https:\/\/gysfm.com.ar\/inicio\/wp-content\/uploads\/2026\/04\/el-lugar-de-la-explosion-en-la-carretera-popayan-5YAHR4QOBFAQBPS37TSRGB3IKI.JPG","type":"image\/jpeg"}],"author":"Prensa G&amp;S FM","twitter_card":"summary_large_image","twitter_misc":{"Escrito por":"Prensa G&amp;S FM","Tiempo de lectura":"4 minutos"},"schema":{"@context":"https:\/\/schema.org","@graph":[{"@type":"Article","@id":"https:\/\/gysfm.com.ar\/inicio\/guerrilleros-disidentes-asumen-la-autoria-del-atentado-con-21-muertos-en-colombia\/#article","isPartOf":{"@id":"https:\/\/gysfm.com.ar\/inicio\/guerrilleros-disidentes-asumen-la-autoria-del-atentado-con-21-muertos-en-colombia\/"},"author":{"name":"Prensa G&amp;S FM","@id":"https:\/\/gysfm.com.ar\/inicio\/#\/schema\/person\/3abba7593ef2ad19e1be221d54383dc5"},"headline":"Guerrilleros disidentes asumen la autor\u00eda del atentado con 21 muertos en Colombia","datePublished":"2026-04-30T00:40:18+00:00","dateModified":"2026-04-30T00:40:19+00:00","mainEntityOfPage":{"@id":"https:\/\/gysfm.com.ar\/inicio\/guerrilleros-disidentes-asumen-la-autoria-del-atentado-con-21-muertos-en-colombia\/"},"wordCount":808,"publisher":{"@id":"https:\/\/gysfm.com.ar\/inicio\/#organization"},"image":{"@id":"https:\/\/gysfm.com.ar\/inicio\/guerrilleros-disidentes-asumen-la-autoria-del-atentado-con-21-muertos-en-colombia\/#primaryimage"},"thumbnailUrl":"https:\/\/gysfm.com.ar\/inicio\/wp-content\/uploads\/2026\/04\/el-lugar-de-la-explosion-en-la-carretera-popayan-5YAHR4QOBFAQBPS37TSRGB3IKI.JPG","articleSection":["INTERNACIONALES"],"inLanguage":"es"},{"@type":"WebPage","@id":"https:\/\/gysfm.com.ar\/inicio\/guerrilleros-disidentes-asumen-la-autoria-del-atentado-con-21-muertos-en-colombia\/","url":"https:\/\/gysfm.com.ar\/inicio\/guerrilleros-disidentes-asumen-la-autoria-del-atentado-con-21-muertos-en-colombia\/","name":"Guerrilleros disidentes asumen la autor\u00eda del atentado con 21 muertos en Colombia - GYS NOTICIAS |","isPartOf":{"@id":"https:\/\/gysfm.com.ar\/inicio\/#website"},"primaryImageOfPage":{"@id":"https:\/\/gysfm.com.ar\/inicio\/guerrilleros-disidentes-asumen-la-autoria-del-atentado-con-21-muertos-en-colombia\/#primaryimage"},"image":{"@id":"https:\/\/gysfm.com.ar\/inicio\/guerrilleros-disidentes-asumen-la-autoria-del-atentado-con-21-muertos-en-colombia\/#primaryimage"},"thumbnailUrl":"https:\/\/gysfm.com.ar\/inicio\/wp-content\/uploads\/2026\/04\/el-lugar-de-la-explosion-en-la-carretera-popayan-5YAHR4QOBFAQBPS37TSRGB3IKI.JPG","datePublished":"2026-04-30T00:40:18+00:00","dateModified":"2026-04-30T00:40:19+00:00","breadcrumb":{"@id":"https:\/\/gysfm.com.ar\/inicio\/guerrilleros-disidentes-asumen-la-autoria-del-atentado-con-21-muertos-en-colombia\/#breadcrumb"},"inLanguage":"es","potentialAction":[{"@type":"ReadAction","target":["https:\/\/gysfm.com.ar\/inicio\/guerrilleros-disidentes-asumen-la-autoria-del-atentado-con-21-muertos-en-colombia\/"]}]},{"@type":"ImageObject","inLanguage":"es","@id":"https:\/\/gysfm.com.ar\/inicio\/guerrilleros-disidentes-asumen-la-autoria-del-atentado-con-21-muertos-en-colombia\/#primaryimage","url":"https:\/\/gysfm.com.ar\/inicio\/wp-content\/uploads\/2026\/04\/el-lugar-de-la-explosion-en-la-carretera-popayan-5YAHR4QOBFAQBPS37TSRGB3IKI.JPG","contentUrl":"https:\/\/gysfm.com.ar\/inicio\/wp-content\/uploads\/2026\/04\/el-lugar-de-la-explosion-en-la-carretera-popayan-5YAHR4QOBFAQBPS37TSRGB3IKI.JPG","width":1200,"height":800},{"@type":"BreadcrumbList","@id":"https:\/\/gysfm.com.ar\/inicio\/guerrilleros-disidentes-asumen-la-autoria-del-atentado-con-21-muertos-en-colombia\/#breadcrumb","itemListElement":[{"@type":"ListItem","position":1,"name":"Portada","item":"https:\/\/gysfm.com.ar\/inicio\/"},{"@type":"ListItem","position":2,"name":"Guerrilleros disidentes asumen la autor\u00eda del atentado con 21 muertos en Colombia"}]},{"@type":"WebSite","@id":"https:\/\/gysfm.com.ar\/inicio\/#website","url":"https:\/\/gysfm.com.ar\/inicio\/","name":"GYS NOTICIAS |","description":"DIARIO - RADIO ONLINE SAN JUAN ARGENTINA","publisher":{"@id":"https:\/\/gysfm.com.ar\/inicio\/#organization"},"potentialAction":[{"@type":"SearchAction","target":{"@type":"EntryPoint","urlTemplate":"https:\/\/gysfm.com.ar\/inicio\/?s={search_term_string}"},"query-input":{"@type":"PropertyValueSpecification","valueRequired":true,"valueName":"search_term_string"}}],"inLanguage":"es"},{"@type":"Organization","@id":"https:\/\/gysfm.com.ar\/inicio\/#organization","name":"GYS NOTICIAS |","url":"https:\/\/gysfm.com.ar\/inicio\/","logo":{"@type":"ImageObject","inLanguage":"es","@id":"https:\/\/gysfm.com.ar\/inicio\/#\/schema\/logo\/image\/","url":"https:\/\/gysfm.com.ar\/inicio\/wp-content\/uploads\/2023\/07\/LOGOGYS-OK.png","contentUrl":"https:\/\/gysfm.com.ar\/inicio\/wp-content\/uploads\/2023\/07\/LOGOGYS-OK.png","width":1170,"height":872,"caption":"GYS NOTICIAS |"},"image":{"@id":"https:\/\/gysfm.com.ar\/inicio\/#\/schema\/logo\/image\/"}},{"@type":"Person","@id":"https:\/\/gysfm.com.ar\/inicio\/#\/schema\/person\/3abba7593ef2ad19e1be221d54383dc5","name":"Prensa G&amp;S FM","image":{"@type":"ImageObject","inLanguage":"es","@id":"https:\/\/gysfm.com.ar\/inicio\/#\/schema\/person\/image\/","url":"https:\/\/secure.gravatar.com\/avatar\/096ec78df02049ab018702bb4ccedf659377fa92a26540b5247612077a0dbd29?s=96&d=mm&r=g","contentUrl":"https:\/\/secure.gravatar.com\/avatar\/096ec78df02049ab018702bb4ccedf659377fa92a26540b5247612077a0dbd29?s=96&d=mm&r=g","caption":"Prensa G&amp;S FM"},"sameAs":["https:\/\/gysfm.com.ar\/"],"url":"https:\/\/gysfm.com.ar\/inicio\/author\/lucasm\/"}]}},"_links":{"self":[{"href":"https:\/\/gysfm.com.ar\/inicio\/wp-json\/wp\/v2\/posts\/193777","targetHints":{"allow":["GET"]}}],"collection":[{"href":"https:\/\/gysfm.com.ar\/inicio\/wp-json\/wp\/v2\/posts"}],"about":[{"href":"https:\/\/gysfm.com.ar\/inicio\/wp-json\/wp\/v2\/types\/post"}],"author":[{"embeddable":true,"href":"https:\/\/gysfm.com.ar\/inicio\/wp-json\/wp\/v2\/users\/2"}],"replies":[{"embeddable":true,"href":"https:\/\/gysfm.com.ar\/inicio\/wp-json\/wp\/v2\/comments?post=193777"}],"version-history":[{"count":1,"href":"https:\/\/gysfm.com.ar\/inicio\/wp-json\/wp\/v2\/posts\/193777\/revisions"}],"predecessor-version":[{"id":193779,"href":"https:\/\/gysfm.com.ar\/inicio\/wp-json\/wp\/v2\/posts\/193777\/revisions\/193779"}],"wp:featuredmedia":[{"embeddable":true,"href":"https:\/\/gysfm.com.ar\/inicio\/wp-json\/wp\/v2\/media\/193778"}],"wp:attachment":[{"href":"https:\/\/gysfm.com.ar\/inicio\/wp-json\/wp\/v2\/media?parent=193777"}],"wp:term":[{"taxonomy":"category","embeddable":true,"href":"https:\/\/gysfm.com.ar\/inicio\/wp-json\/wp\/v2\/categories?post=193777"},{"taxonomy":"post_tag","embeddable":true,"href":"https:\/\/gysfm.com.ar\/inicio\/wp-json\/wp\/v2\/tags?post=193777"}],"curies":[{"name":"wp","href":"https:\/\/api.w.org\/{rel}","templated":true}]}}