{"id":193774,"date":"2026-04-29T20:46:19","date_gmt":"2026-04-29T23:46:19","guid":{"rendered":"https:\/\/gysfm.com.ar\/inicio\/peronismo-suicida-perfil\/"},"modified":"2026-04-29T20:46:19","modified_gmt":"2026-04-29T23:46:19","slug":"peronismo-suicida-perfil","status":"publish","type":"post","link":"https:\/\/gysfm.com.ar\/inicio\/peronismo-suicida-perfil\/","title":{"rendered":"Peronismo suicida | Perfil"},"content":{"rendered":"<p><\/p>\n<div id=\"article-content\">\n<p>El <a target=\"_blank\" href=\"https:\/\/www.perfil.com\/noticias\/politica\/peronismo-2027-el-desorden-libertario-lo-obliga-a-ser-opcion-y-kicillof-toma-carrera.phtml\">variopinto <strong>planeta peronista<\/strong><\/a> est\u00e1 en ebullici\u00f3n. En p\u00fablico o en privado, se multiplican reuniones, charlas y contactos entre dirigentes que han dejado de lado por un momento sus diferencias para explorar<strong> qu\u00e9 armado pueden encarar <\/strong>para intentar vencer a Javier Milei el a\u00f1o pr\u00f3ximo.<\/p>\n<p>A caballo del <a target=\"_blank\" href=\"https:\/\/www.perfil.com\/noticias\/nea\/observatorio-de-encuestas-cae-milei-crece-el-peronismo-y-la-izquierda-gana-volumen.phtml\"><strong>deterioro pol\u00edtico del Gobierno<\/strong><\/a>, que la oposici\u00f3n eval\u00faa prematuramente como irreversible, de la din\u00e1mica rosquera participan figuras de peso dentro y fuera del PJ, as\u00ed como sindicalistas y empresarios muy preocupados por el rumbo econ\u00f3mico libertario.<\/p>\n<p>La lista de apellidos involucrados es vasta. Aparecen, entre muchos otros, los gobernadores <strong>Kicillof, Llaryora, Jalil, S\u00e1enz<\/strong>; los diputados <strong>Pichetto, Monz\u00f3, Massot, Tolosa Paz, Michel<\/strong>; \u201cinfluencers\u201d como <strong>Moreno<\/strong>; operadores como <strong>Olmos<\/strong>; activistas como <strong>Massa<\/strong>; oportunistas como el \u00bfex? pastor <strong>Gebel<\/strong> y hasta gente cercana a la vicepresidenta <strong>Villarruel<\/strong>. Hay m\u00e1s, claro, que prefieren permanecer a\u00fan en las sombras.<\/p>\n<div class=\"subscription\">\n<p>\n        Esto no les gusta a los autoritarios\n    <\/p>\n<div class=\"subscription__container\">\n<div class=\"subscription__text-wrapper\">\n<p>\n                El ejercicio del periodismo profesional y cr\u00edtico es un pilar fundamental de la democracia. Por eso molesta a quienes creen ser los due\u00f1os de la verdad.\n            <\/p>\n<\/p><\/div><\/div>\n<\/div>\n<p class=\"destacadoNota\"><a target=\"_blank\" href=\"https:\/\/www.perfil.com\/noticias\/politica\/jorge-brito-el-banquero-que-solo-quiere-jugar-en-la-interna-peronista.phtml\">Jorge Brito, el banquero que s\u00f3lo quiere jugar en la interna peronista<\/a><\/p>\n<p>Del renovado esp\u00edritu tertuliano peronista tambi\u00e9n participan fundaciones y centros de estudios econ\u00f3micos, que buscan avanzar en diagn\u00f3sticos y, sobre todo, <strong>propuestas consensuada<\/strong>s en materia econ\u00f3mica y el rol del Estado.<\/p>\n<p>Sin embargo, todos estos movimientos dispares y descoordinados entre s\u00ed chocan con una <strong>posible bomba desintegradora<\/strong>, generada dentro del propio peronismo. Casi un cl\u00e1sico.<\/p>\n<p>En medio de todas estas tratativas, o justamente debido a ellas, el kirchnerismo duro ha decidido plantear como condici\u00f3n para cualquier \u201capertura\u201d que la plataforma de acuerdo sea la futura <strong>liberaci\u00f3n de Cristina Fern\u00e1ndez de Kirchner<\/strong>, v\u00eda <strong>indulto<\/strong>.<\/p>\n<p>Ya no se trata s\u00f3lo de que esa bandera la levanta La C\u00e1mpora, sino otros personajes del cristinismo como <strong>Sergio Berni, Teresa Garc\u00eda u Oscar Parrilli<\/strong>. Y hasta integrantes del Gabinete bonaerense, como <strong>Juan Mart\u00edn Mena<\/strong>, nada menos que el ministro de Justicia. Cuidado con el <strong>riesgo de <\/strong>\u201c<strong>albertizaci\u00f3n<\/strong>\u201d.<\/p>\n<div style=\"text-align:center\">\n<figure class=\"image\" style=\"display:inline-block\"><picture><source media=\"(max-width: 440px)\" srcset=\"https:\/\/fotos.perfil.com\/\/2026\/03\/17\/440\/0\/cristina-fernandez-de-kirchner-llega-despues-de-declarar-17032026-2204402.jpg?webp\"\/><source media=\"(max-width: 1019px)\" srcset=\"https:\/\/fotos.perfil.com\/\/2026\/03\/17\/712\/0\/cristina-fernandez-de-kirchner-llega-despues-de-declarar-17032026-2204402.jpg?webp\"\/><img decoding=\"async\" style=\"max-width: 100%; width: 100%;\" alt=\"Cristina Fern\u00e1ndez de Kirchner llega despu\u00e9s de declarar 17032026\" src=\"https:\/\/fotos.perfil.com\/\/2026\/03\/17\/900\/0\/cristina-fernandez-de-kirchner-llega-despues-de-declarar-17032026-2204402.jpg?webp\" loading=\"lazy\"\/><\/picture><figcaption>Al peronismo no K la idea del indulto a Cristina Kirchner le resulta contrario a la idea de abrir el espacio<\/figcaption><\/figure>\n<\/p><\/div>\n<p>Tampoco es casualidad que el epicentro del reclamo por \u201cCristina libre\u201d sea la provincia de Buenos Aires. Es el n\u00facleo donde se asienta el poder camporista y donde mayores piedras en el camino le pone la agrupaci\u00f3n exjuvenil a las aspiraciones presidenciales de <strong>Kicillof<\/strong>, quien acaba de sustituir al frente del PJ provincial a <strong>M\u00e1ximo Kirchner<\/strong>, su enemigo \u00edntimo.<\/p>\n<p>La tensi\u00f3n por el condicionamiento cristinista oblig\u00f3 al ministro de Gobierno y hombre de confianza de Kicillof, <a target=\"_blank\" href=\"https:\/\/www.perfil.com\/noticias\/politica\/carlos-bianco-ministro-de-gobierno-de-buenos-aires-fue-operado-de-urgencia-en-barcelona.phtml\"><strong>Carlos Bianco<\/strong><\/a>, a realizar varias r\u00e9plicas cortantes, una de sus especialidades.<\/p>\n<p><strong>\u201cCristina est\u00e1 proscripta, el peronismo no\u201d.<\/strong> \u201cS\u00f3lo con el n\u00facleo duro no vamos a ganar\u201d. <strong>\u201cHay que poner un presidente antes de pensar en un indulto<\/strong>, preocup\u00e9monos por que haya un presidente peronista\u201d. Bianco dixit. Agit\u00f3 peor la furia cristinista contra el kicillofismo.<\/p>\n<p class=\"destacadoNota\"><a target=\"_blank\" href=\"https:\/\/www.perfil.com\/noticias\/politica\/kicillof-asumio-en-el-pj-bonaerense-pero-maximo-kirchner-hizo-la-gran-cristina-y-no-fue-para-evitar-la-foto.phtml\">Kicillof asumi\u00f3 en el PJ bonaerense, pero M\u00e1ximo Kirchner hizo \u00abla gran Cristina con Macri\u00bb y evit\u00f3 la foto<\/a><\/p>\n<p>M\u00e1s all\u00e1 del conflicto interno, un debate de estas caracter\u00edsticas azuza otros peligros. Un perd\u00f3n hacia CFK abarcar\u00eda su condena y detenci\u00f3n por la <strong>causa Vialidad<\/strong>. Pero est\u00e1 siendo juzgada tambi\u00e9n por los <strong>Cuadernos <\/strong>de la corrupci\u00f3n. Y est\u00e1 pendiente el proceso oral y p\u00fablico por <strong>Hotesur-Los Sauces<\/strong>, junto a su hijo M\u00e1ximo y otros involucrados. \u00bfQu\u00e9 va a pasar con esos juicios?<\/p>\n<p>Pero el mayor ruido dentro del peronismo no K de esta demanda es que les resulta contrario a la idea de abrir el espacio. Y, en especial, <strong>piantavotos<\/strong>. Una suerte de <strong>suicidio pol\u00edtico anticipado<\/strong>.<\/p>\n<p>Seg\u00fan estudios de opini\u00f3n p\u00fablica que circulan en La Plata, la expresidenta mantiene el doble de<strong> imagen negativa<\/strong> que positiva. Su posible amnist\u00eda no forma parte del men\u00fa de preocupaciones sociales, pero entre quienes se pronuncian concita un amplio rechazo. <strong>Quien quiera o\u00edr, que oiga.<\/strong><\/p>\n<p><em>ML<\/em><\/p>\n<\/p><\/div>\n<p><script>\n                !function(f,b,e,v,n,t,s)\n                {if(f.fbq)return;n=f.fbq=function(){n.callMethod?\n                    n.callMethod.apply(n,arguments):n.queue.push(arguments)};\n                    if(!f._fbq)f._fbq=n;n.push=n;n.loaded=!0;n.version='2.0';\n                    n.queue=[];t=b.createElement(e);t.async=!0;\n                    t.src=v;s=b.getElementsByTagName(e)[0];\n                    s.parentNode.insertBefore(t,s)}(window, document,'script',\n                    'https:\/\/connect.facebook.net\/en_US\/fbevents.js');\n                window.paywallConfig.facebook_pixel=\"1000228364089342\"\n            <\/script><\/p>\n","protected":false},"excerpt":{"rendered":"<p>El variopinto planeta peronista est\u00e1 en ebullici\u00f3n. En p\u00fablico o en privado, se multiplican reuniones, charlas y contactos entre dirigentes que han dejado de lado por un momento sus diferencias para explorar qu\u00e9 armado pueden encarar para intentar vencer a Javier Milei el a\u00f1o pr\u00f3ximo. A caballo del deterioro pol\u00edtico del Gobierno, que la oposici\u00f3n [&hellip;]<\/p>\n","protected":false},"author":2,"featured_media":167477,"comment_status":"closed","ping_status":"closed","sticky":false,"template":"","format":"standard","meta":{"footnotes":""},"categories":[25],"tags":[],"class_list":["post-193774","post","type-post","status-publish","format-standard","has-post-thumbnail","hentry","category-nacionales"],"yoast_head":"<!-- This site is optimized with the Yoast SEO plugin v24.4 - https:\/\/yoast.com\/wordpress\/plugins\/seo\/ -->\n<title>Peronismo suicida | Perfil - GYS NOTICIAS |<\/title>\n<meta name=\"robots\" content=\"index, follow, max-snippet:-1, max-image-preview:large, max-video-preview:-1\" \/>\n<link rel=\"canonical\" href=\"https:\/\/gysfm.com.ar\/inicio\/peronismo-suicida-perfil\/\" \/>\n<meta property=\"og:locale\" content=\"es_ES\" \/>\n<meta property=\"og:type\" content=\"article\" \/>\n<meta property=\"og:title\" content=\"Peronismo suicida | Perfil - GYS NOTICIAS |\" \/>\n<meta property=\"og:description\" content=\"El variopinto planeta peronista est\u00e1 en ebullici\u00f3n. En p\u00fablico o en privado, se multiplican reuniones, charlas y contactos entre dirigentes que han dejado de lado por un momento sus diferencias para explorar qu\u00e9 armado pueden encarar para intentar vencer a Javier Milei el a\u00f1o pr\u00f3ximo. A caballo del deterioro pol\u00edtico del Gobierno, que la oposici\u00f3n [&hellip;]\" \/>\n<meta property=\"og:url\" content=\"https:\/\/gysfm.com.ar\/inicio\/peronismo-suicida-perfil\/\" \/>\n<meta property=\"og:site_name\" content=\"GYS NOTICIAS |\" \/>\n<meta property=\"article:published_time\" content=\"2026-04-29T23:46:19+00:00\" \/>\n<meta property=\"og:image\" content=\"https:\/\/fotos.perfil.com\/\/2026\/03\/17\/900\/0\/cristina-fernandez-de-kirchner-llega-despues-de-declarar-17032026-2204402.jpg?webp\" \/>\n<meta name=\"author\" content=\"Prensa G&amp;S FM\" \/>\n<meta name=\"twitter:card\" content=\"summary_large_image\" \/>\n<meta name=\"twitter:label1\" content=\"Escrito por\" \/>\n\t<meta name=\"twitter:data1\" content=\"Prensa G&amp;S FM\" \/>\n\t<meta name=\"twitter:label2\" content=\"Tiempo de lectura\" \/>\n\t<meta name=\"twitter:data2\" content=\"3 minutos\" \/>\n<script type=\"application\/ld+json\" class=\"yoast-schema-graph\">{\"@context\":\"https:\/\/schema.org\",\"@graph\":[{\"@type\":\"Article\",\"@id\":\"https:\/\/gysfm.com.ar\/inicio\/peronismo-suicida-perfil\/#article\",\"isPartOf\":{\"@id\":\"https:\/\/gysfm.com.ar\/inicio\/peronismo-suicida-perfil\/\"},\"author\":{\"name\":\"Prensa G&amp;S FM\",\"@id\":\"https:\/\/gysfm.com.ar\/inicio\/#\/schema\/person\/3abba7593ef2ad19e1be221d54383dc5\"},\"headline\":\"Peronismo suicida | Perfil\",\"datePublished\":\"2026-04-29T23:46:19+00:00\",\"mainEntityOfPage\":{\"@id\":\"https:\/\/gysfm.com.ar\/inicio\/peronismo-suicida-perfil\/\"},\"wordCount\":699,\"publisher\":{\"@id\":\"https:\/\/gysfm.com.ar\/inicio\/#organization\"},\"image\":{\"@id\":\"https:\/\/gysfm.com.ar\/inicio\/peronismo-suicida-perfil\/#primaryimage\"},\"thumbnailUrl\":\"https:\/\/gysfm.com.ar\/inicio\/wp-content\/uploads\/2025\/12\/cristina-kirchner-y-axel-kicillof-2141877.jpg\",\"articleSection\":[\"NACIONALES\"],\"inLanguage\":\"es\"},{\"@type\":\"WebPage\",\"@id\":\"https:\/\/gysfm.com.ar\/inicio\/peronismo-suicida-perfil\/\",\"url\":\"https:\/\/gysfm.com.ar\/inicio\/peronismo-suicida-perfil\/\",\"name\":\"Peronismo suicida | Perfil - GYS NOTICIAS |\",\"isPartOf\":{\"@id\":\"https:\/\/gysfm.com.ar\/inicio\/#website\"},\"primaryImageOfPage\":{\"@id\":\"https:\/\/gysfm.com.ar\/inicio\/peronismo-suicida-perfil\/#primaryimage\"},\"image\":{\"@id\":\"https:\/\/gysfm.com.ar\/inicio\/peronismo-suicida-perfil\/#primaryimage\"},\"thumbnailUrl\":\"https:\/\/gysfm.com.ar\/inicio\/wp-content\/uploads\/2025\/12\/cristina-kirchner-y-axel-kicillof-2141877.jpg\",\"datePublished\":\"2026-04-29T23:46:19+00:00\",\"breadcrumb\":{\"@id\":\"https:\/\/gysfm.com.ar\/inicio\/peronismo-suicida-perfil\/#breadcrumb\"},\"inLanguage\":\"es\",\"potentialAction\":[{\"@type\":\"ReadAction\",\"target\":[\"https:\/\/gysfm.com.ar\/inicio\/peronismo-suicida-perfil\/\"]}]},{\"@type\":\"ImageObject\",\"inLanguage\":\"es\",\"@id\":\"https:\/\/gysfm.com.ar\/inicio\/peronismo-suicida-perfil\/#primaryimage\",\"url\":\"https:\/\/gysfm.com.ar\/inicio\/wp-content\/uploads\/2025\/12\/cristina-kirchner-y-axel-kicillof-2141877.jpg\",\"contentUrl\":\"https:\/\/gysfm.com.ar\/inicio\/wp-content\/uploads\/2025\/12\/cristina-kirchner-y-axel-kicillof-2141877.jpg\",\"width\":1140,\"height\":641},{\"@type\":\"BreadcrumbList\",\"@id\":\"https:\/\/gysfm.com.ar\/inicio\/peronismo-suicida-perfil\/#breadcrumb\",\"itemListElement\":[{\"@type\":\"ListItem\",\"position\":1,\"name\":\"Portada\",\"item\":\"https:\/\/gysfm.com.ar\/inicio\/\"},{\"@type\":\"ListItem\",\"position\":2,\"name\":\"Peronismo suicida | Perfil\"}]},{\"@type\":\"WebSite\",\"@id\":\"https:\/\/gysfm.com.ar\/inicio\/#website\",\"url\":\"https:\/\/gysfm.com.ar\/inicio\/\",\"name\":\"GYS NOTICIAS |\",\"description\":\"DIARIO - RADIO ONLINE SAN JUAN ARGENTINA\",\"publisher\":{\"@id\":\"https:\/\/gysfm.com.ar\/inicio\/#organization\"},\"potentialAction\":[{\"@type\":\"SearchAction\",\"target\":{\"@type\":\"EntryPoint\",\"urlTemplate\":\"https:\/\/gysfm.com.ar\/inicio\/?s={search_term_string}\"},\"query-input\":{\"@type\":\"PropertyValueSpecification\",\"valueRequired\":true,\"valueName\":\"search_term_string\"}}],\"inLanguage\":\"es\"},{\"@type\":\"Organization\",\"@id\":\"https:\/\/gysfm.com.ar\/inicio\/#organization\",\"name\":\"GYS NOTICIAS |\",\"url\":\"https:\/\/gysfm.com.ar\/inicio\/\",\"logo\":{\"@type\":\"ImageObject\",\"inLanguage\":\"es\",\"@id\":\"https:\/\/gysfm.com.ar\/inicio\/#\/schema\/logo\/image\/\",\"url\":\"https:\/\/gysfm.com.ar\/inicio\/wp-content\/uploads\/2023\/07\/LOGOGYS-OK.png\",\"contentUrl\":\"https:\/\/gysfm.com.ar\/inicio\/wp-content\/uploads\/2023\/07\/LOGOGYS-OK.png\",\"width\":1170,\"height\":872,\"caption\":\"GYS NOTICIAS |\"},\"image\":{\"@id\":\"https:\/\/gysfm.com.ar\/inicio\/#\/schema\/logo\/image\/\"}},{\"@type\":\"Person\",\"@id\":\"https:\/\/gysfm.com.ar\/inicio\/#\/schema\/person\/3abba7593ef2ad19e1be221d54383dc5\",\"name\":\"Prensa G&amp;S FM\",\"image\":{\"@type\":\"ImageObject\",\"inLanguage\":\"es\",\"@id\":\"https:\/\/gysfm.com.ar\/inicio\/#\/schema\/person\/image\/\",\"url\":\"https:\/\/secure.gravatar.com\/avatar\/096ec78df02049ab018702bb4ccedf659377fa92a26540b5247612077a0dbd29?s=96&d=mm&r=g\",\"contentUrl\":\"https:\/\/secure.gravatar.com\/avatar\/096ec78df02049ab018702bb4ccedf659377fa92a26540b5247612077a0dbd29?s=96&d=mm&r=g\",\"caption\":\"Prensa G&amp;S FM\"},\"sameAs\":[\"https:\/\/gysfm.com.ar\/\"],\"url\":\"https:\/\/gysfm.com.ar\/inicio\/author\/lucasm\/\"}]}<\/script>\n<!-- \/ Yoast SEO plugin. -->","yoast_head_json":{"title":"Peronismo suicida | Perfil - GYS NOTICIAS |","robots":{"index":"index","follow":"follow","max-snippet":"max-snippet:-1","max-image-preview":"max-image-preview:large","max-video-preview":"max-video-preview:-1"},"canonical":"https:\/\/gysfm.com.ar\/inicio\/peronismo-suicida-perfil\/","og_locale":"es_ES","og_type":"article","og_title":"Peronismo suicida | Perfil - GYS NOTICIAS |","og_description":"El variopinto planeta peronista est\u00e1 en ebullici\u00f3n. En p\u00fablico o en privado, se multiplican reuniones, charlas y contactos entre dirigentes que han dejado de lado por un momento sus diferencias para explorar qu\u00e9 armado pueden encarar para intentar vencer a Javier Milei el a\u00f1o pr\u00f3ximo. A caballo del deterioro pol\u00edtico del Gobierno, que la oposici\u00f3n [&hellip;]","og_url":"https:\/\/gysfm.com.ar\/inicio\/peronismo-suicida-perfil\/","og_site_name":"GYS NOTICIAS |","article_published_time":"2026-04-29T23:46:19+00:00","og_image":[{"url":"https:\/\/fotos.perfil.com\/\/2026\/03\/17\/900\/0\/cristina-fernandez-de-kirchner-llega-despues-de-declarar-17032026-2204402.jpg?webp","type":"","width":"","height":""}],"author":"Prensa G&amp;S FM","twitter_card":"summary_large_image","twitter_misc":{"Escrito por":"Prensa G&amp;S FM","Tiempo de lectura":"3 minutos"},"schema":{"@context":"https:\/\/schema.org","@graph":[{"@type":"Article","@id":"https:\/\/gysfm.com.ar\/inicio\/peronismo-suicida-perfil\/#article","isPartOf":{"@id":"https:\/\/gysfm.com.ar\/inicio\/peronismo-suicida-perfil\/"},"author":{"name":"Prensa G&amp;S FM","@id":"https:\/\/gysfm.com.ar\/inicio\/#\/schema\/person\/3abba7593ef2ad19e1be221d54383dc5"},"headline":"Peronismo suicida | Perfil","datePublished":"2026-04-29T23:46:19+00:00","mainEntityOfPage":{"@id":"https:\/\/gysfm.com.ar\/inicio\/peronismo-suicida-perfil\/"},"wordCount":699,"publisher":{"@id":"https:\/\/gysfm.com.ar\/inicio\/#organization"},"image":{"@id":"https:\/\/gysfm.com.ar\/inicio\/peronismo-suicida-perfil\/#primaryimage"},"thumbnailUrl":"https:\/\/gysfm.com.ar\/inicio\/wp-content\/uploads\/2025\/12\/cristina-kirchner-y-axel-kicillof-2141877.jpg","articleSection":["NACIONALES"],"inLanguage":"es"},{"@type":"WebPage","@id":"https:\/\/gysfm.com.ar\/inicio\/peronismo-suicida-perfil\/","url":"https:\/\/gysfm.com.ar\/inicio\/peronismo-suicida-perfil\/","name":"Peronismo suicida | Perfil - GYS NOTICIAS |","isPartOf":{"@id":"https:\/\/gysfm.com.ar\/inicio\/#website"},"primaryImageOfPage":{"@id":"https:\/\/gysfm.com.ar\/inicio\/peronismo-suicida-perfil\/#primaryimage"},"image":{"@id":"https:\/\/gysfm.com.ar\/inicio\/peronismo-suicida-perfil\/#primaryimage"},"thumbnailUrl":"https:\/\/gysfm.com.ar\/inicio\/wp-content\/uploads\/2025\/12\/cristina-kirchner-y-axel-kicillof-2141877.jpg","datePublished":"2026-04-29T23:46:19+00:00","breadcrumb":{"@id":"https:\/\/gysfm.com.ar\/inicio\/peronismo-suicida-perfil\/#breadcrumb"},"inLanguage":"es","potentialAction":[{"@type":"ReadAction","target":["https:\/\/gysfm.com.ar\/inicio\/peronismo-suicida-perfil\/"]}]},{"@type":"ImageObject","inLanguage":"es","@id":"https:\/\/gysfm.com.ar\/inicio\/peronismo-suicida-perfil\/#primaryimage","url":"https:\/\/gysfm.com.ar\/inicio\/wp-content\/uploads\/2025\/12\/cristina-kirchner-y-axel-kicillof-2141877.jpg","contentUrl":"https:\/\/gysfm.com.ar\/inicio\/wp-content\/uploads\/2025\/12\/cristina-kirchner-y-axel-kicillof-2141877.jpg","width":1140,"height":641},{"@type":"BreadcrumbList","@id":"https:\/\/gysfm.com.ar\/inicio\/peronismo-suicida-perfil\/#breadcrumb","itemListElement":[{"@type":"ListItem","position":1,"name":"Portada","item":"https:\/\/gysfm.com.ar\/inicio\/"},{"@type":"ListItem","position":2,"name":"Peronismo suicida | Perfil"}]},{"@type":"WebSite","@id":"https:\/\/gysfm.com.ar\/inicio\/#website","url":"https:\/\/gysfm.com.ar\/inicio\/","name":"GYS NOTICIAS |","description":"DIARIO - RADIO ONLINE SAN JUAN ARGENTINA","publisher":{"@id":"https:\/\/gysfm.com.ar\/inicio\/#organization"},"potentialAction":[{"@type":"SearchAction","target":{"@type":"EntryPoint","urlTemplate":"https:\/\/gysfm.com.ar\/inicio\/?s={search_term_string}"},"query-input":{"@type":"PropertyValueSpecification","valueRequired":true,"valueName":"search_term_string"}}],"inLanguage":"es"},{"@type":"Organization","@id":"https:\/\/gysfm.com.ar\/inicio\/#organization","name":"GYS NOTICIAS |","url":"https:\/\/gysfm.com.ar\/inicio\/","logo":{"@type":"ImageObject","inLanguage":"es","@id":"https:\/\/gysfm.com.ar\/inicio\/#\/schema\/logo\/image\/","url":"https:\/\/gysfm.com.ar\/inicio\/wp-content\/uploads\/2023\/07\/LOGOGYS-OK.png","contentUrl":"https:\/\/gysfm.com.ar\/inicio\/wp-content\/uploads\/2023\/07\/LOGOGYS-OK.png","width":1170,"height":872,"caption":"GYS NOTICIAS |"},"image":{"@id":"https:\/\/gysfm.com.ar\/inicio\/#\/schema\/logo\/image\/"}},{"@type":"Person","@id":"https:\/\/gysfm.com.ar\/inicio\/#\/schema\/person\/3abba7593ef2ad19e1be221d54383dc5","name":"Prensa G&amp;S FM","image":{"@type":"ImageObject","inLanguage":"es","@id":"https:\/\/gysfm.com.ar\/inicio\/#\/schema\/person\/image\/","url":"https:\/\/secure.gravatar.com\/avatar\/096ec78df02049ab018702bb4ccedf659377fa92a26540b5247612077a0dbd29?s=96&d=mm&r=g","contentUrl":"https:\/\/secure.gravatar.com\/avatar\/096ec78df02049ab018702bb4ccedf659377fa92a26540b5247612077a0dbd29?s=96&d=mm&r=g","caption":"Prensa G&amp;S FM"},"sameAs":["https:\/\/gysfm.com.ar\/"],"url":"https:\/\/gysfm.com.ar\/inicio\/author\/lucasm\/"}]}},"_links":{"self":[{"href":"https:\/\/gysfm.com.ar\/inicio\/wp-json\/wp\/v2\/posts\/193774","targetHints":{"allow":["GET"]}}],"collection":[{"href":"https:\/\/gysfm.com.ar\/inicio\/wp-json\/wp\/v2\/posts"}],"about":[{"href":"https:\/\/gysfm.com.ar\/inicio\/wp-json\/wp\/v2\/types\/post"}],"author":[{"embeddable":true,"href":"https:\/\/gysfm.com.ar\/inicio\/wp-json\/wp\/v2\/users\/2"}],"replies":[{"embeddable":true,"href":"https:\/\/gysfm.com.ar\/inicio\/wp-json\/wp\/v2\/comments?post=193774"}],"version-history":[{"count":0,"href":"https:\/\/gysfm.com.ar\/inicio\/wp-json\/wp\/v2\/posts\/193774\/revisions"}],"wp:featuredmedia":[{"embeddable":true,"href":"https:\/\/gysfm.com.ar\/inicio\/wp-json\/wp\/v2\/media\/167477"}],"wp:attachment":[{"href":"https:\/\/gysfm.com.ar\/inicio\/wp-json\/wp\/v2\/media?parent=193774"}],"wp:term":[{"taxonomy":"category","embeddable":true,"href":"https:\/\/gysfm.com.ar\/inicio\/wp-json\/wp\/v2\/categories?post=193774"},{"taxonomy":"post_tag","embeddable":true,"href":"https:\/\/gysfm.com.ar\/inicio\/wp-json\/wp\/v2\/tags?post=193774"}],"curies":[{"name":"wp","href":"https:\/\/api.w.org\/{rel}","templated":true}]}}