{"id":193771,"date":"2026-04-29T20:38:56","date_gmt":"2026-04-29T23:38:56","guid":{"rendered":"https:\/\/gysfm.com.ar\/inicio\/asi-detuvieron-al-sospechoso-de-apunalar-a-dos-personas-en-londres-gas-pimienta-taser-y-patadas-en-la-cabeza\/"},"modified":"2026-04-29T20:38:58","modified_gmt":"2026-04-29T23:38:58","slug":"asi-detuvieron-al-sospechoso-de-apunalar-a-dos-personas-en-londres-gas-pimienta-taser-y-patadas-en-la-cabeza","status":"publish","type":"post","link":"https:\/\/gysfm.com.ar\/inicio\/asi-detuvieron-al-sospechoso-de-apunalar-a-dos-personas-en-londres-gas-pimienta-taser-y-patadas-en-la-cabeza\/","title":{"rendered":"As\u00ed detuvieron al sospechoso de apu\u00f1alar a dos personas en Londres: gas pimienta, Taser y patadas en la cabeza"},"content":{"rendered":"<p> <br \/>\n<\/p>\n<div>\n<p class=\"com-paragraph  --capital --s\">LONDRES.\u2013 <a href=\"https:\/\/www.lanacion.com.ar\/el-mundo\/apunalan-a-dos-hombres-en-un-barrio-judio-de-londres-y-detienen-a-un-sospechoso-por-intento-de-nid29042026\/\" target=\"_self\" title=\"https:\/\/www.lanacion.com.ar\/el-mundo\/apunalan-a-dos-hombres-en-un-barrio-judio-de-londres-y-detienen-a-un-sospechoso-por-intento-de-nid29042026\/\" class=\"com-link break-word\" data-mrf-recirculation=\"n_link_parrafo\"><strong>Dos personas fueron apu\u00f1aladas este mi\u00e9rcoles en Golders Green<\/strong><\/a>, un barrio del noroeste de Londres donde vive una importante comunidad jud\u00eda, en un episodio que las autoridades investigan como un posible ataque antisemita. <strong>Un hombre de 45 a\u00f1os fue detenido bajo sospecha de intento de asesinato.<\/strong><\/p>\n<p class=\"com-paragraph   --s\">El ataque ocurri\u00f3 por la ma\u00f1ana cuando, seg\u00fan la organizaci\u00f3n de seguridad comunitaria Shomrim, un individuo fue visto \u201ccorriendo por Golders Green Road armado con un cuchillo e intentando apu\u00f1alar a miembros jud\u00edos del p\u00fablico\u201d. Integrantes de esa entidad lograron retener al sospechoso hasta la llegada de la polic\u00eda, que lo redujo con una pistola el\u00e9ctrica y procedi\u00f3 a arrestarlo.<\/p>\n<p class=\"com-paragraph   --s\">Im\u00e1genes difundidas en la red social X muestran<strong> el momento en que tres agentes le dan la voz de alto al presunto agresor, quien contin\u00faa avanzando sin detenerse<\/strong>. Acto seguido, uno de ellos le roc\u00eda gas pimienta en la cara, mientras otro le dispara con una pistola Taser.<\/p>\n<div class=\"content-media cursor-pointer container-center-100\">\n<section class=\"media-container relative ratio-16-9 mod-media pb-32\">\n<figure class=\"mod-video\">\n<div class=\"video-player bg-black ratio-16-9\" data-has-jwplayer=\"true\" data-video-id-jw=\"6kAHfRvD\" data-config=\"{&quot;title&quot;:&quot;As\u00ed detuvieron a un sospechoso de apu\u00f1alar a dos personas en Londres: gas pimienta, Taser y patadas a la cabeza&quot;,&quot;mediaId&quot;:&quot;6kAHfRvD&quot;,&quot;playerId&quot;:&quot;ih0086X3&quot;,&quot;playlist&quot;:[{&quot;mediaid&quot;:&quot;6kAHfRvD&quot;,&quot;sources&quot;:[{&quot;file&quot;:&quot;https:\/\/cdn.jwplayer.com\/manifests\/6kAHfRvD.m3u8&quot;,&quot;type&quot;:&quot;application\/vnd.apple.mpegurl&quot;},{&quot;bitrate&quot;:547013,&quot;file&quot;:&quot;https:\/\/cdn.jwplayer.com\/videos\/6kAHfRvD-kTExGaWf.mp4&quot;,&quot;filesize&quot;:5812014,&quot;framerate&quot;:30,&quot;height&quot;:318,&quot;label&quot;:&quot;180p&quot;,&quot;type&quot;:&quot;video\/mp4&quot;,&quot;width&quot;:180},{&quot;bitrate&quot;:746584,&quot;file&quot;:&quot;https:\/\/cdn.jwplayer.com\/videos\/6kAHfRvD-K8B0kybS.mp4&quot;,&quot;filesize&quot;:7932456,&quot;framerate&quot;:30,&quot;height&quot;:478,&quot;label&quot;:&quot;270p&quot;,&quot;type&quot;:&quot;video\/mp4&quot;,&quot;width&quot;:270},{&quot;bitrate&quot;:114774,&quot;file&quot;:&quot;https:\/\/cdn.jwplayer.com\/videos\/6kAHfRvD-hz5z2Tv4.m4a&quot;,&quot;filesize&quot;:1219482,&quot;label&quot;:&quot;AAC Audio&quot;,&quot;type&quot;:&quot;audio\/mp4&quot;},{&quot;bitrate&quot;:1008833,&quot;file&quot;:&quot;https:\/\/cdn.jwplayer.com\/videos\/6kAHfRvD-FnZGUVnC.mp4&quot;,&quot;filesize&quot;:10718853,&quot;framerate&quot;:30,&quot;height&quot;:638,&quot;label&quot;:&quot;360p&quot;,&quot;type&quot;:&quot;video\/mp4&quot;,&quot;width&quot;:360}]}],&quot;hasAutoplay&quot;:false,&quot;autostart&quot;:true,&quot;tagsUrl&quot;:&quot;https:\/\/pubads.g.doubleclick.net\/gampad\/ads?slotname=\/133919216\/la_nacion_video\/nota\/preroll&amp;sz=640x480|400x300&amp;ciu_szs=300x250&amp;unviewed_position_start=1&amp;output=vast&amp;impl=s&amp;env=vp&amp;gdfp_req=1&amp;ad_rule=0&amp;vad_type=linear&amp;vpos=preroll&amp;cust_params=tags_nuevos%3Dte_londres%2Cte_reino_unido%2Cca_el_mundo%2C%2C4DBG7GT5JVFTRLPNTWAKSEETNM&amp;pod=3&amp;ppos=1&amp;lip=true&amp;min_ad_duration=0&amp;max_ad_duration=30000&amp;vrid=6256&amp;url=https%3A%2F%2Fwww.lanacion.com.ar%2Fel-mundo%2Fasi-detuvieron-al-sospechoso-de-apunalar-a-dos-personas-en-londres-gas-pimienta-taser-y-patadas-en-nid29042026%2F%3Fvariant%3DA&amp;description_url=https%3A%2F%2Fwww.lanacion.com.ar%2Fel-mundo%2Fasi-detuvieron-al-sospechoso-de-apunalar-a-dos-personas-en-londres-gas-pimienta-taser-y-patadas-en-nid29042026%2F%3Fvariant%3DA&amp;video_doc_id=short_onecue&amp;cmsid=496&amp;kfa=0&amp;tfcd=0&amp;correlator=1777505541670&quot;,&quot;arcSite&quot;:&quot;la-nacion-ar&quot;,&quot;duration&quot;:&quot;85000&quot;}\">\n<div id=\"facade-6kAHfRvD\" class=\"content-facade-jw relative bg-black ratio-16-9\"><picture><source media=\"(max-width: 767px)\" srcset=\"https:\/\/resizer.glanacion.com\/resizer\/v2\/https%3A%2F%2Fcdn.jwplayer.com%2Fv2%2Fmedia%2F6kAHfRvD%2Fposter.jpg%3Fwidth%3D720?auth=2706de929e80ad2b17ff6f58a8ab4d1235f061f53cfb4215f910af0c45e7a5e0&amp;width=480&amp;quality=70&amp;smart=false\"\/><\/picture><\/div>\n<\/div><figcaption class=\"border border-1 border-bottom border-light-300 relative px-16 py-8 min-h-36 w-100_md px-0_l mb-8 bg-white\"><span class=\"text ln-text text-16 block\">As\u00ed detuvieron a un sospechoso de apu\u00f1alar a dos personas en Londres: gas pimienta, Taser y patadas a la cabeza<\/span><\/figcaption><\/figure>\n<\/section>\n<\/div>\n<p class=\"com-paragraph   --s\">La acci\u00f3n combinada provoc\u00f3 que el hombre se desplomara, lo que permiti\u00f3 a los efectivos acercarse e inmovilizarlo. \u201c<strong>\u00a1Suelta el cuchillo! \u00a1Suelta el maldito cuchillo!\u201d<\/strong>, se escucha gritar a uno de los agentes de la Polic\u00eda Metropolitana, ante la negativa del sospechoso a acatar la orden. En ese contexto, dos polic\u00edas lograron desarmarlo tras propinarle varias patadas en la cabeza y aseguran la escena hasta la llegada de refuerzos.<\/p>\n<p class=\"com-paragraph   --s\">La Polic\u00eda Metropolitana inform\u00f3 que las v\u00edctimas \u2014un hombre de unos 30 a\u00f1os y otro de alrededor de 70\u2014 <strong>fueron trasladadas a hospitales y se encuentran en condici\u00f3n estable<\/strong>. Tambi\u00e9n indic\u00f3 que el agresor intent\u00f3 atacar a los agentes, aunque ninguno result\u00f3 herido. La investigaci\u00f3n qued\u00f3 en manos de la unidad antiterrorista, si bien por el momento el caso no fue formalmente calificado como terrorismo.<\/p>\n<p class=\"com-paragraph   --s\">El ataque desat\u00f3 una r\u00e1pida condena pol\u00edtica en un contexto de creciente preocupaci\u00f3n por la seguridad de la comunidad jud\u00eda en el Reino Unido. El primer ministro,<strong> Keir Starmer<\/strong>, afirm\u00f3: \u201cLos ataques contra nuestra comunidad jud\u00eda son ataques contra Gran Breta\u00f1a\u201d. Y expres\u00f3 su \u201cpreocupaci\u00f3n\u201d ante el Parlamento, donde confirm\u00f3 que la investigaci\u00f3n sigue en curso.<\/p>\n<div class=\"content-media\">\n<section role=\"button\" class=\"mod-media   \">\n<figure role=\"button\" tabindex=\"0\" class=\"mod-figure \"><figcaption class=\"mod-figcaption\"><span class=\"com-text --caption --twoxs\">Agentes de polic\u00eda trabajan en el barrio de Golders Green, al norte de London, Inglaterra<\/span><span class=\"com-text --credit --twoxs\">JUSTIN TALLIS &#8211; AFP<\/span><\/figcaption><\/figure>\n<\/section>\n<\/div>\n<p class=\"com-paragraph   --s\">En la misma l\u00ednea, el alcalde de Londres, <strong>Sadiq Khan<\/strong>, advirti\u00f3 que \u201cla comunidad jud\u00eda de Londres ha sido el objetivo de una serie de impactantes ataques antisemitas\u201d y subray\u00f3 que \u201cno debe haber absolutamente ning\u00fan lugar para el antisemitismo en la sociedad\u201d.<\/p>\n<p class=\"com-paragraph   --s\">El gran rabino de Gran Breta\u00f1a, <strong>Ephraim Mirvis<\/strong>, sostuvo que el gobierno necesita algo m\u00e1s que palabras para enfrentar ese \u201codio\u201d, mientras que el presidente israel\u00ed, Isaac Herzog, se\u00f1al\u00f3 que es necesario actuar con urgencia ante un escenario en el que se ha vuelto \u201cpeligroso pasear abiertamente por las calles como jud\u00edo\u201d en Londres.<\/p>\n<p class=\"com-paragraph   --s\"><strong>El episodio se produce tras una seguidilla de ataques incendiarios contra sitios vinculados a la comunidad jud\u00eda en las \u00faltimas semanas<\/strong>, incluida una sinagoga y ambulancias de una organizaci\u00f3n ben\u00e9fica en Golders Green, as\u00ed como otro templo a pocos kil\u00f3metros. Si bien no hubo v\u00edctimas fatales, los hechos generaron alarma entre los residentes. La polic\u00eda inform\u00f3 que hay al menos 25 detenidos en relaci\u00f3n con esa ola de ataques.<\/p>\n<div class=\"content-media cursor-pointer container-center-100\">\n<section class=\"media-container relative ratio-16-9 mod-media pb-32\">\n<figure class=\"mod-video\">\n<div class=\"video-player bg-black ratio-16-9\" data-has-jwplayer=\"true\" data-video-id-jw=\"LJctb726\" data-config=\"{&quot;title&quot;:&quot;El momento en el que un hombre apu\u00f1ala a dos personas en un barrio jud\u00edo de Londres&quot;,&quot;mediaId&quot;:&quot;LJctb726&quot;,&quot;playerId&quot;:&quot;ih0086X3&quot;,&quot;playlist&quot;:[{&quot;mediaid&quot;:&quot;LJctb726&quot;,&quot;sources&quot;:[{&quot;file&quot;:&quot;https:\/\/cdn.jwplayer.com\/manifests\/LJctb726.m3u8&quot;,&quot;type&quot;:&quot;application\/vnd.apple.mpegurl&quot;},{&quot;bitrate&quot;:568011,&quot;file&quot;:&quot;https:\/\/cdn.jwplayer.com\/videos\/LJctb726-kTExGaWf.mp4&quot;,&quot;filesize&quot;:2130043,&quot;framerate&quot;:60,&quot;height&quot;:184,&quot;label&quot;:&quot;180p&quot;,&quot;type&quot;:&quot;video\/mp4&quot;,&quot;width&quot;:320},{&quot;bitrate&quot;:769978,&quot;file&quot;:&quot;https:\/\/cdn.jwplayer.com\/videos\/LJctb726-K8B0kybS.mp4&quot;,&quot;filesize&quot;:2887421,&quot;framerate&quot;:60,&quot;height&quot;:276,&quot;label&quot;:&quot;270p&quot;,&quot;type&quot;:&quot;video\/mp4&quot;,&quot;width&quot;:480},{&quot;bitrate&quot;:115682,&quot;file&quot;:&quot;https:\/\/cdn.jwplayer.com\/videos\/LJctb726-hz5z2Tv4.m4a&quot;,&quot;filesize&quot;:433808,&quot;label&quot;:&quot;AAC Audio&quot;,&quot;type&quot;:&quot;audio\/mp4&quot;},{&quot;bitrate&quot;:1024217,&quot;file&quot;:&quot;https:\/\/cdn.jwplayer.com\/videos\/LJctb726-FnZGUVnC.mp4&quot;,&quot;filesize&quot;:3840814,&quot;framerate&quot;:60,&quot;height&quot;:368,&quot;label&quot;:&quot;360p&quot;,&quot;type&quot;:&quot;video\/mp4&quot;,&quot;width&quot;:640}]}],&quot;hasAutoplay&quot;:false,&quot;autostart&quot;:true,&quot;tagsUrl&quot;:&quot;https:\/\/pubads.g.doubleclick.net\/gampad\/ads?slotname=\/133919216\/la_nacion_video\/nota\/preroll&amp;sz=640x480|400x300&amp;ciu_szs=300x250&amp;unviewed_position_start=1&amp;output=vast&amp;impl=s&amp;env=vp&amp;gdfp_req=1&amp;ad_rule=0&amp;vad_type=linear&amp;vpos=preroll&amp;cust_params=tags_nuevos%3Dte_londres%2Cte_reino_unido%2Cca_el_mundo%2C%2C4DBG7GT5JVFTRLPNTWAKSEETNM&amp;pod=3&amp;ppos=1&amp;lip=true&amp;min_ad_duration=0&amp;max_ad_duration=30000&amp;vrid=6256&amp;url=https%3A%2F%2Fwww.lanacion.com.ar%2Fel-mundo%2Fasi-detuvieron-al-sospechoso-de-apunalar-a-dos-personas-en-londres-gas-pimienta-taser-y-patadas-en-nid29042026%2F%3Fvariant%3DA&amp;description_url=https%3A%2F%2Fwww.lanacion.com.ar%2Fel-mundo%2Fasi-detuvieron-al-sospechoso-de-apunalar-a-dos-personas-en-londres-gas-pimienta-taser-y-patadas-en-nid29042026%2F%3Fvariant%3DA&amp;video_doc_id=short_onecue&amp;cmsid=496&amp;kfa=0&amp;tfcd=0&amp;correlator=1777505541670&quot;,&quot;arcSite&quot;:&quot;la-nacion-ar&quot;,&quot;duration&quot;:&quot;30000&quot;}\">\n<div id=\"facade-LJctb726\" class=\"content-facade-jw relative bg-black ratio-16-9\"><picture><source media=\"(max-width: 767px)\" srcset=\"https:\/\/resizer.glanacion.com\/resizer\/v2\/https%3A%2F%2Fcdn.jwplayer.com%2Fv2%2Fmedia%2FLJctb726%2Fposter.jpg%3Fwidth%3D720?auth=03ff8b5bcda98ac05496b8ecd046475bc7319e2d7a59cb7127ade4e092b7289e&amp;width=480&amp;quality=70&amp;smart=false\"\/><img class=\"image com-image flex --cover\" decoding=\"async\" fetchpriority=\"low\" loading=\"lazy\" src=\"https:\/\/gysfm.com.ar\/inicio\/wp-content\/uploads\/2026\/04\/https:\/\/cdn.jwplayer.com\/v2\/media\/LJctb726\/poster.jpg\" alt=\"El momento en el que un hombre apu\u00f1ala a dos personas en un barrio jud\u00edo de Londres\"\/><\/picture><\/div>\n<\/div><figcaption class=\"border border-1 border-bottom border-light-300 relative px-16 py-8 min-h-36 w-100_md px-0_l mb-8 bg-white\"><span class=\"text ln-text text-16 block\">El momento en el que un hombre apu\u00f1ala a dos personas en un barrio jud\u00edo de Londres<\/span><\/figcaption><\/figure>\n<\/section>\n<\/div>\n<p class=\"com-paragraph   --s\">Las motivaciones detr\u00e1s de estos incidentes a\u00fan no est\u00e1n claras. Sin embargo, las autoridades analizan una posible vinculaci\u00f3n con una reivindicaci\u00f3n atribuida a un grupo proiran\u00ed denominado Harakat al-Yamin al-Islamiyya (Hayi). En paralelo, se reforz\u00f3 la presencia policial en la zona.<\/p>\n<p class=\"com-paragraph   --s\"><strong>Golders Green es uno de los principales centros de la vida jud\u00eda en Londres<\/strong>, con restaurantes kosher, escuelas y numerosas sinagogas, adem\u00e1s de comunidades asi\u00e1ticas y de Medio Oriente. En todo el Reino Unido, la poblaci\u00f3n jud\u00eda ronda las 300.000 personas.<\/p>\n<p class=\"com-paragraph   --s\">En este contexto, el gran rabino advirti\u00f3 recientemente sobre una \u201ccampa\u00f1a de violencia e intimidaci\u00f3n\u201d contra los jud\u00edos del pa\u00eds. Seg\u00fan el Community Security Trust, los incidentes antisemitas aumentaron de manera sostenida desde el ataque de Hamas contra Israel el 7 de octubre de 2023 y la posterior guerra en Gaza: se registraron 3700 casos en 2025, frente a 1662 en 2022.<\/p>\n<div class=\"content-media\">\n<section role=\"button\" class=\"mod-media   \">\n<figure role=\"button\" tabindex=\"0\" class=\"mod-figure \"><figcaption class=\"mod-figcaption\"><span class=\"com-text --caption --twoxs\">Residentes locales pasan junto a un \u00e1rea acordonada mientras la polic\u00eda investiga en el barrio de Golders Green, en London, Inglaterra<\/span><span class=\"com-text --credit --twoxs\">JUSTIN TALLIS &#8211; AFP<\/span><\/figcaption><\/figure>\n<\/section>\n<\/div>\n<p class=\"com-paragraph   --s\">Uno de los episodios m\u00e1s graves ocurri\u00f3 en octubre de 2025, cuando un atacante arroll\u00f3 con su auto a personas congregadas frente a una sinagoga en Manchester durante Yom Kippur y apu\u00f1al\u00f3 a una persona hasta matarla. Otra muri\u00f3 en medio de la intervenci\u00f3n policial.<\/p>\n<p class=\"com-paragraph   --s\"><em><strong>Con informaci\u00f3n de Associated Press y AFP<\/strong><\/em><\/p>\n<section class=\"container-center-100 mb-40 border border-bottom border-thin border-neutral-light-700\">\n<hr\/>\n<\/section>\n<\/div>\n<p><script id=\"facebookpixel\" defer=\"\" type=\"text\/javascript\">\n        !function(f,b,e,v,n,t,s)\n        {if(f.fbq)return;n=f.fbq=function(){n.callMethod?\n        n.callMethod.apply(n,arguments):n.queue.push(arguments)};\n        if(!f._fbq)f._fbq=n;n.push=n;n.loaded=!0;n.version='2.0';\n        n.queue=[];t=b.createElement(e);t.async=!0;\n        t.src=v;s=b.getElementsByTagName(e)[0];\n        s.parentNode.insertBefore(t,s)}(window, document,'script',\n        'https:\/\/connect.facebook.net\/en_US\/fbevents.js');\n        fbq('init', '492459597522335');\n        fbq('track', 'PageView');\n    <\/script><br \/>\n<br \/><\/p>\n","protected":false},"excerpt":{"rendered":"<p>LONDRES.\u2013 Dos personas fueron apu\u00f1aladas este mi\u00e9rcoles en Golders Green, un barrio del noroeste de Londres donde vive una importante comunidad jud\u00eda, en un episodio que las autoridades investigan como un posible ataque antisemita. Un hombre de 45 a\u00f1os fue detenido bajo sospecha de intento de asesinato. El ataque ocurri\u00f3 por la ma\u00f1ana cuando, seg\u00fan [&hellip;]<\/p>\n","protected":false},"author":2,"featured_media":193772,"comment_status":"closed","ping_status":"closed","sticky":false,"template":"","format":"standard","meta":{"footnotes":""},"categories":[26],"tags":[],"class_list":["post-193771","post","type-post","status-publish","format-standard","has-post-thumbnail","hentry","category-internacionales"],"yoast_head":"<!-- This site is optimized with the Yoast SEO plugin v24.4 - https:\/\/yoast.com\/wordpress\/plugins\/seo\/ -->\n<title>As\u00ed detuvieron al sospechoso de apu\u00f1alar a dos personas en Londres: gas pimienta, Taser y patadas en la cabeza - GYS NOTICIAS |<\/title>\n<meta name=\"robots\" content=\"index, follow, max-snippet:-1, max-image-preview:large, max-video-preview:-1\" \/>\n<link rel=\"canonical\" href=\"https:\/\/gysfm.com.ar\/inicio\/asi-detuvieron-al-sospechoso-de-apunalar-a-dos-personas-en-londres-gas-pimienta-taser-y-patadas-en-la-cabeza\/\" \/>\n<meta property=\"og:locale\" content=\"es_ES\" \/>\n<meta property=\"og:type\" content=\"article\" \/>\n<meta property=\"og:title\" content=\"As\u00ed detuvieron al sospechoso de apu\u00f1alar a dos personas en Londres: gas pimienta, Taser y patadas en la cabeza - GYS NOTICIAS |\" \/>\n<meta property=\"og:description\" content=\"LONDRES.\u2013 Dos personas fueron apu\u00f1aladas este mi\u00e9rcoles en Golders Green, un barrio del noroeste de Londres donde vive una importante comunidad jud\u00eda, en un episodio que las autoridades investigan como un posible ataque antisemita. Un hombre de 45 a\u00f1os fue detenido bajo sospecha de intento de asesinato. El ataque ocurri\u00f3 por la ma\u00f1ana cuando, seg\u00fan [&hellip;]\" \/>\n<meta property=\"og:url\" content=\"https:\/\/gysfm.com.ar\/inicio\/asi-detuvieron-al-sospechoso-de-apunalar-a-dos-personas-en-londres-gas-pimienta-taser-y-patadas-en-la-cabeza\/\" \/>\n<meta property=\"og:site_name\" content=\"GYS NOTICIAS |\" \/>\n<meta property=\"article:published_time\" content=\"2026-04-29T23:38:56+00:00\" \/>\n<meta property=\"article:modified_time\" content=\"2026-04-29T23:38:58+00:00\" \/>\n<meta property=\"og:image\" content=\"https:\/\/gysfm.com.ar\/inicio\/wp-content\/uploads\/2026\/04\/dos-personas-fueron-apunaladas-en-golders-green-NRCAZJ5D5JEONGAQBZ33TICUYQ.jpg\" \/>\n\t<meta property=\"og:image:width\" content=\"1200\" \/>\n\t<meta property=\"og:image:height\" content=\"800\" \/>\n\t<meta property=\"og:image:type\" content=\"image\/jpeg\" \/>\n<meta name=\"author\" content=\"Prensa G&amp;S FM\" \/>\n<meta name=\"twitter:card\" content=\"summary_large_image\" \/>\n<meta name=\"twitter:label1\" content=\"Escrito por\" \/>\n\t<meta name=\"twitter:data1\" content=\"Prensa G&amp;S FM\" \/>\n\t<meta name=\"twitter:label2\" content=\"Tiempo de lectura\" \/>\n\t<meta name=\"twitter:data2\" content=\"4 minutos\" \/>\n<script type=\"application\/ld+json\" class=\"yoast-schema-graph\">{\"@context\":\"https:\/\/schema.org\",\"@graph\":[{\"@type\":\"Article\",\"@id\":\"https:\/\/gysfm.com.ar\/inicio\/asi-detuvieron-al-sospechoso-de-apunalar-a-dos-personas-en-londres-gas-pimienta-taser-y-patadas-en-la-cabeza\/#article\",\"isPartOf\":{\"@id\":\"https:\/\/gysfm.com.ar\/inicio\/asi-detuvieron-al-sospechoso-de-apunalar-a-dos-personas-en-londres-gas-pimienta-taser-y-patadas-en-la-cabeza\/\"},\"author\":{\"name\":\"Prensa G&amp;S FM\",\"@id\":\"https:\/\/gysfm.com.ar\/inicio\/#\/schema\/person\/3abba7593ef2ad19e1be221d54383dc5\"},\"headline\":\"As\u00ed detuvieron al sospechoso de apu\u00f1alar a dos personas en Londres: gas pimienta, Taser y patadas en la cabeza\",\"datePublished\":\"2026-04-29T23:38:56+00:00\",\"dateModified\":\"2026-04-29T23:38:58+00:00\",\"mainEntityOfPage\":{\"@id\":\"https:\/\/gysfm.com.ar\/inicio\/asi-detuvieron-al-sospechoso-de-apunalar-a-dos-personas-en-londres-gas-pimienta-taser-y-patadas-en-la-cabeza\/\"},\"wordCount\":868,\"publisher\":{\"@id\":\"https:\/\/gysfm.com.ar\/inicio\/#organization\"},\"image\":{\"@id\":\"https:\/\/gysfm.com.ar\/inicio\/asi-detuvieron-al-sospechoso-de-apunalar-a-dos-personas-en-londres-gas-pimienta-taser-y-patadas-en-la-cabeza\/#primaryimage\"},\"thumbnailUrl\":\"https:\/\/gysfm.com.ar\/inicio\/wp-content\/uploads\/2026\/04\/dos-personas-fueron-apunaladas-en-golders-green-NRCAZJ5D5JEONGAQBZ33TICUYQ.jpg\",\"articleSection\":[\"INTERNACIONALES\"],\"inLanguage\":\"es\"},{\"@type\":\"WebPage\",\"@id\":\"https:\/\/gysfm.com.ar\/inicio\/asi-detuvieron-al-sospechoso-de-apunalar-a-dos-personas-en-londres-gas-pimienta-taser-y-patadas-en-la-cabeza\/\",\"url\":\"https:\/\/gysfm.com.ar\/inicio\/asi-detuvieron-al-sospechoso-de-apunalar-a-dos-personas-en-londres-gas-pimienta-taser-y-patadas-en-la-cabeza\/\",\"name\":\"As\u00ed detuvieron al sospechoso de apu\u00f1alar a dos personas en Londres: gas pimienta, Taser y patadas en la cabeza - GYS NOTICIAS |\",\"isPartOf\":{\"@id\":\"https:\/\/gysfm.com.ar\/inicio\/#website\"},\"primaryImageOfPage\":{\"@id\":\"https:\/\/gysfm.com.ar\/inicio\/asi-detuvieron-al-sospechoso-de-apunalar-a-dos-personas-en-londres-gas-pimienta-taser-y-patadas-en-la-cabeza\/#primaryimage\"},\"image\":{\"@id\":\"https:\/\/gysfm.com.ar\/inicio\/asi-detuvieron-al-sospechoso-de-apunalar-a-dos-personas-en-londres-gas-pimienta-taser-y-patadas-en-la-cabeza\/#primaryimage\"},\"thumbnailUrl\":\"https:\/\/gysfm.com.ar\/inicio\/wp-content\/uploads\/2026\/04\/dos-personas-fueron-apunaladas-en-golders-green-NRCAZJ5D5JEONGAQBZ33TICUYQ.jpg\",\"datePublished\":\"2026-04-29T23:38:56+00:00\",\"dateModified\":\"2026-04-29T23:38:58+00:00\",\"breadcrumb\":{\"@id\":\"https:\/\/gysfm.com.ar\/inicio\/asi-detuvieron-al-sospechoso-de-apunalar-a-dos-personas-en-londres-gas-pimienta-taser-y-patadas-en-la-cabeza\/#breadcrumb\"},\"inLanguage\":\"es\",\"potentialAction\":[{\"@type\":\"ReadAction\",\"target\":[\"https:\/\/gysfm.com.ar\/inicio\/asi-detuvieron-al-sospechoso-de-apunalar-a-dos-personas-en-londres-gas-pimienta-taser-y-patadas-en-la-cabeza\/\"]}]},{\"@type\":\"ImageObject\",\"inLanguage\":\"es\",\"@id\":\"https:\/\/gysfm.com.ar\/inicio\/asi-detuvieron-al-sospechoso-de-apunalar-a-dos-personas-en-londres-gas-pimienta-taser-y-patadas-en-la-cabeza\/#primaryimage\",\"url\":\"https:\/\/gysfm.com.ar\/inicio\/wp-content\/uploads\/2026\/04\/dos-personas-fueron-apunaladas-en-golders-green-NRCAZJ5D5JEONGAQBZ33TICUYQ.jpg\",\"contentUrl\":\"https:\/\/gysfm.com.ar\/inicio\/wp-content\/uploads\/2026\/04\/dos-personas-fueron-apunaladas-en-golders-green-NRCAZJ5D5JEONGAQBZ33TICUYQ.jpg\",\"width\":1200,\"height\":800},{\"@type\":\"BreadcrumbList\",\"@id\":\"https:\/\/gysfm.com.ar\/inicio\/asi-detuvieron-al-sospechoso-de-apunalar-a-dos-personas-en-londres-gas-pimienta-taser-y-patadas-en-la-cabeza\/#breadcrumb\",\"itemListElement\":[{\"@type\":\"ListItem\",\"position\":1,\"name\":\"Portada\",\"item\":\"https:\/\/gysfm.com.ar\/inicio\/\"},{\"@type\":\"ListItem\",\"position\":2,\"name\":\"As\u00ed detuvieron al sospechoso de apu\u00f1alar a dos personas en Londres: gas pimienta, Taser y patadas en la cabeza\"}]},{\"@type\":\"WebSite\",\"@id\":\"https:\/\/gysfm.com.ar\/inicio\/#website\",\"url\":\"https:\/\/gysfm.com.ar\/inicio\/\",\"name\":\"GYS NOTICIAS |\",\"description\":\"DIARIO - RADIO ONLINE SAN JUAN ARGENTINA\",\"publisher\":{\"@id\":\"https:\/\/gysfm.com.ar\/inicio\/#organization\"},\"potentialAction\":[{\"@type\":\"SearchAction\",\"target\":{\"@type\":\"EntryPoint\",\"urlTemplate\":\"https:\/\/gysfm.com.ar\/inicio\/?s={search_term_string}\"},\"query-input\":{\"@type\":\"PropertyValueSpecification\",\"valueRequired\":true,\"valueName\":\"search_term_string\"}}],\"inLanguage\":\"es\"},{\"@type\":\"Organization\",\"@id\":\"https:\/\/gysfm.com.ar\/inicio\/#organization\",\"name\":\"GYS NOTICIAS |\",\"url\":\"https:\/\/gysfm.com.ar\/inicio\/\",\"logo\":{\"@type\":\"ImageObject\",\"inLanguage\":\"es\",\"@id\":\"https:\/\/gysfm.com.ar\/inicio\/#\/schema\/logo\/image\/\",\"url\":\"https:\/\/gysfm.com.ar\/inicio\/wp-content\/uploads\/2023\/07\/LOGOGYS-OK.png\",\"contentUrl\":\"https:\/\/gysfm.com.ar\/inicio\/wp-content\/uploads\/2023\/07\/LOGOGYS-OK.png\",\"width\":1170,\"height\":872,\"caption\":\"GYS NOTICIAS |\"},\"image\":{\"@id\":\"https:\/\/gysfm.com.ar\/inicio\/#\/schema\/logo\/image\/\"}},{\"@type\":\"Person\",\"@id\":\"https:\/\/gysfm.com.ar\/inicio\/#\/schema\/person\/3abba7593ef2ad19e1be221d54383dc5\",\"name\":\"Prensa G&amp;S FM\",\"image\":{\"@type\":\"ImageObject\",\"inLanguage\":\"es\",\"@id\":\"https:\/\/gysfm.com.ar\/inicio\/#\/schema\/person\/image\/\",\"url\":\"https:\/\/secure.gravatar.com\/avatar\/096ec78df02049ab018702bb4ccedf659377fa92a26540b5247612077a0dbd29?s=96&d=mm&r=g\",\"contentUrl\":\"https:\/\/secure.gravatar.com\/avatar\/096ec78df02049ab018702bb4ccedf659377fa92a26540b5247612077a0dbd29?s=96&d=mm&r=g\",\"caption\":\"Prensa G&amp;S FM\"},\"sameAs\":[\"https:\/\/gysfm.com.ar\/\"],\"url\":\"https:\/\/gysfm.com.ar\/inicio\/author\/lucasm\/\"}]}<\/script>\n<!-- \/ Yoast SEO plugin. -->","yoast_head_json":{"title":"As\u00ed detuvieron al sospechoso de apu\u00f1alar a dos personas en Londres: gas pimienta, Taser y patadas en la cabeza - GYS NOTICIAS |","robots":{"index":"index","follow":"follow","max-snippet":"max-snippet:-1","max-image-preview":"max-image-preview:large","max-video-preview":"max-video-preview:-1"},"canonical":"https:\/\/gysfm.com.ar\/inicio\/asi-detuvieron-al-sospechoso-de-apunalar-a-dos-personas-en-londres-gas-pimienta-taser-y-patadas-en-la-cabeza\/","og_locale":"es_ES","og_type":"article","og_title":"As\u00ed detuvieron al sospechoso de apu\u00f1alar a dos personas en Londres: gas pimienta, Taser y patadas en la cabeza - GYS NOTICIAS |","og_description":"LONDRES.\u2013 Dos personas fueron apu\u00f1aladas este mi\u00e9rcoles en Golders Green, un barrio del noroeste de Londres donde vive una importante comunidad jud\u00eda, en un episodio que las autoridades investigan como un posible ataque antisemita. Un hombre de 45 a\u00f1os fue detenido bajo sospecha de intento de asesinato. El ataque ocurri\u00f3 por la ma\u00f1ana cuando, seg\u00fan [&hellip;]","og_url":"https:\/\/gysfm.com.ar\/inicio\/asi-detuvieron-al-sospechoso-de-apunalar-a-dos-personas-en-londres-gas-pimienta-taser-y-patadas-en-la-cabeza\/","og_site_name":"GYS NOTICIAS |","article_published_time":"2026-04-29T23:38:56+00:00","article_modified_time":"2026-04-29T23:38:58+00:00","og_image":[{"width":1200,"height":800,"url":"https:\/\/gysfm.com.ar\/inicio\/wp-content\/uploads\/2026\/04\/dos-personas-fueron-apunaladas-en-golders-green-NRCAZJ5D5JEONGAQBZ33TICUYQ.jpg","type":"image\/jpeg"}],"author":"Prensa G&amp;S FM","twitter_card":"summary_large_image","twitter_misc":{"Escrito por":"Prensa G&amp;S FM","Tiempo de lectura":"4 minutos"},"schema":{"@context":"https:\/\/schema.org","@graph":[{"@type":"Article","@id":"https:\/\/gysfm.com.ar\/inicio\/asi-detuvieron-al-sospechoso-de-apunalar-a-dos-personas-en-londres-gas-pimienta-taser-y-patadas-en-la-cabeza\/#article","isPartOf":{"@id":"https:\/\/gysfm.com.ar\/inicio\/asi-detuvieron-al-sospechoso-de-apunalar-a-dos-personas-en-londres-gas-pimienta-taser-y-patadas-en-la-cabeza\/"},"author":{"name":"Prensa G&amp;S FM","@id":"https:\/\/gysfm.com.ar\/inicio\/#\/schema\/person\/3abba7593ef2ad19e1be221d54383dc5"},"headline":"As\u00ed detuvieron al sospechoso de apu\u00f1alar a dos personas en Londres: gas pimienta, Taser y patadas en la cabeza","datePublished":"2026-04-29T23:38:56+00:00","dateModified":"2026-04-29T23:38:58+00:00","mainEntityOfPage":{"@id":"https:\/\/gysfm.com.ar\/inicio\/asi-detuvieron-al-sospechoso-de-apunalar-a-dos-personas-en-londres-gas-pimienta-taser-y-patadas-en-la-cabeza\/"},"wordCount":868,"publisher":{"@id":"https:\/\/gysfm.com.ar\/inicio\/#organization"},"image":{"@id":"https:\/\/gysfm.com.ar\/inicio\/asi-detuvieron-al-sospechoso-de-apunalar-a-dos-personas-en-londres-gas-pimienta-taser-y-patadas-en-la-cabeza\/#primaryimage"},"thumbnailUrl":"https:\/\/gysfm.com.ar\/inicio\/wp-content\/uploads\/2026\/04\/dos-personas-fueron-apunaladas-en-golders-green-NRCAZJ5D5JEONGAQBZ33TICUYQ.jpg","articleSection":["INTERNACIONALES"],"inLanguage":"es"},{"@type":"WebPage","@id":"https:\/\/gysfm.com.ar\/inicio\/asi-detuvieron-al-sospechoso-de-apunalar-a-dos-personas-en-londres-gas-pimienta-taser-y-patadas-en-la-cabeza\/","url":"https:\/\/gysfm.com.ar\/inicio\/asi-detuvieron-al-sospechoso-de-apunalar-a-dos-personas-en-londres-gas-pimienta-taser-y-patadas-en-la-cabeza\/","name":"As\u00ed detuvieron al sospechoso de apu\u00f1alar a dos personas en Londres: gas pimienta, Taser y patadas en la cabeza - GYS NOTICIAS |","isPartOf":{"@id":"https:\/\/gysfm.com.ar\/inicio\/#website"},"primaryImageOfPage":{"@id":"https:\/\/gysfm.com.ar\/inicio\/asi-detuvieron-al-sospechoso-de-apunalar-a-dos-personas-en-londres-gas-pimienta-taser-y-patadas-en-la-cabeza\/#primaryimage"},"image":{"@id":"https:\/\/gysfm.com.ar\/inicio\/asi-detuvieron-al-sospechoso-de-apunalar-a-dos-personas-en-londres-gas-pimienta-taser-y-patadas-en-la-cabeza\/#primaryimage"},"thumbnailUrl":"https:\/\/gysfm.com.ar\/inicio\/wp-content\/uploads\/2026\/04\/dos-personas-fueron-apunaladas-en-golders-green-NRCAZJ5D5JEONGAQBZ33TICUYQ.jpg","datePublished":"2026-04-29T23:38:56+00:00","dateModified":"2026-04-29T23:38:58+00:00","breadcrumb":{"@id":"https:\/\/gysfm.com.ar\/inicio\/asi-detuvieron-al-sospechoso-de-apunalar-a-dos-personas-en-londres-gas-pimienta-taser-y-patadas-en-la-cabeza\/#breadcrumb"},"inLanguage":"es","potentialAction":[{"@type":"ReadAction","target":["https:\/\/gysfm.com.ar\/inicio\/asi-detuvieron-al-sospechoso-de-apunalar-a-dos-personas-en-londres-gas-pimienta-taser-y-patadas-en-la-cabeza\/"]}]},{"@type":"ImageObject","inLanguage":"es","@id":"https:\/\/gysfm.com.ar\/inicio\/asi-detuvieron-al-sospechoso-de-apunalar-a-dos-personas-en-londres-gas-pimienta-taser-y-patadas-en-la-cabeza\/#primaryimage","url":"https:\/\/gysfm.com.ar\/inicio\/wp-content\/uploads\/2026\/04\/dos-personas-fueron-apunaladas-en-golders-green-NRCAZJ5D5JEONGAQBZ33TICUYQ.jpg","contentUrl":"https:\/\/gysfm.com.ar\/inicio\/wp-content\/uploads\/2026\/04\/dos-personas-fueron-apunaladas-en-golders-green-NRCAZJ5D5JEONGAQBZ33TICUYQ.jpg","width":1200,"height":800},{"@type":"BreadcrumbList","@id":"https:\/\/gysfm.com.ar\/inicio\/asi-detuvieron-al-sospechoso-de-apunalar-a-dos-personas-en-londres-gas-pimienta-taser-y-patadas-en-la-cabeza\/#breadcrumb","itemListElement":[{"@type":"ListItem","position":1,"name":"Portada","item":"https:\/\/gysfm.com.ar\/inicio\/"},{"@type":"ListItem","position":2,"name":"As\u00ed detuvieron al sospechoso de apu\u00f1alar a dos personas en Londres: gas pimienta, Taser y patadas en la cabeza"}]},{"@type":"WebSite","@id":"https:\/\/gysfm.com.ar\/inicio\/#website","url":"https:\/\/gysfm.com.ar\/inicio\/","name":"GYS NOTICIAS |","description":"DIARIO - RADIO ONLINE SAN JUAN ARGENTINA","publisher":{"@id":"https:\/\/gysfm.com.ar\/inicio\/#organization"},"potentialAction":[{"@type":"SearchAction","target":{"@type":"EntryPoint","urlTemplate":"https:\/\/gysfm.com.ar\/inicio\/?s={search_term_string}"},"query-input":{"@type":"PropertyValueSpecification","valueRequired":true,"valueName":"search_term_string"}}],"inLanguage":"es"},{"@type":"Organization","@id":"https:\/\/gysfm.com.ar\/inicio\/#organization","name":"GYS NOTICIAS |","url":"https:\/\/gysfm.com.ar\/inicio\/","logo":{"@type":"ImageObject","inLanguage":"es","@id":"https:\/\/gysfm.com.ar\/inicio\/#\/schema\/logo\/image\/","url":"https:\/\/gysfm.com.ar\/inicio\/wp-content\/uploads\/2023\/07\/LOGOGYS-OK.png","contentUrl":"https:\/\/gysfm.com.ar\/inicio\/wp-content\/uploads\/2023\/07\/LOGOGYS-OK.png","width":1170,"height":872,"caption":"GYS NOTICIAS |"},"image":{"@id":"https:\/\/gysfm.com.ar\/inicio\/#\/schema\/logo\/image\/"}},{"@type":"Person","@id":"https:\/\/gysfm.com.ar\/inicio\/#\/schema\/person\/3abba7593ef2ad19e1be221d54383dc5","name":"Prensa G&amp;S FM","image":{"@type":"ImageObject","inLanguage":"es","@id":"https:\/\/gysfm.com.ar\/inicio\/#\/schema\/person\/image\/","url":"https:\/\/secure.gravatar.com\/avatar\/096ec78df02049ab018702bb4ccedf659377fa92a26540b5247612077a0dbd29?s=96&d=mm&r=g","contentUrl":"https:\/\/secure.gravatar.com\/avatar\/096ec78df02049ab018702bb4ccedf659377fa92a26540b5247612077a0dbd29?s=96&d=mm&r=g","caption":"Prensa G&amp;S FM"},"sameAs":["https:\/\/gysfm.com.ar\/"],"url":"https:\/\/gysfm.com.ar\/inicio\/author\/lucasm\/"}]}},"_links":{"self":[{"href":"https:\/\/gysfm.com.ar\/inicio\/wp-json\/wp\/v2\/posts\/193771","targetHints":{"allow":["GET"]}}],"collection":[{"href":"https:\/\/gysfm.com.ar\/inicio\/wp-json\/wp\/v2\/posts"}],"about":[{"href":"https:\/\/gysfm.com.ar\/inicio\/wp-json\/wp\/v2\/types\/post"}],"author":[{"embeddable":true,"href":"https:\/\/gysfm.com.ar\/inicio\/wp-json\/wp\/v2\/users\/2"}],"replies":[{"embeddable":true,"href":"https:\/\/gysfm.com.ar\/inicio\/wp-json\/wp\/v2\/comments?post=193771"}],"version-history":[{"count":1,"href":"https:\/\/gysfm.com.ar\/inicio\/wp-json\/wp\/v2\/posts\/193771\/revisions"}],"predecessor-version":[{"id":193773,"href":"https:\/\/gysfm.com.ar\/inicio\/wp-json\/wp\/v2\/posts\/193771\/revisions\/193773"}],"wp:featuredmedia":[{"embeddable":true,"href":"https:\/\/gysfm.com.ar\/inicio\/wp-json\/wp\/v2\/media\/193772"}],"wp:attachment":[{"href":"https:\/\/gysfm.com.ar\/inicio\/wp-json\/wp\/v2\/media?parent=193771"}],"wp:term":[{"taxonomy":"category","embeddable":true,"href":"https:\/\/gysfm.com.ar\/inicio\/wp-json\/wp\/v2\/categories?post=193771"},{"taxonomy":"post_tag","embeddable":true,"href":"https:\/\/gysfm.com.ar\/inicio\/wp-json\/wp\/v2\/tags?post=193771"}],"curies":[{"name":"wp","href":"https:\/\/api.w.org\/{rel}","templated":true}]}}