{"id":193767,"date":"2026-04-29T20:15:32","date_gmt":"2026-04-29T23:15:32","guid":{"rendered":"https:\/\/gysfm.com.ar\/inicio\/caputo-se-prepara-para-aplicar-recortes-en-todos-los-ministerios\/"},"modified":"2026-04-29T20:15:32","modified_gmt":"2026-04-29T23:15:32","slug":"caputo-se-prepara-para-aplicar-recortes-en-todos-los-ministerios","status":"publish","type":"post","link":"https:\/\/gysfm.com.ar\/inicio\/caputo-se-prepara-para-aplicar-recortes-en-todos-los-ministerios\/","title":{"rendered":"Caputo se prepara para aplicar recortes en todos los Ministerios"},"content":{"rendered":"<p><\/p>\n<div id=\"article-content\">\n<p>En un escenario donde el <strong>sector energ\u00e9tico vuela pero la actividad productiva se hunde<\/strong>, la consecuente ca\u00edda de la recaudaci\u00f3n dej\u00f3 al ministro de Econom\u00eda, <a target=\"_blank\" href=\"https:\/\/www.perfil.com\/noticias\/economia\/caputo-reconocio-que-la-actividad-economica-dio-mal-pero-anticipo-inversiones-el-riesgo-es-perderse-la-oportunidad.phtml\"><strong>Luis Caputo<\/strong><\/a>, atrapado en su propio esquema y la pr\u00f3xima semana volver\u00e1 a encender la motosierra para oficializar un <strong>ajuste transversal del gasto<\/strong> en todas las \u00e1reas de la administraci\u00f3n p\u00fablica. <a target=\"_blank\" href=\"https:\/\/www.perfil.com\/noticias\/economia\/el-rockstar-energetico-dividido-entre-las-proyecciones-de-exito-y-la-realidad-de-la-crisis-a40.phtml\">Mientras que la justificaci\u00f3n oficial es que responde a leyes votadas<\/a> por el Congreso sin financiamiento, una declaraci\u00f3n en Washington apunta m\u00e1s a una recalibraci\u00f3n de los n\u00fameros.<\/p>\n<p>Por pedido expreso del jefe de Gabinete, <strong>Manuel Adorni<\/strong>, todas las carteras del Estado deber\u00e1n aplicar un <strong>recorte del 2% sobre el gasto corriente<\/strong> y un <strong>hachazo del 20% sobre el gasto de capital<\/strong>. Seg\u00fan pudo saber <strong>PERFIL<\/strong>, la m\u00e1xima ser\u00e1 no despedir personal. Sin embargo, la poda sobre los fondos operativos licuar\u00e1 los presupuestos diarios, afectar\u00e1 la operatividad inmediata de las dependencias y amenaza con <strong>congelar cualquier futuro aumento en los salarios<\/strong> de los empleados p\u00fablicos.<\/p>\n<h2>Las leyes \u00absin financiamiento\u00bb<\/h2>\n<p>La justificaci\u00f3n oficial para esta nueva contracci\u00f3n del gasto se ancla en las derrotas legislativas que sufri\u00f3 el Gobierno. <strong>\u00abEl Congreso vot\u00f3 leyes que no tienen ning\u00fan sentido<\/strong>, sin financiamiento. Entonces, tenemos que hacer estos ajustes para cumplir\u00bb, comentaron en un despacho oficial.<\/p>\n<p class=\"destacadoNota\"><a target=\"_blank\" href=\"https:\/\/www.perfil.com\/noticias\/economia\/licitacion-el-gobierno-capto-us-700-millones-en-bonos.phtml\">Licitaci\u00f3n: el Gobierno capt\u00f3 US$ 700 millones en bonos<\/a><\/p>\n<p>El dardo apunt\u00f3 a dos frentes que el oficialismo intent\u00f3 desarmar durante el debate del Presupuesto 2026 en diciembre del a\u00f1o pasado. Por un lado, la <strong>Ley de Financiamiento Universitario<\/strong>, una norma que el Ejecutivo hab\u00eda vetado, pero que el Congreso ratific\u00f3, rechazando el veto e imponiendo su vigencia, lo que oblig\u00f3 a Econom\u00eda a garantizar el flujo de fondos. El Gobierno explor\u00f3 durante meses mecanismos para reasignar partidas, pero el margen de maniobra se agot\u00f3.<\/p>\n<p>Por otro lado, figura la <strong>Ley de Discapacidad<\/strong>, que declara la emergencia nacional en la materia y blinda prestaciones y servicios b\u00e1sicos hasta diciembre de 2027. Al igual que con las universidades, el oficialismo intent\u00f3 dar de baja esta emergencia mediante la \u00abley de leyes\u00bb, pero no obtuvo los votos necesarios en el recinto. Ante el aluvi\u00f3n de <strong>\u00f3rdenes judiciales<\/strong> que exigen al Ejecutivo el cumplimiento estricto de las coberturas, la gesti\u00f3n libertaria anunci\u00f3 en abril de 2026 que retomar\u00e1 el debate enviando una nueva propuesta de ley para reemplazar el esquema actual. Mientras tanto, el dinero debe aparecer.<\/p>\n<h2>La verdadera alarma en el quinto piso<\/h2>\n<p>M\u00e1s all\u00e1 de la carga legislativa, la verdadera preocupaci\u00f3n que envuelve al quinto piso del <strong>Palacio de Hacienda<\/strong> es macroecon\u00f3mica. La <strong>ca\u00edda sostenida de la recaudaci\u00f3<\/strong>n pone en jaque la m\u00e1xima ortodoxa del super\u00e1vit fiscal \u2014y la definici\u00f3n del propio Javier Milei quien asegur\u00f3 que no se mover\u00e1 \u201cun \u00e1pice\u201d del programa econ\u00f3mico\u2014 en un contexto donde el Gobierno no tiene margen ni intenci\u00f3n pol\u00edtica de avanzar con una baja de impuestos este a\u00f1o.<\/p>\n<p>Los datos duros del fisco confirman el escenario de estr\u00e9s. En marzo, los ingresos tributarios sufrieron una <strong>contracci\u00f3n del 4,8% en t\u00e9rminos reales<\/strong> frente al mismo mes del a\u00f1o anterior. Se trata de la octava ca\u00edda interanual consecutiva, arrastrada fuertemente por un <strong>hundimiento del 26%<\/strong> en los derechos vinculados al comercio exterior, producto del retroceso de las importaciones.<\/p>\n<div style=\"text-align:center\">\n<figure class=\"image\" style=\"display:inline-block\"><picture><source media=\"(max-width: 440px)\" srcset=\"https:\/\/fotos.perfil.com\/\/2024\/12\/12\/440\/0\/carlos-guberman-1929198.jpg?webp\"\/><source media=\"(max-width: 1019px)\" srcset=\"https:\/\/fotos.perfil.com\/\/2024\/12\/12\/712\/0\/carlos-guberman-1929198.jpg?webp\"\/><img decoding=\"async\" style=\"max-width: 100%; width: 100%;\" alt=\"Carlos Guberman\" src=\"https:\/\/fotos.perfil.com\/\/2024\/12\/12\/900\/0\/carlos-guberman-1929198.jpg?webp\" loading=\"lazy\"\/><\/picture>&#13;<figcaption>Carlos Guberman<\/figcaption>&#13;<br \/>\n<\/figure>\n<\/div>\n<p>A\u00fan m\u00e1s preocupante para los t\u00e9cnicos de Hacienda result\u00f3 la baja real de los <strong>impuestos proc\u00edclicos<\/strong>, aquellos ligados \u00edntimamente a la actividad econ\u00f3mica y el mercado laboral. La recaudaci\u00f3n del <strong>IVA<\/strong>, el <strong>Impuesto al Cheque<\/strong> y los <strong>aportes y contribuciones a la Seguridad Social<\/strong> encendieron alarmas. Este deterioro expone los da\u00f1os colaterales de la recesi\u00f3n: el avance de la informalidad laboral y el retroceso persistente de los salarios y el empleo formal desde el inicio de la gesti\u00f3n.<\/p>\n<h2>El doble est\u00e1ndar ante el FMI<\/h2>\n<p>El endurecimiento del torniquete local contrasta con las declaraciones p\u00fablicas sobre el ajuste de los funcionarios econ\u00f3micos. Apenas unas semanas atr\u00e1s, durante las reuniones de primavera del <strong>Fondo Monetario Internacional<\/strong> (FMI) en Washington, la postura oficial fue opuesta: el secretario de Hacienda, <strong>Carlos Guberman<\/strong>, deline\u00f3 un panorama de consolidaci\u00f3n definitiva.<\/p>\n<p><strong>\u201cLo bueno de la Argentina es que ya hicimos el ajuste<\/strong>. Por lo tanto, nos encontramos en una posici\u00f3n en la que <strong>nos sentimos c\u00f3modos con el nivel de gasto\u201d<\/strong>, dijo Guberman ante el <em>establishment<\/em> global. En esa misma intervenci\u00f3n, intent\u00f3 proyectar una etapa de expansi\u00f3n: \u00abTodav\u00eda tenemos que ver el impacto de las inversiones que ya est\u00e1n en marcha en la Argentina, as\u00ed como de las nuevas que est\u00e1n llegando, y su impacto fiscal en t\u00e9rminos de crecimiento\u00bb.<\/p>\n<h2>La mec\u00e1nica del recorte y la calle<\/h2>\n<p>Sin embargo, de regreso en Buenos Aires, fue la propia oficina de Guberman, ubicada en el cuarto piso de Econom\u00eda, la encargada de recibir y auditar, uno por uno, los<strong> planes de recorte presupuestario <\/strong>que cada Ministerio debi\u00f3 presentar bajo presi\u00f3n.<\/p>\n<p class=\"destacadoNota\"><a target=\"_blank\" href=\"https:\/\/www.perfil.com\/noticias\/politica\/en-el-palacio-libertad-milei-vuelve-a-defender-su-modelo-economico-con-criticas-a-keynes-y-la-mirada-puesta-en-la-inflacion.phtml\">Milei defendi\u00f3 su modelo econ\u00f3mico: \u00abNunca nadie arregl\u00f3 el quilombo fiscal salvo nosotros, que lo hicimos en un mes\u00bb<\/a><\/p>\n<p>La cristalizaci\u00f3n de este ajuste se materializar\u00e1 la pr\u00f3xima semana v\u00eda <strong>decisi\u00f3n administrativa<\/strong> publicada en el Bolet\u00edn Oficial. La mec\u00e1nica ser\u00e1 similar a la reorganizaci\u00f3n trimestral habitual de Hacienda, estableciendo un cepo a trav\u00e9s de <strong>\u00abmontos presupuestarios indicativos\u00bb<\/strong>.<\/p>\n<p>El costo pol\u00edtico de esta arquitectura financiera comienza a volverse visible. El contexto transcurre con un secretario de Hacienda convertido en blanco de reclamos directos en el espacio p\u00fablico. En los \u00faltimos d\u00edas, las calles del centro porte\u00f1o amanecieron empapeladas con afiches que apuntan al n\u00facleo del equipo de Caputo. Mensajes an\u00f3nimos con leyendas como <strong>\u00abCarlos Guberman, pagale a los discapacitados\u00bb<\/strong> o <strong>\u00abEl ajuste en la salud tiene nombre: Carlos Guberman\u00bb<\/strong> reflejan la tensi\u00f3n. <\/p>\n<p>La licuaci\u00f3n del gasto tiene su correlato m\u00e1s crudo en la evoluci\u00f3n del ingreso real de los trabajadores del Estado. Seg\u00fan los datos del \u00cdndice de Salarios y el SIPA expuestos por el presidente Milei en su reciente presentaci\u00f3n en la Fundaci\u00f3n Libertad, si se toma como base 100 el mes de noviembre de 2023, la divergencia de ingresos es notable. Hacia febrero de 2026, mientras que los salarios del sector privado no registrado experimentaron un fuerte repunte y los del sector privado registrado lograron estabilizarse cerca de la l\u00ednea original, <strong>el sector p\u00fablico se consolid\u00f3 como la principal variable de ajuste.<\/strong> Sus ingresos reales se desplomaron en el inicio de la gesti\u00f3n y contin\u00faan estancados en torno a los 80 puntos. Es decir, arrastran una ca\u00edda del 20% en su poder adquisitivo, frente a la inflaci\u00f3n, que el nuevo torniquete presupuestario de Econom\u00eda amenaza con perpetuar.<\/p>\n<p><em>AM\/ML<\/em><\/p>\n<\/p><\/div>\n<p><script>\n                !function(f,b,e,v,n,t,s)\n                {if(f.fbq)return;n=f.fbq=function(){n.callMethod?\n                    n.callMethod.apply(n,arguments):n.queue.push(arguments)};\n                    if(!f._fbq)f._fbq=n;n.push=n;n.loaded=!0;n.version='2.0';\n                    n.queue=[];t=b.createElement(e);t.async=!0;\n                    t.src=v;s=b.getElementsByTagName(e)[0];\n                    s.parentNode.insertBefore(t,s)}(window, document,'script',\n                    'https:\/\/connect.facebook.net\/en_US\/fbevents.js');\n                window.paywallConfig.facebook_pixel=\"1000228364089342\"\n            <\/script><\/p>\n","protected":false},"excerpt":{"rendered":"<p>En un escenario donde el sector energ\u00e9tico vuela pero la actividad productiva se hunde, la consecuente ca\u00edda de la recaudaci\u00f3n dej\u00f3 al ministro de Econom\u00eda, Luis Caputo, atrapado en su propio esquema y la pr\u00f3xima semana volver\u00e1 a encender la motosierra para oficializar un ajuste transversal del gasto en todas las \u00e1reas de la administraci\u00f3n [&hellip;]<\/p>\n","protected":false},"author":2,"featured_media":193768,"comment_status":"closed","ping_status":"closed","sticky":false,"template":"","format":"standard","meta":{"footnotes":""},"categories":[25],"tags":[],"class_list":["post-193767","post","type-post","status-publish","format-standard","has-post-thumbnail","hentry","category-nacionales"],"yoast_head":"<!-- This site is optimized with the Yoast SEO plugin v24.4 - https:\/\/yoast.com\/wordpress\/plugins\/seo\/ -->\n<title>Caputo se prepara para aplicar recortes en todos los Ministerios - GYS NOTICIAS |<\/title>\n<meta name=\"robots\" content=\"index, follow, max-snippet:-1, max-image-preview:large, max-video-preview:-1\" \/>\n<link rel=\"canonical\" href=\"https:\/\/gysfm.com.ar\/inicio\/caputo-se-prepara-para-aplicar-recortes-en-todos-los-ministerios\/\" \/>\n<meta property=\"og:locale\" content=\"es_ES\" \/>\n<meta property=\"og:type\" content=\"article\" \/>\n<meta property=\"og:title\" content=\"Caputo se prepara para aplicar recortes en todos los Ministerios - GYS NOTICIAS |\" \/>\n<meta property=\"og:description\" content=\"En un escenario donde el sector energ\u00e9tico vuela pero la actividad productiva se hunde, la consecuente ca\u00edda de la recaudaci\u00f3n dej\u00f3 al ministro de Econom\u00eda, Luis Caputo, atrapado en su propio esquema y la pr\u00f3xima semana volver\u00e1 a encender la motosierra para oficializar un ajuste transversal del gasto en todas las \u00e1reas de la administraci\u00f3n [&hellip;]\" \/>\n<meta property=\"og:url\" content=\"https:\/\/gysfm.com.ar\/inicio\/caputo-se-prepara-para-aplicar-recortes-en-todos-los-ministerios\/\" \/>\n<meta property=\"og:site_name\" content=\"GYS NOTICIAS |\" \/>\n<meta property=\"article:published_time\" content=\"2026-04-29T23:15:32+00:00\" \/>\n<meta property=\"og:image\" content=\"https:\/\/fotos.perfil.com\/\/2024\/12\/12\/900\/0\/carlos-guberman-1929198.jpg?webp\" \/>\n<meta name=\"author\" content=\"Prensa G&amp;S FM\" \/>\n<meta name=\"twitter:card\" content=\"summary_large_image\" \/>\n<meta name=\"twitter:label1\" content=\"Escrito por\" \/>\n\t<meta name=\"twitter:data1\" content=\"Prensa G&amp;S FM\" \/>\n\t<meta name=\"twitter:label2\" content=\"Tiempo de lectura\" \/>\n\t<meta name=\"twitter:data2\" content=\"6 minutos\" \/>\n<script type=\"application\/ld+json\" class=\"yoast-schema-graph\">{\"@context\":\"https:\/\/schema.org\",\"@graph\":[{\"@type\":\"Article\",\"@id\":\"https:\/\/gysfm.com.ar\/inicio\/caputo-se-prepara-para-aplicar-recortes-en-todos-los-ministerios\/#article\",\"isPartOf\":{\"@id\":\"https:\/\/gysfm.com.ar\/inicio\/caputo-se-prepara-para-aplicar-recortes-en-todos-los-ministerios\/\"},\"author\":{\"name\":\"Prensa G&amp;S FM\",\"@id\":\"https:\/\/gysfm.com.ar\/inicio\/#\/schema\/person\/3abba7593ef2ad19e1be221d54383dc5\"},\"headline\":\"Caputo se prepara para aplicar recortes en todos los Ministerios\",\"datePublished\":\"2026-04-29T23:15:32+00:00\",\"mainEntityOfPage\":{\"@id\":\"https:\/\/gysfm.com.ar\/inicio\/caputo-se-prepara-para-aplicar-recortes-en-todos-los-ministerios\/\"},\"wordCount\":1168,\"publisher\":{\"@id\":\"https:\/\/gysfm.com.ar\/inicio\/#organization\"},\"image\":{\"@id\":\"https:\/\/gysfm.com.ar\/inicio\/caputo-se-prepara-para-aplicar-recortes-en-todos-los-ministerios\/#primaryimage\"},\"thumbnailUrl\":\"https:\/\/gysfm.com.ar\/inicio\/wp-content\/uploads\/2026\/04\/luis-caputo-expo-efi-2026-28042026-2229133.jpg\",\"articleSection\":[\"NACIONALES\"],\"inLanguage\":\"es\"},{\"@type\":\"WebPage\",\"@id\":\"https:\/\/gysfm.com.ar\/inicio\/caputo-se-prepara-para-aplicar-recortes-en-todos-los-ministerios\/\",\"url\":\"https:\/\/gysfm.com.ar\/inicio\/caputo-se-prepara-para-aplicar-recortes-en-todos-los-ministerios\/\",\"name\":\"Caputo se prepara para aplicar recortes en todos los Ministerios - GYS NOTICIAS |\",\"isPartOf\":{\"@id\":\"https:\/\/gysfm.com.ar\/inicio\/#website\"},\"primaryImageOfPage\":{\"@id\":\"https:\/\/gysfm.com.ar\/inicio\/caputo-se-prepara-para-aplicar-recortes-en-todos-los-ministerios\/#primaryimage\"},\"image\":{\"@id\":\"https:\/\/gysfm.com.ar\/inicio\/caputo-se-prepara-para-aplicar-recortes-en-todos-los-ministerios\/#primaryimage\"},\"thumbnailUrl\":\"https:\/\/gysfm.com.ar\/inicio\/wp-content\/uploads\/2026\/04\/luis-caputo-expo-efi-2026-28042026-2229133.jpg\",\"datePublished\":\"2026-04-29T23:15:32+00:00\",\"breadcrumb\":{\"@id\":\"https:\/\/gysfm.com.ar\/inicio\/caputo-se-prepara-para-aplicar-recortes-en-todos-los-ministerios\/#breadcrumb\"},\"inLanguage\":\"es\",\"potentialAction\":[{\"@type\":\"ReadAction\",\"target\":[\"https:\/\/gysfm.com.ar\/inicio\/caputo-se-prepara-para-aplicar-recortes-en-todos-los-ministerios\/\"]}]},{\"@type\":\"ImageObject\",\"inLanguage\":\"es\",\"@id\":\"https:\/\/gysfm.com.ar\/inicio\/caputo-se-prepara-para-aplicar-recortes-en-todos-los-ministerios\/#primaryimage\",\"url\":\"https:\/\/gysfm.com.ar\/inicio\/wp-content\/uploads\/2026\/04\/luis-caputo-expo-efi-2026-28042026-2229133.jpg\",\"contentUrl\":\"https:\/\/gysfm.com.ar\/inicio\/wp-content\/uploads\/2026\/04\/luis-caputo-expo-efi-2026-28042026-2229133.jpg\",\"width\":1140,\"height\":641},{\"@type\":\"BreadcrumbList\",\"@id\":\"https:\/\/gysfm.com.ar\/inicio\/caputo-se-prepara-para-aplicar-recortes-en-todos-los-ministerios\/#breadcrumb\",\"itemListElement\":[{\"@type\":\"ListItem\",\"position\":1,\"name\":\"Portada\",\"item\":\"https:\/\/gysfm.com.ar\/inicio\/\"},{\"@type\":\"ListItem\",\"position\":2,\"name\":\"Caputo se prepara para aplicar recortes en todos los Ministerios\"}]},{\"@type\":\"WebSite\",\"@id\":\"https:\/\/gysfm.com.ar\/inicio\/#website\",\"url\":\"https:\/\/gysfm.com.ar\/inicio\/\",\"name\":\"GYS NOTICIAS |\",\"description\":\"DIARIO - RADIO ONLINE SAN JUAN ARGENTINA\",\"publisher\":{\"@id\":\"https:\/\/gysfm.com.ar\/inicio\/#organization\"},\"potentialAction\":[{\"@type\":\"SearchAction\",\"target\":{\"@type\":\"EntryPoint\",\"urlTemplate\":\"https:\/\/gysfm.com.ar\/inicio\/?s={search_term_string}\"},\"query-input\":{\"@type\":\"PropertyValueSpecification\",\"valueRequired\":true,\"valueName\":\"search_term_string\"}}],\"inLanguage\":\"es\"},{\"@type\":\"Organization\",\"@id\":\"https:\/\/gysfm.com.ar\/inicio\/#organization\",\"name\":\"GYS NOTICIAS |\",\"url\":\"https:\/\/gysfm.com.ar\/inicio\/\",\"logo\":{\"@type\":\"ImageObject\",\"inLanguage\":\"es\",\"@id\":\"https:\/\/gysfm.com.ar\/inicio\/#\/schema\/logo\/image\/\",\"url\":\"https:\/\/gysfm.com.ar\/inicio\/wp-content\/uploads\/2023\/07\/LOGOGYS-OK.png\",\"contentUrl\":\"https:\/\/gysfm.com.ar\/inicio\/wp-content\/uploads\/2023\/07\/LOGOGYS-OK.png\",\"width\":1170,\"height\":872,\"caption\":\"GYS NOTICIAS |\"},\"image\":{\"@id\":\"https:\/\/gysfm.com.ar\/inicio\/#\/schema\/logo\/image\/\"}},{\"@type\":\"Person\",\"@id\":\"https:\/\/gysfm.com.ar\/inicio\/#\/schema\/person\/3abba7593ef2ad19e1be221d54383dc5\",\"name\":\"Prensa G&amp;S FM\",\"image\":{\"@type\":\"ImageObject\",\"inLanguage\":\"es\",\"@id\":\"https:\/\/gysfm.com.ar\/inicio\/#\/schema\/person\/image\/\",\"url\":\"https:\/\/secure.gravatar.com\/avatar\/096ec78df02049ab018702bb4ccedf659377fa92a26540b5247612077a0dbd29?s=96&d=mm&r=g\",\"contentUrl\":\"https:\/\/secure.gravatar.com\/avatar\/096ec78df02049ab018702bb4ccedf659377fa92a26540b5247612077a0dbd29?s=96&d=mm&r=g\",\"caption\":\"Prensa G&amp;S FM\"},\"sameAs\":[\"https:\/\/gysfm.com.ar\/\"],\"url\":\"https:\/\/gysfm.com.ar\/inicio\/author\/lucasm\/\"}]}<\/script>\n<!-- \/ Yoast SEO plugin. -->","yoast_head_json":{"title":"Caputo se prepara para aplicar recortes en todos los Ministerios - GYS NOTICIAS |","robots":{"index":"index","follow":"follow","max-snippet":"max-snippet:-1","max-image-preview":"max-image-preview:large","max-video-preview":"max-video-preview:-1"},"canonical":"https:\/\/gysfm.com.ar\/inicio\/caputo-se-prepara-para-aplicar-recortes-en-todos-los-ministerios\/","og_locale":"es_ES","og_type":"article","og_title":"Caputo se prepara para aplicar recortes en todos los Ministerios - GYS NOTICIAS |","og_description":"En un escenario donde el sector energ\u00e9tico vuela pero la actividad productiva se hunde, la consecuente ca\u00edda de la recaudaci\u00f3n dej\u00f3 al ministro de Econom\u00eda, Luis Caputo, atrapado en su propio esquema y la pr\u00f3xima semana volver\u00e1 a encender la motosierra para oficializar un ajuste transversal del gasto en todas las \u00e1reas de la administraci\u00f3n [&hellip;]","og_url":"https:\/\/gysfm.com.ar\/inicio\/caputo-se-prepara-para-aplicar-recortes-en-todos-los-ministerios\/","og_site_name":"GYS NOTICIAS |","article_published_time":"2026-04-29T23:15:32+00:00","og_image":[{"url":"https:\/\/fotos.perfil.com\/\/2024\/12\/12\/900\/0\/carlos-guberman-1929198.jpg?webp","type":"","width":"","height":""}],"author":"Prensa G&amp;S FM","twitter_card":"summary_large_image","twitter_misc":{"Escrito por":"Prensa G&amp;S FM","Tiempo de lectura":"6 minutos"},"schema":{"@context":"https:\/\/schema.org","@graph":[{"@type":"Article","@id":"https:\/\/gysfm.com.ar\/inicio\/caputo-se-prepara-para-aplicar-recortes-en-todos-los-ministerios\/#article","isPartOf":{"@id":"https:\/\/gysfm.com.ar\/inicio\/caputo-se-prepara-para-aplicar-recortes-en-todos-los-ministerios\/"},"author":{"name":"Prensa G&amp;S FM","@id":"https:\/\/gysfm.com.ar\/inicio\/#\/schema\/person\/3abba7593ef2ad19e1be221d54383dc5"},"headline":"Caputo se prepara para aplicar recortes en todos los Ministerios","datePublished":"2026-04-29T23:15:32+00:00","mainEntityOfPage":{"@id":"https:\/\/gysfm.com.ar\/inicio\/caputo-se-prepara-para-aplicar-recortes-en-todos-los-ministerios\/"},"wordCount":1168,"publisher":{"@id":"https:\/\/gysfm.com.ar\/inicio\/#organization"},"image":{"@id":"https:\/\/gysfm.com.ar\/inicio\/caputo-se-prepara-para-aplicar-recortes-en-todos-los-ministerios\/#primaryimage"},"thumbnailUrl":"https:\/\/gysfm.com.ar\/inicio\/wp-content\/uploads\/2026\/04\/luis-caputo-expo-efi-2026-28042026-2229133.jpg","articleSection":["NACIONALES"],"inLanguage":"es"},{"@type":"WebPage","@id":"https:\/\/gysfm.com.ar\/inicio\/caputo-se-prepara-para-aplicar-recortes-en-todos-los-ministerios\/","url":"https:\/\/gysfm.com.ar\/inicio\/caputo-se-prepara-para-aplicar-recortes-en-todos-los-ministerios\/","name":"Caputo se prepara para aplicar recortes en todos los Ministerios - GYS NOTICIAS |","isPartOf":{"@id":"https:\/\/gysfm.com.ar\/inicio\/#website"},"primaryImageOfPage":{"@id":"https:\/\/gysfm.com.ar\/inicio\/caputo-se-prepara-para-aplicar-recortes-en-todos-los-ministerios\/#primaryimage"},"image":{"@id":"https:\/\/gysfm.com.ar\/inicio\/caputo-se-prepara-para-aplicar-recortes-en-todos-los-ministerios\/#primaryimage"},"thumbnailUrl":"https:\/\/gysfm.com.ar\/inicio\/wp-content\/uploads\/2026\/04\/luis-caputo-expo-efi-2026-28042026-2229133.jpg","datePublished":"2026-04-29T23:15:32+00:00","breadcrumb":{"@id":"https:\/\/gysfm.com.ar\/inicio\/caputo-se-prepara-para-aplicar-recortes-en-todos-los-ministerios\/#breadcrumb"},"inLanguage":"es","potentialAction":[{"@type":"ReadAction","target":["https:\/\/gysfm.com.ar\/inicio\/caputo-se-prepara-para-aplicar-recortes-en-todos-los-ministerios\/"]}]},{"@type":"ImageObject","inLanguage":"es","@id":"https:\/\/gysfm.com.ar\/inicio\/caputo-se-prepara-para-aplicar-recortes-en-todos-los-ministerios\/#primaryimage","url":"https:\/\/gysfm.com.ar\/inicio\/wp-content\/uploads\/2026\/04\/luis-caputo-expo-efi-2026-28042026-2229133.jpg","contentUrl":"https:\/\/gysfm.com.ar\/inicio\/wp-content\/uploads\/2026\/04\/luis-caputo-expo-efi-2026-28042026-2229133.jpg","width":1140,"height":641},{"@type":"BreadcrumbList","@id":"https:\/\/gysfm.com.ar\/inicio\/caputo-se-prepara-para-aplicar-recortes-en-todos-los-ministerios\/#breadcrumb","itemListElement":[{"@type":"ListItem","position":1,"name":"Portada","item":"https:\/\/gysfm.com.ar\/inicio\/"},{"@type":"ListItem","position":2,"name":"Caputo se prepara para aplicar recortes en todos los Ministerios"}]},{"@type":"WebSite","@id":"https:\/\/gysfm.com.ar\/inicio\/#website","url":"https:\/\/gysfm.com.ar\/inicio\/","name":"GYS NOTICIAS |","description":"DIARIO - RADIO ONLINE SAN JUAN ARGENTINA","publisher":{"@id":"https:\/\/gysfm.com.ar\/inicio\/#organization"},"potentialAction":[{"@type":"SearchAction","target":{"@type":"EntryPoint","urlTemplate":"https:\/\/gysfm.com.ar\/inicio\/?s={search_term_string}"},"query-input":{"@type":"PropertyValueSpecification","valueRequired":true,"valueName":"search_term_string"}}],"inLanguage":"es"},{"@type":"Organization","@id":"https:\/\/gysfm.com.ar\/inicio\/#organization","name":"GYS NOTICIAS |","url":"https:\/\/gysfm.com.ar\/inicio\/","logo":{"@type":"ImageObject","inLanguage":"es","@id":"https:\/\/gysfm.com.ar\/inicio\/#\/schema\/logo\/image\/","url":"https:\/\/gysfm.com.ar\/inicio\/wp-content\/uploads\/2023\/07\/LOGOGYS-OK.png","contentUrl":"https:\/\/gysfm.com.ar\/inicio\/wp-content\/uploads\/2023\/07\/LOGOGYS-OK.png","width":1170,"height":872,"caption":"GYS NOTICIAS |"},"image":{"@id":"https:\/\/gysfm.com.ar\/inicio\/#\/schema\/logo\/image\/"}},{"@type":"Person","@id":"https:\/\/gysfm.com.ar\/inicio\/#\/schema\/person\/3abba7593ef2ad19e1be221d54383dc5","name":"Prensa G&amp;S FM","image":{"@type":"ImageObject","inLanguage":"es","@id":"https:\/\/gysfm.com.ar\/inicio\/#\/schema\/person\/image\/","url":"https:\/\/secure.gravatar.com\/avatar\/096ec78df02049ab018702bb4ccedf659377fa92a26540b5247612077a0dbd29?s=96&d=mm&r=g","contentUrl":"https:\/\/secure.gravatar.com\/avatar\/096ec78df02049ab018702bb4ccedf659377fa92a26540b5247612077a0dbd29?s=96&d=mm&r=g","caption":"Prensa G&amp;S FM"},"sameAs":["https:\/\/gysfm.com.ar\/"],"url":"https:\/\/gysfm.com.ar\/inicio\/author\/lucasm\/"}]}},"_links":{"self":[{"href":"https:\/\/gysfm.com.ar\/inicio\/wp-json\/wp\/v2\/posts\/193767","targetHints":{"allow":["GET"]}}],"collection":[{"href":"https:\/\/gysfm.com.ar\/inicio\/wp-json\/wp\/v2\/posts"}],"about":[{"href":"https:\/\/gysfm.com.ar\/inicio\/wp-json\/wp\/v2\/types\/post"}],"author":[{"embeddable":true,"href":"https:\/\/gysfm.com.ar\/inicio\/wp-json\/wp\/v2\/users\/2"}],"replies":[{"embeddable":true,"href":"https:\/\/gysfm.com.ar\/inicio\/wp-json\/wp\/v2\/comments?post=193767"}],"version-history":[{"count":0,"href":"https:\/\/gysfm.com.ar\/inicio\/wp-json\/wp\/v2\/posts\/193767\/revisions"}],"wp:featuredmedia":[{"embeddable":true,"href":"https:\/\/gysfm.com.ar\/inicio\/wp-json\/wp\/v2\/media\/193768"}],"wp:attachment":[{"href":"https:\/\/gysfm.com.ar\/inicio\/wp-json\/wp\/v2\/media?parent=193767"}],"wp:term":[{"taxonomy":"category","embeddable":true,"href":"https:\/\/gysfm.com.ar\/inicio\/wp-json\/wp\/v2\/categories?post=193767"},{"taxonomy":"post_tag","embeddable":true,"href":"https:\/\/gysfm.com.ar\/inicio\/wp-json\/wp\/v2\/tags?post=193767"}],"curies":[{"name":"wp","href":"https:\/\/api.w.org\/{rel}","templated":true}]}}