{"id":193765,"date":"2026-04-29T19:44:47","date_gmt":"2026-04-29T22:44:47","guid":{"rendered":"https:\/\/gysfm.com.ar\/inicio\/revolucion-en-el-futbol-fifa-busca-obligar-a-los-clubes-a-incluir-juveniles-en-cancha\/"},"modified":"2026-04-29T19:44:47","modified_gmt":"2026-04-29T22:44:47","slug":"revolucion-en-el-futbol-fifa-busca-obligar-a-los-clubes-a-incluir-juveniles-en-cancha","status":"publish","type":"post","link":"https:\/\/gysfm.com.ar\/inicio\/revolucion-en-el-futbol-fifa-busca-obligar-a-los-clubes-a-incluir-juveniles-en-cancha\/","title":{"rendered":"Revoluci\u00f3n en el f\u00fatbol: FIFA busca obligar a los clubes a incluir juveniles en cancha"},"content":{"rendered":"<p><\/p>\n<div>\n<p>La <a target=\"_blank\" href=\"https:\/\/442.perfil.com\/noticias\/mundial-2026\/nueva-regla-fifa-roja-directa-por-taparse-la-boca-en-el-mundial-2026.phtml\"><strong>FIFA<\/strong> <\/a>ha puesto en marcha un proceso de consulta que podr\u00eda alterar profundamente la din\u00e1mica del f\u00fatbol profesional. El organismo rector busca implementar una <strong>obligatoriedad reglamentaria<\/strong> para que todos los equipos de primera divisi\u00f3n mantengan, en todo momento, a un futbolista de entre <a target=\"_blank\" href=\"https:\/\/442.perfil.com\/noticias\/futbol\/lamine-yamal-se-lesiono-llega-al-mundial-2026-a35.phtml\"><strong>20 y 21 a\u00f1os<\/strong> f<\/a>ormado en su propia cantera dentro del campo de juego.<\/p>\n<div style=\"text-align:center\">\n<figure class=\"image\" style=\"display:inline-block\"><img decoding=\"async\" style=\"max-width: 100%; width: 100%;\" alt=\"Barcelona vs. Celta de Vigo\" src=\"https:\/\/fotos.perfil.com\/\/2026\/04\/22\/900\/0\/barcelona-vs-celta-de-vigo-2225947.jpg\" loading=\"lazy\"\/>&#13;<figcaption>Lamine Yamal, la joven estrella del Barcelona<\/figcaption>&#13;<br \/>\n<\/figure>\n<\/div>\n<p class=\"destacadoNota\"><a target=\"_blank\" href=\"https:\/\/442.perfil.com\/noticias\/futbol\/historica-sancion-para-esteban-andrada-13-partidos-de-suspension-por-su-agresion-a-un-rival.phtml\">Hist\u00f3rica sanci\u00f3n para Esteban Andrada: 13 partidos de suspensi\u00f3n por su agresi\u00f3n a un rival<\/a><\/p>\n<p>Esta medida, aprobada de forma un\u00e1nime por el <strong>Consejo de la FIFA<\/strong> en su reciente reuni\u00f3n en <strong>Vancouver<\/strong>, apunta a frenar la tendencia de los clubes de \u00e9lite a depender exclusivamente de fichajes millonarios. El objetivo es claro: recuperar la esencia del trabajo formativo y brindar rodaje real a las j\u00f3venes promesas que hoy suelen quedar relegadas en los planteles profesionales.<\/p>\n<h2><em><strong>El impacto t\u00e1ctico y estrat\u00e9gico en los planteles<\/strong><\/em><\/h2>\n<p>De concretarse, esta normativa obligar\u00eda a los entrenadores a modificar dr\u00e1sticamente su planificaci\u00f3n de partidos. Ya no bastar\u00e1 con tener juveniles en la lista de buena fe; la <strong>estrategia de sustituciones<\/strong> y la gesti\u00f3n de las lesiones durante un encuentro deber\u00e1n contemplar, obligatoriamente, la presencia de al menos una \u00abjoya\u00bb de la casa en el c\u00e9sped.<\/p>\n<div style=\"text-align:center\">\n<figure class=\"image\" style=\"display:inline-block\"><img decoding=\"async\" style=\"max-width: 100%; width: 100%;\" alt=\"Tom\u00e1s Aranda\" src=\"https:\/\/fotos.perfil.com\/\/2026\/02\/13\/900\/0\/tomas-aranda-2186141.jpg\" loading=\"lazy\"\/>&#13;<figcaption>Tom\u00e1s Aranda ser\u00eda la salvaci\u00f3n para Boca<\/figcaption>&#13;<br \/>\n<\/figure>\n<\/div>\n<p class=\"destacadoNota\"><a target=\"_blank\" href=\"https:\/\/442.perfil.com\/noticias\/futbol\/los-7-invictos-mas-largos-de-boca-juniors-en-el-siglo-xxi.phtml\">Los 7 invictos m\u00e1s largos de Boca Juniors en el siglo XXI<\/a><\/p>\n<p>Para clubes como el <strong>Manchester City<\/strong>, que ya integra a talentos como <strong>Rico Lewis<\/strong> con regularidad, el impacto ser\u00eda menor. Sin embargo, para instituciones europeas que priorizan planteles plagados de estrellas internacionales \u2014y que apenas han utilizado juveniles esta temporada\u2014, la regla representar\u00eda un desaf\u00edo log\u00edstico y deportivo de magnitud.<\/p>\n<h2><em><strong>\u00bfQu\u00e9 dicen los clubes y las ligas?<\/strong><\/em><\/h2>\n<p>El proceso de consulta incluir\u00e1 a confederaciones, federaciones nacionales y asociaciones de futbolistas. La preocupaci\u00f3n central de los clubes gira en torno a la <strong>presi\u00f3n competitiva<\/strong>: \u00bfqu\u00e9 suceder\u00e1 si el \u00fanico juvenil disponible se lesiona o es expulsado durante un partido crucial? La FIFA busca respuestas a estos dilemas antes de presentar el proyecto formal el pr\u00f3ximo a\u00f1o.<\/p>\n<p><em><strong>LT.<\/strong><\/em><\/p>\n<p>\t\t\t\t\t<!-- tags --><\/p><\/div>\n<p><script async defer crossorigin=\"anonymous\" src=\"https:\/\/connect.facebook.net\/es_LA\/sdk.js#xfbml=1&#038;version=v10.0&#038;appId=2243118389309392&#038;autoLogAppEvents=1\" nonce=\"9rD4vd6X\"><\/script><\/p>\n","protected":false},"excerpt":{"rendered":"<p>La FIFA ha puesto en marcha un proceso de consulta que podr\u00eda alterar profundamente la din\u00e1mica del f\u00fatbol profesional. El organismo rector busca implementar una obligatoriedad reglamentaria para que todos los equipos de primera divisi\u00f3n mantengan, en todo momento, a un futbolista de entre 20 y 21 a\u00f1os formado en su propia cantera dentro del [&hellip;]<\/p>\n","protected":false},"author":2,"featured_media":193766,"comment_status":"closed","ping_status":"closed","sticky":false,"template":"","format":"standard","meta":{"footnotes":""},"categories":[25],"tags":[],"class_list":["post-193765","post","type-post","status-publish","format-standard","has-post-thumbnail","hentry","category-nacionales"],"yoast_head":"<!-- This site is optimized with the Yoast SEO plugin v24.4 - https:\/\/yoast.com\/wordpress\/plugins\/seo\/ -->\n<title>Revoluci\u00f3n en el f\u00fatbol: FIFA busca obligar a los clubes a incluir juveniles en cancha - GYS NOTICIAS |<\/title>\n<meta name=\"robots\" content=\"index, follow, max-snippet:-1, max-image-preview:large, max-video-preview:-1\" \/>\n<link rel=\"canonical\" href=\"https:\/\/gysfm.com.ar\/inicio\/revolucion-en-el-futbol-fifa-busca-obligar-a-los-clubes-a-incluir-juveniles-en-cancha\/\" \/>\n<meta property=\"og:locale\" content=\"es_ES\" \/>\n<meta property=\"og:type\" content=\"article\" \/>\n<meta property=\"og:title\" content=\"Revoluci\u00f3n en el f\u00fatbol: FIFA busca obligar a los clubes a incluir juveniles en cancha - GYS NOTICIAS |\" \/>\n<meta property=\"og:description\" content=\"La FIFA ha puesto en marcha un proceso de consulta que podr\u00eda alterar profundamente la din\u00e1mica del f\u00fatbol profesional. El organismo rector busca implementar una obligatoriedad reglamentaria para que todos los equipos de primera divisi\u00f3n mantengan, en todo momento, a un futbolista de entre 20 y 21 a\u00f1os formado en su propia cantera dentro del [&hellip;]\" \/>\n<meta property=\"og:url\" content=\"https:\/\/gysfm.com.ar\/inicio\/revolucion-en-el-futbol-fifa-busca-obligar-a-los-clubes-a-incluir-juveniles-en-cancha\/\" \/>\n<meta property=\"og:site_name\" content=\"GYS NOTICIAS |\" \/>\n<meta property=\"article:published_time\" content=\"2026-04-29T22:44:47+00:00\" \/>\n<meta property=\"og:image\" content=\"https:\/\/fotos.perfil.com\/\/2026\/04\/22\/900\/0\/barcelona-vs-celta-de-vigo-2225947.jpg\" \/>\n<meta name=\"author\" content=\"Prensa G&amp;S FM\" \/>\n<meta name=\"twitter:card\" content=\"summary_large_image\" \/>\n<meta name=\"twitter:label1\" content=\"Escrito por\" \/>\n\t<meta name=\"twitter:data1\" content=\"Prensa G&amp;S FM\" \/>\n\t<meta name=\"twitter:label2\" content=\"Tiempo de lectura\" \/>\n\t<meta name=\"twitter:data2\" content=\"2 minutos\" \/>\n<script type=\"application\/ld+json\" class=\"yoast-schema-graph\">{\"@context\":\"https:\/\/schema.org\",\"@graph\":[{\"@type\":\"Article\",\"@id\":\"https:\/\/gysfm.com.ar\/inicio\/revolucion-en-el-futbol-fifa-busca-obligar-a-los-clubes-a-incluir-juveniles-en-cancha\/#article\",\"isPartOf\":{\"@id\":\"https:\/\/gysfm.com.ar\/inicio\/revolucion-en-el-futbol-fifa-busca-obligar-a-los-clubes-a-incluir-juveniles-en-cancha\/\"},\"author\":{\"name\":\"Prensa G&amp;S FM\",\"@id\":\"https:\/\/gysfm.com.ar\/inicio\/#\/schema\/person\/3abba7593ef2ad19e1be221d54383dc5\"},\"headline\":\"Revoluci\u00f3n en el f\u00fatbol: FIFA busca obligar a los clubes a incluir juveniles en cancha\",\"datePublished\":\"2026-04-29T22:44:47+00:00\",\"mainEntityOfPage\":{\"@id\":\"https:\/\/gysfm.com.ar\/inicio\/revolucion-en-el-futbol-fifa-busca-obligar-a-los-clubes-a-incluir-juveniles-en-cancha\/\"},\"wordCount\":385,\"publisher\":{\"@id\":\"https:\/\/gysfm.com.ar\/inicio\/#organization\"},\"image\":{\"@id\":\"https:\/\/gysfm.com.ar\/inicio\/revolucion-en-el-futbol-fifa-busca-obligar-a-los-clubes-a-incluir-juveniles-en-cancha\/#primaryimage\"},\"thumbnailUrl\":\"https:\/\/gysfm.com.ar\/inicio\/wp-content\/uploads\/2026\/04\/gianni-infantino-2227114.jpg\",\"articleSection\":[\"NACIONALES\"],\"inLanguage\":\"es\"},{\"@type\":\"WebPage\",\"@id\":\"https:\/\/gysfm.com.ar\/inicio\/revolucion-en-el-futbol-fifa-busca-obligar-a-los-clubes-a-incluir-juveniles-en-cancha\/\",\"url\":\"https:\/\/gysfm.com.ar\/inicio\/revolucion-en-el-futbol-fifa-busca-obligar-a-los-clubes-a-incluir-juveniles-en-cancha\/\",\"name\":\"Revoluci\u00f3n en el f\u00fatbol: FIFA busca obligar a los clubes a incluir juveniles en cancha - GYS NOTICIAS |\",\"isPartOf\":{\"@id\":\"https:\/\/gysfm.com.ar\/inicio\/#website\"},\"primaryImageOfPage\":{\"@id\":\"https:\/\/gysfm.com.ar\/inicio\/revolucion-en-el-futbol-fifa-busca-obligar-a-los-clubes-a-incluir-juveniles-en-cancha\/#primaryimage\"},\"image\":{\"@id\":\"https:\/\/gysfm.com.ar\/inicio\/revolucion-en-el-futbol-fifa-busca-obligar-a-los-clubes-a-incluir-juveniles-en-cancha\/#primaryimage\"},\"thumbnailUrl\":\"https:\/\/gysfm.com.ar\/inicio\/wp-content\/uploads\/2026\/04\/gianni-infantino-2227114.jpg\",\"datePublished\":\"2026-04-29T22:44:47+00:00\",\"breadcrumb\":{\"@id\":\"https:\/\/gysfm.com.ar\/inicio\/revolucion-en-el-futbol-fifa-busca-obligar-a-los-clubes-a-incluir-juveniles-en-cancha\/#breadcrumb\"},\"inLanguage\":\"es\",\"potentialAction\":[{\"@type\":\"ReadAction\",\"target\":[\"https:\/\/gysfm.com.ar\/inicio\/revolucion-en-el-futbol-fifa-busca-obligar-a-los-clubes-a-incluir-juveniles-en-cancha\/\"]}]},{\"@type\":\"ImageObject\",\"inLanguage\":\"es\",\"@id\":\"https:\/\/gysfm.com.ar\/inicio\/revolucion-en-el-futbol-fifa-busca-obligar-a-los-clubes-a-incluir-juveniles-en-cancha\/#primaryimage\",\"url\":\"https:\/\/gysfm.com.ar\/inicio\/wp-content\/uploads\/2026\/04\/gianni-infantino-2227114.jpg\",\"contentUrl\":\"https:\/\/gysfm.com.ar\/inicio\/wp-content\/uploads\/2026\/04\/gianni-infantino-2227114.jpg\",\"width\":1140,\"height\":641},{\"@type\":\"BreadcrumbList\",\"@id\":\"https:\/\/gysfm.com.ar\/inicio\/revolucion-en-el-futbol-fifa-busca-obligar-a-los-clubes-a-incluir-juveniles-en-cancha\/#breadcrumb\",\"itemListElement\":[{\"@type\":\"ListItem\",\"position\":1,\"name\":\"Portada\",\"item\":\"https:\/\/gysfm.com.ar\/inicio\/\"},{\"@type\":\"ListItem\",\"position\":2,\"name\":\"Revoluci\u00f3n en el f\u00fatbol: FIFA busca obligar a los clubes a incluir juveniles en cancha\"}]},{\"@type\":\"WebSite\",\"@id\":\"https:\/\/gysfm.com.ar\/inicio\/#website\",\"url\":\"https:\/\/gysfm.com.ar\/inicio\/\",\"name\":\"GYS NOTICIAS |\",\"description\":\"DIARIO - RADIO ONLINE SAN JUAN ARGENTINA\",\"publisher\":{\"@id\":\"https:\/\/gysfm.com.ar\/inicio\/#organization\"},\"potentialAction\":[{\"@type\":\"SearchAction\",\"target\":{\"@type\":\"EntryPoint\",\"urlTemplate\":\"https:\/\/gysfm.com.ar\/inicio\/?s={search_term_string}\"},\"query-input\":{\"@type\":\"PropertyValueSpecification\",\"valueRequired\":true,\"valueName\":\"search_term_string\"}}],\"inLanguage\":\"es\"},{\"@type\":\"Organization\",\"@id\":\"https:\/\/gysfm.com.ar\/inicio\/#organization\",\"name\":\"GYS NOTICIAS |\",\"url\":\"https:\/\/gysfm.com.ar\/inicio\/\",\"logo\":{\"@type\":\"ImageObject\",\"inLanguage\":\"es\",\"@id\":\"https:\/\/gysfm.com.ar\/inicio\/#\/schema\/logo\/image\/\",\"url\":\"https:\/\/gysfm.com.ar\/inicio\/wp-content\/uploads\/2023\/07\/LOGOGYS-OK.png\",\"contentUrl\":\"https:\/\/gysfm.com.ar\/inicio\/wp-content\/uploads\/2023\/07\/LOGOGYS-OK.png\",\"width\":1170,\"height\":872,\"caption\":\"GYS NOTICIAS |\"},\"image\":{\"@id\":\"https:\/\/gysfm.com.ar\/inicio\/#\/schema\/logo\/image\/\"}},{\"@type\":\"Person\",\"@id\":\"https:\/\/gysfm.com.ar\/inicio\/#\/schema\/person\/3abba7593ef2ad19e1be221d54383dc5\",\"name\":\"Prensa G&amp;S FM\",\"image\":{\"@type\":\"ImageObject\",\"inLanguage\":\"es\",\"@id\":\"https:\/\/gysfm.com.ar\/inicio\/#\/schema\/person\/image\/\",\"url\":\"https:\/\/secure.gravatar.com\/avatar\/096ec78df02049ab018702bb4ccedf659377fa92a26540b5247612077a0dbd29?s=96&d=mm&r=g\",\"contentUrl\":\"https:\/\/secure.gravatar.com\/avatar\/096ec78df02049ab018702bb4ccedf659377fa92a26540b5247612077a0dbd29?s=96&d=mm&r=g\",\"caption\":\"Prensa G&amp;S FM\"},\"sameAs\":[\"https:\/\/gysfm.com.ar\/\"],\"url\":\"https:\/\/gysfm.com.ar\/inicio\/author\/lucasm\/\"}]}<\/script>\n<!-- \/ Yoast SEO plugin. -->","yoast_head_json":{"title":"Revoluci\u00f3n en el f\u00fatbol: FIFA busca obligar a los clubes a incluir juveniles en cancha - GYS NOTICIAS |","robots":{"index":"index","follow":"follow","max-snippet":"max-snippet:-1","max-image-preview":"max-image-preview:large","max-video-preview":"max-video-preview:-1"},"canonical":"https:\/\/gysfm.com.ar\/inicio\/revolucion-en-el-futbol-fifa-busca-obligar-a-los-clubes-a-incluir-juveniles-en-cancha\/","og_locale":"es_ES","og_type":"article","og_title":"Revoluci\u00f3n en el f\u00fatbol: FIFA busca obligar a los clubes a incluir juveniles en cancha - GYS NOTICIAS |","og_description":"La FIFA ha puesto en marcha un proceso de consulta que podr\u00eda alterar profundamente la din\u00e1mica del f\u00fatbol profesional. El organismo rector busca implementar una obligatoriedad reglamentaria para que todos los equipos de primera divisi\u00f3n mantengan, en todo momento, a un futbolista de entre 20 y 21 a\u00f1os formado en su propia cantera dentro del [&hellip;]","og_url":"https:\/\/gysfm.com.ar\/inicio\/revolucion-en-el-futbol-fifa-busca-obligar-a-los-clubes-a-incluir-juveniles-en-cancha\/","og_site_name":"GYS NOTICIAS |","article_published_time":"2026-04-29T22:44:47+00:00","og_image":[{"url":"https:\/\/fotos.perfil.com\/\/2026\/04\/22\/900\/0\/barcelona-vs-celta-de-vigo-2225947.jpg","type":"","width":"","height":""}],"author":"Prensa G&amp;S FM","twitter_card":"summary_large_image","twitter_misc":{"Escrito por":"Prensa G&amp;S FM","Tiempo de lectura":"2 minutos"},"schema":{"@context":"https:\/\/schema.org","@graph":[{"@type":"Article","@id":"https:\/\/gysfm.com.ar\/inicio\/revolucion-en-el-futbol-fifa-busca-obligar-a-los-clubes-a-incluir-juveniles-en-cancha\/#article","isPartOf":{"@id":"https:\/\/gysfm.com.ar\/inicio\/revolucion-en-el-futbol-fifa-busca-obligar-a-los-clubes-a-incluir-juveniles-en-cancha\/"},"author":{"name":"Prensa G&amp;S FM","@id":"https:\/\/gysfm.com.ar\/inicio\/#\/schema\/person\/3abba7593ef2ad19e1be221d54383dc5"},"headline":"Revoluci\u00f3n en el f\u00fatbol: FIFA busca obligar a los clubes a incluir juveniles en cancha","datePublished":"2026-04-29T22:44:47+00:00","mainEntityOfPage":{"@id":"https:\/\/gysfm.com.ar\/inicio\/revolucion-en-el-futbol-fifa-busca-obligar-a-los-clubes-a-incluir-juveniles-en-cancha\/"},"wordCount":385,"publisher":{"@id":"https:\/\/gysfm.com.ar\/inicio\/#organization"},"image":{"@id":"https:\/\/gysfm.com.ar\/inicio\/revolucion-en-el-futbol-fifa-busca-obligar-a-los-clubes-a-incluir-juveniles-en-cancha\/#primaryimage"},"thumbnailUrl":"https:\/\/gysfm.com.ar\/inicio\/wp-content\/uploads\/2026\/04\/gianni-infantino-2227114.jpg","articleSection":["NACIONALES"],"inLanguage":"es"},{"@type":"WebPage","@id":"https:\/\/gysfm.com.ar\/inicio\/revolucion-en-el-futbol-fifa-busca-obligar-a-los-clubes-a-incluir-juveniles-en-cancha\/","url":"https:\/\/gysfm.com.ar\/inicio\/revolucion-en-el-futbol-fifa-busca-obligar-a-los-clubes-a-incluir-juveniles-en-cancha\/","name":"Revoluci\u00f3n en el f\u00fatbol: FIFA busca obligar a los clubes a incluir juveniles en cancha - GYS NOTICIAS |","isPartOf":{"@id":"https:\/\/gysfm.com.ar\/inicio\/#website"},"primaryImageOfPage":{"@id":"https:\/\/gysfm.com.ar\/inicio\/revolucion-en-el-futbol-fifa-busca-obligar-a-los-clubes-a-incluir-juveniles-en-cancha\/#primaryimage"},"image":{"@id":"https:\/\/gysfm.com.ar\/inicio\/revolucion-en-el-futbol-fifa-busca-obligar-a-los-clubes-a-incluir-juveniles-en-cancha\/#primaryimage"},"thumbnailUrl":"https:\/\/gysfm.com.ar\/inicio\/wp-content\/uploads\/2026\/04\/gianni-infantino-2227114.jpg","datePublished":"2026-04-29T22:44:47+00:00","breadcrumb":{"@id":"https:\/\/gysfm.com.ar\/inicio\/revolucion-en-el-futbol-fifa-busca-obligar-a-los-clubes-a-incluir-juveniles-en-cancha\/#breadcrumb"},"inLanguage":"es","potentialAction":[{"@type":"ReadAction","target":["https:\/\/gysfm.com.ar\/inicio\/revolucion-en-el-futbol-fifa-busca-obligar-a-los-clubes-a-incluir-juveniles-en-cancha\/"]}]},{"@type":"ImageObject","inLanguage":"es","@id":"https:\/\/gysfm.com.ar\/inicio\/revolucion-en-el-futbol-fifa-busca-obligar-a-los-clubes-a-incluir-juveniles-en-cancha\/#primaryimage","url":"https:\/\/gysfm.com.ar\/inicio\/wp-content\/uploads\/2026\/04\/gianni-infantino-2227114.jpg","contentUrl":"https:\/\/gysfm.com.ar\/inicio\/wp-content\/uploads\/2026\/04\/gianni-infantino-2227114.jpg","width":1140,"height":641},{"@type":"BreadcrumbList","@id":"https:\/\/gysfm.com.ar\/inicio\/revolucion-en-el-futbol-fifa-busca-obligar-a-los-clubes-a-incluir-juveniles-en-cancha\/#breadcrumb","itemListElement":[{"@type":"ListItem","position":1,"name":"Portada","item":"https:\/\/gysfm.com.ar\/inicio\/"},{"@type":"ListItem","position":2,"name":"Revoluci\u00f3n en el f\u00fatbol: FIFA busca obligar a los clubes a incluir juveniles en cancha"}]},{"@type":"WebSite","@id":"https:\/\/gysfm.com.ar\/inicio\/#website","url":"https:\/\/gysfm.com.ar\/inicio\/","name":"GYS NOTICIAS |","description":"DIARIO - RADIO ONLINE SAN JUAN ARGENTINA","publisher":{"@id":"https:\/\/gysfm.com.ar\/inicio\/#organization"},"potentialAction":[{"@type":"SearchAction","target":{"@type":"EntryPoint","urlTemplate":"https:\/\/gysfm.com.ar\/inicio\/?s={search_term_string}"},"query-input":{"@type":"PropertyValueSpecification","valueRequired":true,"valueName":"search_term_string"}}],"inLanguage":"es"},{"@type":"Organization","@id":"https:\/\/gysfm.com.ar\/inicio\/#organization","name":"GYS NOTICIAS |","url":"https:\/\/gysfm.com.ar\/inicio\/","logo":{"@type":"ImageObject","inLanguage":"es","@id":"https:\/\/gysfm.com.ar\/inicio\/#\/schema\/logo\/image\/","url":"https:\/\/gysfm.com.ar\/inicio\/wp-content\/uploads\/2023\/07\/LOGOGYS-OK.png","contentUrl":"https:\/\/gysfm.com.ar\/inicio\/wp-content\/uploads\/2023\/07\/LOGOGYS-OK.png","width":1170,"height":872,"caption":"GYS NOTICIAS |"},"image":{"@id":"https:\/\/gysfm.com.ar\/inicio\/#\/schema\/logo\/image\/"}},{"@type":"Person","@id":"https:\/\/gysfm.com.ar\/inicio\/#\/schema\/person\/3abba7593ef2ad19e1be221d54383dc5","name":"Prensa G&amp;S FM","image":{"@type":"ImageObject","inLanguage":"es","@id":"https:\/\/gysfm.com.ar\/inicio\/#\/schema\/person\/image\/","url":"https:\/\/secure.gravatar.com\/avatar\/096ec78df02049ab018702bb4ccedf659377fa92a26540b5247612077a0dbd29?s=96&d=mm&r=g","contentUrl":"https:\/\/secure.gravatar.com\/avatar\/096ec78df02049ab018702bb4ccedf659377fa92a26540b5247612077a0dbd29?s=96&d=mm&r=g","caption":"Prensa G&amp;S FM"},"sameAs":["https:\/\/gysfm.com.ar\/"],"url":"https:\/\/gysfm.com.ar\/inicio\/author\/lucasm\/"}]}},"_links":{"self":[{"href":"https:\/\/gysfm.com.ar\/inicio\/wp-json\/wp\/v2\/posts\/193765","targetHints":{"allow":["GET"]}}],"collection":[{"href":"https:\/\/gysfm.com.ar\/inicio\/wp-json\/wp\/v2\/posts"}],"about":[{"href":"https:\/\/gysfm.com.ar\/inicio\/wp-json\/wp\/v2\/types\/post"}],"author":[{"embeddable":true,"href":"https:\/\/gysfm.com.ar\/inicio\/wp-json\/wp\/v2\/users\/2"}],"replies":[{"embeddable":true,"href":"https:\/\/gysfm.com.ar\/inicio\/wp-json\/wp\/v2\/comments?post=193765"}],"version-history":[{"count":0,"href":"https:\/\/gysfm.com.ar\/inicio\/wp-json\/wp\/v2\/posts\/193765\/revisions"}],"wp:featuredmedia":[{"embeddable":true,"href":"https:\/\/gysfm.com.ar\/inicio\/wp-json\/wp\/v2\/media\/193766"}],"wp:attachment":[{"href":"https:\/\/gysfm.com.ar\/inicio\/wp-json\/wp\/v2\/media?parent=193765"}],"wp:term":[{"taxonomy":"category","embeddable":true,"href":"https:\/\/gysfm.com.ar\/inicio\/wp-json\/wp\/v2\/categories?post=193765"},{"taxonomy":"post_tag","embeddable":true,"href":"https:\/\/gysfm.com.ar\/inicio\/wp-json\/wp\/v2\/tags?post=193765"}],"curies":[{"name":"wp","href":"https:\/\/api.w.org\/{rel}","templated":true}]}}