{"id":193762,"date":"2026-04-29T19:38:01","date_gmt":"2026-04-29T22:38:01","guid":{"rendered":"https:\/\/gysfm.com.ar\/inicio\/el-nuevo-contrato-de-concesion-de-aysa-insiste-en-cortes-por-mora-y-aplica-fuertes-multas\/"},"modified":"2026-04-29T19:38:02","modified_gmt":"2026-04-29T22:38:02","slug":"el-nuevo-contrato-de-concesion-de-aysa-insiste-en-cortes-por-mora-y-aplica-fuertes-multas","status":"publish","type":"post","link":"https:\/\/gysfm.com.ar\/inicio\/el-nuevo-contrato-de-concesion-de-aysa-insiste-en-cortes-por-mora-y-aplica-fuertes-multas\/","title":{"rendered":"El nuevo contrato de concesi\u00f3n de AySA insiste en cortes por mora y aplica fuertes multas"},"content":{"rendered":"<p><\/p>\n<div>\n<p class=\"com-paragraph  --capital --s\">El Gobierno formaliz\u00f3 el nuevo contrato de concesi\u00f3n de<strong> AySA<\/strong>, una pieza clave para avanzar con la <strong>privatizaci\u00f3n<\/strong>. El nuevo marco introduce cambios de fondo en la forma en que se financia y se gestiona el <strong>servicio de agua y cloacas en el \u00c1rea Metropolitana de Buenos Aires (AMBA)<\/strong>. El esquema insiste en los <strong>cortes por mora de usuarios residenciales<\/strong>, establece <strong>multas por falta de pago<\/strong> y fija un sistema de <strong>tarifas orientado a cubrir costos e inversiones<\/strong>, en l\u00ednea con el objetivo oficial de eliminar subsidios.<\/p>\n<p class=\"com-paragraph   --s\">El texto, publicado este martes en el Bolet\u00edn Oficial y firmado por la empresa, tendr\u00e1 una vigencia de <strong>30 a\u00f1os<\/strong>, con posibilidad de una pr\u00f3rroga por otros 10, y reemplaza el esquema vigente desde 2010. La concesi\u00f3n mantiene el car\u00e1cter de <strong>monopolio del servicio<\/strong> en el \u00e1rea regulada y, adem\u00e1s, es <strong>gratuita<\/strong>, es decir, no prev\u00e9 el pago de un canon al Estado. Esto implica que la <strong>rentabilidad del operador depender\u00e1 de los ingresos tarifarios<\/strong>.<\/p>\n<p class=\"com-paragraph   --s\">\u201cEl cambio no es cosm\u00e9tico: es el marco jur\u00eddico que hace permanente la transformaci\u00f3n\u201d, se\u00f1al\u00f3 el presidente de AySA, Alejo Maxit. Seg\u00fan explic\u00f3, desde 2024 la compa\u00f1\u00eda ya cubre el <strong>100% de sus costos operativos<\/strong> con facturaci\u00f3n propia, sin aportes del Tesoro.<\/p>\n<p class=\"com-paragraph   --s\">En ese contexto, las tarifas ya ven\u00edan de un proceso de fuerte recomposici\u00f3n. Seg\u00fan el Observatorio de Tarifas y Subsidios del IIEP (UBA-Conicet), la boleta de agua en el AMBA acumul\u00f3 un aumento del <strong>418% desde diciembre de 2023<\/strong>, en l\u00ednea con la reducci\u00f3n de subsidios y el intento de llevar el servicio a un esquema autosustentable.<\/p>\n<p class=\"com-paragraph   --s\">En materia tarifaria, el contrato establece que durante el primer ciclo \u2014que se extender\u00e1 hasta 2031\u2014 no habr\u00e1 revisiones integrales de precios, aunque se mantienen los mecanismos de <strong>actualizaci\u00f3n peri\u00f3dica<\/strong> y la posibilidad de aplicar <strong>revisiones extraordinarias<\/strong> ante cambios en los costos. El esquema parte de la premisa de que los <strong>ingresos tarifarios deben cubrir costos, inversiones y una rentabilidad sobre el capital<\/strong>, lo que apunta a garantizar la sustentabilidad econ\u00f3mica del servicio.<\/p>\n<p class=\"com-paragraph   --s\">En paralelo, el Gobierno decidi\u00f3 moderar el ritmo de subas. Luego de un esquema con aumentos de hasta 4% mensual entre enero y abril, el nuevo tope ser\u00e1 de hasta <strong>3% mensual entre mayo y agosto<\/strong>, seg\u00fan inform\u00f3 la empresa. La medida apunta a sostener la adecuaci\u00f3n tarifaria \u201cde manera gradual y controlada\u201d, acompa\u00f1ar la evoluci\u00f3n de los costos y dar previsibilidad a la ejecuci\u00f3n de obras.<\/p>\n<div class=\"content-media\">\n<section role=\"button\" class=\"mod-media   \">\n<figure role=\"button\" tabindex=\"0\" class=\"mod-figure \"><figcaption class=\"mod-figcaption\"><span class=\"com-text --caption --twoxs\">Seg\u00fan el Observatorio de Tarifas y Subsidios del IIEP (UBA-Conicet), la boleta de agua en el AMBA acumul\u00f3 un aumento del 418% desde diciembre de 2023 <\/span><span class=\"com-text --credit --twoxs\">Fabi\u00e1n Marelli<\/span><\/figcaption><\/figure>\n<\/section>\n<\/div>\n<p class=\"com-paragraph   --s\">Uno de los cambios m\u00e1s sensibles para los usuarios es el endurecimiento del r\u00e9gimen de cobro. El contrato habilita de manera expl\u00edcita el corte del servicio por falta de pago cuando la mora supere los <strong>60 d\u00edas corridos para los usuarios residenciales<\/strong> y los <strong>15 d\u00edas corridos para los no residenciales<\/strong>, contados desde el segundo vencimiento de la factura. <\/p>\n<p class=\"com-paragraph   --s\">Adem\u00e1s, prev\u00e9 el cobro de cargos por aviso de corte, corte, reconexi\u00f3n e inspecciones posteriores, y <strong>permite aplicar cortes sucesivos si la deuda no se regulariza o si se viola la suspensi\u00f3n del servicio.<\/strong><\/p>\n<p class=\"com-paragraph   --s\"><strong>El endurecimiento del r\u00e9gimen de cobro se inscribe adem\u00e1s en un cambio previo del marco regulatorio. <\/strong>A trav\u00e9s del DNU 493\/2025, el Gobierno hab\u00eda habilitado por primera vez la posibilidad de cortar el servicio por falta de pago a usuarios residenciales, una facultad que hasta entonces estaba limitada a usuarios no residenciales y que, en el caso de los hogares, solo permit\u00eda la restricci\u00f3n del suministro pero no su interrupci\u00f3n total.<\/p>\n<p class=\"com-paragraph   --s\"><strong>Sin embargo, esa modificaci\u00f3n se encuentra actualmente suspendida por una medida cautelar de la Justicia Federal, que orden\u00f3 dejar sin efecto la aplicaci\u00f3n de ese r\u00e9gimen para inmuebles residenciales,<\/strong> en especial cuando se trate de viviendas habitadas por personas en situaci\u00f3n de vulnerabilidad, como ni\u00f1os, adultos mayores o personas con discapacidad.<\/p>\n<p class=\"com-paragraph   --s\">El nuevo contrato tambi\u00e9n establece recargos -o multas- por mora. Para todos los usuarios se aplicar\u00e1 un recargo resarcitorio equivalente a la <strong>tasa activa del Banco Naci\u00f3n a 30 d\u00edas<\/strong>, que se incrementar\u00e1 en un <strong>50% para los usuarios no residenciales<\/strong>. Adem\u00e1s, se sumar\u00e1n recargos punitorios: del <strong>5% para residenciales y bald\u00edos<\/strong> despu\u00e9s del primer mes de mora, y de entre <strong>5% y 10% para no residenciales<\/strong>, seg\u00fan el plazo de atraso. Tambi\u00e9n se prev\u00e9n recargos adicionales si la empresa inicia gestiones de cobranza por apoderado o por v\u00eda judicial.<\/p>\n<p class=\"com-paragraph   --s\">La formalizaci\u00f3n del contrato se realiz\u00f3 a trav\u00e9s de una resoluci\u00f3n del Ministerio de Econom\u00eda y se inscribe en el proceso de reorganizaci\u00f3n del sector iniciado tras la aprobaci\u00f3n de la Ley Bases, que declar\u00f3 a AySA sujeta a privatizaci\u00f3n. El nuevo marco era una condici\u00f3n previa para avanzar con la <strong>venta del paquete accionario estatal<\/strong>, ya que fija reglas m\u00e1s claras sobre tarifas, inversiones y obligaciones del operador.<\/p>\n<p class=\"com-paragraph   --s\">En ese sentido, el esquema prev\u00e9 la incorporaci\u00f3n de un <strong>operador estrat\u00e9gico<\/strong> a trav\u00e9s de una licitaci\u00f3n p\u00fablica nacional e internacional. La intenci\u00f3n oficial es vender el paquete mayoritario en manos del Estado \u2014con al menos el <strong>51% del capital<\/strong>\u2014 a un inversor con capacidad t\u00e9cnica y financiera, mientras que el remanente podr\u00eda colocarse en el mercado de capitales en una etapa posterior. En paralelo, se mantendr\u00eda el <strong>10% del capital en manos de los trabajadores<\/strong>.<\/p>\n<p class=\"com-paragraph   --s\">El dise\u00f1o del contrato apunta justamente a reducir el riesgo regulatorio y mejorar el atractivo del activo de cara a la licitaci\u00f3n. El esquema combina el <strong>monopolio del servicio<\/strong>, reglas tarifarias m\u00e1s claras, financiamiento de inversiones v\u00eda tarifa y menor discrecionalidad en la fijaci\u00f3n de precios, factores que podr\u00edan incidir en la valuaci\u00f3n de la compa\u00f1\u00eda.<\/p>\n<p class=\"com-paragraph   --s\">El nuevo modelo tambi\u00e9n redefine el financiamiento de las obras. Las inversiones necesarias para expandir y mantener la red \u2014incluidas en <strong>planes quinquenales obligatorios<\/strong>\u2014 podr\u00e1n ser incorporadas a la tarifa. Esto implica que una mayor cobertura o mejoras en la infraestructura tendr\u00e1n impacto directo en la factura de los usuarios, en un contexto en el que el sistema presenta desaf\u00edos estructurales: cerca del <strong>28% de la red de agua y el 50% de los sistemas cloacales<\/strong> se encuentran obsoletos y m\u00e1s del <strong>40% del agua producida no se registra o se pierde<\/strong>.<\/p>\n<p class=\"com-paragraph   --s\">El cambio llega despu\u00e9s de un per\u00edodo de fuerte ajuste en la empresa. En 2024, AySA registr\u00f3 super\u00e1vit por primera vez en m\u00e1s de una d\u00e9cada y en 2025 cerr\u00f3 con un saldo positivo de <strong>$237.000 millones<\/strong>, al tiempo que redujo su deuda en un <strong>85%<\/strong>. Las transferencias del Tesoro pasaron de <strong>$1,31 billones en 2023 a $37.000 millones en 2025<\/strong>, concentradas exclusivamente en obras. La dotaci\u00f3n de personal, en tanto, se redujo un <strong>22%<\/strong>, de 7790 empleados a 6069.<\/p>\n<p class=\"com-paragraph   --s\">En los hechos, el nuevo contrato redefine el v\u00ednculo entre el usuario, el Estado y el servicio: el costo deja de estar socializado v\u00eda subsidios y pasa a concentrarse en la <strong>tarifa<\/strong>, en un esquema que busca asegurar la sostenibilidad econ\u00f3mica de la concesi\u00f3n y preparar el terreno para la <strong>entrada de capital privado<\/strong>. El Gobierno espera sumar cerca de US$500 millones que ser\u00e1n destinados al pago de la deuda.<\/p>\n<section class=\"container-center-100 mb-40 border border-bottom border-thin border-neutral-light-700\">\n<hr\/>\n<\/section>\n<\/div>\n<p><script id=\"facebookpixel\" defer=\"\" type=\"text\/javascript\">\n        !function(f,b,e,v,n,t,s)\n        {if(f.fbq)return;n=f.fbq=function(){n.callMethod?\n        n.callMethod.apply(n,arguments):n.queue.push(arguments)};\n        if(!f._fbq)f._fbq=n;n.push=n;n.loaded=!0;n.version='2.0';\n        n.queue=[];t=b.createElement(e);t.async=!0;\n        t.src=v;s=b.getElementsByTagName(e)[0];\n        s.parentNode.insertBefore(t,s)}(window, document,'script',\n        'https:\/\/connect.facebook.net\/en_US\/fbevents.js');\n        fbq('init', '492459597522335');\n        fbq('track', 'PageView');\n    <\/script><\/p>\n","protected":false},"excerpt":{"rendered":"<p>El Gobierno formaliz\u00f3 el nuevo contrato de concesi\u00f3n de AySA, una pieza clave para avanzar con la privatizaci\u00f3n. El nuevo marco introduce cambios de fondo en la forma en que se financia y se gestiona el servicio de agua y cloacas en el \u00c1rea Metropolitana de Buenos Aires (AMBA). El esquema insiste en los cortes [&hellip;]<\/p>\n","protected":false},"author":1,"featured_media":193763,"comment_status":"closed","ping_status":"closed","sticky":false,"template":"","format":"standard","meta":{"footnotes":""},"categories":[28],"tags":[],"class_list":["post-193762","post","type-post","status-publish","format-standard","has-post-thumbnail","hentry","category-economia"],"yoast_head":"<!-- This site is optimized with the Yoast SEO plugin v24.4 - https:\/\/yoast.com\/wordpress\/plugins\/seo\/ -->\n<title>El nuevo contrato de concesi\u00f3n de AySA insiste en cortes por mora y aplica fuertes multas - GYS NOTICIAS |<\/title>\n<meta name=\"robots\" content=\"index, follow, max-snippet:-1, max-image-preview:large, max-video-preview:-1\" \/>\n<link rel=\"canonical\" href=\"https:\/\/gysfm.com.ar\/inicio\/el-nuevo-contrato-de-concesion-de-aysa-insiste-en-cortes-por-mora-y-aplica-fuertes-multas\/\" \/>\n<meta property=\"og:locale\" content=\"es_ES\" \/>\n<meta property=\"og:type\" content=\"article\" \/>\n<meta property=\"og:title\" content=\"El nuevo contrato de concesi\u00f3n de AySA insiste en cortes por mora y aplica fuertes multas - GYS NOTICIAS |\" \/>\n<meta property=\"og:description\" content=\"El Gobierno formaliz\u00f3 el nuevo contrato de concesi\u00f3n de AySA, una pieza clave para avanzar con la privatizaci\u00f3n. El nuevo marco introduce cambios de fondo en la forma en que se financia y se gestiona el servicio de agua y cloacas en el \u00c1rea Metropolitana de Buenos Aires (AMBA). El esquema insiste en los cortes [&hellip;]\" \/>\n<meta property=\"og:url\" content=\"https:\/\/gysfm.com.ar\/inicio\/el-nuevo-contrato-de-concesion-de-aysa-insiste-en-cortes-por-mora-y-aplica-fuertes-multas\/\" \/>\n<meta property=\"og:site_name\" content=\"GYS NOTICIAS |\" \/>\n<meta property=\"article:published_time\" content=\"2026-04-29T22:38:01+00:00\" \/>\n<meta property=\"article:modified_time\" content=\"2026-04-29T22:38:02+00:00\" \/>\n<meta property=\"og:image\" content=\"https:\/\/gysfm.com.ar\/inicio\/wp-content\/uploads\/2026\/04\/los-detalles-de-la-privatizacion-de-KTDCIVQ3GBH7DIAMHFUV2B2KZ4.jpg\" \/>\n\t<meta property=\"og:image:width\" content=\"1200\" \/>\n\t<meta property=\"og:image:height\" content=\"800\" \/>\n\t<meta property=\"og:image:type\" content=\"image\/jpeg\" \/>\n<meta name=\"author\" content=\"admin\" \/>\n<meta name=\"twitter:card\" content=\"summary_large_image\" \/>\n<meta name=\"twitter:label1\" content=\"Escrito por\" \/>\n\t<meta name=\"twitter:data1\" content=\"admin\" \/>\n\t<meta name=\"twitter:label2\" content=\"Tiempo de lectura\" \/>\n\t<meta name=\"twitter:data2\" content=\"6 minutos\" \/>\n<script type=\"application\/ld+json\" class=\"yoast-schema-graph\">{\"@context\":\"https:\/\/schema.org\",\"@graph\":[{\"@type\":\"Article\",\"@id\":\"https:\/\/gysfm.com.ar\/inicio\/el-nuevo-contrato-de-concesion-de-aysa-insiste-en-cortes-por-mora-y-aplica-fuertes-multas\/#article\",\"isPartOf\":{\"@id\":\"https:\/\/gysfm.com.ar\/inicio\/el-nuevo-contrato-de-concesion-de-aysa-insiste-en-cortes-por-mora-y-aplica-fuertes-multas\/\"},\"author\":{\"name\":\"admin\",\"@id\":\"https:\/\/gysfm.com.ar\/inicio\/#\/schema\/person\/5bedd7ecd35cc35548d89effafa23696\"},\"headline\":\"El nuevo contrato de concesi\u00f3n de AySA insiste en cortes por mora y aplica fuertes multas\",\"datePublished\":\"2026-04-29T22:38:01+00:00\",\"dateModified\":\"2026-04-29T22:38:02+00:00\",\"mainEntityOfPage\":{\"@id\":\"https:\/\/gysfm.com.ar\/inicio\/el-nuevo-contrato-de-concesion-de-aysa-insiste-en-cortes-por-mora-y-aplica-fuertes-multas\/\"},\"wordCount\":1262,\"publisher\":{\"@id\":\"https:\/\/gysfm.com.ar\/inicio\/#organization\"},\"image\":{\"@id\":\"https:\/\/gysfm.com.ar\/inicio\/el-nuevo-contrato-de-concesion-de-aysa-insiste-en-cortes-por-mora-y-aplica-fuertes-multas\/#primaryimage\"},\"thumbnailUrl\":\"https:\/\/gysfm.com.ar\/inicio\/wp-content\/uploads\/2026\/04\/los-detalles-de-la-privatizacion-de-KTDCIVQ3GBH7DIAMHFUV2B2KZ4.jpg\",\"articleSection\":[\"ECONOMIA\"],\"inLanguage\":\"es\"},{\"@type\":\"WebPage\",\"@id\":\"https:\/\/gysfm.com.ar\/inicio\/el-nuevo-contrato-de-concesion-de-aysa-insiste-en-cortes-por-mora-y-aplica-fuertes-multas\/\",\"url\":\"https:\/\/gysfm.com.ar\/inicio\/el-nuevo-contrato-de-concesion-de-aysa-insiste-en-cortes-por-mora-y-aplica-fuertes-multas\/\",\"name\":\"El nuevo contrato de concesi\u00f3n de AySA insiste en cortes por mora y aplica fuertes multas - GYS NOTICIAS |\",\"isPartOf\":{\"@id\":\"https:\/\/gysfm.com.ar\/inicio\/#website\"},\"primaryImageOfPage\":{\"@id\":\"https:\/\/gysfm.com.ar\/inicio\/el-nuevo-contrato-de-concesion-de-aysa-insiste-en-cortes-por-mora-y-aplica-fuertes-multas\/#primaryimage\"},\"image\":{\"@id\":\"https:\/\/gysfm.com.ar\/inicio\/el-nuevo-contrato-de-concesion-de-aysa-insiste-en-cortes-por-mora-y-aplica-fuertes-multas\/#primaryimage\"},\"thumbnailUrl\":\"https:\/\/gysfm.com.ar\/inicio\/wp-content\/uploads\/2026\/04\/los-detalles-de-la-privatizacion-de-KTDCIVQ3GBH7DIAMHFUV2B2KZ4.jpg\",\"datePublished\":\"2026-04-29T22:38:01+00:00\",\"dateModified\":\"2026-04-29T22:38:02+00:00\",\"breadcrumb\":{\"@id\":\"https:\/\/gysfm.com.ar\/inicio\/el-nuevo-contrato-de-concesion-de-aysa-insiste-en-cortes-por-mora-y-aplica-fuertes-multas\/#breadcrumb\"},\"inLanguage\":\"es\",\"potentialAction\":[{\"@type\":\"ReadAction\",\"target\":[\"https:\/\/gysfm.com.ar\/inicio\/el-nuevo-contrato-de-concesion-de-aysa-insiste-en-cortes-por-mora-y-aplica-fuertes-multas\/\"]}]},{\"@type\":\"ImageObject\",\"inLanguage\":\"es\",\"@id\":\"https:\/\/gysfm.com.ar\/inicio\/el-nuevo-contrato-de-concesion-de-aysa-insiste-en-cortes-por-mora-y-aplica-fuertes-multas\/#primaryimage\",\"url\":\"https:\/\/gysfm.com.ar\/inicio\/wp-content\/uploads\/2026\/04\/los-detalles-de-la-privatizacion-de-KTDCIVQ3GBH7DIAMHFUV2B2KZ4.jpg\",\"contentUrl\":\"https:\/\/gysfm.com.ar\/inicio\/wp-content\/uploads\/2026\/04\/los-detalles-de-la-privatizacion-de-KTDCIVQ3GBH7DIAMHFUV2B2KZ4.jpg\",\"width\":1200,\"height\":800},{\"@type\":\"BreadcrumbList\",\"@id\":\"https:\/\/gysfm.com.ar\/inicio\/el-nuevo-contrato-de-concesion-de-aysa-insiste-en-cortes-por-mora-y-aplica-fuertes-multas\/#breadcrumb\",\"itemListElement\":[{\"@type\":\"ListItem\",\"position\":1,\"name\":\"Portada\",\"item\":\"https:\/\/gysfm.com.ar\/inicio\/\"},{\"@type\":\"ListItem\",\"position\":2,\"name\":\"El nuevo contrato de concesi\u00f3n de AySA insiste en cortes por mora y aplica fuertes multas\"}]},{\"@type\":\"WebSite\",\"@id\":\"https:\/\/gysfm.com.ar\/inicio\/#website\",\"url\":\"https:\/\/gysfm.com.ar\/inicio\/\",\"name\":\"GYS NOTICIAS |\",\"description\":\"DIARIO - RADIO ONLINE SAN JUAN ARGENTINA\",\"publisher\":{\"@id\":\"https:\/\/gysfm.com.ar\/inicio\/#organization\"},\"potentialAction\":[{\"@type\":\"SearchAction\",\"target\":{\"@type\":\"EntryPoint\",\"urlTemplate\":\"https:\/\/gysfm.com.ar\/inicio\/?s={search_term_string}\"},\"query-input\":{\"@type\":\"PropertyValueSpecification\",\"valueRequired\":true,\"valueName\":\"search_term_string\"}}],\"inLanguage\":\"es\"},{\"@type\":\"Organization\",\"@id\":\"https:\/\/gysfm.com.ar\/inicio\/#organization\",\"name\":\"GYS NOTICIAS |\",\"url\":\"https:\/\/gysfm.com.ar\/inicio\/\",\"logo\":{\"@type\":\"ImageObject\",\"inLanguage\":\"es\",\"@id\":\"https:\/\/gysfm.com.ar\/inicio\/#\/schema\/logo\/image\/\",\"url\":\"https:\/\/gysfm.com.ar\/inicio\/wp-content\/uploads\/2023\/07\/LOGOGYS-OK.png\",\"contentUrl\":\"https:\/\/gysfm.com.ar\/inicio\/wp-content\/uploads\/2023\/07\/LOGOGYS-OK.png\",\"width\":1170,\"height\":872,\"caption\":\"GYS NOTICIAS |\"},\"image\":{\"@id\":\"https:\/\/gysfm.com.ar\/inicio\/#\/schema\/logo\/image\/\"}},{\"@type\":\"Person\",\"@id\":\"https:\/\/gysfm.com.ar\/inicio\/#\/schema\/person\/5bedd7ecd35cc35548d89effafa23696\",\"name\":\"admin\",\"image\":{\"@type\":\"ImageObject\",\"inLanguage\":\"es\",\"@id\":\"https:\/\/gysfm.com.ar\/inicio\/#\/schema\/person\/image\/\",\"url\":\"https:\/\/secure.gravatar.com\/avatar\/c331d312b5243fb64d5ba28108a447b27c925295129a363082c9ea52c28d32c2?s=96&d=mm&r=g\",\"contentUrl\":\"https:\/\/secure.gravatar.com\/avatar\/c331d312b5243fb64d5ba28108a447b27c925295129a363082c9ea52c28d32c2?s=96&d=mm&r=g\",\"caption\":\"admin\"},\"sameAs\":[\"https:\/\/gysfm.com.ar\/inicio\"],\"url\":\"https:\/\/gysfm.com.ar\/inicio\/author\/admin\/\"}]}<\/script>\n<!-- \/ Yoast SEO plugin. -->","yoast_head_json":{"title":"El nuevo contrato de concesi\u00f3n de AySA insiste en cortes por mora y aplica fuertes multas - GYS NOTICIAS |","robots":{"index":"index","follow":"follow","max-snippet":"max-snippet:-1","max-image-preview":"max-image-preview:large","max-video-preview":"max-video-preview:-1"},"canonical":"https:\/\/gysfm.com.ar\/inicio\/el-nuevo-contrato-de-concesion-de-aysa-insiste-en-cortes-por-mora-y-aplica-fuertes-multas\/","og_locale":"es_ES","og_type":"article","og_title":"El nuevo contrato de concesi\u00f3n de AySA insiste en cortes por mora y aplica fuertes multas - GYS NOTICIAS |","og_description":"El Gobierno formaliz\u00f3 el nuevo contrato de concesi\u00f3n de AySA, una pieza clave para avanzar con la privatizaci\u00f3n. El nuevo marco introduce cambios de fondo en la forma en que se financia y se gestiona el servicio de agua y cloacas en el \u00c1rea Metropolitana de Buenos Aires (AMBA). El esquema insiste en los cortes [&hellip;]","og_url":"https:\/\/gysfm.com.ar\/inicio\/el-nuevo-contrato-de-concesion-de-aysa-insiste-en-cortes-por-mora-y-aplica-fuertes-multas\/","og_site_name":"GYS NOTICIAS |","article_published_time":"2026-04-29T22:38:01+00:00","article_modified_time":"2026-04-29T22:38:02+00:00","og_image":[{"width":1200,"height":800,"url":"https:\/\/gysfm.com.ar\/inicio\/wp-content\/uploads\/2026\/04\/los-detalles-de-la-privatizacion-de-KTDCIVQ3GBH7DIAMHFUV2B2KZ4.jpg","type":"image\/jpeg"}],"author":"admin","twitter_card":"summary_large_image","twitter_misc":{"Escrito por":"admin","Tiempo de lectura":"6 minutos"},"schema":{"@context":"https:\/\/schema.org","@graph":[{"@type":"Article","@id":"https:\/\/gysfm.com.ar\/inicio\/el-nuevo-contrato-de-concesion-de-aysa-insiste-en-cortes-por-mora-y-aplica-fuertes-multas\/#article","isPartOf":{"@id":"https:\/\/gysfm.com.ar\/inicio\/el-nuevo-contrato-de-concesion-de-aysa-insiste-en-cortes-por-mora-y-aplica-fuertes-multas\/"},"author":{"name":"admin","@id":"https:\/\/gysfm.com.ar\/inicio\/#\/schema\/person\/5bedd7ecd35cc35548d89effafa23696"},"headline":"El nuevo contrato de concesi\u00f3n de AySA insiste en cortes por mora y aplica fuertes multas","datePublished":"2026-04-29T22:38:01+00:00","dateModified":"2026-04-29T22:38:02+00:00","mainEntityOfPage":{"@id":"https:\/\/gysfm.com.ar\/inicio\/el-nuevo-contrato-de-concesion-de-aysa-insiste-en-cortes-por-mora-y-aplica-fuertes-multas\/"},"wordCount":1262,"publisher":{"@id":"https:\/\/gysfm.com.ar\/inicio\/#organization"},"image":{"@id":"https:\/\/gysfm.com.ar\/inicio\/el-nuevo-contrato-de-concesion-de-aysa-insiste-en-cortes-por-mora-y-aplica-fuertes-multas\/#primaryimage"},"thumbnailUrl":"https:\/\/gysfm.com.ar\/inicio\/wp-content\/uploads\/2026\/04\/los-detalles-de-la-privatizacion-de-KTDCIVQ3GBH7DIAMHFUV2B2KZ4.jpg","articleSection":["ECONOMIA"],"inLanguage":"es"},{"@type":"WebPage","@id":"https:\/\/gysfm.com.ar\/inicio\/el-nuevo-contrato-de-concesion-de-aysa-insiste-en-cortes-por-mora-y-aplica-fuertes-multas\/","url":"https:\/\/gysfm.com.ar\/inicio\/el-nuevo-contrato-de-concesion-de-aysa-insiste-en-cortes-por-mora-y-aplica-fuertes-multas\/","name":"El nuevo contrato de concesi\u00f3n de AySA insiste en cortes por mora y aplica fuertes multas - GYS NOTICIAS |","isPartOf":{"@id":"https:\/\/gysfm.com.ar\/inicio\/#website"},"primaryImageOfPage":{"@id":"https:\/\/gysfm.com.ar\/inicio\/el-nuevo-contrato-de-concesion-de-aysa-insiste-en-cortes-por-mora-y-aplica-fuertes-multas\/#primaryimage"},"image":{"@id":"https:\/\/gysfm.com.ar\/inicio\/el-nuevo-contrato-de-concesion-de-aysa-insiste-en-cortes-por-mora-y-aplica-fuertes-multas\/#primaryimage"},"thumbnailUrl":"https:\/\/gysfm.com.ar\/inicio\/wp-content\/uploads\/2026\/04\/los-detalles-de-la-privatizacion-de-KTDCIVQ3GBH7DIAMHFUV2B2KZ4.jpg","datePublished":"2026-04-29T22:38:01+00:00","dateModified":"2026-04-29T22:38:02+00:00","breadcrumb":{"@id":"https:\/\/gysfm.com.ar\/inicio\/el-nuevo-contrato-de-concesion-de-aysa-insiste-en-cortes-por-mora-y-aplica-fuertes-multas\/#breadcrumb"},"inLanguage":"es","potentialAction":[{"@type":"ReadAction","target":["https:\/\/gysfm.com.ar\/inicio\/el-nuevo-contrato-de-concesion-de-aysa-insiste-en-cortes-por-mora-y-aplica-fuertes-multas\/"]}]},{"@type":"ImageObject","inLanguage":"es","@id":"https:\/\/gysfm.com.ar\/inicio\/el-nuevo-contrato-de-concesion-de-aysa-insiste-en-cortes-por-mora-y-aplica-fuertes-multas\/#primaryimage","url":"https:\/\/gysfm.com.ar\/inicio\/wp-content\/uploads\/2026\/04\/los-detalles-de-la-privatizacion-de-KTDCIVQ3GBH7DIAMHFUV2B2KZ4.jpg","contentUrl":"https:\/\/gysfm.com.ar\/inicio\/wp-content\/uploads\/2026\/04\/los-detalles-de-la-privatizacion-de-KTDCIVQ3GBH7DIAMHFUV2B2KZ4.jpg","width":1200,"height":800},{"@type":"BreadcrumbList","@id":"https:\/\/gysfm.com.ar\/inicio\/el-nuevo-contrato-de-concesion-de-aysa-insiste-en-cortes-por-mora-y-aplica-fuertes-multas\/#breadcrumb","itemListElement":[{"@type":"ListItem","position":1,"name":"Portada","item":"https:\/\/gysfm.com.ar\/inicio\/"},{"@type":"ListItem","position":2,"name":"El nuevo contrato de concesi\u00f3n de AySA insiste en cortes por mora y aplica fuertes multas"}]},{"@type":"WebSite","@id":"https:\/\/gysfm.com.ar\/inicio\/#website","url":"https:\/\/gysfm.com.ar\/inicio\/","name":"GYS NOTICIAS |","description":"DIARIO - RADIO ONLINE SAN JUAN ARGENTINA","publisher":{"@id":"https:\/\/gysfm.com.ar\/inicio\/#organization"},"potentialAction":[{"@type":"SearchAction","target":{"@type":"EntryPoint","urlTemplate":"https:\/\/gysfm.com.ar\/inicio\/?s={search_term_string}"},"query-input":{"@type":"PropertyValueSpecification","valueRequired":true,"valueName":"search_term_string"}}],"inLanguage":"es"},{"@type":"Organization","@id":"https:\/\/gysfm.com.ar\/inicio\/#organization","name":"GYS NOTICIAS |","url":"https:\/\/gysfm.com.ar\/inicio\/","logo":{"@type":"ImageObject","inLanguage":"es","@id":"https:\/\/gysfm.com.ar\/inicio\/#\/schema\/logo\/image\/","url":"https:\/\/gysfm.com.ar\/inicio\/wp-content\/uploads\/2023\/07\/LOGOGYS-OK.png","contentUrl":"https:\/\/gysfm.com.ar\/inicio\/wp-content\/uploads\/2023\/07\/LOGOGYS-OK.png","width":1170,"height":872,"caption":"GYS NOTICIAS |"},"image":{"@id":"https:\/\/gysfm.com.ar\/inicio\/#\/schema\/logo\/image\/"}},{"@type":"Person","@id":"https:\/\/gysfm.com.ar\/inicio\/#\/schema\/person\/5bedd7ecd35cc35548d89effafa23696","name":"admin","image":{"@type":"ImageObject","inLanguage":"es","@id":"https:\/\/gysfm.com.ar\/inicio\/#\/schema\/person\/image\/","url":"https:\/\/secure.gravatar.com\/avatar\/c331d312b5243fb64d5ba28108a447b27c925295129a363082c9ea52c28d32c2?s=96&d=mm&r=g","contentUrl":"https:\/\/secure.gravatar.com\/avatar\/c331d312b5243fb64d5ba28108a447b27c925295129a363082c9ea52c28d32c2?s=96&d=mm&r=g","caption":"admin"},"sameAs":["https:\/\/gysfm.com.ar\/inicio"],"url":"https:\/\/gysfm.com.ar\/inicio\/author\/admin\/"}]}},"_links":{"self":[{"href":"https:\/\/gysfm.com.ar\/inicio\/wp-json\/wp\/v2\/posts\/193762","targetHints":{"allow":["GET"]}}],"collection":[{"href":"https:\/\/gysfm.com.ar\/inicio\/wp-json\/wp\/v2\/posts"}],"about":[{"href":"https:\/\/gysfm.com.ar\/inicio\/wp-json\/wp\/v2\/types\/post"}],"author":[{"embeddable":true,"href":"https:\/\/gysfm.com.ar\/inicio\/wp-json\/wp\/v2\/users\/1"}],"replies":[{"embeddable":true,"href":"https:\/\/gysfm.com.ar\/inicio\/wp-json\/wp\/v2\/comments?post=193762"}],"version-history":[{"count":1,"href":"https:\/\/gysfm.com.ar\/inicio\/wp-json\/wp\/v2\/posts\/193762\/revisions"}],"predecessor-version":[{"id":193764,"href":"https:\/\/gysfm.com.ar\/inicio\/wp-json\/wp\/v2\/posts\/193762\/revisions\/193764"}],"wp:featuredmedia":[{"embeddable":true,"href":"https:\/\/gysfm.com.ar\/inicio\/wp-json\/wp\/v2\/media\/193763"}],"wp:attachment":[{"href":"https:\/\/gysfm.com.ar\/inicio\/wp-json\/wp\/v2\/media?parent=193762"}],"wp:term":[{"taxonomy":"category","embeddable":true,"href":"https:\/\/gysfm.com.ar\/inicio\/wp-json\/wp\/v2\/categories?post=193762"},{"taxonomy":"post_tag","embeddable":true,"href":"https:\/\/gysfm.com.ar\/inicio\/wp-json\/wp\/v2\/tags?post=193762"}],"curies":[{"name":"wp","href":"https:\/\/api.w.org\/{rel}","templated":true}]}}