{"id":193759,"date":"2026-04-29T19:37:00","date_gmt":"2026-04-29T22:37:00","guid":{"rendered":"https:\/\/gysfm.com.ar\/inicio\/un-vuelo-de-united-airlines-reporto-el-choque-con-un-dron-cerca-de-san-diego\/"},"modified":"2026-04-29T19:37:01","modified_gmt":"2026-04-29T22:37:01","slug":"un-vuelo-de-united-airlines-reporto-el-choque-con-un-dron-cerca-de-san-diego","status":"publish","type":"post","link":"https:\/\/gysfm.com.ar\/inicio\/un-vuelo-de-united-airlines-reporto-el-choque-con-un-dron-cerca-de-san-diego\/","title":{"rendered":"Un vuelo de United Airlines report\u00f3 el choque con un dron cerca de San Diego"},"content":{"rendered":"<p> <br \/>\n<\/p>\n<div>\n<p class=\"com-paragraph  --capital --s\">Un vuelo de <strong>United Airlines<\/strong> que se aproximaba al Aeropuerto Internacional de San Diego report\u00f3 este mi\u00e9rcoles una posible colisi\u00f3n con un <strong>dron \u201cpeque\u00f1o, rojo y brillante\u201d<\/strong> a unos 3000 pies de altura, seg\u00fan inform\u00f3<em> Los \u00c1ngeles Time.<\/em><\/p>\n<p class=\"com-paragraph   --s\">El vuelo 1980 de United despeg\u00f3 del Aeropuerto Internacional de San Francisco a las 6:53 y vol\u00f3 aproximadamente 90 minutos antes de aterrizar en el Aeropuerto Internacional de San Diego a las 8:28. <\/p>\n<p class=\"com-paragraph   --s\">Aunque la aeronave aterriz\u00f3 de manera segura sin da\u00f1os tras una inspecci\u00f3n, la Administraci\u00f3n Federal de Aviaci\u00f3n (FAA) <strong>investiga el incidente ocurrido en una zona de espacio a\u00e9reo restringido<\/strong>.<\/p>\n<div class=\"content-media cursor-pointer container-center-100\">\n<section class=\"media-container relative ratio-16-9 mod-media pb-32\">\n<figure class=\"mod-video\">\n<div class=\"video-player bg-black ratio-16-9\" data-has-jwplayer=\"true\" data-video-id-jw=\"ArX8gHL7\" data-config=\"{&quot;title&quot;:&quot;Avi\u00f3n de EEUU choc\u00f3 con un dron en&quot;,&quot;mediaId&quot;:&quot;ArX8gHL7&quot;,&quot;playerId&quot;:&quot;ih0086X3&quot;,&quot;playlist&quot;:[{&quot;mediaid&quot;:&quot;ArX8gHL7&quot;,&quot;sources&quot;:[{&quot;file&quot;:&quot;https:\/\/cdn.jwplayer.com\/manifests\/ArX8gHL7.m3u8&quot;,&quot;type&quot;:&quot;application\/vnd.apple.mpegurl&quot;},{&quot;bitrate&quot;:227451,&quot;file&quot;:&quot;https:\/\/cdn.jwplayer.com\/videos\/ArX8gHL7-kTExGaWf.mp4&quot;,&quot;filesize&quot;:1393139,&quot;framerate&quot;:30,&quot;height&quot;:320,&quot;label&quot;:&quot;180p&quot;,&quot;type&quot;:&quot;video\/mp4&quot;,&quot;width&quot;:320},{&quot;bitrate&quot;:304727,&quot;file&quot;:&quot;https:\/\/cdn.jwplayer.com\/videos\/ArX8gHL7-K8B0kybS.mp4&quot;,&quot;filesize&quot;:1866458,&quot;framerate&quot;:30,&quot;height&quot;:480,&quot;label&quot;:&quot;270p&quot;,&quot;type&quot;:&quot;video\/mp4&quot;,&quot;width&quot;:480},{&quot;bitrate&quot;:113817,&quot;file&quot;:&quot;https:\/\/cdn.jwplayer.com\/videos\/ArX8gHL7-hz5z2Tv4.m4a&quot;,&quot;filesize&quot;:697134,&quot;label&quot;:&quot;AAC Audio&quot;,&quot;type&quot;:&quot;audio\/mp4&quot;},{&quot;bitrate&quot;:345443,&quot;file&quot;:&quot;https:\/\/cdn.jwplayer.com\/videos\/ArX8gHL7-FnZGUVnC.mp4&quot;,&quot;filesize&quot;:2115841,&quot;framerate&quot;:30,&quot;height&quot;:640,&quot;label&quot;:&quot;360p&quot;,&quot;type&quot;:&quot;video\/mp4&quot;,&quot;width&quot;:640},{&quot;bitrate&quot;:534718,&quot;file&quot;:&quot;https:\/\/cdn.jwplayer.com\/videos\/ArX8gHL7-0G6Pwvlw.mp4&quot;,&quot;filesize&quot;:3275150,&quot;framerate&quot;:30,&quot;height&quot;:960,&quot;label&quot;:&quot;540p&quot;,&quot;type&quot;:&quot;video\/mp4&quot;,&quot;width&quot;:960}]}],&quot;hasAutoplay&quot;:false,&quot;autostart&quot;:true,&quot;tagsUrl&quot;:&quot;https:\/\/pubads.g.doubleclick.net\/gampad\/ads?slotname=\/133919216\/la_nacion_video\/nota\/preroll&amp;sz=640x480|400x300&amp;ciu_szs=300x250&amp;unviewed_position_start=1&amp;output=vast&amp;impl=s&amp;env=vp&amp;gdfp_req=1&amp;ad_rule=0&amp;vad_type=linear&amp;vpos=preroll&amp;cust_params=tags_nuevos%3Dte_san_diego%2Cca_estados_unidos%2Cca_el_mundo%2C%2CCTQNYGAZOVDCLKMN4YYRJKDGY4&amp;pod=3&amp;ppos=1&amp;lip=true&amp;min_ad_duration=0&amp;max_ad_duration=30000&amp;vrid=6256&amp;url=https%3A%2F%2Fwww.lanacion.com.ar%2Festados-unidos%2Fun-vuelo-de-united-airlines-reporto-el-choque-con-un-dron-cerca-de-san-diego-nid29042026%2F%3Fvariant%3DA&amp;description_url=https%3A%2F%2Fwww.lanacion.com.ar%2Festados-unidos%2Fun-vuelo-de-united-airlines-reporto-el-choque-con-un-dron-cerca-de-san-diego-nid29042026%2F%3Fvariant%3DA&amp;video_doc_id=short_onecue&amp;cmsid=496&amp;kfa=0&amp;tfcd=0&amp;correlator=1777501647511&quot;,&quot;arcSite&quot;:&quot;la-nacion-ar&quot;,&quot;duration&quot;:&quot;49000&quot;}\">\n<div id=\"facade-ArX8gHL7\" class=\"content-facade-jw relative bg-black ratio-16-9\"><picture><source media=\"(max-width: 767px)\" srcset=\"https:\/\/resizer.glanacion.com\/resizer\/v2\/https%3A%2F%2Fcdn.jwplayer.com%2Fv2%2Fmedia%2FArX8gHL7%2Fposter.jpg%3Fwidth%3D720?auth=51f5009c3d4e13128ef0b6c962e98113d4fa94d178b29dc8462c5191302277a9&amp;width=480&amp;quality=70&amp;smart=false\"\/><\/picture><\/div>\n<\/div><figcaption class=\"border border-1 border-bottom border-light-300 relative px-16 py-8 min-h-36 w-100_md px-0_l mb-8 bg-white\"><span class=\"text ln-text text-16 block\">Avi\u00f3n de EEUU choc\u00f3 con un dron en<\/span><\/figcaption><\/figure>\n<\/section>\n<\/div>\n<p class=\"com-paragraph   --s\">\u201cEra tan peque\u00f1o que no pude distinguirlo&#8230;<strong> era rojo y brillante<\/strong>\u201d, describi\u00f3 el piloto del Boeing 737 que iniciaba las maniobras de aterrizaje, seg\u00fan las grabaciones de la torre de control del aeropuerto.<\/p>\n<p class=\"com-paragraph   --s\">Minutos antes, el piloto hab\u00eda consultado por radio con el personal de la torre de control, SoCal Approach, si hab\u00eda alg\u00fan dron cerca de esa ubicaci\u00f3n. \u201cQue yo sepa, no\u201d, respondi\u00f3 el controlador.<\/p>\n<p class=\"com-paragraph   --s\">Seg\u00fan la Administraci\u00f3n Federal de Aviaci\u00f3n, el control de tr\u00e1fico a\u00e9reo alert\u00f3 a otros pilotos, pero <strong>no recibi\u00f3 ning\u00fan otro reporte de un dron.<\/strong> El avi\u00f3n, que transportaba a <strong>48 pasajeros<\/strong> y seis tripulantes, aterriz\u00f3 sin problemas y sin heridos.<\/p>\n<p class=\"com-paragraph   --s\">La aerol\u00ednea afirm\u00f3 al diario citado que \u201c<strong>no encontr\u00f3 da\u00f1os tras una inspecci\u00f3n exhaustiva del avi\u00f3n\u201d<\/strong>. Pese a que la inspecci\u00f3n t\u00e9cnica realizada en tierra por el equipo de mantenimiento de la aerol\u00ednea descart\u00f3 da\u00f1os visibles en el fuselaje o los motores del Boeing, la Administraci\u00f3n Federal de Aviaci\u00f3n (FAA)<strong> mantiene abierta una investigaci\u00f3n.<\/strong><\/p>\n<div class=\"content-media\">\n<section role=\"button\" class=\"mod-media   \">\n<figure role=\"button\" tabindex=\"0\" class=\"mod-figure \"><figcaption class=\"mod-figcaption\"><span class=\"com-text --caption --twoxs\">La Administraci\u00f3n Federal de Aviaci\u00f3n (FAA) investiga el incidente ocurrido en una zona de espacio a\u00e9reo restringido<\/span><\/figcaption><\/figure>\n<\/section>\n<\/div>\n<p class=\"com-paragraph   --s\">La preocupaci\u00f3n radica en la altitud: <strong>el objeto fue avistado a unos 1000 metros del suelo<\/strong>, una zona donde la operaci\u00f3n de drones recreativos est\u00e1 estrictamente prohibida. Los pilotos tienen prohibido operar drones a m\u00e1s de 120 metros de altitud a menos que cuenten con autorizaci\u00f3n de la FAA.<\/p>\n<p class=\"com-paragraph   --s\">A fines de marzo, un avi\u00f3n de <a href=\"https:\/\/www.lanacion.com.ar\/estados-unidos\/nueva-york-un-avion-de-air-canada-choco-contra-un-camion-de-bomberos-en-el-aeropuerto-laguardia-nid23032026\/\" target=\"_self\" title=\"https:\/\/www.lanacion.com.ar\/estados-unidos\/nueva-york-un-avion-de-air-canada-choco-contra-un-camion-de-bomberos-en-el-aeropuerto-laguardia-nid23032026\/\" class=\"com-link break-word\" data-mrf-recirculation=\"n_link_parrafo\">Air Canada Express choc\u00f3<\/a> contra un cami\u00f3n de bomberos en el aeropuerto LaGuardia.<\/p>\n<p class=\"com-paragraph   --s\"><strong>El piloto y el copiloto murieron<\/strong> tras ser trasladados de urgencia al hospital de la zona, mientras que otras nueve personas fueron internadas. <\/p>\n<p class=\"com-paragraph   --s\">El incidente fue confirmado por la Administraci\u00f3n Federal de Aviaci\u00f3n (FAA, por sus siglas en ingl\u00e9s) cerca de las 23.40 del domingo. <\/p>\n<div class=\"content-media\">\n<section role=\"button\" class=\"mod-media   \">\n<figure role=\"button\" tabindex=\"0\" class=\"mod-figure \"><figcaption class=\"mod-figcaption\"><span class=\"com-text --caption --twoxs\">AUn avi\u00f3n de Air Canada permanece en la pista del aeropuerto LaGuardia tras colisionar con un veh\u00edculo de rescate y extinci\u00f3n de incendios de la Autoridad Portuaria despu\u00e9s de aterrizar en Nueva York<\/span><span class=\"com-text --credit --twoxs\">Ryan Murphy &#8211; FR172324 AP<\/span><\/figcaption><\/figure>\n<\/section>\n<\/div>\n<p class=\"com-paragraph   --s\">El vuelo afectado fue el <strong>AC-8646<\/strong>de<strong>Jazz Aviation LP<\/strong>\u2014operado por Air Canada Express\u2014, que hab\u00eda partido del Aeropuerto Internacional Pierre Elliott Trudeau, en Montreal, con 72 pasajeros y cuatro tripulantes a bordo. La aeronave era un jet Bombardier CRJ-900, utilizado en rutas de corto y mediano alcance.<\/p>\n<section class=\"container-center-100 mb-40 border border-bottom border-thin border-neutral-light-700\">\n<hr\/>\n<\/section>\n<\/div>\n<p><script id=\"facebookpixel\" defer=\"\" type=\"text\/javascript\">\n        !function(f,b,e,v,n,t,s)\n        {if(f.fbq)return;n=f.fbq=function(){n.callMethod?\n        n.callMethod.apply(n,arguments):n.queue.push(arguments)};\n        if(!f._fbq)f._fbq=n;n.push=n;n.loaded=!0;n.version='2.0';\n        n.queue=[];t=b.createElement(e);t.async=!0;\n        t.src=v;s=b.getElementsByTagName(e)[0];\n        s.parentNode.insertBefore(t,s)}(window, document,'script',\n        'https:\/\/connect.facebook.net\/en_US\/fbevents.js');\n        fbq('init', '492459597522335');\n        fbq('track', 'PageView');\n    <\/script><br \/>\n<br \/><\/p>\n","protected":false},"excerpt":{"rendered":"<p>Un vuelo de United Airlines que se aproximaba al Aeropuerto Internacional de San Diego report\u00f3 este mi\u00e9rcoles una posible colisi\u00f3n con un dron \u201cpeque\u00f1o, rojo y brillante\u201d a unos 3000 pies de altura, seg\u00fan inform\u00f3 Los \u00c1ngeles Time. El vuelo 1980 de United despeg\u00f3 del Aeropuerto Internacional de San Francisco a las 6:53 y vol\u00f3 [&hellip;]<\/p>\n","protected":false},"author":2,"featured_media":193760,"comment_status":"closed","ping_status":"closed","sticky":false,"template":"","format":"standard","meta":{"footnotes":""},"categories":[26],"tags":[],"class_list":["post-193759","post","type-post","status-publish","format-standard","has-post-thumbnail","hentry","category-internacionales"],"yoast_head":"<!-- This site is optimized with the Yoast SEO plugin v24.4 - https:\/\/yoast.com\/wordpress\/plugins\/seo\/ -->\n<title>Un vuelo de United Airlines report\u00f3 el choque con un dron cerca de San Diego - GYS NOTICIAS |<\/title>\n<meta name=\"robots\" content=\"index, follow, max-snippet:-1, max-image-preview:large, max-video-preview:-1\" \/>\n<link rel=\"canonical\" href=\"https:\/\/gysfm.com.ar\/inicio\/un-vuelo-de-united-airlines-reporto-el-choque-con-un-dron-cerca-de-san-diego\/\" \/>\n<meta property=\"og:locale\" content=\"es_ES\" \/>\n<meta property=\"og:type\" content=\"article\" \/>\n<meta property=\"og:title\" content=\"Un vuelo de United Airlines report\u00f3 el choque con un dron cerca de San Diego - GYS NOTICIAS |\" \/>\n<meta property=\"og:description\" content=\"Un vuelo de United Airlines que se aproximaba al Aeropuerto Internacional de San Diego report\u00f3 este mi\u00e9rcoles una posible colisi\u00f3n con un dron \u201cpeque\u00f1o, rojo y brillante\u201d a unos 3000 pies de altura, seg\u00fan inform\u00f3 Los \u00c1ngeles Time. El vuelo 1980 de United despeg\u00f3 del Aeropuerto Internacional de San Francisco a las 6:53 y vol\u00f3 [&hellip;]\" \/>\n<meta property=\"og:url\" content=\"https:\/\/gysfm.com.ar\/inicio\/un-vuelo-de-united-airlines-reporto-el-choque-con-un-dron-cerca-de-san-diego\/\" \/>\n<meta property=\"og:site_name\" content=\"GYS NOTICIAS |\" \/>\n<meta property=\"article:published_time\" content=\"2026-04-29T22:37:00+00:00\" \/>\n<meta property=\"article:modified_time\" content=\"2026-04-29T22:37:01+00:00\" \/>\n<meta property=\"og:image\" content=\"https:\/\/gysfm.com.ar\/inicio\/wp-content\/uploads\/2026\/04\/el-incidente-ocurrio-a-3000-pies-de-KFVYHMX7GBG5VKDCXNXAXCAPX4.JPG\" \/>\n\t<meta property=\"og:image:width\" content=\"1200\" \/>\n\t<meta property=\"og:image:height\" content=\"800\" \/>\n\t<meta property=\"og:image:type\" content=\"image\/jpeg\" \/>\n<meta name=\"author\" content=\"Prensa G&amp;S FM\" \/>\n<meta name=\"twitter:card\" content=\"summary_large_image\" \/>\n<meta name=\"twitter:label1\" content=\"Escrito por\" \/>\n\t<meta name=\"twitter:data1\" content=\"Prensa G&amp;S FM\" \/>\n\t<meta name=\"twitter:label2\" content=\"Tiempo de lectura\" \/>\n\t<meta name=\"twitter:data2\" content=\"3 minutos\" \/>\n<script type=\"application\/ld+json\" class=\"yoast-schema-graph\">{\"@context\":\"https:\/\/schema.org\",\"@graph\":[{\"@type\":\"Article\",\"@id\":\"https:\/\/gysfm.com.ar\/inicio\/un-vuelo-de-united-airlines-reporto-el-choque-con-un-dron-cerca-de-san-diego\/#article\",\"isPartOf\":{\"@id\":\"https:\/\/gysfm.com.ar\/inicio\/un-vuelo-de-united-airlines-reporto-el-choque-con-un-dron-cerca-de-san-diego\/\"},\"author\":{\"name\":\"Prensa G&amp;S FM\",\"@id\":\"https:\/\/gysfm.com.ar\/inicio\/#\/schema\/person\/3abba7593ef2ad19e1be221d54383dc5\"},\"headline\":\"Un vuelo de United Airlines report\u00f3 el choque con un dron cerca de San Diego\",\"datePublished\":\"2026-04-29T22:37:00+00:00\",\"dateModified\":\"2026-04-29T22:37:01+00:00\",\"mainEntityOfPage\":{\"@id\":\"https:\/\/gysfm.com.ar\/inicio\/un-vuelo-de-united-airlines-reporto-el-choque-con-un-dron-cerca-de-san-diego\/\"},\"wordCount\":542,\"publisher\":{\"@id\":\"https:\/\/gysfm.com.ar\/inicio\/#organization\"},\"image\":{\"@id\":\"https:\/\/gysfm.com.ar\/inicio\/un-vuelo-de-united-airlines-reporto-el-choque-con-un-dron-cerca-de-san-diego\/#primaryimage\"},\"thumbnailUrl\":\"https:\/\/gysfm.com.ar\/inicio\/wp-content\/uploads\/2026\/04\/el-incidente-ocurrio-a-3000-pies-de-KFVYHMX7GBG5VKDCXNXAXCAPX4.JPG\",\"articleSection\":[\"INTERNACIONALES\"],\"inLanguage\":\"es\"},{\"@type\":\"WebPage\",\"@id\":\"https:\/\/gysfm.com.ar\/inicio\/un-vuelo-de-united-airlines-reporto-el-choque-con-un-dron-cerca-de-san-diego\/\",\"url\":\"https:\/\/gysfm.com.ar\/inicio\/un-vuelo-de-united-airlines-reporto-el-choque-con-un-dron-cerca-de-san-diego\/\",\"name\":\"Un vuelo de United Airlines report\u00f3 el choque con un dron cerca de San Diego - GYS NOTICIAS |\",\"isPartOf\":{\"@id\":\"https:\/\/gysfm.com.ar\/inicio\/#website\"},\"primaryImageOfPage\":{\"@id\":\"https:\/\/gysfm.com.ar\/inicio\/un-vuelo-de-united-airlines-reporto-el-choque-con-un-dron-cerca-de-san-diego\/#primaryimage\"},\"image\":{\"@id\":\"https:\/\/gysfm.com.ar\/inicio\/un-vuelo-de-united-airlines-reporto-el-choque-con-un-dron-cerca-de-san-diego\/#primaryimage\"},\"thumbnailUrl\":\"https:\/\/gysfm.com.ar\/inicio\/wp-content\/uploads\/2026\/04\/el-incidente-ocurrio-a-3000-pies-de-KFVYHMX7GBG5VKDCXNXAXCAPX4.JPG\",\"datePublished\":\"2026-04-29T22:37:00+00:00\",\"dateModified\":\"2026-04-29T22:37:01+00:00\",\"breadcrumb\":{\"@id\":\"https:\/\/gysfm.com.ar\/inicio\/un-vuelo-de-united-airlines-reporto-el-choque-con-un-dron-cerca-de-san-diego\/#breadcrumb\"},\"inLanguage\":\"es\",\"potentialAction\":[{\"@type\":\"ReadAction\",\"target\":[\"https:\/\/gysfm.com.ar\/inicio\/un-vuelo-de-united-airlines-reporto-el-choque-con-un-dron-cerca-de-san-diego\/\"]}]},{\"@type\":\"ImageObject\",\"inLanguage\":\"es\",\"@id\":\"https:\/\/gysfm.com.ar\/inicio\/un-vuelo-de-united-airlines-reporto-el-choque-con-un-dron-cerca-de-san-diego\/#primaryimage\",\"url\":\"https:\/\/gysfm.com.ar\/inicio\/wp-content\/uploads\/2026\/04\/el-incidente-ocurrio-a-3000-pies-de-KFVYHMX7GBG5VKDCXNXAXCAPX4.JPG\",\"contentUrl\":\"https:\/\/gysfm.com.ar\/inicio\/wp-content\/uploads\/2026\/04\/el-incidente-ocurrio-a-3000-pies-de-KFVYHMX7GBG5VKDCXNXAXCAPX4.JPG\",\"width\":1200,\"height\":800},{\"@type\":\"BreadcrumbList\",\"@id\":\"https:\/\/gysfm.com.ar\/inicio\/un-vuelo-de-united-airlines-reporto-el-choque-con-un-dron-cerca-de-san-diego\/#breadcrumb\",\"itemListElement\":[{\"@type\":\"ListItem\",\"position\":1,\"name\":\"Portada\",\"item\":\"https:\/\/gysfm.com.ar\/inicio\/\"},{\"@type\":\"ListItem\",\"position\":2,\"name\":\"Un vuelo de United Airlines report\u00f3 el choque con un dron cerca de San Diego\"}]},{\"@type\":\"WebSite\",\"@id\":\"https:\/\/gysfm.com.ar\/inicio\/#website\",\"url\":\"https:\/\/gysfm.com.ar\/inicio\/\",\"name\":\"GYS NOTICIAS |\",\"description\":\"DIARIO - RADIO ONLINE SAN JUAN ARGENTINA\",\"publisher\":{\"@id\":\"https:\/\/gysfm.com.ar\/inicio\/#organization\"},\"potentialAction\":[{\"@type\":\"SearchAction\",\"target\":{\"@type\":\"EntryPoint\",\"urlTemplate\":\"https:\/\/gysfm.com.ar\/inicio\/?s={search_term_string}\"},\"query-input\":{\"@type\":\"PropertyValueSpecification\",\"valueRequired\":true,\"valueName\":\"search_term_string\"}}],\"inLanguage\":\"es\"},{\"@type\":\"Organization\",\"@id\":\"https:\/\/gysfm.com.ar\/inicio\/#organization\",\"name\":\"GYS NOTICIAS |\",\"url\":\"https:\/\/gysfm.com.ar\/inicio\/\",\"logo\":{\"@type\":\"ImageObject\",\"inLanguage\":\"es\",\"@id\":\"https:\/\/gysfm.com.ar\/inicio\/#\/schema\/logo\/image\/\",\"url\":\"https:\/\/gysfm.com.ar\/inicio\/wp-content\/uploads\/2023\/07\/LOGOGYS-OK.png\",\"contentUrl\":\"https:\/\/gysfm.com.ar\/inicio\/wp-content\/uploads\/2023\/07\/LOGOGYS-OK.png\",\"width\":1170,\"height\":872,\"caption\":\"GYS NOTICIAS |\"},\"image\":{\"@id\":\"https:\/\/gysfm.com.ar\/inicio\/#\/schema\/logo\/image\/\"}},{\"@type\":\"Person\",\"@id\":\"https:\/\/gysfm.com.ar\/inicio\/#\/schema\/person\/3abba7593ef2ad19e1be221d54383dc5\",\"name\":\"Prensa G&amp;S FM\",\"image\":{\"@type\":\"ImageObject\",\"inLanguage\":\"es\",\"@id\":\"https:\/\/gysfm.com.ar\/inicio\/#\/schema\/person\/image\/\",\"url\":\"https:\/\/secure.gravatar.com\/avatar\/096ec78df02049ab018702bb4ccedf659377fa92a26540b5247612077a0dbd29?s=96&d=mm&r=g\",\"contentUrl\":\"https:\/\/secure.gravatar.com\/avatar\/096ec78df02049ab018702bb4ccedf659377fa92a26540b5247612077a0dbd29?s=96&d=mm&r=g\",\"caption\":\"Prensa G&amp;S FM\"},\"sameAs\":[\"https:\/\/gysfm.com.ar\/\"],\"url\":\"https:\/\/gysfm.com.ar\/inicio\/author\/lucasm\/\"}]}<\/script>\n<!-- \/ Yoast SEO plugin. -->","yoast_head_json":{"title":"Un vuelo de United Airlines report\u00f3 el choque con un dron cerca de San Diego - GYS NOTICIAS |","robots":{"index":"index","follow":"follow","max-snippet":"max-snippet:-1","max-image-preview":"max-image-preview:large","max-video-preview":"max-video-preview:-1"},"canonical":"https:\/\/gysfm.com.ar\/inicio\/un-vuelo-de-united-airlines-reporto-el-choque-con-un-dron-cerca-de-san-diego\/","og_locale":"es_ES","og_type":"article","og_title":"Un vuelo de United Airlines report\u00f3 el choque con un dron cerca de San Diego - GYS NOTICIAS |","og_description":"Un vuelo de United Airlines que se aproximaba al Aeropuerto Internacional de San Diego report\u00f3 este mi\u00e9rcoles una posible colisi\u00f3n con un dron \u201cpeque\u00f1o, rojo y brillante\u201d a unos 3000 pies de altura, seg\u00fan inform\u00f3 Los \u00c1ngeles Time. El vuelo 1980 de United despeg\u00f3 del Aeropuerto Internacional de San Francisco a las 6:53 y vol\u00f3 [&hellip;]","og_url":"https:\/\/gysfm.com.ar\/inicio\/un-vuelo-de-united-airlines-reporto-el-choque-con-un-dron-cerca-de-san-diego\/","og_site_name":"GYS NOTICIAS |","article_published_time":"2026-04-29T22:37:00+00:00","article_modified_time":"2026-04-29T22:37:01+00:00","og_image":[{"width":1200,"height":800,"url":"https:\/\/gysfm.com.ar\/inicio\/wp-content\/uploads\/2026\/04\/el-incidente-ocurrio-a-3000-pies-de-KFVYHMX7GBG5VKDCXNXAXCAPX4.JPG","type":"image\/jpeg"}],"author":"Prensa G&amp;S FM","twitter_card":"summary_large_image","twitter_misc":{"Escrito por":"Prensa G&amp;S FM","Tiempo de lectura":"3 minutos"},"schema":{"@context":"https:\/\/schema.org","@graph":[{"@type":"Article","@id":"https:\/\/gysfm.com.ar\/inicio\/un-vuelo-de-united-airlines-reporto-el-choque-con-un-dron-cerca-de-san-diego\/#article","isPartOf":{"@id":"https:\/\/gysfm.com.ar\/inicio\/un-vuelo-de-united-airlines-reporto-el-choque-con-un-dron-cerca-de-san-diego\/"},"author":{"name":"Prensa G&amp;S FM","@id":"https:\/\/gysfm.com.ar\/inicio\/#\/schema\/person\/3abba7593ef2ad19e1be221d54383dc5"},"headline":"Un vuelo de United Airlines report\u00f3 el choque con un dron cerca de San Diego","datePublished":"2026-04-29T22:37:00+00:00","dateModified":"2026-04-29T22:37:01+00:00","mainEntityOfPage":{"@id":"https:\/\/gysfm.com.ar\/inicio\/un-vuelo-de-united-airlines-reporto-el-choque-con-un-dron-cerca-de-san-diego\/"},"wordCount":542,"publisher":{"@id":"https:\/\/gysfm.com.ar\/inicio\/#organization"},"image":{"@id":"https:\/\/gysfm.com.ar\/inicio\/un-vuelo-de-united-airlines-reporto-el-choque-con-un-dron-cerca-de-san-diego\/#primaryimage"},"thumbnailUrl":"https:\/\/gysfm.com.ar\/inicio\/wp-content\/uploads\/2026\/04\/el-incidente-ocurrio-a-3000-pies-de-KFVYHMX7GBG5VKDCXNXAXCAPX4.JPG","articleSection":["INTERNACIONALES"],"inLanguage":"es"},{"@type":"WebPage","@id":"https:\/\/gysfm.com.ar\/inicio\/un-vuelo-de-united-airlines-reporto-el-choque-con-un-dron-cerca-de-san-diego\/","url":"https:\/\/gysfm.com.ar\/inicio\/un-vuelo-de-united-airlines-reporto-el-choque-con-un-dron-cerca-de-san-diego\/","name":"Un vuelo de United Airlines report\u00f3 el choque con un dron cerca de San Diego - GYS NOTICIAS |","isPartOf":{"@id":"https:\/\/gysfm.com.ar\/inicio\/#website"},"primaryImageOfPage":{"@id":"https:\/\/gysfm.com.ar\/inicio\/un-vuelo-de-united-airlines-reporto-el-choque-con-un-dron-cerca-de-san-diego\/#primaryimage"},"image":{"@id":"https:\/\/gysfm.com.ar\/inicio\/un-vuelo-de-united-airlines-reporto-el-choque-con-un-dron-cerca-de-san-diego\/#primaryimage"},"thumbnailUrl":"https:\/\/gysfm.com.ar\/inicio\/wp-content\/uploads\/2026\/04\/el-incidente-ocurrio-a-3000-pies-de-KFVYHMX7GBG5VKDCXNXAXCAPX4.JPG","datePublished":"2026-04-29T22:37:00+00:00","dateModified":"2026-04-29T22:37:01+00:00","breadcrumb":{"@id":"https:\/\/gysfm.com.ar\/inicio\/un-vuelo-de-united-airlines-reporto-el-choque-con-un-dron-cerca-de-san-diego\/#breadcrumb"},"inLanguage":"es","potentialAction":[{"@type":"ReadAction","target":["https:\/\/gysfm.com.ar\/inicio\/un-vuelo-de-united-airlines-reporto-el-choque-con-un-dron-cerca-de-san-diego\/"]}]},{"@type":"ImageObject","inLanguage":"es","@id":"https:\/\/gysfm.com.ar\/inicio\/un-vuelo-de-united-airlines-reporto-el-choque-con-un-dron-cerca-de-san-diego\/#primaryimage","url":"https:\/\/gysfm.com.ar\/inicio\/wp-content\/uploads\/2026\/04\/el-incidente-ocurrio-a-3000-pies-de-KFVYHMX7GBG5VKDCXNXAXCAPX4.JPG","contentUrl":"https:\/\/gysfm.com.ar\/inicio\/wp-content\/uploads\/2026\/04\/el-incidente-ocurrio-a-3000-pies-de-KFVYHMX7GBG5VKDCXNXAXCAPX4.JPG","width":1200,"height":800},{"@type":"BreadcrumbList","@id":"https:\/\/gysfm.com.ar\/inicio\/un-vuelo-de-united-airlines-reporto-el-choque-con-un-dron-cerca-de-san-diego\/#breadcrumb","itemListElement":[{"@type":"ListItem","position":1,"name":"Portada","item":"https:\/\/gysfm.com.ar\/inicio\/"},{"@type":"ListItem","position":2,"name":"Un vuelo de United Airlines report\u00f3 el choque con un dron cerca de San Diego"}]},{"@type":"WebSite","@id":"https:\/\/gysfm.com.ar\/inicio\/#website","url":"https:\/\/gysfm.com.ar\/inicio\/","name":"GYS NOTICIAS |","description":"DIARIO - RADIO ONLINE SAN JUAN ARGENTINA","publisher":{"@id":"https:\/\/gysfm.com.ar\/inicio\/#organization"},"potentialAction":[{"@type":"SearchAction","target":{"@type":"EntryPoint","urlTemplate":"https:\/\/gysfm.com.ar\/inicio\/?s={search_term_string}"},"query-input":{"@type":"PropertyValueSpecification","valueRequired":true,"valueName":"search_term_string"}}],"inLanguage":"es"},{"@type":"Organization","@id":"https:\/\/gysfm.com.ar\/inicio\/#organization","name":"GYS NOTICIAS |","url":"https:\/\/gysfm.com.ar\/inicio\/","logo":{"@type":"ImageObject","inLanguage":"es","@id":"https:\/\/gysfm.com.ar\/inicio\/#\/schema\/logo\/image\/","url":"https:\/\/gysfm.com.ar\/inicio\/wp-content\/uploads\/2023\/07\/LOGOGYS-OK.png","contentUrl":"https:\/\/gysfm.com.ar\/inicio\/wp-content\/uploads\/2023\/07\/LOGOGYS-OK.png","width":1170,"height":872,"caption":"GYS NOTICIAS |"},"image":{"@id":"https:\/\/gysfm.com.ar\/inicio\/#\/schema\/logo\/image\/"}},{"@type":"Person","@id":"https:\/\/gysfm.com.ar\/inicio\/#\/schema\/person\/3abba7593ef2ad19e1be221d54383dc5","name":"Prensa G&amp;S FM","image":{"@type":"ImageObject","inLanguage":"es","@id":"https:\/\/gysfm.com.ar\/inicio\/#\/schema\/person\/image\/","url":"https:\/\/secure.gravatar.com\/avatar\/096ec78df02049ab018702bb4ccedf659377fa92a26540b5247612077a0dbd29?s=96&d=mm&r=g","contentUrl":"https:\/\/secure.gravatar.com\/avatar\/096ec78df02049ab018702bb4ccedf659377fa92a26540b5247612077a0dbd29?s=96&d=mm&r=g","caption":"Prensa G&amp;S FM"},"sameAs":["https:\/\/gysfm.com.ar\/"],"url":"https:\/\/gysfm.com.ar\/inicio\/author\/lucasm\/"}]}},"_links":{"self":[{"href":"https:\/\/gysfm.com.ar\/inicio\/wp-json\/wp\/v2\/posts\/193759","targetHints":{"allow":["GET"]}}],"collection":[{"href":"https:\/\/gysfm.com.ar\/inicio\/wp-json\/wp\/v2\/posts"}],"about":[{"href":"https:\/\/gysfm.com.ar\/inicio\/wp-json\/wp\/v2\/types\/post"}],"author":[{"embeddable":true,"href":"https:\/\/gysfm.com.ar\/inicio\/wp-json\/wp\/v2\/users\/2"}],"replies":[{"embeddable":true,"href":"https:\/\/gysfm.com.ar\/inicio\/wp-json\/wp\/v2\/comments?post=193759"}],"version-history":[{"count":1,"href":"https:\/\/gysfm.com.ar\/inicio\/wp-json\/wp\/v2\/posts\/193759\/revisions"}],"predecessor-version":[{"id":193761,"href":"https:\/\/gysfm.com.ar\/inicio\/wp-json\/wp\/v2\/posts\/193759\/revisions\/193761"}],"wp:featuredmedia":[{"embeddable":true,"href":"https:\/\/gysfm.com.ar\/inicio\/wp-json\/wp\/v2\/media\/193760"}],"wp:attachment":[{"href":"https:\/\/gysfm.com.ar\/inicio\/wp-json\/wp\/v2\/media?parent=193759"}],"wp:term":[{"taxonomy":"category","embeddable":true,"href":"https:\/\/gysfm.com.ar\/inicio\/wp-json\/wp\/v2\/categories?post=193759"},{"taxonomy":"post_tag","embeddable":true,"href":"https:\/\/gysfm.com.ar\/inicio\/wp-json\/wp\/v2\/tags?post=193759"}],"curies":[{"name":"wp","href":"https:\/\/api.w.org\/{rel}","templated":true}]}}