{"id":193757,"date":"2026-04-29T19:31:11","date_gmt":"2026-04-29T22:31:11","guid":{"rendered":"https:\/\/gysfm.com.ar\/inicio\/cuanto-cobraran-en-mayo-de-2026-tras-el-ultimo-acuerdo-2\/"},"modified":"2026-04-29T19:31:11","modified_gmt":"2026-04-29T22:31:11","slug":"cuanto-cobraran-en-mayo-de-2026-tras-el-ultimo-acuerdo-2","status":"publish","type":"post","link":"https:\/\/gysfm.com.ar\/inicio\/cuanto-cobraran-en-mayo-de-2026-tras-el-ultimo-acuerdo-2\/","title":{"rendered":"cu\u00e1nto cobrar\u00e1n en mayo de 2026 tras el \u00faltimo acuerdo"},"content":{"rendered":"<p> <br \/>\n<\/p>\n<div id=\"\">\n<p id=\"p-1777479232320-63712\" data-start=\"91\" data-end=\"448\">Los <strong>trabajadores bancarios<\/strong> alcanzaron una<strong> nueva recomposici\u00f3n salarial<\/strong> en el marco de la negociaci\u00f3n <strong>paritaria<\/strong> liderada por la <strong data-start=\"231\" data-end=\"254\">Asociaci\u00f3n Bancaria<\/strong>, que acord\u00f3 con las c\u00e1maras empresarias una actualizaci\u00f3n <strong>en l\u00ednea con la inflaci\u00f3n<\/strong>. El <strong>incremento pactado fue del 3,4%<\/strong>, lo que llev\u00f3 el salario inicial de la actividad a <strong data-start=\"430\" data-end=\"447\">$2.259.305,03<\/strong>.<\/p>\n<\/p><\/div>\n<div id=\"\">\n<p id=\"p-1777479232320-8594\" data-start=\"450\" data-end=\"675\">Este nuevo ajuste se integr\u00f3 al esquema de actualizaciones peri\u00f3dicas que el sector viene sosteniendo, y acumul\u00f3 una <strong>mejora del<\/strong> <strong data-start=\"578\" data-end=\"586\">9,4%<\/strong> durante el primer trimestre de 2026 en comparaci\u00f3n con los haberes de diciembre de 2025.<\/p>\n<\/div>\n<div id=\"\">\n<h2 id=\"p-1777479232320-40832\" data-section-id=\"lujm1b\" data-start=\"677\" data-end=\"708\">Alcance del aumento salarial<\/h2>\n<p id=\"p-1777479232320-65761\" data-start=\"710\" data-end=\"903\">Desde el gremio precisaron que la suba impact\u00f3 sobre<strong> \u201ctodas las remuneraciones mensuales brutas, normales, habituales y totales\u201d<\/strong>, incluyendo tanto conceptos remunerativos como no remunerativos.<\/p>\n<\/div>\n<div id=\"\">\n<p id=\"p-1777479232320-75848\" data-start=\"905\" data-end=\"1103\">El incremento tambi\u00e9n alcanz\u00f3 a los adicionales convencionales y no convencionales, lo que implic\u00f3 una actualizaci\u00f3n integral del esquema salarial dentro del <strong data-start=\"1063\" data-end=\"1102\">Convenio Colectivo de Trabajo 18\/75<\/strong>.<\/p>\n<\/div>\n<div id=\"\">\n<p id=\"p-1777479232320-40325\" data-start=\"1105\" data-end=\"1302\"> Este criterio de <strong>aplicaci\u00f3n amplia<\/strong> sostuvo la l\u00f3gica de integralidad que caracteriza a la paritaria bancaria, a diferencia de otros acuerdos sectoriales que solo se concentran en el salario b\u00e1sico.<\/p>\n<h2 id=\"p-1777479232320-21811\" data-section-id=\"vkmok2\" data-start=\"1304\" data-end=\"1339\">C\u00f3mo se calcula la actualizaci\u00f3n<\/h2>\n<p id=\"p-1777479232320-40481\" data-start=\"1341\" data-end=\"1561\">El esquema acordado mantuvo el mecanismo de ajuste vinculado a la evoluci\u00f3n del <strong data-start=\"1421\" data-end=\"1462\">\u00cdndice de Precios al Consumidor (IPC)<\/strong> informado por el <strong data-start=\"1480\" data-end=\"1489\">INDEC<\/strong>, consolidando un sistema que busc\u00f3 acompa\u00f1ar la din\u00e1mica inflacionaria.<\/p>\n<p id=\"p-1777479232320-32541\" data-start=\"1563\" data-end=\"1758\">Para determinar los aumentos, se tom\u00f3 como referencia la remuneraci\u00f3n correspondiente a <strong>diciembre de 2025<\/strong> y se evalu\u00f3 la inflaci\u00f3n acumulada desde<strong> enero de 2026<\/strong> hasta el per\u00edodo de actualizaci\u00f3n.<\/p>\n<p id=\"p-1777479232320-72231\" data-start=\"1760\" data-end=\"1984\">El resultado surgi\u00f3 de la diferencia entre esa <strong>variaci\u00f3n de precios<\/strong> y los incrementos ya otorgados durante el a\u00f1o, lo que permiti\u00f3 ajustar los salarios de manera proporcional frente a eventuales aceleraciones inflacionarias.<\/p>\n<h2 id=\"p-1777479232320-57073\" data-section-id=\"uiynih\" data-start=\"1986\" data-end=\"2022\">Ingresos para los bancos<\/h2>\n<p id=\"p-1777479232320-50275\" data-start=\"2024\" data-end=\"2193\">Con la aplicaci\u00f3n del nuevo aumento, el salario m\u00ednimo inicial qued\u00f3 fijado en <strong data-start=\"2103\" data-end=\"2120\">$2.259.305,03<\/strong>, cifra que funciona como base para el c\u00e1lculo del resto de los ingresos.<\/p>\n<p id=\"p-1777479232320-93985\" data-start=\"2195\" data-end=\"2399\">Sin embargo, el <strong>monto final percibido por los trabajadores<\/strong> suele ser superior, ya que incluye adicionales como presentismo, formaci\u00f3n acad\u00e9mica y compensaciones espec\u00edficas, entre ellas el arqueo de caja.<\/p>\n<p id=\"p-1777479232320-74087\" data-start=\"2401\" data-end=\"2523\">Estos componentes var\u00edan seg\u00fan la funci\u00f3n y la entidad, pero forman parte del<strong> ingreso total <\/strong>dentro del sistema financiero.<\/p>\n<h2 id=\"p-1777479232320-36548\" data-section-id=\"naqtth\" data-start=\"2525\" data-end=\"2574\">Actualizaci\u00f3n del bono por el D\u00eda del Bancario<\/h2>\n<p id=\"p-1777479232320-71879\" data-start=\"2576\" data-end=\"2743\">El acuerdo tambi\u00e9n contempl\u00f3 una mejora en el beneficio correspondiente al <strong data-start=\"2651\" data-end=\"2671\">D\u00eda del Bancario<\/strong>, que pas\u00f3 a tener un piso de <strong data-start=\"2701\" data-end=\"2718\">$2.014.092,28<\/strong> en su categor\u00eda inicial.<\/p>\n<p id=\"p-1777479232320-96223\" data-start=\"2745\" data-end=\"2892\">Este monto se mantuvo sujeto a <strong>futuras revisiones<\/strong> en funci\u00f3n de las pr\u00f3ximas actualizaciones salariales, en l\u00ednea con la evoluci\u00f3n de la inflaci\u00f3n.<\/p>\n<p id=\"p-1777479232320-88685\" data-start=\"2894\" data-end=\"3059\">Se trata de uno de los ingresos <strong>m\u00e1s relevantes del calendario anual <\/strong>para los empleados del sector, ya que se ajusta autom\u00e1ticamente con cada recomposici\u00f3n paritaria.<\/p>\n<h2 id=\"p-1777479232320-42123\" data-section-id=\"1q2t08k\" data-start=\"3061\" data-end=\"3097\">Continuidad del esquema de paritarias<\/h2>\n<p id=\"p-1777479232320-2176\" data-start=\"3099\" data-end=\"3308\">Las partes resolvieron sostener durante<strong> abril y mayo <\/strong>el mismo mecanismo de actualizaci\u00f3n y el alcance definido en acuerdos previos, reforzando un esquema que vincul\u00f3 directamente los salarios con la inflaci\u00f3n.<\/p>\n<div contenteditable=\"false\" class=\"embed_cont type_imagen\" id=\"6117796-Libre-1579641027_wrap\">\n<p>El Central dio un paso m\u00e1s para el funcionamiento de cajeros no bancarios <span onclick=\"parent.parent.TinyMCETdcuerpo.preview_embed('6117796-Libre-1579641027')\" class=\"embed_colapse less\" id=\"6117796-Libre-1579641027_colapse\"\/>  <span onclick=\"parent.parent.TinyMCETdcuerpo.delete_embed('6117796-Libre-1579641027')\" class=\"embed_delete less\" id=\"6117796-Libre-1579641027_delete\"\/><\/p>\n<div id=\"6117796-Libre-1579641027_content\" class=\"embed_content\"><img decoding=\"async\" src=\"https:\/\/media.ambito.com\/p\/8d41fae16097be07748a284f50188933\/adjuntos\/239\/imagenes\/029\/798\/0029798661\/el-central-dio-un-paso-mas-el-funcionamiento-cajeros-no-bancarios.jpg?0000-00-00-00-00-00\" alt=\"Los bancarios recibir\u00e1n un incremento en mayo.\" title=\"Los bancarios recibir\u00e1n un incremento en mayo.\" width=\"1000\" height=\"540\" id=\"6117796-Libre-1579641027_embed\" crossorigin=\"anonymous\" fetchpriority=\"high\" decode=\"async\"\/><\/div>\n<div class=\"embed_wrapper-cont\" id=\"p-1777479525567-26247\">\n<div id=\"6117796-Libre-1579641027_epigrafe\" class=\"embed_epigrafe\">\n<p>Los bancarios recibir\u00e1n un incremento en mayo.<\/p>\n<\/div>\n<p>Archivo<\/p>\n<\/div><\/div>\n<p id=\"p-1777479232320-78379\" data-start=\"3310\" data-end=\"3492\">Adem\u00e1s, se comprometieron a retomar la <strong>negociaci\u00f3n paritaria<\/strong> en la segunda quincena de junio, con el objetivo de revisar la evoluci\u00f3n de los precios y definir nuevas actualizaciones.<\/p>\n<p id=\"p-1777479232320-30989\" data-start=\"3494\" data-end=\"3648\">Este modelo permiti\u00f3 evitar desfasajes <strong>prolongados entre ingresos y costo de vida<\/strong>, al aplicar ajustes peri\u00f3dicos sobre la totalidad de las remuneraciones.<\/p>\n<h2 id=\"p-1777479232320-55200\" data-section-id=\"1ezcf1d\" data-start=\"3650\" data-end=\"3694\">Comparaci\u00f3n con otros acuerdos salariales<\/h2>\n<p id=\"p-1777479232320-90442\" data-start=\"3696\" data-end=\"3981\">En paralelo, otros gremios relevantes tambi\u00e9n avanzaron con negociaciones salariales en l\u00ednea con la pauta oficial. Entre ellos, la <strong data-start=\"3828\" data-end=\"3897\">Uni\u00f3n Obrera de la Construcci\u00f3n de la Rep\u00fablica Argentina (UOCRA)<\/strong> acord\u00f3 un incremento acumulativo del <strong data-start=\"3935\" data-end=\"3943\">7,7%<\/strong> para el trimestre marzo-mayo de 2026.<\/p>\n<p id=\"p-1777479232320-71403\" data-start=\"3983\" data-end=\"4277\">El entendimiento fue firmado por <strong data-start=\"4016\" data-end=\"4036\">Gerardo Mart\u00ednez<\/strong> junto a la <strong data-start=\"4048\" data-end=\"4097\">C\u00e1mara Argentina de la Construcci\u00f3n (CAMARCO)<\/strong> y la <strong data-start=\"4103\" data-end=\"4166\">Federaci\u00f3n Argentina de Entidades de la Construcci\u00f3n (FAEC)<\/strong>, en sinton\u00eda con la estrategia del <strong data-start=\"4202\" data-end=\"4228\">Ministerio de Econom\u00eda<\/strong> de cerrar paritarias por debajo de la inflaci\u00f3n.<\/p>\n<p id=\"p-1777479232320-52454\" data-start=\"4279\" data-end=\"4496\">En ese caso, tambi\u00e9n se defini\u00f3 la actualizaci\u00f3n de bonos no remunerativos mensuales, y se estableci\u00f3 que parte de esos montos pasaran a integrar el salario, lo que implic\u00f3 su incorporaci\u00f3n como concepto remunerativo.<\/p>\n<h2 id=\"p-1777479232320-31078\" data-section-id=\"11dnjye\" data-start=\"4498\" data-end=\"4530\">Nuevas instancias de revisi\u00f3n<\/h2>\n<p id=\"p-1777479232321-1842\" data-start=\"4532\" data-end=\"4708\">Dentro de ese mismo acuerdo, se dispuso la<strong> creaci\u00f3n de una comisi\u00f3n especial <\/strong>encargada de analizar los aportes empresariales y las cuotas solidarias sindicales de la actividad.<\/p>\n<p id=\"p-1777479232321-58207\" data-start=\"4710\" data-end=\"4865\">Este espacio de revisi\u00f3n tuvo una vigencia inicial de dos meses, con el <strong>objetivo de evaluar posibles ajustes<\/strong> en la estructura de contribuciones del sector.<\/p>\n<p id=\"p-1777479232321-50995\" data-start=\"4867\" data-end=\"5133\" data-is-last-node=\"\" data-is-only-node=\"\">Con este nuevo entendimiento, los bancarios <strong>consolidaron un esquema de actualizaci\u00f3n<\/strong> que mantuvo los salarios alineados con la inflaci\u00f3n, en un contexto donde las negociaciones paritarias continuaron siendo una herramienta central para sostener el poder adquisitivo.<\/p>\n<\/p><\/div>\n<p><script>\n!function(f,b,e,v,n,t,s)\n{if(f.fbq)return;n=f.fbq=function(){n.callMethod?\nn.callMethod.apply(n,arguments):n.queue.push(arguments)};\nif(!f._fbq)f._fbq=n;n.push=n;n.loaded=!0;n.version='2.0';\nn.queue=[];t=b.createElement(e);t.async=!0;\nt.src=v;s=b.getElementsByTagName(e)[0];\ns.parentNode.insertBefore(t,s)}(window,document,'script',\n'https:\/\/connect.facebook.net\/en_US\/fbevents.js');\nfbq('init', '2047048335588113');\nfbq('track', 'PageView');\n<\/script><br \/>\n<br \/><\/p>\n","protected":false},"excerpt":{"rendered":"<p>Los trabajadores bancarios alcanzaron una nueva recomposici\u00f3n salarial en el marco de la negociaci\u00f3n paritaria liderada por la Asociaci\u00f3n Bancaria, que acord\u00f3 con las c\u00e1maras empresarias una actualizaci\u00f3n en l\u00ednea con la inflaci\u00f3n. El incremento pactado fue del 3,4%, lo que llev\u00f3 el salario inicial de la actividad a $2.259.305,03. Este nuevo ajuste se integr\u00f3 [&hellip;]<\/p>\n","protected":false},"author":1,"featured_media":193758,"comment_status":"closed","ping_status":"closed","sticky":false,"template":"","format":"standard","meta":{"footnotes":""},"categories":[28],"tags":[],"class_list":["post-193757","post","type-post","status-publish","format-standard","has-post-thumbnail","hentry","category-economia"],"yoast_head":"<!-- This site is optimized with the Yoast SEO plugin v24.4 - https:\/\/yoast.com\/wordpress\/plugins\/seo\/ -->\n<title>cu\u00e1nto cobrar\u00e1n en mayo de 2026 tras el \u00faltimo acuerdo - GYS NOTICIAS |<\/title>\n<meta name=\"robots\" content=\"index, follow, max-snippet:-1, max-image-preview:large, max-video-preview:-1\" \/>\n<link rel=\"canonical\" href=\"https:\/\/gysfm.com.ar\/inicio\/cuanto-cobraran-en-mayo-de-2026-tras-el-ultimo-acuerdo-2\/\" \/>\n<meta property=\"og:locale\" content=\"es_ES\" \/>\n<meta property=\"og:type\" content=\"article\" \/>\n<meta property=\"og:title\" content=\"cu\u00e1nto cobrar\u00e1n en mayo de 2026 tras el \u00faltimo acuerdo - GYS NOTICIAS |\" \/>\n<meta property=\"og:description\" content=\"Los trabajadores bancarios alcanzaron una nueva recomposici\u00f3n salarial en el marco de la negociaci\u00f3n paritaria liderada por la Asociaci\u00f3n Bancaria, que acord\u00f3 con las c\u00e1maras empresarias una actualizaci\u00f3n en l\u00ednea con la inflaci\u00f3n. El incremento pactado fue del 3,4%, lo que llev\u00f3 el salario inicial de la actividad a $2.259.305,03. Este nuevo ajuste se integr\u00f3 [&hellip;]\" \/>\n<meta property=\"og:url\" content=\"https:\/\/gysfm.com.ar\/inicio\/cuanto-cobraran-en-mayo-de-2026-tras-el-ultimo-acuerdo-2\/\" \/>\n<meta property=\"og:site_name\" content=\"GYS NOTICIAS |\" \/>\n<meta property=\"article:published_time\" content=\"2026-04-29T22:31:11+00:00\" \/>\n<meta property=\"og:image\" content=\"https:\/\/media.ambito.com\/p\/8d41fae16097be07748a284f50188933\/adjuntos\/239\/imagenes\/029\/798\/0029798661\/el-central-dio-un-paso-mas-el-funcionamiento-cajeros-no-bancarios.jpg?0000-00-00-00-00-00\" \/>\n<meta name=\"author\" content=\"admin\" \/>\n<meta name=\"twitter:card\" content=\"summary_large_image\" \/>\n<meta name=\"twitter:label1\" content=\"Escrito por\" \/>\n\t<meta name=\"twitter:data1\" content=\"admin\" \/>\n\t<meta name=\"twitter:label2\" content=\"Tiempo de lectura\" \/>\n\t<meta name=\"twitter:data2\" content=\"4 minutos\" \/>\n<script type=\"application\/ld+json\" class=\"yoast-schema-graph\">{\"@context\":\"https:\/\/schema.org\",\"@graph\":[{\"@type\":\"Article\",\"@id\":\"https:\/\/gysfm.com.ar\/inicio\/cuanto-cobraran-en-mayo-de-2026-tras-el-ultimo-acuerdo-2\/#article\",\"isPartOf\":{\"@id\":\"https:\/\/gysfm.com.ar\/inicio\/cuanto-cobraran-en-mayo-de-2026-tras-el-ultimo-acuerdo-2\/\"},\"author\":{\"name\":\"admin\",\"@id\":\"https:\/\/gysfm.com.ar\/inicio\/#\/schema\/person\/5bedd7ecd35cc35548d89effafa23696\"},\"headline\":\"cu\u00e1nto cobrar\u00e1n en mayo de 2026 tras el \u00faltimo acuerdo\",\"datePublished\":\"2026-04-29T22:31:11+00:00\",\"mainEntityOfPage\":{\"@id\":\"https:\/\/gysfm.com.ar\/inicio\/cuanto-cobraran-en-mayo-de-2026-tras-el-ultimo-acuerdo-2\/\"},\"wordCount\":835,\"publisher\":{\"@id\":\"https:\/\/gysfm.com.ar\/inicio\/#organization\"},\"image\":{\"@id\":\"https:\/\/gysfm.com.ar\/inicio\/cuanto-cobraran-en-mayo-de-2026-tras-el-ultimo-acuerdo-2\/#primaryimage\"},\"thumbnailUrl\":\"https:\/\/gysfm.com.ar\/inicio\/wp-content\/uploads\/2026\/04\/bancarios.jpg\",\"articleSection\":[\"ECONOMIA\"],\"inLanguage\":\"es\"},{\"@type\":\"WebPage\",\"@id\":\"https:\/\/gysfm.com.ar\/inicio\/cuanto-cobraran-en-mayo-de-2026-tras-el-ultimo-acuerdo-2\/\",\"url\":\"https:\/\/gysfm.com.ar\/inicio\/cuanto-cobraran-en-mayo-de-2026-tras-el-ultimo-acuerdo-2\/\",\"name\":\"cu\u00e1nto cobrar\u00e1n en mayo de 2026 tras el \u00faltimo acuerdo - GYS NOTICIAS |\",\"isPartOf\":{\"@id\":\"https:\/\/gysfm.com.ar\/inicio\/#website\"},\"primaryImageOfPage\":{\"@id\":\"https:\/\/gysfm.com.ar\/inicio\/cuanto-cobraran-en-mayo-de-2026-tras-el-ultimo-acuerdo-2\/#primaryimage\"},\"image\":{\"@id\":\"https:\/\/gysfm.com.ar\/inicio\/cuanto-cobraran-en-mayo-de-2026-tras-el-ultimo-acuerdo-2\/#primaryimage\"},\"thumbnailUrl\":\"https:\/\/gysfm.com.ar\/inicio\/wp-content\/uploads\/2026\/04\/bancarios.jpg\",\"datePublished\":\"2026-04-29T22:31:11+00:00\",\"breadcrumb\":{\"@id\":\"https:\/\/gysfm.com.ar\/inicio\/cuanto-cobraran-en-mayo-de-2026-tras-el-ultimo-acuerdo-2\/#breadcrumb\"},\"inLanguage\":\"es\",\"potentialAction\":[{\"@type\":\"ReadAction\",\"target\":[\"https:\/\/gysfm.com.ar\/inicio\/cuanto-cobraran-en-mayo-de-2026-tras-el-ultimo-acuerdo-2\/\"]}]},{\"@type\":\"ImageObject\",\"inLanguage\":\"es\",\"@id\":\"https:\/\/gysfm.com.ar\/inicio\/cuanto-cobraran-en-mayo-de-2026-tras-el-ultimo-acuerdo-2\/#primaryimage\",\"url\":\"https:\/\/gysfm.com.ar\/inicio\/wp-content\/uploads\/2026\/04\/bancarios.jpg\",\"contentUrl\":\"https:\/\/gysfm.com.ar\/inicio\/wp-content\/uploads\/2026\/04\/bancarios.jpg\",\"width\":1200,\"height\":675},{\"@type\":\"BreadcrumbList\",\"@id\":\"https:\/\/gysfm.com.ar\/inicio\/cuanto-cobraran-en-mayo-de-2026-tras-el-ultimo-acuerdo-2\/#breadcrumb\",\"itemListElement\":[{\"@type\":\"ListItem\",\"position\":1,\"name\":\"Portada\",\"item\":\"https:\/\/gysfm.com.ar\/inicio\/\"},{\"@type\":\"ListItem\",\"position\":2,\"name\":\"cu\u00e1nto cobrar\u00e1n en mayo de 2026 tras el \u00faltimo acuerdo\"}]},{\"@type\":\"WebSite\",\"@id\":\"https:\/\/gysfm.com.ar\/inicio\/#website\",\"url\":\"https:\/\/gysfm.com.ar\/inicio\/\",\"name\":\"GYS NOTICIAS |\",\"description\":\"DIARIO - RADIO ONLINE SAN JUAN ARGENTINA\",\"publisher\":{\"@id\":\"https:\/\/gysfm.com.ar\/inicio\/#organization\"},\"potentialAction\":[{\"@type\":\"SearchAction\",\"target\":{\"@type\":\"EntryPoint\",\"urlTemplate\":\"https:\/\/gysfm.com.ar\/inicio\/?s={search_term_string}\"},\"query-input\":{\"@type\":\"PropertyValueSpecification\",\"valueRequired\":true,\"valueName\":\"search_term_string\"}}],\"inLanguage\":\"es\"},{\"@type\":\"Organization\",\"@id\":\"https:\/\/gysfm.com.ar\/inicio\/#organization\",\"name\":\"GYS NOTICIAS |\",\"url\":\"https:\/\/gysfm.com.ar\/inicio\/\",\"logo\":{\"@type\":\"ImageObject\",\"inLanguage\":\"es\",\"@id\":\"https:\/\/gysfm.com.ar\/inicio\/#\/schema\/logo\/image\/\",\"url\":\"https:\/\/gysfm.com.ar\/inicio\/wp-content\/uploads\/2023\/07\/LOGOGYS-OK.png\",\"contentUrl\":\"https:\/\/gysfm.com.ar\/inicio\/wp-content\/uploads\/2023\/07\/LOGOGYS-OK.png\",\"width\":1170,\"height\":872,\"caption\":\"GYS NOTICIAS |\"},\"image\":{\"@id\":\"https:\/\/gysfm.com.ar\/inicio\/#\/schema\/logo\/image\/\"}},{\"@type\":\"Person\",\"@id\":\"https:\/\/gysfm.com.ar\/inicio\/#\/schema\/person\/5bedd7ecd35cc35548d89effafa23696\",\"name\":\"admin\",\"image\":{\"@type\":\"ImageObject\",\"inLanguage\":\"es\",\"@id\":\"https:\/\/gysfm.com.ar\/inicio\/#\/schema\/person\/image\/\",\"url\":\"https:\/\/secure.gravatar.com\/avatar\/c331d312b5243fb64d5ba28108a447b27c925295129a363082c9ea52c28d32c2?s=96&d=mm&r=g\",\"contentUrl\":\"https:\/\/secure.gravatar.com\/avatar\/c331d312b5243fb64d5ba28108a447b27c925295129a363082c9ea52c28d32c2?s=96&d=mm&r=g\",\"caption\":\"admin\"},\"sameAs\":[\"https:\/\/gysfm.com.ar\/inicio\"],\"url\":\"https:\/\/gysfm.com.ar\/inicio\/author\/admin\/\"}]}<\/script>\n<!-- \/ Yoast SEO plugin. -->","yoast_head_json":{"title":"cu\u00e1nto cobrar\u00e1n en mayo de 2026 tras el \u00faltimo acuerdo - GYS NOTICIAS |","robots":{"index":"index","follow":"follow","max-snippet":"max-snippet:-1","max-image-preview":"max-image-preview:large","max-video-preview":"max-video-preview:-1"},"canonical":"https:\/\/gysfm.com.ar\/inicio\/cuanto-cobraran-en-mayo-de-2026-tras-el-ultimo-acuerdo-2\/","og_locale":"es_ES","og_type":"article","og_title":"cu\u00e1nto cobrar\u00e1n en mayo de 2026 tras el \u00faltimo acuerdo - GYS NOTICIAS |","og_description":"Los trabajadores bancarios alcanzaron una nueva recomposici\u00f3n salarial en el marco de la negociaci\u00f3n paritaria liderada por la Asociaci\u00f3n Bancaria, que acord\u00f3 con las c\u00e1maras empresarias una actualizaci\u00f3n en l\u00ednea con la inflaci\u00f3n. El incremento pactado fue del 3,4%, lo que llev\u00f3 el salario inicial de la actividad a $2.259.305,03. Este nuevo ajuste se integr\u00f3 [&hellip;]","og_url":"https:\/\/gysfm.com.ar\/inicio\/cuanto-cobraran-en-mayo-de-2026-tras-el-ultimo-acuerdo-2\/","og_site_name":"GYS NOTICIAS |","article_published_time":"2026-04-29T22:31:11+00:00","og_image":[{"url":"https:\/\/media.ambito.com\/p\/8d41fae16097be07748a284f50188933\/adjuntos\/239\/imagenes\/029\/798\/0029798661\/el-central-dio-un-paso-mas-el-funcionamiento-cajeros-no-bancarios.jpg?0000-00-00-00-00-00","type":"","width":"","height":""}],"author":"admin","twitter_card":"summary_large_image","twitter_misc":{"Escrito por":"admin","Tiempo de lectura":"4 minutos"},"schema":{"@context":"https:\/\/schema.org","@graph":[{"@type":"Article","@id":"https:\/\/gysfm.com.ar\/inicio\/cuanto-cobraran-en-mayo-de-2026-tras-el-ultimo-acuerdo-2\/#article","isPartOf":{"@id":"https:\/\/gysfm.com.ar\/inicio\/cuanto-cobraran-en-mayo-de-2026-tras-el-ultimo-acuerdo-2\/"},"author":{"name":"admin","@id":"https:\/\/gysfm.com.ar\/inicio\/#\/schema\/person\/5bedd7ecd35cc35548d89effafa23696"},"headline":"cu\u00e1nto cobrar\u00e1n en mayo de 2026 tras el \u00faltimo acuerdo","datePublished":"2026-04-29T22:31:11+00:00","mainEntityOfPage":{"@id":"https:\/\/gysfm.com.ar\/inicio\/cuanto-cobraran-en-mayo-de-2026-tras-el-ultimo-acuerdo-2\/"},"wordCount":835,"publisher":{"@id":"https:\/\/gysfm.com.ar\/inicio\/#organization"},"image":{"@id":"https:\/\/gysfm.com.ar\/inicio\/cuanto-cobraran-en-mayo-de-2026-tras-el-ultimo-acuerdo-2\/#primaryimage"},"thumbnailUrl":"https:\/\/gysfm.com.ar\/inicio\/wp-content\/uploads\/2026\/04\/bancarios.jpg","articleSection":["ECONOMIA"],"inLanguage":"es"},{"@type":"WebPage","@id":"https:\/\/gysfm.com.ar\/inicio\/cuanto-cobraran-en-mayo-de-2026-tras-el-ultimo-acuerdo-2\/","url":"https:\/\/gysfm.com.ar\/inicio\/cuanto-cobraran-en-mayo-de-2026-tras-el-ultimo-acuerdo-2\/","name":"cu\u00e1nto cobrar\u00e1n en mayo de 2026 tras el \u00faltimo acuerdo - GYS NOTICIAS |","isPartOf":{"@id":"https:\/\/gysfm.com.ar\/inicio\/#website"},"primaryImageOfPage":{"@id":"https:\/\/gysfm.com.ar\/inicio\/cuanto-cobraran-en-mayo-de-2026-tras-el-ultimo-acuerdo-2\/#primaryimage"},"image":{"@id":"https:\/\/gysfm.com.ar\/inicio\/cuanto-cobraran-en-mayo-de-2026-tras-el-ultimo-acuerdo-2\/#primaryimage"},"thumbnailUrl":"https:\/\/gysfm.com.ar\/inicio\/wp-content\/uploads\/2026\/04\/bancarios.jpg","datePublished":"2026-04-29T22:31:11+00:00","breadcrumb":{"@id":"https:\/\/gysfm.com.ar\/inicio\/cuanto-cobraran-en-mayo-de-2026-tras-el-ultimo-acuerdo-2\/#breadcrumb"},"inLanguage":"es","potentialAction":[{"@type":"ReadAction","target":["https:\/\/gysfm.com.ar\/inicio\/cuanto-cobraran-en-mayo-de-2026-tras-el-ultimo-acuerdo-2\/"]}]},{"@type":"ImageObject","inLanguage":"es","@id":"https:\/\/gysfm.com.ar\/inicio\/cuanto-cobraran-en-mayo-de-2026-tras-el-ultimo-acuerdo-2\/#primaryimage","url":"https:\/\/gysfm.com.ar\/inicio\/wp-content\/uploads\/2026\/04\/bancarios.jpg","contentUrl":"https:\/\/gysfm.com.ar\/inicio\/wp-content\/uploads\/2026\/04\/bancarios.jpg","width":1200,"height":675},{"@type":"BreadcrumbList","@id":"https:\/\/gysfm.com.ar\/inicio\/cuanto-cobraran-en-mayo-de-2026-tras-el-ultimo-acuerdo-2\/#breadcrumb","itemListElement":[{"@type":"ListItem","position":1,"name":"Portada","item":"https:\/\/gysfm.com.ar\/inicio\/"},{"@type":"ListItem","position":2,"name":"cu\u00e1nto cobrar\u00e1n en mayo de 2026 tras el \u00faltimo acuerdo"}]},{"@type":"WebSite","@id":"https:\/\/gysfm.com.ar\/inicio\/#website","url":"https:\/\/gysfm.com.ar\/inicio\/","name":"GYS NOTICIAS |","description":"DIARIO - RADIO ONLINE SAN JUAN ARGENTINA","publisher":{"@id":"https:\/\/gysfm.com.ar\/inicio\/#organization"},"potentialAction":[{"@type":"SearchAction","target":{"@type":"EntryPoint","urlTemplate":"https:\/\/gysfm.com.ar\/inicio\/?s={search_term_string}"},"query-input":{"@type":"PropertyValueSpecification","valueRequired":true,"valueName":"search_term_string"}}],"inLanguage":"es"},{"@type":"Organization","@id":"https:\/\/gysfm.com.ar\/inicio\/#organization","name":"GYS NOTICIAS |","url":"https:\/\/gysfm.com.ar\/inicio\/","logo":{"@type":"ImageObject","inLanguage":"es","@id":"https:\/\/gysfm.com.ar\/inicio\/#\/schema\/logo\/image\/","url":"https:\/\/gysfm.com.ar\/inicio\/wp-content\/uploads\/2023\/07\/LOGOGYS-OK.png","contentUrl":"https:\/\/gysfm.com.ar\/inicio\/wp-content\/uploads\/2023\/07\/LOGOGYS-OK.png","width":1170,"height":872,"caption":"GYS NOTICIAS |"},"image":{"@id":"https:\/\/gysfm.com.ar\/inicio\/#\/schema\/logo\/image\/"}},{"@type":"Person","@id":"https:\/\/gysfm.com.ar\/inicio\/#\/schema\/person\/5bedd7ecd35cc35548d89effafa23696","name":"admin","image":{"@type":"ImageObject","inLanguage":"es","@id":"https:\/\/gysfm.com.ar\/inicio\/#\/schema\/person\/image\/","url":"https:\/\/secure.gravatar.com\/avatar\/c331d312b5243fb64d5ba28108a447b27c925295129a363082c9ea52c28d32c2?s=96&d=mm&r=g","contentUrl":"https:\/\/secure.gravatar.com\/avatar\/c331d312b5243fb64d5ba28108a447b27c925295129a363082c9ea52c28d32c2?s=96&d=mm&r=g","caption":"admin"},"sameAs":["https:\/\/gysfm.com.ar\/inicio"],"url":"https:\/\/gysfm.com.ar\/inicio\/author\/admin\/"}]}},"_links":{"self":[{"href":"https:\/\/gysfm.com.ar\/inicio\/wp-json\/wp\/v2\/posts\/193757","targetHints":{"allow":["GET"]}}],"collection":[{"href":"https:\/\/gysfm.com.ar\/inicio\/wp-json\/wp\/v2\/posts"}],"about":[{"href":"https:\/\/gysfm.com.ar\/inicio\/wp-json\/wp\/v2\/types\/post"}],"author":[{"embeddable":true,"href":"https:\/\/gysfm.com.ar\/inicio\/wp-json\/wp\/v2\/users\/1"}],"replies":[{"embeddable":true,"href":"https:\/\/gysfm.com.ar\/inicio\/wp-json\/wp\/v2\/comments?post=193757"}],"version-history":[{"count":0,"href":"https:\/\/gysfm.com.ar\/inicio\/wp-json\/wp\/v2\/posts\/193757\/revisions"}],"wp:featuredmedia":[{"embeddable":true,"href":"https:\/\/gysfm.com.ar\/inicio\/wp-json\/wp\/v2\/media\/193758"}],"wp:attachment":[{"href":"https:\/\/gysfm.com.ar\/inicio\/wp-json\/wp\/v2\/media?parent=193757"}],"wp:term":[{"taxonomy":"category","embeddable":true,"href":"https:\/\/gysfm.com.ar\/inicio\/wp-json\/wp\/v2\/categories?post=193757"},{"taxonomy":"post_tag","embeddable":true,"href":"https:\/\/gysfm.com.ar\/inicio\/wp-json\/wp\/v2\/tags?post=193757"}],"curies":[{"name":"wp","href":"https:\/\/api.w.org\/{rel}","templated":true}]}}