{"id":193746,"date":"2026-04-29T18:31:27","date_gmt":"2026-04-29T21:31:27","guid":{"rendered":"https:\/\/gysfm.com.ar\/inicio\/atencion-seleccion-julian-salio-lesionado-en-champions-ole\/"},"modified":"2026-04-29T18:31:27","modified_gmt":"2026-04-29T21:31:27","slug":"atencion-seleccion-julian-salio-lesionado-en-champions-ole","status":"publish","type":"post","link":"https:\/\/gysfm.com.ar\/inicio\/atencion-seleccion-julian-salio-lesionado-en-champions-ole\/","title":{"rendered":"Atenci\u00f3n Selecci\u00f3n: Juli\u00e1n sali\u00f3 lesionado en Champions :: Ol\u00e9"},"content":{"rendered":"<p> <br \/>\n<\/p>\n<p><time class=\"createDate\" datetime=\"2026-04-29T17:58:45-03:00\">29\/04\/2026 17:58hs.<\/time><\/p>\n<div id=\"storyBody\">\n<div id=\"element-body-0\" class=\"sc-136cd478-0 ekTCfV\">\n<p>Con el Mundial a la vuelta de la esquina, pr\u00e1cticamente no hay tiempo de recuperaci\u00f3n ante lesiones. Los jugadores salen a la cancha con el peso de saber que cualquier problema los puede dejar afuera de la m\u00e1xima cita. Y hay partidos y partidos. <strong>En una semifinal de Champions no se puede ir a medias ni tener precauciones extra. Este mi\u00e9rcoles, lamentablemente, el que lo padeci\u00f3 fue Juli\u00e1n \u00c1lvarez<\/strong>, quien marc\u00f3 de penal el tanto con el que el Colchonero viajar\u00e1 a Londres con la serie empatada 1-1.<\/p>\n<\/div>\n<p><h2>La jugada de la lesi\u00f3n de Juli\u00e1n \u00c1lvarez<\/h2>\n<\/p>\n<div id=\"element-body-2\" class=\"sc-136cd478-0 ekTCfV\">\n<p>El delantero, quiz\u00e1 el argentino con mejor nivel en la actualidad, no pudo terminar el partido de ida entre su Atl\u00e9tico y Arsenal. <strong> Faltando poquito m\u00e1s de 15 minutos, Eze se le vino encima al Ara\u00f1a y su pierna izquierda cay\u00f3 por debajo del jugador rival. Enseguida se tom\u00f3 su tobillo izquierdo<\/strong> e intent\u00f3 pisar fuerte un par de minutos, hasta que no pudo m\u00e1s y pidi\u00f3 el cambio. A los 77&#8242;, entonces, fue reemplazado por Baena. <strong>Baja sensible para Simeone, quien encontraba a Juli\u00e1n a su carta ofensiva m\u00e1s importante.<\/strong><\/p>\n<\/div>\n<div id=\"element-body-3\" class=\"sc-136cd478-0 ekTCfV\">\n<p><strong>A la espera del parte m\u00e9dico de Atl\u00e9tico, lo tranquilizador, al menos, es que no se trata de una rodilla<\/strong>. En una primera imagen, y por c\u00f3mo se hab\u00eda dado la jugada, el temor era una lesi\u00f3n en una zona mucho m\u00e1s compleja que el tobillo. A priori, todo indicar\u00eda que no se trata de una lesi\u00f3n de gravedad. Scaloni y toda la Selecci\u00f3n prenden velas&#8230;<\/p>\n<\/div>\n<div id=\"element-body-4\" class=\"sc-a7166897-0 eoLsBE\"><a href=\"https:\/\/www.ole.com.ar\/futbol-internacional\/champions\/atletico-madrid-arsenal-champions-league-videos_0_NnDiVdYOhN.html\" aria-label=\"Los videos de Juli\u00e1n \u00c1lvarez en Atl\u00e9tico vs. Arsenal: golazo, el intento ol\u00edmpico y la lesi\u00f3n\" class=\"sc-3c11979e-0 dqpgzy\"\/><\/p>\n<section><picture><img alt=\"Los videos de Juli\u00e1n \u00c1lvarez en Atl\u00e9tico vs. Arsenal: golazo, el intento ol\u00edmpico y la lesi\u00f3n\" loading=\"lazy\" width=\"290\" height=\"290\" decoding=\"async\" data-nimg=\"1\" style=\"color:transparent\" src=\"https:\/\/www.ole.com.ar\/images\/2026\/04\/29\/Tgw2eWqkl_290x290__1.jpg\"\/><\/picture>\n<p><span>Mir\u00e1 tambi\u00e9n<\/span><\/p>\n<hr\/>\n<h3>Los videos de Juli\u00e1n \u00c1lvarez en Atl\u00e9tico vs. Arsenal: golazo, el intento ol\u00edmpico y la lesi\u00f3n<\/h3>\n<\/p>\n<\/section>\n<\/div>\n<\/div>\n\n","protected":false},"excerpt":{"rendered":"<p>29\/04\/2026 17:58hs. Con el Mundial a la vuelta de la esquina, pr\u00e1cticamente no hay tiempo de recuperaci\u00f3n ante lesiones. Los jugadores salen a la cancha con el peso de saber que cualquier problema los puede dejar afuera de la m\u00e1xima cita. Y hay partidos y partidos. En una semifinal de Champions no se puede ir [&hellip;]<\/p>\n","protected":false},"author":1,"featured_media":193747,"comment_status":"closed","ping_status":"closed","sticky":false,"template":"","format":"standard","meta":{"footnotes":""},"categories":[27],"tags":[],"class_list":["post-193746","post","type-post","status-publish","format-standard","has-post-thumbnail","hentry","category-deportes"],"yoast_head":"<!-- This site is optimized with the Yoast SEO plugin v24.4 - https:\/\/yoast.com\/wordpress\/plugins\/seo\/ -->\n<title>Atenci\u00f3n Selecci\u00f3n: Juli\u00e1n sali\u00f3 lesionado en Champions :: Ol\u00e9 - GYS NOTICIAS |<\/title>\n<meta name=\"robots\" content=\"index, follow, max-snippet:-1, max-image-preview:large, max-video-preview:-1\" \/>\n<link rel=\"canonical\" href=\"https:\/\/gysfm.com.ar\/inicio\/atencion-seleccion-julian-salio-lesionado-en-champions-ole\/\" \/>\n<meta property=\"og:locale\" content=\"es_ES\" \/>\n<meta property=\"og:type\" content=\"article\" \/>\n<meta property=\"og:title\" content=\"Atenci\u00f3n Selecci\u00f3n: Juli\u00e1n sali\u00f3 lesionado en Champions :: Ol\u00e9 - GYS NOTICIAS |\" \/>\n<meta property=\"og:description\" content=\"29\/04\/2026 17:58hs. Con el Mundial a la vuelta de la esquina, pr\u00e1cticamente no hay tiempo de recuperaci\u00f3n ante lesiones. Los jugadores salen a la cancha con el peso de saber que cualquier problema los puede dejar afuera de la m\u00e1xima cita. Y hay partidos y partidos. En una semifinal de Champions no se puede ir [&hellip;]\" \/>\n<meta property=\"og:url\" content=\"https:\/\/gysfm.com.ar\/inicio\/atencion-seleccion-julian-salio-lesionado-en-champions-ole\/\" \/>\n<meta property=\"og:site_name\" content=\"GYS NOTICIAS |\" \/>\n<meta property=\"article:published_time\" content=\"2026-04-29T21:31:27+00:00\" \/>\n<meta property=\"og:image\" content=\"https:\/\/www.ole.com.ar\/images\/2026\/04\/29\/Tgw2eWqkl_290x290__1.jpg\" \/>\n<meta name=\"author\" content=\"admin\" \/>\n<meta name=\"twitter:card\" content=\"summary_large_image\" \/>\n<meta name=\"twitter:label1\" content=\"Escrito por\" \/>\n\t<meta name=\"twitter:data1\" content=\"admin\" \/>\n\t<meta name=\"twitter:label2\" content=\"Tiempo de lectura\" \/>\n\t<meta name=\"twitter:data2\" content=\"1 minuto\" \/>\n<script type=\"application\/ld+json\" class=\"yoast-schema-graph\">{\"@context\":\"https:\/\/schema.org\",\"@graph\":[{\"@type\":\"Article\",\"@id\":\"https:\/\/gysfm.com.ar\/inicio\/atencion-seleccion-julian-salio-lesionado-en-champions-ole\/#article\",\"isPartOf\":{\"@id\":\"https:\/\/gysfm.com.ar\/inicio\/atencion-seleccion-julian-salio-lesionado-en-champions-ole\/\"},\"author\":{\"name\":\"admin\",\"@id\":\"https:\/\/gysfm.com.ar\/inicio\/#\/schema\/person\/5bedd7ecd35cc35548d89effafa23696\"},\"headline\":\"Atenci\u00f3n Selecci\u00f3n: Juli\u00e1n sali\u00f3 lesionado en Champions :: Ol\u00e9\",\"datePublished\":\"2026-04-29T21:31:27+00:00\",\"mainEntityOfPage\":{\"@id\":\"https:\/\/gysfm.com.ar\/inicio\/atencion-seleccion-julian-salio-lesionado-en-champions-ole\/\"},\"wordCount\":310,\"publisher\":{\"@id\":\"https:\/\/gysfm.com.ar\/inicio\/#organization\"},\"image\":{\"@id\":\"https:\/\/gysfm.com.ar\/inicio\/atencion-seleccion-julian-salio-lesionado-en-champions-ole\/#primaryimage\"},\"thumbnailUrl\":\"https:\/\/gysfm.com.ar\/inicio\/wp-content\/uploads\/2026\/04\/94wbRWSJ5_2000x1500__1.jpg\",\"articleSection\":[\"DEPORTES\"],\"inLanguage\":\"es\"},{\"@type\":\"WebPage\",\"@id\":\"https:\/\/gysfm.com.ar\/inicio\/atencion-seleccion-julian-salio-lesionado-en-champions-ole\/\",\"url\":\"https:\/\/gysfm.com.ar\/inicio\/atencion-seleccion-julian-salio-lesionado-en-champions-ole\/\",\"name\":\"Atenci\u00f3n Selecci\u00f3n: Juli\u00e1n sali\u00f3 lesionado en Champions :: Ol\u00e9 - GYS NOTICIAS |\",\"isPartOf\":{\"@id\":\"https:\/\/gysfm.com.ar\/inicio\/#website\"},\"primaryImageOfPage\":{\"@id\":\"https:\/\/gysfm.com.ar\/inicio\/atencion-seleccion-julian-salio-lesionado-en-champions-ole\/#primaryimage\"},\"image\":{\"@id\":\"https:\/\/gysfm.com.ar\/inicio\/atencion-seleccion-julian-salio-lesionado-en-champions-ole\/#primaryimage\"},\"thumbnailUrl\":\"https:\/\/gysfm.com.ar\/inicio\/wp-content\/uploads\/2026\/04\/94wbRWSJ5_2000x1500__1.jpg\",\"datePublished\":\"2026-04-29T21:31:27+00:00\",\"breadcrumb\":{\"@id\":\"https:\/\/gysfm.com.ar\/inicio\/atencion-seleccion-julian-salio-lesionado-en-champions-ole\/#breadcrumb\"},\"inLanguage\":\"es\",\"potentialAction\":[{\"@type\":\"ReadAction\",\"target\":[\"https:\/\/gysfm.com.ar\/inicio\/atencion-seleccion-julian-salio-lesionado-en-champions-ole\/\"]}]},{\"@type\":\"ImageObject\",\"inLanguage\":\"es\",\"@id\":\"https:\/\/gysfm.com.ar\/inicio\/atencion-seleccion-julian-salio-lesionado-en-champions-ole\/#primaryimage\",\"url\":\"https:\/\/gysfm.com.ar\/inicio\/wp-content\/uploads\/2026\/04\/94wbRWSJ5_2000x1500__1.jpg\",\"contentUrl\":\"https:\/\/gysfm.com.ar\/inicio\/wp-content\/uploads\/2026\/04\/94wbRWSJ5_2000x1500__1.jpg\",\"width\":2000,\"height\":1500},{\"@type\":\"BreadcrumbList\",\"@id\":\"https:\/\/gysfm.com.ar\/inicio\/atencion-seleccion-julian-salio-lesionado-en-champions-ole\/#breadcrumb\",\"itemListElement\":[{\"@type\":\"ListItem\",\"position\":1,\"name\":\"Portada\",\"item\":\"https:\/\/gysfm.com.ar\/inicio\/\"},{\"@type\":\"ListItem\",\"position\":2,\"name\":\"Atenci\u00f3n Selecci\u00f3n: Juli\u00e1n sali\u00f3 lesionado en Champions :: Ol\u00e9\"}]},{\"@type\":\"WebSite\",\"@id\":\"https:\/\/gysfm.com.ar\/inicio\/#website\",\"url\":\"https:\/\/gysfm.com.ar\/inicio\/\",\"name\":\"GYS NOTICIAS |\",\"description\":\"DIARIO - RADIO ONLINE SAN JUAN ARGENTINA\",\"publisher\":{\"@id\":\"https:\/\/gysfm.com.ar\/inicio\/#organization\"},\"potentialAction\":[{\"@type\":\"SearchAction\",\"target\":{\"@type\":\"EntryPoint\",\"urlTemplate\":\"https:\/\/gysfm.com.ar\/inicio\/?s={search_term_string}\"},\"query-input\":{\"@type\":\"PropertyValueSpecification\",\"valueRequired\":true,\"valueName\":\"search_term_string\"}}],\"inLanguage\":\"es\"},{\"@type\":\"Organization\",\"@id\":\"https:\/\/gysfm.com.ar\/inicio\/#organization\",\"name\":\"GYS NOTICIAS |\",\"url\":\"https:\/\/gysfm.com.ar\/inicio\/\",\"logo\":{\"@type\":\"ImageObject\",\"inLanguage\":\"es\",\"@id\":\"https:\/\/gysfm.com.ar\/inicio\/#\/schema\/logo\/image\/\",\"url\":\"https:\/\/gysfm.com.ar\/inicio\/wp-content\/uploads\/2023\/07\/LOGOGYS-OK.png\",\"contentUrl\":\"https:\/\/gysfm.com.ar\/inicio\/wp-content\/uploads\/2023\/07\/LOGOGYS-OK.png\",\"width\":1170,\"height\":872,\"caption\":\"GYS NOTICIAS |\"},\"image\":{\"@id\":\"https:\/\/gysfm.com.ar\/inicio\/#\/schema\/logo\/image\/\"}},{\"@type\":\"Person\",\"@id\":\"https:\/\/gysfm.com.ar\/inicio\/#\/schema\/person\/5bedd7ecd35cc35548d89effafa23696\",\"name\":\"admin\",\"image\":{\"@type\":\"ImageObject\",\"inLanguage\":\"es\",\"@id\":\"https:\/\/gysfm.com.ar\/inicio\/#\/schema\/person\/image\/\",\"url\":\"https:\/\/secure.gravatar.com\/avatar\/c331d312b5243fb64d5ba28108a447b27c925295129a363082c9ea52c28d32c2?s=96&d=mm&r=g\",\"contentUrl\":\"https:\/\/secure.gravatar.com\/avatar\/c331d312b5243fb64d5ba28108a447b27c925295129a363082c9ea52c28d32c2?s=96&d=mm&r=g\",\"caption\":\"admin\"},\"sameAs\":[\"https:\/\/gysfm.com.ar\/inicio\"],\"url\":\"https:\/\/gysfm.com.ar\/inicio\/author\/admin\/\"}]}<\/script>\n<!-- \/ Yoast SEO plugin. -->","yoast_head_json":{"title":"Atenci\u00f3n Selecci\u00f3n: Juli\u00e1n sali\u00f3 lesionado en Champions :: Ol\u00e9 - GYS NOTICIAS |","robots":{"index":"index","follow":"follow","max-snippet":"max-snippet:-1","max-image-preview":"max-image-preview:large","max-video-preview":"max-video-preview:-1"},"canonical":"https:\/\/gysfm.com.ar\/inicio\/atencion-seleccion-julian-salio-lesionado-en-champions-ole\/","og_locale":"es_ES","og_type":"article","og_title":"Atenci\u00f3n Selecci\u00f3n: Juli\u00e1n sali\u00f3 lesionado en Champions :: Ol\u00e9 - GYS NOTICIAS |","og_description":"29\/04\/2026 17:58hs. Con el Mundial a la vuelta de la esquina, pr\u00e1cticamente no hay tiempo de recuperaci\u00f3n ante lesiones. Los jugadores salen a la cancha con el peso de saber que cualquier problema los puede dejar afuera de la m\u00e1xima cita. Y hay partidos y partidos. En una semifinal de Champions no se puede ir [&hellip;]","og_url":"https:\/\/gysfm.com.ar\/inicio\/atencion-seleccion-julian-salio-lesionado-en-champions-ole\/","og_site_name":"GYS NOTICIAS |","article_published_time":"2026-04-29T21:31:27+00:00","og_image":[{"url":"https:\/\/www.ole.com.ar\/images\/2026\/04\/29\/Tgw2eWqkl_290x290__1.jpg","type":"","width":"","height":""}],"author":"admin","twitter_card":"summary_large_image","twitter_misc":{"Escrito por":"admin","Tiempo de lectura":"1 minuto"},"schema":{"@context":"https:\/\/schema.org","@graph":[{"@type":"Article","@id":"https:\/\/gysfm.com.ar\/inicio\/atencion-seleccion-julian-salio-lesionado-en-champions-ole\/#article","isPartOf":{"@id":"https:\/\/gysfm.com.ar\/inicio\/atencion-seleccion-julian-salio-lesionado-en-champions-ole\/"},"author":{"name":"admin","@id":"https:\/\/gysfm.com.ar\/inicio\/#\/schema\/person\/5bedd7ecd35cc35548d89effafa23696"},"headline":"Atenci\u00f3n Selecci\u00f3n: Juli\u00e1n sali\u00f3 lesionado en Champions :: Ol\u00e9","datePublished":"2026-04-29T21:31:27+00:00","mainEntityOfPage":{"@id":"https:\/\/gysfm.com.ar\/inicio\/atencion-seleccion-julian-salio-lesionado-en-champions-ole\/"},"wordCount":310,"publisher":{"@id":"https:\/\/gysfm.com.ar\/inicio\/#organization"},"image":{"@id":"https:\/\/gysfm.com.ar\/inicio\/atencion-seleccion-julian-salio-lesionado-en-champions-ole\/#primaryimage"},"thumbnailUrl":"https:\/\/gysfm.com.ar\/inicio\/wp-content\/uploads\/2026\/04\/94wbRWSJ5_2000x1500__1.jpg","articleSection":["DEPORTES"],"inLanguage":"es"},{"@type":"WebPage","@id":"https:\/\/gysfm.com.ar\/inicio\/atencion-seleccion-julian-salio-lesionado-en-champions-ole\/","url":"https:\/\/gysfm.com.ar\/inicio\/atencion-seleccion-julian-salio-lesionado-en-champions-ole\/","name":"Atenci\u00f3n Selecci\u00f3n: Juli\u00e1n sali\u00f3 lesionado en Champions :: Ol\u00e9 - GYS NOTICIAS |","isPartOf":{"@id":"https:\/\/gysfm.com.ar\/inicio\/#website"},"primaryImageOfPage":{"@id":"https:\/\/gysfm.com.ar\/inicio\/atencion-seleccion-julian-salio-lesionado-en-champions-ole\/#primaryimage"},"image":{"@id":"https:\/\/gysfm.com.ar\/inicio\/atencion-seleccion-julian-salio-lesionado-en-champions-ole\/#primaryimage"},"thumbnailUrl":"https:\/\/gysfm.com.ar\/inicio\/wp-content\/uploads\/2026\/04\/94wbRWSJ5_2000x1500__1.jpg","datePublished":"2026-04-29T21:31:27+00:00","breadcrumb":{"@id":"https:\/\/gysfm.com.ar\/inicio\/atencion-seleccion-julian-salio-lesionado-en-champions-ole\/#breadcrumb"},"inLanguage":"es","potentialAction":[{"@type":"ReadAction","target":["https:\/\/gysfm.com.ar\/inicio\/atencion-seleccion-julian-salio-lesionado-en-champions-ole\/"]}]},{"@type":"ImageObject","inLanguage":"es","@id":"https:\/\/gysfm.com.ar\/inicio\/atencion-seleccion-julian-salio-lesionado-en-champions-ole\/#primaryimage","url":"https:\/\/gysfm.com.ar\/inicio\/wp-content\/uploads\/2026\/04\/94wbRWSJ5_2000x1500__1.jpg","contentUrl":"https:\/\/gysfm.com.ar\/inicio\/wp-content\/uploads\/2026\/04\/94wbRWSJ5_2000x1500__1.jpg","width":2000,"height":1500},{"@type":"BreadcrumbList","@id":"https:\/\/gysfm.com.ar\/inicio\/atencion-seleccion-julian-salio-lesionado-en-champions-ole\/#breadcrumb","itemListElement":[{"@type":"ListItem","position":1,"name":"Portada","item":"https:\/\/gysfm.com.ar\/inicio\/"},{"@type":"ListItem","position":2,"name":"Atenci\u00f3n Selecci\u00f3n: Juli\u00e1n sali\u00f3 lesionado en Champions :: Ol\u00e9"}]},{"@type":"WebSite","@id":"https:\/\/gysfm.com.ar\/inicio\/#website","url":"https:\/\/gysfm.com.ar\/inicio\/","name":"GYS NOTICIAS |","description":"DIARIO - RADIO ONLINE SAN JUAN ARGENTINA","publisher":{"@id":"https:\/\/gysfm.com.ar\/inicio\/#organization"},"potentialAction":[{"@type":"SearchAction","target":{"@type":"EntryPoint","urlTemplate":"https:\/\/gysfm.com.ar\/inicio\/?s={search_term_string}"},"query-input":{"@type":"PropertyValueSpecification","valueRequired":true,"valueName":"search_term_string"}}],"inLanguage":"es"},{"@type":"Organization","@id":"https:\/\/gysfm.com.ar\/inicio\/#organization","name":"GYS NOTICIAS |","url":"https:\/\/gysfm.com.ar\/inicio\/","logo":{"@type":"ImageObject","inLanguage":"es","@id":"https:\/\/gysfm.com.ar\/inicio\/#\/schema\/logo\/image\/","url":"https:\/\/gysfm.com.ar\/inicio\/wp-content\/uploads\/2023\/07\/LOGOGYS-OK.png","contentUrl":"https:\/\/gysfm.com.ar\/inicio\/wp-content\/uploads\/2023\/07\/LOGOGYS-OK.png","width":1170,"height":872,"caption":"GYS NOTICIAS |"},"image":{"@id":"https:\/\/gysfm.com.ar\/inicio\/#\/schema\/logo\/image\/"}},{"@type":"Person","@id":"https:\/\/gysfm.com.ar\/inicio\/#\/schema\/person\/5bedd7ecd35cc35548d89effafa23696","name":"admin","image":{"@type":"ImageObject","inLanguage":"es","@id":"https:\/\/gysfm.com.ar\/inicio\/#\/schema\/person\/image\/","url":"https:\/\/secure.gravatar.com\/avatar\/c331d312b5243fb64d5ba28108a447b27c925295129a363082c9ea52c28d32c2?s=96&d=mm&r=g","contentUrl":"https:\/\/secure.gravatar.com\/avatar\/c331d312b5243fb64d5ba28108a447b27c925295129a363082c9ea52c28d32c2?s=96&d=mm&r=g","caption":"admin"},"sameAs":["https:\/\/gysfm.com.ar\/inicio"],"url":"https:\/\/gysfm.com.ar\/inicio\/author\/admin\/"}]}},"_links":{"self":[{"href":"https:\/\/gysfm.com.ar\/inicio\/wp-json\/wp\/v2\/posts\/193746","targetHints":{"allow":["GET"]}}],"collection":[{"href":"https:\/\/gysfm.com.ar\/inicio\/wp-json\/wp\/v2\/posts"}],"about":[{"href":"https:\/\/gysfm.com.ar\/inicio\/wp-json\/wp\/v2\/types\/post"}],"author":[{"embeddable":true,"href":"https:\/\/gysfm.com.ar\/inicio\/wp-json\/wp\/v2\/users\/1"}],"replies":[{"embeddable":true,"href":"https:\/\/gysfm.com.ar\/inicio\/wp-json\/wp\/v2\/comments?post=193746"}],"version-history":[{"count":0,"href":"https:\/\/gysfm.com.ar\/inicio\/wp-json\/wp\/v2\/posts\/193746\/revisions"}],"wp:featuredmedia":[{"embeddable":true,"href":"https:\/\/gysfm.com.ar\/inicio\/wp-json\/wp\/v2\/media\/193747"}],"wp:attachment":[{"href":"https:\/\/gysfm.com.ar\/inicio\/wp-json\/wp\/v2\/media?parent=193746"}],"wp:term":[{"taxonomy":"category","embeddable":true,"href":"https:\/\/gysfm.com.ar\/inicio\/wp-json\/wp\/v2\/categories?post=193746"},{"taxonomy":"post_tag","embeddable":true,"href":"https:\/\/gysfm.com.ar\/inicio\/wp-json\/wp\/v2\/tags?post=193746"}],"curies":[{"name":"wp","href":"https:\/\/api.w.org\/{rel}","templated":true}]}}