{"id":193742,"date":"2026-04-29T18:11:43","date_gmt":"2026-04-29T21:11:43","guid":{"rendered":"https:\/\/gysfm.com.ar\/inicio\/la-justicia-descubrio-que-la-esposa-de-manuel-adorni-gasto-6000-dolares-en-efectivo-en-espana\/"},"modified":"2026-04-29T18:11:43","modified_gmt":"2026-04-29T21:11:43","slug":"la-justicia-descubrio-que-la-esposa-de-manuel-adorni-gasto-6000-dolares-en-efectivo-en-espana","status":"publish","type":"post","link":"https:\/\/gysfm.com.ar\/inicio\/la-justicia-descubrio-que-la-esposa-de-manuel-adorni-gasto-6000-dolares-en-efectivo-en-espana\/","title":{"rendered":"La Justicia descubri\u00f3 que la esposa de Manuel Adorni gast\u00f3 6000 d\u00f3lares en efectivo en Espa\u00f1a"},"content":{"rendered":"<p><\/p>\n<div id=\"article-content\">\n<p>En el marco de la causa que investiga a <a target=\"_blank\" href=\"https:\/\/www.perfil.com\/noticias\/nea\/adorni-en-el-congreso-al-correntino-le-interesa-cuando-van-a-mejorar-las-rutas-no-los-escandalos.phtml\"><strong>Manuel Adorni<\/strong><\/a>, jefe de Gabinete de <strong>Javier Milei<\/strong>, por supuesto <a target=\"_blank\" href=\"https:\/\/www.perfil.com\/noticias\/reperfilar\/adorni-dara-su-informe-el-miercoles-en-el-congreso-tras-el-escandalo.phtml\"><strong>enriquecimiento il\u00edcito<\/strong><\/a>, la Justicia recibi\u00f3 informaci\u00f3n sobre un gasto de aproximadamente <strong>6000 d\u00f3lares en efectivo<\/strong> que habr\u00eda gastado <a target=\"_blank\" href=\"https:\/\/www.perfil.com\/noticias\/politica\/el-juez-rafecas-archivo-la-causa-por-el-viaje-de-la-esposa-de-manuel-adorni-a-estados-unidos-en-el-avion-presidencial.phtml\"><strong>Bettina Angeletti<\/strong><\/a>, la <strong>esposa del exvocero presidencial<\/strong>, en septiembre de 2025, cuando viaj\u00f3 a Espa\u00f1a.<\/p>\n<p>Seg\u00fan <em>La Naci\u00f3n<\/em>, esa cantidad es el monto que saldr\u00edan<strong> los pasajes y la estad\u00eda en el pa\u00eds europeo<\/strong>, dato que se sum\u00f3 al listado de gastos que est\u00e1 armando el fiscal Gerardo Pollicita para decidir si la vida que lleva el funcionario se adec\u00faa -o no- a sus ingresos declarados.<\/p>\n<div style=\"text-align:center\">\n<figure class=\"image\" style=\"display:inline-block\"><picture><source media=\"(max-width: 440px)\" srcset=\"https:\/\/fotos.perfil.com\/\/2026\/04\/06\/440\/0\/bettina-angeletti-2215541.jpg?webp\"\/><source media=\"(max-width: 1019px)\" srcset=\"https:\/\/fotos.perfil.com\/\/2026\/04\/06\/712\/0\/bettina-angeletti-2215541.jpg?webp\"\/><img decoding=\"async\" style=\"max-width: 100%; width: 100%;\" alt=\"Bettina Angeletti\" src=\"https:\/\/fotos.perfil.com\/\/2026\/04\/06\/900\/0\/bettina-angeletti-2215541.jpg?webp\" loading=\"lazy\"\/><\/picture><figcaption>Bettina Angeletti<\/figcaption><\/figure>\n<\/p><\/div>\n<p>Esta nueva informaci\u00f3n se conoci\u00f3 en las horas previas a la visita que realizar\u00e1 Adorni a la C\u00e1mara de Diputados, donde dar\u00e1 un informe de su gesti\u00f3n y, adem\u00e1s, deber\u00e1 responder los cuestionamientos de la oposici\u00f3n, incluyendo las<strong> dos causas en su contra que est\u00e1n siendo investigadas<\/strong> en Comodoro Py.<\/p>\n<div class=\"subscription\">\n<p>\n        Esto no les gusta a los autoritarios\n    <\/p>\n<div class=\"subscription__container\">\n<div class=\"subscription__text-wrapper\">\n<p>\n                El ejercicio del periodismo profesional y cr\u00edtico es un pilar fundamental de la democracia. Por eso molesta a quienes creen ser los due\u00f1os de la verdad.\n            <\/p>\n<\/p><\/div><\/div>\n<\/div>\n<p class=\"destacadoNota\"><a target=\"_blank\" href=\"https:\/\/www.perfil.com\/noticias\/opinion\/con-adorni-en-el-congreso-se-preparan-para-una-batalla-campal.phtml\">Con Adorni en el Congreso, se preparan para una batalla campal<\/a><\/p>\n<p>Una de las causas es por el <strong>viaje que realiz\u00f3 a Uruguay<\/strong> con su familia en un avi\u00f3n privado; y otra por <strong>presunto enriquecimiento il\u00edcito<\/strong>, donde la Justicia confirm\u00f3 que el jefe de Gabinete y su esposa gastaron, a fines de diciembre de 2024 y comienzos de enero de 2025, casi<strong> 9000 d\u00f3lares en efectivo<\/strong> para hospedarse en dos complejos de lujo cuando viajaron a Aruba.<\/p>\n<p>Los pasajes del vuelo, incluyendo los de sus dos hijos, tambi\u00e9n fueron pagados en efectivo y<strong> cada uno sali\u00f3 1450 d\u00f3lares.<\/strong><\/p>\n<div style=\"text-align:center\">\n<figure class=\"image\" style=\"display:inline-block\"><picture><source media=\"(max-width: 440px)\" srcset=\"https:\/\/fotos.perfil.com\/\/2026\/03\/17\/440\/0\/manuel-adorni-y-bettina-angeletti-2204330.jpg?webp\"\/><source media=\"(max-width: 1019px)\" srcset=\"https:\/\/fotos.perfil.com\/\/2026\/03\/17\/712\/0\/manuel-adorni-y-bettina-angeletti-2204330.jpg?webp\"\/><img decoding=\"async\" style=\"max-width: 100%; width: 100%;\" alt=\"Manuel Adorni y Bettina Angeletti\" src=\"https:\/\/fotos.perfil.com\/\/2026\/03\/17\/900\/0\/manuel-adorni-y-bettina-angeletti-2204330.jpg?webp\" loading=\"lazy\"\/><\/picture><figcaption>Bettina Angeletti y Manuel Adorni<\/figcaption><\/figure>\n<\/p><\/div>\n<h2>La declaraci\u00f3n que complica a Manuel Adorni<\/h2>\n<p>Pablo Mart\u00edn Feijoo, el empresario encargado de la operaci\u00f3n inmobiliaria por la que Manuel Adorni adquiri\u00f3 su departamento en Caballito, le dio detalles al fiscal Gerardo Pollicita sobre c\u00f3mo ocurri\u00f3 todo, incluyendo el acuerdo de financiaci\u00f3n que le permiti\u00f3 al funcionario<strong> saldar 200 mil d\u00f3lares a trav\u00e9s de una hipoteca a un a\u00f1o, sin intereses<\/strong>.<\/p>\n<p>Todo comenz\u00f3 en mayo de 2025, cuando el exfutbolista Hugo Morales, anterior due\u00f1o de la propiedad, se la vendi\u00f3 a las jubiladas <strong>Claudia Sbabo y Beatriz Viegas<\/strong>, quienes pagaron<strong> 200.000 d\u00f3lares<\/strong> a partes iguales por la propiedad.<\/p>\n<p class=\"destacadoNota\"><a target=\"_blank\" href=\"https:\/\/www.perfil.com\/noticias\/judiciales\/hoy-se-espera-la-declaracion-del-hijo-de-viegas-una-de-las-jubiladas-que-le-vendio-el-departamento-a-adorni.phtml\">Adorni, flojo de papeles: le debe 65 mil d\u00f3lares a Feijoo y la deuda no est\u00e1 documentada<\/a><\/p>\n<p>Feijoo, hijo de Viegas, negoci\u00f3 el valor con Morales y, tras la adquisici\u00f3n, de poner en venta la propiedad. En su declaraci\u00f3n bajo juramento, el hombre explic\u00f3 que \u00e9l se hizo cargo de todas las refacciones del departamento por un valor de 65.000 d\u00f3lares, y ese fue el <strong>monto que acord\u00f3 con Adorni recuperar \u201cpor afuera<\/strong>\u201d, cuando el funcionario lograra vender su departamento del barrio porte\u00f1o de Parque Chacabuco.<\/p>\n<p>De acuerdo a la reconstrucci\u00f3n de los hechos, el testigo primero le pidi\u00f3 300.000 d\u00f3lares al jefe de Gabinete, pero finalmente acord\u00f3 recibir 230.000 como precio final. <strong>El funcionario pag\u00f3 30.000 d\u00f3lares de adelanto<\/strong> y el 87% restante en una hipoteca a un a\u00f1o, sin intereses.<\/p>\n<div style=\"text-align:center\">\n<figure class=\"image\" style=\"display:inline-block\"><picture><source media=\"(max-width: 440px)\" srcset=\"https:\/\/fotos.perfil.com\/\/2026\/04\/22\/440\/0\/pablo-martin-feijoo-se-retiro-de-comodoro-py-22042026-2225587.jpg?webp\"\/><source media=\"(max-width: 1019px)\" srcset=\"https:\/\/fotos.perfil.com\/\/2026\/04\/22\/712\/0\/pablo-martin-feijoo-se-retiro-de-comodoro-py-22042026-2225587.jpg?webp\"\/><img decoding=\"async\" style=\"max-width: 100%; width: 100%;\" alt=\"Pablo Mart\u00edn Feijo\u00f3 se retir\u00f3 de Comodoro Py 22042026\" src=\"https:\/\/fotos.perfil.com\/\/2026\/04\/22\/900\/0\/pablo-martin-feijoo-se-retiro-de-comodoro-py-22042026-2225587.jpg?webp\" loading=\"lazy\"\/><\/picture><figcaption>Pablo Mart\u00edn Feijoo se retir\u00f3 de Comodoro Py<\/figcaption><\/figure>\n<\/p><\/div>\n<p>Seg\u00fan la <em>Agencia Noticias Argentinas (NA)<\/em>, Feijoo declar\u00f3 que baj\u00f3 sus pretensiones iniciales porque le conven\u00eda tener negocios con \u201cgente importante\u201d.<\/p>\n<p>El pr\u00f3ximo lunes 4 de mayo est\u00e1 citado a declarar como testigo <strong>Mat\u00edas Tabar<\/strong>, el contratista que se encarg\u00f3 de las remodelaciones en la vivienda que Adorni y su mujer tienen en el country Indio Cua, en Exaltaci\u00f3n de la Cruz, adquirida a nombre de ella en noviembre de 2024.<\/p>\n<p>El hombre deber\u00e1 presentar toda la documentaci\u00f3n relacionada a esta casa, incluyendo presupuestos, contratos y facturas emitidas y recibidas.<\/p>\n<p><em>HM\/DCQ<\/em><\/p>\n<\/p><\/div>\n<p><script>\n                !function(f,b,e,v,n,t,s)\n                {if(f.fbq)return;n=f.fbq=function(){n.callMethod?\n                    n.callMethod.apply(n,arguments):n.queue.push(arguments)};\n                    if(!f._fbq)f._fbq=n;n.push=n;n.loaded=!0;n.version='2.0';\n                    n.queue=[];t=b.createElement(e);t.async=!0;\n                    t.src=v;s=b.getElementsByTagName(e)[0];\n                    s.parentNode.insertBefore(t,s)}(window, document,'script',\n                    'https:\/\/connect.facebook.net\/en_US\/fbevents.js');\n                window.paywallConfig.facebook_pixel=\"1000228364089342\"\n            <\/script><\/p>\n","protected":false},"excerpt":{"rendered":"<p>En el marco de la causa que investiga a Manuel Adorni, jefe de Gabinete de Javier Milei, por supuesto enriquecimiento il\u00edcito, la Justicia recibi\u00f3 informaci\u00f3n sobre un gasto de aproximadamente 6000 d\u00f3lares en efectivo que habr\u00eda gastado Bettina Angeletti, la esposa del exvocero presidencial, en septiembre de 2025, cuando viaj\u00f3 a Espa\u00f1a. Seg\u00fan La Naci\u00f3n, [&hellip;]<\/p>\n","protected":false},"author":2,"featured_media":193743,"comment_status":"closed","ping_status":"closed","sticky":false,"template":"","format":"standard","meta":{"footnotes":""},"categories":[25],"tags":[],"class_list":["post-193742","post","type-post","status-publish","format-standard","has-post-thumbnail","hentry","category-nacionales"],"yoast_head":"<!-- This site is optimized with the Yoast SEO plugin v24.4 - https:\/\/yoast.com\/wordpress\/plugins\/seo\/ -->\n<title>La Justicia descubri\u00f3 que la esposa de Manuel Adorni gast\u00f3 6000 d\u00f3lares en efectivo en Espa\u00f1a - GYS NOTICIAS |<\/title>\n<meta name=\"robots\" content=\"index, follow, max-snippet:-1, max-image-preview:large, max-video-preview:-1\" \/>\n<link rel=\"canonical\" href=\"https:\/\/gysfm.com.ar\/inicio\/la-justicia-descubrio-que-la-esposa-de-manuel-adorni-gasto-6000-dolares-en-efectivo-en-espana\/\" \/>\n<meta property=\"og:locale\" content=\"es_ES\" \/>\n<meta property=\"og:type\" content=\"article\" \/>\n<meta property=\"og:title\" content=\"La Justicia descubri\u00f3 que la esposa de Manuel Adorni gast\u00f3 6000 d\u00f3lares en efectivo en Espa\u00f1a - GYS NOTICIAS |\" \/>\n<meta property=\"og:description\" content=\"En el marco de la causa que investiga a Manuel Adorni, jefe de Gabinete de Javier Milei, por supuesto enriquecimiento il\u00edcito, la Justicia recibi\u00f3 informaci\u00f3n sobre un gasto de aproximadamente 6000 d\u00f3lares en efectivo que habr\u00eda gastado Bettina Angeletti, la esposa del exvocero presidencial, en septiembre de 2025, cuando viaj\u00f3 a Espa\u00f1a. Seg\u00fan La Naci\u00f3n, [&hellip;]\" \/>\n<meta property=\"og:url\" content=\"https:\/\/gysfm.com.ar\/inicio\/la-justicia-descubrio-que-la-esposa-de-manuel-adorni-gasto-6000-dolares-en-efectivo-en-espana\/\" \/>\n<meta property=\"og:site_name\" content=\"GYS NOTICIAS |\" \/>\n<meta property=\"article:published_time\" content=\"2026-04-29T21:11:43+00:00\" \/>\n<meta property=\"og:image\" content=\"https:\/\/fotos.perfil.com\/\/2026\/04\/06\/900\/0\/bettina-angeletti-2215541.jpg?webp\" \/>\n<meta name=\"author\" content=\"Prensa G&amp;S FM\" \/>\n<meta name=\"twitter:card\" content=\"summary_large_image\" \/>\n<meta name=\"twitter:label1\" content=\"Escrito por\" \/>\n\t<meta name=\"twitter:data1\" content=\"Prensa G&amp;S FM\" \/>\n\t<meta name=\"twitter:label2\" content=\"Tiempo de lectura\" \/>\n\t<meta name=\"twitter:data2\" content=\"3 minutos\" \/>\n<script type=\"application\/ld+json\" class=\"yoast-schema-graph\">{\"@context\":\"https:\/\/schema.org\",\"@graph\":[{\"@type\":\"Article\",\"@id\":\"https:\/\/gysfm.com.ar\/inicio\/la-justicia-descubrio-que-la-esposa-de-manuel-adorni-gasto-6000-dolares-en-efectivo-en-espana\/#article\",\"isPartOf\":{\"@id\":\"https:\/\/gysfm.com.ar\/inicio\/la-justicia-descubrio-que-la-esposa-de-manuel-adorni-gasto-6000-dolares-en-efectivo-en-espana\/\"},\"author\":{\"name\":\"Prensa G&amp;S FM\",\"@id\":\"https:\/\/gysfm.com.ar\/inicio\/#\/schema\/person\/3abba7593ef2ad19e1be221d54383dc5\"},\"headline\":\"La Justicia descubri\u00f3 que la esposa de Manuel Adorni gast\u00f3 6000 d\u00f3lares en efectivo en Espa\u00f1a\",\"datePublished\":\"2026-04-29T21:11:43+00:00\",\"mainEntityOfPage\":{\"@id\":\"https:\/\/gysfm.com.ar\/inicio\/la-justicia-descubrio-que-la-esposa-de-manuel-adorni-gasto-6000-dolares-en-efectivo-en-espana\/\"},\"wordCount\":672,\"publisher\":{\"@id\":\"https:\/\/gysfm.com.ar\/inicio\/#organization\"},\"image\":{\"@id\":\"https:\/\/gysfm.com.ar\/inicio\/la-justicia-descubrio-que-la-esposa-de-manuel-adorni-gasto-6000-dolares-en-efectivo-en-espana\/#primaryimage\"},\"thumbnailUrl\":\"https:\/\/gysfm.com.ar\/inicio\/wp-content\/uploads\/2026\/04\/manuel-adorni-y-bettina-angeletti-2218435.png\",\"articleSection\":[\"NACIONALES\"],\"inLanguage\":\"es\"},{\"@type\":\"WebPage\",\"@id\":\"https:\/\/gysfm.com.ar\/inicio\/la-justicia-descubrio-que-la-esposa-de-manuel-adorni-gasto-6000-dolares-en-efectivo-en-espana\/\",\"url\":\"https:\/\/gysfm.com.ar\/inicio\/la-justicia-descubrio-que-la-esposa-de-manuel-adorni-gasto-6000-dolares-en-efectivo-en-espana\/\",\"name\":\"La Justicia descubri\u00f3 que la esposa de Manuel Adorni gast\u00f3 6000 d\u00f3lares en efectivo en Espa\u00f1a - GYS NOTICIAS |\",\"isPartOf\":{\"@id\":\"https:\/\/gysfm.com.ar\/inicio\/#website\"},\"primaryImageOfPage\":{\"@id\":\"https:\/\/gysfm.com.ar\/inicio\/la-justicia-descubrio-que-la-esposa-de-manuel-adorni-gasto-6000-dolares-en-efectivo-en-espana\/#primaryimage\"},\"image\":{\"@id\":\"https:\/\/gysfm.com.ar\/inicio\/la-justicia-descubrio-que-la-esposa-de-manuel-adorni-gasto-6000-dolares-en-efectivo-en-espana\/#primaryimage\"},\"thumbnailUrl\":\"https:\/\/gysfm.com.ar\/inicio\/wp-content\/uploads\/2026\/04\/manuel-adorni-y-bettina-angeletti-2218435.png\",\"datePublished\":\"2026-04-29T21:11:43+00:00\",\"breadcrumb\":{\"@id\":\"https:\/\/gysfm.com.ar\/inicio\/la-justicia-descubrio-que-la-esposa-de-manuel-adorni-gasto-6000-dolares-en-efectivo-en-espana\/#breadcrumb\"},\"inLanguage\":\"es\",\"potentialAction\":[{\"@type\":\"ReadAction\",\"target\":[\"https:\/\/gysfm.com.ar\/inicio\/la-justicia-descubrio-que-la-esposa-de-manuel-adorni-gasto-6000-dolares-en-efectivo-en-espana\/\"]}]},{\"@type\":\"ImageObject\",\"inLanguage\":\"es\",\"@id\":\"https:\/\/gysfm.com.ar\/inicio\/la-justicia-descubrio-que-la-esposa-de-manuel-adorni-gasto-6000-dolares-en-efectivo-en-espana\/#primaryimage\",\"url\":\"https:\/\/gysfm.com.ar\/inicio\/wp-content\/uploads\/2026\/04\/manuel-adorni-y-bettina-angeletti-2218435.png\",\"contentUrl\":\"https:\/\/gysfm.com.ar\/inicio\/wp-content\/uploads\/2026\/04\/manuel-adorni-y-bettina-angeletti-2218435.png\",\"width\":1140,\"height\":641},{\"@type\":\"BreadcrumbList\",\"@id\":\"https:\/\/gysfm.com.ar\/inicio\/la-justicia-descubrio-que-la-esposa-de-manuel-adorni-gasto-6000-dolares-en-efectivo-en-espana\/#breadcrumb\",\"itemListElement\":[{\"@type\":\"ListItem\",\"position\":1,\"name\":\"Portada\",\"item\":\"https:\/\/gysfm.com.ar\/inicio\/\"},{\"@type\":\"ListItem\",\"position\":2,\"name\":\"La Justicia descubri\u00f3 que la esposa de Manuel Adorni gast\u00f3 6000 d\u00f3lares en efectivo en Espa\u00f1a\"}]},{\"@type\":\"WebSite\",\"@id\":\"https:\/\/gysfm.com.ar\/inicio\/#website\",\"url\":\"https:\/\/gysfm.com.ar\/inicio\/\",\"name\":\"GYS NOTICIAS |\",\"description\":\"DIARIO - RADIO ONLINE SAN JUAN ARGENTINA\",\"publisher\":{\"@id\":\"https:\/\/gysfm.com.ar\/inicio\/#organization\"},\"potentialAction\":[{\"@type\":\"SearchAction\",\"target\":{\"@type\":\"EntryPoint\",\"urlTemplate\":\"https:\/\/gysfm.com.ar\/inicio\/?s={search_term_string}\"},\"query-input\":{\"@type\":\"PropertyValueSpecification\",\"valueRequired\":true,\"valueName\":\"search_term_string\"}}],\"inLanguage\":\"es\"},{\"@type\":\"Organization\",\"@id\":\"https:\/\/gysfm.com.ar\/inicio\/#organization\",\"name\":\"GYS NOTICIAS |\",\"url\":\"https:\/\/gysfm.com.ar\/inicio\/\",\"logo\":{\"@type\":\"ImageObject\",\"inLanguage\":\"es\",\"@id\":\"https:\/\/gysfm.com.ar\/inicio\/#\/schema\/logo\/image\/\",\"url\":\"https:\/\/gysfm.com.ar\/inicio\/wp-content\/uploads\/2023\/07\/LOGOGYS-OK.png\",\"contentUrl\":\"https:\/\/gysfm.com.ar\/inicio\/wp-content\/uploads\/2023\/07\/LOGOGYS-OK.png\",\"width\":1170,\"height\":872,\"caption\":\"GYS NOTICIAS |\"},\"image\":{\"@id\":\"https:\/\/gysfm.com.ar\/inicio\/#\/schema\/logo\/image\/\"}},{\"@type\":\"Person\",\"@id\":\"https:\/\/gysfm.com.ar\/inicio\/#\/schema\/person\/3abba7593ef2ad19e1be221d54383dc5\",\"name\":\"Prensa G&amp;S FM\",\"image\":{\"@type\":\"ImageObject\",\"inLanguage\":\"es\",\"@id\":\"https:\/\/gysfm.com.ar\/inicio\/#\/schema\/person\/image\/\",\"url\":\"https:\/\/secure.gravatar.com\/avatar\/096ec78df02049ab018702bb4ccedf659377fa92a26540b5247612077a0dbd29?s=96&d=mm&r=g\",\"contentUrl\":\"https:\/\/secure.gravatar.com\/avatar\/096ec78df02049ab018702bb4ccedf659377fa92a26540b5247612077a0dbd29?s=96&d=mm&r=g\",\"caption\":\"Prensa G&amp;S FM\"},\"sameAs\":[\"https:\/\/gysfm.com.ar\/\"],\"url\":\"https:\/\/gysfm.com.ar\/inicio\/author\/lucasm\/\"}]}<\/script>\n<!-- \/ Yoast SEO plugin. -->","yoast_head_json":{"title":"La Justicia descubri\u00f3 que la esposa de Manuel Adorni gast\u00f3 6000 d\u00f3lares en efectivo en Espa\u00f1a - GYS NOTICIAS |","robots":{"index":"index","follow":"follow","max-snippet":"max-snippet:-1","max-image-preview":"max-image-preview:large","max-video-preview":"max-video-preview:-1"},"canonical":"https:\/\/gysfm.com.ar\/inicio\/la-justicia-descubrio-que-la-esposa-de-manuel-adorni-gasto-6000-dolares-en-efectivo-en-espana\/","og_locale":"es_ES","og_type":"article","og_title":"La Justicia descubri\u00f3 que la esposa de Manuel Adorni gast\u00f3 6000 d\u00f3lares en efectivo en Espa\u00f1a - GYS NOTICIAS |","og_description":"En el marco de la causa que investiga a Manuel Adorni, jefe de Gabinete de Javier Milei, por supuesto enriquecimiento il\u00edcito, la Justicia recibi\u00f3 informaci\u00f3n sobre un gasto de aproximadamente 6000 d\u00f3lares en efectivo que habr\u00eda gastado Bettina Angeletti, la esposa del exvocero presidencial, en septiembre de 2025, cuando viaj\u00f3 a Espa\u00f1a. Seg\u00fan La Naci\u00f3n, [&hellip;]","og_url":"https:\/\/gysfm.com.ar\/inicio\/la-justicia-descubrio-que-la-esposa-de-manuel-adorni-gasto-6000-dolares-en-efectivo-en-espana\/","og_site_name":"GYS NOTICIAS |","article_published_time":"2026-04-29T21:11:43+00:00","og_image":[{"url":"https:\/\/fotos.perfil.com\/\/2026\/04\/06\/900\/0\/bettina-angeletti-2215541.jpg?webp","type":"","width":"","height":""}],"author":"Prensa G&amp;S FM","twitter_card":"summary_large_image","twitter_misc":{"Escrito por":"Prensa G&amp;S FM","Tiempo de lectura":"3 minutos"},"schema":{"@context":"https:\/\/schema.org","@graph":[{"@type":"Article","@id":"https:\/\/gysfm.com.ar\/inicio\/la-justicia-descubrio-que-la-esposa-de-manuel-adorni-gasto-6000-dolares-en-efectivo-en-espana\/#article","isPartOf":{"@id":"https:\/\/gysfm.com.ar\/inicio\/la-justicia-descubrio-que-la-esposa-de-manuel-adorni-gasto-6000-dolares-en-efectivo-en-espana\/"},"author":{"name":"Prensa G&amp;S FM","@id":"https:\/\/gysfm.com.ar\/inicio\/#\/schema\/person\/3abba7593ef2ad19e1be221d54383dc5"},"headline":"La Justicia descubri\u00f3 que la esposa de Manuel Adorni gast\u00f3 6000 d\u00f3lares en efectivo en Espa\u00f1a","datePublished":"2026-04-29T21:11:43+00:00","mainEntityOfPage":{"@id":"https:\/\/gysfm.com.ar\/inicio\/la-justicia-descubrio-que-la-esposa-de-manuel-adorni-gasto-6000-dolares-en-efectivo-en-espana\/"},"wordCount":672,"publisher":{"@id":"https:\/\/gysfm.com.ar\/inicio\/#organization"},"image":{"@id":"https:\/\/gysfm.com.ar\/inicio\/la-justicia-descubrio-que-la-esposa-de-manuel-adorni-gasto-6000-dolares-en-efectivo-en-espana\/#primaryimage"},"thumbnailUrl":"https:\/\/gysfm.com.ar\/inicio\/wp-content\/uploads\/2026\/04\/manuel-adorni-y-bettina-angeletti-2218435.png","articleSection":["NACIONALES"],"inLanguage":"es"},{"@type":"WebPage","@id":"https:\/\/gysfm.com.ar\/inicio\/la-justicia-descubrio-que-la-esposa-de-manuel-adorni-gasto-6000-dolares-en-efectivo-en-espana\/","url":"https:\/\/gysfm.com.ar\/inicio\/la-justicia-descubrio-que-la-esposa-de-manuel-adorni-gasto-6000-dolares-en-efectivo-en-espana\/","name":"La Justicia descubri\u00f3 que la esposa de Manuel Adorni gast\u00f3 6000 d\u00f3lares en efectivo en Espa\u00f1a - GYS NOTICIAS |","isPartOf":{"@id":"https:\/\/gysfm.com.ar\/inicio\/#website"},"primaryImageOfPage":{"@id":"https:\/\/gysfm.com.ar\/inicio\/la-justicia-descubrio-que-la-esposa-de-manuel-adorni-gasto-6000-dolares-en-efectivo-en-espana\/#primaryimage"},"image":{"@id":"https:\/\/gysfm.com.ar\/inicio\/la-justicia-descubrio-que-la-esposa-de-manuel-adorni-gasto-6000-dolares-en-efectivo-en-espana\/#primaryimage"},"thumbnailUrl":"https:\/\/gysfm.com.ar\/inicio\/wp-content\/uploads\/2026\/04\/manuel-adorni-y-bettina-angeletti-2218435.png","datePublished":"2026-04-29T21:11:43+00:00","breadcrumb":{"@id":"https:\/\/gysfm.com.ar\/inicio\/la-justicia-descubrio-que-la-esposa-de-manuel-adorni-gasto-6000-dolares-en-efectivo-en-espana\/#breadcrumb"},"inLanguage":"es","potentialAction":[{"@type":"ReadAction","target":["https:\/\/gysfm.com.ar\/inicio\/la-justicia-descubrio-que-la-esposa-de-manuel-adorni-gasto-6000-dolares-en-efectivo-en-espana\/"]}]},{"@type":"ImageObject","inLanguage":"es","@id":"https:\/\/gysfm.com.ar\/inicio\/la-justicia-descubrio-que-la-esposa-de-manuel-adorni-gasto-6000-dolares-en-efectivo-en-espana\/#primaryimage","url":"https:\/\/gysfm.com.ar\/inicio\/wp-content\/uploads\/2026\/04\/manuel-adorni-y-bettina-angeletti-2218435.png","contentUrl":"https:\/\/gysfm.com.ar\/inicio\/wp-content\/uploads\/2026\/04\/manuel-adorni-y-bettina-angeletti-2218435.png","width":1140,"height":641},{"@type":"BreadcrumbList","@id":"https:\/\/gysfm.com.ar\/inicio\/la-justicia-descubrio-que-la-esposa-de-manuel-adorni-gasto-6000-dolares-en-efectivo-en-espana\/#breadcrumb","itemListElement":[{"@type":"ListItem","position":1,"name":"Portada","item":"https:\/\/gysfm.com.ar\/inicio\/"},{"@type":"ListItem","position":2,"name":"La Justicia descubri\u00f3 que la esposa de Manuel Adorni gast\u00f3 6000 d\u00f3lares en efectivo en Espa\u00f1a"}]},{"@type":"WebSite","@id":"https:\/\/gysfm.com.ar\/inicio\/#website","url":"https:\/\/gysfm.com.ar\/inicio\/","name":"GYS NOTICIAS |","description":"DIARIO - RADIO ONLINE SAN JUAN ARGENTINA","publisher":{"@id":"https:\/\/gysfm.com.ar\/inicio\/#organization"},"potentialAction":[{"@type":"SearchAction","target":{"@type":"EntryPoint","urlTemplate":"https:\/\/gysfm.com.ar\/inicio\/?s={search_term_string}"},"query-input":{"@type":"PropertyValueSpecification","valueRequired":true,"valueName":"search_term_string"}}],"inLanguage":"es"},{"@type":"Organization","@id":"https:\/\/gysfm.com.ar\/inicio\/#organization","name":"GYS NOTICIAS |","url":"https:\/\/gysfm.com.ar\/inicio\/","logo":{"@type":"ImageObject","inLanguage":"es","@id":"https:\/\/gysfm.com.ar\/inicio\/#\/schema\/logo\/image\/","url":"https:\/\/gysfm.com.ar\/inicio\/wp-content\/uploads\/2023\/07\/LOGOGYS-OK.png","contentUrl":"https:\/\/gysfm.com.ar\/inicio\/wp-content\/uploads\/2023\/07\/LOGOGYS-OK.png","width":1170,"height":872,"caption":"GYS NOTICIAS |"},"image":{"@id":"https:\/\/gysfm.com.ar\/inicio\/#\/schema\/logo\/image\/"}},{"@type":"Person","@id":"https:\/\/gysfm.com.ar\/inicio\/#\/schema\/person\/3abba7593ef2ad19e1be221d54383dc5","name":"Prensa G&amp;S FM","image":{"@type":"ImageObject","inLanguage":"es","@id":"https:\/\/gysfm.com.ar\/inicio\/#\/schema\/person\/image\/","url":"https:\/\/secure.gravatar.com\/avatar\/096ec78df02049ab018702bb4ccedf659377fa92a26540b5247612077a0dbd29?s=96&d=mm&r=g","contentUrl":"https:\/\/secure.gravatar.com\/avatar\/096ec78df02049ab018702bb4ccedf659377fa92a26540b5247612077a0dbd29?s=96&d=mm&r=g","caption":"Prensa G&amp;S FM"},"sameAs":["https:\/\/gysfm.com.ar\/"],"url":"https:\/\/gysfm.com.ar\/inicio\/author\/lucasm\/"}]}},"_links":{"self":[{"href":"https:\/\/gysfm.com.ar\/inicio\/wp-json\/wp\/v2\/posts\/193742","targetHints":{"allow":["GET"]}}],"collection":[{"href":"https:\/\/gysfm.com.ar\/inicio\/wp-json\/wp\/v2\/posts"}],"about":[{"href":"https:\/\/gysfm.com.ar\/inicio\/wp-json\/wp\/v2\/types\/post"}],"author":[{"embeddable":true,"href":"https:\/\/gysfm.com.ar\/inicio\/wp-json\/wp\/v2\/users\/2"}],"replies":[{"embeddable":true,"href":"https:\/\/gysfm.com.ar\/inicio\/wp-json\/wp\/v2\/comments?post=193742"}],"version-history":[{"count":0,"href":"https:\/\/gysfm.com.ar\/inicio\/wp-json\/wp\/v2\/posts\/193742\/revisions"}],"wp:featuredmedia":[{"embeddable":true,"href":"https:\/\/gysfm.com.ar\/inicio\/wp-json\/wp\/v2\/media\/193743"}],"wp:attachment":[{"href":"https:\/\/gysfm.com.ar\/inicio\/wp-json\/wp\/v2\/media?parent=193742"}],"wp:term":[{"taxonomy":"category","embeddable":true,"href":"https:\/\/gysfm.com.ar\/inicio\/wp-json\/wp\/v2\/categories?post=193742"},{"taxonomy":"post_tag","embeddable":true,"href":"https:\/\/gysfm.com.ar\/inicio\/wp-json\/wp\/v2\/tags?post=193742"}],"curies":[{"name":"wp","href":"https:\/\/api.w.org\/{rel}","templated":true}]}}