{"id":193737,"date":"2026-04-29T17:33:10","date_gmt":"2026-04-29T20:33:10","guid":{"rendered":"https:\/\/gysfm.com.ar\/inicio\/hazana-en-el-everest-alpinistas-nepalies-reabren-una-ruta-clave-de-subida-tras-el-bloqueo-de-una-gigante-torre-de-hielo\/"},"modified":"2026-04-29T17:33:11","modified_gmt":"2026-04-29T20:33:11","slug":"hazana-en-el-everest-alpinistas-nepalies-reabren-una-ruta-clave-de-subida-tras-el-bloqueo-de-una-gigante-torre-de-hielo","status":"publish","type":"post","link":"https:\/\/gysfm.com.ar\/inicio\/hazana-en-el-everest-alpinistas-nepalies-reabren-una-ruta-clave-de-subida-tras-el-bloqueo-de-una-gigante-torre-de-hielo\/","title":{"rendered":"Haza\u00f1a en el Everest: alpinistas nepal\u00edes reabren una ruta clave de subida tras el bloqueo de una gigante torre de hielo"},"content":{"rendered":"<p> <br \/>\n<\/p>\n<div>\n<p class=\"com-paragraph  --capital --s\">KATMAND\u00da, Nepal.\u2013 Un grupo de <strong>gu\u00edas nepal\u00edes <\/strong>reabrieron <strong>este martes la ruta que conduce a la cumbre del <\/strong><a href=\"https:\/\/www.lanacion.com.ar\/el-mundo\/enorme-operativo-de-rescate-en-el-everest-tras-una-intensa-tormenta-de-nieve-un-muerto-y-casi-200-nid06102025\/\" target=\"_self\" title=\"https:\/\/www.lanacion.com.ar\/el-mundo\/enorme-operativo-de-rescate-en-el-everest-tras-una-intensa-tormenta-de-nieve-un-muerto-y-casi-200-nid06102025\/\" class=\"com-link break-word\" data-mrf-recirculation=\"n_link_parrafo\"><strong>Everest<\/strong><\/a>, que se encontraba bloqueada desde hac\u00eda dos semanas por un enorme bloque de hielo que <strong>pod\u00eda retrasar y poner en peligro los ascensos.<\/strong> <\/p>\n<p class=\"com-paragraph   --s\">Un grupo de alpinistas del m\u00e1s alto nivel, <strong>denominados \u201cicefall doctors\u201d o expertos en cascadas de hielo<\/strong>, empez\u00f3 a mediados de marzo a equipar con cuerdas las laderas del <a href=\"https:\/\/www.lanacion.com.ar\/el-mundo\/los-esfuerzos-para-rescatar-a-cientos-de-personas-que-quedaron-atrapadas-en-las-laderas-del-monte-nid06102025\/\" target=\"_self\" title=\"https:\/\/www.lanacion.com.ar\/el-mundo\/los-esfuerzos-para-rescatar-a-cientos-de-personas-que-quedaron-atrapadas-en-las-laderas-del-monte-nid06102025\/\" class=\"com-link break-word\" data-mrf-recirculation=\"n_link_parrafo\">techo del mundo<\/a>,<strong> como es habitual antes de cada temporada<\/strong>. Pero su avance llevaba dos semanas bloqueado por la presencia de un <strong>serac<\/strong> \u2013un enorme bloque de hielo\u2013 <strong>en la temible Cascada de Hielo del Khumbu<\/strong>, que abre la ruta nepal\u00ed hacia la cumbre del <strong>Himalaya<\/strong>.<\/p>\n<div class=\"content-media\">\n<section role=\"button\" class=\"mod-media   \">\n<figure role=\"button\" tabindex=\"0\" class=\"mod-figure \"><figcaption class=\"mod-figcaption\"><span class=\"com-text --caption --twoxs\">Monta\u00f1istas en los Himalaya<\/span><\/figcaption><\/figure>\n<\/section>\n<\/div>\n<p class=\"com-paragraph   --s\"><strong>\u201cUn equipo de 21 personas, incluidos ocho expertos en cascadas de hielo, subi\u00f3 esta ma\u00f1ana, abriendo la ruta hasta el campamento 1\u201d<\/strong>, declar\u00f3 a la AFP <strong>Lakpa Sherpa<\/strong>, de la agencia de viajes 8K Expeditions, que coordinaba la operaci\u00f3n.<\/p>\n<p class=\"com-paragraph   --s\"><strong>\u201cEl serac sigue ah\u00ed, as\u00ed que el riesgo persiste&#8230; Esperamos que se derrita pronto\u201d<\/strong>, advirti\u00f3 luego. <\/p>\n<p class=\"com-paragraph   --s\">El serac entre el campo base y el uno <strong>es inestable y supone un riesgo para los escaladores<\/strong>, explic\u00f3<strong> Himal Gautam<\/strong>, del Departamento de Monta\u00f1ismo de Nepal. Las autoridades trabajan con alpinistas y organizadores de expediciones para evaluar la situaci\u00f3n, mientras <strong>cientos de escaladores y sus gu\u00edas esperan en el campamento base sin poder avanzar<\/strong>.<\/p>\n<p class=\"com-paragraph   --s\">Seg\u00fan el departamento,<strong> se han expedido 410 permisos a alpinistas extranjeros para intentar llegar a la cumbre del Everest<\/strong> durante la temporada de escalada de primavera, que termina a finales de mayo.<\/p>\n<div class=\"content-media\">\n<section role=\"button\" class=\"mod-media   \">\n<figure role=\"button\" tabindex=\"0\" class=\"mod-figure \"><figcaption class=\"mod-figcaption\"><span class=\"com-text --caption --twoxs\">Tareas de rescate para llegar a cientos de excursionistas que quedaron atrapados en el Monte Everest, el T\u00edbet, el 5 de octubre de 2025<\/span><span class=\"com-text --credit --twoxs\">Lingsuiye &#8211; Xinhua<\/span><\/figcaption><\/figure>\n<\/section>\n<\/div>\n<p class=\"com-paragraph   --s\">Los \u201cicefall doctors\u201d, los gu\u00edas de \u00e9lite que <strong>trazan cada a\u00f1o la ruta de ascenso colocando cuerdas y asegurando escaleras de aluminio<\/strong> sobre las grietas, suelen terminar su tarea a mediados de abril.<\/p>\n<p class=\"com-paragraph   --s\">El Comit\u00e9 de Control de la Contaminaci\u00f3n de <strong>Sagarmatha<\/strong>, que desplegar\u00eda al equipo para trazar la ruta,<strong> tiene previsto evaluar el serac mediante un reconocimiento a\u00e9reo<\/strong>.<\/p>\n<div class=\"content-media\">\n<section role=\"button\" class=\"mod-media   \">\n<figure role=\"button\" tabindex=\"0\" class=\"mod-figure \"><figcaption class=\"mod-figcaption\"><span class=\"com-text --caption --twoxs\">Vista panor\u00e1mica del Monte Everest<\/span><span class=\"com-text --credit --twoxs\">Daniel Prudek &#8211; Shutterstock<\/span><\/figcaption><\/figure>\n<\/section>\n<\/div>\n<p class=\"com-paragraph   --s\">En 2023, <a href=\"https:\/\/www.lanacion.com.ar\/el-mundo\/tragica-avalancha-de-nieve-en-el-himalaya-murieron-por-lo-menos-siete-turistas-y-hay-decenas-nid04042023\/\" target=\"_self\" title=\"https:\/\/www.lanacion.com.ar\/el-mundo\/tragica-avalancha-de-nieve-en-el-himalaya-murieron-por-lo-menos-siete-turistas-y-hay-decenas-nid04042023\/\" class=\"com-link break-word\" data-mrf-recirculation=\"n_link_parrafo\"><strong>tres gu\u00edas nepal\u00edes<\/strong><\/a><strong> perdieron la vida <\/strong>tras ser golpeados por un bloque de hielo mientras se encontraban en la cascada de Khumbu.<\/p>\n<p class=\"com-paragraph   --s\">En 2014, <strong>un fragmento del glaciar se desprendi\u00f3 de la monta\u00f1a <\/strong>y caus\u00f3 <strong>una avalancha de hielo que mat\u00f3 a 16 gu\u00edas sherpas <\/strong>que sub\u00edan cargando los equipos de sus clientes. Fue uno de los desastres m\u00e1s letales en la historia de los ascensos al Everest.<\/p>\n<p class=\"com-paragraph   --s\"><strong>El serac forma parte de la Cascada de Hielo del Khumbu<\/strong>, un glaciar en constante movimiento con profundas grietas y enormes masas de hielo colgantes que pueden alcanzar el tama\u00f1o de un edificios de 10 pisos.<strong> Se considera una de las secciones m\u00e1s dif\u00edciles y traicioneras del ascenso<\/strong>.<\/p>\n<p class=\"com-paragraph   --s\"><strong>\u201cTodav\u00eda no estamos enviando gente all\u00e1 arriba\u201d<\/strong>, indic\u00f3 <strong>Lukas Furtenbach<\/strong>, de Furtenbach Adventures, diciendo que espera la luz verde del comit\u00e9 que ha desplegado a los expertos.<\/p>\n<div class=\"content-media\">\n<section role=\"button\" class=\"mod-media   \">\n<figure role=\"button\" tabindex=\"0\" class=\"mod-figure \"><figcaption class=\"mod-figcaption\"><span class=\"com-text --caption --twoxs\">Monta\u00f1istas en el Monte Everest<\/span><span class=\"com-text --credit --twoxs\">GETTY IMAGES<\/span><\/figcaption><\/figure>\n<\/section>\n<\/div>\n<p class=\"com-paragraph   --s\">Escalado por primera vez en 1953, <strong>el Everest atrae cada temporada a un n\u00famero creciente de alpinistas<\/strong>, ya sean escaladores experimentados o principiantes en busca de sensaciones fuertes, hasta el punto de que <strong>algunos pasos estrechos quedan bloqueados por atascos humanos <\/strong>que ponen en peligro la seguridad de las cordadas.<\/p>\n<p class=\"com-paragraph   --s\"><strong>Unas 700 personas alcanzaron la cumbre del Everest el a\u00f1o pasado <\/strong>por la vertiente nepal\u00ed, seg\u00fan el Ministerio de Turismo de Nepal, y <strong>un centenar m\u00e1s por la vertiente norte<\/strong>, a trav\u00e9s de China. La Cascada de Hielo del Khumbu es por donde empieza<strong> la ruta nepal\u00ed m\u00e1s utilizada para alcanzar la cumbre del <\/strong><a href=\"https:\/\/www.lanacion.com.ar\/politica\/hito-historico-una-cordada-del-ejercito-alcanzo-por-primera-vez-la-cima-del-himalaya-nid05082025\/\" target=\"_self\" title=\"https:\/\/www.lanacion.com.ar\/politica\/hito-historico-una-cordada-del-ejercito-alcanzo-por-primera-vez-la-cima-del-himalaya-nid05082025\/\" class=\"com-link break-word\" data-mrf-recirculation=\"n_link_parrafo\"><strong>Himalaya<\/strong><\/a>.<\/p>\n<p class=\"com-paragraph   --s\"><strong>Agencias AP y AFP<\/strong><\/p>\n<section class=\"container-center-100 mb-40 border border-bottom border-thin border-neutral-light-700\">\n<hr\/>\n<\/section>\n<\/div>\n<p><script id=\"facebookpixel\" defer=\"\" type=\"text\/javascript\">\n        !function(f,b,e,v,n,t,s)\n        {if(f.fbq)return;n=f.fbq=function(){n.callMethod?\n        n.callMethod.apply(n,arguments):n.queue.push(arguments)};\n        if(!f._fbq)f._fbq=n;n.push=n;n.loaded=!0;n.version='2.0';\n        n.queue=[];t=b.createElement(e);t.async=!0;\n        t.src=v;s=b.getElementsByTagName(e)[0];\n        s.parentNode.insertBefore(t,s)}(window, document,'script',\n        'https:\/\/connect.facebook.net\/en_US\/fbevents.js');\n        fbq('init', '492459597522335');\n        fbq('track', 'PageView');\n    <\/script><br \/>\n<br \/><\/p>\n","protected":false},"excerpt":{"rendered":"<p>KATMAND\u00da, Nepal.\u2013 Un grupo de gu\u00edas nepal\u00edes reabrieron este martes la ruta que conduce a la cumbre del Everest, que se encontraba bloqueada desde hac\u00eda dos semanas por un enorme bloque de hielo que pod\u00eda retrasar y poner en peligro los ascensos. Un grupo de alpinistas del m\u00e1s alto nivel, denominados \u201cicefall doctors\u201d o expertos [&hellip;]<\/p>\n","protected":false},"author":2,"featured_media":193738,"comment_status":"closed","ping_status":"closed","sticky":false,"template":"","format":"standard","meta":{"footnotes":""},"categories":[26],"tags":[],"class_list":["post-193737","post","type-post","status-publish","format-standard","has-post-thumbnail","hentry","category-internacionales"],"yoast_head":"<!-- This site is optimized with the Yoast SEO plugin v24.4 - https:\/\/yoast.com\/wordpress\/plugins\/seo\/ -->\n<title>Haza\u00f1a en el Everest: alpinistas nepal\u00edes reabren una ruta clave de subida tras el bloqueo de una gigante torre de hielo - GYS NOTICIAS |<\/title>\n<meta name=\"robots\" content=\"index, follow, max-snippet:-1, max-image-preview:large, max-video-preview:-1\" \/>\n<link rel=\"canonical\" href=\"https:\/\/gysfm.com.ar\/inicio\/hazana-en-el-everest-alpinistas-nepalies-reabren-una-ruta-clave-de-subida-tras-el-bloqueo-de-una-gigante-torre-de-hielo\/\" \/>\n<meta property=\"og:locale\" content=\"es_ES\" \/>\n<meta property=\"og:type\" content=\"article\" \/>\n<meta property=\"og:title\" content=\"Haza\u00f1a en el Everest: alpinistas nepal\u00edes reabren una ruta clave de subida tras el bloqueo de una gigante torre de hielo - GYS NOTICIAS |\" \/>\n<meta property=\"og:description\" content=\"KATMAND\u00da, Nepal.\u2013 Un grupo de gu\u00edas nepal\u00edes reabrieron este martes la ruta que conduce a la cumbre del Everest, que se encontraba bloqueada desde hac\u00eda dos semanas por un enorme bloque de hielo que pod\u00eda retrasar y poner en peligro los ascensos. Un grupo de alpinistas del m\u00e1s alto nivel, denominados \u201cicefall doctors\u201d o expertos [&hellip;]\" \/>\n<meta property=\"og:url\" content=\"https:\/\/gysfm.com.ar\/inicio\/hazana-en-el-everest-alpinistas-nepalies-reabren-una-ruta-clave-de-subida-tras-el-bloqueo-de-una-gigante-torre-de-hielo\/\" \/>\n<meta property=\"og:site_name\" content=\"GYS NOTICIAS |\" \/>\n<meta property=\"article:published_time\" content=\"2026-04-29T20:33:10+00:00\" \/>\n<meta property=\"article:modified_time\" content=\"2026-04-29T20:33:11+00:00\" \/>\n<meta property=\"og:image\" content=\"https:\/\/gysfm.com.ar\/inicio\/wp-content\/uploads\/2026\/04\/montanistas-hacen-fila-cerca-de-la-cumbre-del-V2X2HKZCZ5DSZB6YSKS6RMLQDA.jpg\" \/>\n\t<meta property=\"og:image:width\" content=\"1200\" \/>\n\t<meta property=\"og:image:height\" content=\"800\" \/>\n\t<meta property=\"og:image:type\" content=\"image\/jpeg\" \/>\n<meta name=\"author\" content=\"Prensa G&amp;S FM\" \/>\n<meta name=\"twitter:card\" content=\"summary_large_image\" \/>\n<meta name=\"twitter:label1\" content=\"Escrito por\" \/>\n\t<meta name=\"twitter:data1\" content=\"Prensa G&amp;S FM\" \/>\n\t<meta name=\"twitter:label2\" content=\"Tiempo de lectura\" \/>\n\t<meta name=\"twitter:data2\" content=\"3 minutos\" \/>\n<script type=\"application\/ld+json\" class=\"yoast-schema-graph\">{\"@context\":\"https:\/\/schema.org\",\"@graph\":[{\"@type\":\"Article\",\"@id\":\"https:\/\/gysfm.com.ar\/inicio\/hazana-en-el-everest-alpinistas-nepalies-reabren-una-ruta-clave-de-subida-tras-el-bloqueo-de-una-gigante-torre-de-hielo\/#article\",\"isPartOf\":{\"@id\":\"https:\/\/gysfm.com.ar\/inicio\/hazana-en-el-everest-alpinistas-nepalies-reabren-una-ruta-clave-de-subida-tras-el-bloqueo-de-una-gigante-torre-de-hielo\/\"},\"author\":{\"name\":\"Prensa G&amp;S FM\",\"@id\":\"https:\/\/gysfm.com.ar\/inicio\/#\/schema\/person\/3abba7593ef2ad19e1be221d54383dc5\"},\"headline\":\"Haza\u00f1a en el Everest: alpinistas nepal\u00edes reabren una ruta clave de subida tras el bloqueo de una gigante torre de hielo\",\"datePublished\":\"2026-04-29T20:33:10+00:00\",\"dateModified\":\"2026-04-29T20:33:11+00:00\",\"mainEntityOfPage\":{\"@id\":\"https:\/\/gysfm.com.ar\/inicio\/hazana-en-el-everest-alpinistas-nepalies-reabren-una-ruta-clave-de-subida-tras-el-bloqueo-de-una-gigante-torre-de-hielo\/\"},\"wordCount\":669,\"publisher\":{\"@id\":\"https:\/\/gysfm.com.ar\/inicio\/#organization\"},\"image\":{\"@id\":\"https:\/\/gysfm.com.ar\/inicio\/hazana-en-el-everest-alpinistas-nepalies-reabren-una-ruta-clave-de-subida-tras-el-bloqueo-de-una-gigante-torre-de-hielo\/#primaryimage\"},\"thumbnailUrl\":\"https:\/\/gysfm.com.ar\/inicio\/wp-content\/uploads\/2026\/04\/montanistas-hacen-fila-cerca-de-la-cumbre-del-V2X2HKZCZ5DSZB6YSKS6RMLQDA.jpg\",\"articleSection\":[\"INTERNACIONALES\"],\"inLanguage\":\"es\"},{\"@type\":\"WebPage\",\"@id\":\"https:\/\/gysfm.com.ar\/inicio\/hazana-en-el-everest-alpinistas-nepalies-reabren-una-ruta-clave-de-subida-tras-el-bloqueo-de-una-gigante-torre-de-hielo\/\",\"url\":\"https:\/\/gysfm.com.ar\/inicio\/hazana-en-el-everest-alpinistas-nepalies-reabren-una-ruta-clave-de-subida-tras-el-bloqueo-de-una-gigante-torre-de-hielo\/\",\"name\":\"Haza\u00f1a en el Everest: alpinistas nepal\u00edes reabren una ruta clave de subida tras el bloqueo de una gigante torre de hielo - GYS NOTICIAS |\",\"isPartOf\":{\"@id\":\"https:\/\/gysfm.com.ar\/inicio\/#website\"},\"primaryImageOfPage\":{\"@id\":\"https:\/\/gysfm.com.ar\/inicio\/hazana-en-el-everest-alpinistas-nepalies-reabren-una-ruta-clave-de-subida-tras-el-bloqueo-de-una-gigante-torre-de-hielo\/#primaryimage\"},\"image\":{\"@id\":\"https:\/\/gysfm.com.ar\/inicio\/hazana-en-el-everest-alpinistas-nepalies-reabren-una-ruta-clave-de-subida-tras-el-bloqueo-de-una-gigante-torre-de-hielo\/#primaryimage\"},\"thumbnailUrl\":\"https:\/\/gysfm.com.ar\/inicio\/wp-content\/uploads\/2026\/04\/montanistas-hacen-fila-cerca-de-la-cumbre-del-V2X2HKZCZ5DSZB6YSKS6RMLQDA.jpg\",\"datePublished\":\"2026-04-29T20:33:10+00:00\",\"dateModified\":\"2026-04-29T20:33:11+00:00\",\"breadcrumb\":{\"@id\":\"https:\/\/gysfm.com.ar\/inicio\/hazana-en-el-everest-alpinistas-nepalies-reabren-una-ruta-clave-de-subida-tras-el-bloqueo-de-una-gigante-torre-de-hielo\/#breadcrumb\"},\"inLanguage\":\"es\",\"potentialAction\":[{\"@type\":\"ReadAction\",\"target\":[\"https:\/\/gysfm.com.ar\/inicio\/hazana-en-el-everest-alpinistas-nepalies-reabren-una-ruta-clave-de-subida-tras-el-bloqueo-de-una-gigante-torre-de-hielo\/\"]}]},{\"@type\":\"ImageObject\",\"inLanguage\":\"es\",\"@id\":\"https:\/\/gysfm.com.ar\/inicio\/hazana-en-el-everest-alpinistas-nepalies-reabren-una-ruta-clave-de-subida-tras-el-bloqueo-de-una-gigante-torre-de-hielo\/#primaryimage\",\"url\":\"https:\/\/gysfm.com.ar\/inicio\/wp-content\/uploads\/2026\/04\/montanistas-hacen-fila-cerca-de-la-cumbre-del-V2X2HKZCZ5DSZB6YSKS6RMLQDA.jpg\",\"contentUrl\":\"https:\/\/gysfm.com.ar\/inicio\/wp-content\/uploads\/2026\/04\/montanistas-hacen-fila-cerca-de-la-cumbre-del-V2X2HKZCZ5DSZB6YSKS6RMLQDA.jpg\",\"width\":1200,\"height\":800},{\"@type\":\"BreadcrumbList\",\"@id\":\"https:\/\/gysfm.com.ar\/inicio\/hazana-en-el-everest-alpinistas-nepalies-reabren-una-ruta-clave-de-subida-tras-el-bloqueo-de-una-gigante-torre-de-hielo\/#breadcrumb\",\"itemListElement\":[{\"@type\":\"ListItem\",\"position\":1,\"name\":\"Portada\",\"item\":\"https:\/\/gysfm.com.ar\/inicio\/\"},{\"@type\":\"ListItem\",\"position\":2,\"name\":\"Haza\u00f1a en el Everest: alpinistas nepal\u00edes reabren una ruta clave de subida tras el bloqueo de una gigante torre de hielo\"}]},{\"@type\":\"WebSite\",\"@id\":\"https:\/\/gysfm.com.ar\/inicio\/#website\",\"url\":\"https:\/\/gysfm.com.ar\/inicio\/\",\"name\":\"GYS NOTICIAS |\",\"description\":\"DIARIO - RADIO ONLINE SAN JUAN ARGENTINA\",\"publisher\":{\"@id\":\"https:\/\/gysfm.com.ar\/inicio\/#organization\"},\"potentialAction\":[{\"@type\":\"SearchAction\",\"target\":{\"@type\":\"EntryPoint\",\"urlTemplate\":\"https:\/\/gysfm.com.ar\/inicio\/?s={search_term_string}\"},\"query-input\":{\"@type\":\"PropertyValueSpecification\",\"valueRequired\":true,\"valueName\":\"search_term_string\"}}],\"inLanguage\":\"es\"},{\"@type\":\"Organization\",\"@id\":\"https:\/\/gysfm.com.ar\/inicio\/#organization\",\"name\":\"GYS NOTICIAS |\",\"url\":\"https:\/\/gysfm.com.ar\/inicio\/\",\"logo\":{\"@type\":\"ImageObject\",\"inLanguage\":\"es\",\"@id\":\"https:\/\/gysfm.com.ar\/inicio\/#\/schema\/logo\/image\/\",\"url\":\"https:\/\/gysfm.com.ar\/inicio\/wp-content\/uploads\/2023\/07\/LOGOGYS-OK.png\",\"contentUrl\":\"https:\/\/gysfm.com.ar\/inicio\/wp-content\/uploads\/2023\/07\/LOGOGYS-OK.png\",\"width\":1170,\"height\":872,\"caption\":\"GYS NOTICIAS |\"},\"image\":{\"@id\":\"https:\/\/gysfm.com.ar\/inicio\/#\/schema\/logo\/image\/\"}},{\"@type\":\"Person\",\"@id\":\"https:\/\/gysfm.com.ar\/inicio\/#\/schema\/person\/3abba7593ef2ad19e1be221d54383dc5\",\"name\":\"Prensa G&amp;S FM\",\"image\":{\"@type\":\"ImageObject\",\"inLanguage\":\"es\",\"@id\":\"https:\/\/gysfm.com.ar\/inicio\/#\/schema\/person\/image\/\",\"url\":\"https:\/\/secure.gravatar.com\/avatar\/096ec78df02049ab018702bb4ccedf659377fa92a26540b5247612077a0dbd29?s=96&d=mm&r=g\",\"contentUrl\":\"https:\/\/secure.gravatar.com\/avatar\/096ec78df02049ab018702bb4ccedf659377fa92a26540b5247612077a0dbd29?s=96&d=mm&r=g\",\"caption\":\"Prensa G&amp;S FM\"},\"sameAs\":[\"https:\/\/gysfm.com.ar\/\"],\"url\":\"https:\/\/gysfm.com.ar\/inicio\/author\/lucasm\/\"}]}<\/script>\n<!-- \/ Yoast SEO plugin. -->","yoast_head_json":{"title":"Haza\u00f1a en el Everest: alpinistas nepal\u00edes reabren una ruta clave de subida tras el bloqueo de una gigante torre de hielo - GYS NOTICIAS |","robots":{"index":"index","follow":"follow","max-snippet":"max-snippet:-1","max-image-preview":"max-image-preview:large","max-video-preview":"max-video-preview:-1"},"canonical":"https:\/\/gysfm.com.ar\/inicio\/hazana-en-el-everest-alpinistas-nepalies-reabren-una-ruta-clave-de-subida-tras-el-bloqueo-de-una-gigante-torre-de-hielo\/","og_locale":"es_ES","og_type":"article","og_title":"Haza\u00f1a en el Everest: alpinistas nepal\u00edes reabren una ruta clave de subida tras el bloqueo de una gigante torre de hielo - GYS NOTICIAS |","og_description":"KATMAND\u00da, Nepal.\u2013 Un grupo de gu\u00edas nepal\u00edes reabrieron este martes la ruta que conduce a la cumbre del Everest, que se encontraba bloqueada desde hac\u00eda dos semanas por un enorme bloque de hielo que pod\u00eda retrasar y poner en peligro los ascensos. Un grupo de alpinistas del m\u00e1s alto nivel, denominados \u201cicefall doctors\u201d o expertos [&hellip;]","og_url":"https:\/\/gysfm.com.ar\/inicio\/hazana-en-el-everest-alpinistas-nepalies-reabren-una-ruta-clave-de-subida-tras-el-bloqueo-de-una-gigante-torre-de-hielo\/","og_site_name":"GYS NOTICIAS |","article_published_time":"2026-04-29T20:33:10+00:00","article_modified_time":"2026-04-29T20:33:11+00:00","og_image":[{"width":1200,"height":800,"url":"https:\/\/gysfm.com.ar\/inicio\/wp-content\/uploads\/2026\/04\/montanistas-hacen-fila-cerca-de-la-cumbre-del-V2X2HKZCZ5DSZB6YSKS6RMLQDA.jpg","type":"image\/jpeg"}],"author":"Prensa G&amp;S FM","twitter_card":"summary_large_image","twitter_misc":{"Escrito por":"Prensa G&amp;S FM","Tiempo de lectura":"3 minutos"},"schema":{"@context":"https:\/\/schema.org","@graph":[{"@type":"Article","@id":"https:\/\/gysfm.com.ar\/inicio\/hazana-en-el-everest-alpinistas-nepalies-reabren-una-ruta-clave-de-subida-tras-el-bloqueo-de-una-gigante-torre-de-hielo\/#article","isPartOf":{"@id":"https:\/\/gysfm.com.ar\/inicio\/hazana-en-el-everest-alpinistas-nepalies-reabren-una-ruta-clave-de-subida-tras-el-bloqueo-de-una-gigante-torre-de-hielo\/"},"author":{"name":"Prensa G&amp;S FM","@id":"https:\/\/gysfm.com.ar\/inicio\/#\/schema\/person\/3abba7593ef2ad19e1be221d54383dc5"},"headline":"Haza\u00f1a en el Everest: alpinistas nepal\u00edes reabren una ruta clave de subida tras el bloqueo de una gigante torre de hielo","datePublished":"2026-04-29T20:33:10+00:00","dateModified":"2026-04-29T20:33:11+00:00","mainEntityOfPage":{"@id":"https:\/\/gysfm.com.ar\/inicio\/hazana-en-el-everest-alpinistas-nepalies-reabren-una-ruta-clave-de-subida-tras-el-bloqueo-de-una-gigante-torre-de-hielo\/"},"wordCount":669,"publisher":{"@id":"https:\/\/gysfm.com.ar\/inicio\/#organization"},"image":{"@id":"https:\/\/gysfm.com.ar\/inicio\/hazana-en-el-everest-alpinistas-nepalies-reabren-una-ruta-clave-de-subida-tras-el-bloqueo-de-una-gigante-torre-de-hielo\/#primaryimage"},"thumbnailUrl":"https:\/\/gysfm.com.ar\/inicio\/wp-content\/uploads\/2026\/04\/montanistas-hacen-fila-cerca-de-la-cumbre-del-V2X2HKZCZ5DSZB6YSKS6RMLQDA.jpg","articleSection":["INTERNACIONALES"],"inLanguage":"es"},{"@type":"WebPage","@id":"https:\/\/gysfm.com.ar\/inicio\/hazana-en-el-everest-alpinistas-nepalies-reabren-una-ruta-clave-de-subida-tras-el-bloqueo-de-una-gigante-torre-de-hielo\/","url":"https:\/\/gysfm.com.ar\/inicio\/hazana-en-el-everest-alpinistas-nepalies-reabren-una-ruta-clave-de-subida-tras-el-bloqueo-de-una-gigante-torre-de-hielo\/","name":"Haza\u00f1a en el Everest: alpinistas nepal\u00edes reabren una ruta clave de subida tras el bloqueo de una gigante torre de hielo - GYS NOTICIAS |","isPartOf":{"@id":"https:\/\/gysfm.com.ar\/inicio\/#website"},"primaryImageOfPage":{"@id":"https:\/\/gysfm.com.ar\/inicio\/hazana-en-el-everest-alpinistas-nepalies-reabren-una-ruta-clave-de-subida-tras-el-bloqueo-de-una-gigante-torre-de-hielo\/#primaryimage"},"image":{"@id":"https:\/\/gysfm.com.ar\/inicio\/hazana-en-el-everest-alpinistas-nepalies-reabren-una-ruta-clave-de-subida-tras-el-bloqueo-de-una-gigante-torre-de-hielo\/#primaryimage"},"thumbnailUrl":"https:\/\/gysfm.com.ar\/inicio\/wp-content\/uploads\/2026\/04\/montanistas-hacen-fila-cerca-de-la-cumbre-del-V2X2HKZCZ5DSZB6YSKS6RMLQDA.jpg","datePublished":"2026-04-29T20:33:10+00:00","dateModified":"2026-04-29T20:33:11+00:00","breadcrumb":{"@id":"https:\/\/gysfm.com.ar\/inicio\/hazana-en-el-everest-alpinistas-nepalies-reabren-una-ruta-clave-de-subida-tras-el-bloqueo-de-una-gigante-torre-de-hielo\/#breadcrumb"},"inLanguage":"es","potentialAction":[{"@type":"ReadAction","target":["https:\/\/gysfm.com.ar\/inicio\/hazana-en-el-everest-alpinistas-nepalies-reabren-una-ruta-clave-de-subida-tras-el-bloqueo-de-una-gigante-torre-de-hielo\/"]}]},{"@type":"ImageObject","inLanguage":"es","@id":"https:\/\/gysfm.com.ar\/inicio\/hazana-en-el-everest-alpinistas-nepalies-reabren-una-ruta-clave-de-subida-tras-el-bloqueo-de-una-gigante-torre-de-hielo\/#primaryimage","url":"https:\/\/gysfm.com.ar\/inicio\/wp-content\/uploads\/2026\/04\/montanistas-hacen-fila-cerca-de-la-cumbre-del-V2X2HKZCZ5DSZB6YSKS6RMLQDA.jpg","contentUrl":"https:\/\/gysfm.com.ar\/inicio\/wp-content\/uploads\/2026\/04\/montanistas-hacen-fila-cerca-de-la-cumbre-del-V2X2HKZCZ5DSZB6YSKS6RMLQDA.jpg","width":1200,"height":800},{"@type":"BreadcrumbList","@id":"https:\/\/gysfm.com.ar\/inicio\/hazana-en-el-everest-alpinistas-nepalies-reabren-una-ruta-clave-de-subida-tras-el-bloqueo-de-una-gigante-torre-de-hielo\/#breadcrumb","itemListElement":[{"@type":"ListItem","position":1,"name":"Portada","item":"https:\/\/gysfm.com.ar\/inicio\/"},{"@type":"ListItem","position":2,"name":"Haza\u00f1a en el Everest: alpinistas nepal\u00edes reabren una ruta clave de subida tras el bloqueo de una gigante torre de hielo"}]},{"@type":"WebSite","@id":"https:\/\/gysfm.com.ar\/inicio\/#website","url":"https:\/\/gysfm.com.ar\/inicio\/","name":"GYS NOTICIAS |","description":"DIARIO - RADIO ONLINE SAN JUAN ARGENTINA","publisher":{"@id":"https:\/\/gysfm.com.ar\/inicio\/#organization"},"potentialAction":[{"@type":"SearchAction","target":{"@type":"EntryPoint","urlTemplate":"https:\/\/gysfm.com.ar\/inicio\/?s={search_term_string}"},"query-input":{"@type":"PropertyValueSpecification","valueRequired":true,"valueName":"search_term_string"}}],"inLanguage":"es"},{"@type":"Organization","@id":"https:\/\/gysfm.com.ar\/inicio\/#organization","name":"GYS NOTICIAS |","url":"https:\/\/gysfm.com.ar\/inicio\/","logo":{"@type":"ImageObject","inLanguage":"es","@id":"https:\/\/gysfm.com.ar\/inicio\/#\/schema\/logo\/image\/","url":"https:\/\/gysfm.com.ar\/inicio\/wp-content\/uploads\/2023\/07\/LOGOGYS-OK.png","contentUrl":"https:\/\/gysfm.com.ar\/inicio\/wp-content\/uploads\/2023\/07\/LOGOGYS-OK.png","width":1170,"height":872,"caption":"GYS NOTICIAS |"},"image":{"@id":"https:\/\/gysfm.com.ar\/inicio\/#\/schema\/logo\/image\/"}},{"@type":"Person","@id":"https:\/\/gysfm.com.ar\/inicio\/#\/schema\/person\/3abba7593ef2ad19e1be221d54383dc5","name":"Prensa G&amp;S FM","image":{"@type":"ImageObject","inLanguage":"es","@id":"https:\/\/gysfm.com.ar\/inicio\/#\/schema\/person\/image\/","url":"https:\/\/secure.gravatar.com\/avatar\/096ec78df02049ab018702bb4ccedf659377fa92a26540b5247612077a0dbd29?s=96&d=mm&r=g","contentUrl":"https:\/\/secure.gravatar.com\/avatar\/096ec78df02049ab018702bb4ccedf659377fa92a26540b5247612077a0dbd29?s=96&d=mm&r=g","caption":"Prensa G&amp;S FM"},"sameAs":["https:\/\/gysfm.com.ar\/"],"url":"https:\/\/gysfm.com.ar\/inicio\/author\/lucasm\/"}]}},"_links":{"self":[{"href":"https:\/\/gysfm.com.ar\/inicio\/wp-json\/wp\/v2\/posts\/193737","targetHints":{"allow":["GET"]}}],"collection":[{"href":"https:\/\/gysfm.com.ar\/inicio\/wp-json\/wp\/v2\/posts"}],"about":[{"href":"https:\/\/gysfm.com.ar\/inicio\/wp-json\/wp\/v2\/types\/post"}],"author":[{"embeddable":true,"href":"https:\/\/gysfm.com.ar\/inicio\/wp-json\/wp\/v2\/users\/2"}],"replies":[{"embeddable":true,"href":"https:\/\/gysfm.com.ar\/inicio\/wp-json\/wp\/v2\/comments?post=193737"}],"version-history":[{"count":1,"href":"https:\/\/gysfm.com.ar\/inicio\/wp-json\/wp\/v2\/posts\/193737\/revisions"}],"predecessor-version":[{"id":193739,"href":"https:\/\/gysfm.com.ar\/inicio\/wp-json\/wp\/v2\/posts\/193737\/revisions\/193739"}],"wp:featuredmedia":[{"embeddable":true,"href":"https:\/\/gysfm.com.ar\/inicio\/wp-json\/wp\/v2\/media\/193738"}],"wp:attachment":[{"href":"https:\/\/gysfm.com.ar\/inicio\/wp-json\/wp\/v2\/media?parent=193737"}],"wp:term":[{"taxonomy":"category","embeddable":true,"href":"https:\/\/gysfm.com.ar\/inicio\/wp-json\/wp\/v2\/categories?post=193737"},{"taxonomy":"post_tag","embeddable":true,"href":"https:\/\/gysfm.com.ar\/inicio\/wp-json\/wp\/v2\/tags?post=193737"}],"curies":[{"name":"wp","href":"https:\/\/api.w.org\/{rel}","templated":true}]}}