{"id":193735,"date":"2026-04-29T17:27:25","date_gmt":"2026-04-29T20:27:25","guid":{"rendered":"https:\/\/gysfm.com.ar\/inicio\/por-primera-vez-en-mis-40-anos-de-mercado-la-argentina-no-discute-el-rumbo-economico\/"},"modified":"2026-04-29T17:27:25","modified_gmt":"2026-04-29T20:27:25","slug":"por-primera-vez-en-mis-40-anos-de-mercado-la-argentina-no-discute-el-rumbo-economico","status":"publish","type":"post","link":"https:\/\/gysfm.com.ar\/inicio\/por-primera-vez-en-mis-40-anos-de-mercado-la-argentina-no-discute-el-rumbo-economico\/","title":{"rendered":"Por primera vez en mis 40 a\u00f1os de mercado, la Argentina no discute el rumbo econ\u00f3mico"},"content":{"rendered":"<p> <br \/>\n<\/p>\n<div>\t\t<!-- { REGION4 --> <\/p>\n<header class=\"news-headline\">\n<h2 class=\"news-headline__article-summary\">\t\t<\/h2>\n<p id=\"p-1777486036632-19909\" class=\"ignore-parser\">El presidente de BYMA destac\u00f3 que gran parte del los agentes econ\u00f3micos argentinos comparte el rumbo del Gobierno, y que tambi\u00e9n apoya la velocidad de los cambios.<\/p>\n<\/header>\n<div class=\"detail-highlighted-multimedia content-protected-false\">\n<figure class=\"detail-highlighted-multimedia__figure\">  <img decoding=\"async\" src=\"https:\/\/media.ambito.com\/p\/f9898f9752808e34f32669a22ea09780\/adjuntos\/239\/imagenes\/043\/337\/0043337243\/655x368\/479x428:499x448\/zuchovicki-expo-efi.jpeg\" class=\"detail-highlighted-multimedia__figure-img img-fluid\" alt=\"Zuchovicki destac\u00f3 que distintos sectores apoyan el rumbo econ\u00f3mico, pese a que no a todos les va bien.\" width=\"1599\" height=\"899\" crossorigin=\"anonymous\" fetchpriority=\"high\" decode=\"async\"\/><figcaption class=\"detail-highlighted-multimedia__figcaption\">  <span class=\"detail-highlighted-multimedia__copyright\">\u00c1mbito \/ Federico Mui\u00f1a<\/span><\/figcaption><\/figure>\n<\/div>\n<article class=\"article-body article-body--first-paragraph content-protected-false\" data-td-script-src=\"https:\/\/www.ambito.com\/td\/modulos\/encuestas\/js\/function-embeds-min-version-1777435597.js\">\n<p id=\"p-1777483754908-43256\">El presidente de <strong>Bolsas y Mercados Argentinos (BYMA)<\/strong>, <strong>Claudio Zuchovicki<\/strong>, asegur\u00f3 este mi\u00e9rcoles en el marco de la <strong>Expo EFI 2026<\/strong> que <strong>por primera vez en sus 40 a\u00f1os en el mercado, la Argentina no discute el rumbo econ\u00f3mico<\/strong>, pero s\u00ed se ven matices con respecto a la velocidad del cambio que impone la actual pol\u00edtica econ\u00f3mica.<\/p>\n<\/article>\n<section class=\"suscription-false printed-edition\" style=\"display:none\">\n<p> El contenido al que quiere acceder es exclusivo para suscriptores.<\/p>\n<p>  <span> <button type=\"button\" name=\"button\" class=\"subscribe-btn mercadopago-btn\">suscribirse<\/button><\/span>  <span class=\"btns\"><button type=\"button\" name=\"button\" class=\"subscribe-btn reload-login\"> ya estoy suscripto<\/button><\/span>  <\/p>\n<\/section>\n<article class=\"article-body article-body--second-paragraph content-protected-false\">\n<p id=\"p-1777483754908-70892\">En el auditorio CEA, el jerarca de BYMA destac\u00f3 en su discurso que en este momento <strong>\u00aba nadie le importa las finanzas\u00bb<\/strong>, ya que <strong>\u00abviene el tiempo de la econom\u00eda real\u00bb en el pa\u00eds<\/strong>. No obstante, entiende que el panorama local se encuentra fuertemente influenciado por el actual contexto internacional.<\/p>\n<\/article>\n<section class=\"related-news\">\t\t<span class=\"related-news__title\">Informate m\u00e1s<\/span>\t\t<\/p>\n<div class=\"row row--eq-height\">\n<div class=\"col-12 col-md-6\">\n<article class=\"news-article news-article--landscape-news news-article--landscape-news\">\n<figure class=\"news-article__figure figure\">\n\t\t\t\t\t\t\t\t\t\t\t<img loading=\"lazy\" decoding=\"async\" src=\"https:\/\/media.ambito.com\/p\/39ded1abc3ad4799adaab60d15f7e6a0\/adjuntos\/239\/imagenes\/043\/202\/0043202670\/93x52\/780x412:800x432\/mercados-acciones-bolsas-cedear-inversiones-finanzas-vivo.jpg\" alt=\"Los bonos cayeron en medio de un complicado clima global.\u00a0\" title=\"Los bonos cayeron en medio de un complicado clima global.\u00a0\" width=\"93\" height=\"52\" class=\"news-article__figure-img figure-img img-fluid\"\/>\t\t<\/figure>\n<\/article><\/div>\n<div class=\"col-12 col-md-6\">\n<article class=\"news-article news-article--landscape-news news-article--landscape-news\">\n<figure class=\"news-article__figure figure\">\n\t\t\t\t\t\t\t\t\t\t\t<img loading=\"lazy\" decoding=\"async\" src=\"https:\/\/media.ambito.com\/p\/bb528d97e8ca9012825789503b8c26b5\/adjuntos\/351\/imagenes\/041\/323\/0041323371\/93x52\/smart\/dolar-tipo-cambio-divisa.jpg\" alt=\"Los inversores analizan la din\u00e1mica del d\u00f3lar para decidir por el carry trade.\" title=\"Los inversores analizan la din\u00e1mica del d\u00f3lar para decidir por el carry trade.\" width=\"93\" height=\"52\" class=\"news-article__figure-img figure-img img-fluid\"\/>\t\t<\/figure>\n<\/article><\/div>\n<\/div>\n<\/section>\n<article class=\"article-body article-body--third-paragraph content-protected-false\">\n<p id=\"p-1777483754908-91696\">En esa misma l\u00ednea, Zuchovicki sostuvo que esta realidad es un fen\u00f3meno \u00abglobal\u00bb, y que otros pa\u00edses de la regi\u00f3n tambi\u00e9n experimentan problemas parecidos a los de la <strong>Argentina<\/strong>, ya que los reclamos se basan en t\u00f3picos similares, tales como un supuesto <strong>atraso del tipo de cambio<\/strong> o la <strong>falta de competitividad<\/strong>.<\/p>\n<\/article>\n<article class=\"article-body article-body--fourth-paragraph content-protected-false\">\n<p id=\"p-1777492302323-46430\">Zuchovicki fue a m\u00e1s y afirm\u00f3 que<strong> \u00abnadie sabe lo que va a pasar\u00bb<\/strong> a futuro, pero que est\u00e1 claro que el desaf\u00edo para el mercado de capitales pasa por canalizar v\u00edas de financiamiento a la econom\u00eda real, en un escenario internacional en el cual donde la Argentina produce \u00ablo que todo el mundo quiere comprar\u00bb.<\/p>\n<\/article>\n<article class=\"article-body article-body--fifth-paragraph content-protected-false\">\n<div contenteditable=\"false\" class=\"embed_cont type_imagen\" id=\"8218087-Libre-1282409566_wrap\" style=\"opacity:1;height:auto;\">\n<p> WhatsApp Image 2026-04-29 at 2.56.44 PM <span onclick=\"parent.parent.TinyMCETdcuerpo.preview_embed('8218087-Libre-1282409566')\" class=\"embed_colapse less\" id=\"8218087-Libre-1282409566_colapse\"\/>  <span onclick=\"parent.parent.TinyMCETdcuerpo.delete_embed('8218087-Libre-1282409566')\" class=\"embed_delete less\" id=\"8218087-Libre-1282409566_delete\"\/><\/p>\n<div id=\"8218087-Libre-1282409566_content\" class=\"embed_content\"><img decoding=\"async\" src=\"https:\/\/media.ambito.com\/p\/e812b979d224dc9205dd0ae5074d595c\/adjuntos\/239\/imagenes\/043\/337\/0043337559\/730x0\/smart\/whatsapp-image-2026-04-29-at-25644-pm.jpeg\" alt=\"El presidente de BYMA se mostr\u00f3 optimista ante el actual contexto econ\u00f3mico.\" title=\"El presidente de BYMA se mostr\u00f3 optimista ante el actual contexto econ\u00f3mico.\" width=\"730\" height=\"undefined\" id=\"8218087-Libre-1282409566_embed\"\/><\/div>\n<div class=\"embed_wrapper-cont\" id=\"p-1777492666025-91126\">\n<div id=\"8218087-Libre-1282409566_epigrafe\" class=\"embed_epigrafe\">\n<p id=\"p-1777494167778-2866\">El presidente de BYMA se mostr\u00f3 optimista ante el actual contexto econ\u00f3mico.<\/p>\n<\/div>\n<p>\u00c1mbito \/ Federico Mui\u00f1a<\/p>\n<\/div><\/div>\n<\/article>\n<article class=\"article-body article-body--remaining-paragraph content-protected-false\">\n<h2 id=\"p-1777492772925-57544\"> \u00abLas finanzas ya no importan, importa la econom\u00eda real\u00bb<\/h2>\n<p id=\"p-1777492832604-73916\">M\u00e1s tarde, el expositor insisti\u00f3 en la idea de que, en la discusi\u00f3n actual, \u00ablas finanzas ya no importan\u00bb y si no que el foco se encuentra en las alternativas para dinamizar la econom\u00eda real. <strong>\u00abTenemos todo a favor, puede salir mal. Siempre sali\u00f3 mal\u00bb<\/strong>, reconoci\u00f3 entre risas.<\/p>\n<p id=\"p-1777493142882-124\">\u00ab<strong>Am\u00e9rica Latina<\/strong> tiene una fuerza de cambio transitoria, no permanente. Lo que vendemos cada vez vale m\u00e1s y lo que importamos cada vez vale menos\u00bb, manifest\u00f3 y agreg\u00f3: <strong>\u00abEl continente tiene flujo (poblacional) y uno quiere estar donde hay gente\u00bb<\/strong>.<\/p>\n<p id=\"p-1777493414730-94494\">Por \u00faltimo, en lo que respecta al panorama pol\u00edtico, dijo que los argentinos se encuentran a la expectativa de lo que pueda pasar en <strong>2027<\/strong> en cuanto a las definiciones pol\u00edticas, para ratificar o no un <strong>rumbo econ\u00f3mico<\/strong> que percibe agitado y veloz, pero sostenido por la mayor\u00eda de los agentes econ\u00f3micos nacionales.<\/p>\n<\/article>\n<p>\t\t\t\t<!-- REGION4 } -->\n\t\t\t\t\t\t<\/div>\n<p><script>\n!function(f,b,e,v,n,t,s)\n{if(f.fbq)return;n=f.fbq=function(){n.callMethod?\nn.callMethod.apply(n,arguments):n.queue.push(arguments)};\nif(!f._fbq)f._fbq=n;n.push=n;n.loaded=!0;n.version='2.0';\nn.queue=[];t=b.createElement(e);t.async=!0;\nt.src=v;s=b.getElementsByTagName(e)[0];\ns.parentNode.insertBefore(t,s)}(window,document,'script',\n'https:\/\/connect.facebook.net\/en_US\/fbevents.js');\nfbq('init', '2047048335588113');\nfbq('track', 'PageView');\n<\/script><br \/>\n<br \/><\/p>\n","protected":false},"excerpt":{"rendered":"<p>El presidente de BYMA destac\u00f3 que gran parte del los agentes econ\u00f3micos argentinos comparte el rumbo del Gobierno, y que tambi\u00e9n apoya la velocidad de los cambios. \u00c1mbito \/ Federico Mui\u00f1a El presidente de Bolsas y Mercados Argentinos (BYMA), Claudio Zuchovicki, asegur\u00f3 este mi\u00e9rcoles en el marco de la Expo EFI 2026 que por primera [&hellip;]<\/p>\n","protected":false},"author":1,"featured_media":193736,"comment_status":"closed","ping_status":"closed","sticky":false,"template":"","format":"standard","meta":{"footnotes":""},"categories":[28],"tags":[],"class_list":["post-193735","post","type-post","status-publish","format-standard","has-post-thumbnail","hentry","category-economia"],"yoast_head":"<!-- This site is optimized with the Yoast SEO plugin v24.4 - https:\/\/yoast.com\/wordpress\/plugins\/seo\/ -->\n<title>Por primera vez en mis 40 a\u00f1os de mercado, la Argentina no discute el rumbo econ\u00f3mico - GYS NOTICIAS |<\/title>\n<meta name=\"robots\" content=\"index, follow, max-snippet:-1, max-image-preview:large, max-video-preview:-1\" \/>\n<link rel=\"canonical\" href=\"https:\/\/gysfm.com.ar\/inicio\/por-primera-vez-en-mis-40-anos-de-mercado-la-argentina-no-discute-el-rumbo-economico\/\" \/>\n<meta property=\"og:locale\" content=\"es_ES\" \/>\n<meta property=\"og:type\" content=\"article\" \/>\n<meta property=\"og:title\" content=\"Por primera vez en mis 40 a\u00f1os de mercado, la Argentina no discute el rumbo econ\u00f3mico - GYS NOTICIAS |\" \/>\n<meta property=\"og:description\" content=\"El presidente de BYMA destac\u00f3 que gran parte del los agentes econ\u00f3micos argentinos comparte el rumbo del Gobierno, y que tambi\u00e9n apoya la velocidad de los cambios. \u00c1mbito \/ Federico Mui\u00f1a El presidente de Bolsas y Mercados Argentinos (BYMA), Claudio Zuchovicki, asegur\u00f3 este mi\u00e9rcoles en el marco de la Expo EFI 2026 que por primera [&hellip;]\" \/>\n<meta property=\"og:url\" content=\"https:\/\/gysfm.com.ar\/inicio\/por-primera-vez-en-mis-40-anos-de-mercado-la-argentina-no-discute-el-rumbo-economico\/\" \/>\n<meta property=\"og:site_name\" content=\"GYS NOTICIAS |\" \/>\n<meta property=\"article:published_time\" content=\"2026-04-29T20:27:25+00:00\" \/>\n<meta property=\"og:image\" content=\"https:\/\/media.ambito.com\/p\/f9898f9752808e34f32669a22ea09780\/adjuntos\/239\/imagenes\/043\/337\/0043337243\/655x368\/479x428:499x448\/zuchovicki-expo-efi.jpeg\" \/>\n<meta name=\"author\" content=\"admin\" \/>\n<meta name=\"twitter:card\" content=\"summary_large_image\" \/>\n<meta name=\"twitter:label1\" content=\"Escrito por\" \/>\n\t<meta name=\"twitter:data1\" content=\"admin\" \/>\n\t<meta name=\"twitter:label2\" content=\"Tiempo de lectura\" \/>\n\t<meta name=\"twitter:data2\" content=\"2 minutos\" \/>\n<script type=\"application\/ld+json\" class=\"yoast-schema-graph\">{\"@context\":\"https:\/\/schema.org\",\"@graph\":[{\"@type\":\"Article\",\"@id\":\"https:\/\/gysfm.com.ar\/inicio\/por-primera-vez-en-mis-40-anos-de-mercado-la-argentina-no-discute-el-rumbo-economico\/#article\",\"isPartOf\":{\"@id\":\"https:\/\/gysfm.com.ar\/inicio\/por-primera-vez-en-mis-40-anos-de-mercado-la-argentina-no-discute-el-rumbo-economico\/\"},\"author\":{\"name\":\"admin\",\"@id\":\"https:\/\/gysfm.com.ar\/inicio\/#\/schema\/person\/5bedd7ecd35cc35548d89effafa23696\"},\"headline\":\"Por primera vez en mis 40 a\u00f1os de mercado, la Argentina no discute el rumbo econ\u00f3mico\",\"datePublished\":\"2026-04-29T20:27:25+00:00\",\"mainEntityOfPage\":{\"@id\":\"https:\/\/gysfm.com.ar\/inicio\/por-primera-vez-en-mis-40-anos-de-mercado-la-argentina-no-discute-el-rumbo-economico\/\"},\"wordCount\":482,\"publisher\":{\"@id\":\"https:\/\/gysfm.com.ar\/inicio\/#organization\"},\"image\":{\"@id\":\"https:\/\/gysfm.com.ar\/inicio\/por-primera-vez-en-mis-40-anos-de-mercado-la-argentina-no-discute-el-rumbo-economico\/#primaryimage\"},\"thumbnailUrl\":\"https:\/\/gysfm.com.ar\/inicio\/wp-content\/uploads\/2026\/04\/zuchovicki-expo-efi.jpeg\",\"articleSection\":[\"ECONOMIA\"],\"inLanguage\":\"es\"},{\"@type\":\"WebPage\",\"@id\":\"https:\/\/gysfm.com.ar\/inicio\/por-primera-vez-en-mis-40-anos-de-mercado-la-argentina-no-discute-el-rumbo-economico\/\",\"url\":\"https:\/\/gysfm.com.ar\/inicio\/por-primera-vez-en-mis-40-anos-de-mercado-la-argentina-no-discute-el-rumbo-economico\/\",\"name\":\"Por primera vez en mis 40 a\u00f1os de mercado, la Argentina no discute el rumbo econ\u00f3mico - GYS NOTICIAS |\",\"isPartOf\":{\"@id\":\"https:\/\/gysfm.com.ar\/inicio\/#website\"},\"primaryImageOfPage\":{\"@id\":\"https:\/\/gysfm.com.ar\/inicio\/por-primera-vez-en-mis-40-anos-de-mercado-la-argentina-no-discute-el-rumbo-economico\/#primaryimage\"},\"image\":{\"@id\":\"https:\/\/gysfm.com.ar\/inicio\/por-primera-vez-en-mis-40-anos-de-mercado-la-argentina-no-discute-el-rumbo-economico\/#primaryimage\"},\"thumbnailUrl\":\"https:\/\/gysfm.com.ar\/inicio\/wp-content\/uploads\/2026\/04\/zuchovicki-expo-efi.jpeg\",\"datePublished\":\"2026-04-29T20:27:25+00:00\",\"breadcrumb\":{\"@id\":\"https:\/\/gysfm.com.ar\/inicio\/por-primera-vez-en-mis-40-anos-de-mercado-la-argentina-no-discute-el-rumbo-economico\/#breadcrumb\"},\"inLanguage\":\"es\",\"potentialAction\":[{\"@type\":\"ReadAction\",\"target\":[\"https:\/\/gysfm.com.ar\/inicio\/por-primera-vez-en-mis-40-anos-de-mercado-la-argentina-no-discute-el-rumbo-economico\/\"]}]},{\"@type\":\"ImageObject\",\"inLanguage\":\"es\",\"@id\":\"https:\/\/gysfm.com.ar\/inicio\/por-primera-vez-en-mis-40-anos-de-mercado-la-argentina-no-discute-el-rumbo-economico\/#primaryimage\",\"url\":\"https:\/\/gysfm.com.ar\/inicio\/wp-content\/uploads\/2026\/04\/zuchovicki-expo-efi.jpeg\",\"contentUrl\":\"https:\/\/gysfm.com.ar\/inicio\/wp-content\/uploads\/2026\/04\/zuchovicki-expo-efi.jpeg\",\"width\":1200,\"height\":675},{\"@type\":\"BreadcrumbList\",\"@id\":\"https:\/\/gysfm.com.ar\/inicio\/por-primera-vez-en-mis-40-anos-de-mercado-la-argentina-no-discute-el-rumbo-economico\/#breadcrumb\",\"itemListElement\":[{\"@type\":\"ListItem\",\"position\":1,\"name\":\"Portada\",\"item\":\"https:\/\/gysfm.com.ar\/inicio\/\"},{\"@type\":\"ListItem\",\"position\":2,\"name\":\"Por primera vez en mis 40 a\u00f1os de mercado, la Argentina no discute el rumbo econ\u00f3mico\"}]},{\"@type\":\"WebSite\",\"@id\":\"https:\/\/gysfm.com.ar\/inicio\/#website\",\"url\":\"https:\/\/gysfm.com.ar\/inicio\/\",\"name\":\"GYS NOTICIAS |\",\"description\":\"DIARIO - RADIO ONLINE SAN JUAN ARGENTINA\",\"publisher\":{\"@id\":\"https:\/\/gysfm.com.ar\/inicio\/#organization\"},\"potentialAction\":[{\"@type\":\"SearchAction\",\"target\":{\"@type\":\"EntryPoint\",\"urlTemplate\":\"https:\/\/gysfm.com.ar\/inicio\/?s={search_term_string}\"},\"query-input\":{\"@type\":\"PropertyValueSpecification\",\"valueRequired\":true,\"valueName\":\"search_term_string\"}}],\"inLanguage\":\"es\"},{\"@type\":\"Organization\",\"@id\":\"https:\/\/gysfm.com.ar\/inicio\/#organization\",\"name\":\"GYS NOTICIAS |\",\"url\":\"https:\/\/gysfm.com.ar\/inicio\/\",\"logo\":{\"@type\":\"ImageObject\",\"inLanguage\":\"es\",\"@id\":\"https:\/\/gysfm.com.ar\/inicio\/#\/schema\/logo\/image\/\",\"url\":\"https:\/\/gysfm.com.ar\/inicio\/wp-content\/uploads\/2023\/07\/LOGOGYS-OK.png\",\"contentUrl\":\"https:\/\/gysfm.com.ar\/inicio\/wp-content\/uploads\/2023\/07\/LOGOGYS-OK.png\",\"width\":1170,\"height\":872,\"caption\":\"GYS NOTICIAS |\"},\"image\":{\"@id\":\"https:\/\/gysfm.com.ar\/inicio\/#\/schema\/logo\/image\/\"}},{\"@type\":\"Person\",\"@id\":\"https:\/\/gysfm.com.ar\/inicio\/#\/schema\/person\/5bedd7ecd35cc35548d89effafa23696\",\"name\":\"admin\",\"image\":{\"@type\":\"ImageObject\",\"inLanguage\":\"es\",\"@id\":\"https:\/\/gysfm.com.ar\/inicio\/#\/schema\/person\/image\/\",\"url\":\"https:\/\/secure.gravatar.com\/avatar\/c331d312b5243fb64d5ba28108a447b27c925295129a363082c9ea52c28d32c2?s=96&d=mm&r=g\",\"contentUrl\":\"https:\/\/secure.gravatar.com\/avatar\/c331d312b5243fb64d5ba28108a447b27c925295129a363082c9ea52c28d32c2?s=96&d=mm&r=g\",\"caption\":\"admin\"},\"sameAs\":[\"https:\/\/gysfm.com.ar\/inicio\"],\"url\":\"https:\/\/gysfm.com.ar\/inicio\/author\/admin\/\"}]}<\/script>\n<!-- \/ Yoast SEO plugin. -->","yoast_head_json":{"title":"Por primera vez en mis 40 a\u00f1os de mercado, la Argentina no discute el rumbo econ\u00f3mico - GYS NOTICIAS |","robots":{"index":"index","follow":"follow","max-snippet":"max-snippet:-1","max-image-preview":"max-image-preview:large","max-video-preview":"max-video-preview:-1"},"canonical":"https:\/\/gysfm.com.ar\/inicio\/por-primera-vez-en-mis-40-anos-de-mercado-la-argentina-no-discute-el-rumbo-economico\/","og_locale":"es_ES","og_type":"article","og_title":"Por primera vez en mis 40 a\u00f1os de mercado, la Argentina no discute el rumbo econ\u00f3mico - GYS NOTICIAS |","og_description":"El presidente de BYMA destac\u00f3 que gran parte del los agentes econ\u00f3micos argentinos comparte el rumbo del Gobierno, y que tambi\u00e9n apoya la velocidad de los cambios. \u00c1mbito \/ Federico Mui\u00f1a El presidente de Bolsas y Mercados Argentinos (BYMA), Claudio Zuchovicki, asegur\u00f3 este mi\u00e9rcoles en el marco de la Expo EFI 2026 que por primera [&hellip;]","og_url":"https:\/\/gysfm.com.ar\/inicio\/por-primera-vez-en-mis-40-anos-de-mercado-la-argentina-no-discute-el-rumbo-economico\/","og_site_name":"GYS NOTICIAS |","article_published_time":"2026-04-29T20:27:25+00:00","og_image":[{"url":"https:\/\/media.ambito.com\/p\/f9898f9752808e34f32669a22ea09780\/adjuntos\/239\/imagenes\/043\/337\/0043337243\/655x368\/479x428:499x448\/zuchovicki-expo-efi.jpeg","type":"","width":"","height":""}],"author":"admin","twitter_card":"summary_large_image","twitter_misc":{"Escrito por":"admin","Tiempo de lectura":"2 minutos"},"schema":{"@context":"https:\/\/schema.org","@graph":[{"@type":"Article","@id":"https:\/\/gysfm.com.ar\/inicio\/por-primera-vez-en-mis-40-anos-de-mercado-la-argentina-no-discute-el-rumbo-economico\/#article","isPartOf":{"@id":"https:\/\/gysfm.com.ar\/inicio\/por-primera-vez-en-mis-40-anos-de-mercado-la-argentina-no-discute-el-rumbo-economico\/"},"author":{"name":"admin","@id":"https:\/\/gysfm.com.ar\/inicio\/#\/schema\/person\/5bedd7ecd35cc35548d89effafa23696"},"headline":"Por primera vez en mis 40 a\u00f1os de mercado, la Argentina no discute el rumbo econ\u00f3mico","datePublished":"2026-04-29T20:27:25+00:00","mainEntityOfPage":{"@id":"https:\/\/gysfm.com.ar\/inicio\/por-primera-vez-en-mis-40-anos-de-mercado-la-argentina-no-discute-el-rumbo-economico\/"},"wordCount":482,"publisher":{"@id":"https:\/\/gysfm.com.ar\/inicio\/#organization"},"image":{"@id":"https:\/\/gysfm.com.ar\/inicio\/por-primera-vez-en-mis-40-anos-de-mercado-la-argentina-no-discute-el-rumbo-economico\/#primaryimage"},"thumbnailUrl":"https:\/\/gysfm.com.ar\/inicio\/wp-content\/uploads\/2026\/04\/zuchovicki-expo-efi.jpeg","articleSection":["ECONOMIA"],"inLanguage":"es"},{"@type":"WebPage","@id":"https:\/\/gysfm.com.ar\/inicio\/por-primera-vez-en-mis-40-anos-de-mercado-la-argentina-no-discute-el-rumbo-economico\/","url":"https:\/\/gysfm.com.ar\/inicio\/por-primera-vez-en-mis-40-anos-de-mercado-la-argentina-no-discute-el-rumbo-economico\/","name":"Por primera vez en mis 40 a\u00f1os de mercado, la Argentina no discute el rumbo econ\u00f3mico - GYS NOTICIAS |","isPartOf":{"@id":"https:\/\/gysfm.com.ar\/inicio\/#website"},"primaryImageOfPage":{"@id":"https:\/\/gysfm.com.ar\/inicio\/por-primera-vez-en-mis-40-anos-de-mercado-la-argentina-no-discute-el-rumbo-economico\/#primaryimage"},"image":{"@id":"https:\/\/gysfm.com.ar\/inicio\/por-primera-vez-en-mis-40-anos-de-mercado-la-argentina-no-discute-el-rumbo-economico\/#primaryimage"},"thumbnailUrl":"https:\/\/gysfm.com.ar\/inicio\/wp-content\/uploads\/2026\/04\/zuchovicki-expo-efi.jpeg","datePublished":"2026-04-29T20:27:25+00:00","breadcrumb":{"@id":"https:\/\/gysfm.com.ar\/inicio\/por-primera-vez-en-mis-40-anos-de-mercado-la-argentina-no-discute-el-rumbo-economico\/#breadcrumb"},"inLanguage":"es","potentialAction":[{"@type":"ReadAction","target":["https:\/\/gysfm.com.ar\/inicio\/por-primera-vez-en-mis-40-anos-de-mercado-la-argentina-no-discute-el-rumbo-economico\/"]}]},{"@type":"ImageObject","inLanguage":"es","@id":"https:\/\/gysfm.com.ar\/inicio\/por-primera-vez-en-mis-40-anos-de-mercado-la-argentina-no-discute-el-rumbo-economico\/#primaryimage","url":"https:\/\/gysfm.com.ar\/inicio\/wp-content\/uploads\/2026\/04\/zuchovicki-expo-efi.jpeg","contentUrl":"https:\/\/gysfm.com.ar\/inicio\/wp-content\/uploads\/2026\/04\/zuchovicki-expo-efi.jpeg","width":1200,"height":675},{"@type":"BreadcrumbList","@id":"https:\/\/gysfm.com.ar\/inicio\/por-primera-vez-en-mis-40-anos-de-mercado-la-argentina-no-discute-el-rumbo-economico\/#breadcrumb","itemListElement":[{"@type":"ListItem","position":1,"name":"Portada","item":"https:\/\/gysfm.com.ar\/inicio\/"},{"@type":"ListItem","position":2,"name":"Por primera vez en mis 40 a\u00f1os de mercado, la Argentina no discute el rumbo econ\u00f3mico"}]},{"@type":"WebSite","@id":"https:\/\/gysfm.com.ar\/inicio\/#website","url":"https:\/\/gysfm.com.ar\/inicio\/","name":"GYS NOTICIAS |","description":"DIARIO - RADIO ONLINE SAN JUAN ARGENTINA","publisher":{"@id":"https:\/\/gysfm.com.ar\/inicio\/#organization"},"potentialAction":[{"@type":"SearchAction","target":{"@type":"EntryPoint","urlTemplate":"https:\/\/gysfm.com.ar\/inicio\/?s={search_term_string}"},"query-input":{"@type":"PropertyValueSpecification","valueRequired":true,"valueName":"search_term_string"}}],"inLanguage":"es"},{"@type":"Organization","@id":"https:\/\/gysfm.com.ar\/inicio\/#organization","name":"GYS NOTICIAS |","url":"https:\/\/gysfm.com.ar\/inicio\/","logo":{"@type":"ImageObject","inLanguage":"es","@id":"https:\/\/gysfm.com.ar\/inicio\/#\/schema\/logo\/image\/","url":"https:\/\/gysfm.com.ar\/inicio\/wp-content\/uploads\/2023\/07\/LOGOGYS-OK.png","contentUrl":"https:\/\/gysfm.com.ar\/inicio\/wp-content\/uploads\/2023\/07\/LOGOGYS-OK.png","width":1170,"height":872,"caption":"GYS NOTICIAS |"},"image":{"@id":"https:\/\/gysfm.com.ar\/inicio\/#\/schema\/logo\/image\/"}},{"@type":"Person","@id":"https:\/\/gysfm.com.ar\/inicio\/#\/schema\/person\/5bedd7ecd35cc35548d89effafa23696","name":"admin","image":{"@type":"ImageObject","inLanguage":"es","@id":"https:\/\/gysfm.com.ar\/inicio\/#\/schema\/person\/image\/","url":"https:\/\/secure.gravatar.com\/avatar\/c331d312b5243fb64d5ba28108a447b27c925295129a363082c9ea52c28d32c2?s=96&d=mm&r=g","contentUrl":"https:\/\/secure.gravatar.com\/avatar\/c331d312b5243fb64d5ba28108a447b27c925295129a363082c9ea52c28d32c2?s=96&d=mm&r=g","caption":"admin"},"sameAs":["https:\/\/gysfm.com.ar\/inicio"],"url":"https:\/\/gysfm.com.ar\/inicio\/author\/admin\/"}]}},"_links":{"self":[{"href":"https:\/\/gysfm.com.ar\/inicio\/wp-json\/wp\/v2\/posts\/193735","targetHints":{"allow":["GET"]}}],"collection":[{"href":"https:\/\/gysfm.com.ar\/inicio\/wp-json\/wp\/v2\/posts"}],"about":[{"href":"https:\/\/gysfm.com.ar\/inicio\/wp-json\/wp\/v2\/types\/post"}],"author":[{"embeddable":true,"href":"https:\/\/gysfm.com.ar\/inicio\/wp-json\/wp\/v2\/users\/1"}],"replies":[{"embeddable":true,"href":"https:\/\/gysfm.com.ar\/inicio\/wp-json\/wp\/v2\/comments?post=193735"}],"version-history":[{"count":0,"href":"https:\/\/gysfm.com.ar\/inicio\/wp-json\/wp\/v2\/posts\/193735\/revisions"}],"wp:featuredmedia":[{"embeddable":true,"href":"https:\/\/gysfm.com.ar\/inicio\/wp-json\/wp\/v2\/media\/193736"}],"wp:attachment":[{"href":"https:\/\/gysfm.com.ar\/inicio\/wp-json\/wp\/v2\/media?parent=193735"}],"wp:term":[{"taxonomy":"category","embeddable":true,"href":"https:\/\/gysfm.com.ar\/inicio\/wp-json\/wp\/v2\/categories?post=193735"},{"taxonomy":"post_tag","embeddable":true,"href":"https:\/\/gysfm.com.ar\/inicio\/wp-json\/wp\/v2\/tags?post=193735"}],"curies":[{"name":"wp","href":"https:\/\/api.w.org\/{rel}","templated":true}]}}