{"id":193733,"date":"2026-04-29T17:09:04","date_gmt":"2026-04-29T20:09:04","guid":{"rendered":"https:\/\/gysfm.com.ar\/inicio\/fuertes-controles-de-seguridad-vallados-y-chicanas-como-fue-la-llegada-de-adorni-y-milei-al-congreso\/"},"modified":"2026-04-29T17:09:04","modified_gmt":"2026-04-29T20:09:04","slug":"fuertes-controles-de-seguridad-vallados-y-chicanas-como-fue-la-llegada-de-adorni-y-milei-al-congreso","status":"publish","type":"post","link":"https:\/\/gysfm.com.ar\/inicio\/fuertes-controles-de-seguridad-vallados-y-chicanas-como-fue-la-llegada-de-adorni-y-milei-al-congreso\/","title":{"rendered":"Fuertes controles de seguridad, vallados y chicanas: c\u00f3mo fue la llegada de Adorni y Milei al Congreso"},"content":{"rendered":"<p><\/p>\n<div id=\"article-content\">\n<p>El jefe de Gabinete, <a target=\"_blank\" href=\"https:\/\/www.perfil.com\/noticias\/politica\/la-sesion-que-puede-marcar-a-adorni-ensayos-la-apuesta-de-milei-y-el-operativo-opositor-para-desactivar-un-show.phtml\"><strong>Manuel Adorni<\/strong><\/a>, brinda su <a target=\"_blank\" href=\"https:\/\/www.perfil.com\/noticias\/politica\/segui-en-vivo-el-interrogatorio-a-manuel-adorni-el-congreso.phtml\"><strong>informe de gesti\u00f3n ante el Congreso<\/strong><\/a> rodeado por <strong>Javier Milei<\/strong>, todo el <strong>gabinete nacional y legisladores libertarios<\/strong>, en una sesi\u00f3n atravesada por la tensiones pol\u00edticas y cuestionamientos sobre su patrimonio. <\/p>\n<p>Adorni <strong>lleg\u00f3 al Congreso a las 8.40<\/strong>. Se baj\u00f3 del auto que lo trasladaba, <strong>salud\u00f3 de lejos a la prensa <\/strong>que esperaba sobre la vereda de Avenida Rivadavia para ser acreditada y entr\u00f3 directo al edificio, donde lo esperaba Mart\u00edn Menem, con quien esper\u00f3 hasta las 10.40 para ingresar al recinto y comenzar su presentaci\u00f3n. En paralelo, la comunicaci\u00f3n oficial del gobierno difundi\u00f3, casi a la misma hora que lleg\u00f3 Adorni al Congreso, las respuestas por escrito a unas 2151 preguntas (de un total de 4800) que los diputados opositores le hab\u00edan dejado. Ese informe tiene casi 2 mil p\u00e1ginas, pero los legisladores reclamaron, en di\u00e1logo con <em><strong>PERFIL<\/strong><\/em>, que \u00abno da ninguna respuesta\u00bb en temas sensibles como las denuncias por su patrimonio o la causa $LIBRA. <\/p>\n<p><iframe id=\"vrudo\" class=\"vrudo\" src=\"https:\/\/rudo.video\/vod\/bWsfoJ?volume=0\" width=\"100%\" height=\"100%\" allowscriptaccess=\"always\" allowfullscreen=\"true\" webkitallowfullscreen=\"true\" frameborder=\"0\" scrolling=\"no\" allow=\"autoplay; fullscreen\" loading=\"lazy\" title=\"Contenido embebido\"><\/iframe><\/p>\n<p>La previa de la presentaci\u00f3n del informe de gesti\u00f3n estuvo atravesada por un<strong> fuerte operativo de seguridad<\/strong>, por la <strong>presencia de manifestantes<\/strong> y por una bajada de l\u00ednea clara del oficialismo: hay que bancar. Entre el \u00abcompren pochoclos\u00bb y el \u00abno me lo pierdo\u00bb que Menem y Milei hab\u00edan dicho en la previa, se justific\u00f3 la presencia de militantes libertarios, el gabinete completo del Gobierno Nacional y una gran cantidad de medios que alteraron el ingreso normal al Parlamento. <\/p>\n<div class=\"subscription\">\n<p>\n        Esto no les gusta a los autoritarios\n    <\/p>\n<div class=\"subscription__container\">\n<div class=\"subscription__text-wrapper\">\n<p>\n                El ejercicio del periodismo profesional y cr\u00edtico es un pilar fundamental de la democracia. Por eso molesta a quienes creen ser los due\u00f1os de la verdad.\n            <\/p>\n<\/p><\/div><\/div>\n<\/div>\n<p>La asistencia confirmada del Presidente y de gran parte del Gabinete llev\u00f3 a <strong>reforzar la seguridad en la zona del Congreso<\/strong>. Al menos<strong> cien efectivos de la Polic\u00eda Federal Argentina<\/strong> est\u00e1n abocados a la seguridad en las inmediaciones, con la presencia de <strong>vallados montado<\/strong>s desde tempranas horas y <strong>cortes de calles<\/strong>. Tambi\u00e9n hay personal de Casa Militar dentro del recinto, monitoreando todo. <\/p>\n<p style=\"text-align:center\"><picture><source media=\"(max-width: 440px)\" srcset=\"https:\/\/fotos.perfil.com\/\/2026\/04\/29\/440\/0\/diputados-congreso-29042026-2230143.jpg?webp\"\/><source media=\"(max-width: 1019px)\" srcset=\"https:\/\/fotos.perfil.com\/\/2026\/04\/29\/712\/0\/diputados-congreso-29042026-2230143.jpg?webp\"\/><img decoding=\"async\" style=\"max-width: 100%; width: 100%;\" alt=\"Diputados Congreso 29042026\" src=\"https:\/\/fotos.perfil.com\/\/2026\/04\/29\/900\/0\/diputados-congreso-29042026-2230143.jpg?webp\" loading=\"lazy\"\/><\/picture><\/p>\n<p>Para garantizar el ingreso de medios e invitados, la organizaci\u00f3n dispuso tres cintas de colores distintos que indicaban en qu\u00e9 lugar pod\u00eda mirar cada uno el informe. Algunos dentro del recinto, en los palcos, y otros en los salones Delia Parodi y Pasos Perdidos. <\/p>\n<p><iframe id=\"vrudo\" class=\"vrudo\" src=\"https:\/\/rudo.video\/vod\/bWsfII?volume=0\" width=\"100%\" height=\"100%\" allowscriptaccess=\"always\" allowfullscreen=\"true\" webkitallowfullscreen=\"true\" frameborder=\"0\" scrolling=\"no\" allow=\"autoplay; fullscreen\" loading=\"lazy\" title=\"Contenido embebido\"><\/iframe><\/p>\n<p>Entre los presentes estuvieron el ministro del Interior,<strong> Diego Santilli<\/strong>; el ministro de Econom\u00eda, <strong>Luis Caputo<\/strong>, el asesor <strong>Santiago Caputo<\/strong>, la secretar\u00eda general de la Presidencia, <strong>Karina Milei<\/strong> y el ministro de Desregulaci\u00f3n, <strong>Federico Sturzenegger<\/strong>. <\/p>\n<p>Tambi\u00e9n participaron la ministra de Seguridad, <strong>Alejandra Monteoliva<\/strong>; el ministro de Justicia, <strong>Juan Bautista Mahiques<\/strong>; la ministra de Capital Humano, <strong>Sandra Pettovello<\/strong>; el ministro de Defensa, <strong>Carlos Presti<\/strong>; el ministro de Salud, <strong>Mario Lugones<\/strong>; y el ministro de Relaciones Exteriores, Pablo Quirno. Adem\u00e1s, la jefa del bloque libertario en el Senado, Patricia Bullrich, y varios legisladores del espacio como Juan Carlos Pagotto, Nadia Marquez y Agust\u00edn Coto, entre otros.<\/p>\n<p style=\"text-align:center\"><picture><source media=\"(max-width: 440px)\" srcset=\"https:\/\/fotos.perfil.com\/\/2026\/04\/29\/440\/0\/diputados-congreso-29042026-2230146.jpg?webp\"\/><source media=\"(max-width: 1019px)\" srcset=\"https:\/\/fotos.perfil.com\/\/2026\/04\/29\/712\/0\/diputados-congreso-29042026-2230146.jpg?webp\"\/><img decoding=\"async\" style=\"max-width: 100%; width: 100%;\" alt=\"Diputados Congreso 29042026\" src=\"https:\/\/fotos.perfil.com\/\/2026\/04\/29\/900\/0\/diputados-congreso-29042026-2230146.jpg?webp\" loading=\"lazy\"\/><\/picture><\/p>\n<p>En los d\u00edas previos se especul\u00f3 con la posibilidad de que la presentaci\u00f3n fuera una especie de \u201cshow\u201d oficialista. La oposici\u00f3n decidi\u00f3 ir<strong> preparada para un \u201ccirco romano\u201d<\/strong>,  sobre todo despu\u00e9s de que Menem dijera que la sesi\u00f3n iba a ser \u201cpicante\u201d y que sugiriera \u201ccomprar pochoclos\u201d. \u00abEs una verguenza, vino, no responde nada en el informe, finge demencia total. Nosotros tenemos un primer segmento de preguntas que va a apuntar a preguntarle por todo eso que no dice nada, sobre su patrimonio\u00bb, dijo el diputado de Uni\u00f3n por la Patria Juan Marino a <em><strong>PERFIL<\/strong><\/em>.<\/p>\n<p class=\"destacadoNota\"><a target=\"_blank\" href=\"https:\/\/www.perfil.com\/noticias\/politica\/adornipalooza-las-8-pulseras-del-gobierno-para-controlar-el-acceso-a-la-sesion-informativa-en-el-congreso.phtml\">\u201cAdornipalooza\u201d: las 8 pulseras de colores para controlar el acceso a la sesi\u00f3n informativa del jefe de Gabinete en el Congreso<\/a><\/p>\n<p>Sin embargo, a primera hora, el menemismo intent\u00f3 transmitir que nada de eso suceder\u00e1. En el entorno del presidente de la C\u00e1mara de Diputados subrayaron que esperaban una <strong>jornada con tono \u201cinstitucional\u201d y sin sobresaltos<\/strong>. \u201cFue un latiguillo\u201d, respondieron sobre los pochoclos. <\/p>\n<p>Nadie confirm\u00f3 el n\u00famero de <strong>120 militantes libertarios en los palcos<\/strong>, aunque s\u00ed se reconoci\u00f3 una gran presencia en los palcos, con \u201callegados\u201d que quer\u00edan acompa\u00f1ar a Adorni. No solo arrivaron los m\u00e1s cercanos. Los j\u00f3venes de <strong>Las Fuerzas del Cielo<\/strong>, la agrupaci\u00f3n que responde a Caputo, alejados de<strong> Karina Milei<\/strong> y, por lo tanto, del jefe de Gabinete, tambi\u00e9n recibieron la <strong>orden de acompa\u00f1ar<\/strong>.  <\/p>\n<h2><strong>Fuerte inicio del informe de Adorni<\/strong><\/h2>\n<p>La diputada <strong>Karen Reichardt, <\/strong>una de las primeras que lleg\u00f3 al recinto, le habl\u00f3 a los militantes en los palcos: \u00abSaquen muchas fotos desde arriba\u00bb.<\/p>\n<p>Por su parte, <strong>Esteban Paul\u00f3n<\/strong>, el socialista ya distinguido por sus carteles y remeras con memes contra el gobierno, tom\u00f3 una m\u00e1quina de hacer pochoclos y le ofreci\u00f3 a Mart\u00edn Menem, que con mala cara le dijo que no.<\/p>\n<p>M\u00e1s adelante, Menem convoc\u00f3 a <strong>Lilia Lemoine<\/strong> a izar la bandera argentina y cantar el himno antes de iniciar la sesi\u00f3n, algo que ya gener\u00f3 murmullos en opositores que acostumbran pelearse con la diputada libertaria.<\/p>\n<p>Cuando ingres\u00f3 Milei, sus fieles aplaudieron, cantaron \u00abpresidente, presidente\u00bb y tambi\u00e9n bancaron a Adorni. Los diputados del Frente de Izquierda, <strong>Myriam Bregman<\/strong> y <strong>Nicol\u00e1s del Ca\u00f1o<\/strong>, aprovecharon de entrada ese momento y les gritaron \u00abdeslomado\u00bb, lo que gener\u00f3 un abucheo leve de parte de los libertarios.<\/p>\n<p>Con 132 diputados que se sentaron a dar qu\u00f3rum, inicio la sesi\u00f3n que se estima que durar\u00e1 cerca de seis horas.<\/p>\n<p>Al finalizar la primera parte del informe de Adorni, se entr\u00f3 en un breve cuarto intermedio de 15 minutos y, tal como hab\u00edan acordado en el Gobierno, se retiraron todos los funcionarios salvo Diego Santilli, que se qued\u00f3 solo en uno de los palcos, antes de que comenzara el primer bloque de preguntas de los diputados hacia el jefe de Gabinete. <\/p>\n<p>GL\/JD\/<\/p>\n<\/p><\/div>\n<p><script>\n                !function(f,b,e,v,n,t,s)\n                {if(f.fbq)return;n=f.fbq=function(){n.callMethod?\n                    n.callMethod.apply(n,arguments):n.queue.push(arguments)};\n                    if(!f._fbq)f._fbq=n;n.push=n;n.loaded=!0;n.version='2.0';\n                    n.queue=[];t=b.createElement(e);t.async=!0;\n                    t.src=v;s=b.getElementsByTagName(e)[0];\n                    s.parentNode.insertBefore(t,s)}(window, document,'script',\n                    'https:\/\/connect.facebook.net\/en_US\/fbevents.js');\n                window.paywallConfig.facebook_pixel=\"1000228364089342\"\n            <\/script><\/p>\n","protected":false},"excerpt":{"rendered":"<p>El jefe de Gabinete, Manuel Adorni, brinda su informe de gesti\u00f3n ante el Congreso rodeado por Javier Milei, todo el gabinete nacional y legisladores libertarios, en una sesi\u00f3n atravesada por la tensiones pol\u00edticas y cuestionamientos sobre su patrimonio. Adorni lleg\u00f3 al Congreso a las 8.40. Se baj\u00f3 del auto que lo trasladaba, salud\u00f3 de lejos [&hellip;]<\/p>\n","protected":false},"author":2,"featured_media":193734,"comment_status":"closed","ping_status":"closed","sticky":false,"template":"","format":"standard","meta":{"footnotes":""},"categories":[25],"tags":[],"class_list":["post-193733","post","type-post","status-publish","format-standard","has-post-thumbnail","hentry","category-nacionales"],"yoast_head":"<!-- This site is optimized with the Yoast SEO plugin v24.4 - https:\/\/yoast.com\/wordpress\/plugins\/seo\/ -->\n<title>Fuertes controles de seguridad, vallados y chicanas: c\u00f3mo fue la llegada de Adorni y Milei al Congreso - GYS NOTICIAS |<\/title>\n<meta name=\"robots\" content=\"index, follow, max-snippet:-1, max-image-preview:large, max-video-preview:-1\" \/>\n<link rel=\"canonical\" href=\"https:\/\/gysfm.com.ar\/inicio\/fuertes-controles-de-seguridad-vallados-y-chicanas-como-fue-la-llegada-de-adorni-y-milei-al-congreso\/\" \/>\n<meta property=\"og:locale\" content=\"es_ES\" \/>\n<meta property=\"og:type\" content=\"article\" \/>\n<meta property=\"og:title\" content=\"Fuertes controles de seguridad, vallados y chicanas: c\u00f3mo fue la llegada de Adorni y Milei al Congreso - GYS NOTICIAS |\" \/>\n<meta property=\"og:description\" content=\"El jefe de Gabinete, Manuel Adorni, brinda su informe de gesti\u00f3n ante el Congreso rodeado por Javier Milei, todo el gabinete nacional y legisladores libertarios, en una sesi\u00f3n atravesada por la tensiones pol\u00edticas y cuestionamientos sobre su patrimonio. Adorni lleg\u00f3 al Congreso a las 8.40. Se baj\u00f3 del auto que lo trasladaba, salud\u00f3 de lejos [&hellip;]\" \/>\n<meta property=\"og:url\" content=\"https:\/\/gysfm.com.ar\/inicio\/fuertes-controles-de-seguridad-vallados-y-chicanas-como-fue-la-llegada-de-adorni-y-milei-al-congreso\/\" \/>\n<meta property=\"og:site_name\" content=\"GYS NOTICIAS |\" \/>\n<meta property=\"article:published_time\" content=\"2026-04-29T20:09:04+00:00\" \/>\n<meta property=\"og:image\" content=\"https:\/\/fotos.perfil.com\/\/2026\/04\/29\/900\/0\/diputados-congreso-29042026-2230143.jpg?webp\" \/>\n<meta name=\"author\" content=\"Prensa G&amp;S FM\" \/>\n<meta name=\"twitter:card\" content=\"summary_large_image\" \/>\n<meta name=\"twitter:label1\" content=\"Escrito por\" \/>\n\t<meta name=\"twitter:data1\" content=\"Prensa G&amp;S FM\" \/>\n\t<meta name=\"twitter:label2\" content=\"Tiempo de lectura\" \/>\n\t<meta name=\"twitter:data2\" content=\"5 minutos\" \/>\n<script type=\"application\/ld+json\" class=\"yoast-schema-graph\">{\"@context\":\"https:\/\/schema.org\",\"@graph\":[{\"@type\":\"Article\",\"@id\":\"https:\/\/gysfm.com.ar\/inicio\/fuertes-controles-de-seguridad-vallados-y-chicanas-como-fue-la-llegada-de-adorni-y-milei-al-congreso\/#article\",\"isPartOf\":{\"@id\":\"https:\/\/gysfm.com.ar\/inicio\/fuertes-controles-de-seguridad-vallados-y-chicanas-como-fue-la-llegada-de-adorni-y-milei-al-congreso\/\"},\"author\":{\"name\":\"Prensa G&amp;S FM\",\"@id\":\"https:\/\/gysfm.com.ar\/inicio\/#\/schema\/person\/3abba7593ef2ad19e1be221d54383dc5\"},\"headline\":\"Fuertes controles de seguridad, vallados y chicanas: c\u00f3mo fue la llegada de Adorni y Milei al Congreso\",\"datePublished\":\"2026-04-29T20:09:04+00:00\",\"mainEntityOfPage\":{\"@id\":\"https:\/\/gysfm.com.ar\/inicio\/fuertes-controles-de-seguridad-vallados-y-chicanas-como-fue-la-llegada-de-adorni-y-milei-al-congreso\/\"},\"wordCount\":1006,\"publisher\":{\"@id\":\"https:\/\/gysfm.com.ar\/inicio\/#organization\"},\"image\":{\"@id\":\"https:\/\/gysfm.com.ar\/inicio\/fuertes-controles-de-seguridad-vallados-y-chicanas-como-fue-la-llegada-de-adorni-y-milei-al-congreso\/#primaryimage\"},\"thumbnailUrl\":\"https:\/\/gysfm.com.ar\/inicio\/wp-content\/uploads\/2026\/04\/manuel-adorni-2230284.jpg\",\"articleSection\":[\"NACIONALES\"],\"inLanguage\":\"es\"},{\"@type\":\"WebPage\",\"@id\":\"https:\/\/gysfm.com.ar\/inicio\/fuertes-controles-de-seguridad-vallados-y-chicanas-como-fue-la-llegada-de-adorni-y-milei-al-congreso\/\",\"url\":\"https:\/\/gysfm.com.ar\/inicio\/fuertes-controles-de-seguridad-vallados-y-chicanas-como-fue-la-llegada-de-adorni-y-milei-al-congreso\/\",\"name\":\"Fuertes controles de seguridad, vallados y chicanas: c\u00f3mo fue la llegada de Adorni y Milei al Congreso - GYS NOTICIAS |\",\"isPartOf\":{\"@id\":\"https:\/\/gysfm.com.ar\/inicio\/#website\"},\"primaryImageOfPage\":{\"@id\":\"https:\/\/gysfm.com.ar\/inicio\/fuertes-controles-de-seguridad-vallados-y-chicanas-como-fue-la-llegada-de-adorni-y-milei-al-congreso\/#primaryimage\"},\"image\":{\"@id\":\"https:\/\/gysfm.com.ar\/inicio\/fuertes-controles-de-seguridad-vallados-y-chicanas-como-fue-la-llegada-de-adorni-y-milei-al-congreso\/#primaryimage\"},\"thumbnailUrl\":\"https:\/\/gysfm.com.ar\/inicio\/wp-content\/uploads\/2026\/04\/manuel-adorni-2230284.jpg\",\"datePublished\":\"2026-04-29T20:09:04+00:00\",\"breadcrumb\":{\"@id\":\"https:\/\/gysfm.com.ar\/inicio\/fuertes-controles-de-seguridad-vallados-y-chicanas-como-fue-la-llegada-de-adorni-y-milei-al-congreso\/#breadcrumb\"},\"inLanguage\":\"es\",\"potentialAction\":[{\"@type\":\"ReadAction\",\"target\":[\"https:\/\/gysfm.com.ar\/inicio\/fuertes-controles-de-seguridad-vallados-y-chicanas-como-fue-la-llegada-de-adorni-y-milei-al-congreso\/\"]}]},{\"@type\":\"ImageObject\",\"inLanguage\":\"es\",\"@id\":\"https:\/\/gysfm.com.ar\/inicio\/fuertes-controles-de-seguridad-vallados-y-chicanas-como-fue-la-llegada-de-adorni-y-milei-al-congreso\/#primaryimage\",\"url\":\"https:\/\/gysfm.com.ar\/inicio\/wp-content\/uploads\/2026\/04\/manuel-adorni-2230284.jpg\",\"contentUrl\":\"https:\/\/gysfm.com.ar\/inicio\/wp-content\/uploads\/2026\/04\/manuel-adorni-2230284.jpg\",\"width\":1140,\"height\":641},{\"@type\":\"BreadcrumbList\",\"@id\":\"https:\/\/gysfm.com.ar\/inicio\/fuertes-controles-de-seguridad-vallados-y-chicanas-como-fue-la-llegada-de-adorni-y-milei-al-congreso\/#breadcrumb\",\"itemListElement\":[{\"@type\":\"ListItem\",\"position\":1,\"name\":\"Portada\",\"item\":\"https:\/\/gysfm.com.ar\/inicio\/\"},{\"@type\":\"ListItem\",\"position\":2,\"name\":\"Fuertes controles de seguridad, vallados y chicanas: c\u00f3mo fue la llegada de Adorni y Milei al Congreso\"}]},{\"@type\":\"WebSite\",\"@id\":\"https:\/\/gysfm.com.ar\/inicio\/#website\",\"url\":\"https:\/\/gysfm.com.ar\/inicio\/\",\"name\":\"GYS NOTICIAS |\",\"description\":\"DIARIO - RADIO ONLINE SAN JUAN ARGENTINA\",\"publisher\":{\"@id\":\"https:\/\/gysfm.com.ar\/inicio\/#organization\"},\"potentialAction\":[{\"@type\":\"SearchAction\",\"target\":{\"@type\":\"EntryPoint\",\"urlTemplate\":\"https:\/\/gysfm.com.ar\/inicio\/?s={search_term_string}\"},\"query-input\":{\"@type\":\"PropertyValueSpecification\",\"valueRequired\":true,\"valueName\":\"search_term_string\"}}],\"inLanguage\":\"es\"},{\"@type\":\"Organization\",\"@id\":\"https:\/\/gysfm.com.ar\/inicio\/#organization\",\"name\":\"GYS NOTICIAS |\",\"url\":\"https:\/\/gysfm.com.ar\/inicio\/\",\"logo\":{\"@type\":\"ImageObject\",\"inLanguage\":\"es\",\"@id\":\"https:\/\/gysfm.com.ar\/inicio\/#\/schema\/logo\/image\/\",\"url\":\"https:\/\/gysfm.com.ar\/inicio\/wp-content\/uploads\/2023\/07\/LOGOGYS-OK.png\",\"contentUrl\":\"https:\/\/gysfm.com.ar\/inicio\/wp-content\/uploads\/2023\/07\/LOGOGYS-OK.png\",\"width\":1170,\"height\":872,\"caption\":\"GYS NOTICIAS |\"},\"image\":{\"@id\":\"https:\/\/gysfm.com.ar\/inicio\/#\/schema\/logo\/image\/\"}},{\"@type\":\"Person\",\"@id\":\"https:\/\/gysfm.com.ar\/inicio\/#\/schema\/person\/3abba7593ef2ad19e1be221d54383dc5\",\"name\":\"Prensa G&amp;S FM\",\"image\":{\"@type\":\"ImageObject\",\"inLanguage\":\"es\",\"@id\":\"https:\/\/gysfm.com.ar\/inicio\/#\/schema\/person\/image\/\",\"url\":\"https:\/\/secure.gravatar.com\/avatar\/096ec78df02049ab018702bb4ccedf659377fa92a26540b5247612077a0dbd29?s=96&d=mm&r=g\",\"contentUrl\":\"https:\/\/secure.gravatar.com\/avatar\/096ec78df02049ab018702bb4ccedf659377fa92a26540b5247612077a0dbd29?s=96&d=mm&r=g\",\"caption\":\"Prensa G&amp;S FM\"},\"sameAs\":[\"https:\/\/gysfm.com.ar\/\"],\"url\":\"https:\/\/gysfm.com.ar\/inicio\/author\/lucasm\/\"}]}<\/script>\n<!-- \/ Yoast SEO plugin. -->","yoast_head_json":{"title":"Fuertes controles de seguridad, vallados y chicanas: c\u00f3mo fue la llegada de Adorni y Milei al Congreso - GYS NOTICIAS |","robots":{"index":"index","follow":"follow","max-snippet":"max-snippet:-1","max-image-preview":"max-image-preview:large","max-video-preview":"max-video-preview:-1"},"canonical":"https:\/\/gysfm.com.ar\/inicio\/fuertes-controles-de-seguridad-vallados-y-chicanas-como-fue-la-llegada-de-adorni-y-milei-al-congreso\/","og_locale":"es_ES","og_type":"article","og_title":"Fuertes controles de seguridad, vallados y chicanas: c\u00f3mo fue la llegada de Adorni y Milei al Congreso - GYS NOTICIAS |","og_description":"El jefe de Gabinete, Manuel Adorni, brinda su informe de gesti\u00f3n ante el Congreso rodeado por Javier Milei, todo el gabinete nacional y legisladores libertarios, en una sesi\u00f3n atravesada por la tensiones pol\u00edticas y cuestionamientos sobre su patrimonio. Adorni lleg\u00f3 al Congreso a las 8.40. Se baj\u00f3 del auto que lo trasladaba, salud\u00f3 de lejos [&hellip;]","og_url":"https:\/\/gysfm.com.ar\/inicio\/fuertes-controles-de-seguridad-vallados-y-chicanas-como-fue-la-llegada-de-adorni-y-milei-al-congreso\/","og_site_name":"GYS NOTICIAS |","article_published_time":"2026-04-29T20:09:04+00:00","og_image":[{"url":"https:\/\/fotos.perfil.com\/\/2026\/04\/29\/900\/0\/diputados-congreso-29042026-2230143.jpg?webp","type":"","width":"","height":""}],"author":"Prensa G&amp;S FM","twitter_card":"summary_large_image","twitter_misc":{"Escrito por":"Prensa G&amp;S FM","Tiempo de lectura":"5 minutos"},"schema":{"@context":"https:\/\/schema.org","@graph":[{"@type":"Article","@id":"https:\/\/gysfm.com.ar\/inicio\/fuertes-controles-de-seguridad-vallados-y-chicanas-como-fue-la-llegada-de-adorni-y-milei-al-congreso\/#article","isPartOf":{"@id":"https:\/\/gysfm.com.ar\/inicio\/fuertes-controles-de-seguridad-vallados-y-chicanas-como-fue-la-llegada-de-adorni-y-milei-al-congreso\/"},"author":{"name":"Prensa G&amp;S FM","@id":"https:\/\/gysfm.com.ar\/inicio\/#\/schema\/person\/3abba7593ef2ad19e1be221d54383dc5"},"headline":"Fuertes controles de seguridad, vallados y chicanas: c\u00f3mo fue la llegada de Adorni y Milei al Congreso","datePublished":"2026-04-29T20:09:04+00:00","mainEntityOfPage":{"@id":"https:\/\/gysfm.com.ar\/inicio\/fuertes-controles-de-seguridad-vallados-y-chicanas-como-fue-la-llegada-de-adorni-y-milei-al-congreso\/"},"wordCount":1006,"publisher":{"@id":"https:\/\/gysfm.com.ar\/inicio\/#organization"},"image":{"@id":"https:\/\/gysfm.com.ar\/inicio\/fuertes-controles-de-seguridad-vallados-y-chicanas-como-fue-la-llegada-de-adorni-y-milei-al-congreso\/#primaryimage"},"thumbnailUrl":"https:\/\/gysfm.com.ar\/inicio\/wp-content\/uploads\/2026\/04\/manuel-adorni-2230284.jpg","articleSection":["NACIONALES"],"inLanguage":"es"},{"@type":"WebPage","@id":"https:\/\/gysfm.com.ar\/inicio\/fuertes-controles-de-seguridad-vallados-y-chicanas-como-fue-la-llegada-de-adorni-y-milei-al-congreso\/","url":"https:\/\/gysfm.com.ar\/inicio\/fuertes-controles-de-seguridad-vallados-y-chicanas-como-fue-la-llegada-de-adorni-y-milei-al-congreso\/","name":"Fuertes controles de seguridad, vallados y chicanas: c\u00f3mo fue la llegada de Adorni y Milei al Congreso - GYS NOTICIAS |","isPartOf":{"@id":"https:\/\/gysfm.com.ar\/inicio\/#website"},"primaryImageOfPage":{"@id":"https:\/\/gysfm.com.ar\/inicio\/fuertes-controles-de-seguridad-vallados-y-chicanas-como-fue-la-llegada-de-adorni-y-milei-al-congreso\/#primaryimage"},"image":{"@id":"https:\/\/gysfm.com.ar\/inicio\/fuertes-controles-de-seguridad-vallados-y-chicanas-como-fue-la-llegada-de-adorni-y-milei-al-congreso\/#primaryimage"},"thumbnailUrl":"https:\/\/gysfm.com.ar\/inicio\/wp-content\/uploads\/2026\/04\/manuel-adorni-2230284.jpg","datePublished":"2026-04-29T20:09:04+00:00","breadcrumb":{"@id":"https:\/\/gysfm.com.ar\/inicio\/fuertes-controles-de-seguridad-vallados-y-chicanas-como-fue-la-llegada-de-adorni-y-milei-al-congreso\/#breadcrumb"},"inLanguage":"es","potentialAction":[{"@type":"ReadAction","target":["https:\/\/gysfm.com.ar\/inicio\/fuertes-controles-de-seguridad-vallados-y-chicanas-como-fue-la-llegada-de-adorni-y-milei-al-congreso\/"]}]},{"@type":"ImageObject","inLanguage":"es","@id":"https:\/\/gysfm.com.ar\/inicio\/fuertes-controles-de-seguridad-vallados-y-chicanas-como-fue-la-llegada-de-adorni-y-milei-al-congreso\/#primaryimage","url":"https:\/\/gysfm.com.ar\/inicio\/wp-content\/uploads\/2026\/04\/manuel-adorni-2230284.jpg","contentUrl":"https:\/\/gysfm.com.ar\/inicio\/wp-content\/uploads\/2026\/04\/manuel-adorni-2230284.jpg","width":1140,"height":641},{"@type":"BreadcrumbList","@id":"https:\/\/gysfm.com.ar\/inicio\/fuertes-controles-de-seguridad-vallados-y-chicanas-como-fue-la-llegada-de-adorni-y-milei-al-congreso\/#breadcrumb","itemListElement":[{"@type":"ListItem","position":1,"name":"Portada","item":"https:\/\/gysfm.com.ar\/inicio\/"},{"@type":"ListItem","position":2,"name":"Fuertes controles de seguridad, vallados y chicanas: c\u00f3mo fue la llegada de Adorni y Milei al Congreso"}]},{"@type":"WebSite","@id":"https:\/\/gysfm.com.ar\/inicio\/#website","url":"https:\/\/gysfm.com.ar\/inicio\/","name":"GYS NOTICIAS |","description":"DIARIO - RADIO ONLINE SAN JUAN ARGENTINA","publisher":{"@id":"https:\/\/gysfm.com.ar\/inicio\/#organization"},"potentialAction":[{"@type":"SearchAction","target":{"@type":"EntryPoint","urlTemplate":"https:\/\/gysfm.com.ar\/inicio\/?s={search_term_string}"},"query-input":{"@type":"PropertyValueSpecification","valueRequired":true,"valueName":"search_term_string"}}],"inLanguage":"es"},{"@type":"Organization","@id":"https:\/\/gysfm.com.ar\/inicio\/#organization","name":"GYS NOTICIAS |","url":"https:\/\/gysfm.com.ar\/inicio\/","logo":{"@type":"ImageObject","inLanguage":"es","@id":"https:\/\/gysfm.com.ar\/inicio\/#\/schema\/logo\/image\/","url":"https:\/\/gysfm.com.ar\/inicio\/wp-content\/uploads\/2023\/07\/LOGOGYS-OK.png","contentUrl":"https:\/\/gysfm.com.ar\/inicio\/wp-content\/uploads\/2023\/07\/LOGOGYS-OK.png","width":1170,"height":872,"caption":"GYS NOTICIAS |"},"image":{"@id":"https:\/\/gysfm.com.ar\/inicio\/#\/schema\/logo\/image\/"}},{"@type":"Person","@id":"https:\/\/gysfm.com.ar\/inicio\/#\/schema\/person\/3abba7593ef2ad19e1be221d54383dc5","name":"Prensa G&amp;S FM","image":{"@type":"ImageObject","inLanguage":"es","@id":"https:\/\/gysfm.com.ar\/inicio\/#\/schema\/person\/image\/","url":"https:\/\/secure.gravatar.com\/avatar\/096ec78df02049ab018702bb4ccedf659377fa92a26540b5247612077a0dbd29?s=96&d=mm&r=g","contentUrl":"https:\/\/secure.gravatar.com\/avatar\/096ec78df02049ab018702bb4ccedf659377fa92a26540b5247612077a0dbd29?s=96&d=mm&r=g","caption":"Prensa G&amp;S FM"},"sameAs":["https:\/\/gysfm.com.ar\/"],"url":"https:\/\/gysfm.com.ar\/inicio\/author\/lucasm\/"}]}},"_links":{"self":[{"href":"https:\/\/gysfm.com.ar\/inicio\/wp-json\/wp\/v2\/posts\/193733","targetHints":{"allow":["GET"]}}],"collection":[{"href":"https:\/\/gysfm.com.ar\/inicio\/wp-json\/wp\/v2\/posts"}],"about":[{"href":"https:\/\/gysfm.com.ar\/inicio\/wp-json\/wp\/v2\/types\/post"}],"author":[{"embeddable":true,"href":"https:\/\/gysfm.com.ar\/inicio\/wp-json\/wp\/v2\/users\/2"}],"replies":[{"embeddable":true,"href":"https:\/\/gysfm.com.ar\/inicio\/wp-json\/wp\/v2\/comments?post=193733"}],"version-history":[{"count":0,"href":"https:\/\/gysfm.com.ar\/inicio\/wp-json\/wp\/v2\/posts\/193733\/revisions"}],"wp:featuredmedia":[{"embeddable":true,"href":"https:\/\/gysfm.com.ar\/inicio\/wp-json\/wp\/v2\/media\/193734"}],"wp:attachment":[{"href":"https:\/\/gysfm.com.ar\/inicio\/wp-json\/wp\/v2\/media?parent=193733"}],"wp:term":[{"taxonomy":"category","embeddable":true,"href":"https:\/\/gysfm.com.ar\/inicio\/wp-json\/wp\/v2\/categories?post=193733"},{"taxonomy":"post_tag","embeddable":true,"href":"https:\/\/gysfm.com.ar\/inicio\/wp-json\/wp\/v2\/tags?post=193733"}],"curies":[{"name":"wp","href":"https:\/\/api.w.org\/{rel}","templated":true}]}}