{"id":193731,"date":"2026-04-29T16:38:12","date_gmt":"2026-04-29T19:38:12","guid":{"rendered":"https:\/\/gysfm.com.ar\/inicio\/la-estrategia-discursiva-de-adorni-y-una-defensa-generalista-sobre-las-acusaciones\/"},"modified":"2026-04-29T16:38:12","modified_gmt":"2026-04-29T19:38:12","slug":"la-estrategia-discursiva-de-adorni-y-una-defensa-generalista-sobre-las-acusaciones","status":"publish","type":"post","link":"https:\/\/gysfm.com.ar\/inicio\/la-estrategia-discursiva-de-adorni-y-una-defensa-generalista-sobre-las-acusaciones\/","title":{"rendered":"La estrategia discursiva de Adorni y una defensa generalista sobre las acusaciones"},"content":{"rendered":"<p><\/p>\n<div id=\"article-content\">\n<p>En una jornada marcada por la exposici\u00f3n de los logros econ\u00f3micos del Gobierno, el Jefe de Gabinete, <a target=\"_blank\" href=\"https:\/\/www.perfil.com\/noticias\/politica\/segui-en-vivo-el-interrogatorio-a-manuel-adorni-el-congreso.phtml\"><strong>Manuel Adorni<\/strong><\/a>, dedic\u00f3 el cierre de su alocuci\u00f3n en el Congreso de la Naci\u00f3n a abordar de manera directa las denuncias formuladas sobre su situaci\u00f3n patrimonial y procesal. Bajo el amparo del art\u00edculo 101 de la Constituci\u00f3n Nacional, Adorni enfrent\u00f3 los cuestionamientos de la oposici\u00f3n con una defensa que combin\u00f3 el contraataque pol\u00edtico y la confianza en los tribunales.<\/p>\n<p style=\"text-align:center\"><picture><source media=\"(max-width: 440px)\" srcset=\"https:\/\/fotos.perfil.com\/\/2026\/04\/29\/440\/0\/manuel-adorni-en-el-congreso-29042026-2230118.jpg?webp\"\/><source media=\"(max-width: 1019px)\" srcset=\"https:\/\/fotos.perfil.com\/\/2026\/04\/29\/712\/0\/manuel-adorni-en-el-congreso-29042026-2230118.jpg?webp\"\/><img decoding=\"async\" style=\"max-width: 100%; width: 100%;\" alt=\"Manuel Adorni en el Congreso 29042026\" src=\"https:\/\/fotos.perfil.com\/\/2026\/04\/29\/900\/0\/manuel-adorni-en-el-congreso-29042026-2230118.jpg?webp\" loading=\"lazy\"\/><\/picture><\/p>\n<p>Hacia el final de su informe, el Jefe de Gabinete se refiri\u00f3 a lo que denomin\u00f3 \u00abcuestiones personales\u00bb, aclarando que, si bien exced\u00edan la marcha general del Gobierno, consideraba necesario hablarle a los argentinos sobre su transparencia. En relaci\u00f3n con las denuncias por su patrimonio, Adorni fue tajante: \u00ab<strong>Han sacado conclusiones equivocadas\u00bb.<\/strong><\/p>\n<div class=\"subscription\">\n<p>\n        Esto no les gusta a los autoritarios\n    <\/p>\n<div class=\"subscription__container\">\n<div class=\"subscription__text-wrapper\">\n<p>\n                El ejercicio del periodismo profesional y cr\u00edtico es un pilar fundamental de la democracia. Por eso molesta a quienes creen ser los due\u00f1os de la verdad.\n            <\/p>\n<\/p><\/div><\/div>\n<\/div>\n<p class=\"destacadoNota\"><a target=\"_blank\" href=\"https:\/\/www.perfil.com\/noticias\/politica\/que-dice-el-informe-de-gestion-que-manuel-adorni-envio-al-congreso-evasivas-y-referencias-al-secreto-de-sumario.phtml\">Qu\u00e9 dice el informe de gesti\u00f3n que Manuel Adorni envi\u00f3 al Congreso: evasivas y referencias al secreto de sumario<\/a><\/p>\n<p>Sin entrar en detalles t\u00e9cnicos sobre sus declaraciones juradas ante el auditorio, el funcionario busc\u00f3 despejar dudas sobre su conducta \u00e9tica desde que asumi\u00f3 la funci\u00f3n p\u00fablica. <strong>\u00abQuiero ser m\u00e1s claro todav\u00eda: no comet\u00ed ning\u00fan delito y voy a probarlo en la Justicia\u00bb,<\/strong> sentenci\u00f3 frente a los legisladores.<\/p>\n<p>El Jefe de Gabinete aprovech\u00f3 la oportunidad para trazar una l\u00ednea divisoria entre la gesti\u00f3n actual y los gobiernos anteriores, particularmente el kirchnerismo. Seg\u00fan Adorni, \u00abnunca un Gobierno anterior colabor\u00f3 de forma inmediata sobre denuncias realizadas a sus propios funcionarios\u00bb.<\/p>\n<p style=\"text-align:center\"><picture><source media=\"(max-width: 440px)\" srcset=\"https:\/\/fotos.perfil.com\/\/2026\/04\/29\/440\/0\/diputados-congreso-final-29042026-2230244.jpg?webp\"\/><source media=\"(max-width: 1019px)\" srcset=\"https:\/\/fotos.perfil.com\/\/2026\/04\/29\/712\/0\/diputados-congreso-final-29042026-2230244.jpg?webp\"\/><img decoding=\"async\" style=\"max-width: 100%; width: 100%;\" alt=\"Diputados Congreso Final 29042026\" src=\"https:\/\/fotos.perfil.com\/\/2026\/04\/29\/900\/0\/diputados-congreso-final-29042026-2230244.jpg?webp\" loading=\"lazy\"\/><\/picture><\/p>\n<p>En esa misma l\u00ednea, subray\u00f3 que el espacio pol\u00edtico que lo cuestiona \u00abhoy quiere simular una igualdad de condiciones\u00bb a pesar de tener exfuncionarios con \u00abcondenas firmes\u00bb. Adorni reafirm\u00f3 el compromiso del Ejecutivo con la independencia judicial, asegurando que \u00abbajo ninguna presi\u00f3n pol\u00edtica obstruiremos el avance de ninguna causa judicial\u00bb.<\/p>\n<p class=\"destacadoNota\"><a target=\"_blank\" href=\"https:\/\/www.perfil.com\/noticias\/politica\/javier-milei-y-todo-el-gabinete-llegaron-al-congreso-para-apoyar-a-manuel-adorni.phtml\">Javier Milei y su Gabinete llegaron al Congreso para apoyar a Manuel Adorni: video con la canci\u00f3n de Rocky<\/a><\/p>\n<p>Finalmente, Adorni realiz\u00f3 una exhortaci\u00f3n a los miembros de la C\u00e1mara para que se abstengan de intervenir en los procesos judiciales en curso. \u00abLes ruego, se\u00f1ores miembros de esta C\u00e1mara, que para no incumplir la Constituci\u00f3n Nacional, no requieran que ning\u00fan miembro del Poder Ejecutivo Nacional se arrogue el conocimiento de causas en tr\u00e1mite\u00bb, expres\u00f3 (snippet final).<\/p>\n<p>El mensaje fue claro: la resoluci\u00f3n de las denuncias quedar\u00e1 exclusivamente en manos de los jueces. \u00abSer\u00e1n los jueces, y solo ellos, quienes deber\u00e1n resolver las denuncias formuladas. Ni yo en mi car\u00e1cter de Jefe de Gabinete, ni ustedes en su car\u00e1cter de legisladores\u00bb, concluy\u00f3 antes de agradecer al Presidente de la Naci\u00f3n por la confianza depositada.<\/p>\n<p style=\"text-align:center\"><picture><source media=\"(max-width: 440px)\" srcset=\"https:\/\/fotos.perfil.com\/\/2026\/04\/29\/440\/0\/diputados-congreso-final-29042026-2230245.jpg?webp\"\/><source media=\"(max-width: 1019px)\" srcset=\"https:\/\/fotos.perfil.com\/\/2026\/04\/29\/712\/0\/diputados-congreso-final-29042026-2230245.jpg?webp\"\/><img decoding=\"async\" style=\"max-width: 100%; width: 100%;\" alt=\"Diputados Congreso Final 29042026\" src=\"https:\/\/fotos.perfil.com\/\/2026\/04\/29\/900\/0\/diputados-congreso-final-29042026-2230245.jpg?webp\" loading=\"lazy\"\/><\/picture><\/p>\n<p>Basado en la transcripci\u00f3n oficial de su exposici\u00f3n ante el Congreso el 29 de abril de 2026, Manuel Adorni <strong>no brind\u00f3 detalles espec\u00edficos, fechas ni explicaciones t\u00e9cnicas<\/strong> sobre el viaje a Nueva York, los pagos realizados por terceros o los traslados de su familia.<\/p>\n<p>Su estrategia discursiva consisti\u00f3 en agrupar todas las acusaciones bajo una defensa generalista. En resumen, Adorni <strong>evit\u00f3 dar precisiones sobre el viaje a Nueva York o el financiamiento de su familia<\/strong>, remitiendo cualquier descargo probatorio estrictamente al \u00e1mbito de la Justicia para no \u00abobstruir el avance de ninguna causa judicial\u00bb.<\/p>\n<p>fl<\/p>\n<\/p><\/div>\n<p><script>\n                !function(f,b,e,v,n,t,s)\n                {if(f.fbq)return;n=f.fbq=function(){n.callMethod?\n                    n.callMethod.apply(n,arguments):n.queue.push(arguments)};\n                    if(!f._fbq)f._fbq=n;n.push=n;n.loaded=!0;n.version='2.0';\n                    n.queue=[];t=b.createElement(e);t.async=!0;\n                    t.src=v;s=b.getElementsByTagName(e)[0];\n                    s.parentNode.insertBefore(t,s)}(window, document,'script',\n                    'https:\/\/connect.facebook.net\/en_US\/fbevents.js');\n                window.paywallConfig.facebook_pixel=\"1000228364089342\"\n            <\/script><\/p>\n","protected":false},"excerpt":{"rendered":"<p>En una jornada marcada por la exposici\u00f3n de los logros econ\u00f3micos del Gobierno, el Jefe de Gabinete, Manuel Adorni, dedic\u00f3 el cierre de su alocuci\u00f3n en el Congreso de la Naci\u00f3n a abordar de manera directa las denuncias formuladas sobre su situaci\u00f3n patrimonial y procesal. Bajo el amparo del art\u00edculo 101 de la Constituci\u00f3n Nacional, [&hellip;]<\/p>\n","protected":false},"author":2,"featured_media":193732,"comment_status":"closed","ping_status":"closed","sticky":false,"template":"","format":"standard","meta":{"footnotes":""},"categories":[25],"tags":[],"class_list":["post-193731","post","type-post","status-publish","format-standard","has-post-thumbnail","hentry","category-nacionales"],"yoast_head":"<!-- This site is optimized with the Yoast SEO plugin v24.4 - https:\/\/yoast.com\/wordpress\/plugins\/seo\/ -->\n<title>La estrategia discursiva de Adorni y una defensa generalista sobre las acusaciones - GYS NOTICIAS |<\/title>\n<meta name=\"robots\" content=\"index, follow, max-snippet:-1, max-image-preview:large, max-video-preview:-1\" \/>\n<link rel=\"canonical\" href=\"https:\/\/gysfm.com.ar\/inicio\/la-estrategia-discursiva-de-adorni-y-una-defensa-generalista-sobre-las-acusaciones\/\" \/>\n<meta property=\"og:locale\" content=\"es_ES\" \/>\n<meta property=\"og:type\" content=\"article\" \/>\n<meta property=\"og:title\" content=\"La estrategia discursiva de Adorni y una defensa generalista sobre las acusaciones - GYS NOTICIAS |\" \/>\n<meta property=\"og:description\" content=\"En una jornada marcada por la exposici\u00f3n de los logros econ\u00f3micos del Gobierno, el Jefe de Gabinete, Manuel Adorni, dedic\u00f3 el cierre de su alocuci\u00f3n en el Congreso de la Naci\u00f3n a abordar de manera directa las denuncias formuladas sobre su situaci\u00f3n patrimonial y procesal. Bajo el amparo del art\u00edculo 101 de la Constituci\u00f3n Nacional, [&hellip;]\" \/>\n<meta property=\"og:url\" content=\"https:\/\/gysfm.com.ar\/inicio\/la-estrategia-discursiva-de-adorni-y-una-defensa-generalista-sobre-las-acusaciones\/\" \/>\n<meta property=\"og:site_name\" content=\"GYS NOTICIAS |\" \/>\n<meta property=\"article:published_time\" content=\"2026-04-29T19:38:12+00:00\" \/>\n<meta property=\"og:image\" content=\"https:\/\/fotos.perfil.com\/\/2026\/04\/29\/900\/0\/manuel-adorni-en-el-congreso-29042026-2230118.jpg?webp\" \/>\n<meta name=\"author\" content=\"Prensa G&amp;S FM\" \/>\n<meta name=\"twitter:card\" content=\"summary_large_image\" \/>\n<meta name=\"twitter:label1\" content=\"Escrito por\" \/>\n\t<meta name=\"twitter:data1\" content=\"Prensa G&amp;S FM\" \/>\n\t<meta name=\"twitter:label2\" content=\"Tiempo de lectura\" \/>\n\t<meta name=\"twitter:data2\" content=\"3 minutos\" \/>\n<script type=\"application\/ld+json\" class=\"yoast-schema-graph\">{\"@context\":\"https:\/\/schema.org\",\"@graph\":[{\"@type\":\"Article\",\"@id\":\"https:\/\/gysfm.com.ar\/inicio\/la-estrategia-discursiva-de-adorni-y-una-defensa-generalista-sobre-las-acusaciones\/#article\",\"isPartOf\":{\"@id\":\"https:\/\/gysfm.com.ar\/inicio\/la-estrategia-discursiva-de-adorni-y-una-defensa-generalista-sobre-las-acusaciones\/\"},\"author\":{\"name\":\"Prensa G&amp;S FM\",\"@id\":\"https:\/\/gysfm.com.ar\/inicio\/#\/schema\/person\/3abba7593ef2ad19e1be221d54383dc5\"},\"headline\":\"La estrategia discursiva de Adorni y una defensa generalista sobre las acusaciones\",\"datePublished\":\"2026-04-29T19:38:12+00:00\",\"mainEntityOfPage\":{\"@id\":\"https:\/\/gysfm.com.ar\/inicio\/la-estrategia-discursiva-de-adorni-y-una-defensa-generalista-sobre-las-acusaciones\/\"},\"wordCount\":600,\"publisher\":{\"@id\":\"https:\/\/gysfm.com.ar\/inicio\/#organization\"},\"image\":{\"@id\":\"https:\/\/gysfm.com.ar\/inicio\/la-estrategia-discursiva-de-adorni-y-una-defensa-generalista-sobre-las-acusaciones\/#primaryimage\"},\"thumbnailUrl\":\"https:\/\/gysfm.com.ar\/inicio\/wp-content\/uploads\/2026\/04\/congreso-javier-milei-diputados-29042026-2230096.jpg\",\"articleSection\":[\"NACIONALES\"],\"inLanguage\":\"es\"},{\"@type\":\"WebPage\",\"@id\":\"https:\/\/gysfm.com.ar\/inicio\/la-estrategia-discursiva-de-adorni-y-una-defensa-generalista-sobre-las-acusaciones\/\",\"url\":\"https:\/\/gysfm.com.ar\/inicio\/la-estrategia-discursiva-de-adorni-y-una-defensa-generalista-sobre-las-acusaciones\/\",\"name\":\"La estrategia discursiva de Adorni y una defensa generalista sobre las acusaciones - GYS NOTICIAS |\",\"isPartOf\":{\"@id\":\"https:\/\/gysfm.com.ar\/inicio\/#website\"},\"primaryImageOfPage\":{\"@id\":\"https:\/\/gysfm.com.ar\/inicio\/la-estrategia-discursiva-de-adorni-y-una-defensa-generalista-sobre-las-acusaciones\/#primaryimage\"},\"image\":{\"@id\":\"https:\/\/gysfm.com.ar\/inicio\/la-estrategia-discursiva-de-adorni-y-una-defensa-generalista-sobre-las-acusaciones\/#primaryimage\"},\"thumbnailUrl\":\"https:\/\/gysfm.com.ar\/inicio\/wp-content\/uploads\/2026\/04\/congreso-javier-milei-diputados-29042026-2230096.jpg\",\"datePublished\":\"2026-04-29T19:38:12+00:00\",\"breadcrumb\":{\"@id\":\"https:\/\/gysfm.com.ar\/inicio\/la-estrategia-discursiva-de-adorni-y-una-defensa-generalista-sobre-las-acusaciones\/#breadcrumb\"},\"inLanguage\":\"es\",\"potentialAction\":[{\"@type\":\"ReadAction\",\"target\":[\"https:\/\/gysfm.com.ar\/inicio\/la-estrategia-discursiva-de-adorni-y-una-defensa-generalista-sobre-las-acusaciones\/\"]}]},{\"@type\":\"ImageObject\",\"inLanguage\":\"es\",\"@id\":\"https:\/\/gysfm.com.ar\/inicio\/la-estrategia-discursiva-de-adorni-y-una-defensa-generalista-sobre-las-acusaciones\/#primaryimage\",\"url\":\"https:\/\/gysfm.com.ar\/inicio\/wp-content\/uploads\/2026\/04\/congreso-javier-milei-diputados-29042026-2230096.jpg\",\"contentUrl\":\"https:\/\/gysfm.com.ar\/inicio\/wp-content\/uploads\/2026\/04\/congreso-javier-milei-diputados-29042026-2230096.jpg\",\"width\":1140,\"height\":641},{\"@type\":\"BreadcrumbList\",\"@id\":\"https:\/\/gysfm.com.ar\/inicio\/la-estrategia-discursiva-de-adorni-y-una-defensa-generalista-sobre-las-acusaciones\/#breadcrumb\",\"itemListElement\":[{\"@type\":\"ListItem\",\"position\":1,\"name\":\"Portada\",\"item\":\"https:\/\/gysfm.com.ar\/inicio\/\"},{\"@type\":\"ListItem\",\"position\":2,\"name\":\"La estrategia discursiva de Adorni y una defensa generalista sobre las acusaciones\"}]},{\"@type\":\"WebSite\",\"@id\":\"https:\/\/gysfm.com.ar\/inicio\/#website\",\"url\":\"https:\/\/gysfm.com.ar\/inicio\/\",\"name\":\"GYS NOTICIAS |\",\"description\":\"DIARIO - RADIO ONLINE SAN JUAN ARGENTINA\",\"publisher\":{\"@id\":\"https:\/\/gysfm.com.ar\/inicio\/#organization\"},\"potentialAction\":[{\"@type\":\"SearchAction\",\"target\":{\"@type\":\"EntryPoint\",\"urlTemplate\":\"https:\/\/gysfm.com.ar\/inicio\/?s={search_term_string}\"},\"query-input\":{\"@type\":\"PropertyValueSpecification\",\"valueRequired\":true,\"valueName\":\"search_term_string\"}}],\"inLanguage\":\"es\"},{\"@type\":\"Organization\",\"@id\":\"https:\/\/gysfm.com.ar\/inicio\/#organization\",\"name\":\"GYS NOTICIAS |\",\"url\":\"https:\/\/gysfm.com.ar\/inicio\/\",\"logo\":{\"@type\":\"ImageObject\",\"inLanguage\":\"es\",\"@id\":\"https:\/\/gysfm.com.ar\/inicio\/#\/schema\/logo\/image\/\",\"url\":\"https:\/\/gysfm.com.ar\/inicio\/wp-content\/uploads\/2023\/07\/LOGOGYS-OK.png\",\"contentUrl\":\"https:\/\/gysfm.com.ar\/inicio\/wp-content\/uploads\/2023\/07\/LOGOGYS-OK.png\",\"width\":1170,\"height\":872,\"caption\":\"GYS NOTICIAS |\"},\"image\":{\"@id\":\"https:\/\/gysfm.com.ar\/inicio\/#\/schema\/logo\/image\/\"}},{\"@type\":\"Person\",\"@id\":\"https:\/\/gysfm.com.ar\/inicio\/#\/schema\/person\/3abba7593ef2ad19e1be221d54383dc5\",\"name\":\"Prensa G&amp;S FM\",\"image\":{\"@type\":\"ImageObject\",\"inLanguage\":\"es\",\"@id\":\"https:\/\/gysfm.com.ar\/inicio\/#\/schema\/person\/image\/\",\"url\":\"https:\/\/secure.gravatar.com\/avatar\/096ec78df02049ab018702bb4ccedf659377fa92a26540b5247612077a0dbd29?s=96&d=mm&r=g\",\"contentUrl\":\"https:\/\/secure.gravatar.com\/avatar\/096ec78df02049ab018702bb4ccedf659377fa92a26540b5247612077a0dbd29?s=96&d=mm&r=g\",\"caption\":\"Prensa G&amp;S FM\"},\"sameAs\":[\"https:\/\/gysfm.com.ar\/\"],\"url\":\"https:\/\/gysfm.com.ar\/inicio\/author\/lucasm\/\"}]}<\/script>\n<!-- \/ Yoast SEO plugin. -->","yoast_head_json":{"title":"La estrategia discursiva de Adorni y una defensa generalista sobre las acusaciones - GYS NOTICIAS |","robots":{"index":"index","follow":"follow","max-snippet":"max-snippet:-1","max-image-preview":"max-image-preview:large","max-video-preview":"max-video-preview:-1"},"canonical":"https:\/\/gysfm.com.ar\/inicio\/la-estrategia-discursiva-de-adorni-y-una-defensa-generalista-sobre-las-acusaciones\/","og_locale":"es_ES","og_type":"article","og_title":"La estrategia discursiva de Adorni y una defensa generalista sobre las acusaciones - GYS NOTICIAS |","og_description":"En una jornada marcada por la exposici\u00f3n de los logros econ\u00f3micos del Gobierno, el Jefe de Gabinete, Manuel Adorni, dedic\u00f3 el cierre de su alocuci\u00f3n en el Congreso de la Naci\u00f3n a abordar de manera directa las denuncias formuladas sobre su situaci\u00f3n patrimonial y procesal. Bajo el amparo del art\u00edculo 101 de la Constituci\u00f3n Nacional, [&hellip;]","og_url":"https:\/\/gysfm.com.ar\/inicio\/la-estrategia-discursiva-de-adorni-y-una-defensa-generalista-sobre-las-acusaciones\/","og_site_name":"GYS NOTICIAS |","article_published_time":"2026-04-29T19:38:12+00:00","og_image":[{"url":"https:\/\/fotos.perfil.com\/\/2026\/04\/29\/900\/0\/manuel-adorni-en-el-congreso-29042026-2230118.jpg?webp","type":"","width":"","height":""}],"author":"Prensa G&amp;S FM","twitter_card":"summary_large_image","twitter_misc":{"Escrito por":"Prensa G&amp;S FM","Tiempo de lectura":"3 minutos"},"schema":{"@context":"https:\/\/schema.org","@graph":[{"@type":"Article","@id":"https:\/\/gysfm.com.ar\/inicio\/la-estrategia-discursiva-de-adorni-y-una-defensa-generalista-sobre-las-acusaciones\/#article","isPartOf":{"@id":"https:\/\/gysfm.com.ar\/inicio\/la-estrategia-discursiva-de-adorni-y-una-defensa-generalista-sobre-las-acusaciones\/"},"author":{"name":"Prensa G&amp;S FM","@id":"https:\/\/gysfm.com.ar\/inicio\/#\/schema\/person\/3abba7593ef2ad19e1be221d54383dc5"},"headline":"La estrategia discursiva de Adorni y una defensa generalista sobre las acusaciones","datePublished":"2026-04-29T19:38:12+00:00","mainEntityOfPage":{"@id":"https:\/\/gysfm.com.ar\/inicio\/la-estrategia-discursiva-de-adorni-y-una-defensa-generalista-sobre-las-acusaciones\/"},"wordCount":600,"publisher":{"@id":"https:\/\/gysfm.com.ar\/inicio\/#organization"},"image":{"@id":"https:\/\/gysfm.com.ar\/inicio\/la-estrategia-discursiva-de-adorni-y-una-defensa-generalista-sobre-las-acusaciones\/#primaryimage"},"thumbnailUrl":"https:\/\/gysfm.com.ar\/inicio\/wp-content\/uploads\/2026\/04\/congreso-javier-milei-diputados-29042026-2230096.jpg","articleSection":["NACIONALES"],"inLanguage":"es"},{"@type":"WebPage","@id":"https:\/\/gysfm.com.ar\/inicio\/la-estrategia-discursiva-de-adorni-y-una-defensa-generalista-sobre-las-acusaciones\/","url":"https:\/\/gysfm.com.ar\/inicio\/la-estrategia-discursiva-de-adorni-y-una-defensa-generalista-sobre-las-acusaciones\/","name":"La estrategia discursiva de Adorni y una defensa generalista sobre las acusaciones - GYS NOTICIAS |","isPartOf":{"@id":"https:\/\/gysfm.com.ar\/inicio\/#website"},"primaryImageOfPage":{"@id":"https:\/\/gysfm.com.ar\/inicio\/la-estrategia-discursiva-de-adorni-y-una-defensa-generalista-sobre-las-acusaciones\/#primaryimage"},"image":{"@id":"https:\/\/gysfm.com.ar\/inicio\/la-estrategia-discursiva-de-adorni-y-una-defensa-generalista-sobre-las-acusaciones\/#primaryimage"},"thumbnailUrl":"https:\/\/gysfm.com.ar\/inicio\/wp-content\/uploads\/2026\/04\/congreso-javier-milei-diputados-29042026-2230096.jpg","datePublished":"2026-04-29T19:38:12+00:00","breadcrumb":{"@id":"https:\/\/gysfm.com.ar\/inicio\/la-estrategia-discursiva-de-adorni-y-una-defensa-generalista-sobre-las-acusaciones\/#breadcrumb"},"inLanguage":"es","potentialAction":[{"@type":"ReadAction","target":["https:\/\/gysfm.com.ar\/inicio\/la-estrategia-discursiva-de-adorni-y-una-defensa-generalista-sobre-las-acusaciones\/"]}]},{"@type":"ImageObject","inLanguage":"es","@id":"https:\/\/gysfm.com.ar\/inicio\/la-estrategia-discursiva-de-adorni-y-una-defensa-generalista-sobre-las-acusaciones\/#primaryimage","url":"https:\/\/gysfm.com.ar\/inicio\/wp-content\/uploads\/2026\/04\/congreso-javier-milei-diputados-29042026-2230096.jpg","contentUrl":"https:\/\/gysfm.com.ar\/inicio\/wp-content\/uploads\/2026\/04\/congreso-javier-milei-diputados-29042026-2230096.jpg","width":1140,"height":641},{"@type":"BreadcrumbList","@id":"https:\/\/gysfm.com.ar\/inicio\/la-estrategia-discursiva-de-adorni-y-una-defensa-generalista-sobre-las-acusaciones\/#breadcrumb","itemListElement":[{"@type":"ListItem","position":1,"name":"Portada","item":"https:\/\/gysfm.com.ar\/inicio\/"},{"@type":"ListItem","position":2,"name":"La estrategia discursiva de Adorni y una defensa generalista sobre las acusaciones"}]},{"@type":"WebSite","@id":"https:\/\/gysfm.com.ar\/inicio\/#website","url":"https:\/\/gysfm.com.ar\/inicio\/","name":"GYS NOTICIAS |","description":"DIARIO - RADIO ONLINE SAN JUAN ARGENTINA","publisher":{"@id":"https:\/\/gysfm.com.ar\/inicio\/#organization"},"potentialAction":[{"@type":"SearchAction","target":{"@type":"EntryPoint","urlTemplate":"https:\/\/gysfm.com.ar\/inicio\/?s={search_term_string}"},"query-input":{"@type":"PropertyValueSpecification","valueRequired":true,"valueName":"search_term_string"}}],"inLanguage":"es"},{"@type":"Organization","@id":"https:\/\/gysfm.com.ar\/inicio\/#organization","name":"GYS NOTICIAS |","url":"https:\/\/gysfm.com.ar\/inicio\/","logo":{"@type":"ImageObject","inLanguage":"es","@id":"https:\/\/gysfm.com.ar\/inicio\/#\/schema\/logo\/image\/","url":"https:\/\/gysfm.com.ar\/inicio\/wp-content\/uploads\/2023\/07\/LOGOGYS-OK.png","contentUrl":"https:\/\/gysfm.com.ar\/inicio\/wp-content\/uploads\/2023\/07\/LOGOGYS-OK.png","width":1170,"height":872,"caption":"GYS NOTICIAS |"},"image":{"@id":"https:\/\/gysfm.com.ar\/inicio\/#\/schema\/logo\/image\/"}},{"@type":"Person","@id":"https:\/\/gysfm.com.ar\/inicio\/#\/schema\/person\/3abba7593ef2ad19e1be221d54383dc5","name":"Prensa G&amp;S FM","image":{"@type":"ImageObject","inLanguage":"es","@id":"https:\/\/gysfm.com.ar\/inicio\/#\/schema\/person\/image\/","url":"https:\/\/secure.gravatar.com\/avatar\/096ec78df02049ab018702bb4ccedf659377fa92a26540b5247612077a0dbd29?s=96&d=mm&r=g","contentUrl":"https:\/\/secure.gravatar.com\/avatar\/096ec78df02049ab018702bb4ccedf659377fa92a26540b5247612077a0dbd29?s=96&d=mm&r=g","caption":"Prensa G&amp;S FM"},"sameAs":["https:\/\/gysfm.com.ar\/"],"url":"https:\/\/gysfm.com.ar\/inicio\/author\/lucasm\/"}]}},"_links":{"self":[{"href":"https:\/\/gysfm.com.ar\/inicio\/wp-json\/wp\/v2\/posts\/193731","targetHints":{"allow":["GET"]}}],"collection":[{"href":"https:\/\/gysfm.com.ar\/inicio\/wp-json\/wp\/v2\/posts"}],"about":[{"href":"https:\/\/gysfm.com.ar\/inicio\/wp-json\/wp\/v2\/types\/post"}],"author":[{"embeddable":true,"href":"https:\/\/gysfm.com.ar\/inicio\/wp-json\/wp\/v2\/users\/2"}],"replies":[{"embeddable":true,"href":"https:\/\/gysfm.com.ar\/inicio\/wp-json\/wp\/v2\/comments?post=193731"}],"version-history":[{"count":0,"href":"https:\/\/gysfm.com.ar\/inicio\/wp-json\/wp\/v2\/posts\/193731\/revisions"}],"wp:featuredmedia":[{"embeddable":true,"href":"https:\/\/gysfm.com.ar\/inicio\/wp-json\/wp\/v2\/media\/193732"}],"wp:attachment":[{"href":"https:\/\/gysfm.com.ar\/inicio\/wp-json\/wp\/v2\/media?parent=193731"}],"wp:term":[{"taxonomy":"category","embeddable":true,"href":"https:\/\/gysfm.com.ar\/inicio\/wp-json\/wp\/v2\/categories?post=193731"},{"taxonomy":"post_tag","embeddable":true,"href":"https:\/\/gysfm.com.ar\/inicio\/wp-json\/wp\/v2\/tags?post=193731"}],"curies":[{"name":"wp","href":"https:\/\/api.w.org\/{rel}","templated":true}]}}