{"id":193728,"date":"2026-04-29T16:33:24","date_gmt":"2026-04-29T19:33:24","guid":{"rendered":"https:\/\/gysfm.com.ar\/inicio\/la-vision-de-los-principales-analistas-financieros-sobre-el-empleo-la-industria-y-por-que-la-gente-esta-peor\/"},"modified":"2026-04-29T16:33:24","modified_gmt":"2026-04-29T19:33:24","slug":"la-vision-de-los-principales-analistas-financieros-sobre-el-empleo-la-industria-y-por-que-la-gente-esta-peor","status":"publish","type":"post","link":"https:\/\/gysfm.com.ar\/inicio\/la-vision-de-los-principales-analistas-financieros-sobre-el-empleo-la-industria-y-por-que-la-gente-esta-peor\/","title":{"rendered":"La visi\u00f3n de los principales analistas financieros sobre el empleo, la industria y por qu\u00e9 \u201cla gente est\u00e1 peor\u201d"},"content":{"rendered":"<p><\/p>\n<div>\n<p class=\"com-paragraph  --capital --s\">En la calle, se siente la gran heterogeneidad que atraviesa la actividad econ\u00f3mica. Mientras que los sectores exportadores -como el agro, la energ\u00eda y la miner\u00eda- muestran grandes n\u00fameros, la ca\u00edda se siente en la industria, la construcci\u00f3n y el comercio. Para los principales analistas financieros del pa\u00eds,<strong> se trata de un \u201cproceso doloroso\u201d que va hacia un modelo productivo \u201cm\u00e1s eficiente\u201d para la Argentina. <\/strong><\/p>\n<p class=\"com-paragraph   --s\">Esta fue la conclusi\u00f3n a la que llegaron los hombres que manejan las finanzas del pa\u00eds, luego de que se subieran al escenario de ExpoEFI. El debate se centr\u00f3 en c\u00f3mo la Argentina transita este proceso y<strong> c\u00f3mo podr\u00eda impactar en el resultado de las elecciones presidenciales de 2027.<\/strong> <\/p>\n<p class=\"com-paragraph   --s\">\u201cHay un riesgo impl\u00edcito, consecuencia de una gran transici\u00f3n econ\u00f3mica, donde<strong> la Argentina est\u00e1 pasando de una actividad que estaba muy focalizada en sectores no tan productivos a otros m\u00e1s productivos y enfocados en las exportaciones.<\/strong> Hay un deterioro, una diferencia muy marcada, dependiendo de a qui\u00e9n se le pregunte por su situaci\u00f3n. No es lo mismo una pyme del conurbano que un emprendedor que se transform\u00f3 y le vende a Vaca Muerta\u201d, dijo Pedro Siaba Serrate, <em>head of Research &amp; Strategy <\/em>de Portfolio Personal Inversiones (PPI). <\/p>\n<div class=\"content-media\">\n<section role=\"button\" class=\"mod-media   \">\n<figure role=\"button\" tabindex=\"0\" class=\"mod-figure \"><figcaption class=\"mod-figcaption\"><span class=\"com-text --caption --twoxs\">Pedro Siaba Serrate, de PPI, advirti\u00f3 que la transici\u00f3n econ\u00f3mica es un \u00abproceso doloroso\u00bb y que requiere de financiamiento<\/span><\/figcaption><\/figure>\n<\/section>\n<\/div>\n<p class=\"com-paragraph   --s\">En ese mismo sentido, el analista agreg\u00f3 que un foco de preocupaci\u00f3n es la cuesti\u00f3n fiscal. Los sectores m\u00e1s golpeados son la manufactura, la construcci\u00f3n y el comercio en las grandes urbes, que son aquellos que generan un mayor empleo intensivo, pero que tambi\u00e9n son los que m\u00e1s aportan al IVA y la seguridad social. <strong>\u201cLa recaudaci\u00f3n se va a ver afectada, porque no se terminan de desarrollar los nuevos sectores para compensar la ca\u00edda de los rubros afectados\u201d<\/strong>, explic\u00f3. <\/p>\n<p class=\"com-paragraph   --s\">Norberto Sosa, de Grupo IEB, consider\u00f3 que <strong>\u201cel Gobierno deber\u00eda ser m\u00e1s emp\u00e1tico\u201d con el sector productivo. <\/strong>\u201cHay empresarios que se despiertan todos los d\u00edas para ver c\u00f3mo hacen frente a su planilla salarial y se rompen la cabeza para ver c\u00f3mo se van a reinventar\u201d, asegur\u00f3. <\/p>\n<p class=\"com-paragraph   --s\">El analista dio ejemplos de empresas que buscan reinsertarse en la nueva matraiz productiva: un cliente que fabrica embalaje para televisores, aunque ya no tiene demanda porque los electrodom\u00e9sticos vienen del exterior, empez\u00f3 a crear embalajes para exportar carne a Estados Unidos. O un autopartista busc\u00f3 transformarse para ser proveedor de la industria energ\u00e9tica y minera. <\/p>\n<div class=\"content-media\">\n<section role=\"button\" class=\"mod-media   \">\n<figure role=\"button\" tabindex=\"0\" class=\"mod-figure \"><figcaption class=\"mod-figcaption\"><span class=\"com-text --caption --twoxs\">Para Alejo Costa, de Max Capital, la reelecci\u00f3n de Milei por amplio margen \u00abser\u00e1 dif\u00edcil\u00bb<\/span><\/figcaption><\/figure>\n<\/section>\n<\/div>\n<p class=\"com-paragraph   --s\">\u201cLa heterogeneidad de la Argentina es un fen\u00f3meno nuevo.<strong> Espero que tengamos la paciencia<\/strong> para ver c\u00f3mo mejora la situaci\u00f3n crediticia, el empleo y el poder adquisitivo, para que el factor m\u00e1s preocupante no sea la falta de apoyo social en este proceso\u201d, complet\u00f3.<\/p>\n<p class=\"com-paragraph   --s\">Pero esta reconfiguraci\u00f3n no ser\u00e1 sin dolor. Alejo Costa, estratega principal de Max Capital, vaticin\u00f3 que en los pr\u00f3ximos meses habr\u00e1 un mayor desempleo estructural, con menores salarios reales en ciertos sectores de la econom\u00eda,<strong> una combinaci\u00f3n que generar\u00e1 la sensaci\u00f3n en la calle de que \u201cla gente est\u00e1 peor\u201d.<\/strong><\/p>\n<div class=\"content-media\">\n<section role=\"button\" class=\"mod-media   \">\n<figure role=\"button\" tabindex=\"0\" class=\"mod-figure \"><figcaption class=\"mod-figcaption\"><span class=\"com-text --caption --twoxs\">Norberto Sosa cont\u00f3 c\u00f3mo algunos clientes buscan reinvertarse para insertarse en la nueva matriz productiva <\/span><span class=\"com-text --credit --twoxs\">Pilar Camacho<\/span><\/figcaption><\/figure>\n<\/section>\n<\/div>\n<p class=\"com-paragraph   --s\">\u201cEs inevitable, es parte de ir a una econom\u00eda m\u00e1s eficiente. <strong>Para Milei luce muy dif\u00edcil ser reelecto con un porcentaje alto de votos,<\/strong> porque hay gente que le pega este cambio estructural\u201d, advirti\u00f3. <\/p>\n<p class=\"com-paragraph   --s\">Aunque falta un a\u00f1o y medio, las elecciones presidenciales ya empiezan a deslizarse en las charlas, y para el analista ser\u00e1 un<strong> per\u00edodo de \u201cmucho ruido\u201d que impactar\u00e1 tambi\u00e9n en los activos argentinos.<\/strong> \u201cAunque los <em>fundamentals <\/em>est\u00e9n s\u00f3lidos, el ruido pol\u00edtico va a ser dif\u00edcil de eliminar\u00bb, acot\u00f3. <\/p>\n<p class=\"com-paragraph   --s\">La coyuntura internacional no fue ajena al debate. Con la guerra en Medio Oriente en el centro de la escena y el precio de las <em>commodities <\/em>al alza, Maximiliano Donzelli, de IOL Inversiones, consider\u00f3 que <strong>la Argentina tiene una oportunidad para ser uno de los grandes proveedores de los minerales y la energ\u00eda que necesita el mundo. <\/strong><\/p>\n<div class=\"content-media\">\n<section role=\"button\" class=\"mod-media   \">\n<figure role=\"button\" tabindex=\"0\" class=\"mod-figure \"><figcaption class=\"mod-figcaption\"><span class=\"com-text --caption --twoxs\">Para Maximiliano Donzelli, de IOL, la suba de las commodities por la guerra es una opotunidad para la Argentina <\/span><\/figcaption><\/figure>\n<\/section>\n<\/div>\n<p class=\"com-paragraph   --s\">\u201cSigo siendo optimista sobre la Argentina. Principalmente porque, si bien tenemos necesidades financieras, sigue siendo relativamente chica para un pa\u00eds del tama\u00f1o de la Argentina.<strong> El a\u00f1o que viene habr\u00e1 que pagar US$15.000 millones, no deber\u00eda ser una discusi\u00f3n en ninguna parte del mundo. <\/strong>La discusi\u00f3n viene por la parte pol\u00edtica\u201d, cerr\u00f3. <\/p>\n<section class=\"container-center-100 mb-40 border border-bottom border-thin border-neutral-light-700\">\n<hr\/>\n<\/section>\n<\/div>\n<p><script id=\"facebookpixel\" defer=\"\" type=\"text\/javascript\">\n        !function(f,b,e,v,n,t,s)\n        {if(f.fbq)return;n=f.fbq=function(){n.callMethod?\n        n.callMethod.apply(n,arguments):n.queue.push(arguments)};\n        if(!f._fbq)f._fbq=n;n.push=n;n.loaded=!0;n.version='2.0';\n        n.queue=[];t=b.createElement(e);t.async=!0;\n        t.src=v;s=b.getElementsByTagName(e)[0];\n        s.parentNode.insertBefore(t,s)}(window, document,'script',\n        'https:\/\/connect.facebook.net\/en_US\/fbevents.js');\n        fbq('init', '492459597522335');\n        fbq('track', 'PageView');\n    <\/script><\/p>\n","protected":false},"excerpt":{"rendered":"<p>En la calle, se siente la gran heterogeneidad que atraviesa la actividad econ\u00f3mica. Mientras que los sectores exportadores -como el agro, la energ\u00eda y la miner\u00eda- muestran grandes n\u00fameros, la ca\u00edda se siente en la industria, la construcci\u00f3n y el comercio. Para los principales analistas financieros del pa\u00eds, se trata de un \u201cproceso doloroso\u201d que [&hellip;]<\/p>\n","protected":false},"author":1,"featured_media":193729,"comment_status":"closed","ping_status":"closed","sticky":false,"template":"","format":"standard","meta":{"footnotes":""},"categories":[28],"tags":[],"class_list":["post-193728","post","type-post","status-publish","format-standard","has-post-thumbnail","hentry","category-economia"],"yoast_head":"<!-- This site is optimized with the Yoast SEO plugin v24.4 - https:\/\/yoast.com\/wordpress\/plugins\/seo\/ -->\n<title>La visi\u00f3n de los principales analistas financieros sobre el empleo, la industria y por qu\u00e9 \u201cla gente est\u00e1 peor\u201d - GYS NOTICIAS |<\/title>\n<meta name=\"robots\" content=\"index, follow, max-snippet:-1, max-image-preview:large, max-video-preview:-1\" \/>\n<link rel=\"canonical\" href=\"https:\/\/gysfm.com.ar\/inicio\/la-vision-de-los-principales-analistas-financieros-sobre-el-empleo-la-industria-y-por-que-la-gente-esta-peor\/\" \/>\n<meta property=\"og:locale\" content=\"es_ES\" \/>\n<meta property=\"og:type\" content=\"article\" \/>\n<meta property=\"og:title\" content=\"La visi\u00f3n de los principales analistas financieros sobre el empleo, la industria y por qu\u00e9 \u201cla gente est\u00e1 peor\u201d - GYS NOTICIAS |\" \/>\n<meta property=\"og:description\" content=\"En la calle, se siente la gran heterogeneidad que atraviesa la actividad econ\u00f3mica. Mientras que los sectores exportadores -como el agro, la energ\u00eda y la miner\u00eda- muestran grandes n\u00fameros, la ca\u00edda se siente en la industria, la construcci\u00f3n y el comercio. Para los principales analistas financieros del pa\u00eds, se trata de un \u201cproceso doloroso\u201d que [&hellip;]\" \/>\n<meta property=\"og:url\" content=\"https:\/\/gysfm.com.ar\/inicio\/la-vision-de-los-principales-analistas-financieros-sobre-el-empleo-la-industria-y-por-que-la-gente-esta-peor\/\" \/>\n<meta property=\"og:site_name\" content=\"GYS NOTICIAS |\" \/>\n<meta property=\"article:published_time\" content=\"2026-04-29T19:33:24+00:00\" \/>\n<meta property=\"og:image\" content=\"https:\/\/gysfm.com.ar\/inicio\/wp-content\/uploads\/2026\/04\/maximiliano-donzelli-iol-pedro-siaba-serrate-ppi-JHEIJL4D5FGBFLR2JK6SJEZITA.jpeg\" \/>\n\t<meta property=\"og:image:width\" content=\"1200\" \/>\n\t<meta property=\"og:image:height\" content=\"800\" \/>\n\t<meta property=\"og:image:type\" content=\"image\/jpeg\" \/>\n<meta name=\"author\" content=\"admin\" \/>\n<meta name=\"twitter:card\" content=\"summary_large_image\" \/>\n<meta name=\"twitter:label1\" content=\"Escrito por\" \/>\n\t<meta name=\"twitter:data1\" content=\"admin\" \/>\n\t<meta name=\"twitter:label2\" content=\"Tiempo de lectura\" \/>\n\t<meta name=\"twitter:data2\" content=\"4 minutos\" \/>\n<script type=\"application\/ld+json\" class=\"yoast-schema-graph\">{\"@context\":\"https:\/\/schema.org\",\"@graph\":[{\"@type\":\"Article\",\"@id\":\"https:\/\/gysfm.com.ar\/inicio\/la-vision-de-los-principales-analistas-financieros-sobre-el-empleo-la-industria-y-por-que-la-gente-esta-peor\/#article\",\"isPartOf\":{\"@id\":\"https:\/\/gysfm.com.ar\/inicio\/la-vision-de-los-principales-analistas-financieros-sobre-el-empleo-la-industria-y-por-que-la-gente-esta-peor\/\"},\"author\":{\"name\":\"admin\",\"@id\":\"https:\/\/gysfm.com.ar\/inicio\/#\/schema\/person\/5bedd7ecd35cc35548d89effafa23696\"},\"headline\":\"La visi\u00f3n de los principales analistas financieros sobre el empleo, la industria y por qu\u00e9 \u201cla gente est\u00e1 peor\u201d\",\"datePublished\":\"2026-04-29T19:33:24+00:00\",\"mainEntityOfPage\":{\"@id\":\"https:\/\/gysfm.com.ar\/inicio\/la-vision-de-los-principales-analistas-financieros-sobre-el-empleo-la-industria-y-por-que-la-gente-esta-peor\/\"},\"wordCount\":825,\"publisher\":{\"@id\":\"https:\/\/gysfm.com.ar\/inicio\/#organization\"},\"image\":{\"@id\":\"https:\/\/gysfm.com.ar\/inicio\/la-vision-de-los-principales-analistas-financieros-sobre-el-empleo-la-industria-y-por-que-la-gente-esta-peor\/#primaryimage\"},\"thumbnailUrl\":\"https:\/\/gysfm.com.ar\/inicio\/wp-content\/uploads\/2026\/04\/maximiliano-donzelli-iol-pedro-siaba-serrate-ppi-JHEIJL4D5FGBFLR2JK6SJEZITA.jpeg\",\"articleSection\":[\"ECONOMIA\"],\"inLanguage\":\"es\"},{\"@type\":\"WebPage\",\"@id\":\"https:\/\/gysfm.com.ar\/inicio\/la-vision-de-los-principales-analistas-financieros-sobre-el-empleo-la-industria-y-por-que-la-gente-esta-peor\/\",\"url\":\"https:\/\/gysfm.com.ar\/inicio\/la-vision-de-los-principales-analistas-financieros-sobre-el-empleo-la-industria-y-por-que-la-gente-esta-peor\/\",\"name\":\"La visi\u00f3n de los principales analistas financieros sobre el empleo, la industria y por qu\u00e9 \u201cla gente est\u00e1 peor\u201d - GYS NOTICIAS |\",\"isPartOf\":{\"@id\":\"https:\/\/gysfm.com.ar\/inicio\/#website\"},\"primaryImageOfPage\":{\"@id\":\"https:\/\/gysfm.com.ar\/inicio\/la-vision-de-los-principales-analistas-financieros-sobre-el-empleo-la-industria-y-por-que-la-gente-esta-peor\/#primaryimage\"},\"image\":{\"@id\":\"https:\/\/gysfm.com.ar\/inicio\/la-vision-de-los-principales-analistas-financieros-sobre-el-empleo-la-industria-y-por-que-la-gente-esta-peor\/#primaryimage\"},\"thumbnailUrl\":\"https:\/\/gysfm.com.ar\/inicio\/wp-content\/uploads\/2026\/04\/maximiliano-donzelli-iol-pedro-siaba-serrate-ppi-JHEIJL4D5FGBFLR2JK6SJEZITA.jpeg\",\"datePublished\":\"2026-04-29T19:33:24+00:00\",\"breadcrumb\":{\"@id\":\"https:\/\/gysfm.com.ar\/inicio\/la-vision-de-los-principales-analistas-financieros-sobre-el-empleo-la-industria-y-por-que-la-gente-esta-peor\/#breadcrumb\"},\"inLanguage\":\"es\",\"potentialAction\":[{\"@type\":\"ReadAction\",\"target\":[\"https:\/\/gysfm.com.ar\/inicio\/la-vision-de-los-principales-analistas-financieros-sobre-el-empleo-la-industria-y-por-que-la-gente-esta-peor\/\"]}]},{\"@type\":\"ImageObject\",\"inLanguage\":\"es\",\"@id\":\"https:\/\/gysfm.com.ar\/inicio\/la-vision-de-los-principales-analistas-financieros-sobre-el-empleo-la-industria-y-por-que-la-gente-esta-peor\/#primaryimage\",\"url\":\"https:\/\/gysfm.com.ar\/inicio\/wp-content\/uploads\/2026\/04\/maximiliano-donzelli-iol-pedro-siaba-serrate-ppi-JHEIJL4D5FGBFLR2JK6SJEZITA.jpeg\",\"contentUrl\":\"https:\/\/gysfm.com.ar\/inicio\/wp-content\/uploads\/2026\/04\/maximiliano-donzelli-iol-pedro-siaba-serrate-ppi-JHEIJL4D5FGBFLR2JK6SJEZITA.jpeg\",\"width\":1200,\"height\":800},{\"@type\":\"BreadcrumbList\",\"@id\":\"https:\/\/gysfm.com.ar\/inicio\/la-vision-de-los-principales-analistas-financieros-sobre-el-empleo-la-industria-y-por-que-la-gente-esta-peor\/#breadcrumb\",\"itemListElement\":[{\"@type\":\"ListItem\",\"position\":1,\"name\":\"Portada\",\"item\":\"https:\/\/gysfm.com.ar\/inicio\/\"},{\"@type\":\"ListItem\",\"position\":2,\"name\":\"La visi\u00f3n de los principales analistas financieros sobre el empleo, la industria y por qu\u00e9 \u201cla gente est\u00e1 peor\u201d\"}]},{\"@type\":\"WebSite\",\"@id\":\"https:\/\/gysfm.com.ar\/inicio\/#website\",\"url\":\"https:\/\/gysfm.com.ar\/inicio\/\",\"name\":\"GYS NOTICIAS |\",\"description\":\"DIARIO - RADIO ONLINE SAN JUAN ARGENTINA\",\"publisher\":{\"@id\":\"https:\/\/gysfm.com.ar\/inicio\/#organization\"},\"potentialAction\":[{\"@type\":\"SearchAction\",\"target\":{\"@type\":\"EntryPoint\",\"urlTemplate\":\"https:\/\/gysfm.com.ar\/inicio\/?s={search_term_string}\"},\"query-input\":{\"@type\":\"PropertyValueSpecification\",\"valueRequired\":true,\"valueName\":\"search_term_string\"}}],\"inLanguage\":\"es\"},{\"@type\":\"Organization\",\"@id\":\"https:\/\/gysfm.com.ar\/inicio\/#organization\",\"name\":\"GYS NOTICIAS |\",\"url\":\"https:\/\/gysfm.com.ar\/inicio\/\",\"logo\":{\"@type\":\"ImageObject\",\"inLanguage\":\"es\",\"@id\":\"https:\/\/gysfm.com.ar\/inicio\/#\/schema\/logo\/image\/\",\"url\":\"https:\/\/gysfm.com.ar\/inicio\/wp-content\/uploads\/2023\/07\/LOGOGYS-OK.png\",\"contentUrl\":\"https:\/\/gysfm.com.ar\/inicio\/wp-content\/uploads\/2023\/07\/LOGOGYS-OK.png\",\"width\":1170,\"height\":872,\"caption\":\"GYS NOTICIAS |\"},\"image\":{\"@id\":\"https:\/\/gysfm.com.ar\/inicio\/#\/schema\/logo\/image\/\"}},{\"@type\":\"Person\",\"@id\":\"https:\/\/gysfm.com.ar\/inicio\/#\/schema\/person\/5bedd7ecd35cc35548d89effafa23696\",\"name\":\"admin\",\"image\":{\"@type\":\"ImageObject\",\"inLanguage\":\"es\",\"@id\":\"https:\/\/gysfm.com.ar\/inicio\/#\/schema\/person\/image\/\",\"url\":\"https:\/\/secure.gravatar.com\/avatar\/c331d312b5243fb64d5ba28108a447b27c925295129a363082c9ea52c28d32c2?s=96&d=mm&r=g\",\"contentUrl\":\"https:\/\/secure.gravatar.com\/avatar\/c331d312b5243fb64d5ba28108a447b27c925295129a363082c9ea52c28d32c2?s=96&d=mm&r=g\",\"caption\":\"admin\"},\"sameAs\":[\"https:\/\/gysfm.com.ar\/inicio\"],\"url\":\"https:\/\/gysfm.com.ar\/inicio\/author\/admin\/\"}]}<\/script>\n<!-- \/ Yoast SEO plugin. -->","yoast_head_json":{"title":"La visi\u00f3n de los principales analistas financieros sobre el empleo, la industria y por qu\u00e9 \u201cla gente est\u00e1 peor\u201d - GYS NOTICIAS |","robots":{"index":"index","follow":"follow","max-snippet":"max-snippet:-1","max-image-preview":"max-image-preview:large","max-video-preview":"max-video-preview:-1"},"canonical":"https:\/\/gysfm.com.ar\/inicio\/la-vision-de-los-principales-analistas-financieros-sobre-el-empleo-la-industria-y-por-que-la-gente-esta-peor\/","og_locale":"es_ES","og_type":"article","og_title":"La visi\u00f3n de los principales analistas financieros sobre el empleo, la industria y por qu\u00e9 \u201cla gente est\u00e1 peor\u201d - GYS NOTICIAS |","og_description":"En la calle, se siente la gran heterogeneidad que atraviesa la actividad econ\u00f3mica. Mientras que los sectores exportadores -como el agro, la energ\u00eda y la miner\u00eda- muestran grandes n\u00fameros, la ca\u00edda se siente en la industria, la construcci\u00f3n y el comercio. Para los principales analistas financieros del pa\u00eds, se trata de un \u201cproceso doloroso\u201d que [&hellip;]","og_url":"https:\/\/gysfm.com.ar\/inicio\/la-vision-de-los-principales-analistas-financieros-sobre-el-empleo-la-industria-y-por-que-la-gente-esta-peor\/","og_site_name":"GYS NOTICIAS |","article_published_time":"2026-04-29T19:33:24+00:00","og_image":[{"width":1200,"height":800,"url":"https:\/\/gysfm.com.ar\/inicio\/wp-content\/uploads\/2026\/04\/maximiliano-donzelli-iol-pedro-siaba-serrate-ppi-JHEIJL4D5FGBFLR2JK6SJEZITA.jpeg","type":"image\/jpeg"}],"author":"admin","twitter_card":"summary_large_image","twitter_misc":{"Escrito por":"admin","Tiempo de lectura":"4 minutos"},"schema":{"@context":"https:\/\/schema.org","@graph":[{"@type":"Article","@id":"https:\/\/gysfm.com.ar\/inicio\/la-vision-de-los-principales-analistas-financieros-sobre-el-empleo-la-industria-y-por-que-la-gente-esta-peor\/#article","isPartOf":{"@id":"https:\/\/gysfm.com.ar\/inicio\/la-vision-de-los-principales-analistas-financieros-sobre-el-empleo-la-industria-y-por-que-la-gente-esta-peor\/"},"author":{"name":"admin","@id":"https:\/\/gysfm.com.ar\/inicio\/#\/schema\/person\/5bedd7ecd35cc35548d89effafa23696"},"headline":"La visi\u00f3n de los principales analistas financieros sobre el empleo, la industria y por qu\u00e9 \u201cla gente est\u00e1 peor\u201d","datePublished":"2026-04-29T19:33:24+00:00","mainEntityOfPage":{"@id":"https:\/\/gysfm.com.ar\/inicio\/la-vision-de-los-principales-analistas-financieros-sobre-el-empleo-la-industria-y-por-que-la-gente-esta-peor\/"},"wordCount":825,"publisher":{"@id":"https:\/\/gysfm.com.ar\/inicio\/#organization"},"image":{"@id":"https:\/\/gysfm.com.ar\/inicio\/la-vision-de-los-principales-analistas-financieros-sobre-el-empleo-la-industria-y-por-que-la-gente-esta-peor\/#primaryimage"},"thumbnailUrl":"https:\/\/gysfm.com.ar\/inicio\/wp-content\/uploads\/2026\/04\/maximiliano-donzelli-iol-pedro-siaba-serrate-ppi-JHEIJL4D5FGBFLR2JK6SJEZITA.jpeg","articleSection":["ECONOMIA"],"inLanguage":"es"},{"@type":"WebPage","@id":"https:\/\/gysfm.com.ar\/inicio\/la-vision-de-los-principales-analistas-financieros-sobre-el-empleo-la-industria-y-por-que-la-gente-esta-peor\/","url":"https:\/\/gysfm.com.ar\/inicio\/la-vision-de-los-principales-analistas-financieros-sobre-el-empleo-la-industria-y-por-que-la-gente-esta-peor\/","name":"La visi\u00f3n de los principales analistas financieros sobre el empleo, la industria y por qu\u00e9 \u201cla gente est\u00e1 peor\u201d - GYS NOTICIAS |","isPartOf":{"@id":"https:\/\/gysfm.com.ar\/inicio\/#website"},"primaryImageOfPage":{"@id":"https:\/\/gysfm.com.ar\/inicio\/la-vision-de-los-principales-analistas-financieros-sobre-el-empleo-la-industria-y-por-que-la-gente-esta-peor\/#primaryimage"},"image":{"@id":"https:\/\/gysfm.com.ar\/inicio\/la-vision-de-los-principales-analistas-financieros-sobre-el-empleo-la-industria-y-por-que-la-gente-esta-peor\/#primaryimage"},"thumbnailUrl":"https:\/\/gysfm.com.ar\/inicio\/wp-content\/uploads\/2026\/04\/maximiliano-donzelli-iol-pedro-siaba-serrate-ppi-JHEIJL4D5FGBFLR2JK6SJEZITA.jpeg","datePublished":"2026-04-29T19:33:24+00:00","breadcrumb":{"@id":"https:\/\/gysfm.com.ar\/inicio\/la-vision-de-los-principales-analistas-financieros-sobre-el-empleo-la-industria-y-por-que-la-gente-esta-peor\/#breadcrumb"},"inLanguage":"es","potentialAction":[{"@type":"ReadAction","target":["https:\/\/gysfm.com.ar\/inicio\/la-vision-de-los-principales-analistas-financieros-sobre-el-empleo-la-industria-y-por-que-la-gente-esta-peor\/"]}]},{"@type":"ImageObject","inLanguage":"es","@id":"https:\/\/gysfm.com.ar\/inicio\/la-vision-de-los-principales-analistas-financieros-sobre-el-empleo-la-industria-y-por-que-la-gente-esta-peor\/#primaryimage","url":"https:\/\/gysfm.com.ar\/inicio\/wp-content\/uploads\/2026\/04\/maximiliano-donzelli-iol-pedro-siaba-serrate-ppi-JHEIJL4D5FGBFLR2JK6SJEZITA.jpeg","contentUrl":"https:\/\/gysfm.com.ar\/inicio\/wp-content\/uploads\/2026\/04\/maximiliano-donzelli-iol-pedro-siaba-serrate-ppi-JHEIJL4D5FGBFLR2JK6SJEZITA.jpeg","width":1200,"height":800},{"@type":"BreadcrumbList","@id":"https:\/\/gysfm.com.ar\/inicio\/la-vision-de-los-principales-analistas-financieros-sobre-el-empleo-la-industria-y-por-que-la-gente-esta-peor\/#breadcrumb","itemListElement":[{"@type":"ListItem","position":1,"name":"Portada","item":"https:\/\/gysfm.com.ar\/inicio\/"},{"@type":"ListItem","position":2,"name":"La visi\u00f3n de los principales analistas financieros sobre el empleo, la industria y por qu\u00e9 \u201cla gente est\u00e1 peor\u201d"}]},{"@type":"WebSite","@id":"https:\/\/gysfm.com.ar\/inicio\/#website","url":"https:\/\/gysfm.com.ar\/inicio\/","name":"GYS NOTICIAS |","description":"DIARIO - RADIO ONLINE SAN JUAN ARGENTINA","publisher":{"@id":"https:\/\/gysfm.com.ar\/inicio\/#organization"},"potentialAction":[{"@type":"SearchAction","target":{"@type":"EntryPoint","urlTemplate":"https:\/\/gysfm.com.ar\/inicio\/?s={search_term_string}"},"query-input":{"@type":"PropertyValueSpecification","valueRequired":true,"valueName":"search_term_string"}}],"inLanguage":"es"},{"@type":"Organization","@id":"https:\/\/gysfm.com.ar\/inicio\/#organization","name":"GYS NOTICIAS |","url":"https:\/\/gysfm.com.ar\/inicio\/","logo":{"@type":"ImageObject","inLanguage":"es","@id":"https:\/\/gysfm.com.ar\/inicio\/#\/schema\/logo\/image\/","url":"https:\/\/gysfm.com.ar\/inicio\/wp-content\/uploads\/2023\/07\/LOGOGYS-OK.png","contentUrl":"https:\/\/gysfm.com.ar\/inicio\/wp-content\/uploads\/2023\/07\/LOGOGYS-OK.png","width":1170,"height":872,"caption":"GYS NOTICIAS |"},"image":{"@id":"https:\/\/gysfm.com.ar\/inicio\/#\/schema\/logo\/image\/"}},{"@type":"Person","@id":"https:\/\/gysfm.com.ar\/inicio\/#\/schema\/person\/5bedd7ecd35cc35548d89effafa23696","name":"admin","image":{"@type":"ImageObject","inLanguage":"es","@id":"https:\/\/gysfm.com.ar\/inicio\/#\/schema\/person\/image\/","url":"https:\/\/secure.gravatar.com\/avatar\/c331d312b5243fb64d5ba28108a447b27c925295129a363082c9ea52c28d32c2?s=96&d=mm&r=g","contentUrl":"https:\/\/secure.gravatar.com\/avatar\/c331d312b5243fb64d5ba28108a447b27c925295129a363082c9ea52c28d32c2?s=96&d=mm&r=g","caption":"admin"},"sameAs":["https:\/\/gysfm.com.ar\/inicio"],"url":"https:\/\/gysfm.com.ar\/inicio\/author\/admin\/"}]}},"_links":{"self":[{"href":"https:\/\/gysfm.com.ar\/inicio\/wp-json\/wp\/v2\/posts\/193728","targetHints":{"allow":["GET"]}}],"collection":[{"href":"https:\/\/gysfm.com.ar\/inicio\/wp-json\/wp\/v2\/posts"}],"about":[{"href":"https:\/\/gysfm.com.ar\/inicio\/wp-json\/wp\/v2\/types\/post"}],"author":[{"embeddable":true,"href":"https:\/\/gysfm.com.ar\/inicio\/wp-json\/wp\/v2\/users\/1"}],"replies":[{"embeddable":true,"href":"https:\/\/gysfm.com.ar\/inicio\/wp-json\/wp\/v2\/comments?post=193728"}],"version-history":[{"count":1,"href":"https:\/\/gysfm.com.ar\/inicio\/wp-json\/wp\/v2\/posts\/193728\/revisions"}],"predecessor-version":[{"id":193730,"href":"https:\/\/gysfm.com.ar\/inicio\/wp-json\/wp\/v2\/posts\/193728\/revisions\/193730"}],"wp:featuredmedia":[{"embeddable":true,"href":"https:\/\/gysfm.com.ar\/inicio\/wp-json\/wp\/v2\/media\/193729"}],"wp:attachment":[{"href":"https:\/\/gysfm.com.ar\/inicio\/wp-json\/wp\/v2\/media?parent=193728"}],"wp:term":[{"taxonomy":"category","embeddable":true,"href":"https:\/\/gysfm.com.ar\/inicio\/wp-json\/wp\/v2\/categories?post=193728"},{"taxonomy":"post_tag","embeddable":true,"href":"https:\/\/gysfm.com.ar\/inicio\/wp-json\/wp\/v2\/tags?post=193728"}],"curies":[{"name":"wp","href":"https:\/\/api.w.org\/{rel}","templated":true}]}}