{"id":193725,"date":"2026-04-29T16:32:13","date_gmt":"2026-04-29T19:32:13","guid":{"rendered":"https:\/\/gysfm.com.ar\/inicio\/la-omision-de-harry-en-la-agenda-de-carlos-iii-durante-la-visita-a-estados-unidos-reaviva-la-interna-familiar\/"},"modified":"2026-04-29T16:32:14","modified_gmt":"2026-04-29T19:32:14","slug":"la-omision-de-harry-en-la-agenda-de-carlos-iii-durante-la-visita-a-estados-unidos-reaviva-la-interna-familiar","status":"publish","type":"post","link":"https:\/\/gysfm.com.ar\/inicio\/la-omision-de-harry-en-la-agenda-de-carlos-iii-durante-la-visita-a-estados-unidos-reaviva-la-interna-familiar\/","title":{"rendered":"La omisi\u00f3n de Harry en la agenda de Carlos III durante la visita a Estados Unidos reaviva la interna familiar"},"content":{"rendered":"<p> <br \/>\n<\/p>\n<div>\n<p class=\"com-paragraph  --capital --s\">LONDRES.\u2013 La <a href=\"https:\/\/www.lanacion.com.ar\/el-mundo\/carlos-iii-y-camilla-llegaron-a-washington-para-una-visita-que-busca-limar-asperezas-entre-eeuu-y-nid27042026\/\" target=\"_self\" title=\"https:\/\/www.lanacion.com.ar\/el-mundo\/carlos-iii-y-camilla-llegaron-a-washington-para-una-visita-que-busca-limar-asperezas-entre-eeuu-y-nid27042026\/\" class=\"com-link break-word\" data-mrf-recirculation=\"n_link_parrafo\"><strong>visita de Estado del rey Carlos III a Estados Unidos<\/strong><\/a>, dise\u00f1ada con precisi\u00f3n diplom\u00e1tica para reforzar los v\u00ednculos entre Londres y <a href=\"https:\/\/www.lanacion.com.ar\/el-mundo\/trump-evalua-la-ultima-propuesta-de-iran-para-reabrir-el-estrecho-de-ormuz-mientras-se-estancan-las-nid28042026\/\" target=\"_self\" title=\"https:\/\/www.lanacion.com.ar\/el-mundo\/trump-evalua-la-ultima-propuesta-de-iran-para-reabrir-el-estrecho-de-ormuz-mientras-se-estancan-las-nid28042026\/\" class=\"com-link break-word\" data-mrf-recirculation=\"n_link_parrafo\">Washington<\/a>, avanza rodeada de <strong>gestos cuidadosamente calculados y silencios elocuentes<\/strong>. Entre ellos, uno sobresale con fuerza: la <strong>ausencia de cualquier encuentro previsto con su hijo menor, el pr\u00edncipe Harry<\/strong>, una omisi\u00f3n que vuelve a poner en primer plano la fractura dentro de la familia real brit\u00e1nica.<\/p>\n<p class=\"com-paragraph   --s\">El viaje, de cuatro d\u00edas de duraci\u00f3n, incluye <strong>paradas en Washington y Nueva York<\/strong>, con una <strong>agenda enfocada en recomponer relaciones bilaterales<\/strong> y destacar la cooperaci\u00f3n hist\u00f3rica entre ambos pa\u00edses. Sin embargo, <strong>pese a que Harry reside en California junto a su esposa Meghan Markle y sus hijos, no figura en el itinerario<\/strong> ning\u00fan contacto oficial ni privado entre padre e hijo. Desde el Palacio de Buckingham evitaron hacer comentarios al respecto, reforzando la idea de la distancia institucional.<\/p>\n<div class=\"content-media\">\n<section role=\"button\" class=\"mod-media   \">\n<figure role=\"button\" tabindex=\"0\" class=\"mod-figure \"><figcaption class=\"mod-figcaption\"><span class=\"com-text --caption --twoxs\">El rey Carlos III y la reina Camilla de Gran Breta\u00f1a llegan a la Base Conjunta Andrews, Maryland<\/span><span class=\"com-text --credit --twoxs\">HENRY NICHOLLS &#8211; POOL<\/span><\/figcaption><\/figure>\n<\/section>\n<\/div>\n<p class=\"com-paragraph   --s\">La <strong>relaci\u00f3n entre Carlos y Harry atraviesa uno de sus momentos m\u00e1s delicados<\/strong> desde que el duque de Sussex decidi\u00f3 abandonar sus funciones reales en 2020 y trasladarse a Estados Unidos. Desde entonces, el <strong>v\u00ednculo se deterior\u00f3 progresivamente<\/strong>, marcado por<strong> declaraciones p\u00fablicas, proyectos medi\u00e1ticos y disputas legales<\/strong> que expusieron tensiones internas de la monarqu\u00eda.<\/p>\n<p class=\"com-paragraph   --s\">Entre los episodios m\u00e1s sensibles se encuentran las <strong>memorias publicadas por Harry<\/strong>, en las que <strong>revel\u00f3 detalles \u00edntimos de su vida dentro de la familia real<\/strong>, y la<strong> miniserie producida junto a Meghan <\/strong>para Netflix, donde<strong> ambos relataron su versi\u00f3n del distanciamiento<\/strong>, especialmente con el pr\u00edncipe Guillermo. <\/p>\n<div class=\"content-media\">\n<section role=\"button\" class=\"mod-media   \">\n<figure role=\"button\" tabindex=\"0\" class=\"mod-figure \"><figcaption class=\"mod-figcaption\"><span class=\"com-text --caption --twoxs\">Harry y Meghan contaron su versi\u00f3n del distanciamiento familiar en una serie de Netflix<\/span><span class=\"com-text --credit --twoxs\">Netflix<\/span><\/figcaption><\/figure>\n<\/section>\n<\/div>\n<p class=\"com-paragraph   --s\">El <a href=\"https:\/\/www.lanacion.com.ar\/revista-hola\/harry-y-meghan-todos-los-detalles-de-la-visita-privada-y-benefica-de-los-duques-de-sussex-a-nid19042026\/\" target=\"_self\" title=\"https:\/\/www.lanacion.com.ar\/revista-hola\/harry-y-meghan-todos-los-detalles-de-la-visita-privada-y-benefica-de-los-duques-de-sussex-a-nid19042026\/\" class=\"com-link break-word\" data-mrf-recirculation=\"n_link_parrafo\"><strong>reciente viaje \u201ccasi real\u201d de Harry y Meghan a Australia<\/strong><\/a>, miembro de la Commonwealth, <strong>habr\u00eda generado incomodidad en el Palacio de Buckingham<\/strong>, que interpret\u00f3 la gira como un intento de proyectar una imagen institucional paralela a la de la monarqu\u00eda.<\/p>\n<p class=\"com-paragraph   --s\">A esto se sum\u00f3 la<strong> batalla judicial del duque contra el gobierno brit\u00e1nico por la retirada de la protecci\u00f3n de seguridad oficial<\/strong> durante sus visitas al Reino Unido, un litigio que <strong>perdi\u00f3 <\/strong>y que, seg\u00fan \u00e9l mismo reconoci\u00f3, profundiz\u00f3 a\u00fan m\u00e1s la distancia con su padre.<\/p>\n<div class=\"content-media\">\n<section role=\"button\" class=\"mod-media   \">\n<figure role=\"button\" tabindex=\"0\" class=\"mod-figure \"><figcaption class=\"mod-figcaption\"><span class=\"com-text --caption --twoxs\">Seg\u00fan versiones difundidas en la prensa brit\u00e1nica, el viaja de Markle y Harry a Australia tens\u00f3 a\u00fan m\u00e1s el v\u00ednculo con Carlos III<\/span><span class=\"com-text --credit --twoxs\">Getty Images<\/span><\/figcaption><\/figure>\n<\/section>\n<\/div>\n<p class=\"com-paragraph   --s\">En una entrevista concedida a la BBC en mayo pasado,<strong> Harry expres\u00f3 su deseo de reconciliaci\u00f3n y su preocupaci\u00f3n por la salud del rey<\/strong>, quien fue diagnosticado con un tipo de <strong>c\u00e1ncer <\/strong>no especificado el a\u00f1o anterior. <strong>\u201cMe encantar\u00eda reconciliarme con mi familia\u201d<\/strong>, afirm\u00f3 entonces, en un tono que contrastaba con la tensi\u00f3n acumulada en los \u00faltimos a\u00f1os.<\/p>\n<p class=\"com-paragraph   --s\">Hubo, de hecho, un <strong>breve intento de acercamiento en septiembre<\/strong>, cuando <strong>padre e hijo se reunieron en Clarence House<\/strong> por primera vez en 19 meses. El encuentro, que <strong>dur\u00f3 alrededor de una hora<\/strong>, aliment\u00f3 expectativas de distensi\u00f3n, pero <strong>no logr\u00f3 traducirse en un cambio sostenido en la relaci\u00f3n<\/strong>.<\/p>\n<p class=\"com-paragraph   --s\">Desde entonces, nuevos factores complicaron a\u00fan m\u00e1s el panorama. El <strong>esc\u00e1ndalo que involucra al pr\u00edncipe Andr\u00e9s<\/strong>, hermano del rey, tras su arresto por acusaciones vinculadas al caso Jeffrey Epstein,<strong> volvi\u00f3 a golpear la imagen de la monarqu\u00eda<\/strong> y reforz\u00f3 la percepci\u00f3n de una instituci\u00f3n debilitada y fragmentada. Aunque Andr\u00e9s niega cualquier irregularidad, su <strong>ca\u00edda en desgracia <\/strong>\u2014sumada a la ya existente salida de Harry\u2014<strong> redujo significativamente el n\u00facleo activo de la familia real<\/strong>.<\/p>\n<p class=\"com-paragraph   --s\">En este contexto, la <strong>decisi\u00f3n de evitar cualquier encuentro durante la visita a Estados Unidos parece responder a una estrategia deliberada<\/strong>. Seg\u00fan analistas y versiones difundidas en la prensa brit\u00e1nica, el<strong> Palacio busca evitar situaciones inc\u00f3modas o im\u00e1genes que puedan desviar la atenci\u00f3n del objetivo principal del viaje<\/strong>. Tambi\u00e9n se pretende esquivar cualquier asociaci\u00f3n con controversias recientes, incluida la relaci\u00f3n de miembros de la realeza con Epstein.<\/p>\n<div class=\"content-media\">\n<section role=\"button\" class=\"mod-media   \">\n<figure role=\"button\" tabindex=\"0\" class=\"mod-figure \"><figcaption class=\"mod-figcaption\"><span class=\"com-text --caption --twoxs\">Ni el pr\u00edncipe Harry ni Meghan se reunir\u00e1n con la monarca<\/span><span class=\"com-text --credit --twoxs\">Gettyimages &#8211; Getty Images Europe<\/span><\/figcaption><\/figure>\n<\/section>\n<\/div>\n<p class=\"com-paragraph   --s\">Al mismo tiempo, <strong>versiones period\u00edsticas sugieren que desde el entorno de Harry exist\u00eda inter\u00e9s en concretar un encuentro<\/strong>, aunque con <strong>motivaciones que generan desconfianza en el Palacio<\/strong>. Algunas fuentes sostienen que una<strong> fotograf\u00eda junto al rey podr\u00eda reforzar la legitimidad p\u00fablica del duque<\/strong> y su v\u00ednculo con la instituci\u00f3n, algo que la Casa Real preferir\u00eda evitar en este momento.<\/p>\n<p class=\"com-paragraph   --s\">Incluso en el plano social, esa distancia se hace evidente. <strong>Durante su paso por Nueva York, Carlos encabezar\u00e1 una recepci\u00f3n vinculada a la King\u2019s Trust, con figuras destacadas entre los invitados, pero sin presencia de Harry ni Meghan<\/strong>. La exclusi\u00f3n refuerza la se\u00f1al de que no hay intenci\u00f3n de propiciar un acercamiento, ni siquiera en un contexto informal.<\/p>\n<p class=\"com-paragraph   --s\">Para expertos en la monarqu\u00eda, como el bi\u00f3grafo Robert Hardman, la <strong>visita tiene un fuerte componente simb\u00f3lico<\/strong>: recordar los 250 a\u00f1os de relaci\u00f3n entre Estados Unidos y el Reino Unido desde la independencia, con un <strong>mensaje de reconciliaci\u00f3n hist\u00f3rica<\/strong>. Pero, al mismo tiempo, advierten que hay <strong>\u201cgrandes elefantes en la sala\u201d<\/strong>, en referencia a los <strong>conflictos familiares no resueltos<\/strong> que sobrevuelan el viaje.<\/p>\n<p class=\"com-paragraph   --s\"><strong>Agencia AP y diario <\/strong><em><strong>The New York Times<\/strong><\/em><\/p>\n<section class=\"container-center-100 mb-40 border border-bottom border-thin border-neutral-light-700\">\n<hr\/>\n<\/section>\n<\/div>\n<p><script id=\"facebookpixel\" defer=\"\" type=\"text\/javascript\">\n        !function(f,b,e,v,n,t,s)\n        {if(f.fbq)return;n=f.fbq=function(){n.callMethod?\n        n.callMethod.apply(n,arguments):n.queue.push(arguments)};\n        if(!f._fbq)f._fbq=n;n.push=n;n.loaded=!0;n.version='2.0';\n        n.queue=[];t=b.createElement(e);t.async=!0;\n        t.src=v;s=b.getElementsByTagName(e)[0];\n        s.parentNode.insertBefore(t,s)}(window, document,'script',\n        'https:\/\/connect.facebook.net\/en_US\/fbevents.js');\n        fbq('init', '492459597522335');\n        fbq('track', 'PageView');\n    <\/script><br \/>\n<br \/><\/p>\n","protected":false},"excerpt":{"rendered":"<p>LONDRES.\u2013 La visita de Estado del rey Carlos III a Estados Unidos, dise\u00f1ada con precisi\u00f3n diplom\u00e1tica para reforzar los v\u00ednculos entre Londres y Washington, avanza rodeada de gestos cuidadosamente calculados y silencios elocuentes. Entre ellos, uno sobresale con fuerza: la ausencia de cualquier encuentro previsto con su hijo menor, el pr\u00edncipe Harry, una omisi\u00f3n que [&hellip;]<\/p>\n","protected":false},"author":2,"featured_media":193726,"comment_status":"closed","ping_status":"closed","sticky":false,"template":"","format":"standard","meta":{"footnotes":""},"categories":[26],"tags":[],"class_list":["post-193725","post","type-post","status-publish","format-standard","has-post-thumbnail","hentry","category-internacionales"],"yoast_head":"<!-- This site is optimized with the Yoast SEO plugin v24.4 - https:\/\/yoast.com\/wordpress\/plugins\/seo\/ -->\n<title>La omisi\u00f3n de Harry en la agenda de Carlos III durante la visita a Estados Unidos reaviva la interna familiar - GYS NOTICIAS |<\/title>\n<meta name=\"robots\" content=\"index, follow, max-snippet:-1, max-image-preview:large, max-video-preview:-1\" \/>\n<link rel=\"canonical\" href=\"https:\/\/gysfm.com.ar\/inicio\/la-omision-de-harry-en-la-agenda-de-carlos-iii-durante-la-visita-a-estados-unidos-reaviva-la-interna-familiar\/\" \/>\n<meta property=\"og:locale\" content=\"es_ES\" \/>\n<meta property=\"og:type\" content=\"article\" \/>\n<meta property=\"og:title\" content=\"La omisi\u00f3n de Harry en la agenda de Carlos III durante la visita a Estados Unidos reaviva la interna familiar - GYS NOTICIAS |\" \/>\n<meta property=\"og:description\" content=\"LONDRES.\u2013 La visita de Estado del rey Carlos III a Estados Unidos, dise\u00f1ada con precisi\u00f3n diplom\u00e1tica para reforzar los v\u00ednculos entre Londres y Washington, avanza rodeada de gestos cuidadosamente calculados y silencios elocuentes. Entre ellos, uno sobresale con fuerza: la ausencia de cualquier encuentro previsto con su hijo menor, el pr\u00edncipe Harry, una omisi\u00f3n que [&hellip;]\" \/>\n<meta property=\"og:url\" content=\"https:\/\/gysfm.com.ar\/inicio\/la-omision-de-harry-en-la-agenda-de-carlos-iii-durante-la-visita-a-estados-unidos-reaviva-la-interna-familiar\/\" \/>\n<meta property=\"og:site_name\" content=\"GYS NOTICIAS |\" \/>\n<meta property=\"article:published_time\" content=\"2026-04-29T19:32:13+00:00\" \/>\n<meta property=\"article:modified_time\" content=\"2026-04-29T19:32:14+00:00\" \/>\n<meta property=\"og:image\" content=\"https:\/\/gysfm.com.ar\/inicio\/wp-content\/uploads\/2026\/04\/coronacion-carlos-lll-mundo-londres-reino-unido-SLWAW7LRZ5ECHO6YNNZRWTJSHI.JPG\" \/>\n\t<meta property=\"og:image:width\" content=\"1200\" \/>\n\t<meta property=\"og:image:height\" content=\"800\" \/>\n\t<meta property=\"og:image:type\" content=\"image\/jpeg\" \/>\n<meta name=\"author\" content=\"Prensa G&amp;S FM\" \/>\n<meta name=\"twitter:card\" content=\"summary_large_image\" \/>\n<meta name=\"twitter:label1\" content=\"Escrito por\" \/>\n\t<meta name=\"twitter:data1\" content=\"Prensa G&amp;S FM\" \/>\n\t<meta name=\"twitter:label2\" content=\"Tiempo de lectura\" \/>\n\t<meta name=\"twitter:data2\" content=\"5 minutos\" \/>\n<script type=\"application\/ld+json\" class=\"yoast-schema-graph\">{\"@context\":\"https:\/\/schema.org\",\"@graph\":[{\"@type\":\"Article\",\"@id\":\"https:\/\/gysfm.com.ar\/inicio\/la-omision-de-harry-en-la-agenda-de-carlos-iii-durante-la-visita-a-estados-unidos-reaviva-la-interna-familiar\/#article\",\"isPartOf\":{\"@id\":\"https:\/\/gysfm.com.ar\/inicio\/la-omision-de-harry-en-la-agenda-de-carlos-iii-durante-la-visita-a-estados-unidos-reaviva-la-interna-familiar\/\"},\"author\":{\"name\":\"Prensa G&amp;S FM\",\"@id\":\"https:\/\/gysfm.com.ar\/inicio\/#\/schema\/person\/3abba7593ef2ad19e1be221d54383dc5\"},\"headline\":\"La omisi\u00f3n de Harry en la agenda de Carlos III durante la visita a Estados Unidos reaviva la interna familiar\",\"datePublished\":\"2026-04-29T19:32:13+00:00\",\"dateModified\":\"2026-04-29T19:32:14+00:00\",\"mainEntityOfPage\":{\"@id\":\"https:\/\/gysfm.com.ar\/inicio\/la-omision-de-harry-en-la-agenda-de-carlos-iii-durante-la-visita-a-estados-unidos-reaviva-la-interna-familiar\/\"},\"wordCount\":956,\"publisher\":{\"@id\":\"https:\/\/gysfm.com.ar\/inicio\/#organization\"},\"image\":{\"@id\":\"https:\/\/gysfm.com.ar\/inicio\/la-omision-de-harry-en-la-agenda-de-carlos-iii-durante-la-visita-a-estados-unidos-reaviva-la-interna-familiar\/#primaryimage\"},\"thumbnailUrl\":\"https:\/\/gysfm.com.ar\/inicio\/wp-content\/uploads\/2026\/04\/coronacion-carlos-lll-mundo-londres-reino-unido-SLWAW7LRZ5ECHO6YNNZRWTJSHI.JPG\",\"articleSection\":[\"INTERNACIONALES\"],\"inLanguage\":\"es\"},{\"@type\":\"WebPage\",\"@id\":\"https:\/\/gysfm.com.ar\/inicio\/la-omision-de-harry-en-la-agenda-de-carlos-iii-durante-la-visita-a-estados-unidos-reaviva-la-interna-familiar\/\",\"url\":\"https:\/\/gysfm.com.ar\/inicio\/la-omision-de-harry-en-la-agenda-de-carlos-iii-durante-la-visita-a-estados-unidos-reaviva-la-interna-familiar\/\",\"name\":\"La omisi\u00f3n de Harry en la agenda de Carlos III durante la visita a Estados Unidos reaviva la interna familiar - GYS NOTICIAS |\",\"isPartOf\":{\"@id\":\"https:\/\/gysfm.com.ar\/inicio\/#website\"},\"primaryImageOfPage\":{\"@id\":\"https:\/\/gysfm.com.ar\/inicio\/la-omision-de-harry-en-la-agenda-de-carlos-iii-durante-la-visita-a-estados-unidos-reaviva-la-interna-familiar\/#primaryimage\"},\"image\":{\"@id\":\"https:\/\/gysfm.com.ar\/inicio\/la-omision-de-harry-en-la-agenda-de-carlos-iii-durante-la-visita-a-estados-unidos-reaviva-la-interna-familiar\/#primaryimage\"},\"thumbnailUrl\":\"https:\/\/gysfm.com.ar\/inicio\/wp-content\/uploads\/2026\/04\/coronacion-carlos-lll-mundo-londres-reino-unido-SLWAW7LRZ5ECHO6YNNZRWTJSHI.JPG\",\"datePublished\":\"2026-04-29T19:32:13+00:00\",\"dateModified\":\"2026-04-29T19:32:14+00:00\",\"breadcrumb\":{\"@id\":\"https:\/\/gysfm.com.ar\/inicio\/la-omision-de-harry-en-la-agenda-de-carlos-iii-durante-la-visita-a-estados-unidos-reaviva-la-interna-familiar\/#breadcrumb\"},\"inLanguage\":\"es\",\"potentialAction\":[{\"@type\":\"ReadAction\",\"target\":[\"https:\/\/gysfm.com.ar\/inicio\/la-omision-de-harry-en-la-agenda-de-carlos-iii-durante-la-visita-a-estados-unidos-reaviva-la-interna-familiar\/\"]}]},{\"@type\":\"ImageObject\",\"inLanguage\":\"es\",\"@id\":\"https:\/\/gysfm.com.ar\/inicio\/la-omision-de-harry-en-la-agenda-de-carlos-iii-durante-la-visita-a-estados-unidos-reaviva-la-interna-familiar\/#primaryimage\",\"url\":\"https:\/\/gysfm.com.ar\/inicio\/wp-content\/uploads\/2026\/04\/coronacion-carlos-lll-mundo-londres-reino-unido-SLWAW7LRZ5ECHO6YNNZRWTJSHI.JPG\",\"contentUrl\":\"https:\/\/gysfm.com.ar\/inicio\/wp-content\/uploads\/2026\/04\/coronacion-carlos-lll-mundo-londres-reino-unido-SLWAW7LRZ5ECHO6YNNZRWTJSHI.JPG\",\"width\":1200,\"height\":800},{\"@type\":\"BreadcrumbList\",\"@id\":\"https:\/\/gysfm.com.ar\/inicio\/la-omision-de-harry-en-la-agenda-de-carlos-iii-durante-la-visita-a-estados-unidos-reaviva-la-interna-familiar\/#breadcrumb\",\"itemListElement\":[{\"@type\":\"ListItem\",\"position\":1,\"name\":\"Portada\",\"item\":\"https:\/\/gysfm.com.ar\/inicio\/\"},{\"@type\":\"ListItem\",\"position\":2,\"name\":\"La omisi\u00f3n de Harry en la agenda de Carlos III durante la visita a Estados Unidos reaviva la interna familiar\"}]},{\"@type\":\"WebSite\",\"@id\":\"https:\/\/gysfm.com.ar\/inicio\/#website\",\"url\":\"https:\/\/gysfm.com.ar\/inicio\/\",\"name\":\"GYS NOTICIAS |\",\"description\":\"DIARIO - RADIO ONLINE SAN JUAN ARGENTINA\",\"publisher\":{\"@id\":\"https:\/\/gysfm.com.ar\/inicio\/#organization\"},\"potentialAction\":[{\"@type\":\"SearchAction\",\"target\":{\"@type\":\"EntryPoint\",\"urlTemplate\":\"https:\/\/gysfm.com.ar\/inicio\/?s={search_term_string}\"},\"query-input\":{\"@type\":\"PropertyValueSpecification\",\"valueRequired\":true,\"valueName\":\"search_term_string\"}}],\"inLanguage\":\"es\"},{\"@type\":\"Organization\",\"@id\":\"https:\/\/gysfm.com.ar\/inicio\/#organization\",\"name\":\"GYS NOTICIAS |\",\"url\":\"https:\/\/gysfm.com.ar\/inicio\/\",\"logo\":{\"@type\":\"ImageObject\",\"inLanguage\":\"es\",\"@id\":\"https:\/\/gysfm.com.ar\/inicio\/#\/schema\/logo\/image\/\",\"url\":\"https:\/\/gysfm.com.ar\/inicio\/wp-content\/uploads\/2023\/07\/LOGOGYS-OK.png\",\"contentUrl\":\"https:\/\/gysfm.com.ar\/inicio\/wp-content\/uploads\/2023\/07\/LOGOGYS-OK.png\",\"width\":1170,\"height\":872,\"caption\":\"GYS NOTICIAS |\"},\"image\":{\"@id\":\"https:\/\/gysfm.com.ar\/inicio\/#\/schema\/logo\/image\/\"}},{\"@type\":\"Person\",\"@id\":\"https:\/\/gysfm.com.ar\/inicio\/#\/schema\/person\/3abba7593ef2ad19e1be221d54383dc5\",\"name\":\"Prensa G&amp;S FM\",\"image\":{\"@type\":\"ImageObject\",\"inLanguage\":\"es\",\"@id\":\"https:\/\/gysfm.com.ar\/inicio\/#\/schema\/person\/image\/\",\"url\":\"https:\/\/secure.gravatar.com\/avatar\/096ec78df02049ab018702bb4ccedf659377fa92a26540b5247612077a0dbd29?s=96&d=mm&r=g\",\"contentUrl\":\"https:\/\/secure.gravatar.com\/avatar\/096ec78df02049ab018702bb4ccedf659377fa92a26540b5247612077a0dbd29?s=96&d=mm&r=g\",\"caption\":\"Prensa G&amp;S FM\"},\"sameAs\":[\"https:\/\/gysfm.com.ar\/\"],\"url\":\"https:\/\/gysfm.com.ar\/inicio\/author\/lucasm\/\"}]}<\/script>\n<!-- \/ Yoast SEO plugin. -->","yoast_head_json":{"title":"La omisi\u00f3n de Harry en la agenda de Carlos III durante la visita a Estados Unidos reaviva la interna familiar - GYS NOTICIAS |","robots":{"index":"index","follow":"follow","max-snippet":"max-snippet:-1","max-image-preview":"max-image-preview:large","max-video-preview":"max-video-preview:-1"},"canonical":"https:\/\/gysfm.com.ar\/inicio\/la-omision-de-harry-en-la-agenda-de-carlos-iii-durante-la-visita-a-estados-unidos-reaviva-la-interna-familiar\/","og_locale":"es_ES","og_type":"article","og_title":"La omisi\u00f3n de Harry en la agenda de Carlos III durante la visita a Estados Unidos reaviva la interna familiar - GYS NOTICIAS |","og_description":"LONDRES.\u2013 La visita de Estado del rey Carlos III a Estados Unidos, dise\u00f1ada con precisi\u00f3n diplom\u00e1tica para reforzar los v\u00ednculos entre Londres y Washington, avanza rodeada de gestos cuidadosamente calculados y silencios elocuentes. Entre ellos, uno sobresale con fuerza: la ausencia de cualquier encuentro previsto con su hijo menor, el pr\u00edncipe Harry, una omisi\u00f3n que [&hellip;]","og_url":"https:\/\/gysfm.com.ar\/inicio\/la-omision-de-harry-en-la-agenda-de-carlos-iii-durante-la-visita-a-estados-unidos-reaviva-la-interna-familiar\/","og_site_name":"GYS NOTICIAS |","article_published_time":"2026-04-29T19:32:13+00:00","article_modified_time":"2026-04-29T19:32:14+00:00","og_image":[{"width":1200,"height":800,"url":"https:\/\/gysfm.com.ar\/inicio\/wp-content\/uploads\/2026\/04\/coronacion-carlos-lll-mundo-londres-reino-unido-SLWAW7LRZ5ECHO6YNNZRWTJSHI.JPG","type":"image\/jpeg"}],"author":"Prensa G&amp;S FM","twitter_card":"summary_large_image","twitter_misc":{"Escrito por":"Prensa G&amp;S FM","Tiempo de lectura":"5 minutos"},"schema":{"@context":"https:\/\/schema.org","@graph":[{"@type":"Article","@id":"https:\/\/gysfm.com.ar\/inicio\/la-omision-de-harry-en-la-agenda-de-carlos-iii-durante-la-visita-a-estados-unidos-reaviva-la-interna-familiar\/#article","isPartOf":{"@id":"https:\/\/gysfm.com.ar\/inicio\/la-omision-de-harry-en-la-agenda-de-carlos-iii-durante-la-visita-a-estados-unidos-reaviva-la-interna-familiar\/"},"author":{"name":"Prensa G&amp;S FM","@id":"https:\/\/gysfm.com.ar\/inicio\/#\/schema\/person\/3abba7593ef2ad19e1be221d54383dc5"},"headline":"La omisi\u00f3n de Harry en la agenda de Carlos III durante la visita a Estados Unidos reaviva la interna familiar","datePublished":"2026-04-29T19:32:13+00:00","dateModified":"2026-04-29T19:32:14+00:00","mainEntityOfPage":{"@id":"https:\/\/gysfm.com.ar\/inicio\/la-omision-de-harry-en-la-agenda-de-carlos-iii-durante-la-visita-a-estados-unidos-reaviva-la-interna-familiar\/"},"wordCount":956,"publisher":{"@id":"https:\/\/gysfm.com.ar\/inicio\/#organization"},"image":{"@id":"https:\/\/gysfm.com.ar\/inicio\/la-omision-de-harry-en-la-agenda-de-carlos-iii-durante-la-visita-a-estados-unidos-reaviva-la-interna-familiar\/#primaryimage"},"thumbnailUrl":"https:\/\/gysfm.com.ar\/inicio\/wp-content\/uploads\/2026\/04\/coronacion-carlos-lll-mundo-londres-reino-unido-SLWAW7LRZ5ECHO6YNNZRWTJSHI.JPG","articleSection":["INTERNACIONALES"],"inLanguage":"es"},{"@type":"WebPage","@id":"https:\/\/gysfm.com.ar\/inicio\/la-omision-de-harry-en-la-agenda-de-carlos-iii-durante-la-visita-a-estados-unidos-reaviva-la-interna-familiar\/","url":"https:\/\/gysfm.com.ar\/inicio\/la-omision-de-harry-en-la-agenda-de-carlos-iii-durante-la-visita-a-estados-unidos-reaviva-la-interna-familiar\/","name":"La omisi\u00f3n de Harry en la agenda de Carlos III durante la visita a Estados Unidos reaviva la interna familiar - GYS NOTICIAS |","isPartOf":{"@id":"https:\/\/gysfm.com.ar\/inicio\/#website"},"primaryImageOfPage":{"@id":"https:\/\/gysfm.com.ar\/inicio\/la-omision-de-harry-en-la-agenda-de-carlos-iii-durante-la-visita-a-estados-unidos-reaviva-la-interna-familiar\/#primaryimage"},"image":{"@id":"https:\/\/gysfm.com.ar\/inicio\/la-omision-de-harry-en-la-agenda-de-carlos-iii-durante-la-visita-a-estados-unidos-reaviva-la-interna-familiar\/#primaryimage"},"thumbnailUrl":"https:\/\/gysfm.com.ar\/inicio\/wp-content\/uploads\/2026\/04\/coronacion-carlos-lll-mundo-londres-reino-unido-SLWAW7LRZ5ECHO6YNNZRWTJSHI.JPG","datePublished":"2026-04-29T19:32:13+00:00","dateModified":"2026-04-29T19:32:14+00:00","breadcrumb":{"@id":"https:\/\/gysfm.com.ar\/inicio\/la-omision-de-harry-en-la-agenda-de-carlos-iii-durante-la-visita-a-estados-unidos-reaviva-la-interna-familiar\/#breadcrumb"},"inLanguage":"es","potentialAction":[{"@type":"ReadAction","target":["https:\/\/gysfm.com.ar\/inicio\/la-omision-de-harry-en-la-agenda-de-carlos-iii-durante-la-visita-a-estados-unidos-reaviva-la-interna-familiar\/"]}]},{"@type":"ImageObject","inLanguage":"es","@id":"https:\/\/gysfm.com.ar\/inicio\/la-omision-de-harry-en-la-agenda-de-carlos-iii-durante-la-visita-a-estados-unidos-reaviva-la-interna-familiar\/#primaryimage","url":"https:\/\/gysfm.com.ar\/inicio\/wp-content\/uploads\/2026\/04\/coronacion-carlos-lll-mundo-londres-reino-unido-SLWAW7LRZ5ECHO6YNNZRWTJSHI.JPG","contentUrl":"https:\/\/gysfm.com.ar\/inicio\/wp-content\/uploads\/2026\/04\/coronacion-carlos-lll-mundo-londres-reino-unido-SLWAW7LRZ5ECHO6YNNZRWTJSHI.JPG","width":1200,"height":800},{"@type":"BreadcrumbList","@id":"https:\/\/gysfm.com.ar\/inicio\/la-omision-de-harry-en-la-agenda-de-carlos-iii-durante-la-visita-a-estados-unidos-reaviva-la-interna-familiar\/#breadcrumb","itemListElement":[{"@type":"ListItem","position":1,"name":"Portada","item":"https:\/\/gysfm.com.ar\/inicio\/"},{"@type":"ListItem","position":2,"name":"La omisi\u00f3n de Harry en la agenda de Carlos III durante la visita a Estados Unidos reaviva la interna familiar"}]},{"@type":"WebSite","@id":"https:\/\/gysfm.com.ar\/inicio\/#website","url":"https:\/\/gysfm.com.ar\/inicio\/","name":"GYS NOTICIAS |","description":"DIARIO - RADIO ONLINE SAN JUAN ARGENTINA","publisher":{"@id":"https:\/\/gysfm.com.ar\/inicio\/#organization"},"potentialAction":[{"@type":"SearchAction","target":{"@type":"EntryPoint","urlTemplate":"https:\/\/gysfm.com.ar\/inicio\/?s={search_term_string}"},"query-input":{"@type":"PropertyValueSpecification","valueRequired":true,"valueName":"search_term_string"}}],"inLanguage":"es"},{"@type":"Organization","@id":"https:\/\/gysfm.com.ar\/inicio\/#organization","name":"GYS NOTICIAS |","url":"https:\/\/gysfm.com.ar\/inicio\/","logo":{"@type":"ImageObject","inLanguage":"es","@id":"https:\/\/gysfm.com.ar\/inicio\/#\/schema\/logo\/image\/","url":"https:\/\/gysfm.com.ar\/inicio\/wp-content\/uploads\/2023\/07\/LOGOGYS-OK.png","contentUrl":"https:\/\/gysfm.com.ar\/inicio\/wp-content\/uploads\/2023\/07\/LOGOGYS-OK.png","width":1170,"height":872,"caption":"GYS NOTICIAS |"},"image":{"@id":"https:\/\/gysfm.com.ar\/inicio\/#\/schema\/logo\/image\/"}},{"@type":"Person","@id":"https:\/\/gysfm.com.ar\/inicio\/#\/schema\/person\/3abba7593ef2ad19e1be221d54383dc5","name":"Prensa G&amp;S FM","image":{"@type":"ImageObject","inLanguage":"es","@id":"https:\/\/gysfm.com.ar\/inicio\/#\/schema\/person\/image\/","url":"https:\/\/secure.gravatar.com\/avatar\/096ec78df02049ab018702bb4ccedf659377fa92a26540b5247612077a0dbd29?s=96&d=mm&r=g","contentUrl":"https:\/\/secure.gravatar.com\/avatar\/096ec78df02049ab018702bb4ccedf659377fa92a26540b5247612077a0dbd29?s=96&d=mm&r=g","caption":"Prensa G&amp;S FM"},"sameAs":["https:\/\/gysfm.com.ar\/"],"url":"https:\/\/gysfm.com.ar\/inicio\/author\/lucasm\/"}]}},"_links":{"self":[{"href":"https:\/\/gysfm.com.ar\/inicio\/wp-json\/wp\/v2\/posts\/193725","targetHints":{"allow":["GET"]}}],"collection":[{"href":"https:\/\/gysfm.com.ar\/inicio\/wp-json\/wp\/v2\/posts"}],"about":[{"href":"https:\/\/gysfm.com.ar\/inicio\/wp-json\/wp\/v2\/types\/post"}],"author":[{"embeddable":true,"href":"https:\/\/gysfm.com.ar\/inicio\/wp-json\/wp\/v2\/users\/2"}],"replies":[{"embeddable":true,"href":"https:\/\/gysfm.com.ar\/inicio\/wp-json\/wp\/v2\/comments?post=193725"}],"version-history":[{"count":1,"href":"https:\/\/gysfm.com.ar\/inicio\/wp-json\/wp\/v2\/posts\/193725\/revisions"}],"predecessor-version":[{"id":193727,"href":"https:\/\/gysfm.com.ar\/inicio\/wp-json\/wp\/v2\/posts\/193725\/revisions\/193727"}],"wp:featuredmedia":[{"embeddable":true,"href":"https:\/\/gysfm.com.ar\/inicio\/wp-json\/wp\/v2\/media\/193726"}],"wp:attachment":[{"href":"https:\/\/gysfm.com.ar\/inicio\/wp-json\/wp\/v2\/media?parent=193725"}],"wp:term":[{"taxonomy":"category","embeddable":true,"href":"https:\/\/gysfm.com.ar\/inicio\/wp-json\/wp\/v2\/categories?post=193725"},{"taxonomy":"post_tag","embeddable":true,"href":"https:\/\/gysfm.com.ar\/inicio\/wp-json\/wp\/v2\/tags?post=193725"}],"curies":[{"name":"wp","href":"https:\/\/api.w.org\/{rel}","templated":true}]}}