{"id":193723,"date":"2026-04-29T16:07:22","date_gmt":"2026-04-29T19:07:22","guid":{"rendered":"https:\/\/gysfm.com.ar\/inicio\/schiaretti-456-lidera-el-peronismo-de-centro-y-villarruel-298-irrumpe-como-figura-transversal\/"},"modified":"2026-04-29T16:07:22","modified_gmt":"2026-04-29T19:07:22","slug":"schiaretti-456-lidera-el-peronismo-de-centro-y-villarruel-298-irrumpe-como-figura-transversal","status":"publish","type":"post","link":"https:\/\/gysfm.com.ar\/inicio\/schiaretti-456-lidera-el-peronismo-de-centro-y-villarruel-298-irrumpe-como-figura-transversal\/","title":{"rendered":"Schiaretti (45,6%) lidera el peronismo de centro y Villarruel (29,8%) irrumpe como figura transversal"},"content":{"rendered":"<p><\/p>\n<div id=\"article-content\">\n<p>La \u00faltima medici\u00f3n nacional realizada por <strong>DC Consultores<\/strong> confirma que la pol\u00edtica argentina atraviesa una etapa de redefinici\u00f3n profunda, donde los liderazgos tradicionales pierden densidad y emergen figuras capaces de moverse por fuera de las estructuras partidarias cl\u00e1sicas. En ese escenario, el <strong>peronismo de centro y el PRO<\/strong> aparecen tensionados por una misma din\u00e1mica: la dificultad de representar a una sociedad que ya no se identifica con los nombres de siempre.<\/p>\n<p>Dentro del peronismo moderado, el liderazgo de <strong>Juan Schiaretti<\/strong> se consolida con claridad al alcanzar el <strong>45,6%<\/strong> como principal referente del espacio. Sin embargo, el dato disruptivo es la irrupci\u00f3n de <strong>Victoria Villarruel,<\/strong> quien con el <strong>29,8% <\/strong>se posiciona como segunda figura en un territorio hist\u00f3ricamente ajeno al oficialismo libertario. M\u00e1s atr\u00e1s aparecen<strong> Emilio Monz\u00f3<\/strong> con <strong>10,3%, Jorge Brito con 7,9% y Sergio U\u00f1ac con 6,4%<\/strong>, completando un mapa donde la dispersi\u00f3n es la regla y la falta de volumen pol\u00edtico, una constante.<\/p>\n<p style=\"text-align:center\"><picture><source media=\"(max-width: 440px)\" srcset=\"https:\/\/fotos.perfil.com\/\/2026\/04\/29\/440\/0\/encuesta-29042026-2230003.jpg?webp\"\/><source media=\"(max-width: 1019px)\" srcset=\"https:\/\/fotos.perfil.com\/\/2026\/04\/29\/712\/0\/encuesta-29042026-2230003.jpg?webp\"\/><img decoding=\"async\" style=\"max-width: 100%; width: 100%;\" alt=\"Encuesta 29042026\" src=\"https:\/\/fotos.perfil.com\/\/2026\/04\/29\/900\/0\/encuesta-29042026-2230003.jpg?webp\" loading=\"lazy\"\/><\/picture><\/p>\n<div class=\"subscription\">\n<p>\n        Esto no les gusta a los autoritarios\n    <\/p>\n<div class=\"subscription__container\">\n<div class=\"subscription__text-wrapper\">\n<p>\n                El ejercicio del periodismo profesional y cr\u00edtico es un pilar fundamental de la democracia. Por eso molesta a quienes creen ser los due\u00f1os de la verdad.\n            <\/p>\n<\/p><\/div><\/div>\n<\/div>\n<p>El cuadro se vuelve m\u00e1s cr\u00edtico si se observa el estado del peronismo en su conjunto. La ausencia de <strong>Cristina Kirchner<\/strong> como articuladora central, sumada a la interna latente con <strong><a target=\"_blank\" href=\"https:\/\/www.perfil.com\/noticias\/modo-fontevecchia\/tension-en-el-pj-armado-federal-y-nuevas-disputas-el-mapa-politico-rumbo-a-2027-ya-se-mueve-en-las-provincias-modof.phtml\">Axel Kicillo<\/a>f,<\/strong> deja al espacio sin conducci\u00f3n clara ni capacidad de ampliaci\u00f3n. Los n\u00fameros de imagen reflejan ese deterioro: Kicillof alcanza <strong>29,7% de positiva contra 70,3% negativa<\/strong>, Cristina queda en <strong>20,6% positiva y 79,4% negativa<\/strong>, mientras <strong>Sergio Massa<\/strong> se ubica en apenas <strong>17,5% positiva<\/strong>. El peronismo, as\u00ed, conserva estructura pero pierde competitividad electoral fuera de su n\u00facleo duro.<\/p>\n<p class=\"destacadoNota\"><a target=\"_blank\" href=\"https:\/\/www.perfil.com\/noticias\/politica\/peronismo-suicida.phtml\">Peronismo suicida<\/a><\/p>\n<p>La crisis de representaci\u00f3n tambi\u00e9n golpea al <strong>PRO, <\/strong>que aparece cada vez m\u00e1s diluido bajo la influencia del mile\u00edsmo. A la hora de definir qui\u00e9n deber\u00eda revitalizar el espacio, los encuestados eligen a <strong><a target=\"_blank\" href=\"https:\/\/www.perfil.com\/noticias\/politica\/mauricio-macri-en-la-cena-de-la-fundacion-libertad-el-populismo-se-esta-agotando.phtml\">Mauricio Macri<\/a> con 34,9%<\/strong>, seguido muy de cerca por Villarruel con 30,8%. M\u00e1s relegados quedan <strong>Mar\u00eda Eugenia Vidal con 20,7%<\/strong> y <strong>Rogelio Frigerio con 13,6%.<\/strong> El dato expone una paradoja: el partido que supo encarnar el cambio ahora busca liderazgo fuera de su propia identidad, evidenciando un proceso de cooptaci\u00f3n pol\u00edtica y p\u00e9rdida de autonom\u00eda.<\/p>\n<p style=\"text-align:center\"><picture><source media=\"(max-width: 440px)\" srcset=\"https:\/\/fotos.perfil.com\/\/2026\/04\/29\/440\/0\/encuesta-29042026-2230004.jpg?webp\"\/><source media=\"(max-width: 1019px)\" srcset=\"https:\/\/fotos.perfil.com\/\/2026\/04\/29\/712\/0\/encuesta-29042026-2230004.jpg?webp\"\/><img decoding=\"async\" style=\"max-width: 100%; width: 100%;\" alt=\"Encuesta 29042026\" src=\"https:\/\/fotos.perfil.com\/\/2026\/04\/29\/900\/0\/encuesta-29042026-2230004.jpg?webp\" loading=\"lazy\"\/><\/picture><\/p>\n<p>En paralelo, la imagen de los dirigentes muestra un sistema desequilibrado. <strong><a target=\"_blank\" href=\"https:\/\/www.perfil.com\/noticias\/politica\/en-el-palacio-libertad-milei-vuelve-a-defender-su-modelo-economico-con-criticas-a-keynes-y-la-mirada-puesta-en-la-inflacion.phtml\">Javier Milei<\/a> mantiene 49,1% <\/strong>de imagen positiva, acompa\u00f1ado por <strong>Patricia Bullrich con 48,3%<\/strong> y <strong>Villarruel con 47,8%.<\/strong> Se trata del \u00fanico bloque con niveles competitivos, muy por encima de una oposici\u00f3n que no logra perforar el rechazo. Incluso <strong>Macri queda en 34%<\/strong> positiva frente a<strong> 66% negativa<\/strong>, confirmando que el pasado reciente sigue condicionando cualquier intento de reconstrucci\u00f3n.<\/p>\n<p>Pero m\u00e1s all\u00e1 de los nombres, el dato estructural es otro: la sociedad ya no conf\u00eda en la pol\u00edtica como sistema. El <strong>37,3% <\/strong>de los encuestados sostiene que apoya outsiders porque dej\u00f3 de creer en los dirigentes tradicionales, mientras el 34% afirma que \u201cnadie resuelve\u201d y que es necesario probar con figuras nuevas. A eso se suma un 15,5% que siente que los partidos dejaron de representarlo y un 13,2% que considera que la pol\u00edtica discute temas que la sociedad ya super\u00f3.<\/p>\n<p style=\"text-align:center\"><picture><source media=\"(max-width: 440px)\" srcset=\"https:\/\/fotos.perfil.com\/\/2026\/04\/29\/440\/0\/encuesta-nacional-dc-consultores-imagen-politicos-2230012.jpg?webp\"\/><source media=\"(max-width: 1019px)\" srcset=\"https:\/\/fotos.perfil.com\/\/2026\/04\/29\/712\/0\/encuesta-nacional-dc-consultores-imagen-politicos-2230012.jpg?webp\"\/><img decoding=\"async\" style=\"max-width: 100%; width: 100%;\" alt=\"Encuesta Nacional DC Consultores Imagen Politicos\" src=\"https:\/\/fotos.perfil.com\/\/2026\/04\/29\/900\/0\/encuesta-nacional-dc-consultores-imagen-politicos-2230012.jpg?webp\" loading=\"lazy\"\/><\/picture><\/p>\n<p>Ese clima explica tanto el ascenso de Milei como la aparici\u00f3n de figuras externas al sistema, entre ellas el propio <strong>Jorge Brito o <a target=\"_blank\" href=\"https:\/\/noticias.perfil.com\/noticias\/politica\/quien-es-dante-gebel-el-pastor-evengelista-que-quiere-ser-presidente.phtml\">Dante Gebel<\/a><\/strong>, aunque sus bajos niveles de imagen positiva (21,4% y 14,8%) tambi\u00e9n muestran que el rechazo a la pol\u00edtica no se traduce autom\u00e1ticamente en confianza en lo nuevo.<\/p>\n<p style=\"text-align:center\"><picture><source media=\"(max-width: 440px)\" srcset=\"https:\/\/fotos.perfil.com\/\/2026\/04\/29\/440\/0\/encuesta-29042026-2230006.jpg?webp\"\/><source media=\"(max-width: 1019px)\" srcset=\"https:\/\/fotos.perfil.com\/\/2026\/04\/29\/712\/0\/encuesta-29042026-2230006.jpg?webp\"\/><img decoding=\"async\" style=\"max-width: 100%; width: 100%;\" alt=\"Encuesta 29042026\" src=\"https:\/\/fotos.perfil.com\/\/2026\/04\/29\/900\/0\/encuesta-29042026-2230006.jpg?webp\" loading=\"lazy\"\/><\/picture><\/p>\n<p>En este contexto, Villarruel se posiciona como una figura singular. No lidera formalmente ning\u00fan espacio, pero aparece competitiva en todos: mide dentro del PRO, irrumpe en el peronismo de centro y mantiene una imagen alta sin cargar con el desgaste directo de la gesti\u00f3n. Su perfil la ubica como una eventual garante de continuidad del rumbo, en un escenario donde el liderazgo de Milei comienza a enfrentar los l\u00edmites de la tolerancia social.<\/p>\n<p>La conclusi\u00f3n que deja el estudio es clara. La Argentina atraviesa una transici\u00f3n donde el eje dej\u00f3 de ser ideol\u00f3gico para convertirse en un problema de representaci\u00f3n. El peronismo no logra reconstruir liderazgo sin Cristina, el PRO pierde identidad bajo la \u00f3rbita libertaria y los outsiders capitalizan el hartazgo m\u00e1s que la esperanza. En ese vac\u00edo, la disputa ya no es por el poder en s\u00ed mismo, sino por qui\u00e9n logra interpretar a una sociedad que decidi\u00f3 cambiar, pero todav\u00eda no encuentra qui\u00e9n la represente.<\/p>\n<p><em>La encuesta nacional fue realizada entre el 17 y el 20 de abril, con m\u00e1s de 2.200 casos relevados a trav\u00e9s de dispositivos m\u00f3viles.<\/em><\/p>\n<p><em>fl\/ff<\/em><\/p>\n<\/p><\/div>\n<p><script>\n                !function(f,b,e,v,n,t,s)\n                {if(f.fbq)return;n=f.fbq=function(){n.callMethod?\n                    n.callMethod.apply(n,arguments):n.queue.push(arguments)};\n                    if(!f._fbq)f._fbq=n;n.push=n;n.loaded=!0;n.version='2.0';\n                    n.queue=[];t=b.createElement(e);t.async=!0;\n                    t.src=v;s=b.getElementsByTagName(e)[0];\n                    s.parentNode.insertBefore(t,s)}(window, document,'script',\n                    'https:\/\/connect.facebook.net\/en_US\/fbevents.js');\n                window.paywallConfig.facebook_pixel=\"1000228364089342\"\n            <\/script><\/p>\n","protected":false},"excerpt":{"rendered":"<p>La \u00faltima medici\u00f3n nacional realizada por DC Consultores confirma que la pol\u00edtica argentina atraviesa una etapa de redefinici\u00f3n profunda, donde los liderazgos tradicionales pierden densidad y emergen figuras capaces de moverse por fuera de las estructuras partidarias cl\u00e1sicas. En ese escenario, el peronismo de centro y el PRO aparecen tensionados por una misma din\u00e1mica: la [&hellip;]<\/p>\n","protected":false},"author":2,"featured_media":193724,"comment_status":"closed","ping_status":"closed","sticky":false,"template":"","format":"standard","meta":{"footnotes":""},"categories":[25],"tags":[],"class_list":["post-193723","post","type-post","status-publish","format-standard","has-post-thumbnail","hentry","category-nacionales"],"yoast_head":"<!-- This site is optimized with the Yoast SEO plugin v24.4 - https:\/\/yoast.com\/wordpress\/plugins\/seo\/ -->\n<title>Schiaretti (45,6%) lidera el peronismo de centro y Villarruel (29,8%) irrumpe como figura transversal - GYS NOTICIAS |<\/title>\n<meta name=\"robots\" content=\"index, follow, max-snippet:-1, max-image-preview:large, max-video-preview:-1\" \/>\n<link rel=\"canonical\" href=\"https:\/\/gysfm.com.ar\/inicio\/schiaretti-456-lidera-el-peronismo-de-centro-y-villarruel-298-irrumpe-como-figura-transversal\/\" \/>\n<meta property=\"og:locale\" content=\"es_ES\" \/>\n<meta property=\"og:type\" content=\"article\" \/>\n<meta property=\"og:title\" content=\"Schiaretti (45,6%) lidera el peronismo de centro y Villarruel (29,8%) irrumpe como figura transversal - GYS NOTICIAS |\" \/>\n<meta property=\"og:description\" content=\"La \u00faltima medici\u00f3n nacional realizada por DC Consultores confirma que la pol\u00edtica argentina atraviesa una etapa de redefinici\u00f3n profunda, donde los liderazgos tradicionales pierden densidad y emergen figuras capaces de moverse por fuera de las estructuras partidarias cl\u00e1sicas. En ese escenario, el peronismo de centro y el PRO aparecen tensionados por una misma din\u00e1mica: la [&hellip;]\" \/>\n<meta property=\"og:url\" content=\"https:\/\/gysfm.com.ar\/inicio\/schiaretti-456-lidera-el-peronismo-de-centro-y-villarruel-298-irrumpe-como-figura-transversal\/\" \/>\n<meta property=\"og:site_name\" content=\"GYS NOTICIAS |\" \/>\n<meta property=\"article:published_time\" content=\"2026-04-29T19:07:22+00:00\" \/>\n<meta property=\"og:image\" content=\"https:\/\/fotos.perfil.com\/\/2026\/04\/29\/900\/0\/encuesta-29042026-2230003.jpg?webp\" \/>\n<meta name=\"author\" content=\"Prensa G&amp;S FM\" \/>\n<meta name=\"twitter:card\" content=\"summary_large_image\" \/>\n<meta name=\"twitter:label1\" content=\"Escrito por\" \/>\n\t<meta name=\"twitter:data1\" content=\"Prensa G&amp;S FM\" \/>\n\t<meta name=\"twitter:label2\" content=\"Tiempo de lectura\" \/>\n\t<meta name=\"twitter:data2\" content=\"4 minutos\" \/>\n<script type=\"application\/ld+json\" class=\"yoast-schema-graph\">{\"@context\":\"https:\/\/schema.org\",\"@graph\":[{\"@type\":\"Article\",\"@id\":\"https:\/\/gysfm.com.ar\/inicio\/schiaretti-456-lidera-el-peronismo-de-centro-y-villarruel-298-irrumpe-como-figura-transversal\/#article\",\"isPartOf\":{\"@id\":\"https:\/\/gysfm.com.ar\/inicio\/schiaretti-456-lidera-el-peronismo-de-centro-y-villarruel-298-irrumpe-como-figura-transversal\/\"},\"author\":{\"name\":\"Prensa G&amp;S FM\",\"@id\":\"https:\/\/gysfm.com.ar\/inicio\/#\/schema\/person\/3abba7593ef2ad19e1be221d54383dc5\"},\"headline\":\"Schiaretti (45,6%) lidera el peronismo de centro y Villarruel (29,8%) irrumpe como figura transversal\",\"datePublished\":\"2026-04-29T19:07:22+00:00\",\"mainEntityOfPage\":{\"@id\":\"https:\/\/gysfm.com.ar\/inicio\/schiaretti-456-lidera-el-peronismo-de-centro-y-villarruel-298-irrumpe-como-figura-transversal\/\"},\"wordCount\":794,\"publisher\":{\"@id\":\"https:\/\/gysfm.com.ar\/inicio\/#organization\"},\"image\":{\"@id\":\"https:\/\/gysfm.com.ar\/inicio\/schiaretti-456-lidera-el-peronismo-de-centro-y-villarruel-298-irrumpe-como-figura-transversal\/#primaryimage\"},\"thumbnailUrl\":\"https:\/\/gysfm.com.ar\/inicio\/wp-content\/uploads\/2026\/04\/schiaretti-villarruel-gebel-y-jorge-brito-29042026-2230002.jpg\",\"articleSection\":[\"NACIONALES\"],\"inLanguage\":\"es\"},{\"@type\":\"WebPage\",\"@id\":\"https:\/\/gysfm.com.ar\/inicio\/schiaretti-456-lidera-el-peronismo-de-centro-y-villarruel-298-irrumpe-como-figura-transversal\/\",\"url\":\"https:\/\/gysfm.com.ar\/inicio\/schiaretti-456-lidera-el-peronismo-de-centro-y-villarruel-298-irrumpe-como-figura-transversal\/\",\"name\":\"Schiaretti (45,6%) lidera el peronismo de centro y Villarruel (29,8%) irrumpe como figura transversal - GYS NOTICIAS |\",\"isPartOf\":{\"@id\":\"https:\/\/gysfm.com.ar\/inicio\/#website\"},\"primaryImageOfPage\":{\"@id\":\"https:\/\/gysfm.com.ar\/inicio\/schiaretti-456-lidera-el-peronismo-de-centro-y-villarruel-298-irrumpe-como-figura-transversal\/#primaryimage\"},\"image\":{\"@id\":\"https:\/\/gysfm.com.ar\/inicio\/schiaretti-456-lidera-el-peronismo-de-centro-y-villarruel-298-irrumpe-como-figura-transversal\/#primaryimage\"},\"thumbnailUrl\":\"https:\/\/gysfm.com.ar\/inicio\/wp-content\/uploads\/2026\/04\/schiaretti-villarruel-gebel-y-jorge-brito-29042026-2230002.jpg\",\"datePublished\":\"2026-04-29T19:07:22+00:00\",\"breadcrumb\":{\"@id\":\"https:\/\/gysfm.com.ar\/inicio\/schiaretti-456-lidera-el-peronismo-de-centro-y-villarruel-298-irrumpe-como-figura-transversal\/#breadcrumb\"},\"inLanguage\":\"es\",\"potentialAction\":[{\"@type\":\"ReadAction\",\"target\":[\"https:\/\/gysfm.com.ar\/inicio\/schiaretti-456-lidera-el-peronismo-de-centro-y-villarruel-298-irrumpe-como-figura-transversal\/\"]}]},{\"@type\":\"ImageObject\",\"inLanguage\":\"es\",\"@id\":\"https:\/\/gysfm.com.ar\/inicio\/schiaretti-456-lidera-el-peronismo-de-centro-y-villarruel-298-irrumpe-como-figura-transversal\/#primaryimage\",\"url\":\"https:\/\/gysfm.com.ar\/inicio\/wp-content\/uploads\/2026\/04\/schiaretti-villarruel-gebel-y-jorge-brito-29042026-2230002.jpg\",\"contentUrl\":\"https:\/\/gysfm.com.ar\/inicio\/wp-content\/uploads\/2026\/04\/schiaretti-villarruel-gebel-y-jorge-brito-29042026-2230002.jpg\",\"width\":1140,\"height\":641},{\"@type\":\"BreadcrumbList\",\"@id\":\"https:\/\/gysfm.com.ar\/inicio\/schiaretti-456-lidera-el-peronismo-de-centro-y-villarruel-298-irrumpe-como-figura-transversal\/#breadcrumb\",\"itemListElement\":[{\"@type\":\"ListItem\",\"position\":1,\"name\":\"Portada\",\"item\":\"https:\/\/gysfm.com.ar\/inicio\/\"},{\"@type\":\"ListItem\",\"position\":2,\"name\":\"Schiaretti (45,6%) lidera el peronismo de centro y Villarruel (29,8%) irrumpe como figura transversal\"}]},{\"@type\":\"WebSite\",\"@id\":\"https:\/\/gysfm.com.ar\/inicio\/#website\",\"url\":\"https:\/\/gysfm.com.ar\/inicio\/\",\"name\":\"GYS NOTICIAS |\",\"description\":\"DIARIO - RADIO ONLINE SAN JUAN ARGENTINA\",\"publisher\":{\"@id\":\"https:\/\/gysfm.com.ar\/inicio\/#organization\"},\"potentialAction\":[{\"@type\":\"SearchAction\",\"target\":{\"@type\":\"EntryPoint\",\"urlTemplate\":\"https:\/\/gysfm.com.ar\/inicio\/?s={search_term_string}\"},\"query-input\":{\"@type\":\"PropertyValueSpecification\",\"valueRequired\":true,\"valueName\":\"search_term_string\"}}],\"inLanguage\":\"es\"},{\"@type\":\"Organization\",\"@id\":\"https:\/\/gysfm.com.ar\/inicio\/#organization\",\"name\":\"GYS NOTICIAS |\",\"url\":\"https:\/\/gysfm.com.ar\/inicio\/\",\"logo\":{\"@type\":\"ImageObject\",\"inLanguage\":\"es\",\"@id\":\"https:\/\/gysfm.com.ar\/inicio\/#\/schema\/logo\/image\/\",\"url\":\"https:\/\/gysfm.com.ar\/inicio\/wp-content\/uploads\/2023\/07\/LOGOGYS-OK.png\",\"contentUrl\":\"https:\/\/gysfm.com.ar\/inicio\/wp-content\/uploads\/2023\/07\/LOGOGYS-OK.png\",\"width\":1170,\"height\":872,\"caption\":\"GYS NOTICIAS |\"},\"image\":{\"@id\":\"https:\/\/gysfm.com.ar\/inicio\/#\/schema\/logo\/image\/\"}},{\"@type\":\"Person\",\"@id\":\"https:\/\/gysfm.com.ar\/inicio\/#\/schema\/person\/3abba7593ef2ad19e1be221d54383dc5\",\"name\":\"Prensa G&amp;S FM\",\"image\":{\"@type\":\"ImageObject\",\"inLanguage\":\"es\",\"@id\":\"https:\/\/gysfm.com.ar\/inicio\/#\/schema\/person\/image\/\",\"url\":\"https:\/\/secure.gravatar.com\/avatar\/096ec78df02049ab018702bb4ccedf659377fa92a26540b5247612077a0dbd29?s=96&d=mm&r=g\",\"contentUrl\":\"https:\/\/secure.gravatar.com\/avatar\/096ec78df02049ab018702bb4ccedf659377fa92a26540b5247612077a0dbd29?s=96&d=mm&r=g\",\"caption\":\"Prensa G&amp;S FM\"},\"sameAs\":[\"https:\/\/gysfm.com.ar\/\"],\"url\":\"https:\/\/gysfm.com.ar\/inicio\/author\/lucasm\/\"}]}<\/script>\n<!-- \/ Yoast SEO plugin. -->","yoast_head_json":{"title":"Schiaretti (45,6%) lidera el peronismo de centro y Villarruel (29,8%) irrumpe como figura transversal - GYS NOTICIAS |","robots":{"index":"index","follow":"follow","max-snippet":"max-snippet:-1","max-image-preview":"max-image-preview:large","max-video-preview":"max-video-preview:-1"},"canonical":"https:\/\/gysfm.com.ar\/inicio\/schiaretti-456-lidera-el-peronismo-de-centro-y-villarruel-298-irrumpe-como-figura-transversal\/","og_locale":"es_ES","og_type":"article","og_title":"Schiaretti (45,6%) lidera el peronismo de centro y Villarruel (29,8%) irrumpe como figura transversal - GYS NOTICIAS |","og_description":"La \u00faltima medici\u00f3n nacional realizada por DC Consultores confirma que la pol\u00edtica argentina atraviesa una etapa de redefinici\u00f3n profunda, donde los liderazgos tradicionales pierden densidad y emergen figuras capaces de moverse por fuera de las estructuras partidarias cl\u00e1sicas. En ese escenario, el peronismo de centro y el PRO aparecen tensionados por una misma din\u00e1mica: la [&hellip;]","og_url":"https:\/\/gysfm.com.ar\/inicio\/schiaretti-456-lidera-el-peronismo-de-centro-y-villarruel-298-irrumpe-como-figura-transversal\/","og_site_name":"GYS NOTICIAS |","article_published_time":"2026-04-29T19:07:22+00:00","og_image":[{"url":"https:\/\/fotos.perfil.com\/\/2026\/04\/29\/900\/0\/encuesta-29042026-2230003.jpg?webp","type":"","width":"","height":""}],"author":"Prensa G&amp;S FM","twitter_card":"summary_large_image","twitter_misc":{"Escrito por":"Prensa G&amp;S FM","Tiempo de lectura":"4 minutos"},"schema":{"@context":"https:\/\/schema.org","@graph":[{"@type":"Article","@id":"https:\/\/gysfm.com.ar\/inicio\/schiaretti-456-lidera-el-peronismo-de-centro-y-villarruel-298-irrumpe-como-figura-transversal\/#article","isPartOf":{"@id":"https:\/\/gysfm.com.ar\/inicio\/schiaretti-456-lidera-el-peronismo-de-centro-y-villarruel-298-irrumpe-como-figura-transversal\/"},"author":{"name":"Prensa G&amp;S FM","@id":"https:\/\/gysfm.com.ar\/inicio\/#\/schema\/person\/3abba7593ef2ad19e1be221d54383dc5"},"headline":"Schiaretti (45,6%) lidera el peronismo de centro y Villarruel (29,8%) irrumpe como figura transversal","datePublished":"2026-04-29T19:07:22+00:00","mainEntityOfPage":{"@id":"https:\/\/gysfm.com.ar\/inicio\/schiaretti-456-lidera-el-peronismo-de-centro-y-villarruel-298-irrumpe-como-figura-transversal\/"},"wordCount":794,"publisher":{"@id":"https:\/\/gysfm.com.ar\/inicio\/#organization"},"image":{"@id":"https:\/\/gysfm.com.ar\/inicio\/schiaretti-456-lidera-el-peronismo-de-centro-y-villarruel-298-irrumpe-como-figura-transversal\/#primaryimage"},"thumbnailUrl":"https:\/\/gysfm.com.ar\/inicio\/wp-content\/uploads\/2026\/04\/schiaretti-villarruel-gebel-y-jorge-brito-29042026-2230002.jpg","articleSection":["NACIONALES"],"inLanguage":"es"},{"@type":"WebPage","@id":"https:\/\/gysfm.com.ar\/inicio\/schiaretti-456-lidera-el-peronismo-de-centro-y-villarruel-298-irrumpe-como-figura-transversal\/","url":"https:\/\/gysfm.com.ar\/inicio\/schiaretti-456-lidera-el-peronismo-de-centro-y-villarruel-298-irrumpe-como-figura-transversal\/","name":"Schiaretti (45,6%) lidera el peronismo de centro y Villarruel (29,8%) irrumpe como figura transversal - GYS NOTICIAS |","isPartOf":{"@id":"https:\/\/gysfm.com.ar\/inicio\/#website"},"primaryImageOfPage":{"@id":"https:\/\/gysfm.com.ar\/inicio\/schiaretti-456-lidera-el-peronismo-de-centro-y-villarruel-298-irrumpe-como-figura-transversal\/#primaryimage"},"image":{"@id":"https:\/\/gysfm.com.ar\/inicio\/schiaretti-456-lidera-el-peronismo-de-centro-y-villarruel-298-irrumpe-como-figura-transversal\/#primaryimage"},"thumbnailUrl":"https:\/\/gysfm.com.ar\/inicio\/wp-content\/uploads\/2026\/04\/schiaretti-villarruel-gebel-y-jorge-brito-29042026-2230002.jpg","datePublished":"2026-04-29T19:07:22+00:00","breadcrumb":{"@id":"https:\/\/gysfm.com.ar\/inicio\/schiaretti-456-lidera-el-peronismo-de-centro-y-villarruel-298-irrumpe-como-figura-transversal\/#breadcrumb"},"inLanguage":"es","potentialAction":[{"@type":"ReadAction","target":["https:\/\/gysfm.com.ar\/inicio\/schiaretti-456-lidera-el-peronismo-de-centro-y-villarruel-298-irrumpe-como-figura-transversal\/"]}]},{"@type":"ImageObject","inLanguage":"es","@id":"https:\/\/gysfm.com.ar\/inicio\/schiaretti-456-lidera-el-peronismo-de-centro-y-villarruel-298-irrumpe-como-figura-transversal\/#primaryimage","url":"https:\/\/gysfm.com.ar\/inicio\/wp-content\/uploads\/2026\/04\/schiaretti-villarruel-gebel-y-jorge-brito-29042026-2230002.jpg","contentUrl":"https:\/\/gysfm.com.ar\/inicio\/wp-content\/uploads\/2026\/04\/schiaretti-villarruel-gebel-y-jorge-brito-29042026-2230002.jpg","width":1140,"height":641},{"@type":"BreadcrumbList","@id":"https:\/\/gysfm.com.ar\/inicio\/schiaretti-456-lidera-el-peronismo-de-centro-y-villarruel-298-irrumpe-como-figura-transversal\/#breadcrumb","itemListElement":[{"@type":"ListItem","position":1,"name":"Portada","item":"https:\/\/gysfm.com.ar\/inicio\/"},{"@type":"ListItem","position":2,"name":"Schiaretti (45,6%) lidera el peronismo de centro y Villarruel (29,8%) irrumpe como figura transversal"}]},{"@type":"WebSite","@id":"https:\/\/gysfm.com.ar\/inicio\/#website","url":"https:\/\/gysfm.com.ar\/inicio\/","name":"GYS NOTICIAS |","description":"DIARIO - RADIO ONLINE SAN JUAN ARGENTINA","publisher":{"@id":"https:\/\/gysfm.com.ar\/inicio\/#organization"},"potentialAction":[{"@type":"SearchAction","target":{"@type":"EntryPoint","urlTemplate":"https:\/\/gysfm.com.ar\/inicio\/?s={search_term_string}"},"query-input":{"@type":"PropertyValueSpecification","valueRequired":true,"valueName":"search_term_string"}}],"inLanguage":"es"},{"@type":"Organization","@id":"https:\/\/gysfm.com.ar\/inicio\/#organization","name":"GYS NOTICIAS |","url":"https:\/\/gysfm.com.ar\/inicio\/","logo":{"@type":"ImageObject","inLanguage":"es","@id":"https:\/\/gysfm.com.ar\/inicio\/#\/schema\/logo\/image\/","url":"https:\/\/gysfm.com.ar\/inicio\/wp-content\/uploads\/2023\/07\/LOGOGYS-OK.png","contentUrl":"https:\/\/gysfm.com.ar\/inicio\/wp-content\/uploads\/2023\/07\/LOGOGYS-OK.png","width":1170,"height":872,"caption":"GYS NOTICIAS |"},"image":{"@id":"https:\/\/gysfm.com.ar\/inicio\/#\/schema\/logo\/image\/"}},{"@type":"Person","@id":"https:\/\/gysfm.com.ar\/inicio\/#\/schema\/person\/3abba7593ef2ad19e1be221d54383dc5","name":"Prensa G&amp;S FM","image":{"@type":"ImageObject","inLanguage":"es","@id":"https:\/\/gysfm.com.ar\/inicio\/#\/schema\/person\/image\/","url":"https:\/\/secure.gravatar.com\/avatar\/096ec78df02049ab018702bb4ccedf659377fa92a26540b5247612077a0dbd29?s=96&d=mm&r=g","contentUrl":"https:\/\/secure.gravatar.com\/avatar\/096ec78df02049ab018702bb4ccedf659377fa92a26540b5247612077a0dbd29?s=96&d=mm&r=g","caption":"Prensa G&amp;S FM"},"sameAs":["https:\/\/gysfm.com.ar\/"],"url":"https:\/\/gysfm.com.ar\/inicio\/author\/lucasm\/"}]}},"_links":{"self":[{"href":"https:\/\/gysfm.com.ar\/inicio\/wp-json\/wp\/v2\/posts\/193723","targetHints":{"allow":["GET"]}}],"collection":[{"href":"https:\/\/gysfm.com.ar\/inicio\/wp-json\/wp\/v2\/posts"}],"about":[{"href":"https:\/\/gysfm.com.ar\/inicio\/wp-json\/wp\/v2\/types\/post"}],"author":[{"embeddable":true,"href":"https:\/\/gysfm.com.ar\/inicio\/wp-json\/wp\/v2\/users\/2"}],"replies":[{"embeddable":true,"href":"https:\/\/gysfm.com.ar\/inicio\/wp-json\/wp\/v2\/comments?post=193723"}],"version-history":[{"count":0,"href":"https:\/\/gysfm.com.ar\/inicio\/wp-json\/wp\/v2\/posts\/193723\/revisions"}],"wp:featuredmedia":[{"embeddable":true,"href":"https:\/\/gysfm.com.ar\/inicio\/wp-json\/wp\/v2\/media\/193724"}],"wp:attachment":[{"href":"https:\/\/gysfm.com.ar\/inicio\/wp-json\/wp\/v2\/media?parent=193723"}],"wp:term":[{"taxonomy":"category","embeddable":true,"href":"https:\/\/gysfm.com.ar\/inicio\/wp-json\/wp\/v2\/categories?post=193723"},{"taxonomy":"post_tag","embeddable":true,"href":"https:\/\/gysfm.com.ar\/inicio\/wp-json\/wp\/v2\/tags?post=193723"}],"curies":[{"name":"wp","href":"https:\/\/api.w.org\/{rel}","templated":true}]}}