{"id":193717,"date":"2026-04-29T15:28:59","date_gmt":"2026-04-29T18:28:59","guid":{"rendered":"https:\/\/gysfm.com.ar\/inicio\/elon-musk-y-sam-altman-se-enfrentan-en-un-juicio-que-puede-redefinir-el-futuro-de-openai\/"},"modified":"2026-04-29T15:29:00","modified_gmt":"2026-04-29T18:29:00","slug":"elon-musk-y-sam-altman-se-enfrentan-en-un-juicio-que-puede-redefinir-el-futuro-de-openai","status":"publish","type":"post","link":"https:\/\/gysfm.com.ar\/inicio\/elon-musk-y-sam-altman-se-enfrentan-en-un-juicio-que-puede-redefinir-el-futuro-de-openai\/","title":{"rendered":"Elon Musk y Sam Altman se enfrentan en un juicio que puede redefinir el futuro de OpenAI"},"content":{"rendered":"<p> <br \/>\n<\/p>\n<div>\n<p class=\"com-paragraph  --capital --s\">OAKLAND.\u2013 <a href=\"https:\/\/www.lanacion.com.ar\/el-mundo\/america-latina-en-la-carrera-espacial-entre-las-oportunidades-y-el-desafio-de-no-llegar-tarde-a-la-nid25042026\/\" target=\"_self\" title=\"https:\/\/www.lanacion.com.ar\/el-mundo\/america-latina-en-la-carrera-espacial-entre-las-oportunidades-y-el-desafio-de-no-llegar-tarde-a-la-nid25042026\/\" class=\"com-link break-word\" data-mrf-recirculation=\"n_link_parrafo\"><strong>Elon Musk<\/strong><\/a> y <strong>Sam Altman<\/strong> comenzaron a enfrentarse esta semana en un tribunal federal de California en un caso que puede redefinir el rumbo de OpenAI y abrir un debate de fondo sobre los <strong>l\u00edmites \u00e9ticos y legales de la inteligencia artificial<\/strong>.<\/p>\n<p class=\"com-paragraph   --s\">A primera vista, podr\u00eda tratarse de una disputa m\u00e1s entre multimillonarios que alguna vez compartieron un proyecto. Pero el proceso trasciende lo individual y expone las tensiones estructurales de una industria que mueve cifras r\u00e9cord.<\/p>\n<p class=\"com-paragraph   --s\">La selecci\u00f3n del jurado en Oakland dej\u00f3 en claro que la figura del fundador de Tesla no pasa inadvertida: algunos potenciales integrantes del estrado lo calificaron de <strong>\u201crepugnante\u201d<\/strong>, <strong>\u201cracista\u201d<\/strong> e incluso de <strong>\u201cidiota\u201d<\/strong>. Ese tel\u00f3n de fondo anticipa un juicio cargado de polarizaci\u00f3n.<\/p>\n<div class=\"content-media\">\n<section role=\"button\" class=\"mod-media   \">\n<figure role=\"button\" tabindex=\"0\" class=\"mod-figure \"><figcaption class=\"mod-figcaption\"><span class=\"com-text --caption --twoxs\">El abogado de Elon Musk, Marc Toberoff, llega al tribunal en el Edificio Federal Ronald V. Dellums el 27 de abril de 2026 en Oakland, California<\/span><span class=\"com-text --credit --twoxs\">BENJAMIN FANJOY &#8211; GETTY IMAGES NORTH AMERICA<\/span><\/figcaption><\/figure>\n<\/section>\n<\/div>\n<p class=\"com-paragraph   --s\">La demanda de Musk gira en torno a una <strong>supuesta traici\u00f3n a la misi\u00f3n fundacional de la empresa<\/strong>. Seg\u00fan sostiene, el laboratorio naci\u00f3 en 2015 bajo un esquema sin fines de lucro, con el objetivo de que <strong>su tecnolog\u00eda \u201cperteneciera al mundo\u201d<\/strong>. Sin embargo, el presente muestra a <strong>un coloso valuado en 852.000 millones de d\u00f3lares<\/strong>, una cifra que, a su juicio, desdibuja por completo aquellos principios.<\/p>\n<p class=\"com-paragraph   --s\">Para el magnate, la disputa encarna una tensi\u00f3n m\u00e1s amplia entre \u201caltruismo y codicia\u201d: <strong>acusa a sus exsocios de haber priorizado el enriquecimiento personal y el beneficio de unos pocos por sobre el inter\u00e9s p\u00fablico<\/strong>. En el centro de ese se\u00f1alamiento aparece Altman, a quien Musk lleg\u00f3 a apodar <strong>\u201cScam Altman\u201d<\/strong> en sus redes sociales, en una escalada ret\u00f3rica que acompa\u00f1a el frente judicial.<\/p>\n<p class=\"com-paragraph   --s\">Desde su perspectiva, <strong>fue inducido a invertir millones de d\u00f3lares bajo la promesa de desarrollar una inteligencia artificial abierta y segura<\/strong>. La defensa de OpenAI, en cambio, sostiene que la demanda no es m\u00e1s que <strong>una ofensiva motivada por el ego y la competencia<\/strong>: una maniobra para frenar a una empresa que hoy lidera el sector.<\/p>\n<div class=\"content-media\">\n<section role=\"button\" class=\"mod-media   \">\n<figure role=\"button\" tabindex=\"0\" class=\"mod-figure \"><figcaption class=\"mod-figcaption\"><span class=\"com-text --caption --twoxs\">Elon Musk asiste a la reuni\u00f3n anual del Foro Econ\u00f3mico Mundial, el 22 de enero de 2026<\/span><span class=\"com-text --credit --twoxs\">Markus Schreiber &#8211; AP<\/span><\/figcaption><\/figure>\n<\/section>\n<\/div>\n<p class=\"com-paragraph   --s\">Detr\u00e1s de los cruces personales, el conflicto revela un rasgo persistente de Silicon Valley: la convivencia entre discursos de impacto social y una l\u00f3gica de acumulaci\u00f3n sin l\u00edmites. El caso de OpenAI, se\u00f1alan analistas, ilustra c\u00f3mo<strong> un proyecto concebido con fines filantr\u00f3picos puede transformarse en una maquinaria comercial<\/strong> en cuanto entran en juego inversiones de gran escala.<\/p>\n<p class=\"com-paragraph   --s\">En ese marco, los expertos advierten que el desenlace <strong>dif\u00edcilmente deje vencedores claros<\/strong>. Si Musk se impone, debilitar\u00e1 a un competidor clave; si pierde, quedar\u00e1 convalidada una din\u00e1mica en la que iniciativas con vocaci\u00f3n p\u00fablica derivan en negocios altamente rentables sin una rendici\u00f3n de cuentas acorde.<\/p>\n<p class=\"com-paragraph   --s\">La disputa, adem\u00e1s, adquiere tonos casi literarios. Ambos protagonistas han comparado su ruptura con las traiciones de Julio C\u00e9sar: Musk se presenta como quien intenta contener el poder de un antiguo aliado, mientras Altman se muestra sorprendido por la ofensiva de quien fuera uno de sus primeros respaldos financieros.<\/p>\n<div class=\"content-media\">\n<section role=\"button\" class=\"mod-media   \">\n<figure role=\"button\" tabindex=\"0\" class=\"mod-figure \"><figcaption class=\"mod-figcaption\"><span class=\"com-text --caption --twoxs\">Sam Altman<\/span><span class=\"com-text --credit --twoxs\">BRENDAN SMIALOWSKI &#8211; AFP<\/span><\/figcaption><\/figure>\n<\/section>\n<\/div>\n<p class=\"com-paragraph   --s\">En el plano jur\u00eddico, la estrategia de Musk reintroduce la doctrina \u201cultra vires\u201d, un principio del siglo XIX que<strong> limita la acci\u00f3n de las corporaciones a lo establecido en su acta constitutiva<\/strong>. Bajo ese argumento, el viraje de OpenAI hacia el lucro masivo podr\u00eda interpretarse como una violaci\u00f3n de su mandato original. Se trata de un recurso poco habitual en litigios de esta escala.<\/p>\n<p class=\"com-paragraph   --s\">El caso tambi\u00e9n deja al descubierto el <strong>vac\u00edo regulatorio en Estados Unidos<\/strong>. Mientras sectores tradicionales enfrentan estrictos controles, <strong>el desarrollo de la inteligencia artificial avanza con escasa supervisi\u00f3n estatal<\/strong>. En ese contexto, los juicios civiles se convierten en una de las pocas v\u00edas para acceder a informaci\u00f3n interna: correos electr\u00f3nicos incorporados al expediente muestran c\u00f3mo la misi\u00f3n inicial fue cediendo ante la necesidad de ofrecer salarios millonarios para retener talento.<\/p>\n<p class=\"com-paragraph   --s\">Desde la vereda opuesta, OpenAI insiste en que Musk busca, en realidad, recuperar influencia y control. Se\u00f1alan que su preocupaci\u00f3n por la \u00e9tica encubre intereses vinculados a su propia empresa, xAI, y recuerdan que integr\u00f3 su laboratorio de inteligencia artificial a SpaceX, una compa\u00f1\u00eda con ambiciones comerciales claras. La acusaci\u00f3n de hipocres\u00eda, as\u00ed, atraviesa a ambos lados del estrado.<\/p>\n<div class=\"content-media\">\n<section role=\"button\" class=\"mod-media   \">\n<figure role=\"button\" tabindex=\"0\" class=\"mod-figure \"><figcaption class=\"mod-figcaption\"><span class=\"com-text --caption --twoxs\">Elon Musk observa mientras el presidente estadounidense Donald Trump habla en el Foro de Inversi\u00f3n Estados Unidos-Arabia Saudita en el Centro John F. Kennedy para las Artes Esc\u00e9nicas en Washington, D.C<\/span><span class=\"com-text --credit --twoxs\">BRENDAN SMIALOWSKI &#8211; AFP<\/span><\/figcaption><\/figure>\n<\/section>\n<\/div>\n<p class=\"com-paragraph   --s\">La jueza <strong>Yvonne Gonzalez Rogers<\/strong> tendr\u00e1 la \u00faltima palabra hacia finales de mayo, con el apoyo de <strong>un jurado asesor de nueve personas<\/strong>. <\/p>\n<p class=\"com-paragraph   --s\"><strong>Agencia AFP y diario <\/strong><em><strong>The New York Times<\/strong><\/em><\/p>\n<section class=\"container-center-100 mb-40 border border-bottom border-thin border-neutral-light-700\">\n<hr\/>\n<\/section>\n<\/div>\n<p><script id=\"facebookpixel\" defer=\"\" type=\"text\/javascript\">\n        !function(f,b,e,v,n,t,s)\n        {if(f.fbq)return;n=f.fbq=function(){n.callMethod?\n        n.callMethod.apply(n,arguments):n.queue.push(arguments)};\n        if(!f._fbq)f._fbq=n;n.push=n;n.loaded=!0;n.version='2.0';\n        n.queue=[];t=b.createElement(e);t.async=!0;\n        t.src=v;s=b.getElementsByTagName(e)[0];\n        s.parentNode.insertBefore(t,s)}(window, document,'script',\n        'https:\/\/connect.facebook.net\/en_US\/fbevents.js');\n        fbq('init', '492459597522335');\n        fbq('track', 'PageView');\n    <\/script><br \/>\n<br \/><\/p>\n","protected":false},"excerpt":{"rendered":"<p>OAKLAND.\u2013 Elon Musk y Sam Altman comenzaron a enfrentarse esta semana en un tribunal federal de California en un caso que puede redefinir el rumbo de OpenAI y abrir un debate de fondo sobre los l\u00edmites \u00e9ticos y legales de la inteligencia artificial. A primera vista, podr\u00eda tratarse de una disputa m\u00e1s entre multimillonarios que [&hellip;]<\/p>\n","protected":false},"author":2,"featured_media":193718,"comment_status":"closed","ping_status":"closed","sticky":false,"template":"","format":"standard","meta":{"footnotes":""},"categories":[26],"tags":[],"class_list":["post-193717","post","type-post","status-publish","format-standard","has-post-thumbnail","hentry","category-internacionales"],"yoast_head":"<!-- This site is optimized with the Yoast SEO plugin v24.4 - https:\/\/yoast.com\/wordpress\/plugins\/seo\/ -->\n<title>Elon Musk y Sam Altman se enfrentan en un juicio que puede redefinir el futuro de OpenAI - GYS NOTICIAS |<\/title>\n<meta name=\"robots\" content=\"index, follow, max-snippet:-1, max-image-preview:large, max-video-preview:-1\" \/>\n<link rel=\"canonical\" href=\"https:\/\/gysfm.com.ar\/inicio\/elon-musk-y-sam-altman-se-enfrentan-en-un-juicio-que-puede-redefinir-el-futuro-de-openai\/\" \/>\n<meta property=\"og:locale\" content=\"es_ES\" \/>\n<meta property=\"og:type\" content=\"article\" \/>\n<meta property=\"og:title\" content=\"Elon Musk y Sam Altman se enfrentan en un juicio que puede redefinir el futuro de OpenAI - GYS NOTICIAS |\" \/>\n<meta property=\"og:description\" content=\"OAKLAND.\u2013 Elon Musk y Sam Altman comenzaron a enfrentarse esta semana en un tribunal federal de California en un caso que puede redefinir el rumbo de OpenAI y abrir un debate de fondo sobre los l\u00edmites \u00e9ticos y legales de la inteligencia artificial. A primera vista, podr\u00eda tratarse de una disputa m\u00e1s entre multimillonarios que [&hellip;]\" \/>\n<meta property=\"og:url\" content=\"https:\/\/gysfm.com.ar\/inicio\/elon-musk-y-sam-altman-se-enfrentan-en-un-juicio-que-puede-redefinir-el-futuro-de-openai\/\" \/>\n<meta property=\"og:site_name\" content=\"GYS NOTICIAS |\" \/>\n<meta property=\"article:published_time\" content=\"2026-04-29T18:28:59+00:00\" \/>\n<meta property=\"article:modified_time\" content=\"2026-04-29T18:29:00+00:00\" \/>\n<meta property=\"og:image\" content=\"https:\/\/gysfm.com.ar\/inicio\/wp-content\/uploads\/2026\/04\/esta-combinacion-de-imagenes-muestra-a-elon-musk-JSUDRZRJ2RDJFK67A6C7RJNLRQ.JPG\" \/>\n\t<meta property=\"og:image:width\" content=\"1200\" \/>\n\t<meta property=\"og:image:height\" content=\"800\" \/>\n\t<meta property=\"og:image:type\" content=\"image\/jpeg\" \/>\n<meta name=\"author\" content=\"Prensa G&amp;S FM\" \/>\n<meta name=\"twitter:card\" content=\"summary_large_image\" \/>\n<meta name=\"twitter:label1\" content=\"Escrito por\" \/>\n\t<meta name=\"twitter:data1\" content=\"Prensa G&amp;S FM\" \/>\n\t<meta name=\"twitter:label2\" content=\"Tiempo de lectura\" \/>\n\t<meta name=\"twitter:data2\" content=\"4 minutos\" \/>\n<script type=\"application\/ld+json\" class=\"yoast-schema-graph\">{\"@context\":\"https:\/\/schema.org\",\"@graph\":[{\"@type\":\"Article\",\"@id\":\"https:\/\/gysfm.com.ar\/inicio\/elon-musk-y-sam-altman-se-enfrentan-en-un-juicio-que-puede-redefinir-el-futuro-de-openai\/#article\",\"isPartOf\":{\"@id\":\"https:\/\/gysfm.com.ar\/inicio\/elon-musk-y-sam-altman-se-enfrentan-en-un-juicio-que-puede-redefinir-el-futuro-de-openai\/\"},\"author\":{\"name\":\"Prensa G&amp;S FM\",\"@id\":\"https:\/\/gysfm.com.ar\/inicio\/#\/schema\/person\/3abba7593ef2ad19e1be221d54383dc5\"},\"headline\":\"Elon Musk y Sam Altman se enfrentan en un juicio que puede redefinir el futuro de OpenAI\",\"datePublished\":\"2026-04-29T18:28:59+00:00\",\"dateModified\":\"2026-04-29T18:29:00+00:00\",\"mainEntityOfPage\":{\"@id\":\"https:\/\/gysfm.com.ar\/inicio\/elon-musk-y-sam-altman-se-enfrentan-en-un-juicio-que-puede-redefinir-el-futuro-de-openai\/\"},\"wordCount\":849,\"publisher\":{\"@id\":\"https:\/\/gysfm.com.ar\/inicio\/#organization\"},\"image\":{\"@id\":\"https:\/\/gysfm.com.ar\/inicio\/elon-musk-y-sam-altman-se-enfrentan-en-un-juicio-que-puede-redefinir-el-futuro-de-openai\/#primaryimage\"},\"thumbnailUrl\":\"https:\/\/gysfm.com.ar\/inicio\/wp-content\/uploads\/2026\/04\/esta-combinacion-de-imagenes-muestra-a-elon-musk-JSUDRZRJ2RDJFK67A6C7RJNLRQ.JPG\",\"articleSection\":[\"INTERNACIONALES\"],\"inLanguage\":\"es\"},{\"@type\":\"WebPage\",\"@id\":\"https:\/\/gysfm.com.ar\/inicio\/elon-musk-y-sam-altman-se-enfrentan-en-un-juicio-que-puede-redefinir-el-futuro-de-openai\/\",\"url\":\"https:\/\/gysfm.com.ar\/inicio\/elon-musk-y-sam-altman-se-enfrentan-en-un-juicio-que-puede-redefinir-el-futuro-de-openai\/\",\"name\":\"Elon Musk y Sam Altman se enfrentan en un juicio que puede redefinir el futuro de OpenAI - GYS NOTICIAS |\",\"isPartOf\":{\"@id\":\"https:\/\/gysfm.com.ar\/inicio\/#website\"},\"primaryImageOfPage\":{\"@id\":\"https:\/\/gysfm.com.ar\/inicio\/elon-musk-y-sam-altman-se-enfrentan-en-un-juicio-que-puede-redefinir-el-futuro-de-openai\/#primaryimage\"},\"image\":{\"@id\":\"https:\/\/gysfm.com.ar\/inicio\/elon-musk-y-sam-altman-se-enfrentan-en-un-juicio-que-puede-redefinir-el-futuro-de-openai\/#primaryimage\"},\"thumbnailUrl\":\"https:\/\/gysfm.com.ar\/inicio\/wp-content\/uploads\/2026\/04\/esta-combinacion-de-imagenes-muestra-a-elon-musk-JSUDRZRJ2RDJFK67A6C7RJNLRQ.JPG\",\"datePublished\":\"2026-04-29T18:28:59+00:00\",\"dateModified\":\"2026-04-29T18:29:00+00:00\",\"breadcrumb\":{\"@id\":\"https:\/\/gysfm.com.ar\/inicio\/elon-musk-y-sam-altman-se-enfrentan-en-un-juicio-que-puede-redefinir-el-futuro-de-openai\/#breadcrumb\"},\"inLanguage\":\"es\",\"potentialAction\":[{\"@type\":\"ReadAction\",\"target\":[\"https:\/\/gysfm.com.ar\/inicio\/elon-musk-y-sam-altman-se-enfrentan-en-un-juicio-que-puede-redefinir-el-futuro-de-openai\/\"]}]},{\"@type\":\"ImageObject\",\"inLanguage\":\"es\",\"@id\":\"https:\/\/gysfm.com.ar\/inicio\/elon-musk-y-sam-altman-se-enfrentan-en-un-juicio-que-puede-redefinir-el-futuro-de-openai\/#primaryimage\",\"url\":\"https:\/\/gysfm.com.ar\/inicio\/wp-content\/uploads\/2026\/04\/esta-combinacion-de-imagenes-muestra-a-elon-musk-JSUDRZRJ2RDJFK67A6C7RJNLRQ.JPG\",\"contentUrl\":\"https:\/\/gysfm.com.ar\/inicio\/wp-content\/uploads\/2026\/04\/esta-combinacion-de-imagenes-muestra-a-elon-musk-JSUDRZRJ2RDJFK67A6C7RJNLRQ.JPG\",\"width\":1200,\"height\":800},{\"@type\":\"BreadcrumbList\",\"@id\":\"https:\/\/gysfm.com.ar\/inicio\/elon-musk-y-sam-altman-se-enfrentan-en-un-juicio-que-puede-redefinir-el-futuro-de-openai\/#breadcrumb\",\"itemListElement\":[{\"@type\":\"ListItem\",\"position\":1,\"name\":\"Portada\",\"item\":\"https:\/\/gysfm.com.ar\/inicio\/\"},{\"@type\":\"ListItem\",\"position\":2,\"name\":\"Elon Musk y Sam Altman se enfrentan en un juicio que puede redefinir el futuro de OpenAI\"}]},{\"@type\":\"WebSite\",\"@id\":\"https:\/\/gysfm.com.ar\/inicio\/#website\",\"url\":\"https:\/\/gysfm.com.ar\/inicio\/\",\"name\":\"GYS NOTICIAS |\",\"description\":\"DIARIO - RADIO ONLINE SAN JUAN ARGENTINA\",\"publisher\":{\"@id\":\"https:\/\/gysfm.com.ar\/inicio\/#organization\"},\"potentialAction\":[{\"@type\":\"SearchAction\",\"target\":{\"@type\":\"EntryPoint\",\"urlTemplate\":\"https:\/\/gysfm.com.ar\/inicio\/?s={search_term_string}\"},\"query-input\":{\"@type\":\"PropertyValueSpecification\",\"valueRequired\":true,\"valueName\":\"search_term_string\"}}],\"inLanguage\":\"es\"},{\"@type\":\"Organization\",\"@id\":\"https:\/\/gysfm.com.ar\/inicio\/#organization\",\"name\":\"GYS NOTICIAS |\",\"url\":\"https:\/\/gysfm.com.ar\/inicio\/\",\"logo\":{\"@type\":\"ImageObject\",\"inLanguage\":\"es\",\"@id\":\"https:\/\/gysfm.com.ar\/inicio\/#\/schema\/logo\/image\/\",\"url\":\"https:\/\/gysfm.com.ar\/inicio\/wp-content\/uploads\/2023\/07\/LOGOGYS-OK.png\",\"contentUrl\":\"https:\/\/gysfm.com.ar\/inicio\/wp-content\/uploads\/2023\/07\/LOGOGYS-OK.png\",\"width\":1170,\"height\":872,\"caption\":\"GYS NOTICIAS |\"},\"image\":{\"@id\":\"https:\/\/gysfm.com.ar\/inicio\/#\/schema\/logo\/image\/\"}},{\"@type\":\"Person\",\"@id\":\"https:\/\/gysfm.com.ar\/inicio\/#\/schema\/person\/3abba7593ef2ad19e1be221d54383dc5\",\"name\":\"Prensa G&amp;S FM\",\"image\":{\"@type\":\"ImageObject\",\"inLanguage\":\"es\",\"@id\":\"https:\/\/gysfm.com.ar\/inicio\/#\/schema\/person\/image\/\",\"url\":\"https:\/\/secure.gravatar.com\/avatar\/096ec78df02049ab018702bb4ccedf659377fa92a26540b5247612077a0dbd29?s=96&d=mm&r=g\",\"contentUrl\":\"https:\/\/secure.gravatar.com\/avatar\/096ec78df02049ab018702bb4ccedf659377fa92a26540b5247612077a0dbd29?s=96&d=mm&r=g\",\"caption\":\"Prensa G&amp;S FM\"},\"sameAs\":[\"https:\/\/gysfm.com.ar\/\"],\"url\":\"https:\/\/gysfm.com.ar\/inicio\/author\/lucasm\/\"}]}<\/script>\n<!-- \/ Yoast SEO plugin. -->","yoast_head_json":{"title":"Elon Musk y Sam Altman se enfrentan en un juicio que puede redefinir el futuro de OpenAI - GYS NOTICIAS |","robots":{"index":"index","follow":"follow","max-snippet":"max-snippet:-1","max-image-preview":"max-image-preview:large","max-video-preview":"max-video-preview:-1"},"canonical":"https:\/\/gysfm.com.ar\/inicio\/elon-musk-y-sam-altman-se-enfrentan-en-un-juicio-que-puede-redefinir-el-futuro-de-openai\/","og_locale":"es_ES","og_type":"article","og_title":"Elon Musk y Sam Altman se enfrentan en un juicio que puede redefinir el futuro de OpenAI - GYS NOTICIAS |","og_description":"OAKLAND.\u2013 Elon Musk y Sam Altman comenzaron a enfrentarse esta semana en un tribunal federal de California en un caso que puede redefinir el rumbo de OpenAI y abrir un debate de fondo sobre los l\u00edmites \u00e9ticos y legales de la inteligencia artificial. A primera vista, podr\u00eda tratarse de una disputa m\u00e1s entre multimillonarios que [&hellip;]","og_url":"https:\/\/gysfm.com.ar\/inicio\/elon-musk-y-sam-altman-se-enfrentan-en-un-juicio-que-puede-redefinir-el-futuro-de-openai\/","og_site_name":"GYS NOTICIAS |","article_published_time":"2026-04-29T18:28:59+00:00","article_modified_time":"2026-04-29T18:29:00+00:00","og_image":[{"width":1200,"height":800,"url":"https:\/\/gysfm.com.ar\/inicio\/wp-content\/uploads\/2026\/04\/esta-combinacion-de-imagenes-muestra-a-elon-musk-JSUDRZRJ2RDJFK67A6C7RJNLRQ.JPG","type":"image\/jpeg"}],"author":"Prensa G&amp;S FM","twitter_card":"summary_large_image","twitter_misc":{"Escrito por":"Prensa G&amp;S FM","Tiempo de lectura":"4 minutos"},"schema":{"@context":"https:\/\/schema.org","@graph":[{"@type":"Article","@id":"https:\/\/gysfm.com.ar\/inicio\/elon-musk-y-sam-altman-se-enfrentan-en-un-juicio-que-puede-redefinir-el-futuro-de-openai\/#article","isPartOf":{"@id":"https:\/\/gysfm.com.ar\/inicio\/elon-musk-y-sam-altman-se-enfrentan-en-un-juicio-que-puede-redefinir-el-futuro-de-openai\/"},"author":{"name":"Prensa G&amp;S FM","@id":"https:\/\/gysfm.com.ar\/inicio\/#\/schema\/person\/3abba7593ef2ad19e1be221d54383dc5"},"headline":"Elon Musk y Sam Altman se enfrentan en un juicio que puede redefinir el futuro de OpenAI","datePublished":"2026-04-29T18:28:59+00:00","dateModified":"2026-04-29T18:29:00+00:00","mainEntityOfPage":{"@id":"https:\/\/gysfm.com.ar\/inicio\/elon-musk-y-sam-altman-se-enfrentan-en-un-juicio-que-puede-redefinir-el-futuro-de-openai\/"},"wordCount":849,"publisher":{"@id":"https:\/\/gysfm.com.ar\/inicio\/#organization"},"image":{"@id":"https:\/\/gysfm.com.ar\/inicio\/elon-musk-y-sam-altman-se-enfrentan-en-un-juicio-que-puede-redefinir-el-futuro-de-openai\/#primaryimage"},"thumbnailUrl":"https:\/\/gysfm.com.ar\/inicio\/wp-content\/uploads\/2026\/04\/esta-combinacion-de-imagenes-muestra-a-elon-musk-JSUDRZRJ2RDJFK67A6C7RJNLRQ.JPG","articleSection":["INTERNACIONALES"],"inLanguage":"es"},{"@type":"WebPage","@id":"https:\/\/gysfm.com.ar\/inicio\/elon-musk-y-sam-altman-se-enfrentan-en-un-juicio-que-puede-redefinir-el-futuro-de-openai\/","url":"https:\/\/gysfm.com.ar\/inicio\/elon-musk-y-sam-altman-se-enfrentan-en-un-juicio-que-puede-redefinir-el-futuro-de-openai\/","name":"Elon Musk y Sam Altman se enfrentan en un juicio que puede redefinir el futuro de OpenAI - GYS NOTICIAS |","isPartOf":{"@id":"https:\/\/gysfm.com.ar\/inicio\/#website"},"primaryImageOfPage":{"@id":"https:\/\/gysfm.com.ar\/inicio\/elon-musk-y-sam-altman-se-enfrentan-en-un-juicio-que-puede-redefinir-el-futuro-de-openai\/#primaryimage"},"image":{"@id":"https:\/\/gysfm.com.ar\/inicio\/elon-musk-y-sam-altman-se-enfrentan-en-un-juicio-que-puede-redefinir-el-futuro-de-openai\/#primaryimage"},"thumbnailUrl":"https:\/\/gysfm.com.ar\/inicio\/wp-content\/uploads\/2026\/04\/esta-combinacion-de-imagenes-muestra-a-elon-musk-JSUDRZRJ2RDJFK67A6C7RJNLRQ.JPG","datePublished":"2026-04-29T18:28:59+00:00","dateModified":"2026-04-29T18:29:00+00:00","breadcrumb":{"@id":"https:\/\/gysfm.com.ar\/inicio\/elon-musk-y-sam-altman-se-enfrentan-en-un-juicio-que-puede-redefinir-el-futuro-de-openai\/#breadcrumb"},"inLanguage":"es","potentialAction":[{"@type":"ReadAction","target":["https:\/\/gysfm.com.ar\/inicio\/elon-musk-y-sam-altman-se-enfrentan-en-un-juicio-que-puede-redefinir-el-futuro-de-openai\/"]}]},{"@type":"ImageObject","inLanguage":"es","@id":"https:\/\/gysfm.com.ar\/inicio\/elon-musk-y-sam-altman-se-enfrentan-en-un-juicio-que-puede-redefinir-el-futuro-de-openai\/#primaryimage","url":"https:\/\/gysfm.com.ar\/inicio\/wp-content\/uploads\/2026\/04\/esta-combinacion-de-imagenes-muestra-a-elon-musk-JSUDRZRJ2RDJFK67A6C7RJNLRQ.JPG","contentUrl":"https:\/\/gysfm.com.ar\/inicio\/wp-content\/uploads\/2026\/04\/esta-combinacion-de-imagenes-muestra-a-elon-musk-JSUDRZRJ2RDJFK67A6C7RJNLRQ.JPG","width":1200,"height":800},{"@type":"BreadcrumbList","@id":"https:\/\/gysfm.com.ar\/inicio\/elon-musk-y-sam-altman-se-enfrentan-en-un-juicio-que-puede-redefinir-el-futuro-de-openai\/#breadcrumb","itemListElement":[{"@type":"ListItem","position":1,"name":"Portada","item":"https:\/\/gysfm.com.ar\/inicio\/"},{"@type":"ListItem","position":2,"name":"Elon Musk y Sam Altman se enfrentan en un juicio que puede redefinir el futuro de OpenAI"}]},{"@type":"WebSite","@id":"https:\/\/gysfm.com.ar\/inicio\/#website","url":"https:\/\/gysfm.com.ar\/inicio\/","name":"GYS NOTICIAS |","description":"DIARIO - RADIO ONLINE SAN JUAN ARGENTINA","publisher":{"@id":"https:\/\/gysfm.com.ar\/inicio\/#organization"},"potentialAction":[{"@type":"SearchAction","target":{"@type":"EntryPoint","urlTemplate":"https:\/\/gysfm.com.ar\/inicio\/?s={search_term_string}"},"query-input":{"@type":"PropertyValueSpecification","valueRequired":true,"valueName":"search_term_string"}}],"inLanguage":"es"},{"@type":"Organization","@id":"https:\/\/gysfm.com.ar\/inicio\/#organization","name":"GYS NOTICIAS |","url":"https:\/\/gysfm.com.ar\/inicio\/","logo":{"@type":"ImageObject","inLanguage":"es","@id":"https:\/\/gysfm.com.ar\/inicio\/#\/schema\/logo\/image\/","url":"https:\/\/gysfm.com.ar\/inicio\/wp-content\/uploads\/2023\/07\/LOGOGYS-OK.png","contentUrl":"https:\/\/gysfm.com.ar\/inicio\/wp-content\/uploads\/2023\/07\/LOGOGYS-OK.png","width":1170,"height":872,"caption":"GYS NOTICIAS |"},"image":{"@id":"https:\/\/gysfm.com.ar\/inicio\/#\/schema\/logo\/image\/"}},{"@type":"Person","@id":"https:\/\/gysfm.com.ar\/inicio\/#\/schema\/person\/3abba7593ef2ad19e1be221d54383dc5","name":"Prensa G&amp;S FM","image":{"@type":"ImageObject","inLanguage":"es","@id":"https:\/\/gysfm.com.ar\/inicio\/#\/schema\/person\/image\/","url":"https:\/\/secure.gravatar.com\/avatar\/096ec78df02049ab018702bb4ccedf659377fa92a26540b5247612077a0dbd29?s=96&d=mm&r=g","contentUrl":"https:\/\/secure.gravatar.com\/avatar\/096ec78df02049ab018702bb4ccedf659377fa92a26540b5247612077a0dbd29?s=96&d=mm&r=g","caption":"Prensa G&amp;S FM"},"sameAs":["https:\/\/gysfm.com.ar\/"],"url":"https:\/\/gysfm.com.ar\/inicio\/author\/lucasm\/"}]}},"_links":{"self":[{"href":"https:\/\/gysfm.com.ar\/inicio\/wp-json\/wp\/v2\/posts\/193717","targetHints":{"allow":["GET"]}}],"collection":[{"href":"https:\/\/gysfm.com.ar\/inicio\/wp-json\/wp\/v2\/posts"}],"about":[{"href":"https:\/\/gysfm.com.ar\/inicio\/wp-json\/wp\/v2\/types\/post"}],"author":[{"embeddable":true,"href":"https:\/\/gysfm.com.ar\/inicio\/wp-json\/wp\/v2\/users\/2"}],"replies":[{"embeddable":true,"href":"https:\/\/gysfm.com.ar\/inicio\/wp-json\/wp\/v2\/comments?post=193717"}],"version-history":[{"count":1,"href":"https:\/\/gysfm.com.ar\/inicio\/wp-json\/wp\/v2\/posts\/193717\/revisions"}],"predecessor-version":[{"id":193719,"href":"https:\/\/gysfm.com.ar\/inicio\/wp-json\/wp\/v2\/posts\/193717\/revisions\/193719"}],"wp:featuredmedia":[{"embeddable":true,"href":"https:\/\/gysfm.com.ar\/inicio\/wp-json\/wp\/v2\/media\/193718"}],"wp:attachment":[{"href":"https:\/\/gysfm.com.ar\/inicio\/wp-json\/wp\/v2\/media?parent=193717"}],"wp:term":[{"taxonomy":"category","embeddable":true,"href":"https:\/\/gysfm.com.ar\/inicio\/wp-json\/wp\/v2\/categories?post=193717"},{"taxonomy":"post_tag","embeddable":true,"href":"https:\/\/gysfm.com.ar\/inicio\/wp-json\/wp\/v2\/tags?post=193717"}],"curies":[{"name":"wp","href":"https:\/\/api.w.org\/{rel}","templated":true}]}}