{"id":193710,"date":"2026-04-29T14:33:34","date_gmt":"2026-04-29T17:33:34","guid":{"rendered":"https:\/\/gysfm.com.ar\/inicio\/mas-furia-y-ortodoxia-la-receta-de-milei-para-salir-del-laberinto\/"},"modified":"2026-04-29T14:33:34","modified_gmt":"2026-04-29T17:33:34","slug":"mas-furia-y-ortodoxia-la-receta-de-milei-para-salir-del-laberinto","status":"publish","type":"post","link":"https:\/\/gysfm.com.ar\/inicio\/mas-furia-y-ortodoxia-la-receta-de-milei-para-salir-del-laberinto\/","title":{"rendered":"M\u00e1s furia y ortodoxia: la receta de Milei para salir del laberinto"},"content":{"rendered":"<p><\/p>\n<div id=\"article-content\">\n<p>Ayer se cumpli\u00f3 un aniversario de la elecci\u00f3n que en 2003 le abri\u00f3 las puertas de<a target=\"_blank\" href=\"https:\/\/www.perfil.com\/noticias\/opinion\/con-adorni-en-el-congreso-se-preparan-para-una-batalla-campal.phtml\"> <strong>la Casa Rosada a N\u00e9stor Kirchner<\/strong><\/a>. El 22% de los votos que obtuvo ese d\u00eda le alcanzaron para disputarle a <strong>Carlos Menem<\/strong> (24%) la segunda vuelta electoral, en mayo de ese mismo a\u00f1o. Se sabe, eso nunca ocurri\u00f3:<strong> Menem<\/strong> se baj\u00f3 del ballotage y Kirchner fue presidente.<\/p>\n<p>No vamos a hablar aqu\u00ed de<strong> Kirchner <\/strong>sino para recordar lo que alguna vez dijo de \u00e9l un ministro pol\u00edtico, entonces de trato diario: \u201cEjerci\u00f3 un liderazgo a patadas en el culo\u201d.<a target=\"_blank\" href=\"https:\/\/www.perfil.com\/noticias\/opinion\/con-adorni-en-el-congreso-se-preparan-para-una-batalla-campal.phtml\"> <\/a><strong><a target=\"_blank\" href=\"https:\/\/www.perfil.com\/noticias\/opinion\/con-adorni-en-el-congreso-se-preparan-para-una-batalla-campal.phtml\">El rigor de Kirchner<\/a> <\/strong>se manifestaba sobre todo con los suyos y puertas adentro; ocasionalmente se hac\u00eda p\u00fablica. Abundan<strong> las historias de maltrato y humillaci\u00f3n<\/strong> del santacruce\u00f1o con sus funcionarios m\u00e1s fieles. <\/p>\n<p>Ignoramos qu\u00e9 sucede con<strong> Javier Milei <\/strong>en la intimidad (y mejor seguir ignor\u00e1ndolo). Pero anoche el Presidente volvi\u00f3 a dar un nuevo testimonio de que a \u00e9l los culos se le da por patearlos en p\u00fablico. Es en definitiva lo que lo condujo a su reconocida fama mundial. <\/p>\n<div class=\"subscription\">\n<p>\n        Esto no les gusta a los autoritarios\n    <\/p>\n<div class=\"subscription__container\">\n<div class=\"subscription__text-wrapper\">\n<p>\n                El ejercicio del periodismo profesional y cr\u00edtico es un pilar fundamental de la democracia. Por eso molesta a quienes creen ser los due\u00f1os de la verdad.\n            <\/p>\n<\/p><\/div><\/div>\n<\/div>\n<p class=\"destacadoNota\"><a target=\"_blank\" href=\"https:\/\/noticias.perfil.com\/noticias\/politica\/adorni-en-el-congreso-los-jefes-de-gabinete-que-mas-veces-fueron.phtml?_ga=2.22417339.1226224455.1777217554-1859484299.1755318987&amp;_gl=1*1edqtwz*_ga*MTg1OTQ4NDI5OS4xNzU1MzE4OTg3*_ga_ZVLDWW22SP*czE3Nzc0MDE1NTckbzk3NSRnMSR0MTc3NzQwMTU3MCRqNDckbDAkaDA.\">Adorni en el Congreso: los jefes de Gabinete que m\u00e1s veces fueron<\/a><\/p>\n<p>En su mensaje de algo m\u00e1s de una hora en la cena anual de <strong>la Fundaci\u00f3n Libertad<\/strong>, el Presidente se dedic\u00f3 a \u201cdemostrar\u201d que su programa econ\u00f3mico sigue viento en popa, con la tradicional colecci\u00f3n de ofensas a empresarios, medios de comunicaci\u00f3n, periodistas, pol\u00edticos, economistas. <\/p>\n<p>Pero alej\u00e9monos de las formas, irrelevantes. En momentos en que domina la incertidumbre sobre el rumbo del programa econ\u00f3mico, el Presidente busc\u00f3 persuadir a su audiencia de que la direcci\u00f3n es la correcta y le pidi\u00f3 que no se deje <strong>\u201cpsicopatear por los kuka\u201d <\/strong>y por todos los anteriormente mencionados. <\/p>\n<p>Con un desarrollo te\u00f3rico de los ya habituales, Milei dio por demostrado que las ideas de la libertad \u201cfuncionan\u201d. Dijo que:<\/p>\n<p>-La inflaci\u00f3n, la variable que se sali\u00f3 de control, ven\u00eda en un ritmo descendente pero fue afectada, dijo, por un \u201cataque pol\u00edtico\u201d del que fue v\u00edctima el Gobierno al promediar el a\u00f1o pasado. <\/p>\n<p>-El PBI est\u00e1 en el m\u00e1ximo de la serie hist\u00f3rica; tambi\u00e9n el consumo y las exportaciones.<\/p>\n<p>-El RIGI es un \u00e9xito<\/p>\n<p>-La deuda se redujo y ronda el 73% del PBI.<\/p>\n<p>-Se est\u00e1 recomponiendo el cr\u00e9dito. <\/p>\n<p>-Se crearon m\u00e1s puestos de trabajo de los que se destruyeron. <\/p>\n<p>-La demanda de dinero se est\u00e1 recuperando, por lo que \u201ctarde o temprano vamos a derrotar a la inflaci\u00f3n\u201d.<\/p>\n<p>Estas conclusiones del Presidente se conocieron el mismo d\u00eda que<strong> la Universidad Torcuato Di Tella<\/strong> difundi\u00f3 su habitual \u00cdndice de Confianza en el Gobierno, que mostr\u00f3 en abril una pronunciada ca\u00edda, del 12,1%, la quinta consecutiva. En una escala de 0 a 5, el Gobierno obtiene 2,02 puntos, el \u00edndice m\u00e1s bajo desde la asunci\u00f3n de Milei. De esta manera, el promedio de ponderaci\u00f3n de la gesti\u00f3n cae a 2,42 puntos, tambi\u00e9n su registro m\u00e1s bajo. En lo que va de 2026, el \u00edndice acumula una ca\u00edda de 17,9%.<\/p>\n<p>Aunque supera largamente el de <strong>Alberto Fern\u00e1ndez <\/strong>(1,44 puntos; +40,9%), un dato significativo es que el \u00edndice de confianza en el gobierno de Milei se acerca al que ten\u00eda la gesti\u00f3n de Mauricio Macri (2,07 puntos) en abril de 2018, en el mismo per\u00edodo de su gobierno, es decir, su tercer a\u00f1o de gesti\u00f3n. <\/p>\n<p>Milei aludi\u00f3 anoche en algunas oportunidades, para mal, a la gesti\u00f3n de Macri, quien estaba presente en la cena de la Fundaci\u00f3n Libertad y fue orador. No se saludaron.<\/p>\n<p>D\u00edas atr\u00e1s se conoci\u00f3 la encuesta de Satisfacci\u00f3n Pol\u00edtica de la Universidad de San Andr\u00e9s. <\/p>\n<p>La encuesta muestra que la insatisfacci\u00f3n con la situaci\u00f3n general alcanza al 68% de los consultados. La desaprobaci\u00f3n al gobierno de Milei lleg\u00f3 al 61%. La aprobaci\u00f3n en este caso se ubica por debajo de la que ten\u00eda Mauricio Macri en este mismo periodo de mandato, pero, igual que en la medici\u00f3n de la ITDT, sigue siendo superior a la que registraba Alberto Fern\u00e1ndez.<\/p>\n<p>La falta de empleo encabeza la lista de principales<strong> problemas del pa\u00eds (40%)<\/strong>, seguida por los bajos salarios (39%) y la corrupci\u00f3n (38%). La inflaci\u00f3n vuelve a aparecer entre las preocupaciones (20%).<\/p>\n<p class=\"destacadoNota\"><a target=\"_blank\" href=\"https:\/\/www.perfil.com\/noticias\/canal-e\/roberto-rojas-sobre-la-caida-de-reservas-no-va-a-impactar-en-la-vida-cotidiana-de-los-argentinos.phtml\">Roberto Rojas sobre la ca\u00edda de reservas: \u00abNo va a impactar en la vida cotidiana de los argentinos\u00bb<\/a><\/p>\n<p>Las encuestas de <strong>la UTDT y San Andr\u00e9s<\/strong> revelan un claro desajuste entre la percepci\u00f3n que Milei dice tener sobre la marcha de la econom\u00eda y la que expresa la gente.<\/p>\n<p>\u00bfTiene el Gobierno posibilidades de revertir este fen\u00f3meno o es una tendencia irreversible? Las tiene. <\/p>\n<p>Las consultoras coinciden en que la inflaci\u00f3n de abril ser\u00e1 m\u00e1s baja que la de marzo e iniciar\u00e1 un nuevo ciclo descendente, una din\u00e1mica que perdi\u00f3 nueve meses atr\u00e1s. Esta variable se sumar\u00e1 a un eventual repunte de la actividad (dio ligeras se\u00f1ales la industria en marzo), lo que dar\u00eda lugar a una mejora en el nivel de empleo y el consumo.<\/p>\n<p>Son los argumentos con los que sostuvo su optimismo<strong> el ministro Luis Caputo <\/strong>al hablar la ma\u00f1ana del martes en la exposici\u00f3n sobre <strong>Econom\u00eda y Finanzas ExpoEFI,<\/strong> en <strong>el Centro de Convenciones de Buenos Aires<\/strong>. \u201cPor los pr\u00f3ximos meses vamos a ver la inflaci\u00f3n convergiendo hacia abajo y la econom\u00eda creciendo m\u00e1s de lo que hubi\u00e9ramos esperado\u00bb, dijo.<\/p>\n<p class=\"destacadoNota\"><a target=\"_blank\" href=\"https:\/\/www.perfil.com\/noticias\/canal-e\/reactivacion-del-mercado-corporativo-de-oficinas-las-empresas-tomaron-100000-metros-cuadrados-de-oficinas-durante-todo-el-2025.phtml\">Reactivaci\u00f3n del mercado corporativo de oficinas: \u201cLas empresas tomaron 100.000 metros cuadrados de oficinas durante todo el 2025\u201d<\/a><\/p>\n<p>La recuperaci\u00f3n de la econom\u00eda es <strong>crucial para el proyecto de reelecci\u00f3n en el que trabaja Milei<\/strong>. No har\u00eda invisibles los casos de presunta corrupci\u00f3n y faltas a la \u00e9tica p\u00fablica como los de $Libra, la Agencia de Discapacidad; los desarreglos patrimoniales del jefe de Gabinete y de un reci\u00e9n desplazado funcionario del ministerio de Econom\u00eda o el presunto enriquecimiento il\u00edcito del titular de la Agencia de Recaudaci\u00f3n (ARCA). Pero una mejora en la actividad y el consumo podr\u00eda atenuar su efecto negativo.<\/p>\n<p>La receta de Milei para salir del laberinto es m\u00e1s furia y, en los enunciados, m\u00e1s ortodoxia. Una ficha tirada al pa\u00f1o.<\/p>\n<p>wc<\/p>\n<\/p><\/div>\n<p><script>\n                !function(f,b,e,v,n,t,s)\n                {if(f.fbq)return;n=f.fbq=function(){n.callMethod?\n                    n.callMethod.apply(n,arguments):n.queue.push(arguments)};\n                    if(!f._fbq)f._fbq=n;n.push=n;n.loaded=!0;n.version='2.0';\n                    n.queue=[];t=b.createElement(e);t.async=!0;\n                    t.src=v;s=b.getElementsByTagName(e)[0];\n                    s.parentNode.insertBefore(t,s)}(window, document,'script',\n                    'https:\/\/connect.facebook.net\/en_US\/fbevents.js');\n                window.paywallConfig.facebook_pixel=\"1000228364089342\"\n            <\/script><\/p>\n","protected":false},"excerpt":{"rendered":"<p>Ayer se cumpli\u00f3 un aniversario de la elecci\u00f3n que en 2003 le abri\u00f3 las puertas de la Casa Rosada a N\u00e9stor Kirchner. El 22% de los votos que obtuvo ese d\u00eda le alcanzaron para disputarle a Carlos Menem (24%) la segunda vuelta electoral, en mayo de ese mismo a\u00f1o. Se sabe, eso nunca ocurri\u00f3: Menem [&hellip;]<\/p>\n","protected":false},"author":2,"featured_media":193711,"comment_status":"closed","ping_status":"closed","sticky":false,"template":"","format":"standard","meta":{"footnotes":""},"categories":[25],"tags":[],"class_list":["post-193710","post","type-post","status-publish","format-standard","has-post-thumbnail","hentry","category-nacionales"],"yoast_head":"<!-- This site is optimized with the Yoast SEO plugin v24.4 - https:\/\/yoast.com\/wordpress\/plugins\/seo\/ -->\n<title>M\u00e1s furia y ortodoxia: la receta de Milei para salir del laberinto - GYS NOTICIAS |<\/title>\n<meta name=\"robots\" content=\"index, follow, max-snippet:-1, max-image-preview:large, max-video-preview:-1\" \/>\n<link rel=\"canonical\" href=\"https:\/\/gysfm.com.ar\/inicio\/mas-furia-y-ortodoxia-la-receta-de-milei-para-salir-del-laberinto\/\" \/>\n<meta property=\"og:locale\" content=\"es_ES\" \/>\n<meta property=\"og:type\" content=\"article\" \/>\n<meta property=\"og:title\" content=\"M\u00e1s furia y ortodoxia: la receta de Milei para salir del laberinto - GYS NOTICIAS |\" \/>\n<meta property=\"og:description\" content=\"Ayer se cumpli\u00f3 un aniversario de la elecci\u00f3n que en 2003 le abri\u00f3 las puertas de la Casa Rosada a N\u00e9stor Kirchner. El 22% de los votos que obtuvo ese d\u00eda le alcanzaron para disputarle a Carlos Menem (24%) la segunda vuelta electoral, en mayo de ese mismo a\u00f1o. Se sabe, eso nunca ocurri\u00f3: Menem [&hellip;]\" \/>\n<meta property=\"og:url\" content=\"https:\/\/gysfm.com.ar\/inicio\/mas-furia-y-ortodoxia-la-receta-de-milei-para-salir-del-laberinto\/\" \/>\n<meta property=\"og:site_name\" content=\"GYS NOTICIAS |\" \/>\n<meta property=\"article:published_time\" content=\"2026-04-29T17:33:34+00:00\" \/>\n<meta name=\"author\" content=\"Prensa G&amp;S FM\" \/>\n<meta name=\"twitter:card\" content=\"summary_large_image\" \/>\n<meta name=\"twitter:label1\" content=\"Escrito por\" \/>\n\t<meta name=\"twitter:data1\" content=\"Prensa G&amp;S FM\" \/>\n\t<meta name=\"twitter:label2\" content=\"Tiempo de lectura\" \/>\n\t<meta name=\"twitter:data2\" content=\"6 minutos\" \/>\n<script type=\"application\/ld+json\" class=\"yoast-schema-graph\">{\"@context\":\"https:\/\/schema.org\",\"@graph\":[{\"@type\":\"Article\",\"@id\":\"https:\/\/gysfm.com.ar\/inicio\/mas-furia-y-ortodoxia-la-receta-de-milei-para-salir-del-laberinto\/#article\",\"isPartOf\":{\"@id\":\"https:\/\/gysfm.com.ar\/inicio\/mas-furia-y-ortodoxia-la-receta-de-milei-para-salir-del-laberinto\/\"},\"author\":{\"name\":\"Prensa G&amp;S FM\",\"@id\":\"https:\/\/gysfm.com.ar\/inicio\/#\/schema\/person\/3abba7593ef2ad19e1be221d54383dc5\"},\"headline\":\"M\u00e1s furia y ortodoxia: la receta de Milei para salir del laberinto\",\"datePublished\":\"2026-04-29T17:33:34+00:00\",\"mainEntityOfPage\":{\"@id\":\"https:\/\/gysfm.com.ar\/inicio\/mas-furia-y-ortodoxia-la-receta-de-milei-para-salir-del-laberinto\/\"},\"wordCount\":1118,\"publisher\":{\"@id\":\"https:\/\/gysfm.com.ar\/inicio\/#organization\"},\"image\":{\"@id\":\"https:\/\/gysfm.com.ar\/inicio\/mas-furia-y-ortodoxia-la-receta-de-milei-para-salir-del-laberinto\/#primaryimage\"},\"thumbnailUrl\":\"https:\/\/gysfm.com.ar\/inicio\/wp-content\/uploads\/2026\/04\/milei-en-la-fundacion-libertad-20260427-2228974.jpg\",\"articleSection\":[\"NACIONALES\"],\"inLanguage\":\"es\"},{\"@type\":\"WebPage\",\"@id\":\"https:\/\/gysfm.com.ar\/inicio\/mas-furia-y-ortodoxia-la-receta-de-milei-para-salir-del-laberinto\/\",\"url\":\"https:\/\/gysfm.com.ar\/inicio\/mas-furia-y-ortodoxia-la-receta-de-milei-para-salir-del-laberinto\/\",\"name\":\"M\u00e1s furia y ortodoxia: la receta de Milei para salir del laberinto - GYS NOTICIAS |\",\"isPartOf\":{\"@id\":\"https:\/\/gysfm.com.ar\/inicio\/#website\"},\"primaryImageOfPage\":{\"@id\":\"https:\/\/gysfm.com.ar\/inicio\/mas-furia-y-ortodoxia-la-receta-de-milei-para-salir-del-laberinto\/#primaryimage\"},\"image\":{\"@id\":\"https:\/\/gysfm.com.ar\/inicio\/mas-furia-y-ortodoxia-la-receta-de-milei-para-salir-del-laberinto\/#primaryimage\"},\"thumbnailUrl\":\"https:\/\/gysfm.com.ar\/inicio\/wp-content\/uploads\/2026\/04\/milei-en-la-fundacion-libertad-20260427-2228974.jpg\",\"datePublished\":\"2026-04-29T17:33:34+00:00\",\"breadcrumb\":{\"@id\":\"https:\/\/gysfm.com.ar\/inicio\/mas-furia-y-ortodoxia-la-receta-de-milei-para-salir-del-laberinto\/#breadcrumb\"},\"inLanguage\":\"es\",\"potentialAction\":[{\"@type\":\"ReadAction\",\"target\":[\"https:\/\/gysfm.com.ar\/inicio\/mas-furia-y-ortodoxia-la-receta-de-milei-para-salir-del-laberinto\/\"]}]},{\"@type\":\"ImageObject\",\"inLanguage\":\"es\",\"@id\":\"https:\/\/gysfm.com.ar\/inicio\/mas-furia-y-ortodoxia-la-receta-de-milei-para-salir-del-laberinto\/#primaryimage\",\"url\":\"https:\/\/gysfm.com.ar\/inicio\/wp-content\/uploads\/2026\/04\/milei-en-la-fundacion-libertad-20260427-2228974.jpg\",\"contentUrl\":\"https:\/\/gysfm.com.ar\/inicio\/wp-content\/uploads\/2026\/04\/milei-en-la-fundacion-libertad-20260427-2228974.jpg\",\"width\":1140,\"height\":641},{\"@type\":\"BreadcrumbList\",\"@id\":\"https:\/\/gysfm.com.ar\/inicio\/mas-furia-y-ortodoxia-la-receta-de-milei-para-salir-del-laberinto\/#breadcrumb\",\"itemListElement\":[{\"@type\":\"ListItem\",\"position\":1,\"name\":\"Portada\",\"item\":\"https:\/\/gysfm.com.ar\/inicio\/\"},{\"@type\":\"ListItem\",\"position\":2,\"name\":\"M\u00e1s furia y ortodoxia: la receta de Milei para salir del laberinto\"}]},{\"@type\":\"WebSite\",\"@id\":\"https:\/\/gysfm.com.ar\/inicio\/#website\",\"url\":\"https:\/\/gysfm.com.ar\/inicio\/\",\"name\":\"GYS NOTICIAS |\",\"description\":\"DIARIO - RADIO ONLINE SAN JUAN ARGENTINA\",\"publisher\":{\"@id\":\"https:\/\/gysfm.com.ar\/inicio\/#organization\"},\"potentialAction\":[{\"@type\":\"SearchAction\",\"target\":{\"@type\":\"EntryPoint\",\"urlTemplate\":\"https:\/\/gysfm.com.ar\/inicio\/?s={search_term_string}\"},\"query-input\":{\"@type\":\"PropertyValueSpecification\",\"valueRequired\":true,\"valueName\":\"search_term_string\"}}],\"inLanguage\":\"es\"},{\"@type\":\"Organization\",\"@id\":\"https:\/\/gysfm.com.ar\/inicio\/#organization\",\"name\":\"GYS NOTICIAS |\",\"url\":\"https:\/\/gysfm.com.ar\/inicio\/\",\"logo\":{\"@type\":\"ImageObject\",\"inLanguage\":\"es\",\"@id\":\"https:\/\/gysfm.com.ar\/inicio\/#\/schema\/logo\/image\/\",\"url\":\"https:\/\/gysfm.com.ar\/inicio\/wp-content\/uploads\/2023\/07\/LOGOGYS-OK.png\",\"contentUrl\":\"https:\/\/gysfm.com.ar\/inicio\/wp-content\/uploads\/2023\/07\/LOGOGYS-OK.png\",\"width\":1170,\"height\":872,\"caption\":\"GYS NOTICIAS |\"},\"image\":{\"@id\":\"https:\/\/gysfm.com.ar\/inicio\/#\/schema\/logo\/image\/\"}},{\"@type\":\"Person\",\"@id\":\"https:\/\/gysfm.com.ar\/inicio\/#\/schema\/person\/3abba7593ef2ad19e1be221d54383dc5\",\"name\":\"Prensa G&amp;S FM\",\"image\":{\"@type\":\"ImageObject\",\"inLanguage\":\"es\",\"@id\":\"https:\/\/gysfm.com.ar\/inicio\/#\/schema\/person\/image\/\",\"url\":\"https:\/\/secure.gravatar.com\/avatar\/096ec78df02049ab018702bb4ccedf659377fa92a26540b5247612077a0dbd29?s=96&d=mm&r=g\",\"contentUrl\":\"https:\/\/secure.gravatar.com\/avatar\/096ec78df02049ab018702bb4ccedf659377fa92a26540b5247612077a0dbd29?s=96&d=mm&r=g\",\"caption\":\"Prensa G&amp;S FM\"},\"sameAs\":[\"https:\/\/gysfm.com.ar\/\"],\"url\":\"https:\/\/gysfm.com.ar\/inicio\/author\/lucasm\/\"}]}<\/script>\n<!-- \/ Yoast SEO plugin. -->","yoast_head_json":{"title":"M\u00e1s furia y ortodoxia: la receta de Milei para salir del laberinto - GYS NOTICIAS |","robots":{"index":"index","follow":"follow","max-snippet":"max-snippet:-1","max-image-preview":"max-image-preview:large","max-video-preview":"max-video-preview:-1"},"canonical":"https:\/\/gysfm.com.ar\/inicio\/mas-furia-y-ortodoxia-la-receta-de-milei-para-salir-del-laberinto\/","og_locale":"es_ES","og_type":"article","og_title":"M\u00e1s furia y ortodoxia: la receta de Milei para salir del laberinto - GYS NOTICIAS |","og_description":"Ayer se cumpli\u00f3 un aniversario de la elecci\u00f3n que en 2003 le abri\u00f3 las puertas de la Casa Rosada a N\u00e9stor Kirchner. El 22% de los votos que obtuvo ese d\u00eda le alcanzaron para disputarle a Carlos Menem (24%) la segunda vuelta electoral, en mayo de ese mismo a\u00f1o. Se sabe, eso nunca ocurri\u00f3: Menem [&hellip;]","og_url":"https:\/\/gysfm.com.ar\/inicio\/mas-furia-y-ortodoxia-la-receta-de-milei-para-salir-del-laberinto\/","og_site_name":"GYS NOTICIAS |","article_published_time":"2026-04-29T17:33:34+00:00","author":"Prensa G&amp;S FM","twitter_card":"summary_large_image","twitter_misc":{"Escrito por":"Prensa G&amp;S FM","Tiempo de lectura":"6 minutos"},"schema":{"@context":"https:\/\/schema.org","@graph":[{"@type":"Article","@id":"https:\/\/gysfm.com.ar\/inicio\/mas-furia-y-ortodoxia-la-receta-de-milei-para-salir-del-laberinto\/#article","isPartOf":{"@id":"https:\/\/gysfm.com.ar\/inicio\/mas-furia-y-ortodoxia-la-receta-de-milei-para-salir-del-laberinto\/"},"author":{"name":"Prensa G&amp;S FM","@id":"https:\/\/gysfm.com.ar\/inicio\/#\/schema\/person\/3abba7593ef2ad19e1be221d54383dc5"},"headline":"M\u00e1s furia y ortodoxia: la receta de Milei para salir del laberinto","datePublished":"2026-04-29T17:33:34+00:00","mainEntityOfPage":{"@id":"https:\/\/gysfm.com.ar\/inicio\/mas-furia-y-ortodoxia-la-receta-de-milei-para-salir-del-laberinto\/"},"wordCount":1118,"publisher":{"@id":"https:\/\/gysfm.com.ar\/inicio\/#organization"},"image":{"@id":"https:\/\/gysfm.com.ar\/inicio\/mas-furia-y-ortodoxia-la-receta-de-milei-para-salir-del-laberinto\/#primaryimage"},"thumbnailUrl":"https:\/\/gysfm.com.ar\/inicio\/wp-content\/uploads\/2026\/04\/milei-en-la-fundacion-libertad-20260427-2228974.jpg","articleSection":["NACIONALES"],"inLanguage":"es"},{"@type":"WebPage","@id":"https:\/\/gysfm.com.ar\/inicio\/mas-furia-y-ortodoxia-la-receta-de-milei-para-salir-del-laberinto\/","url":"https:\/\/gysfm.com.ar\/inicio\/mas-furia-y-ortodoxia-la-receta-de-milei-para-salir-del-laberinto\/","name":"M\u00e1s furia y ortodoxia: la receta de Milei para salir del laberinto - GYS NOTICIAS |","isPartOf":{"@id":"https:\/\/gysfm.com.ar\/inicio\/#website"},"primaryImageOfPage":{"@id":"https:\/\/gysfm.com.ar\/inicio\/mas-furia-y-ortodoxia-la-receta-de-milei-para-salir-del-laberinto\/#primaryimage"},"image":{"@id":"https:\/\/gysfm.com.ar\/inicio\/mas-furia-y-ortodoxia-la-receta-de-milei-para-salir-del-laberinto\/#primaryimage"},"thumbnailUrl":"https:\/\/gysfm.com.ar\/inicio\/wp-content\/uploads\/2026\/04\/milei-en-la-fundacion-libertad-20260427-2228974.jpg","datePublished":"2026-04-29T17:33:34+00:00","breadcrumb":{"@id":"https:\/\/gysfm.com.ar\/inicio\/mas-furia-y-ortodoxia-la-receta-de-milei-para-salir-del-laberinto\/#breadcrumb"},"inLanguage":"es","potentialAction":[{"@type":"ReadAction","target":["https:\/\/gysfm.com.ar\/inicio\/mas-furia-y-ortodoxia-la-receta-de-milei-para-salir-del-laberinto\/"]}]},{"@type":"ImageObject","inLanguage":"es","@id":"https:\/\/gysfm.com.ar\/inicio\/mas-furia-y-ortodoxia-la-receta-de-milei-para-salir-del-laberinto\/#primaryimage","url":"https:\/\/gysfm.com.ar\/inicio\/wp-content\/uploads\/2026\/04\/milei-en-la-fundacion-libertad-20260427-2228974.jpg","contentUrl":"https:\/\/gysfm.com.ar\/inicio\/wp-content\/uploads\/2026\/04\/milei-en-la-fundacion-libertad-20260427-2228974.jpg","width":1140,"height":641},{"@type":"BreadcrumbList","@id":"https:\/\/gysfm.com.ar\/inicio\/mas-furia-y-ortodoxia-la-receta-de-milei-para-salir-del-laberinto\/#breadcrumb","itemListElement":[{"@type":"ListItem","position":1,"name":"Portada","item":"https:\/\/gysfm.com.ar\/inicio\/"},{"@type":"ListItem","position":2,"name":"M\u00e1s furia y ortodoxia: la receta de Milei para salir del laberinto"}]},{"@type":"WebSite","@id":"https:\/\/gysfm.com.ar\/inicio\/#website","url":"https:\/\/gysfm.com.ar\/inicio\/","name":"GYS NOTICIAS |","description":"DIARIO - RADIO ONLINE SAN JUAN ARGENTINA","publisher":{"@id":"https:\/\/gysfm.com.ar\/inicio\/#organization"},"potentialAction":[{"@type":"SearchAction","target":{"@type":"EntryPoint","urlTemplate":"https:\/\/gysfm.com.ar\/inicio\/?s={search_term_string}"},"query-input":{"@type":"PropertyValueSpecification","valueRequired":true,"valueName":"search_term_string"}}],"inLanguage":"es"},{"@type":"Organization","@id":"https:\/\/gysfm.com.ar\/inicio\/#organization","name":"GYS NOTICIAS |","url":"https:\/\/gysfm.com.ar\/inicio\/","logo":{"@type":"ImageObject","inLanguage":"es","@id":"https:\/\/gysfm.com.ar\/inicio\/#\/schema\/logo\/image\/","url":"https:\/\/gysfm.com.ar\/inicio\/wp-content\/uploads\/2023\/07\/LOGOGYS-OK.png","contentUrl":"https:\/\/gysfm.com.ar\/inicio\/wp-content\/uploads\/2023\/07\/LOGOGYS-OK.png","width":1170,"height":872,"caption":"GYS NOTICIAS |"},"image":{"@id":"https:\/\/gysfm.com.ar\/inicio\/#\/schema\/logo\/image\/"}},{"@type":"Person","@id":"https:\/\/gysfm.com.ar\/inicio\/#\/schema\/person\/3abba7593ef2ad19e1be221d54383dc5","name":"Prensa G&amp;S FM","image":{"@type":"ImageObject","inLanguage":"es","@id":"https:\/\/gysfm.com.ar\/inicio\/#\/schema\/person\/image\/","url":"https:\/\/secure.gravatar.com\/avatar\/096ec78df02049ab018702bb4ccedf659377fa92a26540b5247612077a0dbd29?s=96&d=mm&r=g","contentUrl":"https:\/\/secure.gravatar.com\/avatar\/096ec78df02049ab018702bb4ccedf659377fa92a26540b5247612077a0dbd29?s=96&d=mm&r=g","caption":"Prensa G&amp;S FM"},"sameAs":["https:\/\/gysfm.com.ar\/"],"url":"https:\/\/gysfm.com.ar\/inicio\/author\/lucasm\/"}]}},"_links":{"self":[{"href":"https:\/\/gysfm.com.ar\/inicio\/wp-json\/wp\/v2\/posts\/193710","targetHints":{"allow":["GET"]}}],"collection":[{"href":"https:\/\/gysfm.com.ar\/inicio\/wp-json\/wp\/v2\/posts"}],"about":[{"href":"https:\/\/gysfm.com.ar\/inicio\/wp-json\/wp\/v2\/types\/post"}],"author":[{"embeddable":true,"href":"https:\/\/gysfm.com.ar\/inicio\/wp-json\/wp\/v2\/users\/2"}],"replies":[{"embeddable":true,"href":"https:\/\/gysfm.com.ar\/inicio\/wp-json\/wp\/v2\/comments?post=193710"}],"version-history":[{"count":0,"href":"https:\/\/gysfm.com.ar\/inicio\/wp-json\/wp\/v2\/posts\/193710\/revisions"}],"wp:featuredmedia":[{"embeddable":true,"href":"https:\/\/gysfm.com.ar\/inicio\/wp-json\/wp\/v2\/media\/193711"}],"wp:attachment":[{"href":"https:\/\/gysfm.com.ar\/inicio\/wp-json\/wp\/v2\/media?parent=193710"}],"wp:term":[{"taxonomy":"category","embeddable":true,"href":"https:\/\/gysfm.com.ar\/inicio\/wp-json\/wp\/v2\/categories?post=193710"},{"taxonomy":"post_tag","embeddable":true,"href":"https:\/\/gysfm.com.ar\/inicio\/wp-json\/wp\/v2\/tags?post=193710"}],"curies":[{"name":"wp","href":"https:\/\/api.w.org\/{rel}","templated":true}]}}