{"id":193707,"date":"2026-04-29T14:27:04","date_gmt":"2026-04-29T17:27:04","guid":{"rendered":"https:\/\/gysfm.com.ar\/inicio\/starmer-evita-una-investigacion-parlamentaria-por-el-caso-mandelson-pero-enfrenta-rebelion-en-sus-propias-filas\/"},"modified":"2026-04-29T14:27:05","modified_gmt":"2026-04-29T17:27:05","slug":"starmer-evita-una-investigacion-parlamentaria-por-el-caso-mandelson-pero-enfrenta-rebelion-en-sus-propias-filas","status":"publish","type":"post","link":"https:\/\/gysfm.com.ar\/inicio\/starmer-evita-una-investigacion-parlamentaria-por-el-caso-mandelson-pero-enfrenta-rebelion-en-sus-propias-filas\/","title":{"rendered":"Starmer evita una investigaci\u00f3n parlamentaria por el caso Mandelson, pero enfrenta rebeli\u00f3n en sus propias filas"},"content":{"rendered":"<p> <br \/>\n<\/p>\n<div>\n<p class=\"com-paragraph  --capital --s\">LONDRES.\u2013 El<strong> Parlamento brit\u00e1nico vivi\u00f3 horas de m\u00e1xima tensi\u00f3n<\/strong> pol\u00edtica ante el <strong>avance de una ofensiva opositora que busca someter al <\/strong><a href=\"https:\/\/www.lanacion.com.ar\/el-mundo\/el-parlamento-britanico-estrecha-el-cerco-sobre-starmer-por-el-caso-epstein-votara-si-abre-una-nid27042026\/\" target=\"_self\" title=\"https:\/\/www.lanacion.com.ar\/el-mundo\/el-parlamento-britanico-estrecha-el-cerco-sobre-starmer-por-el-caso-epstein-votara-si-abre-una-nid27042026\/\" class=\"com-link break-word\" data-mrf-recirculation=\"n_link_parrafo\"><strong>primer ministro<\/strong>, Keir Starmer<\/a>, a una <strong>investigaci\u00f3n formal por su papel en el <\/strong><a href=\"https:\/\/www.lanacion.com.ar\/el-mundo\/el-caso-epstein-vuelve-a-complicar-a-starmer-y-esta-vez-podria-costarle-el-cargo-nid18042026\/\" target=\"_self\" title=\"https:\/\/www.lanacion.com.ar\/el-mundo\/el-caso-epstein-vuelve-a-complicar-a-starmer-y-esta-vez-podria-costarle-el-cargo-nid18042026\/\" class=\"com-link break-word\" data-mrf-recirculation=\"n_link_parrafo\"><strong>controvertido nombramiento de Peter Mandelson<\/strong><\/a><strong> <\/strong>como embajador de Gran Breta\u00f1a en Estados Unidos. Finalmente los representantes de la C\u00e1mara de los Comunes, donde el Partido Laborista tiene mayor\u00eda, <strong>rechazaron la moci\u00f3n<\/strong>.<\/p>\n<p class=\"com-paragraph   --s\">El oficialismo, que controla m\u00e1s de 400 de los 650 esca\u00f1os, deneg\u00f3 la solicitud, como era de esperar, con <strong>335 votos en contra y 223 a favor<\/strong>. Sin embargo, <strong>algunos diputados laboristas votaron en contra del primer ministro <\/strong>o se abstuvieron a pesar de las \u00f3rdenes de la mayor\u00eda del grupo. Hubo<strong> 92 abstenciones<\/strong>, entre las que se incluyen la del Presidente de la C\u00e1mara y la de otros diputados que se encontraban ausentes, como el ministro de Asuntos Exteriores.<\/p>\n<p class=\"com-paragraph   --s\">Aunque el <strong>gobierno confiaba en imponerse en la votaci\u00f3n <\/strong>clave en la C\u00e1mara de los Comunes, el foco se hab\u00eda desplazado hacia una serie de <strong>testimonios que podr\u00edan erosionar la autoridad del l\u00edder laborista<\/strong> y profundizar la crisis dentro de su propio partido.<\/p>\n<p class=\"com-paragraph   --s\">La jornada comenz\u00f3 con la comparecencia de dos figuras clave ante el Comit\u00e9 de Asuntos Exteriores: <strong>Philip Barton, exsecretario permanente del Ministerio de Asuntos Exteriores<\/strong>, y <strong>Morgan McSweeney, exjefe de gabinete de Starmer<\/strong>. Sus declaraciones, junto con nueva documentaci\u00f3n oficial, est\u00e1n arrojando luz sobre el proceso que deriv\u00f3 en la designaci\u00f3n de Mandelson, cuestionada por sus v\u00ednculos con el financiero Jeffrey Epstein.<\/p>\n<div class=\"content-media\">\n<section role=\"button\" class=\"mod-media   \">\n<figure role=\"button\" tabindex=\"0\" class=\"mod-figure \"><figcaption class=\"mod-figcaption\"><span class=\"com-text --caption --twoxs\">El exjefe de gabinete de Downing Street, Morgan McSweeney, compareci\u00f3 ante la Comisi\u00f3n de Asuntos Exteriores para hablar sobre el proceso de verificaci\u00f3n de antecedentes de Lord Peter Mandelson en el Parlamento<\/span><span class=\"com-text --credit --twoxs\">House of Commons\/UK Parliament &#8211; PA<\/span><\/figcaption><\/figure>\n<\/section>\n<\/div>\n<p class=\"com-paragraph   --s\">Uno de los testimonios m\u00e1s sensibles fue el de McSweeney, considerado arquitecto del ascenso pol\u00edtico de Starmer. El <strong>exasesor admiti\u00f3 haber cometido un \u201cgrave error de juicio\u201d al recomendar el nombramiento<\/strong> y asumi\u00f3 la responsabilidad pol\u00edtica por la decisi\u00f3n. <strong>\u201cEl primer ministro confi\u00f3 en mi consejo, y me equivoqu\u00e9\u201d<\/strong>, reconoci\u00f3, al tiempo que <strong>pidi\u00f3 disculpas a las v\u00edctimas de Epstein <\/strong>por el impacto de la controversia. Sin embargo,<strong> rechaz\u00f3 haber presionado a funcionarios para acelerar o alterar los controles de seguridad<\/strong>.<\/p>\n<p class=\"com-paragraph   --s\">El caso cobr\u00f3 mayor gravedad tras conocerse que<strong> Mandelson no habr\u00eda superado completamente las verificaciones de seguridad antes de asumir el cargo<\/strong>, y que su <strong>relaci\u00f3n con Epstein era m\u00e1s estrecha de lo que inicialmente se cre\u00eda<\/strong>. Aunque <strong>Mandelson niega cualquier irregularidad<\/strong> y no ha sido acusado formalmente, la polic\u00eda abri\u00f3 una investigaci\u00f3n en febrero por presuntas filtraciones de informaci\u00f3n sensible ocurridas en 2009 e incluso fue detenido.<\/p>\n<div class=\"content-media\">\n<section role=\"button\" class=\"mod-media   \">\n<figure role=\"button\" tabindex=\"0\" class=\"mod-figure \"><figcaption class=\"mod-figcaption\"><span class=\"com-text --caption --twoxs\">Keir Starmer enfrenta una crisis pol\u00edtica por el nombramiento de Peter Mandelson<\/span><span class=\"com-text --credit --twoxs\">CARL COURT &#8211; POOL<\/span><\/figcaption><\/figure>\n<\/section>\n<\/div>\n<p class=\"com-paragraph   --s\">Por su parte, <strong>Barton ofreci\u00f3 un relato que refuerza las dudas sobre el proceso<\/strong>. Asegur\u00f3 que <strong>no fue consultado sobre el nombramiento<\/strong> \u2013algo que, si bien no es in\u00e9dito en decisiones pol\u00edticas, consider\u00f3 que deber\u00eda haber ocurrido\u2013 y revel\u00f3 que se enter\u00f3 de la designaci\u00f3n cuando ya estaba pr\u00e1cticamente decidida. Adem\u00e1s, sostuvo que<strong> inicialmente se le indic\u00f3 que no era necesario realizar una investigaci\u00f3n de seguridad exhaustiva<\/strong>, lo que <strong>le result\u00f3 \u201csorprendente\u201d <\/strong>dado el nivel de acceso a informaci\u00f3n confidencial que implica el cargo de embajador en Washington.<\/p>\n<p class=\"com-paragraph   --s\">El exfuncionario tambi\u00e9n expres\u00f3 su <strong>preocupaci\u00f3n por los v\u00ednculos de Mandelson con Epstein<\/strong>, se\u00f1alando que pod\u00edan convertirse en un problema pol\u00edtico, especialmente en Estados Unidos. <strong>\u201cSimplemente pens\u00e9 que era un tema potencialmente dif\u00edcil\u201d<\/strong>, afirm\u00f3, subrayando que <strong>no exist\u00eda un canal claro para expresar esas inquietudes<\/strong> una vez tomada la decisi\u00f3n.<\/p>\n<div class=\"content-media\">\n<section role=\"button\" class=\"mod-media   \">\n<figure role=\"button\" tabindex=\"0\" class=\"mod-figure \"><figcaption class=\"mod-figcaption\"><span class=\"com-text --caption --twoxs\">La l\u00edder del principal partido de la oposici\u00f3n brit\u00e1nica, el Partido Conservador, Kemi Badenoch, interviene durante un debate sobre la remisi\u00f3n del Primer Ministro brit\u00e1nico al Comit\u00e9 de Privilegios<\/span><span class=\"com-text --credit --twoxs\">&#8211; &#8211; PRU<\/span><\/figcaption><\/figure>\n<\/section>\n<\/div>\n<p class=\"com-paragraph   --s\">Las <strong>revelaciones alimentaron las acusaciones de la oposici\u00f3n<\/strong>, liderada por la conservadora <strong>Kemi Badenoch<\/strong>, quien <strong>impuls\u00f3 una moci\u00f3n para que el Comit\u00e9 de Privilegios investigue si Starmer enga\u00f1\u00f3 al Parlamento<\/strong> al asegurar que se hab\u00eda seguido el \u201cdebido proceso\u201d. Badenoch calific\u00f3 el caso como<strong> \u201cun profundo fracaso del gobierno\u201d<\/strong> y acus\u00f3 al oficialismo de intentar encubrir lo ocurrido.<\/p>\n<p class=\"com-paragraph   --s\">Aunque los primeros oradores provinieron de la oposici\u00f3n \u2013incluidos Badenoch, el liberal dem\u00f3crata Ed Davey y el conservador David Davis\u2013, lo m\u00e1s significativo fue la<strong> aparici\u00f3n de fisuras dentro del Partido Laborista<\/strong>. <strong>Varios diputados oficialistas manifestaron dudas y finalmente votaron a favor de abrir la investigaci\u00f3n<\/strong>.<\/p>\n<p class=\"com-paragraph   --s\">Entre ellos se destaca Nadia Whittome, quien afirm\u00f3 no estar convencida de que el primer ministro no haya enga\u00f1ado a la C\u00e1mara, incluso de manera involuntaria. Otros legisladores <strong>laboristas<\/strong>, como Andy McDonald y John McDonnell, <strong>sostuvieron que permitir la investigaci\u00f3n podr\u00eda ser la mejor forma de que Starmer limpie su nombre<\/strong>.<\/p>\n<p class=\"com-paragraph   --s\">El trasfondo pol\u00edtico agrava la situaci\u00f3n. <strong>Starmer ya hab\u00eda logrado contener una rebeli\u00f3n interna en febrero por este mismo caso<\/strong>, pero super\u00f3 ahora otro desaf\u00edo en un contexto adverso, con<strong> elecciones locales y regionales previstas para el 7 de mayo<\/strong> que podr\u00edan convertirse en un plebiscito sobre su gesti\u00f3n.<\/p>\n<p class=\"com-paragraph   --s\">El propio Starmer inst\u00f3 a sus diputados a<strong> \u201cmantenerse unidos\u201d<\/strong> y calific\u00f3 la iniciativa como una maniobra pol\u00edtica de la oposici\u00f3n para debilitar al gobierno antes de los comicios.<\/p>\n<p class=\"com-paragraph   --s\">Sin embargo, <strong>incluso habiendo superado la votaci\u00f3n, el da\u00f1o pol\u00edtico podr\u00eda ya estar hecho<\/strong>. El <strong>escrutinio p\u00fablico<\/strong> y las <strong>conclusiones del Comit\u00e9 de Asuntos Exteriores<\/strong> podr\u00edan tener un <strong>impacto duradero en la credibilidad del primer ministro<\/strong>.<\/p>\n<p class=\"com-paragraph   --s\">El precedente m\u00e1s cercano \u2013el caso \u201cPartygate\u201d que termin\u00f3 con la carrera pol\u00edtica de Boris Johnson\u2013 sobrevuela el debate. Aunque los escenarios son distintos, el poder del Comit\u00e9 de Privilegios para ejercer presi\u00f3n moral y pol\u00edtica sigue siendo un factor determinante.<\/p>\n<p class=\"com-paragraph   --s\"><strong>Agencias AP y Reuters<\/strong><\/p>\n<section class=\"container-center-100 mb-40 border border-bottom border-thin border-neutral-light-700\">\n<hr\/>\n<\/section>\n<\/div>\n<p><script id=\"facebookpixel\" defer=\"\" type=\"text\/javascript\">\n        !function(f,b,e,v,n,t,s)\n        {if(f.fbq)return;n=f.fbq=function(){n.callMethod?\n        n.callMethod.apply(n,arguments):n.queue.push(arguments)};\n        if(!f._fbq)f._fbq=n;n.push=n;n.loaded=!0;n.version='2.0';\n        n.queue=[];t=b.createElement(e);t.async=!0;\n        t.src=v;s=b.getElementsByTagName(e)[0];\n        s.parentNode.insertBefore(t,s)}(window, document,'script',\n        'https:\/\/connect.facebook.net\/en_US\/fbevents.js');\n        fbq('init', '492459597522335');\n        fbq('track', 'PageView');\n    <\/script><br \/>\n<br \/><\/p>\n","protected":false},"excerpt":{"rendered":"<p>LONDRES.\u2013 El Parlamento brit\u00e1nico vivi\u00f3 horas de m\u00e1xima tensi\u00f3n pol\u00edtica ante el avance de una ofensiva opositora que busca someter al primer ministro, Keir Starmer, a una investigaci\u00f3n formal por su papel en el controvertido nombramiento de Peter Mandelson como embajador de Gran Breta\u00f1a en Estados Unidos. Finalmente los representantes de la C\u00e1mara de los [&hellip;]<\/p>\n","protected":false},"author":2,"featured_media":193708,"comment_status":"closed","ping_status":"closed","sticky":false,"template":"","format":"standard","meta":{"footnotes":""},"categories":[26],"tags":[],"class_list":["post-193707","post","type-post","status-publish","format-standard","has-post-thumbnail","hentry","category-internacionales"],"yoast_head":"<!-- This site is optimized with the Yoast SEO plugin v24.4 - https:\/\/yoast.com\/wordpress\/plugins\/seo\/ -->\n<title>Starmer evita una investigaci\u00f3n parlamentaria por el caso Mandelson, pero enfrenta rebeli\u00f3n en sus propias filas - GYS NOTICIAS |<\/title>\n<meta name=\"robots\" content=\"index, follow, max-snippet:-1, max-image-preview:large, max-video-preview:-1\" \/>\n<link rel=\"canonical\" href=\"https:\/\/gysfm.com.ar\/inicio\/starmer-evita-una-investigacion-parlamentaria-por-el-caso-mandelson-pero-enfrenta-rebelion-en-sus-propias-filas\/\" \/>\n<meta property=\"og:locale\" content=\"es_ES\" \/>\n<meta property=\"og:type\" content=\"article\" \/>\n<meta property=\"og:title\" content=\"Starmer evita una investigaci\u00f3n parlamentaria por el caso Mandelson, pero enfrenta rebeli\u00f3n en sus propias filas - GYS NOTICIAS |\" \/>\n<meta property=\"og:description\" content=\"LONDRES.\u2013 El Parlamento brit\u00e1nico vivi\u00f3 horas de m\u00e1xima tensi\u00f3n pol\u00edtica ante el avance de una ofensiva opositora que busca someter al primer ministro, Keir Starmer, a una investigaci\u00f3n formal por su papel en el controvertido nombramiento de Peter Mandelson como embajador de Gran Breta\u00f1a en Estados Unidos. Finalmente los representantes de la C\u00e1mara de los [&hellip;]\" \/>\n<meta property=\"og:url\" content=\"https:\/\/gysfm.com.ar\/inicio\/starmer-evita-una-investigacion-parlamentaria-por-el-caso-mandelson-pero-enfrenta-rebelion-en-sus-propias-filas\/\" \/>\n<meta property=\"og:site_name\" content=\"GYS NOTICIAS |\" \/>\n<meta property=\"article:published_time\" content=\"2026-04-29T17:27:04+00:00\" \/>\n<meta property=\"article:modified_time\" content=\"2026-04-29T17:27:05+00:00\" \/>\n<meta property=\"og:image\" content=\"https:\/\/gysfm.com.ar\/inicio\/wp-content\/uploads\/2026\/04\/el-primer-ministro-britanico-keir-starmer-XGQOSNTG55ARVGSRNRZPRF6I3M.JPG\" \/>\n\t<meta property=\"og:image:width\" content=\"1200\" \/>\n\t<meta property=\"og:image:height\" content=\"800\" \/>\n\t<meta property=\"og:image:type\" content=\"image\/jpeg\" \/>\n<meta name=\"author\" content=\"Prensa G&amp;S FM\" \/>\n<meta name=\"twitter:card\" content=\"summary_large_image\" \/>\n<meta name=\"twitter:label1\" content=\"Escrito por\" \/>\n\t<meta name=\"twitter:data1\" content=\"Prensa G&amp;S FM\" \/>\n\t<meta name=\"twitter:label2\" content=\"Tiempo de lectura\" \/>\n\t<meta name=\"twitter:data2\" content=\"5 minutos\" \/>\n<script type=\"application\/ld+json\" class=\"yoast-schema-graph\">{\"@context\":\"https:\/\/schema.org\",\"@graph\":[{\"@type\":\"Article\",\"@id\":\"https:\/\/gysfm.com.ar\/inicio\/starmer-evita-una-investigacion-parlamentaria-por-el-caso-mandelson-pero-enfrenta-rebelion-en-sus-propias-filas\/#article\",\"isPartOf\":{\"@id\":\"https:\/\/gysfm.com.ar\/inicio\/starmer-evita-una-investigacion-parlamentaria-por-el-caso-mandelson-pero-enfrenta-rebelion-en-sus-propias-filas\/\"},\"author\":{\"name\":\"Prensa G&amp;S FM\",\"@id\":\"https:\/\/gysfm.com.ar\/inicio\/#\/schema\/person\/3abba7593ef2ad19e1be221d54383dc5\"},\"headline\":\"Starmer evita una investigaci\u00f3n parlamentaria por el caso Mandelson, pero enfrenta rebeli\u00f3n en sus propias filas\",\"datePublished\":\"2026-04-29T17:27:04+00:00\",\"dateModified\":\"2026-04-29T17:27:05+00:00\",\"mainEntityOfPage\":{\"@id\":\"https:\/\/gysfm.com.ar\/inicio\/starmer-evita-una-investigacion-parlamentaria-por-el-caso-mandelson-pero-enfrenta-rebelion-en-sus-propias-filas\/\"},\"wordCount\":1041,\"publisher\":{\"@id\":\"https:\/\/gysfm.com.ar\/inicio\/#organization\"},\"image\":{\"@id\":\"https:\/\/gysfm.com.ar\/inicio\/starmer-evita-una-investigacion-parlamentaria-por-el-caso-mandelson-pero-enfrenta-rebelion-en-sus-propias-filas\/#primaryimage\"},\"thumbnailUrl\":\"https:\/\/gysfm.com.ar\/inicio\/wp-content\/uploads\/2026\/04\/el-primer-ministro-britanico-keir-starmer-XGQOSNTG55ARVGSRNRZPRF6I3M.JPG\",\"articleSection\":[\"INTERNACIONALES\"],\"inLanguage\":\"es\"},{\"@type\":\"WebPage\",\"@id\":\"https:\/\/gysfm.com.ar\/inicio\/starmer-evita-una-investigacion-parlamentaria-por-el-caso-mandelson-pero-enfrenta-rebelion-en-sus-propias-filas\/\",\"url\":\"https:\/\/gysfm.com.ar\/inicio\/starmer-evita-una-investigacion-parlamentaria-por-el-caso-mandelson-pero-enfrenta-rebelion-en-sus-propias-filas\/\",\"name\":\"Starmer evita una investigaci\u00f3n parlamentaria por el caso Mandelson, pero enfrenta rebeli\u00f3n en sus propias filas - GYS NOTICIAS |\",\"isPartOf\":{\"@id\":\"https:\/\/gysfm.com.ar\/inicio\/#website\"},\"primaryImageOfPage\":{\"@id\":\"https:\/\/gysfm.com.ar\/inicio\/starmer-evita-una-investigacion-parlamentaria-por-el-caso-mandelson-pero-enfrenta-rebelion-en-sus-propias-filas\/#primaryimage\"},\"image\":{\"@id\":\"https:\/\/gysfm.com.ar\/inicio\/starmer-evita-una-investigacion-parlamentaria-por-el-caso-mandelson-pero-enfrenta-rebelion-en-sus-propias-filas\/#primaryimage\"},\"thumbnailUrl\":\"https:\/\/gysfm.com.ar\/inicio\/wp-content\/uploads\/2026\/04\/el-primer-ministro-britanico-keir-starmer-XGQOSNTG55ARVGSRNRZPRF6I3M.JPG\",\"datePublished\":\"2026-04-29T17:27:04+00:00\",\"dateModified\":\"2026-04-29T17:27:05+00:00\",\"breadcrumb\":{\"@id\":\"https:\/\/gysfm.com.ar\/inicio\/starmer-evita-una-investigacion-parlamentaria-por-el-caso-mandelson-pero-enfrenta-rebelion-en-sus-propias-filas\/#breadcrumb\"},\"inLanguage\":\"es\",\"potentialAction\":[{\"@type\":\"ReadAction\",\"target\":[\"https:\/\/gysfm.com.ar\/inicio\/starmer-evita-una-investigacion-parlamentaria-por-el-caso-mandelson-pero-enfrenta-rebelion-en-sus-propias-filas\/\"]}]},{\"@type\":\"ImageObject\",\"inLanguage\":\"es\",\"@id\":\"https:\/\/gysfm.com.ar\/inicio\/starmer-evita-una-investigacion-parlamentaria-por-el-caso-mandelson-pero-enfrenta-rebelion-en-sus-propias-filas\/#primaryimage\",\"url\":\"https:\/\/gysfm.com.ar\/inicio\/wp-content\/uploads\/2026\/04\/el-primer-ministro-britanico-keir-starmer-XGQOSNTG55ARVGSRNRZPRF6I3M.JPG\",\"contentUrl\":\"https:\/\/gysfm.com.ar\/inicio\/wp-content\/uploads\/2026\/04\/el-primer-ministro-britanico-keir-starmer-XGQOSNTG55ARVGSRNRZPRF6I3M.JPG\",\"width\":1200,\"height\":800},{\"@type\":\"BreadcrumbList\",\"@id\":\"https:\/\/gysfm.com.ar\/inicio\/starmer-evita-una-investigacion-parlamentaria-por-el-caso-mandelson-pero-enfrenta-rebelion-en-sus-propias-filas\/#breadcrumb\",\"itemListElement\":[{\"@type\":\"ListItem\",\"position\":1,\"name\":\"Portada\",\"item\":\"https:\/\/gysfm.com.ar\/inicio\/\"},{\"@type\":\"ListItem\",\"position\":2,\"name\":\"Starmer evita una investigaci\u00f3n parlamentaria por el caso Mandelson, pero enfrenta rebeli\u00f3n en sus propias filas\"}]},{\"@type\":\"WebSite\",\"@id\":\"https:\/\/gysfm.com.ar\/inicio\/#website\",\"url\":\"https:\/\/gysfm.com.ar\/inicio\/\",\"name\":\"GYS NOTICIAS |\",\"description\":\"DIARIO - RADIO ONLINE SAN JUAN ARGENTINA\",\"publisher\":{\"@id\":\"https:\/\/gysfm.com.ar\/inicio\/#organization\"},\"potentialAction\":[{\"@type\":\"SearchAction\",\"target\":{\"@type\":\"EntryPoint\",\"urlTemplate\":\"https:\/\/gysfm.com.ar\/inicio\/?s={search_term_string}\"},\"query-input\":{\"@type\":\"PropertyValueSpecification\",\"valueRequired\":true,\"valueName\":\"search_term_string\"}}],\"inLanguage\":\"es\"},{\"@type\":\"Organization\",\"@id\":\"https:\/\/gysfm.com.ar\/inicio\/#organization\",\"name\":\"GYS NOTICIAS |\",\"url\":\"https:\/\/gysfm.com.ar\/inicio\/\",\"logo\":{\"@type\":\"ImageObject\",\"inLanguage\":\"es\",\"@id\":\"https:\/\/gysfm.com.ar\/inicio\/#\/schema\/logo\/image\/\",\"url\":\"https:\/\/gysfm.com.ar\/inicio\/wp-content\/uploads\/2023\/07\/LOGOGYS-OK.png\",\"contentUrl\":\"https:\/\/gysfm.com.ar\/inicio\/wp-content\/uploads\/2023\/07\/LOGOGYS-OK.png\",\"width\":1170,\"height\":872,\"caption\":\"GYS NOTICIAS |\"},\"image\":{\"@id\":\"https:\/\/gysfm.com.ar\/inicio\/#\/schema\/logo\/image\/\"}},{\"@type\":\"Person\",\"@id\":\"https:\/\/gysfm.com.ar\/inicio\/#\/schema\/person\/3abba7593ef2ad19e1be221d54383dc5\",\"name\":\"Prensa G&amp;S FM\",\"image\":{\"@type\":\"ImageObject\",\"inLanguage\":\"es\",\"@id\":\"https:\/\/gysfm.com.ar\/inicio\/#\/schema\/person\/image\/\",\"url\":\"https:\/\/secure.gravatar.com\/avatar\/096ec78df02049ab018702bb4ccedf659377fa92a26540b5247612077a0dbd29?s=96&d=mm&r=g\",\"contentUrl\":\"https:\/\/secure.gravatar.com\/avatar\/096ec78df02049ab018702bb4ccedf659377fa92a26540b5247612077a0dbd29?s=96&d=mm&r=g\",\"caption\":\"Prensa G&amp;S FM\"},\"sameAs\":[\"https:\/\/gysfm.com.ar\/\"],\"url\":\"https:\/\/gysfm.com.ar\/inicio\/author\/lucasm\/\"}]}<\/script>\n<!-- \/ Yoast SEO plugin. -->","yoast_head_json":{"title":"Starmer evita una investigaci\u00f3n parlamentaria por el caso Mandelson, pero enfrenta rebeli\u00f3n en sus propias filas - GYS NOTICIAS |","robots":{"index":"index","follow":"follow","max-snippet":"max-snippet:-1","max-image-preview":"max-image-preview:large","max-video-preview":"max-video-preview:-1"},"canonical":"https:\/\/gysfm.com.ar\/inicio\/starmer-evita-una-investigacion-parlamentaria-por-el-caso-mandelson-pero-enfrenta-rebelion-en-sus-propias-filas\/","og_locale":"es_ES","og_type":"article","og_title":"Starmer evita una investigaci\u00f3n parlamentaria por el caso Mandelson, pero enfrenta rebeli\u00f3n en sus propias filas - GYS NOTICIAS |","og_description":"LONDRES.\u2013 El Parlamento brit\u00e1nico vivi\u00f3 horas de m\u00e1xima tensi\u00f3n pol\u00edtica ante el avance de una ofensiva opositora que busca someter al primer ministro, Keir Starmer, a una investigaci\u00f3n formal por su papel en el controvertido nombramiento de Peter Mandelson como embajador de Gran Breta\u00f1a en Estados Unidos. Finalmente los representantes de la C\u00e1mara de los [&hellip;]","og_url":"https:\/\/gysfm.com.ar\/inicio\/starmer-evita-una-investigacion-parlamentaria-por-el-caso-mandelson-pero-enfrenta-rebelion-en-sus-propias-filas\/","og_site_name":"GYS NOTICIAS |","article_published_time":"2026-04-29T17:27:04+00:00","article_modified_time":"2026-04-29T17:27:05+00:00","og_image":[{"width":1200,"height":800,"url":"https:\/\/gysfm.com.ar\/inicio\/wp-content\/uploads\/2026\/04\/el-primer-ministro-britanico-keir-starmer-XGQOSNTG55ARVGSRNRZPRF6I3M.JPG","type":"image\/jpeg"}],"author":"Prensa G&amp;S FM","twitter_card":"summary_large_image","twitter_misc":{"Escrito por":"Prensa G&amp;S FM","Tiempo de lectura":"5 minutos"},"schema":{"@context":"https:\/\/schema.org","@graph":[{"@type":"Article","@id":"https:\/\/gysfm.com.ar\/inicio\/starmer-evita-una-investigacion-parlamentaria-por-el-caso-mandelson-pero-enfrenta-rebelion-en-sus-propias-filas\/#article","isPartOf":{"@id":"https:\/\/gysfm.com.ar\/inicio\/starmer-evita-una-investigacion-parlamentaria-por-el-caso-mandelson-pero-enfrenta-rebelion-en-sus-propias-filas\/"},"author":{"name":"Prensa G&amp;S FM","@id":"https:\/\/gysfm.com.ar\/inicio\/#\/schema\/person\/3abba7593ef2ad19e1be221d54383dc5"},"headline":"Starmer evita una investigaci\u00f3n parlamentaria por el caso Mandelson, pero enfrenta rebeli\u00f3n en sus propias filas","datePublished":"2026-04-29T17:27:04+00:00","dateModified":"2026-04-29T17:27:05+00:00","mainEntityOfPage":{"@id":"https:\/\/gysfm.com.ar\/inicio\/starmer-evita-una-investigacion-parlamentaria-por-el-caso-mandelson-pero-enfrenta-rebelion-en-sus-propias-filas\/"},"wordCount":1041,"publisher":{"@id":"https:\/\/gysfm.com.ar\/inicio\/#organization"},"image":{"@id":"https:\/\/gysfm.com.ar\/inicio\/starmer-evita-una-investigacion-parlamentaria-por-el-caso-mandelson-pero-enfrenta-rebelion-en-sus-propias-filas\/#primaryimage"},"thumbnailUrl":"https:\/\/gysfm.com.ar\/inicio\/wp-content\/uploads\/2026\/04\/el-primer-ministro-britanico-keir-starmer-XGQOSNTG55ARVGSRNRZPRF6I3M.JPG","articleSection":["INTERNACIONALES"],"inLanguage":"es"},{"@type":"WebPage","@id":"https:\/\/gysfm.com.ar\/inicio\/starmer-evita-una-investigacion-parlamentaria-por-el-caso-mandelson-pero-enfrenta-rebelion-en-sus-propias-filas\/","url":"https:\/\/gysfm.com.ar\/inicio\/starmer-evita-una-investigacion-parlamentaria-por-el-caso-mandelson-pero-enfrenta-rebelion-en-sus-propias-filas\/","name":"Starmer evita una investigaci\u00f3n parlamentaria por el caso Mandelson, pero enfrenta rebeli\u00f3n en sus propias filas - GYS NOTICIAS |","isPartOf":{"@id":"https:\/\/gysfm.com.ar\/inicio\/#website"},"primaryImageOfPage":{"@id":"https:\/\/gysfm.com.ar\/inicio\/starmer-evita-una-investigacion-parlamentaria-por-el-caso-mandelson-pero-enfrenta-rebelion-en-sus-propias-filas\/#primaryimage"},"image":{"@id":"https:\/\/gysfm.com.ar\/inicio\/starmer-evita-una-investigacion-parlamentaria-por-el-caso-mandelson-pero-enfrenta-rebelion-en-sus-propias-filas\/#primaryimage"},"thumbnailUrl":"https:\/\/gysfm.com.ar\/inicio\/wp-content\/uploads\/2026\/04\/el-primer-ministro-britanico-keir-starmer-XGQOSNTG55ARVGSRNRZPRF6I3M.JPG","datePublished":"2026-04-29T17:27:04+00:00","dateModified":"2026-04-29T17:27:05+00:00","breadcrumb":{"@id":"https:\/\/gysfm.com.ar\/inicio\/starmer-evita-una-investigacion-parlamentaria-por-el-caso-mandelson-pero-enfrenta-rebelion-en-sus-propias-filas\/#breadcrumb"},"inLanguage":"es","potentialAction":[{"@type":"ReadAction","target":["https:\/\/gysfm.com.ar\/inicio\/starmer-evita-una-investigacion-parlamentaria-por-el-caso-mandelson-pero-enfrenta-rebelion-en-sus-propias-filas\/"]}]},{"@type":"ImageObject","inLanguage":"es","@id":"https:\/\/gysfm.com.ar\/inicio\/starmer-evita-una-investigacion-parlamentaria-por-el-caso-mandelson-pero-enfrenta-rebelion-en-sus-propias-filas\/#primaryimage","url":"https:\/\/gysfm.com.ar\/inicio\/wp-content\/uploads\/2026\/04\/el-primer-ministro-britanico-keir-starmer-XGQOSNTG55ARVGSRNRZPRF6I3M.JPG","contentUrl":"https:\/\/gysfm.com.ar\/inicio\/wp-content\/uploads\/2026\/04\/el-primer-ministro-britanico-keir-starmer-XGQOSNTG55ARVGSRNRZPRF6I3M.JPG","width":1200,"height":800},{"@type":"BreadcrumbList","@id":"https:\/\/gysfm.com.ar\/inicio\/starmer-evita-una-investigacion-parlamentaria-por-el-caso-mandelson-pero-enfrenta-rebelion-en-sus-propias-filas\/#breadcrumb","itemListElement":[{"@type":"ListItem","position":1,"name":"Portada","item":"https:\/\/gysfm.com.ar\/inicio\/"},{"@type":"ListItem","position":2,"name":"Starmer evita una investigaci\u00f3n parlamentaria por el caso Mandelson, pero enfrenta rebeli\u00f3n en sus propias filas"}]},{"@type":"WebSite","@id":"https:\/\/gysfm.com.ar\/inicio\/#website","url":"https:\/\/gysfm.com.ar\/inicio\/","name":"GYS NOTICIAS |","description":"DIARIO - RADIO ONLINE SAN JUAN ARGENTINA","publisher":{"@id":"https:\/\/gysfm.com.ar\/inicio\/#organization"},"potentialAction":[{"@type":"SearchAction","target":{"@type":"EntryPoint","urlTemplate":"https:\/\/gysfm.com.ar\/inicio\/?s={search_term_string}"},"query-input":{"@type":"PropertyValueSpecification","valueRequired":true,"valueName":"search_term_string"}}],"inLanguage":"es"},{"@type":"Organization","@id":"https:\/\/gysfm.com.ar\/inicio\/#organization","name":"GYS NOTICIAS |","url":"https:\/\/gysfm.com.ar\/inicio\/","logo":{"@type":"ImageObject","inLanguage":"es","@id":"https:\/\/gysfm.com.ar\/inicio\/#\/schema\/logo\/image\/","url":"https:\/\/gysfm.com.ar\/inicio\/wp-content\/uploads\/2023\/07\/LOGOGYS-OK.png","contentUrl":"https:\/\/gysfm.com.ar\/inicio\/wp-content\/uploads\/2023\/07\/LOGOGYS-OK.png","width":1170,"height":872,"caption":"GYS NOTICIAS |"},"image":{"@id":"https:\/\/gysfm.com.ar\/inicio\/#\/schema\/logo\/image\/"}},{"@type":"Person","@id":"https:\/\/gysfm.com.ar\/inicio\/#\/schema\/person\/3abba7593ef2ad19e1be221d54383dc5","name":"Prensa G&amp;S FM","image":{"@type":"ImageObject","inLanguage":"es","@id":"https:\/\/gysfm.com.ar\/inicio\/#\/schema\/person\/image\/","url":"https:\/\/secure.gravatar.com\/avatar\/096ec78df02049ab018702bb4ccedf659377fa92a26540b5247612077a0dbd29?s=96&d=mm&r=g","contentUrl":"https:\/\/secure.gravatar.com\/avatar\/096ec78df02049ab018702bb4ccedf659377fa92a26540b5247612077a0dbd29?s=96&d=mm&r=g","caption":"Prensa G&amp;S FM"},"sameAs":["https:\/\/gysfm.com.ar\/"],"url":"https:\/\/gysfm.com.ar\/inicio\/author\/lucasm\/"}]}},"_links":{"self":[{"href":"https:\/\/gysfm.com.ar\/inicio\/wp-json\/wp\/v2\/posts\/193707","targetHints":{"allow":["GET"]}}],"collection":[{"href":"https:\/\/gysfm.com.ar\/inicio\/wp-json\/wp\/v2\/posts"}],"about":[{"href":"https:\/\/gysfm.com.ar\/inicio\/wp-json\/wp\/v2\/types\/post"}],"author":[{"embeddable":true,"href":"https:\/\/gysfm.com.ar\/inicio\/wp-json\/wp\/v2\/users\/2"}],"replies":[{"embeddable":true,"href":"https:\/\/gysfm.com.ar\/inicio\/wp-json\/wp\/v2\/comments?post=193707"}],"version-history":[{"count":1,"href":"https:\/\/gysfm.com.ar\/inicio\/wp-json\/wp\/v2\/posts\/193707\/revisions"}],"predecessor-version":[{"id":193709,"href":"https:\/\/gysfm.com.ar\/inicio\/wp-json\/wp\/v2\/posts\/193707\/revisions\/193709"}],"wp:featuredmedia":[{"embeddable":true,"href":"https:\/\/gysfm.com.ar\/inicio\/wp-json\/wp\/v2\/media\/193708"}],"wp:attachment":[{"href":"https:\/\/gysfm.com.ar\/inicio\/wp-json\/wp\/v2\/media?parent=193707"}],"wp:term":[{"taxonomy":"category","embeddable":true,"href":"https:\/\/gysfm.com.ar\/inicio\/wp-json\/wp\/v2\/categories?post=193707"},{"taxonomy":"post_tag","embeddable":true,"href":"https:\/\/gysfm.com.ar\/inicio\/wp-json\/wp\/v2\/tags?post=193707"}],"curies":[{"name":"wp","href":"https:\/\/api.w.org\/{rel}","templated":true}]}}