{"id":193705,"date":"2026-04-29T14:21:09","date_gmt":"2026-04-29T17:21:09","guid":{"rendered":"https:\/\/gysfm.com.ar\/inicio\/el-gobierno-convoco-a-reunion-para-discutir-nuevos-aumentos-a-partir-de-mayo\/"},"modified":"2026-04-29T14:21:09","modified_gmt":"2026-04-29T17:21:09","slug":"el-gobierno-convoco-a-reunion-para-discutir-nuevos-aumentos-a-partir-de-mayo","status":"publish","type":"post","link":"https:\/\/gysfm.com.ar\/inicio\/el-gobierno-convoco-a-reunion-para-discutir-nuevos-aumentos-a-partir-de-mayo\/","title":{"rendered":"el Gobierno convoc\u00f3 a reuni\u00f3n para discutir nuevos aumentos a partir de mayo"},"content":{"rendered":"<p> <br \/>\n<\/p>\n<div>\t\t<!-- { REGION4 --> <\/p>\n<header class=\"news-headline\">\n<h2 class=\"news-headline__article-summary\">\t\t<\/h2>\n<p id=\"p-1777452819043-3378\" class=\"ignore-parser\">La reuni\u00f3n de la Comisi\u00f3n Nacional de Trabajo en Casas Particulares ser\u00e1 virtual y buscar\u00e1 actualizar remuneraciones en un contexto sin bono extraordinario.<\/p>\n<\/header>\n<div class=\"detail-highlighted-multimedia content-protected-false\">\n<figure class=\"detail-highlighted-multimedia__figure\">  <img loading=\"lazy\" decoding=\"async\" src=\"https:\/\/media.ambito.com\/p\/11c3e923a600dcefa2b7536feef5d0e9\/adjuntos\/239\/imagenes\/029\/731\/0029731530\/luego-del-control-realizado-menos-una-semana-la-afip-verifico-que-los-empleadores-dieron-alta-30-trabajadores-que-inicialmente-no-estaban-registrados-dentro-del-regimen-casas-particulares-al-resto-los-empleadores-se-le-envio-la-intimac.jpg\" class=\"detail-highlighted-multimedia__figure-img img-fluid\" alt=\"Luego del control realizado, en menos de una semana, la AFIP verific\u00f3 que los empleadores dieron de alta a 30 trabajadores que inicialmente no estaban registrados dentro del R\u00e9gimen de Casas Particulares. Al resto de los empleadores se le env\u00edo la intimaci\u00f3n correspondiente, se inform\u00f3.\" width=\"540\" height=\"405\"\/><figcaption class=\"detail-highlighted-multimedia__figcaption\">\n<p> Luego del control realizado, en menos de una semana, la AFIP verific\u00f3 que los empleadores dieron de alta a 30 trabajadores que inicialmente no estaban registrados dentro del R\u00e9gimen de Casas Particulares. Al resto de los empleadores se le env\u00edo la intimaci\u00f3n correspondiente, se inform\u00f3.<\/p>\n<\/figcaption><\/figure>\n<\/div>\n<article class=\"article-body article-body--first-paragraph content-protected-false\" data-td-script-src=\"https:\/\/www.ambito.com\/td\/modulos\/encuestas\/js\/function-embeds-min-version-1777349332.js\">\n<p id=\"p-1777452849515-34311\" data-start=\"352\" data-end=\"597\">El <strong>Gobierno <\/strong>convoc\u00f3 a una nueva reuni\u00f3n de la <strong data-start=\"407\" data-end=\"469\">Comisi\u00f3n Nacional de Trabajo en Casas Particulares <\/strong>(<strong data-start=\"407\" data-end=\"469\"> CNTCP<\/strong>) para avanzar en la <strong>revisi\u00f3n del salario m\u00ednimo del sector<\/strong>, en medio de reclamos por la p\u00e9rdida de ingresos registrada en abril.<\/p>\n<\/article>\n<section class=\"suscription-false printed-edition\" style=\"display:none\">\n<p> El contenido al que quiere acceder es exclusivo para suscriptores.<\/p>\n<p>  <span> <button type=\"button\" name=\"button\" class=\"subscribe-btn mercadopago-btn\">suscribirse<\/button><\/span>  <span class=\"btns\"><button type=\"button\" name=\"button\" class=\"subscribe-btn reload-login\"> ya estoy suscripto<\/button><\/span>  <\/p>\n<\/section>\n<article class=\"article-body article-body--second-paragraph content-protected-false\">\n<p id=\"p-1777452849515-31635\" data-start=\"599\" data-end=\"903\">La convocatoria fue formalizada a trav\u00e9s de la resoluci\u00f3n 3\/2026 publicada en el Bolet\u00edn Oficial, que fij\u00f3 un encuentro virtual para el 30 de abril a las 10. La reuni\u00f3n se realizar\u00e1 en el \u00e1mbito de la <strong data-start=\"800\" data-end=\"852\">Secretar\u00eda de Trabajo, Empleo y Seguridad Social<\/strong>, dependiente del <strong data-start=\"870\" data-end=\"902\">Ministerio de Capital Humano<\/strong>.<\/p>\n<\/article>\n<section class=\"related-news\">\t\t<span class=\"related-news__title\">Informate m\u00e1s<\/span>\t\t<\/p>\n<div class=\"row row--eq-height\">\n<div class=\"col-12 col-md-6\">\n<article class=\"news-article news-article--landscape-news news-article--landscape-news\">\n<figure class=\"news-article__figure figure\">\n\t\t\t\t\t\t\t\t\t\t\t<img loading=\"lazy\" decoding=\"async\" src=\"https:\/\/media.ambito.com\/p\/39ded1abc3ad4799adaab60d15f7e6a0\/adjuntos\/239\/imagenes\/043\/202\/0043202670\/93x52\/780x412:800x432\/mercados-acciones-bolsas-cedear-inversiones-finanzas-vivo.jpg\" alt=\"Para alcanzar $50.000 en 30 d\u00edas, se necesita un capital alto, debido al bajo rendimiento actual.\" title=\"Para alcanzar $50.000 en 30 d\u00edas, se necesita un capital alto, debido al bajo rendimiento actual.\" width=\"93\" height=\"52\" class=\"news-article__figure-img figure-img img-fluid\"\/>\t\t<\/figure>\n<\/article><\/div>\n<div class=\"col-12 col-md-6\">\n<article class=\"news-article news-article--landscape-news news-article--landscape-news\">\n<figure class=\"news-article__figure figure\">\n\t\t\t\t\t\t\t\t\t\t\t<img loading=\"lazy\" decoding=\"async\" src=\"https:\/\/media.ambito.com\/p\/cfd7a3b2dd607ddd20b3ff055008b216\/adjuntos\/239\/imagenes\/043\/137\/0043137400\/93x52\/smart\/kevin-warsh.jpg\" alt=\"Warsh podr\u00eda debutar como titular de la Fed en la pr\u00f3xima reuni\u00f3n del organismo, pactada en junio.\u00a0\" title=\"Warsh podr\u00eda debutar como titular de la Fed en la pr\u00f3xima reuni\u00f3n del organismo, pactada en junio.\u00a0\" width=\"93\" height=\"52\" class=\"news-article__figure-img figure-img img-fluid\"\/>\t\t<\/figure>\n<\/article><\/div>\n<\/div>\n<\/section>\n<article class=\"article-body article-body--third-paragraph content-protected-false\">\n<p id=\"p-1777452849515-89117\" data-start=\"905\" data-end=\"1235\">El eje central del encuentro ser\u00e1 analizar la evoluci\u00f3n de las remuneraciones m\u00ednimas del personal de casas particulares, en el marco del r\u00e9gimen establecido por la <strong data-start=\"1070\" data-end=\"1084\">Ley 26.844<\/strong>, que regula la actividad. En ese contexto, se prev\u00e9 debatir posibles ajustes salariales considerando la din\u00e1mica econ\u00f3mica y los indicadores vigentes.<\/p>\n<\/article>\n<article class=\"article-body article-body--fourth-paragraph content-protected-false\">\n<p id=\"p-1777452849515-75325\" data-start=\"1237\" data-end=\"1575\">La CNTCP es el organismo encargado de definir las escalas salariales del sector y est\u00e1 integrada por representantes de trabajadores, empleadores y del Estado, incluyendo al <strong data-start=\"1410\" data-end=\"1436\">Ministerio de Econom\u00eda<\/strong>. Entre sus funciones principales figura la fijaci\u00f3n de los salarios m\u00ednimos, que luego resultan de aplicaci\u00f3n obligatoria en todo el pa\u00eds.<\/p>\n<\/article>\n<article class=\"article-body article-body--fifth-paragraph content-protected-false\">\n<p id=\"p-1777452849515-26831\" data-start=\"1577\" data-end=\"1847\">El llamado a negociaci\u00f3n se produce luego de que en abril las trabajadoras dejaran de percibir el bono extraordinario que se hab\u00eda abonado en meses previos, lo que implic\u00f3 una <strong data-start=\"1753\" data-end=\"1791\">reducci\u00f3n efectiva de los ingresos<\/strong> al quedar limitados a los valores b\u00e1sicos establecidos.<\/p>\n<\/article>\n<article class=\"article-body article-body--remaining-paragraph content-protected-false\">\n<p id=\"p-1777452849515-75731\" data-start=\"1849\" data-end=\"2020\">Actualmente, los montos vigentes para tareas generales se ubican en <strong>$3.348,37 por hora con retiro <\/strong>y <strong>$3.599,86 sin retiro<\/strong>, seg\u00fan el \u00faltimo acuerdo alcanzado por las partes.<\/p>\n<div contenteditable=\"false\" class=\"embed_cont type_imagen\" id=\"7928407-Libre-26015692_wrap\">\n<p>empleadas dom\u00e9sticas limpieza <span onclick=\"parent.parent.TinyMCETdcuerpo.preview_embed('7928407-Libre-26015692')\" class=\"embed_colapse less\" id=\"7928407-Libre-26015692_colapse\"\/>  <span onclick=\"parent.parent.TinyMCETdcuerpo.delete_embed('7928407-Libre-26015692')\" class=\"embed_delete less\" id=\"7928407-Libre-26015692_delete\"\/><\/p>\n<div id=\"7928407-Libre-26015692_content\" class=\"embed_content\"><img decoding=\"async\" src=\"https:\/\/media.ambito.com\/p\/4f976a60bcd1e7d0cfe5fa5476027726\/adjuntos\/239\/imagenes\/041\/475\/0041475811\/empleadas-domesticas-limpieza.jpg?2024-04-29-12-02-45\" alt=\"\" title=\"\" width=\"689\" height=\"460\" id=\"7928407-Libre-26015692_embed\" crossorigin=\"anonymous\" fetchpriority=\"high\" decode=\"async\"\/><\/div><\/div>\n<h2 id=\"p-1777468503342-35628\" data-start=\"2022\" data-end=\"2276\">Reuni\u00f3n del gobierno para discutir nuevos aumentos para empleadas dom\u00e9sticas<\/h2>\n<p id=\"p-1777452849515-40543\" data-start=\"2022\" data-end=\"2276\">Durante la reuni\u00f3n, la comisi\u00f3n analizar\u00e1 informes t\u00e9cnicos y la evoluci\u00f3n de variables econ\u00f3micas con el objetivo de <strong data-start=\"2140\" data-end=\"2193\">definir una eventual actualizaci\u00f3n de las escalas<\/strong>, en un contexto atravesado por la inflaci\u00f3n y la necesidad de recomponer ingresos.<\/p>\n<p id=\"p-1777452849515-2572\" data-start=\"2278\" data-end=\"2610\" data-is-last-node=\"\" data-is-only-node=\"\">En paralelo, el r\u00e9gimen mantiene la obligaci\u00f3n de registrar la relaci\u00f3n laboral ante la <strong data-start=\"2366\" data-end=\"2420\">Administraci\u00f3n Federal de Ingresos P\u00fablicos (ARCA)<\/strong>, independientemente de la carga horaria o modalidad de trabajo. El tr\u00e1mite se realiza de forma digital mediante clave fiscal y requiere la carga de datos del trabajador a partir de su CUIL.<\/p>\n<h2 id=\"p-1777468528699-39623\">El \u00faltimo aumento para las empleadas dom\u00e9sticas<\/h2>\n<p id=\"p-1777468665327-87487\">La actualizaci\u00f3n salarial m\u00e1s reciente para el personal dom\u00e9stico se determin\u00f3 el <strong>11 de marzo<\/strong>, cuando la CNTCP dispuso un incremento del <strong>1,5%<\/strong> aplicable a los sueldos de ese mismo mes.<\/p>\n<p id=\"p-1777468528699-14687\">El personal del sector percibir\u00e1 una asignaci\u00f3n no remunerativa adicional junto con sus haberes de febrero y marzo de 2026. El monto de este beneficio se segmenta seg\u00fan la carga horaria semanal: aquellos que cumplan <strong>16 horas o m\u00e1s recibir\u00e1n $20.000<\/strong>, mientras que para jornadas de <strong>entre 12 y 16 horas el valor ser\u00e1 de $11.500<\/strong>, y de<strong> $8.000 para quienes presten servicios menos de 12 horas<\/strong>.<\/p>\n<\/article>\n<p>\t\t\t\t<!-- REGION4 } -->\n\t\t\t\t\t\t<\/div>\n<p><script>\n!function(f,b,e,v,n,t,s)\n{if(f.fbq)return;n=f.fbq=function(){n.callMethod?\nn.callMethod.apply(n,arguments):n.queue.push(arguments)};\nif(!f._fbq)f._fbq=n;n.push=n;n.loaded=!0;n.version='2.0';\nn.queue=[];t=b.createElement(e);t.async=!0;\nt.src=v;s=b.getElementsByTagName(e)[0];\ns.parentNode.insertBefore(t,s)}(window,document,'script',\n'https:\/\/connect.facebook.net\/en_US\/fbevents.js');\nfbq('init', '2047048335588113');\nfbq('track', 'PageView');\n<\/script><br \/>\n<br \/><\/p>\n","protected":false},"excerpt":{"rendered":"<p>La reuni\u00f3n de la Comisi\u00f3n Nacional de Trabajo en Casas Particulares ser\u00e1 virtual y buscar\u00e1 actualizar remuneraciones en un contexto sin bono extraordinario. Luego del control realizado, en menos de una semana, la AFIP verific\u00f3 que los empleadores dieron de alta a 30 trabajadores que inicialmente no estaban registrados dentro del R\u00e9gimen de Casas Particulares. [&hellip;]<\/p>\n","protected":false},"author":1,"featured_media":193706,"comment_status":"closed","ping_status":"closed","sticky":false,"template":"","format":"standard","meta":{"footnotes":""},"categories":[28],"tags":[],"class_list":["post-193705","post","type-post","status-publish","format-standard","has-post-thumbnail","hentry","category-economia"],"yoast_head":"<!-- This site is optimized with the Yoast SEO plugin v24.4 - https:\/\/yoast.com\/wordpress\/plugins\/seo\/ -->\n<title>el Gobierno convoc\u00f3 a reuni\u00f3n para discutir nuevos aumentos a partir de mayo - GYS NOTICIAS |<\/title>\n<meta name=\"robots\" content=\"index, follow, max-snippet:-1, max-image-preview:large, max-video-preview:-1\" \/>\n<link rel=\"canonical\" href=\"https:\/\/gysfm.com.ar\/inicio\/el-gobierno-convoco-a-reunion-para-discutir-nuevos-aumentos-a-partir-de-mayo\/\" \/>\n<meta property=\"og:locale\" content=\"es_ES\" \/>\n<meta property=\"og:type\" content=\"article\" \/>\n<meta property=\"og:title\" content=\"el Gobierno convoc\u00f3 a reuni\u00f3n para discutir nuevos aumentos a partir de mayo - GYS NOTICIAS |\" \/>\n<meta property=\"og:description\" content=\"La reuni\u00f3n de la Comisi\u00f3n Nacional de Trabajo en Casas Particulares ser\u00e1 virtual y buscar\u00e1 actualizar remuneraciones en un contexto sin bono extraordinario. Luego del control realizado, en menos de una semana, la AFIP verific\u00f3 que los empleadores dieron de alta a 30 trabajadores que inicialmente no estaban registrados dentro del R\u00e9gimen de Casas Particulares. [&hellip;]\" \/>\n<meta property=\"og:url\" content=\"https:\/\/gysfm.com.ar\/inicio\/el-gobierno-convoco-a-reunion-para-discutir-nuevos-aumentos-a-partir-de-mayo\/\" \/>\n<meta property=\"og:site_name\" content=\"GYS NOTICIAS |\" \/>\n<meta property=\"article:published_time\" content=\"2026-04-29T17:21:09+00:00\" \/>\n<meta property=\"og:image\" content=\"https:\/\/media.ambito.com\/p\/11c3e923a600dcefa2b7536feef5d0e9\/adjuntos\/239\/imagenes\/029\/731\/0029731530\/luego-del-control-realizado-menos-una-semana-la-afip-verifico-que-los-empleadores-dieron-alta-30-trabajadores-que-inicialmente-no-estaban-registrados-dentro-del-regimen-casas-particulares-al-resto-los-empleadores-se-le-envio-la-intimac.jpg\" \/>\n<meta name=\"author\" content=\"admin\" \/>\n<meta name=\"twitter:card\" content=\"summary_large_image\" \/>\n<meta name=\"twitter:label1\" content=\"Escrito por\" \/>\n\t<meta name=\"twitter:data1\" content=\"admin\" \/>\n\t<meta name=\"twitter:label2\" content=\"Tiempo de lectura\" \/>\n\t<meta name=\"twitter:data2\" content=\"3 minutos\" \/>\n<script type=\"application\/ld+json\" class=\"yoast-schema-graph\">{\"@context\":\"https:\/\/schema.org\",\"@graph\":[{\"@type\":\"Article\",\"@id\":\"https:\/\/gysfm.com.ar\/inicio\/el-gobierno-convoco-a-reunion-para-discutir-nuevos-aumentos-a-partir-de-mayo\/#article\",\"isPartOf\":{\"@id\":\"https:\/\/gysfm.com.ar\/inicio\/el-gobierno-convoco-a-reunion-para-discutir-nuevos-aumentos-a-partir-de-mayo\/\"},\"author\":{\"name\":\"admin\",\"@id\":\"https:\/\/gysfm.com.ar\/inicio\/#\/schema\/person\/5bedd7ecd35cc35548d89effafa23696\"},\"headline\":\"el Gobierno convoc\u00f3 a reuni\u00f3n para discutir nuevos aumentos a partir de mayo\",\"datePublished\":\"2026-04-29T17:21:09+00:00\",\"mainEntityOfPage\":{\"@id\":\"https:\/\/gysfm.com.ar\/inicio\/el-gobierno-convoco-a-reunion-para-discutir-nuevos-aumentos-a-partir-de-mayo\/\"},\"wordCount\":604,\"publisher\":{\"@id\":\"https:\/\/gysfm.com.ar\/inicio\/#organization\"},\"image\":{\"@id\":\"https:\/\/gysfm.com.ar\/inicio\/el-gobierno-convoco-a-reunion-para-discutir-nuevos-aumentos-a-partir-de-mayo\/#primaryimage\"},\"thumbnailUrl\":\"https:\/\/gysfm.com.ar\/inicio\/wp-content\/uploads\/2026\/04\/luego-del-control-realizado-menos-una-semana-la-afip-verifico-que-los-empleadores-dieron-alta-30-tra.jpeg\",\"articleSection\":[\"ECONOMIA\"],\"inLanguage\":\"es\"},{\"@type\":\"WebPage\",\"@id\":\"https:\/\/gysfm.com.ar\/inicio\/el-gobierno-convoco-a-reunion-para-discutir-nuevos-aumentos-a-partir-de-mayo\/\",\"url\":\"https:\/\/gysfm.com.ar\/inicio\/el-gobierno-convoco-a-reunion-para-discutir-nuevos-aumentos-a-partir-de-mayo\/\",\"name\":\"el Gobierno convoc\u00f3 a reuni\u00f3n para discutir nuevos aumentos a partir de mayo - GYS NOTICIAS |\",\"isPartOf\":{\"@id\":\"https:\/\/gysfm.com.ar\/inicio\/#website\"},\"primaryImageOfPage\":{\"@id\":\"https:\/\/gysfm.com.ar\/inicio\/el-gobierno-convoco-a-reunion-para-discutir-nuevos-aumentos-a-partir-de-mayo\/#primaryimage\"},\"image\":{\"@id\":\"https:\/\/gysfm.com.ar\/inicio\/el-gobierno-convoco-a-reunion-para-discutir-nuevos-aumentos-a-partir-de-mayo\/#primaryimage\"},\"thumbnailUrl\":\"https:\/\/gysfm.com.ar\/inicio\/wp-content\/uploads\/2026\/04\/luego-del-control-realizado-menos-una-semana-la-afip-verifico-que-los-empleadores-dieron-alta-30-tra.jpeg\",\"datePublished\":\"2026-04-29T17:21:09+00:00\",\"breadcrumb\":{\"@id\":\"https:\/\/gysfm.com.ar\/inicio\/el-gobierno-convoco-a-reunion-para-discutir-nuevos-aumentos-a-partir-de-mayo\/#breadcrumb\"},\"inLanguage\":\"es\",\"potentialAction\":[{\"@type\":\"ReadAction\",\"target\":[\"https:\/\/gysfm.com.ar\/inicio\/el-gobierno-convoco-a-reunion-para-discutir-nuevos-aumentos-a-partir-de-mayo\/\"]}]},{\"@type\":\"ImageObject\",\"inLanguage\":\"es\",\"@id\":\"https:\/\/gysfm.com.ar\/inicio\/el-gobierno-convoco-a-reunion-para-discutir-nuevos-aumentos-a-partir-de-mayo\/#primaryimage\",\"url\":\"https:\/\/gysfm.com.ar\/inicio\/wp-content\/uploads\/2026\/04\/luego-del-control-realizado-menos-una-semana-la-afip-verifico-que-los-empleadores-dieron-alta-30-tra.jpeg\",\"contentUrl\":\"https:\/\/gysfm.com.ar\/inicio\/wp-content\/uploads\/2026\/04\/luego-del-control-realizado-menos-una-semana-la-afip-verifico-que-los-empleadores-dieron-alta-30-tra.jpeg\",\"width\":1200,\"height\":675},{\"@type\":\"BreadcrumbList\",\"@id\":\"https:\/\/gysfm.com.ar\/inicio\/el-gobierno-convoco-a-reunion-para-discutir-nuevos-aumentos-a-partir-de-mayo\/#breadcrumb\",\"itemListElement\":[{\"@type\":\"ListItem\",\"position\":1,\"name\":\"Portada\",\"item\":\"https:\/\/gysfm.com.ar\/inicio\/\"},{\"@type\":\"ListItem\",\"position\":2,\"name\":\"el Gobierno convoc\u00f3 a reuni\u00f3n para discutir nuevos aumentos a partir de mayo\"}]},{\"@type\":\"WebSite\",\"@id\":\"https:\/\/gysfm.com.ar\/inicio\/#website\",\"url\":\"https:\/\/gysfm.com.ar\/inicio\/\",\"name\":\"GYS NOTICIAS |\",\"description\":\"DIARIO - RADIO ONLINE SAN JUAN ARGENTINA\",\"publisher\":{\"@id\":\"https:\/\/gysfm.com.ar\/inicio\/#organization\"},\"potentialAction\":[{\"@type\":\"SearchAction\",\"target\":{\"@type\":\"EntryPoint\",\"urlTemplate\":\"https:\/\/gysfm.com.ar\/inicio\/?s={search_term_string}\"},\"query-input\":{\"@type\":\"PropertyValueSpecification\",\"valueRequired\":true,\"valueName\":\"search_term_string\"}}],\"inLanguage\":\"es\"},{\"@type\":\"Organization\",\"@id\":\"https:\/\/gysfm.com.ar\/inicio\/#organization\",\"name\":\"GYS NOTICIAS |\",\"url\":\"https:\/\/gysfm.com.ar\/inicio\/\",\"logo\":{\"@type\":\"ImageObject\",\"inLanguage\":\"es\",\"@id\":\"https:\/\/gysfm.com.ar\/inicio\/#\/schema\/logo\/image\/\",\"url\":\"https:\/\/gysfm.com.ar\/inicio\/wp-content\/uploads\/2023\/07\/LOGOGYS-OK.png\",\"contentUrl\":\"https:\/\/gysfm.com.ar\/inicio\/wp-content\/uploads\/2023\/07\/LOGOGYS-OK.png\",\"width\":1170,\"height\":872,\"caption\":\"GYS NOTICIAS |\"},\"image\":{\"@id\":\"https:\/\/gysfm.com.ar\/inicio\/#\/schema\/logo\/image\/\"}},{\"@type\":\"Person\",\"@id\":\"https:\/\/gysfm.com.ar\/inicio\/#\/schema\/person\/5bedd7ecd35cc35548d89effafa23696\",\"name\":\"admin\",\"image\":{\"@type\":\"ImageObject\",\"inLanguage\":\"es\",\"@id\":\"https:\/\/gysfm.com.ar\/inicio\/#\/schema\/person\/image\/\",\"url\":\"https:\/\/secure.gravatar.com\/avatar\/c331d312b5243fb64d5ba28108a447b27c925295129a363082c9ea52c28d32c2?s=96&d=mm&r=g\",\"contentUrl\":\"https:\/\/secure.gravatar.com\/avatar\/c331d312b5243fb64d5ba28108a447b27c925295129a363082c9ea52c28d32c2?s=96&d=mm&r=g\",\"caption\":\"admin\"},\"sameAs\":[\"https:\/\/gysfm.com.ar\/inicio\"],\"url\":\"https:\/\/gysfm.com.ar\/inicio\/author\/admin\/\"}]}<\/script>\n<!-- \/ Yoast SEO plugin. -->","yoast_head_json":{"title":"el Gobierno convoc\u00f3 a reuni\u00f3n para discutir nuevos aumentos a partir de mayo - GYS NOTICIAS |","robots":{"index":"index","follow":"follow","max-snippet":"max-snippet:-1","max-image-preview":"max-image-preview:large","max-video-preview":"max-video-preview:-1"},"canonical":"https:\/\/gysfm.com.ar\/inicio\/el-gobierno-convoco-a-reunion-para-discutir-nuevos-aumentos-a-partir-de-mayo\/","og_locale":"es_ES","og_type":"article","og_title":"el Gobierno convoc\u00f3 a reuni\u00f3n para discutir nuevos aumentos a partir de mayo - GYS NOTICIAS |","og_description":"La reuni\u00f3n de la Comisi\u00f3n Nacional de Trabajo en Casas Particulares ser\u00e1 virtual y buscar\u00e1 actualizar remuneraciones en un contexto sin bono extraordinario. Luego del control realizado, en menos de una semana, la AFIP verific\u00f3 que los empleadores dieron de alta a 30 trabajadores que inicialmente no estaban registrados dentro del R\u00e9gimen de Casas Particulares. [&hellip;]","og_url":"https:\/\/gysfm.com.ar\/inicio\/el-gobierno-convoco-a-reunion-para-discutir-nuevos-aumentos-a-partir-de-mayo\/","og_site_name":"GYS NOTICIAS |","article_published_time":"2026-04-29T17:21:09+00:00","og_image":[{"url":"https:\/\/media.ambito.com\/p\/11c3e923a600dcefa2b7536feef5d0e9\/adjuntos\/239\/imagenes\/029\/731\/0029731530\/luego-del-control-realizado-menos-una-semana-la-afip-verifico-que-los-empleadores-dieron-alta-30-trabajadores-que-inicialmente-no-estaban-registrados-dentro-del-regimen-casas-particulares-al-resto-los-empleadores-se-le-envio-la-intimac.jpg","type":"","width":"","height":""}],"author":"admin","twitter_card":"summary_large_image","twitter_misc":{"Escrito por":"admin","Tiempo de lectura":"3 minutos"},"schema":{"@context":"https:\/\/schema.org","@graph":[{"@type":"Article","@id":"https:\/\/gysfm.com.ar\/inicio\/el-gobierno-convoco-a-reunion-para-discutir-nuevos-aumentos-a-partir-de-mayo\/#article","isPartOf":{"@id":"https:\/\/gysfm.com.ar\/inicio\/el-gobierno-convoco-a-reunion-para-discutir-nuevos-aumentos-a-partir-de-mayo\/"},"author":{"name":"admin","@id":"https:\/\/gysfm.com.ar\/inicio\/#\/schema\/person\/5bedd7ecd35cc35548d89effafa23696"},"headline":"el Gobierno convoc\u00f3 a reuni\u00f3n para discutir nuevos aumentos a partir de mayo","datePublished":"2026-04-29T17:21:09+00:00","mainEntityOfPage":{"@id":"https:\/\/gysfm.com.ar\/inicio\/el-gobierno-convoco-a-reunion-para-discutir-nuevos-aumentos-a-partir-de-mayo\/"},"wordCount":604,"publisher":{"@id":"https:\/\/gysfm.com.ar\/inicio\/#organization"},"image":{"@id":"https:\/\/gysfm.com.ar\/inicio\/el-gobierno-convoco-a-reunion-para-discutir-nuevos-aumentos-a-partir-de-mayo\/#primaryimage"},"thumbnailUrl":"https:\/\/gysfm.com.ar\/inicio\/wp-content\/uploads\/2026\/04\/luego-del-control-realizado-menos-una-semana-la-afip-verifico-que-los-empleadores-dieron-alta-30-tra.jpeg","articleSection":["ECONOMIA"],"inLanguage":"es"},{"@type":"WebPage","@id":"https:\/\/gysfm.com.ar\/inicio\/el-gobierno-convoco-a-reunion-para-discutir-nuevos-aumentos-a-partir-de-mayo\/","url":"https:\/\/gysfm.com.ar\/inicio\/el-gobierno-convoco-a-reunion-para-discutir-nuevos-aumentos-a-partir-de-mayo\/","name":"el Gobierno convoc\u00f3 a reuni\u00f3n para discutir nuevos aumentos a partir de mayo - GYS NOTICIAS |","isPartOf":{"@id":"https:\/\/gysfm.com.ar\/inicio\/#website"},"primaryImageOfPage":{"@id":"https:\/\/gysfm.com.ar\/inicio\/el-gobierno-convoco-a-reunion-para-discutir-nuevos-aumentos-a-partir-de-mayo\/#primaryimage"},"image":{"@id":"https:\/\/gysfm.com.ar\/inicio\/el-gobierno-convoco-a-reunion-para-discutir-nuevos-aumentos-a-partir-de-mayo\/#primaryimage"},"thumbnailUrl":"https:\/\/gysfm.com.ar\/inicio\/wp-content\/uploads\/2026\/04\/luego-del-control-realizado-menos-una-semana-la-afip-verifico-que-los-empleadores-dieron-alta-30-tra.jpeg","datePublished":"2026-04-29T17:21:09+00:00","breadcrumb":{"@id":"https:\/\/gysfm.com.ar\/inicio\/el-gobierno-convoco-a-reunion-para-discutir-nuevos-aumentos-a-partir-de-mayo\/#breadcrumb"},"inLanguage":"es","potentialAction":[{"@type":"ReadAction","target":["https:\/\/gysfm.com.ar\/inicio\/el-gobierno-convoco-a-reunion-para-discutir-nuevos-aumentos-a-partir-de-mayo\/"]}]},{"@type":"ImageObject","inLanguage":"es","@id":"https:\/\/gysfm.com.ar\/inicio\/el-gobierno-convoco-a-reunion-para-discutir-nuevos-aumentos-a-partir-de-mayo\/#primaryimage","url":"https:\/\/gysfm.com.ar\/inicio\/wp-content\/uploads\/2026\/04\/luego-del-control-realizado-menos-una-semana-la-afip-verifico-que-los-empleadores-dieron-alta-30-tra.jpeg","contentUrl":"https:\/\/gysfm.com.ar\/inicio\/wp-content\/uploads\/2026\/04\/luego-del-control-realizado-menos-una-semana-la-afip-verifico-que-los-empleadores-dieron-alta-30-tra.jpeg","width":1200,"height":675},{"@type":"BreadcrumbList","@id":"https:\/\/gysfm.com.ar\/inicio\/el-gobierno-convoco-a-reunion-para-discutir-nuevos-aumentos-a-partir-de-mayo\/#breadcrumb","itemListElement":[{"@type":"ListItem","position":1,"name":"Portada","item":"https:\/\/gysfm.com.ar\/inicio\/"},{"@type":"ListItem","position":2,"name":"el Gobierno convoc\u00f3 a reuni\u00f3n para discutir nuevos aumentos a partir de mayo"}]},{"@type":"WebSite","@id":"https:\/\/gysfm.com.ar\/inicio\/#website","url":"https:\/\/gysfm.com.ar\/inicio\/","name":"GYS NOTICIAS |","description":"DIARIO - RADIO ONLINE SAN JUAN ARGENTINA","publisher":{"@id":"https:\/\/gysfm.com.ar\/inicio\/#organization"},"potentialAction":[{"@type":"SearchAction","target":{"@type":"EntryPoint","urlTemplate":"https:\/\/gysfm.com.ar\/inicio\/?s={search_term_string}"},"query-input":{"@type":"PropertyValueSpecification","valueRequired":true,"valueName":"search_term_string"}}],"inLanguage":"es"},{"@type":"Organization","@id":"https:\/\/gysfm.com.ar\/inicio\/#organization","name":"GYS NOTICIAS |","url":"https:\/\/gysfm.com.ar\/inicio\/","logo":{"@type":"ImageObject","inLanguage":"es","@id":"https:\/\/gysfm.com.ar\/inicio\/#\/schema\/logo\/image\/","url":"https:\/\/gysfm.com.ar\/inicio\/wp-content\/uploads\/2023\/07\/LOGOGYS-OK.png","contentUrl":"https:\/\/gysfm.com.ar\/inicio\/wp-content\/uploads\/2023\/07\/LOGOGYS-OK.png","width":1170,"height":872,"caption":"GYS NOTICIAS |"},"image":{"@id":"https:\/\/gysfm.com.ar\/inicio\/#\/schema\/logo\/image\/"}},{"@type":"Person","@id":"https:\/\/gysfm.com.ar\/inicio\/#\/schema\/person\/5bedd7ecd35cc35548d89effafa23696","name":"admin","image":{"@type":"ImageObject","inLanguage":"es","@id":"https:\/\/gysfm.com.ar\/inicio\/#\/schema\/person\/image\/","url":"https:\/\/secure.gravatar.com\/avatar\/c331d312b5243fb64d5ba28108a447b27c925295129a363082c9ea52c28d32c2?s=96&d=mm&r=g","contentUrl":"https:\/\/secure.gravatar.com\/avatar\/c331d312b5243fb64d5ba28108a447b27c925295129a363082c9ea52c28d32c2?s=96&d=mm&r=g","caption":"admin"},"sameAs":["https:\/\/gysfm.com.ar\/inicio"],"url":"https:\/\/gysfm.com.ar\/inicio\/author\/admin\/"}]}},"_links":{"self":[{"href":"https:\/\/gysfm.com.ar\/inicio\/wp-json\/wp\/v2\/posts\/193705","targetHints":{"allow":["GET"]}}],"collection":[{"href":"https:\/\/gysfm.com.ar\/inicio\/wp-json\/wp\/v2\/posts"}],"about":[{"href":"https:\/\/gysfm.com.ar\/inicio\/wp-json\/wp\/v2\/types\/post"}],"author":[{"embeddable":true,"href":"https:\/\/gysfm.com.ar\/inicio\/wp-json\/wp\/v2\/users\/1"}],"replies":[{"embeddable":true,"href":"https:\/\/gysfm.com.ar\/inicio\/wp-json\/wp\/v2\/comments?post=193705"}],"version-history":[{"count":0,"href":"https:\/\/gysfm.com.ar\/inicio\/wp-json\/wp\/v2\/posts\/193705\/revisions"}],"wp:featuredmedia":[{"embeddable":true,"href":"https:\/\/gysfm.com.ar\/inicio\/wp-json\/wp\/v2\/media\/193706"}],"wp:attachment":[{"href":"https:\/\/gysfm.com.ar\/inicio\/wp-json\/wp\/v2\/media?parent=193705"}],"wp:term":[{"taxonomy":"category","embeddable":true,"href":"https:\/\/gysfm.com.ar\/inicio\/wp-json\/wp\/v2\/categories?post=193705"},{"taxonomy":"post_tag","embeddable":true,"href":"https:\/\/gysfm.com.ar\/inicio\/wp-json\/wp\/v2\/tags?post=193705"}],"curies":[{"name":"wp","href":"https:\/\/api.w.org\/{rel}","templated":true}]}}