{"id":193703,"date":"2026-04-29T14:02:05","date_gmt":"2026-04-29T17:02:05","guid":{"rendered":"https:\/\/gysfm.com.ar\/inicio\/la-casa-blanca-lanzara-pasaportes-de-edicion-limitada-con-la-cara-de-trump-por-los-250-anos-de-estados-unidos\/"},"modified":"2026-04-29T14:02:05","modified_gmt":"2026-04-29T17:02:05","slug":"la-casa-blanca-lanzara-pasaportes-de-edicion-limitada-con-la-cara-de-trump-por-los-250-anos-de-estados-unidos","status":"publish","type":"post","link":"https:\/\/gysfm.com.ar\/inicio\/la-casa-blanca-lanzara-pasaportes-de-edicion-limitada-con-la-cara-de-trump-por-los-250-anos-de-estados-unidos\/","title":{"rendered":"La Casa Blanca lanzar\u00e1 pasaportes de edici\u00f3n limitada con la cara de Trump por los 250 a\u00f1os de Estados Unidos"},"content":{"rendered":"<p><\/p>\n<div id=\"article-content\">\n<p>El <strong>Departamento de Estado<\/strong> anunci\u00f3 este martes que emitir\u00e1 <strong>pasaportes estadounidenses conmemorativos<\/strong> con la <strong>cara del presidente <a target=\"_blank\" href=\"https:\/\/www.perfil.com\/noticias\/internacional\/trump-recibe-rey-carlos-iii-y-dice-no-tiene-amigos-mas-intimos-que-britanicos-y-malvinas.phtml\">Donald Trump<\/a><\/strong> para celebrar el <strong>250 aniversario de <a target=\"_blank\" href=\"https:\/\/www.perfil.com\/noticias\/internacional\/la-casa-blanca-responsabilizo-a-la-prensa-y-la-oposicion-por-la-violencia-politica-en-estados-unidos.phtml\">Estados Unidos<\/a><\/strong>. El republicano ser\u00e1 el primer presidente vivo en aparece en el documento de viaje. <\/p>\n<p>Entre <strong>25.000 y 30.000 <\/strong>de estos nuevos pasaportes estar\u00e1n disponibles para los solicitantes <strong>poco antes del 4 julio<\/strong>. Al mismo tiempo, se est\u00e1n realizando esfuerzos para incluir la firma del republicano en todos los nuevos billetes estadounidenses. <\/p>\n<p class=\"destacadoNota\"><a target=\"_blank\" href=\"https:\/\/www.perfil.com\/noticias\/internacional\/emiratos-arabes-unidos-abandona-la-opep-y-opep-en-plena-guerra-de-iran.phtml\">Emiratos \u00c1rabes Unidos abandona la OPEP y OPEP+ en plena Guerra de Ir\u00e1n<\/a><\/p>\n<div class=\"subscription\">\n<p>\n        Esto no les gusta a los autoritarios\n    <\/p>\n<div class=\"subscription__container\">\n<div class=\"subscription__text-wrapper\">\n<p>\n                El ejercicio del periodismo profesional y cr\u00edtico es un pilar fundamental de la democracia. Por eso molesta a quienes creen ser los due\u00f1os de la verdad.\n            <\/p>\n<\/p><\/div><\/div>\n<\/div>\n<p>El pasaportes conmemorativo ser\u00e1 el documento predeterminado para las personas que lo soliciten en la oficina de Washington. Aquellos que deseen un <strong>documento de viaje est\u00e1ndar podr\u00e1n obtenerlo en l\u00ednea<\/strong> o fuera de Washington, seg\u00fan se\u00f1alaron los funcionarios. <\/p>\n<p>\u201cMientras Estados Unidos celebra su 250 aniversario en julio, el<strong> Departamento de Estado se prepara para lanzar un n\u00famero limitado de pasaportes<\/strong> estadounidenses de dise\u00f1o especial para conmemorar esta ocasi\u00f3n hist\u00f3rica\u201d, dijo el portavoz del Departamento de Estado, Tommy Pigott.<\/p>\n<p>\u201cEstos pasaportes contar\u00e1n con <strong>dise\u00f1os personalizados e im\u00e1genes mejoradas,<\/strong> manteniendo al mismo tiempo las mismas caracter\u00edsticas de seguridad que hacen del pasaporte estadounidense uno de los documentos m\u00e1s seguros del mundo\u201d, afirm\u00f3.<\/p>\n<p class=\"destacadoNota\"><a target=\"_blank\" href=\"https:\/\/www.perfil.com\/noticias\/internacional\/el-uss-nimitz-llego-a-la-argentina-ejercicios-navales-y-ataque-a-narcolanchas-la-nueva-estrategia-de-trump-en-la-region-a39.phtml\">El USS Nimitz lleg\u00f3 a la Argentina: ejercicios navales y narcolanchas, la estrategia de Trump en la regi\u00f3n<\/a><\/p>\n<p>El nuevo modelo incluir\u00e1 la <strong>fotograf\u00eda de Trump sobre un sello dorado<\/strong> con su firma en una p\u00e1gina anterior, mientras que la portada mostrar\u00e1 las palabras \u00abEstados Unidos de Am\u00e9rica\u00bb en letras doradas en negrita sobre la parte superior y \u00abPasaporte\u00bb en el sector inferior. <\/p>\n<p>Adem\u00e1s, en la parte inferior de la contraportada habr\u00e1 una peque\u00f1a <strong>bandera estadounidense lamida en oro<\/strong>, con el n\u00famero 250 rodeado de estrellas. La inclusi\u00f3n de Trump en el pasaporte es el paso m\u00e1s reciente que han dado sus asesores para aumentar su visibilidad. <\/p>\n<p class=\"destacadoNota\"><a target=\"_blank\" href=\"https:\/\/www.perfil.com\/noticias\/internacional\/segun-trump-iran-dice-esta-estado-colapso.phtml\">Seg\u00fan Trump, Ir\u00e1n dice que est\u00e1 \u00aben estado de colapso\u00bb<\/a><\/p>\n<p>Los \u00fanicos presidentes que aparecen en los actuales pasaportes de Estados Unidos son <strong>George Washington, Thomas Jefferson, Theodore Roosevelt y Abraham Lincoln<\/strong>. Otras representaciones incluyen la <strong>Estatua de la Libertad, la Campana de la Libertad y el Sal\u00f3n de la Independencia <\/strong>de Filadelfia, as\u00ed como citas emblem\u00e1ticas.  <\/p>\n<p>El republicano tambi\u00e9n tiene pensado <strong>incluir su nombre al edificio del Instituto de la Paz de Estados Unidos<\/strong> y al <strong>centro de artes esc\u00e9nicas Kennedy Center<\/strong>. Trump tambi\u00e9n causo revuelo con sus planes para un nuevo sal\u00f3n de baile en la Casa Blanca y un enorme arco que se construir\u00e1 en Washington. <\/p>\n<\/p><\/div>\n<p><script>\n                !function(f,b,e,v,n,t,s)\n                {if(f.fbq)return;n=f.fbq=function(){n.callMethod?\n                    n.callMethod.apply(n,arguments):n.queue.push(arguments)};\n                    if(!f._fbq)f._fbq=n;n.push=n;n.loaded=!0;n.version='2.0';\n                    n.queue=[];t=b.createElement(e);t.async=!0;\n                    t.src=v;s=b.getElementsByTagName(e)[0];\n                    s.parentNode.insertBefore(t,s)}(window, document,'script',\n                    'https:\/\/connect.facebook.net\/en_US\/fbevents.js');\n                window.paywallConfig.facebook_pixel=\"1000228364089342\"\n            <\/script><\/p>\n","protected":false},"excerpt":{"rendered":"<p>El Departamento de Estado anunci\u00f3 este martes que emitir\u00e1 pasaportes estadounidenses conmemorativos con la cara del presidente Donald Trump para celebrar el 250 aniversario de Estados Unidos. El republicano ser\u00e1 el primer presidente vivo en aparece en el documento de viaje. Entre 25.000 y 30.000 de estos nuevos pasaportes estar\u00e1n disponibles para los solicitantes poco [&hellip;]<\/p>\n","protected":false},"author":2,"featured_media":193704,"comment_status":"closed","ping_status":"closed","sticky":false,"template":"","format":"standard","meta":{"footnotes":""},"categories":[25],"tags":[],"class_list":["post-193703","post","type-post","status-publish","format-standard","has-post-thumbnail","hentry","category-nacionales"],"yoast_head":"<!-- This site is optimized with the Yoast SEO plugin v24.4 - https:\/\/yoast.com\/wordpress\/plugins\/seo\/ -->\n<title>La Casa Blanca lanzar\u00e1 pasaportes de edici\u00f3n limitada con la cara de Trump por los 250 a\u00f1os de Estados Unidos - GYS NOTICIAS |<\/title>\n<meta name=\"robots\" content=\"index, follow, max-snippet:-1, max-image-preview:large, max-video-preview:-1\" \/>\n<link rel=\"canonical\" href=\"https:\/\/gysfm.com.ar\/inicio\/la-casa-blanca-lanzara-pasaportes-de-edicion-limitada-con-la-cara-de-trump-por-los-250-anos-de-estados-unidos\/\" \/>\n<meta property=\"og:locale\" content=\"es_ES\" \/>\n<meta property=\"og:type\" content=\"article\" \/>\n<meta property=\"og:title\" content=\"La Casa Blanca lanzar\u00e1 pasaportes de edici\u00f3n limitada con la cara de Trump por los 250 a\u00f1os de Estados Unidos - GYS NOTICIAS |\" \/>\n<meta property=\"og:description\" content=\"El Departamento de Estado anunci\u00f3 este martes que emitir\u00e1 pasaportes estadounidenses conmemorativos con la cara del presidente Donald Trump para celebrar el 250 aniversario de Estados Unidos. El republicano ser\u00e1 el primer presidente vivo en aparece en el documento de viaje. Entre 25.000 y 30.000 de estos nuevos pasaportes estar\u00e1n disponibles para los solicitantes poco [&hellip;]\" \/>\n<meta property=\"og:url\" content=\"https:\/\/gysfm.com.ar\/inicio\/la-casa-blanca-lanzara-pasaportes-de-edicion-limitada-con-la-cara-de-trump-por-los-250-anos-de-estados-unidos\/\" \/>\n<meta property=\"og:site_name\" content=\"GYS NOTICIAS |\" \/>\n<meta property=\"article:published_time\" content=\"2026-04-29T17:02:05+00:00\" \/>\n<meta name=\"author\" content=\"Prensa G&amp;S FM\" \/>\n<meta name=\"twitter:card\" content=\"summary_large_image\" \/>\n<meta name=\"twitter:label1\" content=\"Escrito por\" \/>\n\t<meta name=\"twitter:data1\" content=\"Prensa G&amp;S FM\" \/>\n\t<meta name=\"twitter:label2\" content=\"Tiempo de lectura\" \/>\n\t<meta name=\"twitter:data2\" content=\"2 minutos\" \/>\n<script type=\"application\/ld+json\" class=\"yoast-schema-graph\">{\"@context\":\"https:\/\/schema.org\",\"@graph\":[{\"@type\":\"Article\",\"@id\":\"https:\/\/gysfm.com.ar\/inicio\/la-casa-blanca-lanzara-pasaportes-de-edicion-limitada-con-la-cara-de-trump-por-los-250-anos-de-estados-unidos\/#article\",\"isPartOf\":{\"@id\":\"https:\/\/gysfm.com.ar\/inicio\/la-casa-blanca-lanzara-pasaportes-de-edicion-limitada-con-la-cara-de-trump-por-los-250-anos-de-estados-unidos\/\"},\"author\":{\"name\":\"Prensa G&amp;S FM\",\"@id\":\"https:\/\/gysfm.com.ar\/inicio\/#\/schema\/person\/3abba7593ef2ad19e1be221d54383dc5\"},\"headline\":\"La Casa Blanca lanzar\u00e1 pasaportes de edici\u00f3n limitada con la cara de Trump por los 250 a\u00f1os de Estados Unidos\",\"datePublished\":\"2026-04-29T17:02:05+00:00\",\"mainEntityOfPage\":{\"@id\":\"https:\/\/gysfm.com.ar\/inicio\/la-casa-blanca-lanzara-pasaportes-de-edicion-limitada-con-la-cara-de-trump-por-los-250-anos-de-estados-unidos\/\"},\"wordCount\":501,\"publisher\":{\"@id\":\"https:\/\/gysfm.com.ar\/inicio\/#organization\"},\"image\":{\"@id\":\"https:\/\/gysfm.com.ar\/inicio\/la-casa-blanca-lanzara-pasaportes-de-edicion-limitada-con-la-cara-de-trump-por-los-250-anos-de-estados-unidos\/#primaryimage\"},\"thumbnailUrl\":\"https:\/\/gysfm.com.ar\/inicio\/wp-content\/uploads\/2026\/04\/el-gobierno-estadounidense-emitira-pasaportes-conmemorativos-con-la-imagen-de-donald-trump-2229689.j.jpeg\",\"articleSection\":[\"NACIONALES\"],\"inLanguage\":\"es\"},{\"@type\":\"WebPage\",\"@id\":\"https:\/\/gysfm.com.ar\/inicio\/la-casa-blanca-lanzara-pasaportes-de-edicion-limitada-con-la-cara-de-trump-por-los-250-anos-de-estados-unidos\/\",\"url\":\"https:\/\/gysfm.com.ar\/inicio\/la-casa-blanca-lanzara-pasaportes-de-edicion-limitada-con-la-cara-de-trump-por-los-250-anos-de-estados-unidos\/\",\"name\":\"La Casa Blanca lanzar\u00e1 pasaportes de edici\u00f3n limitada con la cara de Trump por los 250 a\u00f1os de Estados Unidos - GYS NOTICIAS |\",\"isPartOf\":{\"@id\":\"https:\/\/gysfm.com.ar\/inicio\/#website\"},\"primaryImageOfPage\":{\"@id\":\"https:\/\/gysfm.com.ar\/inicio\/la-casa-blanca-lanzara-pasaportes-de-edicion-limitada-con-la-cara-de-trump-por-los-250-anos-de-estados-unidos\/#primaryimage\"},\"image\":{\"@id\":\"https:\/\/gysfm.com.ar\/inicio\/la-casa-blanca-lanzara-pasaportes-de-edicion-limitada-con-la-cara-de-trump-por-los-250-anos-de-estados-unidos\/#primaryimage\"},\"thumbnailUrl\":\"https:\/\/gysfm.com.ar\/inicio\/wp-content\/uploads\/2026\/04\/el-gobierno-estadounidense-emitira-pasaportes-conmemorativos-con-la-imagen-de-donald-trump-2229689.j.jpeg\",\"datePublished\":\"2026-04-29T17:02:05+00:00\",\"breadcrumb\":{\"@id\":\"https:\/\/gysfm.com.ar\/inicio\/la-casa-blanca-lanzara-pasaportes-de-edicion-limitada-con-la-cara-de-trump-por-los-250-anos-de-estados-unidos\/#breadcrumb\"},\"inLanguage\":\"es\",\"potentialAction\":[{\"@type\":\"ReadAction\",\"target\":[\"https:\/\/gysfm.com.ar\/inicio\/la-casa-blanca-lanzara-pasaportes-de-edicion-limitada-con-la-cara-de-trump-por-los-250-anos-de-estados-unidos\/\"]}]},{\"@type\":\"ImageObject\",\"inLanguage\":\"es\",\"@id\":\"https:\/\/gysfm.com.ar\/inicio\/la-casa-blanca-lanzara-pasaportes-de-edicion-limitada-con-la-cara-de-trump-por-los-250-anos-de-estados-unidos\/#primaryimage\",\"url\":\"https:\/\/gysfm.com.ar\/inicio\/wp-content\/uploads\/2026\/04\/el-gobierno-estadounidense-emitira-pasaportes-conmemorativos-con-la-imagen-de-donald-trump-2229689.j.jpeg\",\"contentUrl\":\"https:\/\/gysfm.com.ar\/inicio\/wp-content\/uploads\/2026\/04\/el-gobierno-estadounidense-emitira-pasaportes-conmemorativos-con-la-imagen-de-donald-trump-2229689.j.jpeg\",\"width\":1140,\"height\":641},{\"@type\":\"BreadcrumbList\",\"@id\":\"https:\/\/gysfm.com.ar\/inicio\/la-casa-blanca-lanzara-pasaportes-de-edicion-limitada-con-la-cara-de-trump-por-los-250-anos-de-estados-unidos\/#breadcrumb\",\"itemListElement\":[{\"@type\":\"ListItem\",\"position\":1,\"name\":\"Portada\",\"item\":\"https:\/\/gysfm.com.ar\/inicio\/\"},{\"@type\":\"ListItem\",\"position\":2,\"name\":\"La Casa Blanca lanzar\u00e1 pasaportes de edici\u00f3n limitada con la cara de Trump por los 250 a\u00f1os de Estados Unidos\"}]},{\"@type\":\"WebSite\",\"@id\":\"https:\/\/gysfm.com.ar\/inicio\/#website\",\"url\":\"https:\/\/gysfm.com.ar\/inicio\/\",\"name\":\"GYS NOTICIAS |\",\"description\":\"DIARIO - RADIO ONLINE SAN JUAN ARGENTINA\",\"publisher\":{\"@id\":\"https:\/\/gysfm.com.ar\/inicio\/#organization\"},\"potentialAction\":[{\"@type\":\"SearchAction\",\"target\":{\"@type\":\"EntryPoint\",\"urlTemplate\":\"https:\/\/gysfm.com.ar\/inicio\/?s={search_term_string}\"},\"query-input\":{\"@type\":\"PropertyValueSpecification\",\"valueRequired\":true,\"valueName\":\"search_term_string\"}}],\"inLanguage\":\"es\"},{\"@type\":\"Organization\",\"@id\":\"https:\/\/gysfm.com.ar\/inicio\/#organization\",\"name\":\"GYS NOTICIAS |\",\"url\":\"https:\/\/gysfm.com.ar\/inicio\/\",\"logo\":{\"@type\":\"ImageObject\",\"inLanguage\":\"es\",\"@id\":\"https:\/\/gysfm.com.ar\/inicio\/#\/schema\/logo\/image\/\",\"url\":\"https:\/\/gysfm.com.ar\/inicio\/wp-content\/uploads\/2023\/07\/LOGOGYS-OK.png\",\"contentUrl\":\"https:\/\/gysfm.com.ar\/inicio\/wp-content\/uploads\/2023\/07\/LOGOGYS-OK.png\",\"width\":1170,\"height\":872,\"caption\":\"GYS NOTICIAS |\"},\"image\":{\"@id\":\"https:\/\/gysfm.com.ar\/inicio\/#\/schema\/logo\/image\/\"}},{\"@type\":\"Person\",\"@id\":\"https:\/\/gysfm.com.ar\/inicio\/#\/schema\/person\/3abba7593ef2ad19e1be221d54383dc5\",\"name\":\"Prensa G&amp;S FM\",\"image\":{\"@type\":\"ImageObject\",\"inLanguage\":\"es\",\"@id\":\"https:\/\/gysfm.com.ar\/inicio\/#\/schema\/person\/image\/\",\"url\":\"https:\/\/secure.gravatar.com\/avatar\/096ec78df02049ab018702bb4ccedf659377fa92a26540b5247612077a0dbd29?s=96&d=mm&r=g\",\"contentUrl\":\"https:\/\/secure.gravatar.com\/avatar\/096ec78df02049ab018702bb4ccedf659377fa92a26540b5247612077a0dbd29?s=96&d=mm&r=g\",\"caption\":\"Prensa G&amp;S FM\"},\"sameAs\":[\"https:\/\/gysfm.com.ar\/\"],\"url\":\"https:\/\/gysfm.com.ar\/inicio\/author\/lucasm\/\"}]}<\/script>\n<!-- \/ Yoast SEO plugin. -->","yoast_head_json":{"title":"La Casa Blanca lanzar\u00e1 pasaportes de edici\u00f3n limitada con la cara de Trump por los 250 a\u00f1os de Estados Unidos - GYS NOTICIAS |","robots":{"index":"index","follow":"follow","max-snippet":"max-snippet:-1","max-image-preview":"max-image-preview:large","max-video-preview":"max-video-preview:-1"},"canonical":"https:\/\/gysfm.com.ar\/inicio\/la-casa-blanca-lanzara-pasaportes-de-edicion-limitada-con-la-cara-de-trump-por-los-250-anos-de-estados-unidos\/","og_locale":"es_ES","og_type":"article","og_title":"La Casa Blanca lanzar\u00e1 pasaportes de edici\u00f3n limitada con la cara de Trump por los 250 a\u00f1os de Estados Unidos - GYS NOTICIAS |","og_description":"El Departamento de Estado anunci\u00f3 este martes que emitir\u00e1 pasaportes estadounidenses conmemorativos con la cara del presidente Donald Trump para celebrar el 250 aniversario de Estados Unidos. El republicano ser\u00e1 el primer presidente vivo en aparece en el documento de viaje. Entre 25.000 y 30.000 de estos nuevos pasaportes estar\u00e1n disponibles para los solicitantes poco [&hellip;]","og_url":"https:\/\/gysfm.com.ar\/inicio\/la-casa-blanca-lanzara-pasaportes-de-edicion-limitada-con-la-cara-de-trump-por-los-250-anos-de-estados-unidos\/","og_site_name":"GYS NOTICIAS |","article_published_time":"2026-04-29T17:02:05+00:00","author":"Prensa G&amp;S FM","twitter_card":"summary_large_image","twitter_misc":{"Escrito por":"Prensa G&amp;S FM","Tiempo de lectura":"2 minutos"},"schema":{"@context":"https:\/\/schema.org","@graph":[{"@type":"Article","@id":"https:\/\/gysfm.com.ar\/inicio\/la-casa-blanca-lanzara-pasaportes-de-edicion-limitada-con-la-cara-de-trump-por-los-250-anos-de-estados-unidos\/#article","isPartOf":{"@id":"https:\/\/gysfm.com.ar\/inicio\/la-casa-blanca-lanzara-pasaportes-de-edicion-limitada-con-la-cara-de-trump-por-los-250-anos-de-estados-unidos\/"},"author":{"name":"Prensa G&amp;S FM","@id":"https:\/\/gysfm.com.ar\/inicio\/#\/schema\/person\/3abba7593ef2ad19e1be221d54383dc5"},"headline":"La Casa Blanca lanzar\u00e1 pasaportes de edici\u00f3n limitada con la cara de Trump por los 250 a\u00f1os de Estados Unidos","datePublished":"2026-04-29T17:02:05+00:00","mainEntityOfPage":{"@id":"https:\/\/gysfm.com.ar\/inicio\/la-casa-blanca-lanzara-pasaportes-de-edicion-limitada-con-la-cara-de-trump-por-los-250-anos-de-estados-unidos\/"},"wordCount":501,"publisher":{"@id":"https:\/\/gysfm.com.ar\/inicio\/#organization"},"image":{"@id":"https:\/\/gysfm.com.ar\/inicio\/la-casa-blanca-lanzara-pasaportes-de-edicion-limitada-con-la-cara-de-trump-por-los-250-anos-de-estados-unidos\/#primaryimage"},"thumbnailUrl":"https:\/\/gysfm.com.ar\/inicio\/wp-content\/uploads\/2026\/04\/el-gobierno-estadounidense-emitira-pasaportes-conmemorativos-con-la-imagen-de-donald-trump-2229689.j.jpeg","articleSection":["NACIONALES"],"inLanguage":"es"},{"@type":"WebPage","@id":"https:\/\/gysfm.com.ar\/inicio\/la-casa-blanca-lanzara-pasaportes-de-edicion-limitada-con-la-cara-de-trump-por-los-250-anos-de-estados-unidos\/","url":"https:\/\/gysfm.com.ar\/inicio\/la-casa-blanca-lanzara-pasaportes-de-edicion-limitada-con-la-cara-de-trump-por-los-250-anos-de-estados-unidos\/","name":"La Casa Blanca lanzar\u00e1 pasaportes de edici\u00f3n limitada con la cara de Trump por los 250 a\u00f1os de Estados Unidos - GYS NOTICIAS |","isPartOf":{"@id":"https:\/\/gysfm.com.ar\/inicio\/#website"},"primaryImageOfPage":{"@id":"https:\/\/gysfm.com.ar\/inicio\/la-casa-blanca-lanzara-pasaportes-de-edicion-limitada-con-la-cara-de-trump-por-los-250-anos-de-estados-unidos\/#primaryimage"},"image":{"@id":"https:\/\/gysfm.com.ar\/inicio\/la-casa-blanca-lanzara-pasaportes-de-edicion-limitada-con-la-cara-de-trump-por-los-250-anos-de-estados-unidos\/#primaryimage"},"thumbnailUrl":"https:\/\/gysfm.com.ar\/inicio\/wp-content\/uploads\/2026\/04\/el-gobierno-estadounidense-emitira-pasaportes-conmemorativos-con-la-imagen-de-donald-trump-2229689.j.jpeg","datePublished":"2026-04-29T17:02:05+00:00","breadcrumb":{"@id":"https:\/\/gysfm.com.ar\/inicio\/la-casa-blanca-lanzara-pasaportes-de-edicion-limitada-con-la-cara-de-trump-por-los-250-anos-de-estados-unidos\/#breadcrumb"},"inLanguage":"es","potentialAction":[{"@type":"ReadAction","target":["https:\/\/gysfm.com.ar\/inicio\/la-casa-blanca-lanzara-pasaportes-de-edicion-limitada-con-la-cara-de-trump-por-los-250-anos-de-estados-unidos\/"]}]},{"@type":"ImageObject","inLanguage":"es","@id":"https:\/\/gysfm.com.ar\/inicio\/la-casa-blanca-lanzara-pasaportes-de-edicion-limitada-con-la-cara-de-trump-por-los-250-anos-de-estados-unidos\/#primaryimage","url":"https:\/\/gysfm.com.ar\/inicio\/wp-content\/uploads\/2026\/04\/el-gobierno-estadounidense-emitira-pasaportes-conmemorativos-con-la-imagen-de-donald-trump-2229689.j.jpeg","contentUrl":"https:\/\/gysfm.com.ar\/inicio\/wp-content\/uploads\/2026\/04\/el-gobierno-estadounidense-emitira-pasaportes-conmemorativos-con-la-imagen-de-donald-trump-2229689.j.jpeg","width":1140,"height":641},{"@type":"BreadcrumbList","@id":"https:\/\/gysfm.com.ar\/inicio\/la-casa-blanca-lanzara-pasaportes-de-edicion-limitada-con-la-cara-de-trump-por-los-250-anos-de-estados-unidos\/#breadcrumb","itemListElement":[{"@type":"ListItem","position":1,"name":"Portada","item":"https:\/\/gysfm.com.ar\/inicio\/"},{"@type":"ListItem","position":2,"name":"La Casa Blanca lanzar\u00e1 pasaportes de edici\u00f3n limitada con la cara de Trump por los 250 a\u00f1os de Estados Unidos"}]},{"@type":"WebSite","@id":"https:\/\/gysfm.com.ar\/inicio\/#website","url":"https:\/\/gysfm.com.ar\/inicio\/","name":"GYS NOTICIAS |","description":"DIARIO - RADIO ONLINE SAN JUAN ARGENTINA","publisher":{"@id":"https:\/\/gysfm.com.ar\/inicio\/#organization"},"potentialAction":[{"@type":"SearchAction","target":{"@type":"EntryPoint","urlTemplate":"https:\/\/gysfm.com.ar\/inicio\/?s={search_term_string}"},"query-input":{"@type":"PropertyValueSpecification","valueRequired":true,"valueName":"search_term_string"}}],"inLanguage":"es"},{"@type":"Organization","@id":"https:\/\/gysfm.com.ar\/inicio\/#organization","name":"GYS NOTICIAS |","url":"https:\/\/gysfm.com.ar\/inicio\/","logo":{"@type":"ImageObject","inLanguage":"es","@id":"https:\/\/gysfm.com.ar\/inicio\/#\/schema\/logo\/image\/","url":"https:\/\/gysfm.com.ar\/inicio\/wp-content\/uploads\/2023\/07\/LOGOGYS-OK.png","contentUrl":"https:\/\/gysfm.com.ar\/inicio\/wp-content\/uploads\/2023\/07\/LOGOGYS-OK.png","width":1170,"height":872,"caption":"GYS NOTICIAS |"},"image":{"@id":"https:\/\/gysfm.com.ar\/inicio\/#\/schema\/logo\/image\/"}},{"@type":"Person","@id":"https:\/\/gysfm.com.ar\/inicio\/#\/schema\/person\/3abba7593ef2ad19e1be221d54383dc5","name":"Prensa G&amp;S FM","image":{"@type":"ImageObject","inLanguage":"es","@id":"https:\/\/gysfm.com.ar\/inicio\/#\/schema\/person\/image\/","url":"https:\/\/secure.gravatar.com\/avatar\/096ec78df02049ab018702bb4ccedf659377fa92a26540b5247612077a0dbd29?s=96&d=mm&r=g","contentUrl":"https:\/\/secure.gravatar.com\/avatar\/096ec78df02049ab018702bb4ccedf659377fa92a26540b5247612077a0dbd29?s=96&d=mm&r=g","caption":"Prensa G&amp;S FM"},"sameAs":["https:\/\/gysfm.com.ar\/"],"url":"https:\/\/gysfm.com.ar\/inicio\/author\/lucasm\/"}]}},"_links":{"self":[{"href":"https:\/\/gysfm.com.ar\/inicio\/wp-json\/wp\/v2\/posts\/193703","targetHints":{"allow":["GET"]}}],"collection":[{"href":"https:\/\/gysfm.com.ar\/inicio\/wp-json\/wp\/v2\/posts"}],"about":[{"href":"https:\/\/gysfm.com.ar\/inicio\/wp-json\/wp\/v2\/types\/post"}],"author":[{"embeddable":true,"href":"https:\/\/gysfm.com.ar\/inicio\/wp-json\/wp\/v2\/users\/2"}],"replies":[{"embeddable":true,"href":"https:\/\/gysfm.com.ar\/inicio\/wp-json\/wp\/v2\/comments?post=193703"}],"version-history":[{"count":0,"href":"https:\/\/gysfm.com.ar\/inicio\/wp-json\/wp\/v2\/posts\/193703\/revisions"}],"wp:featuredmedia":[{"embeddable":true,"href":"https:\/\/gysfm.com.ar\/inicio\/wp-json\/wp\/v2\/media\/193704"}],"wp:attachment":[{"href":"https:\/\/gysfm.com.ar\/inicio\/wp-json\/wp\/v2\/media?parent=193703"}],"wp:term":[{"taxonomy":"category","embeddable":true,"href":"https:\/\/gysfm.com.ar\/inicio\/wp-json\/wp\/v2\/categories?post=193703"},{"taxonomy":"post_tag","embeddable":true,"href":"https:\/\/gysfm.com.ar\/inicio\/wp-json\/wp\/v2\/tags?post=193703"}],"curies":[{"name":"wp","href":"https:\/\/api.w.org\/{rel}","templated":true}]}}