{"id":193701,"date":"2026-04-29T13:31:32","date_gmt":"2026-04-29T16:31:32","guid":{"rendered":"https:\/\/gysfm.com.ar\/inicio\/un-incomodo-error-de-camara-expuso-a-karina-milei-y-a-manuel-adorni-justo-cuando-el-presidente-hablaba-de-corruptos\/"},"modified":"2026-04-29T13:31:32","modified_gmt":"2026-04-29T16:31:32","slug":"un-incomodo-error-de-camara-expuso-a-karina-milei-y-a-manuel-adorni-justo-cuando-el-presidente-hablaba-de-corruptos","status":"publish","type":"post","link":"https:\/\/gysfm.com.ar\/inicio\/un-incomodo-error-de-camara-expuso-a-karina-milei-y-a-manuel-adorni-justo-cuando-el-presidente-hablaba-de-corruptos\/","title":{"rendered":"Un inc\u00f3modo error de c\u00e1mara expuso a Karina Milei y a Manuel Adorni justo cuando el Presidente hablaba de \u00abcorruptos\u00bb"},"content":{"rendered":"<p><\/p>\n<div id=\"article-content\">\n<p>La cena anual de la <a target=\"_blank\" href=\"https:\/\/www.perfil.com\/noticias\/politica\/milei-recibio-el-premio-libertad-2026-repudio-el-ataque-a-trump-y-apunto-contra-la-izquierda-no-tienen-problema-en-matarnos.phtml\">Fundaci\u00f3n Libertad <\/a> que se realiz\u00f3 el lunes promet\u00eda ser una noche de definiciones econ\u00f3micas y alineamiento ideol\u00f3gico para<a target=\"_blank\" href=\"https:\/\/www.perfil.com\/noticias\/economia\/la-confianza-en-el-gobierno-de-javier-milei-se-desplomo-12-y-cayo-por-quinto-mes-consecutivo-a40.phtml\"> <\/a><strong><a target=\"_blank\" href=\"https:\/\/www.perfil.com\/noticias\/economia\/la-confianza-en-el-gobierno-de-javier-milei-se-desplomo-12-y-cayo-por-quinto-mes-consecutivo-a40.phtml\">Javier Milei<\/a>,<\/strong> pero un inc\u00f3modo blooper televisivo termin\u00f3 rob\u00e1ndose todo el protagonismo. Justo en el instante en que el Presidente lanz\u00f3 una encendida pregunta ret\u00f3rica sobre por qu\u00e9 deber\u00eda<a target=\"_blank\" href=\"https:\/\/www.perfil.com\/noticias\/politica\/javier-milei-volvio-a-apuntar-contra-los-periodistas-ensobrados-y-corruptos.phtml\"> beneficiar a \u00ab<strong>corruptos<\/strong><\/a>\u00ab, el director de la transmisi\u00f3n oficial hizo un paneo y detuvo el foco exactamente sobre su hermana, <strong>Karina Milei,<\/strong> y el vocero presidencial, <strong>Manuel Adorni<\/strong>.<\/p>\n<p>La inesperada secuencia se desarroll\u00f3 durante uno de los pasajes m\u00e1s enf\u00e1ticos de su discurso en el predio de Parque Norte. <strong>\u201c\u00bfPor qu\u00e9 yo deber\u00eda beneficiar a tres corruptos ineficientes?\u201d,<\/strong> dispar\u00f3 Milei desde el atril. En un recorte de tiempos que incendi\u00f3 inmediatamente las redes sociales, las pantallas gigantes del sal\u00f3n proyectaron un primer plano de los dos funcionarios, alterando por completo el peso de la frase y generando una ineludible postal pol\u00edtica.<\/p>\n<p><iframe id=\"vrudo\" class=\"vrudo\" src=\"https:\/\/rudo.video\/vod\/bWrN7r?volume=0\" width=\"100%\" height=\"100%\" allowscriptaccess=\"always\" allowfullscreen=\"true\" webkitallowfullscreen=\"true\" frameborder=\"0\" scrolling=\"no\" allow=\"autoplay; fullscreen\" loading=\"lazy\" title=\"Contenido embebido\"><\/iframe><\/p>\n<p>Esta coincidencia visual no pas\u00f3 inadvertida y desat\u00f3 murmullos entre los m\u00e1s de mil empresarios, dirigentes y referentes pol\u00edticos presentes, fundamentalmente por el delicado presente judicial de ambos apuntados. Karina Milei enfrenta acusaciones por <strong>presuntamente quedarse con el 3% de los negociados<\/strong> de la <strong>Agencia Nacional de Discapacidad (ANDIS<\/strong>), mientras que <strong>Adorni se encuentra imputado por presunto enriquecimiento il\u00edcito <\/strong>y supuestas inconsistencias en su declaraci\u00f3n jurada patrimonial.<\/p>\n<div class=\"subscription\">\n<p>\n        Esto no les gusta a los autoritarios\n    <\/p>\n<div class=\"subscription__container\">\n<div class=\"subscription__text-wrapper\">\n<p>\n                El ejercicio del periodismo profesional y cr\u00edtico es un pilar fundamental de la democracia. Por eso molesta a quienes creen ser los due\u00f1os de la verdad.\n            <\/p>\n<\/p><\/div><\/div>\n<\/div>\n<p>Aunque la frase del <a target=\"_blank\" href=\"https:\/\/www.perfil.com\/noticias\/modo-fontevecchia\/dia-870-cuidado-milei-el-pez-por-la-boca-muere-modof.phtml\">mandatario <\/a>buscaba originalmente reforzar su habitual narrativa contra la \u00ab<strong>casta<\/strong>\u00ab, la realizaci\u00f3n televisiva gener\u00f3 un foco de extrema incomodidad. Los breves segundos que la imagen se detuvo sobre los principales invitados del oficialismo transformaron una puesta en escena dise\u00f1ada para exhibir transparencia en un momento <strong><a target=\"_blank\" href=\"https:\/\/www.perfil.com\/noticias\/politica\/a-traves-de-un-decreto-de-javier-milei-manuel-adorni-y-el-resto-de-los-ministros-duplicaron-sus-sueldos.phtml\">sumamente simb\u00f3lico<\/a> <\/strong>que impact\u00f3 de lleno en el entorno presidencial m\u00e1s \u00edntimo.<\/p>\n<div style=\"text-align:center\">\n<figure class=\"image\" style=\"display:inline-block\"><picture><source media=\"(max-width: 440px)\" srcset=\"https:\/\/fotos.perfil.com\/\/2026\/04\/28\/440\/0\/milei-tugo-news-x-20260428-2229632.jpg?webp\"\/><source media=\"(max-width: 1019px)\" srcset=\"https:\/\/fotos.perfil.com\/\/2026\/04\/28\/712\/0\/milei-tugo-news-x-20260428-2229632.jpg?webp\"\/><img decoding=\"async\" style=\"max-width: 100%; width: 100%;\" alt=\"Milei TUGO News X 20260428\" src=\"https:\/\/fotos.perfil.com\/\/2026\/04\/28\/900\/0\/milei-tugo-news-x-20260428-2229632.jpg?webp\" loading=\"lazy\"\/><\/picture><figcaption>El momento gener\u00f3 cr\u00edticas y posteos virales en X<\/figcaption><\/figure>\n<\/p><\/div>\n<p>A pesar del revuelo visual en el recinto, la cena<strong> continu\u00f3 sin sobresaltos t\u00e9cnicos <\/strong>y el jefe de Estado mantuvo el ritmo inalterable de su exposici\u00f3n. Milei sigui\u00f3 adelante con su discurso centrado en el rumbo de la econom\u00eda y la gesti\u00f3n, ajeno al hecho de que ese recorte de c\u00e1maras<strong> ya hab\u00eda quedado instalado de forma irreversible <\/strong>como la apostilla m\u00e1s comentada de la gala conservadora.<\/p>\n<p>Lejos de referirse a sus funcionarios, los dardos venenosos del Presidente ten\u00edan un blanco muy distinto: el sector industrial. La menci\u00f3n a los \u00abcorruptos ineficientes\u00bb era una cr\u00edtica expl\u00edcita dirigida a los empresarios <strong>Javier Madanes Quintanilla (Fate) <\/strong>y <strong>Paolo Rocca (Techint)<\/strong>, a quienes cuestion\u00f3 duramente por pretender que los argentinos paguen los neum\u00e1ticos y los tubos de acero varias veces m\u00e1s caros para sostener un esquema perjudicial, de acuerdo a su visi\u00f3n.<\/p>\n<p class=\"destacadoNota\"><a target=\"_blank\" href=\"https:\/\/www.perfil.com\/noticias\/politica\/el-gobierno-de-javier-milei-mantiene-cerrada-la-sala-de-prensa-de-casa-rosada-y-no-hay-senales-para-revertir-la-medida.phtml\">Javier Milei no da se\u00f1ales de volver a abrir la Sala de Prensa de la Casa Rosada<\/a><\/p>\n<h2><strong>El discurso de fondo y los ataques a la izquierda<\/strong><\/h2>\n<p>M\u00e1s all\u00e1 del incidente televisivo, la noche en la que recibi\u00f3 el <strong>\u00abPremio Libertad 2026\u00bb <\/strong>dej\u00f3 fuertes definiciones pol\u00edticas. Tras repudiar el reciente ataque contra <strong>Donald Trump, <\/strong>Milei alert\u00f3 que el marxismo logr\u00f3 reconstruirse y lanz\u00f3 una dura advertencia sobre la izquierda: \u201cLos avances que hemos hecho son tan grandes que les empezamos a ganar en las urnas y eso los tiene profundamente violentos.<strong> No tienen problema en matarnos, si es necesario\u201d.<\/strong><\/p>\n<p>En el plano financiero, el mandatario sac\u00f3 pecho por el rumbo de su administraci\u00f3n y elogi\u00f3 la tarea \u00abgigante\u00bb de su ministro de Econom\u00eda,<strong> Luis Caputo<\/strong>. Calific\u00f3 la toma de deuda como un acto <strong>\u00abprofundamente inmoral\u00bb,<\/strong> culp\u00f3 al kirchnerismo por el grueso del pasivo nacional y minimiz\u00f3 los \u00edndices de inflaci\u00f3n actuales. A contramano de los reclamos sociales, neg\u00f3 el desplome salarial y la destrucci\u00f3n de empleo, afirmando que su programa ya logr\u00f3 sacar a 14 millones de personas de la pobreza.<\/p>\n<p>Finalmente, el Presidente dedic\u00f3 un tramo de su exposici\u00f3n para agradecer el apoyo legislativo de figuras como<strong> Patricia Bullrich, Mart\u00edn Menem <\/strong>y<strong> Diego Santilli,<\/strong> para luego renovar sus sistem\u00e1ticos ataques contra la prensa, tildando a los comunicadores de \u00abperiodistas ensobrados y corruptos\u00bb. El evento, que congreg\u00f3 a l\u00edderes como <strong>Mauricio Macri, Federico Sturzenegger <\/strong>y<strong> Maximiliano Pullaro<\/strong>, configur\u00f3 una vidriera clave para el futuro del espectro de centro-derecha.<\/p>\n<p>TC \/ EM<\/p>\n<\/p><\/div>\n<p><script>\n                !function(f,b,e,v,n,t,s)\n                {if(f.fbq)return;n=f.fbq=function(){n.callMethod?\n                    n.callMethod.apply(n,arguments):n.queue.push(arguments)};\n                    if(!f._fbq)f._fbq=n;n.push=n;n.loaded=!0;n.version='2.0';\n                    n.queue=[];t=b.createElement(e);t.async=!0;\n                    t.src=v;s=b.getElementsByTagName(e)[0];\n                    s.parentNode.insertBefore(t,s)}(window, document,'script',\n                    'https:\/\/connect.facebook.net\/en_US\/fbevents.js');\n                window.paywallConfig.facebook_pixel=\"1000228364089342\"\n            <\/script><\/p>\n","protected":false},"excerpt":{"rendered":"<p>La cena anual de la Fundaci\u00f3n Libertad que se realiz\u00f3 el lunes promet\u00eda ser una noche de definiciones econ\u00f3micas y alineamiento ideol\u00f3gico para Javier Milei, pero un inc\u00f3modo blooper televisivo termin\u00f3 rob\u00e1ndose todo el protagonismo. Justo en el instante en que el Presidente lanz\u00f3 una encendida pregunta ret\u00f3rica sobre por qu\u00e9 deber\u00eda beneficiar a \u00abcorruptos\u00ab, [&hellip;]<\/p>\n","protected":false},"author":2,"featured_media":193702,"comment_status":"closed","ping_status":"closed","sticky":false,"template":"","format":"standard","meta":{"footnotes":""},"categories":[25],"tags":[],"class_list":["post-193701","post","type-post","status-publish","format-standard","has-post-thumbnail","hentry","category-nacionales"],"yoast_head":"<!-- This site is optimized with the Yoast SEO plugin v24.4 - https:\/\/yoast.com\/wordpress\/plugins\/seo\/ -->\n<title>Un inc\u00f3modo error de c\u00e1mara expuso a Karina Milei y a Manuel Adorni justo cuando el Presidente hablaba de &quot;corruptos&quot; - GYS NOTICIAS |<\/title>\n<meta name=\"robots\" content=\"index, follow, max-snippet:-1, max-image-preview:large, max-video-preview:-1\" \/>\n<link rel=\"canonical\" href=\"https:\/\/gysfm.com.ar\/inicio\/un-incomodo-error-de-camara-expuso-a-karina-milei-y-a-manuel-adorni-justo-cuando-el-presidente-hablaba-de-corruptos\/\" \/>\n<meta property=\"og:locale\" content=\"es_ES\" \/>\n<meta property=\"og:type\" content=\"article\" \/>\n<meta property=\"og:title\" content=\"Un inc\u00f3modo error de c\u00e1mara expuso a Karina Milei y a Manuel Adorni justo cuando el Presidente hablaba de &quot;corruptos&quot; - GYS NOTICIAS |\" \/>\n<meta property=\"og:description\" content=\"La cena anual de la Fundaci\u00f3n Libertad que se realiz\u00f3 el lunes promet\u00eda ser una noche de definiciones econ\u00f3micas y alineamiento ideol\u00f3gico para Javier Milei, pero un inc\u00f3modo blooper televisivo termin\u00f3 rob\u00e1ndose todo el protagonismo. Justo en el instante en que el Presidente lanz\u00f3 una encendida pregunta ret\u00f3rica sobre por qu\u00e9 deber\u00eda beneficiar a \u00abcorruptos\u00ab, [&hellip;]\" \/>\n<meta property=\"og:url\" content=\"https:\/\/gysfm.com.ar\/inicio\/un-incomodo-error-de-camara-expuso-a-karina-milei-y-a-manuel-adorni-justo-cuando-el-presidente-hablaba-de-corruptos\/\" \/>\n<meta property=\"og:site_name\" content=\"GYS NOTICIAS |\" \/>\n<meta property=\"article:published_time\" content=\"2026-04-29T16:31:32+00:00\" \/>\n<meta property=\"og:image\" content=\"https:\/\/fotos.perfil.com\/\/2026\/04\/28\/900\/0\/milei-tugo-news-x-20260428-2229632.jpg?webp\" \/>\n<meta name=\"author\" content=\"Prensa G&amp;S FM\" \/>\n<meta name=\"twitter:card\" content=\"summary_large_image\" \/>\n<meta name=\"twitter:label1\" content=\"Escrito por\" \/>\n\t<meta name=\"twitter:data1\" content=\"Prensa G&amp;S FM\" \/>\n\t<meta name=\"twitter:label2\" content=\"Tiempo de lectura\" \/>\n\t<meta name=\"twitter:data2\" content=\"4 minutos\" \/>\n<script type=\"application\/ld+json\" class=\"yoast-schema-graph\">{\"@context\":\"https:\/\/schema.org\",\"@graph\":[{\"@type\":\"Article\",\"@id\":\"https:\/\/gysfm.com.ar\/inicio\/un-incomodo-error-de-camara-expuso-a-karina-milei-y-a-manuel-adorni-justo-cuando-el-presidente-hablaba-de-corruptos\/#article\",\"isPartOf\":{\"@id\":\"https:\/\/gysfm.com.ar\/inicio\/un-incomodo-error-de-camara-expuso-a-karina-milei-y-a-manuel-adorni-justo-cuando-el-presidente-hablaba-de-corruptos\/\"},\"author\":{\"name\":\"Prensa G&amp;S FM\",\"@id\":\"https:\/\/gysfm.com.ar\/inicio\/#\/schema\/person\/3abba7593ef2ad19e1be221d54383dc5\"},\"headline\":\"Un inc\u00f3modo error de c\u00e1mara expuso a Karina Milei y a Manuel Adorni justo cuando el Presidente hablaba de \u00abcorruptos\u00bb\",\"datePublished\":\"2026-04-29T16:31:32+00:00\",\"mainEntityOfPage\":{\"@id\":\"https:\/\/gysfm.com.ar\/inicio\/un-incomodo-error-de-camara-expuso-a-karina-milei-y-a-manuel-adorni-justo-cuando-el-presidente-hablaba-de-corruptos\/\"},\"wordCount\":781,\"publisher\":{\"@id\":\"https:\/\/gysfm.com.ar\/inicio\/#organization\"},\"image\":{\"@id\":\"https:\/\/gysfm.com.ar\/inicio\/un-incomodo-error-de-camara-expuso-a-karina-milei-y-a-manuel-adorni-justo-cuando-el-presidente-hablaba-de-corruptos\/#primaryimage\"},\"thumbnailUrl\":\"https:\/\/gysfm.com.ar\/inicio\/wp-content\/uploads\/2026\/04\/milei-adorni-y-karina-28042026-2229531.jpg\",\"articleSection\":[\"NACIONALES\"],\"inLanguage\":\"es\"},{\"@type\":\"WebPage\",\"@id\":\"https:\/\/gysfm.com.ar\/inicio\/un-incomodo-error-de-camara-expuso-a-karina-milei-y-a-manuel-adorni-justo-cuando-el-presidente-hablaba-de-corruptos\/\",\"url\":\"https:\/\/gysfm.com.ar\/inicio\/un-incomodo-error-de-camara-expuso-a-karina-milei-y-a-manuel-adorni-justo-cuando-el-presidente-hablaba-de-corruptos\/\",\"name\":\"Un inc\u00f3modo error de c\u00e1mara expuso a Karina Milei y a Manuel Adorni justo cuando el Presidente hablaba de \\\"corruptos\\\" - GYS NOTICIAS |\",\"isPartOf\":{\"@id\":\"https:\/\/gysfm.com.ar\/inicio\/#website\"},\"primaryImageOfPage\":{\"@id\":\"https:\/\/gysfm.com.ar\/inicio\/un-incomodo-error-de-camara-expuso-a-karina-milei-y-a-manuel-adorni-justo-cuando-el-presidente-hablaba-de-corruptos\/#primaryimage\"},\"image\":{\"@id\":\"https:\/\/gysfm.com.ar\/inicio\/un-incomodo-error-de-camara-expuso-a-karina-milei-y-a-manuel-adorni-justo-cuando-el-presidente-hablaba-de-corruptos\/#primaryimage\"},\"thumbnailUrl\":\"https:\/\/gysfm.com.ar\/inicio\/wp-content\/uploads\/2026\/04\/milei-adorni-y-karina-28042026-2229531.jpg\",\"datePublished\":\"2026-04-29T16:31:32+00:00\",\"breadcrumb\":{\"@id\":\"https:\/\/gysfm.com.ar\/inicio\/un-incomodo-error-de-camara-expuso-a-karina-milei-y-a-manuel-adorni-justo-cuando-el-presidente-hablaba-de-corruptos\/#breadcrumb\"},\"inLanguage\":\"es\",\"potentialAction\":[{\"@type\":\"ReadAction\",\"target\":[\"https:\/\/gysfm.com.ar\/inicio\/un-incomodo-error-de-camara-expuso-a-karina-milei-y-a-manuel-adorni-justo-cuando-el-presidente-hablaba-de-corruptos\/\"]}]},{\"@type\":\"ImageObject\",\"inLanguage\":\"es\",\"@id\":\"https:\/\/gysfm.com.ar\/inicio\/un-incomodo-error-de-camara-expuso-a-karina-milei-y-a-manuel-adorni-justo-cuando-el-presidente-hablaba-de-corruptos\/#primaryimage\",\"url\":\"https:\/\/gysfm.com.ar\/inicio\/wp-content\/uploads\/2026\/04\/milei-adorni-y-karina-28042026-2229531.jpg\",\"contentUrl\":\"https:\/\/gysfm.com.ar\/inicio\/wp-content\/uploads\/2026\/04\/milei-adorni-y-karina-28042026-2229531.jpg\",\"width\":1140,\"height\":641},{\"@type\":\"BreadcrumbList\",\"@id\":\"https:\/\/gysfm.com.ar\/inicio\/un-incomodo-error-de-camara-expuso-a-karina-milei-y-a-manuel-adorni-justo-cuando-el-presidente-hablaba-de-corruptos\/#breadcrumb\",\"itemListElement\":[{\"@type\":\"ListItem\",\"position\":1,\"name\":\"Portada\",\"item\":\"https:\/\/gysfm.com.ar\/inicio\/\"},{\"@type\":\"ListItem\",\"position\":2,\"name\":\"Un inc\u00f3modo error de c\u00e1mara expuso a Karina Milei y a Manuel Adorni justo cuando el Presidente hablaba de \u00abcorruptos\u00bb\"}]},{\"@type\":\"WebSite\",\"@id\":\"https:\/\/gysfm.com.ar\/inicio\/#website\",\"url\":\"https:\/\/gysfm.com.ar\/inicio\/\",\"name\":\"GYS NOTICIAS |\",\"description\":\"DIARIO - RADIO ONLINE SAN JUAN ARGENTINA\",\"publisher\":{\"@id\":\"https:\/\/gysfm.com.ar\/inicio\/#organization\"},\"potentialAction\":[{\"@type\":\"SearchAction\",\"target\":{\"@type\":\"EntryPoint\",\"urlTemplate\":\"https:\/\/gysfm.com.ar\/inicio\/?s={search_term_string}\"},\"query-input\":{\"@type\":\"PropertyValueSpecification\",\"valueRequired\":true,\"valueName\":\"search_term_string\"}}],\"inLanguage\":\"es\"},{\"@type\":\"Organization\",\"@id\":\"https:\/\/gysfm.com.ar\/inicio\/#organization\",\"name\":\"GYS NOTICIAS |\",\"url\":\"https:\/\/gysfm.com.ar\/inicio\/\",\"logo\":{\"@type\":\"ImageObject\",\"inLanguage\":\"es\",\"@id\":\"https:\/\/gysfm.com.ar\/inicio\/#\/schema\/logo\/image\/\",\"url\":\"https:\/\/gysfm.com.ar\/inicio\/wp-content\/uploads\/2023\/07\/LOGOGYS-OK.png\",\"contentUrl\":\"https:\/\/gysfm.com.ar\/inicio\/wp-content\/uploads\/2023\/07\/LOGOGYS-OK.png\",\"width\":1170,\"height\":872,\"caption\":\"GYS NOTICIAS |\"},\"image\":{\"@id\":\"https:\/\/gysfm.com.ar\/inicio\/#\/schema\/logo\/image\/\"}},{\"@type\":\"Person\",\"@id\":\"https:\/\/gysfm.com.ar\/inicio\/#\/schema\/person\/3abba7593ef2ad19e1be221d54383dc5\",\"name\":\"Prensa G&amp;S FM\",\"image\":{\"@type\":\"ImageObject\",\"inLanguage\":\"es\",\"@id\":\"https:\/\/gysfm.com.ar\/inicio\/#\/schema\/person\/image\/\",\"url\":\"https:\/\/secure.gravatar.com\/avatar\/096ec78df02049ab018702bb4ccedf659377fa92a26540b5247612077a0dbd29?s=96&d=mm&r=g\",\"contentUrl\":\"https:\/\/secure.gravatar.com\/avatar\/096ec78df02049ab018702bb4ccedf659377fa92a26540b5247612077a0dbd29?s=96&d=mm&r=g\",\"caption\":\"Prensa G&amp;S FM\"},\"sameAs\":[\"https:\/\/gysfm.com.ar\/\"],\"url\":\"https:\/\/gysfm.com.ar\/inicio\/author\/lucasm\/\"}]}<\/script>\n<!-- \/ Yoast SEO plugin. -->","yoast_head_json":{"title":"Un inc\u00f3modo error de c\u00e1mara expuso a Karina Milei y a Manuel Adorni justo cuando el Presidente hablaba de \"corruptos\" - GYS NOTICIAS |","robots":{"index":"index","follow":"follow","max-snippet":"max-snippet:-1","max-image-preview":"max-image-preview:large","max-video-preview":"max-video-preview:-1"},"canonical":"https:\/\/gysfm.com.ar\/inicio\/un-incomodo-error-de-camara-expuso-a-karina-milei-y-a-manuel-adorni-justo-cuando-el-presidente-hablaba-de-corruptos\/","og_locale":"es_ES","og_type":"article","og_title":"Un inc\u00f3modo error de c\u00e1mara expuso a Karina Milei y a Manuel Adorni justo cuando el Presidente hablaba de \"corruptos\" - GYS NOTICIAS |","og_description":"La cena anual de la Fundaci\u00f3n Libertad que se realiz\u00f3 el lunes promet\u00eda ser una noche de definiciones econ\u00f3micas y alineamiento ideol\u00f3gico para Javier Milei, pero un inc\u00f3modo blooper televisivo termin\u00f3 rob\u00e1ndose todo el protagonismo. Justo en el instante en que el Presidente lanz\u00f3 una encendida pregunta ret\u00f3rica sobre por qu\u00e9 deber\u00eda beneficiar a \u00abcorruptos\u00ab, [&hellip;]","og_url":"https:\/\/gysfm.com.ar\/inicio\/un-incomodo-error-de-camara-expuso-a-karina-milei-y-a-manuel-adorni-justo-cuando-el-presidente-hablaba-de-corruptos\/","og_site_name":"GYS NOTICIAS |","article_published_time":"2026-04-29T16:31:32+00:00","og_image":[{"url":"https:\/\/fotos.perfil.com\/\/2026\/04\/28\/900\/0\/milei-tugo-news-x-20260428-2229632.jpg?webp","type":"","width":"","height":""}],"author":"Prensa G&amp;S FM","twitter_card":"summary_large_image","twitter_misc":{"Escrito por":"Prensa G&amp;S FM","Tiempo de lectura":"4 minutos"},"schema":{"@context":"https:\/\/schema.org","@graph":[{"@type":"Article","@id":"https:\/\/gysfm.com.ar\/inicio\/un-incomodo-error-de-camara-expuso-a-karina-milei-y-a-manuel-adorni-justo-cuando-el-presidente-hablaba-de-corruptos\/#article","isPartOf":{"@id":"https:\/\/gysfm.com.ar\/inicio\/un-incomodo-error-de-camara-expuso-a-karina-milei-y-a-manuel-adorni-justo-cuando-el-presidente-hablaba-de-corruptos\/"},"author":{"name":"Prensa G&amp;S FM","@id":"https:\/\/gysfm.com.ar\/inicio\/#\/schema\/person\/3abba7593ef2ad19e1be221d54383dc5"},"headline":"Un inc\u00f3modo error de c\u00e1mara expuso a Karina Milei y a Manuel Adorni justo cuando el Presidente hablaba de \u00abcorruptos\u00bb","datePublished":"2026-04-29T16:31:32+00:00","mainEntityOfPage":{"@id":"https:\/\/gysfm.com.ar\/inicio\/un-incomodo-error-de-camara-expuso-a-karina-milei-y-a-manuel-adorni-justo-cuando-el-presidente-hablaba-de-corruptos\/"},"wordCount":781,"publisher":{"@id":"https:\/\/gysfm.com.ar\/inicio\/#organization"},"image":{"@id":"https:\/\/gysfm.com.ar\/inicio\/un-incomodo-error-de-camara-expuso-a-karina-milei-y-a-manuel-adorni-justo-cuando-el-presidente-hablaba-de-corruptos\/#primaryimage"},"thumbnailUrl":"https:\/\/gysfm.com.ar\/inicio\/wp-content\/uploads\/2026\/04\/milei-adorni-y-karina-28042026-2229531.jpg","articleSection":["NACIONALES"],"inLanguage":"es"},{"@type":"WebPage","@id":"https:\/\/gysfm.com.ar\/inicio\/un-incomodo-error-de-camara-expuso-a-karina-milei-y-a-manuel-adorni-justo-cuando-el-presidente-hablaba-de-corruptos\/","url":"https:\/\/gysfm.com.ar\/inicio\/un-incomodo-error-de-camara-expuso-a-karina-milei-y-a-manuel-adorni-justo-cuando-el-presidente-hablaba-de-corruptos\/","name":"Un inc\u00f3modo error de c\u00e1mara expuso a Karina Milei y a Manuel Adorni justo cuando el Presidente hablaba de \"corruptos\" - GYS NOTICIAS |","isPartOf":{"@id":"https:\/\/gysfm.com.ar\/inicio\/#website"},"primaryImageOfPage":{"@id":"https:\/\/gysfm.com.ar\/inicio\/un-incomodo-error-de-camara-expuso-a-karina-milei-y-a-manuel-adorni-justo-cuando-el-presidente-hablaba-de-corruptos\/#primaryimage"},"image":{"@id":"https:\/\/gysfm.com.ar\/inicio\/un-incomodo-error-de-camara-expuso-a-karina-milei-y-a-manuel-adorni-justo-cuando-el-presidente-hablaba-de-corruptos\/#primaryimage"},"thumbnailUrl":"https:\/\/gysfm.com.ar\/inicio\/wp-content\/uploads\/2026\/04\/milei-adorni-y-karina-28042026-2229531.jpg","datePublished":"2026-04-29T16:31:32+00:00","breadcrumb":{"@id":"https:\/\/gysfm.com.ar\/inicio\/un-incomodo-error-de-camara-expuso-a-karina-milei-y-a-manuel-adorni-justo-cuando-el-presidente-hablaba-de-corruptos\/#breadcrumb"},"inLanguage":"es","potentialAction":[{"@type":"ReadAction","target":["https:\/\/gysfm.com.ar\/inicio\/un-incomodo-error-de-camara-expuso-a-karina-milei-y-a-manuel-adorni-justo-cuando-el-presidente-hablaba-de-corruptos\/"]}]},{"@type":"ImageObject","inLanguage":"es","@id":"https:\/\/gysfm.com.ar\/inicio\/un-incomodo-error-de-camara-expuso-a-karina-milei-y-a-manuel-adorni-justo-cuando-el-presidente-hablaba-de-corruptos\/#primaryimage","url":"https:\/\/gysfm.com.ar\/inicio\/wp-content\/uploads\/2026\/04\/milei-adorni-y-karina-28042026-2229531.jpg","contentUrl":"https:\/\/gysfm.com.ar\/inicio\/wp-content\/uploads\/2026\/04\/milei-adorni-y-karina-28042026-2229531.jpg","width":1140,"height":641},{"@type":"BreadcrumbList","@id":"https:\/\/gysfm.com.ar\/inicio\/un-incomodo-error-de-camara-expuso-a-karina-milei-y-a-manuel-adorni-justo-cuando-el-presidente-hablaba-de-corruptos\/#breadcrumb","itemListElement":[{"@type":"ListItem","position":1,"name":"Portada","item":"https:\/\/gysfm.com.ar\/inicio\/"},{"@type":"ListItem","position":2,"name":"Un inc\u00f3modo error de c\u00e1mara expuso a Karina Milei y a Manuel Adorni justo cuando el Presidente hablaba de \u00abcorruptos\u00bb"}]},{"@type":"WebSite","@id":"https:\/\/gysfm.com.ar\/inicio\/#website","url":"https:\/\/gysfm.com.ar\/inicio\/","name":"GYS NOTICIAS |","description":"DIARIO - RADIO ONLINE SAN JUAN ARGENTINA","publisher":{"@id":"https:\/\/gysfm.com.ar\/inicio\/#organization"},"potentialAction":[{"@type":"SearchAction","target":{"@type":"EntryPoint","urlTemplate":"https:\/\/gysfm.com.ar\/inicio\/?s={search_term_string}"},"query-input":{"@type":"PropertyValueSpecification","valueRequired":true,"valueName":"search_term_string"}}],"inLanguage":"es"},{"@type":"Organization","@id":"https:\/\/gysfm.com.ar\/inicio\/#organization","name":"GYS NOTICIAS |","url":"https:\/\/gysfm.com.ar\/inicio\/","logo":{"@type":"ImageObject","inLanguage":"es","@id":"https:\/\/gysfm.com.ar\/inicio\/#\/schema\/logo\/image\/","url":"https:\/\/gysfm.com.ar\/inicio\/wp-content\/uploads\/2023\/07\/LOGOGYS-OK.png","contentUrl":"https:\/\/gysfm.com.ar\/inicio\/wp-content\/uploads\/2023\/07\/LOGOGYS-OK.png","width":1170,"height":872,"caption":"GYS NOTICIAS |"},"image":{"@id":"https:\/\/gysfm.com.ar\/inicio\/#\/schema\/logo\/image\/"}},{"@type":"Person","@id":"https:\/\/gysfm.com.ar\/inicio\/#\/schema\/person\/3abba7593ef2ad19e1be221d54383dc5","name":"Prensa G&amp;S FM","image":{"@type":"ImageObject","inLanguage":"es","@id":"https:\/\/gysfm.com.ar\/inicio\/#\/schema\/person\/image\/","url":"https:\/\/secure.gravatar.com\/avatar\/096ec78df02049ab018702bb4ccedf659377fa92a26540b5247612077a0dbd29?s=96&d=mm&r=g","contentUrl":"https:\/\/secure.gravatar.com\/avatar\/096ec78df02049ab018702bb4ccedf659377fa92a26540b5247612077a0dbd29?s=96&d=mm&r=g","caption":"Prensa G&amp;S FM"},"sameAs":["https:\/\/gysfm.com.ar\/"],"url":"https:\/\/gysfm.com.ar\/inicio\/author\/lucasm\/"}]}},"_links":{"self":[{"href":"https:\/\/gysfm.com.ar\/inicio\/wp-json\/wp\/v2\/posts\/193701","targetHints":{"allow":["GET"]}}],"collection":[{"href":"https:\/\/gysfm.com.ar\/inicio\/wp-json\/wp\/v2\/posts"}],"about":[{"href":"https:\/\/gysfm.com.ar\/inicio\/wp-json\/wp\/v2\/types\/post"}],"author":[{"embeddable":true,"href":"https:\/\/gysfm.com.ar\/inicio\/wp-json\/wp\/v2\/users\/2"}],"replies":[{"embeddable":true,"href":"https:\/\/gysfm.com.ar\/inicio\/wp-json\/wp\/v2\/comments?post=193701"}],"version-history":[{"count":0,"href":"https:\/\/gysfm.com.ar\/inicio\/wp-json\/wp\/v2\/posts\/193701\/revisions"}],"wp:featuredmedia":[{"embeddable":true,"href":"https:\/\/gysfm.com.ar\/inicio\/wp-json\/wp\/v2\/media\/193702"}],"wp:attachment":[{"href":"https:\/\/gysfm.com.ar\/inicio\/wp-json\/wp\/v2\/media?parent=193701"}],"wp:term":[{"taxonomy":"category","embeddable":true,"href":"https:\/\/gysfm.com.ar\/inicio\/wp-json\/wp\/v2\/categories?post=193701"},{"taxonomy":"post_tag","embeddable":true,"href":"https:\/\/gysfm.com.ar\/inicio\/wp-json\/wp\/v2\/tags?post=193701"}],"curies":[{"name":"wp","href":"https:\/\/api.w.org\/{rel}","templated":true}]}}