{"id":193698,"date":"2026-04-29T13:24:51","date_gmt":"2026-04-29T16:24:51","guid":{"rendered":"https:\/\/gysfm.com.ar\/inicio\/la-asociacion-cristiana-de-dirigentes-de-empresa-eligio-a-victor-valle-como-presidente\/"},"modified":"2026-04-29T13:24:52","modified_gmt":"2026-04-29T16:24:52","slug":"la-asociacion-cristiana-de-dirigentes-de-empresa-eligio-a-victor-valle-como-presidente","status":"publish","type":"post","link":"https:\/\/gysfm.com.ar\/inicio\/la-asociacion-cristiana-de-dirigentes-de-empresa-eligio-a-victor-valle-como-presidente\/","title":{"rendered":"La Asociaci\u00f3n Cristiana de Dirigentes de Empresa eligi\u00f3 a V\u00edctor Valle como presidente"},"content":{"rendered":"<p><\/p>\n<div>\n<p class=\"com-paragraph   --s\"><strong>La Asociaci\u00f3n Cristiana de Dirigentes de Empresa (ACDE) renov\u00f3 su conducci\u00f3n<\/strong> y design\u00f3 un nuevo presidente para el per\u00edodo 2026-2029. El elegido para asumir esta posici\u00f3n fue <strong>V\u00edctor Valle, CEO de Pieper AI y exdirector general de Google Argentina<\/strong>.<\/p>\n<p class=\"com-paragraph   --s\">Licenciado en Administraci\u00f3n de Empresas y contador p\u00fablico de la Universidad Cat\u00f3lica Argentina, Valle traz\u00f3 la mayor parte de su carrera en la tecnol\u00f3gica fundada por Larry Page y Sergey Brin. Ingres\u00f3 a la compa\u00f1\u00eda en 2006 como CFO y se convirti\u00f3 en el primer colaborador de la compa\u00f1\u00eda en el pa\u00eds. A lo largo de 19 a\u00f1os, asumi\u00f3 diferentes posiciones, incluidas la de head de Ventas y Operaciones y la de director general de Google Customer Solutions en Hispanoam\u00e9rica, hasta que en 2021 se puso al frente de la operaci\u00f3n local.<\/p>\n<p class=\"com-paragraph   --s\">Previamente, trabaj\u00f3 tambi\u00e9n en multinacionales como Kimberly-Clark y Sony. Y ejerci\u00f3 roles de liderazgo en PwC y en Havas Group.<\/p>\n<p class=\"com-paragraph   --s\">Actualmente, <strong>desde Pieper AI, asesora a CEOs y C-level en temas de adopci\u00f3n y gobernanza de inteligencia artificial<\/strong> y transformaci\u00f3n digital con una mirada humanista. Tambi\u00e9n es presidente del directorio de Misericordia Argentina, y desde el a\u00f1o 2019 es miembro del Consejo Asesor de la Universidad Austral. <\/p>\n<div class=\"content-media\">\n<section role=\"button\" class=\"mod-media   \">\n<figure role=\"button\" tabindex=\"0\" class=\"mod-figure \"><figcaption class=\"mod-figcaption\"><span class=\"com-text --caption --twoxs\">Silvia Bulla, expresidente en DuPont y presidente en ACDE entre 2023 y 2026<\/span><\/figcaption><\/figure>\n<\/section>\n<\/div>\n<p class=\"com-paragraph   --s\">El ejecutivo, casado y padre de cuatro hijos, fue nombrado presidente de ACDE por el Consejo de expresidentes de la entidad y fue ratificado en la Asamblea Ordinaria de socios celebrada ayer en Buenos Aires.<\/p>\n<p class=\"com-paragraph   --s\">\u201cQuiero una ACDE movilizada, en la calle, convocando, hablando, convenciendo. Somos m\u00e1s de 1000 socios con una misi\u00f3n: volver a poner a las personas en el centro de las decisiones empresariales, en un momento de profundos cambios en nuestro pa\u00eds y en el mundo, impulsados por la tecnolog\u00eda. Lo vamos a hacer creando espacios de confianza entre empresarios y j\u00f3venes profesionales de todo el pa\u00eds, para integrar fe, liderazgo y vocaci\u00f3n empresarial. Vamos a convocar a los CEO\u2019s, due\u00f1os y directores para reflexionar sobre liderazgo cristiano, prop\u00f3sito empresarial y responsabilidad social\u201d, asegur\u00f3 Valle, quien cuenta con un MBA en el IAE Business School y especializaciones en el MIT y Stanford.<\/p>\n<p class=\"com-paragraph   --s\">Adem\u00e1s, agradeci\u00f3 a\u202f<strong>Silvia Bulla -expresidente de DuPont-, quien llevaba la presidencia desde 2023:<\/strong> \u201cLos socios est\u00e1n muy agradecidos con la gesti\u00f3n de Silva, quien asumi\u00f3 con compromiso el liderazgo de ACDE llevando el mensaje de Cristo y el testimonio de Enrique Shaw a cada comunidad empresaria cristiana de todo el pa\u00eds\u201d.<\/p>\n<p class=\"com-paragraph   --s\">Tras la asamblea a de socios, la mesa ejecutiva de ACDE qued\u00f3 conformada de la siguiente manera: <\/p>\n<section class=\"container-center-100 mb-40 border border-bottom border-thin border-neutral-light-700\">\n<hr\/>\n<\/section>\n<\/div>\n<p><script id=\"facebookpixel\" defer=\"\" type=\"text\/javascript\">\n        !function(f,b,e,v,n,t,s)\n        {if(f.fbq)return;n=f.fbq=function(){n.callMethod?\n        n.callMethod.apply(n,arguments):n.queue.push(arguments)};\n        if(!f._fbq)f._fbq=n;n.push=n;n.loaded=!0;n.version='2.0';\n        n.queue=[];t=b.createElement(e);t.async=!0;\n        t.src=v;s=b.getElementsByTagName(e)[0];\n        s.parentNode.insertBefore(t,s)}(window, document,'script',\n        'https:\/\/connect.facebook.net\/en_US\/fbevents.js');\n        fbq('init', '492459597522335');\n        fbq('track', 'PageView');\n    <\/script><\/p>\n","protected":false},"excerpt":{"rendered":"<p>La Asociaci\u00f3n Cristiana de Dirigentes de Empresa (ACDE) renov\u00f3 su conducci\u00f3n y design\u00f3 un nuevo presidente para el per\u00edodo 2026-2029. El elegido para asumir esta posici\u00f3n fue V\u00edctor Valle, CEO de Pieper AI y exdirector general de Google Argentina. Licenciado en Administraci\u00f3n de Empresas y contador p\u00fablico de la Universidad Cat\u00f3lica Argentina, Valle traz\u00f3 la [&hellip;]<\/p>\n","protected":false},"author":1,"featured_media":193699,"comment_status":"closed","ping_status":"closed","sticky":false,"template":"","format":"standard","meta":{"footnotes":""},"categories":[28],"tags":[],"class_list":["post-193698","post","type-post","status-publish","format-standard","has-post-thumbnail","hentry","category-economia"],"yoast_head":"<!-- This site is optimized with the Yoast SEO plugin v24.4 - https:\/\/yoast.com\/wordpress\/plugins\/seo\/ -->\n<title>La Asociaci\u00f3n Cristiana de Dirigentes de Empresa eligi\u00f3 a V\u00edctor Valle como presidente - GYS NOTICIAS |<\/title>\n<meta name=\"robots\" content=\"index, follow, max-snippet:-1, max-image-preview:large, max-video-preview:-1\" \/>\n<link rel=\"canonical\" href=\"https:\/\/gysfm.com.ar\/inicio\/la-asociacion-cristiana-de-dirigentes-de-empresa-eligio-a-victor-valle-como-presidente\/\" \/>\n<meta property=\"og:locale\" content=\"es_ES\" \/>\n<meta property=\"og:type\" content=\"article\" \/>\n<meta property=\"og:title\" content=\"La Asociaci\u00f3n Cristiana de Dirigentes de Empresa eligi\u00f3 a V\u00edctor Valle como presidente - GYS NOTICIAS |\" \/>\n<meta property=\"og:description\" content=\"La Asociaci\u00f3n Cristiana de Dirigentes de Empresa (ACDE) renov\u00f3 su conducci\u00f3n y design\u00f3 un nuevo presidente para el per\u00edodo 2026-2029. El elegido para asumir esta posici\u00f3n fue V\u00edctor Valle, CEO de Pieper AI y exdirector general de Google Argentina. Licenciado en Administraci\u00f3n de Empresas y contador p\u00fablico de la Universidad Cat\u00f3lica Argentina, Valle traz\u00f3 la [&hellip;]\" \/>\n<meta property=\"og:url\" content=\"https:\/\/gysfm.com.ar\/inicio\/la-asociacion-cristiana-de-dirigentes-de-empresa-eligio-a-victor-valle-como-presidente\/\" \/>\n<meta property=\"og:site_name\" content=\"GYS NOTICIAS |\" \/>\n<meta property=\"article:published_time\" content=\"2026-04-29T16:24:51+00:00\" \/>\n<meta property=\"article:modified_time\" content=\"2026-04-29T16:24:52+00:00\" \/>\n<meta property=\"og:image\" content=\"https:\/\/gysfm.com.ar\/inicio\/wp-content\/uploads\/2026\/04\/victor-valle-asumio-como-presidente-en-4PJCBJAPZ5GGLATBIUYPM4RXQM.jpeg\" \/>\n\t<meta property=\"og:image:width\" content=\"1200\" \/>\n\t<meta property=\"og:image:height\" content=\"800\" \/>\n\t<meta property=\"og:image:type\" content=\"image\/jpeg\" \/>\n<meta name=\"author\" content=\"admin\" \/>\n<meta name=\"twitter:card\" content=\"summary_large_image\" \/>\n<meta name=\"twitter:label1\" content=\"Escrito por\" \/>\n\t<meta name=\"twitter:data1\" content=\"admin\" \/>\n\t<meta name=\"twitter:label2\" content=\"Tiempo de lectura\" \/>\n\t<meta name=\"twitter:data2\" content=\"2 minutos\" \/>\n<script type=\"application\/ld+json\" class=\"yoast-schema-graph\">{\"@context\":\"https:\/\/schema.org\",\"@graph\":[{\"@type\":\"Article\",\"@id\":\"https:\/\/gysfm.com.ar\/inicio\/la-asociacion-cristiana-de-dirigentes-de-empresa-eligio-a-victor-valle-como-presidente\/#article\",\"isPartOf\":{\"@id\":\"https:\/\/gysfm.com.ar\/inicio\/la-asociacion-cristiana-de-dirigentes-de-empresa-eligio-a-victor-valle-como-presidente\/\"},\"author\":{\"name\":\"admin\",\"@id\":\"https:\/\/gysfm.com.ar\/inicio\/#\/schema\/person\/5bedd7ecd35cc35548d89effafa23696\"},\"headline\":\"La Asociaci\u00f3n Cristiana de Dirigentes de Empresa eligi\u00f3 a V\u00edctor Valle como presidente\",\"datePublished\":\"2026-04-29T16:24:51+00:00\",\"dateModified\":\"2026-04-29T16:24:52+00:00\",\"mainEntityOfPage\":{\"@id\":\"https:\/\/gysfm.com.ar\/inicio\/la-asociacion-cristiana-de-dirigentes-de-empresa-eligio-a-victor-valle-como-presidente\/\"},\"wordCount\":466,\"publisher\":{\"@id\":\"https:\/\/gysfm.com.ar\/inicio\/#organization\"},\"image\":{\"@id\":\"https:\/\/gysfm.com.ar\/inicio\/la-asociacion-cristiana-de-dirigentes-de-empresa-eligio-a-victor-valle-como-presidente\/#primaryimage\"},\"thumbnailUrl\":\"https:\/\/gysfm.com.ar\/inicio\/wp-content\/uploads\/2026\/04\/victor-valle-asumio-como-presidente-en-4PJCBJAPZ5GGLATBIUYPM4RXQM.jpeg\",\"articleSection\":[\"ECONOMIA\"],\"inLanguage\":\"es\"},{\"@type\":\"WebPage\",\"@id\":\"https:\/\/gysfm.com.ar\/inicio\/la-asociacion-cristiana-de-dirigentes-de-empresa-eligio-a-victor-valle-como-presidente\/\",\"url\":\"https:\/\/gysfm.com.ar\/inicio\/la-asociacion-cristiana-de-dirigentes-de-empresa-eligio-a-victor-valle-como-presidente\/\",\"name\":\"La Asociaci\u00f3n Cristiana de Dirigentes de Empresa eligi\u00f3 a V\u00edctor Valle como presidente - GYS NOTICIAS |\",\"isPartOf\":{\"@id\":\"https:\/\/gysfm.com.ar\/inicio\/#website\"},\"primaryImageOfPage\":{\"@id\":\"https:\/\/gysfm.com.ar\/inicio\/la-asociacion-cristiana-de-dirigentes-de-empresa-eligio-a-victor-valle-como-presidente\/#primaryimage\"},\"image\":{\"@id\":\"https:\/\/gysfm.com.ar\/inicio\/la-asociacion-cristiana-de-dirigentes-de-empresa-eligio-a-victor-valle-como-presidente\/#primaryimage\"},\"thumbnailUrl\":\"https:\/\/gysfm.com.ar\/inicio\/wp-content\/uploads\/2026\/04\/victor-valle-asumio-como-presidente-en-4PJCBJAPZ5GGLATBIUYPM4RXQM.jpeg\",\"datePublished\":\"2026-04-29T16:24:51+00:00\",\"dateModified\":\"2026-04-29T16:24:52+00:00\",\"breadcrumb\":{\"@id\":\"https:\/\/gysfm.com.ar\/inicio\/la-asociacion-cristiana-de-dirigentes-de-empresa-eligio-a-victor-valle-como-presidente\/#breadcrumb\"},\"inLanguage\":\"es\",\"potentialAction\":[{\"@type\":\"ReadAction\",\"target\":[\"https:\/\/gysfm.com.ar\/inicio\/la-asociacion-cristiana-de-dirigentes-de-empresa-eligio-a-victor-valle-como-presidente\/\"]}]},{\"@type\":\"ImageObject\",\"inLanguage\":\"es\",\"@id\":\"https:\/\/gysfm.com.ar\/inicio\/la-asociacion-cristiana-de-dirigentes-de-empresa-eligio-a-victor-valle-como-presidente\/#primaryimage\",\"url\":\"https:\/\/gysfm.com.ar\/inicio\/wp-content\/uploads\/2026\/04\/victor-valle-asumio-como-presidente-en-4PJCBJAPZ5GGLATBIUYPM4RXQM.jpeg\",\"contentUrl\":\"https:\/\/gysfm.com.ar\/inicio\/wp-content\/uploads\/2026\/04\/victor-valle-asumio-como-presidente-en-4PJCBJAPZ5GGLATBIUYPM4RXQM.jpeg\",\"width\":1200,\"height\":800},{\"@type\":\"BreadcrumbList\",\"@id\":\"https:\/\/gysfm.com.ar\/inicio\/la-asociacion-cristiana-de-dirigentes-de-empresa-eligio-a-victor-valle-como-presidente\/#breadcrumb\",\"itemListElement\":[{\"@type\":\"ListItem\",\"position\":1,\"name\":\"Portada\",\"item\":\"https:\/\/gysfm.com.ar\/inicio\/\"},{\"@type\":\"ListItem\",\"position\":2,\"name\":\"La Asociaci\u00f3n Cristiana de Dirigentes de Empresa eligi\u00f3 a V\u00edctor Valle como presidente\"}]},{\"@type\":\"WebSite\",\"@id\":\"https:\/\/gysfm.com.ar\/inicio\/#website\",\"url\":\"https:\/\/gysfm.com.ar\/inicio\/\",\"name\":\"GYS NOTICIAS |\",\"description\":\"DIARIO - RADIO ONLINE SAN JUAN ARGENTINA\",\"publisher\":{\"@id\":\"https:\/\/gysfm.com.ar\/inicio\/#organization\"},\"potentialAction\":[{\"@type\":\"SearchAction\",\"target\":{\"@type\":\"EntryPoint\",\"urlTemplate\":\"https:\/\/gysfm.com.ar\/inicio\/?s={search_term_string}\"},\"query-input\":{\"@type\":\"PropertyValueSpecification\",\"valueRequired\":true,\"valueName\":\"search_term_string\"}}],\"inLanguage\":\"es\"},{\"@type\":\"Organization\",\"@id\":\"https:\/\/gysfm.com.ar\/inicio\/#organization\",\"name\":\"GYS NOTICIAS |\",\"url\":\"https:\/\/gysfm.com.ar\/inicio\/\",\"logo\":{\"@type\":\"ImageObject\",\"inLanguage\":\"es\",\"@id\":\"https:\/\/gysfm.com.ar\/inicio\/#\/schema\/logo\/image\/\",\"url\":\"https:\/\/gysfm.com.ar\/inicio\/wp-content\/uploads\/2023\/07\/LOGOGYS-OK.png\",\"contentUrl\":\"https:\/\/gysfm.com.ar\/inicio\/wp-content\/uploads\/2023\/07\/LOGOGYS-OK.png\",\"width\":1170,\"height\":872,\"caption\":\"GYS NOTICIAS |\"},\"image\":{\"@id\":\"https:\/\/gysfm.com.ar\/inicio\/#\/schema\/logo\/image\/\"}},{\"@type\":\"Person\",\"@id\":\"https:\/\/gysfm.com.ar\/inicio\/#\/schema\/person\/5bedd7ecd35cc35548d89effafa23696\",\"name\":\"admin\",\"image\":{\"@type\":\"ImageObject\",\"inLanguage\":\"es\",\"@id\":\"https:\/\/gysfm.com.ar\/inicio\/#\/schema\/person\/image\/\",\"url\":\"https:\/\/secure.gravatar.com\/avatar\/c331d312b5243fb64d5ba28108a447b27c925295129a363082c9ea52c28d32c2?s=96&d=mm&r=g\",\"contentUrl\":\"https:\/\/secure.gravatar.com\/avatar\/c331d312b5243fb64d5ba28108a447b27c925295129a363082c9ea52c28d32c2?s=96&d=mm&r=g\",\"caption\":\"admin\"},\"sameAs\":[\"https:\/\/gysfm.com.ar\/inicio\"],\"url\":\"https:\/\/gysfm.com.ar\/inicio\/author\/admin\/\"}]}<\/script>\n<!-- \/ Yoast SEO plugin. -->","yoast_head_json":{"title":"La Asociaci\u00f3n Cristiana de Dirigentes de Empresa eligi\u00f3 a V\u00edctor Valle como presidente - GYS NOTICIAS |","robots":{"index":"index","follow":"follow","max-snippet":"max-snippet:-1","max-image-preview":"max-image-preview:large","max-video-preview":"max-video-preview:-1"},"canonical":"https:\/\/gysfm.com.ar\/inicio\/la-asociacion-cristiana-de-dirigentes-de-empresa-eligio-a-victor-valle-como-presidente\/","og_locale":"es_ES","og_type":"article","og_title":"La Asociaci\u00f3n Cristiana de Dirigentes de Empresa eligi\u00f3 a V\u00edctor Valle como presidente - GYS NOTICIAS |","og_description":"La Asociaci\u00f3n Cristiana de Dirigentes de Empresa (ACDE) renov\u00f3 su conducci\u00f3n y design\u00f3 un nuevo presidente para el per\u00edodo 2026-2029. El elegido para asumir esta posici\u00f3n fue V\u00edctor Valle, CEO de Pieper AI y exdirector general de Google Argentina. Licenciado en Administraci\u00f3n de Empresas y contador p\u00fablico de la Universidad Cat\u00f3lica Argentina, Valle traz\u00f3 la [&hellip;]","og_url":"https:\/\/gysfm.com.ar\/inicio\/la-asociacion-cristiana-de-dirigentes-de-empresa-eligio-a-victor-valle-como-presidente\/","og_site_name":"GYS NOTICIAS |","article_published_time":"2026-04-29T16:24:51+00:00","article_modified_time":"2026-04-29T16:24:52+00:00","og_image":[{"width":1200,"height":800,"url":"https:\/\/gysfm.com.ar\/inicio\/wp-content\/uploads\/2026\/04\/victor-valle-asumio-como-presidente-en-4PJCBJAPZ5GGLATBIUYPM4RXQM.jpeg","type":"image\/jpeg"}],"author":"admin","twitter_card":"summary_large_image","twitter_misc":{"Escrito por":"admin","Tiempo de lectura":"2 minutos"},"schema":{"@context":"https:\/\/schema.org","@graph":[{"@type":"Article","@id":"https:\/\/gysfm.com.ar\/inicio\/la-asociacion-cristiana-de-dirigentes-de-empresa-eligio-a-victor-valle-como-presidente\/#article","isPartOf":{"@id":"https:\/\/gysfm.com.ar\/inicio\/la-asociacion-cristiana-de-dirigentes-de-empresa-eligio-a-victor-valle-como-presidente\/"},"author":{"name":"admin","@id":"https:\/\/gysfm.com.ar\/inicio\/#\/schema\/person\/5bedd7ecd35cc35548d89effafa23696"},"headline":"La Asociaci\u00f3n Cristiana de Dirigentes de Empresa eligi\u00f3 a V\u00edctor Valle como presidente","datePublished":"2026-04-29T16:24:51+00:00","dateModified":"2026-04-29T16:24:52+00:00","mainEntityOfPage":{"@id":"https:\/\/gysfm.com.ar\/inicio\/la-asociacion-cristiana-de-dirigentes-de-empresa-eligio-a-victor-valle-como-presidente\/"},"wordCount":466,"publisher":{"@id":"https:\/\/gysfm.com.ar\/inicio\/#organization"},"image":{"@id":"https:\/\/gysfm.com.ar\/inicio\/la-asociacion-cristiana-de-dirigentes-de-empresa-eligio-a-victor-valle-como-presidente\/#primaryimage"},"thumbnailUrl":"https:\/\/gysfm.com.ar\/inicio\/wp-content\/uploads\/2026\/04\/victor-valle-asumio-como-presidente-en-4PJCBJAPZ5GGLATBIUYPM4RXQM.jpeg","articleSection":["ECONOMIA"],"inLanguage":"es"},{"@type":"WebPage","@id":"https:\/\/gysfm.com.ar\/inicio\/la-asociacion-cristiana-de-dirigentes-de-empresa-eligio-a-victor-valle-como-presidente\/","url":"https:\/\/gysfm.com.ar\/inicio\/la-asociacion-cristiana-de-dirigentes-de-empresa-eligio-a-victor-valle-como-presidente\/","name":"La Asociaci\u00f3n Cristiana de Dirigentes de Empresa eligi\u00f3 a V\u00edctor Valle como presidente - GYS NOTICIAS |","isPartOf":{"@id":"https:\/\/gysfm.com.ar\/inicio\/#website"},"primaryImageOfPage":{"@id":"https:\/\/gysfm.com.ar\/inicio\/la-asociacion-cristiana-de-dirigentes-de-empresa-eligio-a-victor-valle-como-presidente\/#primaryimage"},"image":{"@id":"https:\/\/gysfm.com.ar\/inicio\/la-asociacion-cristiana-de-dirigentes-de-empresa-eligio-a-victor-valle-como-presidente\/#primaryimage"},"thumbnailUrl":"https:\/\/gysfm.com.ar\/inicio\/wp-content\/uploads\/2026\/04\/victor-valle-asumio-como-presidente-en-4PJCBJAPZ5GGLATBIUYPM4RXQM.jpeg","datePublished":"2026-04-29T16:24:51+00:00","dateModified":"2026-04-29T16:24:52+00:00","breadcrumb":{"@id":"https:\/\/gysfm.com.ar\/inicio\/la-asociacion-cristiana-de-dirigentes-de-empresa-eligio-a-victor-valle-como-presidente\/#breadcrumb"},"inLanguage":"es","potentialAction":[{"@type":"ReadAction","target":["https:\/\/gysfm.com.ar\/inicio\/la-asociacion-cristiana-de-dirigentes-de-empresa-eligio-a-victor-valle-como-presidente\/"]}]},{"@type":"ImageObject","inLanguage":"es","@id":"https:\/\/gysfm.com.ar\/inicio\/la-asociacion-cristiana-de-dirigentes-de-empresa-eligio-a-victor-valle-como-presidente\/#primaryimage","url":"https:\/\/gysfm.com.ar\/inicio\/wp-content\/uploads\/2026\/04\/victor-valle-asumio-como-presidente-en-4PJCBJAPZ5GGLATBIUYPM4RXQM.jpeg","contentUrl":"https:\/\/gysfm.com.ar\/inicio\/wp-content\/uploads\/2026\/04\/victor-valle-asumio-como-presidente-en-4PJCBJAPZ5GGLATBIUYPM4RXQM.jpeg","width":1200,"height":800},{"@type":"BreadcrumbList","@id":"https:\/\/gysfm.com.ar\/inicio\/la-asociacion-cristiana-de-dirigentes-de-empresa-eligio-a-victor-valle-como-presidente\/#breadcrumb","itemListElement":[{"@type":"ListItem","position":1,"name":"Portada","item":"https:\/\/gysfm.com.ar\/inicio\/"},{"@type":"ListItem","position":2,"name":"La Asociaci\u00f3n Cristiana de Dirigentes de Empresa eligi\u00f3 a V\u00edctor Valle como presidente"}]},{"@type":"WebSite","@id":"https:\/\/gysfm.com.ar\/inicio\/#website","url":"https:\/\/gysfm.com.ar\/inicio\/","name":"GYS NOTICIAS |","description":"DIARIO - RADIO ONLINE SAN JUAN ARGENTINA","publisher":{"@id":"https:\/\/gysfm.com.ar\/inicio\/#organization"},"potentialAction":[{"@type":"SearchAction","target":{"@type":"EntryPoint","urlTemplate":"https:\/\/gysfm.com.ar\/inicio\/?s={search_term_string}"},"query-input":{"@type":"PropertyValueSpecification","valueRequired":true,"valueName":"search_term_string"}}],"inLanguage":"es"},{"@type":"Organization","@id":"https:\/\/gysfm.com.ar\/inicio\/#organization","name":"GYS NOTICIAS |","url":"https:\/\/gysfm.com.ar\/inicio\/","logo":{"@type":"ImageObject","inLanguage":"es","@id":"https:\/\/gysfm.com.ar\/inicio\/#\/schema\/logo\/image\/","url":"https:\/\/gysfm.com.ar\/inicio\/wp-content\/uploads\/2023\/07\/LOGOGYS-OK.png","contentUrl":"https:\/\/gysfm.com.ar\/inicio\/wp-content\/uploads\/2023\/07\/LOGOGYS-OK.png","width":1170,"height":872,"caption":"GYS NOTICIAS |"},"image":{"@id":"https:\/\/gysfm.com.ar\/inicio\/#\/schema\/logo\/image\/"}},{"@type":"Person","@id":"https:\/\/gysfm.com.ar\/inicio\/#\/schema\/person\/5bedd7ecd35cc35548d89effafa23696","name":"admin","image":{"@type":"ImageObject","inLanguage":"es","@id":"https:\/\/gysfm.com.ar\/inicio\/#\/schema\/person\/image\/","url":"https:\/\/secure.gravatar.com\/avatar\/c331d312b5243fb64d5ba28108a447b27c925295129a363082c9ea52c28d32c2?s=96&d=mm&r=g","contentUrl":"https:\/\/secure.gravatar.com\/avatar\/c331d312b5243fb64d5ba28108a447b27c925295129a363082c9ea52c28d32c2?s=96&d=mm&r=g","caption":"admin"},"sameAs":["https:\/\/gysfm.com.ar\/inicio"],"url":"https:\/\/gysfm.com.ar\/inicio\/author\/admin\/"}]}},"_links":{"self":[{"href":"https:\/\/gysfm.com.ar\/inicio\/wp-json\/wp\/v2\/posts\/193698","targetHints":{"allow":["GET"]}}],"collection":[{"href":"https:\/\/gysfm.com.ar\/inicio\/wp-json\/wp\/v2\/posts"}],"about":[{"href":"https:\/\/gysfm.com.ar\/inicio\/wp-json\/wp\/v2\/types\/post"}],"author":[{"embeddable":true,"href":"https:\/\/gysfm.com.ar\/inicio\/wp-json\/wp\/v2\/users\/1"}],"replies":[{"embeddable":true,"href":"https:\/\/gysfm.com.ar\/inicio\/wp-json\/wp\/v2\/comments?post=193698"}],"version-history":[{"count":1,"href":"https:\/\/gysfm.com.ar\/inicio\/wp-json\/wp\/v2\/posts\/193698\/revisions"}],"predecessor-version":[{"id":193700,"href":"https:\/\/gysfm.com.ar\/inicio\/wp-json\/wp\/v2\/posts\/193698\/revisions\/193700"}],"wp:featuredmedia":[{"embeddable":true,"href":"https:\/\/gysfm.com.ar\/inicio\/wp-json\/wp\/v2\/media\/193699"}],"wp:attachment":[{"href":"https:\/\/gysfm.com.ar\/inicio\/wp-json\/wp\/v2\/media?parent=193698"}],"wp:term":[{"taxonomy":"category","embeddable":true,"href":"https:\/\/gysfm.com.ar\/inicio\/wp-json\/wp\/v2\/categories?post=193698"},{"taxonomy":"post_tag","embeddable":true,"href":"https:\/\/gysfm.com.ar\/inicio\/wp-json\/wp\/v2\/tags?post=193698"}],"curies":[{"name":"wp","href":"https:\/\/api.w.org\/{rel}","templated":true}]}}