{"id":193692,"date":"2026-04-29T13:18:11","date_gmt":"2026-04-29T16:18:11","guid":{"rendered":"https:\/\/gysfm.com.ar\/inicio\/habilitan-nueva-herramienta-para-importadores-que-permitira-conocer-de-antemano-el-origen-y-tratamiento-de-mercaderias\/"},"modified":"2026-04-29T13:18:11","modified_gmt":"2026-04-29T16:18:11","slug":"habilitan-nueva-herramienta-para-importadores-que-permitira-conocer-de-antemano-el-origen-y-tratamiento-de-mercaderias","status":"publish","type":"post","link":"https:\/\/gysfm.com.ar\/inicio\/habilitan-nueva-herramienta-para-importadores-que-permitira-conocer-de-antemano-el-origen-y-tratamiento-de-mercaderias\/","title":{"rendered":"habilitan nueva herramienta para importadores que permitir\u00e1 conocer de antemano el origen y tratamiento de mercader\u00edas"},"content":{"rendered":"<p> <br \/>\n<\/p>\n<div id=\"\">\n<p id=\"p-1777454003240-66184\" data-start=\"362\" data-end=\"618\">El Gobierno aprob\u00f3 el <strong>procedimiento para emitir resoluciones anticipadas en materia de origen de mercader\u00edas<\/strong>, una herramienta que permitir\u00e1 a importadores conocer de antemano el tratamiento que tendr\u00e1n sus productos al momento de ingresar al pa\u00eds.<\/p>\n<\/div>\n<div id=\"\">\n<p id=\"p-1777454003240-25466\" data-start=\"620\" data-end=\"934\">La medida fue oficializada mediante la resoluci\u00f3n 26\/2026 de la <strong data-start=\"684\" data-end=\"755\">Secretar\u00eda de Industria, Comercio y de la Peque\u00f1a y Mediana Empresa<\/strong>, dependiente del <strong data-start=\"773\" data-end=\"799\">Ministerio de Econom\u00eda<\/strong>, y establece el marco operativo para la aplicaci\u00f3n de este mecanismo previsto en el <strong data-start=\"884\" data-end=\"903\">C\u00f3digo Aduanero<\/strong> y en acuerdos internacionales.<\/p>\n<\/div>\n<div id=\"\">\n<p id=\"p-1777454003240-83800\" data-start=\"936\" data-end=\"1221\">Seg\u00fan la normativa, la resoluci\u00f3n anticipada constituye un acto administrativo vinculante que se emite a pedido del interesado antes de concretar la importaci\u00f3n, y define el <strong data-start=\"1110\" data-end=\"1167\">origen de la mercader\u00eda y el tratamiento que recibir\u00e1<\/strong>, siempre que se mantengan las condiciones declaradas.<\/p>\n<\/div>\n<div id=\"\">\n<p id=\"p-1777454003240-92073\" data-start=\"1223\" data-end=\"1485\">El nuevo esquema se enmarca en compromisos asumidos por la Argentina ante la <strong data-start=\"1300\" data-end=\"1343\">Organizaci\u00f3n Mundial del Comercio (OMC)<\/strong> y el <strong data-start=\"1349\" data-end=\"1361\">MERCOSUR<\/strong>, que obligan a los pa\u00edses a brindar mayor previsibilidad en las operaciones comerciales mediante este tipo de instrumentos.<\/p>\n<\/div>\n<div id=\"\">\n<p id=\"p-1777454003240-44963\" data-start=\"1487\" data-end=\"1763\">La reglamentaci\u00f3n fija que las solicitudes deber\u00e1n realizarse a trav\u00e9s de la plataforma <strong data-start=\"1575\" data-end=\"1605\">Tr\u00e1mites a Distancia (TAD)<\/strong> y que la autoridad competente contar\u00e1 con un plazo m\u00e1ximo de <strong data-start=\"1667\" data-end=\"1678\">30 d\u00edas<\/strong> para emitir una respuesta, una vez completada la evaluaci\u00f3n t\u00e9cnica correspondiente.<\/p>\n<\/div>\n<div id=\"\">\n<p id=\"p-1777454003240-71801\" data-start=\"1765\" data-end=\"1989\">El procedimiento estar\u00e1 a cargo de la <strong data-start=\"1803\" data-end=\"1841\">Subsecretar\u00eda de Comercio Exterior<\/strong>, que tendr\u00e1 la facultad de dictar la resoluci\u00f3n, mientras que la <strong data-start=\"1907\" data-end=\"1937\">Direcci\u00f3n de Importaciones<\/strong> ser\u00e1 responsable del an\u00e1lisis t\u00e9cnico de cada caso.<\/p>\n<p id=\"p-1777454003240-57619\" data-start=\"1991\" data-end=\"2230\">La norma tambi\u00e9n establece que la informaci\u00f3n presentada tendr\u00e1 car\u00e1cter de declaraci\u00f3n jurada y prev\u00e9 sanciones en caso de falsedad u omisi\u00f3n, adem\u00e1s de resguardar la confidencialidad de los datos sensibles aportados por los solicitantes.<\/p>\n<div contenteditable=\"false\" class=\"embed_cont type_imagen\" id=\"8009805-Libre-645671568_wrap\">\n<p>Exportacion Exportaciones Importacion Balanza Comercial Superavit <span onclick=\"parent.parent.TinyMCETdcuerpo.preview_embed('8009805-Libre-645671568')\" class=\"embed_colapse less\" id=\"8009805-Libre-645671568_colapse\"\/>  <span onclick=\"parent.parent.TinyMCETdcuerpo.delete_embed('8009805-Libre-645671568')\" class=\"embed_delete less\" id=\"8009805-Libre-645671568_delete\"\/><\/p>\n<div id=\"8009805-Libre-645671568_content\" class=\"embed_content\"><img loading=\"lazy\" decoding=\"async\" src=\"https:\/\/media.ambito.com\/p\/477ece8a6fe4c4d5e615baa10844f814\/adjuntos\/239\/imagenes\/041\/991\/0041991416\/exportacion-exportaciones-importacion-balanza-comercial-superavit.jpg?2024-11-24-19-27-49\" alt=\"\" title=\"\" width=\"690\" height=\"460\" id=\"8009805-Libre-645671568_embed\"\/><\/div><\/div>\n<p id=\"p-1777454003240-56629\" data-start=\"2232\" data-end=\"2549\">En cuanto a su alcance, la resoluci\u00f3n anticipada podr\u00e1 aplicarse tanto a mercader\u00edas con <strong data-start=\"2321\" data-end=\"2365\">origen preferencial como no preferencial<\/strong>, en funci\u00f3n de los acuerdos comerciales vigentes. En el caso de productos alcanzados por investigaciones o medidas de defensa comercial, tambi\u00e9n podr\u00e1n tramitar este tipo de consulta.<\/p>\n<p id=\"p-1777454003240-80192\" data-start=\"2551\" data-end=\"2880\">Una vez emitida, la resoluci\u00f3n tendr\u00e1 una vigencia de <strong data-start=\"2605\" data-end=\"2618\">tres a\u00f1os<\/strong> y ser\u00e1 v\u00e1lida exclusivamente para su titular. Adem\u00e1s, permitir\u00e1 cumplir con ciertos requisitos de acreditaci\u00f3n de origen en operaciones de comercio exterior, aunque no eximir\u00e1 de presentar la documentaci\u00f3n exigida en acuerdos internacionales cuando corresponda.<\/p>\n<p id=\"p-1777454003240-1868\" data-start=\"2882\" data-end=\"3169\">La normativa dispone que las resoluciones ser\u00e1n comunicadas a la <strong data-start=\"2947\" data-end=\"2979\">Direcci\u00f3n General de Aduanas<\/strong>, dependiente de la <strong data-start=\"2999\" data-end=\"3051\">Agencia de Recaudaci\u00f3n y Control Aduanero (ARCA)<\/strong>, a trav\u00e9s del sistema de la Ventanilla \u00danica de Comercio Exterior, para su validaci\u00f3n en los procesos de importaci\u00f3n.<\/p>\n<p id=\"p-1777454003240-4683\" data-start=\"3171\" data-end=\"3388\">Entre los principios que rigen el sistema, se destacan la <strong data-start=\"3229\" data-end=\"3297\">celeridad, la simplificaci\u00f3n de tr\u00e1mites y la seguridad jur\u00eddica<\/strong>, con el objetivo de facilitar el comercio y otorgar mayor previsibilidad a los operadores.<\/p>\n<p id=\"p-1777454003240-37454\" data-start=\"3390\" data-end=\"3446\" data-is-last-node=\"\" data-is-only-node=\"\">La medida entrar\u00e1 en vigencia el <strong data-start=\"3423\" data-end=\"3445\">1\u00b0 de mayo de 2026<\/strong>.<\/p>\n<\/p><\/div>\n<p><script>\n!function(f,b,e,v,n,t,s)\n{if(f.fbq)return;n=f.fbq=function(){n.callMethod?\nn.callMethod.apply(n,arguments):n.queue.push(arguments)};\nif(!f._fbq)f._fbq=n;n.push=n;n.loaded=!0;n.version='2.0';\nn.queue=[];t=b.createElement(e);t.async=!0;\nt.src=v;s=b.getElementsByTagName(e)[0];\ns.parentNode.insertBefore(t,s)}(window,document,'script',\n'https:\/\/connect.facebook.net\/en_US\/fbevents.js');\nfbq('init', '2047048335588113');\nfbq('track', 'PageView');\n<\/script><br \/>\n<br \/><\/p>\n","protected":false},"excerpt":{"rendered":"<p>El Gobierno aprob\u00f3 el procedimiento para emitir resoluciones anticipadas en materia de origen de mercader\u00edas, una herramienta que permitir\u00e1 a importadores conocer de antemano el tratamiento que tendr\u00e1n sus productos al momento de ingresar al pa\u00eds. La medida fue oficializada mediante la resoluci\u00f3n 26\/2026 de la Secretar\u00eda de Industria, Comercio y de la Peque\u00f1a y [&hellip;]<\/p>\n","protected":false},"author":1,"featured_media":168664,"comment_status":"closed","ping_status":"closed","sticky":false,"template":"","format":"standard","meta":{"footnotes":""},"categories":[28],"tags":[],"class_list":["post-193692","post","type-post","status-publish","format-standard","has-post-thumbnail","hentry","category-economia"],"yoast_head":"<!-- This site is optimized with the Yoast SEO plugin v24.4 - https:\/\/yoast.com\/wordpress\/plugins\/seo\/ -->\n<title>habilitan nueva herramienta para importadores que permitir\u00e1 conocer de antemano el origen y tratamiento de mercader\u00edas - GYS NOTICIAS |<\/title>\n<meta name=\"robots\" content=\"index, follow, max-snippet:-1, max-image-preview:large, max-video-preview:-1\" \/>\n<link rel=\"canonical\" href=\"https:\/\/gysfm.com.ar\/inicio\/habilitan-nueva-herramienta-para-importadores-que-permitira-conocer-de-antemano-el-origen-y-tratamiento-de-mercaderias\/\" \/>\n<meta property=\"og:locale\" content=\"es_ES\" \/>\n<meta property=\"og:type\" content=\"article\" \/>\n<meta property=\"og:title\" content=\"habilitan nueva herramienta para importadores que permitir\u00e1 conocer de antemano el origen y tratamiento de mercader\u00edas - GYS NOTICIAS |\" \/>\n<meta property=\"og:description\" content=\"El Gobierno aprob\u00f3 el procedimiento para emitir resoluciones anticipadas en materia de origen de mercader\u00edas, una herramienta que permitir\u00e1 a importadores conocer de antemano el tratamiento que tendr\u00e1n sus productos al momento de ingresar al pa\u00eds. La medida fue oficializada mediante la resoluci\u00f3n 26\/2026 de la Secretar\u00eda de Industria, Comercio y de la Peque\u00f1a y [&hellip;]\" \/>\n<meta property=\"og:url\" content=\"https:\/\/gysfm.com.ar\/inicio\/habilitan-nueva-herramienta-para-importadores-que-permitira-conocer-de-antemano-el-origen-y-tratamiento-de-mercaderias\/\" \/>\n<meta property=\"og:site_name\" content=\"GYS NOTICIAS |\" \/>\n<meta property=\"article:published_time\" content=\"2026-04-29T16:18:11+00:00\" \/>\n<meta property=\"og:image\" content=\"https:\/\/media.ambito.com\/p\/477ece8a6fe4c4d5e615baa10844f814\/adjuntos\/239\/imagenes\/041\/991\/0041991416\/exportacion-exportaciones-importacion-balanza-comercial-superavit.jpg?2024-11-24-19-27-49\" \/>\n<meta name=\"author\" content=\"admin\" \/>\n<meta name=\"twitter:card\" content=\"summary_large_image\" \/>\n<meta name=\"twitter:label1\" content=\"Escrito por\" \/>\n\t<meta name=\"twitter:data1\" content=\"admin\" \/>\n\t<meta name=\"twitter:label2\" content=\"Tiempo de lectura\" \/>\n\t<meta name=\"twitter:data2\" content=\"3 minutos\" \/>\n<script type=\"application\/ld+json\" class=\"yoast-schema-graph\">{\"@context\":\"https:\/\/schema.org\",\"@graph\":[{\"@type\":\"Article\",\"@id\":\"https:\/\/gysfm.com.ar\/inicio\/habilitan-nueva-herramienta-para-importadores-que-permitira-conocer-de-antemano-el-origen-y-tratamiento-de-mercaderias\/#article\",\"isPartOf\":{\"@id\":\"https:\/\/gysfm.com.ar\/inicio\/habilitan-nueva-herramienta-para-importadores-que-permitira-conocer-de-antemano-el-origen-y-tratamiento-de-mercaderias\/\"},\"author\":{\"name\":\"admin\",\"@id\":\"https:\/\/gysfm.com.ar\/inicio\/#\/schema\/person\/5bedd7ecd35cc35548d89effafa23696\"},\"headline\":\"habilitan nueva herramienta para importadores que permitir\u00e1 conocer de antemano el origen y tratamiento de mercader\u00edas\",\"datePublished\":\"2026-04-29T16:18:11+00:00\",\"mainEntityOfPage\":{\"@id\":\"https:\/\/gysfm.com.ar\/inicio\/habilitan-nueva-herramienta-para-importadores-que-permitira-conocer-de-antemano-el-origen-y-tratamiento-de-mercaderias\/\"},\"wordCount\":526,\"publisher\":{\"@id\":\"https:\/\/gysfm.com.ar\/inicio\/#organization\"},\"image\":{\"@id\":\"https:\/\/gysfm.com.ar\/inicio\/habilitan-nueva-herramienta-para-importadores-que-permitira-conocer-de-antemano-el-origen-y-tratamiento-de-mercaderias\/#primaryimage\"},\"thumbnailUrl\":\"https:\/\/gysfm.com.ar\/inicio\/wp-content\/uploads\/2025\/12\/importaciones-1.jpeg\",\"articleSection\":[\"ECONOMIA\"],\"inLanguage\":\"es\"},{\"@type\":\"WebPage\",\"@id\":\"https:\/\/gysfm.com.ar\/inicio\/habilitan-nueva-herramienta-para-importadores-que-permitira-conocer-de-antemano-el-origen-y-tratamiento-de-mercaderias\/\",\"url\":\"https:\/\/gysfm.com.ar\/inicio\/habilitan-nueva-herramienta-para-importadores-que-permitira-conocer-de-antemano-el-origen-y-tratamiento-de-mercaderias\/\",\"name\":\"habilitan nueva herramienta para importadores que permitir\u00e1 conocer de antemano el origen y tratamiento de mercader\u00edas - GYS NOTICIAS |\",\"isPartOf\":{\"@id\":\"https:\/\/gysfm.com.ar\/inicio\/#website\"},\"primaryImageOfPage\":{\"@id\":\"https:\/\/gysfm.com.ar\/inicio\/habilitan-nueva-herramienta-para-importadores-que-permitira-conocer-de-antemano-el-origen-y-tratamiento-de-mercaderias\/#primaryimage\"},\"image\":{\"@id\":\"https:\/\/gysfm.com.ar\/inicio\/habilitan-nueva-herramienta-para-importadores-que-permitira-conocer-de-antemano-el-origen-y-tratamiento-de-mercaderias\/#primaryimage\"},\"thumbnailUrl\":\"https:\/\/gysfm.com.ar\/inicio\/wp-content\/uploads\/2025\/12\/importaciones-1.jpeg\",\"datePublished\":\"2026-04-29T16:18:11+00:00\",\"breadcrumb\":{\"@id\":\"https:\/\/gysfm.com.ar\/inicio\/habilitan-nueva-herramienta-para-importadores-que-permitira-conocer-de-antemano-el-origen-y-tratamiento-de-mercaderias\/#breadcrumb\"},\"inLanguage\":\"es\",\"potentialAction\":[{\"@type\":\"ReadAction\",\"target\":[\"https:\/\/gysfm.com.ar\/inicio\/habilitan-nueva-herramienta-para-importadores-que-permitira-conocer-de-antemano-el-origen-y-tratamiento-de-mercaderias\/\"]}]},{\"@type\":\"ImageObject\",\"inLanguage\":\"es\",\"@id\":\"https:\/\/gysfm.com.ar\/inicio\/habilitan-nueva-herramienta-para-importadores-que-permitira-conocer-de-antemano-el-origen-y-tratamiento-de-mercaderias\/#primaryimage\",\"url\":\"https:\/\/gysfm.com.ar\/inicio\/wp-content\/uploads\/2025\/12\/importaciones-1.jpeg\",\"contentUrl\":\"https:\/\/gysfm.com.ar\/inicio\/wp-content\/uploads\/2025\/12\/importaciones-1.jpeg\",\"width\":1200,\"height\":675},{\"@type\":\"BreadcrumbList\",\"@id\":\"https:\/\/gysfm.com.ar\/inicio\/habilitan-nueva-herramienta-para-importadores-que-permitira-conocer-de-antemano-el-origen-y-tratamiento-de-mercaderias\/#breadcrumb\",\"itemListElement\":[{\"@type\":\"ListItem\",\"position\":1,\"name\":\"Portada\",\"item\":\"https:\/\/gysfm.com.ar\/inicio\/\"},{\"@type\":\"ListItem\",\"position\":2,\"name\":\"habilitan nueva herramienta para importadores que permitir\u00e1 conocer de antemano el origen y tratamiento de mercader\u00edas\"}]},{\"@type\":\"WebSite\",\"@id\":\"https:\/\/gysfm.com.ar\/inicio\/#website\",\"url\":\"https:\/\/gysfm.com.ar\/inicio\/\",\"name\":\"GYS NOTICIAS |\",\"description\":\"DIARIO - RADIO ONLINE SAN JUAN ARGENTINA\",\"publisher\":{\"@id\":\"https:\/\/gysfm.com.ar\/inicio\/#organization\"},\"potentialAction\":[{\"@type\":\"SearchAction\",\"target\":{\"@type\":\"EntryPoint\",\"urlTemplate\":\"https:\/\/gysfm.com.ar\/inicio\/?s={search_term_string}\"},\"query-input\":{\"@type\":\"PropertyValueSpecification\",\"valueRequired\":true,\"valueName\":\"search_term_string\"}}],\"inLanguage\":\"es\"},{\"@type\":\"Organization\",\"@id\":\"https:\/\/gysfm.com.ar\/inicio\/#organization\",\"name\":\"GYS NOTICIAS |\",\"url\":\"https:\/\/gysfm.com.ar\/inicio\/\",\"logo\":{\"@type\":\"ImageObject\",\"inLanguage\":\"es\",\"@id\":\"https:\/\/gysfm.com.ar\/inicio\/#\/schema\/logo\/image\/\",\"url\":\"https:\/\/gysfm.com.ar\/inicio\/wp-content\/uploads\/2023\/07\/LOGOGYS-OK.png\",\"contentUrl\":\"https:\/\/gysfm.com.ar\/inicio\/wp-content\/uploads\/2023\/07\/LOGOGYS-OK.png\",\"width\":1170,\"height\":872,\"caption\":\"GYS NOTICIAS |\"},\"image\":{\"@id\":\"https:\/\/gysfm.com.ar\/inicio\/#\/schema\/logo\/image\/\"}},{\"@type\":\"Person\",\"@id\":\"https:\/\/gysfm.com.ar\/inicio\/#\/schema\/person\/5bedd7ecd35cc35548d89effafa23696\",\"name\":\"admin\",\"image\":{\"@type\":\"ImageObject\",\"inLanguage\":\"es\",\"@id\":\"https:\/\/gysfm.com.ar\/inicio\/#\/schema\/person\/image\/\",\"url\":\"https:\/\/secure.gravatar.com\/avatar\/c331d312b5243fb64d5ba28108a447b27c925295129a363082c9ea52c28d32c2?s=96&d=mm&r=g\",\"contentUrl\":\"https:\/\/secure.gravatar.com\/avatar\/c331d312b5243fb64d5ba28108a447b27c925295129a363082c9ea52c28d32c2?s=96&d=mm&r=g\",\"caption\":\"admin\"},\"sameAs\":[\"https:\/\/gysfm.com.ar\/inicio\"],\"url\":\"https:\/\/gysfm.com.ar\/inicio\/author\/admin\/\"}]}<\/script>\n<!-- \/ Yoast SEO plugin. -->","yoast_head_json":{"title":"habilitan nueva herramienta para importadores que permitir\u00e1 conocer de antemano el origen y tratamiento de mercader\u00edas - GYS NOTICIAS |","robots":{"index":"index","follow":"follow","max-snippet":"max-snippet:-1","max-image-preview":"max-image-preview:large","max-video-preview":"max-video-preview:-1"},"canonical":"https:\/\/gysfm.com.ar\/inicio\/habilitan-nueva-herramienta-para-importadores-que-permitira-conocer-de-antemano-el-origen-y-tratamiento-de-mercaderias\/","og_locale":"es_ES","og_type":"article","og_title":"habilitan nueva herramienta para importadores que permitir\u00e1 conocer de antemano el origen y tratamiento de mercader\u00edas - GYS NOTICIAS |","og_description":"El Gobierno aprob\u00f3 el procedimiento para emitir resoluciones anticipadas en materia de origen de mercader\u00edas, una herramienta que permitir\u00e1 a importadores conocer de antemano el tratamiento que tendr\u00e1n sus productos al momento de ingresar al pa\u00eds. La medida fue oficializada mediante la resoluci\u00f3n 26\/2026 de la Secretar\u00eda de Industria, Comercio y de la Peque\u00f1a y [&hellip;]","og_url":"https:\/\/gysfm.com.ar\/inicio\/habilitan-nueva-herramienta-para-importadores-que-permitira-conocer-de-antemano-el-origen-y-tratamiento-de-mercaderias\/","og_site_name":"GYS NOTICIAS |","article_published_time":"2026-04-29T16:18:11+00:00","og_image":[{"url":"https:\/\/media.ambito.com\/p\/477ece8a6fe4c4d5e615baa10844f814\/adjuntos\/239\/imagenes\/041\/991\/0041991416\/exportacion-exportaciones-importacion-balanza-comercial-superavit.jpg?2024-11-24-19-27-49","type":"","width":"","height":""}],"author":"admin","twitter_card":"summary_large_image","twitter_misc":{"Escrito por":"admin","Tiempo de lectura":"3 minutos"},"schema":{"@context":"https:\/\/schema.org","@graph":[{"@type":"Article","@id":"https:\/\/gysfm.com.ar\/inicio\/habilitan-nueva-herramienta-para-importadores-que-permitira-conocer-de-antemano-el-origen-y-tratamiento-de-mercaderias\/#article","isPartOf":{"@id":"https:\/\/gysfm.com.ar\/inicio\/habilitan-nueva-herramienta-para-importadores-que-permitira-conocer-de-antemano-el-origen-y-tratamiento-de-mercaderias\/"},"author":{"name":"admin","@id":"https:\/\/gysfm.com.ar\/inicio\/#\/schema\/person\/5bedd7ecd35cc35548d89effafa23696"},"headline":"habilitan nueva herramienta para importadores que permitir\u00e1 conocer de antemano el origen y tratamiento de mercader\u00edas","datePublished":"2026-04-29T16:18:11+00:00","mainEntityOfPage":{"@id":"https:\/\/gysfm.com.ar\/inicio\/habilitan-nueva-herramienta-para-importadores-que-permitira-conocer-de-antemano-el-origen-y-tratamiento-de-mercaderias\/"},"wordCount":526,"publisher":{"@id":"https:\/\/gysfm.com.ar\/inicio\/#organization"},"image":{"@id":"https:\/\/gysfm.com.ar\/inicio\/habilitan-nueva-herramienta-para-importadores-que-permitira-conocer-de-antemano-el-origen-y-tratamiento-de-mercaderias\/#primaryimage"},"thumbnailUrl":"https:\/\/gysfm.com.ar\/inicio\/wp-content\/uploads\/2025\/12\/importaciones-1.jpeg","articleSection":["ECONOMIA"],"inLanguage":"es"},{"@type":"WebPage","@id":"https:\/\/gysfm.com.ar\/inicio\/habilitan-nueva-herramienta-para-importadores-que-permitira-conocer-de-antemano-el-origen-y-tratamiento-de-mercaderias\/","url":"https:\/\/gysfm.com.ar\/inicio\/habilitan-nueva-herramienta-para-importadores-que-permitira-conocer-de-antemano-el-origen-y-tratamiento-de-mercaderias\/","name":"habilitan nueva herramienta para importadores que permitir\u00e1 conocer de antemano el origen y tratamiento de mercader\u00edas - GYS NOTICIAS |","isPartOf":{"@id":"https:\/\/gysfm.com.ar\/inicio\/#website"},"primaryImageOfPage":{"@id":"https:\/\/gysfm.com.ar\/inicio\/habilitan-nueva-herramienta-para-importadores-que-permitira-conocer-de-antemano-el-origen-y-tratamiento-de-mercaderias\/#primaryimage"},"image":{"@id":"https:\/\/gysfm.com.ar\/inicio\/habilitan-nueva-herramienta-para-importadores-que-permitira-conocer-de-antemano-el-origen-y-tratamiento-de-mercaderias\/#primaryimage"},"thumbnailUrl":"https:\/\/gysfm.com.ar\/inicio\/wp-content\/uploads\/2025\/12\/importaciones-1.jpeg","datePublished":"2026-04-29T16:18:11+00:00","breadcrumb":{"@id":"https:\/\/gysfm.com.ar\/inicio\/habilitan-nueva-herramienta-para-importadores-que-permitira-conocer-de-antemano-el-origen-y-tratamiento-de-mercaderias\/#breadcrumb"},"inLanguage":"es","potentialAction":[{"@type":"ReadAction","target":["https:\/\/gysfm.com.ar\/inicio\/habilitan-nueva-herramienta-para-importadores-que-permitira-conocer-de-antemano-el-origen-y-tratamiento-de-mercaderias\/"]}]},{"@type":"ImageObject","inLanguage":"es","@id":"https:\/\/gysfm.com.ar\/inicio\/habilitan-nueva-herramienta-para-importadores-que-permitira-conocer-de-antemano-el-origen-y-tratamiento-de-mercaderias\/#primaryimage","url":"https:\/\/gysfm.com.ar\/inicio\/wp-content\/uploads\/2025\/12\/importaciones-1.jpeg","contentUrl":"https:\/\/gysfm.com.ar\/inicio\/wp-content\/uploads\/2025\/12\/importaciones-1.jpeg","width":1200,"height":675},{"@type":"BreadcrumbList","@id":"https:\/\/gysfm.com.ar\/inicio\/habilitan-nueva-herramienta-para-importadores-que-permitira-conocer-de-antemano-el-origen-y-tratamiento-de-mercaderias\/#breadcrumb","itemListElement":[{"@type":"ListItem","position":1,"name":"Portada","item":"https:\/\/gysfm.com.ar\/inicio\/"},{"@type":"ListItem","position":2,"name":"habilitan nueva herramienta para importadores que permitir\u00e1 conocer de antemano el origen y tratamiento de mercader\u00edas"}]},{"@type":"WebSite","@id":"https:\/\/gysfm.com.ar\/inicio\/#website","url":"https:\/\/gysfm.com.ar\/inicio\/","name":"GYS NOTICIAS |","description":"DIARIO - RADIO ONLINE SAN JUAN ARGENTINA","publisher":{"@id":"https:\/\/gysfm.com.ar\/inicio\/#organization"},"potentialAction":[{"@type":"SearchAction","target":{"@type":"EntryPoint","urlTemplate":"https:\/\/gysfm.com.ar\/inicio\/?s={search_term_string}"},"query-input":{"@type":"PropertyValueSpecification","valueRequired":true,"valueName":"search_term_string"}}],"inLanguage":"es"},{"@type":"Organization","@id":"https:\/\/gysfm.com.ar\/inicio\/#organization","name":"GYS NOTICIAS |","url":"https:\/\/gysfm.com.ar\/inicio\/","logo":{"@type":"ImageObject","inLanguage":"es","@id":"https:\/\/gysfm.com.ar\/inicio\/#\/schema\/logo\/image\/","url":"https:\/\/gysfm.com.ar\/inicio\/wp-content\/uploads\/2023\/07\/LOGOGYS-OK.png","contentUrl":"https:\/\/gysfm.com.ar\/inicio\/wp-content\/uploads\/2023\/07\/LOGOGYS-OK.png","width":1170,"height":872,"caption":"GYS NOTICIAS |"},"image":{"@id":"https:\/\/gysfm.com.ar\/inicio\/#\/schema\/logo\/image\/"}},{"@type":"Person","@id":"https:\/\/gysfm.com.ar\/inicio\/#\/schema\/person\/5bedd7ecd35cc35548d89effafa23696","name":"admin","image":{"@type":"ImageObject","inLanguage":"es","@id":"https:\/\/gysfm.com.ar\/inicio\/#\/schema\/person\/image\/","url":"https:\/\/secure.gravatar.com\/avatar\/c331d312b5243fb64d5ba28108a447b27c925295129a363082c9ea52c28d32c2?s=96&d=mm&r=g","contentUrl":"https:\/\/secure.gravatar.com\/avatar\/c331d312b5243fb64d5ba28108a447b27c925295129a363082c9ea52c28d32c2?s=96&d=mm&r=g","caption":"admin"},"sameAs":["https:\/\/gysfm.com.ar\/inicio"],"url":"https:\/\/gysfm.com.ar\/inicio\/author\/admin\/"}]}},"_links":{"self":[{"href":"https:\/\/gysfm.com.ar\/inicio\/wp-json\/wp\/v2\/posts\/193692","targetHints":{"allow":["GET"]}}],"collection":[{"href":"https:\/\/gysfm.com.ar\/inicio\/wp-json\/wp\/v2\/posts"}],"about":[{"href":"https:\/\/gysfm.com.ar\/inicio\/wp-json\/wp\/v2\/types\/post"}],"author":[{"embeddable":true,"href":"https:\/\/gysfm.com.ar\/inicio\/wp-json\/wp\/v2\/users\/1"}],"replies":[{"embeddable":true,"href":"https:\/\/gysfm.com.ar\/inicio\/wp-json\/wp\/v2\/comments?post=193692"}],"version-history":[{"count":0,"href":"https:\/\/gysfm.com.ar\/inicio\/wp-json\/wp\/v2\/posts\/193692\/revisions"}],"wp:featuredmedia":[{"embeddable":true,"href":"https:\/\/gysfm.com.ar\/inicio\/wp-json\/wp\/v2\/media\/168664"}],"wp:attachment":[{"href":"https:\/\/gysfm.com.ar\/inicio\/wp-json\/wp\/v2\/media?parent=193692"}],"wp:term":[{"taxonomy":"category","embeddable":true,"href":"https:\/\/gysfm.com.ar\/inicio\/wp-json\/wp\/v2\/categories?post=193692"},{"taxonomy":"post_tag","embeddable":true,"href":"https:\/\/gysfm.com.ar\/inicio\/wp-json\/wp\/v2\/tags?post=193692"}],"curies":[{"name":"wp","href":"https:\/\/api.w.org\/{rel}","templated":true}]}}